{"id":197391,"date":"2024-12-11T15:15:24","date_gmt":"2024-12-11T18:15:24","guid":{"rendered":"https:\/\/www.gaveanews.com\/?p=197391"},"modified":"2024-12-11T14:05:52","modified_gmt":"2024-12-11T17:05:52","slug":"pablo-maia-rodrigo-nestor-ferreirinha-william-gomes-lucas-moura-galoppo-alan-franco-marcos-antonio-andre-silva-e-welington-os-jogadores-mais-valiosos-do-sao-paulo","status":"publish","type":"post","link":"https:\/\/www.gaveanews.com\/index.php\/2024\/12\/11\/pablo-maia-rodrigo-nestor-ferreirinha-william-gomes-lucas-moura-galoppo-alan-franco-marcos-antonio-andre-silva-e-welington-os-jogadores-mais-valiosos-do-sao-paulo\/","title":{"rendered":"Pablo Maia, Rodrigo Nestor, Ferreirinha, William Gomes, Lucas Moura, Galoppo, Alan Franco, Marcos Ant\u00f4nio, Andr\u00e9 Silva e Welington: os jogadores mais valiosos do S\u00e3o Paulo"},"content":{"rendered":"\n<p>Com o fim da temporada, as especula\u00e7\u00f5es de transfer\u00eancias dos atletas tomam conta do dia a dia dos clubes e tamb\u00e9m da imprensa. Pensando no ano seguinte, \u00e9 importante iniciar o planejamento desde j\u00e1.<\/p>\n\n\n\n<ul class=\"wp-block-list\">\n<li><a href=\"https:\/\/www.gaveanews.com\/index.php\/2024\/12\/10\/veja-quais-jogadores-ganharam-o-premio-bola-de-prata\/\">Veja quais jogadores ganharam o Pr\u00eamio Bola de Prata<\/a><\/li>\n\n\n\n<li><a href=\"https:\/\/www.gaveanews.com\/index.php\/2024\/12\/10\/declaracao-de-neto-recado-de-zubeldia-e-situacao-de-galoppo-as-ultimas-noticias-do-sao-paulo\/\">Declara\u00e7\u00e3o de Neto, recado de Zubeld\u00eda e situa\u00e7\u00e3o de Galoppo: as \u00faltimas not\u00edcias do S\u00e3o Paulo<\/a><\/li>\n<\/ul>\n\n\n\n<p>Uma das melhores formas de entender como os clubes v\u00e3o avan\u00e7ar nas negocia\u00e7\u00f5es \u00e9 necess\u00e1rio saber quanto cada um custa e o quanto ele se valorizou ao decorrer do \u00faltimo ano. Nesse cen\u00e1rio, o G\u00e1vea News elencou o top-10 atletas mais valiosos do S\u00e3o Paulo. Os dados foram retirados do site &#8220;Transfermarkt&#8221;.<\/p>\n\n\n\n<h2 class=\"wp-block-heading\" id=\"h-welington\">Welington <\/h2>\n\n\n\n<figure class=\"wp-block-image size-full\"><img loading=\"lazy\" decoding=\"async\" width=\"1080\" height=\"1080\" src=\"https:\/\/www.gaveanews.com\/wp-content\/uploads\/Welington-em-acao-pelo-Sao-Paulo.webp\" alt=\"\" class=\"wp-image-150109\" srcset=\"https:\/\/www.gaveanews.com\/wp-content\/uploads\/Welington-em-acao-pelo-Sao-Paulo.webp 1080w, https:\/\/www.gaveanews.com\/wp-content\/uploads\/Welington-em-acao-pelo-Sao-Paulo-300x300.webp 300w, https:\/\/www.gaveanews.com\/wp-content\/uploads\/Welington-em-acao-pelo-Sao-Paulo-1024x1024.webp 1024w, https:\/\/www.gaveanews.com\/wp-content\/uploads\/Welington-em-acao-pelo-Sao-Paulo-150x150.webp 150w, https:\/\/www.gaveanews.com\/wp-content\/uploads\/Welington-em-acao-pelo-Sao-Paulo-768x768.webp 768w, https:\/\/www.gaveanews.com\/wp-content\/uploads\/Welington-em-acao-pelo-Sao-Paulo-420x420.webp 420w, https:\/\/www.gaveanews.com\/wp-content\/uploads\/Welington-em-acao-pelo-Sao-Paulo-840x840.webp 840w, https:\/\/www.gaveanews.com\/wp-content\/uploads\/Welington-em-acao-pelo-Sao-Paulo-640x640.webp 640w, https:\/\/www.gaveanews.com\/wp-content\/uploads\/Welington-em-acao-pelo-Sao-Paulo-681x681.webp 681w, https:\/\/www.gaveanews.com\/wp-content\/uploads\/Welington-em-acao-pelo-Sao-Paulo-100x100.webp 100w\" sizes=\"auto, (max-width: 1080px) 100vw, 1080px\" \/><figcaption class=\"wp-element-caption\">Welington em a\u00e7\u00e3o pelo S\u00e3o Paulo (Foto: Reprodu\u00e7\u00e3o\/Instagram)<\/figcaption><\/figure>\n\n\n\n<p>Welington abre a lista do S\u00e3o Paulo e aparece em d\u00e9cimo lugar, com os direitos econ\u00f4micos avaliados na casa dos 3.5 milh\u00f5es de euros, cerca de 22,2 milh\u00f5es de reais. O lateral-esquerdo est\u00e1 ligado ao clube at\u00e9 o fim de 2024.<\/p>\n\n\n\n<h2 class=\"wp-block-heading\" id=\"h-andre-silva\">Andr\u00e9 Silva<\/h2>\n\n\n\n<figure class=\"wp-block-image size-full\"><img loading=\"lazy\" decoding=\"async\" width=\"984\" height=\"768\" src=\"https:\/\/www.gaveanews.com\/wp-content\/uploads\/Andre-Silva-anunciado-pelo-Sao-Paulo.webp\" alt=\"\" class=\"wp-image-173176\" srcset=\"https:\/\/www.gaveanews.com\/wp-content\/uploads\/Andre-Silva-anunciado-pelo-Sao-Paulo.webp 984w, https:\/\/www.gaveanews.com\/wp-content\/uploads\/Andre-Silva-anunciado-pelo-Sao-Paulo-300x234.webp 300w, https:\/\/www.gaveanews.com\/wp-content\/uploads\/Andre-Silva-anunciado-pelo-Sao-Paulo-768x599.webp 768w, https:\/\/www.gaveanews.com\/wp-content\/uploads\/Andre-Silva-anunciado-pelo-Sao-Paulo-538x420.webp 538w, https:\/\/www.gaveanews.com\/wp-content\/uploads\/Andre-Silva-anunciado-pelo-Sao-Paulo-640x500.webp 640w, https:\/\/www.gaveanews.com\/wp-content\/uploads\/Andre-Silva-anunciado-pelo-Sao-Paulo-681x532.webp 681w, https:\/\/www.gaveanews.com\/wp-content\/uploads\/Andre-Silva-anunciado-pelo-Sao-Paulo-511x400.webp 511w, https:\/\/www.gaveanews.com\/wp-content\/uploads\/Andre-Silva-anunciado-pelo-Sao-Paulo-100x78.webp 100w\" sizes=\"auto, (max-width: 984px) 100vw, 984px\" \/><figcaption class=\"wp-element-caption\">Andr\u00e9 Silva anunciado pelo S\u00e3o Paulo (Foto: Reprodu\u00e7\u00e3o)<\/figcaption><\/figure>\n\n\n\n<p>Andr\u00e9 Silva vem logo na sequ\u00eancia, avaliado em 3.5 milh\u00f5es de euros, cerca de 22,2 milh\u00f5es de reais. O centroavante pertence ao S\u00e3o Paulo at\u00e9 dezembro de 2027.<\/p>\n\n\n\n<h2 class=\"wp-block-heading\" id=\"h-marcos-antonio\">Marcos Ant\u00f4nio<\/h2>\n\n\n\n<figure class=\"wp-block-image size-full\"><img loading=\"lazy\" decoding=\"async\" width=\"1242\" height=\"1550\" src=\"https:\/\/www.gaveanews.com\/wp-content\/uploads\/imagem_2024-07-25_161825956.webp\" alt=\"\" class=\"wp-image-154553\" srcset=\"https:\/\/www.gaveanews.com\/wp-content\/uploads\/imagem_2024-07-25_161825956.webp 1242w, https:\/\/www.gaveanews.com\/wp-content\/uploads\/imagem_2024-07-25_161825956-240x300.webp 240w, https:\/\/www.gaveanews.com\/wp-content\/uploads\/imagem_2024-07-25_161825956-821x1024.webp 821w, https:\/\/www.gaveanews.com\/wp-content\/uploads\/imagem_2024-07-25_161825956-768x958.webp 768w, https:\/\/www.gaveanews.com\/wp-content\/uploads\/imagem_2024-07-25_161825956-1231x1536.webp 1231w, https:\/\/www.gaveanews.com\/wp-content\/uploads\/imagem_2024-07-25_161825956-337x420.webp 337w, https:\/\/www.gaveanews.com\/wp-content\/uploads\/imagem_2024-07-25_161825956-673x840.webp 673w, https:\/\/www.gaveanews.com\/wp-content\/uploads\/imagem_2024-07-25_161825956-640x799.webp 640w, https:\/\/www.gaveanews.com\/wp-content\/uploads\/imagem_2024-07-25_161825956-681x850.webp 681w, https:\/\/www.gaveanews.com\/wp-content\/uploads\/imagem_2024-07-25_161825956-100x125.webp 100w\" sizes=\"auto, (max-width: 1242px) 100vw, 1242px\" \/><figcaption class=\"wp-element-caption\">Marcos Ant\u00f4nio com a camisa do S\u00e3o Paulo em 2024 (Foto: Reprodu\u00e7\u00e3o\/S\u00e3o Paulo)<\/figcaption><\/figure>\n\n\n\n<p>Marcos Ant\u00f4nio \u00e9 meio-campista e foi avaliado em 3.5 milh\u00f5es de euros, cerca de 22,2 milh\u00f5es de reais. O atleta tem v\u00ednculo at\u00e9 junho de 2025.<\/p>\n\n\n\n<h2 class=\"wp-block-heading\" id=\"h-alan-franco\">Alan Franco<\/h2>\n\n\n\n<figure class=\"wp-block-image size-full\"><img loading=\"lazy\" decoding=\"async\" width=\"984\" height=\"905\" src=\"https:\/\/www.gaveanews.com\/wp-content\/uploads\/Alan-Franco-e-apresentado-pelo-Sao-Paulo.webp\" alt=\"\" class=\"wp-image-170687\" srcset=\"https:\/\/www.gaveanews.com\/wp-content\/uploads\/Alan-Franco-e-apresentado-pelo-Sao-Paulo.webp 984w, https:\/\/www.gaveanews.com\/wp-content\/uploads\/Alan-Franco-e-apresentado-pelo-Sao-Paulo-300x276.webp 300w, https:\/\/www.gaveanews.com\/wp-content\/uploads\/Alan-Franco-e-apresentado-pelo-Sao-Paulo-768x706.webp 768w, https:\/\/www.gaveanews.com\/wp-content\/uploads\/Alan-Franco-e-apresentado-pelo-Sao-Paulo-457x420.webp 457w, https:\/\/www.gaveanews.com\/wp-content\/uploads\/Alan-Franco-e-apresentado-pelo-Sao-Paulo-913x840.webp 913w, https:\/\/www.gaveanews.com\/wp-content\/uploads\/Alan-Franco-e-apresentado-pelo-Sao-Paulo-640x589.webp 640w, https:\/\/www.gaveanews.com\/wp-content\/uploads\/Alan-Franco-e-apresentado-pelo-Sao-Paulo-681x626.webp 681w, https:\/\/www.gaveanews.com\/wp-content\/uploads\/Alan-Franco-e-apresentado-pelo-Sao-Paulo-100x92.webp 100w\" sizes=\"auto, (max-width: 984px) 100vw, 984px\" \/><figcaption class=\"wp-element-caption\">Alan Franco \u00e9 apresentado pelo S\u00e3o Paulo (Foto: Rubens Chiri \/ saopaulofc)<\/figcaption><\/figure>\n\n\n\n<p>Alan Franco est\u00e1 cima do valor de mercado de Marcos Ant\u00f4nio, com valores na casa dos 4 milh\u00f5es de euros, cerca de 25,4 milh\u00f5es de reais. O zagueiro tem contrato at\u00e9 dezembro de 2025.<\/p>\n\n\n\n<h2 class=\"wp-block-heading\" id=\"h-galoppo\">Galoppo<\/h2>\n\n\n\n<figure class=\"wp-block-image size-full\"><img loading=\"lazy\" decoding=\"async\" width=\"1080\" height=\"1350\" src=\"https:\/\/www.gaveanews.com\/wp-content\/uploads\/Galoppo-em-acao-pelo-Sao-Paulo.webp\" alt=\"\" class=\"wp-image-142730\" srcset=\"https:\/\/www.gaveanews.com\/wp-content\/uploads\/Galoppo-em-acao-pelo-Sao-Paulo.webp 1080w, https:\/\/www.gaveanews.com\/wp-content\/uploads\/Galoppo-em-acao-pelo-Sao-Paulo-240x300.webp 240w, https:\/\/www.gaveanews.com\/wp-content\/uploads\/Galoppo-em-acao-pelo-Sao-Paulo-819x1024.webp 819w, https:\/\/www.gaveanews.com\/wp-content\/uploads\/Galoppo-em-acao-pelo-Sao-Paulo-768x960.webp 768w, https:\/\/www.gaveanews.com\/wp-content\/uploads\/Galoppo-em-acao-pelo-Sao-Paulo-336x420.webp 336w, https:\/\/www.gaveanews.com\/wp-content\/uploads\/Galoppo-em-acao-pelo-Sao-Paulo-672x840.webp 672w, https:\/\/www.gaveanews.com\/wp-content\/uploads\/Galoppo-em-acao-pelo-Sao-Paulo-640x800.webp 640w, https:\/\/www.gaveanews.com\/wp-content\/uploads\/Galoppo-em-acao-pelo-Sao-Paulo-681x851.webp 681w, https:\/\/www.gaveanews.com\/wp-content\/uploads\/Galoppo-em-acao-pelo-Sao-Paulo-100x125.webp 100w\" sizes=\"auto, (max-width: 1080px) 100vw, 1080px\" \/><figcaption class=\"wp-element-caption\">Galoppo em a\u00e7\u00e3o pelo S\u00e3o Paulo (Foto: Reprodu\u00e7\u00e3o\/Instagram)<\/figcaption><\/figure>\n\n\n\n<p>O meio-campista do S\u00e3o Paulo, Galoppo, est\u00e1 avaliado em 5 milh\u00f5es de euros, cerca de 31,8 milh\u00f5es de reais. O atleta do Tricolor tem contrato at\u00e9 junho de 2027.<\/p>\n\n\n\n<h2 class=\"wp-block-heading\" id=\"h-lucas-moura\">Lucas Moura<\/h2>\n\n\n\n<figure class=\"wp-block-image size-full\"><img loading=\"lazy\" decoding=\"async\" width=\"1066\" height=\"1332\" src=\"https:\/\/www.gaveanews.com\/wp-content\/uploads\/Lucas-Moura-corre-e-vibra-apos-marcar-um-gol-pelo-Sao-Paulo-no-estadio-do-Morumbi.webp\" alt=\"\" class=\"wp-image-157849\" srcset=\"https:\/\/www.gaveanews.com\/wp-content\/uploads\/Lucas-Moura-corre-e-vibra-apos-marcar-um-gol-pelo-Sao-Paulo-no-estadio-do-Morumbi.webp 1066w, https:\/\/www.gaveanews.com\/wp-content\/uploads\/Lucas-Moura-corre-e-vibra-apos-marcar-um-gol-pelo-Sao-Paulo-no-estadio-do-Morumbi-240x300.webp 240w, https:\/\/www.gaveanews.com\/wp-content\/uploads\/Lucas-Moura-corre-e-vibra-apos-marcar-um-gol-pelo-Sao-Paulo-no-estadio-do-Morumbi-820x1024.webp 820w, https:\/\/www.gaveanews.com\/wp-content\/uploads\/Lucas-Moura-corre-e-vibra-apos-marcar-um-gol-pelo-Sao-Paulo-no-estadio-do-Morumbi-768x960.webp 768w, https:\/\/www.gaveanews.com\/wp-content\/uploads\/Lucas-Moura-corre-e-vibra-apos-marcar-um-gol-pelo-Sao-Paulo-no-estadio-do-Morumbi-336x420.webp 336w, https:\/\/www.gaveanews.com\/wp-content\/uploads\/Lucas-Moura-corre-e-vibra-apos-marcar-um-gol-pelo-Sao-Paulo-no-estadio-do-Morumbi-672x840.webp 672w, https:\/\/www.gaveanews.com\/wp-content\/uploads\/Lucas-Moura-corre-e-vibra-apos-marcar-um-gol-pelo-Sao-Paulo-no-estadio-do-Morumbi-640x800.webp 640w, https:\/\/www.gaveanews.com\/wp-content\/uploads\/Lucas-Moura-corre-e-vibra-apos-marcar-um-gol-pelo-Sao-Paulo-no-estadio-do-Morumbi-681x851.webp 681w, https:\/\/www.gaveanews.com\/wp-content\/uploads\/Lucas-Moura-corre-e-vibra-apos-marcar-um-gol-pelo-Sao-Paulo-no-estadio-do-Morumbi-100x125.webp 100w\" sizes=\"auto, (max-width: 1066px) 100vw, 1066px\" \/><figcaption class=\"wp-element-caption\">Lucas Moura corre e vibra ap\u00f3s marcar um gol pelo S\u00e3o Paulo no est\u00e1dio do Morumbi (Foto: Reprodu\u00e7\u00e3o\/Instagram)<\/figcaption><\/figure>\n\n\n\n<p>Lucas Moura \u00e9 um dos meio-campistas do S\u00e3o Paulo e os direitos econ\u00f4micos dele est\u00e3o avaliados em 5 milh\u00f5es de euros, cerca de 31,8 milh\u00f5es de reais. O jogador tem contrato v\u00e1lido at\u00e9 o fim de 2026.<\/p>\n\n\n\n<h2 class=\"wp-block-heading\" id=\"h-william-gomes\">William Gomes <\/h2>\n\n\n\n<figure class=\"wp-block-image size-full\"><img loading=\"lazy\" decoding=\"async\" width=\"1000\" height=\"563\" src=\"https:\/\/www.gaveanews.com\/wp-content\/uploads\/William-Gomes-comemora-apos-marcar-seu-primeiro-gol-pelo-Sao-Paulo.webp\" alt=\"\" class=\"wp-image-161101\" srcset=\"https:\/\/www.gaveanews.com\/wp-content\/uploads\/William-Gomes-comemora-apos-marcar-seu-primeiro-gol-pelo-Sao-Paulo.webp 1000w, https:\/\/www.gaveanews.com\/wp-content\/uploads\/William-Gomes-comemora-apos-marcar-seu-primeiro-gol-pelo-Sao-Paulo-300x169.webp 300w, https:\/\/www.gaveanews.com\/wp-content\/uploads\/William-Gomes-comemora-apos-marcar-seu-primeiro-gol-pelo-Sao-Paulo-768x432.webp 768w, https:\/\/www.gaveanews.com\/wp-content\/uploads\/William-Gomes-comemora-apos-marcar-seu-primeiro-gol-pelo-Sao-Paulo-746x420.webp 746w, https:\/\/www.gaveanews.com\/wp-content\/uploads\/William-Gomes-comemora-apos-marcar-seu-primeiro-gol-pelo-Sao-Paulo-640x360.webp 640w, https:\/\/www.gaveanews.com\/wp-content\/uploads\/William-Gomes-comemora-apos-marcar-seu-primeiro-gol-pelo-Sao-Paulo-681x383.webp 681w, https:\/\/www.gaveanews.com\/wp-content\/uploads\/William-Gomes-comemora-apos-marcar-seu-primeiro-gol-pelo-Sao-Paulo-100x56.webp 100w\" sizes=\"auto, (max-width: 1000px) 100vw, 1000px\" \/><figcaption class=\"wp-element-caption\">William Gomes comemora ap\u00f3s marcar seu primeiro gol pelo S\u00e3o Paulo (Foto: Reprodu\u00e7\u00e3o\/S\u00e3o Paulo)<\/figcaption><\/figure>\n\n\n\n<p>William Gomes aparece na quarta posi\u00e7\u00e3o, avaliado em 6 milh\u00f5es de euros, cerca de 38,1 milh\u00f5es de reais . O ponta-esquerda tem contrato at\u00e9 dezembro de 2028.<\/p>\n\n\n\n<h2 class=\"wp-block-heading\" id=\"h-ferreirinha\">Ferreirinha <\/h2>\n\n\n\n<figure class=\"wp-block-image size-full\"><img loading=\"lazy\" decoding=\"async\" width=\"1080\" height=\"1350\" src=\"https:\/\/www.gaveanews.com\/wp-content\/uploads\/Ferreirinha-em-acao-pelo-Sao-Paulo.webp\" alt=\"\" class=\"wp-image-149889\" srcset=\"https:\/\/www.gaveanews.com\/wp-content\/uploads\/Ferreirinha-em-acao-pelo-Sao-Paulo.webp 1080w, https:\/\/www.gaveanews.com\/wp-content\/uploads\/Ferreirinha-em-acao-pelo-Sao-Paulo-240x300.webp 240w, https:\/\/www.gaveanews.com\/wp-content\/uploads\/Ferreirinha-em-acao-pelo-Sao-Paulo-819x1024.webp 819w, https:\/\/www.gaveanews.com\/wp-content\/uploads\/Ferreirinha-em-acao-pelo-Sao-Paulo-768x960.webp 768w, https:\/\/www.gaveanews.com\/wp-content\/uploads\/Ferreirinha-em-acao-pelo-Sao-Paulo-336x420.webp 336w, https:\/\/www.gaveanews.com\/wp-content\/uploads\/Ferreirinha-em-acao-pelo-Sao-Paulo-672x840.webp 672w, https:\/\/www.gaveanews.com\/wp-content\/uploads\/Ferreirinha-em-acao-pelo-Sao-Paulo-640x800.webp 640w, https:\/\/www.gaveanews.com\/wp-content\/uploads\/Ferreirinha-em-acao-pelo-Sao-Paulo-681x851.webp 681w, https:\/\/www.gaveanews.com\/wp-content\/uploads\/Ferreirinha-em-acao-pelo-Sao-Paulo-100x125.webp 100w\" sizes=\"auto, (max-width: 1080px) 100vw, 1080px\" \/><figcaption class=\"wp-element-caption\">Ferreirinha em a\u00e7\u00e3o pelo S\u00e3o Paulo (Foto: Reprodu\u00e7\u00e3o\/Instagram)<\/figcaption><\/figure>\n\n\n\n<p>Ferreirinha abre o \u2018top-3\u2019 do S\u00e3o Paulo sendo avaliado em 6 milh\u00f5es de euros, cerca de 38,1 milh\u00f5es de reais. O v\u00ednculo dele com o clube vai at\u00e9 o fim de 2027.<\/p>\n\n\n\n<h2 class=\"wp-block-heading\" id=\"h-rodrigo-nestor\">Rodrigo Nestor<\/h2>\n\n\n\n<figure class=\"wp-block-image size-full\"><img loading=\"lazy\" decoding=\"async\" width=\"799\" height=\"533\" src=\"https:\/\/www.gaveanews.com\/wp-content\/uploads\/Rodrigo-Nestor-durante-o-jogo-entre-Sao-Paulo-x-Vasco-pelo-Brasileirao-2023-no-Morumbi.webp\" alt=\"\" class=\"wp-image-153396\" srcset=\"https:\/\/www.gaveanews.com\/wp-content\/uploads\/Rodrigo-Nestor-durante-o-jogo-entre-Sao-Paulo-x-Vasco-pelo-Brasileirao-2023-no-Morumbi.webp 799w, https:\/\/www.gaveanews.com\/wp-content\/uploads\/Rodrigo-Nestor-durante-o-jogo-entre-Sao-Paulo-x-Vasco-pelo-Brasileirao-2023-no-Morumbi-300x200.webp 300w, https:\/\/www.gaveanews.com\/wp-content\/uploads\/Rodrigo-Nestor-durante-o-jogo-entre-Sao-Paulo-x-Vasco-pelo-Brasileirao-2023-no-Morumbi-768x512.webp 768w, https:\/\/www.gaveanews.com\/wp-content\/uploads\/Rodrigo-Nestor-durante-o-jogo-entre-Sao-Paulo-x-Vasco-pelo-Brasileirao-2023-no-Morumbi-630x420.webp 630w, https:\/\/www.gaveanews.com\/wp-content\/uploads\/Rodrigo-Nestor-durante-o-jogo-entre-Sao-Paulo-x-Vasco-pelo-Brasileirao-2023-no-Morumbi-640x427.webp 640w, https:\/\/www.gaveanews.com\/wp-content\/uploads\/Rodrigo-Nestor-durante-o-jogo-entre-Sao-Paulo-x-Vasco-pelo-Brasileirao-2023-no-Morumbi-681x454.webp 681w, https:\/\/www.gaveanews.com\/wp-content\/uploads\/Rodrigo-Nestor-durante-o-jogo-entre-Sao-Paulo-x-Vasco-pelo-Brasileirao-2023-no-Morumbi-100x67.webp 100w\" sizes=\"auto, (max-width: 799px) 100vw, 799px\" \/><figcaption class=\"wp-element-caption\">Rodrigo Nestor durante o jogo entre S\u00e3o Paulo x Vasco pelo Brasileir\u00e3o 2023 no Morumbi (Foto: Rubens Chiri\/S\u00e3o Paulo)<\/figcaption><\/figure>\n\n\n\n<p>A segunda posi\u00e7\u00e3o pertence a Rodrigo Nestor, avaliado em 8 milh\u00f5es de euros, cerca de 50,8 milh\u00f5es de reais. O meio-campista tem contrato at\u00e9 junho de 2028.<\/p>\n\n\n\n<h2 class=\"wp-block-heading\" id=\"h-pablo-maia\">Pablo Maia <\/h2>\n\n\n\n<figure class=\"wp-block-image size-full\"><img loading=\"lazy\" decoding=\"async\" width=\"1242\" height=\"1134\" src=\"https:\/\/www.gaveanews.com\/wp-content\/uploads\/Pablo-Maia-em-acao-pelo-time-do-Sao-Paulo.webp\" alt=\"\" class=\"wp-image-161874\" srcset=\"https:\/\/www.gaveanews.com\/wp-content\/uploads\/Pablo-Maia-em-acao-pelo-time-do-Sao-Paulo.webp 1242w, https:\/\/www.gaveanews.com\/wp-content\/uploads\/Pablo-Maia-em-acao-pelo-time-do-Sao-Paulo-300x274.webp 300w, https:\/\/www.gaveanews.com\/wp-content\/uploads\/Pablo-Maia-em-acao-pelo-time-do-Sao-Paulo-1024x935.webp 1024w, https:\/\/www.gaveanews.com\/wp-content\/uploads\/Pablo-Maia-em-acao-pelo-time-do-Sao-Paulo-768x701.webp 768w, https:\/\/www.gaveanews.com\/wp-content\/uploads\/Pablo-Maia-em-acao-pelo-time-do-Sao-Paulo-460x420.webp 460w, https:\/\/www.gaveanews.com\/wp-content\/uploads\/Pablo-Maia-em-acao-pelo-time-do-Sao-Paulo-920x840.webp 920w, https:\/\/www.gaveanews.com\/wp-content\/uploads\/Pablo-Maia-em-acao-pelo-time-do-Sao-Paulo-640x584.webp 640w, https:\/\/www.gaveanews.com\/wp-content\/uploads\/Pablo-Maia-em-acao-pelo-time-do-Sao-Paulo-681x622.webp 681w, https:\/\/www.gaveanews.com\/wp-content\/uploads\/Pablo-Maia-em-acao-pelo-time-do-Sao-Paulo-100x91.webp 100w\" sizes=\"auto, (max-width: 1242px) 100vw, 1242px\" \/><figcaption class=\"wp-element-caption\">Pablo Maia em a\u00e7\u00e3o pelo time do S\u00e3o Paulo (Foto: Reprodu\u00e7\u00e3o\/Instagram)<\/figcaption><\/figure>\n\n\n\n<p>Pablo Maia \u00e9 o primeiro da lista, com valor de mercado em 12 milh\u00f5es de euros, cerca de 76,3 milh\u00f5es de reais. O volante de 22 anos do S\u00e3o Paulo tem contrato at\u00e9 dezembro de 2027.<\/p>\n","protected":false},"excerpt":{"rendered":"<p>Com o fim da temporada, as especula\u00e7\u00f5es de transfer\u00eancias dos atletas tomam conta do dia a dia dos clubes e tamb\u00e9m da imprensa. Pensando no ano seguinte, \u00e9 importante iniciar o planejamento desde j\u00e1. Uma das melhores formas de entender como os clubes v\u00e3o avan\u00e7ar nas negocia\u00e7\u00f5es \u00e9 necess\u00e1rio saber quanto cada um custa e [&hellip;]<\/p>\n","protected":false},"author":29,"featured_media":161874,"comment_status":"open","ping_status":"closed","sticky":false,"template":"","format":"standard","meta":{"footnotes":""},"categories":[151],"tags":[],"class_list":["post-197391","post","type-post","status-publish","format-standard","has-post-thumbnail","hentry","category-sao-paulo"],"yoast_head":"<!-- This site is optimized with the Yoast SEO Premium plugin v24.2 (Yoast SEO v26.9) - https:\/\/yoast.com\/product\/yoast-seo-premium-wordpress\/ -->\n<title>Pablo Maia, Rodrigo Nestor, Ferreirinha, William Gomes, Lucas Moura, Galoppo, Alan Franco, Marcos Ant\u00f4nio, Andr\u00e9 Silva e Welington: os jogadores mais valiosos do S\u00e3o Paulo<\/title>\n<meta name=\"robots\" content=\"index, follow, max-snippet:-1, max-image-preview:large, max-video-preview:-1\" \/>\n<link rel=\"canonical\" href=\"https:\/\/www.gaveanews.com\/index.php\/2024\/12\/11\/pablo-maia-rodrigo-nestor-ferreirinha-william-gomes-lucas-moura-galoppo-alan-franco-marcos-antonio-andre-silva-e-welington-os-jogadores-mais-valiosos-do-sao-paulo\/\" \/>\n<meta property=\"og:locale\" content=\"pt_BR\" \/>\n<meta property=\"og:type\" content=\"article\" \/>\n<meta property=\"og:title\" content=\"Pablo Maia, Rodrigo Nestor, Ferreirinha, William Gomes, Lucas Moura, Galoppo, Alan Franco, Marcos Ant\u00f4nio, Andr\u00e9 Silva e Welington: os jogadores mais valiosos do S\u00e3o Paulo\" \/>\n<meta property=\"og:description\" content=\"Com o fim da temporada, as especula\u00e7\u00f5es de transfer\u00eancias dos atletas tomam conta do dia a dia dos clubes e tamb\u00e9m da imprensa. Pensando no ano seguinte, \u00e9 importante iniciar o planejamento desde j\u00e1. Uma das melhores formas de entender como os clubes v\u00e3o avan\u00e7ar nas negocia\u00e7\u00f5es \u00e9 necess\u00e1rio saber quanto cada um custa e [&hellip;]\" \/>\n<meta property=\"og:url\" content=\"https:\/\/www.gaveanews.com\/index.php\/2024\/12\/11\/pablo-maia-rodrigo-nestor-ferreirinha-william-gomes-lucas-moura-galoppo-alan-franco-marcos-antonio-andre-silva-e-welington-os-jogadores-mais-valiosos-do-sao-paulo\/\" \/>\n<meta property=\"og:site_name\" content=\"G\u00e1vea News\" \/>\n<meta property=\"article:publisher\" content=\"https:\/\/facebook.com\/gaveaNews\/\" \/>\n<meta property=\"article:published_time\" content=\"2024-12-11T18:15:24+00:00\" \/>\n<meta property=\"og:image\" content=\"https:\/\/www.gaveanews.com\/wp-content\/uploads\/Pablo-Maia-em-acao-pelo-time-do-Sao-Paulo.webp\" \/>\n\t<meta property=\"og:image:width\" content=\"1242\" \/>\n\t<meta property=\"og:image:height\" content=\"1134\" \/>\n\t<meta property=\"og:image:type\" content=\"image\/jpeg\" \/>\n<meta name=\"author\" content=\"Marco Menezes\" \/>\n<meta name=\"twitter:card\" content=\"summary_large_image\" \/>\n<meta name=\"twitter:label1\" content=\"Escrito por\" \/>\n\t<meta name=\"twitter:data1\" content=\"Marco Menezes\" \/>\n\t<meta name=\"twitter:label2\" content=\"Est. tempo de leitura\" \/>\n\t<meta name=\"twitter:data2\" content=\"6 minutos\" \/>\n<script type=\"application\/ld+json\" class=\"yoast-schema-graph\">{\"@context\":\"https:\/\/schema.org\",\"@graph\":[{\"@type\":\"NewsArticle\",\"@id\":\"https:\/\/www.gaveanews.com\/index.php\/2024\/12\/11\/pablo-maia-rodrigo-nestor-ferreirinha-william-gomes-lucas-moura-galoppo-alan-franco-marcos-antonio-andre-silva-e-welington-os-jogadores-mais-valiosos-do-sao-paulo\/#article\",\"isPartOf\":{\"@id\":\"https:\/\/www.gaveanews.com\/index.php\/2024\/12\/11\/pablo-maia-rodrigo-nestor-ferreirinha-william-gomes-lucas-moura-galoppo-alan-franco-marcos-antonio-andre-silva-e-welington-os-jogadores-mais-valiosos-do-sao-paulo\/\"},\"author\":{\"name\":\"Marco Menezes\",\"@id\":\"https:\/\/www.gaveanews.com\/#\/schema\/person\/a9f62fe75380c6bada1b2fc49bc23d69\"},\"headline\":\"Pablo Maia, Rodrigo Nestor, Ferreirinha, William Gomes, Lucas Moura, Galoppo, Alan Franco, Marcos Ant\u00f4nio, Andr\u00e9 Silva e Welington: os jogadores mais valiosos do S\u00e3o Paulo\",\"datePublished\":\"2024-12-11T18:15:24+00:00\",\"mainEntityOfPage\":{\"@id\":\"https:\/\/www.gaveanews.com\/index.php\/2024\/12\/11\/pablo-maia-rodrigo-nestor-ferreirinha-william-gomes-lucas-moura-galoppo-alan-franco-marcos-antonio-andre-silva-e-welington-os-jogadores-mais-valiosos-do-sao-paulo\/\"},\"wordCount\":643,\"commentCount\":0,\"image\":{\"@id\":\"https:\/\/www.gaveanews.com\/index.php\/2024\/12\/11\/pablo-maia-rodrigo-nestor-ferreirinha-william-gomes-lucas-moura-galoppo-alan-franco-marcos-antonio-andre-silva-e-welington-os-jogadores-mais-valiosos-do-sao-paulo\/#primaryimage\"},\"thumbnailUrl\":\"https:\/\/www.gaveanews.com\/wp-content\/uploads\/Pablo-Maia-em-acao-pelo-time-do-Sao-Paulo.webp\",\"articleSection\":[\"S\u00e3o Paulo\"],\"inLanguage\":\"pt-BR\",\"potentialAction\":[{\"@type\":\"CommentAction\",\"name\":\"Comment\",\"target\":[\"https:\/\/www.gaveanews.com\/index.php\/2024\/12\/11\/pablo-maia-rodrigo-nestor-ferreirinha-william-gomes-lucas-moura-galoppo-alan-franco-marcos-antonio-andre-silva-e-welington-os-jogadores-mais-valiosos-do-sao-paulo\/#respond\"]}],\"copyrightYear\":\"2024\",\"copyrightHolder\":{\"@id\":\"https:\/\/www.gaveanews.com\/#organization\"}},{\"@type\":\"WebPage\",\"@id\":\"https:\/\/www.gaveanews.com\/index.php\/2024\/12\/11\/pablo-maia-rodrigo-nestor-ferreirinha-william-gomes-lucas-moura-galoppo-alan-franco-marcos-antonio-andre-silva-e-welington-os-jogadores-mais-valiosos-do-sao-paulo\/\",\"url\":\"https:\/\/www.gaveanews.com\/index.php\/2024\/12\/11\/pablo-maia-rodrigo-nestor-ferreirinha-william-gomes-lucas-moura-galoppo-alan-franco-marcos-antonio-andre-silva-e-welington-os-jogadores-mais-valiosos-do-sao-paulo\/\",\"name\":\"Pablo Maia, Rodrigo Nestor, Ferreirinha, William Gomes, Lucas Moura, Galoppo, Alan Franco, Marcos Ant\u00f4nio, Andr\u00e9 Silva e Welington: os jogadores mais valiosos do S\u00e3o Paulo\",\"isPartOf\":{\"@id\":\"https:\/\/www.gaveanews.com\/#website\"},\"primaryImageOfPage\":{\"@id\":\"https:\/\/www.gaveanews.com\/index.php\/2024\/12\/11\/pablo-maia-rodrigo-nestor-ferreirinha-william-gomes-lucas-moura-galoppo-alan-franco-marcos-antonio-andre-silva-e-welington-os-jogadores-mais-valiosos-do-sao-paulo\/#primaryimage\"},\"image\":{\"@id\":\"https:\/\/www.gaveanews.com\/index.php\/2024\/12\/11\/pablo-maia-rodrigo-nestor-ferreirinha-william-gomes-lucas-moura-galoppo-alan-franco-marcos-antonio-andre-silva-e-welington-os-jogadores-mais-valiosos-do-sao-paulo\/#primaryimage\"},\"thumbnailUrl\":\"https:\/\/www.gaveanews.com\/wp-content\/uploads\/Pablo-Maia-em-acao-pelo-time-do-Sao-Paulo.webp\",\"datePublished\":\"2024-12-11T18:15:24+00:00\",\"author\":{\"@id\":\"https:\/\/www.gaveanews.com\/#\/schema\/person\/a9f62fe75380c6bada1b2fc49bc23d69\"},\"breadcrumb\":{\"@id\":\"https:\/\/www.gaveanews.com\/index.php\/2024\/12\/11\/pablo-maia-rodrigo-nestor-ferreirinha-william-gomes-lucas-moura-galoppo-alan-franco-marcos-antonio-andre-silva-e-welington-os-jogadores-mais-valiosos-do-sao-paulo\/#breadcrumb\"},\"inLanguage\":\"pt-BR\",\"potentialAction\":[{\"@type\":\"ReadAction\",\"target\":[\"https:\/\/www.gaveanews.com\/index.php\/2024\/12\/11\/pablo-maia-rodrigo-nestor-ferreirinha-william-gomes-lucas-moura-galoppo-alan-franco-marcos-antonio-andre-silva-e-welington-os-jogadores-mais-valiosos-do-sao-paulo\/\"]}]},{\"@type\":\"ImageObject\",\"inLanguage\":\"pt-BR\",\"@id\":\"https:\/\/www.gaveanews.com\/index.php\/2024\/12\/11\/pablo-maia-rodrigo-nestor-ferreirinha-william-gomes-lucas-moura-galoppo-alan-franco-marcos-antonio-andre-silva-e-welington-os-jogadores-mais-valiosos-do-sao-paulo\/#primaryimage\",\"url\":\"https:\/\/www.gaveanews.com\/wp-content\/uploads\/Pablo-Maia-em-acao-pelo-time-do-Sao-Paulo.webp\",\"contentUrl\":\"https:\/\/www.gaveanews.com\/wp-content\/uploads\/Pablo-Maia-em-acao-pelo-time-do-Sao-Paulo.webp\",\"width\":1242,\"height\":1134,\"caption\":\"Pablo Maia em a\u00e7\u00e3o pelo time do S\u00e3o Paulo (Foto: Reprodu\u00e7\u00e3o\/Instagram)\"},{\"@type\":\"BreadcrumbList\",\"@id\":\"https:\/\/www.gaveanews.com\/index.php\/2024\/12\/11\/pablo-maia-rodrigo-nestor-ferreirinha-william-gomes-lucas-moura-galoppo-alan-franco-marcos-antonio-andre-silva-e-welington-os-jogadores-mais-valiosos-do-sao-paulo\/#breadcrumb\",\"itemListElement\":[{\"@type\":\"ListItem\",\"position\":1,\"name\":\"Home\",\"item\":\"https:\/\/www.gaveanews.com\/\"},{\"@type\":\"ListItem\",\"position\":2,\"name\":\"Pablo Maia, Rodrigo Nestor, Ferreirinha, William Gomes, Lucas Moura, Galoppo, Alan Franco, Marcos Ant\u00f4nio, Andr\u00e9 Silva e Welington: os jogadores mais valiosos do S\u00e3o Paulo\"}]},{\"@type\":\"WebSite\",\"@id\":\"https:\/\/www.gaveanews.com\/#website\",\"url\":\"https:\/\/www.gaveanews.com\/\",\"name\":\"G\u00e1vea News\",\"description\":\"Veja todas as not\u00edcias sobre o Flamengo: Contrata\u00e7\u00f5es, categorias de base, resultados das partidas, tabela de classifica\u00e7\u00e3o, pr\u00f3ximos jogos!\",\"potentialAction\":[{\"@type\":\"SearchAction\",\"target\":{\"@type\":\"EntryPoint\",\"urlTemplate\":\"https:\/\/www.gaveanews.com\/?s={search_term_string}\"},\"query-input\":{\"@type\":\"PropertyValueSpecification\",\"valueRequired\":true,\"valueName\":\"search_term_string\"}}],\"inLanguage\":\"pt-BR\"},{\"@type\":\"Person\",\"@id\":\"https:\/\/www.gaveanews.com\/#\/schema\/person\/a9f62fe75380c6bada1b2fc49bc23d69\",\"name\":\"Marco Menezes\",\"image\":{\"@type\":\"ImageObject\",\"inLanguage\":\"pt-BR\",\"@id\":\"https:\/\/www.gaveanews.com\/#\/schema\/person\/image\/\",\"url\":\"https:\/\/secure.gravatar.com\/avatar\/a1d148ae17fc8bfc5dbccffd07979e8bd2c9ba494221779de86ec2c7907b71ec?s=96&d=mm&r=g\",\"contentUrl\":\"https:\/\/secure.gravatar.com\/avatar\/a1d148ae17fc8bfc5dbccffd07979e8bd2c9ba494221779de86ec2c7907b71ec?s=96&d=mm&r=g\",\"caption\":\"Marco Menezes\"}}]}<\/script>\n<!-- \/ Yoast SEO Premium plugin. -->","yoast_head_json":{"title":"Pablo Maia, Rodrigo Nestor, Ferreirinha, William Gomes, Lucas Moura, Galoppo, Alan Franco, Marcos Ant\u00f4nio, Andr\u00e9 Silva e Welington: os jogadores mais valiosos do S\u00e3o Paulo","robots":{"index":"index","follow":"follow","max-snippet":"max-snippet:-1","max-image-preview":"max-image-preview:large","max-video-preview":"max-video-preview:-1"},"canonical":"https:\/\/www.gaveanews.com\/index.php\/2024\/12\/11\/pablo-maia-rodrigo-nestor-ferreirinha-william-gomes-lucas-moura-galoppo-alan-franco-marcos-antonio-andre-silva-e-welington-os-jogadores-mais-valiosos-do-sao-paulo\/","og_locale":"pt_BR","og_type":"article","og_title":"Pablo Maia, Rodrigo Nestor, Ferreirinha, William Gomes, Lucas Moura, Galoppo, Alan Franco, Marcos Ant\u00f4nio, Andr\u00e9 Silva e Welington: os jogadores mais valiosos do S\u00e3o Paulo","og_description":"Com o fim da temporada, as especula\u00e7\u00f5es de transfer\u00eancias dos atletas tomam conta do dia a dia dos clubes e tamb\u00e9m da imprensa. Pensando no ano seguinte, \u00e9 importante iniciar o planejamento desde j\u00e1. Uma das melhores formas de entender como os clubes v\u00e3o avan\u00e7ar nas negocia\u00e7\u00f5es \u00e9 necess\u00e1rio saber quanto cada um custa e [&hellip;]","og_url":"https:\/\/www.gaveanews.com\/index.php\/2024\/12\/11\/pablo-maia-rodrigo-nestor-ferreirinha-william-gomes-lucas-moura-galoppo-alan-franco-marcos-antonio-andre-silva-e-welington-os-jogadores-mais-valiosos-do-sao-paulo\/","og_site_name":"G\u00e1vea News","article_publisher":"https:\/\/facebook.com\/gaveaNews\/","article_published_time":"2024-12-11T18:15:24+00:00","og_image":[{"width":1242,"height":1134,"url":"https:\/\/www.gaveanews.com\/wp-content\/uploads\/Pablo-Maia-em-acao-pelo-time-do-Sao-Paulo.webp","type":"image\/jpeg"}],"author":"Marco Menezes","twitter_card":"summary_large_image","twitter_misc":{"Escrito por":"Marco Menezes","Est. tempo de leitura":"6 minutos"},"schema":{"@context":"https:\/\/schema.org","@graph":[{"@type":"NewsArticle","@id":"https:\/\/www.gaveanews.com\/index.php\/2024\/12\/11\/pablo-maia-rodrigo-nestor-ferreirinha-william-gomes-lucas-moura-galoppo-alan-franco-marcos-antonio-andre-silva-e-welington-os-jogadores-mais-valiosos-do-sao-paulo\/#article","isPartOf":{"@id":"https:\/\/www.gaveanews.com\/index.php\/2024\/12\/11\/pablo-maia-rodrigo-nestor-ferreirinha-william-gomes-lucas-moura-galoppo-alan-franco-marcos-antonio-andre-silva-e-welington-os-jogadores-mais-valiosos-do-sao-paulo\/"},"author":{"name":"Marco Menezes","@id":"https:\/\/www.gaveanews.com\/#\/schema\/person\/a9f62fe75380c6bada1b2fc49bc23d69"},"headline":"Pablo Maia, Rodrigo Nestor, Ferreirinha, William Gomes, Lucas Moura, Galoppo, Alan Franco, Marcos Ant\u00f4nio, Andr\u00e9 Silva e Welington: os jogadores mais valiosos do S\u00e3o Paulo","datePublished":"2024-12-11T18:15:24+00:00","mainEntityOfPage":{"@id":"https:\/\/www.gaveanews.com\/index.php\/2024\/12\/11\/pablo-maia-rodrigo-nestor-ferreirinha-william-gomes-lucas-moura-galoppo-alan-franco-marcos-antonio-andre-silva-e-welington-os-jogadores-mais-valiosos-do-sao-paulo\/"},"wordCount":643,"commentCount":0,"image":{"@id":"https:\/\/www.gaveanews.com\/index.php\/2024\/12\/11\/pablo-maia-rodrigo-nestor-ferreirinha-william-gomes-lucas-moura-galoppo-alan-franco-marcos-antonio-andre-silva-e-welington-os-jogadores-mais-valiosos-do-sao-paulo\/#primaryimage"},"thumbnailUrl":"https:\/\/www.gaveanews.com\/wp-content\/uploads\/Pablo-Maia-em-acao-pelo-time-do-Sao-Paulo.webp","articleSection":["S\u00e3o Paulo"],"inLanguage":"pt-BR","potentialAction":[{"@type":"CommentAction","name":"Comment","target":["https:\/\/www.gaveanews.com\/index.php\/2024\/12\/11\/pablo-maia-rodrigo-nestor-ferreirinha-william-gomes-lucas-moura-galoppo-alan-franco-marcos-antonio-andre-silva-e-welington-os-jogadores-mais-valiosos-do-sao-paulo\/#respond"]}],"copyrightYear":"2024","copyrightHolder":{"@id":"https:\/\/www.gaveanews.com\/#organization"}},{"@type":"WebPage","@id":"https:\/\/www.gaveanews.com\/index.php\/2024\/12\/11\/pablo-maia-rodrigo-nestor-ferreirinha-william-gomes-lucas-moura-galoppo-alan-franco-marcos-antonio-andre-silva-e-welington-os-jogadores-mais-valiosos-do-sao-paulo\/","url":"https:\/\/www.gaveanews.com\/index.php\/2024\/12\/11\/pablo-maia-rodrigo-nestor-ferreirinha-william-gomes-lucas-moura-galoppo-alan-franco-marcos-antonio-andre-silva-e-welington-os-jogadores-mais-valiosos-do-sao-paulo\/","name":"Pablo Maia, Rodrigo Nestor, Ferreirinha, William Gomes, Lucas Moura, Galoppo, Alan Franco, Marcos Ant\u00f4nio, Andr\u00e9 Silva e Welington: os jogadores mais valiosos do S\u00e3o Paulo","isPartOf":{"@id":"https:\/\/www.gaveanews.com\/#website"},"primaryImageOfPage":{"@id":"https:\/\/www.gaveanews.com\/index.php\/2024\/12\/11\/pablo-maia-rodrigo-nestor-ferreirinha-william-gomes-lucas-moura-galoppo-alan-franco-marcos-antonio-andre-silva-e-welington-os-jogadores-mais-valiosos-do-sao-paulo\/#primaryimage"},"image":{"@id":"https:\/\/www.gaveanews.com\/index.php\/2024\/12\/11\/pablo-maia-rodrigo-nestor-ferreirinha-william-gomes-lucas-moura-galoppo-alan-franco-marcos-antonio-andre-silva-e-welington-os-jogadores-mais-valiosos-do-sao-paulo\/#primaryimage"},"thumbnailUrl":"https:\/\/www.gaveanews.com\/wp-content\/uploads\/Pablo-Maia-em-acao-pelo-time-do-Sao-Paulo.webp","datePublished":"2024-12-11T18:15:24+00:00","author":{"@id":"https:\/\/www.gaveanews.com\/#\/schema\/person\/a9f62fe75380c6bada1b2fc49bc23d69"},"breadcrumb":{"@id":"https:\/\/www.gaveanews.com\/index.php\/2024\/12\/11\/pablo-maia-rodrigo-nestor-ferreirinha-william-gomes-lucas-moura-galoppo-alan-franco-marcos-antonio-andre-silva-e-welington-os-jogadores-mais-valiosos-do-sao-paulo\/#breadcrumb"},"inLanguage":"pt-BR","potentialAction":[{"@type":"ReadAction","target":["https:\/\/www.gaveanews.com\/index.php\/2024\/12\/11\/pablo-maia-rodrigo-nestor-ferreirinha-william-gomes-lucas-moura-galoppo-alan-franco-marcos-antonio-andre-silva-e-welington-os-jogadores-mais-valiosos-do-sao-paulo\/"]}]},{"@type":"ImageObject","inLanguage":"pt-BR","@id":"https:\/\/www.gaveanews.com\/index.php\/2024\/12\/11\/pablo-maia-rodrigo-nestor-ferreirinha-william-gomes-lucas-moura-galoppo-alan-franco-marcos-antonio-andre-silva-e-welington-os-jogadores-mais-valiosos-do-sao-paulo\/#primaryimage","url":"https:\/\/www.gaveanews.com\/wp-content\/uploads\/Pablo-Maia-em-acao-pelo-time-do-Sao-Paulo.webp","contentUrl":"https:\/\/www.gaveanews.com\/wp-content\/uploads\/Pablo-Maia-em-acao-pelo-time-do-Sao-Paulo.webp","width":1242,"height":1134,"caption":"Pablo Maia em a\u00e7\u00e3o pelo time do S\u00e3o Paulo (Foto: Reprodu\u00e7\u00e3o\/Instagram)"},{"@type":"BreadcrumbList","@id":"https:\/\/www.gaveanews.com\/index.php\/2024\/12\/11\/pablo-maia-rodrigo-nestor-ferreirinha-william-gomes-lucas-moura-galoppo-alan-franco-marcos-antonio-andre-silva-e-welington-os-jogadores-mais-valiosos-do-sao-paulo\/#breadcrumb","itemListElement":[{"@type":"ListItem","position":1,"name":"Home","item":"https:\/\/www.gaveanews.com\/"},{"@type":"ListItem","position":2,"name":"Pablo Maia, Rodrigo Nestor, Ferreirinha, William Gomes, Lucas Moura, Galoppo, Alan Franco, Marcos Ant\u00f4nio, Andr\u00e9 Silva e Welington: os jogadores mais valiosos do S\u00e3o Paulo"}]},{"@type":"WebSite","@id":"https:\/\/www.gaveanews.com\/#website","url":"https:\/\/www.gaveanews.com\/","name":"G\u00e1vea News","description":"Veja todas as not\u00edcias sobre o Flamengo: Contrata\u00e7\u00f5es, categorias de base, resultados das partidas, tabela de classifica\u00e7\u00e3o, pr\u00f3ximos jogos!","potentialAction":[{"@type":"SearchAction","target":{"@type":"EntryPoint","urlTemplate":"https:\/\/www.gaveanews.com\/?s={search_term_string}"},"query-input":{"@type":"PropertyValueSpecification","valueRequired":true,"valueName":"search_term_string"}}],"inLanguage":"pt-BR"},{"@type":"Person","@id":"https:\/\/www.gaveanews.com\/#\/schema\/person\/a9f62fe75380c6bada1b2fc49bc23d69","name":"Marco Menezes","image":{"@type":"ImageObject","inLanguage":"pt-BR","@id":"https:\/\/www.gaveanews.com\/#\/schema\/person\/image\/","url":"https:\/\/secure.gravatar.com\/avatar\/a1d148ae17fc8bfc5dbccffd07979e8bd2c9ba494221779de86ec2c7907b71ec?s=96&d=mm&r=g","contentUrl":"https:\/\/secure.gravatar.com\/avatar\/a1d148ae17fc8bfc5dbccffd07979e8bd2c9ba494221779de86ec2c7907b71ec?s=96&d=mm&r=g","caption":"Marco Menezes"}}]}},"_links":{"self":[{"href":"https:\/\/www.gaveanews.com\/index.php\/wp-json\/wp\/v2\/posts\/197391","targetHints":{"allow":["GET"]}}],"collection":[{"href":"https:\/\/www.gaveanews.com\/index.php\/wp-json\/wp\/v2\/posts"}],"about":[{"href":"https:\/\/www.gaveanews.com\/index.php\/wp-json\/wp\/v2\/types\/post"}],"author":[{"embeddable":true,"href":"https:\/\/www.gaveanews.com\/index.php\/wp-json\/wp\/v2\/users\/29"}],"replies":[{"embeddable":true,"href":"https:\/\/www.gaveanews.com\/index.php\/wp-json\/wp\/v2\/comments?post=197391"}],"version-history":[{"count":1,"href":"https:\/\/www.gaveanews.com\/index.php\/wp-json\/wp\/v2\/posts\/197391\/revisions"}],"predecessor-version":[{"id":197400,"href":"https:\/\/www.gaveanews.com\/index.php\/wp-json\/wp\/v2\/posts\/197391\/revisions\/197400"}],"wp:featuredmedia":[{"embeddable":true,"href":"https:\/\/www.gaveanews.com\/index.php\/wp-json\/wp\/v2\/media\/161874"}],"wp:attachment":[{"href":"https:\/\/www.gaveanews.com\/index.php\/wp-json\/wp\/v2\/media?parent=197391"}],"wp:term":[{"taxonomy":"category","embeddable":true,"href":"https:\/\/www.gaveanews.com\/index.php\/wp-json\/wp\/v2\/categories?post=197391"},{"taxonomy":"post_tag","embeddable":true,"href":"https:\/\/www.gaveanews.com\/index.php\/wp-json\/wp\/v2\/tags?post=197391"}],"curies":[{"name":"wp","href":"https:\/\/api.w.org\/{rel}","templated":true}]}}