{"id":197399,"date":"2024-12-11T09:50:00","date_gmt":"2024-12-11T12:50:00","guid":{"rendered":"https:\/\/www.gaveanews.com\/?p=197399"},"modified":"2024-12-11T09:36:56","modified_gmt":"2024-12-11T12:36:56","slug":"veja-o-valor-que-o-palmeiras-vai-pagar-por-facundo-torres","status":"publish","type":"post","link":"https:\/\/www.gaveanews.com\/index.php\/2024\/12\/11\/veja-o-valor-que-o-palmeiras-vai-pagar-por-facundo-torres\/","title":{"rendered":"Veja o valor que o Palmeiras vai pagar por Facundo Torres"},"content":{"rendered":"\n<p>O Palmeiras est\u00e1 muito pr\u00f3ximo de anunciar Facundo Torres como seu primeiro refor\u00e7o para a temporada de 2025. O atacante uruguaio, atualmente no Orlando City, dos Estados Unidos, j\u00e1 tem sua transfer\u00eancia encaminhada ap\u00f3s intensas negocia\u00e7\u00f5es entre as partes. A expectativa \u00e9 de que o jogador se junte ao elenco alviverde para suprir car\u00eancias no setor ofensivo, especialmente nas pontas.<\/p>\n\n\n\n<ul class=\"wp-block-list\">\n<li><a href=\"https:\/\/www.gaveanews.com\/index.php\/2024\/12\/10\/sem-espaco-com-abel-ferreira-ele-esta-de-saida-do-palmeiras\/\">Sem espa\u00e7o com Abel Ferreira, ele est\u00e1 de sa\u00edda do Palmeiras<\/a><\/li>\n\n\n\n<li><a href=\"https:\/\/www.gaveanews.com\/index.php\/2024\/12\/10\/estevao-do-palmeiras-revela-conversa-com-thiago-silva-do-fluminense\/\">Est\u00eav\u00e3o, do Palmeiras, revela conversa com Thiago Silva, do Fluminense<\/a><\/li>\n<\/ul>\n\n\n\n<p>Facundo, de 24 anos, destacou-se no futebol uruguaio pelo Pe\u00f1arol antes de se transferir para o Orlando City, onde est\u00e1 desde 2022. Suas atua\u00e7\u00f5es consistentes chamaram aten\u00e7\u00e3o do mercado internacional, o que culminou no interesse do Verd\u00e3o. Desde sua chegada ao futebol norte-americano, o atacante acumulou 47 gols e 19 assist\u00eancias em 123 jogos, sendo pe\u00e7a importante de sua equipe.<\/p>\n\n\n\n<h2 class=\"wp-block-heading\" id=\"h-a-maior-venda-do-orlando-city\">A maior venda do Orlando City<\/h2>\n\n\n\n<p>Para contar com Torres, o Palmeiras investir\u00e1 cerca de 12 milh\u00f5es de d\u00f3lares, valor equivalente a aproximadamente R$ 70 milh\u00f5es. Este montante representa o maior neg\u00f3cio j\u00e1 realizado pelo Orlando City, superando a venda de Daryl Dike para o West Bromwich, da Inglaterra. As negocia\u00e7\u00f5es envolveram contatos frequentes entre as diretorias dos dois clubes e o estafe do jogador, que demonstrou interesse em vestir a camisa alviverde.<\/p>\n\n\n\n<p>O contrato atual de Facundo Torres com o Orlando City tem validade at\u00e9 2026, com op\u00e7\u00f5es de extens\u00e3o at\u00e9 2028. Mesmo assim, o clube norte-americano decidiu avan\u00e7ar com a negocia\u00e7\u00e3o, considerado o impacto financeiro positivo para sua gest\u00e3o esportiva.<\/p>\n\n\n\n<h2 class=\"wp-block-heading\" id=\"h-reforco-estrategico-para-o-palmeiras\">Refor\u00e7o estrat\u00e9gico para o Palmeiras<\/h2>\n\n\n\n<p>A chegada de Facundo Torres ao Palmeiras atende a uma demanda estrat\u00e9gica do clube, que busca refor\u00e7ar o ataque ap\u00f3s uma temporada em que o desempenho nas pontas foi questionado. Al\u00e9m disso, a iminente sa\u00edda de Est\u00eav\u00e3o para o Chelsea em julho de 2025 aumenta a necessidade de fortalecer o elenco com jogadores de destaque.<\/p>\n\n\n\n<p>O atacante uruguaio n\u00e3o ser\u00e1 apenas uma alternativa no time, mas tem potencial para se tornar uma das principais refer\u00eancias ofensivas da equipe. O Palmeiras ainda conta com um or\u00e7amento robusto para outras contrata\u00e7\u00f5es, demonstrando seu planejamento para a pr\u00f3xima temporada.<\/p>\n","protected":false},"excerpt":{"rendered":"<p>O Palmeiras est\u00e1 muito pr\u00f3ximo de anunciar Facundo Torres como seu primeiro refor\u00e7o para a temporada de 2025. O atacante uruguaio, atualmente no Orlando City, dos Estados Unidos, j\u00e1 tem sua transfer\u00eancia encaminhada ap\u00f3s intensas negocia\u00e7\u00f5es entre as partes. A expectativa \u00e9 de que o jogador se junte ao elenco alviverde para suprir car\u00eancias no [&hellip;]<\/p>\n","protected":false},"author":15,"featured_media":197403,"comment_status":"open","ping_status":"closed","sticky":false,"template":"","format":"standard","meta":{"footnotes":""},"categories":[150],"tags":[],"class_list":["post-197399","post","type-post","status-publish","format-standard","has-post-thumbnail","hentry","category-palmeiras"],"yoast_head":"<!-- This site is optimized with the Yoast SEO Premium plugin v24.2 (Yoast SEO v26.9) - https:\/\/yoast.com\/product\/yoast-seo-premium-wordpress\/ -->\n<title>Veja o valor que o Palmeiras vai pagar por Facundo Torres<\/title>\n<meta name=\"robots\" content=\"index, follow, max-snippet:-1, max-image-preview:large, max-video-preview:-1\" \/>\n<link rel=\"canonical\" href=\"https:\/\/www.gaveanews.com\/index.php\/2024\/12\/11\/veja-o-valor-que-o-palmeiras-vai-pagar-por-facundo-torres\/\" \/>\n<meta property=\"og:locale\" content=\"pt_BR\" \/>\n<meta property=\"og:type\" content=\"article\" \/>\n<meta property=\"og:title\" content=\"Veja o valor que o Palmeiras vai pagar por Facundo Torres\" \/>\n<meta property=\"og:description\" content=\"O Palmeiras est\u00e1 muito pr\u00f3ximo de anunciar Facundo Torres como seu primeiro refor\u00e7o para a temporada de 2025. O atacante uruguaio, atualmente no Orlando City, dos Estados Unidos, j\u00e1 tem sua transfer\u00eancia encaminhada ap\u00f3s intensas negocia\u00e7\u00f5es entre as partes. A expectativa \u00e9 de que o jogador se junte ao elenco alviverde para suprir car\u00eancias no [&hellip;]\" \/>\n<meta property=\"og:url\" content=\"https:\/\/www.gaveanews.com\/index.php\/2024\/12\/11\/veja-o-valor-que-o-palmeiras-vai-pagar-por-facundo-torres\/\" \/>\n<meta property=\"og:site_name\" content=\"G\u00e1vea News\" \/>\n<meta property=\"article:publisher\" content=\"https:\/\/facebook.com\/gaveaNews\/\" \/>\n<meta property=\"article:published_time\" content=\"2024-12-11T12:50:00+00:00\" \/>\n<meta property=\"og:image\" content=\"https:\/\/www.gaveanews.com\/wp-content\/uploads\/Facundo-Torres-em-acao-com-a-camisa-da-Selecao-do-Uruguai.webp\" \/>\n\t<meta property=\"og:image:width\" content=\"1920\" \/>\n\t<meta property=\"og:image:height\" content=\"1080\" \/>\n\t<meta property=\"og:image:type\" content=\"image\/webp\" \/>\n<meta name=\"author\" content=\"Henrique Machado\" \/>\n<meta name=\"twitter:card\" content=\"summary_large_image\" \/>\n<meta name=\"twitter:label1\" content=\"Escrito por\" \/>\n\t<meta name=\"twitter:data1\" content=\"Henrique Machado\" \/>\n\t<meta name=\"twitter:label2\" content=\"Est. tempo de leitura\" \/>\n\t<meta name=\"twitter:data2\" content=\"3 minutos\" \/>\n<script type=\"application\/ld+json\" class=\"yoast-schema-graph\">{\"@context\":\"https:\/\/schema.org\",\"@graph\":[{\"@type\":\"NewsArticle\",\"@id\":\"https:\/\/www.gaveanews.com\/index.php\/2024\/12\/11\/veja-o-valor-que-o-palmeiras-vai-pagar-por-facundo-torres\/#article\",\"isPartOf\":{\"@id\":\"https:\/\/www.gaveanews.com\/index.php\/2024\/12\/11\/veja-o-valor-que-o-palmeiras-vai-pagar-por-facundo-torres\/\"},\"author\":{\"name\":\"Henrique Machado\",\"@id\":\"https:\/\/www.gaveanews.com\/#\/schema\/person\/fd07635ec039ec3ba74ad18ec8a6dbd6\"},\"headline\":\"Veja o valor que o Palmeiras vai pagar por Facundo Torres\",\"datePublished\":\"2024-12-11T12:50:00+00:00\",\"mainEntityOfPage\":{\"@id\":\"https:\/\/www.gaveanews.com\/index.php\/2024\/12\/11\/veja-o-valor-que-o-palmeiras-vai-pagar-por-facundo-torres\/\"},\"wordCount\":393,\"commentCount\":0,\"image\":{\"@id\":\"https:\/\/www.gaveanews.com\/index.php\/2024\/12\/11\/veja-o-valor-que-o-palmeiras-vai-pagar-por-facundo-torres\/#primaryimage\"},\"thumbnailUrl\":\"https:\/\/www.gaveanews.com\/wp-content\/uploads\/Facundo-Torres-em-acao-com-a-camisa-da-Selecao-do-Uruguai.webp\",\"articleSection\":[\"Palmeiras\"],\"inLanguage\":\"pt-BR\",\"potentialAction\":[{\"@type\":\"CommentAction\",\"name\":\"Comment\",\"target\":[\"https:\/\/www.gaveanews.com\/index.php\/2024\/12\/11\/veja-o-valor-que-o-palmeiras-vai-pagar-por-facundo-torres\/#respond\"]}],\"copyrightYear\":\"2024\",\"copyrightHolder\":{\"@id\":\"https:\/\/www.gaveanews.com\/#organization\"}},{\"@type\":\"WebPage\",\"@id\":\"https:\/\/www.gaveanews.com\/index.php\/2024\/12\/11\/veja-o-valor-que-o-palmeiras-vai-pagar-por-facundo-torres\/\",\"url\":\"https:\/\/www.gaveanews.com\/index.php\/2024\/12\/11\/veja-o-valor-que-o-palmeiras-vai-pagar-por-facundo-torres\/\",\"name\":\"Veja o valor que o Palmeiras vai pagar por Facundo Torres\",\"isPartOf\":{\"@id\":\"https:\/\/www.gaveanews.com\/#website\"},\"primaryImageOfPage\":{\"@id\":\"https:\/\/www.gaveanews.com\/index.php\/2024\/12\/11\/veja-o-valor-que-o-palmeiras-vai-pagar-por-facundo-torres\/#primaryimage\"},\"image\":{\"@id\":\"https:\/\/www.gaveanews.com\/index.php\/2024\/12\/11\/veja-o-valor-que-o-palmeiras-vai-pagar-por-facundo-torres\/#primaryimage\"},\"thumbnailUrl\":\"https:\/\/www.gaveanews.com\/wp-content\/uploads\/Facundo-Torres-em-acao-com-a-camisa-da-Selecao-do-Uruguai.webp\",\"datePublished\":\"2024-12-11T12:50:00+00:00\",\"author\":{\"@id\":\"https:\/\/www.gaveanews.com\/#\/schema\/person\/fd07635ec039ec3ba74ad18ec8a6dbd6\"},\"breadcrumb\":{\"@id\":\"https:\/\/www.gaveanews.com\/index.php\/2024\/12\/11\/veja-o-valor-que-o-palmeiras-vai-pagar-por-facundo-torres\/#breadcrumb\"},\"inLanguage\":\"pt-BR\",\"potentialAction\":[{\"@type\":\"ReadAction\",\"target\":[\"https:\/\/www.gaveanews.com\/index.php\/2024\/12\/11\/veja-o-valor-que-o-palmeiras-vai-pagar-por-facundo-torres\/\"]}]},{\"@type\":\"ImageObject\",\"inLanguage\":\"pt-BR\",\"@id\":\"https:\/\/www.gaveanews.com\/index.php\/2024\/12\/11\/veja-o-valor-que-o-palmeiras-vai-pagar-por-facundo-torres\/#primaryimage\",\"url\":\"https:\/\/www.gaveanews.com\/wp-content\/uploads\/Facundo-Torres-em-acao-com-a-camisa-da-Selecao-do-Uruguai.webp\",\"contentUrl\":\"https:\/\/www.gaveanews.com\/wp-content\/uploads\/Facundo-Torres-em-acao-com-a-camisa-da-Selecao-do-Uruguai.webp\",\"width\":1920,\"height\":1080,\"caption\":\"Facundo Torres em a\u00e7\u00e3o com a camisa da Sele\u00e7\u00e3o do Uruguai (Foto: Reprodu\u00e7\u00e3o)\"},{\"@type\":\"BreadcrumbList\",\"@id\":\"https:\/\/www.gaveanews.com\/index.php\/2024\/12\/11\/veja-o-valor-que-o-palmeiras-vai-pagar-por-facundo-torres\/#breadcrumb\",\"itemListElement\":[{\"@type\":\"ListItem\",\"position\":1,\"name\":\"Home\",\"item\":\"https:\/\/www.gaveanews.com\/\"},{\"@type\":\"ListItem\",\"position\":2,\"name\":\"Veja o valor que o Palmeiras vai pagar por Facundo Torres\"}]},{\"@type\":\"WebSite\",\"@id\":\"https:\/\/www.gaveanews.com\/#website\",\"url\":\"https:\/\/www.gaveanews.com\/\",\"name\":\"G\u00e1vea News\",\"description\":\"Veja todas as not\u00edcias sobre o Flamengo: Contrata\u00e7\u00f5es, categorias de base, resultados das partidas, tabela de classifica\u00e7\u00e3o, pr\u00f3ximos jogos!\",\"potentialAction\":[{\"@type\":\"SearchAction\",\"target\":{\"@type\":\"EntryPoint\",\"urlTemplate\":\"https:\/\/www.gaveanews.com\/?s={search_term_string}\"},\"query-input\":{\"@type\":\"PropertyValueSpecification\",\"valueRequired\":true,\"valueName\":\"search_term_string\"}}],\"inLanguage\":\"pt-BR\"},{\"@type\":\"Person\",\"@id\":\"https:\/\/www.gaveanews.com\/#\/schema\/person\/fd07635ec039ec3ba74ad18ec8a6dbd6\",\"name\":\"Henrique Machado\",\"image\":{\"@type\":\"ImageObject\",\"inLanguage\":\"pt-BR\",\"@id\":\"https:\/\/www.gaveanews.com\/#\/schema\/person\/image\/\",\"url\":\"https:\/\/secure.gravatar.com\/avatar\/b95e35997e01d9800c1b6184bd79d4d898d370a3fce2584f5c77b907d5c7d9e9?s=96&d=mm&r=g\",\"contentUrl\":\"https:\/\/secure.gravatar.com\/avatar\/b95e35997e01d9800c1b6184bd79d4d898d370a3fce2584f5c77b907d5c7d9e9?s=96&d=mm&r=g\",\"caption\":\"Henrique Machado\"}}]}<\/script>\n<!-- \/ Yoast SEO Premium plugin. -->","yoast_head_json":{"title":"Veja o valor que o Palmeiras vai pagar por Facundo Torres","robots":{"index":"index","follow":"follow","max-snippet":"max-snippet:-1","max-image-preview":"max-image-preview:large","max-video-preview":"max-video-preview:-1"},"canonical":"https:\/\/www.gaveanews.com\/index.php\/2024\/12\/11\/veja-o-valor-que-o-palmeiras-vai-pagar-por-facundo-torres\/","og_locale":"pt_BR","og_type":"article","og_title":"Veja o valor que o Palmeiras vai pagar por Facundo Torres","og_description":"O Palmeiras est\u00e1 muito pr\u00f3ximo de anunciar Facundo Torres como seu primeiro refor\u00e7o para a temporada de 2025. O atacante uruguaio, atualmente no Orlando City, dos Estados Unidos, j\u00e1 tem sua transfer\u00eancia encaminhada ap\u00f3s intensas negocia\u00e7\u00f5es entre as partes. A expectativa \u00e9 de que o jogador se junte ao elenco alviverde para suprir car\u00eancias no [&hellip;]","og_url":"https:\/\/www.gaveanews.com\/index.php\/2024\/12\/11\/veja-o-valor-que-o-palmeiras-vai-pagar-por-facundo-torres\/","og_site_name":"G\u00e1vea News","article_publisher":"https:\/\/facebook.com\/gaveaNews\/","article_published_time":"2024-12-11T12:50:00+00:00","og_image":[{"width":1920,"height":1080,"url":"https:\/\/www.gaveanews.com\/wp-content\/uploads\/Facundo-Torres-em-acao-com-a-camisa-da-Selecao-do-Uruguai.webp","type":"image\/webp"}],"author":"Henrique Machado","twitter_card":"summary_large_image","twitter_misc":{"Escrito por":"Henrique Machado","Est. tempo de leitura":"3 minutos"},"schema":{"@context":"https:\/\/schema.org","@graph":[{"@type":"NewsArticle","@id":"https:\/\/www.gaveanews.com\/index.php\/2024\/12\/11\/veja-o-valor-que-o-palmeiras-vai-pagar-por-facundo-torres\/#article","isPartOf":{"@id":"https:\/\/www.gaveanews.com\/index.php\/2024\/12\/11\/veja-o-valor-que-o-palmeiras-vai-pagar-por-facundo-torres\/"},"author":{"name":"Henrique Machado","@id":"https:\/\/www.gaveanews.com\/#\/schema\/person\/fd07635ec039ec3ba74ad18ec8a6dbd6"},"headline":"Veja o valor que o Palmeiras vai pagar por Facundo Torres","datePublished":"2024-12-11T12:50:00+00:00","mainEntityOfPage":{"@id":"https:\/\/www.gaveanews.com\/index.php\/2024\/12\/11\/veja-o-valor-que-o-palmeiras-vai-pagar-por-facundo-torres\/"},"wordCount":393,"commentCount":0,"image":{"@id":"https:\/\/www.gaveanews.com\/index.php\/2024\/12\/11\/veja-o-valor-que-o-palmeiras-vai-pagar-por-facundo-torres\/#primaryimage"},"thumbnailUrl":"https:\/\/www.gaveanews.com\/wp-content\/uploads\/Facundo-Torres-em-acao-com-a-camisa-da-Selecao-do-Uruguai.webp","articleSection":["Palmeiras"],"inLanguage":"pt-BR","potentialAction":[{"@type":"CommentAction","name":"Comment","target":["https:\/\/www.gaveanews.com\/index.php\/2024\/12\/11\/veja-o-valor-que-o-palmeiras-vai-pagar-por-facundo-torres\/#respond"]}],"copyrightYear":"2024","copyrightHolder":{"@id":"https:\/\/www.gaveanews.com\/#organization"}},{"@type":"WebPage","@id":"https:\/\/www.gaveanews.com\/index.php\/2024\/12\/11\/veja-o-valor-que-o-palmeiras-vai-pagar-por-facundo-torres\/","url":"https:\/\/www.gaveanews.com\/index.php\/2024\/12\/11\/veja-o-valor-que-o-palmeiras-vai-pagar-por-facundo-torres\/","name":"Veja o valor que o Palmeiras vai pagar por Facundo Torres","isPartOf":{"@id":"https:\/\/www.gaveanews.com\/#website"},"primaryImageOfPage":{"@id":"https:\/\/www.gaveanews.com\/index.php\/2024\/12\/11\/veja-o-valor-que-o-palmeiras-vai-pagar-por-facundo-torres\/#primaryimage"},"image":{"@id":"https:\/\/www.gaveanews.com\/index.php\/2024\/12\/11\/veja-o-valor-que-o-palmeiras-vai-pagar-por-facundo-torres\/#primaryimage"},"thumbnailUrl":"https:\/\/www.gaveanews.com\/wp-content\/uploads\/Facundo-Torres-em-acao-com-a-camisa-da-Selecao-do-Uruguai.webp","datePublished":"2024-12-11T12:50:00+00:00","author":{"@id":"https:\/\/www.gaveanews.com\/#\/schema\/person\/fd07635ec039ec3ba74ad18ec8a6dbd6"},"breadcrumb":{"@id":"https:\/\/www.gaveanews.com\/index.php\/2024\/12\/11\/veja-o-valor-que-o-palmeiras-vai-pagar-por-facundo-torres\/#breadcrumb"},"inLanguage":"pt-BR","potentialAction":[{"@type":"ReadAction","target":["https:\/\/www.gaveanews.com\/index.php\/2024\/12\/11\/veja-o-valor-que-o-palmeiras-vai-pagar-por-facundo-torres\/"]}]},{"@type":"ImageObject","inLanguage":"pt-BR","@id":"https:\/\/www.gaveanews.com\/index.php\/2024\/12\/11\/veja-o-valor-que-o-palmeiras-vai-pagar-por-facundo-torres\/#primaryimage","url":"https:\/\/www.gaveanews.com\/wp-content\/uploads\/Facundo-Torres-em-acao-com-a-camisa-da-Selecao-do-Uruguai.webp","contentUrl":"https:\/\/www.gaveanews.com\/wp-content\/uploads\/Facundo-Torres-em-acao-com-a-camisa-da-Selecao-do-Uruguai.webp","width":1920,"height":1080,"caption":"Facundo Torres em a\u00e7\u00e3o com a camisa da Sele\u00e7\u00e3o do Uruguai (Foto: Reprodu\u00e7\u00e3o)"},{"@type":"BreadcrumbList","@id":"https:\/\/www.gaveanews.com\/index.php\/2024\/12\/11\/veja-o-valor-que-o-palmeiras-vai-pagar-por-facundo-torres\/#breadcrumb","itemListElement":[{"@type":"ListItem","position":1,"name":"Home","item":"https:\/\/www.gaveanews.com\/"},{"@type":"ListItem","position":2,"name":"Veja o valor que o Palmeiras vai pagar por Facundo Torres"}]},{"@type":"WebSite","@id":"https:\/\/www.gaveanews.com\/#website","url":"https:\/\/www.gaveanews.com\/","name":"G\u00e1vea News","description":"Veja todas as not\u00edcias sobre o Flamengo: Contrata\u00e7\u00f5es, categorias de base, resultados das partidas, tabela de classifica\u00e7\u00e3o, pr\u00f3ximos jogos!","potentialAction":[{"@type":"SearchAction","target":{"@type":"EntryPoint","urlTemplate":"https:\/\/www.gaveanews.com\/?s={search_term_string}"},"query-input":{"@type":"PropertyValueSpecification","valueRequired":true,"valueName":"search_term_string"}}],"inLanguage":"pt-BR"},{"@type":"Person","@id":"https:\/\/www.gaveanews.com\/#\/schema\/person\/fd07635ec039ec3ba74ad18ec8a6dbd6","name":"Henrique Machado","image":{"@type":"ImageObject","inLanguage":"pt-BR","@id":"https:\/\/www.gaveanews.com\/#\/schema\/person\/image\/","url":"https:\/\/secure.gravatar.com\/avatar\/b95e35997e01d9800c1b6184bd79d4d898d370a3fce2584f5c77b907d5c7d9e9?s=96&d=mm&r=g","contentUrl":"https:\/\/secure.gravatar.com\/avatar\/b95e35997e01d9800c1b6184bd79d4d898d370a3fce2584f5c77b907d5c7d9e9?s=96&d=mm&r=g","caption":"Henrique Machado"}}]}},"_links":{"self":[{"href":"https:\/\/www.gaveanews.com\/index.php\/wp-json\/wp\/v2\/posts\/197399","targetHints":{"allow":["GET"]}}],"collection":[{"href":"https:\/\/www.gaveanews.com\/index.php\/wp-json\/wp\/v2\/posts"}],"about":[{"href":"https:\/\/www.gaveanews.com\/index.php\/wp-json\/wp\/v2\/types\/post"}],"author":[{"embeddable":true,"href":"https:\/\/www.gaveanews.com\/index.php\/wp-json\/wp\/v2\/users\/15"}],"replies":[{"embeddable":true,"href":"https:\/\/www.gaveanews.com\/index.php\/wp-json\/wp\/v2\/comments?post=197399"}],"version-history":[{"count":2,"href":"https:\/\/www.gaveanews.com\/index.php\/wp-json\/wp\/v2\/posts\/197399\/revisions"}],"predecessor-version":[{"id":197410,"href":"https:\/\/www.gaveanews.com\/index.php\/wp-json\/wp\/v2\/posts\/197399\/revisions\/197410"}],"wp:featuredmedia":[{"embeddable":true,"href":"https:\/\/www.gaveanews.com\/index.php\/wp-json\/wp\/v2\/media\/197403"}],"wp:attachment":[{"href":"https:\/\/www.gaveanews.com\/index.php\/wp-json\/wp\/v2\/media?parent=197399"}],"wp:term":[{"taxonomy":"category","embeddable":true,"href":"https:\/\/www.gaveanews.com\/index.php\/wp-json\/wp\/v2\/categories?post=197399"},{"taxonomy":"post_tag","embeddable":true,"href":"https:\/\/www.gaveanews.com\/index.php\/wp-json\/wp\/v2\/tags?post=197399"}],"curies":[{"name":"wp","href":"https:\/\/api.w.org\/{rel}","templated":true}]}}