{"id":197401,"date":"2024-12-11T14:20:31","date_gmt":"2024-12-11T17:20:31","guid":{"rendered":"https:\/\/www.gaveanews.com\/?p=197401"},"modified":"2024-12-11T14:02:10","modified_gmt":"2024-12-11T17:02:10","slug":"rayan-lucas-piton-leo-jardim-philippe-coutinho-joao-victor-sforza-adson-jean-david-jair-e-david-os-jogadores-mais-valiosos-do-vasco-da-gama","status":"publish","type":"post","link":"https:\/\/www.gaveanews.com\/index.php\/2024\/12\/11\/rayan-lucas-piton-leo-jardim-philippe-coutinho-joao-victor-sforza-adson-jean-david-jair-e-david-os-jogadores-mais-valiosos-do-vasco-da-gama\/","title":{"rendered":"Rayan, Lucas Piton, L\u00e9o Jardim, Philippe Coutinho, Jo\u00e3o Victor, Sforza, Adson, Jean David, Jair e David: os jogadores mais valiosos do Vasco da Gama"},"content":{"rendered":"\n<p>Com o fim da temporada, as especula\u00e7\u00f5es de transfer\u00eancias dos atletas tomam conta do dia a dia dos clubes e tamb\u00e9m da imprensa. Pensando no ano seguinte, \u00e9 importante iniciar o planejamento desde j\u00e1.<\/p>\n\n\n\n<ul class=\"wp-block-list\">\n<li><a href=\"https:\/\/www.gaveanews.com\/index.php\/2024\/12\/10\/veja-quais-jogadores-ganharam-o-premio-bola-de-prata\/\">Veja quais jogadores ganharam o Pr\u00eamio Bola de Prata<\/a><\/li>\n\n\n\n<li><a href=\"https:\/\/www.gaveanews.com\/index.php\/2024\/12\/10\/reforco-para-2025-saida-de-joao-victor-e-jogadores-com-mais-assistencias-as-ultimas-noticias-do-vasco\/\">Refor\u00e7o para 2025, sa\u00edda de Jo\u00e3o Victor e jogadores com mais assist\u00eancias: as \u00faltimas not\u00edcias do Vasco<\/a><\/li>\n<\/ul>\n\n\n\n<p>Uma das melhores formas de entender como os clubes v\u00e3o avan\u00e7ar nas negocia\u00e7\u00f5es \u00e9 necess\u00e1rio saber quanto cada um custa e o quanto ele se valorizou ao decorrer do \u00faltimo ano. Nesse cen\u00e1rio, o G\u00e1vea News elencou o top-10 atletas mais valiosos do Vasco da Gama. Os dados foram retirados do site &#8220;Transfermarkt&#8221;.<\/p>\n\n\n\n<h2 class=\"wp-block-heading\" id=\"h-david\">David <\/h2>\n\n\n\n<figure class=\"wp-block-image size-full\"><img loading=\"lazy\" decoding=\"async\" width=\"885\" height=\"627\" src=\"https:\/\/www.gaveanews.com\/wp-content\/uploads\/David-em-acao-pelo-Vasco.webp\" alt=\"\" class=\"wp-image-170701\" srcset=\"https:\/\/www.gaveanews.com\/wp-content\/uploads\/David-em-acao-pelo-Vasco.webp 885w, https:\/\/www.gaveanews.com\/wp-content\/uploads\/David-em-acao-pelo-Vasco-300x213.webp 300w, https:\/\/www.gaveanews.com\/wp-content\/uploads\/David-em-acao-pelo-Vasco-768x544.webp 768w, https:\/\/www.gaveanews.com\/wp-content\/uploads\/David-em-acao-pelo-Vasco-593x420.webp 593w, https:\/\/www.gaveanews.com\/wp-content\/uploads\/David-em-acao-pelo-Vasco-640x453.webp 640w, https:\/\/www.gaveanews.com\/wp-content\/uploads\/David-em-acao-pelo-Vasco-681x482.webp 681w, https:\/\/www.gaveanews.com\/wp-content\/uploads\/David-em-acao-pelo-Vasco-100x71.webp 100w\" sizes=\"auto, (max-width: 885px) 100vw, 885px\" \/><figcaption class=\"wp-element-caption\">David em a\u00e7\u00e3o pelo Vasco (Foto: Leandro Amorim\/Vasco)<\/figcaption><\/figure>\n\n\n\n<p>David abre a lista do Vasco e aparece em d\u00e9cimo lugar, com os direitos econ\u00f4micos avaliados na casa dos 2 milh\u00f5es de euros, cerca de 12,7 milh\u00f5es de reais. O ponta-esquerda est\u00e1 ligado ao clube at\u00e9 o fim de 2024.<\/p>\n\n\n\n<h2 class=\"wp-block-heading\" id=\"h-jair\">Jair <\/h2>\n\n\n\n<figure class=\"wp-block-image size-full\"><img loading=\"lazy\" decoding=\"async\" width=\"1600\" height=\"998\" src=\"https:\/\/www.gaveanews.com\/wp-content\/uploads\/Jair-em-treino-do-Vasco.webp\" alt=\"\" class=\"wp-image-169873\" srcset=\"https:\/\/www.gaveanews.com\/wp-content\/uploads\/Jair-em-treino-do-Vasco.webp 1600w, https:\/\/www.gaveanews.com\/wp-content\/uploads\/Jair-em-treino-do-Vasco-300x187.webp 300w, https:\/\/www.gaveanews.com\/wp-content\/uploads\/Jair-em-treino-do-Vasco-1024x639.webp 1024w, https:\/\/www.gaveanews.com\/wp-content\/uploads\/Jair-em-treino-do-Vasco-768x479.webp 768w, https:\/\/www.gaveanews.com\/wp-content\/uploads\/Jair-em-treino-do-Vasco-1536x958.webp 1536w, https:\/\/www.gaveanews.com\/wp-content\/uploads\/Jair-em-treino-do-Vasco-673x420.webp 673w, https:\/\/www.gaveanews.com\/wp-content\/uploads\/Jair-em-treino-do-Vasco-1347x840.webp 1347w, https:\/\/www.gaveanews.com\/wp-content\/uploads\/Jair-em-treino-do-Vasco-640x399.webp 640w, https:\/\/www.gaveanews.com\/wp-content\/uploads\/Jair-em-treino-do-Vasco-1280x798.webp 1280w, https:\/\/www.gaveanews.com\/wp-content\/uploads\/Jair-em-treino-do-Vasco-681x425.webp 681w, https:\/\/www.gaveanews.com\/wp-content\/uploads\/Jair-em-treino-do-Vasco-1362x850.webp 1362w, https:\/\/www.gaveanews.com\/wp-content\/uploads\/Jair-em-treino-do-Vasco-100x62.webp 100w\" sizes=\"auto, (max-width: 1600px) 100vw, 1600px\" \/><figcaption class=\"wp-element-caption\">Jair em treino do Vasco (Foto: Matheus Lima\/CRVG)<\/figcaption><\/figure>\n\n\n\n<p>Jair vem logo na sequ\u00eancia, avaliado em 2.5 milh\u00f5es de euros, cerca de 15,9 milh\u00f5es de reais. O volante pertence ao volante at\u00e9 dezembro de 2025.<\/p>\n\n\n\n<h2 class=\"wp-block-heading\" id=\"h-jean-meneses\">Jean Meneses<\/h2>\n\n\n\n<figure class=\"wp-block-image size-full\"><img loading=\"lazy\" decoding=\"async\" width=\"1440\" height=\"961\" src=\"https:\/\/www.gaveanews.com\/wp-content\/uploads\/Jean-David-com-a-camisa-do-Vasco-em-2024.webp\" alt=\"\" class=\"wp-image-162721\" srcset=\"https:\/\/www.gaveanews.com\/wp-content\/uploads\/Jean-David-com-a-camisa-do-Vasco-em-2024.webp 1440w, https:\/\/www.gaveanews.com\/wp-content\/uploads\/Jean-David-com-a-camisa-do-Vasco-em-2024-300x200.webp 300w, https:\/\/www.gaveanews.com\/wp-content\/uploads\/Jean-David-com-a-camisa-do-Vasco-em-2024-1024x683.webp 1024w, https:\/\/www.gaveanews.com\/wp-content\/uploads\/Jean-David-com-a-camisa-do-Vasco-em-2024-768x513.webp 768w, https:\/\/www.gaveanews.com\/wp-content\/uploads\/Jean-David-com-a-camisa-do-Vasco-em-2024-629x420.webp 629w, https:\/\/www.gaveanews.com\/wp-content\/uploads\/Jean-David-com-a-camisa-do-Vasco-em-2024-1259x840.webp 1259w, https:\/\/www.gaveanews.com\/wp-content\/uploads\/Jean-David-com-a-camisa-do-Vasco-em-2024-640x427.webp 640w, https:\/\/www.gaveanews.com\/wp-content\/uploads\/Jean-David-com-a-camisa-do-Vasco-em-2024-1280x854.webp 1280w, https:\/\/www.gaveanews.com\/wp-content\/uploads\/Jean-David-com-a-camisa-do-Vasco-em-2024-681x454.webp 681w, https:\/\/www.gaveanews.com\/wp-content\/uploads\/Jean-David-com-a-camisa-do-Vasco-em-2024-1362x909.webp 1362w, https:\/\/www.gaveanews.com\/wp-content\/uploads\/Jean-David-com-a-camisa-do-Vasco-em-2024-100x67.webp 100w\" sizes=\"auto, (max-width: 1440px) 100vw, 1440px\" \/><figcaption class=\"wp-element-caption\">Jean David com a camisa do Vasco em 2024 (Foto: Matheus Lima\/Vasco)<\/figcaption><\/figure>\n\n\n\n<p>Jean David \u00e9 ponta esquerda e foi avaliado em 2.5 milh\u00f5es de euros, cerca de 15,9 milh\u00f5es de reais. O atleta tem v\u00ednculo at\u00e9 junho de 2026.<\/p>\n\n\n\n<h2 class=\"wp-block-heading\" id=\"h-adson\">Adson <\/h2>\n\n\n\n<figure class=\"wp-block-image size-full\"><img loading=\"lazy\" decoding=\"async\" width=\"774\" height=\"467\" src=\"https:\/\/www.gaveanews.com\/wp-content\/uploads\/Adson-em-acao-pelo-Vasco.webp\" alt=\"\" class=\"wp-image-169871\" srcset=\"https:\/\/www.gaveanews.com\/wp-content\/uploads\/Adson-em-acao-pelo-Vasco.webp 774w, https:\/\/www.gaveanews.com\/wp-content\/uploads\/Adson-em-acao-pelo-Vasco-300x181.webp 300w, https:\/\/www.gaveanews.com\/wp-content\/uploads\/Adson-em-acao-pelo-Vasco-768x463.webp 768w, https:\/\/www.gaveanews.com\/wp-content\/uploads\/Adson-em-acao-pelo-Vasco-696x420.webp 696w, https:\/\/www.gaveanews.com\/wp-content\/uploads\/Adson-em-acao-pelo-Vasco-640x386.webp 640w, https:\/\/www.gaveanews.com\/wp-content\/uploads\/Adson-em-acao-pelo-Vasco-681x411.webp 681w, https:\/\/www.gaveanews.com\/wp-content\/uploads\/Adson-em-acao-pelo-Vasco-100x60.webp 100w\" sizes=\"auto, (max-width: 774px) 100vw, 774px\" \/><figcaption class=\"wp-element-caption\">Adson em a\u00e7\u00e3o pelo Vasco (Foto: Leandro Amorim\/Vasco)<\/figcaption><\/figure>\n\n\n\n<p>Adson est\u00e1 cima do valor de mercado de Jean David, com valores na casa dos 4 milh\u00f5es de euros, cerca de 25,4 milh\u00f5es de reais. O ponta-direita tem contrato at\u00e9 dezembro de 2027.<\/p>\n\n\n\n<h2 class=\"wp-block-heading\" id=\"h-sforza\">Sforza<\/h2>\n\n\n\n<figure class=\"wp-block-image size-full\"><img loading=\"lazy\" decoding=\"async\" width=\"1440\" height=\"960\" src=\"https:\/\/www.gaveanews.com\/wp-content\/uploads\/Sforza-anunciado-pelo-Vasco.webp\" alt=\"\" class=\"wp-image-169872\" srcset=\"https:\/\/www.gaveanews.com\/wp-content\/uploads\/Sforza-anunciado-pelo-Vasco.webp 1440w, https:\/\/www.gaveanews.com\/wp-content\/uploads\/Sforza-anunciado-pelo-Vasco-300x200.webp 300w, https:\/\/www.gaveanews.com\/wp-content\/uploads\/Sforza-anunciado-pelo-Vasco-1024x683.webp 1024w, https:\/\/www.gaveanews.com\/wp-content\/uploads\/Sforza-anunciado-pelo-Vasco-768x512.webp 768w, https:\/\/www.gaveanews.com\/wp-content\/uploads\/Sforza-anunciado-pelo-Vasco-630x420.webp 630w, https:\/\/www.gaveanews.com\/wp-content\/uploads\/Sforza-anunciado-pelo-Vasco-1260x840.webp 1260w, https:\/\/www.gaveanews.com\/wp-content\/uploads\/Sforza-anunciado-pelo-Vasco-640x427.webp 640w, https:\/\/www.gaveanews.com\/wp-content\/uploads\/Sforza-anunciado-pelo-Vasco-1280x853.webp 1280w, https:\/\/www.gaveanews.com\/wp-content\/uploads\/Sforza-anunciado-pelo-Vasco-681x454.webp 681w, https:\/\/www.gaveanews.com\/wp-content\/uploads\/Sforza-anunciado-pelo-Vasco-1362x908.webp 1362w, https:\/\/www.gaveanews.com\/wp-content\/uploads\/Sforza-anunciado-pelo-Vasco-100x67.webp 100w\" sizes=\"auto, (max-width: 1440px) 100vw, 1440px\" \/><figcaption class=\"wp-element-caption\">Sforza anunciado pelo Vasco (Foto: Leandro Amorim\/Vasco)<\/figcaption><\/figure>\n\n\n\n<p>O meio-campista do Vasco, Sforza, est\u00e1 avaliado em 4 milh\u00f5es de euros, cerca de 25,4 milh\u00f5es de reais. O atleta do Cruz-Maltino tem contrato at\u00e9 dezembro de 2028.<\/p>\n\n\n\n<h2 class=\"wp-block-heading\" id=\"h-joao-victor\">Jo\u00e3o Victor<\/h2>\n\n\n\n<figure class=\"wp-block-image size-full\"><img loading=\"lazy\" decoding=\"async\" width=\"984\" height=\"656\" src=\"https:\/\/www.gaveanews.com\/wp-content\/uploads\/Joao-Victor-em-acao-pelo-Vasco.webp\" alt=\"\" class=\"wp-image-169870\" srcset=\"https:\/\/www.gaveanews.com\/wp-content\/uploads\/Joao-Victor-em-acao-pelo-Vasco.webp 984w, https:\/\/www.gaveanews.com\/wp-content\/uploads\/Joao-Victor-em-acao-pelo-Vasco-300x200.webp 300w, https:\/\/www.gaveanews.com\/wp-content\/uploads\/Joao-Victor-em-acao-pelo-Vasco-768x512.webp 768w, https:\/\/www.gaveanews.com\/wp-content\/uploads\/Joao-Victor-em-acao-pelo-Vasco-630x420.webp 630w, https:\/\/www.gaveanews.com\/wp-content\/uploads\/Joao-Victor-em-acao-pelo-Vasco-640x427.webp 640w, https:\/\/www.gaveanews.com\/wp-content\/uploads\/Joao-Victor-em-acao-pelo-Vasco-681x454.webp 681w, https:\/\/www.gaveanews.com\/wp-content\/uploads\/Joao-Victor-em-acao-pelo-Vasco-100x67.webp 100w\" sizes=\"auto, (max-width: 984px) 100vw, 984px\" \/><figcaption class=\"wp-element-caption\">Jo\u00e3o Victor em a\u00e7\u00e3o pelo Vasco (Foto: Leandro Amorim\/Vasco)<\/figcaption><\/figure>\n\n\n\n<p>Jo\u00e3o Victor \u00e9 um dos zagueiros do Vasco e os direitos econ\u00f4micos dele est\u00e3o avaliados em 5 milh\u00f5es de euros, cerca de 31,8 milh\u00f5es de reais. O jogador tem contrato v\u00e1lido at\u00e9 o fim de 2028.<\/p>\n\n\n\n<h2 class=\"wp-block-heading\" id=\"h-philippe-coutinho\">Philippe Coutinho<\/h2>\n\n\n\n<figure class=\"wp-block-image size-full\"><img loading=\"lazy\" decoding=\"async\" width=\"799\" height=\"533\" src=\"https:\/\/www.gaveanews.com\/wp-content\/uploads\/Philippe-Coutinho-durante-apresentacao-ao-Vasco-da-Gama-em-Sao-Januario.webp\" alt=\"\" class=\"wp-image-153282\" srcset=\"https:\/\/www.gaveanews.com\/wp-content\/uploads\/Philippe-Coutinho-durante-apresentacao-ao-Vasco-da-Gama-em-Sao-Januario.webp 799w, https:\/\/www.gaveanews.com\/wp-content\/uploads\/Philippe-Coutinho-durante-apresentacao-ao-Vasco-da-Gama-em-Sao-Januario-300x200.webp 300w, https:\/\/www.gaveanews.com\/wp-content\/uploads\/Philippe-Coutinho-durante-apresentacao-ao-Vasco-da-Gama-em-Sao-Januario-768x512.webp 768w, https:\/\/www.gaveanews.com\/wp-content\/uploads\/Philippe-Coutinho-durante-apresentacao-ao-Vasco-da-Gama-em-Sao-Januario-630x420.webp 630w, https:\/\/www.gaveanews.com\/wp-content\/uploads\/Philippe-Coutinho-durante-apresentacao-ao-Vasco-da-Gama-em-Sao-Januario-640x427.webp 640w, https:\/\/www.gaveanews.com\/wp-content\/uploads\/Philippe-Coutinho-durante-apresentacao-ao-Vasco-da-Gama-em-Sao-Januario-681x454.webp 681w, https:\/\/www.gaveanews.com\/wp-content\/uploads\/Philippe-Coutinho-durante-apresentacao-ao-Vasco-da-Gama-em-Sao-Januario-100x67.webp 100w\" sizes=\"auto, (max-width: 799px) 100vw, 799px\" \/><figcaption class=\"wp-element-caption\">Philippe Coutinho durante apresenta\u00e7\u00e3o ao Vasco da Gama em S\u00e3o Janu\u00e1rio (Foto: Reprodu\u00e7\u00e3o\/Vasco)<\/figcaption><\/figure>\n\n\n\n<p>Philippe Coutinho aparece na quarta posi\u00e7\u00e3o, avaliado em 6 milh\u00f5es de euros, cerca de 38,1 milh\u00f5es de reais . O meia tem contrato at\u00e9 junho de 2025.<\/p>\n\n\n\n<h2 class=\"wp-block-heading\" id=\"h-leo-jardim\">L\u00e9o Jardim<\/h2>\n\n\n\n<figure class=\"wp-block-image size-full\"><img loading=\"lazy\" decoding=\"async\" width=\"1600\" height=\"1000\" src=\"https:\/\/www.gaveanews.com\/wp-content\/uploads\/Leo-Jardim-em-acao-pelo-Vasco.webp\" alt=\"\" class=\"wp-image-169868\" srcset=\"https:\/\/www.gaveanews.com\/wp-content\/uploads\/Leo-Jardim-em-acao-pelo-Vasco.webp 1600w, https:\/\/www.gaveanews.com\/wp-content\/uploads\/Leo-Jardim-em-acao-pelo-Vasco-300x188.webp 300w, https:\/\/www.gaveanews.com\/wp-content\/uploads\/Leo-Jardim-em-acao-pelo-Vasco-1024x640.webp 1024w, https:\/\/www.gaveanews.com\/wp-content\/uploads\/Leo-Jardim-em-acao-pelo-Vasco-768x480.webp 768w, https:\/\/www.gaveanews.com\/wp-content\/uploads\/Leo-Jardim-em-acao-pelo-Vasco-1536x960.webp 1536w, https:\/\/www.gaveanews.com\/wp-content\/uploads\/Leo-Jardim-em-acao-pelo-Vasco-672x420.webp 672w, https:\/\/www.gaveanews.com\/wp-content\/uploads\/Leo-Jardim-em-acao-pelo-Vasco-1344x840.webp 1344w, https:\/\/www.gaveanews.com\/wp-content\/uploads\/Leo-Jardim-em-acao-pelo-Vasco-640x400.webp 640w, https:\/\/www.gaveanews.com\/wp-content\/uploads\/Leo-Jardim-em-acao-pelo-Vasco-1280x800.webp 1280w, https:\/\/www.gaveanews.com\/wp-content\/uploads\/Leo-Jardim-em-acao-pelo-Vasco-681x426.webp 681w, https:\/\/www.gaveanews.com\/wp-content\/uploads\/Leo-Jardim-em-acao-pelo-Vasco-1362x851.webp 1362w, https:\/\/www.gaveanews.com\/wp-content\/uploads\/Leo-Jardim-em-acao-pelo-Vasco-100x63.webp 100w\" sizes=\"auto, (max-width: 1600px) 100vw, 1600px\" \/><figcaption class=\"wp-element-caption\">L\u00e9o Jardim em a\u00e7\u00e3o pelo Vasco (Foto: Leandro Amorim\/Vasco)<\/figcaption><\/figure>\n\n\n\n<p>L\u00e9o Jardim abre o \u2018top-3\u2019 do Vasco sendo avaliado em 7 milh\u00f5es de euros, cerca de 44,5 milh\u00f5es de reais. O v\u00ednculo dele com o clube vai at\u00e9 o fim de 2025.<\/p>\n\n\n\n<h2 class=\"wp-block-heading\" id=\"h-lucas-piton\">Lucas Piton<\/h2>\n\n\n\n<figure class=\"wp-block-image size-full\"><img loading=\"lazy\" decoding=\"async\" width=\"1600\" height=\"1065\" src=\"https:\/\/www.gaveanews.com\/wp-content\/uploads\/Lucas-Piton-apresentado-pelo-Vasco.webp\" alt=\"\" class=\"wp-image-169866\" srcset=\"https:\/\/www.gaveanews.com\/wp-content\/uploads\/Lucas-Piton-apresentado-pelo-Vasco.webp 1600w, https:\/\/www.gaveanews.com\/wp-content\/uploads\/Lucas-Piton-apresentado-pelo-Vasco-300x200.webp 300w, https:\/\/www.gaveanews.com\/wp-content\/uploads\/Lucas-Piton-apresentado-pelo-Vasco-1024x682.webp 1024w, https:\/\/www.gaveanews.com\/wp-content\/uploads\/Lucas-Piton-apresentado-pelo-Vasco-768x511.webp 768w, https:\/\/www.gaveanews.com\/wp-content\/uploads\/Lucas-Piton-apresentado-pelo-Vasco-1536x1022.webp 1536w, https:\/\/www.gaveanews.com\/wp-content\/uploads\/Lucas-Piton-apresentado-pelo-Vasco-631x420.webp 631w, https:\/\/www.gaveanews.com\/wp-content\/uploads\/Lucas-Piton-apresentado-pelo-Vasco-1262x840.webp 1262w, https:\/\/www.gaveanews.com\/wp-content\/uploads\/Lucas-Piton-apresentado-pelo-Vasco-640x426.webp 640w, https:\/\/www.gaveanews.com\/wp-content\/uploads\/Lucas-Piton-apresentado-pelo-Vasco-1280x852.webp 1280w, https:\/\/www.gaveanews.com\/wp-content\/uploads\/Lucas-Piton-apresentado-pelo-Vasco-681x453.webp 681w, https:\/\/www.gaveanews.com\/wp-content\/uploads\/Lucas-Piton-apresentado-pelo-Vasco-1362x907.webp 1362w, https:\/\/www.gaveanews.com\/wp-content\/uploads\/Lucas-Piton-apresentado-pelo-Vasco-100x67.webp 100w\" sizes=\"auto, (max-width: 1600px) 100vw, 1600px\" \/><figcaption class=\"wp-element-caption\">Lucas Piton apresentado pelo Vasco (Foto: Divulga\u00e7\u00e3o\/Vasco)<\/figcaption><\/figure>\n\n\n\n<p>A segunda posi\u00e7\u00e3o pertence a Lucas Piton, avaliado em 8 milh\u00f5es de euros, cerca de 50,8 milh\u00f5es de reais. O lateral-esquerdo tem contrato at\u00e9 dezembro de 2028.<\/p>\n\n\n\n<h2 class=\"wp-block-heading\" id=\"h-rayan\">Rayan <\/h2>\n\n\n\n<figure class=\"wp-block-image size-full\"><img loading=\"lazy\" decoding=\"async\" width=\"1140\" height=\"641\" src=\"https:\/\/www.gaveanews.com\/wp-content\/uploads\/Rayan-em-treino-do-Vasco.webp\" alt=\"\" class=\"wp-image-169867\" srcset=\"https:\/\/www.gaveanews.com\/wp-content\/uploads\/Rayan-em-treino-do-Vasco.webp 1140w, https:\/\/www.gaveanews.com\/wp-content\/uploads\/Rayan-em-treino-do-Vasco-300x169.webp 300w, https:\/\/www.gaveanews.com\/wp-content\/uploads\/Rayan-em-treino-do-Vasco-1024x576.webp 1024w, https:\/\/www.gaveanews.com\/wp-content\/uploads\/Rayan-em-treino-do-Vasco-768x432.webp 768w, https:\/\/www.gaveanews.com\/wp-content\/uploads\/Rayan-em-treino-do-Vasco-747x420.webp 747w, https:\/\/www.gaveanews.com\/wp-content\/uploads\/Rayan-em-treino-do-Vasco-640x360.webp 640w, https:\/\/www.gaveanews.com\/wp-content\/uploads\/Rayan-em-treino-do-Vasco-681x383.webp 681w, https:\/\/www.gaveanews.com\/wp-content\/uploads\/Rayan-em-treino-do-Vasco-100x56.webp 100w\" sizes=\"auto, (max-width: 1140px) 100vw, 1140px\" \/><figcaption class=\"wp-element-caption\">Rayan em treino do Vasco (Foto: Daniel Ramalho\/CRVG)<\/figcaption><\/figure>\n\n\n\n<p>Rayan \u00e9 o primeiro da lista, com valor de mercado em 10 milh\u00f5es de euros, cerca de 63,6 milh\u00f5es de reais. O ponta-direita de 18 anos do Vasco tem contrato at\u00e9 dezembro de 2025.<\/p>\n","protected":false},"excerpt":{"rendered":"<p>Com o fim da temporada, as especula\u00e7\u00f5es de transfer\u00eancias dos atletas tomam conta do dia a dia dos clubes e tamb\u00e9m da imprensa. Pensando no ano seguinte, \u00e9 importante iniciar o planejamento desde j\u00e1. Uma das melhores formas de entender como os clubes v\u00e3o avan\u00e7ar nas negocia\u00e7\u00f5es \u00e9 necess\u00e1rio saber quanto cada um custa e [&hellip;]<\/p>\n","protected":false},"author":29,"featured_media":153282,"comment_status":"open","ping_status":"closed","sticky":false,"template":"","format":"standard","meta":{"footnotes":""},"categories":[152],"tags":[],"class_list":["post-197401","post","type-post","status-publish","format-standard","has-post-thumbnail","hentry","category-vasco"],"yoast_head":"<!-- This site is optimized with the Yoast SEO Premium plugin v24.2 (Yoast SEO v26.9) - https:\/\/yoast.com\/product\/yoast-seo-premium-wordpress\/ -->\n<title>Rayan, Lucas Piton, L\u00e9o Jardim, Philippe Coutinho, Jo\u00e3o Victor, Sforza, Adson, Jean David, Jair e David: os jogadores mais valiosos do Vasco da Gama<\/title>\n<meta name=\"robots\" content=\"index, follow, max-snippet:-1, max-image-preview:large, max-video-preview:-1\" \/>\n<link rel=\"canonical\" href=\"https:\/\/www.gaveanews.com\/index.php\/2024\/12\/11\/rayan-lucas-piton-leo-jardim-philippe-coutinho-joao-victor-sforza-adson-jean-david-jair-e-david-os-jogadores-mais-valiosos-do-vasco-da-gama\/\" \/>\n<meta property=\"og:locale\" content=\"pt_BR\" \/>\n<meta property=\"og:type\" content=\"article\" \/>\n<meta property=\"og:title\" content=\"Rayan, Lucas Piton, L\u00e9o Jardim, Philippe Coutinho, Jo\u00e3o Victor, Sforza, Adson, Jean David, Jair e David: os jogadores mais valiosos do Vasco da Gama\" \/>\n<meta property=\"og:description\" content=\"Com o fim da temporada, as especula\u00e7\u00f5es de transfer\u00eancias dos atletas tomam conta do dia a dia dos clubes e tamb\u00e9m da imprensa. Pensando no ano seguinte, \u00e9 importante iniciar o planejamento desde j\u00e1. Uma das melhores formas de entender como os clubes v\u00e3o avan\u00e7ar nas negocia\u00e7\u00f5es \u00e9 necess\u00e1rio saber quanto cada um custa e [&hellip;]\" \/>\n<meta property=\"og:url\" content=\"https:\/\/www.gaveanews.com\/index.php\/2024\/12\/11\/rayan-lucas-piton-leo-jardim-philippe-coutinho-joao-victor-sforza-adson-jean-david-jair-e-david-os-jogadores-mais-valiosos-do-vasco-da-gama\/\" \/>\n<meta property=\"og:site_name\" content=\"G\u00e1vea News\" \/>\n<meta property=\"article:publisher\" content=\"https:\/\/facebook.com\/gaveaNews\/\" \/>\n<meta property=\"article:published_time\" content=\"2024-12-11T17:20:31+00:00\" \/>\n<meta property=\"og:image\" content=\"https:\/\/www.gaveanews.com\/wp-content\/uploads\/Philippe-Coutinho-durante-apresentacao-ao-Vasco-da-Gama-em-Sao-Januario.webp\" \/>\n\t<meta property=\"og:image:width\" content=\"799\" \/>\n\t<meta property=\"og:image:height\" content=\"533\" \/>\n\t<meta property=\"og:image:type\" content=\"image\/jpeg\" \/>\n<meta name=\"author\" content=\"Marco Menezes\" \/>\n<meta name=\"twitter:card\" content=\"summary_large_image\" \/>\n<meta name=\"twitter:label1\" content=\"Escrito por\" \/>\n\t<meta name=\"twitter:data1\" content=\"Marco Menezes\" \/>\n\t<meta name=\"twitter:label2\" content=\"Est. tempo de leitura\" \/>\n\t<meta name=\"twitter:data2\" content=\"6 minutos\" \/>\n<script type=\"application\/ld+json\" class=\"yoast-schema-graph\">{\"@context\":\"https:\/\/schema.org\",\"@graph\":[{\"@type\":\"NewsArticle\",\"@id\":\"https:\/\/www.gaveanews.com\/index.php\/2024\/12\/11\/rayan-lucas-piton-leo-jardim-philippe-coutinho-joao-victor-sforza-adson-jean-david-jair-e-david-os-jogadores-mais-valiosos-do-vasco-da-gama\/#article\",\"isPartOf\":{\"@id\":\"https:\/\/www.gaveanews.com\/index.php\/2024\/12\/11\/rayan-lucas-piton-leo-jardim-philippe-coutinho-joao-victor-sforza-adson-jean-david-jair-e-david-os-jogadores-mais-valiosos-do-vasco-da-gama\/\"},\"author\":{\"name\":\"Marco Menezes\",\"@id\":\"https:\/\/www.gaveanews.com\/#\/schema\/person\/a9f62fe75380c6bada1b2fc49bc23d69\"},\"headline\":\"Rayan, Lucas Piton, L\u00e9o Jardim, Philippe Coutinho, Jo\u00e3o Victor, Sforza, Adson, Jean David, Jair e David: os jogadores mais valiosos do Vasco da Gama\",\"datePublished\":\"2024-12-11T17:20:31+00:00\",\"mainEntityOfPage\":{\"@id\":\"https:\/\/www.gaveanews.com\/index.php\/2024\/12\/11\/rayan-lucas-piton-leo-jardim-philippe-coutinho-joao-victor-sforza-adson-jean-david-jair-e-david-os-jogadores-mais-valiosos-do-vasco-da-gama\/\"},\"wordCount\":584,\"commentCount\":0,\"image\":{\"@id\":\"https:\/\/www.gaveanews.com\/index.php\/2024\/12\/11\/rayan-lucas-piton-leo-jardim-philippe-coutinho-joao-victor-sforza-adson-jean-david-jair-e-david-os-jogadores-mais-valiosos-do-vasco-da-gama\/#primaryimage\"},\"thumbnailUrl\":\"https:\/\/www.gaveanews.com\/wp-content\/uploads\/Philippe-Coutinho-durante-apresentacao-ao-Vasco-da-Gama-em-Sao-Januario.webp\",\"articleSection\":[\"Vasco\"],\"inLanguage\":\"pt-BR\",\"potentialAction\":[{\"@type\":\"CommentAction\",\"name\":\"Comment\",\"target\":[\"https:\/\/www.gaveanews.com\/index.php\/2024\/12\/11\/rayan-lucas-piton-leo-jardim-philippe-coutinho-joao-victor-sforza-adson-jean-david-jair-e-david-os-jogadores-mais-valiosos-do-vasco-da-gama\/#respond\"]}],\"copyrightYear\":\"2024\",\"copyrightHolder\":{\"@id\":\"https:\/\/www.gaveanews.com\/#organization\"}},{\"@type\":\"WebPage\",\"@id\":\"https:\/\/www.gaveanews.com\/index.php\/2024\/12\/11\/rayan-lucas-piton-leo-jardim-philippe-coutinho-joao-victor-sforza-adson-jean-david-jair-e-david-os-jogadores-mais-valiosos-do-vasco-da-gama\/\",\"url\":\"https:\/\/www.gaveanews.com\/index.php\/2024\/12\/11\/rayan-lucas-piton-leo-jardim-philippe-coutinho-joao-victor-sforza-adson-jean-david-jair-e-david-os-jogadores-mais-valiosos-do-vasco-da-gama\/\",\"name\":\"Rayan, Lucas Piton, L\u00e9o Jardim, Philippe Coutinho, Jo\u00e3o Victor, Sforza, Adson, Jean David, Jair e David: os jogadores mais valiosos do Vasco da Gama\",\"isPartOf\":{\"@id\":\"https:\/\/www.gaveanews.com\/#website\"},\"primaryImageOfPage\":{\"@id\":\"https:\/\/www.gaveanews.com\/index.php\/2024\/12\/11\/rayan-lucas-piton-leo-jardim-philippe-coutinho-joao-victor-sforza-adson-jean-david-jair-e-david-os-jogadores-mais-valiosos-do-vasco-da-gama\/#primaryimage\"},\"image\":{\"@id\":\"https:\/\/www.gaveanews.com\/index.php\/2024\/12\/11\/rayan-lucas-piton-leo-jardim-philippe-coutinho-joao-victor-sforza-adson-jean-david-jair-e-david-os-jogadores-mais-valiosos-do-vasco-da-gama\/#primaryimage\"},\"thumbnailUrl\":\"https:\/\/www.gaveanews.com\/wp-content\/uploads\/Philippe-Coutinho-durante-apresentacao-ao-Vasco-da-Gama-em-Sao-Januario.webp\",\"datePublished\":\"2024-12-11T17:20:31+00:00\",\"author\":{\"@id\":\"https:\/\/www.gaveanews.com\/#\/schema\/person\/a9f62fe75380c6bada1b2fc49bc23d69\"},\"breadcrumb\":{\"@id\":\"https:\/\/www.gaveanews.com\/index.php\/2024\/12\/11\/rayan-lucas-piton-leo-jardim-philippe-coutinho-joao-victor-sforza-adson-jean-david-jair-e-david-os-jogadores-mais-valiosos-do-vasco-da-gama\/#breadcrumb\"},\"inLanguage\":\"pt-BR\",\"potentialAction\":[{\"@type\":\"ReadAction\",\"target\":[\"https:\/\/www.gaveanews.com\/index.php\/2024\/12\/11\/rayan-lucas-piton-leo-jardim-philippe-coutinho-joao-victor-sforza-adson-jean-david-jair-e-david-os-jogadores-mais-valiosos-do-vasco-da-gama\/\"]}]},{\"@type\":\"ImageObject\",\"inLanguage\":\"pt-BR\",\"@id\":\"https:\/\/www.gaveanews.com\/index.php\/2024\/12\/11\/rayan-lucas-piton-leo-jardim-philippe-coutinho-joao-victor-sforza-adson-jean-david-jair-e-david-os-jogadores-mais-valiosos-do-vasco-da-gama\/#primaryimage\",\"url\":\"https:\/\/www.gaveanews.com\/wp-content\/uploads\/Philippe-Coutinho-durante-apresentacao-ao-Vasco-da-Gama-em-Sao-Januario.webp\",\"contentUrl\":\"https:\/\/www.gaveanews.com\/wp-content\/uploads\/Philippe-Coutinho-durante-apresentacao-ao-Vasco-da-Gama-em-Sao-Januario.webp\",\"width\":799,\"height\":533,\"caption\":\"Philippe Coutinho durante apresenta\u00e7\u00e3o ao Vasco da Gama em S\u00e3o Janu\u00e1rio (Foto: Reprodu\u00e7\u00e3o\/Vasco)\"},{\"@type\":\"BreadcrumbList\",\"@id\":\"https:\/\/www.gaveanews.com\/index.php\/2024\/12\/11\/rayan-lucas-piton-leo-jardim-philippe-coutinho-joao-victor-sforza-adson-jean-david-jair-e-david-os-jogadores-mais-valiosos-do-vasco-da-gama\/#breadcrumb\",\"itemListElement\":[{\"@type\":\"ListItem\",\"position\":1,\"name\":\"Home\",\"item\":\"https:\/\/www.gaveanews.com\/\"},{\"@type\":\"ListItem\",\"position\":2,\"name\":\"Rayan, Lucas Piton, L\u00e9o Jardim, Philippe Coutinho, Jo\u00e3o Victor, Sforza, Adson, Jean David, Jair e David: os jogadores mais valiosos do Vasco da Gama\"}]},{\"@type\":\"WebSite\",\"@id\":\"https:\/\/www.gaveanews.com\/#website\",\"url\":\"https:\/\/www.gaveanews.com\/\",\"name\":\"G\u00e1vea News\",\"description\":\"Veja todas as not\u00edcias sobre o Flamengo: Contrata\u00e7\u00f5es, categorias de base, resultados das partidas, tabela de classifica\u00e7\u00e3o, pr\u00f3ximos jogos!\",\"potentialAction\":[{\"@type\":\"SearchAction\",\"target\":{\"@type\":\"EntryPoint\",\"urlTemplate\":\"https:\/\/www.gaveanews.com\/?s={search_term_string}\"},\"query-input\":{\"@type\":\"PropertyValueSpecification\",\"valueRequired\":true,\"valueName\":\"search_term_string\"}}],\"inLanguage\":\"pt-BR\"},{\"@type\":\"Person\",\"@id\":\"https:\/\/www.gaveanews.com\/#\/schema\/person\/a9f62fe75380c6bada1b2fc49bc23d69\",\"name\":\"Marco Menezes\",\"image\":{\"@type\":\"ImageObject\",\"inLanguage\":\"pt-BR\",\"@id\":\"https:\/\/www.gaveanews.com\/#\/schema\/person\/image\/\",\"url\":\"https:\/\/secure.gravatar.com\/avatar\/a1d148ae17fc8bfc5dbccffd07979e8bd2c9ba494221779de86ec2c7907b71ec?s=96&d=mm&r=g\",\"contentUrl\":\"https:\/\/secure.gravatar.com\/avatar\/a1d148ae17fc8bfc5dbccffd07979e8bd2c9ba494221779de86ec2c7907b71ec?s=96&d=mm&r=g\",\"caption\":\"Marco Menezes\"}}]}<\/script>\n<!-- \/ Yoast SEO Premium plugin. -->","yoast_head_json":{"title":"Rayan, Lucas Piton, L\u00e9o Jardim, Philippe Coutinho, Jo\u00e3o Victor, Sforza, Adson, Jean David, Jair e David: os jogadores mais valiosos do Vasco da Gama","robots":{"index":"index","follow":"follow","max-snippet":"max-snippet:-1","max-image-preview":"max-image-preview:large","max-video-preview":"max-video-preview:-1"},"canonical":"https:\/\/www.gaveanews.com\/index.php\/2024\/12\/11\/rayan-lucas-piton-leo-jardim-philippe-coutinho-joao-victor-sforza-adson-jean-david-jair-e-david-os-jogadores-mais-valiosos-do-vasco-da-gama\/","og_locale":"pt_BR","og_type":"article","og_title":"Rayan, Lucas Piton, L\u00e9o Jardim, Philippe Coutinho, Jo\u00e3o Victor, Sforza, Adson, Jean David, Jair e David: os jogadores mais valiosos do Vasco da Gama","og_description":"Com o fim da temporada, as especula\u00e7\u00f5es de transfer\u00eancias dos atletas tomam conta do dia a dia dos clubes e tamb\u00e9m da imprensa. Pensando no ano seguinte, \u00e9 importante iniciar o planejamento desde j\u00e1. Uma das melhores formas de entender como os clubes v\u00e3o avan\u00e7ar nas negocia\u00e7\u00f5es \u00e9 necess\u00e1rio saber quanto cada um custa e [&hellip;]","og_url":"https:\/\/www.gaveanews.com\/index.php\/2024\/12\/11\/rayan-lucas-piton-leo-jardim-philippe-coutinho-joao-victor-sforza-adson-jean-david-jair-e-david-os-jogadores-mais-valiosos-do-vasco-da-gama\/","og_site_name":"G\u00e1vea News","article_publisher":"https:\/\/facebook.com\/gaveaNews\/","article_published_time":"2024-12-11T17:20:31+00:00","og_image":[{"width":799,"height":533,"url":"https:\/\/www.gaveanews.com\/wp-content\/uploads\/Philippe-Coutinho-durante-apresentacao-ao-Vasco-da-Gama-em-Sao-Januario.webp","type":"image\/jpeg"}],"author":"Marco Menezes","twitter_card":"summary_large_image","twitter_misc":{"Escrito por":"Marco Menezes","Est. tempo de leitura":"6 minutos"},"schema":{"@context":"https:\/\/schema.org","@graph":[{"@type":"NewsArticle","@id":"https:\/\/www.gaveanews.com\/index.php\/2024\/12\/11\/rayan-lucas-piton-leo-jardim-philippe-coutinho-joao-victor-sforza-adson-jean-david-jair-e-david-os-jogadores-mais-valiosos-do-vasco-da-gama\/#article","isPartOf":{"@id":"https:\/\/www.gaveanews.com\/index.php\/2024\/12\/11\/rayan-lucas-piton-leo-jardim-philippe-coutinho-joao-victor-sforza-adson-jean-david-jair-e-david-os-jogadores-mais-valiosos-do-vasco-da-gama\/"},"author":{"name":"Marco Menezes","@id":"https:\/\/www.gaveanews.com\/#\/schema\/person\/a9f62fe75380c6bada1b2fc49bc23d69"},"headline":"Rayan, Lucas Piton, L\u00e9o Jardim, Philippe Coutinho, Jo\u00e3o Victor, Sforza, Adson, Jean David, Jair e David: os jogadores mais valiosos do Vasco da Gama","datePublished":"2024-12-11T17:20:31+00:00","mainEntityOfPage":{"@id":"https:\/\/www.gaveanews.com\/index.php\/2024\/12\/11\/rayan-lucas-piton-leo-jardim-philippe-coutinho-joao-victor-sforza-adson-jean-david-jair-e-david-os-jogadores-mais-valiosos-do-vasco-da-gama\/"},"wordCount":584,"commentCount":0,"image":{"@id":"https:\/\/www.gaveanews.com\/index.php\/2024\/12\/11\/rayan-lucas-piton-leo-jardim-philippe-coutinho-joao-victor-sforza-adson-jean-david-jair-e-david-os-jogadores-mais-valiosos-do-vasco-da-gama\/#primaryimage"},"thumbnailUrl":"https:\/\/www.gaveanews.com\/wp-content\/uploads\/Philippe-Coutinho-durante-apresentacao-ao-Vasco-da-Gama-em-Sao-Januario.webp","articleSection":["Vasco"],"inLanguage":"pt-BR","potentialAction":[{"@type":"CommentAction","name":"Comment","target":["https:\/\/www.gaveanews.com\/index.php\/2024\/12\/11\/rayan-lucas-piton-leo-jardim-philippe-coutinho-joao-victor-sforza-adson-jean-david-jair-e-david-os-jogadores-mais-valiosos-do-vasco-da-gama\/#respond"]}],"copyrightYear":"2024","copyrightHolder":{"@id":"https:\/\/www.gaveanews.com\/#organization"}},{"@type":"WebPage","@id":"https:\/\/www.gaveanews.com\/index.php\/2024\/12\/11\/rayan-lucas-piton-leo-jardim-philippe-coutinho-joao-victor-sforza-adson-jean-david-jair-e-david-os-jogadores-mais-valiosos-do-vasco-da-gama\/","url":"https:\/\/www.gaveanews.com\/index.php\/2024\/12\/11\/rayan-lucas-piton-leo-jardim-philippe-coutinho-joao-victor-sforza-adson-jean-david-jair-e-david-os-jogadores-mais-valiosos-do-vasco-da-gama\/","name":"Rayan, Lucas Piton, L\u00e9o Jardim, Philippe Coutinho, Jo\u00e3o Victor, Sforza, Adson, Jean David, Jair e David: os jogadores mais valiosos do Vasco da Gama","isPartOf":{"@id":"https:\/\/www.gaveanews.com\/#website"},"primaryImageOfPage":{"@id":"https:\/\/www.gaveanews.com\/index.php\/2024\/12\/11\/rayan-lucas-piton-leo-jardim-philippe-coutinho-joao-victor-sforza-adson-jean-david-jair-e-david-os-jogadores-mais-valiosos-do-vasco-da-gama\/#primaryimage"},"image":{"@id":"https:\/\/www.gaveanews.com\/index.php\/2024\/12\/11\/rayan-lucas-piton-leo-jardim-philippe-coutinho-joao-victor-sforza-adson-jean-david-jair-e-david-os-jogadores-mais-valiosos-do-vasco-da-gama\/#primaryimage"},"thumbnailUrl":"https:\/\/www.gaveanews.com\/wp-content\/uploads\/Philippe-Coutinho-durante-apresentacao-ao-Vasco-da-Gama-em-Sao-Januario.webp","datePublished":"2024-12-11T17:20:31+00:00","author":{"@id":"https:\/\/www.gaveanews.com\/#\/schema\/person\/a9f62fe75380c6bada1b2fc49bc23d69"},"breadcrumb":{"@id":"https:\/\/www.gaveanews.com\/index.php\/2024\/12\/11\/rayan-lucas-piton-leo-jardim-philippe-coutinho-joao-victor-sforza-adson-jean-david-jair-e-david-os-jogadores-mais-valiosos-do-vasco-da-gama\/#breadcrumb"},"inLanguage":"pt-BR","potentialAction":[{"@type":"ReadAction","target":["https:\/\/www.gaveanews.com\/index.php\/2024\/12\/11\/rayan-lucas-piton-leo-jardim-philippe-coutinho-joao-victor-sforza-adson-jean-david-jair-e-david-os-jogadores-mais-valiosos-do-vasco-da-gama\/"]}]},{"@type":"ImageObject","inLanguage":"pt-BR","@id":"https:\/\/www.gaveanews.com\/index.php\/2024\/12\/11\/rayan-lucas-piton-leo-jardim-philippe-coutinho-joao-victor-sforza-adson-jean-david-jair-e-david-os-jogadores-mais-valiosos-do-vasco-da-gama\/#primaryimage","url":"https:\/\/www.gaveanews.com\/wp-content\/uploads\/Philippe-Coutinho-durante-apresentacao-ao-Vasco-da-Gama-em-Sao-Januario.webp","contentUrl":"https:\/\/www.gaveanews.com\/wp-content\/uploads\/Philippe-Coutinho-durante-apresentacao-ao-Vasco-da-Gama-em-Sao-Januario.webp","width":799,"height":533,"caption":"Philippe Coutinho durante apresenta\u00e7\u00e3o ao Vasco da Gama em S\u00e3o Janu\u00e1rio (Foto: Reprodu\u00e7\u00e3o\/Vasco)"},{"@type":"BreadcrumbList","@id":"https:\/\/www.gaveanews.com\/index.php\/2024\/12\/11\/rayan-lucas-piton-leo-jardim-philippe-coutinho-joao-victor-sforza-adson-jean-david-jair-e-david-os-jogadores-mais-valiosos-do-vasco-da-gama\/#breadcrumb","itemListElement":[{"@type":"ListItem","position":1,"name":"Home","item":"https:\/\/www.gaveanews.com\/"},{"@type":"ListItem","position":2,"name":"Rayan, Lucas Piton, L\u00e9o Jardim, Philippe Coutinho, Jo\u00e3o Victor, Sforza, Adson, Jean David, Jair e David: os jogadores mais valiosos do Vasco da Gama"}]},{"@type":"WebSite","@id":"https:\/\/www.gaveanews.com\/#website","url":"https:\/\/www.gaveanews.com\/","name":"G\u00e1vea News","description":"Veja todas as not\u00edcias sobre o Flamengo: Contrata\u00e7\u00f5es, categorias de base, resultados das partidas, tabela de classifica\u00e7\u00e3o, pr\u00f3ximos jogos!","potentialAction":[{"@type":"SearchAction","target":{"@type":"EntryPoint","urlTemplate":"https:\/\/www.gaveanews.com\/?s={search_term_string}"},"query-input":{"@type":"PropertyValueSpecification","valueRequired":true,"valueName":"search_term_string"}}],"inLanguage":"pt-BR"},{"@type":"Person","@id":"https:\/\/www.gaveanews.com\/#\/schema\/person\/a9f62fe75380c6bada1b2fc49bc23d69","name":"Marco Menezes","image":{"@type":"ImageObject","inLanguage":"pt-BR","@id":"https:\/\/www.gaveanews.com\/#\/schema\/person\/image\/","url":"https:\/\/secure.gravatar.com\/avatar\/a1d148ae17fc8bfc5dbccffd07979e8bd2c9ba494221779de86ec2c7907b71ec?s=96&d=mm&r=g","contentUrl":"https:\/\/secure.gravatar.com\/avatar\/a1d148ae17fc8bfc5dbccffd07979e8bd2c9ba494221779de86ec2c7907b71ec?s=96&d=mm&r=g","caption":"Marco Menezes"}}]}},"_links":{"self":[{"href":"https:\/\/www.gaveanews.com\/index.php\/wp-json\/wp\/v2\/posts\/197401","targetHints":{"allow":["GET"]}}],"collection":[{"href":"https:\/\/www.gaveanews.com\/index.php\/wp-json\/wp\/v2\/posts"}],"about":[{"href":"https:\/\/www.gaveanews.com\/index.php\/wp-json\/wp\/v2\/types\/post"}],"author":[{"embeddable":true,"href":"https:\/\/www.gaveanews.com\/index.php\/wp-json\/wp\/v2\/users\/29"}],"replies":[{"embeddable":true,"href":"https:\/\/www.gaveanews.com\/index.php\/wp-json\/wp\/v2\/comments?post=197401"}],"version-history":[{"count":1,"href":"https:\/\/www.gaveanews.com\/index.php\/wp-json\/wp\/v2\/posts\/197401\/revisions"}],"predecessor-version":[{"id":197414,"href":"https:\/\/www.gaveanews.com\/index.php\/wp-json\/wp\/v2\/posts\/197401\/revisions\/197414"}],"wp:featuredmedia":[{"embeddable":true,"href":"https:\/\/www.gaveanews.com\/index.php\/wp-json\/wp\/v2\/media\/153282"}],"wp:attachment":[{"href":"https:\/\/www.gaveanews.com\/index.php\/wp-json\/wp\/v2\/media?parent=197401"}],"wp:term":[{"taxonomy":"category","embeddable":true,"href":"https:\/\/www.gaveanews.com\/index.php\/wp-json\/wp\/v2\/categories?post=197401"},{"taxonomy":"post_tag","embeddable":true,"href":"https:\/\/www.gaveanews.com\/index.php\/wp-json\/wp\/v2\/tags?post=197401"}],"curies":[{"name":"wp","href":"https:\/\/api.w.org\/{rel}","templated":true}]}}