{"id":197411,"date":"2024-12-11T09:55:36","date_gmt":"2024-12-11T12:55:36","guid":{"rendered":"https:\/\/www.gaveanews.com\/?p=197411"},"modified":"2024-12-11T09:37:10","modified_gmt":"2024-12-11T12:37:10","slug":"declaracao-de-ex-fluminense-sobre-mano-menezes-e-renato-gaucho-surpreende","status":"publish","type":"post","link":"https:\/\/www.gaveanews.com\/index.php\/2024\/12\/11\/declaracao-de-ex-fluminense-sobre-mano-menezes-e-renato-gaucho-surpreende\/","title":{"rendered":"Declara\u00e7\u00e3o de ex-Fluminense sobre Mano Menezes e Renato Ga\u00facho surpreende"},"content":{"rendered":"\n<p>O Fluminense vive um momento de transi\u00e7\u00e3o importante ao definir os rumos da equipe para a temporada de 2025. Ap\u00f3s uma campanha marcada pela luta contra o rebaixamento no Brasileir\u00e3o, o clube j\u00e1 iniciou o planejamento, liberando alguns atletas, como Marquinhos e John Kennedy, que ser\u00e1 emprestado ao Pachuca, do M\u00e9xico. Paralelamente, a diretoria avan\u00e7a nas negocia\u00e7\u00f5es para renovar o contrato de Mano Menezes, atual treinador da equipe.<\/p>\n\n\n\n<ul class=\"wp-block-list\">\n<li><a href=\"https:\/\/www.gaveanews.com\/index.php\/2024\/12\/10\/veja-a-atitude-inusitada-de-thiago-silva-apos-fluminense-nao-ser-rebaixado\/\">Veja a atitude inusitada de Thiago Silva ap\u00f3s Fluminense n\u00e3o ser rebaixado<\/a><\/li>\n\n\n\n<li><a href=\"Fluminense: a declara\u00e7\u00e3o de Kevin Serna ap\u00f3s a perman\u00eancia da S\u00e9rie A\">Fluminense: a declara\u00e7\u00e3o de Kevin Serna ap\u00f3s a perman\u00eancia da S\u00e9rie A<\/a><\/li>\n<\/ul>\n\n\n\n<p>Mano Menezes, que assumiu o comando t\u00e9cnico do Tricolor Carioca em um momento delicado, est\u00e1 pr\u00f3ximo de estender seu v\u00ednculo at\u00e9 2025. Segundo informa\u00e7\u00f5es, os valores j\u00e1 foram acordados, e uma reuni\u00e3o para formalizar o contrato est\u00e1 prevista para os pr\u00f3ximos dias.<\/p>\n\n\n\n<p>A expectativa \u00e9 que o treinador lidere o planejamento para as diversas competi\u00e7\u00f5es que o Fluminense disputar\u00e1 no pr\u00f3ximo ano, como o Carioc\u00e3o, Brasileir\u00e3o, Copa do Brasil, Sul-Americana e o Super Mundial de Clubes.<\/p>\n\n\n\n<h2 class=\"wp-block-heading\" id=\"h-a-opiniao-de-tarta\">A opini\u00e3o de Tart\u00e1<\/h2>\n\n\n\n<p>Enquanto o Fluminense trabalha na renova\u00e7\u00e3o com Mano Menezes, a figura de Renato Ga\u00facho voltou a ser mencionada como uma op\u00e7\u00e3o. Tart\u00e1, ex-jogador e campe\u00e3o brasileiro pelo clube em 2010, expressou de forma enf\u00e1tica sua prefer\u00eancia pelo retorno do t\u00e9cnico, que atualmente est\u00e1 sem clube ap\u00f3s deixar o Gr\u00eamio.<\/p>\n\n\n\n<p>&#8220;Se o Mano n\u00e3o ficar&#8230; eu troco meu pai pelo Renato, sou Renato FC, imagina o Mano. Com todo respeito, estive no CT, mas quando se trata de Renato \u00e9 outro patamar&#8221;, disse Tart\u00e1.<\/p>\n\n\n\n<p>Renato Ga\u00facho possui um hist\u00f3rico significativo no Fluminense, com v\u00e1rias passagens como t\u00e9cnico. Entre seus principais feitos est\u00e3o a conquista da Copa do Brasil em 2007 e o vice-campeonato da Libertadores em 2008. Al\u00e9m disso, foi respons\u00e1vel por promover jogadores da base, incluindo o pr\u00f3prio Tart\u00e1, ao elenco profissional.<\/p>\n","protected":false},"excerpt":{"rendered":"<p>O Fluminense vive um momento de transi\u00e7\u00e3o importante ao definir os rumos da equipe para a temporada de 2025. Ap\u00f3s uma campanha marcada pela luta contra o rebaixamento no Brasileir\u00e3o, o clube j\u00e1 iniciou o planejamento, liberando alguns atletas, como Marquinhos e John Kennedy, que ser\u00e1 emprestado ao Pachuca, do M\u00e9xico. Paralelamente, a diretoria avan\u00e7a [&hellip;]<\/p>\n","protected":false},"author":15,"featured_media":150636,"comment_status":"open","ping_status":"closed","sticky":false,"template":"","format":"standard","meta":{"footnotes":""},"categories":[145],"tags":[],"class_list":["post-197411","post","type-post","status-publish","format-standard","has-post-thumbnail","hentry","category-fluminense"],"yoast_head":"<!-- This site is optimized with the Yoast SEO Premium plugin v24.2 (Yoast SEO v26.9) - https:\/\/yoast.com\/product\/yoast-seo-premium-wordpress\/ -->\n<title>Declara\u00e7\u00e3o de ex-Fluminense sobre Mano Menezes e Renato Ga\u00facho surpreende<\/title>\n<meta name=\"robots\" content=\"index, follow, max-snippet:-1, max-image-preview:large, max-video-preview:-1\" \/>\n<link rel=\"canonical\" href=\"https:\/\/www.gaveanews.com\/index.php\/2024\/12\/11\/declaracao-de-ex-fluminense-sobre-mano-menezes-e-renato-gaucho-surpreende\/\" \/>\n<meta property=\"og:locale\" content=\"pt_BR\" \/>\n<meta property=\"og:type\" content=\"article\" \/>\n<meta property=\"og:title\" content=\"Declara\u00e7\u00e3o de ex-Fluminense sobre Mano Menezes e Renato Ga\u00facho surpreende\" \/>\n<meta property=\"og:description\" content=\"O Fluminense vive um momento de transi\u00e7\u00e3o importante ao definir os rumos da equipe para a temporada de 2025. Ap\u00f3s uma campanha marcada pela luta contra o rebaixamento no Brasileir\u00e3o, o clube j\u00e1 iniciou o planejamento, liberando alguns atletas, como Marquinhos e John Kennedy, que ser\u00e1 emprestado ao Pachuca, do M\u00e9xico. Paralelamente, a diretoria avan\u00e7a [&hellip;]\" \/>\n<meta property=\"og:url\" content=\"https:\/\/www.gaveanews.com\/index.php\/2024\/12\/11\/declaracao-de-ex-fluminense-sobre-mano-menezes-e-renato-gaucho-surpreende\/\" \/>\n<meta property=\"og:site_name\" content=\"G\u00e1vea News\" \/>\n<meta property=\"article:publisher\" content=\"https:\/\/facebook.com\/gaveaNews\/\" \/>\n<meta property=\"article:published_time\" content=\"2024-12-11T12:55:36+00:00\" \/>\n<meta property=\"og:image\" content=\"https:\/\/www.gaveanews.com\/wp-content\/uploads\/image-2024-07-03T203303.359.webp\" \/>\n\t<meta property=\"og:image:width\" content=\"740\" \/>\n\t<meta property=\"og:image:height\" content=\"416\" \/>\n\t<meta property=\"og:image:type\" content=\"image\/webp\" \/>\n<meta name=\"author\" content=\"Henrique Machado\" \/>\n<meta name=\"twitter:card\" content=\"summary_large_image\" \/>\n<meta name=\"twitter:label1\" content=\"Escrito por\" \/>\n\t<meta name=\"twitter:data1\" content=\"Henrique Machado\" \/>\n\t<meta name=\"twitter:label2\" content=\"Est. tempo de leitura\" \/>\n\t<meta name=\"twitter:data2\" content=\"2 minutos\" \/>\n<script type=\"application\/ld+json\" class=\"yoast-schema-graph\">{\"@context\":\"https:\/\/schema.org\",\"@graph\":[{\"@type\":\"NewsArticle\",\"@id\":\"https:\/\/www.gaveanews.com\/index.php\/2024\/12\/11\/declaracao-de-ex-fluminense-sobre-mano-menezes-e-renato-gaucho-surpreende\/#article\",\"isPartOf\":{\"@id\":\"https:\/\/www.gaveanews.com\/index.php\/2024\/12\/11\/declaracao-de-ex-fluminense-sobre-mano-menezes-e-renato-gaucho-surpreende\/\"},\"author\":{\"name\":\"Henrique Machado\",\"@id\":\"https:\/\/www.gaveanews.com\/#\/schema\/person\/fd07635ec039ec3ba74ad18ec8a6dbd6\"},\"headline\":\"Declara\u00e7\u00e3o de ex-Fluminense sobre Mano Menezes e Renato Ga\u00facho surpreende\",\"datePublished\":\"2024-12-11T12:55:36+00:00\",\"mainEntityOfPage\":{\"@id\":\"https:\/\/www.gaveanews.com\/index.php\/2024\/12\/11\/declaracao-de-ex-fluminense-sobre-mano-menezes-e-renato-gaucho-surpreende\/\"},\"wordCount\":350,\"commentCount\":0,\"image\":{\"@id\":\"https:\/\/www.gaveanews.com\/index.php\/2024\/12\/11\/declaracao-de-ex-fluminense-sobre-mano-menezes-e-renato-gaucho-surpreende\/#primaryimage\"},\"thumbnailUrl\":\"https:\/\/www.gaveanews.com\/wp-content\/uploads\/image-2024-07-03T203303.359.webp\",\"articleSection\":[\"Fluminense\"],\"inLanguage\":\"pt-BR\",\"potentialAction\":[{\"@type\":\"CommentAction\",\"name\":\"Comment\",\"target\":[\"https:\/\/www.gaveanews.com\/index.php\/2024\/12\/11\/declaracao-de-ex-fluminense-sobre-mano-menezes-e-renato-gaucho-surpreende\/#respond\"]}],\"copyrightYear\":\"2024\",\"copyrightHolder\":{\"@id\":\"https:\/\/www.gaveanews.com\/#organization\"}},{\"@type\":\"WebPage\",\"@id\":\"https:\/\/www.gaveanews.com\/index.php\/2024\/12\/11\/declaracao-de-ex-fluminense-sobre-mano-menezes-e-renato-gaucho-surpreende\/\",\"url\":\"https:\/\/www.gaveanews.com\/index.php\/2024\/12\/11\/declaracao-de-ex-fluminense-sobre-mano-menezes-e-renato-gaucho-surpreende\/\",\"name\":\"Declara\u00e7\u00e3o de ex-Fluminense sobre Mano Menezes e Renato Ga\u00facho surpreende\",\"isPartOf\":{\"@id\":\"https:\/\/www.gaveanews.com\/#website\"},\"primaryImageOfPage\":{\"@id\":\"https:\/\/www.gaveanews.com\/index.php\/2024\/12\/11\/declaracao-de-ex-fluminense-sobre-mano-menezes-e-renato-gaucho-surpreende\/#primaryimage\"},\"image\":{\"@id\":\"https:\/\/www.gaveanews.com\/index.php\/2024\/12\/11\/declaracao-de-ex-fluminense-sobre-mano-menezes-e-renato-gaucho-surpreende\/#primaryimage\"},\"thumbnailUrl\":\"https:\/\/www.gaveanews.com\/wp-content\/uploads\/image-2024-07-03T203303.359.webp\",\"datePublished\":\"2024-12-11T12:55:36+00:00\",\"author\":{\"@id\":\"https:\/\/www.gaveanews.com\/#\/schema\/person\/fd07635ec039ec3ba74ad18ec8a6dbd6\"},\"breadcrumb\":{\"@id\":\"https:\/\/www.gaveanews.com\/index.php\/2024\/12\/11\/declaracao-de-ex-fluminense-sobre-mano-menezes-e-renato-gaucho-surpreende\/#breadcrumb\"},\"inLanguage\":\"pt-BR\",\"potentialAction\":[{\"@type\":\"ReadAction\",\"target\":[\"https:\/\/www.gaveanews.com\/index.php\/2024\/12\/11\/declaracao-de-ex-fluminense-sobre-mano-menezes-e-renato-gaucho-surpreende\/\"]}]},{\"@type\":\"ImageObject\",\"inLanguage\":\"pt-BR\",\"@id\":\"https:\/\/www.gaveanews.com\/index.php\/2024\/12\/11\/declaracao-de-ex-fluminense-sobre-mano-menezes-e-renato-gaucho-surpreende\/#primaryimage\",\"url\":\"https:\/\/www.gaveanews.com\/wp-content\/uploads\/image-2024-07-03T203303.359.webp\",\"contentUrl\":\"https:\/\/www.gaveanews.com\/wp-content\/uploads\/image-2024-07-03T203303.359.webp\",\"width\":740,\"height\":416,\"caption\":\"Mano Menezes, t\u00e9cnico do Fluminense. Foto: Marcelo Gon\u00e7alves\/Fluminense\"},{\"@type\":\"BreadcrumbList\",\"@id\":\"https:\/\/www.gaveanews.com\/index.php\/2024\/12\/11\/declaracao-de-ex-fluminense-sobre-mano-menezes-e-renato-gaucho-surpreende\/#breadcrumb\",\"itemListElement\":[{\"@type\":\"ListItem\",\"position\":1,\"name\":\"Home\",\"item\":\"https:\/\/www.gaveanews.com\/\"},{\"@type\":\"ListItem\",\"position\":2,\"name\":\"Declara\u00e7\u00e3o de ex-Fluminense sobre Mano Menezes e Renato Ga\u00facho surpreende\"}]},{\"@type\":\"WebSite\",\"@id\":\"https:\/\/www.gaveanews.com\/#website\",\"url\":\"https:\/\/www.gaveanews.com\/\",\"name\":\"G\u00e1vea News\",\"description\":\"Veja todas as not\u00edcias sobre o Flamengo: Contrata\u00e7\u00f5es, categorias de base, resultados das partidas, tabela de classifica\u00e7\u00e3o, pr\u00f3ximos jogos!\",\"potentialAction\":[{\"@type\":\"SearchAction\",\"target\":{\"@type\":\"EntryPoint\",\"urlTemplate\":\"https:\/\/www.gaveanews.com\/?s={search_term_string}\"},\"query-input\":{\"@type\":\"PropertyValueSpecification\",\"valueRequired\":true,\"valueName\":\"search_term_string\"}}],\"inLanguage\":\"pt-BR\"},{\"@type\":\"Person\",\"@id\":\"https:\/\/www.gaveanews.com\/#\/schema\/person\/fd07635ec039ec3ba74ad18ec8a6dbd6\",\"name\":\"Henrique Machado\",\"image\":{\"@type\":\"ImageObject\",\"inLanguage\":\"pt-BR\",\"@id\":\"https:\/\/www.gaveanews.com\/#\/schema\/person\/image\/\",\"url\":\"https:\/\/secure.gravatar.com\/avatar\/b95e35997e01d9800c1b6184bd79d4d898d370a3fce2584f5c77b907d5c7d9e9?s=96&d=mm&r=g\",\"contentUrl\":\"https:\/\/secure.gravatar.com\/avatar\/b95e35997e01d9800c1b6184bd79d4d898d370a3fce2584f5c77b907d5c7d9e9?s=96&d=mm&r=g\",\"caption\":\"Henrique Machado\"}}]}<\/script>\n<!-- \/ Yoast SEO Premium plugin. -->","yoast_head_json":{"title":"Declara\u00e7\u00e3o de ex-Fluminense sobre Mano Menezes e Renato Ga\u00facho surpreende","robots":{"index":"index","follow":"follow","max-snippet":"max-snippet:-1","max-image-preview":"max-image-preview:large","max-video-preview":"max-video-preview:-1"},"canonical":"https:\/\/www.gaveanews.com\/index.php\/2024\/12\/11\/declaracao-de-ex-fluminense-sobre-mano-menezes-e-renato-gaucho-surpreende\/","og_locale":"pt_BR","og_type":"article","og_title":"Declara\u00e7\u00e3o de ex-Fluminense sobre Mano Menezes e Renato Ga\u00facho surpreende","og_description":"O Fluminense vive um momento de transi\u00e7\u00e3o importante ao definir os rumos da equipe para a temporada de 2025. Ap\u00f3s uma campanha marcada pela luta contra o rebaixamento no Brasileir\u00e3o, o clube j\u00e1 iniciou o planejamento, liberando alguns atletas, como Marquinhos e John Kennedy, que ser\u00e1 emprestado ao Pachuca, do M\u00e9xico. Paralelamente, a diretoria avan\u00e7a [&hellip;]","og_url":"https:\/\/www.gaveanews.com\/index.php\/2024\/12\/11\/declaracao-de-ex-fluminense-sobre-mano-menezes-e-renato-gaucho-surpreende\/","og_site_name":"G\u00e1vea News","article_publisher":"https:\/\/facebook.com\/gaveaNews\/","article_published_time":"2024-12-11T12:55:36+00:00","og_image":[{"width":740,"height":416,"url":"https:\/\/www.gaveanews.com\/wp-content\/uploads\/image-2024-07-03T203303.359.webp","type":"image\/webp"}],"author":"Henrique Machado","twitter_card":"summary_large_image","twitter_misc":{"Escrito por":"Henrique Machado","Est. tempo de leitura":"2 minutos"},"schema":{"@context":"https:\/\/schema.org","@graph":[{"@type":"NewsArticle","@id":"https:\/\/www.gaveanews.com\/index.php\/2024\/12\/11\/declaracao-de-ex-fluminense-sobre-mano-menezes-e-renato-gaucho-surpreende\/#article","isPartOf":{"@id":"https:\/\/www.gaveanews.com\/index.php\/2024\/12\/11\/declaracao-de-ex-fluminense-sobre-mano-menezes-e-renato-gaucho-surpreende\/"},"author":{"name":"Henrique Machado","@id":"https:\/\/www.gaveanews.com\/#\/schema\/person\/fd07635ec039ec3ba74ad18ec8a6dbd6"},"headline":"Declara\u00e7\u00e3o de ex-Fluminense sobre Mano Menezes e Renato Ga\u00facho surpreende","datePublished":"2024-12-11T12:55:36+00:00","mainEntityOfPage":{"@id":"https:\/\/www.gaveanews.com\/index.php\/2024\/12\/11\/declaracao-de-ex-fluminense-sobre-mano-menezes-e-renato-gaucho-surpreende\/"},"wordCount":350,"commentCount":0,"image":{"@id":"https:\/\/www.gaveanews.com\/index.php\/2024\/12\/11\/declaracao-de-ex-fluminense-sobre-mano-menezes-e-renato-gaucho-surpreende\/#primaryimage"},"thumbnailUrl":"https:\/\/www.gaveanews.com\/wp-content\/uploads\/image-2024-07-03T203303.359.webp","articleSection":["Fluminense"],"inLanguage":"pt-BR","potentialAction":[{"@type":"CommentAction","name":"Comment","target":["https:\/\/www.gaveanews.com\/index.php\/2024\/12\/11\/declaracao-de-ex-fluminense-sobre-mano-menezes-e-renato-gaucho-surpreende\/#respond"]}],"copyrightYear":"2024","copyrightHolder":{"@id":"https:\/\/www.gaveanews.com\/#organization"}},{"@type":"WebPage","@id":"https:\/\/www.gaveanews.com\/index.php\/2024\/12\/11\/declaracao-de-ex-fluminense-sobre-mano-menezes-e-renato-gaucho-surpreende\/","url":"https:\/\/www.gaveanews.com\/index.php\/2024\/12\/11\/declaracao-de-ex-fluminense-sobre-mano-menezes-e-renato-gaucho-surpreende\/","name":"Declara\u00e7\u00e3o de ex-Fluminense sobre Mano Menezes e Renato Ga\u00facho surpreende","isPartOf":{"@id":"https:\/\/www.gaveanews.com\/#website"},"primaryImageOfPage":{"@id":"https:\/\/www.gaveanews.com\/index.php\/2024\/12\/11\/declaracao-de-ex-fluminense-sobre-mano-menezes-e-renato-gaucho-surpreende\/#primaryimage"},"image":{"@id":"https:\/\/www.gaveanews.com\/index.php\/2024\/12\/11\/declaracao-de-ex-fluminense-sobre-mano-menezes-e-renato-gaucho-surpreende\/#primaryimage"},"thumbnailUrl":"https:\/\/www.gaveanews.com\/wp-content\/uploads\/image-2024-07-03T203303.359.webp","datePublished":"2024-12-11T12:55:36+00:00","author":{"@id":"https:\/\/www.gaveanews.com\/#\/schema\/person\/fd07635ec039ec3ba74ad18ec8a6dbd6"},"breadcrumb":{"@id":"https:\/\/www.gaveanews.com\/index.php\/2024\/12\/11\/declaracao-de-ex-fluminense-sobre-mano-menezes-e-renato-gaucho-surpreende\/#breadcrumb"},"inLanguage":"pt-BR","potentialAction":[{"@type":"ReadAction","target":["https:\/\/www.gaveanews.com\/index.php\/2024\/12\/11\/declaracao-de-ex-fluminense-sobre-mano-menezes-e-renato-gaucho-surpreende\/"]}]},{"@type":"ImageObject","inLanguage":"pt-BR","@id":"https:\/\/www.gaveanews.com\/index.php\/2024\/12\/11\/declaracao-de-ex-fluminense-sobre-mano-menezes-e-renato-gaucho-surpreende\/#primaryimage","url":"https:\/\/www.gaveanews.com\/wp-content\/uploads\/image-2024-07-03T203303.359.webp","contentUrl":"https:\/\/www.gaveanews.com\/wp-content\/uploads\/image-2024-07-03T203303.359.webp","width":740,"height":416,"caption":"Mano Menezes, t\u00e9cnico do Fluminense. Foto: Marcelo Gon\u00e7alves\/Fluminense"},{"@type":"BreadcrumbList","@id":"https:\/\/www.gaveanews.com\/index.php\/2024\/12\/11\/declaracao-de-ex-fluminense-sobre-mano-menezes-e-renato-gaucho-surpreende\/#breadcrumb","itemListElement":[{"@type":"ListItem","position":1,"name":"Home","item":"https:\/\/www.gaveanews.com\/"},{"@type":"ListItem","position":2,"name":"Declara\u00e7\u00e3o de ex-Fluminense sobre Mano Menezes e Renato Ga\u00facho surpreende"}]},{"@type":"WebSite","@id":"https:\/\/www.gaveanews.com\/#website","url":"https:\/\/www.gaveanews.com\/","name":"G\u00e1vea News","description":"Veja todas as not\u00edcias sobre o Flamengo: Contrata\u00e7\u00f5es, categorias de base, resultados das partidas, tabela de classifica\u00e7\u00e3o, pr\u00f3ximos jogos!","potentialAction":[{"@type":"SearchAction","target":{"@type":"EntryPoint","urlTemplate":"https:\/\/www.gaveanews.com\/?s={search_term_string}"},"query-input":{"@type":"PropertyValueSpecification","valueRequired":true,"valueName":"search_term_string"}}],"inLanguage":"pt-BR"},{"@type":"Person","@id":"https:\/\/www.gaveanews.com\/#\/schema\/person\/fd07635ec039ec3ba74ad18ec8a6dbd6","name":"Henrique Machado","image":{"@type":"ImageObject","inLanguage":"pt-BR","@id":"https:\/\/www.gaveanews.com\/#\/schema\/person\/image\/","url":"https:\/\/secure.gravatar.com\/avatar\/b95e35997e01d9800c1b6184bd79d4d898d370a3fce2584f5c77b907d5c7d9e9?s=96&d=mm&r=g","contentUrl":"https:\/\/secure.gravatar.com\/avatar\/b95e35997e01d9800c1b6184bd79d4d898d370a3fce2584f5c77b907d5c7d9e9?s=96&d=mm&r=g","caption":"Henrique Machado"}}]}},"_links":{"self":[{"href":"https:\/\/www.gaveanews.com\/index.php\/wp-json\/wp\/v2\/posts\/197411","targetHints":{"allow":["GET"]}}],"collection":[{"href":"https:\/\/www.gaveanews.com\/index.php\/wp-json\/wp\/v2\/posts"}],"about":[{"href":"https:\/\/www.gaveanews.com\/index.php\/wp-json\/wp\/v2\/types\/post"}],"author":[{"embeddable":true,"href":"https:\/\/www.gaveanews.com\/index.php\/wp-json\/wp\/v2\/users\/15"}],"replies":[{"embeddable":true,"href":"https:\/\/www.gaveanews.com\/index.php\/wp-json\/wp\/v2\/comments?post=197411"}],"version-history":[{"count":3,"href":"https:\/\/www.gaveanews.com\/index.php\/wp-json\/wp\/v2\/posts\/197411\/revisions"}],"predecessor-version":[{"id":197422,"href":"https:\/\/www.gaveanews.com\/index.php\/wp-json\/wp\/v2\/posts\/197411\/revisions\/197422"}],"wp:featuredmedia":[{"embeddable":true,"href":"https:\/\/www.gaveanews.com\/index.php\/wp-json\/wp\/v2\/media\/150636"}],"wp:attachment":[{"href":"https:\/\/www.gaveanews.com\/index.php\/wp-json\/wp\/v2\/media?parent=197411"}],"wp:term":[{"taxonomy":"category","embeddable":true,"href":"https:\/\/www.gaveanews.com\/index.php\/wp-json\/wp\/v2\/categories?post=197411"},{"taxonomy":"post_tag","embeddable":true,"href":"https:\/\/www.gaveanews.com\/index.php\/wp-json\/wp\/v2\/tags?post=197411"}],"curies":[{"name":"wp","href":"https:\/\/api.w.org\/{rel}","templated":true}]}}