{"id":197488,"date":"2024-12-11T07:25:00","date_gmt":"2024-12-11T10:25:00","guid":{"rendered":"https:\/\/www.gaveanews.com\/?p=197488"},"modified":"2024-12-11T01:53:58","modified_gmt":"2024-12-11T04:53:58","slug":"futuro-de-serginho-preparacao-para-nova-arena-e-decisao-de-soteldo-as-ultimas-noticias-do-santos","status":"publish","type":"post","link":"https:\/\/www.gaveanews.com\/index.php\/2024\/12\/11\/futuro-de-serginho-preparacao-para-nova-arena-e-decisao-de-soteldo-as-ultimas-noticias-do-santos\/","title":{"rendered":"Futuro de Serginho, prepara\u00e7\u00e3o para nova arena e decis\u00e3o de Soteldo: as \u00faltimas not\u00edcias do Santos"},"content":{"rendered":"\n<p>Nas \u00faltimas horas, o foco das not\u00edcias sobre o Santos se concentram nos bastidores do clube, com destaques como a prepara\u00e7\u00e3o para nova arena e decis\u00e3o de Soteldo.<\/p>\n\n\n\n<p>Por conta deste contexto, leia abaixo um resumo preparado pela equipe do portal G\u00e1vea News para lhe manter muito bem informado!<\/p>\n\n\n\n<h2 class=\"wp-block-heading\" id=\"h-decisao-de-soteldo\">Decis\u00e3o de Soteldo<\/h2>\n\n\n\n<p>Yeferson Soteldo, atualmente vinculado ao Santos, enfrenta um futuro incerto ap\u00f3s uma temporada regular pelo Gr\u00eamio, marcada por les\u00f5es e desempenho coletivo irregular. O clube ga\u00facho, que possui prioridade de compra, j\u00e1 indicou n\u00e3o ter condi\u00e7\u00f5es de arcar com o valor estipulado pelo Santos, enquanto o Alvinegro Praiano busca negociar o jogador para recuperar parte do investimento feito em sua contrata\u00e7\u00e3o junto ao Tigres, do M\u00e9xico<strong><a href=\"https:\/\/www.gaveanews.com\/index.php\/2024\/12\/10\/mercado-da-bola-soteldo-toma-decisao-sobre-futuro\/\"> (leia a mat\u00e9ria completa).<\/a><\/strong><\/p>\n\n\n\n<figure class=\"wp-block-image size-large\"><img loading=\"lazy\" decoding=\"async\" width=\"1024\" height=\"682\" src=\"https:\/\/www.gaveanews.com\/wp-content\/uploads\/Yeferson-Soteldo-com-a-camisa-do-Gremio-pela-Libertadores-2024-1024x682.webp\" alt=\"\" class=\"wp-image-155183\" srcset=\"https:\/\/www.gaveanews.com\/wp-content\/uploads\/Yeferson-Soteldo-com-a-camisa-do-Gremio-pela-Libertadores-2024-1024x682.webp 1024w, https:\/\/www.gaveanews.com\/wp-content\/uploads\/Yeferson-Soteldo-com-a-camisa-do-Gremio-pela-Libertadores-2024-300x200.webp 300w, https:\/\/www.gaveanews.com\/wp-content\/uploads\/Yeferson-Soteldo-com-a-camisa-do-Gremio-pela-Libertadores-2024-768x511.webp 768w, https:\/\/www.gaveanews.com\/wp-content\/uploads\/Yeferson-Soteldo-com-a-camisa-do-Gremio-pela-Libertadores-2024-631x420.webp 631w, https:\/\/www.gaveanews.com\/wp-content\/uploads\/Yeferson-Soteldo-com-a-camisa-do-Gremio-pela-Libertadores-2024-1261x840.webp 1261w, https:\/\/www.gaveanews.com\/wp-content\/uploads\/Yeferson-Soteldo-com-a-camisa-do-Gremio-pela-Libertadores-2024-640x426.webp 640w, https:\/\/www.gaveanews.com\/wp-content\/uploads\/Yeferson-Soteldo-com-a-camisa-do-Gremio-pela-Libertadores-2024-1280x852.webp 1280w, https:\/\/www.gaveanews.com\/wp-content\/uploads\/Yeferson-Soteldo-com-a-camisa-do-Gremio-pela-Libertadores-2024-681x454.webp 681w, https:\/\/www.gaveanews.com\/wp-content\/uploads\/Yeferson-Soteldo-com-a-camisa-do-Gremio-pela-Libertadores-2024-1362x907.webp 1362w, https:\/\/www.gaveanews.com\/wp-content\/uploads\/Yeferson-Soteldo-com-a-camisa-do-Gremio-pela-Libertadores-2024-100x67.webp 100w, https:\/\/www.gaveanews.com\/wp-content\/uploads\/Yeferson-Soteldo-com-a-camisa-do-Gremio-pela-Libertadores-2024.webp 1440w\" sizes=\"auto, (max-width: 1024px) 100vw, 1024px\" \/><figcaption class=\"wp-element-caption\">Yeferson Soteldo com a camisa do Gr\u00eamio pela Libertadores 2024 (Foto: Reprodu\u00e7\u00e3o\/Gr\u00eamio)<\/figcaption><\/figure>\n\n\n\n<p>O Corinthians surge como um poss\u00edvel destino para o atacante venezuelano, segundo informa\u00e7\u00f5es do jornalista Diego Torbes, que afirmou que o clube paulista est\u00e1 analisando a possibilidade de contrat\u00e1-lo. <\/p>\n\n\n\n<p>No entanto, o Corinthians n\u00e3o demonstrou grande entusiasmo inicial, pois busca refor\u00e7os que possam trazer impacto imediato \u00e0 equipe. Soteldo, que possui contrato com o Santos at\u00e9 2027, tamb\u00e9m n\u00e3o est\u00e1 nos planos do Peixe para a pr\u00f3xima temporada, o que aumenta as chances de uma sa\u00edda.<\/p>\n\n\n\n<p>A postura do Santos \u00e9 clara: o clube est\u00e1 disposto a negociar, desde que os valores atendam suas expectativas financeiras. A sa\u00edda de Soteldo tamb\u00e9m faz parte de uma estrat\u00e9gia para reduzir custos e liberar espa\u00e7o no elenco. Embora tenha sido um jogador querido pela torcida santista, sua r\u00e1pida despedida ap\u00f3s o rebaixamento para a S\u00e9rie B deixou uma impress\u00e3o negativa, o que refor\u00e7a a decis\u00e3o da diretoria em buscar alternativas para o seu futuro.<\/p>\n\n\n\n<h2 class=\"wp-block-heading\" id=\"h-preparacao-para-nova-arena\">Prepara\u00e7\u00e3o para nova arena<\/h2>\n\n\n\n<p>O Santos anunciou planos de transferir sua sede administrativa para o Museu Pel\u00e9, no Valongo, at\u00e9 fevereiro de 2025, como parte da prepara\u00e7\u00e3o para a demoli\u00e7\u00e3o da Vila Belmiro e a constru\u00e7\u00e3o de uma nova arena em parceria com a WTorre. Segundo o presidente Marcelo Teixeira, a mudan\u00e7a busca agilizar os processos internos e adaptar os funcion\u00e1rios antes da desativa\u00e7\u00e3o do est\u00e1dio. Durante as obras, o Santos utilizar\u00e1 o Est\u00e1dio do Pacaembu, em S\u00e3o Paulo, para mandar seus jogos<strong><a href=\"https:\/\/www.gaveanews.com\/index.php\/2024\/12\/10\/santos-planeja-mudar-de-sede-para-iniciar-obras-na-vila-belmiro\/\"> (leia a mat\u00e9ria completa).<\/a><\/strong><\/p>\n\n\n\n<figure class=\"wp-block-image size-large\"><img loading=\"lazy\" decoding=\"async\" width=\"1024\" height=\"768\" src=\"https:\/\/www.gaveanews.com\/wp-content\/uploads\/Interior-da-Vila-Belmiro-1024x768.webp\" alt=\"\" class=\"wp-image-147259\" srcset=\"https:\/\/www.gaveanews.com\/wp-content\/uploads\/Interior-da-Vila-Belmiro-1024x768.webp 1024w, https:\/\/www.gaveanews.com\/wp-content\/uploads\/Interior-da-Vila-Belmiro-300x225.webp 300w, https:\/\/www.gaveanews.com\/wp-content\/uploads\/Interior-da-Vila-Belmiro-768x576.webp 768w, https:\/\/www.gaveanews.com\/wp-content\/uploads\/Interior-da-Vila-Belmiro-560x420.webp 560w, https:\/\/www.gaveanews.com\/wp-content\/uploads\/Interior-da-Vila-Belmiro-1120x840.webp 1120w, https:\/\/www.gaveanews.com\/wp-content\/uploads\/Interior-da-Vila-Belmiro-80x60.webp 80w, https:\/\/www.gaveanews.com\/wp-content\/uploads\/Interior-da-Vila-Belmiro-160x120.webp 160w, https:\/\/www.gaveanews.com\/wp-content\/uploads\/Interior-da-Vila-Belmiro-100x75.webp 100w, https:\/\/www.gaveanews.com\/wp-content\/uploads\/Interior-da-Vila-Belmiro-200x150.webp 200w, https:\/\/www.gaveanews.com\/wp-content\/uploads\/Interior-da-Vila-Belmiro-180x135.webp 180w, https:\/\/www.gaveanews.com\/wp-content\/uploads\/Interior-da-Vila-Belmiro-360x270.webp 360w, https:\/\/www.gaveanews.com\/wp-content\/uploads\/Interior-da-Vila-Belmiro-238x178.webp 238w, https:\/\/www.gaveanews.com\/wp-content\/uploads\/Interior-da-Vila-Belmiro-476x356.webp 476w, https:\/\/www.gaveanews.com\/wp-content\/uploads\/Interior-da-Vila-Belmiro-640x480.webp 640w, https:\/\/www.gaveanews.com\/wp-content\/uploads\/Interior-da-Vila-Belmiro-681x511.webp 681w, https:\/\/www.gaveanews.com\/wp-content\/uploads\/Interior-da-Vila-Belmiro.webp 1280w\" sizes=\"auto, (max-width: 1024px) 100vw, 1024px\" \/><figcaption class=\"wp-element-caption\">Interior da Vila Belmiro (Foto: F\u00e1bio Maradei\/Santos)<\/figcaption><\/figure>\n\n\n\n<p>O Museu Pel\u00e9, localizado a cerca de dois quil\u00f4metros da Vila Belmiro, ser\u00e1 o ponto de apoio do clube durante esse per\u00edodo de transi\u00e7\u00e3o. A constru\u00e7\u00e3o da nova arena, que promete modernizar as instala\u00e7\u00f5es do Santos e aumentar suas receitas, ainda enfrenta pend\u00eancias contratuais com a WTorre, como as vendas de camarotes e cativas. Apesar dos atrasos, o clube continua avan\u00e7ando nos tr\u00e2mites para viabilizar o projeto.<\/p>\n\n\n\n<p>A iniciativa representa um marco importante para o futuro do Santos, que busca se modernizar e ampliar sua estrutura para competir em alto n\u00edvel. A mudan\u00e7a de sede e a nova arena fazem parte de um esfor\u00e7o estrat\u00e9gico para elevar o clube a um novo patamar, trazendo benef\u00edcios esportivos e financeiros para os pr\u00f3ximos anos.<\/p>\n\n\n\n<h2 class=\"wp-block-heading\" id=\"h-futuro-de-serginho\">Futuro de Serginho<\/h2>\n\n\n\n<p>O Santos anunciou que n\u00e3o renovar\u00e1 com o meia Serginho, de 33 anos, que foi titular na reta final da S\u00e9rie B, marcando dois gols e dando duas assist\u00eancias em 19 partidas. O jogador, emprestado pelo Maring\u00e1, tinha uma cl\u00e1usula de compra avaliada em R$ 1 milh\u00e3o, mas o clube decidiu n\u00e3o exercer a op\u00e7\u00e3o. Com o t\u00e9rmino de seu v\u00ednculo em novembro, Serginho retornar\u00e1 ao Maring\u00e1 e disputar\u00e1 o Campeonato Estadual de 2025 pela equipe paranaense <strong><a href=\"https:\/\/www.gaveanews.com\/index.php\/2024\/12\/10\/agora-e-oficial-santos-define-futuro-de-serginho\/\">(leia a mat\u00e9ria completa).<\/a><\/strong><\/p>\n\n\n\n<figure class=\"wp-block-image size-full\"><img loading=\"lazy\" decoding=\"async\" width=\"450\" height=\"374\" src=\"https:\/\/www.gaveanews.com\/wp-content\/uploads\/Serginho-pelo-Santos.webp\" alt=\"\" class=\"wp-image-173160\" srcset=\"https:\/\/www.gaveanews.com\/wp-content\/uploads\/Serginho-pelo-Santos.webp 450w, https:\/\/www.gaveanews.com\/wp-content\/uploads\/Serginho-pelo-Santos-300x249.webp 300w, https:\/\/www.gaveanews.com\/wp-content\/uploads\/Serginho-pelo-Santos-100x83.webp 100w\" sizes=\"auto, (max-width: 450px) 100vw, 450px\" \/><figcaption class=\"wp-element-caption\">Serginho pelo Santos (Foto: Raul Baretta\/ Santos FC)<\/figcaption><\/figure>\n\n\n\n<p>A decis\u00e3o faz parte de uma ampla reformula\u00e7\u00e3o do elenco santista, que busca se reestruturar para a temporada de 2025. Apesar da boa participa\u00e7\u00e3o de Serginho, o jogador n\u00e3o foi inclu\u00eddo nos planos futuros do clube, especialmente com a chegada de um novo treinador. Marcelo Teixeira, presidente do Santos, confirmou que o t\u00e9cnico j\u00e1 est\u00e1 contratado e colaborando no planejamento, embora o an\u00fancio oficial dependa de ajustes contratuais. Gustavo Quinteros, do V\u00e9lez Sarsfield, \u00e9 apontado como o principal nome para assumir o comando.<\/p>\n\n\n\n<p>O Santos segue com mudan\u00e7as significativas no elenco, focado em montar uma equipe competitiva para o retorno \u00e0 S\u00e9rie A e o Campeonato Paulista de 2025. A diretoria planeja contratar refor\u00e7os alinhados \u00e0 estrat\u00e9gia do novo t\u00e9cnico, com o objetivo de iniciar a pr\u00f3xima temporada em alto n\u00edvel e recolocar o Peixe entre os protagonistas do futebol brasileiro.<\/p>\n","protected":false},"excerpt":{"rendered":"<p>Nas \u00faltimas horas, o foco das not\u00edcias sobre o Santos se concentram nos bastidores do clube, com destaques como a prepara\u00e7\u00e3o para nova arena e decis\u00e3o de Soteldo. Por conta deste contexto, leia abaixo um resumo preparado pela equipe do portal G\u00e1vea News para lhe manter muito bem informado! Decis\u00e3o de Soteldo Yeferson Soteldo, atualmente [&hellip;]<\/p>\n","protected":false},"author":27,"featured_media":114917,"comment_status":"open","ping_status":"closed","sticky":false,"template":"","format":"standard","meta":{"footnotes":""},"categories":[139],"tags":[],"class_list":["post-197488","post","type-post","status-publish","format-standard","has-post-thumbnail","hentry","category-santos"],"yoast_head":"<!-- This site is optimized with the Yoast SEO Premium plugin v24.2 (Yoast SEO v26.9) - https:\/\/yoast.com\/product\/yoast-seo-premium-wordpress\/ -->\n<title>Futuro de Serginho, prepara\u00e7\u00e3o para nova arena e decis\u00e3o de Soteldo: as \u00faltimas not\u00edcias do Santos<\/title>\n<meta name=\"robots\" content=\"index, follow, max-snippet:-1, max-image-preview:large, max-video-preview:-1\" \/>\n<link rel=\"canonical\" href=\"https:\/\/www.gaveanews.com\/index.php\/2024\/12\/11\/futuro-de-serginho-preparacao-para-nova-arena-e-decisao-de-soteldo-as-ultimas-noticias-do-santos\/\" \/>\n<meta property=\"og:locale\" content=\"pt_BR\" \/>\n<meta property=\"og:type\" content=\"article\" \/>\n<meta property=\"og:title\" content=\"Futuro de Serginho, prepara\u00e7\u00e3o para nova arena e decis\u00e3o de Soteldo: as \u00faltimas not\u00edcias do Santos\" \/>\n<meta property=\"og:description\" content=\"Nas \u00faltimas horas, o foco das not\u00edcias sobre o Santos se concentram nos bastidores do clube, com destaques como a prepara\u00e7\u00e3o para nova arena e decis\u00e3o de Soteldo. Por conta deste contexto, leia abaixo um resumo preparado pela equipe do portal G\u00e1vea News para lhe manter muito bem informado! Decis\u00e3o de Soteldo Yeferson Soteldo, atualmente [&hellip;]\" \/>\n<meta property=\"og:url\" content=\"https:\/\/www.gaveanews.com\/index.php\/2024\/12\/11\/futuro-de-serginho-preparacao-para-nova-arena-e-decisao-de-soteldo-as-ultimas-noticias-do-santos\/\" \/>\n<meta property=\"og:site_name\" content=\"G\u00e1vea News\" \/>\n<meta property=\"article:publisher\" content=\"https:\/\/facebook.com\/gaveaNews\/\" \/>\n<meta property=\"article:published_time\" content=\"2024-12-11T10:25:00+00:00\" \/>\n<meta property=\"og:image\" content=\"https:\/\/www.gaveanews.com\/wp-content\/uploads\/santos-rebaixado-jogadores.webp\" \/>\n\t<meta property=\"og:image:width\" content=\"774\" \/>\n\t<meta property=\"og:image:height\" content=\"372\" \/>\n\t<meta property=\"og:image:type\" content=\"image\/webp\" \/>\n<meta name=\"author\" content=\"Matheus Felipe\" \/>\n<meta name=\"twitter:card\" content=\"summary_large_image\" \/>\n<meta name=\"twitter:label1\" content=\"Escrito por\" \/>\n\t<meta name=\"twitter:data1\" content=\"Matheus Felipe\" \/>\n\t<meta name=\"twitter:label2\" content=\"Est. tempo de leitura\" \/>\n\t<meta name=\"twitter:data2\" content=\"5 minutos\" \/>\n<script type=\"application\/ld+json\" class=\"yoast-schema-graph\">{\"@context\":\"https:\/\/schema.org\",\"@graph\":[{\"@type\":\"NewsArticle\",\"@id\":\"https:\/\/www.gaveanews.com\/index.php\/2024\/12\/11\/futuro-de-serginho-preparacao-para-nova-arena-e-decisao-de-soteldo-as-ultimas-noticias-do-santos\/#article\",\"isPartOf\":{\"@id\":\"https:\/\/www.gaveanews.com\/index.php\/2024\/12\/11\/futuro-de-serginho-preparacao-para-nova-arena-e-decisao-de-soteldo-as-ultimas-noticias-do-santos\/\"},\"author\":{\"name\":\"Matheus Felipe\",\"@id\":\"https:\/\/www.gaveanews.com\/#\/schema\/person\/8207cd4627f56151707418bfc835b2fb\"},\"headline\":\"Futuro de Serginho, prepara\u00e7\u00e3o para nova arena e decis\u00e3o de Soteldo: as \u00faltimas not\u00edcias do Santos\",\"datePublished\":\"2024-12-11T10:25:00+00:00\",\"mainEntityOfPage\":{\"@id\":\"https:\/\/www.gaveanews.com\/index.php\/2024\/12\/11\/futuro-de-serginho-preparacao-para-nova-arena-e-decisao-de-soteldo-as-ultimas-noticias-do-santos\/\"},\"wordCount\":828,\"commentCount\":0,\"image\":{\"@id\":\"https:\/\/www.gaveanews.com\/index.php\/2024\/12\/11\/futuro-de-serginho-preparacao-para-nova-arena-e-decisao-de-soteldo-as-ultimas-noticias-do-santos\/#primaryimage\"},\"thumbnailUrl\":\"https:\/\/www.gaveanews.com\/wp-content\/uploads\/santos-rebaixado-jogadores.webp\",\"articleSection\":[\"Santos\"],\"inLanguage\":\"pt-BR\",\"potentialAction\":[{\"@type\":\"CommentAction\",\"name\":\"Comment\",\"target\":[\"https:\/\/www.gaveanews.com\/index.php\/2024\/12\/11\/futuro-de-serginho-preparacao-para-nova-arena-e-decisao-de-soteldo-as-ultimas-noticias-do-santos\/#respond\"]}],\"copyrightYear\":\"2024\",\"copyrightHolder\":{\"@id\":\"https:\/\/www.gaveanews.com\/#organization\"}},{\"@type\":\"WebPage\",\"@id\":\"https:\/\/www.gaveanews.com\/index.php\/2024\/12\/11\/futuro-de-serginho-preparacao-para-nova-arena-e-decisao-de-soteldo-as-ultimas-noticias-do-santos\/\",\"url\":\"https:\/\/www.gaveanews.com\/index.php\/2024\/12\/11\/futuro-de-serginho-preparacao-para-nova-arena-e-decisao-de-soteldo-as-ultimas-noticias-do-santos\/\",\"name\":\"Futuro de Serginho, prepara\u00e7\u00e3o para nova arena e decis\u00e3o de Soteldo: as \u00faltimas not\u00edcias do Santos\",\"isPartOf\":{\"@id\":\"https:\/\/www.gaveanews.com\/#website\"},\"primaryImageOfPage\":{\"@id\":\"https:\/\/www.gaveanews.com\/index.php\/2024\/12\/11\/futuro-de-serginho-preparacao-para-nova-arena-e-decisao-de-soteldo-as-ultimas-noticias-do-santos\/#primaryimage\"},\"image\":{\"@id\":\"https:\/\/www.gaveanews.com\/index.php\/2024\/12\/11\/futuro-de-serginho-preparacao-para-nova-arena-e-decisao-de-soteldo-as-ultimas-noticias-do-santos\/#primaryimage\"},\"thumbnailUrl\":\"https:\/\/www.gaveanews.com\/wp-content\/uploads\/santos-rebaixado-jogadores.webp\",\"datePublished\":\"2024-12-11T10:25:00+00:00\",\"author\":{\"@id\":\"https:\/\/www.gaveanews.com\/#\/schema\/person\/8207cd4627f56151707418bfc835b2fb\"},\"breadcrumb\":{\"@id\":\"https:\/\/www.gaveanews.com\/index.php\/2024\/12\/11\/futuro-de-serginho-preparacao-para-nova-arena-e-decisao-de-soteldo-as-ultimas-noticias-do-santos\/#breadcrumb\"},\"inLanguage\":\"pt-BR\",\"potentialAction\":[{\"@type\":\"ReadAction\",\"target\":[\"https:\/\/www.gaveanews.com\/index.php\/2024\/12\/11\/futuro-de-serginho-preparacao-para-nova-arena-e-decisao-de-soteldo-as-ultimas-noticias-do-santos\/\"]}]},{\"@type\":\"ImageObject\",\"inLanguage\":\"pt-BR\",\"@id\":\"https:\/\/www.gaveanews.com\/index.php\/2024\/12\/11\/futuro-de-serginho-preparacao-para-nova-arena-e-decisao-de-soteldo-as-ultimas-noticias-do-santos\/#primaryimage\",\"url\":\"https:\/\/www.gaveanews.com\/wp-content\/uploads\/santos-rebaixado-jogadores.webp\",\"contentUrl\":\"https:\/\/www.gaveanews.com\/wp-content\/uploads\/santos-rebaixado-jogadores.webp\",\"width\":774,\"height\":372,\"caption\":\"Jogadores do Santos (Foto: Raul Baretta\/Santos FC\/Esporte News Mundo)\"},{\"@type\":\"BreadcrumbList\",\"@id\":\"https:\/\/www.gaveanews.com\/index.php\/2024\/12\/11\/futuro-de-serginho-preparacao-para-nova-arena-e-decisao-de-soteldo-as-ultimas-noticias-do-santos\/#breadcrumb\",\"itemListElement\":[{\"@type\":\"ListItem\",\"position\":1,\"name\":\"Home\",\"item\":\"https:\/\/www.gaveanews.com\/\"},{\"@type\":\"ListItem\",\"position\":2,\"name\":\"Futuro de Serginho, prepara\u00e7\u00e3o para nova arena e decis\u00e3o de Soteldo: as \u00faltimas not\u00edcias do Santos\"}]},{\"@type\":\"WebSite\",\"@id\":\"https:\/\/www.gaveanews.com\/#website\",\"url\":\"https:\/\/www.gaveanews.com\/\",\"name\":\"G\u00e1vea News\",\"description\":\"Veja todas as not\u00edcias sobre o Flamengo: Contrata\u00e7\u00f5es, categorias de base, resultados das partidas, tabela de classifica\u00e7\u00e3o, pr\u00f3ximos jogos!\",\"potentialAction\":[{\"@type\":\"SearchAction\",\"target\":{\"@type\":\"EntryPoint\",\"urlTemplate\":\"https:\/\/www.gaveanews.com\/?s={search_term_string}\"},\"query-input\":{\"@type\":\"PropertyValueSpecification\",\"valueRequired\":true,\"valueName\":\"search_term_string\"}}],\"inLanguage\":\"pt-BR\"},{\"@type\":\"Person\",\"@id\":\"https:\/\/www.gaveanews.com\/#\/schema\/person\/8207cd4627f56151707418bfc835b2fb\",\"name\":\"Matheus Felipe\",\"image\":{\"@type\":\"ImageObject\",\"inLanguage\":\"pt-BR\",\"@id\":\"https:\/\/www.gaveanews.com\/#\/schema\/person\/image\/\",\"url\":\"https:\/\/secure.gravatar.com\/avatar\/a452ffbed9130f726358b298bb3a99ce4bd3c5338411f8440e87e14d74c7c087?s=96&d=mm&r=g\",\"contentUrl\":\"https:\/\/secure.gravatar.com\/avatar\/a452ffbed9130f726358b298bb3a99ce4bd3c5338411f8440e87e14d74c7c087?s=96&d=mm&r=g\",\"caption\":\"Matheus Felipe\"}}]}<\/script>\n<!-- \/ Yoast SEO Premium plugin. -->","yoast_head_json":{"title":"Futuro de Serginho, prepara\u00e7\u00e3o para nova arena e decis\u00e3o de Soteldo: as \u00faltimas not\u00edcias do Santos","robots":{"index":"index","follow":"follow","max-snippet":"max-snippet:-1","max-image-preview":"max-image-preview:large","max-video-preview":"max-video-preview:-1"},"canonical":"https:\/\/www.gaveanews.com\/index.php\/2024\/12\/11\/futuro-de-serginho-preparacao-para-nova-arena-e-decisao-de-soteldo-as-ultimas-noticias-do-santos\/","og_locale":"pt_BR","og_type":"article","og_title":"Futuro de Serginho, prepara\u00e7\u00e3o para nova arena e decis\u00e3o de Soteldo: as \u00faltimas not\u00edcias do Santos","og_description":"Nas \u00faltimas horas, o foco das not\u00edcias sobre o Santos se concentram nos bastidores do clube, com destaques como a prepara\u00e7\u00e3o para nova arena e decis\u00e3o de Soteldo. Por conta deste contexto, leia abaixo um resumo preparado pela equipe do portal G\u00e1vea News para lhe manter muito bem informado! Decis\u00e3o de Soteldo Yeferson Soteldo, atualmente [&hellip;]","og_url":"https:\/\/www.gaveanews.com\/index.php\/2024\/12\/11\/futuro-de-serginho-preparacao-para-nova-arena-e-decisao-de-soteldo-as-ultimas-noticias-do-santos\/","og_site_name":"G\u00e1vea News","article_publisher":"https:\/\/facebook.com\/gaveaNews\/","article_published_time":"2024-12-11T10:25:00+00:00","og_image":[{"width":774,"height":372,"url":"https:\/\/www.gaveanews.com\/wp-content\/uploads\/santos-rebaixado-jogadores.webp","type":"image\/webp"}],"author":"Matheus Felipe","twitter_card":"summary_large_image","twitter_misc":{"Escrito por":"Matheus Felipe","Est. tempo de leitura":"5 minutos"},"schema":{"@context":"https:\/\/schema.org","@graph":[{"@type":"NewsArticle","@id":"https:\/\/www.gaveanews.com\/index.php\/2024\/12\/11\/futuro-de-serginho-preparacao-para-nova-arena-e-decisao-de-soteldo-as-ultimas-noticias-do-santos\/#article","isPartOf":{"@id":"https:\/\/www.gaveanews.com\/index.php\/2024\/12\/11\/futuro-de-serginho-preparacao-para-nova-arena-e-decisao-de-soteldo-as-ultimas-noticias-do-santos\/"},"author":{"name":"Matheus Felipe","@id":"https:\/\/www.gaveanews.com\/#\/schema\/person\/8207cd4627f56151707418bfc835b2fb"},"headline":"Futuro de Serginho, prepara\u00e7\u00e3o para nova arena e decis\u00e3o de Soteldo: as \u00faltimas not\u00edcias do Santos","datePublished":"2024-12-11T10:25:00+00:00","mainEntityOfPage":{"@id":"https:\/\/www.gaveanews.com\/index.php\/2024\/12\/11\/futuro-de-serginho-preparacao-para-nova-arena-e-decisao-de-soteldo-as-ultimas-noticias-do-santos\/"},"wordCount":828,"commentCount":0,"image":{"@id":"https:\/\/www.gaveanews.com\/index.php\/2024\/12\/11\/futuro-de-serginho-preparacao-para-nova-arena-e-decisao-de-soteldo-as-ultimas-noticias-do-santos\/#primaryimage"},"thumbnailUrl":"https:\/\/www.gaveanews.com\/wp-content\/uploads\/santos-rebaixado-jogadores.webp","articleSection":["Santos"],"inLanguage":"pt-BR","potentialAction":[{"@type":"CommentAction","name":"Comment","target":["https:\/\/www.gaveanews.com\/index.php\/2024\/12\/11\/futuro-de-serginho-preparacao-para-nova-arena-e-decisao-de-soteldo-as-ultimas-noticias-do-santos\/#respond"]}],"copyrightYear":"2024","copyrightHolder":{"@id":"https:\/\/www.gaveanews.com\/#organization"}},{"@type":"WebPage","@id":"https:\/\/www.gaveanews.com\/index.php\/2024\/12\/11\/futuro-de-serginho-preparacao-para-nova-arena-e-decisao-de-soteldo-as-ultimas-noticias-do-santos\/","url":"https:\/\/www.gaveanews.com\/index.php\/2024\/12\/11\/futuro-de-serginho-preparacao-para-nova-arena-e-decisao-de-soteldo-as-ultimas-noticias-do-santos\/","name":"Futuro de Serginho, prepara\u00e7\u00e3o para nova arena e decis\u00e3o de Soteldo: as \u00faltimas not\u00edcias do Santos","isPartOf":{"@id":"https:\/\/www.gaveanews.com\/#website"},"primaryImageOfPage":{"@id":"https:\/\/www.gaveanews.com\/index.php\/2024\/12\/11\/futuro-de-serginho-preparacao-para-nova-arena-e-decisao-de-soteldo-as-ultimas-noticias-do-santos\/#primaryimage"},"image":{"@id":"https:\/\/www.gaveanews.com\/index.php\/2024\/12\/11\/futuro-de-serginho-preparacao-para-nova-arena-e-decisao-de-soteldo-as-ultimas-noticias-do-santos\/#primaryimage"},"thumbnailUrl":"https:\/\/www.gaveanews.com\/wp-content\/uploads\/santos-rebaixado-jogadores.webp","datePublished":"2024-12-11T10:25:00+00:00","author":{"@id":"https:\/\/www.gaveanews.com\/#\/schema\/person\/8207cd4627f56151707418bfc835b2fb"},"breadcrumb":{"@id":"https:\/\/www.gaveanews.com\/index.php\/2024\/12\/11\/futuro-de-serginho-preparacao-para-nova-arena-e-decisao-de-soteldo-as-ultimas-noticias-do-santos\/#breadcrumb"},"inLanguage":"pt-BR","potentialAction":[{"@type":"ReadAction","target":["https:\/\/www.gaveanews.com\/index.php\/2024\/12\/11\/futuro-de-serginho-preparacao-para-nova-arena-e-decisao-de-soteldo-as-ultimas-noticias-do-santos\/"]}]},{"@type":"ImageObject","inLanguage":"pt-BR","@id":"https:\/\/www.gaveanews.com\/index.php\/2024\/12\/11\/futuro-de-serginho-preparacao-para-nova-arena-e-decisao-de-soteldo-as-ultimas-noticias-do-santos\/#primaryimage","url":"https:\/\/www.gaveanews.com\/wp-content\/uploads\/santos-rebaixado-jogadores.webp","contentUrl":"https:\/\/www.gaveanews.com\/wp-content\/uploads\/santos-rebaixado-jogadores.webp","width":774,"height":372,"caption":"Jogadores do Santos (Foto: Raul Baretta\/Santos FC\/Esporte News Mundo)"},{"@type":"BreadcrumbList","@id":"https:\/\/www.gaveanews.com\/index.php\/2024\/12\/11\/futuro-de-serginho-preparacao-para-nova-arena-e-decisao-de-soteldo-as-ultimas-noticias-do-santos\/#breadcrumb","itemListElement":[{"@type":"ListItem","position":1,"name":"Home","item":"https:\/\/www.gaveanews.com\/"},{"@type":"ListItem","position":2,"name":"Futuro de Serginho, prepara\u00e7\u00e3o para nova arena e decis\u00e3o de Soteldo: as \u00faltimas not\u00edcias do Santos"}]},{"@type":"WebSite","@id":"https:\/\/www.gaveanews.com\/#website","url":"https:\/\/www.gaveanews.com\/","name":"G\u00e1vea News","description":"Veja todas as not\u00edcias sobre o Flamengo: Contrata\u00e7\u00f5es, categorias de base, resultados das partidas, tabela de classifica\u00e7\u00e3o, pr\u00f3ximos jogos!","potentialAction":[{"@type":"SearchAction","target":{"@type":"EntryPoint","urlTemplate":"https:\/\/www.gaveanews.com\/?s={search_term_string}"},"query-input":{"@type":"PropertyValueSpecification","valueRequired":true,"valueName":"search_term_string"}}],"inLanguage":"pt-BR"},{"@type":"Person","@id":"https:\/\/www.gaveanews.com\/#\/schema\/person\/8207cd4627f56151707418bfc835b2fb","name":"Matheus Felipe","image":{"@type":"ImageObject","inLanguage":"pt-BR","@id":"https:\/\/www.gaveanews.com\/#\/schema\/person\/image\/","url":"https:\/\/secure.gravatar.com\/avatar\/a452ffbed9130f726358b298bb3a99ce4bd3c5338411f8440e87e14d74c7c087?s=96&d=mm&r=g","contentUrl":"https:\/\/secure.gravatar.com\/avatar\/a452ffbed9130f726358b298bb3a99ce4bd3c5338411f8440e87e14d74c7c087?s=96&d=mm&r=g","caption":"Matheus Felipe"}}]}},"_links":{"self":[{"href":"https:\/\/www.gaveanews.com\/index.php\/wp-json\/wp\/v2\/posts\/197488","targetHints":{"allow":["GET"]}}],"collection":[{"href":"https:\/\/www.gaveanews.com\/index.php\/wp-json\/wp\/v2\/posts"}],"about":[{"href":"https:\/\/www.gaveanews.com\/index.php\/wp-json\/wp\/v2\/types\/post"}],"author":[{"embeddable":true,"href":"https:\/\/www.gaveanews.com\/index.php\/wp-json\/wp\/v2\/users\/27"}],"replies":[{"embeddable":true,"href":"https:\/\/www.gaveanews.com\/index.php\/wp-json\/wp\/v2\/comments?post=197488"}],"version-history":[{"count":1,"href":"https:\/\/www.gaveanews.com\/index.php\/wp-json\/wp\/v2\/posts\/197488\/revisions"}],"predecessor-version":[{"id":197503,"href":"https:\/\/www.gaveanews.com\/index.php\/wp-json\/wp\/v2\/posts\/197488\/revisions\/197503"}],"wp:featuredmedia":[{"embeddable":true,"href":"https:\/\/www.gaveanews.com\/index.php\/wp-json\/wp\/v2\/media\/114917"}],"wp:attachment":[{"href":"https:\/\/www.gaveanews.com\/index.php\/wp-json\/wp\/v2\/media?parent=197488"}],"wp:term":[{"taxonomy":"category","embeddable":true,"href":"https:\/\/www.gaveanews.com\/index.php\/wp-json\/wp\/v2\/categories?post=197488"},{"taxonomy":"post_tag","embeddable":true,"href":"https:\/\/www.gaveanews.com\/index.php\/wp-json\/wp\/v2\/tags?post=197488"}],"curies":[{"name":"wp","href":"https:\/\/api.w.org\/{rel}","templated":true}]}}