{"id":197505,"date":"2024-12-11T07:35:00","date_gmt":"2024-12-11T10:35:00","guid":{"rendered":"https:\/\/www.gaveanews.com\/?p=197505"},"modified":"2024-12-11T02:23:33","modified_gmt":"2024-12-11T05:23:33","slug":"declaracao-de-geromel-nota-oficial-de-renato-gaucho-e-novo-tecnico-as-ultimas-noticias-do-gremio","status":"publish","type":"post","link":"https:\/\/www.gaveanews.com\/index.php\/2024\/12\/11\/declaracao-de-geromel-nota-oficial-de-renato-gaucho-e-novo-tecnico-as-ultimas-noticias-do-gremio\/","title":{"rendered":"Declara\u00e7\u00e3o de Geromel, nota oficial\u00a0de Renato Ga\u00facho e novo t\u00e9cnico: as \u00faltimas not\u00edcias do Gr\u00eamio"},"content":{"rendered":"\n<p>Nas \u00faltimas horas, o foco das not\u00edcias sobre o Gr\u00eamio se concentram nos bastidores do clube, com destaques como a nota oficial\u00a0de Renato Ga\u00facho e novo t\u00e9cnico<\/p>\n\n\n\n<p>Por conta deste contexto, leia abaixo um resumo preparado pela equipe do portal G\u00e1vea News para lhe manter muito bem informado!<\/p>\n\n\n\n<h2 class=\"wp-block-heading\" id=\"h-novo-tecnico\">Novo t\u00e9cnico<\/h2>\n\n\n\n<p>O Gr\u00eamio encerrou o ciclo de Renato Portaluppi como t\u00e9cnico, marcando o fim de uma era hist\u00f3rica no clube. Ap\u00f3s reuni\u00e3o com o presidente Alberto Guerra, Renato decidiu n\u00e3o renovar seu contrato, destacando que essa foi uma decis\u00e3o consciente e compartilhada com a diretoria. Com mais de 800 partidas pelo Gr\u00eamio, entre jogador e t\u00e9cnico, Renato deixa um legado de grandes conquistas, sendo amplamente reconhecido pelo clube e pela torcida.<\/p>\n\n\n\n<figure class=\"wp-block-image size-full\"><img loading=\"lazy\" decoding=\"async\" width=\"640\" height=\"401\" src=\"https:\/\/www.gaveanews.com\/wp-content\/uploads\/presidente-gremio-alberto-guerra.webp\" alt=\"\" class=\"wp-image-141924\" srcset=\"https:\/\/www.gaveanews.com\/wp-content\/uploads\/presidente-gremio-alberto-guerra.webp 640w, https:\/\/www.gaveanews.com\/wp-content\/uploads\/presidente-gremio-alberto-guerra-300x188.webp 300w, https:\/\/www.gaveanews.com\/wp-content\/uploads\/presidente-gremio-alberto-guerra-100x63.webp 100w\" sizes=\"auto, (max-width: 640px) 100vw, 640px\" \/><figcaption class=\"wp-element-caption\">Foto: Lucas Uebel\/ Gr\u00eamio<\/figcaption><\/figure>\n\n\n\n<p>Para dar in\u00edcio a uma nova etapa, o Gr\u00eamio escolheu Pedro Caixinha como o novo treinador. O t\u00e9cnico portugu\u00eas, com experi\u00eancia no futebol brasileiro ap\u00f3s comandar o Red Bull Bragantino em 125 jogos, foi definido como o substituto de Renato. <\/p>\n\n\n\n<p>Outros clubes, como Vasco e Santos, tamb\u00e9m demonstraram interesse em Caixinha, mas a diretoria gremista se adiantou para garantir sua contrata\u00e7\u00e3o. A expectativa \u00e9 que ele traga uma nova abordagem ao time e mantenha o Gr\u00eamio competitivo nas pr\u00f3ximas temporadas.<\/p>\n\n\n\n<p>Com a chegada de Caixinha, o clube busca refor\u00e7ar sua estrutura t\u00e9cnica e tra\u00e7ar novos objetivos. O Gr\u00eamio se prepara para os desafios de 2025, com foco em construir uma equipe forte e capaz de continuar sua trajet\u00f3ria de sucesso no futebol brasileiro. A sa\u00edda de Renato marca o fim de um ciclo vitorioso, mas abre espa\u00e7o para uma renova\u00e7\u00e3o que promete trazer novos ares ao Tricolor Ga\u00facho.<\/p>\n\n\n\n<h2 class=\"wp-block-heading\" id=\"h-nota-oficial-de-renato-gaucho\">Nota oficial\u00a0de Renato Ga\u00facho<\/h2>\n\n\n\n<p>Renato Ga\u00facho oficializou sua sa\u00edda do comando do Gr\u00eamio em um v\u00eddeo emocionante, marcando o fim de sua quarta passagem pelo clube. Durante dois anos e tr\u00eas meses \u00e0 frente do time, ele conquistou dois Campeonatos Ga\u00fachos e um vice-campeonato brasileiro em 2023, somando 141 jogos, 70 vit\u00f3rias, 31 empates e 40 derrotas, com um aproveitamento de 57%. Apesar dos momentos de gl\u00f3ria, 2024 foi desafiador, com elimina\u00e7\u00f5es precoces na Copa do Brasil e na Libertadores, al\u00e9m da luta contra o rebaixamento no Brasileir\u00e3o<strong><a href=\"https:\/\/www.gaveanews.com\/index.php\/2024\/12\/09\/renato-gaucho-emite-nota-oficial-sobre-saida-do-gremio\/\"> (leia a mat\u00e9ria completa).<\/a><\/strong><\/p>\n\n\n\n<figure class=\"wp-block-image size-full\"><img loading=\"lazy\" decoding=\"async\" width=\"799\" height=\"533\" src=\"https:\/\/www.gaveanews.com\/wp-content\/uploads\/Renato-Gaucho-em-partida-do-Flamengo-contra-a-Chapecoense-no-Campeonato-Brasileiro-2021.webp\" alt=\"\" class=\"wp-image-71415\" srcset=\"https:\/\/www.gaveanews.com\/wp-content\/uploads\/Renato-Gaucho-em-partida-do-Flamengo-contra-a-Chapecoense-no-Campeonato-Brasileiro-2021.webp 799w, https:\/\/www.gaveanews.com\/wp-content\/uploads\/Renato-Gaucho-em-partida-do-Flamengo-contra-a-Chapecoense-no-Campeonato-Brasileiro-2021-300x200.webp 300w, https:\/\/www.gaveanews.com\/wp-content\/uploads\/Renato-Gaucho-em-partida-do-Flamengo-contra-a-Chapecoense-no-Campeonato-Brasileiro-2021-768x512.webp 768w, https:\/\/www.gaveanews.com\/wp-content\/uploads\/Renato-Gaucho-em-partida-do-Flamengo-contra-a-Chapecoense-no-Campeonato-Brasileiro-2021-630x420.webp 630w, https:\/\/www.gaveanews.com\/wp-content\/uploads\/Renato-Gaucho-em-partida-do-Flamengo-contra-a-Chapecoense-no-Campeonato-Brasileiro-2021-640x427.webp 640w, https:\/\/www.gaveanews.com\/wp-content\/uploads\/Renato-Gaucho-em-partida-do-Flamengo-contra-a-Chapecoense-no-Campeonato-Brasileiro-2021-681x454.webp 681w, https:\/\/www.gaveanews.com\/wp-content\/uploads\/Renato-Gaucho-em-partida-do-Flamengo-contra-a-Chapecoense-no-Campeonato-Brasileiro-2021-100x67.webp 100w\" sizes=\"auto, (max-width: 799px) 100vw, 799px\" \/><figcaption class=\"wp-element-caption\">Renato Ga\u00facho em partida do Flamengo contra a Chapecoense no Campeonato Brasileiro 2021 (Foto: Alexandre Vidal\/Flamengo)<\/figcaption><\/figure>\n\n\n\n<p>Em seu discurso de despedida, Renato agradeceu \u00e0 diretoria, aos jogadores e especialmente \u00e0 torcida Geral do Gr\u00eamio pelo apoio em momentos dif\u00edceis. Ele destacou a harmonia dentro do clube e a dedica\u00e7\u00e3o de seu grupo, afirmando que sempre vestiu a camisa gremista com orgulho. O t\u00e9cnico tamb\u00e9m expressou gratid\u00e3o ao presidente Alberto Guerra e enfatizou que as portas do clube permanecer\u00e3o abertas para ele no futuro.<\/p>\n\n\n\n<p>A sa\u00edda de Renato encerra um ciclo significativo na hist\u00f3ria do Gr\u00eamio, marcado por altos e baixos. A diretoria agora enfrenta o desafio de encontrar um sucessor \u00e0 altura para continuar a reconstru\u00e7\u00e3o do time. A torcida, embora emocionada com a despedida, j\u00e1 especula quem ser\u00e1 capaz de dar continuidade ao legado deixado por Renato Ga\u00facho, um dos maiores \u00eddolos do clube.<\/p>\n\n\n\n<h2 class=\"wp-block-heading\" id=\"h-declaracao-de-geromel\">Declara\u00e7\u00e3o de Geromel<\/h2>\n\n\n\n<p>Pedro Geromel encerrou sua gloriosa trajet\u00f3ria de 11 temporadas no Gr\u00eamio no \u00faltimo domingo, em partida contra o Corinthians, marcando o fim de uma era hist\u00f3rica no clube. Com 394 jogos, 15 gols e uma lideran\u00e7a incontest\u00e1vel, o zagueiro se despediu emocionado, agradecendo \u00e0 torcida e destacando a import\u00e2ncia de sua fam\u00edlia estar presente nesse momento. Geromel afirmou que o amor pelo Gr\u00eamio ser\u00e1 levado para toda a vida, e objetos como sua camisa, bra\u00e7adeira e chuteiras j\u00e1 t\u00eam destino certo: o museu do clube, como s\u00edmbolo de sua contribui\u00e7\u00e3o<strong><a href=\"https:\/\/www.gaveanews.com\/index.php\/2024\/12\/09\/a-declaracao-de-geromel-em-despedida-do-gremio\/\"> (leia a mat\u00e9ria completa).<\/a><\/strong><\/p>\n\n\n\n<blockquote class=\"instagram-media\" data-instgrm-captioned data-instgrm-permalink=\"https:\/\/www.instagram.com\/p\/DDEqZ_nRE0-\/?utm_source=ig_embed&amp;utm_campaign=loading\" data-instgrm-version=\"14\" style=\" background:#FFF; border:0; border-radius:3px; box-shadow:0 0 1px 0 rgba(0,0,0,0.5),0 1px 10px 0 rgba(0,0,0,0.15); margin: 1px; max-width:540px; min-width:326px; padding:0; width:99.375%; width:-webkit-calc(100% - 2px); width:calc(100% - 2px);\"><div style=\"padding:16px;\"> <a href=\"https:\/\/www.instagram.com\/p\/DDEqZ_nRE0-\/?utm_source=ig_embed&amp;utm_campaign=loading\" style=\" background:#FFFFFF; line-height:0; padding:0 0; text-align:center; text-decoration:none; width:100%;\" target=\"_blank\"> <div style=\" display: flex; flex-direction: row; align-items: center;\"> <div style=\"background-color: #F4F4F4; border-radius: 50%; flex-grow: 0; height: 40px; margin-right: 14px; width: 40px;\"><\/div> <div style=\"display: flex; flex-direction: column; flex-grow: 1; justify-content: center;\"> <div style=\" background-color: #F4F4F4; border-radius: 4px; flex-grow: 0; height: 14px; margin-bottom: 6px; width: 100px;\"><\/div> <div style=\" background-color: #F4F4F4; border-radius: 4px; flex-grow: 0; height: 14px; width: 60px;\"><\/div><\/div><\/div><div style=\"padding: 19% 0;\"><\/div> <div style=\"display:block; height:50px; margin:0 auto 12px; width:50px;\"><svg width=\"50px\" height=\"50px\" viewBox=\"0 0 60 60\" version=\"1.1\" xmlns=\"https:\/\/www.w3.org\/2000\/svg\" xmlns:xlink=\"https:\/\/www.w3.org\/1999\/xlink\"><g stroke=\"none\" stroke-width=\"1\" fill=\"none\" fill-rule=\"evenodd\"><g transform=\"translate(-511.000000, -20.000000)\" fill=\"#000000\"><g><path d=\"M556.869,30.41 C554.814,30.41 553.148,32.076 553.148,34.131 C553.148,36.186 554.814,37.852 556.869,37.852 C558.924,37.852 560.59,36.186 560.59,34.131 C560.59,32.076 558.924,30.41 556.869,30.41 M541,60.657 C535.114,60.657 530.342,55.887 530.342,50 C530.342,44.114 535.114,39.342 541,39.342 C546.887,39.342 551.658,44.114 551.658,50 C551.658,55.887 546.887,60.657 541,60.657 M541,33.886 C532.1,33.886 524.886,41.1 524.886,50 C524.886,58.899 532.1,66.113 541,66.113 C549.9,66.113 557.115,58.899 557.115,50 C557.115,41.1 549.9,33.886 541,33.886 M565.378,62.101 C565.244,65.022 564.756,66.606 564.346,67.663 C563.803,69.06 563.154,70.057 562.106,71.106 C561.058,72.155 560.06,72.803 558.662,73.347 C557.607,73.757 556.021,74.244 553.102,74.378 C549.944,74.521 548.997,74.552 541,74.552 C533.003,74.552 532.056,74.521 528.898,74.378 C525.979,74.244 524.393,73.757 523.338,73.347 C521.94,72.803 520.942,72.155 519.894,71.106 C518.846,70.057 518.197,69.06 517.654,67.663 C517.244,66.606 516.755,65.022 516.623,62.101 C516.479,58.943 516.448,57.996 516.448,50 C516.448,42.003 516.479,41.056 516.623,37.899 C516.755,34.978 517.244,33.391 517.654,32.338 C518.197,30.938 518.846,29.942 519.894,28.894 C520.942,27.846 521.94,27.196 523.338,26.654 C524.393,26.244 525.979,25.756 528.898,25.623 C532.057,25.479 533.004,25.448 541,25.448 C548.997,25.448 549.943,25.479 553.102,25.623 C556.021,25.756 557.607,26.244 558.662,26.654 C560.06,27.196 561.058,27.846 562.106,28.894 C563.154,29.942 563.803,30.938 564.346,32.338 C564.756,33.391 565.244,34.978 565.378,37.899 C565.522,41.056 565.552,42.003 565.552,50 C565.552,57.996 565.522,58.943 565.378,62.101 M570.82,37.631 C570.674,34.438 570.167,32.258 569.425,30.349 C568.659,28.377 567.633,26.702 565.965,25.035 C564.297,23.368 562.623,22.342 560.652,21.575 C558.743,20.834 556.562,20.326 553.369,20.18 C550.169,20.033 549.148,20 541,20 C532.853,20 531.831,20.033 528.631,20.18 C525.438,20.326 523.257,20.834 521.349,21.575 C519.376,22.342 517.703,23.368 516.035,25.035 C514.368,26.702 513.342,28.377 512.574,30.349 C511.834,32.258 511.326,34.438 511.181,37.631 C511.035,40.831 511,41.851 511,50 C511,58.147 511.035,59.17 511.181,62.369 C511.326,65.562 511.834,67.743 512.574,69.651 C513.342,71.625 514.368,73.296 516.035,74.965 C517.703,76.634 519.376,77.658 521.349,78.425 C523.257,79.167 525.438,79.673 528.631,79.82 C531.831,79.965 532.853,80.001 541,80.001 C549.148,80.001 550.169,79.965 553.369,79.82 C556.562,79.673 558.743,79.167 560.652,78.425 C562.623,77.658 564.297,76.634 565.965,74.965 C567.633,73.296 568.659,71.625 569.425,69.651 C570.167,67.743 570.674,65.562 570.82,62.369 C570.966,59.17 571,58.147 571,50 C571,41.851 570.966,40.831 570.82,37.631\"><\/path><\/g><\/g><\/g><\/svg><\/div><div style=\"padding-top: 8px;\"> <div style=\" color:#3897f0; font-family:Arial,sans-serif; font-size:14px; font-style:normal; font-weight:550; line-height:18px;\">Ver essa foto no Instagram<\/div><\/div><div style=\"padding: 12.5% 0;\"><\/div> <div style=\"display: flex; flex-direction: row; margin-bottom: 14px; align-items: center;\"><div> <div style=\"background-color: #F4F4F4; border-radius: 50%; height: 12.5px; width: 12.5px; transform: translateX(0px) translateY(7px);\"><\/div> <div style=\"background-color: #F4F4F4; height: 12.5px; transform: rotate(-45deg) translateX(3px) translateY(1px); width: 12.5px; flex-grow: 0; margin-right: 14px; margin-left: 2px;\"><\/div> <div style=\"background-color: #F4F4F4; border-radius: 50%; height: 12.5px; width: 12.5px; transform: translateX(9px) translateY(-18px);\"><\/div><\/div><div style=\"margin-left: 8px;\"> <div style=\" background-color: #F4F4F4; border-radius: 50%; flex-grow: 0; height: 20px; width: 20px;\"><\/div> <div style=\" width: 0; height: 0; border-top: 2px solid transparent; border-left: 6px solid #f4f4f4; border-bottom: 2px solid transparent; transform: translateX(16px) translateY(-4px) rotate(30deg)\"><\/div><\/div><div style=\"margin-left: auto;\"> <div style=\" width: 0px; border-top: 8px solid #F4F4F4; border-right: 8px solid transparent; transform: translateY(16px);\"><\/div> <div style=\" background-color: #F4F4F4; flex-grow: 0; height: 12px; width: 16px; transform: translateY(-4px);\"><\/div> <div style=\" width: 0; height: 0; border-top: 8px solid #F4F4F4; border-left: 8px solid transparent; transform: translateY(-4px) translateX(8px);\"><\/div><\/div><\/div> <div style=\"display: flex; flex-direction: column; flex-grow: 1; justify-content: center; margin-bottom: 24px;\"> <div style=\" background-color: #F4F4F4; border-radius: 4px; flex-grow: 0; height: 14px; margin-bottom: 6px; width: 224px;\"><\/div> <div style=\" background-color: #F4F4F4; border-radius: 4px; flex-grow: 0; height: 14px; width: 144px;\"><\/div><\/div><\/a><p style=\" color:#c9c8cd; font-family:Arial,sans-serif; font-size:14px; line-height:17px; margin-bottom:0; margin-top:8px; overflow:hidden; padding:8px 0 7px; text-align:center; text-overflow:ellipsis; white-space:nowrap;\"><a href=\"https:\/\/www.instagram.com\/p\/DDEqZ_nRE0-\/?utm_source=ig_embed&amp;utm_campaign=loading\" style=\" color:#c9c8cd; font-family:Arial,sans-serif; font-size:14px; font-style:normal; font-weight:normal; line-height:17px; text-decoration:none;\" target=\"_blank\">Uma publica\u00e7\u00e3o compartilhada por Pedro Geromel (@geromeloficial)<\/a><\/p><\/div><\/blockquote>\n<script async src=\"\/\/www.instagram.com\/embed.js\"><\/script>\n\n\n\n<p>Capit\u00e3o em t\u00edtulos ic\u00f4nicos como a Libertadores de 2017 e a Copa do Brasil de 2016, Geromel tamb\u00e9m foi pe\u00e7a-chave em uma sequ\u00eancia vitoriosa de sete Campeonatos Ga\u00fachos consecutivos. O defensor acumulou pr\u00eamios individuais, como o Bola de Prata e o Pr\u00eamio Rei da Am\u00e9rica, consolidando-se como um dos maiores \u00eddolos da hist\u00f3ria gremista. Apesar disso, nos \u00faltimos anos enfrentou desafios com les\u00f5es, o que reduziu sua participa\u00e7\u00e3o em campo, mas n\u00e3o diminuiu sua import\u00e2ncia para o clube.<\/p>\n\n\n\n<p>Agora aposentado, Geromel ainda n\u00e3o decidiu se seguir\u00e1 carreira como treinador ou em outra fun\u00e7\u00e3o no futebol, afirmando que quer aproveitar esse per\u00edodo ao lado de sua fam\u00edlia. Sua despedida deixa um legado de dedica\u00e7\u00e3o, t\u00edtulos e respeito, mantendo-o como uma refer\u00eancia para futuras gera\u00e7\u00f5es de jogadores e torcedores do Gr\u00eamio.<\/p>\n","protected":false},"excerpt":{"rendered":"<p>Nas \u00faltimas horas, o foco das not\u00edcias sobre o Gr\u00eamio se concentram nos bastidores do clube, com destaques como a nota oficial\u00a0de Renato Ga\u00facho e novo t\u00e9cnico Por conta deste contexto, leia abaixo um resumo preparado pela equipe do portal G\u00e1vea News para lhe manter muito bem informado! Novo t\u00e9cnico O Gr\u00eamio encerrou o ciclo [&hellip;]<\/p>\n","protected":false},"author":27,"featured_media":150623,"comment_status":"open","ping_status":"closed","sticky":false,"template":"","format":"standard","meta":{"footnotes":""},"categories":[147],"tags":[],"class_list":["post-197505","post","type-post","status-publish","format-standard","has-post-thumbnail","hentry","category-gremio"],"yoast_head":"<!-- This site is optimized with the Yoast SEO Premium plugin v24.2 (Yoast SEO v26.9) - https:\/\/yoast.com\/product\/yoast-seo-premium-wordpress\/ -->\n<title>Declara\u00e7\u00e3o de Geromel, nota oficial\u00a0de Renato Ga\u00facho e novo t\u00e9cnico: as \u00faltimas not\u00edcias do Gr\u00eamio<\/title>\n<meta name=\"robots\" content=\"index, follow, max-snippet:-1, max-image-preview:large, max-video-preview:-1\" \/>\n<link rel=\"canonical\" href=\"https:\/\/www.gaveanews.com\/index.php\/2024\/12\/11\/declaracao-de-geromel-nota-oficial-de-renato-gaucho-e-novo-tecnico-as-ultimas-noticias-do-gremio\/\" \/>\n<meta property=\"og:locale\" content=\"pt_BR\" \/>\n<meta property=\"og:type\" content=\"article\" \/>\n<meta property=\"og:title\" content=\"Declara\u00e7\u00e3o de Geromel, nota oficial\u00a0de Renato Ga\u00facho e novo t\u00e9cnico: as \u00faltimas not\u00edcias do Gr\u00eamio\" \/>\n<meta property=\"og:description\" content=\"Nas \u00faltimas horas, o foco das not\u00edcias sobre o Gr\u00eamio se concentram nos bastidores do clube, com destaques como a nota oficial\u00a0de Renato Ga\u00facho e novo t\u00e9cnico Por conta deste contexto, leia abaixo um resumo preparado pela equipe do portal G\u00e1vea News para lhe manter muito bem informado! Novo t\u00e9cnico O Gr\u00eamio encerrou o ciclo [&hellip;]\" \/>\n<meta property=\"og:url\" content=\"https:\/\/www.gaveanews.com\/index.php\/2024\/12\/11\/declaracao-de-geromel-nota-oficial-de-renato-gaucho-e-novo-tecnico-as-ultimas-noticias-do-gremio\/\" \/>\n<meta property=\"og:site_name\" content=\"G\u00e1vea News\" \/>\n<meta property=\"article:publisher\" content=\"https:\/\/facebook.com\/gaveaNews\/\" \/>\n<meta property=\"article:published_time\" content=\"2024-12-11T10:35:00+00:00\" \/>\n<meta name=\"author\" content=\"Matheus Felipe\" \/>\n<meta name=\"twitter:card\" content=\"summary_large_image\" \/>\n<meta name=\"twitter:label1\" content=\"Escrito por\" \/>\n\t<meta name=\"twitter:data1\" content=\"Matheus Felipe\" \/>\n\t<meta name=\"twitter:label2\" content=\"Est. tempo de leitura\" \/>\n\t<meta name=\"twitter:data2\" content=\"5 minutos\" \/>\n<script type=\"application\/ld+json\" class=\"yoast-schema-graph\">{\"@context\":\"https:\/\/schema.org\",\"@graph\":[{\"@type\":\"NewsArticle\",\"@id\":\"https:\/\/www.gaveanews.com\/index.php\/2024\/12\/11\/declaracao-de-geromel-nota-oficial-de-renato-gaucho-e-novo-tecnico-as-ultimas-noticias-do-gremio\/#article\",\"isPartOf\":{\"@id\":\"https:\/\/www.gaveanews.com\/index.php\/2024\/12\/11\/declaracao-de-geromel-nota-oficial-de-renato-gaucho-e-novo-tecnico-as-ultimas-noticias-do-gremio\/\"},\"author\":{\"name\":\"Matheus Felipe\",\"@id\":\"https:\/\/www.gaveanews.com\/#\/schema\/person\/8207cd4627f56151707418bfc835b2fb\"},\"headline\":\"Declara\u00e7\u00e3o de Geromel, nota oficial\u00a0de Renato Ga\u00facho e novo t\u00e9cnico: as \u00faltimas not\u00edcias do Gr\u00eamio\",\"datePublished\":\"2024-12-11T10:35:00+00:00\",\"mainEntityOfPage\":{\"@id\":\"https:\/\/www.gaveanews.com\/index.php\/2024\/12\/11\/declaracao-de-geromel-nota-oficial-de-renato-gaucho-e-novo-tecnico-as-ultimas-noticias-do-gremio\/\"},\"wordCount\":849,\"commentCount\":0,\"image\":{\"@id\":\"https:\/\/www.gaveanews.com\/index.php\/2024\/12\/11\/declaracao-de-geromel-nota-oficial-de-renato-gaucho-e-novo-tecnico-as-ultimas-noticias-do-gremio\/#primaryimage\"},\"thumbnailUrl\":\"https:\/\/www.gaveanews.com\/wp-content\/uploads\/whatsapp-image-2024-07-02-at-12.31.17.avif\",\"articleSection\":[\"Gr\u00eamio\"],\"inLanguage\":\"pt-BR\",\"potentialAction\":[{\"@type\":\"CommentAction\",\"name\":\"Comment\",\"target\":[\"https:\/\/www.gaveanews.com\/index.php\/2024\/12\/11\/declaracao-de-geromel-nota-oficial-de-renato-gaucho-e-novo-tecnico-as-ultimas-noticias-do-gremio\/#respond\"]}],\"copyrightYear\":\"2024\",\"copyrightHolder\":{\"@id\":\"https:\/\/www.gaveanews.com\/#organization\"}},{\"@type\":\"WebPage\",\"@id\":\"https:\/\/www.gaveanews.com\/index.php\/2024\/12\/11\/declaracao-de-geromel-nota-oficial-de-renato-gaucho-e-novo-tecnico-as-ultimas-noticias-do-gremio\/\",\"url\":\"https:\/\/www.gaveanews.com\/index.php\/2024\/12\/11\/declaracao-de-geromel-nota-oficial-de-renato-gaucho-e-novo-tecnico-as-ultimas-noticias-do-gremio\/\",\"name\":\"Declara\u00e7\u00e3o de Geromel, nota oficial\u00a0de Renato Ga\u00facho e novo t\u00e9cnico: as \u00faltimas not\u00edcias do Gr\u00eamio\",\"isPartOf\":{\"@id\":\"https:\/\/www.gaveanews.com\/#website\"},\"primaryImageOfPage\":{\"@id\":\"https:\/\/www.gaveanews.com\/index.php\/2024\/12\/11\/declaracao-de-geromel-nota-oficial-de-renato-gaucho-e-novo-tecnico-as-ultimas-noticias-do-gremio\/#primaryimage\"},\"image\":{\"@id\":\"https:\/\/www.gaveanews.com\/index.php\/2024\/12\/11\/declaracao-de-geromel-nota-oficial-de-renato-gaucho-e-novo-tecnico-as-ultimas-noticias-do-gremio\/#primaryimage\"},\"thumbnailUrl\":\"https:\/\/www.gaveanews.com\/wp-content\/uploads\/whatsapp-image-2024-07-02-at-12.31.17.avif\",\"datePublished\":\"2024-12-11T10:35:00+00:00\",\"author\":{\"@id\":\"https:\/\/www.gaveanews.com\/#\/schema\/person\/8207cd4627f56151707418bfc835b2fb\"},\"breadcrumb\":{\"@id\":\"https:\/\/www.gaveanews.com\/index.php\/2024\/12\/11\/declaracao-de-geromel-nota-oficial-de-renato-gaucho-e-novo-tecnico-as-ultimas-noticias-do-gremio\/#breadcrumb\"},\"inLanguage\":\"pt-BR\",\"potentialAction\":[{\"@type\":\"ReadAction\",\"target\":[\"https:\/\/www.gaveanews.com\/index.php\/2024\/12\/11\/declaracao-de-geromel-nota-oficial-de-renato-gaucho-e-novo-tecnico-as-ultimas-noticias-do-gremio\/\"]}]},{\"@type\":\"ImageObject\",\"inLanguage\":\"pt-BR\",\"@id\":\"https:\/\/www.gaveanews.com\/index.php\/2024\/12\/11\/declaracao-de-geromel-nota-oficial-de-renato-gaucho-e-novo-tecnico-as-ultimas-noticias-do-gremio\/#primaryimage\",\"url\":\"https:\/\/www.gaveanews.com\/wp-content\/uploads\/whatsapp-image-2024-07-02-at-12.31.17.avif\",\"contentUrl\":\"https:\/\/www.gaveanews.com\/wp-content\/uploads\/whatsapp-image-2024-07-02-at-12.31.17.avif\",\"width\":984,\"height\":656,\"caption\":\"Geromel concede entrevista no CT do Gr\u00eamio \u2014 Foto: Gabriel Girardon\"},{\"@type\":\"BreadcrumbList\",\"@id\":\"https:\/\/www.gaveanews.com\/index.php\/2024\/12\/11\/declaracao-de-geromel-nota-oficial-de-renato-gaucho-e-novo-tecnico-as-ultimas-noticias-do-gremio\/#breadcrumb\",\"itemListElement\":[{\"@type\":\"ListItem\",\"position\":1,\"name\":\"Home\",\"item\":\"https:\/\/www.gaveanews.com\/\"},{\"@type\":\"ListItem\",\"position\":2,\"name\":\"Declara\u00e7\u00e3o de Geromel, nota oficial\u00a0de Renato Ga\u00facho e novo t\u00e9cnico: as \u00faltimas not\u00edcias do Gr\u00eamio\"}]},{\"@type\":\"WebSite\",\"@id\":\"https:\/\/www.gaveanews.com\/#website\",\"url\":\"https:\/\/www.gaveanews.com\/\",\"name\":\"G\u00e1vea News\",\"description\":\"Veja todas as not\u00edcias sobre o Flamengo: Contrata\u00e7\u00f5es, categorias de base, resultados das partidas, tabela de classifica\u00e7\u00e3o, pr\u00f3ximos jogos!\",\"potentialAction\":[{\"@type\":\"SearchAction\",\"target\":{\"@type\":\"EntryPoint\",\"urlTemplate\":\"https:\/\/www.gaveanews.com\/?s={search_term_string}\"},\"query-input\":{\"@type\":\"PropertyValueSpecification\",\"valueRequired\":true,\"valueName\":\"search_term_string\"}}],\"inLanguage\":\"pt-BR\"},{\"@type\":\"Person\",\"@id\":\"https:\/\/www.gaveanews.com\/#\/schema\/person\/8207cd4627f56151707418bfc835b2fb\",\"name\":\"Matheus Felipe\",\"image\":{\"@type\":\"ImageObject\",\"inLanguage\":\"pt-BR\",\"@id\":\"https:\/\/www.gaveanews.com\/#\/schema\/person\/image\/\",\"url\":\"https:\/\/secure.gravatar.com\/avatar\/a452ffbed9130f726358b298bb3a99ce4bd3c5338411f8440e87e14d74c7c087?s=96&d=mm&r=g\",\"contentUrl\":\"https:\/\/secure.gravatar.com\/avatar\/a452ffbed9130f726358b298bb3a99ce4bd3c5338411f8440e87e14d74c7c087?s=96&d=mm&r=g\",\"caption\":\"Matheus Felipe\"}}]}<\/script>\n<!-- \/ Yoast SEO Premium plugin. -->","yoast_head_json":{"title":"Declara\u00e7\u00e3o de Geromel, nota oficial\u00a0de Renato Ga\u00facho e novo t\u00e9cnico: as \u00faltimas not\u00edcias do Gr\u00eamio","robots":{"index":"index","follow":"follow","max-snippet":"max-snippet:-1","max-image-preview":"max-image-preview:large","max-video-preview":"max-video-preview:-1"},"canonical":"https:\/\/www.gaveanews.com\/index.php\/2024\/12\/11\/declaracao-de-geromel-nota-oficial-de-renato-gaucho-e-novo-tecnico-as-ultimas-noticias-do-gremio\/","og_locale":"pt_BR","og_type":"article","og_title":"Declara\u00e7\u00e3o de Geromel, nota oficial\u00a0de Renato Ga\u00facho e novo t\u00e9cnico: as \u00faltimas not\u00edcias do Gr\u00eamio","og_description":"Nas \u00faltimas horas, o foco das not\u00edcias sobre o Gr\u00eamio se concentram nos bastidores do clube, com destaques como a nota oficial\u00a0de Renato Ga\u00facho e novo t\u00e9cnico Por conta deste contexto, leia abaixo um resumo preparado pela equipe do portal G\u00e1vea News para lhe manter muito bem informado! Novo t\u00e9cnico O Gr\u00eamio encerrou o ciclo [&hellip;]","og_url":"https:\/\/www.gaveanews.com\/index.php\/2024\/12\/11\/declaracao-de-geromel-nota-oficial-de-renato-gaucho-e-novo-tecnico-as-ultimas-noticias-do-gremio\/","og_site_name":"G\u00e1vea News","article_publisher":"https:\/\/facebook.com\/gaveaNews\/","article_published_time":"2024-12-11T10:35:00+00:00","author":"Matheus Felipe","twitter_card":"summary_large_image","twitter_misc":{"Escrito por":"Matheus Felipe","Est. tempo de leitura":"5 minutos"},"schema":{"@context":"https:\/\/schema.org","@graph":[{"@type":"NewsArticle","@id":"https:\/\/www.gaveanews.com\/index.php\/2024\/12\/11\/declaracao-de-geromel-nota-oficial-de-renato-gaucho-e-novo-tecnico-as-ultimas-noticias-do-gremio\/#article","isPartOf":{"@id":"https:\/\/www.gaveanews.com\/index.php\/2024\/12\/11\/declaracao-de-geromel-nota-oficial-de-renato-gaucho-e-novo-tecnico-as-ultimas-noticias-do-gremio\/"},"author":{"name":"Matheus Felipe","@id":"https:\/\/www.gaveanews.com\/#\/schema\/person\/8207cd4627f56151707418bfc835b2fb"},"headline":"Declara\u00e7\u00e3o de Geromel, nota oficial\u00a0de Renato Ga\u00facho e novo t\u00e9cnico: as \u00faltimas not\u00edcias do Gr\u00eamio","datePublished":"2024-12-11T10:35:00+00:00","mainEntityOfPage":{"@id":"https:\/\/www.gaveanews.com\/index.php\/2024\/12\/11\/declaracao-de-geromel-nota-oficial-de-renato-gaucho-e-novo-tecnico-as-ultimas-noticias-do-gremio\/"},"wordCount":849,"commentCount":0,"image":{"@id":"https:\/\/www.gaveanews.com\/index.php\/2024\/12\/11\/declaracao-de-geromel-nota-oficial-de-renato-gaucho-e-novo-tecnico-as-ultimas-noticias-do-gremio\/#primaryimage"},"thumbnailUrl":"https:\/\/www.gaveanews.com\/wp-content\/uploads\/whatsapp-image-2024-07-02-at-12.31.17.avif","articleSection":["Gr\u00eamio"],"inLanguage":"pt-BR","potentialAction":[{"@type":"CommentAction","name":"Comment","target":["https:\/\/www.gaveanews.com\/index.php\/2024\/12\/11\/declaracao-de-geromel-nota-oficial-de-renato-gaucho-e-novo-tecnico-as-ultimas-noticias-do-gremio\/#respond"]}],"copyrightYear":"2024","copyrightHolder":{"@id":"https:\/\/www.gaveanews.com\/#organization"}},{"@type":"WebPage","@id":"https:\/\/www.gaveanews.com\/index.php\/2024\/12\/11\/declaracao-de-geromel-nota-oficial-de-renato-gaucho-e-novo-tecnico-as-ultimas-noticias-do-gremio\/","url":"https:\/\/www.gaveanews.com\/index.php\/2024\/12\/11\/declaracao-de-geromel-nota-oficial-de-renato-gaucho-e-novo-tecnico-as-ultimas-noticias-do-gremio\/","name":"Declara\u00e7\u00e3o de Geromel, nota oficial\u00a0de Renato Ga\u00facho e novo t\u00e9cnico: as \u00faltimas not\u00edcias do Gr\u00eamio","isPartOf":{"@id":"https:\/\/www.gaveanews.com\/#website"},"primaryImageOfPage":{"@id":"https:\/\/www.gaveanews.com\/index.php\/2024\/12\/11\/declaracao-de-geromel-nota-oficial-de-renato-gaucho-e-novo-tecnico-as-ultimas-noticias-do-gremio\/#primaryimage"},"image":{"@id":"https:\/\/www.gaveanews.com\/index.php\/2024\/12\/11\/declaracao-de-geromel-nota-oficial-de-renato-gaucho-e-novo-tecnico-as-ultimas-noticias-do-gremio\/#primaryimage"},"thumbnailUrl":"https:\/\/www.gaveanews.com\/wp-content\/uploads\/whatsapp-image-2024-07-02-at-12.31.17.avif","datePublished":"2024-12-11T10:35:00+00:00","author":{"@id":"https:\/\/www.gaveanews.com\/#\/schema\/person\/8207cd4627f56151707418bfc835b2fb"},"breadcrumb":{"@id":"https:\/\/www.gaveanews.com\/index.php\/2024\/12\/11\/declaracao-de-geromel-nota-oficial-de-renato-gaucho-e-novo-tecnico-as-ultimas-noticias-do-gremio\/#breadcrumb"},"inLanguage":"pt-BR","potentialAction":[{"@type":"ReadAction","target":["https:\/\/www.gaveanews.com\/index.php\/2024\/12\/11\/declaracao-de-geromel-nota-oficial-de-renato-gaucho-e-novo-tecnico-as-ultimas-noticias-do-gremio\/"]}]},{"@type":"ImageObject","inLanguage":"pt-BR","@id":"https:\/\/www.gaveanews.com\/index.php\/2024\/12\/11\/declaracao-de-geromel-nota-oficial-de-renato-gaucho-e-novo-tecnico-as-ultimas-noticias-do-gremio\/#primaryimage","url":"https:\/\/www.gaveanews.com\/wp-content\/uploads\/whatsapp-image-2024-07-02-at-12.31.17.avif","contentUrl":"https:\/\/www.gaveanews.com\/wp-content\/uploads\/whatsapp-image-2024-07-02-at-12.31.17.avif","width":984,"height":656,"caption":"Geromel concede entrevista no CT do Gr\u00eamio \u2014 Foto: Gabriel Girardon"},{"@type":"BreadcrumbList","@id":"https:\/\/www.gaveanews.com\/index.php\/2024\/12\/11\/declaracao-de-geromel-nota-oficial-de-renato-gaucho-e-novo-tecnico-as-ultimas-noticias-do-gremio\/#breadcrumb","itemListElement":[{"@type":"ListItem","position":1,"name":"Home","item":"https:\/\/www.gaveanews.com\/"},{"@type":"ListItem","position":2,"name":"Declara\u00e7\u00e3o de Geromel, nota oficial\u00a0de Renato Ga\u00facho e novo t\u00e9cnico: as \u00faltimas not\u00edcias do Gr\u00eamio"}]},{"@type":"WebSite","@id":"https:\/\/www.gaveanews.com\/#website","url":"https:\/\/www.gaveanews.com\/","name":"G\u00e1vea News","description":"Veja todas as not\u00edcias sobre o Flamengo: Contrata\u00e7\u00f5es, categorias de base, resultados das partidas, tabela de classifica\u00e7\u00e3o, pr\u00f3ximos jogos!","potentialAction":[{"@type":"SearchAction","target":{"@type":"EntryPoint","urlTemplate":"https:\/\/www.gaveanews.com\/?s={search_term_string}"},"query-input":{"@type":"PropertyValueSpecification","valueRequired":true,"valueName":"search_term_string"}}],"inLanguage":"pt-BR"},{"@type":"Person","@id":"https:\/\/www.gaveanews.com\/#\/schema\/person\/8207cd4627f56151707418bfc835b2fb","name":"Matheus Felipe","image":{"@type":"ImageObject","inLanguage":"pt-BR","@id":"https:\/\/www.gaveanews.com\/#\/schema\/person\/image\/","url":"https:\/\/secure.gravatar.com\/avatar\/a452ffbed9130f726358b298bb3a99ce4bd3c5338411f8440e87e14d74c7c087?s=96&d=mm&r=g","contentUrl":"https:\/\/secure.gravatar.com\/avatar\/a452ffbed9130f726358b298bb3a99ce4bd3c5338411f8440e87e14d74c7c087?s=96&d=mm&r=g","caption":"Matheus Felipe"}}]}},"_links":{"self":[{"href":"https:\/\/www.gaveanews.com\/index.php\/wp-json\/wp\/v2\/posts\/197505","targetHints":{"allow":["GET"]}}],"collection":[{"href":"https:\/\/www.gaveanews.com\/index.php\/wp-json\/wp\/v2\/posts"}],"about":[{"href":"https:\/\/www.gaveanews.com\/index.php\/wp-json\/wp\/v2\/types\/post"}],"author":[{"embeddable":true,"href":"https:\/\/www.gaveanews.com\/index.php\/wp-json\/wp\/v2\/users\/27"}],"replies":[{"embeddable":true,"href":"https:\/\/www.gaveanews.com\/index.php\/wp-json\/wp\/v2\/comments?post=197505"}],"version-history":[{"count":1,"href":"https:\/\/www.gaveanews.com\/index.php\/wp-json\/wp\/v2\/posts\/197505\/revisions"}],"predecessor-version":[{"id":197515,"href":"https:\/\/www.gaveanews.com\/index.php\/wp-json\/wp\/v2\/posts\/197505\/revisions\/197515"}],"wp:featuredmedia":[{"embeddable":true,"href":"https:\/\/www.gaveanews.com\/index.php\/wp-json\/wp\/v2\/media\/150623"}],"wp:attachment":[{"href":"https:\/\/www.gaveanews.com\/index.php\/wp-json\/wp\/v2\/media?parent=197505"}],"wp:term":[{"taxonomy":"category","embeddable":true,"href":"https:\/\/www.gaveanews.com\/index.php\/wp-json\/wp\/v2\/categories?post=197505"},{"taxonomy":"post_tag","embeddable":true,"href":"https:\/\/www.gaveanews.com\/index.php\/wp-json\/wp\/v2\/tags?post=197505"}],"curies":[{"name":"wp","href":"https:\/\/api.w.org\/{rel}","templated":true}]}}