{"id":197516,"date":"2024-12-11T05:30:00","date_gmt":"2024-12-11T08:30:00","guid":{"rendered":"https:\/\/www.gaveanews.com\/?p=197516"},"modified":"2024-12-11T02:33:56","modified_gmt":"2024-12-11T05:33:56","slug":"saida-de-lazaro-chegada-de-facundo-torres-e-declaracao-de-estevao-as-ultimas-noticias-do-palmeiras","status":"publish","type":"post","link":"https:\/\/www.gaveanews.com\/index.php\/2024\/12\/11\/saida-de-lazaro-chegada-de-facundo-torres-e-declaracao-de-estevao-as-ultimas-noticias-do-palmeiras\/","title":{"rendered":"Sa\u00edda de L\u00e1zaro, chegada de Facundo Torres e declara\u00e7\u00e3o de Est\u00eav\u00e3o: as \u00faltimas not\u00edcias do Palmeiras"},"content":{"rendered":"\n<p>Nas \u00faltimas horas, o foco das not\u00edcias sobre o Palmeiras se concentram nos bastidores do clube, com destaques como a sa\u00edda de L\u00e1zaro e a chegada de Facundo Torres.<\/p>\n\n\n\n<p>Por conta deste contexto, leia abaixo um resumo preparado pela equipe do portal G\u00e1vea News para lhe manter muito bem informado!<\/p>\n\n\n\n<h2 class=\"wp-block-heading\" id=\"h-declaracao-de-estevao\">Declara\u00e7\u00e3o de Est\u00eav\u00e3o<\/h2>\n\n\n\n<p>Est\u00eav\u00e3o, jovem promessa do Palmeiras, se prepara para sua transi\u00e7\u00e3o ao Chelsea em 2025, destacando-se como um dos grandes talentos do futebol brasileiro em 2024. Em entrevista durante o Pr\u00eamio ESPN Bola de Prata, ele compartilhou detalhes sobre sua adapta\u00e7\u00e3o \u00e0 nova realidade, incluindo o aprendizado de ingl\u00eas e a comunica\u00e7\u00e3o com futuros colegas do clube ingl\u00eas, como Reece James e Cole Palmer. O jogador tamb\u00e9m revelou conselhos recebidos de Thiago Silva, atual jogador do Fluminense, sobre o Chelsea e sua estrutura <strong><a href=\"https:\/\/www.gaveanews.com\/index.php\/2024\/12\/10\/estevao-do-palmeiras-revela-conversa-com-thiago-silva-do-fluminense\/\">(leia a mat\u00e9ria completa).<\/a><\/strong><\/p>\n\n\n\n<figure class=\"wp-block-image size-large\"><img loading=\"lazy\" decoding=\"async\" width=\"850\" height=\"1024\" src=\"https:\/\/www.gaveanews.com\/wp-content\/uploads\/Estevao-durante-o-jogo-entre-Botafogo-x-Palmeiras-pelo-Brasileirao-2024-850x1024.webp\" alt=\"\" class=\"wp-image-153086\" srcset=\"https:\/\/www.gaveanews.com\/wp-content\/uploads\/Estevao-durante-o-jogo-entre-Botafogo-x-Palmeiras-pelo-Brasileirao-2024-850x1024.webp 850w, https:\/\/www.gaveanews.com\/wp-content\/uploads\/Estevao-durante-o-jogo-entre-Botafogo-x-Palmeiras-pelo-Brasileirao-2024-249x300.webp 249w, https:\/\/www.gaveanews.com\/wp-content\/uploads\/Estevao-durante-o-jogo-entre-Botafogo-x-Palmeiras-pelo-Brasileirao-2024-768x925.webp 768w, https:\/\/www.gaveanews.com\/wp-content\/uploads\/Estevao-durante-o-jogo-entre-Botafogo-x-Palmeiras-pelo-Brasileirao-2024-349x420.webp 349w, https:\/\/www.gaveanews.com\/wp-content\/uploads\/Estevao-durante-o-jogo-entre-Botafogo-x-Palmeiras-pelo-Brasileirao-2024-697x840.webp 697w, https:\/\/www.gaveanews.com\/wp-content\/uploads\/Estevao-durante-o-jogo-entre-Botafogo-x-Palmeiras-pelo-Brasileirao-2024-640x771.webp 640w, https:\/\/www.gaveanews.com\/wp-content\/uploads\/Estevao-durante-o-jogo-entre-Botafogo-x-Palmeiras-pelo-Brasileirao-2024-681x820.webp 681w, https:\/\/www.gaveanews.com\/wp-content\/uploads\/Estevao-durante-o-jogo-entre-Botafogo-x-Palmeiras-pelo-Brasileirao-2024-100x120.webp 100w, https:\/\/www.gaveanews.com\/wp-content\/uploads\/Estevao-durante-o-jogo-entre-Botafogo-x-Palmeiras-pelo-Brasileirao-2024.webp 1245w\" sizes=\"auto, (max-width: 850px) 100vw, 850px\" \/><figcaption class=\"wp-element-caption\">Est\u00eav\u00e3o durante o jogo entre Botafogo x Palmeiras pelo Brasileir\u00e3o 2024 (Foto: Cesar Greco\/Palmeiras)<\/figcaption><\/figure>\n\n\n\n<p>Al\u00e9m do apoio dos companheiros, Est\u00eav\u00e3o mostrou leveza ao falar sobre sua futura trajet\u00f3ria no clube, mencionando sua flexibilidade em rela\u00e7\u00e3o \u00e0 numera\u00e7\u00e3o de camisa e suas prefer\u00eancias de posi\u00e7\u00e3o em campo. <\/p>\n\n\n\n<p>Embora tenha se adaptado a atuar como ponta no Palmeiras sob o comando de Abel Ferreira, ele expressou o desejo de, no futuro, jogar em uma posi\u00e7\u00e3o mais centralizada, onde se sente mais confort\u00e1vel.<\/p>\n\n\n\n<p>Encerrando 2024 com n\u00fameros not\u00e1veis \u2014 45 jogos, 15 gols e 10 assist\u00eancias \u2014 Est\u00eav\u00e3o destacou-se como um dos melhores jogadores do Palmeiras. Agora, ele se prepara para consolidar sua carreira no futebol europeu, demonstrando maturidade e entusiasmo com os desafios \u00e0 frente.<\/p>\n\n\n\n<h2 class=\"wp-block-heading\" id=\"h-chegada-de-facundo-torres\">Chegada de Facundo Torres<\/h2>\n\n\n\n<p>O Palmeiras est\u00e1 negociando a contrata\u00e7\u00e3o de Facundo Torres, atacante uruguaio do Orlando City, para a temporada 2025. Com 24 anos, Torres tem mostrado desempenho s\u00f3lido na MLS, acumulando 20 gols e seis assist\u00eancias em 44 partidas desde que chegou \u00e0 liga americana em 2022. O jogador \u00e9 visto como uma solu\u00e7\u00e3o para fortalecer as pontas do time, setor considerado deficit\u00e1rio pelo t\u00e9cnico Abel Ferreira <strong><a href=\"https:\/\/www.gaveanews.com\/index.php\/2024\/12\/10\/palmeiras-negocia-chegada-de-atacante-da-mls\/\">(leia a mat\u00e9ria completa).<\/a><\/strong><\/p>\n\n\n\n<figure class=\"wp-block-image size-large\"><img loading=\"lazy\" decoding=\"async\" width=\"1024\" height=\"576\" src=\"https:\/\/www.gaveanews.com\/wp-content\/uploads\/Facundo-Torres-em-acao-com-a-camisa-da-Selecao-do-Uruguai-1024x576.webp\" alt=\"\" class=\"wp-image-197403\" srcset=\"https:\/\/www.gaveanews.com\/wp-content\/uploads\/Facundo-Torres-em-acao-com-a-camisa-da-Selecao-do-Uruguai-1024x576.webp 1024w, https:\/\/www.gaveanews.com\/wp-content\/uploads\/Facundo-Torres-em-acao-com-a-camisa-da-Selecao-do-Uruguai-300x169.webp 300w, https:\/\/www.gaveanews.com\/wp-content\/uploads\/Facundo-Torres-em-acao-com-a-camisa-da-Selecao-do-Uruguai-768x432.webp 768w, https:\/\/www.gaveanews.com\/wp-content\/uploads\/Facundo-Torres-em-acao-com-a-camisa-da-Selecao-do-Uruguai-1536x864.webp 1536w, https:\/\/www.gaveanews.com\/wp-content\/uploads\/Facundo-Torres-em-acao-com-a-camisa-da-Selecao-do-Uruguai-747x420.webp 747w, https:\/\/www.gaveanews.com\/wp-content\/uploads\/Facundo-Torres-em-acao-com-a-camisa-da-Selecao-do-Uruguai-1493x840.webp 1493w, https:\/\/www.gaveanews.com\/wp-content\/uploads\/Facundo-Torres-em-acao-com-a-camisa-da-Selecao-do-Uruguai-640x360.webp 640w, https:\/\/www.gaveanews.com\/wp-content\/uploads\/Facundo-Torres-em-acao-com-a-camisa-da-Selecao-do-Uruguai-1280x720.webp 1280w, https:\/\/www.gaveanews.com\/wp-content\/uploads\/Facundo-Torres-em-acao-com-a-camisa-da-Selecao-do-Uruguai-681x383.webp 681w, https:\/\/www.gaveanews.com\/wp-content\/uploads\/Facundo-Torres-em-acao-com-a-camisa-da-Selecao-do-Uruguai-1362x766.webp 1362w, https:\/\/www.gaveanews.com\/wp-content\/uploads\/Facundo-Torres-em-acao-com-a-camisa-da-Selecao-do-Uruguai-100x56.webp 100w, https:\/\/www.gaveanews.com\/wp-content\/uploads\/Facundo-Torres-em-acao-com-a-camisa-da-Selecao-do-Uruguai.webp 1920w\" sizes=\"auto, (max-width: 1024px) 100vw, 1024px\" \/><figcaption class=\"wp-element-caption\">Facundo Torres em a\u00e7\u00e3o com a camisa da Sele\u00e7\u00e3o do Uruguai (Foto: Reprodu\u00e7\u00e3o)<\/figcaption><\/figure>\n\n\n\n<p>A negocia\u00e7\u00e3o ocorre em meio a uma reformula\u00e7\u00e3o do elenco, marcada pela sa\u00edda de Dudu, que deve rescindir contrato para fechar com o Cruzeiro, e de L\u00e1zaro, que deve retornar ao Almer\u00eda, da Espanha. Enquanto isso, nomes como Felipe Anderson n\u00e3o t\u00eam atendido \u00e0s expectativas. A diretoria do Palmeiras, no entanto, ainda n\u00e3o revelou os valores envolvidos na poss\u00edvel transfer\u00eancia de Torres, mas a imprensa americana especula que esta pode ser a maior venda da hist\u00f3ria do Orlando City.<\/p>\n\n\n\n<p>Al\u00e9m do bom hist\u00f3rico no clube e na sele\u00e7\u00e3o uruguaia, Facundo Torres se destaca por sua versatilidade, podendo atuar em ambos os lados do campo. Essa negocia\u00e7\u00e3o sinaliza a busca do Palmeiras por jogadores capazes de trazer dinamismo e efici\u00eancia ao setor ofensivo, em uma tentativa de retornar \u00e0s conquistas no pr\u00f3ximo ano.<\/p>\n\n\n\n<h2 class=\"wp-block-heading\" id=\"h-saida-de-lazaro\">Sa\u00edda de L\u00e1zaro<\/h2>\n\n\n\n<p>O Palmeiras, vice-campe\u00e3o brasileiro em 2024, est\u00e1 passando por uma reformula\u00e7\u00e3o significativa para a pr\u00f3xima temporada. Entre as mudan\u00e7as, est\u00e1 a sa\u00edda do atacante L\u00e1zaro, cujo contrato de empr\u00e9stimo com o clube n\u00e3o ser\u00e1 renovado. Ap\u00f3s 33 partidas e tr\u00eas gols marcados, ele retornar\u00e1 ao Almer\u00eda, da Espanha. Al\u00e9m dele, \u00edcones do time como Dudu e Rony tamb\u00e9m podem deixar o elenco, enquanto a diretoria se prepara para contratar refor\u00e7os visando fortalecer o grupo e corrigir falhas apresentadas em 2024<strong><a href=\"https:\/\/www.gaveanews.com\/index.php\/2024\/12\/10\/sem-espaco-com-abel-ferreira-ele-esta-de-saida-do-palmeiras\/\"> (leia a mat\u00e9ria completa).<\/a><\/strong><\/p>\n\n\n\n<figure class=\"wp-block-image size-large\"><img loading=\"lazy\" decoding=\"async\" width=\"1024\" height=\"1024\" src=\"https:\/\/www.gaveanews.com\/wp-content\/uploads\/Lazaro-durante-um-treino-do-Palmeiras-no-Allianz-Parque-1024x1024.webp\" alt=\"\" class=\"wp-image-157822\" srcset=\"https:\/\/www.gaveanews.com\/wp-content\/uploads\/Lazaro-durante-um-treino-do-Palmeiras-no-Allianz-Parque-1024x1024.webp 1024w, https:\/\/www.gaveanews.com\/wp-content\/uploads\/Lazaro-durante-um-treino-do-Palmeiras-no-Allianz-Parque-300x300.webp 300w, https:\/\/www.gaveanews.com\/wp-content\/uploads\/Lazaro-durante-um-treino-do-Palmeiras-no-Allianz-Parque-150x150.webp 150w, https:\/\/www.gaveanews.com\/wp-content\/uploads\/Lazaro-durante-um-treino-do-Palmeiras-no-Allianz-Parque-768x768.webp 768w, https:\/\/www.gaveanews.com\/wp-content\/uploads\/Lazaro-durante-um-treino-do-Palmeiras-no-Allianz-Parque-420x420.webp 420w, https:\/\/www.gaveanews.com\/wp-content\/uploads\/Lazaro-durante-um-treino-do-Palmeiras-no-Allianz-Parque-840x840.webp 840w, https:\/\/www.gaveanews.com\/wp-content\/uploads\/Lazaro-durante-um-treino-do-Palmeiras-no-Allianz-Parque-640x640.webp 640w, https:\/\/www.gaveanews.com\/wp-content\/uploads\/Lazaro-durante-um-treino-do-Palmeiras-no-Allianz-Parque-1280x1280.webp 1280w, https:\/\/www.gaveanews.com\/wp-content\/uploads\/Lazaro-durante-um-treino-do-Palmeiras-no-Allianz-Parque-681x681.webp 681w, https:\/\/www.gaveanews.com\/wp-content\/uploads\/Lazaro-durante-um-treino-do-Palmeiras-no-Allianz-Parque-1362x1362.webp 1362w, https:\/\/www.gaveanews.com\/wp-content\/uploads\/Lazaro-durante-um-treino-do-Palmeiras-no-Allianz-Parque-100x100.webp 100w, https:\/\/www.gaveanews.com\/wp-content\/uploads\/Lazaro-durante-um-treino-do-Palmeiras-no-Allianz-Parque.webp 1500w\" sizes=\"auto, (max-width: 1024px) 100vw, 1024px\" \/><figcaption class=\"wp-element-caption\">Laz\u00e1ro durante um treino do Palmeiras no Allianz Parque (Foto: Cesar Greco\/Palmeiras)<\/figcaption><\/figure>\n\n\n\n<p>O t\u00e9cnico Abel Ferreira e a diretoria planejam at\u00e9 cinco contrata\u00e7\u00f5es para 2025, priorizando refor\u00e7os ofensivos. A sa\u00edda de jovens jogadores, como Naves e Caio Paulista, tamb\u00e9m est\u00e1 confirmada, devido a oportunidades limitadas e atua\u00e7\u00f5es inconsistentes. O volante Z\u00e9 Rafael, outro nome em decl\u00ednio, avalia possibilidades de transfer\u00eancia, enquanto negocia\u00e7\u00f5es para a sa\u00edda de Dudu e Rony est\u00e3o em andamento, com clubes como Cruzeiro e Santos interessados.<\/p>\n\n\n\n<p>Essas movimenta\u00e7\u00f5es refletem a busca do Palmeiras por um elenco mais competitivo para a pr\u00f3xima temporada. A inten\u00e7\u00e3o \u00e9 alinhar os novos refor\u00e7os com a filosofia de Abel Ferreira, visando maior regularidade e desempenho nas competi\u00e7\u00f5es nacionais e internacionais.<\/p>\n","protected":false},"excerpt":{"rendered":"<p>Nas \u00faltimas horas, o foco das not\u00edcias sobre o Palmeiras se concentram nos bastidores do clube, com destaques como a sa\u00edda de L\u00e1zaro e a chegada de Facundo Torres. Por conta deste contexto, leia abaixo um resumo preparado pela equipe do portal G\u00e1vea News para lhe manter muito bem informado! Declara\u00e7\u00e3o de Est\u00eav\u00e3o Est\u00eav\u00e3o, jovem [&hellip;]<\/p>\n","protected":false},"author":27,"featured_media":152159,"comment_status":"open","ping_status":"closed","sticky":false,"template":"","format":"standard","meta":{"footnotes":""},"categories":[150],"tags":[],"class_list":["post-197516","post","type-post","status-publish","format-standard","has-post-thumbnail","hentry","category-palmeiras"],"yoast_head":"<!-- This site is optimized with the Yoast SEO Premium plugin v24.2 (Yoast SEO v26.9) - https:\/\/yoast.com\/product\/yoast-seo-premium-wordpress\/ -->\n<title>Sa\u00edda de L\u00e1zaro, chegada de Facundo Torres e declara\u00e7\u00e3o de Est\u00eav\u00e3o: as \u00faltimas not\u00edcias do Palmeiras<\/title>\n<meta name=\"robots\" content=\"index, follow, max-snippet:-1, max-image-preview:large, max-video-preview:-1\" \/>\n<link rel=\"canonical\" href=\"https:\/\/www.gaveanews.com\/index.php\/2024\/12\/11\/saida-de-lazaro-chegada-de-facundo-torres-e-declaracao-de-estevao-as-ultimas-noticias-do-palmeiras\/\" \/>\n<meta property=\"og:locale\" content=\"pt_BR\" \/>\n<meta property=\"og:type\" content=\"article\" \/>\n<meta property=\"og:title\" content=\"Sa\u00edda de L\u00e1zaro, chegada de Facundo Torres e declara\u00e7\u00e3o de Est\u00eav\u00e3o: as \u00faltimas not\u00edcias do Palmeiras\" \/>\n<meta property=\"og:description\" content=\"Nas \u00faltimas horas, o foco das not\u00edcias sobre o Palmeiras se concentram nos bastidores do clube, com destaques como a sa\u00edda de L\u00e1zaro e a chegada de Facundo Torres. Por conta deste contexto, leia abaixo um resumo preparado pela equipe do portal G\u00e1vea News para lhe manter muito bem informado! Declara\u00e7\u00e3o de Est\u00eav\u00e3o Est\u00eav\u00e3o, jovem [&hellip;]\" \/>\n<meta property=\"og:url\" content=\"https:\/\/www.gaveanews.com\/index.php\/2024\/12\/11\/saida-de-lazaro-chegada-de-facundo-torres-e-declaracao-de-estevao-as-ultimas-noticias-do-palmeiras\/\" \/>\n<meta property=\"og:site_name\" content=\"G\u00e1vea News\" \/>\n<meta property=\"article:publisher\" content=\"https:\/\/facebook.com\/gaveaNews\/\" \/>\n<meta property=\"article:published_time\" content=\"2024-12-11T08:30:00+00:00\" \/>\n<meta property=\"og:image\" content=\"https:\/\/www.gaveanews.com\/wp-content\/uploads\/Escudo-do-Palmeiras.webp\" \/>\n\t<meta property=\"og:image:width\" content=\"1000\" \/>\n\t<meta property=\"og:image:height\" content=\"667\" \/>\n\t<meta property=\"og:image:type\" content=\"image\/webp\" \/>\n<meta name=\"author\" content=\"Matheus Felipe\" \/>\n<meta name=\"twitter:card\" content=\"summary_large_image\" \/>\n<meta name=\"twitter:label1\" content=\"Escrito por\" \/>\n\t<meta name=\"twitter:data1\" content=\"Matheus Felipe\" \/>\n\t<meta name=\"twitter:label2\" content=\"Est. tempo de leitura\" \/>\n\t<meta name=\"twitter:data2\" content=\"5 minutos\" \/>\n<script type=\"application\/ld+json\" class=\"yoast-schema-graph\">{\"@context\":\"https:\/\/schema.org\",\"@graph\":[{\"@type\":\"NewsArticle\",\"@id\":\"https:\/\/www.gaveanews.com\/index.php\/2024\/12\/11\/saida-de-lazaro-chegada-de-facundo-torres-e-declaracao-de-estevao-as-ultimas-noticias-do-palmeiras\/#article\",\"isPartOf\":{\"@id\":\"https:\/\/www.gaveanews.com\/index.php\/2024\/12\/11\/saida-de-lazaro-chegada-de-facundo-torres-e-declaracao-de-estevao-as-ultimas-noticias-do-palmeiras\/\"},\"author\":{\"name\":\"Matheus Felipe\",\"@id\":\"https:\/\/www.gaveanews.com\/#\/schema\/person\/8207cd4627f56151707418bfc835b2fb\"},\"headline\":\"Sa\u00edda de L\u00e1zaro, chegada de Facundo Torres e declara\u00e7\u00e3o de Est\u00eav\u00e3o: as \u00faltimas not\u00edcias do Palmeiras\",\"datePublished\":\"2024-12-11T08:30:00+00:00\",\"mainEntityOfPage\":{\"@id\":\"https:\/\/www.gaveanews.com\/index.php\/2024\/12\/11\/saida-de-lazaro-chegada-de-facundo-torres-e-declaracao-de-estevao-as-ultimas-noticias-do-palmeiras\/\"},\"wordCount\":781,\"commentCount\":0,\"image\":{\"@id\":\"https:\/\/www.gaveanews.com\/index.php\/2024\/12\/11\/saida-de-lazaro-chegada-de-facundo-torres-e-declaracao-de-estevao-as-ultimas-noticias-do-palmeiras\/#primaryimage\"},\"thumbnailUrl\":\"https:\/\/www.gaveanews.com\/wp-content\/uploads\/Escudo-do-Palmeiras.webp\",\"articleSection\":[\"Palmeiras\"],\"inLanguage\":\"pt-BR\",\"potentialAction\":[{\"@type\":\"CommentAction\",\"name\":\"Comment\",\"target\":[\"https:\/\/www.gaveanews.com\/index.php\/2024\/12\/11\/saida-de-lazaro-chegada-de-facundo-torres-e-declaracao-de-estevao-as-ultimas-noticias-do-palmeiras\/#respond\"]}],\"copyrightYear\":\"2024\",\"copyrightHolder\":{\"@id\":\"https:\/\/www.gaveanews.com\/#organization\"}},{\"@type\":\"WebPage\",\"@id\":\"https:\/\/www.gaveanews.com\/index.php\/2024\/12\/11\/saida-de-lazaro-chegada-de-facundo-torres-e-declaracao-de-estevao-as-ultimas-noticias-do-palmeiras\/\",\"url\":\"https:\/\/www.gaveanews.com\/index.php\/2024\/12\/11\/saida-de-lazaro-chegada-de-facundo-torres-e-declaracao-de-estevao-as-ultimas-noticias-do-palmeiras\/\",\"name\":\"Sa\u00edda de L\u00e1zaro, chegada de Facundo Torres e declara\u00e7\u00e3o de Est\u00eav\u00e3o: as \u00faltimas not\u00edcias do Palmeiras\",\"isPartOf\":{\"@id\":\"https:\/\/www.gaveanews.com\/#website\"},\"primaryImageOfPage\":{\"@id\":\"https:\/\/www.gaveanews.com\/index.php\/2024\/12\/11\/saida-de-lazaro-chegada-de-facundo-torres-e-declaracao-de-estevao-as-ultimas-noticias-do-palmeiras\/#primaryimage\"},\"image\":{\"@id\":\"https:\/\/www.gaveanews.com\/index.php\/2024\/12\/11\/saida-de-lazaro-chegada-de-facundo-torres-e-declaracao-de-estevao-as-ultimas-noticias-do-palmeiras\/#primaryimage\"},\"thumbnailUrl\":\"https:\/\/www.gaveanews.com\/wp-content\/uploads\/Escudo-do-Palmeiras.webp\",\"datePublished\":\"2024-12-11T08:30:00+00:00\",\"author\":{\"@id\":\"https:\/\/www.gaveanews.com\/#\/schema\/person\/8207cd4627f56151707418bfc835b2fb\"},\"breadcrumb\":{\"@id\":\"https:\/\/www.gaveanews.com\/index.php\/2024\/12\/11\/saida-de-lazaro-chegada-de-facundo-torres-e-declaracao-de-estevao-as-ultimas-noticias-do-palmeiras\/#breadcrumb\"},\"inLanguage\":\"pt-BR\",\"potentialAction\":[{\"@type\":\"ReadAction\",\"target\":[\"https:\/\/www.gaveanews.com\/index.php\/2024\/12\/11\/saida-de-lazaro-chegada-de-facundo-torres-e-declaracao-de-estevao-as-ultimas-noticias-do-palmeiras\/\"]}]},{\"@type\":\"ImageObject\",\"inLanguage\":\"pt-BR\",\"@id\":\"https:\/\/www.gaveanews.com\/index.php\/2024\/12\/11\/saida-de-lazaro-chegada-de-facundo-torres-e-declaracao-de-estevao-as-ultimas-noticias-do-palmeiras\/#primaryimage\",\"url\":\"https:\/\/www.gaveanews.com\/wp-content\/uploads\/Escudo-do-Palmeiras.webp\",\"contentUrl\":\"https:\/\/www.gaveanews.com\/wp-content\/uploads\/Escudo-do-Palmeiras.webp\",\"width\":1000,\"height\":667,\"caption\":\"Escudo do Palmeiras (Foto Reprodu\u00e7\u00e3o\/Instagram)\"},{\"@type\":\"BreadcrumbList\",\"@id\":\"https:\/\/www.gaveanews.com\/index.php\/2024\/12\/11\/saida-de-lazaro-chegada-de-facundo-torres-e-declaracao-de-estevao-as-ultimas-noticias-do-palmeiras\/#breadcrumb\",\"itemListElement\":[{\"@type\":\"ListItem\",\"position\":1,\"name\":\"Home\",\"item\":\"https:\/\/www.gaveanews.com\/\"},{\"@type\":\"ListItem\",\"position\":2,\"name\":\"Sa\u00edda de L\u00e1zaro, chegada de Facundo Torres e declara\u00e7\u00e3o de Est\u00eav\u00e3o: as \u00faltimas not\u00edcias do Palmeiras\"}]},{\"@type\":\"WebSite\",\"@id\":\"https:\/\/www.gaveanews.com\/#website\",\"url\":\"https:\/\/www.gaveanews.com\/\",\"name\":\"G\u00e1vea News\",\"description\":\"Veja todas as not\u00edcias sobre o Flamengo: Contrata\u00e7\u00f5es, categorias de base, resultados das partidas, tabela de classifica\u00e7\u00e3o, pr\u00f3ximos jogos!\",\"potentialAction\":[{\"@type\":\"SearchAction\",\"target\":{\"@type\":\"EntryPoint\",\"urlTemplate\":\"https:\/\/www.gaveanews.com\/?s={search_term_string}\"},\"query-input\":{\"@type\":\"PropertyValueSpecification\",\"valueRequired\":true,\"valueName\":\"search_term_string\"}}],\"inLanguage\":\"pt-BR\"},{\"@type\":\"Person\",\"@id\":\"https:\/\/www.gaveanews.com\/#\/schema\/person\/8207cd4627f56151707418bfc835b2fb\",\"name\":\"Matheus Felipe\",\"image\":{\"@type\":\"ImageObject\",\"inLanguage\":\"pt-BR\",\"@id\":\"https:\/\/www.gaveanews.com\/#\/schema\/person\/image\/\",\"url\":\"https:\/\/secure.gravatar.com\/avatar\/a452ffbed9130f726358b298bb3a99ce4bd3c5338411f8440e87e14d74c7c087?s=96&d=mm&r=g\",\"contentUrl\":\"https:\/\/secure.gravatar.com\/avatar\/a452ffbed9130f726358b298bb3a99ce4bd3c5338411f8440e87e14d74c7c087?s=96&d=mm&r=g\",\"caption\":\"Matheus Felipe\"}}]}<\/script>\n<!-- \/ Yoast SEO Premium plugin. -->","yoast_head_json":{"title":"Sa\u00edda de L\u00e1zaro, chegada de Facundo Torres e declara\u00e7\u00e3o de Est\u00eav\u00e3o: as \u00faltimas not\u00edcias do Palmeiras","robots":{"index":"index","follow":"follow","max-snippet":"max-snippet:-1","max-image-preview":"max-image-preview:large","max-video-preview":"max-video-preview:-1"},"canonical":"https:\/\/www.gaveanews.com\/index.php\/2024\/12\/11\/saida-de-lazaro-chegada-de-facundo-torres-e-declaracao-de-estevao-as-ultimas-noticias-do-palmeiras\/","og_locale":"pt_BR","og_type":"article","og_title":"Sa\u00edda de L\u00e1zaro, chegada de Facundo Torres e declara\u00e7\u00e3o de Est\u00eav\u00e3o: as \u00faltimas not\u00edcias do Palmeiras","og_description":"Nas \u00faltimas horas, o foco das not\u00edcias sobre o Palmeiras se concentram nos bastidores do clube, com destaques como a sa\u00edda de L\u00e1zaro e a chegada de Facundo Torres. Por conta deste contexto, leia abaixo um resumo preparado pela equipe do portal G\u00e1vea News para lhe manter muito bem informado! Declara\u00e7\u00e3o de Est\u00eav\u00e3o Est\u00eav\u00e3o, jovem [&hellip;]","og_url":"https:\/\/www.gaveanews.com\/index.php\/2024\/12\/11\/saida-de-lazaro-chegada-de-facundo-torres-e-declaracao-de-estevao-as-ultimas-noticias-do-palmeiras\/","og_site_name":"G\u00e1vea News","article_publisher":"https:\/\/facebook.com\/gaveaNews\/","article_published_time":"2024-12-11T08:30:00+00:00","og_image":[{"width":1000,"height":667,"url":"https:\/\/www.gaveanews.com\/wp-content\/uploads\/Escudo-do-Palmeiras.webp","type":"image\/webp"}],"author":"Matheus Felipe","twitter_card":"summary_large_image","twitter_misc":{"Escrito por":"Matheus Felipe","Est. tempo de leitura":"5 minutos"},"schema":{"@context":"https:\/\/schema.org","@graph":[{"@type":"NewsArticle","@id":"https:\/\/www.gaveanews.com\/index.php\/2024\/12\/11\/saida-de-lazaro-chegada-de-facundo-torres-e-declaracao-de-estevao-as-ultimas-noticias-do-palmeiras\/#article","isPartOf":{"@id":"https:\/\/www.gaveanews.com\/index.php\/2024\/12\/11\/saida-de-lazaro-chegada-de-facundo-torres-e-declaracao-de-estevao-as-ultimas-noticias-do-palmeiras\/"},"author":{"name":"Matheus Felipe","@id":"https:\/\/www.gaveanews.com\/#\/schema\/person\/8207cd4627f56151707418bfc835b2fb"},"headline":"Sa\u00edda de L\u00e1zaro, chegada de Facundo Torres e declara\u00e7\u00e3o de Est\u00eav\u00e3o: as \u00faltimas not\u00edcias do Palmeiras","datePublished":"2024-12-11T08:30:00+00:00","mainEntityOfPage":{"@id":"https:\/\/www.gaveanews.com\/index.php\/2024\/12\/11\/saida-de-lazaro-chegada-de-facundo-torres-e-declaracao-de-estevao-as-ultimas-noticias-do-palmeiras\/"},"wordCount":781,"commentCount":0,"image":{"@id":"https:\/\/www.gaveanews.com\/index.php\/2024\/12\/11\/saida-de-lazaro-chegada-de-facundo-torres-e-declaracao-de-estevao-as-ultimas-noticias-do-palmeiras\/#primaryimage"},"thumbnailUrl":"https:\/\/www.gaveanews.com\/wp-content\/uploads\/Escudo-do-Palmeiras.webp","articleSection":["Palmeiras"],"inLanguage":"pt-BR","potentialAction":[{"@type":"CommentAction","name":"Comment","target":["https:\/\/www.gaveanews.com\/index.php\/2024\/12\/11\/saida-de-lazaro-chegada-de-facundo-torres-e-declaracao-de-estevao-as-ultimas-noticias-do-palmeiras\/#respond"]}],"copyrightYear":"2024","copyrightHolder":{"@id":"https:\/\/www.gaveanews.com\/#organization"}},{"@type":"WebPage","@id":"https:\/\/www.gaveanews.com\/index.php\/2024\/12\/11\/saida-de-lazaro-chegada-de-facundo-torres-e-declaracao-de-estevao-as-ultimas-noticias-do-palmeiras\/","url":"https:\/\/www.gaveanews.com\/index.php\/2024\/12\/11\/saida-de-lazaro-chegada-de-facundo-torres-e-declaracao-de-estevao-as-ultimas-noticias-do-palmeiras\/","name":"Sa\u00edda de L\u00e1zaro, chegada de Facundo Torres e declara\u00e7\u00e3o de Est\u00eav\u00e3o: as \u00faltimas not\u00edcias do Palmeiras","isPartOf":{"@id":"https:\/\/www.gaveanews.com\/#website"},"primaryImageOfPage":{"@id":"https:\/\/www.gaveanews.com\/index.php\/2024\/12\/11\/saida-de-lazaro-chegada-de-facundo-torres-e-declaracao-de-estevao-as-ultimas-noticias-do-palmeiras\/#primaryimage"},"image":{"@id":"https:\/\/www.gaveanews.com\/index.php\/2024\/12\/11\/saida-de-lazaro-chegada-de-facundo-torres-e-declaracao-de-estevao-as-ultimas-noticias-do-palmeiras\/#primaryimage"},"thumbnailUrl":"https:\/\/www.gaveanews.com\/wp-content\/uploads\/Escudo-do-Palmeiras.webp","datePublished":"2024-12-11T08:30:00+00:00","author":{"@id":"https:\/\/www.gaveanews.com\/#\/schema\/person\/8207cd4627f56151707418bfc835b2fb"},"breadcrumb":{"@id":"https:\/\/www.gaveanews.com\/index.php\/2024\/12\/11\/saida-de-lazaro-chegada-de-facundo-torres-e-declaracao-de-estevao-as-ultimas-noticias-do-palmeiras\/#breadcrumb"},"inLanguage":"pt-BR","potentialAction":[{"@type":"ReadAction","target":["https:\/\/www.gaveanews.com\/index.php\/2024\/12\/11\/saida-de-lazaro-chegada-de-facundo-torres-e-declaracao-de-estevao-as-ultimas-noticias-do-palmeiras\/"]}]},{"@type":"ImageObject","inLanguage":"pt-BR","@id":"https:\/\/www.gaveanews.com\/index.php\/2024\/12\/11\/saida-de-lazaro-chegada-de-facundo-torres-e-declaracao-de-estevao-as-ultimas-noticias-do-palmeiras\/#primaryimage","url":"https:\/\/www.gaveanews.com\/wp-content\/uploads\/Escudo-do-Palmeiras.webp","contentUrl":"https:\/\/www.gaveanews.com\/wp-content\/uploads\/Escudo-do-Palmeiras.webp","width":1000,"height":667,"caption":"Escudo do Palmeiras (Foto Reprodu\u00e7\u00e3o\/Instagram)"},{"@type":"BreadcrumbList","@id":"https:\/\/www.gaveanews.com\/index.php\/2024\/12\/11\/saida-de-lazaro-chegada-de-facundo-torres-e-declaracao-de-estevao-as-ultimas-noticias-do-palmeiras\/#breadcrumb","itemListElement":[{"@type":"ListItem","position":1,"name":"Home","item":"https:\/\/www.gaveanews.com\/"},{"@type":"ListItem","position":2,"name":"Sa\u00edda de L\u00e1zaro, chegada de Facundo Torres e declara\u00e7\u00e3o de Est\u00eav\u00e3o: as \u00faltimas not\u00edcias do Palmeiras"}]},{"@type":"WebSite","@id":"https:\/\/www.gaveanews.com\/#website","url":"https:\/\/www.gaveanews.com\/","name":"G\u00e1vea News","description":"Veja todas as not\u00edcias sobre o Flamengo: Contrata\u00e7\u00f5es, categorias de base, resultados das partidas, tabela de classifica\u00e7\u00e3o, pr\u00f3ximos jogos!","potentialAction":[{"@type":"SearchAction","target":{"@type":"EntryPoint","urlTemplate":"https:\/\/www.gaveanews.com\/?s={search_term_string}"},"query-input":{"@type":"PropertyValueSpecification","valueRequired":true,"valueName":"search_term_string"}}],"inLanguage":"pt-BR"},{"@type":"Person","@id":"https:\/\/www.gaveanews.com\/#\/schema\/person\/8207cd4627f56151707418bfc835b2fb","name":"Matheus Felipe","image":{"@type":"ImageObject","inLanguage":"pt-BR","@id":"https:\/\/www.gaveanews.com\/#\/schema\/person\/image\/","url":"https:\/\/secure.gravatar.com\/avatar\/a452ffbed9130f726358b298bb3a99ce4bd3c5338411f8440e87e14d74c7c087?s=96&d=mm&r=g","contentUrl":"https:\/\/secure.gravatar.com\/avatar\/a452ffbed9130f726358b298bb3a99ce4bd3c5338411f8440e87e14d74c7c087?s=96&d=mm&r=g","caption":"Matheus Felipe"}}]}},"_links":{"self":[{"href":"https:\/\/www.gaveanews.com\/index.php\/wp-json\/wp\/v2\/posts\/197516","targetHints":{"allow":["GET"]}}],"collection":[{"href":"https:\/\/www.gaveanews.com\/index.php\/wp-json\/wp\/v2\/posts"}],"about":[{"href":"https:\/\/www.gaveanews.com\/index.php\/wp-json\/wp\/v2\/types\/post"}],"author":[{"embeddable":true,"href":"https:\/\/www.gaveanews.com\/index.php\/wp-json\/wp\/v2\/users\/27"}],"replies":[{"embeddable":true,"href":"https:\/\/www.gaveanews.com\/index.php\/wp-json\/wp\/v2\/comments?post=197516"}],"version-history":[{"count":1,"href":"https:\/\/www.gaveanews.com\/index.php\/wp-json\/wp\/v2\/posts\/197516\/revisions"}],"predecessor-version":[{"id":197521,"href":"https:\/\/www.gaveanews.com\/index.php\/wp-json\/wp\/v2\/posts\/197516\/revisions\/197521"}],"wp:featuredmedia":[{"embeddable":true,"href":"https:\/\/www.gaveanews.com\/index.php\/wp-json\/wp\/v2\/media\/152159"}],"wp:attachment":[{"href":"https:\/\/www.gaveanews.com\/index.php\/wp-json\/wp\/v2\/media?parent=197516"}],"wp:term":[{"taxonomy":"category","embeddable":true,"href":"https:\/\/www.gaveanews.com\/index.php\/wp-json\/wp\/v2\/categories?post=197516"},{"taxonomy":"post_tag","embeddable":true,"href":"https:\/\/www.gaveanews.com\/index.php\/wp-json\/wp\/v2\/tags?post=197516"}],"curies":[{"name":"wp","href":"https:\/\/api.w.org\/{rel}","templated":true}]}}