{"id":197526,"date":"2024-12-11T07:30:00","date_gmt":"2024-12-11T10:30:00","guid":{"rendered":"https:\/\/www.gaveanews.com\/?p=197526"},"modified":"2024-12-11T02:49:30","modified_gmt":"2024-12-11T05:49:30","slug":"chegada-de-arias-valor-de-patrocinio-e-a-declaracao-de-mano-menezes-as-ultimas-noticias-do-palmeiras","status":"publish","type":"post","link":"https:\/\/www.gaveanews.com\/index.php\/2024\/12\/11\/chegada-de-arias-valor-de-patrocinio-e-a-declaracao-de-mano-menezes-as-ultimas-noticias-do-palmeiras\/","title":{"rendered":"Chegada de Arias, valor de patroc\u00ednio e a declara\u00e7\u00e3o de Mano Menezes: as \u00faltimas not\u00edcias do Palmeiras"},"content":{"rendered":"\n<p>Nas \u00faltimas horas, o foco das not\u00edcias sobre o Palmeiras se concentram nos bastidores do clube, com destaques como a chegada de Arias e a declara\u00e7\u00e3o de Mano Menezes.<\/p>\n\n\n\n<p>Por conta deste contexto, leia abaixo um resumo preparado pela equipe do portal G\u00e1vea News para lhe manter muito bem informado!<\/p>\n\n\n\n<h2 class=\"wp-block-heading\" id=\"h-declaracao-de-mano-menezes\">Declara\u00e7\u00e3o de Mano Menezes<\/h2>\n\n\n\n<p>Na \u00faltima rodada do Campeonato Brasileiro 2024, o Fluminense garantiu sua perman\u00eancia na S\u00e9rie A ao vencer o Palmeiras por 1 a 0 no Allianz Parque, com gol de Kevin Serna. O triunfo assegurou n\u00e3o apenas a perman\u00eancia, mas tamb\u00e9m uma vaga na Copa Sul-Americana 2025, coroando o esfor\u00e7o da equipe carioca para evitar o rebaixamento ap\u00f3s um in\u00edcio de temporada turbulento <strong><a href=\"https:\/\/www.gaveanews.com\/index.php\/2024\/12\/08\/palmeiras-x-fluminense-a-declaracao-de-mano-menezes-2\/\">(leia a mat\u00e9ria completa).<\/a><\/strong><\/p>\n\n\n\n<figure class=\"wp-block-image size-full\"><img loading=\"lazy\" decoding=\"async\" width=\"740\" height=\"416\" src=\"https:\/\/www.gaveanews.com\/wp-content\/uploads\/image-2024-07-03T203303.359.webp\" alt=\"\" class=\"wp-image-150636\" srcset=\"https:\/\/www.gaveanews.com\/wp-content\/uploads\/image-2024-07-03T203303.359.webp 740w, https:\/\/www.gaveanews.com\/wp-content\/uploads\/image-2024-07-03T203303.359-300x169.webp 300w, https:\/\/www.gaveanews.com\/wp-content\/uploads\/image-2024-07-03T203303.359-640x360.webp 640w, https:\/\/www.gaveanews.com\/wp-content\/uploads\/image-2024-07-03T203303.359-681x383.webp 681w, https:\/\/www.gaveanews.com\/wp-content\/uploads\/image-2024-07-03T203303.359-100x56.webp 100w\" sizes=\"auto, (max-width: 740px) 100vw, 740px\" \/><figcaption class=\"wp-element-caption\">Mano Menezes, t\u00e9cnico do Fluminense. Foto: Marcelo Gon\u00e7alves\/Fluminense\n<\/figcaption><\/figure>\n\n\n\n<p>Em coletiva, Mano Menezes, t\u00e9cnico do Fluminense, refletiu sobre os desafios enfrentados desde sua chegada em julho, destacando a transforma\u00e7\u00e3o da equipe. <\/p>\n\n\n\n<p>Sob sua lideran\u00e7a, o time apresentou um aproveitamento de 53%, saindo da lanterna para uma recupera\u00e7\u00e3o s\u00f3lida. Mano enfatizou o trabalho em equipe e a integra\u00e7\u00e3o de jovens talentos da base como fatores cruciais para o sucesso no segundo turno.<\/p>\n\n\n\n<p>O t\u00e9cnico tamb\u00e9m mencionou o ceticismo inicial em rela\u00e7\u00e3o ao seu comando, mas ressaltou a qualidade do elenco e a capacidade de supera\u00e7\u00e3o dos jogadores. Apesar dos altos e baixos, Mano celebrou o desempenho que permitiu ao Fluminense encerrar a temporada em alta, afastando os riscos do rebaixamento e consolidando sua posi\u00e7\u00e3o entre os clubes da elite nacional.<\/p>\n\n\n\n<h2 class=\"wp-block-heading\" id=\"h-valor-de-patrocinio\">Valor de patroc\u00ednio<\/h2>\n\n\n\n<p>A Confedera\u00e7\u00e3o Brasileira de Futebol (CBF) anunciou a renova\u00e7\u00e3o de seu contrato com a Nike, que agora ser\u00e1 v\u00e1lido at\u00e9 2038, com cifras que superam R$ 600 milh\u00f5es anuais. Este acordo, que cobre o fornecimento de material esportivo para todas as sele\u00e7\u00f5es brasileiras, inclui royalties e b\u00f4nus que podem elevar os ganhos a R$ 1 bilh\u00e3o por ano. A parceria entre a CBF e a Nike, iniciada em 1996, se estender\u00e1 por mais quatro Copas do Mundo e permitir\u00e1 a abertura de lojas oficiais da Sele\u00e7\u00e3o Brasileira ao redor do mundo <strong><a href=\"https:\/\/www.gaveanews.com\/index.php\/2024\/12\/08\/mais-de-600-milhoes-veja-o-novo-contrato-da-cbf-com-a-nike\/\">(leia a mat\u00e9ria completa).<\/a><\/strong><\/p>\n\n\n\n<figure class=\"wp-block-image size-large\"><img loading=\"lazy\" decoding=\"async\" width=\"1024\" height=\"683\" src=\"https:\/\/www.gaveanews.com\/wp-content\/uploads\/Escudo-da-CBF-1024x683.webp\" alt=\"\" class=\"wp-image-172597\" srcset=\"https:\/\/www.gaveanews.com\/wp-content\/uploads\/Escudo-da-CBF-1024x683.webp 1024w, https:\/\/www.gaveanews.com\/wp-content\/uploads\/Escudo-da-CBF-300x200.webp 300w, https:\/\/www.gaveanews.com\/wp-content\/uploads\/Escudo-da-CBF-768x512.webp 768w, https:\/\/www.gaveanews.com\/wp-content\/uploads\/Escudo-da-CBF-630x420.webp 630w, https:\/\/www.gaveanews.com\/wp-content\/uploads\/Escudo-da-CBF-1260x840.webp 1260w, https:\/\/www.gaveanews.com\/wp-content\/uploads\/Escudo-da-CBF-640x427.webp 640w, https:\/\/www.gaveanews.com\/wp-content\/uploads\/Escudo-da-CBF-1280x853.webp 1280w, https:\/\/www.gaveanews.com\/wp-content\/uploads\/Escudo-da-CBF-681x454.webp 681w, https:\/\/www.gaveanews.com\/wp-content\/uploads\/Escudo-da-CBF-100x67.webp 100w, https:\/\/www.gaveanews.com\/wp-content\/uploads\/Escudo-da-CBF.webp 1350w\" sizes=\"auto, (max-width: 1024px) 100vw, 1024px\" \/><figcaption class=\"wp-element-caption\">Escudo da CBF (Foto: Reprodu\u00e7\u00e3o)<\/figcaption><\/figure>\n\n\n\n<p>O contrato atual continuar\u00e1 em vigor at\u00e9 2026, quando ser\u00e1 substitu\u00eddo pelo novo acordo. Este investimento reflete o prest\u00edgio da Sele\u00e7\u00e3o Brasileira no cen\u00e1rio esportivo global e refor\u00e7a o compromisso da Nike em inovar e expandir sua atua\u00e7\u00e3o. A alian\u00e7a n\u00e3o s\u00f3 impulsiona o futebol brasileiro financeiramente, mas tamb\u00e9m fortalece a imagem da marca em mercados internacionais.<\/p>\n\n\n\n<p>Al\u00e9m disso, o pentacampe\u00e3o Ronaldo Naz\u00e1rio demonstrou interesse em presidir a CBF, possivelmente trazendo o t\u00e9cnico Pep Guardiola para comandar a Sele\u00e7\u00e3o Brasileira na Copa de 2026. Apesar do desejo, Ronaldo destacou a necessidade de uma elei\u00e7\u00e3o justa para confirmar sua candidatura, revelando estar completamente preparado para assumir o cargo.<\/p>\n\n\n\n<h2 class=\"wp-block-heading\" id=\"h-chegada-de-arias\">Chegada de Arias<\/h2>\n\n\n\n<p>O Palmeiras tem interesse em contratar Jhon Arias, destaque do Fluminense, para compensar a futura sa\u00edda de Est\u00eav\u00e3o para o Chelsea. Embora a diretoria do clube paulista tenha aprovado a negocia\u00e7\u00e3o, o processo enfrenta desafios, como a prefer\u00eancia de Arias por atuar na Europa e a resist\u00eancia do Fluminense em transferi-lo para outro clube brasileiro. O Galatasaray j\u00e1 apresentou uma proposta concreta, enquanto outros times europeus monitoram o jogador <strong><a href=\"https:\/\/www.gaveanews.com\/index.php\/2024\/12\/08\/nada-de-cruzeiro-ou-flamengo-arias-do-flumiense-pode-fechar-com-outro-time-da-serie-a\/\">(leia a mat\u00e9ria completa).<\/a><\/strong><\/p>\n\n\n\n<figure class=\"wp-block-image size-full\"><img loading=\"lazy\" decoding=\"async\" width=\"700\" height=\"467\" src=\"https:\/\/www.gaveanews.com\/wp-content\/uploads\/arias-fluminense-by-marcelo-goncalves-flu-editada-700x467.jpg.webp\" alt=\"\" class=\"wp-image-144307\" srcset=\"https:\/\/www.gaveanews.com\/wp-content\/uploads\/arias-fluminense-by-marcelo-goncalves-flu-editada-700x467.jpg.webp 700w, https:\/\/www.gaveanews.com\/wp-content\/uploads\/arias-fluminense-by-marcelo-goncalves-flu-editada-700x467.jpg-300x200.webp 300w, https:\/\/www.gaveanews.com\/wp-content\/uploads\/arias-fluminense-by-marcelo-goncalves-flu-editada-700x467.jpg-630x420.webp 630w, https:\/\/www.gaveanews.com\/wp-content\/uploads\/arias-fluminense-by-marcelo-goncalves-flu-editada-700x467.jpg-640x427.webp 640w, https:\/\/www.gaveanews.com\/wp-content\/uploads\/arias-fluminense-by-marcelo-goncalves-flu-editada-700x467.jpg-681x454.webp 681w, https:\/\/www.gaveanews.com\/wp-content\/uploads\/arias-fluminense-by-marcelo-goncalves-flu-editada-700x467.jpg-100x67.webp 100w\" sizes=\"auto, (max-width: 700px) 100vw, 700px\" \/><figcaption class=\"wp-element-caption\">Foto: Marcelo Gon\u00e7alves\/Fluminense<\/figcaption><\/figure>\n\n\n\n<p>Al\u00e9m da competi\u00e7\u00e3o com clubes internacionais, outro obst\u00e1culo \u00e9 a divis\u00e3o dos direitos econ\u00f4micos do atleta, com o Patriotas, da Col\u00f4mbia, detendo 50% e exigindo sua parcela integral em qualquer transfer\u00eancia. Apesar disso, o Palmeiras segue otimista e planeja intensificar as negocia\u00e7\u00f5es ap\u00f3s o encerramento do Campeonato Brasileiro. A presidente Leila Pereira j\u00e1 considera o refor\u00e7o estrat\u00e9gico para o elenco de 2025.<\/p>\n\n\n\n<p>Internamente, o Fluminense prometeu liberar Arias em 2025 caso uma proposta atrativa do exterior seja apresentada. Contudo, a postura firme do clube em evitar negocia\u00e7\u00f5es com rivais brasileiros dificulta o avan\u00e7o do Palmeiras. A situa\u00e7\u00e3o permanece em aberto, com todas as partes aguardando os desdobramentos nos pr\u00f3ximos meses.<\/p>\n","protected":false},"excerpt":{"rendered":"<p>Nas \u00faltimas horas, o foco das not\u00edcias sobre o Palmeiras se concentram nos bastidores do clube, com destaques como a chegada de Arias e a declara\u00e7\u00e3o de Mano Menezes. Por conta deste contexto, leia abaixo um resumo preparado pela equipe do portal G\u00e1vea News para lhe manter muito bem informado! Declara\u00e7\u00e3o de Mano Menezes Na [&hellip;]<\/p>\n","protected":false},"author":27,"featured_media":155182,"comment_status":"open","ping_status":"closed","sticky":false,"template":"","format":"standard","meta":{"footnotes":""},"categories":[150],"tags":[],"class_list":["post-197526","post","type-post","status-publish","format-standard","has-post-thumbnail","hentry","category-palmeiras"],"yoast_head":"<!-- This site is optimized with the Yoast SEO Premium plugin v24.2 (Yoast SEO v26.9) - https:\/\/yoast.com\/product\/yoast-seo-premium-wordpress\/ -->\n<title>Chegada de Arias, valor de patroc\u00ednio e a declara\u00e7\u00e3o de Mano Menezes: as \u00faltimas not\u00edcias do Palmeiras<\/title>\n<meta name=\"robots\" content=\"index, follow, max-snippet:-1, max-image-preview:large, max-video-preview:-1\" \/>\n<link rel=\"canonical\" href=\"https:\/\/www.gaveanews.com\/index.php\/2024\/12\/11\/chegada-de-arias-valor-de-patrocinio-e-a-declaracao-de-mano-menezes-as-ultimas-noticias-do-palmeiras\/\" \/>\n<meta property=\"og:locale\" content=\"pt_BR\" \/>\n<meta property=\"og:type\" content=\"article\" \/>\n<meta property=\"og:title\" content=\"Chegada de Arias, valor de patroc\u00ednio e a declara\u00e7\u00e3o de Mano Menezes: as \u00faltimas not\u00edcias do Palmeiras\" \/>\n<meta property=\"og:description\" content=\"Nas \u00faltimas horas, o foco das not\u00edcias sobre o Palmeiras se concentram nos bastidores do clube, com destaques como a chegada de Arias e a declara\u00e7\u00e3o de Mano Menezes. Por conta deste contexto, leia abaixo um resumo preparado pela equipe do portal G\u00e1vea News para lhe manter muito bem informado! Declara\u00e7\u00e3o de Mano Menezes Na [&hellip;]\" \/>\n<meta property=\"og:url\" content=\"https:\/\/www.gaveanews.com\/index.php\/2024\/12\/11\/chegada-de-arias-valor-de-patrocinio-e-a-declaracao-de-mano-menezes-as-ultimas-noticias-do-palmeiras\/\" \/>\n<meta property=\"og:site_name\" content=\"G\u00e1vea News\" \/>\n<meta property=\"article:publisher\" content=\"https:\/\/facebook.com\/gaveaNews\/\" \/>\n<meta property=\"article:published_time\" content=\"2024-12-11T10:30:00+00:00\" \/>\n<meta property=\"og:image\" content=\"https:\/\/www.gaveanews.com\/wp-content\/uploads\/Allianz-Parque-estadio-do-Palmeiras.webp\" \/>\n\t<meta property=\"og:image:width\" content=\"1023\" \/>\n\t<meta property=\"og:image:height\" content=\"767\" \/>\n\t<meta property=\"og:image:type\" content=\"image\/webp\" \/>\n<meta name=\"author\" content=\"Matheus Felipe\" \/>\n<meta name=\"twitter:card\" content=\"summary_large_image\" \/>\n<meta name=\"twitter:label1\" content=\"Escrito por\" \/>\n\t<meta name=\"twitter:data1\" content=\"Matheus Felipe\" \/>\n\t<meta name=\"twitter:label2\" content=\"Est. tempo de leitura\" \/>\n\t<meta name=\"twitter:data2\" content=\"5 minutos\" \/>\n<script type=\"application\/ld+json\" class=\"yoast-schema-graph\">{\"@context\":\"https:\/\/schema.org\",\"@graph\":[{\"@type\":\"NewsArticle\",\"@id\":\"https:\/\/www.gaveanews.com\/index.php\/2024\/12\/11\/chegada-de-arias-valor-de-patrocinio-e-a-declaracao-de-mano-menezes-as-ultimas-noticias-do-palmeiras\/#article\",\"isPartOf\":{\"@id\":\"https:\/\/www.gaveanews.com\/index.php\/2024\/12\/11\/chegada-de-arias-valor-de-patrocinio-e-a-declaracao-de-mano-menezes-as-ultimas-noticias-do-palmeiras\/\"},\"author\":{\"name\":\"Matheus Felipe\",\"@id\":\"https:\/\/www.gaveanews.com\/#\/schema\/person\/8207cd4627f56151707418bfc835b2fb\"},\"headline\":\"Chegada de Arias, valor de patroc\u00ednio e a declara\u00e7\u00e3o de Mano Menezes: as \u00faltimas not\u00edcias do Palmeiras\",\"datePublished\":\"2024-12-11T10:30:00+00:00\",\"mainEntityOfPage\":{\"@id\":\"https:\/\/www.gaveanews.com\/index.php\/2024\/12\/11\/chegada-de-arias-valor-de-patrocinio-e-a-declaracao-de-mano-menezes-as-ultimas-noticias-do-palmeiras\/\"},\"wordCount\":729,\"commentCount\":0,\"image\":{\"@id\":\"https:\/\/www.gaveanews.com\/index.php\/2024\/12\/11\/chegada-de-arias-valor-de-patrocinio-e-a-declaracao-de-mano-menezes-as-ultimas-noticias-do-palmeiras\/#primaryimage\"},\"thumbnailUrl\":\"https:\/\/www.gaveanews.com\/wp-content\/uploads\/Allianz-Parque-estadio-do-Palmeiras.webp\",\"articleSection\":[\"Palmeiras\"],\"inLanguage\":\"pt-BR\",\"potentialAction\":[{\"@type\":\"CommentAction\",\"name\":\"Comment\",\"target\":[\"https:\/\/www.gaveanews.com\/index.php\/2024\/12\/11\/chegada-de-arias-valor-de-patrocinio-e-a-declaracao-de-mano-menezes-as-ultimas-noticias-do-palmeiras\/#respond\"]}],\"copyrightYear\":\"2024\",\"copyrightHolder\":{\"@id\":\"https:\/\/www.gaveanews.com\/#organization\"}},{\"@type\":\"WebPage\",\"@id\":\"https:\/\/www.gaveanews.com\/index.php\/2024\/12\/11\/chegada-de-arias-valor-de-patrocinio-e-a-declaracao-de-mano-menezes-as-ultimas-noticias-do-palmeiras\/\",\"url\":\"https:\/\/www.gaveanews.com\/index.php\/2024\/12\/11\/chegada-de-arias-valor-de-patrocinio-e-a-declaracao-de-mano-menezes-as-ultimas-noticias-do-palmeiras\/\",\"name\":\"Chegada de Arias, valor de patroc\u00ednio e a declara\u00e7\u00e3o de Mano Menezes: as \u00faltimas not\u00edcias do Palmeiras\",\"isPartOf\":{\"@id\":\"https:\/\/www.gaveanews.com\/#website\"},\"primaryImageOfPage\":{\"@id\":\"https:\/\/www.gaveanews.com\/index.php\/2024\/12\/11\/chegada-de-arias-valor-de-patrocinio-e-a-declaracao-de-mano-menezes-as-ultimas-noticias-do-palmeiras\/#primaryimage\"},\"image\":{\"@id\":\"https:\/\/www.gaveanews.com\/index.php\/2024\/12\/11\/chegada-de-arias-valor-de-patrocinio-e-a-declaracao-de-mano-menezes-as-ultimas-noticias-do-palmeiras\/#primaryimage\"},\"thumbnailUrl\":\"https:\/\/www.gaveanews.com\/wp-content\/uploads\/Allianz-Parque-estadio-do-Palmeiras.webp\",\"datePublished\":\"2024-12-11T10:30:00+00:00\",\"author\":{\"@id\":\"https:\/\/www.gaveanews.com\/#\/schema\/person\/8207cd4627f56151707418bfc835b2fb\"},\"breadcrumb\":{\"@id\":\"https:\/\/www.gaveanews.com\/index.php\/2024\/12\/11\/chegada-de-arias-valor-de-patrocinio-e-a-declaracao-de-mano-menezes-as-ultimas-noticias-do-palmeiras\/#breadcrumb\"},\"inLanguage\":\"pt-BR\",\"potentialAction\":[{\"@type\":\"ReadAction\",\"target\":[\"https:\/\/www.gaveanews.com\/index.php\/2024\/12\/11\/chegada-de-arias-valor-de-patrocinio-e-a-declaracao-de-mano-menezes-as-ultimas-noticias-do-palmeiras\/\"]}]},{\"@type\":\"ImageObject\",\"inLanguage\":\"pt-BR\",\"@id\":\"https:\/\/www.gaveanews.com\/index.php\/2024\/12\/11\/chegada-de-arias-valor-de-patrocinio-e-a-declaracao-de-mano-menezes-as-ultimas-noticias-do-palmeiras\/#primaryimage\",\"url\":\"https:\/\/www.gaveanews.com\/wp-content\/uploads\/Allianz-Parque-estadio-do-Palmeiras.webp\",\"contentUrl\":\"https:\/\/www.gaveanews.com\/wp-content\/uploads\/Allianz-Parque-estadio-do-Palmeiras.webp\",\"width\":1023,\"height\":767,\"caption\":\"Allianz Parque, est\u00e1dio do Palmeiras (Foto: Reprodu\u00e7\u00e3o\/Palmeiras)\"},{\"@type\":\"BreadcrumbList\",\"@id\":\"https:\/\/www.gaveanews.com\/index.php\/2024\/12\/11\/chegada-de-arias-valor-de-patrocinio-e-a-declaracao-de-mano-menezes-as-ultimas-noticias-do-palmeiras\/#breadcrumb\",\"itemListElement\":[{\"@type\":\"ListItem\",\"position\":1,\"name\":\"Home\",\"item\":\"https:\/\/www.gaveanews.com\/\"},{\"@type\":\"ListItem\",\"position\":2,\"name\":\"Chegada de Arias, valor de patroc\u00ednio e a declara\u00e7\u00e3o de Mano Menezes: as \u00faltimas not\u00edcias do Palmeiras\"}]},{\"@type\":\"WebSite\",\"@id\":\"https:\/\/www.gaveanews.com\/#website\",\"url\":\"https:\/\/www.gaveanews.com\/\",\"name\":\"G\u00e1vea News\",\"description\":\"Veja todas as not\u00edcias sobre o Flamengo: Contrata\u00e7\u00f5es, categorias de base, resultados das partidas, tabela de classifica\u00e7\u00e3o, pr\u00f3ximos jogos!\",\"potentialAction\":[{\"@type\":\"SearchAction\",\"target\":{\"@type\":\"EntryPoint\",\"urlTemplate\":\"https:\/\/www.gaveanews.com\/?s={search_term_string}\"},\"query-input\":{\"@type\":\"PropertyValueSpecification\",\"valueRequired\":true,\"valueName\":\"search_term_string\"}}],\"inLanguage\":\"pt-BR\"},{\"@type\":\"Person\",\"@id\":\"https:\/\/www.gaveanews.com\/#\/schema\/person\/8207cd4627f56151707418bfc835b2fb\",\"name\":\"Matheus Felipe\",\"image\":{\"@type\":\"ImageObject\",\"inLanguage\":\"pt-BR\",\"@id\":\"https:\/\/www.gaveanews.com\/#\/schema\/person\/image\/\",\"url\":\"https:\/\/secure.gravatar.com\/avatar\/a452ffbed9130f726358b298bb3a99ce4bd3c5338411f8440e87e14d74c7c087?s=96&d=mm&r=g\",\"contentUrl\":\"https:\/\/secure.gravatar.com\/avatar\/a452ffbed9130f726358b298bb3a99ce4bd3c5338411f8440e87e14d74c7c087?s=96&d=mm&r=g\",\"caption\":\"Matheus Felipe\"}}]}<\/script>\n<!-- \/ Yoast SEO Premium plugin. -->","yoast_head_json":{"title":"Chegada de Arias, valor de patroc\u00ednio e a declara\u00e7\u00e3o de Mano Menezes: as \u00faltimas not\u00edcias do Palmeiras","robots":{"index":"index","follow":"follow","max-snippet":"max-snippet:-1","max-image-preview":"max-image-preview:large","max-video-preview":"max-video-preview:-1"},"canonical":"https:\/\/www.gaveanews.com\/index.php\/2024\/12\/11\/chegada-de-arias-valor-de-patrocinio-e-a-declaracao-de-mano-menezes-as-ultimas-noticias-do-palmeiras\/","og_locale":"pt_BR","og_type":"article","og_title":"Chegada de Arias, valor de patroc\u00ednio e a declara\u00e7\u00e3o de Mano Menezes: as \u00faltimas not\u00edcias do Palmeiras","og_description":"Nas \u00faltimas horas, o foco das not\u00edcias sobre o Palmeiras se concentram nos bastidores do clube, com destaques como a chegada de Arias e a declara\u00e7\u00e3o de Mano Menezes. Por conta deste contexto, leia abaixo um resumo preparado pela equipe do portal G\u00e1vea News para lhe manter muito bem informado! Declara\u00e7\u00e3o de Mano Menezes Na [&hellip;]","og_url":"https:\/\/www.gaveanews.com\/index.php\/2024\/12\/11\/chegada-de-arias-valor-de-patrocinio-e-a-declaracao-de-mano-menezes-as-ultimas-noticias-do-palmeiras\/","og_site_name":"G\u00e1vea News","article_publisher":"https:\/\/facebook.com\/gaveaNews\/","article_published_time":"2024-12-11T10:30:00+00:00","og_image":[{"width":1023,"height":767,"url":"https:\/\/www.gaveanews.com\/wp-content\/uploads\/Allianz-Parque-estadio-do-Palmeiras.webp","type":"image\/webp"}],"author":"Matheus Felipe","twitter_card":"summary_large_image","twitter_misc":{"Escrito por":"Matheus Felipe","Est. tempo de leitura":"5 minutos"},"schema":{"@context":"https:\/\/schema.org","@graph":[{"@type":"NewsArticle","@id":"https:\/\/www.gaveanews.com\/index.php\/2024\/12\/11\/chegada-de-arias-valor-de-patrocinio-e-a-declaracao-de-mano-menezes-as-ultimas-noticias-do-palmeiras\/#article","isPartOf":{"@id":"https:\/\/www.gaveanews.com\/index.php\/2024\/12\/11\/chegada-de-arias-valor-de-patrocinio-e-a-declaracao-de-mano-menezes-as-ultimas-noticias-do-palmeiras\/"},"author":{"name":"Matheus Felipe","@id":"https:\/\/www.gaveanews.com\/#\/schema\/person\/8207cd4627f56151707418bfc835b2fb"},"headline":"Chegada de Arias, valor de patroc\u00ednio e a declara\u00e7\u00e3o de Mano Menezes: as \u00faltimas not\u00edcias do Palmeiras","datePublished":"2024-12-11T10:30:00+00:00","mainEntityOfPage":{"@id":"https:\/\/www.gaveanews.com\/index.php\/2024\/12\/11\/chegada-de-arias-valor-de-patrocinio-e-a-declaracao-de-mano-menezes-as-ultimas-noticias-do-palmeiras\/"},"wordCount":729,"commentCount":0,"image":{"@id":"https:\/\/www.gaveanews.com\/index.php\/2024\/12\/11\/chegada-de-arias-valor-de-patrocinio-e-a-declaracao-de-mano-menezes-as-ultimas-noticias-do-palmeiras\/#primaryimage"},"thumbnailUrl":"https:\/\/www.gaveanews.com\/wp-content\/uploads\/Allianz-Parque-estadio-do-Palmeiras.webp","articleSection":["Palmeiras"],"inLanguage":"pt-BR","potentialAction":[{"@type":"CommentAction","name":"Comment","target":["https:\/\/www.gaveanews.com\/index.php\/2024\/12\/11\/chegada-de-arias-valor-de-patrocinio-e-a-declaracao-de-mano-menezes-as-ultimas-noticias-do-palmeiras\/#respond"]}],"copyrightYear":"2024","copyrightHolder":{"@id":"https:\/\/www.gaveanews.com\/#organization"}},{"@type":"WebPage","@id":"https:\/\/www.gaveanews.com\/index.php\/2024\/12\/11\/chegada-de-arias-valor-de-patrocinio-e-a-declaracao-de-mano-menezes-as-ultimas-noticias-do-palmeiras\/","url":"https:\/\/www.gaveanews.com\/index.php\/2024\/12\/11\/chegada-de-arias-valor-de-patrocinio-e-a-declaracao-de-mano-menezes-as-ultimas-noticias-do-palmeiras\/","name":"Chegada de Arias, valor de patroc\u00ednio e a declara\u00e7\u00e3o de Mano Menezes: as \u00faltimas not\u00edcias do Palmeiras","isPartOf":{"@id":"https:\/\/www.gaveanews.com\/#website"},"primaryImageOfPage":{"@id":"https:\/\/www.gaveanews.com\/index.php\/2024\/12\/11\/chegada-de-arias-valor-de-patrocinio-e-a-declaracao-de-mano-menezes-as-ultimas-noticias-do-palmeiras\/#primaryimage"},"image":{"@id":"https:\/\/www.gaveanews.com\/index.php\/2024\/12\/11\/chegada-de-arias-valor-de-patrocinio-e-a-declaracao-de-mano-menezes-as-ultimas-noticias-do-palmeiras\/#primaryimage"},"thumbnailUrl":"https:\/\/www.gaveanews.com\/wp-content\/uploads\/Allianz-Parque-estadio-do-Palmeiras.webp","datePublished":"2024-12-11T10:30:00+00:00","author":{"@id":"https:\/\/www.gaveanews.com\/#\/schema\/person\/8207cd4627f56151707418bfc835b2fb"},"breadcrumb":{"@id":"https:\/\/www.gaveanews.com\/index.php\/2024\/12\/11\/chegada-de-arias-valor-de-patrocinio-e-a-declaracao-de-mano-menezes-as-ultimas-noticias-do-palmeiras\/#breadcrumb"},"inLanguage":"pt-BR","potentialAction":[{"@type":"ReadAction","target":["https:\/\/www.gaveanews.com\/index.php\/2024\/12\/11\/chegada-de-arias-valor-de-patrocinio-e-a-declaracao-de-mano-menezes-as-ultimas-noticias-do-palmeiras\/"]}]},{"@type":"ImageObject","inLanguage":"pt-BR","@id":"https:\/\/www.gaveanews.com\/index.php\/2024\/12\/11\/chegada-de-arias-valor-de-patrocinio-e-a-declaracao-de-mano-menezes-as-ultimas-noticias-do-palmeiras\/#primaryimage","url":"https:\/\/www.gaveanews.com\/wp-content\/uploads\/Allianz-Parque-estadio-do-Palmeiras.webp","contentUrl":"https:\/\/www.gaveanews.com\/wp-content\/uploads\/Allianz-Parque-estadio-do-Palmeiras.webp","width":1023,"height":767,"caption":"Allianz Parque, est\u00e1dio do Palmeiras (Foto: Reprodu\u00e7\u00e3o\/Palmeiras)"},{"@type":"BreadcrumbList","@id":"https:\/\/www.gaveanews.com\/index.php\/2024\/12\/11\/chegada-de-arias-valor-de-patrocinio-e-a-declaracao-de-mano-menezes-as-ultimas-noticias-do-palmeiras\/#breadcrumb","itemListElement":[{"@type":"ListItem","position":1,"name":"Home","item":"https:\/\/www.gaveanews.com\/"},{"@type":"ListItem","position":2,"name":"Chegada de Arias, valor de patroc\u00ednio e a declara\u00e7\u00e3o de Mano Menezes: as \u00faltimas not\u00edcias do Palmeiras"}]},{"@type":"WebSite","@id":"https:\/\/www.gaveanews.com\/#website","url":"https:\/\/www.gaveanews.com\/","name":"G\u00e1vea News","description":"Veja todas as not\u00edcias sobre o Flamengo: Contrata\u00e7\u00f5es, categorias de base, resultados das partidas, tabela de classifica\u00e7\u00e3o, pr\u00f3ximos jogos!","potentialAction":[{"@type":"SearchAction","target":{"@type":"EntryPoint","urlTemplate":"https:\/\/www.gaveanews.com\/?s={search_term_string}"},"query-input":{"@type":"PropertyValueSpecification","valueRequired":true,"valueName":"search_term_string"}}],"inLanguage":"pt-BR"},{"@type":"Person","@id":"https:\/\/www.gaveanews.com\/#\/schema\/person\/8207cd4627f56151707418bfc835b2fb","name":"Matheus Felipe","image":{"@type":"ImageObject","inLanguage":"pt-BR","@id":"https:\/\/www.gaveanews.com\/#\/schema\/person\/image\/","url":"https:\/\/secure.gravatar.com\/avatar\/a452ffbed9130f726358b298bb3a99ce4bd3c5338411f8440e87e14d74c7c087?s=96&d=mm&r=g","contentUrl":"https:\/\/secure.gravatar.com\/avatar\/a452ffbed9130f726358b298bb3a99ce4bd3c5338411f8440e87e14d74c7c087?s=96&d=mm&r=g","caption":"Matheus Felipe"}}]}},"_links":{"self":[{"href":"https:\/\/www.gaveanews.com\/index.php\/wp-json\/wp\/v2\/posts\/197526","targetHints":{"allow":["GET"]}}],"collection":[{"href":"https:\/\/www.gaveanews.com\/index.php\/wp-json\/wp\/v2\/posts"}],"about":[{"href":"https:\/\/www.gaveanews.com\/index.php\/wp-json\/wp\/v2\/types\/post"}],"author":[{"embeddable":true,"href":"https:\/\/www.gaveanews.com\/index.php\/wp-json\/wp\/v2\/users\/27"}],"replies":[{"embeddable":true,"href":"https:\/\/www.gaveanews.com\/index.php\/wp-json\/wp\/v2\/comments?post=197526"}],"version-history":[{"count":1,"href":"https:\/\/www.gaveanews.com\/index.php\/wp-json\/wp\/v2\/posts\/197526\/revisions"}],"predecessor-version":[{"id":197527,"href":"https:\/\/www.gaveanews.com\/index.php\/wp-json\/wp\/v2\/posts\/197526\/revisions\/197527"}],"wp:featuredmedia":[{"embeddable":true,"href":"https:\/\/www.gaveanews.com\/index.php\/wp-json\/wp\/v2\/media\/155182"}],"wp:attachment":[{"href":"https:\/\/www.gaveanews.com\/index.php\/wp-json\/wp\/v2\/media?parent=197526"}],"wp:term":[{"taxonomy":"category","embeddable":true,"href":"https:\/\/www.gaveanews.com\/index.php\/wp-json\/wp\/v2\/categories?post=197526"},{"taxonomy":"post_tag","embeddable":true,"href":"https:\/\/www.gaveanews.com\/index.php\/wp-json\/wp\/v2\/tags?post=197526"}],"curies":[{"name":"wp","href":"https:\/\/api.w.org\/{rel}","templated":true}]}}