{"id":197543,"date":"2024-12-11T04:50:00","date_gmt":"2024-12-11T07:50:00","guid":{"rendered":"https:\/\/www.gaveanews.com\/?p=197543"},"modified":"2024-12-11T03:22:54","modified_gmt":"2024-12-11T06:22:54","slug":"primeiro-reforco-saida-de-mateus-vital-e-declaracao-de-diniz-as-ultimas-noticias-do-cruzeiro","status":"publish","type":"post","link":"https:\/\/www.gaveanews.com\/index.php\/2024\/12\/11\/primeiro-reforco-saida-de-mateus-vital-e-declaracao-de-diniz-as-ultimas-noticias-do-cruzeiro\/","title":{"rendered":"Primeiro refor\u00e7o, sa\u00edda de Mateus Vital e declara\u00e7\u00e3o de Diniz: as \u00faltimas not\u00edcias do Cruzeiro"},"content":{"rendered":"\n<p>Nas \u00faltimas horas, o foco das not\u00edcias sobre o Cruzeiro se concentram nos bastidores do clube, com destaques como o primeiro refor\u00e7o e a sa\u00edda de Vital.<\/p>\n\n\n\n<p>Por conta deste contexto, leia abaixo um resumo preparado pela equipe do portal G\u00e1vea News para lhe manter muito bem informado!<\/p>\n\n\n\n<h2 class=\"wp-block-heading\" id=\"h-declaracao-de-diniz\">Declara\u00e7\u00e3o de Diniz<\/h2>\n\n\n\n<p>Fernando Diniz, t\u00e9cnico do Cruzeiro, fez um desabafo contundente ap\u00f3s a vit\u00f3ria sobre o Juventude na \u00faltima rodada do Brasileir\u00e3o. Ele criticou a diretoria por falta de clareza sobre sua poss\u00edvel demiss\u00e3o, que foi antecipada pela imprensa. Contratado em setembro com v\u00ednculo at\u00e9 2025, Diniz lamentou o desrespeito no processo, destacando que decis\u00f5es desse tipo deveriam ser comunicadas diretamente, e n\u00e3o via rumores externos<strong>.<\/strong><\/p>\n\n\n\n<figure class=\"wp-block-image size-large\"><img loading=\"lazy\" decoding=\"async\" width=\"1024\" height=\"683\" src=\"https:\/\/www.gaveanews.com\/wp-content\/uploads\/Fernando-Diniz-durante-apresentacao-no-Cruzeiro-1024x683.webp\" alt=\"\" class=\"wp-image-169051\" srcset=\"https:\/\/www.gaveanews.com\/wp-content\/uploads\/Fernando-Diniz-durante-apresentacao-no-Cruzeiro-1024x683.webp 1024w, https:\/\/www.gaveanews.com\/wp-content\/uploads\/Fernando-Diniz-durante-apresentacao-no-Cruzeiro-300x200.webp 300w, https:\/\/www.gaveanews.com\/wp-content\/uploads\/Fernando-Diniz-durante-apresentacao-no-Cruzeiro-768x512.webp 768w, https:\/\/www.gaveanews.com\/wp-content\/uploads\/Fernando-Diniz-durante-apresentacao-no-Cruzeiro-630x420.webp 630w, https:\/\/www.gaveanews.com\/wp-content\/uploads\/Fernando-Diniz-durante-apresentacao-no-Cruzeiro-1260x840.webp 1260w, https:\/\/www.gaveanews.com\/wp-content\/uploads\/Fernando-Diniz-durante-apresentacao-no-Cruzeiro-640x427.webp 640w, https:\/\/www.gaveanews.com\/wp-content\/uploads\/Fernando-Diniz-durante-apresentacao-no-Cruzeiro-1280x853.webp 1280w, https:\/\/www.gaveanews.com\/wp-content\/uploads\/Fernando-Diniz-durante-apresentacao-no-Cruzeiro-681x454.webp 681w, https:\/\/www.gaveanews.com\/wp-content\/uploads\/Fernando-Diniz-durante-apresentacao-no-Cruzeiro-100x67.webp 100w, https:\/\/www.gaveanews.com\/wp-content\/uploads\/Fernando-Diniz-durante-apresentacao-no-Cruzeiro.webp 1353w\" sizes=\"auto, (max-width: 1024px) 100vw, 1024px\" \/><figcaption class=\"wp-element-caption\">Fernando Diniz durante apresenta\u00e7\u00e3o no Cruzeiro (Foto: Gustavo Aleixo\/Cruzeiro)<\/figcaption><\/figure>\n\n\n\n<p>Em sua curta passagem pelo clube, Diniz comandou 15 partidas, com apenas tr\u00eas vit\u00f3rias, seis empates e seis derrotas, al\u00e9m do vice-campeonato da Copa Sul-Americana. <\/p>\n\n\n\n<p>Apesar dos resultados, ele defendeu o trabalho realizado, mencionando avan\u00e7os na performance de jogadores e o comprometimento com a evolu\u00e7\u00e3o da equipe. Para ele, a instabilidade no comando t\u00e9cnico prejudica a continuidade e o desenvolvimento de um projeto s\u00f3lido.<\/p>\n\n\n\n<p>O Cruzeiro encerrou o campeonato em 9\u00ba lugar, com 52 pontos, mas sem alcan\u00e7ar a vaga para a Libertadores, frustrando as expectativas da gest\u00e3o da SAF. A cr\u00edtica de Diniz reflete um apelo por maior respeito e profissionalismo na condu\u00e7\u00e3o dos processos internos, enfatizando a necessidade de uma vis\u00e3o al\u00e9m dos resultados imediatos para promover mudan\u00e7as estruturais no futebol.<\/p>\n\n\n\n<h2 class=\"wp-block-heading\" id=\"h-saida-de-mateus-vital\">Sa\u00edda de Mateus Vital<\/h2>\n\n\n\n<p>Mateus Vital est\u00e1 prestes a deixar o Cruzeiro para se transferir ao Necaxa, do M\u00e9xico, em uma negocia\u00e7\u00e3o que deve render ao clube mineiro cerca de R$ 2 milh\u00f5es. Com apenas 35% dos direitos econ\u00f4micos do jogador, o Cruzeiro dividir\u00e1 os valores com o Corinthians (50%) e o pr\u00f3prio atleta (15%). A rescis\u00e3o contratual j\u00e1 est\u00e1 em andamento, facilitando a finaliza\u00e7\u00e3o do acordo com o clube mexicano<strong><a href=\"https:\/\/www.gaveanews.com\/index.php\/2024\/12\/09\/cruzeiro-encaminha-saida-de-jogador\/\"> (leia a mat\u00e9ria completa).<\/a><\/strong><\/p>\n\n\n\n<figure class=\"wp-block-image size-full\"><img loading=\"lazy\" decoding=\"async\" width=\"587\" height=\"430\" src=\"https:\/\/www.gaveanews.com\/wp-content\/uploads\/Mateus-Vital-pelo-Cruzeiro.webp\" alt=\"\" class=\"wp-image-171624\" srcset=\"https:\/\/www.gaveanews.com\/wp-content\/uploads\/Mateus-Vital-pelo-Cruzeiro.webp 587w, https:\/\/www.gaveanews.com\/wp-content\/uploads\/Mateus-Vital-pelo-Cruzeiro-300x220.webp 300w, https:\/\/www.gaveanews.com\/wp-content\/uploads\/Mateus-Vital-pelo-Cruzeiro-573x420.webp 573w, https:\/\/www.gaveanews.com\/wp-content\/uploads\/Mateus-Vital-pelo-Cruzeiro-80x60.webp 80w, https:\/\/www.gaveanews.com\/wp-content\/uploads\/Mateus-Vital-pelo-Cruzeiro-100x73.webp 100w\" sizes=\"auto, (max-width: 587px) 100vw, 587px\" \/><figcaption class=\"wp-element-caption\">Mateus Vital pelo Cruzeiro (Foto: Divulga\u00e7\u00e3o\/Staff Imagens)<\/figcaption><\/figure>\n\n\n\n<p>Vital chegou ao Cruzeiro em 2023, sob grandes expectativas ap\u00f3s ser contratado pela gest\u00e3o de Ronaldo Fen\u00f4meno. Contudo, o meia enfrentou dificuldades para se firmar, em raz\u00e3o de les\u00f5es e desempenho abaixo do esperado, acumulando apenas 71 jogos, tr\u00eas gols e tr\u00eas assist\u00eancias em duas temporadas. Fora das \u00faltimas partidas devido a uma amigdalite, sua sa\u00edda tamb\u00e9m reflete o processo de reformula\u00e7\u00e3o do elenco do Cruzeiro.<\/p>\n\n\n\n<p>O Necaxa, comandado por Nicol\u00e1s Larcam\u00f3n, v\u00ea na contrata\u00e7\u00e3o de Vital uma adi\u00e7\u00e3o estrat\u00e9gica para a equipe. A transfer\u00eancia oferece ao jogador uma nova oportunidade de retomar sua carreira em um cen\u00e1rio diferente, enquanto o Cruzeiro segue em busca de novas solu\u00e7\u00f5es para seu elenco em 2025.<\/p>\n\n\n\n<h2 class=\"wp-block-heading\" id=\"h-primeiro-reforco\">Primeiro refor\u00e7o<\/h2>\n\n\n\n<p>Ap\u00f3s uma temporada decepcionante, o Cruzeiro iniciou sua reestrutura\u00e7\u00e3o para 2025 ao anunciar a contrata\u00e7\u00e3o do volante Christian, ex-Athletico-PR, por cerca de R$ 17,2 milh\u00f5es. O jogador assinar\u00e1 um contrato de tr\u00eas anos com a equipe mineira. A chegada de Christian marca o in\u00edcio das movimenta\u00e7\u00f5es da diretoria para fortalecer o elenco ap\u00f3s o fim do Campeonato Brasileiro, no qual o Cruzeiro terminou sem classifica\u00e7\u00e3o para a Libertadores <strong><a href=\"https:\/\/www.gaveanews.com\/index.php\/2024\/12\/09\/cruzeiro-acerta-a-primeira-contratacao-para-2025\/\">(leia a mat\u00e9ria completa).<\/a><\/strong><\/p>\n\n\n\n<figure class=\"wp-block-image size-full\"><img loading=\"lazy\" decoding=\"async\" width=\"984\" height=\"656\" src=\"https:\/\/www.gaveanews.com\/wp-content\/uploads\/Pedro-Lourenco-Pedrinho.webp\" alt=\"\" class=\"wp-image-175923\" srcset=\"https:\/\/www.gaveanews.com\/wp-content\/uploads\/Pedro-Lourenco-Pedrinho.webp 984w, https:\/\/www.gaveanews.com\/wp-content\/uploads\/Pedro-Lourenco-Pedrinho-300x200.webp 300w, https:\/\/www.gaveanews.com\/wp-content\/uploads\/Pedro-Lourenco-Pedrinho-768x512.webp 768w, https:\/\/www.gaveanews.com\/wp-content\/uploads\/Pedro-Lourenco-Pedrinho-630x420.webp 630w, https:\/\/www.gaveanews.com\/wp-content\/uploads\/Pedro-Lourenco-Pedrinho-640x427.webp 640w, https:\/\/www.gaveanews.com\/wp-content\/uploads\/Pedro-Lourenco-Pedrinho-681x454.webp 681w, https:\/\/www.gaveanews.com\/wp-content\/uploads\/Pedro-Lourenco-Pedrinho-100x67.webp 100w\" sizes=\"auto, (max-width: 984px) 100vw, 984px\" \/><figcaption class=\"wp-element-caption\">Pedro Louren\u00e7o (Pedrinho) (Foto: Gustavo Aleixo\/Cruzeiro)<\/figcaption><\/figure>\n\n\n\n<p>A vit\u00f3ria sobre o Juventude na \u00faltima rodada trouxe al\u00edvio, mas n\u00e3o evitou questionamentos sobre o futuro do t\u00e9cnico Fernando Diniz, que enfrentou um desempenho irregular desde sua chegada em setembro. Apesar da conquista do vice-campeonato da Sul-Americana, a sequ\u00eancia de maus resultados gerou especula\u00e7\u00f5es sobre sua continuidade, agravadas por declara\u00e7\u00f5es p\u00fablicas sobre desrespeito em rela\u00e7\u00e3o a rumores de sua sa\u00edda.<\/p>\n\n\n\n<p>Al\u00e9m disso, o Cruzeiro anunciou uma lista de dispensas envolvendo jogadores como \u00c1lvaro Barreal e Ramiro, indicando uma renova\u00e7\u00e3o significativa no elenco. A diretoria permanece ativa no mercado em busca de refor\u00e7os para retomar o protagonismo no cen\u00e1rio nacional em 2025.<\/p>\n","protected":false},"excerpt":{"rendered":"<p>Nas \u00faltimas horas, o foco das not\u00edcias sobre o Cruzeiro se concentram nos bastidores do clube, com destaques como o primeiro refor\u00e7o e a sa\u00edda de Vital. Por conta deste contexto, leia abaixo um resumo preparado pela equipe do portal G\u00e1vea News para lhe manter muito bem informado! Declara\u00e7\u00e3o de Diniz Fernando Diniz, t\u00e9cnico do [&hellip;]<\/p>\n","protected":false},"author":27,"featured_media":175601,"comment_status":"open","ping_status":"closed","sticky":false,"template":"","format":"standard","meta":{"footnotes":""},"categories":[143],"tags":[],"class_list":["post-197543","post","type-post","status-publish","format-standard","has-post-thumbnail","hentry","category-cruzeiro"],"yoast_head":"<!-- This site is optimized with the Yoast SEO Premium plugin v24.2 (Yoast SEO v26.9) - https:\/\/yoast.com\/product\/yoast-seo-premium-wordpress\/ -->\n<title>Primeiro refor\u00e7o, sa\u00edda de Mateus Vital e declara\u00e7\u00e3o de Diniz: as \u00faltimas not\u00edcias do Cruzeiro<\/title>\n<meta name=\"robots\" content=\"index, follow, max-snippet:-1, max-image-preview:large, max-video-preview:-1\" \/>\n<link rel=\"canonical\" href=\"https:\/\/www.gaveanews.com\/index.php\/2024\/12\/11\/primeiro-reforco-saida-de-mateus-vital-e-declaracao-de-diniz-as-ultimas-noticias-do-cruzeiro\/\" \/>\n<meta property=\"og:locale\" content=\"pt_BR\" \/>\n<meta property=\"og:type\" content=\"article\" \/>\n<meta property=\"og:title\" content=\"Primeiro refor\u00e7o, sa\u00edda de Mateus Vital e declara\u00e7\u00e3o de Diniz: as \u00faltimas not\u00edcias do Cruzeiro\" \/>\n<meta property=\"og:description\" content=\"Nas \u00faltimas horas, o foco das not\u00edcias sobre o Cruzeiro se concentram nos bastidores do clube, com destaques como o primeiro refor\u00e7o e a sa\u00edda de Vital. Por conta deste contexto, leia abaixo um resumo preparado pela equipe do portal G\u00e1vea News para lhe manter muito bem informado! Declara\u00e7\u00e3o de Diniz Fernando Diniz, t\u00e9cnico do [&hellip;]\" \/>\n<meta property=\"og:url\" content=\"https:\/\/www.gaveanews.com\/index.php\/2024\/12\/11\/primeiro-reforco-saida-de-mateus-vital-e-declaracao-de-diniz-as-ultimas-noticias-do-cruzeiro\/\" \/>\n<meta property=\"og:site_name\" content=\"G\u00e1vea News\" \/>\n<meta property=\"article:publisher\" content=\"https:\/\/facebook.com\/gaveaNews\/\" \/>\n<meta property=\"article:published_time\" content=\"2024-12-11T07:50:00+00:00\" \/>\n<meta property=\"og:image\" content=\"https:\/\/www.gaveanews.com\/wp-content\/uploads\/Bandeira-do-Cruzeiro.webp\" \/>\n\t<meta property=\"og:image:width\" content=\"1062\" \/>\n\t<meta property=\"og:image:height\" content=\"708\" \/>\n\t<meta property=\"og:image:type\" content=\"image\/webp\" \/>\n<meta name=\"author\" content=\"Matheus Felipe\" \/>\n<meta name=\"twitter:card\" content=\"summary_large_image\" \/>\n<meta name=\"twitter:label1\" content=\"Escrito por\" \/>\n\t<meta name=\"twitter:data1\" content=\"Matheus Felipe\" \/>\n\t<meta name=\"twitter:label2\" content=\"Est. tempo de leitura\" \/>\n\t<meta name=\"twitter:data2\" content=\"5 minutos\" \/>\n<script type=\"application\/ld+json\" class=\"yoast-schema-graph\">{\"@context\":\"https:\/\/schema.org\",\"@graph\":[{\"@type\":\"NewsArticle\",\"@id\":\"https:\/\/www.gaveanews.com\/index.php\/2024\/12\/11\/primeiro-reforco-saida-de-mateus-vital-e-declaracao-de-diniz-as-ultimas-noticias-do-cruzeiro\/#article\",\"isPartOf\":{\"@id\":\"https:\/\/www.gaveanews.com\/index.php\/2024\/12\/11\/primeiro-reforco-saida-de-mateus-vital-e-declaracao-de-diniz-as-ultimas-noticias-do-cruzeiro\/\"},\"author\":{\"name\":\"Matheus Felipe\",\"@id\":\"https:\/\/www.gaveanews.com\/#\/schema\/person\/8207cd4627f56151707418bfc835b2fb\"},\"headline\":\"Primeiro refor\u00e7o, sa\u00edda de Mateus Vital e declara\u00e7\u00e3o de Diniz: as \u00faltimas not\u00edcias do Cruzeiro\",\"datePublished\":\"2024-12-11T07:50:00+00:00\",\"mainEntityOfPage\":{\"@id\":\"https:\/\/www.gaveanews.com\/index.php\/2024\/12\/11\/primeiro-reforco-saida-de-mateus-vital-e-declaracao-de-diniz-as-ultimas-noticias-do-cruzeiro\/\"},\"wordCount\":716,\"commentCount\":0,\"image\":{\"@id\":\"https:\/\/www.gaveanews.com\/index.php\/2024\/12\/11\/primeiro-reforco-saida-de-mateus-vital-e-declaracao-de-diniz-as-ultimas-noticias-do-cruzeiro\/#primaryimage\"},\"thumbnailUrl\":\"https:\/\/www.gaveanews.com\/wp-content\/uploads\/Bandeira-do-Cruzeiro.webp\",\"articleSection\":[\"Cruzeiro\"],\"inLanguage\":\"pt-BR\",\"potentialAction\":[{\"@type\":\"CommentAction\",\"name\":\"Comment\",\"target\":[\"https:\/\/www.gaveanews.com\/index.php\/2024\/12\/11\/primeiro-reforco-saida-de-mateus-vital-e-declaracao-de-diniz-as-ultimas-noticias-do-cruzeiro\/#respond\"]}],\"copyrightYear\":\"2024\",\"copyrightHolder\":{\"@id\":\"https:\/\/www.gaveanews.com\/#organization\"}},{\"@type\":\"WebPage\",\"@id\":\"https:\/\/www.gaveanews.com\/index.php\/2024\/12\/11\/primeiro-reforco-saida-de-mateus-vital-e-declaracao-de-diniz-as-ultimas-noticias-do-cruzeiro\/\",\"url\":\"https:\/\/www.gaveanews.com\/index.php\/2024\/12\/11\/primeiro-reforco-saida-de-mateus-vital-e-declaracao-de-diniz-as-ultimas-noticias-do-cruzeiro\/\",\"name\":\"Primeiro refor\u00e7o, sa\u00edda de Mateus Vital e declara\u00e7\u00e3o de Diniz: as \u00faltimas not\u00edcias do Cruzeiro\",\"isPartOf\":{\"@id\":\"https:\/\/www.gaveanews.com\/#website\"},\"primaryImageOfPage\":{\"@id\":\"https:\/\/www.gaveanews.com\/index.php\/2024\/12\/11\/primeiro-reforco-saida-de-mateus-vital-e-declaracao-de-diniz-as-ultimas-noticias-do-cruzeiro\/#primaryimage\"},\"image\":{\"@id\":\"https:\/\/www.gaveanews.com\/index.php\/2024\/12\/11\/primeiro-reforco-saida-de-mateus-vital-e-declaracao-de-diniz-as-ultimas-noticias-do-cruzeiro\/#primaryimage\"},\"thumbnailUrl\":\"https:\/\/www.gaveanews.com\/wp-content\/uploads\/Bandeira-do-Cruzeiro.webp\",\"datePublished\":\"2024-12-11T07:50:00+00:00\",\"author\":{\"@id\":\"https:\/\/www.gaveanews.com\/#\/schema\/person\/8207cd4627f56151707418bfc835b2fb\"},\"breadcrumb\":{\"@id\":\"https:\/\/www.gaveanews.com\/index.php\/2024\/12\/11\/primeiro-reforco-saida-de-mateus-vital-e-declaracao-de-diniz-as-ultimas-noticias-do-cruzeiro\/#breadcrumb\"},\"inLanguage\":\"pt-BR\",\"potentialAction\":[{\"@type\":\"ReadAction\",\"target\":[\"https:\/\/www.gaveanews.com\/index.php\/2024\/12\/11\/primeiro-reforco-saida-de-mateus-vital-e-declaracao-de-diniz-as-ultimas-noticias-do-cruzeiro\/\"]}]},{\"@type\":\"ImageObject\",\"inLanguage\":\"pt-BR\",\"@id\":\"https:\/\/www.gaveanews.com\/index.php\/2024\/12\/11\/primeiro-reforco-saida-de-mateus-vital-e-declaracao-de-diniz-as-ultimas-noticias-do-cruzeiro\/#primaryimage\",\"url\":\"https:\/\/www.gaveanews.com\/wp-content\/uploads\/Bandeira-do-Cruzeiro.webp\",\"contentUrl\":\"https:\/\/www.gaveanews.com\/wp-content\/uploads\/Bandeira-do-Cruzeiro.webp\",\"width\":1062,\"height\":708,\"caption\":\"Bandeira do Cruzeiro (Foto: Reprodu\u00e7\u00e3o\/Cruzeiro)\"},{\"@type\":\"BreadcrumbList\",\"@id\":\"https:\/\/www.gaveanews.com\/index.php\/2024\/12\/11\/primeiro-reforco-saida-de-mateus-vital-e-declaracao-de-diniz-as-ultimas-noticias-do-cruzeiro\/#breadcrumb\",\"itemListElement\":[{\"@type\":\"ListItem\",\"position\":1,\"name\":\"Home\",\"item\":\"https:\/\/www.gaveanews.com\/\"},{\"@type\":\"ListItem\",\"position\":2,\"name\":\"Primeiro refor\u00e7o, sa\u00edda de Mateus Vital e declara\u00e7\u00e3o de Diniz: as \u00faltimas not\u00edcias do Cruzeiro\"}]},{\"@type\":\"WebSite\",\"@id\":\"https:\/\/www.gaveanews.com\/#website\",\"url\":\"https:\/\/www.gaveanews.com\/\",\"name\":\"G\u00e1vea News\",\"description\":\"Veja todas as not\u00edcias sobre o Flamengo: Contrata\u00e7\u00f5es, categorias de base, resultados das partidas, tabela de classifica\u00e7\u00e3o, pr\u00f3ximos jogos!\",\"potentialAction\":[{\"@type\":\"SearchAction\",\"target\":{\"@type\":\"EntryPoint\",\"urlTemplate\":\"https:\/\/www.gaveanews.com\/?s={search_term_string}\"},\"query-input\":{\"@type\":\"PropertyValueSpecification\",\"valueRequired\":true,\"valueName\":\"search_term_string\"}}],\"inLanguage\":\"pt-BR\"},{\"@type\":\"Person\",\"@id\":\"https:\/\/www.gaveanews.com\/#\/schema\/person\/8207cd4627f56151707418bfc835b2fb\",\"name\":\"Matheus Felipe\",\"image\":{\"@type\":\"ImageObject\",\"inLanguage\":\"pt-BR\",\"@id\":\"https:\/\/www.gaveanews.com\/#\/schema\/person\/image\/\",\"url\":\"https:\/\/secure.gravatar.com\/avatar\/a452ffbed9130f726358b298bb3a99ce4bd3c5338411f8440e87e14d74c7c087?s=96&d=mm&r=g\",\"contentUrl\":\"https:\/\/secure.gravatar.com\/avatar\/a452ffbed9130f726358b298bb3a99ce4bd3c5338411f8440e87e14d74c7c087?s=96&d=mm&r=g\",\"caption\":\"Matheus Felipe\"}}]}<\/script>\n<!-- \/ Yoast SEO Premium plugin. -->","yoast_head_json":{"title":"Primeiro refor\u00e7o, sa\u00edda de Mateus Vital e declara\u00e7\u00e3o de Diniz: as \u00faltimas not\u00edcias do Cruzeiro","robots":{"index":"index","follow":"follow","max-snippet":"max-snippet:-1","max-image-preview":"max-image-preview:large","max-video-preview":"max-video-preview:-1"},"canonical":"https:\/\/www.gaveanews.com\/index.php\/2024\/12\/11\/primeiro-reforco-saida-de-mateus-vital-e-declaracao-de-diniz-as-ultimas-noticias-do-cruzeiro\/","og_locale":"pt_BR","og_type":"article","og_title":"Primeiro refor\u00e7o, sa\u00edda de Mateus Vital e declara\u00e7\u00e3o de Diniz: as \u00faltimas not\u00edcias do Cruzeiro","og_description":"Nas \u00faltimas horas, o foco das not\u00edcias sobre o Cruzeiro se concentram nos bastidores do clube, com destaques como o primeiro refor\u00e7o e a sa\u00edda de Vital. Por conta deste contexto, leia abaixo um resumo preparado pela equipe do portal G\u00e1vea News para lhe manter muito bem informado! Declara\u00e7\u00e3o de Diniz Fernando Diniz, t\u00e9cnico do [&hellip;]","og_url":"https:\/\/www.gaveanews.com\/index.php\/2024\/12\/11\/primeiro-reforco-saida-de-mateus-vital-e-declaracao-de-diniz-as-ultimas-noticias-do-cruzeiro\/","og_site_name":"G\u00e1vea News","article_publisher":"https:\/\/facebook.com\/gaveaNews\/","article_published_time":"2024-12-11T07:50:00+00:00","og_image":[{"width":1062,"height":708,"url":"https:\/\/www.gaveanews.com\/wp-content\/uploads\/Bandeira-do-Cruzeiro.webp","type":"image\/webp"}],"author":"Matheus Felipe","twitter_card":"summary_large_image","twitter_misc":{"Escrito por":"Matheus Felipe","Est. tempo de leitura":"5 minutos"},"schema":{"@context":"https:\/\/schema.org","@graph":[{"@type":"NewsArticle","@id":"https:\/\/www.gaveanews.com\/index.php\/2024\/12\/11\/primeiro-reforco-saida-de-mateus-vital-e-declaracao-de-diniz-as-ultimas-noticias-do-cruzeiro\/#article","isPartOf":{"@id":"https:\/\/www.gaveanews.com\/index.php\/2024\/12\/11\/primeiro-reforco-saida-de-mateus-vital-e-declaracao-de-diniz-as-ultimas-noticias-do-cruzeiro\/"},"author":{"name":"Matheus Felipe","@id":"https:\/\/www.gaveanews.com\/#\/schema\/person\/8207cd4627f56151707418bfc835b2fb"},"headline":"Primeiro refor\u00e7o, sa\u00edda de Mateus Vital e declara\u00e7\u00e3o de Diniz: as \u00faltimas not\u00edcias do Cruzeiro","datePublished":"2024-12-11T07:50:00+00:00","mainEntityOfPage":{"@id":"https:\/\/www.gaveanews.com\/index.php\/2024\/12\/11\/primeiro-reforco-saida-de-mateus-vital-e-declaracao-de-diniz-as-ultimas-noticias-do-cruzeiro\/"},"wordCount":716,"commentCount":0,"image":{"@id":"https:\/\/www.gaveanews.com\/index.php\/2024\/12\/11\/primeiro-reforco-saida-de-mateus-vital-e-declaracao-de-diniz-as-ultimas-noticias-do-cruzeiro\/#primaryimage"},"thumbnailUrl":"https:\/\/www.gaveanews.com\/wp-content\/uploads\/Bandeira-do-Cruzeiro.webp","articleSection":["Cruzeiro"],"inLanguage":"pt-BR","potentialAction":[{"@type":"CommentAction","name":"Comment","target":["https:\/\/www.gaveanews.com\/index.php\/2024\/12\/11\/primeiro-reforco-saida-de-mateus-vital-e-declaracao-de-diniz-as-ultimas-noticias-do-cruzeiro\/#respond"]}],"copyrightYear":"2024","copyrightHolder":{"@id":"https:\/\/www.gaveanews.com\/#organization"}},{"@type":"WebPage","@id":"https:\/\/www.gaveanews.com\/index.php\/2024\/12\/11\/primeiro-reforco-saida-de-mateus-vital-e-declaracao-de-diniz-as-ultimas-noticias-do-cruzeiro\/","url":"https:\/\/www.gaveanews.com\/index.php\/2024\/12\/11\/primeiro-reforco-saida-de-mateus-vital-e-declaracao-de-diniz-as-ultimas-noticias-do-cruzeiro\/","name":"Primeiro refor\u00e7o, sa\u00edda de Mateus Vital e declara\u00e7\u00e3o de Diniz: as \u00faltimas not\u00edcias do Cruzeiro","isPartOf":{"@id":"https:\/\/www.gaveanews.com\/#website"},"primaryImageOfPage":{"@id":"https:\/\/www.gaveanews.com\/index.php\/2024\/12\/11\/primeiro-reforco-saida-de-mateus-vital-e-declaracao-de-diniz-as-ultimas-noticias-do-cruzeiro\/#primaryimage"},"image":{"@id":"https:\/\/www.gaveanews.com\/index.php\/2024\/12\/11\/primeiro-reforco-saida-de-mateus-vital-e-declaracao-de-diniz-as-ultimas-noticias-do-cruzeiro\/#primaryimage"},"thumbnailUrl":"https:\/\/www.gaveanews.com\/wp-content\/uploads\/Bandeira-do-Cruzeiro.webp","datePublished":"2024-12-11T07:50:00+00:00","author":{"@id":"https:\/\/www.gaveanews.com\/#\/schema\/person\/8207cd4627f56151707418bfc835b2fb"},"breadcrumb":{"@id":"https:\/\/www.gaveanews.com\/index.php\/2024\/12\/11\/primeiro-reforco-saida-de-mateus-vital-e-declaracao-de-diniz-as-ultimas-noticias-do-cruzeiro\/#breadcrumb"},"inLanguage":"pt-BR","potentialAction":[{"@type":"ReadAction","target":["https:\/\/www.gaveanews.com\/index.php\/2024\/12\/11\/primeiro-reforco-saida-de-mateus-vital-e-declaracao-de-diniz-as-ultimas-noticias-do-cruzeiro\/"]}]},{"@type":"ImageObject","inLanguage":"pt-BR","@id":"https:\/\/www.gaveanews.com\/index.php\/2024\/12\/11\/primeiro-reforco-saida-de-mateus-vital-e-declaracao-de-diniz-as-ultimas-noticias-do-cruzeiro\/#primaryimage","url":"https:\/\/www.gaveanews.com\/wp-content\/uploads\/Bandeira-do-Cruzeiro.webp","contentUrl":"https:\/\/www.gaveanews.com\/wp-content\/uploads\/Bandeira-do-Cruzeiro.webp","width":1062,"height":708,"caption":"Bandeira do Cruzeiro (Foto: Reprodu\u00e7\u00e3o\/Cruzeiro)"},{"@type":"BreadcrumbList","@id":"https:\/\/www.gaveanews.com\/index.php\/2024\/12\/11\/primeiro-reforco-saida-de-mateus-vital-e-declaracao-de-diniz-as-ultimas-noticias-do-cruzeiro\/#breadcrumb","itemListElement":[{"@type":"ListItem","position":1,"name":"Home","item":"https:\/\/www.gaveanews.com\/"},{"@type":"ListItem","position":2,"name":"Primeiro refor\u00e7o, sa\u00edda de Mateus Vital e declara\u00e7\u00e3o de Diniz: as \u00faltimas not\u00edcias do Cruzeiro"}]},{"@type":"WebSite","@id":"https:\/\/www.gaveanews.com\/#website","url":"https:\/\/www.gaveanews.com\/","name":"G\u00e1vea News","description":"Veja todas as not\u00edcias sobre o Flamengo: Contrata\u00e7\u00f5es, categorias de base, resultados das partidas, tabela de classifica\u00e7\u00e3o, pr\u00f3ximos jogos!","potentialAction":[{"@type":"SearchAction","target":{"@type":"EntryPoint","urlTemplate":"https:\/\/www.gaveanews.com\/?s={search_term_string}"},"query-input":{"@type":"PropertyValueSpecification","valueRequired":true,"valueName":"search_term_string"}}],"inLanguage":"pt-BR"},{"@type":"Person","@id":"https:\/\/www.gaveanews.com\/#\/schema\/person\/8207cd4627f56151707418bfc835b2fb","name":"Matheus Felipe","image":{"@type":"ImageObject","inLanguage":"pt-BR","@id":"https:\/\/www.gaveanews.com\/#\/schema\/person\/image\/","url":"https:\/\/secure.gravatar.com\/avatar\/a452ffbed9130f726358b298bb3a99ce4bd3c5338411f8440e87e14d74c7c087?s=96&d=mm&r=g","contentUrl":"https:\/\/secure.gravatar.com\/avatar\/a452ffbed9130f726358b298bb3a99ce4bd3c5338411f8440e87e14d74c7c087?s=96&d=mm&r=g","caption":"Matheus Felipe"}}]}},"_links":{"self":[{"href":"https:\/\/www.gaveanews.com\/index.php\/wp-json\/wp\/v2\/posts\/197543","targetHints":{"allow":["GET"]}}],"collection":[{"href":"https:\/\/www.gaveanews.com\/index.php\/wp-json\/wp\/v2\/posts"}],"about":[{"href":"https:\/\/www.gaveanews.com\/index.php\/wp-json\/wp\/v2\/types\/post"}],"author":[{"embeddable":true,"href":"https:\/\/www.gaveanews.com\/index.php\/wp-json\/wp\/v2\/users\/27"}],"replies":[{"embeddable":true,"href":"https:\/\/www.gaveanews.com\/index.php\/wp-json\/wp\/v2\/comments?post=197543"}],"version-history":[{"count":1,"href":"https:\/\/www.gaveanews.com\/index.php\/wp-json\/wp\/v2\/posts\/197543\/revisions"}],"predecessor-version":[{"id":197546,"href":"https:\/\/www.gaveanews.com\/index.php\/wp-json\/wp\/v2\/posts\/197543\/revisions\/197546"}],"wp:featuredmedia":[{"embeddable":true,"href":"https:\/\/www.gaveanews.com\/index.php\/wp-json\/wp\/v2\/media\/175601"}],"wp:attachment":[{"href":"https:\/\/www.gaveanews.com\/index.php\/wp-json\/wp\/v2\/media?parent=197543"}],"wp:term":[{"taxonomy":"category","embeddable":true,"href":"https:\/\/www.gaveanews.com\/index.php\/wp-json\/wp\/v2\/categories?post=197543"},{"taxonomy":"post_tag","embeddable":true,"href":"https:\/\/www.gaveanews.com\/index.php\/wp-json\/wp\/v2\/tags?post=197543"}],"curies":[{"name":"wp","href":"https:\/\/api.w.org\/{rel}","templated":true}]}}