{"id":197705,"date":"2024-12-11T18:00:00","date_gmt":"2024-12-11T21:00:00","guid":{"rendered":"https:\/\/www.gaveanews.com\/?p=197705"},"modified":"2024-12-11T16:49:37","modified_gmt":"2024-12-11T19:49:37","slug":"flamengo-bap-emite-nota-oficial","status":"publish","type":"post","link":"https:\/\/www.gaveanews.com\/index.php\/2024\/12\/11\/flamengo-bap-emite-nota-oficial\/","title":{"rendered":"Flamengo: BAP emite nota oficial"},"content":{"rendered":"\n<p>O Flamengo se prepara para a mudan\u00e7a de gest\u00e3o no final de 2024, e a nova administra\u00e7\u00e3o, composta por Luiz Eduardo Baptista e Flavio Willeman, ser\u00e1 empossada no dia 18 de dezembro.&nbsp;<\/p>\n\n\n\n<ul class=\"wp-block-list\">\n<li><a href=\"https:\/\/www.gaveanews.com\/index.php\/2024\/12\/11\/flamengo-bap-prepara-uma-reformulacao-completa\/\">Flamengo: BAP prepara reformula\u00e7\u00e3o completa<\/a><\/li>\n\n\n\n<li><a href=\"https:\/\/www.gaveanews.com\/index.php\/2024\/12\/10\/bap-prepara-mudanca-importante-no-flamengo\/\">BAP prepara mudan\u00e7a importante no Flamengo<\/a><\/li>\n<\/ul>\n\n\n\n<p>Por isso, a transi\u00e7\u00e3o de poder no clube carioca gera um processo de ajustes importantes, e a diretoria atual j\u00e1 emitiu uma nota oficial sobre as orienta\u00e7\u00f5es para fornecedores e parceiros.&nbsp;<\/p>\n\n\n\n<p>Al\u00e9m disso, a medida visa garantir uma mudan\u00e7a respons\u00e1vel e em conformidade com as boas pr\u00e1ticas de governan\u00e7a.<\/p>\n\n\n\n<h2 class=\"wp-block-heading\" id=\"h-atencao-para-os-contratos-no-periodo-de-transicao\">Aten\u00e7\u00e3o para os contratos no per\u00edodo de transi\u00e7\u00e3o<\/h2>\n\n\n\n<p>De acordo com a nota oficial emitida por BAP (Luiz Eduardo Baptista), presidente eleito, o Flamengo orienta seus fornecedores a evitarem a assinatura de novos contratos ou altera\u00e7\u00f5es contratuais at\u00e9 o in\u00edcio da nova gest\u00e3o, marcado para o dia 1\u00ba de janeiro de 2025. Isso porque a transi\u00e7\u00e3o precisa ser feita de maneira clara e sem sobrecargas de compromissos financeiros ou administrativos.&nbsp;<\/p>\n\n\n\n<p>Vale destacar que qualquer contrato assinado nesse intervalo ser\u00e1 analisado cuidadosamente e, se considerado prejudicial ao clube, poder\u00e1 ser invalidado.<\/p>\n\n\n\n<p>O objetivo \u00e9 garantir que a nova gest\u00e3o tenha total controle sobre as decis\u00f5es e contratos firmados, assegurando que tudo seja alinhado com a estrat\u00e9gia futura do clube. Portanto, a recomenda\u00e7\u00e3o \u00e9 para que fornecedores atuais ou potenciais aguardem o in\u00edcio do novo ciclo de lideran\u00e7a, em janeiro de 2025, para firmar qualquer compromisso com o Flamengo.<\/p>\n\n\n\n<h2 class=\"wp-block-heading\" id=\"h-governanca-e-responsabilidade-no-processo-de-transicao\">Governan\u00e7a e responsabilidade no processo de transi\u00e7\u00e3o<\/h2>\n\n\n\n<p>Cabe ressaltar que o Flamengo destaca a import\u00e2ncia de um processo de transi\u00e7\u00e3o bem executado, de modo a garantir que os interesses do clube sejam preservados. Sendo assim, a nota enfatiza que essa medida \u00e9 uma pr\u00e1tica de boa governan\u00e7a, buscando assegurar que todos os atos realizados no intervalo de gest\u00e3o sejam transparentes e ben\u00e9ficos ao clube.<\/p>\n\n\n\n<p>Dessa maneira, a expectativa \u00e9 que a nova gest\u00e3o assuma suas fun\u00e7\u00f5es com plena responsabilidade e respeito \u00e0 tradi\u00e7\u00e3o do Flamengo, buscando maximizar os resultados tanto dentro quanto fora de campo.<\/p>\n\n\n\n<h2 class=\"wp-block-heading\" id=\"h-confira-a-nota-emitida-por-bap\">Confira a nota emitida por BAP<\/h2>\n\n\n\n<p>\u201cA nova gest\u00e3o eleita para o Clube de Regatas do Flamengo nos pr\u00f3ximos tr\u00eas anos, composta por Luiz Eduardo Baptista e Flavio Willeman ser\u00e1 empossada no dia 18 de dezembro de 2024.<\/p>\n\n\n\n<p>Estamos aguardando o in\u00edcio do processo de transi\u00e7\u00e3o. Por isso, recomendamos fortemente aos fornecedores atuais ou potenciais novos fornecedores do clube que evitem a assinatura de novos contratos ou a realiza\u00e7\u00e3o de altera\u00e7\u00f5es\/renova\u00e7\u00f5es contratuais at\u00e9 o in\u00edcio da nova gest\u00e3o em 01 de janeiro de 2025. \u00c9 importante destacar que contratos celebrados nesse intervalo poder\u00e3o ser revistos e, caso sejam considerados prejudiciais aos interesses do clube, ser\u00e3o invalidados.<\/p>\n\n\n\n<p>Contamos com a compreens\u00e3o e o apoio de todos para garantir uma transi\u00e7\u00e3o respons\u00e1vel e alinhada \u00e0s boas pr\u00e1ticas de governan\u00e7a\u201d.<\/p>\n","protected":false},"excerpt":{"rendered":"<p>O Flamengo se prepara para a mudan\u00e7a de gest\u00e3o no final de 2024, e a nova administra\u00e7\u00e3o, composta por Luiz Eduardo Baptista e Flavio Willeman, ser\u00e1 empossada no dia 18 de dezembro.&nbsp; Por isso, a transi\u00e7\u00e3o de poder no clube carioca gera um processo de ajustes importantes, e a diretoria atual j\u00e1 emitiu uma nota [&hellip;]<\/p>\n","protected":false},"author":25,"featured_media":43567,"comment_status":"open","ping_status":"closed","sticky":false,"template":"","format":"standard","meta":{"footnotes":""},"categories":[1],"tags":[],"class_list":["post-197705","post","type-post","status-publish","format-standard","has-post-thumbnail","hentry","category-flamengo"],"yoast_head":"<!-- This site is optimized with the Yoast SEO Premium plugin v24.2 (Yoast SEO v26.9) - https:\/\/yoast.com\/product\/yoast-seo-premium-wordpress\/ -->\n<title>Flamengo: BAP emite nota oficial<\/title>\n<meta name=\"robots\" content=\"index, follow, max-snippet:-1, max-image-preview:large, max-video-preview:-1\" \/>\n<link rel=\"canonical\" href=\"https:\/\/www.gaveanews.com\/index.php\/2024\/12\/11\/flamengo-bap-emite-nota-oficial\/\" \/>\n<meta property=\"og:locale\" content=\"pt_BR\" \/>\n<meta property=\"og:type\" content=\"article\" \/>\n<meta property=\"og:title\" content=\"Flamengo: BAP emite nota oficial\" \/>\n<meta property=\"og:description\" content=\"O Flamengo se prepara para a mudan\u00e7a de gest\u00e3o no final de 2024, e a nova administra\u00e7\u00e3o, composta por Luiz Eduardo Baptista e Flavio Willeman, ser\u00e1 empossada no dia 18 de dezembro.&nbsp; Por isso, a transi\u00e7\u00e3o de poder no clube carioca gera um processo de ajustes importantes, e a diretoria atual j\u00e1 emitiu uma nota [&hellip;]\" \/>\n<meta property=\"og:url\" content=\"https:\/\/www.gaveanews.com\/index.php\/2024\/12\/11\/flamengo-bap-emite-nota-oficial\/\" \/>\n<meta property=\"og:site_name\" content=\"G\u00e1vea News\" \/>\n<meta property=\"article:publisher\" content=\"https:\/\/facebook.com\/gaveaNews\/\" \/>\n<meta property=\"article:published_time\" content=\"2024-12-11T21:00:00+00:00\" \/>\n<meta property=\"og:image\" content=\"https:\/\/www.gaveanews.com\/wp-content\/uploads\/Luiz-Eduardo-Baptista-o-Bap-durante-coletiva-de-imprensa.webp\" \/>\n\t<meta property=\"og:image:width\" content=\"984\" \/>\n\t<meta property=\"og:image:height\" content=\"554\" \/>\n\t<meta property=\"og:image:type\" content=\"image\/jpeg\" \/>\n<meta name=\"author\" content=\"Rafaela Ladeira\" \/>\n<meta name=\"twitter:card\" content=\"summary_large_image\" \/>\n<meta name=\"twitter:label1\" content=\"Escrito por\" \/>\n\t<meta name=\"twitter:data1\" content=\"Rafaela Ladeira\" \/>\n\t<meta name=\"twitter:label2\" content=\"Est. tempo de leitura\" \/>\n\t<meta name=\"twitter:data2\" content=\"3 minutos\" \/>\n<script type=\"application\/ld+json\" class=\"yoast-schema-graph\">{\"@context\":\"https:\/\/schema.org\",\"@graph\":[{\"@type\":\"NewsArticle\",\"@id\":\"https:\/\/www.gaveanews.com\/index.php\/2024\/12\/11\/flamengo-bap-emite-nota-oficial\/#article\",\"isPartOf\":{\"@id\":\"https:\/\/www.gaveanews.com\/index.php\/2024\/12\/11\/flamengo-bap-emite-nota-oficial\/\"},\"author\":{\"name\":\"Rafaela Ladeira\",\"@id\":\"https:\/\/www.gaveanews.com\/#\/schema\/person\/0eb3e3fe1754f0205218538adbe8f5ed\"},\"headline\":\"Flamengo: BAP emite nota oficial\",\"datePublished\":\"2024-12-11T21:00:00+00:00\",\"mainEntityOfPage\":{\"@id\":\"https:\/\/www.gaveanews.com\/index.php\/2024\/12\/11\/flamengo-bap-emite-nota-oficial\/\"},\"wordCount\":508,\"commentCount\":0,\"image\":{\"@id\":\"https:\/\/www.gaveanews.com\/index.php\/2024\/12\/11\/flamengo-bap-emite-nota-oficial\/#primaryimage\"},\"thumbnailUrl\":\"https:\/\/www.gaveanews.com\/wp-content\/uploads\/Luiz-Eduardo-Baptista-o-Bap-durante-coletiva-de-imprensa.webp\",\"articleSection\":[\"Flamengo\"],\"inLanguage\":\"pt-BR\",\"potentialAction\":[{\"@type\":\"CommentAction\",\"name\":\"Comment\",\"target\":[\"https:\/\/www.gaveanews.com\/index.php\/2024\/12\/11\/flamengo-bap-emite-nota-oficial\/#respond\"]}],\"copyrightYear\":\"2024\",\"copyrightHolder\":{\"@id\":\"https:\/\/www.gaveanews.com\/#organization\"}},{\"@type\":\"WebPage\",\"@id\":\"https:\/\/www.gaveanews.com\/index.php\/2024\/12\/11\/flamengo-bap-emite-nota-oficial\/\",\"url\":\"https:\/\/www.gaveanews.com\/index.php\/2024\/12\/11\/flamengo-bap-emite-nota-oficial\/\",\"name\":\"Flamengo: BAP emite nota oficial\",\"isPartOf\":{\"@id\":\"https:\/\/www.gaveanews.com\/#website\"},\"primaryImageOfPage\":{\"@id\":\"https:\/\/www.gaveanews.com\/index.php\/2024\/12\/11\/flamengo-bap-emite-nota-oficial\/#primaryimage\"},\"image\":{\"@id\":\"https:\/\/www.gaveanews.com\/index.php\/2024\/12\/11\/flamengo-bap-emite-nota-oficial\/#primaryimage\"},\"thumbnailUrl\":\"https:\/\/www.gaveanews.com\/wp-content\/uploads\/Luiz-Eduardo-Baptista-o-Bap-durante-coletiva-de-imprensa.webp\",\"datePublished\":\"2024-12-11T21:00:00+00:00\",\"author\":{\"@id\":\"https:\/\/www.gaveanews.com\/#\/schema\/person\/0eb3e3fe1754f0205218538adbe8f5ed\"},\"breadcrumb\":{\"@id\":\"https:\/\/www.gaveanews.com\/index.php\/2024\/12\/11\/flamengo-bap-emite-nota-oficial\/#breadcrumb\"},\"inLanguage\":\"pt-BR\",\"potentialAction\":[{\"@type\":\"ReadAction\",\"target\":[\"https:\/\/www.gaveanews.com\/index.php\/2024\/12\/11\/flamengo-bap-emite-nota-oficial\/\"]}]},{\"@type\":\"ImageObject\",\"inLanguage\":\"pt-BR\",\"@id\":\"https:\/\/www.gaveanews.com\/index.php\/2024\/12\/11\/flamengo-bap-emite-nota-oficial\/#primaryimage\",\"url\":\"https:\/\/www.gaveanews.com\/wp-content\/uploads\/Luiz-Eduardo-Baptista-o-Bap-durante-coletiva-de-imprensa.webp\",\"contentUrl\":\"https:\/\/www.gaveanews.com\/wp-content\/uploads\/Luiz-Eduardo-Baptista-o-Bap-durante-coletiva-de-imprensa.webp\",\"width\":984,\"height\":554,\"caption\":\"Luiz Eduardo Baptista, o Bap, durante coletiva de imprensa (Foto: Divulga\u00e7\u00e3o)\"},{\"@type\":\"BreadcrumbList\",\"@id\":\"https:\/\/www.gaveanews.com\/index.php\/2024\/12\/11\/flamengo-bap-emite-nota-oficial\/#breadcrumb\",\"itemListElement\":[{\"@type\":\"ListItem\",\"position\":1,\"name\":\"Home\",\"item\":\"https:\/\/www.gaveanews.com\/\"},{\"@type\":\"ListItem\",\"position\":2,\"name\":\"Flamengo: BAP emite nota oficial\"}]},{\"@type\":\"WebSite\",\"@id\":\"https:\/\/www.gaveanews.com\/#website\",\"url\":\"https:\/\/www.gaveanews.com\/\",\"name\":\"G\u00e1vea News\",\"description\":\"Veja todas as not\u00edcias sobre o Flamengo: Contrata\u00e7\u00f5es, categorias de base, resultados das partidas, tabela de classifica\u00e7\u00e3o, pr\u00f3ximos jogos!\",\"potentialAction\":[{\"@type\":\"SearchAction\",\"target\":{\"@type\":\"EntryPoint\",\"urlTemplate\":\"https:\/\/www.gaveanews.com\/?s={search_term_string}\"},\"query-input\":{\"@type\":\"PropertyValueSpecification\",\"valueRequired\":true,\"valueName\":\"search_term_string\"}}],\"inLanguage\":\"pt-BR\"},{\"@type\":\"Person\",\"@id\":\"https:\/\/www.gaveanews.com\/#\/schema\/person\/0eb3e3fe1754f0205218538adbe8f5ed\",\"name\":\"Rafaela Ladeira\",\"image\":{\"@type\":\"ImageObject\",\"inLanguage\":\"pt-BR\",\"@id\":\"https:\/\/www.gaveanews.com\/#\/schema\/person\/image\/\",\"url\":\"https:\/\/secure.gravatar.com\/avatar\/c31f513acffd85eacab5730cbdfdbbf59f21ba5aeada8cd890acea879fbb2455?s=96&d=mm&r=g\",\"contentUrl\":\"https:\/\/secure.gravatar.com\/avatar\/c31f513acffd85eacab5730cbdfdbbf59f21ba5aeada8cd890acea879fbb2455?s=96&d=mm&r=g\",\"caption\":\"Rafaela Ladeira\"}}]}<\/script>\n<!-- \/ Yoast SEO Premium plugin. -->","yoast_head_json":{"title":"Flamengo: BAP emite nota oficial","robots":{"index":"index","follow":"follow","max-snippet":"max-snippet:-1","max-image-preview":"max-image-preview:large","max-video-preview":"max-video-preview:-1"},"canonical":"https:\/\/www.gaveanews.com\/index.php\/2024\/12\/11\/flamengo-bap-emite-nota-oficial\/","og_locale":"pt_BR","og_type":"article","og_title":"Flamengo: BAP emite nota oficial","og_description":"O Flamengo se prepara para a mudan\u00e7a de gest\u00e3o no final de 2024, e a nova administra\u00e7\u00e3o, composta por Luiz Eduardo Baptista e Flavio Willeman, ser\u00e1 empossada no dia 18 de dezembro.&nbsp; Por isso, a transi\u00e7\u00e3o de poder no clube carioca gera um processo de ajustes importantes, e a diretoria atual j\u00e1 emitiu uma nota [&hellip;]","og_url":"https:\/\/www.gaveanews.com\/index.php\/2024\/12\/11\/flamengo-bap-emite-nota-oficial\/","og_site_name":"G\u00e1vea News","article_publisher":"https:\/\/facebook.com\/gaveaNews\/","article_published_time":"2024-12-11T21:00:00+00:00","og_image":[{"width":984,"height":554,"url":"https:\/\/www.gaveanews.com\/wp-content\/uploads\/Luiz-Eduardo-Baptista-o-Bap-durante-coletiva-de-imprensa.webp","type":"image\/jpeg"}],"author":"Rafaela Ladeira","twitter_card":"summary_large_image","twitter_misc":{"Escrito por":"Rafaela Ladeira","Est. tempo de leitura":"3 minutos"},"schema":{"@context":"https:\/\/schema.org","@graph":[{"@type":"NewsArticle","@id":"https:\/\/www.gaveanews.com\/index.php\/2024\/12\/11\/flamengo-bap-emite-nota-oficial\/#article","isPartOf":{"@id":"https:\/\/www.gaveanews.com\/index.php\/2024\/12\/11\/flamengo-bap-emite-nota-oficial\/"},"author":{"name":"Rafaela Ladeira","@id":"https:\/\/www.gaveanews.com\/#\/schema\/person\/0eb3e3fe1754f0205218538adbe8f5ed"},"headline":"Flamengo: BAP emite nota oficial","datePublished":"2024-12-11T21:00:00+00:00","mainEntityOfPage":{"@id":"https:\/\/www.gaveanews.com\/index.php\/2024\/12\/11\/flamengo-bap-emite-nota-oficial\/"},"wordCount":508,"commentCount":0,"image":{"@id":"https:\/\/www.gaveanews.com\/index.php\/2024\/12\/11\/flamengo-bap-emite-nota-oficial\/#primaryimage"},"thumbnailUrl":"https:\/\/www.gaveanews.com\/wp-content\/uploads\/Luiz-Eduardo-Baptista-o-Bap-durante-coletiva-de-imprensa.webp","articleSection":["Flamengo"],"inLanguage":"pt-BR","potentialAction":[{"@type":"CommentAction","name":"Comment","target":["https:\/\/www.gaveanews.com\/index.php\/2024\/12\/11\/flamengo-bap-emite-nota-oficial\/#respond"]}],"copyrightYear":"2024","copyrightHolder":{"@id":"https:\/\/www.gaveanews.com\/#organization"}},{"@type":"WebPage","@id":"https:\/\/www.gaveanews.com\/index.php\/2024\/12\/11\/flamengo-bap-emite-nota-oficial\/","url":"https:\/\/www.gaveanews.com\/index.php\/2024\/12\/11\/flamengo-bap-emite-nota-oficial\/","name":"Flamengo: BAP emite nota oficial","isPartOf":{"@id":"https:\/\/www.gaveanews.com\/#website"},"primaryImageOfPage":{"@id":"https:\/\/www.gaveanews.com\/index.php\/2024\/12\/11\/flamengo-bap-emite-nota-oficial\/#primaryimage"},"image":{"@id":"https:\/\/www.gaveanews.com\/index.php\/2024\/12\/11\/flamengo-bap-emite-nota-oficial\/#primaryimage"},"thumbnailUrl":"https:\/\/www.gaveanews.com\/wp-content\/uploads\/Luiz-Eduardo-Baptista-o-Bap-durante-coletiva-de-imprensa.webp","datePublished":"2024-12-11T21:00:00+00:00","author":{"@id":"https:\/\/www.gaveanews.com\/#\/schema\/person\/0eb3e3fe1754f0205218538adbe8f5ed"},"breadcrumb":{"@id":"https:\/\/www.gaveanews.com\/index.php\/2024\/12\/11\/flamengo-bap-emite-nota-oficial\/#breadcrumb"},"inLanguage":"pt-BR","potentialAction":[{"@type":"ReadAction","target":["https:\/\/www.gaveanews.com\/index.php\/2024\/12\/11\/flamengo-bap-emite-nota-oficial\/"]}]},{"@type":"ImageObject","inLanguage":"pt-BR","@id":"https:\/\/www.gaveanews.com\/index.php\/2024\/12\/11\/flamengo-bap-emite-nota-oficial\/#primaryimage","url":"https:\/\/www.gaveanews.com\/wp-content\/uploads\/Luiz-Eduardo-Baptista-o-Bap-durante-coletiva-de-imprensa.webp","contentUrl":"https:\/\/www.gaveanews.com\/wp-content\/uploads\/Luiz-Eduardo-Baptista-o-Bap-durante-coletiva-de-imprensa.webp","width":984,"height":554,"caption":"Luiz Eduardo Baptista, o Bap, durante coletiva de imprensa (Foto: Divulga\u00e7\u00e3o)"},{"@type":"BreadcrumbList","@id":"https:\/\/www.gaveanews.com\/index.php\/2024\/12\/11\/flamengo-bap-emite-nota-oficial\/#breadcrumb","itemListElement":[{"@type":"ListItem","position":1,"name":"Home","item":"https:\/\/www.gaveanews.com\/"},{"@type":"ListItem","position":2,"name":"Flamengo: BAP emite nota oficial"}]},{"@type":"WebSite","@id":"https:\/\/www.gaveanews.com\/#website","url":"https:\/\/www.gaveanews.com\/","name":"G\u00e1vea News","description":"Veja todas as not\u00edcias sobre o Flamengo: Contrata\u00e7\u00f5es, categorias de base, resultados das partidas, tabela de classifica\u00e7\u00e3o, pr\u00f3ximos jogos!","potentialAction":[{"@type":"SearchAction","target":{"@type":"EntryPoint","urlTemplate":"https:\/\/www.gaveanews.com\/?s={search_term_string}"},"query-input":{"@type":"PropertyValueSpecification","valueRequired":true,"valueName":"search_term_string"}}],"inLanguage":"pt-BR"},{"@type":"Person","@id":"https:\/\/www.gaveanews.com\/#\/schema\/person\/0eb3e3fe1754f0205218538adbe8f5ed","name":"Rafaela Ladeira","image":{"@type":"ImageObject","inLanguage":"pt-BR","@id":"https:\/\/www.gaveanews.com\/#\/schema\/person\/image\/","url":"https:\/\/secure.gravatar.com\/avatar\/c31f513acffd85eacab5730cbdfdbbf59f21ba5aeada8cd890acea879fbb2455?s=96&d=mm&r=g","contentUrl":"https:\/\/secure.gravatar.com\/avatar\/c31f513acffd85eacab5730cbdfdbbf59f21ba5aeada8cd890acea879fbb2455?s=96&d=mm&r=g","caption":"Rafaela Ladeira"}}]}},"_links":{"self":[{"href":"https:\/\/www.gaveanews.com\/index.php\/wp-json\/wp\/v2\/posts\/197705","targetHints":{"allow":["GET"]}}],"collection":[{"href":"https:\/\/www.gaveanews.com\/index.php\/wp-json\/wp\/v2\/posts"}],"about":[{"href":"https:\/\/www.gaveanews.com\/index.php\/wp-json\/wp\/v2\/types\/post"}],"author":[{"embeddable":true,"href":"https:\/\/www.gaveanews.com\/index.php\/wp-json\/wp\/v2\/users\/25"}],"replies":[{"embeddable":true,"href":"https:\/\/www.gaveanews.com\/index.php\/wp-json\/wp\/v2\/comments?post=197705"}],"version-history":[{"count":1,"href":"https:\/\/www.gaveanews.com\/index.php\/wp-json\/wp\/v2\/posts\/197705\/revisions"}],"predecessor-version":[{"id":197706,"href":"https:\/\/www.gaveanews.com\/index.php\/wp-json\/wp\/v2\/posts\/197705\/revisions\/197706"}],"wp:featuredmedia":[{"embeddable":true,"href":"https:\/\/www.gaveanews.com\/index.php\/wp-json\/wp\/v2\/media\/43567"}],"wp:attachment":[{"href":"https:\/\/www.gaveanews.com\/index.php\/wp-json\/wp\/v2\/media?parent=197705"}],"wp:term":[{"taxonomy":"category","embeddable":true,"href":"https:\/\/www.gaveanews.com\/index.php\/wp-json\/wp\/v2\/categories?post=197705"},{"taxonomy":"post_tag","embeddable":true,"href":"https:\/\/www.gaveanews.com\/index.php\/wp-json\/wp\/v2\/tags?post=197705"}],"curies":[{"name":"wp","href":"https:\/\/api.w.org\/{rel}","templated":true}]}}