{"id":197717,"date":"2024-12-11T22:15:00","date_gmt":"2024-12-12T01:15:00","guid":{"rendered":"https:\/\/www.gaveanews.com\/?p=197717"},"modified":"2024-12-11T21:18:30","modified_gmt":"2024-12-12T00:18:30","slug":"gremio-a-declaracao-de-farid-direcionada-a-tite","status":"publish","type":"post","link":"https:\/\/www.gaveanews.com\/index.php\/2024\/12\/11\/gremio-a-declaracao-de-farid-direcionada-a-tite\/","title":{"rendered":"Gr\u00eamio: a declara\u00e7\u00e3o de Farid direcionada a Tite"},"content":{"rendered":"\n<p>Desde a sa\u00edda de Renato Ga\u00facho, o Gr\u00eamio vive uma fase de indefini\u00e7\u00e3o sobre quem ser\u00e1 o pr\u00f3ximo t\u00e9cnico do clube. O desejo do treinador em n\u00e3o renovar seu contrato com o presidente Alberto Guerra gerou uma busca intensa por um substituto para 2025.&nbsp;<\/p>\n\n\n\n<ul class=\"wp-block-list\">\n<li><a href=\"https:\/\/www.gaveanews.com\/index.php\/2024\/12\/11\/oficial-gremio-anuncia-mais-uma-saida\/\">Oficial! Gr\u00eamio anuncia mais uma sa\u00edda<\/a><\/li>\n\n\n\n<li><a href=\"https:\/\/www.gaveanews.com\/index.php\/2024\/12\/11\/jornalista-crava-o-novo-tecnico-do-gremio\/\">Jornalista crava o novo t\u00e9cnico do Gr\u00eamio<\/a><\/li>\n<\/ul>\n\n\n\n<p>Al\u00e9m disso, a opini\u00e3o de Farid Germano Filho, influenciador identificado com o Gr\u00eamio, sobre quem deveria assumir o comando gremista tem gerado pol\u00eamica.<\/p>\n\n\n\n<h2 class=\"wp-block-heading\" id=\"h-a-visao-de-farid-sobre-tite\">A vis\u00e3o de Farid sobre Tite<\/h2>\n\n\n\n<p>Farid foi enf\u00e1tico ao afirmar que Tite n\u00e3o seria o nome ideal para o Gr\u00eamio. Ele criticou as \u00faltimas passagens do treinador, especialmente na Sele\u00e7\u00e3o Brasileira e no Flamengo. Isso porque Tite n\u00e3o conseguiu conquistar t\u00edtulos importantes, como as \u00faltimas Copas do Mundo, e teve um desempenho aqu\u00e9m das expectativas no comando do Flamengo.&nbsp;<\/p>\n\n\n\n<p>Farid, em seu canal no YouTube, afirmou que as falhas nas \u00faltimas competi\u00e7\u00f5es tornam Tite uma escolha equivocada para o clube ga\u00facho.<\/p>\n\n\n\n<p>&#8220;O Tite n\u00e3o \u00e9 t\u00e9cnico pra treinar o Gr\u00eamio hoje. O Tite nas \u00faltimas duas Copas do Mundo fracassou com a sele\u00e7\u00e3o brasileira, fracassou no Flamengo&#8221;, opinou Farid.&nbsp;<\/p>\n\n\n\n<h2 class=\"wp-block-heading\" id=\"h-alternativas-menos-entusiasmantes\">Alternativas menos entusiasmantes<\/h2>\n\n\n\n<p>Farid tamb\u00e9m comentou sobre outros nomes cotados para o cargo, como Hern\u00e1n Crespo e Francisco Arce. Ele n\u00e3o se mostrou animado com as possibilidades desses treinadores, considerando-os com curr\u00edculos mais limitados.&nbsp;<\/p>\n\n\n\n<p>Sobre Crespo, que conquistou o Campeonato Paulista em 2021 pelo S\u00e3o Paulo, Farid questionou seu retrospecto: &#8220;O que ganhou Crespo, qual \u00e9 o retrospecto?&#8221;. J\u00e1 com rela\u00e7\u00e3o a Arce, o ex-jogador paraguaio, Farid o definiu como &#8220;um profissional introvertido&#8221;, que n\u00e3o conseguiu decolar na carreira de t\u00e9cnico.<\/p>\n\n\n\n<h2 class=\"wp-block-heading\" id=\"h-a-aposta-em-luis-castro\">A aposta em Lu\u00eds Castro<\/h2>\n\n\n\n<p>Sendo assim, Farid Germano Filho aponta Lu\u00eds Castro, ex-treinador do Botafogo, como seu nome favorito para suceder Renato Ga\u00facho. Com isso, ele elogia o trabalho de Castro, que montou o time do Botafogo e que colheu os frutos de seu trabalho.<\/p>\n\n\n\n<p>O portugu\u00eas, que tamb\u00e9m foi demitido do Al-Nassr, desperta o interesse de clubes como Atl\u00e9tico-MG e Santos, e \u00e9 visto por Farid como uma op\u00e7\u00e3o s\u00f3lida e promissora para o Gr\u00eamio.<\/p>\n\n\n\n<p>&#8220;Esse portugu\u00eas \u00e9 um baita t\u00e9cnico, ele que montou o time do Botafogo que hoje t\u00e1 colhendo todos os frutos e vai disputar o Mundial agora&#8221;, avaliou Farid.<\/p>\n","protected":false},"excerpt":{"rendered":"<p>Desde a sa\u00edda de Renato Ga\u00facho, o Gr\u00eamio vive uma fase de indefini\u00e7\u00e3o sobre quem ser\u00e1 o pr\u00f3ximo t\u00e9cnico do clube. O desejo do treinador em n\u00e3o renovar seu contrato com o presidente Alberto Guerra gerou uma busca intensa por um substituto para 2025.&nbsp; Al\u00e9m disso, a opini\u00e3o de Farid Germano Filho, influenciador identificado com [&hellip;]<\/p>\n","protected":false},"author":25,"featured_media":154785,"comment_status":"open","ping_status":"closed","sticky":false,"template":"","format":"standard","meta":{"footnotes":""},"categories":[147],"tags":[],"class_list":["post-197717","post","type-post","status-publish","format-standard","has-post-thumbnail","hentry","category-gremio"],"yoast_head":"<!-- This site is optimized with the Yoast SEO Premium plugin v24.2 (Yoast SEO v26.9) - https:\/\/yoast.com\/product\/yoast-seo-premium-wordpress\/ -->\n<title>Gr\u00eamio: a declara\u00e7\u00e3o de Farid direcionada a Tite<\/title>\n<meta name=\"robots\" content=\"index, follow, max-snippet:-1, max-image-preview:large, max-video-preview:-1\" \/>\n<link rel=\"canonical\" href=\"https:\/\/www.gaveanews.com\/index.php\/2024\/12\/11\/gremio-a-declaracao-de-farid-direcionada-a-tite\/\" \/>\n<meta property=\"og:locale\" content=\"pt_BR\" \/>\n<meta property=\"og:type\" content=\"article\" \/>\n<meta property=\"og:title\" content=\"Gr\u00eamio: a declara\u00e7\u00e3o de Farid direcionada a Tite\" \/>\n<meta property=\"og:description\" content=\"Desde a sa\u00edda de Renato Ga\u00facho, o Gr\u00eamio vive uma fase de indefini\u00e7\u00e3o sobre quem ser\u00e1 o pr\u00f3ximo t\u00e9cnico do clube. O desejo do treinador em n\u00e3o renovar seu contrato com o presidente Alberto Guerra gerou uma busca intensa por um substituto para 2025.&nbsp; Al\u00e9m disso, a opini\u00e3o de Farid Germano Filho, influenciador identificado com [&hellip;]\" \/>\n<meta property=\"og:url\" content=\"https:\/\/www.gaveanews.com\/index.php\/2024\/12\/11\/gremio-a-declaracao-de-farid-direcionada-a-tite\/\" \/>\n<meta property=\"og:site_name\" content=\"G\u00e1vea News\" \/>\n<meta property=\"article:publisher\" content=\"https:\/\/facebook.com\/gaveaNews\/\" \/>\n<meta property=\"article:published_time\" content=\"2024-12-12T01:15:00+00:00\" \/>\n<meta property=\"og:image\" content=\"https:\/\/www.gaveanews.com\/wp-content\/uploads\/Escudo-do-Gremio.webp\" \/>\n\t<meta property=\"og:image:width\" content=\"1163\" \/>\n\t<meta property=\"og:image:height\" content=\"775\" \/>\n\t<meta property=\"og:image:type\" content=\"image\/webp\" \/>\n<meta name=\"author\" content=\"Rafaela Ladeira\" \/>\n<meta name=\"twitter:card\" content=\"summary_large_image\" \/>\n<meta name=\"twitter:label1\" content=\"Escrito por\" \/>\n\t<meta name=\"twitter:data1\" content=\"Rafaela Ladeira\" \/>\n\t<meta name=\"twitter:label2\" content=\"Est. tempo de leitura\" \/>\n\t<meta name=\"twitter:data2\" content=\"3 minutos\" \/>\n<script type=\"application\/ld+json\" class=\"yoast-schema-graph\">{\"@context\":\"https:\/\/schema.org\",\"@graph\":[{\"@type\":\"NewsArticle\",\"@id\":\"https:\/\/www.gaveanews.com\/index.php\/2024\/12\/11\/gremio-a-declaracao-de-farid-direcionada-a-tite\/#article\",\"isPartOf\":{\"@id\":\"https:\/\/www.gaveanews.com\/index.php\/2024\/12\/11\/gremio-a-declaracao-de-farid-direcionada-a-tite\/\"},\"author\":{\"name\":\"Rafaela Ladeira\",\"@id\":\"https:\/\/www.gaveanews.com\/#\/schema\/person\/0eb3e3fe1754f0205218538adbe8f5ed\"},\"headline\":\"Gr\u00eamio: a declara\u00e7\u00e3o de Farid direcionada a Tite\",\"datePublished\":\"2024-12-12T01:15:00+00:00\",\"mainEntityOfPage\":{\"@id\":\"https:\/\/www.gaveanews.com\/index.php\/2024\/12\/11\/gremio-a-declaracao-de-farid-direcionada-a-tite\/\"},\"wordCount\":432,\"commentCount\":0,\"image\":{\"@id\":\"https:\/\/www.gaveanews.com\/index.php\/2024\/12\/11\/gremio-a-declaracao-de-farid-direcionada-a-tite\/#primaryimage\"},\"thumbnailUrl\":\"https:\/\/www.gaveanews.com\/wp-content\/uploads\/Escudo-do-Gremio.webp\",\"articleSection\":[\"Gr\u00eamio\"],\"inLanguage\":\"pt-BR\",\"potentialAction\":[{\"@type\":\"CommentAction\",\"name\":\"Comment\",\"target\":[\"https:\/\/www.gaveanews.com\/index.php\/2024\/12\/11\/gremio-a-declaracao-de-farid-direcionada-a-tite\/#respond\"]}],\"copyrightYear\":\"2024\",\"copyrightHolder\":{\"@id\":\"https:\/\/www.gaveanews.com\/#organization\"}},{\"@type\":\"WebPage\",\"@id\":\"https:\/\/www.gaveanews.com\/index.php\/2024\/12\/11\/gremio-a-declaracao-de-farid-direcionada-a-tite\/\",\"url\":\"https:\/\/www.gaveanews.com\/index.php\/2024\/12\/11\/gremio-a-declaracao-de-farid-direcionada-a-tite\/\",\"name\":\"Gr\u00eamio: a declara\u00e7\u00e3o de Farid direcionada a Tite\",\"isPartOf\":{\"@id\":\"https:\/\/www.gaveanews.com\/#website\"},\"primaryImageOfPage\":{\"@id\":\"https:\/\/www.gaveanews.com\/index.php\/2024\/12\/11\/gremio-a-declaracao-de-farid-direcionada-a-tite\/#primaryimage\"},\"image\":{\"@id\":\"https:\/\/www.gaveanews.com\/index.php\/2024\/12\/11\/gremio-a-declaracao-de-farid-direcionada-a-tite\/#primaryimage\"},\"thumbnailUrl\":\"https:\/\/www.gaveanews.com\/wp-content\/uploads\/Escudo-do-Gremio.webp\",\"datePublished\":\"2024-12-12T01:15:00+00:00\",\"author\":{\"@id\":\"https:\/\/www.gaveanews.com\/#\/schema\/person\/0eb3e3fe1754f0205218538adbe8f5ed\"},\"breadcrumb\":{\"@id\":\"https:\/\/www.gaveanews.com\/index.php\/2024\/12\/11\/gremio-a-declaracao-de-farid-direcionada-a-tite\/#breadcrumb\"},\"inLanguage\":\"pt-BR\",\"potentialAction\":[{\"@type\":\"ReadAction\",\"target\":[\"https:\/\/www.gaveanews.com\/index.php\/2024\/12\/11\/gremio-a-declaracao-de-farid-direcionada-a-tite\/\"]}]},{\"@type\":\"ImageObject\",\"inLanguage\":\"pt-BR\",\"@id\":\"https:\/\/www.gaveanews.com\/index.php\/2024\/12\/11\/gremio-a-declaracao-de-farid-direcionada-a-tite\/#primaryimage\",\"url\":\"https:\/\/www.gaveanews.com\/wp-content\/uploads\/Escudo-do-Gremio.webp\",\"contentUrl\":\"https:\/\/www.gaveanews.com\/wp-content\/uploads\/Escudo-do-Gremio.webp\",\"width\":1163,\"height\":775,\"caption\":\"Escudo do Gr\u00eamio (Foto: Reprodu\u00e7\u00e3o\/Gr\u00eamio)\"},{\"@type\":\"BreadcrumbList\",\"@id\":\"https:\/\/www.gaveanews.com\/index.php\/2024\/12\/11\/gremio-a-declaracao-de-farid-direcionada-a-tite\/#breadcrumb\",\"itemListElement\":[{\"@type\":\"ListItem\",\"position\":1,\"name\":\"Home\",\"item\":\"https:\/\/www.gaveanews.com\/\"},{\"@type\":\"ListItem\",\"position\":2,\"name\":\"Gr\u00eamio: a declara\u00e7\u00e3o de Farid direcionada a Tite\"}]},{\"@type\":\"WebSite\",\"@id\":\"https:\/\/www.gaveanews.com\/#website\",\"url\":\"https:\/\/www.gaveanews.com\/\",\"name\":\"G\u00e1vea News\",\"description\":\"Veja todas as not\u00edcias sobre o Flamengo: Contrata\u00e7\u00f5es, categorias de base, resultados das partidas, tabela de classifica\u00e7\u00e3o, pr\u00f3ximos jogos!\",\"potentialAction\":[{\"@type\":\"SearchAction\",\"target\":{\"@type\":\"EntryPoint\",\"urlTemplate\":\"https:\/\/www.gaveanews.com\/?s={search_term_string}\"},\"query-input\":{\"@type\":\"PropertyValueSpecification\",\"valueRequired\":true,\"valueName\":\"search_term_string\"}}],\"inLanguage\":\"pt-BR\"},{\"@type\":\"Person\",\"@id\":\"https:\/\/www.gaveanews.com\/#\/schema\/person\/0eb3e3fe1754f0205218538adbe8f5ed\",\"name\":\"Rafaela Ladeira\",\"image\":{\"@type\":\"ImageObject\",\"inLanguage\":\"pt-BR\",\"@id\":\"https:\/\/www.gaveanews.com\/#\/schema\/person\/image\/\",\"url\":\"https:\/\/secure.gravatar.com\/avatar\/c31f513acffd85eacab5730cbdfdbbf59f21ba5aeada8cd890acea879fbb2455?s=96&d=mm&r=g\",\"contentUrl\":\"https:\/\/secure.gravatar.com\/avatar\/c31f513acffd85eacab5730cbdfdbbf59f21ba5aeada8cd890acea879fbb2455?s=96&d=mm&r=g\",\"caption\":\"Rafaela Ladeira\"}}]}<\/script>\n<!-- \/ Yoast SEO Premium plugin. -->","yoast_head_json":{"title":"Gr\u00eamio: a declara\u00e7\u00e3o de Farid direcionada a Tite","robots":{"index":"index","follow":"follow","max-snippet":"max-snippet:-1","max-image-preview":"max-image-preview:large","max-video-preview":"max-video-preview:-1"},"canonical":"https:\/\/www.gaveanews.com\/index.php\/2024\/12\/11\/gremio-a-declaracao-de-farid-direcionada-a-tite\/","og_locale":"pt_BR","og_type":"article","og_title":"Gr\u00eamio: a declara\u00e7\u00e3o de Farid direcionada a Tite","og_description":"Desde a sa\u00edda de Renato Ga\u00facho, o Gr\u00eamio vive uma fase de indefini\u00e7\u00e3o sobre quem ser\u00e1 o pr\u00f3ximo t\u00e9cnico do clube. O desejo do treinador em n\u00e3o renovar seu contrato com o presidente Alberto Guerra gerou uma busca intensa por um substituto para 2025.&nbsp; Al\u00e9m disso, a opini\u00e3o de Farid Germano Filho, influenciador identificado com [&hellip;]","og_url":"https:\/\/www.gaveanews.com\/index.php\/2024\/12\/11\/gremio-a-declaracao-de-farid-direcionada-a-tite\/","og_site_name":"G\u00e1vea News","article_publisher":"https:\/\/facebook.com\/gaveaNews\/","article_published_time":"2024-12-12T01:15:00+00:00","og_image":[{"width":1163,"height":775,"url":"https:\/\/www.gaveanews.com\/wp-content\/uploads\/Escudo-do-Gremio.webp","type":"image\/webp"}],"author":"Rafaela Ladeira","twitter_card":"summary_large_image","twitter_misc":{"Escrito por":"Rafaela Ladeira","Est. tempo de leitura":"3 minutos"},"schema":{"@context":"https:\/\/schema.org","@graph":[{"@type":"NewsArticle","@id":"https:\/\/www.gaveanews.com\/index.php\/2024\/12\/11\/gremio-a-declaracao-de-farid-direcionada-a-tite\/#article","isPartOf":{"@id":"https:\/\/www.gaveanews.com\/index.php\/2024\/12\/11\/gremio-a-declaracao-de-farid-direcionada-a-tite\/"},"author":{"name":"Rafaela Ladeira","@id":"https:\/\/www.gaveanews.com\/#\/schema\/person\/0eb3e3fe1754f0205218538adbe8f5ed"},"headline":"Gr\u00eamio: a declara\u00e7\u00e3o de Farid direcionada a Tite","datePublished":"2024-12-12T01:15:00+00:00","mainEntityOfPage":{"@id":"https:\/\/www.gaveanews.com\/index.php\/2024\/12\/11\/gremio-a-declaracao-de-farid-direcionada-a-tite\/"},"wordCount":432,"commentCount":0,"image":{"@id":"https:\/\/www.gaveanews.com\/index.php\/2024\/12\/11\/gremio-a-declaracao-de-farid-direcionada-a-tite\/#primaryimage"},"thumbnailUrl":"https:\/\/www.gaveanews.com\/wp-content\/uploads\/Escudo-do-Gremio.webp","articleSection":["Gr\u00eamio"],"inLanguage":"pt-BR","potentialAction":[{"@type":"CommentAction","name":"Comment","target":["https:\/\/www.gaveanews.com\/index.php\/2024\/12\/11\/gremio-a-declaracao-de-farid-direcionada-a-tite\/#respond"]}],"copyrightYear":"2024","copyrightHolder":{"@id":"https:\/\/www.gaveanews.com\/#organization"}},{"@type":"WebPage","@id":"https:\/\/www.gaveanews.com\/index.php\/2024\/12\/11\/gremio-a-declaracao-de-farid-direcionada-a-tite\/","url":"https:\/\/www.gaveanews.com\/index.php\/2024\/12\/11\/gremio-a-declaracao-de-farid-direcionada-a-tite\/","name":"Gr\u00eamio: a declara\u00e7\u00e3o de Farid direcionada a Tite","isPartOf":{"@id":"https:\/\/www.gaveanews.com\/#website"},"primaryImageOfPage":{"@id":"https:\/\/www.gaveanews.com\/index.php\/2024\/12\/11\/gremio-a-declaracao-de-farid-direcionada-a-tite\/#primaryimage"},"image":{"@id":"https:\/\/www.gaveanews.com\/index.php\/2024\/12\/11\/gremio-a-declaracao-de-farid-direcionada-a-tite\/#primaryimage"},"thumbnailUrl":"https:\/\/www.gaveanews.com\/wp-content\/uploads\/Escudo-do-Gremio.webp","datePublished":"2024-12-12T01:15:00+00:00","author":{"@id":"https:\/\/www.gaveanews.com\/#\/schema\/person\/0eb3e3fe1754f0205218538adbe8f5ed"},"breadcrumb":{"@id":"https:\/\/www.gaveanews.com\/index.php\/2024\/12\/11\/gremio-a-declaracao-de-farid-direcionada-a-tite\/#breadcrumb"},"inLanguage":"pt-BR","potentialAction":[{"@type":"ReadAction","target":["https:\/\/www.gaveanews.com\/index.php\/2024\/12\/11\/gremio-a-declaracao-de-farid-direcionada-a-tite\/"]}]},{"@type":"ImageObject","inLanguage":"pt-BR","@id":"https:\/\/www.gaveanews.com\/index.php\/2024\/12\/11\/gremio-a-declaracao-de-farid-direcionada-a-tite\/#primaryimage","url":"https:\/\/www.gaveanews.com\/wp-content\/uploads\/Escudo-do-Gremio.webp","contentUrl":"https:\/\/www.gaveanews.com\/wp-content\/uploads\/Escudo-do-Gremio.webp","width":1163,"height":775,"caption":"Escudo do Gr\u00eamio (Foto: Reprodu\u00e7\u00e3o\/Gr\u00eamio)"},{"@type":"BreadcrumbList","@id":"https:\/\/www.gaveanews.com\/index.php\/2024\/12\/11\/gremio-a-declaracao-de-farid-direcionada-a-tite\/#breadcrumb","itemListElement":[{"@type":"ListItem","position":1,"name":"Home","item":"https:\/\/www.gaveanews.com\/"},{"@type":"ListItem","position":2,"name":"Gr\u00eamio: a declara\u00e7\u00e3o de Farid direcionada a Tite"}]},{"@type":"WebSite","@id":"https:\/\/www.gaveanews.com\/#website","url":"https:\/\/www.gaveanews.com\/","name":"G\u00e1vea News","description":"Veja todas as not\u00edcias sobre o Flamengo: Contrata\u00e7\u00f5es, categorias de base, resultados das partidas, tabela de classifica\u00e7\u00e3o, pr\u00f3ximos jogos!","potentialAction":[{"@type":"SearchAction","target":{"@type":"EntryPoint","urlTemplate":"https:\/\/www.gaveanews.com\/?s={search_term_string}"},"query-input":{"@type":"PropertyValueSpecification","valueRequired":true,"valueName":"search_term_string"}}],"inLanguage":"pt-BR"},{"@type":"Person","@id":"https:\/\/www.gaveanews.com\/#\/schema\/person\/0eb3e3fe1754f0205218538adbe8f5ed","name":"Rafaela Ladeira","image":{"@type":"ImageObject","inLanguage":"pt-BR","@id":"https:\/\/www.gaveanews.com\/#\/schema\/person\/image\/","url":"https:\/\/secure.gravatar.com\/avatar\/c31f513acffd85eacab5730cbdfdbbf59f21ba5aeada8cd890acea879fbb2455?s=96&d=mm&r=g","contentUrl":"https:\/\/secure.gravatar.com\/avatar\/c31f513acffd85eacab5730cbdfdbbf59f21ba5aeada8cd890acea879fbb2455?s=96&d=mm&r=g","caption":"Rafaela Ladeira"}}]}},"_links":{"self":[{"href":"https:\/\/www.gaveanews.com\/index.php\/wp-json\/wp\/v2\/posts\/197717","targetHints":{"allow":["GET"]}}],"collection":[{"href":"https:\/\/www.gaveanews.com\/index.php\/wp-json\/wp\/v2\/posts"}],"about":[{"href":"https:\/\/www.gaveanews.com\/index.php\/wp-json\/wp\/v2\/types\/post"}],"author":[{"embeddable":true,"href":"https:\/\/www.gaveanews.com\/index.php\/wp-json\/wp\/v2\/users\/25"}],"replies":[{"embeddable":true,"href":"https:\/\/www.gaveanews.com\/index.php\/wp-json\/wp\/v2\/comments?post=197717"}],"version-history":[{"count":1,"href":"https:\/\/www.gaveanews.com\/index.php\/wp-json\/wp\/v2\/posts\/197717\/revisions"}],"predecessor-version":[{"id":197718,"href":"https:\/\/www.gaveanews.com\/index.php\/wp-json\/wp\/v2\/posts\/197717\/revisions\/197718"}],"wp:featuredmedia":[{"embeddable":true,"href":"https:\/\/www.gaveanews.com\/index.php\/wp-json\/wp\/v2\/media\/154785"}],"wp:attachment":[{"href":"https:\/\/www.gaveanews.com\/index.php\/wp-json\/wp\/v2\/media?parent=197717"}],"wp:term":[{"taxonomy":"category","embeddable":true,"href":"https:\/\/www.gaveanews.com\/index.php\/wp-json\/wp\/v2\/categories?post=197717"},{"taxonomy":"post_tag","embeddable":true,"href":"https:\/\/www.gaveanews.com\/index.php\/wp-json\/wp\/v2\/tags?post=197717"}],"curies":[{"name":"wp","href":"https:\/\/api.w.org\/{rel}","templated":true}]}}