{"id":197744,"date":"2024-12-11T22:35:00","date_gmt":"2024-12-12T01:35:00","guid":{"rendered":"https:\/\/www.gaveanews.com\/?p=197744"},"modified":"2024-12-11T22:19:21","modified_gmt":"2024-12-12T01:19:21","slug":"gabriel-grando-adriel-brenno-rodrigo-caio-reinaldo-soteldo-diego-costa-os-jogadores-do-gremio-negociaveis-ou-em-fim-de-contrato","status":"publish","type":"post","link":"https:\/\/www.gaveanews.com\/index.php\/2024\/12\/11\/gabriel-grando-adriel-brenno-rodrigo-caio-reinaldo-soteldo-diego-costa-os-jogadores-do-gremio-negociaveis-ou-em-fim-de-contrato\/","title":{"rendered":"Gabriel Grando, Adriel, Brenno, Rodrigo Caio, Reinaldo, Soteldo, Diego Costa: os jogadores do Gr\u00eamio negoci\u00e1veis ou em fim de contrato"},"content":{"rendered":"\n<p>Com o t\u00e9rmino da temporada, o Gr\u00eamio j\u00e1 come\u00e7ou a planejar os pr\u00f3ximos passos visando 2025. Alguns atletas est\u00e3o sob observa\u00e7\u00e3o da diretoria gremista para entender se continuar\u00e3o na equipe ou n\u00e3o.<\/p>\n\n\n\n<ul class=\"wp-block-list\">\n<li><a href=\"https:\/\/www.gaveanews.com\/index.php\/2024\/12\/11\/cristaldo-villasanti-soteldo-matias-arezo-aravena-monsalve-nathan-joao-pedro-braithwaite-e-pavon-os-jogadores-mais-valiosos-do-gremio\/\">Cristaldo, Villasanti, Soteldo, Mat\u00edas Arezo, Aravena, Monsalve, Nathan, Jo\u00e3o Pedro, Braithwaite e Pav\u00f3n: os jogadores mais valiosos do Gr\u00eamio<\/a><\/li>\n\n\n\n<li><a href=\"https:\/\/www.gaveanews.com\/index.php\/2024\/12\/11\/veja-quanto-o-gremio-faturou-com-o-campeonato-brasileiro\/\">Veja quanto o Gr\u00eamio faturou com o Campeonato Brasileiro<\/a><\/li>\n<\/ul>\n\n\n\n<p>O Imortal se classificou para a Copa Sul-Americana&nbsp; depois de uma campanha de briga contra o rebaixamento e conquistou a 14\u00aa posi\u00e7\u00e3o do Brasileir\u00e3o. Dentro da expectativa de al\u00e7ar voos maiores no ano que vem, a diretoria tem alguns nomes que podem ser negociados e que tamb\u00e9m est\u00e3o em fim de contrato, que podem sair, para adequar o elenco para os desafios que vir\u00e3o.<\/p>\n\n\n\n<h2 class=\"wp-block-heading\" id=\"h-gabriel-grando\">Gabriel Grando<\/h2>\n\n\n\n<p>O goleiro foi emprestado ao Cruzeiro em abril deste ano, mas n\u00e3o atuou em nenhuma partida. O v\u00ednculo com a equipe mineira se encerrou ao fim do Campeonato Brasileiro, retornou ao Gr\u00eamio mas deve ser negociado. Ele tem contrato at\u00e9 dezembro de 2026 com o time de Porto Alegre.<\/p>\n\n\n\n<figure class=\"wp-block-image size-full\"><img loading=\"lazy\" decoding=\"async\" width=\"774\" height=\"516\" src=\"https:\/\/www.gaveanews.com\/wp-content\/uploads\/Gabriel-Grando-apresentado-pelo-Cruzeiro.webp\" alt=\"\" class=\"wp-image-166449\" srcset=\"https:\/\/www.gaveanews.com\/wp-content\/uploads\/Gabriel-Grando-apresentado-pelo-Cruzeiro.webp 774w, https:\/\/www.gaveanews.com\/wp-content\/uploads\/Gabriel-Grando-apresentado-pelo-Cruzeiro-300x200.webp 300w, https:\/\/www.gaveanews.com\/wp-content\/uploads\/Gabriel-Grando-apresentado-pelo-Cruzeiro-768x512.webp 768w, https:\/\/www.gaveanews.com\/wp-content\/uploads\/Gabriel-Grando-apresentado-pelo-Cruzeiro-630x420.webp 630w, https:\/\/www.gaveanews.com\/wp-content\/uploads\/Gabriel-Grando-apresentado-pelo-Cruzeiro-640x427.webp 640w, https:\/\/www.gaveanews.com\/wp-content\/uploads\/Gabriel-Grando-apresentado-pelo-Cruzeiro-681x454.webp 681w, https:\/\/www.gaveanews.com\/wp-content\/uploads\/Gabriel-Grando-apresentado-pelo-Cruzeiro-100x67.webp 100w\" sizes=\"auto, (max-width: 774px) 100vw, 774px\" \/><figcaption class=\"wp-element-caption\">Gabriel Grando apresentado pelo Cruzeiro (Foto: Gustavo Aleixo\/Cruzeiro)<\/figcaption><\/figure>\n\n\n\n<h2 class=\"wp-block-heading\" id=\"h-adriel\">Adriel<\/h2>\n\n\n\n<p>O goleiro est\u00e1 emprestado ao Bahia desde o ano passado e atuou apenas 13 vezes nesta temporada. O atleta tem contrato com o Gr\u00eamio s\u00f3 at\u00e9 o fim de 2024 e deve ser liberado pela diretoria.<\/p>\n\n\n\n<figure class=\"wp-block-image size-full\"><img loading=\"lazy\" decoding=\"async\" width=\"450\" height=\"600\" src=\"https:\/\/www.gaveanews.com\/wp-content\/uploads\/Adriel-pelo-Gremio.webp\" alt=\"\" class=\"wp-image-197878\" srcset=\"https:\/\/www.gaveanews.com\/wp-content\/uploads\/Adriel-pelo-Gremio.webp 450w, https:\/\/www.gaveanews.com\/wp-content\/uploads\/Adriel-pelo-Gremio-225x300.webp 225w, https:\/\/www.gaveanews.com\/wp-content\/uploads\/Adriel-pelo-Gremio-315x420.webp 315w, https:\/\/www.gaveanews.com\/wp-content\/uploads\/Adriel-pelo-Gremio-100x133.webp 100w\" sizes=\"auto, (max-width: 450px) 100vw, 450px\" \/><figcaption class=\"wp-element-caption\">Adriel pelo Gr\u00eamio (Imagem: Rodrigo Fatturi\/Gr\u00eamio)\n<\/figcaption><\/figure>\n\n\n\n<h2 class=\"wp-block-heading\" id=\"h-brenno\">Brenno<\/h2>\n\n\n\n<p>Outro goleiro do Gr\u00eamio que est\u00e1 na lista de atletas negoci\u00e1veis. Ele \u00e9 jogador do Imortal desde 2019 e tem v\u00ednculo firmado at\u00e9 o meio de 2025. Em janeiro, ele j\u00e1 poder\u00e1 assinar um pr\u00e9-contrato com qualquer equipe e a tend\u00eancia \u00e9 que ele saia do clube.<\/p>\n\n\n\n<figure class=\"wp-block-image size-full\"><img loading=\"lazy\" decoding=\"async\" width=\"742\" height=\"506\" src=\"https:\/\/www.gaveanews.com\/wp-content\/uploads\/Brenno-em-treino-pelo-Gremio.webp\" alt=\"\" class=\"wp-image-171682\" srcset=\"https:\/\/www.gaveanews.com\/wp-content\/uploads\/Brenno-em-treino-pelo-Gremio.webp 742w, https:\/\/www.gaveanews.com\/wp-content\/uploads\/Brenno-em-treino-pelo-Gremio-300x205.webp 300w, https:\/\/www.gaveanews.com\/wp-content\/uploads\/Brenno-em-treino-pelo-Gremio-616x420.webp 616w, https:\/\/www.gaveanews.com\/wp-content\/uploads\/Brenno-em-treino-pelo-Gremio-640x436.webp 640w, https:\/\/www.gaveanews.com\/wp-content\/uploads\/Brenno-em-treino-pelo-Gremio-681x464.webp 681w, https:\/\/www.gaveanews.com\/wp-content\/uploads\/Brenno-em-treino-pelo-Gremio-100x68.webp 100w\" sizes=\"auto, (max-width: 742px) 100vw, 742px\" \/><figcaption class=\"wp-element-caption\">Brenno em treino pelo Gr\u00eamio (Foto: Lucas Uebel\/Gr\u00eamio)<\/figcaption><\/figure>\n\n\n\n<h2 class=\"wp-block-heading\" id=\"h-reinaldo\">Reinaldo<\/h2>\n\n\n\n<p>O lateral-esquerdo veterano de 35 anos chegou ao Gr\u00eamio no come\u00e7o de 2023 e completou a segunda temporada vestindo a camisa tricolor. Mas com o contrato se encerrando em dezembro deste ano, o jogador deve seguir livre no mercado para escolher outro clube.<\/p>\n\n\n\n<figure class=\"wp-block-image size-large\"><img loading=\"lazy\" decoding=\"async\" width=\"1024\" height=\"768\" src=\"https:\/\/www.gaveanews.com\/wp-content\/uploads\/Reinaldo-apresentado-pelo-Gremio-1024x768.webp\" alt=\"\" class=\"wp-image-167367\" srcset=\"https:\/\/www.gaveanews.com\/wp-content\/uploads\/Reinaldo-apresentado-pelo-Gremio-1024x768.webp 1024w, https:\/\/www.gaveanews.com\/wp-content\/uploads\/Reinaldo-apresentado-pelo-Gremio-300x225.webp 300w, https:\/\/www.gaveanews.com\/wp-content\/uploads\/Reinaldo-apresentado-pelo-Gremio-768x576.webp 768w, https:\/\/www.gaveanews.com\/wp-content\/uploads\/Reinaldo-apresentado-pelo-Gremio-1536x1152.webp 1536w, https:\/\/www.gaveanews.com\/wp-content\/uploads\/Reinaldo-apresentado-pelo-Gremio-560x420.webp 560w, https:\/\/www.gaveanews.com\/wp-content\/uploads\/Reinaldo-apresentado-pelo-Gremio-1120x840.webp 1120w, https:\/\/www.gaveanews.com\/wp-content\/uploads\/Reinaldo-apresentado-pelo-Gremio-80x60.webp 80w, https:\/\/www.gaveanews.com\/wp-content\/uploads\/Reinaldo-apresentado-pelo-Gremio-160x120.webp 160w, https:\/\/www.gaveanews.com\/wp-content\/uploads\/Reinaldo-apresentado-pelo-Gremio-100x75.webp 100w, https:\/\/www.gaveanews.com\/wp-content\/uploads\/Reinaldo-apresentado-pelo-Gremio-200x150.webp 200w, https:\/\/www.gaveanews.com\/wp-content\/uploads\/Reinaldo-apresentado-pelo-Gremio-180x135.webp 180w, https:\/\/www.gaveanews.com\/wp-content\/uploads\/Reinaldo-apresentado-pelo-Gremio-360x270.webp 360w, https:\/\/www.gaveanews.com\/wp-content\/uploads\/Reinaldo-apresentado-pelo-Gremio-238x178.webp 238w, https:\/\/www.gaveanews.com\/wp-content\/uploads\/Reinaldo-apresentado-pelo-Gremio-476x356.webp 476w, https:\/\/www.gaveanews.com\/wp-content\/uploads\/Reinaldo-apresentado-pelo-Gremio-640x480.webp 640w, https:\/\/www.gaveanews.com\/wp-content\/uploads\/Reinaldo-apresentado-pelo-Gremio-1280x960.webp 1280w, https:\/\/www.gaveanews.com\/wp-content\/uploads\/Reinaldo-apresentado-pelo-Gremio-681x511.webp 681w, https:\/\/www.gaveanews.com\/wp-content\/uploads\/Reinaldo-apresentado-pelo-Gremio-1362x1022.webp 1362w, https:\/\/www.gaveanews.com\/wp-content\/uploads\/Reinaldo-apresentado-pelo-Gremio.webp 1600w\" sizes=\"auto, (max-width: 1024px) 100vw, 1024px\" \/><figcaption class=\"wp-element-caption\">Reinaldo apresentado pelo Gr\u00eamio (Foto: Lucas Uebel\/Gr\u00eamio)<\/figcaption><\/figure>\n\n\n\n<h2 class=\"wp-block-heading\" id=\"h-soteldo\">Soteldo<\/h2>\n\n\n\n<p>O contrato do atacante venezuelano junto ao Gr\u00eamio est\u00e1 no fim. Ele foi emprestado pelo Santos, que jogou a S\u00e9rie B e n\u00e3o tinha condi\u00e7\u00f5es de arcar com os sal\u00e1rios do jogador. Ele retorna ao Alvinegro Praiano.<\/p>\n\n\n\n<figure class=\"wp-block-image size-large\"><img loading=\"lazy\" decoding=\"async\" width=\"1024\" height=\"682\" src=\"https:\/\/www.gaveanews.com\/wp-content\/uploads\/Yeferson-Soteldo-com-a-camisa-do-Gremio-pela-Libertadores-2024-1024x682.webp\" alt=\"\" class=\"wp-image-155183\" srcset=\"https:\/\/www.gaveanews.com\/wp-content\/uploads\/Yeferson-Soteldo-com-a-camisa-do-Gremio-pela-Libertadores-2024-1024x682.webp 1024w, https:\/\/www.gaveanews.com\/wp-content\/uploads\/Yeferson-Soteldo-com-a-camisa-do-Gremio-pela-Libertadores-2024-300x200.webp 300w, https:\/\/www.gaveanews.com\/wp-content\/uploads\/Yeferson-Soteldo-com-a-camisa-do-Gremio-pela-Libertadores-2024-768x511.webp 768w, https:\/\/www.gaveanews.com\/wp-content\/uploads\/Yeferson-Soteldo-com-a-camisa-do-Gremio-pela-Libertadores-2024-631x420.webp 631w, https:\/\/www.gaveanews.com\/wp-content\/uploads\/Yeferson-Soteldo-com-a-camisa-do-Gremio-pela-Libertadores-2024-1261x840.webp 1261w, https:\/\/www.gaveanews.com\/wp-content\/uploads\/Yeferson-Soteldo-com-a-camisa-do-Gremio-pela-Libertadores-2024-640x426.webp 640w, https:\/\/www.gaveanews.com\/wp-content\/uploads\/Yeferson-Soteldo-com-a-camisa-do-Gremio-pela-Libertadores-2024-1280x852.webp 1280w, https:\/\/www.gaveanews.com\/wp-content\/uploads\/Yeferson-Soteldo-com-a-camisa-do-Gremio-pela-Libertadores-2024-681x454.webp 681w, https:\/\/www.gaveanews.com\/wp-content\/uploads\/Yeferson-Soteldo-com-a-camisa-do-Gremio-pela-Libertadores-2024-1362x907.webp 1362w, https:\/\/www.gaveanews.com\/wp-content\/uploads\/Yeferson-Soteldo-com-a-camisa-do-Gremio-pela-Libertadores-2024-100x67.webp 100w, https:\/\/www.gaveanews.com\/wp-content\/uploads\/Yeferson-Soteldo-com-a-camisa-do-Gremio-pela-Libertadores-2024.webp 1440w\" sizes=\"auto, (max-width: 1024px) 100vw, 1024px\" \/><figcaption class=\"wp-element-caption\">Yeferson Soteldo com a camisa do Gr\u00eamio pela Libertadores 2024 (Foto: Reprodu\u00e7\u00e3o\/Gr\u00eamio)<\/figcaption><\/figure>\n\n\n\n<h2 class=\"wp-block-heading\" id=\"h-diego-costa\">Diego Costa<\/h2>\n\n\n\n<p>O atacante veterano naturalizado espanhol, chegou ao clube em fevereiro com dura\u00e7\u00e3o at\u00e9 o fim de dezembro. Ele n\u00e3o ter\u00e1 o contrato renovado pelo Gr\u00eamio e deve seguir para outra equipe.<\/p>\n\n\n\n<figure class=\"wp-block-image size-full\"><img loading=\"lazy\" decoding=\"async\" width=\"842\" height=\"643\" src=\"https:\/\/www.gaveanews.com\/wp-content\/uploads\/Diego-Costa-em-acao-pelo-Gremio.webp\" alt=\"\" class=\"wp-image-173103\" srcset=\"https:\/\/www.gaveanews.com\/wp-content\/uploads\/Diego-Costa-em-acao-pelo-Gremio.webp 842w, https:\/\/www.gaveanews.com\/wp-content\/uploads\/Diego-Costa-em-acao-pelo-Gremio-300x229.webp 300w, https:\/\/www.gaveanews.com\/wp-content\/uploads\/Diego-Costa-em-acao-pelo-Gremio-768x586.webp 768w, https:\/\/www.gaveanews.com\/wp-content\/uploads\/Diego-Costa-em-acao-pelo-Gremio-550x420.webp 550w, https:\/\/www.gaveanews.com\/wp-content\/uploads\/Diego-Costa-em-acao-pelo-Gremio-80x60.webp 80w, https:\/\/www.gaveanews.com\/wp-content\/uploads\/Diego-Costa-em-acao-pelo-Gremio-100x76.webp 100w, https:\/\/www.gaveanews.com\/wp-content\/uploads\/Diego-Costa-em-acao-pelo-Gremio-640x489.webp 640w, https:\/\/www.gaveanews.com\/wp-content\/uploads\/Diego-Costa-em-acao-pelo-Gremio-681x520.webp 681w\" sizes=\"auto, (max-width: 842px) 100vw, 842px\" \/><figcaption class=\"wp-element-caption\">Diego Costa em a\u00e7\u00e3o pelo Gr\u00eamio (Foto: Lucas Uebel\/Gr\u00eamio)<\/figcaption><\/figure>\n","protected":false},"excerpt":{"rendered":"<p>Com o t\u00e9rmino da temporada, o Gr\u00eamio j\u00e1 come\u00e7ou a planejar os pr\u00f3ximos passos visando 2025. Alguns atletas est\u00e3o sob observa\u00e7\u00e3o da diretoria gremista para entender se continuar\u00e3o na equipe ou n\u00e3o. O Imortal se classificou para a Copa Sul-Americana&nbsp; depois de uma campanha de briga contra o rebaixamento e conquistou a 14\u00aa posi\u00e7\u00e3o do [&hellip;]<\/p>\n","protected":false},"author":29,"featured_media":155183,"comment_status":"open","ping_status":"closed","sticky":false,"template":"","format":"standard","meta":{"footnotes":""},"categories":[147],"tags":[],"class_list":["post-197744","post","type-post","status-publish","format-standard","has-post-thumbnail","hentry","category-gremio"],"yoast_head":"<!-- This site is optimized with the Yoast SEO Premium plugin v24.2 (Yoast SEO v26.9) - https:\/\/yoast.com\/product\/yoast-seo-premium-wordpress\/ -->\n<title>Gabriel Grando, Adriel, Brenno, Rodrigo Caio, Reinaldo, Soteldo, Diego Costa: os jogadores do Gr\u00eamio negoci\u00e1veis ou em fim de contrato<\/title>\n<meta name=\"robots\" content=\"index, follow, max-snippet:-1, max-image-preview:large, max-video-preview:-1\" \/>\n<link rel=\"canonical\" href=\"https:\/\/www.gaveanews.com\/index.php\/2024\/12\/11\/gabriel-grando-adriel-brenno-rodrigo-caio-reinaldo-soteldo-diego-costa-os-jogadores-do-gremio-negociaveis-ou-em-fim-de-contrato\/\" \/>\n<meta property=\"og:locale\" content=\"pt_BR\" \/>\n<meta property=\"og:type\" content=\"article\" \/>\n<meta property=\"og:title\" content=\"Gabriel Grando, Adriel, Brenno, Rodrigo Caio, Reinaldo, Soteldo, Diego Costa: os jogadores do Gr\u00eamio negoci\u00e1veis ou em fim de contrato\" \/>\n<meta property=\"og:description\" content=\"Com o t\u00e9rmino da temporada, o Gr\u00eamio j\u00e1 come\u00e7ou a planejar os pr\u00f3ximos passos visando 2025. Alguns atletas est\u00e3o sob observa\u00e7\u00e3o da diretoria gremista para entender se continuar\u00e3o na equipe ou n\u00e3o. O Imortal se classificou para a Copa Sul-Americana&nbsp; depois de uma campanha de briga contra o rebaixamento e conquistou a 14\u00aa posi\u00e7\u00e3o do [&hellip;]\" \/>\n<meta property=\"og:url\" content=\"https:\/\/www.gaveanews.com\/index.php\/2024\/12\/11\/gabriel-grando-adriel-brenno-rodrigo-caio-reinaldo-soteldo-diego-costa-os-jogadores-do-gremio-negociaveis-ou-em-fim-de-contrato\/\" \/>\n<meta property=\"og:site_name\" content=\"G\u00e1vea News\" \/>\n<meta property=\"article:publisher\" content=\"https:\/\/facebook.com\/gaveaNews\/\" \/>\n<meta property=\"article:published_time\" content=\"2024-12-12T01:35:00+00:00\" \/>\n<meta property=\"og:image\" content=\"https:\/\/www.gaveanews.com\/wp-content\/uploads\/Yeferson-Soteldo-com-a-camisa-do-Gremio-pela-Libertadores-2024.webp\" \/>\n\t<meta property=\"og:image:width\" content=\"1440\" \/>\n\t<meta property=\"og:image:height\" content=\"959\" \/>\n\t<meta property=\"og:image:type\" content=\"image\/jpeg\" \/>\n<meta name=\"author\" content=\"Marco Menezes\" \/>\n<meta name=\"twitter:card\" content=\"summary_large_image\" \/>\n<meta name=\"twitter:label1\" content=\"Escrito por\" \/>\n\t<meta name=\"twitter:data1\" content=\"Marco Menezes\" \/>\n\t<meta name=\"twitter:label2\" content=\"Est. tempo de leitura\" \/>\n\t<meta name=\"twitter:data2\" content=\"4 minutos\" \/>\n<script type=\"application\/ld+json\" class=\"yoast-schema-graph\">{\"@context\":\"https:\/\/schema.org\",\"@graph\":[{\"@type\":\"NewsArticle\",\"@id\":\"https:\/\/www.gaveanews.com\/index.php\/2024\/12\/11\/gabriel-grando-adriel-brenno-rodrigo-caio-reinaldo-soteldo-diego-costa-os-jogadores-do-gremio-negociaveis-ou-em-fim-de-contrato\/#article\",\"isPartOf\":{\"@id\":\"https:\/\/www.gaveanews.com\/index.php\/2024\/12\/11\/gabriel-grando-adriel-brenno-rodrigo-caio-reinaldo-soteldo-diego-costa-os-jogadores-do-gremio-negociaveis-ou-em-fim-de-contrato\/\"},\"author\":{\"name\":\"Marco Menezes\",\"@id\":\"https:\/\/www.gaveanews.com\/#\/schema\/person\/a9f62fe75380c6bada1b2fc49bc23d69\"},\"headline\":\"Gabriel Grando, Adriel, Brenno, Rodrigo Caio, Reinaldo, Soteldo, Diego Costa: os jogadores do Gr\u00eamio negoci\u00e1veis ou em fim de contrato\",\"datePublished\":\"2024-12-12T01:35:00+00:00\",\"mainEntityOfPage\":{\"@id\":\"https:\/\/www.gaveanews.com\/index.php\/2024\/12\/11\/gabriel-grando-adriel-brenno-rodrigo-caio-reinaldo-soteldo-diego-costa-os-jogadores-do-gremio-negociaveis-ou-em-fim-de-contrato\/\"},\"wordCount\":492,\"commentCount\":0,\"image\":{\"@id\":\"https:\/\/www.gaveanews.com\/index.php\/2024\/12\/11\/gabriel-grando-adriel-brenno-rodrigo-caio-reinaldo-soteldo-diego-costa-os-jogadores-do-gremio-negociaveis-ou-em-fim-de-contrato\/#primaryimage\"},\"thumbnailUrl\":\"https:\/\/www.gaveanews.com\/wp-content\/uploads\/Yeferson-Soteldo-com-a-camisa-do-Gremio-pela-Libertadores-2024.webp\",\"articleSection\":[\"Gr\u00eamio\"],\"inLanguage\":\"pt-BR\",\"potentialAction\":[{\"@type\":\"CommentAction\",\"name\":\"Comment\",\"target\":[\"https:\/\/www.gaveanews.com\/index.php\/2024\/12\/11\/gabriel-grando-adriel-brenno-rodrigo-caio-reinaldo-soteldo-diego-costa-os-jogadores-do-gremio-negociaveis-ou-em-fim-de-contrato\/#respond\"]}],\"copyrightYear\":\"2024\",\"copyrightHolder\":{\"@id\":\"https:\/\/www.gaveanews.com\/#organization\"}},{\"@type\":\"WebPage\",\"@id\":\"https:\/\/www.gaveanews.com\/index.php\/2024\/12\/11\/gabriel-grando-adriel-brenno-rodrigo-caio-reinaldo-soteldo-diego-costa-os-jogadores-do-gremio-negociaveis-ou-em-fim-de-contrato\/\",\"url\":\"https:\/\/www.gaveanews.com\/index.php\/2024\/12\/11\/gabriel-grando-adriel-brenno-rodrigo-caio-reinaldo-soteldo-diego-costa-os-jogadores-do-gremio-negociaveis-ou-em-fim-de-contrato\/\",\"name\":\"Gabriel Grando, Adriel, Brenno, Rodrigo Caio, Reinaldo, Soteldo, Diego Costa: os jogadores do Gr\u00eamio negoci\u00e1veis ou em fim de contrato\",\"isPartOf\":{\"@id\":\"https:\/\/www.gaveanews.com\/#website\"},\"primaryImageOfPage\":{\"@id\":\"https:\/\/www.gaveanews.com\/index.php\/2024\/12\/11\/gabriel-grando-adriel-brenno-rodrigo-caio-reinaldo-soteldo-diego-costa-os-jogadores-do-gremio-negociaveis-ou-em-fim-de-contrato\/#primaryimage\"},\"image\":{\"@id\":\"https:\/\/www.gaveanews.com\/index.php\/2024\/12\/11\/gabriel-grando-adriel-brenno-rodrigo-caio-reinaldo-soteldo-diego-costa-os-jogadores-do-gremio-negociaveis-ou-em-fim-de-contrato\/#primaryimage\"},\"thumbnailUrl\":\"https:\/\/www.gaveanews.com\/wp-content\/uploads\/Yeferson-Soteldo-com-a-camisa-do-Gremio-pela-Libertadores-2024.webp\",\"datePublished\":\"2024-12-12T01:35:00+00:00\",\"author\":{\"@id\":\"https:\/\/www.gaveanews.com\/#\/schema\/person\/a9f62fe75380c6bada1b2fc49bc23d69\"},\"breadcrumb\":{\"@id\":\"https:\/\/www.gaveanews.com\/index.php\/2024\/12\/11\/gabriel-grando-adriel-brenno-rodrigo-caio-reinaldo-soteldo-diego-costa-os-jogadores-do-gremio-negociaveis-ou-em-fim-de-contrato\/#breadcrumb\"},\"inLanguage\":\"pt-BR\",\"potentialAction\":[{\"@type\":\"ReadAction\",\"target\":[\"https:\/\/www.gaveanews.com\/index.php\/2024\/12\/11\/gabriel-grando-adriel-brenno-rodrigo-caio-reinaldo-soteldo-diego-costa-os-jogadores-do-gremio-negociaveis-ou-em-fim-de-contrato\/\"]}]},{\"@type\":\"ImageObject\",\"inLanguage\":\"pt-BR\",\"@id\":\"https:\/\/www.gaveanews.com\/index.php\/2024\/12\/11\/gabriel-grando-adriel-brenno-rodrigo-caio-reinaldo-soteldo-diego-costa-os-jogadores-do-gremio-negociaveis-ou-em-fim-de-contrato\/#primaryimage\",\"url\":\"https:\/\/www.gaveanews.com\/wp-content\/uploads\/Yeferson-Soteldo-com-a-camisa-do-Gremio-pela-Libertadores-2024.webp\",\"contentUrl\":\"https:\/\/www.gaveanews.com\/wp-content\/uploads\/Yeferson-Soteldo-com-a-camisa-do-Gremio-pela-Libertadores-2024.webp\",\"width\":1440,\"height\":959,\"caption\":\"Yeferson Soteldo com a camisa do Gr\u00eamio pela Libertadores 2024 (Foto: Reprodu\u00e7\u00e3o\/Gr\u00eamio)\"},{\"@type\":\"BreadcrumbList\",\"@id\":\"https:\/\/www.gaveanews.com\/index.php\/2024\/12\/11\/gabriel-grando-adriel-brenno-rodrigo-caio-reinaldo-soteldo-diego-costa-os-jogadores-do-gremio-negociaveis-ou-em-fim-de-contrato\/#breadcrumb\",\"itemListElement\":[{\"@type\":\"ListItem\",\"position\":1,\"name\":\"Home\",\"item\":\"https:\/\/www.gaveanews.com\/\"},{\"@type\":\"ListItem\",\"position\":2,\"name\":\"Gabriel Grando, Adriel, Brenno, Rodrigo Caio, Reinaldo, Soteldo, Diego Costa: os jogadores do Gr\u00eamio negoci\u00e1veis ou em fim de contrato\"}]},{\"@type\":\"WebSite\",\"@id\":\"https:\/\/www.gaveanews.com\/#website\",\"url\":\"https:\/\/www.gaveanews.com\/\",\"name\":\"G\u00e1vea News\",\"description\":\"Veja todas as not\u00edcias sobre o Flamengo: Contrata\u00e7\u00f5es, categorias de base, resultados das partidas, tabela de classifica\u00e7\u00e3o, pr\u00f3ximos jogos!\",\"potentialAction\":[{\"@type\":\"SearchAction\",\"target\":{\"@type\":\"EntryPoint\",\"urlTemplate\":\"https:\/\/www.gaveanews.com\/?s={search_term_string}\"},\"query-input\":{\"@type\":\"PropertyValueSpecification\",\"valueRequired\":true,\"valueName\":\"search_term_string\"}}],\"inLanguage\":\"pt-BR\"},{\"@type\":\"Person\",\"@id\":\"https:\/\/www.gaveanews.com\/#\/schema\/person\/a9f62fe75380c6bada1b2fc49bc23d69\",\"name\":\"Marco Menezes\",\"image\":{\"@type\":\"ImageObject\",\"inLanguage\":\"pt-BR\",\"@id\":\"https:\/\/www.gaveanews.com\/#\/schema\/person\/image\/\",\"url\":\"https:\/\/secure.gravatar.com\/avatar\/a1d148ae17fc8bfc5dbccffd07979e8bd2c9ba494221779de86ec2c7907b71ec?s=96&d=mm&r=g\",\"contentUrl\":\"https:\/\/secure.gravatar.com\/avatar\/a1d148ae17fc8bfc5dbccffd07979e8bd2c9ba494221779de86ec2c7907b71ec?s=96&d=mm&r=g\",\"caption\":\"Marco Menezes\"}}]}<\/script>\n<!-- \/ Yoast SEO Premium plugin. -->","yoast_head_json":{"title":"Gabriel Grando, Adriel, Brenno, Rodrigo Caio, Reinaldo, Soteldo, Diego Costa: os jogadores do Gr\u00eamio negoci\u00e1veis ou em fim de contrato","robots":{"index":"index","follow":"follow","max-snippet":"max-snippet:-1","max-image-preview":"max-image-preview:large","max-video-preview":"max-video-preview:-1"},"canonical":"https:\/\/www.gaveanews.com\/index.php\/2024\/12\/11\/gabriel-grando-adriel-brenno-rodrigo-caio-reinaldo-soteldo-diego-costa-os-jogadores-do-gremio-negociaveis-ou-em-fim-de-contrato\/","og_locale":"pt_BR","og_type":"article","og_title":"Gabriel Grando, Adriel, Brenno, Rodrigo Caio, Reinaldo, Soteldo, Diego Costa: os jogadores do Gr\u00eamio negoci\u00e1veis ou em fim de contrato","og_description":"Com o t\u00e9rmino da temporada, o Gr\u00eamio j\u00e1 come\u00e7ou a planejar os pr\u00f3ximos passos visando 2025. Alguns atletas est\u00e3o sob observa\u00e7\u00e3o da diretoria gremista para entender se continuar\u00e3o na equipe ou n\u00e3o. O Imortal se classificou para a Copa Sul-Americana&nbsp; depois de uma campanha de briga contra o rebaixamento e conquistou a 14\u00aa posi\u00e7\u00e3o do [&hellip;]","og_url":"https:\/\/www.gaveanews.com\/index.php\/2024\/12\/11\/gabriel-grando-adriel-brenno-rodrigo-caio-reinaldo-soteldo-diego-costa-os-jogadores-do-gremio-negociaveis-ou-em-fim-de-contrato\/","og_site_name":"G\u00e1vea News","article_publisher":"https:\/\/facebook.com\/gaveaNews\/","article_published_time":"2024-12-12T01:35:00+00:00","og_image":[{"width":1440,"height":959,"url":"https:\/\/www.gaveanews.com\/wp-content\/uploads\/Yeferson-Soteldo-com-a-camisa-do-Gremio-pela-Libertadores-2024.webp","type":"image\/jpeg"}],"author":"Marco Menezes","twitter_card":"summary_large_image","twitter_misc":{"Escrito por":"Marco Menezes","Est. tempo de leitura":"4 minutos"},"schema":{"@context":"https:\/\/schema.org","@graph":[{"@type":"NewsArticle","@id":"https:\/\/www.gaveanews.com\/index.php\/2024\/12\/11\/gabriel-grando-adriel-brenno-rodrigo-caio-reinaldo-soteldo-diego-costa-os-jogadores-do-gremio-negociaveis-ou-em-fim-de-contrato\/#article","isPartOf":{"@id":"https:\/\/www.gaveanews.com\/index.php\/2024\/12\/11\/gabriel-grando-adriel-brenno-rodrigo-caio-reinaldo-soteldo-diego-costa-os-jogadores-do-gremio-negociaveis-ou-em-fim-de-contrato\/"},"author":{"name":"Marco Menezes","@id":"https:\/\/www.gaveanews.com\/#\/schema\/person\/a9f62fe75380c6bada1b2fc49bc23d69"},"headline":"Gabriel Grando, Adriel, Brenno, Rodrigo Caio, Reinaldo, Soteldo, Diego Costa: os jogadores do Gr\u00eamio negoci\u00e1veis ou em fim de contrato","datePublished":"2024-12-12T01:35:00+00:00","mainEntityOfPage":{"@id":"https:\/\/www.gaveanews.com\/index.php\/2024\/12\/11\/gabriel-grando-adriel-brenno-rodrigo-caio-reinaldo-soteldo-diego-costa-os-jogadores-do-gremio-negociaveis-ou-em-fim-de-contrato\/"},"wordCount":492,"commentCount":0,"image":{"@id":"https:\/\/www.gaveanews.com\/index.php\/2024\/12\/11\/gabriel-grando-adriel-brenno-rodrigo-caio-reinaldo-soteldo-diego-costa-os-jogadores-do-gremio-negociaveis-ou-em-fim-de-contrato\/#primaryimage"},"thumbnailUrl":"https:\/\/www.gaveanews.com\/wp-content\/uploads\/Yeferson-Soteldo-com-a-camisa-do-Gremio-pela-Libertadores-2024.webp","articleSection":["Gr\u00eamio"],"inLanguage":"pt-BR","potentialAction":[{"@type":"CommentAction","name":"Comment","target":["https:\/\/www.gaveanews.com\/index.php\/2024\/12\/11\/gabriel-grando-adriel-brenno-rodrigo-caio-reinaldo-soteldo-diego-costa-os-jogadores-do-gremio-negociaveis-ou-em-fim-de-contrato\/#respond"]}],"copyrightYear":"2024","copyrightHolder":{"@id":"https:\/\/www.gaveanews.com\/#organization"}},{"@type":"WebPage","@id":"https:\/\/www.gaveanews.com\/index.php\/2024\/12\/11\/gabriel-grando-adriel-brenno-rodrigo-caio-reinaldo-soteldo-diego-costa-os-jogadores-do-gremio-negociaveis-ou-em-fim-de-contrato\/","url":"https:\/\/www.gaveanews.com\/index.php\/2024\/12\/11\/gabriel-grando-adriel-brenno-rodrigo-caio-reinaldo-soteldo-diego-costa-os-jogadores-do-gremio-negociaveis-ou-em-fim-de-contrato\/","name":"Gabriel Grando, Adriel, Brenno, Rodrigo Caio, Reinaldo, Soteldo, Diego Costa: os jogadores do Gr\u00eamio negoci\u00e1veis ou em fim de contrato","isPartOf":{"@id":"https:\/\/www.gaveanews.com\/#website"},"primaryImageOfPage":{"@id":"https:\/\/www.gaveanews.com\/index.php\/2024\/12\/11\/gabriel-grando-adriel-brenno-rodrigo-caio-reinaldo-soteldo-diego-costa-os-jogadores-do-gremio-negociaveis-ou-em-fim-de-contrato\/#primaryimage"},"image":{"@id":"https:\/\/www.gaveanews.com\/index.php\/2024\/12\/11\/gabriel-grando-adriel-brenno-rodrigo-caio-reinaldo-soteldo-diego-costa-os-jogadores-do-gremio-negociaveis-ou-em-fim-de-contrato\/#primaryimage"},"thumbnailUrl":"https:\/\/www.gaveanews.com\/wp-content\/uploads\/Yeferson-Soteldo-com-a-camisa-do-Gremio-pela-Libertadores-2024.webp","datePublished":"2024-12-12T01:35:00+00:00","author":{"@id":"https:\/\/www.gaveanews.com\/#\/schema\/person\/a9f62fe75380c6bada1b2fc49bc23d69"},"breadcrumb":{"@id":"https:\/\/www.gaveanews.com\/index.php\/2024\/12\/11\/gabriel-grando-adriel-brenno-rodrigo-caio-reinaldo-soteldo-diego-costa-os-jogadores-do-gremio-negociaveis-ou-em-fim-de-contrato\/#breadcrumb"},"inLanguage":"pt-BR","potentialAction":[{"@type":"ReadAction","target":["https:\/\/www.gaveanews.com\/index.php\/2024\/12\/11\/gabriel-grando-adriel-brenno-rodrigo-caio-reinaldo-soteldo-diego-costa-os-jogadores-do-gremio-negociaveis-ou-em-fim-de-contrato\/"]}]},{"@type":"ImageObject","inLanguage":"pt-BR","@id":"https:\/\/www.gaveanews.com\/index.php\/2024\/12\/11\/gabriel-grando-adriel-brenno-rodrigo-caio-reinaldo-soteldo-diego-costa-os-jogadores-do-gremio-negociaveis-ou-em-fim-de-contrato\/#primaryimage","url":"https:\/\/www.gaveanews.com\/wp-content\/uploads\/Yeferson-Soteldo-com-a-camisa-do-Gremio-pela-Libertadores-2024.webp","contentUrl":"https:\/\/www.gaveanews.com\/wp-content\/uploads\/Yeferson-Soteldo-com-a-camisa-do-Gremio-pela-Libertadores-2024.webp","width":1440,"height":959,"caption":"Yeferson Soteldo com a camisa do Gr\u00eamio pela Libertadores 2024 (Foto: Reprodu\u00e7\u00e3o\/Gr\u00eamio)"},{"@type":"BreadcrumbList","@id":"https:\/\/www.gaveanews.com\/index.php\/2024\/12\/11\/gabriel-grando-adriel-brenno-rodrigo-caio-reinaldo-soteldo-diego-costa-os-jogadores-do-gremio-negociaveis-ou-em-fim-de-contrato\/#breadcrumb","itemListElement":[{"@type":"ListItem","position":1,"name":"Home","item":"https:\/\/www.gaveanews.com\/"},{"@type":"ListItem","position":2,"name":"Gabriel Grando, Adriel, Brenno, Rodrigo Caio, Reinaldo, Soteldo, Diego Costa: os jogadores do Gr\u00eamio negoci\u00e1veis ou em fim de contrato"}]},{"@type":"WebSite","@id":"https:\/\/www.gaveanews.com\/#website","url":"https:\/\/www.gaveanews.com\/","name":"G\u00e1vea News","description":"Veja todas as not\u00edcias sobre o Flamengo: Contrata\u00e7\u00f5es, categorias de base, resultados das partidas, tabela de classifica\u00e7\u00e3o, pr\u00f3ximos jogos!","potentialAction":[{"@type":"SearchAction","target":{"@type":"EntryPoint","urlTemplate":"https:\/\/www.gaveanews.com\/?s={search_term_string}"},"query-input":{"@type":"PropertyValueSpecification","valueRequired":true,"valueName":"search_term_string"}}],"inLanguage":"pt-BR"},{"@type":"Person","@id":"https:\/\/www.gaveanews.com\/#\/schema\/person\/a9f62fe75380c6bada1b2fc49bc23d69","name":"Marco Menezes","image":{"@type":"ImageObject","inLanguage":"pt-BR","@id":"https:\/\/www.gaveanews.com\/#\/schema\/person\/image\/","url":"https:\/\/secure.gravatar.com\/avatar\/a1d148ae17fc8bfc5dbccffd07979e8bd2c9ba494221779de86ec2c7907b71ec?s=96&d=mm&r=g","contentUrl":"https:\/\/secure.gravatar.com\/avatar\/a1d148ae17fc8bfc5dbccffd07979e8bd2c9ba494221779de86ec2c7907b71ec?s=96&d=mm&r=g","caption":"Marco Menezes"}}]}},"_links":{"self":[{"href":"https:\/\/www.gaveanews.com\/index.php\/wp-json\/wp\/v2\/posts\/197744","targetHints":{"allow":["GET"]}}],"collection":[{"href":"https:\/\/www.gaveanews.com\/index.php\/wp-json\/wp\/v2\/posts"}],"about":[{"href":"https:\/\/www.gaveanews.com\/index.php\/wp-json\/wp\/v2\/types\/post"}],"author":[{"embeddable":true,"href":"https:\/\/www.gaveanews.com\/index.php\/wp-json\/wp\/v2\/users\/29"}],"replies":[{"embeddable":true,"href":"https:\/\/www.gaveanews.com\/index.php\/wp-json\/wp\/v2\/comments?post=197744"}],"version-history":[{"count":2,"href":"https:\/\/www.gaveanews.com\/index.php\/wp-json\/wp\/v2\/posts\/197744\/revisions"}],"predecessor-version":[{"id":197879,"href":"https:\/\/www.gaveanews.com\/index.php\/wp-json\/wp\/v2\/posts\/197744\/revisions\/197879"}],"wp:featuredmedia":[{"embeddable":true,"href":"https:\/\/www.gaveanews.com\/index.php\/wp-json\/wp\/v2\/media\/155183"}],"wp:attachment":[{"href":"https:\/\/www.gaveanews.com\/index.php\/wp-json\/wp\/v2\/media?parent=197744"}],"wp:term":[{"taxonomy":"category","embeddable":true,"href":"https:\/\/www.gaveanews.com\/index.php\/wp-json\/wp\/v2\/categories?post=197744"},{"taxonomy":"post_tag","embeddable":true,"href":"https:\/\/www.gaveanews.com\/index.php\/wp-json\/wp\/v2\/tags?post=197744"}],"curies":[{"name":"wp","href":"https:\/\/api.w.org\/{rel}","templated":true}]}}