{"id":19817,"date":"2019-05-07T06:30:35","date_gmt":"2019-05-07T09:30:35","guid":{"rendered":"https:\/\/www.gaveanews.com\/?p=19817"},"modified":"2019-05-07T01:03:02","modified_gmt":"2019-05-07T04:03:02","slug":"gabigol-faz-publicacao-ao-lado-de-cuellar-e-empolga-torcedores-do-flamengo-veja-repercussao","status":"publish","type":"post","link":"https:\/\/www.gaveanews.com\/index.php\/2019\/05\/07\/gabigol-faz-publicacao-ao-lado-de-cuellar-e-empolga-torcedores-do-flamengo-veja-repercussao\/","title":{"rendered":"Gabigol faz publica\u00e7\u00e3o ao lado de Cuellar e empolga torcedores do Flamengo; veja repercuss\u00e3o"},"content":{"rendered":"\n<p>Na noite da pr\u00f3xima quarta-feira (08 de maio), o Flamengo ir\u00e1 enfrentar o Club Atl\u00e9tico Pe\u00f1arol, em partida v\u00e1lida pela sexta, e \u00faltima rodada, da fase de grupos da Copa Libertadores da Am\u00e9rica.<\/p>\n\n\n\n<p>Para se classificar, na primeira coloca\u00e7\u00e3o do grupo D, o Flamengo precisa apenas conquistar um \u00fanico ponto, desde que a LDU n\u00e3o aplique uma goleada, no duelo contra o San Jos\u00e9, por um placar de 6 gols de diferen\u00e7a.<\/p>\n\n\n\n<p>A delega\u00e7\u00e3o rubro-negra, por sua vez, embarcou na \u00faltima segunda-feira (06 de maio) para o Uruguai. E antes de entrarem no avi\u00e3o, Gabigol fez quest\u00e3o de publicar uma foto ao lado de Cuellar, nas redes sociais.<\/p>\n\n\n\n<p>E como ambos os jogadores possuem prest\u00edgio com os torcedores, tal foto acabou empolgando alguns flamenguistas. <\/p>\n\n\n\n<p><strong>Veja abaixo a publica\u00e7\u00e3o de Gabriel, juntamento com os coment\u00e1rios de alguns internautas:<\/strong><\/p>\n\n\n\n<figure class=\"wp-block-embed-twitter wp-block-embed is-type-rich is-provider-twitter\"><div class=\"wp-block-embed__wrapper\">\n<blockquote class=\"twitter-tweet\" data-width=\"550\" data-dnt=\"true\"><p lang=\"pt\" dir=\"ltr\">Partiu Uruguai \u2708\ufe0f <a href=\"https:\/\/t.co\/yIkMKiVmqY\">pic.twitter.com\/yIkMKiVmqY<\/a><\/p>&mdash; Gabriel Barbosa (@gabigol) <a href=\"https:\/\/twitter.com\/gabigol\/status\/1125581301392793600?ref_src=twsrc%5Etfw\">May 7, 2019<\/a><\/blockquote><script async src=\"https:\/\/platform.twitter.com\/widgets.js\" charset=\"utf-8\"><\/script>\n<\/div><\/figure>\n\n\n\n<figure class=\"wp-block-embed-twitter wp-block-embed is-type-rich is-provider-twitter\"><div class=\"wp-block-embed__wrapper\">\n<blockquote class=\"twitter-tweet\" data-width=\"550\" data-dnt=\"true\"><p lang=\"pt\" dir=\"ltr\">Lindos, amo voc\u00eas, boa viagem!<\/p>&mdash; maf\u00ea (@mafefigueira) <a href=\"https:\/\/twitter.com\/mafefigueira\/status\/1125581449602764800?ref_src=twsrc%5Etfw\">May 7, 2019<\/a><\/blockquote><script async src=\"https:\/\/platform.twitter.com\/widgets.js\" charset=\"utf-8\"><\/script>\n<\/div><\/figure>\n\n\n\n<figure class=\"wp-block-embed-twitter wp-block-embed is-type-rich is-provider-twitter\"><div class=\"wp-block-embed__wrapper\">\n<blockquote class=\"twitter-tweet\" data-width=\"550\" data-dnt=\"true\"><p lang=\"pt\" dir=\"ltr\">VAMOOOO PAI \ud83d\udcaa\ud83c\udfff\ud83d\udcaa\ud83c\udfff\ud83d\udcaa\ud83c\udfff<\/p>&mdash; Leonardo Gomes (@LeoozinhoShow) <a href=\"https:\/\/twitter.com\/LeoozinhoShow\/status\/1125581482146324480?ref_src=twsrc%5Etfw\">May 7, 2019<\/a><\/blockquote><script async src=\"https:\/\/platform.twitter.com\/widgets.js\" charset=\"utf-8\"><\/script>\n<\/div><\/figure>\n\n\n\n<figure class=\"wp-block-embed-twitter wp-block-embed is-type-rich is-provider-twitter\"><div class=\"wp-block-embed__wrapper\">\n<blockquote class=\"twitter-tweet\" data-width=\"550\" data-dnt=\"true\"><p lang=\"pt\" dir=\"ltr\">amo vcs, voltem classificados<\/p>&mdash; \ud83e\udd87 (@kawanymr) <a href=\"https:\/\/twitter.com\/kawanymr\/status\/1125581656193105923?ref_src=twsrc%5Etfw\">May 7, 2019<\/a><\/blockquote><script async src=\"https:\/\/platform.twitter.com\/widgets.js\" charset=\"utf-8\"><\/script>\n<\/div><\/figure>\n\n\n\n<figure class=\"wp-block-embed-twitter wp-block-embed is-type-rich is-provider-twitter\"><div class=\"wp-block-embed__wrapper\">\n<blockquote class=\"twitter-tweet\" data-width=\"550\" data-dnt=\"true\"><p lang=\"pt\" dir=\"ltr\">Tipo colombia que desarma at\u00e9 bomba e Homem Gol , vcs sim vai conseguir derrota o Thanos  l\u00e1 no Uruguai pra cima deles <a href=\"https:\/\/twitter.com\/hashtag\/vingadores?src=hash&amp;ref_src=twsrc%5Etfw\">#vingadores<\/a> \ud83d\udd34\u26ab\ud83d\udc4f\ud83d\udc4f<\/p>&mdash; @jogador_caro\ud83e\udd4b\ud83c\udfb4 (@Anderso49510437) <a href=\"https:\/\/twitter.com\/Anderso49510437\/status\/1125582282553798656?ref_src=twsrc%5Etfw\">May 7, 2019<\/a><\/blockquote><script async src=\"https:\/\/platform.twitter.com\/widgets.js\" charset=\"utf-8\"><\/script>\n<\/div><\/figure>\n\n\n\n<figure class=\"wp-block-embed-twitter wp-block-embed is-type-rich is-provider-twitter\"><div class=\"wp-block-embed__wrapper\">\n<blockquote class=\"twitter-tweet\" data-width=\"550\" data-dnt=\"true\"><p lang=\"pt\" dir=\"ltr\">eu amo tanto voc\u00eas \ud83d\ude41<\/p>&mdash; aninha (@1895aninha) <a href=\"https:\/\/twitter.com\/1895aninha\/status\/1125594292825796608?ref_src=twsrc%5Etfw\">May 7, 2019<\/a><\/blockquote><script async src=\"https:\/\/platform.twitter.com\/widgets.js\" charset=\"utf-8\"><\/script>\n<\/div><\/figure>\n\n\n\n<figure class=\"wp-block-embed-twitter wp-block-embed is-type-rich is-provider-twitter\"><div class=\"wp-block-embed__wrapper\">\n<blockquote class=\"twitter-tweet\" data-width=\"550\" data-dnt=\"true\"><p lang=\"pt\" dir=\"ltr\">Cuellar desarma umas 9 bolas e Gabigol erra 7 gols e faz 2. Flam\u00e9m!<\/p>&mdash; TH Rocha (@THCRF10) <a href=\"https:\/\/twitter.com\/THCRF10\/status\/1125584560547299328?ref_src=twsrc%5Etfw\">May 7, 2019<\/a><\/blockquote><script async src=\"https:\/\/platform.twitter.com\/widgets.js\" charset=\"utf-8\"><\/script>\n<\/div><\/figure>\n\n\n\n<figure class=\"wp-block-embed-twitter wp-block-embed is-type-rich is-provider-twitter\"><div class=\"wp-block-embed__wrapper\">\n<blockquote class=\"twitter-tweet\" data-width=\"550\" data-dnt=\"true\"><p lang=\"pt\" dir=\"ltr\">lindos demais<\/p>&mdash; leandra (@leleacrf) <a href=\"https:\/\/twitter.com\/leleacrf\/status\/1125581431160344578?ref_src=twsrc%5Etfw\">May 7, 2019<\/a><\/blockquote><script async src=\"https:\/\/platform.twitter.com\/widgets.js\" charset=\"utf-8\"><\/script>\n<\/div><\/figure>\n\n\n\n<figure class=\"wp-block-embed-twitter wp-block-embed is-type-rich is-provider-twitter\"><div class=\"wp-block-embed__wrapper\">\nhttps:\/\/twitter.com\/FlaHiper\/status\/1125583699058331653\n<\/div><\/figure>\n\n\n\n<figure class=\"wp-block-embed-twitter wp-block-embed is-type-rich is-provider-twitter\"><div class=\"wp-block-embed__wrapper\">\n<blockquote class=\"twitter-tweet\" data-width=\"550\" data-dnt=\"true\"><p lang=\"pt\" dir=\"ltr\">Donos do meu cora\u00e7\u00e3o, voltem classificados, por favor<\/p>&mdash; Nanda Meireles #ERGAOMANTO (@NandaMrlsFLA) <a href=\"https:\/\/twitter.com\/NandaMrlsFLA\/status\/1125581621669834752?ref_src=twsrc%5Etfw\">May 7, 2019<\/a><\/blockquote><script async src=\"https:\/\/platform.twitter.com\/widgets.js\" charset=\"utf-8\"><\/script>\n<\/div><\/figure>\n\n\n\n<figure class=\"wp-block-embed-twitter wp-block-embed is-type-rich is-provider-twitter\"><div class=\"wp-block-embed__wrapper\">\n<blockquote class=\"twitter-tweet\" data-width=\"550\" data-dnt=\"true\"><p lang=\"pt\" dir=\"ltr\">Essa dupla \u00e9 sensacional!<\/p>&mdash; Cuell4r Mil Grau (@Cuell4rMilGrau) <a href=\"https:\/\/twitter.com\/Cuell4rMilGrau\/status\/1125611518547103744?ref_src=twsrc%5Etfw\">May 7, 2019<\/a><\/blockquote><script async src=\"https:\/\/platform.twitter.com\/widgets.js\" charset=\"utf-8\"><\/script>\n<\/div><\/figure>\n\n\n\n<figure class=\"wp-block-embed-twitter wp-block-embed is-type-rich is-provider-twitter\"><div class=\"wp-block-embed__wrapper\">\nhttps:\/\/twitter.com\/giuliachagass\/status\/1125582418503770112\n<\/div><\/figure>\n\n\n\n<figure class=\"wp-block-embed-twitter wp-block-embed is-type-rich is-provider-twitter\"><div class=\"wp-block-embed__wrapper\">\nhttps:\/\/twitter.com\/crfsamaraa\/status\/1125582933648187394\n<\/div><\/figure>\n\n\n","protected":false},"excerpt":{"rendered":"<p>Na noite da pr\u00f3xima quarta-feira (08 de maio), o Flamengo ir\u00e1 enfrentar o Club Atl\u00e9tico Pe\u00f1arol, em partida v\u00e1lida pela sexta, e \u00faltima rodada, da fase de grupos da Copa Libertadores da Am\u00e9rica. Para se classificar, na primeira coloca\u00e7\u00e3o do grupo D, o Flamengo precisa apenas conquistar um \u00fanico ponto, desde que a LDU n\u00e3o [&hellip;]<\/p>\n","protected":false},"author":1,"featured_media":14775,"comment_status":"open","ping_status":"open","sticky":false,"template":"","format":"standard","meta":{"footnotes":""},"categories":[47],"tags":[],"class_list":["post-19817","post","type-post","status-publish","format-standard","has-post-thumbnail","hentry","category-destaques"],"yoast_head":"<!-- This site is optimized with the Yoast SEO Premium plugin v24.2 (Yoast SEO v26.9) - https:\/\/yoast.com\/product\/yoast-seo-premium-wordpress\/ -->\n<title>Gabigol faz publica\u00e7\u00e3o ao lado de Cuellar e empolga torcedores do Flamengo; veja repercuss\u00e3o<\/title>\n<meta name=\"robots\" content=\"index, follow, max-snippet:-1, max-image-preview:large, max-video-preview:-1\" \/>\n<link rel=\"canonical\" href=\"https:\/\/www.gaveanews.com\/index.php\/2019\/05\/07\/gabigol-faz-publicacao-ao-lado-de-cuellar-e-empolga-torcedores-do-flamengo-veja-repercussao\/\" \/>\n<meta property=\"og:locale\" content=\"pt_BR\" \/>\n<meta property=\"og:type\" content=\"article\" \/>\n<meta property=\"og:title\" content=\"Gabigol faz publica\u00e7\u00e3o ao lado de Cuellar e empolga torcedores do Flamengo; veja repercuss\u00e3o\" \/>\n<meta property=\"og:description\" content=\"Na noite da pr\u00f3xima quarta-feira (08 de maio), o Flamengo ir\u00e1 enfrentar o Club Atl\u00e9tico Pe\u00f1arol, em partida v\u00e1lida pela sexta, e \u00faltima rodada, da fase de grupos da Copa Libertadores da Am\u00e9rica. Para se classificar, na primeira coloca\u00e7\u00e3o do grupo D, o Flamengo precisa apenas conquistar um \u00fanico ponto, desde que a LDU n\u00e3o [&hellip;]\" \/>\n<meta property=\"og:url\" content=\"https:\/\/www.gaveanews.com\/index.php\/2019\/05\/07\/gabigol-faz-publicacao-ao-lado-de-cuellar-e-empolga-torcedores-do-flamengo-veja-repercussao\/\" \/>\n<meta property=\"og:site_name\" content=\"G\u00e1vea News\" \/>\n<meta property=\"article:publisher\" content=\"https:\/\/facebook.com\/gaveaNews\/\" \/>\n<meta property=\"article:published_time\" content=\"2019-05-07T09:30:35+00:00\" \/>\n<meta property=\"og:image\" content=\"https:\/\/www.gaveanews.com\/wp-content\/uploads\/2019\/03\/Gabigol-em-acao-pelo-Flamengo-na-partida-de-estreia-da-Libertadores-de-2019.webp\" \/>\n\t<meta property=\"og:image:width\" content=\"1\" \/>\n\t<meta property=\"og:image:height\" content=\"1\" \/>\n\t<meta property=\"og:image:type\" content=\"image\/jpeg\" \/>\n<meta name=\"author\" content=\"Equipe G\u00e1vea News\" \/>\n<meta name=\"twitter:card\" content=\"summary_large_image\" \/>\n<meta name=\"twitter:label1\" content=\"Escrito por\" \/>\n\t<meta name=\"twitter:data1\" content=\"Equipe G\u00e1vea News\" \/>\n\t<meta name=\"twitter:label2\" content=\"Est. tempo de leitura\" \/>\n\t<meta name=\"twitter:data2\" content=\"1 minuto\" \/>\n<script type=\"application\/ld+json\" class=\"yoast-schema-graph\">{\"@context\":\"https:\/\/schema.org\",\"@graph\":[{\"@type\":\"NewsArticle\",\"@id\":\"https:\/\/www.gaveanews.com\/index.php\/2019\/05\/07\/gabigol-faz-publicacao-ao-lado-de-cuellar-e-empolga-torcedores-do-flamengo-veja-repercussao\/#article\",\"isPartOf\":{\"@id\":\"https:\/\/www.gaveanews.com\/index.php\/2019\/05\/07\/gabigol-faz-publicacao-ao-lado-de-cuellar-e-empolga-torcedores-do-flamengo-veja-repercussao\/\"},\"author\":{\"name\":\"Equipe G\u00e1vea News\",\"@id\":\"https:\/\/www.gaveanews.com\/#\/schema\/person\/2ec14f73fb96be2caf28f91afb14749d\"},\"headline\":\"Gabigol faz publica\u00e7\u00e3o ao lado de Cuellar e empolga torcedores do Flamengo; veja repercuss\u00e3o\",\"datePublished\":\"2019-05-07T09:30:35+00:00\",\"mainEntityOfPage\":{\"@id\":\"https:\/\/www.gaveanews.com\/index.php\/2019\/05\/07\/gabigol-faz-publicacao-ao-lado-de-cuellar-e-empolga-torcedores-do-flamengo-veja-repercussao\/\"},\"wordCount\":230,\"commentCount\":0,\"image\":{\"@id\":\"https:\/\/www.gaveanews.com\/index.php\/2019\/05\/07\/gabigol-faz-publicacao-ao-lado-de-cuellar-e-empolga-torcedores-do-flamengo-veja-repercussao\/#primaryimage\"},\"thumbnailUrl\":\"https:\/\/www.gaveanews.com\/wp-content\/uploads\/2019\/03\/Gabigol-em-acao-pelo-Flamengo-na-partida-de-estreia-da-Libertadores-de-2019.webp\",\"articleSection\":[\"Destaques\"],\"inLanguage\":\"pt-BR\",\"potentialAction\":[{\"@type\":\"CommentAction\",\"name\":\"Comment\",\"target\":[\"https:\/\/www.gaveanews.com\/index.php\/2019\/05\/07\/gabigol-faz-publicacao-ao-lado-de-cuellar-e-empolga-torcedores-do-flamengo-veja-repercussao\/#respond\"]}],\"copyrightYear\":\"2019\",\"copyrightHolder\":{\"@id\":\"https:\/\/www.gaveanews.com\/#organization\"}},{\"@type\":\"WebPage\",\"@id\":\"https:\/\/www.gaveanews.com\/index.php\/2019\/05\/07\/gabigol-faz-publicacao-ao-lado-de-cuellar-e-empolga-torcedores-do-flamengo-veja-repercussao\/\",\"url\":\"https:\/\/www.gaveanews.com\/index.php\/2019\/05\/07\/gabigol-faz-publicacao-ao-lado-de-cuellar-e-empolga-torcedores-do-flamengo-veja-repercussao\/\",\"name\":\"Gabigol faz publica\u00e7\u00e3o ao lado de Cuellar e empolga torcedores do Flamengo; veja repercuss\u00e3o\",\"isPartOf\":{\"@id\":\"https:\/\/www.gaveanews.com\/#website\"},\"primaryImageOfPage\":{\"@id\":\"https:\/\/www.gaveanews.com\/index.php\/2019\/05\/07\/gabigol-faz-publicacao-ao-lado-de-cuellar-e-empolga-torcedores-do-flamengo-veja-repercussao\/#primaryimage\"},\"image\":{\"@id\":\"https:\/\/www.gaveanews.com\/index.php\/2019\/05\/07\/gabigol-faz-publicacao-ao-lado-de-cuellar-e-empolga-torcedores-do-flamengo-veja-repercussao\/#primaryimage\"},\"thumbnailUrl\":\"https:\/\/www.gaveanews.com\/wp-content\/uploads\/2019\/03\/Gabigol-em-acao-pelo-Flamengo-na-partida-de-estreia-da-Libertadores-de-2019.webp\",\"datePublished\":\"2019-05-07T09:30:35+00:00\",\"author\":{\"@id\":\"https:\/\/www.gaveanews.com\/#\/schema\/person\/2ec14f73fb96be2caf28f91afb14749d\"},\"breadcrumb\":{\"@id\":\"https:\/\/www.gaveanews.com\/index.php\/2019\/05\/07\/gabigol-faz-publicacao-ao-lado-de-cuellar-e-empolga-torcedores-do-flamengo-veja-repercussao\/#breadcrumb\"},\"inLanguage\":\"pt-BR\",\"potentialAction\":[{\"@type\":\"ReadAction\",\"target\":[\"https:\/\/www.gaveanews.com\/index.php\/2019\/05\/07\/gabigol-faz-publicacao-ao-lado-de-cuellar-e-empolga-torcedores-do-flamengo-veja-repercussao\/\"]}]},{\"@type\":\"ImageObject\",\"inLanguage\":\"pt-BR\",\"@id\":\"https:\/\/www.gaveanews.com\/index.php\/2019\/05\/07\/gabigol-faz-publicacao-ao-lado-de-cuellar-e-empolga-torcedores-do-flamengo-veja-repercussao\/#primaryimage\",\"url\":\"https:\/\/www.gaveanews.com\/wp-content\/uploads\/2019\/03\/Gabigol-em-acao-pelo-Flamengo-na-partida-de-estreia-da-Libertadores-de-2019.webp\",\"contentUrl\":\"https:\/\/www.gaveanews.com\/wp-content\/uploads\/2019\/03\/Gabigol-em-acao-pelo-Flamengo-na-partida-de-estreia-da-Libertadores-de-2019.webp\",\"caption\":\"Gabigol em a\u00e7\u00e3o pelo Flamengo na partida de estreia da Libertadores de 2019 (Foto: Alexandre Vidal\/Flamengo)\"},{\"@type\":\"BreadcrumbList\",\"@id\":\"https:\/\/www.gaveanews.com\/index.php\/2019\/05\/07\/gabigol-faz-publicacao-ao-lado-de-cuellar-e-empolga-torcedores-do-flamengo-veja-repercussao\/#breadcrumb\",\"itemListElement\":[{\"@type\":\"ListItem\",\"position\":1,\"name\":\"Home\",\"item\":\"https:\/\/www.gaveanews.com\/\"},{\"@type\":\"ListItem\",\"position\":2,\"name\":\"Gabigol faz publica\u00e7\u00e3o ao lado de Cuellar e empolga torcedores do Flamengo; veja repercuss\u00e3o\"}]},{\"@type\":\"WebSite\",\"@id\":\"https:\/\/www.gaveanews.com\/#website\",\"url\":\"https:\/\/www.gaveanews.com\/\",\"name\":\"G\u00e1vea News\",\"description\":\"Veja todas as not\u00edcias sobre o Flamengo: Contrata\u00e7\u00f5es, categorias de base, resultados das partidas, tabela de classifica\u00e7\u00e3o, pr\u00f3ximos jogos!\",\"potentialAction\":[{\"@type\":\"SearchAction\",\"target\":{\"@type\":\"EntryPoint\",\"urlTemplate\":\"https:\/\/www.gaveanews.com\/?s={search_term_string}\"},\"query-input\":{\"@type\":\"PropertyValueSpecification\",\"valueRequired\":true,\"valueName\":\"search_term_string\"}}],\"inLanguage\":\"pt-BR\"},{\"@type\":\"Person\",\"@id\":\"https:\/\/www.gaveanews.com\/#\/schema\/person\/2ec14f73fb96be2caf28f91afb14749d\",\"name\":\"Equipe G\u00e1vea News\",\"image\":{\"@type\":\"ImageObject\",\"inLanguage\":\"pt-BR\",\"@id\":\"https:\/\/www.gaveanews.com\/#\/schema\/person\/image\/\",\"url\":\"https:\/\/secure.gravatar.com\/avatar\/1e1956f1facbffd3f8fa53a326721950116b3b9dc9bd44939c01180fd4a745a9?s=96&d=mm&r=g\",\"contentUrl\":\"https:\/\/secure.gravatar.com\/avatar\/1e1956f1facbffd3f8fa53a326721950116b3b9dc9bd44939c01180fd4a745a9?s=96&d=mm&r=g\",\"caption\":\"Equipe G\u00e1vea News\"}}]}<\/script>\n<!-- \/ Yoast SEO Premium plugin. -->","yoast_head_json":{"title":"Gabigol faz publica\u00e7\u00e3o ao lado de Cuellar e empolga torcedores do Flamengo; veja repercuss\u00e3o","robots":{"index":"index","follow":"follow","max-snippet":"max-snippet:-1","max-image-preview":"max-image-preview:large","max-video-preview":"max-video-preview:-1"},"canonical":"https:\/\/www.gaveanews.com\/index.php\/2019\/05\/07\/gabigol-faz-publicacao-ao-lado-de-cuellar-e-empolga-torcedores-do-flamengo-veja-repercussao\/","og_locale":"pt_BR","og_type":"article","og_title":"Gabigol faz publica\u00e7\u00e3o ao lado de Cuellar e empolga torcedores do Flamengo; veja repercuss\u00e3o","og_description":"Na noite da pr\u00f3xima quarta-feira (08 de maio), o Flamengo ir\u00e1 enfrentar o Club Atl\u00e9tico Pe\u00f1arol, em partida v\u00e1lida pela sexta, e \u00faltima rodada, da fase de grupos da Copa Libertadores da Am\u00e9rica. Para se classificar, na primeira coloca\u00e7\u00e3o do grupo D, o Flamengo precisa apenas conquistar um \u00fanico ponto, desde que a LDU n\u00e3o [&hellip;]","og_url":"https:\/\/www.gaveanews.com\/index.php\/2019\/05\/07\/gabigol-faz-publicacao-ao-lado-de-cuellar-e-empolga-torcedores-do-flamengo-veja-repercussao\/","og_site_name":"G\u00e1vea News","article_publisher":"https:\/\/facebook.com\/gaveaNews\/","article_published_time":"2019-05-07T09:30:35+00:00","og_image":[{"url":"https:\/\/www.gaveanews.com\/wp-content\/uploads\/2019\/03\/Gabigol-em-acao-pelo-Flamengo-na-partida-de-estreia-da-Libertadores-de-2019.webp","width":1,"height":1,"type":"image\/jpeg"}],"author":"Equipe G\u00e1vea News","twitter_card":"summary_large_image","twitter_misc":{"Escrito por":"Equipe G\u00e1vea News","Est. tempo de leitura":"1 minuto"},"schema":{"@context":"https:\/\/schema.org","@graph":[{"@type":"NewsArticle","@id":"https:\/\/www.gaveanews.com\/index.php\/2019\/05\/07\/gabigol-faz-publicacao-ao-lado-de-cuellar-e-empolga-torcedores-do-flamengo-veja-repercussao\/#article","isPartOf":{"@id":"https:\/\/www.gaveanews.com\/index.php\/2019\/05\/07\/gabigol-faz-publicacao-ao-lado-de-cuellar-e-empolga-torcedores-do-flamengo-veja-repercussao\/"},"author":{"name":"Equipe G\u00e1vea News","@id":"https:\/\/www.gaveanews.com\/#\/schema\/person\/2ec14f73fb96be2caf28f91afb14749d"},"headline":"Gabigol faz publica\u00e7\u00e3o ao lado de Cuellar e empolga torcedores do Flamengo; veja repercuss\u00e3o","datePublished":"2019-05-07T09:30:35+00:00","mainEntityOfPage":{"@id":"https:\/\/www.gaveanews.com\/index.php\/2019\/05\/07\/gabigol-faz-publicacao-ao-lado-de-cuellar-e-empolga-torcedores-do-flamengo-veja-repercussao\/"},"wordCount":230,"commentCount":0,"image":{"@id":"https:\/\/www.gaveanews.com\/index.php\/2019\/05\/07\/gabigol-faz-publicacao-ao-lado-de-cuellar-e-empolga-torcedores-do-flamengo-veja-repercussao\/#primaryimage"},"thumbnailUrl":"https:\/\/www.gaveanews.com\/wp-content\/uploads\/2019\/03\/Gabigol-em-acao-pelo-Flamengo-na-partida-de-estreia-da-Libertadores-de-2019.webp","articleSection":["Destaques"],"inLanguage":"pt-BR","potentialAction":[{"@type":"CommentAction","name":"Comment","target":["https:\/\/www.gaveanews.com\/index.php\/2019\/05\/07\/gabigol-faz-publicacao-ao-lado-de-cuellar-e-empolga-torcedores-do-flamengo-veja-repercussao\/#respond"]}],"copyrightYear":"2019","copyrightHolder":{"@id":"https:\/\/www.gaveanews.com\/#organization"}},{"@type":"WebPage","@id":"https:\/\/www.gaveanews.com\/index.php\/2019\/05\/07\/gabigol-faz-publicacao-ao-lado-de-cuellar-e-empolga-torcedores-do-flamengo-veja-repercussao\/","url":"https:\/\/www.gaveanews.com\/index.php\/2019\/05\/07\/gabigol-faz-publicacao-ao-lado-de-cuellar-e-empolga-torcedores-do-flamengo-veja-repercussao\/","name":"Gabigol faz publica\u00e7\u00e3o ao lado de Cuellar e empolga torcedores do Flamengo; veja repercuss\u00e3o","isPartOf":{"@id":"https:\/\/www.gaveanews.com\/#website"},"primaryImageOfPage":{"@id":"https:\/\/www.gaveanews.com\/index.php\/2019\/05\/07\/gabigol-faz-publicacao-ao-lado-de-cuellar-e-empolga-torcedores-do-flamengo-veja-repercussao\/#primaryimage"},"image":{"@id":"https:\/\/www.gaveanews.com\/index.php\/2019\/05\/07\/gabigol-faz-publicacao-ao-lado-de-cuellar-e-empolga-torcedores-do-flamengo-veja-repercussao\/#primaryimage"},"thumbnailUrl":"https:\/\/www.gaveanews.com\/wp-content\/uploads\/2019\/03\/Gabigol-em-acao-pelo-Flamengo-na-partida-de-estreia-da-Libertadores-de-2019.webp","datePublished":"2019-05-07T09:30:35+00:00","author":{"@id":"https:\/\/www.gaveanews.com\/#\/schema\/person\/2ec14f73fb96be2caf28f91afb14749d"},"breadcrumb":{"@id":"https:\/\/www.gaveanews.com\/index.php\/2019\/05\/07\/gabigol-faz-publicacao-ao-lado-de-cuellar-e-empolga-torcedores-do-flamengo-veja-repercussao\/#breadcrumb"},"inLanguage":"pt-BR","potentialAction":[{"@type":"ReadAction","target":["https:\/\/www.gaveanews.com\/index.php\/2019\/05\/07\/gabigol-faz-publicacao-ao-lado-de-cuellar-e-empolga-torcedores-do-flamengo-veja-repercussao\/"]}]},{"@type":"ImageObject","inLanguage":"pt-BR","@id":"https:\/\/www.gaveanews.com\/index.php\/2019\/05\/07\/gabigol-faz-publicacao-ao-lado-de-cuellar-e-empolga-torcedores-do-flamengo-veja-repercussao\/#primaryimage","url":"https:\/\/www.gaveanews.com\/wp-content\/uploads\/2019\/03\/Gabigol-em-acao-pelo-Flamengo-na-partida-de-estreia-da-Libertadores-de-2019.webp","contentUrl":"https:\/\/www.gaveanews.com\/wp-content\/uploads\/2019\/03\/Gabigol-em-acao-pelo-Flamengo-na-partida-de-estreia-da-Libertadores-de-2019.webp","caption":"Gabigol em a\u00e7\u00e3o pelo Flamengo na partida de estreia da Libertadores de 2019 (Foto: Alexandre Vidal\/Flamengo)"},{"@type":"BreadcrumbList","@id":"https:\/\/www.gaveanews.com\/index.php\/2019\/05\/07\/gabigol-faz-publicacao-ao-lado-de-cuellar-e-empolga-torcedores-do-flamengo-veja-repercussao\/#breadcrumb","itemListElement":[{"@type":"ListItem","position":1,"name":"Home","item":"https:\/\/www.gaveanews.com\/"},{"@type":"ListItem","position":2,"name":"Gabigol faz publica\u00e7\u00e3o ao lado de Cuellar e empolga torcedores do Flamengo; veja repercuss\u00e3o"}]},{"@type":"WebSite","@id":"https:\/\/www.gaveanews.com\/#website","url":"https:\/\/www.gaveanews.com\/","name":"G\u00e1vea News","description":"Veja todas as not\u00edcias sobre o Flamengo: Contrata\u00e7\u00f5es, categorias de base, resultados das partidas, tabela de classifica\u00e7\u00e3o, pr\u00f3ximos jogos!","potentialAction":[{"@type":"SearchAction","target":{"@type":"EntryPoint","urlTemplate":"https:\/\/www.gaveanews.com\/?s={search_term_string}"},"query-input":{"@type":"PropertyValueSpecification","valueRequired":true,"valueName":"search_term_string"}}],"inLanguage":"pt-BR"},{"@type":"Person","@id":"https:\/\/www.gaveanews.com\/#\/schema\/person\/2ec14f73fb96be2caf28f91afb14749d","name":"Equipe G\u00e1vea News","image":{"@type":"ImageObject","inLanguage":"pt-BR","@id":"https:\/\/www.gaveanews.com\/#\/schema\/person\/image\/","url":"https:\/\/secure.gravatar.com\/avatar\/1e1956f1facbffd3f8fa53a326721950116b3b9dc9bd44939c01180fd4a745a9?s=96&d=mm&r=g","contentUrl":"https:\/\/secure.gravatar.com\/avatar\/1e1956f1facbffd3f8fa53a326721950116b3b9dc9bd44939c01180fd4a745a9?s=96&d=mm&r=g","caption":"Equipe G\u00e1vea News"}}]}},"_links":{"self":[{"href":"https:\/\/www.gaveanews.com\/index.php\/wp-json\/wp\/v2\/posts\/19817","targetHints":{"allow":["GET"]}}],"collection":[{"href":"https:\/\/www.gaveanews.com\/index.php\/wp-json\/wp\/v2\/posts"}],"about":[{"href":"https:\/\/www.gaveanews.com\/index.php\/wp-json\/wp\/v2\/types\/post"}],"author":[{"embeddable":true,"href":"https:\/\/www.gaveanews.com\/index.php\/wp-json\/wp\/v2\/users\/1"}],"replies":[{"embeddable":true,"href":"https:\/\/www.gaveanews.com\/index.php\/wp-json\/wp\/v2\/comments?post=19817"}],"version-history":[{"count":0,"href":"https:\/\/www.gaveanews.com\/index.php\/wp-json\/wp\/v2\/posts\/19817\/revisions"}],"wp:featuredmedia":[{"embeddable":true,"href":"https:\/\/www.gaveanews.com\/index.php\/wp-json\/wp\/v2\/media\/14775"}],"wp:attachment":[{"href":"https:\/\/www.gaveanews.com\/index.php\/wp-json\/wp\/v2\/media?parent=19817"}],"wp:term":[{"taxonomy":"category","embeddable":true,"href":"https:\/\/www.gaveanews.com\/index.php\/wp-json\/wp\/v2\/categories?post=19817"},{"taxonomy":"post_tag","embeddable":true,"href":"https:\/\/www.gaveanews.com\/index.php\/wp-json\/wp\/v2\/tags?post=19817"}],"curies":[{"name":"wp","href":"https:\/\/api.w.org\/{rel}","templated":true}]}}