{"id":198176,"date":"2024-12-12T19:30:00","date_gmt":"2024-12-12T22:30:00","guid":{"rendered":"https:\/\/www.gaveanews.com\/?p=198176"},"modified":"2024-12-12T18:24:06","modified_gmt":"2024-12-12T21:24:06","slug":"flamengo-bap-manda-recado-para-rodolfo-landim","status":"publish","type":"post","link":"https:\/\/www.gaveanews.com\/index.php\/2024\/12\/12\/flamengo-bap-manda-recado-para-rodolfo-landim\/","title":{"rendered":"Flamengo: BAP manda recado para Rodolfo Landim"},"content":{"rendered":"\n<p>Ap\u00f3s assumir a presid\u00eancia do Flamengo, Luiz Eduardo Baptista, o BAP, j\u00e1 deixou claro que pretende seguir novos rumos para o clube, especialmente no que diz respeito a negocia\u00e7\u00f5es passadas. Uma das discuss\u00f5es que marcou a transi\u00e7\u00e3o de poder foi a poss\u00edvel compra das a\u00e7\u00f5es do Leix\u00f5es, time da segunda divis\u00e3o de Portugal, proposta que foi reprovada veementemente por BAP.<\/p>\n\n\n\n<ul class=\"wp-block-list\">\n<li><a href=\"https:\/\/www.gaveanews.com\/index.php\/2024\/12\/12\/vene-casagrande-anuncia-nova-contratacao-do-flamengo\/\">Ven\u00ea Casagrande anuncia nova contrata\u00e7\u00e3o do Flamengo<\/a><\/li>\n\n\n\n<li><a href=\"https:\/\/www.gaveanews.com\/index.php\/2024\/12\/12\/flamengo-tem-data-marcada-para-nova-eleicao\/\">Flamengo tem data marcada para nova elei\u00e7\u00e3o<\/a><\/li>\n<\/ul>\n\n\n\n<h2 class=\"wp-block-heading\" id=\"h-o-que-estava-em-jogo-a-compra-do-leixoes\"><strong>O que estava em jogo: a compra do Leix\u00f5es<\/strong><\/h2>\n\n\n\n<p>Al\u00e9m disso, o ex-presidente Rodolfo Landim havia avan\u00e7ado nas negocia\u00e7\u00f5es para que o Flamengo adquirisse 35% das a\u00e7\u00f5es do Leix\u00f5es, com um valor estimado em 10 milh\u00f5es de euros, cerca de R$ 60 milh\u00f5es. No entanto, BAP foi claro ao afirmar que tal projeto estava longe de ser uma prioridade para a nova gest\u00e3o.<\/p>\n\n\n\n<p>\u201cVai internacionalizar a marca do Flamengo comprando um clube da segunda divis\u00e3o de Portugal? E n\u00f3s que fazemos piada com portugueses\u2026 Tolice\u201d, disparou BAP em entrevista ao jornal <em>O Globo<\/em>. O novo presidente tamb\u00e9m deixou claro que a proposta n\u00e3o passou nem mesmo pelo Conselho Deliberativo do clube, o que, para ele, a tornava ainda mais inaceit\u00e1vel.<\/p>\n\n\n\n<h2 class=\"wp-block-heading\" id=\"h-bap-reforca-seu-posicionamento-sem-internacionalizacao-por-meio-de-clubes-pequenos\"><strong>BAP refor\u00e7a seu posicionamento: sem internacionaliza\u00e7\u00e3o por meio de clubes pequenos<\/strong><\/h2>\n\n\n\n<p>Sendo assim, o presidente eleito afirmou que a internacionaliza\u00e7\u00e3o da marca do Flamengo deveria ser feita de outra maneira, com um foco maior na expans\u00e3o da visibilidade global do clube por meio de sua presen\u00e7a nos meios de comunica\u00e7\u00e3o. <\/p>\n\n\n\n<p>\u201cO que vai internacionalizar a marca do Flamengo \u00e9 pegar o sinal da Globo e levar o sinal do Flamengo para qualquer buraco do mundo que queira assistir a gente. Segunda divis\u00e3o de Portugal? Isso \u00e9 tolice!\u201d, completou.<\/p>\n\n\n\n<h2 class=\"wp-block-heading\" id=\"h-o-impacto-da-mudanca-de-direcao\"><strong>O impacto da mudan\u00e7a de dire\u00e7\u00e3o<\/strong><\/h2>\n\n\n\n<p>Cabe ressaltar que, durante a gest\u00e3o de Rodolfo Landim, o presidente da SAD do Leix\u00f5es, Andr\u00e9 Castro, j\u00e1 estava com tudo pronto para avan\u00e7ar nas negocia\u00e7\u00f5es, aguardando apenas o resultado das elei\u00e7\u00f5es. Com isso, a proposta de compra do Leix\u00f5es foi totalmente descartada pela nova administra\u00e7\u00e3o do Flamengo, marcando um novo cap\u00edtulo na gest\u00e3o do clube carioca.<\/p>\n","protected":false},"excerpt":{"rendered":"<p>Ap\u00f3s assumir a presid\u00eancia do Flamengo, Luiz Eduardo Baptista, o BAP, j\u00e1 deixou claro que pretende seguir novos rumos para o clube, especialmente no que diz respeito a negocia\u00e7\u00f5es passadas. Uma das discuss\u00f5es que marcou a transi\u00e7\u00e3o de poder foi a poss\u00edvel compra das a\u00e7\u00f5es do Leix\u00f5es, time da segunda divis\u00e3o de Portugal, proposta que [&hellip;]<\/p>\n","protected":false},"author":24,"featured_media":64406,"comment_status":"open","ping_status":"closed","sticky":false,"template":"","format":"standard","meta":{"footnotes":""},"categories":[1],"tags":[],"class_list":["post-198176","post","type-post","status-publish","format-standard","has-post-thumbnail","hentry","category-flamengo"],"yoast_head":"<!-- This site is optimized with the Yoast SEO Premium plugin v24.2 (Yoast SEO v26.9) - https:\/\/yoast.com\/product\/yoast-seo-premium-wordpress\/ -->\n<title>Flamengo: BAP manda recado para Rodolfo Landim<\/title>\n<meta name=\"robots\" content=\"index, follow, max-snippet:-1, max-image-preview:large, max-video-preview:-1\" \/>\n<link rel=\"canonical\" href=\"https:\/\/www.gaveanews.com\/index.php\/2024\/12\/12\/flamengo-bap-manda-recado-para-rodolfo-landim\/\" \/>\n<meta property=\"og:locale\" content=\"pt_BR\" \/>\n<meta property=\"og:type\" content=\"article\" \/>\n<meta property=\"og:title\" content=\"Flamengo: BAP manda recado para Rodolfo Landim\" \/>\n<meta property=\"og:description\" content=\"Ap\u00f3s assumir a presid\u00eancia do Flamengo, Luiz Eduardo Baptista, o BAP, j\u00e1 deixou claro que pretende seguir novos rumos para o clube, especialmente no que diz respeito a negocia\u00e7\u00f5es passadas. Uma das discuss\u00f5es que marcou a transi\u00e7\u00e3o de poder foi a poss\u00edvel compra das a\u00e7\u00f5es do Leix\u00f5es, time da segunda divis\u00e3o de Portugal, proposta que [&hellip;]\" \/>\n<meta property=\"og:url\" content=\"https:\/\/www.gaveanews.com\/index.php\/2024\/12\/12\/flamengo-bap-manda-recado-para-rodolfo-landim\/\" \/>\n<meta property=\"og:site_name\" content=\"G\u00e1vea News\" \/>\n<meta property=\"article:publisher\" content=\"https:\/\/facebook.com\/gaveaNews\/\" \/>\n<meta property=\"article:published_time\" content=\"2024-12-12T22:30:00+00:00\" \/>\n<meta property=\"og:image\" content=\"https:\/\/www.gaveanews.com\/wp-content\/uploads\/Rodolfo-Landim-em-entrevista-coletiva-no-Ninho-do-Urubu.webp\" \/>\n\t<meta property=\"og:image:width\" content=\"799\" \/>\n\t<meta property=\"og:image:height\" content=\"532\" \/>\n\t<meta property=\"og:image:type\" content=\"image\/jpeg\" \/>\n<meta name=\"author\" content=\"Leandro Cardoso\" \/>\n<meta name=\"twitter:card\" content=\"summary_large_image\" \/>\n<meta name=\"twitter:label1\" content=\"Escrito por\" \/>\n\t<meta name=\"twitter:data1\" content=\"Leandro Cardoso\" \/>\n\t<meta name=\"twitter:label2\" content=\"Est. tempo de leitura\" \/>\n\t<meta name=\"twitter:data2\" content=\"3 minutos\" \/>\n<script type=\"application\/ld+json\" class=\"yoast-schema-graph\">{\"@context\":\"https:\/\/schema.org\",\"@graph\":[{\"@type\":\"NewsArticle\",\"@id\":\"https:\/\/www.gaveanews.com\/index.php\/2024\/12\/12\/flamengo-bap-manda-recado-para-rodolfo-landim\/#article\",\"isPartOf\":{\"@id\":\"https:\/\/www.gaveanews.com\/index.php\/2024\/12\/12\/flamengo-bap-manda-recado-para-rodolfo-landim\/\"},\"author\":{\"name\":\"Leandro Cardoso\",\"@id\":\"https:\/\/www.gaveanews.com\/#\/schema\/person\/2424ec6409bc3f068411fc5e4e9b6168\"},\"headline\":\"Flamengo: BAP manda recado para Rodolfo Landim\",\"datePublished\":\"2024-12-12T22:30:00+00:00\",\"mainEntityOfPage\":{\"@id\":\"https:\/\/www.gaveanews.com\/index.php\/2024\/12\/12\/flamengo-bap-manda-recado-para-rodolfo-landim\/\"},\"wordCount\":390,\"commentCount\":0,\"image\":{\"@id\":\"https:\/\/www.gaveanews.com\/index.php\/2024\/12\/12\/flamengo-bap-manda-recado-para-rodolfo-landim\/#primaryimage\"},\"thumbnailUrl\":\"https:\/\/www.gaveanews.com\/wp-content\/uploads\/Rodolfo-Landim-em-entrevista-coletiva-no-Ninho-do-Urubu.webp\",\"articleSection\":[\"Flamengo\"],\"inLanguage\":\"pt-BR\",\"potentialAction\":[{\"@type\":\"CommentAction\",\"name\":\"Comment\",\"target\":[\"https:\/\/www.gaveanews.com\/index.php\/2024\/12\/12\/flamengo-bap-manda-recado-para-rodolfo-landim\/#respond\"]}],\"copyrightYear\":\"2024\",\"copyrightHolder\":{\"@id\":\"https:\/\/www.gaveanews.com\/#organization\"}},{\"@type\":\"WebPage\",\"@id\":\"https:\/\/www.gaveanews.com\/index.php\/2024\/12\/12\/flamengo-bap-manda-recado-para-rodolfo-landim\/\",\"url\":\"https:\/\/www.gaveanews.com\/index.php\/2024\/12\/12\/flamengo-bap-manda-recado-para-rodolfo-landim\/\",\"name\":\"Flamengo: BAP manda recado para Rodolfo Landim\",\"isPartOf\":{\"@id\":\"https:\/\/www.gaveanews.com\/#website\"},\"primaryImageOfPage\":{\"@id\":\"https:\/\/www.gaveanews.com\/index.php\/2024\/12\/12\/flamengo-bap-manda-recado-para-rodolfo-landim\/#primaryimage\"},\"image\":{\"@id\":\"https:\/\/www.gaveanews.com\/index.php\/2024\/12\/12\/flamengo-bap-manda-recado-para-rodolfo-landim\/#primaryimage\"},\"thumbnailUrl\":\"https:\/\/www.gaveanews.com\/wp-content\/uploads\/Rodolfo-Landim-em-entrevista-coletiva-no-Ninho-do-Urubu.webp\",\"datePublished\":\"2024-12-12T22:30:00+00:00\",\"author\":{\"@id\":\"https:\/\/www.gaveanews.com\/#\/schema\/person\/2424ec6409bc3f068411fc5e4e9b6168\"},\"breadcrumb\":{\"@id\":\"https:\/\/www.gaveanews.com\/index.php\/2024\/12\/12\/flamengo-bap-manda-recado-para-rodolfo-landim\/#breadcrumb\"},\"inLanguage\":\"pt-BR\",\"potentialAction\":[{\"@type\":\"ReadAction\",\"target\":[\"https:\/\/www.gaveanews.com\/index.php\/2024\/12\/12\/flamengo-bap-manda-recado-para-rodolfo-landim\/\"]}]},{\"@type\":\"ImageObject\",\"inLanguage\":\"pt-BR\",\"@id\":\"https:\/\/www.gaveanews.com\/index.php\/2024\/12\/12\/flamengo-bap-manda-recado-para-rodolfo-landim\/#primaryimage\",\"url\":\"https:\/\/www.gaveanews.com\/wp-content\/uploads\/Rodolfo-Landim-em-entrevista-coletiva-no-Ninho-do-Urubu.webp\",\"contentUrl\":\"https:\/\/www.gaveanews.com\/wp-content\/uploads\/Rodolfo-Landim-em-entrevista-coletiva-no-Ninho-do-Urubu.webp\",\"width\":799,\"height\":532,\"caption\":\"Rodolfo Landim em entrevista coletiva no Ninho do Urubu (Foto: Alexandre Vidal\/Flamengo)\"},{\"@type\":\"BreadcrumbList\",\"@id\":\"https:\/\/www.gaveanews.com\/index.php\/2024\/12\/12\/flamengo-bap-manda-recado-para-rodolfo-landim\/#breadcrumb\",\"itemListElement\":[{\"@type\":\"ListItem\",\"position\":1,\"name\":\"Home\",\"item\":\"https:\/\/www.gaveanews.com\/\"},{\"@type\":\"ListItem\",\"position\":2,\"name\":\"Flamengo: BAP manda recado para Rodolfo Landim\"}]},{\"@type\":\"WebSite\",\"@id\":\"https:\/\/www.gaveanews.com\/#website\",\"url\":\"https:\/\/www.gaveanews.com\/\",\"name\":\"G\u00e1vea News\",\"description\":\"Veja todas as not\u00edcias sobre o Flamengo: Contrata\u00e7\u00f5es, categorias de base, resultados das partidas, tabela de classifica\u00e7\u00e3o, pr\u00f3ximos jogos!\",\"potentialAction\":[{\"@type\":\"SearchAction\",\"target\":{\"@type\":\"EntryPoint\",\"urlTemplate\":\"https:\/\/www.gaveanews.com\/?s={search_term_string}\"},\"query-input\":{\"@type\":\"PropertyValueSpecification\",\"valueRequired\":true,\"valueName\":\"search_term_string\"}}],\"inLanguage\":\"pt-BR\"},{\"@type\":\"Person\",\"@id\":\"https:\/\/www.gaveanews.com\/#\/schema\/person\/2424ec6409bc3f068411fc5e4e9b6168\",\"name\":\"Leandro Cardoso\",\"image\":{\"@type\":\"ImageObject\",\"inLanguage\":\"pt-BR\",\"@id\":\"https:\/\/www.gaveanews.com\/#\/schema\/person\/image\/\",\"url\":\"https:\/\/secure.gravatar.com\/avatar\/8ca179f9b55eefe9f376f5493ef25475bfa59fbc28ce937f6076ce20e523098f?s=96&d=mm&r=g\",\"contentUrl\":\"https:\/\/secure.gravatar.com\/avatar\/8ca179f9b55eefe9f376f5493ef25475bfa59fbc28ce937f6076ce20e523098f?s=96&d=mm&r=g\",\"caption\":\"Leandro Cardoso\"}}]}<\/script>\n<!-- \/ Yoast SEO Premium plugin. -->","yoast_head_json":{"title":"Flamengo: BAP manda recado para Rodolfo Landim","robots":{"index":"index","follow":"follow","max-snippet":"max-snippet:-1","max-image-preview":"max-image-preview:large","max-video-preview":"max-video-preview:-1"},"canonical":"https:\/\/www.gaveanews.com\/index.php\/2024\/12\/12\/flamengo-bap-manda-recado-para-rodolfo-landim\/","og_locale":"pt_BR","og_type":"article","og_title":"Flamengo: BAP manda recado para Rodolfo Landim","og_description":"Ap\u00f3s assumir a presid\u00eancia do Flamengo, Luiz Eduardo Baptista, o BAP, j\u00e1 deixou claro que pretende seguir novos rumos para o clube, especialmente no que diz respeito a negocia\u00e7\u00f5es passadas. Uma das discuss\u00f5es que marcou a transi\u00e7\u00e3o de poder foi a poss\u00edvel compra das a\u00e7\u00f5es do Leix\u00f5es, time da segunda divis\u00e3o de Portugal, proposta que [&hellip;]","og_url":"https:\/\/www.gaveanews.com\/index.php\/2024\/12\/12\/flamengo-bap-manda-recado-para-rodolfo-landim\/","og_site_name":"G\u00e1vea News","article_publisher":"https:\/\/facebook.com\/gaveaNews\/","article_published_time":"2024-12-12T22:30:00+00:00","og_image":[{"width":799,"height":532,"url":"https:\/\/www.gaveanews.com\/wp-content\/uploads\/Rodolfo-Landim-em-entrevista-coletiva-no-Ninho-do-Urubu.webp","type":"image\/jpeg"}],"author":"Leandro Cardoso","twitter_card":"summary_large_image","twitter_misc":{"Escrito por":"Leandro Cardoso","Est. tempo de leitura":"3 minutos"},"schema":{"@context":"https:\/\/schema.org","@graph":[{"@type":"NewsArticle","@id":"https:\/\/www.gaveanews.com\/index.php\/2024\/12\/12\/flamengo-bap-manda-recado-para-rodolfo-landim\/#article","isPartOf":{"@id":"https:\/\/www.gaveanews.com\/index.php\/2024\/12\/12\/flamengo-bap-manda-recado-para-rodolfo-landim\/"},"author":{"name":"Leandro Cardoso","@id":"https:\/\/www.gaveanews.com\/#\/schema\/person\/2424ec6409bc3f068411fc5e4e9b6168"},"headline":"Flamengo: BAP manda recado para Rodolfo Landim","datePublished":"2024-12-12T22:30:00+00:00","mainEntityOfPage":{"@id":"https:\/\/www.gaveanews.com\/index.php\/2024\/12\/12\/flamengo-bap-manda-recado-para-rodolfo-landim\/"},"wordCount":390,"commentCount":0,"image":{"@id":"https:\/\/www.gaveanews.com\/index.php\/2024\/12\/12\/flamengo-bap-manda-recado-para-rodolfo-landim\/#primaryimage"},"thumbnailUrl":"https:\/\/www.gaveanews.com\/wp-content\/uploads\/Rodolfo-Landim-em-entrevista-coletiva-no-Ninho-do-Urubu.webp","articleSection":["Flamengo"],"inLanguage":"pt-BR","potentialAction":[{"@type":"CommentAction","name":"Comment","target":["https:\/\/www.gaveanews.com\/index.php\/2024\/12\/12\/flamengo-bap-manda-recado-para-rodolfo-landim\/#respond"]}],"copyrightYear":"2024","copyrightHolder":{"@id":"https:\/\/www.gaveanews.com\/#organization"}},{"@type":"WebPage","@id":"https:\/\/www.gaveanews.com\/index.php\/2024\/12\/12\/flamengo-bap-manda-recado-para-rodolfo-landim\/","url":"https:\/\/www.gaveanews.com\/index.php\/2024\/12\/12\/flamengo-bap-manda-recado-para-rodolfo-landim\/","name":"Flamengo: BAP manda recado para Rodolfo Landim","isPartOf":{"@id":"https:\/\/www.gaveanews.com\/#website"},"primaryImageOfPage":{"@id":"https:\/\/www.gaveanews.com\/index.php\/2024\/12\/12\/flamengo-bap-manda-recado-para-rodolfo-landim\/#primaryimage"},"image":{"@id":"https:\/\/www.gaveanews.com\/index.php\/2024\/12\/12\/flamengo-bap-manda-recado-para-rodolfo-landim\/#primaryimage"},"thumbnailUrl":"https:\/\/www.gaveanews.com\/wp-content\/uploads\/Rodolfo-Landim-em-entrevista-coletiva-no-Ninho-do-Urubu.webp","datePublished":"2024-12-12T22:30:00+00:00","author":{"@id":"https:\/\/www.gaveanews.com\/#\/schema\/person\/2424ec6409bc3f068411fc5e4e9b6168"},"breadcrumb":{"@id":"https:\/\/www.gaveanews.com\/index.php\/2024\/12\/12\/flamengo-bap-manda-recado-para-rodolfo-landim\/#breadcrumb"},"inLanguage":"pt-BR","potentialAction":[{"@type":"ReadAction","target":["https:\/\/www.gaveanews.com\/index.php\/2024\/12\/12\/flamengo-bap-manda-recado-para-rodolfo-landim\/"]}]},{"@type":"ImageObject","inLanguage":"pt-BR","@id":"https:\/\/www.gaveanews.com\/index.php\/2024\/12\/12\/flamengo-bap-manda-recado-para-rodolfo-landim\/#primaryimage","url":"https:\/\/www.gaveanews.com\/wp-content\/uploads\/Rodolfo-Landim-em-entrevista-coletiva-no-Ninho-do-Urubu.webp","contentUrl":"https:\/\/www.gaveanews.com\/wp-content\/uploads\/Rodolfo-Landim-em-entrevista-coletiva-no-Ninho-do-Urubu.webp","width":799,"height":532,"caption":"Rodolfo Landim em entrevista coletiva no Ninho do Urubu (Foto: Alexandre Vidal\/Flamengo)"},{"@type":"BreadcrumbList","@id":"https:\/\/www.gaveanews.com\/index.php\/2024\/12\/12\/flamengo-bap-manda-recado-para-rodolfo-landim\/#breadcrumb","itemListElement":[{"@type":"ListItem","position":1,"name":"Home","item":"https:\/\/www.gaveanews.com\/"},{"@type":"ListItem","position":2,"name":"Flamengo: BAP manda recado para Rodolfo Landim"}]},{"@type":"WebSite","@id":"https:\/\/www.gaveanews.com\/#website","url":"https:\/\/www.gaveanews.com\/","name":"G\u00e1vea News","description":"Veja todas as not\u00edcias sobre o Flamengo: Contrata\u00e7\u00f5es, categorias de base, resultados das partidas, tabela de classifica\u00e7\u00e3o, pr\u00f3ximos jogos!","potentialAction":[{"@type":"SearchAction","target":{"@type":"EntryPoint","urlTemplate":"https:\/\/www.gaveanews.com\/?s={search_term_string}"},"query-input":{"@type":"PropertyValueSpecification","valueRequired":true,"valueName":"search_term_string"}}],"inLanguage":"pt-BR"},{"@type":"Person","@id":"https:\/\/www.gaveanews.com\/#\/schema\/person\/2424ec6409bc3f068411fc5e4e9b6168","name":"Leandro Cardoso","image":{"@type":"ImageObject","inLanguage":"pt-BR","@id":"https:\/\/www.gaveanews.com\/#\/schema\/person\/image\/","url":"https:\/\/secure.gravatar.com\/avatar\/8ca179f9b55eefe9f376f5493ef25475bfa59fbc28ce937f6076ce20e523098f?s=96&d=mm&r=g","contentUrl":"https:\/\/secure.gravatar.com\/avatar\/8ca179f9b55eefe9f376f5493ef25475bfa59fbc28ce937f6076ce20e523098f?s=96&d=mm&r=g","caption":"Leandro Cardoso"}}]}},"_links":{"self":[{"href":"https:\/\/www.gaveanews.com\/index.php\/wp-json\/wp\/v2\/posts\/198176","targetHints":{"allow":["GET"]}}],"collection":[{"href":"https:\/\/www.gaveanews.com\/index.php\/wp-json\/wp\/v2\/posts"}],"about":[{"href":"https:\/\/www.gaveanews.com\/index.php\/wp-json\/wp\/v2\/types\/post"}],"author":[{"embeddable":true,"href":"https:\/\/www.gaveanews.com\/index.php\/wp-json\/wp\/v2\/users\/24"}],"replies":[{"embeddable":true,"href":"https:\/\/www.gaveanews.com\/index.php\/wp-json\/wp\/v2\/comments?post=198176"}],"version-history":[{"count":1,"href":"https:\/\/www.gaveanews.com\/index.php\/wp-json\/wp\/v2\/posts\/198176\/revisions"}],"predecessor-version":[{"id":198181,"href":"https:\/\/www.gaveanews.com\/index.php\/wp-json\/wp\/v2\/posts\/198176\/revisions\/198181"}],"wp:featuredmedia":[{"embeddable":true,"href":"https:\/\/www.gaveanews.com\/index.php\/wp-json\/wp\/v2\/media\/64406"}],"wp:attachment":[{"href":"https:\/\/www.gaveanews.com\/index.php\/wp-json\/wp\/v2\/media?parent=198176"}],"wp:term":[{"taxonomy":"category","embeddable":true,"href":"https:\/\/www.gaveanews.com\/index.php\/wp-json\/wp\/v2\/categories?post=198176"},{"taxonomy":"post_tag","embeddable":true,"href":"https:\/\/www.gaveanews.com\/index.php\/wp-json\/wp\/v2\/tags?post=198176"}],"curies":[{"name":"wp","href":"https:\/\/api.w.org\/{rel}","templated":true}]}}