{"id":198318,"date":"2024-12-13T01:35:00","date_gmt":"2024-12-13T04:35:00","guid":{"rendered":"https:\/\/www.gaveanews.com\/?p=198318"},"modified":"2024-12-13T00:14:39","modified_gmt":"2024-12-13T03:14:39","slug":"a-declaracao-de-talles-magno-direcionada-ao-corinthians","status":"publish","type":"post","link":"https:\/\/www.gaveanews.com\/index.php\/2024\/12\/13\/a-declaracao-de-talles-magno-direcionada-ao-corinthians\/","title":{"rendered":"A declara\u00e7\u00e3o de Talles Magno direcionada ao Corinthians"},"content":{"rendered":"\n<p>Talles Magno teve um in\u00edcio m\u00e1gico com o Corinthians, marcando duas vezes nos dois primeiros jogos com a camisa corintiana. No entanto, segundo ele, antes de estrear pelo clube do Parque S\u00e3o Jorge, ele conviveu sob muita press\u00e3o e s\u00f3 conseguiu se acalmar gra\u00e7as ao acompanhamento terap\u00eautico.<\/p>\n\n\n\n<ul class=\"wp-block-list\">\n<li><a href=\"https:\/\/www.gaveanews.com\/index.php\/2024\/12\/12\/ele-recusou-propostas-da-arabia-saudita-e-catar-para-ficar-no-corinthians\/\">Ele recusou propostas da Ar\u00e1bia Saudita e Catar para ficar no Corinthians<\/a><\/li>\n\n\n\n<li><a href=\"https:\/\/www.gaveanews.com\/index.php\/2024\/12\/12\/a-declaracao-de-pogba-direcionada-ao-corinthians\/\">A declara\u00e7\u00e3o de Pogba direcionada ao Corinthians<\/a><\/li>\n<\/ul>\n\n\n\n<p>O atacante de 22 anos foi revelado pelo Vasco da Gama em 2019, sob a tutela de Vanderlei Luxemburgo. Naquele ano, o treinador fez uma \u00f3tima campanha de recupera\u00e7\u00e3o dentro do Campeonato Brasileiro. Ele levou a equipe que estava amea\u00e7ada de rebaixamento para a 12\u00aa coloca\u00e7\u00e3o, classificando-a para a Copa Sul-Americana.<\/p>\n\n\n\n<p>Talles foi uma grata surpresa para o Cruz-Maltino e foi mais utilizado no ano seguinte, indo a campo em 49 oportunidades, marcando 3 gols e dando 4 assist\u00eancias. Jovem, talentoso e em um time que precisava fazer caixa, ele acabou se transferindo para o New York City, dos Estados Unidos, em uma negocia\u00e7\u00e3o que girou em torno dos 10 milh\u00f5es de d\u00f3lares, cerca de 53 milh\u00f5es de reais.<\/p>\n\n\n\n<p>Em solo estadunidense, ele conviveu com les\u00f5es e foi pouco aproveitado. N\u00e3o tendo o mesmo desempenho que convenceu a equipe do grupo do Manchester City a contrat\u00e1-lo, o jogador chegou ao Corinthians no meio de 2024, via empr\u00e9stimo.<\/p>\n\n\n\n<p>Ele revelou que quando foi estrear pelo Tim\u00e3o estava muito nervoso e que s\u00f3 conseguiu se acalmar gra\u00e7as ao acompanhamento terap\u00eautico que fez.<\/p>\n\n\n\n<p>\u201cNa minha estreia estava muito nervoso. Era aquela incerteza, n\u00e3o sabia como eu jogaria. Eu tinha psic\u00f3logos, mas n\u00e3o tinha mentoria fixa. Estava muito nervoso, tremendo muito. No dia anterior, deu 20h, 21h, entrei na mentoria muito nervoso, tremendo, sa\u00ed da mentoria \u00e0s 2h. E isso foi me acalmando. Tinha medo de errar, eu n\u00e3o treinei com o grupo antes da estreia\u201d, disse o atacante.<\/p>\n\n\n\n<p>Nos dois primeiros jogos com a camisa corintiana, o jogador marcou duas vezes contra o mesmo advers\u00e1rio, o Bragantino. Ele balan\u00e7ou as redes no empate em 1 a 1, pela 22\u00aa rodada do Campeonato Brasileiro e depois na vit\u00f3ria fora de casa pela Copa Sul-Americana.<\/p>\n\n\n\n<p>No entanto, ao decorrer da temporada, ele caiu de produ\u00e7\u00e3o e marcou apenas mais uma vez e deu tr\u00eas assist\u00eancias. Embora tenha ca\u00eddo de rendimento, a diretoria alvinegra quer mant\u00ea-lo para o ano que vem e tenta uma extens\u00e3o contratual junto ao time estadunidense.<\/p>\n","protected":false},"excerpt":{"rendered":"<p>Talles Magno teve um in\u00edcio m\u00e1gico com o Corinthians, marcando duas vezes nos dois primeiros jogos com a camisa corintiana. No entanto, segundo ele, antes de estrear pelo clube do Parque S\u00e3o Jorge, ele conviveu sob muita press\u00e3o e s\u00f3 conseguiu se acalmar gra\u00e7as ao acompanhamento terap\u00eautico. O atacante de 22 anos foi revelado pelo [&hellip;]<\/p>\n","protected":false},"author":29,"featured_media":159232,"comment_status":"open","ping_status":"closed","sticky":false,"template":"","format":"standard","meta":{"footnotes":""},"categories":[141],"tags":[],"class_list":["post-198318","post","type-post","status-publish","format-standard","has-post-thumbnail","hentry","category-corinthians"],"yoast_head":"<!-- This site is optimized with the Yoast SEO Premium plugin v24.2 (Yoast SEO v26.9) - https:\/\/yoast.com\/product\/yoast-seo-premium-wordpress\/ -->\n<title>A declara\u00e7\u00e3o de Talles Magno direcionada ao Corinthians<\/title>\n<meta name=\"robots\" content=\"index, follow, max-snippet:-1, max-image-preview:large, max-video-preview:-1\" \/>\n<link rel=\"canonical\" href=\"https:\/\/www.gaveanews.com\/index.php\/2024\/12\/13\/a-declaracao-de-talles-magno-direcionada-ao-corinthians\/\" \/>\n<meta property=\"og:locale\" content=\"pt_BR\" \/>\n<meta property=\"og:type\" content=\"article\" \/>\n<meta property=\"og:title\" content=\"A declara\u00e7\u00e3o de Talles Magno direcionada ao Corinthians\" \/>\n<meta property=\"og:description\" content=\"Talles Magno teve um in\u00edcio m\u00e1gico com o Corinthians, marcando duas vezes nos dois primeiros jogos com a camisa corintiana. No entanto, segundo ele, antes de estrear pelo clube do Parque S\u00e3o Jorge, ele conviveu sob muita press\u00e3o e s\u00f3 conseguiu se acalmar gra\u00e7as ao acompanhamento terap\u00eautico. O atacante de 22 anos foi revelado pelo [&hellip;]\" \/>\n<meta property=\"og:url\" content=\"https:\/\/www.gaveanews.com\/index.php\/2024\/12\/13\/a-declaracao-de-talles-magno-direcionada-ao-corinthians\/\" \/>\n<meta property=\"og:site_name\" content=\"G\u00e1vea News\" \/>\n<meta property=\"article:publisher\" content=\"https:\/\/facebook.com\/gaveaNews\/\" \/>\n<meta property=\"article:published_time\" content=\"2024-12-13T04:35:00+00:00\" \/>\n<meta property=\"og:image\" content=\"https:\/\/www.gaveanews.com\/wp-content\/uploads\/Talles-Magno-em-acao-pelo-Corinthians.webp\" \/>\n\t<meta property=\"og:image:width\" content=\"1080\" \/>\n\t<meta property=\"og:image:height\" content=\"1343\" \/>\n\t<meta property=\"og:image:type\" content=\"image\/jpeg\" \/>\n<meta name=\"author\" content=\"Marco Menezes\" \/>\n<meta name=\"twitter:card\" content=\"summary_large_image\" \/>\n<meta name=\"twitter:label1\" content=\"Escrito por\" \/>\n\t<meta name=\"twitter:data1\" content=\"Marco Menezes\" \/>\n\t<meta name=\"twitter:label2\" content=\"Est. tempo de leitura\" \/>\n\t<meta name=\"twitter:data2\" content=\"3 minutos\" \/>\n<script type=\"application\/ld+json\" class=\"yoast-schema-graph\">{\"@context\":\"https:\/\/schema.org\",\"@graph\":[{\"@type\":\"NewsArticle\",\"@id\":\"https:\/\/www.gaveanews.com\/index.php\/2024\/12\/13\/a-declaracao-de-talles-magno-direcionada-ao-corinthians\/#article\",\"isPartOf\":{\"@id\":\"https:\/\/www.gaveanews.com\/index.php\/2024\/12\/13\/a-declaracao-de-talles-magno-direcionada-ao-corinthians\/\"},\"author\":{\"name\":\"Marco Menezes\",\"@id\":\"https:\/\/www.gaveanews.com\/#\/schema\/person\/a9f62fe75380c6bada1b2fc49bc23d69\"},\"headline\":\"A declara\u00e7\u00e3o de Talles Magno direcionada ao Corinthians\",\"datePublished\":\"2024-12-13T04:35:00+00:00\",\"mainEntityOfPage\":{\"@id\":\"https:\/\/www.gaveanews.com\/index.php\/2024\/12\/13\/a-declaracao-de-talles-magno-direcionada-ao-corinthians\/\"},\"wordCount\":433,\"commentCount\":0,\"image\":{\"@id\":\"https:\/\/www.gaveanews.com\/index.php\/2024\/12\/13\/a-declaracao-de-talles-magno-direcionada-ao-corinthians\/#primaryimage\"},\"thumbnailUrl\":\"https:\/\/www.gaveanews.com\/wp-content\/uploads\/Talles-Magno-em-acao-pelo-Corinthians.webp\",\"articleSection\":[\"Corinthians\"],\"inLanguage\":\"pt-BR\",\"potentialAction\":[{\"@type\":\"CommentAction\",\"name\":\"Comment\",\"target\":[\"https:\/\/www.gaveanews.com\/index.php\/2024\/12\/13\/a-declaracao-de-talles-magno-direcionada-ao-corinthians\/#respond\"]}],\"copyrightYear\":\"2024\",\"copyrightHolder\":{\"@id\":\"https:\/\/www.gaveanews.com\/#organization\"}},{\"@type\":\"WebPage\",\"@id\":\"https:\/\/www.gaveanews.com\/index.php\/2024\/12\/13\/a-declaracao-de-talles-magno-direcionada-ao-corinthians\/\",\"url\":\"https:\/\/www.gaveanews.com\/index.php\/2024\/12\/13\/a-declaracao-de-talles-magno-direcionada-ao-corinthians\/\",\"name\":\"A declara\u00e7\u00e3o de Talles Magno direcionada ao Corinthians\",\"isPartOf\":{\"@id\":\"https:\/\/www.gaveanews.com\/#website\"},\"primaryImageOfPage\":{\"@id\":\"https:\/\/www.gaveanews.com\/index.php\/2024\/12\/13\/a-declaracao-de-talles-magno-direcionada-ao-corinthians\/#primaryimage\"},\"image\":{\"@id\":\"https:\/\/www.gaveanews.com\/index.php\/2024\/12\/13\/a-declaracao-de-talles-magno-direcionada-ao-corinthians\/#primaryimage\"},\"thumbnailUrl\":\"https:\/\/www.gaveanews.com\/wp-content\/uploads\/Talles-Magno-em-acao-pelo-Corinthians.webp\",\"datePublished\":\"2024-12-13T04:35:00+00:00\",\"author\":{\"@id\":\"https:\/\/www.gaveanews.com\/#\/schema\/person\/a9f62fe75380c6bada1b2fc49bc23d69\"},\"breadcrumb\":{\"@id\":\"https:\/\/www.gaveanews.com\/index.php\/2024\/12\/13\/a-declaracao-de-talles-magno-direcionada-ao-corinthians\/#breadcrumb\"},\"inLanguage\":\"pt-BR\",\"potentialAction\":[{\"@type\":\"ReadAction\",\"target\":[\"https:\/\/www.gaveanews.com\/index.php\/2024\/12\/13\/a-declaracao-de-talles-magno-direcionada-ao-corinthians\/\"]}]},{\"@type\":\"ImageObject\",\"inLanguage\":\"pt-BR\",\"@id\":\"https:\/\/www.gaveanews.com\/index.php\/2024\/12\/13\/a-declaracao-de-talles-magno-direcionada-ao-corinthians\/#primaryimage\",\"url\":\"https:\/\/www.gaveanews.com\/wp-content\/uploads\/Talles-Magno-em-acao-pelo-Corinthians.webp\",\"contentUrl\":\"https:\/\/www.gaveanews.com\/wp-content\/uploads\/Talles-Magno-em-acao-pelo-Corinthians.webp\",\"width\":1080,\"height\":1343,\"caption\":\"Talles Magno em a\u00e7\u00e3o pelo Corinthians (Foto: Reprodu\u00e7\u00e3o\/Instagram)\"},{\"@type\":\"BreadcrumbList\",\"@id\":\"https:\/\/www.gaveanews.com\/index.php\/2024\/12\/13\/a-declaracao-de-talles-magno-direcionada-ao-corinthians\/#breadcrumb\",\"itemListElement\":[{\"@type\":\"ListItem\",\"position\":1,\"name\":\"Home\",\"item\":\"https:\/\/www.gaveanews.com\/\"},{\"@type\":\"ListItem\",\"position\":2,\"name\":\"A declara\u00e7\u00e3o de Talles Magno direcionada ao Corinthians\"}]},{\"@type\":\"WebSite\",\"@id\":\"https:\/\/www.gaveanews.com\/#website\",\"url\":\"https:\/\/www.gaveanews.com\/\",\"name\":\"G\u00e1vea News\",\"description\":\"Veja todas as not\u00edcias sobre o Flamengo: Contrata\u00e7\u00f5es, categorias de base, resultados das partidas, tabela de classifica\u00e7\u00e3o, pr\u00f3ximos jogos!\",\"potentialAction\":[{\"@type\":\"SearchAction\",\"target\":{\"@type\":\"EntryPoint\",\"urlTemplate\":\"https:\/\/www.gaveanews.com\/?s={search_term_string}\"},\"query-input\":{\"@type\":\"PropertyValueSpecification\",\"valueRequired\":true,\"valueName\":\"search_term_string\"}}],\"inLanguage\":\"pt-BR\"},{\"@type\":\"Person\",\"@id\":\"https:\/\/www.gaveanews.com\/#\/schema\/person\/a9f62fe75380c6bada1b2fc49bc23d69\",\"name\":\"Marco Menezes\",\"image\":{\"@type\":\"ImageObject\",\"inLanguage\":\"pt-BR\",\"@id\":\"https:\/\/www.gaveanews.com\/#\/schema\/person\/image\/\",\"url\":\"https:\/\/secure.gravatar.com\/avatar\/a1d148ae17fc8bfc5dbccffd07979e8bd2c9ba494221779de86ec2c7907b71ec?s=96&d=mm&r=g\",\"contentUrl\":\"https:\/\/secure.gravatar.com\/avatar\/a1d148ae17fc8bfc5dbccffd07979e8bd2c9ba494221779de86ec2c7907b71ec?s=96&d=mm&r=g\",\"caption\":\"Marco Menezes\"}}]}<\/script>\n<!-- \/ Yoast SEO Premium plugin. -->","yoast_head_json":{"title":"A declara\u00e7\u00e3o de Talles Magno direcionada ao Corinthians","robots":{"index":"index","follow":"follow","max-snippet":"max-snippet:-1","max-image-preview":"max-image-preview:large","max-video-preview":"max-video-preview:-1"},"canonical":"https:\/\/www.gaveanews.com\/index.php\/2024\/12\/13\/a-declaracao-de-talles-magno-direcionada-ao-corinthians\/","og_locale":"pt_BR","og_type":"article","og_title":"A declara\u00e7\u00e3o de Talles Magno direcionada ao Corinthians","og_description":"Talles Magno teve um in\u00edcio m\u00e1gico com o Corinthians, marcando duas vezes nos dois primeiros jogos com a camisa corintiana. No entanto, segundo ele, antes de estrear pelo clube do Parque S\u00e3o Jorge, ele conviveu sob muita press\u00e3o e s\u00f3 conseguiu se acalmar gra\u00e7as ao acompanhamento terap\u00eautico. O atacante de 22 anos foi revelado pelo [&hellip;]","og_url":"https:\/\/www.gaveanews.com\/index.php\/2024\/12\/13\/a-declaracao-de-talles-magno-direcionada-ao-corinthians\/","og_site_name":"G\u00e1vea News","article_publisher":"https:\/\/facebook.com\/gaveaNews\/","article_published_time":"2024-12-13T04:35:00+00:00","og_image":[{"width":1080,"height":1343,"url":"https:\/\/www.gaveanews.com\/wp-content\/uploads\/Talles-Magno-em-acao-pelo-Corinthians.webp","type":"image\/jpeg"}],"author":"Marco Menezes","twitter_card":"summary_large_image","twitter_misc":{"Escrito por":"Marco Menezes","Est. tempo de leitura":"3 minutos"},"schema":{"@context":"https:\/\/schema.org","@graph":[{"@type":"NewsArticle","@id":"https:\/\/www.gaveanews.com\/index.php\/2024\/12\/13\/a-declaracao-de-talles-magno-direcionada-ao-corinthians\/#article","isPartOf":{"@id":"https:\/\/www.gaveanews.com\/index.php\/2024\/12\/13\/a-declaracao-de-talles-magno-direcionada-ao-corinthians\/"},"author":{"name":"Marco Menezes","@id":"https:\/\/www.gaveanews.com\/#\/schema\/person\/a9f62fe75380c6bada1b2fc49bc23d69"},"headline":"A declara\u00e7\u00e3o de Talles Magno direcionada ao Corinthians","datePublished":"2024-12-13T04:35:00+00:00","mainEntityOfPage":{"@id":"https:\/\/www.gaveanews.com\/index.php\/2024\/12\/13\/a-declaracao-de-talles-magno-direcionada-ao-corinthians\/"},"wordCount":433,"commentCount":0,"image":{"@id":"https:\/\/www.gaveanews.com\/index.php\/2024\/12\/13\/a-declaracao-de-talles-magno-direcionada-ao-corinthians\/#primaryimage"},"thumbnailUrl":"https:\/\/www.gaveanews.com\/wp-content\/uploads\/Talles-Magno-em-acao-pelo-Corinthians.webp","articleSection":["Corinthians"],"inLanguage":"pt-BR","potentialAction":[{"@type":"CommentAction","name":"Comment","target":["https:\/\/www.gaveanews.com\/index.php\/2024\/12\/13\/a-declaracao-de-talles-magno-direcionada-ao-corinthians\/#respond"]}],"copyrightYear":"2024","copyrightHolder":{"@id":"https:\/\/www.gaveanews.com\/#organization"}},{"@type":"WebPage","@id":"https:\/\/www.gaveanews.com\/index.php\/2024\/12\/13\/a-declaracao-de-talles-magno-direcionada-ao-corinthians\/","url":"https:\/\/www.gaveanews.com\/index.php\/2024\/12\/13\/a-declaracao-de-talles-magno-direcionada-ao-corinthians\/","name":"A declara\u00e7\u00e3o de Talles Magno direcionada ao Corinthians","isPartOf":{"@id":"https:\/\/www.gaveanews.com\/#website"},"primaryImageOfPage":{"@id":"https:\/\/www.gaveanews.com\/index.php\/2024\/12\/13\/a-declaracao-de-talles-magno-direcionada-ao-corinthians\/#primaryimage"},"image":{"@id":"https:\/\/www.gaveanews.com\/index.php\/2024\/12\/13\/a-declaracao-de-talles-magno-direcionada-ao-corinthians\/#primaryimage"},"thumbnailUrl":"https:\/\/www.gaveanews.com\/wp-content\/uploads\/Talles-Magno-em-acao-pelo-Corinthians.webp","datePublished":"2024-12-13T04:35:00+00:00","author":{"@id":"https:\/\/www.gaveanews.com\/#\/schema\/person\/a9f62fe75380c6bada1b2fc49bc23d69"},"breadcrumb":{"@id":"https:\/\/www.gaveanews.com\/index.php\/2024\/12\/13\/a-declaracao-de-talles-magno-direcionada-ao-corinthians\/#breadcrumb"},"inLanguage":"pt-BR","potentialAction":[{"@type":"ReadAction","target":["https:\/\/www.gaveanews.com\/index.php\/2024\/12\/13\/a-declaracao-de-talles-magno-direcionada-ao-corinthians\/"]}]},{"@type":"ImageObject","inLanguage":"pt-BR","@id":"https:\/\/www.gaveanews.com\/index.php\/2024\/12\/13\/a-declaracao-de-talles-magno-direcionada-ao-corinthians\/#primaryimage","url":"https:\/\/www.gaveanews.com\/wp-content\/uploads\/Talles-Magno-em-acao-pelo-Corinthians.webp","contentUrl":"https:\/\/www.gaveanews.com\/wp-content\/uploads\/Talles-Magno-em-acao-pelo-Corinthians.webp","width":1080,"height":1343,"caption":"Talles Magno em a\u00e7\u00e3o pelo Corinthians (Foto: Reprodu\u00e7\u00e3o\/Instagram)"},{"@type":"BreadcrumbList","@id":"https:\/\/www.gaveanews.com\/index.php\/2024\/12\/13\/a-declaracao-de-talles-magno-direcionada-ao-corinthians\/#breadcrumb","itemListElement":[{"@type":"ListItem","position":1,"name":"Home","item":"https:\/\/www.gaveanews.com\/"},{"@type":"ListItem","position":2,"name":"A declara\u00e7\u00e3o de Talles Magno direcionada ao Corinthians"}]},{"@type":"WebSite","@id":"https:\/\/www.gaveanews.com\/#website","url":"https:\/\/www.gaveanews.com\/","name":"G\u00e1vea News","description":"Veja todas as not\u00edcias sobre o Flamengo: Contrata\u00e7\u00f5es, categorias de base, resultados das partidas, tabela de classifica\u00e7\u00e3o, pr\u00f3ximos jogos!","potentialAction":[{"@type":"SearchAction","target":{"@type":"EntryPoint","urlTemplate":"https:\/\/www.gaveanews.com\/?s={search_term_string}"},"query-input":{"@type":"PropertyValueSpecification","valueRequired":true,"valueName":"search_term_string"}}],"inLanguage":"pt-BR"},{"@type":"Person","@id":"https:\/\/www.gaveanews.com\/#\/schema\/person\/a9f62fe75380c6bada1b2fc49bc23d69","name":"Marco Menezes","image":{"@type":"ImageObject","inLanguage":"pt-BR","@id":"https:\/\/www.gaveanews.com\/#\/schema\/person\/image\/","url":"https:\/\/secure.gravatar.com\/avatar\/a1d148ae17fc8bfc5dbccffd07979e8bd2c9ba494221779de86ec2c7907b71ec?s=96&d=mm&r=g","contentUrl":"https:\/\/secure.gravatar.com\/avatar\/a1d148ae17fc8bfc5dbccffd07979e8bd2c9ba494221779de86ec2c7907b71ec?s=96&d=mm&r=g","caption":"Marco Menezes"}}]}},"_links":{"self":[{"href":"https:\/\/www.gaveanews.com\/index.php\/wp-json\/wp\/v2\/posts\/198318","targetHints":{"allow":["GET"]}}],"collection":[{"href":"https:\/\/www.gaveanews.com\/index.php\/wp-json\/wp\/v2\/posts"}],"about":[{"href":"https:\/\/www.gaveanews.com\/index.php\/wp-json\/wp\/v2\/types\/post"}],"author":[{"embeddable":true,"href":"https:\/\/www.gaveanews.com\/index.php\/wp-json\/wp\/v2\/users\/29"}],"replies":[{"embeddable":true,"href":"https:\/\/www.gaveanews.com\/index.php\/wp-json\/wp\/v2\/comments?post=198318"}],"version-history":[{"count":1,"href":"https:\/\/www.gaveanews.com\/index.php\/wp-json\/wp\/v2\/posts\/198318\/revisions"}],"predecessor-version":[{"id":198319,"href":"https:\/\/www.gaveanews.com\/index.php\/wp-json\/wp\/v2\/posts\/198318\/revisions\/198319"}],"wp:featuredmedia":[{"embeddable":true,"href":"https:\/\/www.gaveanews.com\/index.php\/wp-json\/wp\/v2\/media\/159232"}],"wp:attachment":[{"href":"https:\/\/www.gaveanews.com\/index.php\/wp-json\/wp\/v2\/media?parent=198318"}],"wp:term":[{"taxonomy":"category","embeddable":true,"href":"https:\/\/www.gaveanews.com\/index.php\/wp-json\/wp\/v2\/categories?post=198318"},{"taxonomy":"post_tag","embeddable":true,"href":"https:\/\/www.gaveanews.com\/index.php\/wp-json\/wp\/v2\/tags?post=198318"}],"curies":[{"name":"wp","href":"https:\/\/api.w.org\/{rel}","templated":true}]}}