{"id":198387,"date":"2024-12-13T04:25:00","date_gmt":"2024-12-13T07:25:00","guid":{"rendered":"https:\/\/www.gaveanews.com\/?p=198387"},"modified":"2024-12-13T00:35:24","modified_gmt":"2024-12-13T03:35:24","slug":"contratacao-de-luciano-declaracao-de-carpini-e-decisao-de-oscar-as-ultimas-noticias-do-sao-paulo","status":"publish","type":"post","link":"https:\/\/www.gaveanews.com\/index.php\/2024\/12\/13\/contratacao-de-luciano-declaracao-de-carpini-e-decisao-de-oscar-as-ultimas-noticias-do-sao-paulo\/","title":{"rendered":"Contrata\u00e7\u00e3o de Luciano, declara\u00e7\u00e3o de Carpini e decis\u00e3o de Oscar: as \u00faltimas not\u00edcias do S\u00e3o Paulo"},"content":{"rendered":"\n<p>Nas \u00faltimas horas, o foco das not\u00edcias sobre o S\u00e3o Paulo se concentram nos bastidores do clube, com destaques do dia a dia do clube.<\/p>\n\n\n\n<p>Por conta deste contexto, leia abaixo um resumo preparado pela equipe do portal G\u00e1vea News para lhe manter muito bem informado!<\/p>\n\n\n\n<h2 class=\"wp-block-heading\" id=\"h-decisao-de-oscar\">Decis\u00e3o de Oscar<\/h2>\n\n\n\n<p>Oscar, ex-meia do S\u00e3o Paulo e destaque internacional, comunicou ao clube que n\u00e3o retornar\u00e1 ao Brasil em 2025. Livre no mercado ap\u00f3s o fim de seu contrato com o Shanghai Port, o jogador de 33 anos alegou quest\u00f5es pessoais para descartar as negocia\u00e7\u00f5es, frustrando as expectativas tricolores de contar com ele como o novo camisa 10. Revelado no Morumbi, Oscar optou por focar sua carreira no exterior, encerrando as esperan\u00e7as do clube em repatriar um dos talentos mais promissores de sua hist\u00f3ria <strong><a href=\"https:\/\/www.gaveanews.com\/index.php\/2024\/12\/11\/oscar-toma-decisao-e-comunica-o-sao-paulo\/\">(leia a mat\u00e9ria completa).<\/a><\/strong><\/p>\n\n\n\n<figure class=\"wp-block-image size-full\"><img loading=\"lazy\" decoding=\"async\" width=\"1000\" height=\"667\" src=\"https:\/\/www.gaveanews.com\/wp-content\/uploads\/oscar.webp\" alt=\"\" class=\"wp-image-85514\" srcset=\"https:\/\/www.gaveanews.com\/wp-content\/uploads\/oscar.webp 1000w, https:\/\/www.gaveanews.com\/wp-content\/uploads\/oscar-300x200.webp 300w, https:\/\/www.gaveanews.com\/wp-content\/uploads\/oscar-768x512.webp 768w, https:\/\/www.gaveanews.com\/wp-content\/uploads\/oscar-630x420.webp 630w, https:\/\/www.gaveanews.com\/wp-content\/uploads\/oscar-640x427.webp 640w, https:\/\/www.gaveanews.com\/wp-content\/uploads\/oscar-681x454.webp 681w, https:\/\/www.gaveanews.com\/wp-content\/uploads\/oscar-100x67.webp 100w\" sizes=\"auto, (max-width: 1000px) 100vw, 1000px\" \/><figcaption class=\"wp-element-caption\">Oscar, meia do Shanghai Port (Foto: Getty Images)<\/figcaption><\/figure>\n\n\n\n<p>Com uma trajet\u00f3ria consolidada no futebol internacional, Oscar passou por clubes como Internacional e Chelsea, sendo pe\u00e7a-chave na sele\u00e7\u00e3o brasileira durante a Copa de 2014. Desde 2016, o meia atuava na China, onde tamb\u00e9m foi alvo de sondagens de outros clubes brasileiros, como o Flamengo. <\/p>\n\n\n\n<p>Sua decis\u00e3o de permanecer fora do pa\u00eds refor\u00e7a seu compromisso com a continuidade de sua carreira em mercados estrangeiros.<\/p>\n\n\n\n<p>Diante da negativa, o S\u00e3o Paulo, sob o comando do t\u00e9cnico Luis Zubeld\u00eda, precisar\u00e1 reformular seus planos para o setor de cria\u00e7\u00e3o. O clube j\u00e1 estabeleceu prioridades no mercado, incluindo a contrata\u00e7\u00e3o de dois laterais e um meia armador. Entre os nomes considerados para refor\u00e7ar o elenco est\u00e1 Thiago Mendes, atualmente no Al Rayyan, que pode ser uma alternativa para suprir a aus\u00eancia de Oscar no planejamento para 2025.<\/p>\n\n\n\n<h2 class=\"wp-block-heading\" id=\"h-declaracao-de-carpini\">Declara\u00e7\u00e3o de Carpini<\/h2>\n\n\n\n<p>Thiago Carpini, atual treinador do Vit\u00f3ria, refletiu sobre sua breve passagem pelo S\u00e3o Paulo, destacando os desafios e aprendizados dessa experi\u00eancia. Apesar de conquistar a Supercopa Rei e atingir um aproveitamento de 60% em apenas tr\u00eas meses, sua demiss\u00e3o foi precipitada ap\u00f3s a elimina\u00e7\u00e3o nos p\u00eanaltis para o Novorizontino no Campeonato Paulista. Carpini afirmou que fatores externos, como &#8220;inverdades&#8221; e &#8220;maldades&#8221;, tamb\u00e9m influenciaram sua sa\u00edda, mas reconheceu que o per\u00edodo no S\u00e3o Paulo mudou o patamar de sua carreira e vida <strong><a href=\"https:\/\/www.gaveanews.com\/index.php\/2024\/12\/11\/a-declaracao-de-carpini-do-vitoria-direcionada-ao-sao-paulo\/\">(leia a mat\u00e9ria completa).<\/a><\/strong><\/p>\n\n\n\n<figure class=\"wp-block-image size-large\"><img loading=\"lazy\" decoding=\"async\" width=\"1024\" height=\"576\" src=\"https:\/\/www.gaveanews.com\/wp-content\/uploads\/Thiago-Carpini-durante-um-jogo-do-Sao-Paulo-no-Morumbi-1024x576.webp\" alt=\"\" class=\"wp-image-138679\" srcset=\"https:\/\/www.gaveanews.com\/wp-content\/uploads\/Thiago-Carpini-durante-um-jogo-do-Sao-Paulo-no-Morumbi-1024x576.webp 1024w, https:\/\/www.gaveanews.com\/wp-content\/uploads\/Thiago-Carpini-durante-um-jogo-do-Sao-Paulo-no-Morumbi-300x169.webp 300w, https:\/\/www.gaveanews.com\/wp-content\/uploads\/Thiago-Carpini-durante-um-jogo-do-Sao-Paulo-no-Morumbi-768x432.webp 768w, https:\/\/www.gaveanews.com\/wp-content\/uploads\/Thiago-Carpini-durante-um-jogo-do-Sao-Paulo-no-Morumbi-747x420.webp 747w, https:\/\/www.gaveanews.com\/wp-content\/uploads\/Thiago-Carpini-durante-um-jogo-do-Sao-Paulo-no-Morumbi-640x360.webp 640w, https:\/\/www.gaveanews.com\/wp-content\/uploads\/Thiago-Carpini-durante-um-jogo-do-Sao-Paulo-no-Morumbi-681x383.webp 681w, https:\/\/www.gaveanews.com\/wp-content\/uploads\/Thiago-Carpini-durante-um-jogo-do-Sao-Paulo-no-Morumbi-100x56.webp 100w, https:\/\/www.gaveanews.com\/wp-content\/uploads\/Thiago-Carpini-durante-um-jogo-do-Sao-Paulo-no-Morumbi.webp 1200w\" sizes=\"auto, (max-width: 1024px) 100vw, 1024px\" \/><figcaption class=\"wp-element-caption\">Thiago Carpini durante um jogo do S\u00e3o Paulo no Morumbi (Foto: Reprodu\u00e7\u00e3o)<\/figcaption><\/figure>\n\n\n\n<p>Agora consolidado no Vit\u00f3ria, Carpini \u00e9 reconhecido por liderar uma impressionante recupera\u00e7\u00e3o em 2024. Ap\u00f3s terminar o primeiro turno do Campeonato Brasileiro na pen\u00faltima coloca\u00e7\u00e3o, ele conduziu o time ao 11\u00ba lugar geral, garantindo vaga na Copa Sul-Americana e renovando seu contrato at\u00e9 dezembro de 2025. Com um aproveitamento de 45% no comando da equipe, o treinador ganhou a confian\u00e7a da diretoria e da torcida, tornando-se uma pe\u00e7a central no planejamento do clube para a pr\u00f3xima temporada.<\/p>\n\n\n\n<p>Carpini se prepara para 2025, quando o Vit\u00f3ria disputar\u00e1 cinco competi\u00e7\u00f5es importantes, incluindo o Campeonato Baiano e a Copa Sul-Americana. Consolidado como o t\u00e9cnico com maior n\u00famero de jogos \u00e0 frente do Rubro-Negro, ele busca transformar as adversidades do passado em maturidade e for\u00e7a para conduzir o time a resultados ainda mais expressivos, refor\u00e7ando seu papel como l\u00edder e estrategista.<\/p>\n\n\n\n<h2 class=\"wp-block-heading\" id=\"h-contratacao-de-luciano\">Contrata\u00e7\u00e3o de Luciano<\/h2>\n\n\n\n<p>O atacante Luciano, do S\u00e3o Paulo, pode estar de sa\u00edda do clube ap\u00f3s receber sondagens de equipes do Catar e da Ar\u00e1bia Saudita. Em entrevista recente, o jogador deixou seu futuro em aberto, alimentando especula\u00e7\u00f5es sobre uma poss\u00edvel transfer\u00eancia. Aos 31 anos, com contrato at\u00e9 o final de 2026, Luciano avalia a oportunidade de atuar no exterior, onde os valores oferecidos seriam muito superiores ao que o clube paulista poderia pagar em uma renova\u00e7\u00e3o. \u00cddolo recente do S\u00e3o Paulo, o atleta conquistou t\u00edtulos importantes, como o Campeonato Paulista de 2021, a Copa do Brasil de 2023 e a Supercopa Rei de 2024 <strong><a href=\"https:\/\/www.gaveanews.com\/index.php\/2024\/12\/11\/sao-paulo-clube-arabe-quer-a-contratacao-de-luciano\/\">(leia a mat\u00e9ria completa).<\/a><\/strong><\/p>\n\n\n\n<figure class=\"wp-block-image size-large\"><img loading=\"lazy\" decoding=\"async\" width=\"1024\" height=\"682\" src=\"https:\/\/www.gaveanews.com\/wp-content\/uploads\/Luciano-com-a-camisa-do-Sao-Paulo-dem-2023-1024x682.webp\" alt=\"\" class=\"wp-image-159987\" srcset=\"https:\/\/www.gaveanews.com\/wp-content\/uploads\/Luciano-com-a-camisa-do-Sao-Paulo-dem-2023-1024x682.webp 1024w, https:\/\/www.gaveanews.com\/wp-content\/uploads\/Luciano-com-a-camisa-do-Sao-Paulo-dem-2023-300x200.webp 300w, https:\/\/www.gaveanews.com\/wp-content\/uploads\/Luciano-com-a-camisa-do-Sao-Paulo-dem-2023-768x512.webp 768w, https:\/\/www.gaveanews.com\/wp-content\/uploads\/Luciano-com-a-camisa-do-Sao-Paulo-dem-2023-631x420.webp 631w, https:\/\/www.gaveanews.com\/wp-content\/uploads\/Luciano-com-a-camisa-do-Sao-Paulo-dem-2023-640x426.webp 640w, https:\/\/www.gaveanews.com\/wp-content\/uploads\/Luciano-com-a-camisa-do-Sao-Paulo-dem-2023-681x454.webp 681w, https:\/\/www.gaveanews.com\/wp-content\/uploads\/Luciano-com-a-camisa-do-Sao-Paulo-dem-2023-100x67.webp 100w, https:\/\/www.gaveanews.com\/wp-content\/uploads\/Luciano-com-a-camisa-do-Sao-Paulo-dem-2023.webp 1066w\" sizes=\"auto, (max-width: 1024px) 100vw, 1024px\" \/><figcaption class=\"wp-element-caption\">Luciano com a camisa do S\u00e3o Paulo dem 2023 (Foto: Reprodu\u00e7\u00e3o\/Instagram)<\/figcaption><\/figure>\n\n\n\n<p>A diretoria do S\u00e3o Paulo n\u00e3o confirma negocia\u00e7\u00f5es em andamento, mas pessoas pr\u00f3ximas ao jogador indicam que a tend\u00eancia \u00e9 uma transfer\u00eancia internacional, evitando uma poss\u00edvel ida para rivais brasileiros. Luciano recusou propostas no passado para permanecer no Tricolor e realizar o sonho de vencer a Copa do Brasil. Agora, ap\u00f3s atingir essa meta, ele enxerga o momento atual como ideal para novos desafios em sua carreira. Apesar das especula\u00e7\u00f5es, ainda n\u00e3o houve propostas oficiais apresentadas ao clube.<\/p>\n\n\n\n<p>Com 261 jogos e 84 gols pelo S\u00e3o Paulo, Luciano se consolidou como um dos principais nomes do elenco nos \u00faltimos anos, ganhando o respeito da torcida e da diretoria. Caso sua sa\u00edda seja confirmada, o clube precisar\u00e1 buscar alternativas no mercado para suprir sua aus\u00eancia e continuar competitivo na pr\u00f3xima temporada, especialmente com a vaga garantida na fase de grupos da Libertadores de 2025. Enquanto isso, o futuro do jogador deve ser definido durante a abertura da janela de transfer\u00eancias em janeiro.<\/p>\n","protected":false},"excerpt":{"rendered":"<p>Nas \u00faltimas horas, o foco das not\u00edcias sobre o S\u00e3o Paulo se concentram nos bastidores do clube, com destaques do dia a dia do clube. Por conta deste contexto, leia abaixo um resumo preparado pela equipe do portal G\u00e1vea News para lhe manter muito bem informado! Decis\u00e3o de Oscar Oscar, ex-meia do S\u00e3o Paulo e [&hellip;]<\/p>\n","protected":false},"author":27,"featured_media":154451,"comment_status":"open","ping_status":"closed","sticky":false,"template":"","format":"standard","meta":{"footnotes":""},"categories":[151],"tags":[],"class_list":["post-198387","post","type-post","status-publish","format-standard","has-post-thumbnail","hentry","category-sao-paulo"],"yoast_head":"<!-- This site is optimized with the Yoast SEO Premium plugin v24.2 (Yoast SEO v26.9) - https:\/\/yoast.com\/product\/yoast-seo-premium-wordpress\/ -->\n<title>Contrata\u00e7\u00e3o de Luciano, declara\u00e7\u00e3o de Carpini e decis\u00e3o de Oscar: as \u00faltimas not\u00edcias do S\u00e3o Paulo<\/title>\n<meta name=\"robots\" content=\"index, follow, max-snippet:-1, max-image-preview:large, max-video-preview:-1\" \/>\n<link rel=\"canonical\" href=\"https:\/\/www.gaveanews.com\/index.php\/2024\/12\/13\/contratacao-de-luciano-declaracao-de-carpini-e-decisao-de-oscar-as-ultimas-noticias-do-sao-paulo\/\" \/>\n<meta property=\"og:locale\" content=\"pt_BR\" \/>\n<meta property=\"og:type\" content=\"article\" \/>\n<meta property=\"og:title\" content=\"Contrata\u00e7\u00e3o de Luciano, declara\u00e7\u00e3o de Carpini e decis\u00e3o de Oscar: as \u00faltimas not\u00edcias do S\u00e3o Paulo\" \/>\n<meta property=\"og:description\" content=\"Nas \u00faltimas horas, o foco das not\u00edcias sobre o S\u00e3o Paulo se concentram nos bastidores do clube, com destaques do dia a dia do clube. Por conta deste contexto, leia abaixo um resumo preparado pela equipe do portal G\u00e1vea News para lhe manter muito bem informado! Decis\u00e3o de Oscar Oscar, ex-meia do S\u00e3o Paulo e [&hellip;]\" \/>\n<meta property=\"og:url\" content=\"https:\/\/www.gaveanews.com\/index.php\/2024\/12\/13\/contratacao-de-luciano-declaracao-de-carpini-e-decisao-de-oscar-as-ultimas-noticias-do-sao-paulo\/\" \/>\n<meta property=\"og:site_name\" content=\"G\u00e1vea News\" \/>\n<meta property=\"article:publisher\" content=\"https:\/\/facebook.com\/gaveaNews\/\" \/>\n<meta property=\"article:published_time\" content=\"2024-12-13T07:25:00+00:00\" \/>\n<meta property=\"og:image\" content=\"https:\/\/www.gaveanews.com\/wp-content\/uploads\/Escudo-do-Sao-Paulo.webp\" \/>\n\t<meta property=\"og:image:width\" content=\"977\" \/>\n\t<meta property=\"og:image:height\" content=\"651\" \/>\n\t<meta property=\"og:image:type\" content=\"image\/webp\" \/>\n<meta name=\"author\" content=\"Matheus Felipe\" \/>\n<meta name=\"twitter:card\" content=\"summary_large_image\" \/>\n<meta name=\"twitter:label1\" content=\"Escrito por\" \/>\n\t<meta name=\"twitter:data1\" content=\"Matheus Felipe\" \/>\n\t<meta name=\"twitter:label2\" content=\"Est. tempo de leitura\" \/>\n\t<meta name=\"twitter:data2\" content=\"6 minutos\" \/>\n<script type=\"application\/ld+json\" class=\"yoast-schema-graph\">{\"@context\":\"https:\/\/schema.org\",\"@graph\":[{\"@type\":\"NewsArticle\",\"@id\":\"https:\/\/www.gaveanews.com\/index.php\/2024\/12\/13\/contratacao-de-luciano-declaracao-de-carpini-e-decisao-de-oscar-as-ultimas-noticias-do-sao-paulo\/#article\",\"isPartOf\":{\"@id\":\"https:\/\/www.gaveanews.com\/index.php\/2024\/12\/13\/contratacao-de-luciano-declaracao-de-carpini-e-decisao-de-oscar-as-ultimas-noticias-do-sao-paulo\/\"},\"author\":{\"name\":\"Matheus Felipe\",\"@id\":\"https:\/\/www.gaveanews.com\/#\/schema\/person\/8207cd4627f56151707418bfc835b2fb\"},\"headline\":\"Contrata\u00e7\u00e3o de Luciano, declara\u00e7\u00e3o de Carpini e decis\u00e3o de Oscar: as \u00faltimas not\u00edcias do S\u00e3o Paulo\",\"datePublished\":\"2024-12-13T07:25:00+00:00\",\"mainEntityOfPage\":{\"@id\":\"https:\/\/www.gaveanews.com\/index.php\/2024\/12\/13\/contratacao-de-luciano-declaracao-de-carpini-e-decisao-de-oscar-as-ultimas-noticias-do-sao-paulo\/\"},\"wordCount\":878,\"commentCount\":0,\"image\":{\"@id\":\"https:\/\/www.gaveanews.com\/index.php\/2024\/12\/13\/contratacao-de-luciano-declaracao-de-carpini-e-decisao-de-oscar-as-ultimas-noticias-do-sao-paulo\/#primaryimage\"},\"thumbnailUrl\":\"https:\/\/www.gaveanews.com\/wp-content\/uploads\/Escudo-do-Sao-Paulo.webp\",\"articleSection\":[\"S\u00e3o Paulo\"],\"inLanguage\":\"pt-BR\",\"potentialAction\":[{\"@type\":\"CommentAction\",\"name\":\"Comment\",\"target\":[\"https:\/\/www.gaveanews.com\/index.php\/2024\/12\/13\/contratacao-de-luciano-declaracao-de-carpini-e-decisao-de-oscar-as-ultimas-noticias-do-sao-paulo\/#respond\"]}],\"copyrightYear\":\"2024\",\"copyrightHolder\":{\"@id\":\"https:\/\/www.gaveanews.com\/#organization\"}},{\"@type\":\"WebPage\",\"@id\":\"https:\/\/www.gaveanews.com\/index.php\/2024\/12\/13\/contratacao-de-luciano-declaracao-de-carpini-e-decisao-de-oscar-as-ultimas-noticias-do-sao-paulo\/\",\"url\":\"https:\/\/www.gaveanews.com\/index.php\/2024\/12\/13\/contratacao-de-luciano-declaracao-de-carpini-e-decisao-de-oscar-as-ultimas-noticias-do-sao-paulo\/\",\"name\":\"Contrata\u00e7\u00e3o de Luciano, declara\u00e7\u00e3o de Carpini e decis\u00e3o de Oscar: as \u00faltimas not\u00edcias do S\u00e3o Paulo\",\"isPartOf\":{\"@id\":\"https:\/\/www.gaveanews.com\/#website\"},\"primaryImageOfPage\":{\"@id\":\"https:\/\/www.gaveanews.com\/index.php\/2024\/12\/13\/contratacao-de-luciano-declaracao-de-carpini-e-decisao-de-oscar-as-ultimas-noticias-do-sao-paulo\/#primaryimage\"},\"image\":{\"@id\":\"https:\/\/www.gaveanews.com\/index.php\/2024\/12\/13\/contratacao-de-luciano-declaracao-de-carpini-e-decisao-de-oscar-as-ultimas-noticias-do-sao-paulo\/#primaryimage\"},\"thumbnailUrl\":\"https:\/\/www.gaveanews.com\/wp-content\/uploads\/Escudo-do-Sao-Paulo.webp\",\"datePublished\":\"2024-12-13T07:25:00+00:00\",\"author\":{\"@id\":\"https:\/\/www.gaveanews.com\/#\/schema\/person\/8207cd4627f56151707418bfc835b2fb\"},\"breadcrumb\":{\"@id\":\"https:\/\/www.gaveanews.com\/index.php\/2024\/12\/13\/contratacao-de-luciano-declaracao-de-carpini-e-decisao-de-oscar-as-ultimas-noticias-do-sao-paulo\/#breadcrumb\"},\"inLanguage\":\"pt-BR\",\"potentialAction\":[{\"@type\":\"ReadAction\",\"target\":[\"https:\/\/www.gaveanews.com\/index.php\/2024\/12\/13\/contratacao-de-luciano-declaracao-de-carpini-e-decisao-de-oscar-as-ultimas-noticias-do-sao-paulo\/\"]}]},{\"@type\":\"ImageObject\",\"inLanguage\":\"pt-BR\",\"@id\":\"https:\/\/www.gaveanews.com\/index.php\/2024\/12\/13\/contratacao-de-luciano-declaracao-de-carpini-e-decisao-de-oscar-as-ultimas-noticias-do-sao-paulo\/#primaryimage\",\"url\":\"https:\/\/www.gaveanews.com\/wp-content\/uploads\/Escudo-do-Sao-Paulo.webp\",\"contentUrl\":\"https:\/\/www.gaveanews.com\/wp-content\/uploads\/Escudo-do-Sao-Paulo.webp\",\"width\":977,\"height\":651,\"caption\":\"Escudo do S\u00e3o Paulo (Foto: Reprodu\u00e7\u00e3o\/S\u00e3o Paulo)\"},{\"@type\":\"BreadcrumbList\",\"@id\":\"https:\/\/www.gaveanews.com\/index.php\/2024\/12\/13\/contratacao-de-luciano-declaracao-de-carpini-e-decisao-de-oscar-as-ultimas-noticias-do-sao-paulo\/#breadcrumb\",\"itemListElement\":[{\"@type\":\"ListItem\",\"position\":1,\"name\":\"Home\",\"item\":\"https:\/\/www.gaveanews.com\/\"},{\"@type\":\"ListItem\",\"position\":2,\"name\":\"Contrata\u00e7\u00e3o de Luciano, declara\u00e7\u00e3o de Carpini e decis\u00e3o de Oscar: as \u00faltimas not\u00edcias do S\u00e3o Paulo\"}]},{\"@type\":\"WebSite\",\"@id\":\"https:\/\/www.gaveanews.com\/#website\",\"url\":\"https:\/\/www.gaveanews.com\/\",\"name\":\"G\u00e1vea News\",\"description\":\"Veja todas as not\u00edcias sobre o Flamengo: Contrata\u00e7\u00f5es, categorias de base, resultados das partidas, tabela de classifica\u00e7\u00e3o, pr\u00f3ximos jogos!\",\"potentialAction\":[{\"@type\":\"SearchAction\",\"target\":{\"@type\":\"EntryPoint\",\"urlTemplate\":\"https:\/\/www.gaveanews.com\/?s={search_term_string}\"},\"query-input\":{\"@type\":\"PropertyValueSpecification\",\"valueRequired\":true,\"valueName\":\"search_term_string\"}}],\"inLanguage\":\"pt-BR\"},{\"@type\":\"Person\",\"@id\":\"https:\/\/www.gaveanews.com\/#\/schema\/person\/8207cd4627f56151707418bfc835b2fb\",\"name\":\"Matheus Felipe\",\"image\":{\"@type\":\"ImageObject\",\"inLanguage\":\"pt-BR\",\"@id\":\"https:\/\/www.gaveanews.com\/#\/schema\/person\/image\/\",\"url\":\"https:\/\/secure.gravatar.com\/avatar\/a452ffbed9130f726358b298bb3a99ce4bd3c5338411f8440e87e14d74c7c087?s=96&d=mm&r=g\",\"contentUrl\":\"https:\/\/secure.gravatar.com\/avatar\/a452ffbed9130f726358b298bb3a99ce4bd3c5338411f8440e87e14d74c7c087?s=96&d=mm&r=g\",\"caption\":\"Matheus Felipe\"}}]}<\/script>\n<!-- \/ Yoast SEO Premium plugin. -->","yoast_head_json":{"title":"Contrata\u00e7\u00e3o de Luciano, declara\u00e7\u00e3o de Carpini e decis\u00e3o de Oscar: as \u00faltimas not\u00edcias do S\u00e3o Paulo","robots":{"index":"index","follow":"follow","max-snippet":"max-snippet:-1","max-image-preview":"max-image-preview:large","max-video-preview":"max-video-preview:-1"},"canonical":"https:\/\/www.gaveanews.com\/index.php\/2024\/12\/13\/contratacao-de-luciano-declaracao-de-carpini-e-decisao-de-oscar-as-ultimas-noticias-do-sao-paulo\/","og_locale":"pt_BR","og_type":"article","og_title":"Contrata\u00e7\u00e3o de Luciano, declara\u00e7\u00e3o de Carpini e decis\u00e3o de Oscar: as \u00faltimas not\u00edcias do S\u00e3o Paulo","og_description":"Nas \u00faltimas horas, o foco das not\u00edcias sobre o S\u00e3o Paulo se concentram nos bastidores do clube, com destaques do dia a dia do clube. Por conta deste contexto, leia abaixo um resumo preparado pela equipe do portal G\u00e1vea News para lhe manter muito bem informado! Decis\u00e3o de Oscar Oscar, ex-meia do S\u00e3o Paulo e [&hellip;]","og_url":"https:\/\/www.gaveanews.com\/index.php\/2024\/12\/13\/contratacao-de-luciano-declaracao-de-carpini-e-decisao-de-oscar-as-ultimas-noticias-do-sao-paulo\/","og_site_name":"G\u00e1vea News","article_publisher":"https:\/\/facebook.com\/gaveaNews\/","article_published_time":"2024-12-13T07:25:00+00:00","og_image":[{"width":977,"height":651,"url":"https:\/\/www.gaveanews.com\/wp-content\/uploads\/Escudo-do-Sao-Paulo.webp","type":"image\/webp"}],"author":"Matheus Felipe","twitter_card":"summary_large_image","twitter_misc":{"Escrito por":"Matheus Felipe","Est. tempo de leitura":"6 minutos"},"schema":{"@context":"https:\/\/schema.org","@graph":[{"@type":"NewsArticle","@id":"https:\/\/www.gaveanews.com\/index.php\/2024\/12\/13\/contratacao-de-luciano-declaracao-de-carpini-e-decisao-de-oscar-as-ultimas-noticias-do-sao-paulo\/#article","isPartOf":{"@id":"https:\/\/www.gaveanews.com\/index.php\/2024\/12\/13\/contratacao-de-luciano-declaracao-de-carpini-e-decisao-de-oscar-as-ultimas-noticias-do-sao-paulo\/"},"author":{"name":"Matheus Felipe","@id":"https:\/\/www.gaveanews.com\/#\/schema\/person\/8207cd4627f56151707418bfc835b2fb"},"headline":"Contrata\u00e7\u00e3o de Luciano, declara\u00e7\u00e3o de Carpini e decis\u00e3o de Oscar: as \u00faltimas not\u00edcias do S\u00e3o Paulo","datePublished":"2024-12-13T07:25:00+00:00","mainEntityOfPage":{"@id":"https:\/\/www.gaveanews.com\/index.php\/2024\/12\/13\/contratacao-de-luciano-declaracao-de-carpini-e-decisao-de-oscar-as-ultimas-noticias-do-sao-paulo\/"},"wordCount":878,"commentCount":0,"image":{"@id":"https:\/\/www.gaveanews.com\/index.php\/2024\/12\/13\/contratacao-de-luciano-declaracao-de-carpini-e-decisao-de-oscar-as-ultimas-noticias-do-sao-paulo\/#primaryimage"},"thumbnailUrl":"https:\/\/www.gaveanews.com\/wp-content\/uploads\/Escudo-do-Sao-Paulo.webp","articleSection":["S\u00e3o Paulo"],"inLanguage":"pt-BR","potentialAction":[{"@type":"CommentAction","name":"Comment","target":["https:\/\/www.gaveanews.com\/index.php\/2024\/12\/13\/contratacao-de-luciano-declaracao-de-carpini-e-decisao-de-oscar-as-ultimas-noticias-do-sao-paulo\/#respond"]}],"copyrightYear":"2024","copyrightHolder":{"@id":"https:\/\/www.gaveanews.com\/#organization"}},{"@type":"WebPage","@id":"https:\/\/www.gaveanews.com\/index.php\/2024\/12\/13\/contratacao-de-luciano-declaracao-de-carpini-e-decisao-de-oscar-as-ultimas-noticias-do-sao-paulo\/","url":"https:\/\/www.gaveanews.com\/index.php\/2024\/12\/13\/contratacao-de-luciano-declaracao-de-carpini-e-decisao-de-oscar-as-ultimas-noticias-do-sao-paulo\/","name":"Contrata\u00e7\u00e3o de Luciano, declara\u00e7\u00e3o de Carpini e decis\u00e3o de Oscar: as \u00faltimas not\u00edcias do S\u00e3o Paulo","isPartOf":{"@id":"https:\/\/www.gaveanews.com\/#website"},"primaryImageOfPage":{"@id":"https:\/\/www.gaveanews.com\/index.php\/2024\/12\/13\/contratacao-de-luciano-declaracao-de-carpini-e-decisao-de-oscar-as-ultimas-noticias-do-sao-paulo\/#primaryimage"},"image":{"@id":"https:\/\/www.gaveanews.com\/index.php\/2024\/12\/13\/contratacao-de-luciano-declaracao-de-carpini-e-decisao-de-oscar-as-ultimas-noticias-do-sao-paulo\/#primaryimage"},"thumbnailUrl":"https:\/\/www.gaveanews.com\/wp-content\/uploads\/Escudo-do-Sao-Paulo.webp","datePublished":"2024-12-13T07:25:00+00:00","author":{"@id":"https:\/\/www.gaveanews.com\/#\/schema\/person\/8207cd4627f56151707418bfc835b2fb"},"breadcrumb":{"@id":"https:\/\/www.gaveanews.com\/index.php\/2024\/12\/13\/contratacao-de-luciano-declaracao-de-carpini-e-decisao-de-oscar-as-ultimas-noticias-do-sao-paulo\/#breadcrumb"},"inLanguage":"pt-BR","potentialAction":[{"@type":"ReadAction","target":["https:\/\/www.gaveanews.com\/index.php\/2024\/12\/13\/contratacao-de-luciano-declaracao-de-carpini-e-decisao-de-oscar-as-ultimas-noticias-do-sao-paulo\/"]}]},{"@type":"ImageObject","inLanguage":"pt-BR","@id":"https:\/\/www.gaveanews.com\/index.php\/2024\/12\/13\/contratacao-de-luciano-declaracao-de-carpini-e-decisao-de-oscar-as-ultimas-noticias-do-sao-paulo\/#primaryimage","url":"https:\/\/www.gaveanews.com\/wp-content\/uploads\/Escudo-do-Sao-Paulo.webp","contentUrl":"https:\/\/www.gaveanews.com\/wp-content\/uploads\/Escudo-do-Sao-Paulo.webp","width":977,"height":651,"caption":"Escudo do S\u00e3o Paulo (Foto: Reprodu\u00e7\u00e3o\/S\u00e3o Paulo)"},{"@type":"BreadcrumbList","@id":"https:\/\/www.gaveanews.com\/index.php\/2024\/12\/13\/contratacao-de-luciano-declaracao-de-carpini-e-decisao-de-oscar-as-ultimas-noticias-do-sao-paulo\/#breadcrumb","itemListElement":[{"@type":"ListItem","position":1,"name":"Home","item":"https:\/\/www.gaveanews.com\/"},{"@type":"ListItem","position":2,"name":"Contrata\u00e7\u00e3o de Luciano, declara\u00e7\u00e3o de Carpini e decis\u00e3o de Oscar: as \u00faltimas not\u00edcias do S\u00e3o Paulo"}]},{"@type":"WebSite","@id":"https:\/\/www.gaveanews.com\/#website","url":"https:\/\/www.gaveanews.com\/","name":"G\u00e1vea News","description":"Veja todas as not\u00edcias sobre o Flamengo: Contrata\u00e7\u00f5es, categorias de base, resultados das partidas, tabela de classifica\u00e7\u00e3o, pr\u00f3ximos jogos!","potentialAction":[{"@type":"SearchAction","target":{"@type":"EntryPoint","urlTemplate":"https:\/\/www.gaveanews.com\/?s={search_term_string}"},"query-input":{"@type":"PropertyValueSpecification","valueRequired":true,"valueName":"search_term_string"}}],"inLanguage":"pt-BR"},{"@type":"Person","@id":"https:\/\/www.gaveanews.com\/#\/schema\/person\/8207cd4627f56151707418bfc835b2fb","name":"Matheus Felipe","image":{"@type":"ImageObject","inLanguage":"pt-BR","@id":"https:\/\/www.gaveanews.com\/#\/schema\/person\/image\/","url":"https:\/\/secure.gravatar.com\/avatar\/a452ffbed9130f726358b298bb3a99ce4bd3c5338411f8440e87e14d74c7c087?s=96&d=mm&r=g","contentUrl":"https:\/\/secure.gravatar.com\/avatar\/a452ffbed9130f726358b298bb3a99ce4bd3c5338411f8440e87e14d74c7c087?s=96&d=mm&r=g","caption":"Matheus Felipe"}}]}},"_links":{"self":[{"href":"https:\/\/www.gaveanews.com\/index.php\/wp-json\/wp\/v2\/posts\/198387","targetHints":{"allow":["GET"]}}],"collection":[{"href":"https:\/\/www.gaveanews.com\/index.php\/wp-json\/wp\/v2\/posts"}],"about":[{"href":"https:\/\/www.gaveanews.com\/index.php\/wp-json\/wp\/v2\/types\/post"}],"author":[{"embeddable":true,"href":"https:\/\/www.gaveanews.com\/index.php\/wp-json\/wp\/v2\/users\/27"}],"replies":[{"embeddable":true,"href":"https:\/\/www.gaveanews.com\/index.php\/wp-json\/wp\/v2\/comments?post=198387"}],"version-history":[{"count":1,"href":"https:\/\/www.gaveanews.com\/index.php\/wp-json\/wp\/v2\/posts\/198387\/revisions"}],"predecessor-version":[{"id":198394,"href":"https:\/\/www.gaveanews.com\/index.php\/wp-json\/wp\/v2\/posts\/198387\/revisions\/198394"}],"wp:featuredmedia":[{"embeddable":true,"href":"https:\/\/www.gaveanews.com\/index.php\/wp-json\/wp\/v2\/media\/154451"}],"wp:attachment":[{"href":"https:\/\/www.gaveanews.com\/index.php\/wp-json\/wp\/v2\/media?parent=198387"}],"wp:term":[{"taxonomy":"category","embeddable":true,"href":"https:\/\/www.gaveanews.com\/index.php\/wp-json\/wp\/v2\/categories?post=198387"},{"taxonomy":"post_tag","embeddable":true,"href":"https:\/\/www.gaveanews.com\/index.php\/wp-json\/wp\/v2\/tags?post=198387"}],"curies":[{"name":"wp","href":"https:\/\/api.w.org\/{rel}","templated":true}]}}