{"id":198520,"date":"2024-12-13T12:35:00","date_gmt":"2024-12-13T15:35:00","guid":{"rendered":"https:\/\/www.gaveanews.com\/?p=198520"},"modified":"2024-12-13T11:54:47","modified_gmt":"2024-12-13T14:54:47","slug":"ex-santos-carille-recusa-proposta-de-clube-da-serie-a","status":"publish","type":"post","link":"https:\/\/www.gaveanews.com\/index.php\/2024\/12\/13\/ex-santos-carille-recusa-proposta-de-clube-da-serie-a\/","title":{"rendered":"Ex-Santos, Carille recusa proposta de clube da S\u00e9rie A"},"content":{"rendered":"\n<p>O t\u00e9cnico F\u00e1bio Carille n\u00e3o aceitou a proposta feita pelo Mirassol, e as negocia\u00e7\u00f5es foram oficialmente encerradas. Sem um acordo entre as partes, o clube rec\u00e9m-promovido \u00e0 S\u00e9rie A do Campeonato Brasileiro segue em busca de um novo treinador.<\/p>\n\n\n\n<ul class=\"wp-block-list\">\n<li><a href=\"https:\/\/www.gaveanews.com\/index.php\/2024\/11\/20\/a-declaracao-de-carille-direcionada-sobre-o-corinthians\/\">A declara\u00e7\u00e3o de Carille direcionada ao Corinthians<\/a><\/li>\n\n\n\n<li><a href=\"https:\/\/www.gaveanews.com\/index.php\/2024\/11\/20\/roger-flores-sai-em-defesa-de-carille-apos-demissao-do-santos\/\">Roger Flores sai em defesa de Carille ap\u00f3s demiss\u00e3o do Santos<\/a><\/li>\n<\/ul>\n\n\n\n<p>Anteriormente, informa\u00e7\u00f5es indicavam que o clube apresentou uma proposta formal e aguardava a resposta do ex-treinador do Santos. Conforme apura\u00e7\u00e3o do &#8216;GE&#8217;, a diretoria, no entanto, n\u00e3o conseguiu avan\u00e7ar nas conversas.<\/p>\n\n\n\n<p>O Mirassol est\u00e1 h\u00e1 mais de duas semanas sem t\u00e9cnico, desde que Mozart deixou o comando da equipe para assumir o Coritiba. O clube busca preencher essa lacuna com rapidez, considerando os desafios que o time enfrentar\u00e1 nas competi\u00e7\u00f5es futuras.<\/p>\n\n\n\n<p>Com a recusa de Carille, o clube redireciona esfor\u00e7os para avaliar outros nomes no mercado. Um dos profissionais monitorados \u00e9 Cl\u00e1udio Tencati, que anteriormente treinou o Crici\u00fama. Por\u00e9m, nenhuma negocia\u00e7\u00e3o foi iniciada oficialmente entre as partes.<\/p>\n\n\n\n<h3 class=\"wp-block-heading\" id=\"h-mirassol-define-prioridades-para-2025\">Mirassol define prioridades para 2025<\/h3>\n\n\n\n<p>Para a pr\u00f3xima temporada, o Mirassol est\u00e1 focado em disputar tanto o Campeonato Paulista quanto a S\u00e9rie A do Brasileiro. O planejamento detalhado e estrat\u00e9gico se tornou essencial para enfrentar competi\u00e7\u00f5es t\u00e3o desafiadoras.<\/p>\n\n\n\n<p>O coordenador t\u00e9cnico Paulinho, recentemente integrado \u00e0 equipe, confirmou que Carille foi um dos treinadores consultados pelo clube. Durante a \u00faltima semana, o t\u00e9cnico chegou a se reunir com o vice-presidente J\u00fanior Antunes, mas a contrata\u00e7\u00e3o n\u00e3o avan\u00e7ou.<\/p>\n\n\n\n<h2 class=\"wp-block-heading\" id=\"h-planejamento-estrategico-e-busca-por-tecnico\">Planejamento estrat\u00e9gico e busca por t\u00e9cnico<\/h2>\n\n\n\n<p>Paulinho explicou que, al\u00e9m de Carille, outros nomes foram avaliados. Ele destacou a necessidade de paci\u00eancia e cautela nesse processo, pois decis\u00f5es precipitadas podem comprometer o projeto de longo prazo do clube.<\/p>\n\n\n\n<p>A busca por um novo treinador faz parte de um plano mais amplo de estrutura\u00e7\u00e3o, que envolve a forma\u00e7\u00e3o do elenco e a prepara\u00e7\u00e3o para o Campeonato Paulista, considerado um dos estaduais mais dif\u00edceis do pa\u00eds. A participa\u00e7\u00e3o na S\u00e9rie A tamb\u00e9m exige refor\u00e7os s\u00f3lidos e organiza\u00e7\u00e3o antecipada.<\/p>\n\n\n\n<h2 class=\"wp-block-heading\" id=\"h-objetivos-e-desafios-do-mirassol\">Objetivos e desafios do Mirassol<\/h2>\n\n\n\n<p>O coordenador t\u00e9cnico ressaltou que, embora a S\u00e9rie A seja o principal foco em 2025, o Paulist\u00e3o tamb\u00e9m demanda aten\u00e7\u00e3o especial. Segundo ele, a prepara\u00e7\u00e3o precisa ser minuciosa, garantindo que o time esteja competitivo em ambas as frentes.<\/p>\n\n\n\n<p>A expectativa \u00e9 que, com um planejamento adequado e uma escolha assertiva para o comando t\u00e9cnico, o Mirassol consiga manter o ritmo de crescimento e consolidar sua posi\u00e7\u00e3o no cen\u00e1rio nacional. Sendo assim, o clube continua atento \u00e0s movimenta\u00e7\u00f5es no mercado para finalizar as contrata\u00e7\u00f5es necess\u00e1rias e assegurar um ano promissor.<\/p>\n","protected":false},"excerpt":{"rendered":"<p>O t\u00e9cnico F\u00e1bio Carille n\u00e3o aceitou a proposta feita pelo Mirassol, e as negocia\u00e7\u00f5es foram oficialmente encerradas. Sem um acordo entre as partes, o clube rec\u00e9m-promovido \u00e0 S\u00e9rie A do Campeonato Brasileiro segue em busca de um novo treinador. Anteriormente, informa\u00e7\u00f5es indicavam que o clube apresentou uma proposta formal e aguardava a resposta do ex-treinador [&hellip;]<\/p>\n","protected":false},"author":28,"featured_media":153906,"comment_status":"open","ping_status":"closed","sticky":false,"template":"","format":"standard","meta":{"footnotes":""},"categories":[139],"tags":[],"class_list":["post-198520","post","type-post","status-publish","format-standard","has-post-thumbnail","hentry","category-santos"],"yoast_head":"<!-- This site is optimized with the Yoast SEO Premium plugin v24.2 (Yoast SEO v26.9) - https:\/\/yoast.com\/product\/yoast-seo-premium-wordpress\/ -->\n<title>Ex-Santos, Carille recusa proposta de clube da S\u00e9rie A<\/title>\n<meta name=\"robots\" content=\"index, follow, max-snippet:-1, max-image-preview:large, max-video-preview:-1\" \/>\n<link rel=\"canonical\" href=\"https:\/\/www.gaveanews.com\/index.php\/2024\/12\/13\/ex-santos-carille-recusa-proposta-de-clube-da-serie-a\/\" \/>\n<meta property=\"og:locale\" content=\"pt_BR\" \/>\n<meta property=\"og:type\" content=\"article\" \/>\n<meta property=\"og:title\" content=\"Ex-Santos, Carille recusa proposta de clube da S\u00e9rie A\" \/>\n<meta property=\"og:description\" content=\"O t\u00e9cnico F\u00e1bio Carille n\u00e3o aceitou a proposta feita pelo Mirassol, e as negocia\u00e7\u00f5es foram oficialmente encerradas. Sem um acordo entre as partes, o clube rec\u00e9m-promovido \u00e0 S\u00e9rie A do Campeonato Brasileiro segue em busca de um novo treinador. Anteriormente, informa\u00e7\u00f5es indicavam que o clube apresentou uma proposta formal e aguardava a resposta do ex-treinador [&hellip;]\" \/>\n<meta property=\"og:url\" content=\"https:\/\/www.gaveanews.com\/index.php\/2024\/12\/13\/ex-santos-carille-recusa-proposta-de-clube-da-serie-a\/\" \/>\n<meta property=\"og:site_name\" content=\"G\u00e1vea News\" \/>\n<meta property=\"article:publisher\" content=\"https:\/\/facebook.com\/gaveaNews\/\" \/>\n<meta property=\"article:published_time\" content=\"2024-12-13T15:35:00+00:00\" \/>\n<meta property=\"og:image\" content=\"https:\/\/www.gaveanews.com\/wp-content\/uploads\/Fabio-Carille-treinando-o-Santos.webp\" \/>\n\t<meta property=\"og:image:width\" content=\"1600\" \/>\n\t<meta property=\"og:image:height\" content=\"1054\" \/>\n\t<meta property=\"og:image:type\" content=\"image\/jpeg\" \/>\n<meta name=\"author\" content=\"Hudson Pereira\" \/>\n<meta name=\"twitter:card\" content=\"summary_large_image\" \/>\n<meta name=\"twitter:label1\" content=\"Escrito por\" \/>\n\t<meta name=\"twitter:data1\" content=\"Hudson Pereira\" \/>\n\t<meta name=\"twitter:label2\" content=\"Est. tempo de leitura\" \/>\n\t<meta name=\"twitter:data2\" content=\"3 minutos\" \/>\n<script type=\"application\/ld+json\" class=\"yoast-schema-graph\">{\"@context\":\"https:\/\/schema.org\",\"@graph\":[{\"@type\":\"NewsArticle\",\"@id\":\"https:\/\/www.gaveanews.com\/index.php\/2024\/12\/13\/ex-santos-carille-recusa-proposta-de-clube-da-serie-a\/#article\",\"isPartOf\":{\"@id\":\"https:\/\/www.gaveanews.com\/index.php\/2024\/12\/13\/ex-santos-carille-recusa-proposta-de-clube-da-serie-a\/\"},\"author\":{\"name\":\"Hudson Pereira\",\"@id\":\"https:\/\/www.gaveanews.com\/#\/schema\/person\/bd08f00534b403119b92741a6d469ef0\"},\"headline\":\"Ex-Santos, Carille recusa proposta de clube da S\u00e9rie A\",\"datePublished\":\"2024-12-13T15:35:00+00:00\",\"mainEntityOfPage\":{\"@id\":\"https:\/\/www.gaveanews.com\/index.php\/2024\/12\/13\/ex-santos-carille-recusa-proposta-de-clube-da-serie-a\/\"},\"wordCount\":483,\"commentCount\":0,\"image\":{\"@id\":\"https:\/\/www.gaveanews.com\/index.php\/2024\/12\/13\/ex-santos-carille-recusa-proposta-de-clube-da-serie-a\/#primaryimage\"},\"thumbnailUrl\":\"https:\/\/www.gaveanews.com\/wp-content\/uploads\/Fabio-Carille-treinando-o-Santos.webp\",\"articleSection\":[\"Santos\"],\"inLanguage\":\"pt-BR\",\"potentialAction\":[{\"@type\":\"CommentAction\",\"name\":\"Comment\",\"target\":[\"https:\/\/www.gaveanews.com\/index.php\/2024\/12\/13\/ex-santos-carille-recusa-proposta-de-clube-da-serie-a\/#respond\"]}],\"copyrightYear\":\"2024\",\"copyrightHolder\":{\"@id\":\"https:\/\/www.gaveanews.com\/#organization\"}},{\"@type\":\"WebPage\",\"@id\":\"https:\/\/www.gaveanews.com\/index.php\/2024\/12\/13\/ex-santos-carille-recusa-proposta-de-clube-da-serie-a\/\",\"url\":\"https:\/\/www.gaveanews.com\/index.php\/2024\/12\/13\/ex-santos-carille-recusa-proposta-de-clube-da-serie-a\/\",\"name\":\"Ex-Santos, Carille recusa proposta de clube da S\u00e9rie A\",\"isPartOf\":{\"@id\":\"https:\/\/www.gaveanews.com\/#website\"},\"primaryImageOfPage\":{\"@id\":\"https:\/\/www.gaveanews.com\/index.php\/2024\/12\/13\/ex-santos-carille-recusa-proposta-de-clube-da-serie-a\/#primaryimage\"},\"image\":{\"@id\":\"https:\/\/www.gaveanews.com\/index.php\/2024\/12\/13\/ex-santos-carille-recusa-proposta-de-clube-da-serie-a\/#primaryimage\"},\"thumbnailUrl\":\"https:\/\/www.gaveanews.com\/wp-content\/uploads\/Fabio-Carille-treinando-o-Santos.webp\",\"datePublished\":\"2024-12-13T15:35:00+00:00\",\"author\":{\"@id\":\"https:\/\/www.gaveanews.com\/#\/schema\/person\/bd08f00534b403119b92741a6d469ef0\"},\"breadcrumb\":{\"@id\":\"https:\/\/www.gaveanews.com\/index.php\/2024\/12\/13\/ex-santos-carille-recusa-proposta-de-clube-da-serie-a\/#breadcrumb\"},\"inLanguage\":\"pt-BR\",\"potentialAction\":[{\"@type\":\"ReadAction\",\"target\":[\"https:\/\/www.gaveanews.com\/index.php\/2024\/12\/13\/ex-santos-carille-recusa-proposta-de-clube-da-serie-a\/\"]}]},{\"@type\":\"ImageObject\",\"inLanguage\":\"pt-BR\",\"@id\":\"https:\/\/www.gaveanews.com\/index.php\/2024\/12\/13\/ex-santos-carille-recusa-proposta-de-clube-da-serie-a\/#primaryimage\",\"url\":\"https:\/\/www.gaveanews.com\/wp-content\/uploads\/Fabio-Carille-treinando-o-Santos.webp\",\"contentUrl\":\"https:\/\/www.gaveanews.com\/wp-content\/uploads\/Fabio-Carille-treinando-o-Santos.webp\",\"width\":1600,\"height\":1054,\"caption\":\"F\u00e1bio Carille treinando o Santos (Foto: Reprodu\u00e7\u00e3o\/Santos)\"},{\"@type\":\"BreadcrumbList\",\"@id\":\"https:\/\/www.gaveanews.com\/index.php\/2024\/12\/13\/ex-santos-carille-recusa-proposta-de-clube-da-serie-a\/#breadcrumb\",\"itemListElement\":[{\"@type\":\"ListItem\",\"position\":1,\"name\":\"Home\",\"item\":\"https:\/\/www.gaveanews.com\/\"},{\"@type\":\"ListItem\",\"position\":2,\"name\":\"Ex-Santos, Carille recusa proposta de clube da S\u00e9rie A\"}]},{\"@type\":\"WebSite\",\"@id\":\"https:\/\/www.gaveanews.com\/#website\",\"url\":\"https:\/\/www.gaveanews.com\/\",\"name\":\"G\u00e1vea News\",\"description\":\"Veja todas as not\u00edcias sobre o Flamengo: Contrata\u00e7\u00f5es, categorias de base, resultados das partidas, tabela de classifica\u00e7\u00e3o, pr\u00f3ximos jogos!\",\"potentialAction\":[{\"@type\":\"SearchAction\",\"target\":{\"@type\":\"EntryPoint\",\"urlTemplate\":\"https:\/\/www.gaveanews.com\/?s={search_term_string}\"},\"query-input\":{\"@type\":\"PropertyValueSpecification\",\"valueRequired\":true,\"valueName\":\"search_term_string\"}}],\"inLanguage\":\"pt-BR\"},{\"@type\":\"Person\",\"@id\":\"https:\/\/www.gaveanews.com\/#\/schema\/person\/bd08f00534b403119b92741a6d469ef0\",\"name\":\"Hudson Pereira\",\"image\":{\"@type\":\"ImageObject\",\"inLanguage\":\"pt-BR\",\"@id\":\"https:\/\/www.gaveanews.com\/#\/schema\/person\/image\/\",\"url\":\"https:\/\/secure.gravatar.com\/avatar\/ecc491b489e454e510efffc9b23c1052ce5fb4f2e05555768ba65819cd55f03e?s=96&d=mm&r=g\",\"contentUrl\":\"https:\/\/secure.gravatar.com\/avatar\/ecc491b489e454e510efffc9b23c1052ce5fb4f2e05555768ba65819cd55f03e?s=96&d=mm&r=g\",\"caption\":\"Hudson Pereira\"}}]}<\/script>\n<!-- \/ Yoast SEO Premium plugin. -->","yoast_head_json":{"title":"Ex-Santos, Carille recusa proposta de clube da S\u00e9rie A","robots":{"index":"index","follow":"follow","max-snippet":"max-snippet:-1","max-image-preview":"max-image-preview:large","max-video-preview":"max-video-preview:-1"},"canonical":"https:\/\/www.gaveanews.com\/index.php\/2024\/12\/13\/ex-santos-carille-recusa-proposta-de-clube-da-serie-a\/","og_locale":"pt_BR","og_type":"article","og_title":"Ex-Santos, Carille recusa proposta de clube da S\u00e9rie A","og_description":"O t\u00e9cnico F\u00e1bio Carille n\u00e3o aceitou a proposta feita pelo Mirassol, e as negocia\u00e7\u00f5es foram oficialmente encerradas. Sem um acordo entre as partes, o clube rec\u00e9m-promovido \u00e0 S\u00e9rie A do Campeonato Brasileiro segue em busca de um novo treinador. Anteriormente, informa\u00e7\u00f5es indicavam que o clube apresentou uma proposta formal e aguardava a resposta do ex-treinador [&hellip;]","og_url":"https:\/\/www.gaveanews.com\/index.php\/2024\/12\/13\/ex-santos-carille-recusa-proposta-de-clube-da-serie-a\/","og_site_name":"G\u00e1vea News","article_publisher":"https:\/\/facebook.com\/gaveaNews\/","article_published_time":"2024-12-13T15:35:00+00:00","og_image":[{"width":1600,"height":1054,"url":"https:\/\/www.gaveanews.com\/wp-content\/uploads\/Fabio-Carille-treinando-o-Santos.webp","type":"image\/jpeg"}],"author":"Hudson Pereira","twitter_card":"summary_large_image","twitter_misc":{"Escrito por":"Hudson Pereira","Est. tempo de leitura":"3 minutos"},"schema":{"@context":"https:\/\/schema.org","@graph":[{"@type":"NewsArticle","@id":"https:\/\/www.gaveanews.com\/index.php\/2024\/12\/13\/ex-santos-carille-recusa-proposta-de-clube-da-serie-a\/#article","isPartOf":{"@id":"https:\/\/www.gaveanews.com\/index.php\/2024\/12\/13\/ex-santos-carille-recusa-proposta-de-clube-da-serie-a\/"},"author":{"name":"Hudson Pereira","@id":"https:\/\/www.gaveanews.com\/#\/schema\/person\/bd08f00534b403119b92741a6d469ef0"},"headline":"Ex-Santos, Carille recusa proposta de clube da S\u00e9rie A","datePublished":"2024-12-13T15:35:00+00:00","mainEntityOfPage":{"@id":"https:\/\/www.gaveanews.com\/index.php\/2024\/12\/13\/ex-santos-carille-recusa-proposta-de-clube-da-serie-a\/"},"wordCount":483,"commentCount":0,"image":{"@id":"https:\/\/www.gaveanews.com\/index.php\/2024\/12\/13\/ex-santos-carille-recusa-proposta-de-clube-da-serie-a\/#primaryimage"},"thumbnailUrl":"https:\/\/www.gaveanews.com\/wp-content\/uploads\/Fabio-Carille-treinando-o-Santos.webp","articleSection":["Santos"],"inLanguage":"pt-BR","potentialAction":[{"@type":"CommentAction","name":"Comment","target":["https:\/\/www.gaveanews.com\/index.php\/2024\/12\/13\/ex-santos-carille-recusa-proposta-de-clube-da-serie-a\/#respond"]}],"copyrightYear":"2024","copyrightHolder":{"@id":"https:\/\/www.gaveanews.com\/#organization"}},{"@type":"WebPage","@id":"https:\/\/www.gaveanews.com\/index.php\/2024\/12\/13\/ex-santos-carille-recusa-proposta-de-clube-da-serie-a\/","url":"https:\/\/www.gaveanews.com\/index.php\/2024\/12\/13\/ex-santos-carille-recusa-proposta-de-clube-da-serie-a\/","name":"Ex-Santos, Carille recusa proposta de clube da S\u00e9rie A","isPartOf":{"@id":"https:\/\/www.gaveanews.com\/#website"},"primaryImageOfPage":{"@id":"https:\/\/www.gaveanews.com\/index.php\/2024\/12\/13\/ex-santos-carille-recusa-proposta-de-clube-da-serie-a\/#primaryimage"},"image":{"@id":"https:\/\/www.gaveanews.com\/index.php\/2024\/12\/13\/ex-santos-carille-recusa-proposta-de-clube-da-serie-a\/#primaryimage"},"thumbnailUrl":"https:\/\/www.gaveanews.com\/wp-content\/uploads\/Fabio-Carille-treinando-o-Santos.webp","datePublished":"2024-12-13T15:35:00+00:00","author":{"@id":"https:\/\/www.gaveanews.com\/#\/schema\/person\/bd08f00534b403119b92741a6d469ef0"},"breadcrumb":{"@id":"https:\/\/www.gaveanews.com\/index.php\/2024\/12\/13\/ex-santos-carille-recusa-proposta-de-clube-da-serie-a\/#breadcrumb"},"inLanguage":"pt-BR","potentialAction":[{"@type":"ReadAction","target":["https:\/\/www.gaveanews.com\/index.php\/2024\/12\/13\/ex-santos-carille-recusa-proposta-de-clube-da-serie-a\/"]}]},{"@type":"ImageObject","inLanguage":"pt-BR","@id":"https:\/\/www.gaveanews.com\/index.php\/2024\/12\/13\/ex-santos-carille-recusa-proposta-de-clube-da-serie-a\/#primaryimage","url":"https:\/\/www.gaveanews.com\/wp-content\/uploads\/Fabio-Carille-treinando-o-Santos.webp","contentUrl":"https:\/\/www.gaveanews.com\/wp-content\/uploads\/Fabio-Carille-treinando-o-Santos.webp","width":1600,"height":1054,"caption":"F\u00e1bio Carille treinando o Santos (Foto: Reprodu\u00e7\u00e3o\/Santos)"},{"@type":"BreadcrumbList","@id":"https:\/\/www.gaveanews.com\/index.php\/2024\/12\/13\/ex-santos-carille-recusa-proposta-de-clube-da-serie-a\/#breadcrumb","itemListElement":[{"@type":"ListItem","position":1,"name":"Home","item":"https:\/\/www.gaveanews.com\/"},{"@type":"ListItem","position":2,"name":"Ex-Santos, Carille recusa proposta de clube da S\u00e9rie A"}]},{"@type":"WebSite","@id":"https:\/\/www.gaveanews.com\/#website","url":"https:\/\/www.gaveanews.com\/","name":"G\u00e1vea News","description":"Veja todas as not\u00edcias sobre o Flamengo: Contrata\u00e7\u00f5es, categorias de base, resultados das partidas, tabela de classifica\u00e7\u00e3o, pr\u00f3ximos jogos!","potentialAction":[{"@type":"SearchAction","target":{"@type":"EntryPoint","urlTemplate":"https:\/\/www.gaveanews.com\/?s={search_term_string}"},"query-input":{"@type":"PropertyValueSpecification","valueRequired":true,"valueName":"search_term_string"}}],"inLanguage":"pt-BR"},{"@type":"Person","@id":"https:\/\/www.gaveanews.com\/#\/schema\/person\/bd08f00534b403119b92741a6d469ef0","name":"Hudson Pereira","image":{"@type":"ImageObject","inLanguage":"pt-BR","@id":"https:\/\/www.gaveanews.com\/#\/schema\/person\/image\/","url":"https:\/\/secure.gravatar.com\/avatar\/ecc491b489e454e510efffc9b23c1052ce5fb4f2e05555768ba65819cd55f03e?s=96&d=mm&r=g","contentUrl":"https:\/\/secure.gravatar.com\/avatar\/ecc491b489e454e510efffc9b23c1052ce5fb4f2e05555768ba65819cd55f03e?s=96&d=mm&r=g","caption":"Hudson Pereira"}}]}},"_links":{"self":[{"href":"https:\/\/www.gaveanews.com\/index.php\/wp-json\/wp\/v2\/posts\/198520","targetHints":{"allow":["GET"]}}],"collection":[{"href":"https:\/\/www.gaveanews.com\/index.php\/wp-json\/wp\/v2\/posts"}],"about":[{"href":"https:\/\/www.gaveanews.com\/index.php\/wp-json\/wp\/v2\/types\/post"}],"author":[{"embeddable":true,"href":"https:\/\/www.gaveanews.com\/index.php\/wp-json\/wp\/v2\/users\/28"}],"replies":[{"embeddable":true,"href":"https:\/\/www.gaveanews.com\/index.php\/wp-json\/wp\/v2\/comments?post=198520"}],"version-history":[{"count":1,"href":"https:\/\/www.gaveanews.com\/index.php\/wp-json\/wp\/v2\/posts\/198520\/revisions"}],"predecessor-version":[{"id":198521,"href":"https:\/\/www.gaveanews.com\/index.php\/wp-json\/wp\/v2\/posts\/198520\/revisions\/198521"}],"wp:featuredmedia":[{"embeddable":true,"href":"https:\/\/www.gaveanews.com\/index.php\/wp-json\/wp\/v2\/media\/153906"}],"wp:attachment":[{"href":"https:\/\/www.gaveanews.com\/index.php\/wp-json\/wp\/v2\/media?parent=198520"}],"wp:term":[{"taxonomy":"category","embeddable":true,"href":"https:\/\/www.gaveanews.com\/index.php\/wp-json\/wp\/v2\/categories?post=198520"},{"taxonomy":"post_tag","embeddable":true,"href":"https:\/\/www.gaveanews.com\/index.php\/wp-json\/wp\/v2\/tags?post=198520"}],"curies":[{"name":"wp","href":"https:\/\/api.w.org\/{rel}","templated":true}]}}