{"id":198530,"date":"2024-12-13T13:40:51","date_gmt":"2024-12-13T16:40:51","guid":{"rendered":"https:\/\/www.gaveanews.com\/?p=198530"},"modified":"2024-12-13T13:33:50","modified_gmt":"2024-12-13T16:33:50","slug":"gremio-negocia-com-tecnico-campeao-brasileiro-para-assumir-em-2025","status":"publish","type":"post","link":"https:\/\/www.gaveanews.com\/index.php\/2024\/12\/13\/gremio-negocia-com-tecnico-campeao-brasileiro-para-assumir-em-2025\/","title":{"rendered":"Gr\u00eamio negocia com t\u00e9cnico campe\u00e3o brasileiro para assumir em 2025"},"content":{"rendered":"\n<p>O Gr\u00eamio est\u00e1 planejando uma ampla reformula\u00e7\u00e3o em seu departamento de futebol, com foco na pr\u00f3xima temporada. Como parte desse processo, o clube deu in\u00edcio \u00e0s negocia\u00e7\u00f5es com F\u00e1bio Carille, que surge como principal candidato para assumir o comando t\u00e9cnico da equipe.<\/p>\n\n\n\n<ul class=\"wp-block-list\">\n<li><a href=\"https:\/\/www.gaveanews.com\/index.php\/2024\/12\/12\/baldasso-aponta-treinador-para-substituir-renato-gaucho-no-gremio\/\">Baldasso aponta treinador para substituir Renato Ga\u00facho no Gr\u00eamio<\/a><\/li>\n\n\n\n<li><a href=\"https:\/\/www.gaveanews.com\/index.php\/2024\/12\/12\/bom-negocio-gremio-tem-interesse-em-jogador-do-athletico-pr\/\">Bom neg\u00f3cio? Gr\u00eamio tem interesse em jogador do Athletico-PR<\/a><\/li>\n<\/ul>\n\n\n\n<p>Conforme informa\u00e7\u00f5es divulgadas pela ESPN, Carille \u00e9 o nome mais cotado para substituir Renato, que j\u00e1 anunciou sua sa\u00edda do clube ap\u00f3s uma longa trajet\u00f3ria em Porto Alegre. As conversas entre as partes est\u00e3o em andamento e j\u00e1 envolvem ajustes salariais para viabilizar um acordo definitivo antes do in\u00edcio da nova temporada.<\/p>\n\n\n\n<p>Al\u00e9m da busca por um novo t\u00e9cnico, o clube tamb\u00e9m trabalha em mudan\u00e7as estrat\u00e9gicas em outras \u00e1reas do departamento de futebol. Entre as novidades, Luiz Felipe Scolari, figura emblem\u00e1tica na hist\u00f3ria do Gr\u00eamio, est\u00e1 pr\u00f3ximo de retornar ao clube. No entanto, desta vez, sua atua\u00e7\u00e3o ser\u00e1 na posi\u00e7\u00e3o de coordenador t\u00e9cnico, contribuindo com sua experi\u00eancia para a estrutura\u00e7\u00e3o do time.<\/p>\n\n\n\n<p>Ainda de acordo com a pubiica\u00e7\u00e3o, Scolari j\u00e1 teria dado seu aval para a contrata\u00e7\u00e3o de Carille, refor\u00e7ando a confian\u00e7a no t\u00e9cnico para liderar a equipe em 2024. Diante disso, os ajustes e negocia\u00e7\u00f5es continuam avan\u00e7ando com o objetivo de consolidar a nova equipe t\u00e9cnica.<\/p>\n\n\n\n<p>Enquanto Carille encerrou recentemente sua passagem como treinador do Santos, Scolari permanece longe dos gramados desde sua \u00faltima experi\u00eancia no comando do Atl\u00e9tico-MG. Essa combina\u00e7\u00e3o de experi\u00eancias coloca ambos em posi\u00e7\u00f5es estrat\u00e9gicas para contribuir com o projeto de renova\u00e7\u00e3o do Gr\u00eamio.<\/p>\n\n\n<div class=\"wp-block-image\">\n<figure class=\"aligncenter size-large\"><img loading=\"lazy\" decoding=\"async\" width=\"1024\" height=\"675\" src=\"https:\/\/www.gaveanews.com\/wp-content\/uploads\/Fabio-Carille-treinando-o-Santos-1024x675.webp\" alt=\"\" class=\"wp-image-153906\" srcset=\"https:\/\/www.gaveanews.com\/wp-content\/uploads\/Fabio-Carille-treinando-o-Santos-1024x675.webp 1024w, https:\/\/www.gaveanews.com\/wp-content\/uploads\/Fabio-Carille-treinando-o-Santos-300x198.webp 300w, https:\/\/www.gaveanews.com\/wp-content\/uploads\/Fabio-Carille-treinando-o-Santos-768x506.webp 768w, https:\/\/www.gaveanews.com\/wp-content\/uploads\/Fabio-Carille-treinando-o-Santos-1536x1012.webp 1536w, https:\/\/www.gaveanews.com\/wp-content\/uploads\/Fabio-Carille-treinando-o-Santos-638x420.webp 638w, https:\/\/www.gaveanews.com\/wp-content\/uploads\/Fabio-Carille-treinando-o-Santos-1275x840.webp 1275w, https:\/\/www.gaveanews.com\/wp-content\/uploads\/Fabio-Carille-treinando-o-Santos-640x422.webp 640w, https:\/\/www.gaveanews.com\/wp-content\/uploads\/Fabio-Carille-treinando-o-Santos-1280x843.webp 1280w, https:\/\/www.gaveanews.com\/wp-content\/uploads\/Fabio-Carille-treinando-o-Santos-681x449.webp 681w, https:\/\/www.gaveanews.com\/wp-content\/uploads\/Fabio-Carille-treinando-o-Santos-1362x897.webp 1362w, https:\/\/www.gaveanews.com\/wp-content\/uploads\/Fabio-Carille-treinando-o-Santos-100x66.webp 100w, https:\/\/www.gaveanews.com\/wp-content\/uploads\/Fabio-Carille-treinando-o-Santos.webp 1600w\" sizes=\"auto, (max-width: 1024px) 100vw, 1024px\" \/><figcaption class=\"wp-element-caption\">F\u00e1bio Carille treinando o Santos (Foto: Reprodu\u00e7\u00e3o\/Santos)<\/figcaption><\/figure>\n<\/div>\n\n\n<h2 class=\"wp-block-heading\" id=\"h-fabio-carille-rejeita-proposta-do-mirassol\">F\u00e1bio Carille rejeita proposta do Mirassol<\/h2>\n\n\n\n<p>Em outro contexto, o t\u00e9cnico F\u00e1bio Carille recusou a oferta apresentada pelo Mirassol. Com isso, as conversas foram encerradas oficialmente, e o clube segue em busca de um comandante para a S\u00e9rie A do Campeonato Brasileiro.<\/p>\n\n\n\n<p>Anteriormente, o Mirassol havia apresentado uma proposta formal e aguardava retorno, conforme apontaram fontes ligadas ao clube. Contudo, as tratativas n\u00e3o avan\u00e7aram, resultando no encerramento das negocia\u00e7\u00f5es.<\/p>\n\n\n\n<p>O Mirassol, que est\u00e1 sem t\u00e9cnico h\u00e1 mais de duas semanas, desde a sa\u00edda de Mozart para o Coritiba, prioriza a contrata\u00e7\u00e3o de um novo profissional. A decis\u00e3o visa suprir a aus\u00eancia no comando t\u00e9cnico e garantir a prepara\u00e7\u00e3o necess\u00e1ria para os desafios das pr\u00f3ximas competi\u00e7\u00f5es.<\/p>\n","protected":false},"excerpt":{"rendered":"<p>O Gr\u00eamio est\u00e1 planejando uma ampla reformula\u00e7\u00e3o em seu departamento de futebol, com foco na pr\u00f3xima temporada. Como parte desse processo, o clube deu in\u00edcio \u00e0s negocia\u00e7\u00f5es com F\u00e1bio Carille, que surge como principal candidato para assumir o comando t\u00e9cnico da equipe. Conforme informa\u00e7\u00f5es divulgadas pela ESPN, Carille \u00e9 o nome mais cotado para substituir [&hellip;]<\/p>\n","protected":false},"author":28,"featured_media":154785,"comment_status":"open","ping_status":"closed","sticky":false,"template":"","format":"standard","meta":{"footnotes":""},"categories":[147],"tags":[],"class_list":["post-198530","post","type-post","status-publish","format-standard","has-post-thumbnail","hentry","category-gremio"],"yoast_head":"<!-- This site is optimized with the Yoast SEO Premium plugin v24.2 (Yoast SEO v26.9) - https:\/\/yoast.com\/product\/yoast-seo-premium-wordpress\/ -->\n<title>Gr\u00eamio negocia com t\u00e9cnico campe\u00e3o brasileiro para assumir em 2025<\/title>\n<meta name=\"robots\" content=\"index, follow, max-snippet:-1, max-image-preview:large, max-video-preview:-1\" \/>\n<link rel=\"canonical\" href=\"https:\/\/www.gaveanews.com\/index.php\/2024\/12\/13\/gremio-negocia-com-tecnico-campeao-brasileiro-para-assumir-em-2025\/\" \/>\n<meta property=\"og:locale\" content=\"pt_BR\" \/>\n<meta property=\"og:type\" content=\"article\" \/>\n<meta property=\"og:title\" content=\"Gr\u00eamio negocia com t\u00e9cnico campe\u00e3o brasileiro para assumir em 2025\" \/>\n<meta property=\"og:description\" content=\"O Gr\u00eamio est\u00e1 planejando uma ampla reformula\u00e7\u00e3o em seu departamento de futebol, com foco na pr\u00f3xima temporada. Como parte desse processo, o clube deu in\u00edcio \u00e0s negocia\u00e7\u00f5es com F\u00e1bio Carille, que surge como principal candidato para assumir o comando t\u00e9cnico da equipe. Conforme informa\u00e7\u00f5es divulgadas pela ESPN, Carille \u00e9 o nome mais cotado para substituir [&hellip;]\" \/>\n<meta property=\"og:url\" content=\"https:\/\/www.gaveanews.com\/index.php\/2024\/12\/13\/gremio-negocia-com-tecnico-campeao-brasileiro-para-assumir-em-2025\/\" \/>\n<meta property=\"og:site_name\" content=\"G\u00e1vea News\" \/>\n<meta property=\"article:publisher\" content=\"https:\/\/facebook.com\/gaveaNews\/\" \/>\n<meta property=\"article:published_time\" content=\"2024-12-13T16:40:51+00:00\" \/>\n<meta property=\"og:image\" content=\"https:\/\/www.gaveanews.com\/wp-content\/uploads\/Escudo-do-Gremio.webp\" \/>\n\t<meta property=\"og:image:width\" content=\"1163\" \/>\n\t<meta property=\"og:image:height\" content=\"775\" \/>\n\t<meta property=\"og:image:type\" content=\"image\/webp\" \/>\n<meta name=\"author\" content=\"Hudson Pereira\" \/>\n<meta name=\"twitter:card\" content=\"summary_large_image\" \/>\n<meta name=\"twitter:label1\" content=\"Escrito por\" \/>\n\t<meta name=\"twitter:data1\" content=\"Hudson Pereira\" \/>\n\t<meta name=\"twitter:label2\" content=\"Est. tempo de leitura\" \/>\n\t<meta name=\"twitter:data2\" content=\"3 minutos\" \/>\n<script type=\"application\/ld+json\" class=\"yoast-schema-graph\">{\"@context\":\"https:\/\/schema.org\",\"@graph\":[{\"@type\":\"NewsArticle\",\"@id\":\"https:\/\/www.gaveanews.com\/index.php\/2024\/12\/13\/gremio-negocia-com-tecnico-campeao-brasileiro-para-assumir-em-2025\/#article\",\"isPartOf\":{\"@id\":\"https:\/\/www.gaveanews.com\/index.php\/2024\/12\/13\/gremio-negocia-com-tecnico-campeao-brasileiro-para-assumir-em-2025\/\"},\"author\":{\"name\":\"Hudson Pereira\",\"@id\":\"https:\/\/www.gaveanews.com\/#\/schema\/person\/bd08f00534b403119b92741a6d469ef0\"},\"headline\":\"Gr\u00eamio negocia com t\u00e9cnico campe\u00e3o brasileiro para assumir em 2025\",\"datePublished\":\"2024-12-13T16:40:51+00:00\",\"mainEntityOfPage\":{\"@id\":\"https:\/\/www.gaveanews.com\/index.php\/2024\/12\/13\/gremio-negocia-com-tecnico-campeao-brasileiro-para-assumir-em-2025\/\"},\"wordCount\":457,\"commentCount\":0,\"image\":{\"@id\":\"https:\/\/www.gaveanews.com\/index.php\/2024\/12\/13\/gremio-negocia-com-tecnico-campeao-brasileiro-para-assumir-em-2025\/#primaryimage\"},\"thumbnailUrl\":\"https:\/\/www.gaveanews.com\/wp-content\/uploads\/Escudo-do-Gremio.webp\",\"articleSection\":[\"Gr\u00eamio\"],\"inLanguage\":\"pt-BR\",\"potentialAction\":[{\"@type\":\"CommentAction\",\"name\":\"Comment\",\"target\":[\"https:\/\/www.gaveanews.com\/index.php\/2024\/12\/13\/gremio-negocia-com-tecnico-campeao-brasileiro-para-assumir-em-2025\/#respond\"]}],\"copyrightYear\":\"2024\",\"copyrightHolder\":{\"@id\":\"https:\/\/www.gaveanews.com\/#organization\"}},{\"@type\":\"WebPage\",\"@id\":\"https:\/\/www.gaveanews.com\/index.php\/2024\/12\/13\/gremio-negocia-com-tecnico-campeao-brasileiro-para-assumir-em-2025\/\",\"url\":\"https:\/\/www.gaveanews.com\/index.php\/2024\/12\/13\/gremio-negocia-com-tecnico-campeao-brasileiro-para-assumir-em-2025\/\",\"name\":\"Gr\u00eamio negocia com t\u00e9cnico campe\u00e3o brasileiro para assumir em 2025\",\"isPartOf\":{\"@id\":\"https:\/\/www.gaveanews.com\/#website\"},\"primaryImageOfPage\":{\"@id\":\"https:\/\/www.gaveanews.com\/index.php\/2024\/12\/13\/gremio-negocia-com-tecnico-campeao-brasileiro-para-assumir-em-2025\/#primaryimage\"},\"image\":{\"@id\":\"https:\/\/www.gaveanews.com\/index.php\/2024\/12\/13\/gremio-negocia-com-tecnico-campeao-brasileiro-para-assumir-em-2025\/#primaryimage\"},\"thumbnailUrl\":\"https:\/\/www.gaveanews.com\/wp-content\/uploads\/Escudo-do-Gremio.webp\",\"datePublished\":\"2024-12-13T16:40:51+00:00\",\"author\":{\"@id\":\"https:\/\/www.gaveanews.com\/#\/schema\/person\/bd08f00534b403119b92741a6d469ef0\"},\"breadcrumb\":{\"@id\":\"https:\/\/www.gaveanews.com\/index.php\/2024\/12\/13\/gremio-negocia-com-tecnico-campeao-brasileiro-para-assumir-em-2025\/#breadcrumb\"},\"inLanguage\":\"pt-BR\",\"potentialAction\":[{\"@type\":\"ReadAction\",\"target\":[\"https:\/\/www.gaveanews.com\/index.php\/2024\/12\/13\/gremio-negocia-com-tecnico-campeao-brasileiro-para-assumir-em-2025\/\"]}]},{\"@type\":\"ImageObject\",\"inLanguage\":\"pt-BR\",\"@id\":\"https:\/\/www.gaveanews.com\/index.php\/2024\/12\/13\/gremio-negocia-com-tecnico-campeao-brasileiro-para-assumir-em-2025\/#primaryimage\",\"url\":\"https:\/\/www.gaveanews.com\/wp-content\/uploads\/Escudo-do-Gremio.webp\",\"contentUrl\":\"https:\/\/www.gaveanews.com\/wp-content\/uploads\/Escudo-do-Gremio.webp\",\"width\":1163,\"height\":775,\"caption\":\"Escudo do Gr\u00eamio (Foto: Reprodu\u00e7\u00e3o\/Gr\u00eamio)\"},{\"@type\":\"BreadcrumbList\",\"@id\":\"https:\/\/www.gaveanews.com\/index.php\/2024\/12\/13\/gremio-negocia-com-tecnico-campeao-brasileiro-para-assumir-em-2025\/#breadcrumb\",\"itemListElement\":[{\"@type\":\"ListItem\",\"position\":1,\"name\":\"Home\",\"item\":\"https:\/\/www.gaveanews.com\/\"},{\"@type\":\"ListItem\",\"position\":2,\"name\":\"Gr\u00eamio negocia com t\u00e9cnico campe\u00e3o brasileiro para assumir em 2025\"}]},{\"@type\":\"WebSite\",\"@id\":\"https:\/\/www.gaveanews.com\/#website\",\"url\":\"https:\/\/www.gaveanews.com\/\",\"name\":\"G\u00e1vea News\",\"description\":\"Veja todas as not\u00edcias sobre o Flamengo: Contrata\u00e7\u00f5es, categorias de base, resultados das partidas, tabela de classifica\u00e7\u00e3o, pr\u00f3ximos jogos!\",\"potentialAction\":[{\"@type\":\"SearchAction\",\"target\":{\"@type\":\"EntryPoint\",\"urlTemplate\":\"https:\/\/www.gaveanews.com\/?s={search_term_string}\"},\"query-input\":{\"@type\":\"PropertyValueSpecification\",\"valueRequired\":true,\"valueName\":\"search_term_string\"}}],\"inLanguage\":\"pt-BR\"},{\"@type\":\"Person\",\"@id\":\"https:\/\/www.gaveanews.com\/#\/schema\/person\/bd08f00534b403119b92741a6d469ef0\",\"name\":\"Hudson Pereira\",\"image\":{\"@type\":\"ImageObject\",\"inLanguage\":\"pt-BR\",\"@id\":\"https:\/\/www.gaveanews.com\/#\/schema\/person\/image\/\",\"url\":\"https:\/\/secure.gravatar.com\/avatar\/ecc491b489e454e510efffc9b23c1052ce5fb4f2e05555768ba65819cd55f03e?s=96&d=mm&r=g\",\"contentUrl\":\"https:\/\/secure.gravatar.com\/avatar\/ecc491b489e454e510efffc9b23c1052ce5fb4f2e05555768ba65819cd55f03e?s=96&d=mm&r=g\",\"caption\":\"Hudson Pereira\"}}]}<\/script>\n<!-- \/ Yoast SEO Premium plugin. -->","yoast_head_json":{"title":"Gr\u00eamio negocia com t\u00e9cnico campe\u00e3o brasileiro para assumir em 2025","robots":{"index":"index","follow":"follow","max-snippet":"max-snippet:-1","max-image-preview":"max-image-preview:large","max-video-preview":"max-video-preview:-1"},"canonical":"https:\/\/www.gaveanews.com\/index.php\/2024\/12\/13\/gremio-negocia-com-tecnico-campeao-brasileiro-para-assumir-em-2025\/","og_locale":"pt_BR","og_type":"article","og_title":"Gr\u00eamio negocia com t\u00e9cnico campe\u00e3o brasileiro para assumir em 2025","og_description":"O Gr\u00eamio est\u00e1 planejando uma ampla reformula\u00e7\u00e3o em seu departamento de futebol, com foco na pr\u00f3xima temporada. Como parte desse processo, o clube deu in\u00edcio \u00e0s negocia\u00e7\u00f5es com F\u00e1bio Carille, que surge como principal candidato para assumir o comando t\u00e9cnico da equipe. Conforme informa\u00e7\u00f5es divulgadas pela ESPN, Carille \u00e9 o nome mais cotado para substituir [&hellip;]","og_url":"https:\/\/www.gaveanews.com\/index.php\/2024\/12\/13\/gremio-negocia-com-tecnico-campeao-brasileiro-para-assumir-em-2025\/","og_site_name":"G\u00e1vea News","article_publisher":"https:\/\/facebook.com\/gaveaNews\/","article_published_time":"2024-12-13T16:40:51+00:00","og_image":[{"width":1163,"height":775,"url":"https:\/\/www.gaveanews.com\/wp-content\/uploads\/Escudo-do-Gremio.webp","type":"image\/webp"}],"author":"Hudson Pereira","twitter_card":"summary_large_image","twitter_misc":{"Escrito por":"Hudson Pereira","Est. tempo de leitura":"3 minutos"},"schema":{"@context":"https:\/\/schema.org","@graph":[{"@type":"NewsArticle","@id":"https:\/\/www.gaveanews.com\/index.php\/2024\/12\/13\/gremio-negocia-com-tecnico-campeao-brasileiro-para-assumir-em-2025\/#article","isPartOf":{"@id":"https:\/\/www.gaveanews.com\/index.php\/2024\/12\/13\/gremio-negocia-com-tecnico-campeao-brasileiro-para-assumir-em-2025\/"},"author":{"name":"Hudson Pereira","@id":"https:\/\/www.gaveanews.com\/#\/schema\/person\/bd08f00534b403119b92741a6d469ef0"},"headline":"Gr\u00eamio negocia com t\u00e9cnico campe\u00e3o brasileiro para assumir em 2025","datePublished":"2024-12-13T16:40:51+00:00","mainEntityOfPage":{"@id":"https:\/\/www.gaveanews.com\/index.php\/2024\/12\/13\/gremio-negocia-com-tecnico-campeao-brasileiro-para-assumir-em-2025\/"},"wordCount":457,"commentCount":0,"image":{"@id":"https:\/\/www.gaveanews.com\/index.php\/2024\/12\/13\/gremio-negocia-com-tecnico-campeao-brasileiro-para-assumir-em-2025\/#primaryimage"},"thumbnailUrl":"https:\/\/www.gaveanews.com\/wp-content\/uploads\/Escudo-do-Gremio.webp","articleSection":["Gr\u00eamio"],"inLanguage":"pt-BR","potentialAction":[{"@type":"CommentAction","name":"Comment","target":["https:\/\/www.gaveanews.com\/index.php\/2024\/12\/13\/gremio-negocia-com-tecnico-campeao-brasileiro-para-assumir-em-2025\/#respond"]}],"copyrightYear":"2024","copyrightHolder":{"@id":"https:\/\/www.gaveanews.com\/#organization"}},{"@type":"WebPage","@id":"https:\/\/www.gaveanews.com\/index.php\/2024\/12\/13\/gremio-negocia-com-tecnico-campeao-brasileiro-para-assumir-em-2025\/","url":"https:\/\/www.gaveanews.com\/index.php\/2024\/12\/13\/gremio-negocia-com-tecnico-campeao-brasileiro-para-assumir-em-2025\/","name":"Gr\u00eamio negocia com t\u00e9cnico campe\u00e3o brasileiro para assumir em 2025","isPartOf":{"@id":"https:\/\/www.gaveanews.com\/#website"},"primaryImageOfPage":{"@id":"https:\/\/www.gaveanews.com\/index.php\/2024\/12\/13\/gremio-negocia-com-tecnico-campeao-brasileiro-para-assumir-em-2025\/#primaryimage"},"image":{"@id":"https:\/\/www.gaveanews.com\/index.php\/2024\/12\/13\/gremio-negocia-com-tecnico-campeao-brasileiro-para-assumir-em-2025\/#primaryimage"},"thumbnailUrl":"https:\/\/www.gaveanews.com\/wp-content\/uploads\/Escudo-do-Gremio.webp","datePublished":"2024-12-13T16:40:51+00:00","author":{"@id":"https:\/\/www.gaveanews.com\/#\/schema\/person\/bd08f00534b403119b92741a6d469ef0"},"breadcrumb":{"@id":"https:\/\/www.gaveanews.com\/index.php\/2024\/12\/13\/gremio-negocia-com-tecnico-campeao-brasileiro-para-assumir-em-2025\/#breadcrumb"},"inLanguage":"pt-BR","potentialAction":[{"@type":"ReadAction","target":["https:\/\/www.gaveanews.com\/index.php\/2024\/12\/13\/gremio-negocia-com-tecnico-campeao-brasileiro-para-assumir-em-2025\/"]}]},{"@type":"ImageObject","inLanguage":"pt-BR","@id":"https:\/\/www.gaveanews.com\/index.php\/2024\/12\/13\/gremio-negocia-com-tecnico-campeao-brasileiro-para-assumir-em-2025\/#primaryimage","url":"https:\/\/www.gaveanews.com\/wp-content\/uploads\/Escudo-do-Gremio.webp","contentUrl":"https:\/\/www.gaveanews.com\/wp-content\/uploads\/Escudo-do-Gremio.webp","width":1163,"height":775,"caption":"Escudo do Gr\u00eamio (Foto: Reprodu\u00e7\u00e3o\/Gr\u00eamio)"},{"@type":"BreadcrumbList","@id":"https:\/\/www.gaveanews.com\/index.php\/2024\/12\/13\/gremio-negocia-com-tecnico-campeao-brasileiro-para-assumir-em-2025\/#breadcrumb","itemListElement":[{"@type":"ListItem","position":1,"name":"Home","item":"https:\/\/www.gaveanews.com\/"},{"@type":"ListItem","position":2,"name":"Gr\u00eamio negocia com t\u00e9cnico campe\u00e3o brasileiro para assumir em 2025"}]},{"@type":"WebSite","@id":"https:\/\/www.gaveanews.com\/#website","url":"https:\/\/www.gaveanews.com\/","name":"G\u00e1vea News","description":"Veja todas as not\u00edcias sobre o Flamengo: Contrata\u00e7\u00f5es, categorias de base, resultados das partidas, tabela de classifica\u00e7\u00e3o, pr\u00f3ximos jogos!","potentialAction":[{"@type":"SearchAction","target":{"@type":"EntryPoint","urlTemplate":"https:\/\/www.gaveanews.com\/?s={search_term_string}"},"query-input":{"@type":"PropertyValueSpecification","valueRequired":true,"valueName":"search_term_string"}}],"inLanguage":"pt-BR"},{"@type":"Person","@id":"https:\/\/www.gaveanews.com\/#\/schema\/person\/bd08f00534b403119b92741a6d469ef0","name":"Hudson Pereira","image":{"@type":"ImageObject","inLanguage":"pt-BR","@id":"https:\/\/www.gaveanews.com\/#\/schema\/person\/image\/","url":"https:\/\/secure.gravatar.com\/avatar\/ecc491b489e454e510efffc9b23c1052ce5fb4f2e05555768ba65819cd55f03e?s=96&d=mm&r=g","contentUrl":"https:\/\/secure.gravatar.com\/avatar\/ecc491b489e454e510efffc9b23c1052ce5fb4f2e05555768ba65819cd55f03e?s=96&d=mm&r=g","caption":"Hudson Pereira"}}]}},"_links":{"self":[{"href":"https:\/\/www.gaveanews.com\/index.php\/wp-json\/wp\/v2\/posts\/198530","targetHints":{"allow":["GET"]}}],"collection":[{"href":"https:\/\/www.gaveanews.com\/index.php\/wp-json\/wp\/v2\/posts"}],"about":[{"href":"https:\/\/www.gaveanews.com\/index.php\/wp-json\/wp\/v2\/types\/post"}],"author":[{"embeddable":true,"href":"https:\/\/www.gaveanews.com\/index.php\/wp-json\/wp\/v2\/users\/28"}],"replies":[{"embeddable":true,"href":"https:\/\/www.gaveanews.com\/index.php\/wp-json\/wp\/v2\/comments?post=198530"}],"version-history":[{"count":3,"href":"https:\/\/www.gaveanews.com\/index.php\/wp-json\/wp\/v2\/posts\/198530\/revisions"}],"predecessor-version":[{"id":198537,"href":"https:\/\/www.gaveanews.com\/index.php\/wp-json\/wp\/v2\/posts\/198530\/revisions\/198537"}],"wp:featuredmedia":[{"embeddable":true,"href":"https:\/\/www.gaveanews.com\/index.php\/wp-json\/wp\/v2\/media\/154785"}],"wp:attachment":[{"href":"https:\/\/www.gaveanews.com\/index.php\/wp-json\/wp\/v2\/media?parent=198530"}],"wp:term":[{"taxonomy":"category","embeddable":true,"href":"https:\/\/www.gaveanews.com\/index.php\/wp-json\/wp\/v2\/categories?post=198530"},{"taxonomy":"post_tag","embeddable":true,"href":"https:\/\/www.gaveanews.com\/index.php\/wp-json\/wp\/v2\/tags?post=198530"}],"curies":[{"name":"wp","href":"https:\/\/api.w.org\/{rel}","templated":true}]}}