{"id":198555,"date":"2024-12-13T13:10:20","date_gmt":"2024-12-13T16:10:20","guid":{"rendered":"https:\/\/www.gaveanews.com\/?p=198555"},"modified":"2024-12-13T12:00:53","modified_gmt":"2024-12-13T15:00:53","slug":"a-declaracao-de-zetti-idolo-do-sao-paulo-sobre-o-botafogo","status":"publish","type":"post","link":"https:\/\/www.gaveanews.com\/index.php\/2024\/12\/13\/a-declaracao-de-zetti-idolo-do-sao-paulo-sobre-o-botafogo\/","title":{"rendered":"A declara\u00e7\u00e3o de Zetti, \u00eddolo do S\u00e3o Paulo, sobre o Botafogo"},"content":{"rendered":"\n<h2 class=\"wp-block-heading\" id=\"h-zetti-defende-trabalho-de-zubeldia-e-elogia-referencias-no-botafogo\">Zetti defende trabalho de Zubeld\u00eda e elogia refer\u00eancias no Botafogo<\/h2>\n\n\n\n<p>\u00cddolo do S\u00e3o Paulo, o ex-goleiro Zetti avaliou de forma positiva o desempenho do clube na temporada 2024, mesmo sem grandes conquistas. Em entrevista \u00e0 <em>R\u00e1dio Craque Neto<\/em>, ele destacou o contexto competitivo do futebol brasileiro e usou o exemplo do Botafogo como modelo de simplicidade e efici\u00eancia que o Tricolor deve buscar em 2025.<\/p>\n\n\n\n<ul class=\"wp-block-list\">\n<li><a href=\"https:\/\/www.gaveanews.com\/index.php\/2024\/12\/12\/bom-negocio-jogadores-do-sao-paulo-sao-oferecidos-ao-cruzeiro\/\">Bom neg\u00f3cio? Jogadores do S\u00e3o Paulo s\u00e3o oferecidos ao Cruzeiro<\/a><\/li>\n\n\n\n<li><a href=\"https:\/\/www.gaveanews.com\/index.php\/2024\/12\/12\/sao-paulo-oficializa-proposta-por-volante\/\">S\u00e3o Paulo oficializa proposta por volante<\/a><\/li>\n<\/ul>\n\n\n\n<p>\u201cO Botafogo, no segundo ano seguido, fez uma campanha maravilhosa de equil\u00edbrio e com grandes jogadores. Um futebol simples, mas muito eficiente. O S\u00e3o Paulo precisa buscar isso tamb\u00e9m. Eu acho que n\u00e3o foi decep\u00e7\u00e3o, tamb\u00e9m revelou v\u00e1rios jogadores\u201d, afirmou Zetti.<\/p>\n\n\n\n<p>Apesar das cr\u00edticas e da press\u00e3o, Luis Zubeld\u00eda deve permanecer no comando do S\u00e3o Paulo na pr\u00f3xima temporada, decis\u00e3o que conta com o apoio de Zetti. Para ele, a continuidade do treinador pode fortalecer o trabalho nas categorias de base, que o ex-goleiro considera um dos pilares para o futuro do clube.<\/p>\n\n\n\n<p>\u201cEu sou a favor do trabalho que est\u00e1 sendo feito. \u00c9 com a diretoria, eu n\u00e3o consigo emitir opini\u00e3o porque eu trabalho na base do S\u00e3o Paulo. O profissional estando bem, a base trabalha muito bem\u201d, comentou.<\/p>\n\n\n\n<p>Sem o mesmo poder financeiro de clubes como Botafogo, Flamengo e Palmeiras, o S\u00e3o Paulo busca estabilidade fora de campo para planejar um 2025 mais competitivo. Zetti acredita que a gest\u00e3o de Julio Casares est\u00e1 no caminho certo para alcan\u00e7ar o equil\u00edbrio financeiro e, com refor\u00e7os pontuais, melhorar o desempenho da equipe.<\/p>\n\n\n\n<p>\u201cO S\u00e3o Paulo vai buscar alguns refor\u00e7os, isso deve acontecer. O S\u00e3o Paulo, na parte financeira, deve ter feito um trabalho para se estabilizar o ano que vem. O Julio Casares tem se esfor\u00e7ado bastante para dar um equil\u00edbrio financeiro ao S\u00e3o Paulo. No ano de 2025 pode acontecer o equil\u00edbrio e com alguns refor\u00e7os\u201d, projetou.<\/p>\n","protected":false},"excerpt":{"rendered":"<p>Zetti defende trabalho de Zubeld\u00eda e elogia refer\u00eancias no Botafogo \u00cddolo do S\u00e3o Paulo, o ex-goleiro Zetti avaliou de forma positiva o desempenho do clube na temporada 2024, mesmo sem grandes conquistas. Em entrevista \u00e0 R\u00e1dio Craque Neto, ele destacou o contexto competitivo do futebol brasileiro e usou o exemplo do Botafogo como modelo de [&hellip;]<\/p>\n","protected":false},"author":17,"featured_media":154941,"comment_status":"open","ping_status":"closed","sticky":false,"template":"","format":"standard","meta":{"footnotes":""},"categories":[138,151],"tags":[],"class_list":["post-198555","post","type-post","status-publish","format-standard","has-post-thumbnail","hentry","category-botafogo","category-sao-paulo"],"yoast_head":"<!-- This site is optimized with the Yoast SEO Premium plugin v24.2 (Yoast SEO v26.9) - https:\/\/yoast.com\/product\/yoast-seo-premium-wordpress\/ -->\n<title>A declara\u00e7\u00e3o de Zetti, \u00eddolo do S\u00e3o Paulo, sobre o Botafogo<\/title>\n<meta name=\"robots\" content=\"index, follow, max-snippet:-1, max-image-preview:large, max-video-preview:-1\" \/>\n<link rel=\"canonical\" href=\"https:\/\/www.gaveanews.com\/index.php\/2024\/12\/13\/a-declaracao-de-zetti-idolo-do-sao-paulo-sobre-o-botafogo\/\" \/>\n<meta property=\"og:locale\" content=\"pt_BR\" \/>\n<meta property=\"og:type\" content=\"article\" \/>\n<meta property=\"og:title\" content=\"A declara\u00e7\u00e3o de Zetti, \u00eddolo do S\u00e3o Paulo, sobre o Botafogo\" \/>\n<meta property=\"og:description\" content=\"Zetti defende trabalho de Zubeld\u00eda e elogia refer\u00eancias no Botafogo \u00cddolo do S\u00e3o Paulo, o ex-goleiro Zetti avaliou de forma positiva o desempenho do clube na temporada 2024, mesmo sem grandes conquistas. Em entrevista \u00e0 R\u00e1dio Craque Neto, ele destacou o contexto competitivo do futebol brasileiro e usou o exemplo do Botafogo como modelo de [&hellip;]\" \/>\n<meta property=\"og:url\" content=\"https:\/\/www.gaveanews.com\/index.php\/2024\/12\/13\/a-declaracao-de-zetti-idolo-do-sao-paulo-sobre-o-botafogo\/\" \/>\n<meta property=\"og:site_name\" content=\"G\u00e1vea News\" \/>\n<meta property=\"article:publisher\" content=\"https:\/\/facebook.com\/gaveaNews\/\" \/>\n<meta property=\"article:published_time\" content=\"2024-12-13T16:10:20+00:00\" \/>\n<meta property=\"og:image\" content=\"https:\/\/www.gaveanews.com\/wp-content\/uploads\/Zetti-durante-coletiva-de-imprensa-no-CT-so-Sao-Paulo.webp\" \/>\n\t<meta property=\"og:image:width\" content=\"729\" \/>\n\t<meta property=\"og:image:height\" content=\"400\" \/>\n\t<meta property=\"og:image:type\" content=\"image\/jpeg\" \/>\n<meta name=\"author\" content=\"Geovanna Thomaz\" \/>\n<meta name=\"twitter:card\" content=\"summary_large_image\" \/>\n<meta name=\"twitter:label1\" content=\"Escrito por\" \/>\n\t<meta name=\"twitter:data1\" content=\"Geovanna Thomaz\" \/>\n\t<meta name=\"twitter:label2\" content=\"Est. tempo de leitura\" \/>\n\t<meta name=\"twitter:data2\" content=\"2 minutos\" \/>\n<script type=\"application\/ld+json\" class=\"yoast-schema-graph\">{\"@context\":\"https:\/\/schema.org\",\"@graph\":[{\"@type\":\"NewsArticle\",\"@id\":\"https:\/\/www.gaveanews.com\/index.php\/2024\/12\/13\/a-declaracao-de-zetti-idolo-do-sao-paulo-sobre-o-botafogo\/#article\",\"isPartOf\":{\"@id\":\"https:\/\/www.gaveanews.com\/index.php\/2024\/12\/13\/a-declaracao-de-zetti-idolo-do-sao-paulo-sobre-o-botafogo\/\"},\"author\":{\"name\":\"Geovanna Thomaz\",\"@id\":\"https:\/\/www.gaveanews.com\/#\/schema\/person\/f42654babcd2b2014a1a65af82b081f1\"},\"headline\":\"A declara\u00e7\u00e3o de Zetti, \u00eddolo do S\u00e3o Paulo, sobre o Botafogo\",\"datePublished\":\"2024-12-13T16:10:20+00:00\",\"mainEntityOfPage\":{\"@id\":\"https:\/\/www.gaveanews.com\/index.php\/2024\/12\/13\/a-declaracao-de-zetti-idolo-do-sao-paulo-sobre-o-botafogo\/\"},\"wordCount\":364,\"commentCount\":0,\"image\":{\"@id\":\"https:\/\/www.gaveanews.com\/index.php\/2024\/12\/13\/a-declaracao-de-zetti-idolo-do-sao-paulo-sobre-o-botafogo\/#primaryimage\"},\"thumbnailUrl\":\"https:\/\/www.gaveanews.com\/wp-content\/uploads\/Zetti-durante-coletiva-de-imprensa-no-CT-so-Sao-Paulo.webp\",\"articleSection\":[\"Botafogo\",\"S\u00e3o Paulo\"],\"inLanguage\":\"pt-BR\",\"potentialAction\":[{\"@type\":\"CommentAction\",\"name\":\"Comment\",\"target\":[\"https:\/\/www.gaveanews.com\/index.php\/2024\/12\/13\/a-declaracao-de-zetti-idolo-do-sao-paulo-sobre-o-botafogo\/#respond\"]}],\"copyrightYear\":\"2024\",\"copyrightHolder\":{\"@id\":\"https:\/\/www.gaveanews.com\/#organization\"}},{\"@type\":\"WebPage\",\"@id\":\"https:\/\/www.gaveanews.com\/index.php\/2024\/12\/13\/a-declaracao-de-zetti-idolo-do-sao-paulo-sobre-o-botafogo\/\",\"url\":\"https:\/\/www.gaveanews.com\/index.php\/2024\/12\/13\/a-declaracao-de-zetti-idolo-do-sao-paulo-sobre-o-botafogo\/\",\"name\":\"A declara\u00e7\u00e3o de Zetti, \u00eddolo do S\u00e3o Paulo, sobre o Botafogo\",\"isPartOf\":{\"@id\":\"https:\/\/www.gaveanews.com\/#website\"},\"primaryImageOfPage\":{\"@id\":\"https:\/\/www.gaveanews.com\/index.php\/2024\/12\/13\/a-declaracao-de-zetti-idolo-do-sao-paulo-sobre-o-botafogo\/#primaryimage\"},\"image\":{\"@id\":\"https:\/\/www.gaveanews.com\/index.php\/2024\/12\/13\/a-declaracao-de-zetti-idolo-do-sao-paulo-sobre-o-botafogo\/#primaryimage\"},\"thumbnailUrl\":\"https:\/\/www.gaveanews.com\/wp-content\/uploads\/Zetti-durante-coletiva-de-imprensa-no-CT-so-Sao-Paulo.webp\",\"datePublished\":\"2024-12-13T16:10:20+00:00\",\"author\":{\"@id\":\"https:\/\/www.gaveanews.com\/#\/schema\/person\/f42654babcd2b2014a1a65af82b081f1\"},\"breadcrumb\":{\"@id\":\"https:\/\/www.gaveanews.com\/index.php\/2024\/12\/13\/a-declaracao-de-zetti-idolo-do-sao-paulo-sobre-o-botafogo\/#breadcrumb\"},\"inLanguage\":\"pt-BR\",\"potentialAction\":[{\"@type\":\"ReadAction\",\"target\":[\"https:\/\/www.gaveanews.com\/index.php\/2024\/12\/13\/a-declaracao-de-zetti-idolo-do-sao-paulo-sobre-o-botafogo\/\"]}]},{\"@type\":\"ImageObject\",\"inLanguage\":\"pt-BR\",\"@id\":\"https:\/\/www.gaveanews.com\/index.php\/2024\/12\/13\/a-declaracao-de-zetti-idolo-do-sao-paulo-sobre-o-botafogo\/#primaryimage\",\"url\":\"https:\/\/www.gaveanews.com\/wp-content\/uploads\/Zetti-durante-coletiva-de-imprensa-no-CT-so-Sao-Paulo.webp\",\"contentUrl\":\"https:\/\/www.gaveanews.com\/wp-content\/uploads\/Zetti-durante-coletiva-de-imprensa-no-CT-so-Sao-Paulo.webp\",\"width\":729,\"height\":400,\"caption\":\"Zetti durante coletiva de imprensa no CT so S\u00e3o Paulo (Foto: Reprodu\u00e7\u00e3o\/S\u00e3o Paulo)\"},{\"@type\":\"BreadcrumbList\",\"@id\":\"https:\/\/www.gaveanews.com\/index.php\/2024\/12\/13\/a-declaracao-de-zetti-idolo-do-sao-paulo-sobre-o-botafogo\/#breadcrumb\",\"itemListElement\":[{\"@type\":\"ListItem\",\"position\":1,\"name\":\"Home\",\"item\":\"https:\/\/www.gaveanews.com\/\"},{\"@type\":\"ListItem\",\"position\":2,\"name\":\"A declara\u00e7\u00e3o de Zetti, \u00eddolo do S\u00e3o Paulo, sobre o Botafogo\"}]},{\"@type\":\"WebSite\",\"@id\":\"https:\/\/www.gaveanews.com\/#website\",\"url\":\"https:\/\/www.gaveanews.com\/\",\"name\":\"G\u00e1vea News\",\"description\":\"Veja todas as not\u00edcias sobre o Flamengo: Contrata\u00e7\u00f5es, categorias de base, resultados das partidas, tabela de classifica\u00e7\u00e3o, pr\u00f3ximos jogos!\",\"potentialAction\":[{\"@type\":\"SearchAction\",\"target\":{\"@type\":\"EntryPoint\",\"urlTemplate\":\"https:\/\/www.gaveanews.com\/?s={search_term_string}\"},\"query-input\":{\"@type\":\"PropertyValueSpecification\",\"valueRequired\":true,\"valueName\":\"search_term_string\"}}],\"inLanguage\":\"pt-BR\"},{\"@type\":\"Person\",\"@id\":\"https:\/\/www.gaveanews.com\/#\/schema\/person\/f42654babcd2b2014a1a65af82b081f1\",\"name\":\"Geovanna Thomaz\",\"image\":{\"@type\":\"ImageObject\",\"inLanguage\":\"pt-BR\",\"@id\":\"https:\/\/www.gaveanews.com\/#\/schema\/person\/image\/\",\"url\":\"https:\/\/secure.gravatar.com\/avatar\/4092073255489533afb558984b49b64268c47198af8623cc82a925ae9fb7118a?s=96&d=mm&r=g\",\"contentUrl\":\"https:\/\/secure.gravatar.com\/avatar\/4092073255489533afb558984b49b64268c47198af8623cc82a925ae9fb7118a?s=96&d=mm&r=g\",\"caption\":\"Geovanna Thomaz\"}}]}<\/script>\n<!-- \/ Yoast SEO Premium plugin. -->","yoast_head_json":{"title":"A declara\u00e7\u00e3o de Zetti, \u00eddolo do S\u00e3o Paulo, sobre o Botafogo","robots":{"index":"index","follow":"follow","max-snippet":"max-snippet:-1","max-image-preview":"max-image-preview:large","max-video-preview":"max-video-preview:-1"},"canonical":"https:\/\/www.gaveanews.com\/index.php\/2024\/12\/13\/a-declaracao-de-zetti-idolo-do-sao-paulo-sobre-o-botafogo\/","og_locale":"pt_BR","og_type":"article","og_title":"A declara\u00e7\u00e3o de Zetti, \u00eddolo do S\u00e3o Paulo, sobre o Botafogo","og_description":"Zetti defende trabalho de Zubeld\u00eda e elogia refer\u00eancias no Botafogo \u00cddolo do S\u00e3o Paulo, o ex-goleiro Zetti avaliou de forma positiva o desempenho do clube na temporada 2024, mesmo sem grandes conquistas. Em entrevista \u00e0 R\u00e1dio Craque Neto, ele destacou o contexto competitivo do futebol brasileiro e usou o exemplo do Botafogo como modelo de [&hellip;]","og_url":"https:\/\/www.gaveanews.com\/index.php\/2024\/12\/13\/a-declaracao-de-zetti-idolo-do-sao-paulo-sobre-o-botafogo\/","og_site_name":"G\u00e1vea News","article_publisher":"https:\/\/facebook.com\/gaveaNews\/","article_published_time":"2024-12-13T16:10:20+00:00","og_image":[{"width":729,"height":400,"url":"https:\/\/www.gaveanews.com\/wp-content\/uploads\/Zetti-durante-coletiva-de-imprensa-no-CT-so-Sao-Paulo.webp","type":"image\/jpeg"}],"author":"Geovanna Thomaz","twitter_card":"summary_large_image","twitter_misc":{"Escrito por":"Geovanna Thomaz","Est. tempo de leitura":"2 minutos"},"schema":{"@context":"https:\/\/schema.org","@graph":[{"@type":"NewsArticle","@id":"https:\/\/www.gaveanews.com\/index.php\/2024\/12\/13\/a-declaracao-de-zetti-idolo-do-sao-paulo-sobre-o-botafogo\/#article","isPartOf":{"@id":"https:\/\/www.gaveanews.com\/index.php\/2024\/12\/13\/a-declaracao-de-zetti-idolo-do-sao-paulo-sobre-o-botafogo\/"},"author":{"name":"Geovanna Thomaz","@id":"https:\/\/www.gaveanews.com\/#\/schema\/person\/f42654babcd2b2014a1a65af82b081f1"},"headline":"A declara\u00e7\u00e3o de Zetti, \u00eddolo do S\u00e3o Paulo, sobre o Botafogo","datePublished":"2024-12-13T16:10:20+00:00","mainEntityOfPage":{"@id":"https:\/\/www.gaveanews.com\/index.php\/2024\/12\/13\/a-declaracao-de-zetti-idolo-do-sao-paulo-sobre-o-botafogo\/"},"wordCount":364,"commentCount":0,"image":{"@id":"https:\/\/www.gaveanews.com\/index.php\/2024\/12\/13\/a-declaracao-de-zetti-idolo-do-sao-paulo-sobre-o-botafogo\/#primaryimage"},"thumbnailUrl":"https:\/\/www.gaveanews.com\/wp-content\/uploads\/Zetti-durante-coletiva-de-imprensa-no-CT-so-Sao-Paulo.webp","articleSection":["Botafogo","S\u00e3o Paulo"],"inLanguage":"pt-BR","potentialAction":[{"@type":"CommentAction","name":"Comment","target":["https:\/\/www.gaveanews.com\/index.php\/2024\/12\/13\/a-declaracao-de-zetti-idolo-do-sao-paulo-sobre-o-botafogo\/#respond"]}],"copyrightYear":"2024","copyrightHolder":{"@id":"https:\/\/www.gaveanews.com\/#organization"}},{"@type":"WebPage","@id":"https:\/\/www.gaveanews.com\/index.php\/2024\/12\/13\/a-declaracao-de-zetti-idolo-do-sao-paulo-sobre-o-botafogo\/","url":"https:\/\/www.gaveanews.com\/index.php\/2024\/12\/13\/a-declaracao-de-zetti-idolo-do-sao-paulo-sobre-o-botafogo\/","name":"A declara\u00e7\u00e3o de Zetti, \u00eddolo do S\u00e3o Paulo, sobre o Botafogo","isPartOf":{"@id":"https:\/\/www.gaveanews.com\/#website"},"primaryImageOfPage":{"@id":"https:\/\/www.gaveanews.com\/index.php\/2024\/12\/13\/a-declaracao-de-zetti-idolo-do-sao-paulo-sobre-o-botafogo\/#primaryimage"},"image":{"@id":"https:\/\/www.gaveanews.com\/index.php\/2024\/12\/13\/a-declaracao-de-zetti-idolo-do-sao-paulo-sobre-o-botafogo\/#primaryimage"},"thumbnailUrl":"https:\/\/www.gaveanews.com\/wp-content\/uploads\/Zetti-durante-coletiva-de-imprensa-no-CT-so-Sao-Paulo.webp","datePublished":"2024-12-13T16:10:20+00:00","author":{"@id":"https:\/\/www.gaveanews.com\/#\/schema\/person\/f42654babcd2b2014a1a65af82b081f1"},"breadcrumb":{"@id":"https:\/\/www.gaveanews.com\/index.php\/2024\/12\/13\/a-declaracao-de-zetti-idolo-do-sao-paulo-sobre-o-botafogo\/#breadcrumb"},"inLanguage":"pt-BR","potentialAction":[{"@type":"ReadAction","target":["https:\/\/www.gaveanews.com\/index.php\/2024\/12\/13\/a-declaracao-de-zetti-idolo-do-sao-paulo-sobre-o-botafogo\/"]}]},{"@type":"ImageObject","inLanguage":"pt-BR","@id":"https:\/\/www.gaveanews.com\/index.php\/2024\/12\/13\/a-declaracao-de-zetti-idolo-do-sao-paulo-sobre-o-botafogo\/#primaryimage","url":"https:\/\/www.gaveanews.com\/wp-content\/uploads\/Zetti-durante-coletiva-de-imprensa-no-CT-so-Sao-Paulo.webp","contentUrl":"https:\/\/www.gaveanews.com\/wp-content\/uploads\/Zetti-durante-coletiva-de-imprensa-no-CT-so-Sao-Paulo.webp","width":729,"height":400,"caption":"Zetti durante coletiva de imprensa no CT so S\u00e3o Paulo (Foto: Reprodu\u00e7\u00e3o\/S\u00e3o Paulo)"},{"@type":"BreadcrumbList","@id":"https:\/\/www.gaveanews.com\/index.php\/2024\/12\/13\/a-declaracao-de-zetti-idolo-do-sao-paulo-sobre-o-botafogo\/#breadcrumb","itemListElement":[{"@type":"ListItem","position":1,"name":"Home","item":"https:\/\/www.gaveanews.com\/"},{"@type":"ListItem","position":2,"name":"A declara\u00e7\u00e3o de Zetti, \u00eddolo do S\u00e3o Paulo, sobre o Botafogo"}]},{"@type":"WebSite","@id":"https:\/\/www.gaveanews.com\/#website","url":"https:\/\/www.gaveanews.com\/","name":"G\u00e1vea News","description":"Veja todas as not\u00edcias sobre o Flamengo: Contrata\u00e7\u00f5es, categorias de base, resultados das partidas, tabela de classifica\u00e7\u00e3o, pr\u00f3ximos jogos!","potentialAction":[{"@type":"SearchAction","target":{"@type":"EntryPoint","urlTemplate":"https:\/\/www.gaveanews.com\/?s={search_term_string}"},"query-input":{"@type":"PropertyValueSpecification","valueRequired":true,"valueName":"search_term_string"}}],"inLanguage":"pt-BR"},{"@type":"Person","@id":"https:\/\/www.gaveanews.com\/#\/schema\/person\/f42654babcd2b2014a1a65af82b081f1","name":"Geovanna Thomaz","image":{"@type":"ImageObject","inLanguage":"pt-BR","@id":"https:\/\/www.gaveanews.com\/#\/schema\/person\/image\/","url":"https:\/\/secure.gravatar.com\/avatar\/4092073255489533afb558984b49b64268c47198af8623cc82a925ae9fb7118a?s=96&d=mm&r=g","contentUrl":"https:\/\/secure.gravatar.com\/avatar\/4092073255489533afb558984b49b64268c47198af8623cc82a925ae9fb7118a?s=96&d=mm&r=g","caption":"Geovanna Thomaz"}}]}},"_links":{"self":[{"href":"https:\/\/www.gaveanews.com\/index.php\/wp-json\/wp\/v2\/posts\/198555","targetHints":{"allow":["GET"]}}],"collection":[{"href":"https:\/\/www.gaveanews.com\/index.php\/wp-json\/wp\/v2\/posts"}],"about":[{"href":"https:\/\/www.gaveanews.com\/index.php\/wp-json\/wp\/v2\/types\/post"}],"author":[{"embeddable":true,"href":"https:\/\/www.gaveanews.com\/index.php\/wp-json\/wp\/v2\/users\/17"}],"replies":[{"embeddable":true,"href":"https:\/\/www.gaveanews.com\/index.php\/wp-json\/wp\/v2\/comments?post=198555"}],"version-history":[{"count":2,"href":"https:\/\/www.gaveanews.com\/index.php\/wp-json\/wp\/v2\/posts\/198555\/revisions"}],"predecessor-version":[{"id":198557,"href":"https:\/\/www.gaveanews.com\/index.php\/wp-json\/wp\/v2\/posts\/198555\/revisions\/198557"}],"wp:featuredmedia":[{"embeddable":true,"href":"https:\/\/www.gaveanews.com\/index.php\/wp-json\/wp\/v2\/media\/154941"}],"wp:attachment":[{"href":"https:\/\/www.gaveanews.com\/index.php\/wp-json\/wp\/v2\/media?parent=198555"}],"wp:term":[{"taxonomy":"category","embeddable":true,"href":"https:\/\/www.gaveanews.com\/index.php\/wp-json\/wp\/v2\/categories?post=198555"},{"taxonomy":"post_tag","embeddable":true,"href":"https:\/\/www.gaveanews.com\/index.php\/wp-json\/wp\/v2\/tags?post=198555"}],"curies":[{"name":"wp","href":"https:\/\/api.w.org\/{rel}","templated":true}]}}