{"id":198590,"date":"2024-12-13T14:45:03","date_gmt":"2024-12-13T17:45:03","guid":{"rendered":"https:\/\/www.gaveanews.com\/?p=198590"},"modified":"2024-12-13T14:04:51","modified_gmt":"2024-12-13T17:04:51","slug":"a-declaracao-de-ancelotti-direcionada-a-endrick-2","status":"publish","type":"post","link":"https:\/\/www.gaveanews.com\/index.php\/2024\/12\/13\/a-declaracao-de-ancelotti-direcionada-a-endrick-2\/","title":{"rendered":"A declara\u00e7\u00e3o de Ancelotti direcionada a Endrick"},"content":{"rendered":"\n<p>Ancelotti abriu o jogo sobre as possibilidades de colocar o jovem Endrick nas partidas do Real Madrid, algo que tem pouco acontecido dentro do Real Madrid desde que o jogador chegou ao clube espanhol.<\/p>\n\n\n\n<p>Ancelotti comentou durante entrevista coletiva sobre o plantel de jogadores do Real Madrid, que vem sofrendo para conquistar bons resultados nessa temporada.<\/p>\n\n\n\n<ul class=\"wp-block-list\">\n<li><a href=\"https:\/\/www.gaveanews.com\/index.php\/2024\/12\/02\/real-madrid-a-declaracao-de-ancelotti-direcionada-a-endrick\/\">Real Madrid: a declara\u00e7\u00e3o de Ancelotti direcionada a Endrick<\/a><\/li>\n\n\n\n<li><a href=\"https:\/\/www.gaveanews.com\/index.php\/2024\/12\/10\/a-declaracao-de-carlo-ancelotti-direcionada-a-endrick-do-real-madrid\/\">A declara\u00e7\u00e3o de Carlo Ancelotti direcionada a Endrick, do Real Madrid<\/a><\/li>\n<\/ul>\n\n\n\n<p>Uma das maiores cr\u00edticas ao trabalho de Ancelotti \u00e9 sobre a falta de oportunidades dada ao Endrick, que chegou com status de craque mas n\u00e3o ganhou grandes oportunidades.<\/p>\n\n\n\n<p>Ap\u00f3s o gol que fez na sua estreia na Champions League, Endrick ent\u00e3o n\u00e3o conseguiu boas oportunidades entrando raramente aos finais de partidas.<\/p>\n\n\n\n<p>Ancelotti diz que precisa de um elenco maior para usar mais jogadores e que com um elenco curto \u00e9 dif\u00edcil.<\/p>\n\n\n\n<p>A quest\u00e3o do Endrick, para o t\u00e9cnico, \u00e9 falta de adapta\u00e7\u00e3o e que ele precisa treinar mais para se adequar a equipe do Real Madrid:<\/p>\n\n\n\n<p>\u201c\u00c9 verdade. Posso rodar (o elenco) se tiver jogadores, mas se tiver um plantel de 14 ou 15 jogadores \u00e9 dif\u00edcil rodar. Voc\u00ea fala do Endrick e que dou a ele alguns minutos, bl\u00e1, bl\u00e1, bl\u00e1\u2026 Mas \u00e9 um jogador muito jovem que tem que se adaptar, melhorar\u201d, analisou.<\/p>\n\n\n\n<h2 class=\"wp-block-heading\" id=\"h-quais-as-proximas-partidas-do-real-madrid\">Quais as pr\u00f3ximas partidas do Real Madrid?<\/h2>\n\n\n\n<p>O Real Madrid retorna a campo ap\u00f3s vencer a equipe do Atalanta por 3 a 2 na Champions League amanh\u00e3 (14) \u00e0s 17 horas para enfrentar a equipe do Rayo Vallecano fora de casa pelo Campeonato Espanhol.<\/p>\n\n\n\n<p>Depois, viaja para enfrentar o vencedor de Al Ahly e Pachuca na final da Copa Intercontinental de Clubes da FIFA.<\/p>\n\n\n\n<p>O Real Madrid, portanto, encerra o ano no dia 22 de dezembro enfrentando o Sevilla no Santiago Bernab\u00e9u pelo Campeonato Espanhol retornando apenas no dia 3 fora de casa contra  Valencia.<\/p>\n","protected":false},"excerpt":{"rendered":"<p>Ancelotti abriu o jogo sobre as possibilidades de colocar o jovem Endrick nas partidas do Real Madrid, algo que tem pouco acontecido dentro do Real Madrid desde que o jogador chegou ao clube espanhol. Ancelotti comentou durante entrevista coletiva sobre o plantel de jogadores do Real Madrid, que vem sofrendo para conquistar bons resultados nessa [&hellip;]<\/p>\n","protected":false},"author":19,"featured_media":119629,"comment_status":"open","ping_status":"closed","sticky":false,"template":"","format":"standard","meta":{"footnotes":""},"categories":[88],"tags":[],"class_list":["post-198590","post","type-post","status-publish","format-standard","has-post-thumbnail","hentry","category-real-madrid"],"yoast_head":"<!-- This site is optimized with the Yoast SEO Premium plugin v24.2 (Yoast SEO v26.9) - https:\/\/yoast.com\/product\/yoast-seo-premium-wordpress\/ -->\n<title>A declara\u00e7\u00e3o de Ancelotti direcionada a Endrick<\/title>\n<meta name=\"robots\" content=\"index, follow, max-snippet:-1, max-image-preview:large, max-video-preview:-1\" \/>\n<link rel=\"canonical\" href=\"https:\/\/www.gaveanews.com\/index.php\/2024\/12\/13\/a-declaracao-de-ancelotti-direcionada-a-endrick-2\/\" \/>\n<meta property=\"og:locale\" content=\"pt_BR\" \/>\n<meta property=\"og:type\" content=\"article\" \/>\n<meta property=\"og:title\" content=\"A declara\u00e7\u00e3o de Ancelotti direcionada a Endrick\" \/>\n<meta property=\"og:description\" content=\"Ancelotti abriu o jogo sobre as possibilidades de colocar o jovem Endrick nas partidas do Real Madrid, algo que tem pouco acontecido dentro do Real Madrid desde que o jogador chegou ao clube espanhol. Ancelotti comentou durante entrevista coletiva sobre o plantel de jogadores do Real Madrid, que vem sofrendo para conquistar bons resultados nessa [&hellip;]\" \/>\n<meta property=\"og:url\" content=\"https:\/\/www.gaveanews.com\/index.php\/2024\/12\/13\/a-declaracao-de-ancelotti-direcionada-a-endrick-2\/\" \/>\n<meta property=\"og:site_name\" content=\"G\u00e1vea News\" \/>\n<meta property=\"article:publisher\" content=\"https:\/\/facebook.com\/gaveaNews\/\" \/>\n<meta property=\"article:published_time\" content=\"2024-12-13T17:45:03+00:00\" \/>\n<meta property=\"og:image\" content=\"https:\/\/www.gaveanews.com\/wp-content\/uploads\/2023-04-29t184531z-1598421574-up1ej4t1g3tth-rtrmadp-3-soccer-spain-mad-uda-report.webp\" \/>\n\t<meta property=\"og:image:width\" content=\"984\" \/>\n\t<meta property=\"og:image:height\" content=\"678\" \/>\n\t<meta property=\"og:image:type\" content=\"image\/webp\" \/>\n<meta name=\"author\" content=\"Bruno Zanchetta\" \/>\n<meta name=\"twitter:card\" content=\"summary_large_image\" \/>\n<meta name=\"twitter:label1\" content=\"Escrito por\" \/>\n\t<meta name=\"twitter:data1\" content=\"Bruno Zanchetta\" \/>\n\t<meta name=\"twitter:label2\" content=\"Est. tempo de leitura\" \/>\n\t<meta name=\"twitter:data2\" content=\"2 minutos\" \/>\n<script type=\"application\/ld+json\" class=\"yoast-schema-graph\">{\"@context\":\"https:\/\/schema.org\",\"@graph\":[{\"@type\":\"NewsArticle\",\"@id\":\"https:\/\/www.gaveanews.com\/index.php\/2024\/12\/13\/a-declaracao-de-ancelotti-direcionada-a-endrick-2\/#article\",\"isPartOf\":{\"@id\":\"https:\/\/www.gaveanews.com\/index.php\/2024\/12\/13\/a-declaracao-de-ancelotti-direcionada-a-endrick-2\/\"},\"author\":{\"name\":\"Bruno Zanchetta\",\"@id\":\"https:\/\/www.gaveanews.com\/#\/schema\/person\/32fddefab25b466689f181be346cd98c\"},\"headline\":\"A declara\u00e7\u00e3o de Ancelotti direcionada a Endrick\",\"datePublished\":\"2024-12-13T17:45:03+00:00\",\"mainEntityOfPage\":{\"@id\":\"https:\/\/www.gaveanews.com\/index.php\/2024\/12\/13\/a-declaracao-de-ancelotti-direcionada-a-endrick-2\/\"},\"wordCount\":325,\"commentCount\":0,\"image\":{\"@id\":\"https:\/\/www.gaveanews.com\/index.php\/2024\/12\/13\/a-declaracao-de-ancelotti-direcionada-a-endrick-2\/#primaryimage\"},\"thumbnailUrl\":\"https:\/\/www.gaveanews.com\/wp-content\/uploads\/2023-04-29t184531z-1598421574-up1ej4t1g3tth-rtrmadp-3-soccer-spain-mad-uda-report.webp\",\"articleSection\":[\"Real Madrid\"],\"inLanguage\":\"pt-BR\",\"potentialAction\":[{\"@type\":\"CommentAction\",\"name\":\"Comment\",\"target\":[\"https:\/\/www.gaveanews.com\/index.php\/2024\/12\/13\/a-declaracao-de-ancelotti-direcionada-a-endrick-2\/#respond\"]}],\"copyrightYear\":\"2024\",\"copyrightHolder\":{\"@id\":\"https:\/\/www.gaveanews.com\/#organization\"}},{\"@type\":\"WebPage\",\"@id\":\"https:\/\/www.gaveanews.com\/index.php\/2024\/12\/13\/a-declaracao-de-ancelotti-direcionada-a-endrick-2\/\",\"url\":\"https:\/\/www.gaveanews.com\/index.php\/2024\/12\/13\/a-declaracao-de-ancelotti-direcionada-a-endrick-2\/\",\"name\":\"A declara\u00e7\u00e3o de Ancelotti direcionada a Endrick\",\"isPartOf\":{\"@id\":\"https:\/\/www.gaveanews.com\/#website\"},\"primaryImageOfPage\":{\"@id\":\"https:\/\/www.gaveanews.com\/index.php\/2024\/12\/13\/a-declaracao-de-ancelotti-direcionada-a-endrick-2\/#primaryimage\"},\"image\":{\"@id\":\"https:\/\/www.gaveanews.com\/index.php\/2024\/12\/13\/a-declaracao-de-ancelotti-direcionada-a-endrick-2\/#primaryimage\"},\"thumbnailUrl\":\"https:\/\/www.gaveanews.com\/wp-content\/uploads\/2023-04-29t184531z-1598421574-up1ej4t1g3tth-rtrmadp-3-soccer-spain-mad-uda-report.webp\",\"datePublished\":\"2024-12-13T17:45:03+00:00\",\"author\":{\"@id\":\"https:\/\/www.gaveanews.com\/#\/schema\/person\/32fddefab25b466689f181be346cd98c\"},\"breadcrumb\":{\"@id\":\"https:\/\/www.gaveanews.com\/index.php\/2024\/12\/13\/a-declaracao-de-ancelotti-direcionada-a-endrick-2\/#breadcrumb\"},\"inLanguage\":\"pt-BR\",\"potentialAction\":[{\"@type\":\"ReadAction\",\"target\":[\"https:\/\/www.gaveanews.com\/index.php\/2024\/12\/13\/a-declaracao-de-ancelotti-direcionada-a-endrick-2\/\"]}]},{\"@type\":\"ImageObject\",\"inLanguage\":\"pt-BR\",\"@id\":\"https:\/\/www.gaveanews.com\/index.php\/2024\/12\/13\/a-declaracao-de-ancelotti-direcionada-a-endrick-2\/#primaryimage\",\"url\":\"https:\/\/www.gaveanews.com\/wp-content\/uploads\/2023-04-29t184531z-1598421574-up1ej4t1g3tth-rtrmadp-3-soccer-spain-mad-uda-report.webp\",\"contentUrl\":\"https:\/\/www.gaveanews.com\/wp-content\/uploads\/2023-04-29t184531z-1598421574-up1ej4t1g3tth-rtrmadp-3-soccer-spain-mad-uda-report.webp\",\"width\":984,\"height\":678,\"caption\":\"Carlo Ancelotti, t\u00e9cnico do Real Madrid (Foto: Reuters)\"},{\"@type\":\"BreadcrumbList\",\"@id\":\"https:\/\/www.gaveanews.com\/index.php\/2024\/12\/13\/a-declaracao-de-ancelotti-direcionada-a-endrick-2\/#breadcrumb\",\"itemListElement\":[{\"@type\":\"ListItem\",\"position\":1,\"name\":\"Home\",\"item\":\"https:\/\/www.gaveanews.com\/\"},{\"@type\":\"ListItem\",\"position\":2,\"name\":\"A declara\u00e7\u00e3o de Ancelotti direcionada a Endrick\"}]},{\"@type\":\"WebSite\",\"@id\":\"https:\/\/www.gaveanews.com\/#website\",\"url\":\"https:\/\/www.gaveanews.com\/\",\"name\":\"G\u00e1vea News\",\"description\":\"Veja todas as not\u00edcias sobre o Flamengo: Contrata\u00e7\u00f5es, categorias de base, resultados das partidas, tabela de classifica\u00e7\u00e3o, pr\u00f3ximos jogos!\",\"potentialAction\":[{\"@type\":\"SearchAction\",\"target\":{\"@type\":\"EntryPoint\",\"urlTemplate\":\"https:\/\/www.gaveanews.com\/?s={search_term_string}\"},\"query-input\":{\"@type\":\"PropertyValueSpecification\",\"valueRequired\":true,\"valueName\":\"search_term_string\"}}],\"inLanguage\":\"pt-BR\"},{\"@type\":\"Person\",\"@id\":\"https:\/\/www.gaveanews.com\/#\/schema\/person\/32fddefab25b466689f181be346cd98c\",\"name\":\"Bruno Zanchetta\",\"image\":{\"@type\":\"ImageObject\",\"inLanguage\":\"pt-BR\",\"@id\":\"https:\/\/www.gaveanews.com\/#\/schema\/person\/image\/\",\"url\":\"https:\/\/secure.gravatar.com\/avatar\/3ba2d39f8a912ad65276975a996d6ad8d9e3dd13448684be8dc4d7c17099d2ee?s=96&d=mm&r=g\",\"contentUrl\":\"https:\/\/secure.gravatar.com\/avatar\/3ba2d39f8a912ad65276975a996d6ad8d9e3dd13448684be8dc4d7c17099d2ee?s=96&d=mm&r=g\",\"caption\":\"Bruno Zanchetta\"}}]}<\/script>\n<!-- \/ Yoast SEO Premium plugin. -->","yoast_head_json":{"title":"A declara\u00e7\u00e3o de Ancelotti direcionada a Endrick","robots":{"index":"index","follow":"follow","max-snippet":"max-snippet:-1","max-image-preview":"max-image-preview:large","max-video-preview":"max-video-preview:-1"},"canonical":"https:\/\/www.gaveanews.com\/index.php\/2024\/12\/13\/a-declaracao-de-ancelotti-direcionada-a-endrick-2\/","og_locale":"pt_BR","og_type":"article","og_title":"A declara\u00e7\u00e3o de Ancelotti direcionada a Endrick","og_description":"Ancelotti abriu o jogo sobre as possibilidades de colocar o jovem Endrick nas partidas do Real Madrid, algo que tem pouco acontecido dentro do Real Madrid desde que o jogador chegou ao clube espanhol. Ancelotti comentou durante entrevista coletiva sobre o plantel de jogadores do Real Madrid, que vem sofrendo para conquistar bons resultados nessa [&hellip;]","og_url":"https:\/\/www.gaveanews.com\/index.php\/2024\/12\/13\/a-declaracao-de-ancelotti-direcionada-a-endrick-2\/","og_site_name":"G\u00e1vea News","article_publisher":"https:\/\/facebook.com\/gaveaNews\/","article_published_time":"2024-12-13T17:45:03+00:00","og_image":[{"width":984,"height":678,"url":"https:\/\/www.gaveanews.com\/wp-content\/uploads\/2023-04-29t184531z-1598421574-up1ej4t1g3tth-rtrmadp-3-soccer-spain-mad-uda-report.webp","type":"image\/webp"}],"author":"Bruno Zanchetta","twitter_card":"summary_large_image","twitter_misc":{"Escrito por":"Bruno Zanchetta","Est. tempo de leitura":"2 minutos"},"schema":{"@context":"https:\/\/schema.org","@graph":[{"@type":"NewsArticle","@id":"https:\/\/www.gaveanews.com\/index.php\/2024\/12\/13\/a-declaracao-de-ancelotti-direcionada-a-endrick-2\/#article","isPartOf":{"@id":"https:\/\/www.gaveanews.com\/index.php\/2024\/12\/13\/a-declaracao-de-ancelotti-direcionada-a-endrick-2\/"},"author":{"name":"Bruno Zanchetta","@id":"https:\/\/www.gaveanews.com\/#\/schema\/person\/32fddefab25b466689f181be346cd98c"},"headline":"A declara\u00e7\u00e3o de Ancelotti direcionada a Endrick","datePublished":"2024-12-13T17:45:03+00:00","mainEntityOfPage":{"@id":"https:\/\/www.gaveanews.com\/index.php\/2024\/12\/13\/a-declaracao-de-ancelotti-direcionada-a-endrick-2\/"},"wordCount":325,"commentCount":0,"image":{"@id":"https:\/\/www.gaveanews.com\/index.php\/2024\/12\/13\/a-declaracao-de-ancelotti-direcionada-a-endrick-2\/#primaryimage"},"thumbnailUrl":"https:\/\/www.gaveanews.com\/wp-content\/uploads\/2023-04-29t184531z-1598421574-up1ej4t1g3tth-rtrmadp-3-soccer-spain-mad-uda-report.webp","articleSection":["Real Madrid"],"inLanguage":"pt-BR","potentialAction":[{"@type":"CommentAction","name":"Comment","target":["https:\/\/www.gaveanews.com\/index.php\/2024\/12\/13\/a-declaracao-de-ancelotti-direcionada-a-endrick-2\/#respond"]}],"copyrightYear":"2024","copyrightHolder":{"@id":"https:\/\/www.gaveanews.com\/#organization"}},{"@type":"WebPage","@id":"https:\/\/www.gaveanews.com\/index.php\/2024\/12\/13\/a-declaracao-de-ancelotti-direcionada-a-endrick-2\/","url":"https:\/\/www.gaveanews.com\/index.php\/2024\/12\/13\/a-declaracao-de-ancelotti-direcionada-a-endrick-2\/","name":"A declara\u00e7\u00e3o de Ancelotti direcionada a Endrick","isPartOf":{"@id":"https:\/\/www.gaveanews.com\/#website"},"primaryImageOfPage":{"@id":"https:\/\/www.gaveanews.com\/index.php\/2024\/12\/13\/a-declaracao-de-ancelotti-direcionada-a-endrick-2\/#primaryimage"},"image":{"@id":"https:\/\/www.gaveanews.com\/index.php\/2024\/12\/13\/a-declaracao-de-ancelotti-direcionada-a-endrick-2\/#primaryimage"},"thumbnailUrl":"https:\/\/www.gaveanews.com\/wp-content\/uploads\/2023-04-29t184531z-1598421574-up1ej4t1g3tth-rtrmadp-3-soccer-spain-mad-uda-report.webp","datePublished":"2024-12-13T17:45:03+00:00","author":{"@id":"https:\/\/www.gaveanews.com\/#\/schema\/person\/32fddefab25b466689f181be346cd98c"},"breadcrumb":{"@id":"https:\/\/www.gaveanews.com\/index.php\/2024\/12\/13\/a-declaracao-de-ancelotti-direcionada-a-endrick-2\/#breadcrumb"},"inLanguage":"pt-BR","potentialAction":[{"@type":"ReadAction","target":["https:\/\/www.gaveanews.com\/index.php\/2024\/12\/13\/a-declaracao-de-ancelotti-direcionada-a-endrick-2\/"]}]},{"@type":"ImageObject","inLanguage":"pt-BR","@id":"https:\/\/www.gaveanews.com\/index.php\/2024\/12\/13\/a-declaracao-de-ancelotti-direcionada-a-endrick-2\/#primaryimage","url":"https:\/\/www.gaveanews.com\/wp-content\/uploads\/2023-04-29t184531z-1598421574-up1ej4t1g3tth-rtrmadp-3-soccer-spain-mad-uda-report.webp","contentUrl":"https:\/\/www.gaveanews.com\/wp-content\/uploads\/2023-04-29t184531z-1598421574-up1ej4t1g3tth-rtrmadp-3-soccer-spain-mad-uda-report.webp","width":984,"height":678,"caption":"Carlo Ancelotti, t\u00e9cnico do Real Madrid (Foto: Reuters)"},{"@type":"BreadcrumbList","@id":"https:\/\/www.gaveanews.com\/index.php\/2024\/12\/13\/a-declaracao-de-ancelotti-direcionada-a-endrick-2\/#breadcrumb","itemListElement":[{"@type":"ListItem","position":1,"name":"Home","item":"https:\/\/www.gaveanews.com\/"},{"@type":"ListItem","position":2,"name":"A declara\u00e7\u00e3o de Ancelotti direcionada a Endrick"}]},{"@type":"WebSite","@id":"https:\/\/www.gaveanews.com\/#website","url":"https:\/\/www.gaveanews.com\/","name":"G\u00e1vea News","description":"Veja todas as not\u00edcias sobre o Flamengo: Contrata\u00e7\u00f5es, categorias de base, resultados das partidas, tabela de classifica\u00e7\u00e3o, pr\u00f3ximos jogos!","potentialAction":[{"@type":"SearchAction","target":{"@type":"EntryPoint","urlTemplate":"https:\/\/www.gaveanews.com\/?s={search_term_string}"},"query-input":{"@type":"PropertyValueSpecification","valueRequired":true,"valueName":"search_term_string"}}],"inLanguage":"pt-BR"},{"@type":"Person","@id":"https:\/\/www.gaveanews.com\/#\/schema\/person\/32fddefab25b466689f181be346cd98c","name":"Bruno Zanchetta","image":{"@type":"ImageObject","inLanguage":"pt-BR","@id":"https:\/\/www.gaveanews.com\/#\/schema\/person\/image\/","url":"https:\/\/secure.gravatar.com\/avatar\/3ba2d39f8a912ad65276975a996d6ad8d9e3dd13448684be8dc4d7c17099d2ee?s=96&d=mm&r=g","contentUrl":"https:\/\/secure.gravatar.com\/avatar\/3ba2d39f8a912ad65276975a996d6ad8d9e3dd13448684be8dc4d7c17099d2ee?s=96&d=mm&r=g","caption":"Bruno Zanchetta"}}]}},"_links":{"self":[{"href":"https:\/\/www.gaveanews.com\/index.php\/wp-json\/wp\/v2\/posts\/198590","targetHints":{"allow":["GET"]}}],"collection":[{"href":"https:\/\/www.gaveanews.com\/index.php\/wp-json\/wp\/v2\/posts"}],"about":[{"href":"https:\/\/www.gaveanews.com\/index.php\/wp-json\/wp\/v2\/types\/post"}],"author":[{"embeddable":true,"href":"https:\/\/www.gaveanews.com\/index.php\/wp-json\/wp\/v2\/users\/19"}],"replies":[{"embeddable":true,"href":"https:\/\/www.gaveanews.com\/index.php\/wp-json\/wp\/v2\/comments?post=198590"}],"version-history":[{"count":1,"href":"https:\/\/www.gaveanews.com\/index.php\/wp-json\/wp\/v2\/posts\/198590\/revisions"}],"predecessor-version":[{"id":198596,"href":"https:\/\/www.gaveanews.com\/index.php\/wp-json\/wp\/v2\/posts\/198590\/revisions\/198596"}],"wp:featuredmedia":[{"embeddable":true,"href":"https:\/\/www.gaveanews.com\/index.php\/wp-json\/wp\/v2\/media\/119629"}],"wp:attachment":[{"href":"https:\/\/www.gaveanews.com\/index.php\/wp-json\/wp\/v2\/media?parent=198590"}],"wp:term":[{"taxonomy":"category","embeddable":true,"href":"https:\/\/www.gaveanews.com\/index.php\/wp-json\/wp\/v2\/categories?post=198590"},{"taxonomy":"post_tag","embeddable":true,"href":"https:\/\/www.gaveanews.com\/index.php\/wp-json\/wp\/v2\/tags?post=198590"}],"curies":[{"name":"wp","href":"https:\/\/api.w.org\/{rel}","templated":true}]}}