{"id":198602,"date":"2024-12-13T13:25:54","date_gmt":"2024-12-13T16:25:54","guid":{"rendered":"https:\/\/www.gaveanews.com\/?p=198602"},"modified":"2024-12-13T13:54:08","modified_gmt":"2024-12-13T16:54:08","slug":"gremio-tem-novo-treinador-definido","status":"publish","type":"post","link":"https:\/\/www.gaveanews.com\/index.php\/2024\/12\/13\/gremio-tem-novo-treinador-definido\/","title":{"rendered":"Gr\u00eamio tem novo treinador definido"},"content":{"rendered":"\n<p>O Gr\u00eamio anunciou oficialmente o nome de Fabiano Daitx como o novo treinador da equipe sub-20. Com passagens por diversos clubes do interior do Rio Grande do Sul, o t\u00e9cnico de 50 anos ter\u00e1 a responsabilidade de comandar o time na tradicional Copa S\u00e3o Paulo de Futebol J\u00fanior, competi\u00e7\u00e3o que inicia em janeiro de 2025.<\/p>\n\n\n\n<ul class=\"wp-block-list\">\n<li><a href=\"https:\/\/www.gaveanews.com\/index.php\/2024\/12\/13\/gremio-e-acusado-de-calote-milionario\/\">Gr\u00eamio \u00e9 acusado de calote milion\u00e1rio<\/a><\/li>\n\n\n\n<li><a href=\"https:\/\/www.gaveanews.com\/index.php\/2024\/12\/11\/gremio-a-declaracao-de-farid-direcionada-a-tite\/\">Gr\u00eamio: a declara\u00e7\u00e3o de Farid direcionada a Tite<\/a><\/li>\n<\/ul>\n\n\n\n<h2 class=\"wp-block-heading\" id=\"h-fabiano-daitx-assume-o-comando-do-sub-20-tricolor\">Fabiano Daitx assume o comando do sub-20 tricolor<\/h2>\n\n\n\n<p>A busca por um novo treinador para o time profissional segue em andamento, mas, enquanto isso, o Gr\u00eamio j\u00e1 definiu quem ser\u00e1 o comandante do sub-20. Fabiano Daitx, que tem vasta experi\u00eancia no futebol ga\u00facho, foi escolhido para liderar o time.&nbsp;<\/p>\n\n\n\n<p>O t\u00e9cnico, que fez carreira no interior do estado, tem passagens por clubes como Brasil de Pelotas, Novo Hamburgo e Ypiranga. Em sua nova fun\u00e7\u00e3o, ele enfrentar\u00e1 o desafio de manter o alto n\u00edvel da equipe, que \u00e9 reconhecida pelo seu bom desempenho nas divis\u00f5es de base.<\/p>\n\n\n\n<p>Daitx mostrou-se empolgado com a oportunidade: \u201cFiquei muito feliz pelo convite. Estou ciente de toda a responsabilidade. O sub-20 do Gr\u00eamio \u00e9 tradicionalmente muito forte e a expectativa de fazer um grande trabalho \u00e9 alta. Teremos um enorme desafio, que \u00e9 a disputa da Copa S\u00e3o Paulo. Espero que fa\u00e7amos uma grande competi\u00e7\u00e3o e, principalmente, seguir formando jogadores\u201d, declarou ao site oficial do clube.<\/p>\n\n\n\n<h2 class=\"wp-block-heading\" id=\"h-comissao-tecnica-mantem-equipe-de-apoio\">Comiss\u00e3o t\u00e9cnica mant\u00e9m equipe de apoio<\/h2>\n\n\n\n<p>Vale destacar que a comiss\u00e3o t\u00e9cnica do sub-20 ser\u00e1 mantida, com o auxiliar de Daitx sendo Ruimar Kunzel, e Rafael Dias como preparador f\u00edsico. Jo\u00e3o Paulo Ribeiro atuar\u00e1 como assistente, enquanto Marcelo Rhoden ser\u00e1 o preparador de goleiros.&nbsp;<\/p>\n\n\n\n<p>Isso porque o clube confia na continuidade do trabalho que vem sendo feito, e dessa maneira, a estrutura da equipe de base seguir\u00e1 s\u00f3lida para os desafios de 2025.<\/p>\n\n\n\n<h2 class=\"wp-block-heading\" id=\"h-o-historico-de-fabiano-daitx-no-futebol-gaucho\">O hist\u00f3rico de Fabiano Daitx no futebol ga\u00facho<\/h2>\n\n\n\n<p>Cabe ressaltar que Daitx tem uma carreira consolidada no futebol do Rio Grande do Sul, com t\u00edtulos como a Copa FGF em 2018 e a Divis\u00e3o de Acesso em 2019. Sua experi\u00eancia no comando de clubes como o Pelotas e o Novo Hamburgo contribui para a sua compet\u00eancia no trabalho com jovens talentos.<\/p>\n\n\n\n<p>Com isso, o Gr\u00eamio espera que o novo treinador consiga n\u00e3o apenas conquistar bons resultados na Copa S\u00e3o Paulo, mas tamb\u00e9m dar continuidade ao processo de forma\u00e7\u00e3o de jogadores, buscando sempre revelar talentos para o time profissional.<\/p>\n","protected":false},"excerpt":{"rendered":"<p>O Gr\u00eamio anunciou oficialmente o nome de Fabiano Daitx como o novo treinador da equipe sub-20. Com passagens por diversos clubes do interior do Rio Grande do Sul, o t\u00e9cnico de 50 anos ter\u00e1 a responsabilidade de comandar o time na tradicional Copa S\u00e3o Paulo de Futebol J\u00fanior, competi\u00e7\u00e3o que inicia em janeiro de 2025. [&hellip;]<\/p>\n","protected":false},"author":25,"featured_media":154785,"comment_status":"open","ping_status":"closed","sticky":false,"template":"","format":"standard","meta":{"footnotes":""},"categories":[147],"tags":[],"class_list":["post-198602","post","type-post","status-publish","format-standard","has-post-thumbnail","hentry","category-gremio"],"yoast_head":"<!-- This site is optimized with the Yoast SEO Premium plugin v24.2 (Yoast SEO v26.9) - https:\/\/yoast.com\/product\/yoast-seo-premium-wordpress\/ -->\n<title>Gr\u00eamio tem novo treinador definido<\/title>\n<meta name=\"robots\" content=\"index, follow, max-snippet:-1, max-image-preview:large, max-video-preview:-1\" \/>\n<link rel=\"canonical\" href=\"https:\/\/www.gaveanews.com\/index.php\/2024\/12\/13\/gremio-tem-novo-treinador-definido\/\" \/>\n<meta property=\"og:locale\" content=\"pt_BR\" \/>\n<meta property=\"og:type\" content=\"article\" \/>\n<meta property=\"og:title\" content=\"Gr\u00eamio tem novo treinador definido\" \/>\n<meta property=\"og:description\" content=\"O Gr\u00eamio anunciou oficialmente o nome de Fabiano Daitx como o novo treinador da equipe sub-20. Com passagens por diversos clubes do interior do Rio Grande do Sul, o t\u00e9cnico de 50 anos ter\u00e1 a responsabilidade de comandar o time na tradicional Copa S\u00e3o Paulo de Futebol J\u00fanior, competi\u00e7\u00e3o que inicia em janeiro de 2025. [&hellip;]\" \/>\n<meta property=\"og:url\" content=\"https:\/\/www.gaveanews.com\/index.php\/2024\/12\/13\/gremio-tem-novo-treinador-definido\/\" \/>\n<meta property=\"og:site_name\" content=\"G\u00e1vea News\" \/>\n<meta property=\"article:publisher\" content=\"https:\/\/facebook.com\/gaveaNews\/\" \/>\n<meta property=\"article:published_time\" content=\"2024-12-13T16:25:54+00:00\" \/>\n<meta property=\"article:modified_time\" content=\"2024-12-13T16:54:08+00:00\" \/>\n<meta property=\"og:image\" content=\"https:\/\/www.gaveanews.com\/wp-content\/uploads\/Escudo-do-Gremio.webp\" \/>\n\t<meta property=\"og:image:width\" content=\"1163\" \/>\n\t<meta property=\"og:image:height\" content=\"775\" \/>\n\t<meta property=\"og:image:type\" content=\"image\/webp\" \/>\n<meta name=\"author\" content=\"Rafaela Ladeira\" \/>\n<meta name=\"twitter:card\" content=\"summary_large_image\" \/>\n<meta name=\"twitter:label1\" content=\"Escrito por\" \/>\n\t<meta name=\"twitter:data1\" content=\"Rafaela Ladeira\" \/>\n\t<meta name=\"twitter:label2\" content=\"Est. tempo de leitura\" \/>\n\t<meta name=\"twitter:data2\" content=\"3 minutos\" \/>\n<script type=\"application\/ld+json\" class=\"yoast-schema-graph\">{\"@context\":\"https:\/\/schema.org\",\"@graph\":[{\"@type\":\"NewsArticle\",\"@id\":\"https:\/\/www.gaveanews.com\/index.php\/2024\/12\/13\/gremio-tem-novo-treinador-definido\/#article\",\"isPartOf\":{\"@id\":\"https:\/\/www.gaveanews.com\/index.php\/2024\/12\/13\/gremio-tem-novo-treinador-definido\/\"},\"author\":{\"name\":\"Rafaela Ladeira\",\"@id\":\"https:\/\/www.gaveanews.com\/#\/schema\/person\/0eb3e3fe1754f0205218538adbe8f5ed\"},\"headline\":\"Gr\u00eamio tem novo treinador definido\",\"datePublished\":\"2024-12-13T16:25:54+00:00\",\"dateModified\":\"2024-12-13T16:54:08+00:00\",\"mainEntityOfPage\":{\"@id\":\"https:\/\/www.gaveanews.com\/index.php\/2024\/12\/13\/gremio-tem-novo-treinador-definido\/\"},\"wordCount\":437,\"commentCount\":0,\"image\":{\"@id\":\"https:\/\/www.gaveanews.com\/index.php\/2024\/12\/13\/gremio-tem-novo-treinador-definido\/#primaryimage\"},\"thumbnailUrl\":\"https:\/\/www.gaveanews.com\/wp-content\/uploads\/Escudo-do-Gremio.webp\",\"articleSection\":[\"Gr\u00eamio\"],\"inLanguage\":\"pt-BR\",\"potentialAction\":[{\"@type\":\"CommentAction\",\"name\":\"Comment\",\"target\":[\"https:\/\/www.gaveanews.com\/index.php\/2024\/12\/13\/gremio-tem-novo-treinador-definido\/#respond\"]}],\"copyrightYear\":\"2024\",\"copyrightHolder\":{\"@id\":\"https:\/\/www.gaveanews.com\/#organization\"}},{\"@type\":\"WebPage\",\"@id\":\"https:\/\/www.gaveanews.com\/index.php\/2024\/12\/13\/gremio-tem-novo-treinador-definido\/\",\"url\":\"https:\/\/www.gaveanews.com\/index.php\/2024\/12\/13\/gremio-tem-novo-treinador-definido\/\",\"name\":\"Gr\u00eamio tem novo treinador definido\",\"isPartOf\":{\"@id\":\"https:\/\/www.gaveanews.com\/#website\"},\"primaryImageOfPage\":{\"@id\":\"https:\/\/www.gaveanews.com\/index.php\/2024\/12\/13\/gremio-tem-novo-treinador-definido\/#primaryimage\"},\"image\":{\"@id\":\"https:\/\/www.gaveanews.com\/index.php\/2024\/12\/13\/gremio-tem-novo-treinador-definido\/#primaryimage\"},\"thumbnailUrl\":\"https:\/\/www.gaveanews.com\/wp-content\/uploads\/Escudo-do-Gremio.webp\",\"datePublished\":\"2024-12-13T16:25:54+00:00\",\"dateModified\":\"2024-12-13T16:54:08+00:00\",\"author\":{\"@id\":\"https:\/\/www.gaveanews.com\/#\/schema\/person\/0eb3e3fe1754f0205218538adbe8f5ed\"},\"breadcrumb\":{\"@id\":\"https:\/\/www.gaveanews.com\/index.php\/2024\/12\/13\/gremio-tem-novo-treinador-definido\/#breadcrumb\"},\"inLanguage\":\"pt-BR\",\"potentialAction\":[{\"@type\":\"ReadAction\",\"target\":[\"https:\/\/www.gaveanews.com\/index.php\/2024\/12\/13\/gremio-tem-novo-treinador-definido\/\"]}]},{\"@type\":\"ImageObject\",\"inLanguage\":\"pt-BR\",\"@id\":\"https:\/\/www.gaveanews.com\/index.php\/2024\/12\/13\/gremio-tem-novo-treinador-definido\/#primaryimage\",\"url\":\"https:\/\/www.gaveanews.com\/wp-content\/uploads\/Escudo-do-Gremio.webp\",\"contentUrl\":\"https:\/\/www.gaveanews.com\/wp-content\/uploads\/Escudo-do-Gremio.webp\",\"width\":1163,\"height\":775,\"caption\":\"Escudo do Gr\u00eamio (Foto: Reprodu\u00e7\u00e3o\/Gr\u00eamio)\"},{\"@type\":\"BreadcrumbList\",\"@id\":\"https:\/\/www.gaveanews.com\/index.php\/2024\/12\/13\/gremio-tem-novo-treinador-definido\/#breadcrumb\",\"itemListElement\":[{\"@type\":\"ListItem\",\"position\":1,\"name\":\"Home\",\"item\":\"https:\/\/www.gaveanews.com\/\"},{\"@type\":\"ListItem\",\"position\":2,\"name\":\"Gr\u00eamio tem novo treinador definido\"}]},{\"@type\":\"WebSite\",\"@id\":\"https:\/\/www.gaveanews.com\/#website\",\"url\":\"https:\/\/www.gaveanews.com\/\",\"name\":\"G\u00e1vea News\",\"description\":\"Veja todas as not\u00edcias sobre o Flamengo: Contrata\u00e7\u00f5es, categorias de base, resultados das partidas, tabela de classifica\u00e7\u00e3o, pr\u00f3ximos jogos!\",\"potentialAction\":[{\"@type\":\"SearchAction\",\"target\":{\"@type\":\"EntryPoint\",\"urlTemplate\":\"https:\/\/www.gaveanews.com\/?s={search_term_string}\"},\"query-input\":{\"@type\":\"PropertyValueSpecification\",\"valueRequired\":true,\"valueName\":\"search_term_string\"}}],\"inLanguage\":\"pt-BR\"},{\"@type\":\"Person\",\"@id\":\"https:\/\/www.gaveanews.com\/#\/schema\/person\/0eb3e3fe1754f0205218538adbe8f5ed\",\"name\":\"Rafaela Ladeira\",\"image\":{\"@type\":\"ImageObject\",\"inLanguage\":\"pt-BR\",\"@id\":\"https:\/\/www.gaveanews.com\/#\/schema\/person\/image\/\",\"url\":\"https:\/\/secure.gravatar.com\/avatar\/c31f513acffd85eacab5730cbdfdbbf59f21ba5aeada8cd890acea879fbb2455?s=96&d=mm&r=g\",\"contentUrl\":\"https:\/\/secure.gravatar.com\/avatar\/c31f513acffd85eacab5730cbdfdbbf59f21ba5aeada8cd890acea879fbb2455?s=96&d=mm&r=g\",\"caption\":\"Rafaela Ladeira\"}}]}<\/script>\n<!-- \/ Yoast SEO Premium plugin. -->","yoast_head_json":{"title":"Gr\u00eamio tem novo treinador definido","robots":{"index":"index","follow":"follow","max-snippet":"max-snippet:-1","max-image-preview":"max-image-preview:large","max-video-preview":"max-video-preview:-1"},"canonical":"https:\/\/www.gaveanews.com\/index.php\/2024\/12\/13\/gremio-tem-novo-treinador-definido\/","og_locale":"pt_BR","og_type":"article","og_title":"Gr\u00eamio tem novo treinador definido","og_description":"O Gr\u00eamio anunciou oficialmente o nome de Fabiano Daitx como o novo treinador da equipe sub-20. Com passagens por diversos clubes do interior do Rio Grande do Sul, o t\u00e9cnico de 50 anos ter\u00e1 a responsabilidade de comandar o time na tradicional Copa S\u00e3o Paulo de Futebol J\u00fanior, competi\u00e7\u00e3o que inicia em janeiro de 2025. [&hellip;]","og_url":"https:\/\/www.gaveanews.com\/index.php\/2024\/12\/13\/gremio-tem-novo-treinador-definido\/","og_site_name":"G\u00e1vea News","article_publisher":"https:\/\/facebook.com\/gaveaNews\/","article_published_time":"2024-12-13T16:25:54+00:00","article_modified_time":"2024-12-13T16:54:08+00:00","og_image":[{"width":1163,"height":775,"url":"https:\/\/www.gaveanews.com\/wp-content\/uploads\/Escudo-do-Gremio.webp","type":"image\/webp"}],"author":"Rafaela Ladeira","twitter_card":"summary_large_image","twitter_misc":{"Escrito por":"Rafaela Ladeira","Est. tempo de leitura":"3 minutos"},"schema":{"@context":"https:\/\/schema.org","@graph":[{"@type":"NewsArticle","@id":"https:\/\/www.gaveanews.com\/index.php\/2024\/12\/13\/gremio-tem-novo-treinador-definido\/#article","isPartOf":{"@id":"https:\/\/www.gaveanews.com\/index.php\/2024\/12\/13\/gremio-tem-novo-treinador-definido\/"},"author":{"name":"Rafaela Ladeira","@id":"https:\/\/www.gaveanews.com\/#\/schema\/person\/0eb3e3fe1754f0205218538adbe8f5ed"},"headline":"Gr\u00eamio tem novo treinador definido","datePublished":"2024-12-13T16:25:54+00:00","dateModified":"2024-12-13T16:54:08+00:00","mainEntityOfPage":{"@id":"https:\/\/www.gaveanews.com\/index.php\/2024\/12\/13\/gremio-tem-novo-treinador-definido\/"},"wordCount":437,"commentCount":0,"image":{"@id":"https:\/\/www.gaveanews.com\/index.php\/2024\/12\/13\/gremio-tem-novo-treinador-definido\/#primaryimage"},"thumbnailUrl":"https:\/\/www.gaveanews.com\/wp-content\/uploads\/Escudo-do-Gremio.webp","articleSection":["Gr\u00eamio"],"inLanguage":"pt-BR","potentialAction":[{"@type":"CommentAction","name":"Comment","target":["https:\/\/www.gaveanews.com\/index.php\/2024\/12\/13\/gremio-tem-novo-treinador-definido\/#respond"]}],"copyrightYear":"2024","copyrightHolder":{"@id":"https:\/\/www.gaveanews.com\/#organization"}},{"@type":"WebPage","@id":"https:\/\/www.gaveanews.com\/index.php\/2024\/12\/13\/gremio-tem-novo-treinador-definido\/","url":"https:\/\/www.gaveanews.com\/index.php\/2024\/12\/13\/gremio-tem-novo-treinador-definido\/","name":"Gr\u00eamio tem novo treinador definido","isPartOf":{"@id":"https:\/\/www.gaveanews.com\/#website"},"primaryImageOfPage":{"@id":"https:\/\/www.gaveanews.com\/index.php\/2024\/12\/13\/gremio-tem-novo-treinador-definido\/#primaryimage"},"image":{"@id":"https:\/\/www.gaveanews.com\/index.php\/2024\/12\/13\/gremio-tem-novo-treinador-definido\/#primaryimage"},"thumbnailUrl":"https:\/\/www.gaveanews.com\/wp-content\/uploads\/Escudo-do-Gremio.webp","datePublished":"2024-12-13T16:25:54+00:00","dateModified":"2024-12-13T16:54:08+00:00","author":{"@id":"https:\/\/www.gaveanews.com\/#\/schema\/person\/0eb3e3fe1754f0205218538adbe8f5ed"},"breadcrumb":{"@id":"https:\/\/www.gaveanews.com\/index.php\/2024\/12\/13\/gremio-tem-novo-treinador-definido\/#breadcrumb"},"inLanguage":"pt-BR","potentialAction":[{"@type":"ReadAction","target":["https:\/\/www.gaveanews.com\/index.php\/2024\/12\/13\/gremio-tem-novo-treinador-definido\/"]}]},{"@type":"ImageObject","inLanguage":"pt-BR","@id":"https:\/\/www.gaveanews.com\/index.php\/2024\/12\/13\/gremio-tem-novo-treinador-definido\/#primaryimage","url":"https:\/\/www.gaveanews.com\/wp-content\/uploads\/Escudo-do-Gremio.webp","contentUrl":"https:\/\/www.gaveanews.com\/wp-content\/uploads\/Escudo-do-Gremio.webp","width":1163,"height":775,"caption":"Escudo do Gr\u00eamio (Foto: Reprodu\u00e7\u00e3o\/Gr\u00eamio)"},{"@type":"BreadcrumbList","@id":"https:\/\/www.gaveanews.com\/index.php\/2024\/12\/13\/gremio-tem-novo-treinador-definido\/#breadcrumb","itemListElement":[{"@type":"ListItem","position":1,"name":"Home","item":"https:\/\/www.gaveanews.com\/"},{"@type":"ListItem","position":2,"name":"Gr\u00eamio tem novo treinador definido"}]},{"@type":"WebSite","@id":"https:\/\/www.gaveanews.com\/#website","url":"https:\/\/www.gaveanews.com\/","name":"G\u00e1vea News","description":"Veja todas as not\u00edcias sobre o Flamengo: Contrata\u00e7\u00f5es, categorias de base, resultados das partidas, tabela de classifica\u00e7\u00e3o, pr\u00f3ximos jogos!","potentialAction":[{"@type":"SearchAction","target":{"@type":"EntryPoint","urlTemplate":"https:\/\/www.gaveanews.com\/?s={search_term_string}"},"query-input":{"@type":"PropertyValueSpecification","valueRequired":true,"valueName":"search_term_string"}}],"inLanguage":"pt-BR"},{"@type":"Person","@id":"https:\/\/www.gaveanews.com\/#\/schema\/person\/0eb3e3fe1754f0205218538adbe8f5ed","name":"Rafaela Ladeira","image":{"@type":"ImageObject","inLanguage":"pt-BR","@id":"https:\/\/www.gaveanews.com\/#\/schema\/person\/image\/","url":"https:\/\/secure.gravatar.com\/avatar\/c31f513acffd85eacab5730cbdfdbbf59f21ba5aeada8cd890acea879fbb2455?s=96&d=mm&r=g","contentUrl":"https:\/\/secure.gravatar.com\/avatar\/c31f513acffd85eacab5730cbdfdbbf59f21ba5aeada8cd890acea879fbb2455?s=96&d=mm&r=g","caption":"Rafaela Ladeira"}}]}},"_links":{"self":[{"href":"https:\/\/www.gaveanews.com\/index.php\/wp-json\/wp\/v2\/posts\/198602","targetHints":{"allow":["GET"]}}],"collection":[{"href":"https:\/\/www.gaveanews.com\/index.php\/wp-json\/wp\/v2\/posts"}],"about":[{"href":"https:\/\/www.gaveanews.com\/index.php\/wp-json\/wp\/v2\/types\/post"}],"author":[{"embeddable":true,"href":"https:\/\/www.gaveanews.com\/index.php\/wp-json\/wp\/v2\/users\/25"}],"replies":[{"embeddable":true,"href":"https:\/\/www.gaveanews.com\/index.php\/wp-json\/wp\/v2\/comments?post=198602"}],"version-history":[{"count":1,"href":"https:\/\/www.gaveanews.com\/index.php\/wp-json\/wp\/v2\/posts\/198602\/revisions"}],"predecessor-version":[{"id":198603,"href":"https:\/\/www.gaveanews.com\/index.php\/wp-json\/wp\/v2\/posts\/198602\/revisions\/198603"}],"wp:featuredmedia":[{"embeddable":true,"href":"https:\/\/www.gaveanews.com\/index.php\/wp-json\/wp\/v2\/media\/154785"}],"wp:attachment":[{"href":"https:\/\/www.gaveanews.com\/index.php\/wp-json\/wp\/v2\/media?parent=198602"}],"wp:term":[{"taxonomy":"category","embeddable":true,"href":"https:\/\/www.gaveanews.com\/index.php\/wp-json\/wp\/v2\/categories?post=198602"},{"taxonomy":"post_tag","embeddable":true,"href":"https:\/\/www.gaveanews.com\/index.php\/wp-json\/wp\/v2\/tags?post=198602"}],"curies":[{"name":"wp","href":"https:\/\/api.w.org\/{rel}","templated":true}]}}