{"id":198764,"date":"2024-12-13T17:45:00","date_gmt":"2024-12-13T20:45:00","guid":{"rendered":"https:\/\/www.gaveanews.com\/?p=198764"},"modified":"2024-12-13T17:37:53","modified_gmt":"2024-12-13T20:37:53","slug":"futuro-de-mariano-situacao-de-felipao-e-nota-oficial-emitida-as-ultimas-noticias-do-atletico-mg","status":"publish","type":"post","link":"https:\/\/www.gaveanews.com\/index.php\/2024\/12\/13\/futuro-de-mariano-situacao-de-felipao-e-nota-oficial-emitida-as-ultimas-noticias-do-atletico-mg\/","title":{"rendered":"Futuro de Mariano, situa\u00e7\u00e3o de Felip\u00e3o e nota oficial emitida: as \u00faltimas not\u00edcias do Atl\u00e9tico-MG"},"content":{"rendered":"\n<p>Nas \u00faltimas horas, o foco das not\u00edcias sobre o Atl\u00e9tico-MG se concentram nos bastidores do clube, com destaques do dia a dia do clube.<\/p>\n\n\n\n<p>Por conta deste contexto, leia abaixo um resumo preparado pela equipe do portal G\u00e1vea News para lhe manter muito bem informado!<\/p>\n\n\n\n<h2 class=\"wp-block-heading\" id=\"h-nota-oficial-emitida\">Nota oficial emitida<\/h2>\n\n\n\n<p>Os donos da SAF do Atl\u00e9tico-MG, Rubens e Rafael Menin, emitiram uma nota oficial em resposta \u00e0s cr\u00edticas \u00e0 gest\u00e3o do clube. O comunicado foi motivado por epis\u00f3dios recentes envolvendo jornalistas, influenciadores e torcedores. Um dos casos mais not\u00f3rios foi o de Guilherme Frossard, que relatou ter recebido uma mensagem considerada amea\u00e7adora de Rafael Menin ap\u00f3s publicar uma coluna cr\u00edtica. O jornalista foi posteriormente bloqueado no WhatsApp, gerando ampla repercuss\u00e3o.<\/p>\n\n\n\n<figure class=\"wp-block-image size-large\"><img loading=\"lazy\" decoding=\"async\" width=\"1024\" height=\"683\" src=\"https:\/\/www.gaveanews.com\/wp-content\/uploads\/Camisa-do-Atletico-MG-1024x683.webp\" alt=\"\" class=\"wp-image-157061\" srcset=\"https:\/\/www.gaveanews.com\/wp-content\/uploads\/Camisa-do-Atletico-MG-1024x683.webp 1024w, https:\/\/www.gaveanews.com\/wp-content\/uploads\/Camisa-do-Atletico-MG-300x200.webp 300w, https:\/\/www.gaveanews.com\/wp-content\/uploads\/Camisa-do-Atletico-MG-768x512.webp 768w, https:\/\/www.gaveanews.com\/wp-content\/uploads\/Camisa-do-Atletico-MG-630x420.webp 630w, https:\/\/www.gaveanews.com\/wp-content\/uploads\/Camisa-do-Atletico-MG-640x427.webp 640w, https:\/\/www.gaveanews.com\/wp-content\/uploads\/Camisa-do-Atletico-MG-681x454.webp 681w, https:\/\/www.gaveanews.com\/wp-content\/uploads\/Camisa-do-Atletico-MG-100x67.webp 100w, https:\/\/www.gaveanews.com\/wp-content\/uploads\/Camisa-do-Atletico-MG.webp 1080w\" sizes=\"auto, (max-width: 1024px) 100vw, 1024px\" \/><figcaption class=\"wp-element-caption\">Camisa do Atl\u00e9tico-MG (Foto: Reprodu\u00e7\u00e3o\/Instagram)<\/figcaption><\/figure>\n\n\n\n<p>Outros epis\u00f3dios incluem alega\u00e7\u00f5es de intimida\u00e7\u00e3o ao comentarista M\u00e1rio Marra, da ESPN, e bloqueios de influenciadores nas redes sociais, como Lucas Tanaka e Betinho Marques. <\/p>\n\n\n\n<p>A dupla Menin justificou que os bloqueios foram feitos com base em &#8220;crit\u00e9rios pessoais&#8221; e ressaltaram que apenas perfis falsos, rob\u00f4s e aqueles que promoveram ofensas graves ou amea\u00e7as foram alvos dessa a\u00e7\u00e3o. O clube defendeu que as redes sociais institucionais permanecem abertas a todos.<\/p>\n\n\n\n<p>Esses acontecimentos destacam a dificuldade da gest\u00e3o em lidar com cr\u00edticas e contradit\u00f3rios, algo fundamental no ambiente do futebol. As pol\u00eamicas levantaram discuss\u00f5es sobre liberdade de imprensa e a rela\u00e7\u00e3o entre clubes e jornalistas, influenciando a percep\u00e7\u00e3o p\u00fablica sobre a administra\u00e7\u00e3o do Atl\u00e9tico-MG.<\/p>\n\n\n\n<h2 class=\"wp-block-heading\" id=\"h-situacao-de-felipao\">Situa\u00e7\u00e3o de Felip\u00e3o<\/h2>\n\n\n\n<p>Em uma an\u00e1lise sobre o desempenho do futebol brasileiro em 2024, Luiz Felipe Scolari destacou as perspectivas para a temporada de 2025, com foco no Atl\u00e9tico-MG. Felip\u00e3o ressaltou que o clube mineiro enfrentar\u00e1 um processo de reformula\u00e7\u00e3o ap\u00f3s um ano decepcionante, em que n\u00e3o conseguiu classifica\u00e7\u00e3o para a Libertadores, apesar dos vice-campeonatos na Copa do Brasil e na pr\u00f3pria Libertadores. O t\u00e9cnico acredita que o foco do time estar\u00e1 na reconstru\u00e7\u00e3o para obter melhores resultados no Campeonato Brasileiro do pr\u00f3ximo ano <strong><a href=\"https:\/\/www.gaveanews.com\/index.php\/2024\/12\/12\/felipao-e-sincero-sobre-2025-do-atletico-mg\/\">(leia a mat\u00e9ria completa).<\/a><\/strong><\/p>\n\n\n\n<figure class=\"wp-block-image size-full\"><img loading=\"lazy\" decoding=\"async\" width=\"570\" height=\"321\" src=\"https:\/\/www.gaveanews.com\/wp-content\/uploads\/Tite-e-Felipao.webp\" alt=\"\" class=\"wp-image-113452\" srcset=\"https:\/\/www.gaveanews.com\/wp-content\/uploads\/Tite-e-Felipao.webp 570w, https:\/\/www.gaveanews.com\/wp-content\/uploads\/Tite-e-Felipao-300x169.webp 300w, https:\/\/www.gaveanews.com\/wp-content\/uploads\/Tite-e-Felipao-100x56.webp 100w\" sizes=\"auto, (max-width: 570px) 100vw, 570px\" \/><\/figure>\n\n\n\n<p>Ao comentar sobre o Palmeiras, Scolari demonstrou confian\u00e7a no trabalho de Abel Ferreira, mesmo em um ano de conquistas limitadas ao t\u00edtulo paulista. Ele refor\u00e7ou a import\u00e2ncia de avaliar o hist\u00f3rico do t\u00e9cnico portugu\u00eas, respons\u00e1vel por um legado de conquistas recentes no clube. Segundo Felip\u00e3o, cr\u00edticas devem levar em conta o impacto positivo de Abel, que continua sendo uma pe\u00e7a central para o futuro da equipe.<\/p>\n\n\n\n<p>Al\u00e9m disso, Felip\u00e3o mostrou surpresa com o rebaixamento do Athletico-PR, destacando a infraestrutura e recursos do clube como fatores que deveriam evitar tal situa\u00e7\u00e3o. O t\u00e9cnico enfatizou que a magnitude do centro de treinamento e do est\u00e1dio do time paranaense torna inesperada a queda para a S\u00e9rie B, sugerindo que ajustes s\u00e3o necess\u00e1rios para a recupera\u00e7\u00e3o do clube.<\/p>\n\n\n\n<h2 class=\"wp-block-heading\" id=\"h-futuro-de-mariano\">Futuro de Mariano<\/h2>\n\n\n\n<p>Mariano, lateral-direito de 38 anos, anunciou sua sa\u00edda do Atl\u00e9tico-MG ap\u00f3s o t\u00e9rmino da temporada de 2024, mas descartou a aposentadoria. Em entrevista, o jogador confirmou seu desejo de atuar por mais um ano, embora ainda n\u00e3o tenha definido qual ser\u00e1 seu pr\u00f3ximo clube. Mariano planeja usar o per\u00edodo de f\u00e9rias para descansar e concluir um curso na CBF, enquanto deixa as negocia\u00e7\u00f5es futuras nas m\u00e3os de seus empres\u00e1rios <strong><a href=\"https:\/\/www.gaveanews.com\/index.php\/2024\/12\/12\/atletico-mg-mariano-e-sincero-sobre-futuro\/\">(leia a mat\u00e9ria completa).<\/a><\/strong><\/p>\n\n\n\n<figure class=\"wp-block-image size-full\"><img loading=\"lazy\" decoding=\"async\" width=\"561\" height=\"517\" src=\"https:\/\/www.gaveanews.com\/wp-content\/uploads\/Mariano-em-acao-pelo-Atletico-MG.webp\" alt=\"\" class=\"wp-image-171356\" srcset=\"https:\/\/www.gaveanews.com\/wp-content\/uploads\/Mariano-em-acao-pelo-Atletico-MG.webp 561w, https:\/\/www.gaveanews.com\/wp-content\/uploads\/Mariano-em-acao-pelo-Atletico-MG-300x276.webp 300w, https:\/\/www.gaveanews.com\/wp-content\/uploads\/Mariano-em-acao-pelo-Atletico-MG-456x420.webp 456w, https:\/\/www.gaveanews.com\/wp-content\/uploads\/Mariano-em-acao-pelo-Atletico-MG-100x92.webp 100w\" sizes=\"auto, (max-width: 561px) 100vw, 561px\" \/><figcaption class=\"wp-element-caption\">Mariano em a\u00e7\u00e3o pelo Atl\u00e9tico-MG (Foto: Pedro Souza\/Atl\u00e9tico)<\/figcaption><\/figure>\n\n\n\n<p>Em sua segunda passagem pelo Atl\u00e9tico-MG, iniciada em 2020, Mariano disputou 165 jogos, marcou um gol e deu 10 assist\u00eancias. Durante esse per\u00edodo, foi pe\u00e7a-chave em conquistas importantes, incluindo o Campeonato Brasileiro (2021), Copa do Brasil (2021) e cinco t\u00edtulos do Campeonato Mineiro consecutivos. Apesar de sair, o lateral encerra sua trajet\u00f3ria no clube como um dos protagonistas de uma era vitoriosa.<\/p>\n\n\n\n<p>Agora, Mariano se prepara para novos desafios em 2025, mantendo o foco na continuidade de sua carreira como jogador. Enquanto isso, ele destacou a import\u00e2ncia de aproveitar o momento para recuperar energias ap\u00f3s um ano exigente no Galo.<\/p>\n","protected":false},"excerpt":{"rendered":"<p>Nas \u00faltimas horas, o foco das not\u00edcias sobre o Atl\u00e9tico-MG se concentram nos bastidores do clube, com destaques do dia a dia do clube. Por conta deste contexto, leia abaixo um resumo preparado pela equipe do portal G\u00e1vea News para lhe manter muito bem informado! Nota oficial emitida Os donos da SAF do Atl\u00e9tico-MG, Rubens [&hellip;]<\/p>\n","protected":false},"author":27,"featured_media":153999,"comment_status":"open","ping_status":"closed","sticky":false,"template":"","format":"standard","meta":{"footnotes":""},"categories":[136],"tags":[],"class_list":["post-198764","post","type-post","status-publish","format-standard","has-post-thumbnail","hentry","category-atletico-mg"],"yoast_head":"<!-- This site is optimized with the Yoast SEO Premium plugin v24.2 (Yoast SEO v26.9) - https:\/\/yoast.com\/product\/yoast-seo-premium-wordpress\/ -->\n<title>Futuro de Mariano, situa\u00e7\u00e3o de Felip\u00e3o e nota oficial emitida: as \u00faltimas not\u00edcias do Atl\u00e9tico-MG<\/title>\n<meta name=\"robots\" content=\"index, follow, max-snippet:-1, max-image-preview:large, max-video-preview:-1\" \/>\n<link rel=\"canonical\" href=\"https:\/\/www.gaveanews.com\/index.php\/2024\/12\/13\/futuro-de-mariano-situacao-de-felipao-e-nota-oficial-emitida-as-ultimas-noticias-do-atletico-mg\/\" \/>\n<meta property=\"og:locale\" content=\"pt_BR\" \/>\n<meta property=\"og:type\" content=\"article\" \/>\n<meta property=\"og:title\" content=\"Futuro de Mariano, situa\u00e7\u00e3o de Felip\u00e3o e nota oficial emitida: as \u00faltimas not\u00edcias do Atl\u00e9tico-MG\" \/>\n<meta property=\"og:description\" content=\"Nas \u00faltimas horas, o foco das not\u00edcias sobre o Atl\u00e9tico-MG se concentram nos bastidores do clube, com destaques do dia a dia do clube. Por conta deste contexto, leia abaixo um resumo preparado pela equipe do portal G\u00e1vea News para lhe manter muito bem informado! Nota oficial emitida Os donos da SAF do Atl\u00e9tico-MG, Rubens [&hellip;]\" \/>\n<meta property=\"og:url\" content=\"https:\/\/www.gaveanews.com\/index.php\/2024\/12\/13\/futuro-de-mariano-situacao-de-felipao-e-nota-oficial-emitida-as-ultimas-noticias-do-atletico-mg\/\" \/>\n<meta property=\"og:site_name\" content=\"G\u00e1vea News\" \/>\n<meta property=\"article:publisher\" content=\"https:\/\/facebook.com\/gaveaNews\/\" \/>\n<meta property=\"article:published_time\" content=\"2024-12-13T20:45:00+00:00\" \/>\n<meta property=\"og:image\" content=\"https:\/\/www.gaveanews.com\/wp-content\/uploads\/Estadio-do-Atletico-MG.webp\" \/>\n\t<meta property=\"og:image:width\" content=\"900\" \/>\n\t<meta property=\"og:image:height\" content=\"600\" \/>\n\t<meta property=\"og:image:type\" content=\"image\/webp\" \/>\n<meta name=\"author\" content=\"Matheus Felipe\" \/>\n<meta name=\"twitter:card\" content=\"summary_large_image\" \/>\n<meta name=\"twitter:label1\" content=\"Escrito por\" \/>\n\t<meta name=\"twitter:data1\" content=\"Matheus Felipe\" \/>\n\t<meta name=\"twitter:label2\" content=\"Est. tempo de leitura\" \/>\n\t<meta name=\"twitter:data2\" content=\"5 minutos\" \/>\n<script type=\"application\/ld+json\" class=\"yoast-schema-graph\">{\"@context\":\"https:\/\/schema.org\",\"@graph\":[{\"@type\":\"NewsArticle\",\"@id\":\"https:\/\/www.gaveanews.com\/index.php\/2024\/12\/13\/futuro-de-mariano-situacao-de-felipao-e-nota-oficial-emitida-as-ultimas-noticias-do-atletico-mg\/#article\",\"isPartOf\":{\"@id\":\"https:\/\/www.gaveanews.com\/index.php\/2024\/12\/13\/futuro-de-mariano-situacao-de-felipao-e-nota-oficial-emitida-as-ultimas-noticias-do-atletico-mg\/\"},\"author\":{\"name\":\"Matheus Felipe\",\"@id\":\"https:\/\/www.gaveanews.com\/#\/schema\/person\/8207cd4627f56151707418bfc835b2fb\"},\"headline\":\"Futuro de Mariano, situa\u00e7\u00e3o de Felip\u00e3o e nota oficial emitida: as \u00faltimas not\u00edcias do Atl\u00e9tico-MG\",\"datePublished\":\"2024-12-13T20:45:00+00:00\",\"mainEntityOfPage\":{\"@id\":\"https:\/\/www.gaveanews.com\/index.php\/2024\/12\/13\/futuro-de-mariano-situacao-de-felipao-e-nota-oficial-emitida-as-ultimas-noticias-do-atletico-mg\/\"},\"wordCount\":731,\"commentCount\":0,\"image\":{\"@id\":\"https:\/\/www.gaveanews.com\/index.php\/2024\/12\/13\/futuro-de-mariano-situacao-de-felipao-e-nota-oficial-emitida-as-ultimas-noticias-do-atletico-mg\/#primaryimage\"},\"thumbnailUrl\":\"https:\/\/www.gaveanews.com\/wp-content\/uploads\/Estadio-do-Atletico-MG.webp\",\"articleSection\":[\"Atl\u00e9tico-MG\"],\"inLanguage\":\"pt-BR\",\"potentialAction\":[{\"@type\":\"CommentAction\",\"name\":\"Comment\",\"target\":[\"https:\/\/www.gaveanews.com\/index.php\/2024\/12\/13\/futuro-de-mariano-situacao-de-felipao-e-nota-oficial-emitida-as-ultimas-noticias-do-atletico-mg\/#respond\"]}],\"copyrightYear\":\"2024\",\"copyrightHolder\":{\"@id\":\"https:\/\/www.gaveanews.com\/#organization\"}},{\"@type\":\"WebPage\",\"@id\":\"https:\/\/www.gaveanews.com\/index.php\/2024\/12\/13\/futuro-de-mariano-situacao-de-felipao-e-nota-oficial-emitida-as-ultimas-noticias-do-atletico-mg\/\",\"url\":\"https:\/\/www.gaveanews.com\/index.php\/2024\/12\/13\/futuro-de-mariano-situacao-de-felipao-e-nota-oficial-emitida-as-ultimas-noticias-do-atletico-mg\/\",\"name\":\"Futuro de Mariano, situa\u00e7\u00e3o de Felip\u00e3o e nota oficial emitida: as \u00faltimas not\u00edcias do Atl\u00e9tico-MG\",\"isPartOf\":{\"@id\":\"https:\/\/www.gaveanews.com\/#website\"},\"primaryImageOfPage\":{\"@id\":\"https:\/\/www.gaveanews.com\/index.php\/2024\/12\/13\/futuro-de-mariano-situacao-de-felipao-e-nota-oficial-emitida-as-ultimas-noticias-do-atletico-mg\/#primaryimage\"},\"image\":{\"@id\":\"https:\/\/www.gaveanews.com\/index.php\/2024\/12\/13\/futuro-de-mariano-situacao-de-felipao-e-nota-oficial-emitida-as-ultimas-noticias-do-atletico-mg\/#primaryimage\"},\"thumbnailUrl\":\"https:\/\/www.gaveanews.com\/wp-content\/uploads\/Estadio-do-Atletico-MG.webp\",\"datePublished\":\"2024-12-13T20:45:00+00:00\",\"author\":{\"@id\":\"https:\/\/www.gaveanews.com\/#\/schema\/person\/8207cd4627f56151707418bfc835b2fb\"},\"breadcrumb\":{\"@id\":\"https:\/\/www.gaveanews.com\/index.php\/2024\/12\/13\/futuro-de-mariano-situacao-de-felipao-e-nota-oficial-emitida-as-ultimas-noticias-do-atletico-mg\/#breadcrumb\"},\"inLanguage\":\"pt-BR\",\"potentialAction\":[{\"@type\":\"ReadAction\",\"target\":[\"https:\/\/www.gaveanews.com\/index.php\/2024\/12\/13\/futuro-de-mariano-situacao-de-felipao-e-nota-oficial-emitida-as-ultimas-noticias-do-atletico-mg\/\"]}]},{\"@type\":\"ImageObject\",\"inLanguage\":\"pt-BR\",\"@id\":\"https:\/\/www.gaveanews.com\/index.php\/2024\/12\/13\/futuro-de-mariano-situacao-de-felipao-e-nota-oficial-emitida-as-ultimas-noticias-do-atletico-mg\/#primaryimage\",\"url\":\"https:\/\/www.gaveanews.com\/wp-content\/uploads\/Estadio-do-Atletico-MG.webp\",\"contentUrl\":\"https:\/\/www.gaveanews.com\/wp-content\/uploads\/Estadio-do-Atletico-MG.webp\",\"width\":900,\"height\":600,\"caption\":\"Arena MRV, est\u00e1dio do Atl\u00e9tico-MG (Foto: Reprodu\u00e7\u00e3o\/Atl\u00e9tico)\"},{\"@type\":\"BreadcrumbList\",\"@id\":\"https:\/\/www.gaveanews.com\/index.php\/2024\/12\/13\/futuro-de-mariano-situacao-de-felipao-e-nota-oficial-emitida-as-ultimas-noticias-do-atletico-mg\/#breadcrumb\",\"itemListElement\":[{\"@type\":\"ListItem\",\"position\":1,\"name\":\"Home\",\"item\":\"https:\/\/www.gaveanews.com\/\"},{\"@type\":\"ListItem\",\"position\":2,\"name\":\"Futuro de Mariano, situa\u00e7\u00e3o de Felip\u00e3o e nota oficial emitida: as \u00faltimas not\u00edcias do Atl\u00e9tico-MG\"}]},{\"@type\":\"WebSite\",\"@id\":\"https:\/\/www.gaveanews.com\/#website\",\"url\":\"https:\/\/www.gaveanews.com\/\",\"name\":\"G\u00e1vea News\",\"description\":\"Veja todas as not\u00edcias sobre o Flamengo: Contrata\u00e7\u00f5es, categorias de base, resultados das partidas, tabela de classifica\u00e7\u00e3o, pr\u00f3ximos jogos!\",\"potentialAction\":[{\"@type\":\"SearchAction\",\"target\":{\"@type\":\"EntryPoint\",\"urlTemplate\":\"https:\/\/www.gaveanews.com\/?s={search_term_string}\"},\"query-input\":{\"@type\":\"PropertyValueSpecification\",\"valueRequired\":true,\"valueName\":\"search_term_string\"}}],\"inLanguage\":\"pt-BR\"},{\"@type\":\"Person\",\"@id\":\"https:\/\/www.gaveanews.com\/#\/schema\/person\/8207cd4627f56151707418bfc835b2fb\",\"name\":\"Matheus Felipe\",\"image\":{\"@type\":\"ImageObject\",\"inLanguage\":\"pt-BR\",\"@id\":\"https:\/\/www.gaveanews.com\/#\/schema\/person\/image\/\",\"url\":\"https:\/\/secure.gravatar.com\/avatar\/a452ffbed9130f726358b298bb3a99ce4bd3c5338411f8440e87e14d74c7c087?s=96&d=mm&r=g\",\"contentUrl\":\"https:\/\/secure.gravatar.com\/avatar\/a452ffbed9130f726358b298bb3a99ce4bd3c5338411f8440e87e14d74c7c087?s=96&d=mm&r=g\",\"caption\":\"Matheus Felipe\"}}]}<\/script>\n<!-- \/ Yoast SEO Premium plugin. -->","yoast_head_json":{"title":"Futuro de Mariano, situa\u00e7\u00e3o de Felip\u00e3o e nota oficial emitida: as \u00faltimas not\u00edcias do Atl\u00e9tico-MG","robots":{"index":"index","follow":"follow","max-snippet":"max-snippet:-1","max-image-preview":"max-image-preview:large","max-video-preview":"max-video-preview:-1"},"canonical":"https:\/\/www.gaveanews.com\/index.php\/2024\/12\/13\/futuro-de-mariano-situacao-de-felipao-e-nota-oficial-emitida-as-ultimas-noticias-do-atletico-mg\/","og_locale":"pt_BR","og_type":"article","og_title":"Futuro de Mariano, situa\u00e7\u00e3o de Felip\u00e3o e nota oficial emitida: as \u00faltimas not\u00edcias do Atl\u00e9tico-MG","og_description":"Nas \u00faltimas horas, o foco das not\u00edcias sobre o Atl\u00e9tico-MG se concentram nos bastidores do clube, com destaques do dia a dia do clube. Por conta deste contexto, leia abaixo um resumo preparado pela equipe do portal G\u00e1vea News para lhe manter muito bem informado! Nota oficial emitida Os donos da SAF do Atl\u00e9tico-MG, Rubens [&hellip;]","og_url":"https:\/\/www.gaveanews.com\/index.php\/2024\/12\/13\/futuro-de-mariano-situacao-de-felipao-e-nota-oficial-emitida-as-ultimas-noticias-do-atletico-mg\/","og_site_name":"G\u00e1vea News","article_publisher":"https:\/\/facebook.com\/gaveaNews\/","article_published_time":"2024-12-13T20:45:00+00:00","og_image":[{"width":900,"height":600,"url":"https:\/\/www.gaveanews.com\/wp-content\/uploads\/Estadio-do-Atletico-MG.webp","type":"image\/webp"}],"author":"Matheus Felipe","twitter_card":"summary_large_image","twitter_misc":{"Escrito por":"Matheus Felipe","Est. tempo de leitura":"5 minutos"},"schema":{"@context":"https:\/\/schema.org","@graph":[{"@type":"NewsArticle","@id":"https:\/\/www.gaveanews.com\/index.php\/2024\/12\/13\/futuro-de-mariano-situacao-de-felipao-e-nota-oficial-emitida-as-ultimas-noticias-do-atletico-mg\/#article","isPartOf":{"@id":"https:\/\/www.gaveanews.com\/index.php\/2024\/12\/13\/futuro-de-mariano-situacao-de-felipao-e-nota-oficial-emitida-as-ultimas-noticias-do-atletico-mg\/"},"author":{"name":"Matheus Felipe","@id":"https:\/\/www.gaveanews.com\/#\/schema\/person\/8207cd4627f56151707418bfc835b2fb"},"headline":"Futuro de Mariano, situa\u00e7\u00e3o de Felip\u00e3o e nota oficial emitida: as \u00faltimas not\u00edcias do Atl\u00e9tico-MG","datePublished":"2024-12-13T20:45:00+00:00","mainEntityOfPage":{"@id":"https:\/\/www.gaveanews.com\/index.php\/2024\/12\/13\/futuro-de-mariano-situacao-de-felipao-e-nota-oficial-emitida-as-ultimas-noticias-do-atletico-mg\/"},"wordCount":731,"commentCount":0,"image":{"@id":"https:\/\/www.gaveanews.com\/index.php\/2024\/12\/13\/futuro-de-mariano-situacao-de-felipao-e-nota-oficial-emitida-as-ultimas-noticias-do-atletico-mg\/#primaryimage"},"thumbnailUrl":"https:\/\/www.gaveanews.com\/wp-content\/uploads\/Estadio-do-Atletico-MG.webp","articleSection":["Atl\u00e9tico-MG"],"inLanguage":"pt-BR","potentialAction":[{"@type":"CommentAction","name":"Comment","target":["https:\/\/www.gaveanews.com\/index.php\/2024\/12\/13\/futuro-de-mariano-situacao-de-felipao-e-nota-oficial-emitida-as-ultimas-noticias-do-atletico-mg\/#respond"]}],"copyrightYear":"2024","copyrightHolder":{"@id":"https:\/\/www.gaveanews.com\/#organization"}},{"@type":"WebPage","@id":"https:\/\/www.gaveanews.com\/index.php\/2024\/12\/13\/futuro-de-mariano-situacao-de-felipao-e-nota-oficial-emitida-as-ultimas-noticias-do-atletico-mg\/","url":"https:\/\/www.gaveanews.com\/index.php\/2024\/12\/13\/futuro-de-mariano-situacao-de-felipao-e-nota-oficial-emitida-as-ultimas-noticias-do-atletico-mg\/","name":"Futuro de Mariano, situa\u00e7\u00e3o de Felip\u00e3o e nota oficial emitida: as \u00faltimas not\u00edcias do Atl\u00e9tico-MG","isPartOf":{"@id":"https:\/\/www.gaveanews.com\/#website"},"primaryImageOfPage":{"@id":"https:\/\/www.gaveanews.com\/index.php\/2024\/12\/13\/futuro-de-mariano-situacao-de-felipao-e-nota-oficial-emitida-as-ultimas-noticias-do-atletico-mg\/#primaryimage"},"image":{"@id":"https:\/\/www.gaveanews.com\/index.php\/2024\/12\/13\/futuro-de-mariano-situacao-de-felipao-e-nota-oficial-emitida-as-ultimas-noticias-do-atletico-mg\/#primaryimage"},"thumbnailUrl":"https:\/\/www.gaveanews.com\/wp-content\/uploads\/Estadio-do-Atletico-MG.webp","datePublished":"2024-12-13T20:45:00+00:00","author":{"@id":"https:\/\/www.gaveanews.com\/#\/schema\/person\/8207cd4627f56151707418bfc835b2fb"},"breadcrumb":{"@id":"https:\/\/www.gaveanews.com\/index.php\/2024\/12\/13\/futuro-de-mariano-situacao-de-felipao-e-nota-oficial-emitida-as-ultimas-noticias-do-atletico-mg\/#breadcrumb"},"inLanguage":"pt-BR","potentialAction":[{"@type":"ReadAction","target":["https:\/\/www.gaveanews.com\/index.php\/2024\/12\/13\/futuro-de-mariano-situacao-de-felipao-e-nota-oficial-emitida-as-ultimas-noticias-do-atletico-mg\/"]}]},{"@type":"ImageObject","inLanguage":"pt-BR","@id":"https:\/\/www.gaveanews.com\/index.php\/2024\/12\/13\/futuro-de-mariano-situacao-de-felipao-e-nota-oficial-emitida-as-ultimas-noticias-do-atletico-mg\/#primaryimage","url":"https:\/\/www.gaveanews.com\/wp-content\/uploads\/Estadio-do-Atletico-MG.webp","contentUrl":"https:\/\/www.gaveanews.com\/wp-content\/uploads\/Estadio-do-Atletico-MG.webp","width":900,"height":600,"caption":"Arena MRV, est\u00e1dio do Atl\u00e9tico-MG (Foto: Reprodu\u00e7\u00e3o\/Atl\u00e9tico)"},{"@type":"BreadcrumbList","@id":"https:\/\/www.gaveanews.com\/index.php\/2024\/12\/13\/futuro-de-mariano-situacao-de-felipao-e-nota-oficial-emitida-as-ultimas-noticias-do-atletico-mg\/#breadcrumb","itemListElement":[{"@type":"ListItem","position":1,"name":"Home","item":"https:\/\/www.gaveanews.com\/"},{"@type":"ListItem","position":2,"name":"Futuro de Mariano, situa\u00e7\u00e3o de Felip\u00e3o e nota oficial emitida: as \u00faltimas not\u00edcias do Atl\u00e9tico-MG"}]},{"@type":"WebSite","@id":"https:\/\/www.gaveanews.com\/#website","url":"https:\/\/www.gaveanews.com\/","name":"G\u00e1vea News","description":"Veja todas as not\u00edcias sobre o Flamengo: Contrata\u00e7\u00f5es, categorias de base, resultados das partidas, tabela de classifica\u00e7\u00e3o, pr\u00f3ximos jogos!","potentialAction":[{"@type":"SearchAction","target":{"@type":"EntryPoint","urlTemplate":"https:\/\/www.gaveanews.com\/?s={search_term_string}"},"query-input":{"@type":"PropertyValueSpecification","valueRequired":true,"valueName":"search_term_string"}}],"inLanguage":"pt-BR"},{"@type":"Person","@id":"https:\/\/www.gaveanews.com\/#\/schema\/person\/8207cd4627f56151707418bfc835b2fb","name":"Matheus Felipe","image":{"@type":"ImageObject","inLanguage":"pt-BR","@id":"https:\/\/www.gaveanews.com\/#\/schema\/person\/image\/","url":"https:\/\/secure.gravatar.com\/avatar\/a452ffbed9130f726358b298bb3a99ce4bd3c5338411f8440e87e14d74c7c087?s=96&d=mm&r=g","contentUrl":"https:\/\/secure.gravatar.com\/avatar\/a452ffbed9130f726358b298bb3a99ce4bd3c5338411f8440e87e14d74c7c087?s=96&d=mm&r=g","caption":"Matheus Felipe"}}]}},"_links":{"self":[{"href":"https:\/\/www.gaveanews.com\/index.php\/wp-json\/wp\/v2\/posts\/198764","targetHints":{"allow":["GET"]}}],"collection":[{"href":"https:\/\/www.gaveanews.com\/index.php\/wp-json\/wp\/v2\/posts"}],"about":[{"href":"https:\/\/www.gaveanews.com\/index.php\/wp-json\/wp\/v2\/types\/post"}],"author":[{"embeddable":true,"href":"https:\/\/www.gaveanews.com\/index.php\/wp-json\/wp\/v2\/users\/27"}],"replies":[{"embeddable":true,"href":"https:\/\/www.gaveanews.com\/index.php\/wp-json\/wp\/v2\/comments?post=198764"}],"version-history":[{"count":1,"href":"https:\/\/www.gaveanews.com\/index.php\/wp-json\/wp\/v2\/posts\/198764\/revisions"}],"predecessor-version":[{"id":198767,"href":"https:\/\/www.gaveanews.com\/index.php\/wp-json\/wp\/v2\/posts\/198764\/revisions\/198767"}],"wp:featuredmedia":[{"embeddable":true,"href":"https:\/\/www.gaveanews.com\/index.php\/wp-json\/wp\/v2\/media\/153999"}],"wp:attachment":[{"href":"https:\/\/www.gaveanews.com\/index.php\/wp-json\/wp\/v2\/media?parent=198764"}],"wp:term":[{"taxonomy":"category","embeddable":true,"href":"https:\/\/www.gaveanews.com\/index.php\/wp-json\/wp\/v2\/categories?post=198764"},{"taxonomy":"post_tag","embeddable":true,"href":"https:\/\/www.gaveanews.com\/index.php\/wp-json\/wp\/v2\/tags?post=198764"}],"curies":[{"name":"wp","href":"https:\/\/api.w.org\/{rel}","templated":true}]}}