{"id":198825,"date":"2024-12-13T19:20:35","date_gmt":"2024-12-13T22:20:35","guid":{"rendered":"https:\/\/www.gaveanews.com\/?p=198825"},"modified":"2024-12-13T19:20:39","modified_gmt":"2024-12-13T22:20:39","slug":"situacao-de-paulo-guilherme-declaracao-de-jhon-textor-e-recado-de-galvao-bueno-as-ultimas-noticias-do-botafogo","status":"publish","type":"post","link":"https:\/\/www.gaveanews.com\/index.php\/2024\/12\/13\/situacao-de-paulo-guilherme-declaracao-de-jhon-textor-e-recado-de-galvao-bueno-as-ultimas-noticias-do-botafogo\/","title":{"rendered":"Situa\u00e7\u00e3o de Paulo Guilherme, declara\u00e7\u00e3o de Jhon Textor e recado de Galv\u00e3o Bueno: as \u00faltimas not\u00edcias do Botafogo"},"content":{"rendered":"\n<p>Nas \u00faltimas horas, o foco das not\u00edcias sobre o Botafogo se concentram nos bastidores do clube, com destaques do dia a dia do clube.<\/p>\n\n\n\n<p>Por conta deste contexto, leia abaixo um resumo preparado pela equipe do portal G\u00e1vea News para lhe manter muito bem informado!<\/p>\n\n\n\n<h2 class=\"wp-block-heading\" id=\"h-recado-de-galvao-bueno\">Recado de Galv\u00e3o Bueno<\/h2>\n\n\n\n<p>Galv\u00e3o Bueno, conhecido torcedor do Flamengo, surpreendeu ao elogiar o Botafogo por suas conquistas hist\u00f3ricas em 2024, incluindo a Libertadores e o Brasileir\u00e3o. Em um v\u00eddeo publicado nas redes sociais, o narrador destacou o impacto positivo do clube carioca no futebol brasileiro, ressaltando o estilo de jogo competitivo e atraente da equipe comandada por Artur Jorge. Segundo Galv\u00e3o, o Botafogo demonstrou que, com um elenco bem montado, \u00e9 poss\u00edvel resgatar a autoestima dos torcedores nacionais, desiludidos com a sele\u00e7\u00e3o brasileira nos \u00faltimos anos. <strong><a href=\"https:\/\/www.gaveanews.com\/index.php\/2024\/12\/12\/a-declaracao-de-galvao-bueno-direcionada-ao-time-do-botafogo-2\/\">(leia a mat\u00e9ria completa)<\/a><\/strong><\/p>\n\n\n\n<figure class=\"wp-block-image size-full\"><img loading=\"lazy\" decoding=\"async\" width=\"620\" height=\"372\" src=\"https:\/\/www.gaveanews.com\/wp-content\/uploads\/Galvao-Bueno-ex-narrador-do-Grupo-Globo.webp\" alt=\"\" class=\"wp-image-171275\" srcset=\"https:\/\/www.gaveanews.com\/wp-content\/uploads\/Galvao-Bueno-ex-narrador-do-Grupo-Globo.webp 620w, https:\/\/www.gaveanews.com\/wp-content\/uploads\/Galvao-Bueno-ex-narrador-do-Grupo-Globo-300x180.webp 300w, https:\/\/www.gaveanews.com\/wp-content\/uploads\/Galvao-Bueno-ex-narrador-do-Grupo-Globo-100x60.webp 100w\" sizes=\"auto, (max-width: 620px) 100vw, 620px\" \/><figcaption class=\"wp-element-caption\">Galv\u00e3o Bueno, ex-narrador do Grupo Globo (Foto: Reprodu\u00e7\u00e3o)<\/figcaption><\/figure>\n\n\n\n<p>O narrador tamb\u00e9m fez quest\u00e3o de homenagear o jornalista Armando Nogueira, torcedor fervoroso do Botafogo, citando sua famosa frase: \u201cO Botafogo \u00e9 muito mais que um clube, \u00e9 uma predestina\u00e7\u00e3o celestial\u201d. Com emo\u00e7\u00e3o, Galv\u00e3o exaltou a trajet\u00f3ria vitoriosa do time alvinegro e projetou um futuro promissor, incluindo a disputa da Copa Intercontinental. <\/p>\n\n\n\n<p>Ele mencionou o confronto de estreia contra o Pachuca e vislumbrou um poss\u00edvel duelo na final contra o Real Madrid, destacando o papel do clube em representar o Brasil no cen\u00e1rio internacional.<\/p>\n\n\n\n<p>Encerrando sua declara\u00e7\u00e3o, Galv\u00e3o reafirmou seu otimismo em rela\u00e7\u00e3o ao Botafogo, considerando o clube uma inspira\u00e7\u00e3o para o futebol brasileiro e para a sele\u00e7\u00e3o. Ele parabenizou o time pelos feitos alcan\u00e7ados, destacando a import\u00e2ncia das conquistas para elevar o n\u00edvel competitivo nacional e a esperan\u00e7a de que a &#8220;estrela solit\u00e1ria&#8221; continue brilhando no cen\u00e1rio global.<\/p>\n\n\n\n<h2 class=\"wp-block-heading\" id=\"h-declaracao-de-jhon-textor\">Declara\u00e7\u00e3o de Jhon Textor<\/h2>\n\n\n\n<p>John Textor, dono da SAF do Botafogo, celebrou o t\u00edtulo brasileiro e a conquista da Libertadores de 2024 em entrevista no est\u00e1dio Nilton Santos, destacando a r\u00e1pida evolu\u00e7\u00e3o do clube sob sua gest\u00e3o. Em um tom descontra\u00eddo, Textor agradeceu \u00e0 torcida pelo apoio incondicional e se comprometeu a manter o Botafogo competitivo por muitos anos. Ele reconheceu que n\u00e3o esperava t\u00edtulos t\u00e3o cedo e afirmou que a SAF \u00e9 uma maneira moderna de gerir o futebol, garantindo que continuar\u00e1 investindo no sucesso do Glorioso <strong><a href=\"https:\/\/www.gaveanews.com\/index.php\/2024\/12\/12\/a-declaracao-de-jhon-textor-direcionada-a-torcida-do-botafogo\/\">(leia a mat\u00e9ria completa).<\/a><\/strong><\/p>\n\n\n\n<figure class=\"wp-block-image size-full\"><img loading=\"lazy\" decoding=\"async\" width=\"888\" height=\"602\" src=\"https:\/\/www.gaveanews.com\/wp-content\/uploads\/textor4.avif\" alt=\"\" class=\"wp-image-146326\"\/><figcaption class=\"wp-element-caption\">John Textor, dono da SAF do Botafogo \u2014 Foto: Reprodu\u00e7\u00e3o\n<\/figcaption><\/figure>\n\n\n\n<p>Ainda em clima de celebra\u00e7\u00e3o, o Botafogo j\u00e1 se prepara para um novo desafio: a Copa Intercontinental. O time enfrenta o Pachuca, do M\u00e9xico, pelas quartas de final da competi\u00e7\u00e3o, no Catar. Caso avance, ter\u00e1 o Al Ahly, do Egito, como pr\u00f3ximo advers\u00e1rio. A delega\u00e7\u00e3o viajou na madrugada, com o objetivo de buscar mais um t\u00edtulo para coroar uma temporada hist\u00f3rica, marcada por conquistas nacionais e continentais.<\/p>\n\n\n\n<p>A temporada 2024 ficar\u00e1 marcada como uma das mais vitoriosas da hist\u00f3ria alvinegra, com o Botafogo consolidando seu retorno ao topo do futebol brasileiro e sul-americano. Agora, o clube sonha em encerrar o ano com um t\u00edtulo mundial, refor\u00e7ando o impacto positivo da gest\u00e3o de John Textor e a ambi\u00e7\u00e3o de se firmar como uma pot\u00eancia global no esporte.<\/p>\n\n\n\n<h2 class=\"wp-block-heading\" id=\"h-situacao-de-paulo-guilherme\">Situa\u00e7\u00e3o de Paulo Guilherme<\/h2>\n\n\n\n<p>O Flamengo continua ajustando seu elenco e categorias de base para a pr\u00f3xima temporada, e duas sa\u00eddas recentes chamaram aten\u00e7\u00e3o. O goleiro Paulo Guilherme, destaque da equipe sub-16, foi liberado para se transferir ao Botafogo. O jovem arqueiro, que chegou ao Flamengo em 2023 e conquistou t\u00edtulos importantes como o Torneio Guilherme Embry e o Campeonato Carioca Sub-17, encerra sua passagem pelo clube para integrar a base alvinegra. Essa movimenta\u00e7\u00e3o faz parte das mudan\u00e7as planejadas pelo rubro-negro para 2025 <strong><a href=\"https:\/\/www.gaveanews.com\/index.php\/2024\/12\/12\/adeus-ele-vai-deixar-o-flamengo-para-assinar-com-o-botafogo\/\">(leia a mat\u00e9ria completa).<\/a><\/strong><\/p>\n\n\n\n<figure class=\"wp-block-image size-full\"><img loading=\"lazy\" decoding=\"async\" width=\"483\" height=\"322\" src=\"https:\/\/www.gaveanews.com\/wp-content\/uploads\/camisa-flamengo.webp\" alt=\"\" class=\"wp-image-127354\" srcset=\"https:\/\/www.gaveanews.com\/wp-content\/uploads\/camisa-flamengo.webp 483w, https:\/\/www.gaveanews.com\/wp-content\/uploads\/camisa-flamengo-300x200.webp 300w, https:\/\/www.gaveanews.com\/wp-content\/uploads\/camisa-flamengo-100x67.webp 100w\" sizes=\"auto, (max-width: 483px) 100vw, 483px\" \/><figcaption class=\"wp-element-caption\">Escudo do Flamengo (Foto: Reprodu\u00e7\u00e3o)<\/figcaption><\/figure>\n\n\n\n<p>Outra transfer\u00eancia semelhante envolveu o atacante Weliton, de 19 anos, artilheiro do Flamengo na \u00faltima Copa S\u00e3o Paulo de Futebol J\u00fanior, com seis gols. O jogador, que estava emprestado pelo Juventude, n\u00e3o teve sua op\u00e7\u00e3o de compra exercida pelo Flamengo e tamb\u00e9m seguiu para o Botafogo. Weliton, campe\u00e3o da Libertadores Sub-20, foi convocado para uma partida do time principal na Libertadores, mas n\u00e3o chegou a entrar em campo. Seu custo de R$ 1 milh\u00e3o por 50% dos direitos econ\u00f4micos foi considerado invi\u00e1vel pela diretoria rubro-negra.<\/p>\n\n\n\n<p>Essas negocia\u00e7\u00f5es entre Flamengo e Botafogo, tanto nas categorias de base quanto no elenco profissional, indicam um interc\u00e2mbio crescente entre os clubes cariocas. Al\u00e9m de Weliton e Paulo Guilherme, o zagueiro Pablo, do time principal do Flamengo, tamb\u00e9m foi cedido ao Botafogo recentemente. As movimenta\u00e7\u00f5es refor\u00e7am o planejamento estrat\u00e9gico de ambas as equipes para consolidar seus elencos e se prepararem para os desafios de 2025.<\/p>\n","protected":false},"excerpt":{"rendered":"<p>Nas \u00faltimas horas, o foco das not\u00edcias sobre o Botafogo se concentram nos bastidores do clube, com destaques do dia a dia do clube. Por conta deste contexto, leia abaixo um resumo preparado pela equipe do portal G\u00e1vea News para lhe manter muito bem informado! Recado de Galv\u00e3o Bueno Galv\u00e3o Bueno, conhecido torcedor do Flamengo, [&hellip;]<\/p>\n","protected":false},"author":27,"featured_media":120619,"comment_status":"open","ping_status":"closed","sticky":false,"template":"","format":"standard","meta":{"footnotes":""},"categories":[138],"tags":[],"class_list":["post-198825","post","type-post","status-publish","format-standard","has-post-thumbnail","hentry","category-botafogo"],"yoast_head":"<!-- This site is optimized with the Yoast SEO Premium plugin v24.2 (Yoast SEO v26.9) - https:\/\/yoast.com\/product\/yoast-seo-premium-wordpress\/ -->\n<title>Situa\u00e7\u00e3o de Paulo Guilherme, declara\u00e7\u00e3o de Jhon Textor e recado de Galv\u00e3o Bueno: as \u00faltimas not\u00edcias do Botafogo<\/title>\n<meta name=\"robots\" content=\"index, follow, max-snippet:-1, max-image-preview:large, max-video-preview:-1\" \/>\n<link rel=\"canonical\" href=\"https:\/\/www.gaveanews.com\/index.php\/2024\/12\/13\/situacao-de-paulo-guilherme-declaracao-de-jhon-textor-e-recado-de-galvao-bueno-as-ultimas-noticias-do-botafogo\/\" \/>\n<meta property=\"og:locale\" content=\"pt_BR\" \/>\n<meta property=\"og:type\" content=\"article\" \/>\n<meta property=\"og:title\" content=\"Situa\u00e7\u00e3o de Paulo Guilherme, declara\u00e7\u00e3o de Jhon Textor e recado de Galv\u00e3o Bueno: as \u00faltimas not\u00edcias do Botafogo\" \/>\n<meta property=\"og:description\" content=\"Nas \u00faltimas horas, o foco das not\u00edcias sobre o Botafogo se concentram nos bastidores do clube, com destaques do dia a dia do clube. Por conta deste contexto, leia abaixo um resumo preparado pela equipe do portal G\u00e1vea News para lhe manter muito bem informado! Recado de Galv\u00e3o Bueno Galv\u00e3o Bueno, conhecido torcedor do Flamengo, [&hellip;]\" \/>\n<meta property=\"og:url\" content=\"https:\/\/www.gaveanews.com\/index.php\/2024\/12\/13\/situacao-de-paulo-guilherme-declaracao-de-jhon-textor-e-recado-de-galvao-bueno-as-ultimas-noticias-do-botafogo\/\" \/>\n<meta property=\"og:site_name\" content=\"G\u00e1vea News\" \/>\n<meta property=\"article:publisher\" content=\"https:\/\/facebook.com\/gaveaNews\/\" \/>\n<meta property=\"article:published_time\" content=\"2024-12-13T22:20:35+00:00\" \/>\n<meta property=\"article:modified_time\" content=\"2024-12-13T22:20:39+00:00\" \/>\n<meta property=\"og:image\" content=\"https:\/\/www.gaveanews.com\/wp-content\/uploads\/botafogoescudo.webp\" \/>\n\t<meta property=\"og:image:width\" content=\"900\" \/>\n\t<meta property=\"og:image:height\" content=\"600\" \/>\n\t<meta property=\"og:image:type\" content=\"image\/webp\" \/>\n<meta name=\"author\" content=\"Matheus Felipe\" \/>\n<meta name=\"twitter:card\" content=\"summary_large_image\" \/>\n<meta name=\"twitter:label1\" content=\"Escrito por\" \/>\n\t<meta name=\"twitter:data1\" content=\"Matheus Felipe\" \/>\n\t<meta name=\"twitter:label2\" content=\"Est. tempo de leitura\" \/>\n\t<meta name=\"twitter:data2\" content=\"5 minutos\" \/>\n<script type=\"application\/ld+json\" class=\"yoast-schema-graph\">{\"@context\":\"https:\/\/schema.org\",\"@graph\":[{\"@type\":\"NewsArticle\",\"@id\":\"https:\/\/www.gaveanews.com\/index.php\/2024\/12\/13\/situacao-de-paulo-guilherme-declaracao-de-jhon-textor-e-recado-de-galvao-bueno-as-ultimas-noticias-do-botafogo\/#article\",\"isPartOf\":{\"@id\":\"https:\/\/www.gaveanews.com\/index.php\/2024\/12\/13\/situacao-de-paulo-guilherme-declaracao-de-jhon-textor-e-recado-de-galvao-bueno-as-ultimas-noticias-do-botafogo\/\"},\"author\":{\"name\":\"Matheus Felipe\",\"@id\":\"https:\/\/www.gaveanews.com\/#\/schema\/person\/8207cd4627f56151707418bfc835b2fb\"},\"headline\":\"Situa\u00e7\u00e3o de Paulo Guilherme, declara\u00e7\u00e3o de Jhon Textor e recado de Galv\u00e3o Bueno: as \u00faltimas not\u00edcias do Botafogo\",\"datePublished\":\"2024-12-13T22:20:35+00:00\",\"dateModified\":\"2024-12-13T22:20:39+00:00\",\"mainEntityOfPage\":{\"@id\":\"https:\/\/www.gaveanews.com\/index.php\/2024\/12\/13\/situacao-de-paulo-guilherme-declaracao-de-jhon-textor-e-recado-de-galvao-bueno-as-ultimas-noticias-do-botafogo\/\"},\"wordCount\":845,\"commentCount\":0,\"image\":{\"@id\":\"https:\/\/www.gaveanews.com\/index.php\/2024\/12\/13\/situacao-de-paulo-guilherme-declaracao-de-jhon-textor-e-recado-de-galvao-bueno-as-ultimas-noticias-do-botafogo\/#primaryimage\"},\"thumbnailUrl\":\"https:\/\/www.gaveanews.com\/wp-content\/uploads\/botafogoescudo.webp\",\"articleSection\":[\"Botafogo\"],\"inLanguage\":\"pt-BR\",\"potentialAction\":[{\"@type\":\"CommentAction\",\"name\":\"Comment\",\"target\":[\"https:\/\/www.gaveanews.com\/index.php\/2024\/12\/13\/situacao-de-paulo-guilherme-declaracao-de-jhon-textor-e-recado-de-galvao-bueno-as-ultimas-noticias-do-botafogo\/#respond\"]}],\"copyrightYear\":\"2024\",\"copyrightHolder\":{\"@id\":\"https:\/\/www.gaveanews.com\/#organization\"}},{\"@type\":\"WebPage\",\"@id\":\"https:\/\/www.gaveanews.com\/index.php\/2024\/12\/13\/situacao-de-paulo-guilherme-declaracao-de-jhon-textor-e-recado-de-galvao-bueno-as-ultimas-noticias-do-botafogo\/\",\"url\":\"https:\/\/www.gaveanews.com\/index.php\/2024\/12\/13\/situacao-de-paulo-guilherme-declaracao-de-jhon-textor-e-recado-de-galvao-bueno-as-ultimas-noticias-do-botafogo\/\",\"name\":\"Situa\u00e7\u00e3o de Paulo Guilherme, declara\u00e7\u00e3o de Jhon Textor e recado de Galv\u00e3o Bueno: as \u00faltimas not\u00edcias do Botafogo\",\"isPartOf\":{\"@id\":\"https:\/\/www.gaveanews.com\/#website\"},\"primaryImageOfPage\":{\"@id\":\"https:\/\/www.gaveanews.com\/index.php\/2024\/12\/13\/situacao-de-paulo-guilherme-declaracao-de-jhon-textor-e-recado-de-galvao-bueno-as-ultimas-noticias-do-botafogo\/#primaryimage\"},\"image\":{\"@id\":\"https:\/\/www.gaveanews.com\/index.php\/2024\/12\/13\/situacao-de-paulo-guilherme-declaracao-de-jhon-textor-e-recado-de-galvao-bueno-as-ultimas-noticias-do-botafogo\/#primaryimage\"},\"thumbnailUrl\":\"https:\/\/www.gaveanews.com\/wp-content\/uploads\/botafogoescudo.webp\",\"datePublished\":\"2024-12-13T22:20:35+00:00\",\"dateModified\":\"2024-12-13T22:20:39+00:00\",\"author\":{\"@id\":\"https:\/\/www.gaveanews.com\/#\/schema\/person\/8207cd4627f56151707418bfc835b2fb\"},\"breadcrumb\":{\"@id\":\"https:\/\/www.gaveanews.com\/index.php\/2024\/12\/13\/situacao-de-paulo-guilherme-declaracao-de-jhon-textor-e-recado-de-galvao-bueno-as-ultimas-noticias-do-botafogo\/#breadcrumb\"},\"inLanguage\":\"pt-BR\",\"potentialAction\":[{\"@type\":\"ReadAction\",\"target\":[\"https:\/\/www.gaveanews.com\/index.php\/2024\/12\/13\/situacao-de-paulo-guilherme-declaracao-de-jhon-textor-e-recado-de-galvao-bueno-as-ultimas-noticias-do-botafogo\/\"]}]},{\"@type\":\"ImageObject\",\"inLanguage\":\"pt-BR\",\"@id\":\"https:\/\/www.gaveanews.com\/index.php\/2024\/12\/13\/situacao-de-paulo-guilherme-declaracao-de-jhon-textor-e-recado-de-galvao-bueno-as-ultimas-noticias-do-botafogo\/#primaryimage\",\"url\":\"https:\/\/www.gaveanews.com\/wp-content\/uploads\/botafogoescudo.webp\",\"contentUrl\":\"https:\/\/www.gaveanews.com\/wp-content\/uploads\/botafogoescudo.webp\",\"width\":900,\"height\":600,\"caption\":\"Escudo do Botafogo (Foto: Reprodu\u00e7\u00e3o)\"},{\"@type\":\"BreadcrumbList\",\"@id\":\"https:\/\/www.gaveanews.com\/index.php\/2024\/12\/13\/situacao-de-paulo-guilherme-declaracao-de-jhon-textor-e-recado-de-galvao-bueno-as-ultimas-noticias-do-botafogo\/#breadcrumb\",\"itemListElement\":[{\"@type\":\"ListItem\",\"position\":1,\"name\":\"Home\",\"item\":\"https:\/\/www.gaveanews.com\/\"},{\"@type\":\"ListItem\",\"position\":2,\"name\":\"Situa\u00e7\u00e3o de Paulo Guilherme, declara\u00e7\u00e3o de Jhon Textor e recado de Galv\u00e3o Bueno: as \u00faltimas not\u00edcias do Botafogo\"}]},{\"@type\":\"WebSite\",\"@id\":\"https:\/\/www.gaveanews.com\/#website\",\"url\":\"https:\/\/www.gaveanews.com\/\",\"name\":\"G\u00e1vea News\",\"description\":\"Veja todas as not\u00edcias sobre o Flamengo: Contrata\u00e7\u00f5es, categorias de base, resultados das partidas, tabela de classifica\u00e7\u00e3o, pr\u00f3ximos jogos!\",\"potentialAction\":[{\"@type\":\"SearchAction\",\"target\":{\"@type\":\"EntryPoint\",\"urlTemplate\":\"https:\/\/www.gaveanews.com\/?s={search_term_string}\"},\"query-input\":{\"@type\":\"PropertyValueSpecification\",\"valueRequired\":true,\"valueName\":\"search_term_string\"}}],\"inLanguage\":\"pt-BR\"},{\"@type\":\"Person\",\"@id\":\"https:\/\/www.gaveanews.com\/#\/schema\/person\/8207cd4627f56151707418bfc835b2fb\",\"name\":\"Matheus Felipe\",\"image\":{\"@type\":\"ImageObject\",\"inLanguage\":\"pt-BR\",\"@id\":\"https:\/\/www.gaveanews.com\/#\/schema\/person\/image\/\",\"url\":\"https:\/\/secure.gravatar.com\/avatar\/a452ffbed9130f726358b298bb3a99ce4bd3c5338411f8440e87e14d74c7c087?s=96&d=mm&r=g\",\"contentUrl\":\"https:\/\/secure.gravatar.com\/avatar\/a452ffbed9130f726358b298bb3a99ce4bd3c5338411f8440e87e14d74c7c087?s=96&d=mm&r=g\",\"caption\":\"Matheus Felipe\"}}]}<\/script>\n<!-- \/ Yoast SEO Premium plugin. -->","yoast_head_json":{"title":"Situa\u00e7\u00e3o de Paulo Guilherme, declara\u00e7\u00e3o de Jhon Textor e recado de Galv\u00e3o Bueno: as \u00faltimas not\u00edcias do Botafogo","robots":{"index":"index","follow":"follow","max-snippet":"max-snippet:-1","max-image-preview":"max-image-preview:large","max-video-preview":"max-video-preview:-1"},"canonical":"https:\/\/www.gaveanews.com\/index.php\/2024\/12\/13\/situacao-de-paulo-guilherme-declaracao-de-jhon-textor-e-recado-de-galvao-bueno-as-ultimas-noticias-do-botafogo\/","og_locale":"pt_BR","og_type":"article","og_title":"Situa\u00e7\u00e3o de Paulo Guilherme, declara\u00e7\u00e3o de Jhon Textor e recado de Galv\u00e3o Bueno: as \u00faltimas not\u00edcias do Botafogo","og_description":"Nas \u00faltimas horas, o foco das not\u00edcias sobre o Botafogo se concentram nos bastidores do clube, com destaques do dia a dia do clube. Por conta deste contexto, leia abaixo um resumo preparado pela equipe do portal G\u00e1vea News para lhe manter muito bem informado! Recado de Galv\u00e3o Bueno Galv\u00e3o Bueno, conhecido torcedor do Flamengo, [&hellip;]","og_url":"https:\/\/www.gaveanews.com\/index.php\/2024\/12\/13\/situacao-de-paulo-guilherme-declaracao-de-jhon-textor-e-recado-de-galvao-bueno-as-ultimas-noticias-do-botafogo\/","og_site_name":"G\u00e1vea News","article_publisher":"https:\/\/facebook.com\/gaveaNews\/","article_published_time":"2024-12-13T22:20:35+00:00","article_modified_time":"2024-12-13T22:20:39+00:00","og_image":[{"width":900,"height":600,"url":"https:\/\/www.gaveanews.com\/wp-content\/uploads\/botafogoescudo.webp","type":"image\/webp"}],"author":"Matheus Felipe","twitter_card":"summary_large_image","twitter_misc":{"Escrito por":"Matheus Felipe","Est. tempo de leitura":"5 minutos"},"schema":{"@context":"https:\/\/schema.org","@graph":[{"@type":"NewsArticle","@id":"https:\/\/www.gaveanews.com\/index.php\/2024\/12\/13\/situacao-de-paulo-guilherme-declaracao-de-jhon-textor-e-recado-de-galvao-bueno-as-ultimas-noticias-do-botafogo\/#article","isPartOf":{"@id":"https:\/\/www.gaveanews.com\/index.php\/2024\/12\/13\/situacao-de-paulo-guilherme-declaracao-de-jhon-textor-e-recado-de-galvao-bueno-as-ultimas-noticias-do-botafogo\/"},"author":{"name":"Matheus Felipe","@id":"https:\/\/www.gaveanews.com\/#\/schema\/person\/8207cd4627f56151707418bfc835b2fb"},"headline":"Situa\u00e7\u00e3o de Paulo Guilherme, declara\u00e7\u00e3o de Jhon Textor e recado de Galv\u00e3o Bueno: as \u00faltimas not\u00edcias do Botafogo","datePublished":"2024-12-13T22:20:35+00:00","dateModified":"2024-12-13T22:20:39+00:00","mainEntityOfPage":{"@id":"https:\/\/www.gaveanews.com\/index.php\/2024\/12\/13\/situacao-de-paulo-guilherme-declaracao-de-jhon-textor-e-recado-de-galvao-bueno-as-ultimas-noticias-do-botafogo\/"},"wordCount":845,"commentCount":0,"image":{"@id":"https:\/\/www.gaveanews.com\/index.php\/2024\/12\/13\/situacao-de-paulo-guilherme-declaracao-de-jhon-textor-e-recado-de-galvao-bueno-as-ultimas-noticias-do-botafogo\/#primaryimage"},"thumbnailUrl":"https:\/\/www.gaveanews.com\/wp-content\/uploads\/botafogoescudo.webp","articleSection":["Botafogo"],"inLanguage":"pt-BR","potentialAction":[{"@type":"CommentAction","name":"Comment","target":["https:\/\/www.gaveanews.com\/index.php\/2024\/12\/13\/situacao-de-paulo-guilherme-declaracao-de-jhon-textor-e-recado-de-galvao-bueno-as-ultimas-noticias-do-botafogo\/#respond"]}],"copyrightYear":"2024","copyrightHolder":{"@id":"https:\/\/www.gaveanews.com\/#organization"}},{"@type":"WebPage","@id":"https:\/\/www.gaveanews.com\/index.php\/2024\/12\/13\/situacao-de-paulo-guilherme-declaracao-de-jhon-textor-e-recado-de-galvao-bueno-as-ultimas-noticias-do-botafogo\/","url":"https:\/\/www.gaveanews.com\/index.php\/2024\/12\/13\/situacao-de-paulo-guilherme-declaracao-de-jhon-textor-e-recado-de-galvao-bueno-as-ultimas-noticias-do-botafogo\/","name":"Situa\u00e7\u00e3o de Paulo Guilherme, declara\u00e7\u00e3o de Jhon Textor e recado de Galv\u00e3o Bueno: as \u00faltimas not\u00edcias do Botafogo","isPartOf":{"@id":"https:\/\/www.gaveanews.com\/#website"},"primaryImageOfPage":{"@id":"https:\/\/www.gaveanews.com\/index.php\/2024\/12\/13\/situacao-de-paulo-guilherme-declaracao-de-jhon-textor-e-recado-de-galvao-bueno-as-ultimas-noticias-do-botafogo\/#primaryimage"},"image":{"@id":"https:\/\/www.gaveanews.com\/index.php\/2024\/12\/13\/situacao-de-paulo-guilherme-declaracao-de-jhon-textor-e-recado-de-galvao-bueno-as-ultimas-noticias-do-botafogo\/#primaryimage"},"thumbnailUrl":"https:\/\/www.gaveanews.com\/wp-content\/uploads\/botafogoescudo.webp","datePublished":"2024-12-13T22:20:35+00:00","dateModified":"2024-12-13T22:20:39+00:00","author":{"@id":"https:\/\/www.gaveanews.com\/#\/schema\/person\/8207cd4627f56151707418bfc835b2fb"},"breadcrumb":{"@id":"https:\/\/www.gaveanews.com\/index.php\/2024\/12\/13\/situacao-de-paulo-guilherme-declaracao-de-jhon-textor-e-recado-de-galvao-bueno-as-ultimas-noticias-do-botafogo\/#breadcrumb"},"inLanguage":"pt-BR","potentialAction":[{"@type":"ReadAction","target":["https:\/\/www.gaveanews.com\/index.php\/2024\/12\/13\/situacao-de-paulo-guilherme-declaracao-de-jhon-textor-e-recado-de-galvao-bueno-as-ultimas-noticias-do-botafogo\/"]}]},{"@type":"ImageObject","inLanguage":"pt-BR","@id":"https:\/\/www.gaveanews.com\/index.php\/2024\/12\/13\/situacao-de-paulo-guilherme-declaracao-de-jhon-textor-e-recado-de-galvao-bueno-as-ultimas-noticias-do-botafogo\/#primaryimage","url":"https:\/\/www.gaveanews.com\/wp-content\/uploads\/botafogoescudo.webp","contentUrl":"https:\/\/www.gaveanews.com\/wp-content\/uploads\/botafogoescudo.webp","width":900,"height":600,"caption":"Escudo do Botafogo (Foto: Reprodu\u00e7\u00e3o)"},{"@type":"BreadcrumbList","@id":"https:\/\/www.gaveanews.com\/index.php\/2024\/12\/13\/situacao-de-paulo-guilherme-declaracao-de-jhon-textor-e-recado-de-galvao-bueno-as-ultimas-noticias-do-botafogo\/#breadcrumb","itemListElement":[{"@type":"ListItem","position":1,"name":"Home","item":"https:\/\/www.gaveanews.com\/"},{"@type":"ListItem","position":2,"name":"Situa\u00e7\u00e3o de Paulo Guilherme, declara\u00e7\u00e3o de Jhon Textor e recado de Galv\u00e3o Bueno: as \u00faltimas not\u00edcias do Botafogo"}]},{"@type":"WebSite","@id":"https:\/\/www.gaveanews.com\/#website","url":"https:\/\/www.gaveanews.com\/","name":"G\u00e1vea News","description":"Veja todas as not\u00edcias sobre o Flamengo: Contrata\u00e7\u00f5es, categorias de base, resultados das partidas, tabela de classifica\u00e7\u00e3o, pr\u00f3ximos jogos!","potentialAction":[{"@type":"SearchAction","target":{"@type":"EntryPoint","urlTemplate":"https:\/\/www.gaveanews.com\/?s={search_term_string}"},"query-input":{"@type":"PropertyValueSpecification","valueRequired":true,"valueName":"search_term_string"}}],"inLanguage":"pt-BR"},{"@type":"Person","@id":"https:\/\/www.gaveanews.com\/#\/schema\/person\/8207cd4627f56151707418bfc835b2fb","name":"Matheus Felipe","image":{"@type":"ImageObject","inLanguage":"pt-BR","@id":"https:\/\/www.gaveanews.com\/#\/schema\/person\/image\/","url":"https:\/\/secure.gravatar.com\/avatar\/a452ffbed9130f726358b298bb3a99ce4bd3c5338411f8440e87e14d74c7c087?s=96&d=mm&r=g","contentUrl":"https:\/\/secure.gravatar.com\/avatar\/a452ffbed9130f726358b298bb3a99ce4bd3c5338411f8440e87e14d74c7c087?s=96&d=mm&r=g","caption":"Matheus Felipe"}}]}},"_links":{"self":[{"href":"https:\/\/www.gaveanews.com\/index.php\/wp-json\/wp\/v2\/posts\/198825","targetHints":{"allow":["GET"]}}],"collection":[{"href":"https:\/\/www.gaveanews.com\/index.php\/wp-json\/wp\/v2\/posts"}],"about":[{"href":"https:\/\/www.gaveanews.com\/index.php\/wp-json\/wp\/v2\/types\/post"}],"author":[{"embeddable":true,"href":"https:\/\/www.gaveanews.com\/index.php\/wp-json\/wp\/v2\/users\/27"}],"replies":[{"embeddable":true,"href":"https:\/\/www.gaveanews.com\/index.php\/wp-json\/wp\/v2\/comments?post=198825"}],"version-history":[{"count":1,"href":"https:\/\/www.gaveanews.com\/index.php\/wp-json\/wp\/v2\/posts\/198825\/revisions"}],"predecessor-version":[{"id":198829,"href":"https:\/\/www.gaveanews.com\/index.php\/wp-json\/wp\/v2\/posts\/198825\/revisions\/198829"}],"wp:featuredmedia":[{"embeddable":true,"href":"https:\/\/www.gaveanews.com\/index.php\/wp-json\/wp\/v2\/media\/120619"}],"wp:attachment":[{"href":"https:\/\/www.gaveanews.com\/index.php\/wp-json\/wp\/v2\/media?parent=198825"}],"wp:term":[{"taxonomy":"category","embeddable":true,"href":"https:\/\/www.gaveanews.com\/index.php\/wp-json\/wp\/v2\/categories?post=198825"},{"taxonomy":"post_tag","embeddable":true,"href":"https:\/\/www.gaveanews.com\/index.php\/wp-json\/wp\/v2\/tags?post=198825"}],"curies":[{"name":"wp","href":"https:\/\/api.w.org\/{rel}","templated":true}]}}