{"id":198845,"date":"2024-12-13T19:55:09","date_gmt":"2024-12-13T22:55:09","guid":{"rendered":"https:\/\/www.gaveanews.com\/?p=198845"},"modified":"2024-12-13T19:55:11","modified_gmt":"2024-12-13T22:55:11","slug":"situacao-de-raphael-veiga-declaracao-de-mikel-arteta-e-recado-de-estevao-as-ultimas-noticias-do-palmeiras","status":"publish","type":"post","link":"https:\/\/www.gaveanews.com\/index.php\/2024\/12\/13\/situacao-de-raphael-veiga-declaracao-de-mikel-arteta-e-recado-de-estevao-as-ultimas-noticias-do-palmeiras\/","title":{"rendered":"Situa\u00e7\u00e3o de Raphael Veiga, declara\u00e7\u00e3o de Mikel Arteta e recado de Est\u00eav\u00e3o: as \u00faltimas not\u00edcias do Palmeiras"},"content":{"rendered":"\n<p>Nas \u00faltimas horas, o foco das not\u00edcias sobre o Palmeiras se concentram nos bastidores do clube, com destaques do dia a dia do clube.<\/p>\n\n\n\n<p>Por conta deste contexto, leia abaixo um resumo preparado pela equipe do portal G\u00e1vea News para lhe manter muito bem informado!<\/p>\n\n\n\n<h2 class=\"wp-block-heading\" id=\"h-recado-de-estevao\">Recado de Est\u00eav\u00e3o<\/h2>\n\n\n\n<p>O jovem atacante Est\u00eav\u00e3o, de 17 anos, uma das grandes promessas do Palmeiras, demonstrou entusiasmo ao comentar sobre o confronto contra Lionel Messi no Mundial de Clubes da FIFA em 2025. O Palmeiras est\u00e1 no mesmo grupo do Inter Miami, equipe do astro argentino, e o duelo est\u00e1 marcado para o dia 23 de junho, em Miami. Est\u00eav\u00e3o afirmou que ser\u00e1 uma experi\u00eancia inesquec\u00edvel enfrentar seu maior \u00eddolo, destacando a import\u00e2ncia do momento tanto para ele quanto para o elenco palmeirense. <strong><a href=\"https:\/\/www.gaveanews.com\/index.php\/2024\/12\/12\/video-a-declaracao-de-estevao-do-palmeiras-direcionada-a-messi\/\">(leia a mat\u00e9ria completa)<\/a><\/strong><\/p>\n\n\n\n<figure class=\"wp-block-image size-large\"><img loading=\"lazy\" decoding=\"async\" width=\"1024\" height=\"576\" src=\"https:\/\/www.gaveanews.com\/wp-content\/uploads\/messi-gol-inter-miami-1024x576.webp\" alt=\"\" class=\"wp-image-104008\" srcset=\"https:\/\/www.gaveanews.com\/wp-content\/uploads\/messi-gol-inter-miami-1024x576.webp 1024w, https:\/\/www.gaveanews.com\/wp-content\/uploads\/messi-gol-inter-miami-300x169.webp 300w, https:\/\/www.gaveanews.com\/wp-content\/uploads\/messi-gol-inter-miami-768x432.webp 768w, https:\/\/www.gaveanews.com\/wp-content\/uploads\/messi-gol-inter-miami-1536x864.webp 1536w, https:\/\/www.gaveanews.com\/wp-content\/uploads\/messi-gol-inter-miami-747x420.webp 747w, https:\/\/www.gaveanews.com\/wp-content\/uploads\/messi-gol-inter-miami-1493x840.webp 1493w, https:\/\/www.gaveanews.com\/wp-content\/uploads\/messi-gol-inter-miami-640x360.webp 640w, https:\/\/www.gaveanews.com\/wp-content\/uploads\/messi-gol-inter-miami-1280x720.webp 1280w, https:\/\/www.gaveanews.com\/wp-content\/uploads\/messi-gol-inter-miami-681x383.webp 681w, https:\/\/www.gaveanews.com\/wp-content\/uploads\/messi-gol-inter-miami-1362x766.webp 1362w, https:\/\/www.gaveanews.com\/wp-content\/uploads\/messi-gol-inter-miami-100x56.webp 100w, https:\/\/www.gaveanews.com\/wp-content\/uploads\/messi-gol-inter-miami.webp 1600w\" sizes=\"auto, (max-width: 1024px) 100vw, 1024px\" \/><figcaption class=\"wp-element-caption\">Messi comemora gol marcado pelo Inter Miami (Foto: Stacy Revere\/Getty Images)<\/figcaption><\/figure>\n\n\n\n<p>Em entrevista \u00e0 ESPN, Est\u00eav\u00e3o revelou que pretende pedir a camisa de Messi ap\u00f3s a partida e sonha em marcar um gol nesse confronto. Apesar de ser apelidado de \u201cMessinho\u201d desde a base, o atacante prefere ser chamado pelo pr\u00f3prio nome, explicando que compara\u00e7\u00f5es podem atrapalhar sua trajet\u00f3ria. \u201cQuero ser o Est\u00eav\u00e3o, amo jogar futebol e quero desfrutar disso ao m\u00e1ximo\u201d, destacou o jogador, que carrega consigo grandes expectativas para o futuro.<\/p>\n\n\n\n<p>Al\u00e9m do t\u00e3o aguardado duelo com Messi, Est\u00eav\u00e3o projeta uma temporada de destaque pelo Palmeiras, buscando ajudar o time a conquistar t\u00edtulos e consolidar sua carreira. Determinado, o jovem afirma que seu foco \u00e9 sempre no pr\u00f3ximo jogo, mas reconhece que a oportunidade de enfrentar um \u00eddolo como Messi ser\u00e1 um marco em sua trajet\u00f3ria. O confronto \u00e9 aguardado com entusiasmo pelos torcedores e promete ser um dos momentos mais emocionantes do Mundial de Clubes.<\/p>\n\n\n\n<h2 class=\"wp-block-heading\" id=\"h-declaracao-de-mikel-arteta\">Declara\u00e7\u00e3o de Mikel Arteta <\/h2>\n\n\n\n<p>Gabriel Jesus enfrenta uma fase desafiadora no Arsenal, com menos tempo de jogo devido \u00e0 forte concorr\u00eancia no ataque, onde Kai Havertz tem sido a principal escolha de Mikel Arteta. Al\u00e9m disso, o interesse do clube em Alexander Isak, do Newcastle, aumentou as especula\u00e7\u00f5es sobre uma poss\u00edvel sa\u00edda do atacante brasileiro na pr\u00f3xima janela de transfer\u00eancias. Apesar disso, Arteta foi enf\u00e1tico ao negar os rumores de venda, ressaltando que Gabriel continua sendo uma pe\u00e7a importante no elenco e que o clube busca ajud\u00e1-lo a recuperar espa\u00e7o no time <strong><a href=\"https:\/\/www.gaveanews.com\/index.php\/2024\/12\/12\/arsenal-a-declaracao-de-mikel-arteta-sobre-venda-de-gabriel-jesus\/\">(leia a mat\u00e9ria completa).<\/a><\/strong><\/p>\n\n\n\n<figure class=\"wp-block-image size-large\"><img loading=\"lazy\" decoding=\"async\" width=\"1024\" height=\"768\" src=\"https:\/\/www.gaveanews.com\/wp-content\/uploads\/Mikel-Arteta-durante-jogo-do-Arsenal-edited-1024x768.webp\" alt=\"\" class=\"wp-image-122034\" srcset=\"https:\/\/www.gaveanews.com\/wp-content\/uploads\/Mikel-Arteta-durante-jogo-do-Arsenal-edited-1024x768.webp 1024w, https:\/\/www.gaveanews.com\/wp-content\/uploads\/Mikel-Arteta-durante-jogo-do-Arsenal-edited-300x225.webp 300w, https:\/\/www.gaveanews.com\/wp-content\/uploads\/Mikel-Arteta-durante-jogo-do-Arsenal-edited-768x576.webp 768w, https:\/\/www.gaveanews.com\/wp-content\/uploads\/Mikel-Arteta-durante-jogo-do-Arsenal-edited-560x420.webp 560w, https:\/\/www.gaveanews.com\/wp-content\/uploads\/Mikel-Arteta-durante-jogo-do-Arsenal-edited-80x60.webp 80w, https:\/\/www.gaveanews.com\/wp-content\/uploads\/Mikel-Arteta-durante-jogo-do-Arsenal-edited-160x120.webp 160w, https:\/\/www.gaveanews.com\/wp-content\/uploads\/Mikel-Arteta-durante-jogo-do-Arsenal-edited-100x75.webp 100w, https:\/\/www.gaveanews.com\/wp-content\/uploads\/Mikel-Arteta-durante-jogo-do-Arsenal-edited-200x150.webp 200w, https:\/\/www.gaveanews.com\/wp-content\/uploads\/Mikel-Arteta-durante-jogo-do-Arsenal-edited-180x135.webp 180w, https:\/\/www.gaveanews.com\/wp-content\/uploads\/Mikel-Arteta-durante-jogo-do-Arsenal-edited-360x270.webp 360w, https:\/\/www.gaveanews.com\/wp-content\/uploads\/Mikel-Arteta-durante-jogo-do-Arsenal-edited-238x178.webp 238w, https:\/\/www.gaveanews.com\/wp-content\/uploads\/Mikel-Arteta-durante-jogo-do-Arsenal-edited-476x356.webp 476w, https:\/\/www.gaveanews.com\/wp-content\/uploads\/Mikel-Arteta-durante-jogo-do-Arsenal-edited-640x480.webp 640w, https:\/\/www.gaveanews.com\/wp-content\/uploads\/Mikel-Arteta-durante-jogo-do-Arsenal-edited-681x511.webp 681w, https:\/\/www.gaveanews.com\/wp-content\/uploads\/Mikel-Arteta-durante-jogo-do-Arsenal-edited.webp 1080w\" sizes=\"auto, (max-width: 1024px) 100vw, 1024px\" \/><figcaption class=\"wp-element-caption\">Mikel Arteta durante jogo do Arsenal (Foto: Reprodu\u00e7\u00e3o\/Instagram)<\/figcaption><\/figure>\n\n\n\n<p>At\u00e9 agora, Gabriel Jesus marcou apenas um gol na temporada, durante a vit\u00f3ria por 3 a 0 sobre o Preston na Carabao Cup, e seu desempenho tem sido afetado por les\u00f5es e outros contratempos. Embora tenha contrato com o Arsenal at\u00e9 2027, a possibilidade de uma transfer\u00eancia n\u00e3o est\u00e1 descartada, especialmente se o atacante continuar com poucos minutos em campo. <\/p>\n\n\n\n<p>A falta de protagonismo tamb\u00e9m resultou na perda de sua vaga na sele\u00e7\u00e3o brasileira, tornando sua situa\u00e7\u00e3o ainda mais delicada.<\/p>\n\n\n\n<p>Arteta destacou o apoio t\u00e9cnico e do elenco ao jogador, reconhecendo sua import\u00e2ncia para a equipe. No entanto, Gabriel Jesus encara o desafio de reconquistar sua posi\u00e7\u00e3o em meio a uma concorr\u00eancia acirrada e rumores crescentes sobre mudan\u00e7as no elenco. O pr\u00f3ximo m\u00eas ser\u00e1 decisivo para determinar o futuro do atacante, seja com uma perman\u00eancia mais consolidada no Arsenal ou uma poss\u00edvel transfer\u00eancia na janela de janeiro.<\/p>\n\n\n\n<h2 class=\"wp-block-heading\" id=\"h-situacao-de-raphael-veiga\">Situa\u00e7\u00e3o de Raphael Veiga<\/h2>\n\n\n\n<p>Raphael Veiga, um dos l\u00edderes do Palmeiras e pe\u00e7a-chave na briga pelo t\u00edtulo do Brasileir\u00e3o at\u00e9 a \u00faltima rodada, fez um balan\u00e7o sincero sobre a temporada de 2024 ap\u00f3s receber o Trof\u00e9u Mesa Redonda, da TV Gazeta. Apesar de destacar o desempenho geral da equipe, Veiga admitiu que a temporada ficou abaixo das expectativas por conta da aus\u00eancia de grandes t\u00edtulos, al\u00e9m do Campeonato Paulista. Em suas palavras, ele tamb\u00e9m ironizou as cr\u00edticas recebidas, apontando que equipes em posi\u00e7\u00f5es inferiores comemoraram como se fossem campe\u00e3s, enquanto o Palmeiras foi alvo de cobran\u00e7as mesmo sendo vice-l\u00edder <strong><a href=\"https:\/\/www.gaveanews.com\/index.php\/2024\/12\/11\/isso-foi-o-que-disse-raphael-veiga-sobre-ano-do-palmeiras\/\">(leia a mat\u00e9ria completa).<\/a><\/strong><\/p>\n\n\n\n<figure class=\"wp-block-image size-full\"><img loading=\"lazy\" decoding=\"async\" width=\"1008\" height=\"567\" src=\"https:\/\/www.gaveanews.com\/wp-content\/uploads\/Raphael-Veiga-comemora-gol-marcado-pelo-Palmeiras.webp\" alt=\"\" class=\"wp-image-70428\" srcset=\"https:\/\/www.gaveanews.com\/wp-content\/uploads\/Raphael-Veiga-comemora-gol-marcado-pelo-Palmeiras.webp 1008w, https:\/\/www.gaveanews.com\/wp-content\/uploads\/Raphael-Veiga-comemora-gol-marcado-pelo-Palmeiras-300x169.webp 300w, https:\/\/www.gaveanews.com\/wp-content\/uploads\/Raphael-Veiga-comemora-gol-marcado-pelo-Palmeiras-768x432.webp 768w, https:\/\/www.gaveanews.com\/wp-content\/uploads\/Raphael-Veiga-comemora-gol-marcado-pelo-Palmeiras-747x420.webp 747w, https:\/\/www.gaveanews.com\/wp-content\/uploads\/Raphael-Veiga-comemora-gol-marcado-pelo-Palmeiras-640x360.webp 640w, https:\/\/www.gaveanews.com\/wp-content\/uploads\/Raphael-Veiga-comemora-gol-marcado-pelo-Palmeiras-681x383.webp 681w, https:\/\/www.gaveanews.com\/wp-content\/uploads\/Raphael-Veiga-comemora-gol-marcado-pelo-Palmeiras-100x56.webp 100w\" sizes=\"auto, (max-width: 1008px) 100vw, 1008px\" \/><\/figure>\n\n\n\n<p>Veiga tamb\u00e9m falou sobre suas pr\u00f3prias atua\u00e7\u00f5es, reconhecendo que n\u00e3o foi t\u00e3o constante como nos anos anteriores. Ele mencionou os desafios enfrentados, tanto dentro quanto fora de campo, e destacou a necessidade de se reinventar jogando em diferentes posi\u00e7\u00f5es ao longo do ano. &#8220;Agora \u00e9 descansar para voltar mais forte no pr\u00f3ximo ano, ser mais decisivo e ajudar o time a conquistar t\u00edtulos. Sim, eu fico, e estou com muita vontade de voltar a vencer&#8221;, afirmou o camisa 23, refor\u00e7ando seu compromisso com o clube para 2025.<\/p>\n\n\n\n<p>Por fim, Veiga abordou as cr\u00edticas do t\u00e9cnico Abel Ferreira sobre a falta de efici\u00eancia nas finaliza\u00e7\u00f5es. Ele destacou que, embora o Palmeiras tenha terminado com um dos melhores ataques do campeonato, o time desperdi\u00e7ou muitas chances, dificultando alguns jogos. Determinado a corrigir esses erros, Veiga garantiu que o foco agora \u00e9 trabalhar para fazer de 2025 uma temporada mais vitoriosa, com a ambi\u00e7\u00e3o de conquistar trof\u00e9us e retomar o protagonismo no cen\u00e1rio nacional e internacional.<\/p>\n","protected":false},"excerpt":{"rendered":"<p>Nas \u00faltimas horas, o foco das not\u00edcias sobre o Palmeiras se concentram nos bastidores do clube, com destaques do dia a dia do clube. Por conta deste contexto, leia abaixo um resumo preparado pela equipe do portal G\u00e1vea News para lhe manter muito bem informado! Recado de Est\u00eav\u00e3o O jovem atacante Est\u00eav\u00e3o, de 17 anos, [&hellip;]<\/p>\n","protected":false},"author":27,"featured_media":141974,"comment_status":"open","ping_status":"closed","sticky":false,"template":"","format":"standard","meta":{"footnotes":""},"categories":[150],"tags":[],"class_list":["post-198845","post","type-post","status-publish","format-standard","has-post-thumbnail","hentry","category-palmeiras"],"yoast_head":"<!-- This site is optimized with the Yoast SEO Premium plugin v24.2 (Yoast SEO v26.9) - https:\/\/yoast.com\/product\/yoast-seo-premium-wordpress\/ -->\n<title>Situa\u00e7\u00e3o de Raphael Veiga, declara\u00e7\u00e3o de Mikel Arteta e recado de Est\u00eav\u00e3o: as \u00faltimas not\u00edcias do Palmeiras<\/title>\n<meta name=\"robots\" content=\"index, follow, max-snippet:-1, max-image-preview:large, max-video-preview:-1\" \/>\n<link rel=\"canonical\" href=\"https:\/\/www.gaveanews.com\/index.php\/2024\/12\/13\/situacao-de-raphael-veiga-declaracao-de-mikel-arteta-e-recado-de-estevao-as-ultimas-noticias-do-palmeiras\/\" \/>\n<meta property=\"og:locale\" content=\"pt_BR\" \/>\n<meta property=\"og:type\" content=\"article\" \/>\n<meta property=\"og:title\" content=\"Situa\u00e7\u00e3o de Raphael Veiga, declara\u00e7\u00e3o de Mikel Arteta e recado de Est\u00eav\u00e3o: as \u00faltimas not\u00edcias do Palmeiras\" \/>\n<meta property=\"og:description\" content=\"Nas \u00faltimas horas, o foco das not\u00edcias sobre o Palmeiras se concentram nos bastidores do clube, com destaques do dia a dia do clube. Por conta deste contexto, leia abaixo um resumo preparado pela equipe do portal G\u00e1vea News para lhe manter muito bem informado! Recado de Est\u00eav\u00e3o O jovem atacante Est\u00eav\u00e3o, de 17 anos, [&hellip;]\" \/>\n<meta property=\"og:url\" content=\"https:\/\/www.gaveanews.com\/index.php\/2024\/12\/13\/situacao-de-raphael-veiga-declaracao-de-mikel-arteta-e-recado-de-estevao-as-ultimas-noticias-do-palmeiras\/\" \/>\n<meta property=\"og:site_name\" content=\"G\u00e1vea News\" \/>\n<meta property=\"article:publisher\" content=\"https:\/\/facebook.com\/gaveaNews\/\" \/>\n<meta property=\"article:published_time\" content=\"2024-12-13T22:55:09+00:00\" \/>\n<meta property=\"article:modified_time\" content=\"2024-12-13T22:55:11+00:00\" \/>\n<meta property=\"og:image\" content=\"https:\/\/www.gaveanews.com\/wp-content\/uploads\/O-jogador-Estevao-da-SE-Palmeiras-comemora-seu-contra-a-equipe-do-Botafogo-FC-durante-partida-valida-pela-terceira-fase-da-Copa-do-Brasil-na-arena-Allianz-Parque-1024x576-1.webp\" \/>\n\t<meta property=\"og:image:width\" content=\"1024\" \/>\n\t<meta property=\"og:image:height\" content=\"576\" \/>\n\t<meta property=\"og:image:type\" content=\"image\/webp\" \/>\n<meta name=\"author\" content=\"Matheus Felipe\" \/>\n<meta name=\"twitter:card\" content=\"summary_large_image\" \/>\n<meta name=\"twitter:label1\" content=\"Escrito por\" \/>\n\t<meta name=\"twitter:data1\" content=\"Matheus Felipe\" \/>\n\t<meta name=\"twitter:label2\" content=\"Est. tempo de leitura\" \/>\n\t<meta name=\"twitter:data2\" content=\"6 minutos\" \/>\n<script type=\"application\/ld+json\" class=\"yoast-schema-graph\">{\"@context\":\"https:\/\/schema.org\",\"@graph\":[{\"@type\":\"NewsArticle\",\"@id\":\"https:\/\/www.gaveanews.com\/index.php\/2024\/12\/13\/situacao-de-raphael-veiga-declaracao-de-mikel-arteta-e-recado-de-estevao-as-ultimas-noticias-do-palmeiras\/#article\",\"isPartOf\":{\"@id\":\"https:\/\/www.gaveanews.com\/index.php\/2024\/12\/13\/situacao-de-raphael-veiga-declaracao-de-mikel-arteta-e-recado-de-estevao-as-ultimas-noticias-do-palmeiras\/\"},\"author\":{\"name\":\"Matheus Felipe\",\"@id\":\"https:\/\/www.gaveanews.com\/#\/schema\/person\/8207cd4627f56151707418bfc835b2fb\"},\"headline\":\"Situa\u00e7\u00e3o de Raphael Veiga, declara\u00e7\u00e3o de Mikel Arteta e recado de Est\u00eav\u00e3o: as \u00faltimas not\u00edcias do Palmeiras\",\"datePublished\":\"2024-12-13T22:55:09+00:00\",\"dateModified\":\"2024-12-13T22:55:11+00:00\",\"mainEntityOfPage\":{\"@id\":\"https:\/\/www.gaveanews.com\/index.php\/2024\/12\/13\/situacao-de-raphael-veiga-declaracao-de-mikel-arteta-e-recado-de-estevao-as-ultimas-noticias-do-palmeiras\/\"},\"wordCount\":910,\"commentCount\":0,\"image\":{\"@id\":\"https:\/\/www.gaveanews.com\/index.php\/2024\/12\/13\/situacao-de-raphael-veiga-declaracao-de-mikel-arteta-e-recado-de-estevao-as-ultimas-noticias-do-palmeiras\/#primaryimage\"},\"thumbnailUrl\":\"https:\/\/www.gaveanews.com\/wp-content\/uploads\/O-jogador-Estevao-da-SE-Palmeiras-comemora-seu-contra-a-equipe-do-Botafogo-FC-durante-partida-valida-pela-terceira-fase-da-Copa-do-Brasil-na-arena-Allianz-Parque-1024x576-1.webp\",\"articleSection\":[\"Palmeiras\"],\"inLanguage\":\"pt-BR\",\"potentialAction\":[{\"@type\":\"CommentAction\",\"name\":\"Comment\",\"target\":[\"https:\/\/www.gaveanews.com\/index.php\/2024\/12\/13\/situacao-de-raphael-veiga-declaracao-de-mikel-arteta-e-recado-de-estevao-as-ultimas-noticias-do-palmeiras\/#respond\"]}],\"copyrightYear\":\"2024\",\"copyrightHolder\":{\"@id\":\"https:\/\/www.gaveanews.com\/#organization\"}},{\"@type\":\"WebPage\",\"@id\":\"https:\/\/www.gaveanews.com\/index.php\/2024\/12\/13\/situacao-de-raphael-veiga-declaracao-de-mikel-arteta-e-recado-de-estevao-as-ultimas-noticias-do-palmeiras\/\",\"url\":\"https:\/\/www.gaveanews.com\/index.php\/2024\/12\/13\/situacao-de-raphael-veiga-declaracao-de-mikel-arteta-e-recado-de-estevao-as-ultimas-noticias-do-palmeiras\/\",\"name\":\"Situa\u00e7\u00e3o de Raphael Veiga, declara\u00e7\u00e3o de Mikel Arteta e recado de Est\u00eav\u00e3o: as \u00faltimas not\u00edcias do Palmeiras\",\"isPartOf\":{\"@id\":\"https:\/\/www.gaveanews.com\/#website\"},\"primaryImageOfPage\":{\"@id\":\"https:\/\/www.gaveanews.com\/index.php\/2024\/12\/13\/situacao-de-raphael-veiga-declaracao-de-mikel-arteta-e-recado-de-estevao-as-ultimas-noticias-do-palmeiras\/#primaryimage\"},\"image\":{\"@id\":\"https:\/\/www.gaveanews.com\/index.php\/2024\/12\/13\/situacao-de-raphael-veiga-declaracao-de-mikel-arteta-e-recado-de-estevao-as-ultimas-noticias-do-palmeiras\/#primaryimage\"},\"thumbnailUrl\":\"https:\/\/www.gaveanews.com\/wp-content\/uploads\/O-jogador-Estevao-da-SE-Palmeiras-comemora-seu-contra-a-equipe-do-Botafogo-FC-durante-partida-valida-pela-terceira-fase-da-Copa-do-Brasil-na-arena-Allianz-Parque-1024x576-1.webp\",\"datePublished\":\"2024-12-13T22:55:09+00:00\",\"dateModified\":\"2024-12-13T22:55:11+00:00\",\"author\":{\"@id\":\"https:\/\/www.gaveanews.com\/#\/schema\/person\/8207cd4627f56151707418bfc835b2fb\"},\"breadcrumb\":{\"@id\":\"https:\/\/www.gaveanews.com\/index.php\/2024\/12\/13\/situacao-de-raphael-veiga-declaracao-de-mikel-arteta-e-recado-de-estevao-as-ultimas-noticias-do-palmeiras\/#breadcrumb\"},\"inLanguage\":\"pt-BR\",\"potentialAction\":[{\"@type\":\"ReadAction\",\"target\":[\"https:\/\/www.gaveanews.com\/index.php\/2024\/12\/13\/situacao-de-raphael-veiga-declaracao-de-mikel-arteta-e-recado-de-estevao-as-ultimas-noticias-do-palmeiras\/\"]}]},{\"@type\":\"ImageObject\",\"inLanguage\":\"pt-BR\",\"@id\":\"https:\/\/www.gaveanews.com\/index.php\/2024\/12\/13\/situacao-de-raphael-veiga-declaracao-de-mikel-arteta-e-recado-de-estevao-as-ultimas-noticias-do-palmeiras\/#primaryimage\",\"url\":\"https:\/\/www.gaveanews.com\/wp-content\/uploads\/O-jogador-Estevao-da-SE-Palmeiras-comemora-seu-contra-a-equipe-do-Botafogo-FC-durante-partida-valida-pela-terceira-fase-da-Copa-do-Brasil-na-arena-Allianz-Parque-1024x576-1.webp\",\"contentUrl\":\"https:\/\/www.gaveanews.com\/wp-content\/uploads\/O-jogador-Estevao-da-SE-Palmeiras-comemora-seu-contra-a-equipe-do-Botafogo-FC-durante-partida-valida-pela-terceira-fase-da-Copa-do-Brasil-na-arena-Allianz-Parque-1024x576-1.webp\",\"width\":1024,\"height\":576,\"caption\":\"O jogador Est\u00eav\u00e3o - Foto: Cesar Greco\/Palmeiras\/by Canon\"},{\"@type\":\"BreadcrumbList\",\"@id\":\"https:\/\/www.gaveanews.com\/index.php\/2024\/12\/13\/situacao-de-raphael-veiga-declaracao-de-mikel-arteta-e-recado-de-estevao-as-ultimas-noticias-do-palmeiras\/#breadcrumb\",\"itemListElement\":[{\"@type\":\"ListItem\",\"position\":1,\"name\":\"Home\",\"item\":\"https:\/\/www.gaveanews.com\/\"},{\"@type\":\"ListItem\",\"position\":2,\"name\":\"Situa\u00e7\u00e3o de Raphael Veiga, declara\u00e7\u00e3o de Mikel Arteta e recado de Est\u00eav\u00e3o: as \u00faltimas not\u00edcias do Palmeiras\"}]},{\"@type\":\"WebSite\",\"@id\":\"https:\/\/www.gaveanews.com\/#website\",\"url\":\"https:\/\/www.gaveanews.com\/\",\"name\":\"G\u00e1vea News\",\"description\":\"Veja todas as not\u00edcias sobre o Flamengo: Contrata\u00e7\u00f5es, categorias de base, resultados das partidas, tabela de classifica\u00e7\u00e3o, pr\u00f3ximos jogos!\",\"potentialAction\":[{\"@type\":\"SearchAction\",\"target\":{\"@type\":\"EntryPoint\",\"urlTemplate\":\"https:\/\/www.gaveanews.com\/?s={search_term_string}\"},\"query-input\":{\"@type\":\"PropertyValueSpecification\",\"valueRequired\":true,\"valueName\":\"search_term_string\"}}],\"inLanguage\":\"pt-BR\"},{\"@type\":\"Person\",\"@id\":\"https:\/\/www.gaveanews.com\/#\/schema\/person\/8207cd4627f56151707418bfc835b2fb\",\"name\":\"Matheus Felipe\",\"image\":{\"@type\":\"ImageObject\",\"inLanguage\":\"pt-BR\",\"@id\":\"https:\/\/www.gaveanews.com\/#\/schema\/person\/image\/\",\"url\":\"https:\/\/secure.gravatar.com\/avatar\/a452ffbed9130f726358b298bb3a99ce4bd3c5338411f8440e87e14d74c7c087?s=96&d=mm&r=g\",\"contentUrl\":\"https:\/\/secure.gravatar.com\/avatar\/a452ffbed9130f726358b298bb3a99ce4bd3c5338411f8440e87e14d74c7c087?s=96&d=mm&r=g\",\"caption\":\"Matheus Felipe\"}}]}<\/script>\n<!-- \/ Yoast SEO Premium plugin. -->","yoast_head_json":{"title":"Situa\u00e7\u00e3o de Raphael Veiga, declara\u00e7\u00e3o de Mikel Arteta e recado de Est\u00eav\u00e3o: as \u00faltimas not\u00edcias do Palmeiras","robots":{"index":"index","follow":"follow","max-snippet":"max-snippet:-1","max-image-preview":"max-image-preview:large","max-video-preview":"max-video-preview:-1"},"canonical":"https:\/\/www.gaveanews.com\/index.php\/2024\/12\/13\/situacao-de-raphael-veiga-declaracao-de-mikel-arteta-e-recado-de-estevao-as-ultimas-noticias-do-palmeiras\/","og_locale":"pt_BR","og_type":"article","og_title":"Situa\u00e7\u00e3o de Raphael Veiga, declara\u00e7\u00e3o de Mikel Arteta e recado de Est\u00eav\u00e3o: as \u00faltimas not\u00edcias do Palmeiras","og_description":"Nas \u00faltimas horas, o foco das not\u00edcias sobre o Palmeiras se concentram nos bastidores do clube, com destaques do dia a dia do clube. Por conta deste contexto, leia abaixo um resumo preparado pela equipe do portal G\u00e1vea News para lhe manter muito bem informado! Recado de Est\u00eav\u00e3o O jovem atacante Est\u00eav\u00e3o, de 17 anos, [&hellip;]","og_url":"https:\/\/www.gaveanews.com\/index.php\/2024\/12\/13\/situacao-de-raphael-veiga-declaracao-de-mikel-arteta-e-recado-de-estevao-as-ultimas-noticias-do-palmeiras\/","og_site_name":"G\u00e1vea News","article_publisher":"https:\/\/facebook.com\/gaveaNews\/","article_published_time":"2024-12-13T22:55:09+00:00","article_modified_time":"2024-12-13T22:55:11+00:00","og_image":[{"width":1024,"height":576,"url":"https:\/\/www.gaveanews.com\/wp-content\/uploads\/O-jogador-Estevao-da-SE-Palmeiras-comemora-seu-contra-a-equipe-do-Botafogo-FC-durante-partida-valida-pela-terceira-fase-da-Copa-do-Brasil-na-arena-Allianz-Parque-1024x576-1.webp","type":"image\/webp"}],"author":"Matheus Felipe","twitter_card":"summary_large_image","twitter_misc":{"Escrito por":"Matheus Felipe","Est. tempo de leitura":"6 minutos"},"schema":{"@context":"https:\/\/schema.org","@graph":[{"@type":"NewsArticle","@id":"https:\/\/www.gaveanews.com\/index.php\/2024\/12\/13\/situacao-de-raphael-veiga-declaracao-de-mikel-arteta-e-recado-de-estevao-as-ultimas-noticias-do-palmeiras\/#article","isPartOf":{"@id":"https:\/\/www.gaveanews.com\/index.php\/2024\/12\/13\/situacao-de-raphael-veiga-declaracao-de-mikel-arteta-e-recado-de-estevao-as-ultimas-noticias-do-palmeiras\/"},"author":{"name":"Matheus Felipe","@id":"https:\/\/www.gaveanews.com\/#\/schema\/person\/8207cd4627f56151707418bfc835b2fb"},"headline":"Situa\u00e7\u00e3o de Raphael Veiga, declara\u00e7\u00e3o de Mikel Arteta e recado de Est\u00eav\u00e3o: as \u00faltimas not\u00edcias do Palmeiras","datePublished":"2024-12-13T22:55:09+00:00","dateModified":"2024-12-13T22:55:11+00:00","mainEntityOfPage":{"@id":"https:\/\/www.gaveanews.com\/index.php\/2024\/12\/13\/situacao-de-raphael-veiga-declaracao-de-mikel-arteta-e-recado-de-estevao-as-ultimas-noticias-do-palmeiras\/"},"wordCount":910,"commentCount":0,"image":{"@id":"https:\/\/www.gaveanews.com\/index.php\/2024\/12\/13\/situacao-de-raphael-veiga-declaracao-de-mikel-arteta-e-recado-de-estevao-as-ultimas-noticias-do-palmeiras\/#primaryimage"},"thumbnailUrl":"https:\/\/www.gaveanews.com\/wp-content\/uploads\/O-jogador-Estevao-da-SE-Palmeiras-comemora-seu-contra-a-equipe-do-Botafogo-FC-durante-partida-valida-pela-terceira-fase-da-Copa-do-Brasil-na-arena-Allianz-Parque-1024x576-1.webp","articleSection":["Palmeiras"],"inLanguage":"pt-BR","potentialAction":[{"@type":"CommentAction","name":"Comment","target":["https:\/\/www.gaveanews.com\/index.php\/2024\/12\/13\/situacao-de-raphael-veiga-declaracao-de-mikel-arteta-e-recado-de-estevao-as-ultimas-noticias-do-palmeiras\/#respond"]}],"copyrightYear":"2024","copyrightHolder":{"@id":"https:\/\/www.gaveanews.com\/#organization"}},{"@type":"WebPage","@id":"https:\/\/www.gaveanews.com\/index.php\/2024\/12\/13\/situacao-de-raphael-veiga-declaracao-de-mikel-arteta-e-recado-de-estevao-as-ultimas-noticias-do-palmeiras\/","url":"https:\/\/www.gaveanews.com\/index.php\/2024\/12\/13\/situacao-de-raphael-veiga-declaracao-de-mikel-arteta-e-recado-de-estevao-as-ultimas-noticias-do-palmeiras\/","name":"Situa\u00e7\u00e3o de Raphael Veiga, declara\u00e7\u00e3o de Mikel Arteta e recado de Est\u00eav\u00e3o: as \u00faltimas not\u00edcias do Palmeiras","isPartOf":{"@id":"https:\/\/www.gaveanews.com\/#website"},"primaryImageOfPage":{"@id":"https:\/\/www.gaveanews.com\/index.php\/2024\/12\/13\/situacao-de-raphael-veiga-declaracao-de-mikel-arteta-e-recado-de-estevao-as-ultimas-noticias-do-palmeiras\/#primaryimage"},"image":{"@id":"https:\/\/www.gaveanews.com\/index.php\/2024\/12\/13\/situacao-de-raphael-veiga-declaracao-de-mikel-arteta-e-recado-de-estevao-as-ultimas-noticias-do-palmeiras\/#primaryimage"},"thumbnailUrl":"https:\/\/www.gaveanews.com\/wp-content\/uploads\/O-jogador-Estevao-da-SE-Palmeiras-comemora-seu-contra-a-equipe-do-Botafogo-FC-durante-partida-valida-pela-terceira-fase-da-Copa-do-Brasil-na-arena-Allianz-Parque-1024x576-1.webp","datePublished":"2024-12-13T22:55:09+00:00","dateModified":"2024-12-13T22:55:11+00:00","author":{"@id":"https:\/\/www.gaveanews.com\/#\/schema\/person\/8207cd4627f56151707418bfc835b2fb"},"breadcrumb":{"@id":"https:\/\/www.gaveanews.com\/index.php\/2024\/12\/13\/situacao-de-raphael-veiga-declaracao-de-mikel-arteta-e-recado-de-estevao-as-ultimas-noticias-do-palmeiras\/#breadcrumb"},"inLanguage":"pt-BR","potentialAction":[{"@type":"ReadAction","target":["https:\/\/www.gaveanews.com\/index.php\/2024\/12\/13\/situacao-de-raphael-veiga-declaracao-de-mikel-arteta-e-recado-de-estevao-as-ultimas-noticias-do-palmeiras\/"]}]},{"@type":"ImageObject","inLanguage":"pt-BR","@id":"https:\/\/www.gaveanews.com\/index.php\/2024\/12\/13\/situacao-de-raphael-veiga-declaracao-de-mikel-arteta-e-recado-de-estevao-as-ultimas-noticias-do-palmeiras\/#primaryimage","url":"https:\/\/www.gaveanews.com\/wp-content\/uploads\/O-jogador-Estevao-da-SE-Palmeiras-comemora-seu-contra-a-equipe-do-Botafogo-FC-durante-partida-valida-pela-terceira-fase-da-Copa-do-Brasil-na-arena-Allianz-Parque-1024x576-1.webp","contentUrl":"https:\/\/www.gaveanews.com\/wp-content\/uploads\/O-jogador-Estevao-da-SE-Palmeiras-comemora-seu-contra-a-equipe-do-Botafogo-FC-durante-partida-valida-pela-terceira-fase-da-Copa-do-Brasil-na-arena-Allianz-Parque-1024x576-1.webp","width":1024,"height":576,"caption":"O jogador Est\u00eav\u00e3o - Foto: Cesar Greco\/Palmeiras\/by Canon"},{"@type":"BreadcrumbList","@id":"https:\/\/www.gaveanews.com\/index.php\/2024\/12\/13\/situacao-de-raphael-veiga-declaracao-de-mikel-arteta-e-recado-de-estevao-as-ultimas-noticias-do-palmeiras\/#breadcrumb","itemListElement":[{"@type":"ListItem","position":1,"name":"Home","item":"https:\/\/www.gaveanews.com\/"},{"@type":"ListItem","position":2,"name":"Situa\u00e7\u00e3o de Raphael Veiga, declara\u00e7\u00e3o de Mikel Arteta e recado de Est\u00eav\u00e3o: as \u00faltimas not\u00edcias do Palmeiras"}]},{"@type":"WebSite","@id":"https:\/\/www.gaveanews.com\/#website","url":"https:\/\/www.gaveanews.com\/","name":"G\u00e1vea News","description":"Veja todas as not\u00edcias sobre o Flamengo: Contrata\u00e7\u00f5es, categorias de base, resultados das partidas, tabela de classifica\u00e7\u00e3o, pr\u00f3ximos jogos!","potentialAction":[{"@type":"SearchAction","target":{"@type":"EntryPoint","urlTemplate":"https:\/\/www.gaveanews.com\/?s={search_term_string}"},"query-input":{"@type":"PropertyValueSpecification","valueRequired":true,"valueName":"search_term_string"}}],"inLanguage":"pt-BR"},{"@type":"Person","@id":"https:\/\/www.gaveanews.com\/#\/schema\/person\/8207cd4627f56151707418bfc835b2fb","name":"Matheus Felipe","image":{"@type":"ImageObject","inLanguage":"pt-BR","@id":"https:\/\/www.gaveanews.com\/#\/schema\/person\/image\/","url":"https:\/\/secure.gravatar.com\/avatar\/a452ffbed9130f726358b298bb3a99ce4bd3c5338411f8440e87e14d74c7c087?s=96&d=mm&r=g","contentUrl":"https:\/\/secure.gravatar.com\/avatar\/a452ffbed9130f726358b298bb3a99ce4bd3c5338411f8440e87e14d74c7c087?s=96&d=mm&r=g","caption":"Matheus Felipe"}}]}},"_links":{"self":[{"href":"https:\/\/www.gaveanews.com\/index.php\/wp-json\/wp\/v2\/posts\/198845","targetHints":{"allow":["GET"]}}],"collection":[{"href":"https:\/\/www.gaveanews.com\/index.php\/wp-json\/wp\/v2\/posts"}],"about":[{"href":"https:\/\/www.gaveanews.com\/index.php\/wp-json\/wp\/v2\/types\/post"}],"author":[{"embeddable":true,"href":"https:\/\/www.gaveanews.com\/index.php\/wp-json\/wp\/v2\/users\/27"}],"replies":[{"embeddable":true,"href":"https:\/\/www.gaveanews.com\/index.php\/wp-json\/wp\/v2\/comments?post=198845"}],"version-history":[{"count":1,"href":"https:\/\/www.gaveanews.com\/index.php\/wp-json\/wp\/v2\/posts\/198845\/revisions"}],"predecessor-version":[{"id":198861,"href":"https:\/\/www.gaveanews.com\/index.php\/wp-json\/wp\/v2\/posts\/198845\/revisions\/198861"}],"wp:featuredmedia":[{"embeddable":true,"href":"https:\/\/www.gaveanews.com\/index.php\/wp-json\/wp\/v2\/media\/141974"}],"wp:attachment":[{"href":"https:\/\/www.gaveanews.com\/index.php\/wp-json\/wp\/v2\/media?parent=198845"}],"wp:term":[{"taxonomy":"category","embeddable":true,"href":"https:\/\/www.gaveanews.com\/index.php\/wp-json\/wp\/v2\/categories?post=198845"},{"taxonomy":"post_tag","embeddable":true,"href":"https:\/\/www.gaveanews.com\/index.php\/wp-json\/wp\/v2\/tags?post=198845"}],"curies":[{"name":"wp","href":"https:\/\/api.w.org\/{rel}","templated":true}]}}