{"id":198894,"date":"2024-12-14T02:15:00","date_gmt":"2024-12-14T05:15:00","guid":{"rendered":"https:\/\/www.gaveanews.com\/?p=198894"},"modified":"2024-12-13T23:35:40","modified_gmt":"2024-12-14T02:35:40","slug":"a-declaracao-de-deyverson-do-atletico-mg-direcionada-a-dudu-do-palmeiras","status":"publish","type":"post","link":"https:\/\/www.gaveanews.com\/index.php\/2024\/12\/14\/a-declaracao-de-deyverson-do-atletico-mg-direcionada-a-dudu-do-palmeiras\/","title":{"rendered":"A declara\u00e7\u00e3o de Deyverson, do Atl\u00e9tico-MG direcionada a Dudu, do Palmeiras"},"content":{"rendered":"\n<p>Nesta sexta-feira (13), o atacante Deyverson, que atua no Atl\u00e9tico-MG, lamentou como foi a decis\u00e3o do Palmeiras de n\u00e3o realizar um jogo de despedida para Dudu.<\/p>\n\n\n\n<ul class=\"wp-block-list\">\n<li><a href=\"https:\/\/www.gaveanews.com\/index.php\/2024\/12\/13\/palmeiras-idolo-palmeirense-manda-recado-a-dudu\/\">Palmeiras? \u00cddolo palmeirense manda recado \u00e0 Dudu<\/a><\/li>\n\n\n\n<li><a href=\"https:\/\/www.gaveanews.com\/index.php\/2024\/12\/13\/palmeiras-empresario-de-facundo-torres-se-manifesta\/\">Palmeiras: empres\u00e1rio de Facundo Torres se manifesta<\/a><\/li>\n<\/ul>\n\n\n\n<h2 class=\"wp-block-heading\" id=\"h-alfinetou-o-seu-ex-clube\">Alfinetou o seu ex-clube<\/h2>\n\n\n\n<p>Tudo aconteceu em um post nas redes sociais do jogador do Galo, que alfinetou o seu ex-clube, mas ainda fez quest\u00e3o de ressaltar a import\u00e2ncia do ex-companheiro para os palmeirenses.&nbsp;<\/p>\n\n\n\n<p>\u201cMerecia uma despedida foda. Infelizmente, nem tudo \u00e9 do nosso jeito, mas saiba que voc\u00ea \u00e9 \u00eddolo para a torcida do Palmeiras, irm\u00e3o\u201d, publicou Deyverson, no Instagram, com uma foto dos dois comemorando um gol pelo time paulista.<\/p>\n\n\n\n<h2 class=\"wp-block-heading\" id=\"h-o-camisa-9-do-atletico-ja-havia-reagido-a-saida-de-dudu\">O camisa 9 do Atl\u00e9tico j\u00e1 havia reagido \u00e0 sa\u00edda de Dudu <\/h2>\n\n\n\n<p>Nessa quinta-feira (12), o camisa 9 do Atl\u00e9tico j\u00e1 havia reagido \u00e0 sa\u00edda de Dudu do Palmeiras: \u201c\u00cddolo\u201d, escreveu o atacante do&nbsp;Galo.<\/p>\n\n\n\n<p>Que inclsuive o jogador de 33&nbsp;anos ainda adicionou um emoji com um cora\u00e7\u00e3o vermelho ao lado do coment\u00e1rio qur foi mencionado acima.&nbsp;<\/p>\n\n\n\n<h2 class=\"wp-block-heading\" id=\"h-deyverson-e-dudu-no-palmeiras\">Deyverson e Dudu no Palmeiras<\/h2>\n\n\n\n<p>Al\u00e9m disso, os dois atletas s\u00e3o velhos conhecidos, pois eles jogaram juntos nos anos de <strong>2017 <\/strong>a <strong>2019<\/strong>, e em <strong>2021<\/strong> pela \u00faltima vez.<\/p>\n\n\n\n<p>Os dois, juntos, j\u00e1 conseguiram ser campe\u00f5es do <strong>Brasileiro <\/strong>(2018), da <strong>Libertadores <\/strong>(2021) e da <strong>Recopa Sul-Americana<\/strong> (2021).<\/p>\n\n\n\n<h2 class=\"wp-block-heading\" id=\"h-a-mensagem-do-palmeiras-nas-redes-sociais-para-dudu\">A mensagem do Palmeiras nas redes sociais para Dudu:<\/h2>\n\n\n\n<p>\u201cAtleta com mais partidas pelo Alviverde neste s\u00e9culo, dono de diferentes recordes no Allianz Parque e um dos mais vitoriosos jogadores da hist\u00f3ria palmeirense, Dudu ser\u00e1 eternamente lembrado como um dos s\u00edmbolos da era vencedora que temos vivenciado ao longo dos \u00faltimos anos\u201d, publicou no X.<\/p>\n\n\n\n<p>\u201cObrigado, Dudu, pela brilhante trajet\u00f3ria constru\u00edda com a nossa camisa! Voc\u00ea sempre far\u00e1 parte da Fam\u00edlia Palmeiras\u201d, completou.&nbsp;<\/p>\n\n\n\n<h2 class=\"wp-block-heading\" id=\"h-dudu-no-palmeiras\">Dudu\u00a0no Palmeiras<\/h2>\n\n\n\n<figure class=\"wp-block-image size-full\"><img loading=\"lazy\" decoding=\"async\" width=\"734\" height=\"800\" src=\"https:\/\/www.gaveanews.com\/wp-content\/uploads\/dudu-palmeiras.webp\" alt=\"\" class=\"wp-image-91497\" srcset=\"https:\/\/www.gaveanews.com\/wp-content\/uploads\/dudu-palmeiras.webp 734w, https:\/\/www.gaveanews.com\/wp-content\/uploads\/dudu-palmeiras-275x300.webp 275w, https:\/\/www.gaveanews.com\/wp-content\/uploads\/dudu-palmeiras-385x420.webp 385w, https:\/\/www.gaveanews.com\/wp-content\/uploads\/dudu-palmeiras-640x698.webp 640w, https:\/\/www.gaveanews.com\/wp-content\/uploads\/dudu-palmeiras-681x742.webp 681w, https:\/\/www.gaveanews.com\/wp-content\/uploads\/dudu-palmeiras-100x109.webp 100w\" sizes=\"auto, (max-width: 734px) 100vw, 734px\" \/><figcaption class=\"wp-element-caption\">Dudu em partida do Palmeiras (Foto: Cesar Greco\/Palmeiras)<\/figcaption><\/figure>\n\n\n\n<p>No ano de 2024, Dudu entrou em campo o total de <strong>19 <\/strong>vezes, sendo apenas em <strong>quatro <\/strong>delas como na condi\u00e7\u00e3o de titular.<\/p>\n\n\n\n<p>Com isso, de todas as vezes que o atleta foi a campo, o atacante n\u00e3o fez <strong>nenhum <\/strong>gol e tamb\u00e9m n\u00e3o deu <strong>nenhuma <\/strong>assist\u00eancia para seus colegas do Verd\u00e3o durante esse per\u00edodo.&nbsp;<\/p>\n\n\n\n<p>Mas, apesar de ter tido o seu fim bem apagado no Palmeiras, Dudu se tornou \u00eddolo do clube paulista antes mesmo desse ano.<\/p>\n\n\n\n<p>Onde foi visto que o atleta conquistou o total de <strong>12<\/strong> t\u00edtulos para o Palmeiras e ainda passou a ser o recordista de jogos, somando <strong>205 <\/strong>partidas no Allianz Parque.&nbsp;<\/p>\n","protected":false},"excerpt":{"rendered":"<p>Nesta sexta-feira (13), o atacante Deyverson, que atua no Atl\u00e9tico-MG, lamentou como foi a decis\u00e3o do Palmeiras de n\u00e3o realizar um jogo de despedida para Dudu. Alfinetou o seu ex-clube Tudo aconteceu em um post nas redes sociais do jogador do Galo, que alfinetou o seu ex-clube, mas ainda fez quest\u00e3o de ressaltar a import\u00e2ncia [&hellip;]<\/p>\n","protected":false},"author":22,"featured_media":158213,"comment_status":"open","ping_status":"closed","sticky":false,"template":"","format":"standard","meta":{"footnotes":""},"categories":[136,150],"tags":[],"class_list":["post-198894","post","type-post","status-publish","format-standard","has-post-thumbnail","hentry","category-atletico-mg","category-palmeiras"],"yoast_head":"<!-- This site is optimized with the Yoast SEO Premium plugin v24.2 (Yoast SEO v26.9) - https:\/\/yoast.com\/product\/yoast-seo-premium-wordpress\/ -->\n<title>A declara\u00e7\u00e3o de Deyverson, do Atl\u00e9tico-MG direcionada a Dudu, do Palmeiras<\/title>\n<meta name=\"robots\" content=\"index, follow, max-snippet:-1, max-image-preview:large, max-video-preview:-1\" \/>\n<link rel=\"canonical\" href=\"https:\/\/www.gaveanews.com\/index.php\/2024\/12\/14\/a-declaracao-de-deyverson-do-atletico-mg-direcionada-a-dudu-do-palmeiras\/\" \/>\n<meta property=\"og:locale\" content=\"pt_BR\" \/>\n<meta property=\"og:type\" content=\"article\" \/>\n<meta property=\"og:title\" content=\"A declara\u00e7\u00e3o de Deyverson, do Atl\u00e9tico-MG direcionada a Dudu, do Palmeiras\" \/>\n<meta property=\"og:description\" content=\"Nesta sexta-feira (13), o atacante Deyverson, que atua no Atl\u00e9tico-MG, lamentou como foi a decis\u00e3o do Palmeiras de n\u00e3o realizar um jogo de despedida para Dudu. Alfinetou o seu ex-clube Tudo aconteceu em um post nas redes sociais do jogador do Galo, que alfinetou o seu ex-clube, mas ainda fez quest\u00e3o de ressaltar a import\u00e2ncia [&hellip;]\" \/>\n<meta property=\"og:url\" content=\"https:\/\/www.gaveanews.com\/index.php\/2024\/12\/14\/a-declaracao-de-deyverson-do-atletico-mg-direcionada-a-dudu-do-palmeiras\/\" \/>\n<meta property=\"og:site_name\" content=\"G\u00e1vea News\" \/>\n<meta property=\"article:publisher\" content=\"https:\/\/facebook.com\/gaveaNews\/\" \/>\n<meta property=\"article:published_time\" content=\"2024-12-14T05:15:00+00:00\" \/>\n<meta property=\"og:image\" content=\"https:\/\/www.gaveanews.com\/wp-content\/uploads\/Deyverson-com-a-camisa-do-Atletico-Mineiro-em-2024.webp\" \/>\n\t<meta property=\"og:image:width\" content=\"1350\" \/>\n\t<meta property=\"og:image:height\" content=\"1013\" \/>\n\t<meta property=\"og:image:type\" content=\"image\/webp\" \/>\n<meta name=\"author\" content=\"Emilly Lima\" \/>\n<meta name=\"twitter:card\" content=\"summary_large_image\" \/>\n<meta name=\"twitter:label1\" content=\"Escrito por\" \/>\n\t<meta name=\"twitter:data1\" content=\"Emilly Lima\" \/>\n\t<meta name=\"twitter:label2\" content=\"Est. tempo de leitura\" \/>\n\t<meta name=\"twitter:data2\" content=\"3 minutos\" \/>\n<script type=\"application\/ld+json\" class=\"yoast-schema-graph\">{\"@context\":\"https:\/\/schema.org\",\"@graph\":[{\"@type\":\"NewsArticle\",\"@id\":\"https:\/\/www.gaveanews.com\/index.php\/2024\/12\/14\/a-declaracao-de-deyverson-do-atletico-mg-direcionada-a-dudu-do-palmeiras\/#article\",\"isPartOf\":{\"@id\":\"https:\/\/www.gaveanews.com\/index.php\/2024\/12\/14\/a-declaracao-de-deyverson-do-atletico-mg-direcionada-a-dudu-do-palmeiras\/\"},\"author\":{\"name\":\"Emilly Lima\",\"@id\":\"https:\/\/www.gaveanews.com\/#\/schema\/person\/8597dbe3f4d8513dd20048ce95a1895b\"},\"headline\":\"A declara\u00e7\u00e3o de Deyverson, do Atl\u00e9tico-MG direcionada a Dudu, do Palmeiras\",\"datePublished\":\"2024-12-14T05:15:00+00:00\",\"mainEntityOfPage\":{\"@id\":\"https:\/\/www.gaveanews.com\/index.php\/2024\/12\/14\/a-declaracao-de-deyverson-do-atletico-mg-direcionada-a-dudu-do-palmeiras\/\"},\"wordCount\":440,\"commentCount\":0,\"image\":{\"@id\":\"https:\/\/www.gaveanews.com\/index.php\/2024\/12\/14\/a-declaracao-de-deyverson-do-atletico-mg-direcionada-a-dudu-do-palmeiras\/#primaryimage\"},\"thumbnailUrl\":\"https:\/\/www.gaveanews.com\/wp-content\/uploads\/Deyverson-com-a-camisa-do-Atletico-Mineiro-em-2024.webp\",\"articleSection\":[\"Atl\u00e9tico-MG\",\"Palmeiras\"],\"inLanguage\":\"pt-BR\",\"potentialAction\":[{\"@type\":\"CommentAction\",\"name\":\"Comment\",\"target\":[\"https:\/\/www.gaveanews.com\/index.php\/2024\/12\/14\/a-declaracao-de-deyverson-do-atletico-mg-direcionada-a-dudu-do-palmeiras\/#respond\"]}],\"copyrightYear\":\"2024\",\"copyrightHolder\":{\"@id\":\"https:\/\/www.gaveanews.com\/#organization\"}},{\"@type\":\"WebPage\",\"@id\":\"https:\/\/www.gaveanews.com\/index.php\/2024\/12\/14\/a-declaracao-de-deyverson-do-atletico-mg-direcionada-a-dudu-do-palmeiras\/\",\"url\":\"https:\/\/www.gaveanews.com\/index.php\/2024\/12\/14\/a-declaracao-de-deyverson-do-atletico-mg-direcionada-a-dudu-do-palmeiras\/\",\"name\":\"A declara\u00e7\u00e3o de Deyverson, do Atl\u00e9tico-MG direcionada a Dudu, do Palmeiras\",\"isPartOf\":{\"@id\":\"https:\/\/www.gaveanews.com\/#website\"},\"primaryImageOfPage\":{\"@id\":\"https:\/\/www.gaveanews.com\/index.php\/2024\/12\/14\/a-declaracao-de-deyverson-do-atletico-mg-direcionada-a-dudu-do-palmeiras\/#primaryimage\"},\"image\":{\"@id\":\"https:\/\/www.gaveanews.com\/index.php\/2024\/12\/14\/a-declaracao-de-deyverson-do-atletico-mg-direcionada-a-dudu-do-palmeiras\/#primaryimage\"},\"thumbnailUrl\":\"https:\/\/www.gaveanews.com\/wp-content\/uploads\/Deyverson-com-a-camisa-do-Atletico-Mineiro-em-2024.webp\",\"datePublished\":\"2024-12-14T05:15:00+00:00\",\"author\":{\"@id\":\"https:\/\/www.gaveanews.com\/#\/schema\/person\/8597dbe3f4d8513dd20048ce95a1895b\"},\"breadcrumb\":{\"@id\":\"https:\/\/www.gaveanews.com\/index.php\/2024\/12\/14\/a-declaracao-de-deyverson-do-atletico-mg-direcionada-a-dudu-do-palmeiras\/#breadcrumb\"},\"inLanguage\":\"pt-BR\",\"potentialAction\":[{\"@type\":\"ReadAction\",\"target\":[\"https:\/\/www.gaveanews.com\/index.php\/2024\/12\/14\/a-declaracao-de-deyverson-do-atletico-mg-direcionada-a-dudu-do-palmeiras\/\"]}]},{\"@type\":\"ImageObject\",\"inLanguage\":\"pt-BR\",\"@id\":\"https:\/\/www.gaveanews.com\/index.php\/2024\/12\/14\/a-declaracao-de-deyverson-do-atletico-mg-direcionada-a-dudu-do-palmeiras\/#primaryimage\",\"url\":\"https:\/\/www.gaveanews.com\/wp-content\/uploads\/Deyverson-com-a-camisa-do-Atletico-Mineiro-em-2024.webp\",\"contentUrl\":\"https:\/\/www.gaveanews.com\/wp-content\/uploads\/Deyverson-com-a-camisa-do-Atletico-Mineiro-em-2024.webp\",\"width\":1350,\"height\":1013,\"caption\":\"Deyverson com a camisa do Atl\u00e9tico Mineiro em 2024 (Foto: Divulga\u00e7\u00e3o\/Atl\u00e9tico Mineiro)\"},{\"@type\":\"BreadcrumbList\",\"@id\":\"https:\/\/www.gaveanews.com\/index.php\/2024\/12\/14\/a-declaracao-de-deyverson-do-atletico-mg-direcionada-a-dudu-do-palmeiras\/#breadcrumb\",\"itemListElement\":[{\"@type\":\"ListItem\",\"position\":1,\"name\":\"Home\",\"item\":\"https:\/\/www.gaveanews.com\/\"},{\"@type\":\"ListItem\",\"position\":2,\"name\":\"A declara\u00e7\u00e3o de Deyverson, do Atl\u00e9tico-MG direcionada a Dudu, do Palmeiras\"}]},{\"@type\":\"WebSite\",\"@id\":\"https:\/\/www.gaveanews.com\/#website\",\"url\":\"https:\/\/www.gaveanews.com\/\",\"name\":\"G\u00e1vea News\",\"description\":\"Veja todas as not\u00edcias sobre o Flamengo: Contrata\u00e7\u00f5es, categorias de base, resultados das partidas, tabela de classifica\u00e7\u00e3o, pr\u00f3ximos jogos!\",\"potentialAction\":[{\"@type\":\"SearchAction\",\"target\":{\"@type\":\"EntryPoint\",\"urlTemplate\":\"https:\/\/www.gaveanews.com\/?s={search_term_string}\"},\"query-input\":{\"@type\":\"PropertyValueSpecification\",\"valueRequired\":true,\"valueName\":\"search_term_string\"}}],\"inLanguage\":\"pt-BR\"},{\"@type\":\"Person\",\"@id\":\"https:\/\/www.gaveanews.com\/#\/schema\/person\/8597dbe3f4d8513dd20048ce95a1895b\",\"name\":\"Emilly Lima\",\"image\":{\"@type\":\"ImageObject\",\"inLanguage\":\"pt-BR\",\"@id\":\"https:\/\/www.gaveanews.com\/#\/schema\/person\/image\/\",\"url\":\"https:\/\/secure.gravatar.com\/avatar\/ddb4d0548bae01de3cb52e0fe30386754e9c41797565aa0a5bf4440ab4f7c0be?s=96&d=mm&r=g\",\"contentUrl\":\"https:\/\/secure.gravatar.com\/avatar\/ddb4d0548bae01de3cb52e0fe30386754e9c41797565aa0a5bf4440ab4f7c0be?s=96&d=mm&r=g\",\"caption\":\"Emilly Lima\"}}]}<\/script>\n<!-- \/ Yoast SEO Premium plugin. -->","yoast_head_json":{"title":"A declara\u00e7\u00e3o de Deyverson, do Atl\u00e9tico-MG direcionada a Dudu, do Palmeiras","robots":{"index":"index","follow":"follow","max-snippet":"max-snippet:-1","max-image-preview":"max-image-preview:large","max-video-preview":"max-video-preview:-1"},"canonical":"https:\/\/www.gaveanews.com\/index.php\/2024\/12\/14\/a-declaracao-de-deyverson-do-atletico-mg-direcionada-a-dudu-do-palmeiras\/","og_locale":"pt_BR","og_type":"article","og_title":"A declara\u00e7\u00e3o de Deyverson, do Atl\u00e9tico-MG direcionada a Dudu, do Palmeiras","og_description":"Nesta sexta-feira (13), o atacante Deyverson, que atua no Atl\u00e9tico-MG, lamentou como foi a decis\u00e3o do Palmeiras de n\u00e3o realizar um jogo de despedida para Dudu. Alfinetou o seu ex-clube Tudo aconteceu em um post nas redes sociais do jogador do Galo, que alfinetou o seu ex-clube, mas ainda fez quest\u00e3o de ressaltar a import\u00e2ncia [&hellip;]","og_url":"https:\/\/www.gaveanews.com\/index.php\/2024\/12\/14\/a-declaracao-de-deyverson-do-atletico-mg-direcionada-a-dudu-do-palmeiras\/","og_site_name":"G\u00e1vea News","article_publisher":"https:\/\/facebook.com\/gaveaNews\/","article_published_time":"2024-12-14T05:15:00+00:00","og_image":[{"width":1350,"height":1013,"url":"https:\/\/www.gaveanews.com\/wp-content\/uploads\/Deyverson-com-a-camisa-do-Atletico-Mineiro-em-2024.webp","type":"image\/webp"}],"author":"Emilly Lima","twitter_card":"summary_large_image","twitter_misc":{"Escrito por":"Emilly Lima","Est. tempo de leitura":"3 minutos"},"schema":{"@context":"https:\/\/schema.org","@graph":[{"@type":"NewsArticle","@id":"https:\/\/www.gaveanews.com\/index.php\/2024\/12\/14\/a-declaracao-de-deyverson-do-atletico-mg-direcionada-a-dudu-do-palmeiras\/#article","isPartOf":{"@id":"https:\/\/www.gaveanews.com\/index.php\/2024\/12\/14\/a-declaracao-de-deyverson-do-atletico-mg-direcionada-a-dudu-do-palmeiras\/"},"author":{"name":"Emilly Lima","@id":"https:\/\/www.gaveanews.com\/#\/schema\/person\/8597dbe3f4d8513dd20048ce95a1895b"},"headline":"A declara\u00e7\u00e3o de Deyverson, do Atl\u00e9tico-MG direcionada a Dudu, do Palmeiras","datePublished":"2024-12-14T05:15:00+00:00","mainEntityOfPage":{"@id":"https:\/\/www.gaveanews.com\/index.php\/2024\/12\/14\/a-declaracao-de-deyverson-do-atletico-mg-direcionada-a-dudu-do-palmeiras\/"},"wordCount":440,"commentCount":0,"image":{"@id":"https:\/\/www.gaveanews.com\/index.php\/2024\/12\/14\/a-declaracao-de-deyverson-do-atletico-mg-direcionada-a-dudu-do-palmeiras\/#primaryimage"},"thumbnailUrl":"https:\/\/www.gaveanews.com\/wp-content\/uploads\/Deyverson-com-a-camisa-do-Atletico-Mineiro-em-2024.webp","articleSection":["Atl\u00e9tico-MG","Palmeiras"],"inLanguage":"pt-BR","potentialAction":[{"@type":"CommentAction","name":"Comment","target":["https:\/\/www.gaveanews.com\/index.php\/2024\/12\/14\/a-declaracao-de-deyverson-do-atletico-mg-direcionada-a-dudu-do-palmeiras\/#respond"]}],"copyrightYear":"2024","copyrightHolder":{"@id":"https:\/\/www.gaveanews.com\/#organization"}},{"@type":"WebPage","@id":"https:\/\/www.gaveanews.com\/index.php\/2024\/12\/14\/a-declaracao-de-deyverson-do-atletico-mg-direcionada-a-dudu-do-palmeiras\/","url":"https:\/\/www.gaveanews.com\/index.php\/2024\/12\/14\/a-declaracao-de-deyverson-do-atletico-mg-direcionada-a-dudu-do-palmeiras\/","name":"A declara\u00e7\u00e3o de Deyverson, do Atl\u00e9tico-MG direcionada a Dudu, do Palmeiras","isPartOf":{"@id":"https:\/\/www.gaveanews.com\/#website"},"primaryImageOfPage":{"@id":"https:\/\/www.gaveanews.com\/index.php\/2024\/12\/14\/a-declaracao-de-deyverson-do-atletico-mg-direcionada-a-dudu-do-palmeiras\/#primaryimage"},"image":{"@id":"https:\/\/www.gaveanews.com\/index.php\/2024\/12\/14\/a-declaracao-de-deyverson-do-atletico-mg-direcionada-a-dudu-do-palmeiras\/#primaryimage"},"thumbnailUrl":"https:\/\/www.gaveanews.com\/wp-content\/uploads\/Deyverson-com-a-camisa-do-Atletico-Mineiro-em-2024.webp","datePublished":"2024-12-14T05:15:00+00:00","author":{"@id":"https:\/\/www.gaveanews.com\/#\/schema\/person\/8597dbe3f4d8513dd20048ce95a1895b"},"breadcrumb":{"@id":"https:\/\/www.gaveanews.com\/index.php\/2024\/12\/14\/a-declaracao-de-deyverson-do-atletico-mg-direcionada-a-dudu-do-palmeiras\/#breadcrumb"},"inLanguage":"pt-BR","potentialAction":[{"@type":"ReadAction","target":["https:\/\/www.gaveanews.com\/index.php\/2024\/12\/14\/a-declaracao-de-deyverson-do-atletico-mg-direcionada-a-dudu-do-palmeiras\/"]}]},{"@type":"ImageObject","inLanguage":"pt-BR","@id":"https:\/\/www.gaveanews.com\/index.php\/2024\/12\/14\/a-declaracao-de-deyverson-do-atletico-mg-direcionada-a-dudu-do-palmeiras\/#primaryimage","url":"https:\/\/www.gaveanews.com\/wp-content\/uploads\/Deyverson-com-a-camisa-do-Atletico-Mineiro-em-2024.webp","contentUrl":"https:\/\/www.gaveanews.com\/wp-content\/uploads\/Deyverson-com-a-camisa-do-Atletico-Mineiro-em-2024.webp","width":1350,"height":1013,"caption":"Deyverson com a camisa do Atl\u00e9tico Mineiro em 2024 (Foto: Divulga\u00e7\u00e3o\/Atl\u00e9tico Mineiro)"},{"@type":"BreadcrumbList","@id":"https:\/\/www.gaveanews.com\/index.php\/2024\/12\/14\/a-declaracao-de-deyverson-do-atletico-mg-direcionada-a-dudu-do-palmeiras\/#breadcrumb","itemListElement":[{"@type":"ListItem","position":1,"name":"Home","item":"https:\/\/www.gaveanews.com\/"},{"@type":"ListItem","position":2,"name":"A declara\u00e7\u00e3o de Deyverson, do Atl\u00e9tico-MG direcionada a Dudu, do Palmeiras"}]},{"@type":"WebSite","@id":"https:\/\/www.gaveanews.com\/#website","url":"https:\/\/www.gaveanews.com\/","name":"G\u00e1vea News","description":"Veja todas as not\u00edcias sobre o Flamengo: Contrata\u00e7\u00f5es, categorias de base, resultados das partidas, tabela de classifica\u00e7\u00e3o, pr\u00f3ximos jogos!","potentialAction":[{"@type":"SearchAction","target":{"@type":"EntryPoint","urlTemplate":"https:\/\/www.gaveanews.com\/?s={search_term_string}"},"query-input":{"@type":"PropertyValueSpecification","valueRequired":true,"valueName":"search_term_string"}}],"inLanguage":"pt-BR"},{"@type":"Person","@id":"https:\/\/www.gaveanews.com\/#\/schema\/person\/8597dbe3f4d8513dd20048ce95a1895b","name":"Emilly Lima","image":{"@type":"ImageObject","inLanguage":"pt-BR","@id":"https:\/\/www.gaveanews.com\/#\/schema\/person\/image\/","url":"https:\/\/secure.gravatar.com\/avatar\/ddb4d0548bae01de3cb52e0fe30386754e9c41797565aa0a5bf4440ab4f7c0be?s=96&d=mm&r=g","contentUrl":"https:\/\/secure.gravatar.com\/avatar\/ddb4d0548bae01de3cb52e0fe30386754e9c41797565aa0a5bf4440ab4f7c0be?s=96&d=mm&r=g","caption":"Emilly Lima"}}]}},"_links":{"self":[{"href":"https:\/\/www.gaveanews.com\/index.php\/wp-json\/wp\/v2\/posts\/198894","targetHints":{"allow":["GET"]}}],"collection":[{"href":"https:\/\/www.gaveanews.com\/index.php\/wp-json\/wp\/v2\/posts"}],"about":[{"href":"https:\/\/www.gaveanews.com\/index.php\/wp-json\/wp\/v2\/types\/post"}],"author":[{"embeddable":true,"href":"https:\/\/www.gaveanews.com\/index.php\/wp-json\/wp\/v2\/users\/22"}],"replies":[{"embeddable":true,"href":"https:\/\/www.gaveanews.com\/index.php\/wp-json\/wp\/v2\/comments?post=198894"}],"version-history":[{"count":1,"href":"https:\/\/www.gaveanews.com\/index.php\/wp-json\/wp\/v2\/posts\/198894\/revisions"}],"predecessor-version":[{"id":198920,"href":"https:\/\/www.gaveanews.com\/index.php\/wp-json\/wp\/v2\/posts\/198894\/revisions\/198920"}],"wp:featuredmedia":[{"embeddable":true,"href":"https:\/\/www.gaveanews.com\/index.php\/wp-json\/wp\/v2\/media\/158213"}],"wp:attachment":[{"href":"https:\/\/www.gaveanews.com\/index.php\/wp-json\/wp\/v2\/media?parent=198894"}],"wp:term":[{"taxonomy":"category","embeddable":true,"href":"https:\/\/www.gaveanews.com\/index.php\/wp-json\/wp\/v2\/categories?post=198894"},{"taxonomy":"post_tag","embeddable":true,"href":"https:\/\/www.gaveanews.com\/index.php\/wp-json\/wp\/v2\/tags?post=198894"}],"curies":[{"name":"wp","href":"https:\/\/api.w.org\/{rel}","templated":true}]}}