{"id":198947,"date":"2024-12-14T02:45:00","date_gmt":"2024-12-14T05:45:00","guid":{"rendered":"https:\/\/www.gaveanews.com\/?p=198947"},"modified":"2024-12-13T23:52:41","modified_gmt":"2024-12-14T02:52:41","slug":"pai-de-facundo-torres-e-sincero-ao-falar-sobre-o-palmeiras","status":"publish","type":"post","link":"https:\/\/www.gaveanews.com\/index.php\/2024\/12\/14\/pai-de-facundo-torres-e-sincero-ao-falar-sobre-o-palmeiras\/","title":{"rendered":"Pai de Facundo Torres \u00e9 sincero ao falar sobre o Palmeiras"},"content":{"rendered":"\n<h2 class=\"wp-block-heading\" id=\"h-palmeiras-disputa-contratacao-de-facundo-torres-com-cruz-azul\">Palmeiras disputa contrata\u00e7\u00e3o de Facundo Torres com Cruz Azul<\/h2>\n\n\n\n<p>A primeira contrata\u00e7\u00e3o do Palmeiras para a temporada 2025 ainda n\u00e3o foi concretizada, mas o alvo \u00e9 claro: o uruguaio Facundo Torres, destaque do Orlando City, da Major League Soccer (MLS). No entanto, o Cruz Azul, do M\u00e9xico, entrou na briga e pode atravessar as negocia\u00e7\u00f5es do Verd\u00e3o.<\/p>\n\n\n\n<ul class=\"wp-block-list\">\n<li><a href=\"https:\/\/www.gaveanews.com\/index.php\/2024\/12\/11\/palmeiras-encaminha-renovacao-e-saida-de-jogadores\/\">Palmeiras encaminha renova\u00e7\u00e3o e sa\u00edda de jogadores<\/a><\/li>\n\n\n\n<li><a href=\"https:\/\/www.gaveanews.com\/index.php\/2024\/11\/27\/a-reacao-dos-jogadores-do-palmeiras-apos-derrota-para-o-botafogo\/\">A rea\u00e7\u00e3o dos jogadores do Palmeiras ap\u00f3s derrota para o Botafogo<\/a><\/li>\n<\/ul>\n\n\n\n<p>O Palmeiras apresentou uma proposta de US$ 12 milh\u00f5es (cerca de R$ 72 milh\u00f5es) ao clube norte-americano e j\u00e1 teria um acerto inicial com o Orlando City. Por\u00e9m, a oferta salarial do time mexicano ao jogador seria mais vantajosa. Al\u00e9m disso, o t\u00e9cnico do Cruz Azul, Mart\u00edn Anselmo, teria telefonado pessoalmente para convencer Torres a optar pelo futebol mexicano, segundo informa\u00e7\u00f5es do empres\u00e1rio do jogador, Edgardo Lasalvia, em entrevista \u00e0 r\u00e1dio Sport 890.<\/p>\n\n\n\n<p>Apesar da disputa, o Palmeiras pode ter uma vantagem sentimental. Questionado por um torcedor palestrino sobre o futuro do filho, o pai de Facundo Torres, Jorge Torres, afirmou que o atacante deve vestir a camisa alviverde:<\/p>\n\n\n\n<p>&#8220;S\u00f3 posso dizer que Facundo vai jogar no Palmeiras.&#8221;<\/p>\n\n\n\n<p>Essa declara\u00e7\u00e3o aumentou a expectativa dos torcedores, que pressionam a diretoria para agilizar a negocia\u00e7\u00e3o e evitar que o Cruz Azul feche com o atleta. Nas redes sociais, muitos criticaram a suposta lentid\u00e3o do diretor de futebol Anderson Barros no desfecho das tratativas.<\/p>\n\n\n\n<p>Facundo Torres, de 24 anos, \u00e9 um atacante vers\u00e1til, canhoto, que pode atuar em ambas as pontas, mas tem prefer\u00eancia pelo lado direito do campo. Ele est\u00e1 no Orlando City desde 2022, quando foi contratado ap\u00f3s se destacar pelo Pe\u00f1arol, do Uruguai. Na MLS, consolidou-se como um dos principais nomes da liga.<\/p>\n\n\n\n<p>O Palmeiras v\u00ea Torres como um substituto ideal para <strong>Est\u00eav\u00e3o<\/strong>, vendido antecipadamente ao Chelsea, e tamb\u00e9m como uma op\u00e7\u00e3o para as vagas de <strong>Dudu<\/strong> e <strong>L\u00e1zaro<\/strong>, que n\u00e3o devem permanecer no elenco para 2025. A chegada do uruguaio seria um refor\u00e7o estrat\u00e9gico para a equipe comandada por <strong>Abel Ferreira<\/strong>, que busca se manter competitiva em todas as competi\u00e7\u00f5es.<\/p>\n","protected":false},"excerpt":{"rendered":"<p>Palmeiras disputa contrata\u00e7\u00e3o de Facundo Torres com Cruz Azul A primeira contrata\u00e7\u00e3o do Palmeiras para a temporada 2025 ainda n\u00e3o foi concretizada, mas o alvo \u00e9 claro: o uruguaio Facundo Torres, destaque do Orlando City, da Major League Soccer (MLS). No entanto, o Cruz Azul, do M\u00e9xico, entrou na briga e pode atravessar as negocia\u00e7\u00f5es [&hellip;]<\/p>\n","protected":false},"author":17,"featured_media":197403,"comment_status":"open","ping_status":"closed","sticky":false,"template":"","format":"standard","meta":{"footnotes":""},"categories":[150],"tags":[],"class_list":["post-198947","post","type-post","status-publish","format-standard","has-post-thumbnail","hentry","category-palmeiras"],"yoast_head":"<!-- This site is optimized with the Yoast SEO Premium plugin v24.2 (Yoast SEO v26.9) - https:\/\/yoast.com\/product\/yoast-seo-premium-wordpress\/ -->\n<title>Pai de Facundo Torres \u00e9 sincero ao falar sobre o Palmeiras<\/title>\n<meta name=\"robots\" content=\"index, follow, max-snippet:-1, max-image-preview:large, max-video-preview:-1\" \/>\n<link rel=\"canonical\" href=\"https:\/\/www.gaveanews.com\/index.php\/2024\/12\/14\/pai-de-facundo-torres-e-sincero-ao-falar-sobre-o-palmeiras\/\" \/>\n<meta property=\"og:locale\" content=\"pt_BR\" \/>\n<meta property=\"og:type\" content=\"article\" \/>\n<meta property=\"og:title\" content=\"Pai de Facundo Torres \u00e9 sincero ao falar sobre o Palmeiras\" \/>\n<meta property=\"og:description\" content=\"Palmeiras disputa contrata\u00e7\u00e3o de Facundo Torres com Cruz Azul A primeira contrata\u00e7\u00e3o do Palmeiras para a temporada 2025 ainda n\u00e3o foi concretizada, mas o alvo \u00e9 claro: o uruguaio Facundo Torres, destaque do Orlando City, da Major League Soccer (MLS). No entanto, o Cruz Azul, do M\u00e9xico, entrou na briga e pode atravessar as negocia\u00e7\u00f5es [&hellip;]\" \/>\n<meta property=\"og:url\" content=\"https:\/\/www.gaveanews.com\/index.php\/2024\/12\/14\/pai-de-facundo-torres-e-sincero-ao-falar-sobre-o-palmeiras\/\" \/>\n<meta property=\"og:site_name\" content=\"G\u00e1vea News\" \/>\n<meta property=\"article:publisher\" content=\"https:\/\/facebook.com\/gaveaNews\/\" \/>\n<meta property=\"article:published_time\" content=\"2024-12-14T05:45:00+00:00\" \/>\n<meta property=\"og:image\" content=\"https:\/\/www.gaveanews.com\/wp-content\/uploads\/Facundo-Torres-em-acao-com-a-camisa-da-Selecao-do-Uruguai.webp\" \/>\n\t<meta property=\"og:image:width\" content=\"1920\" \/>\n\t<meta property=\"og:image:height\" content=\"1080\" \/>\n\t<meta property=\"og:image:type\" content=\"image\/webp\" \/>\n<meta name=\"author\" content=\"Geovanna Thomaz\" \/>\n<meta name=\"twitter:card\" content=\"summary_large_image\" \/>\n<meta name=\"twitter:label1\" content=\"Escrito por\" \/>\n\t<meta name=\"twitter:data1\" content=\"Geovanna Thomaz\" \/>\n\t<meta name=\"twitter:label2\" content=\"Est. tempo de leitura\" \/>\n\t<meta name=\"twitter:data2\" content=\"3 minutos\" \/>\n<script type=\"application\/ld+json\" class=\"yoast-schema-graph\">{\"@context\":\"https:\/\/schema.org\",\"@graph\":[{\"@type\":\"NewsArticle\",\"@id\":\"https:\/\/www.gaveanews.com\/index.php\/2024\/12\/14\/pai-de-facundo-torres-e-sincero-ao-falar-sobre-o-palmeiras\/#article\",\"isPartOf\":{\"@id\":\"https:\/\/www.gaveanews.com\/index.php\/2024\/12\/14\/pai-de-facundo-torres-e-sincero-ao-falar-sobre-o-palmeiras\/\"},\"author\":{\"name\":\"Geovanna Thomaz\",\"@id\":\"https:\/\/www.gaveanews.com\/#\/schema\/person\/f42654babcd2b2014a1a65af82b081f1\"},\"headline\":\"Pai de Facundo Torres \u00e9 sincero ao falar sobre o Palmeiras\",\"datePublished\":\"2024-12-14T05:45:00+00:00\",\"mainEntityOfPage\":{\"@id\":\"https:\/\/www.gaveanews.com\/index.php\/2024\/12\/14\/pai-de-facundo-torres-e-sincero-ao-falar-sobre-o-palmeiras\/\"},\"wordCount\":381,\"commentCount\":0,\"image\":{\"@id\":\"https:\/\/www.gaveanews.com\/index.php\/2024\/12\/14\/pai-de-facundo-torres-e-sincero-ao-falar-sobre-o-palmeiras\/#primaryimage\"},\"thumbnailUrl\":\"https:\/\/www.gaveanews.com\/wp-content\/uploads\/Facundo-Torres-em-acao-com-a-camisa-da-Selecao-do-Uruguai.webp\",\"articleSection\":[\"Palmeiras\"],\"inLanguage\":\"pt-BR\",\"potentialAction\":[{\"@type\":\"CommentAction\",\"name\":\"Comment\",\"target\":[\"https:\/\/www.gaveanews.com\/index.php\/2024\/12\/14\/pai-de-facundo-torres-e-sincero-ao-falar-sobre-o-palmeiras\/#respond\"]}],\"copyrightYear\":\"2024\",\"copyrightHolder\":{\"@id\":\"https:\/\/www.gaveanews.com\/#organization\"}},{\"@type\":\"WebPage\",\"@id\":\"https:\/\/www.gaveanews.com\/index.php\/2024\/12\/14\/pai-de-facundo-torres-e-sincero-ao-falar-sobre-o-palmeiras\/\",\"url\":\"https:\/\/www.gaveanews.com\/index.php\/2024\/12\/14\/pai-de-facundo-torres-e-sincero-ao-falar-sobre-o-palmeiras\/\",\"name\":\"Pai de Facundo Torres \u00e9 sincero ao falar sobre o Palmeiras\",\"isPartOf\":{\"@id\":\"https:\/\/www.gaveanews.com\/#website\"},\"primaryImageOfPage\":{\"@id\":\"https:\/\/www.gaveanews.com\/index.php\/2024\/12\/14\/pai-de-facundo-torres-e-sincero-ao-falar-sobre-o-palmeiras\/#primaryimage\"},\"image\":{\"@id\":\"https:\/\/www.gaveanews.com\/index.php\/2024\/12\/14\/pai-de-facundo-torres-e-sincero-ao-falar-sobre-o-palmeiras\/#primaryimage\"},\"thumbnailUrl\":\"https:\/\/www.gaveanews.com\/wp-content\/uploads\/Facundo-Torres-em-acao-com-a-camisa-da-Selecao-do-Uruguai.webp\",\"datePublished\":\"2024-12-14T05:45:00+00:00\",\"author\":{\"@id\":\"https:\/\/www.gaveanews.com\/#\/schema\/person\/f42654babcd2b2014a1a65af82b081f1\"},\"breadcrumb\":{\"@id\":\"https:\/\/www.gaveanews.com\/index.php\/2024\/12\/14\/pai-de-facundo-torres-e-sincero-ao-falar-sobre-o-palmeiras\/#breadcrumb\"},\"inLanguage\":\"pt-BR\",\"potentialAction\":[{\"@type\":\"ReadAction\",\"target\":[\"https:\/\/www.gaveanews.com\/index.php\/2024\/12\/14\/pai-de-facundo-torres-e-sincero-ao-falar-sobre-o-palmeiras\/\"]}]},{\"@type\":\"ImageObject\",\"inLanguage\":\"pt-BR\",\"@id\":\"https:\/\/www.gaveanews.com\/index.php\/2024\/12\/14\/pai-de-facundo-torres-e-sincero-ao-falar-sobre-o-palmeiras\/#primaryimage\",\"url\":\"https:\/\/www.gaveanews.com\/wp-content\/uploads\/Facundo-Torres-em-acao-com-a-camisa-da-Selecao-do-Uruguai.webp\",\"contentUrl\":\"https:\/\/www.gaveanews.com\/wp-content\/uploads\/Facundo-Torres-em-acao-com-a-camisa-da-Selecao-do-Uruguai.webp\",\"width\":1920,\"height\":1080,\"caption\":\"Facundo Torres em a\u00e7\u00e3o com a camisa da Sele\u00e7\u00e3o do Uruguai (Foto: Reprodu\u00e7\u00e3o)\"},{\"@type\":\"BreadcrumbList\",\"@id\":\"https:\/\/www.gaveanews.com\/index.php\/2024\/12\/14\/pai-de-facundo-torres-e-sincero-ao-falar-sobre-o-palmeiras\/#breadcrumb\",\"itemListElement\":[{\"@type\":\"ListItem\",\"position\":1,\"name\":\"Home\",\"item\":\"https:\/\/www.gaveanews.com\/\"},{\"@type\":\"ListItem\",\"position\":2,\"name\":\"Pai de Facundo Torres \u00e9 sincero ao falar sobre o Palmeiras\"}]},{\"@type\":\"WebSite\",\"@id\":\"https:\/\/www.gaveanews.com\/#website\",\"url\":\"https:\/\/www.gaveanews.com\/\",\"name\":\"G\u00e1vea News\",\"description\":\"Veja todas as not\u00edcias sobre o Flamengo: Contrata\u00e7\u00f5es, categorias de base, resultados das partidas, tabela de classifica\u00e7\u00e3o, pr\u00f3ximos jogos!\",\"potentialAction\":[{\"@type\":\"SearchAction\",\"target\":{\"@type\":\"EntryPoint\",\"urlTemplate\":\"https:\/\/www.gaveanews.com\/?s={search_term_string}\"},\"query-input\":{\"@type\":\"PropertyValueSpecification\",\"valueRequired\":true,\"valueName\":\"search_term_string\"}}],\"inLanguage\":\"pt-BR\"},{\"@type\":\"Person\",\"@id\":\"https:\/\/www.gaveanews.com\/#\/schema\/person\/f42654babcd2b2014a1a65af82b081f1\",\"name\":\"Geovanna Thomaz\",\"image\":{\"@type\":\"ImageObject\",\"inLanguage\":\"pt-BR\",\"@id\":\"https:\/\/www.gaveanews.com\/#\/schema\/person\/image\/\",\"url\":\"https:\/\/secure.gravatar.com\/avatar\/4092073255489533afb558984b49b64268c47198af8623cc82a925ae9fb7118a?s=96&d=mm&r=g\",\"contentUrl\":\"https:\/\/secure.gravatar.com\/avatar\/4092073255489533afb558984b49b64268c47198af8623cc82a925ae9fb7118a?s=96&d=mm&r=g\",\"caption\":\"Geovanna Thomaz\"}}]}<\/script>\n<!-- \/ Yoast SEO Premium plugin. -->","yoast_head_json":{"title":"Pai de Facundo Torres \u00e9 sincero ao falar sobre o Palmeiras","robots":{"index":"index","follow":"follow","max-snippet":"max-snippet:-1","max-image-preview":"max-image-preview:large","max-video-preview":"max-video-preview:-1"},"canonical":"https:\/\/www.gaveanews.com\/index.php\/2024\/12\/14\/pai-de-facundo-torres-e-sincero-ao-falar-sobre-o-palmeiras\/","og_locale":"pt_BR","og_type":"article","og_title":"Pai de Facundo Torres \u00e9 sincero ao falar sobre o Palmeiras","og_description":"Palmeiras disputa contrata\u00e7\u00e3o de Facundo Torres com Cruz Azul A primeira contrata\u00e7\u00e3o do Palmeiras para a temporada 2025 ainda n\u00e3o foi concretizada, mas o alvo \u00e9 claro: o uruguaio Facundo Torres, destaque do Orlando City, da Major League Soccer (MLS). No entanto, o Cruz Azul, do M\u00e9xico, entrou na briga e pode atravessar as negocia\u00e7\u00f5es [&hellip;]","og_url":"https:\/\/www.gaveanews.com\/index.php\/2024\/12\/14\/pai-de-facundo-torres-e-sincero-ao-falar-sobre-o-palmeiras\/","og_site_name":"G\u00e1vea News","article_publisher":"https:\/\/facebook.com\/gaveaNews\/","article_published_time":"2024-12-14T05:45:00+00:00","og_image":[{"width":1920,"height":1080,"url":"https:\/\/www.gaveanews.com\/wp-content\/uploads\/Facundo-Torres-em-acao-com-a-camisa-da-Selecao-do-Uruguai.webp","type":"image\/webp"}],"author":"Geovanna Thomaz","twitter_card":"summary_large_image","twitter_misc":{"Escrito por":"Geovanna Thomaz","Est. tempo de leitura":"3 minutos"},"schema":{"@context":"https:\/\/schema.org","@graph":[{"@type":"NewsArticle","@id":"https:\/\/www.gaveanews.com\/index.php\/2024\/12\/14\/pai-de-facundo-torres-e-sincero-ao-falar-sobre-o-palmeiras\/#article","isPartOf":{"@id":"https:\/\/www.gaveanews.com\/index.php\/2024\/12\/14\/pai-de-facundo-torres-e-sincero-ao-falar-sobre-o-palmeiras\/"},"author":{"name":"Geovanna Thomaz","@id":"https:\/\/www.gaveanews.com\/#\/schema\/person\/f42654babcd2b2014a1a65af82b081f1"},"headline":"Pai de Facundo Torres \u00e9 sincero ao falar sobre o Palmeiras","datePublished":"2024-12-14T05:45:00+00:00","mainEntityOfPage":{"@id":"https:\/\/www.gaveanews.com\/index.php\/2024\/12\/14\/pai-de-facundo-torres-e-sincero-ao-falar-sobre-o-palmeiras\/"},"wordCount":381,"commentCount":0,"image":{"@id":"https:\/\/www.gaveanews.com\/index.php\/2024\/12\/14\/pai-de-facundo-torres-e-sincero-ao-falar-sobre-o-palmeiras\/#primaryimage"},"thumbnailUrl":"https:\/\/www.gaveanews.com\/wp-content\/uploads\/Facundo-Torres-em-acao-com-a-camisa-da-Selecao-do-Uruguai.webp","articleSection":["Palmeiras"],"inLanguage":"pt-BR","potentialAction":[{"@type":"CommentAction","name":"Comment","target":["https:\/\/www.gaveanews.com\/index.php\/2024\/12\/14\/pai-de-facundo-torres-e-sincero-ao-falar-sobre-o-palmeiras\/#respond"]}],"copyrightYear":"2024","copyrightHolder":{"@id":"https:\/\/www.gaveanews.com\/#organization"}},{"@type":"WebPage","@id":"https:\/\/www.gaveanews.com\/index.php\/2024\/12\/14\/pai-de-facundo-torres-e-sincero-ao-falar-sobre-o-palmeiras\/","url":"https:\/\/www.gaveanews.com\/index.php\/2024\/12\/14\/pai-de-facundo-torres-e-sincero-ao-falar-sobre-o-palmeiras\/","name":"Pai de Facundo Torres \u00e9 sincero ao falar sobre o Palmeiras","isPartOf":{"@id":"https:\/\/www.gaveanews.com\/#website"},"primaryImageOfPage":{"@id":"https:\/\/www.gaveanews.com\/index.php\/2024\/12\/14\/pai-de-facundo-torres-e-sincero-ao-falar-sobre-o-palmeiras\/#primaryimage"},"image":{"@id":"https:\/\/www.gaveanews.com\/index.php\/2024\/12\/14\/pai-de-facundo-torres-e-sincero-ao-falar-sobre-o-palmeiras\/#primaryimage"},"thumbnailUrl":"https:\/\/www.gaveanews.com\/wp-content\/uploads\/Facundo-Torres-em-acao-com-a-camisa-da-Selecao-do-Uruguai.webp","datePublished":"2024-12-14T05:45:00+00:00","author":{"@id":"https:\/\/www.gaveanews.com\/#\/schema\/person\/f42654babcd2b2014a1a65af82b081f1"},"breadcrumb":{"@id":"https:\/\/www.gaveanews.com\/index.php\/2024\/12\/14\/pai-de-facundo-torres-e-sincero-ao-falar-sobre-o-palmeiras\/#breadcrumb"},"inLanguage":"pt-BR","potentialAction":[{"@type":"ReadAction","target":["https:\/\/www.gaveanews.com\/index.php\/2024\/12\/14\/pai-de-facundo-torres-e-sincero-ao-falar-sobre-o-palmeiras\/"]}]},{"@type":"ImageObject","inLanguage":"pt-BR","@id":"https:\/\/www.gaveanews.com\/index.php\/2024\/12\/14\/pai-de-facundo-torres-e-sincero-ao-falar-sobre-o-palmeiras\/#primaryimage","url":"https:\/\/www.gaveanews.com\/wp-content\/uploads\/Facundo-Torres-em-acao-com-a-camisa-da-Selecao-do-Uruguai.webp","contentUrl":"https:\/\/www.gaveanews.com\/wp-content\/uploads\/Facundo-Torres-em-acao-com-a-camisa-da-Selecao-do-Uruguai.webp","width":1920,"height":1080,"caption":"Facundo Torres em a\u00e7\u00e3o com a camisa da Sele\u00e7\u00e3o do Uruguai (Foto: Reprodu\u00e7\u00e3o)"},{"@type":"BreadcrumbList","@id":"https:\/\/www.gaveanews.com\/index.php\/2024\/12\/14\/pai-de-facundo-torres-e-sincero-ao-falar-sobre-o-palmeiras\/#breadcrumb","itemListElement":[{"@type":"ListItem","position":1,"name":"Home","item":"https:\/\/www.gaveanews.com\/"},{"@type":"ListItem","position":2,"name":"Pai de Facundo Torres \u00e9 sincero ao falar sobre o Palmeiras"}]},{"@type":"WebSite","@id":"https:\/\/www.gaveanews.com\/#website","url":"https:\/\/www.gaveanews.com\/","name":"G\u00e1vea News","description":"Veja todas as not\u00edcias sobre o Flamengo: Contrata\u00e7\u00f5es, categorias de base, resultados das partidas, tabela de classifica\u00e7\u00e3o, pr\u00f3ximos jogos!","potentialAction":[{"@type":"SearchAction","target":{"@type":"EntryPoint","urlTemplate":"https:\/\/www.gaveanews.com\/?s={search_term_string}"},"query-input":{"@type":"PropertyValueSpecification","valueRequired":true,"valueName":"search_term_string"}}],"inLanguage":"pt-BR"},{"@type":"Person","@id":"https:\/\/www.gaveanews.com\/#\/schema\/person\/f42654babcd2b2014a1a65af82b081f1","name":"Geovanna Thomaz","image":{"@type":"ImageObject","inLanguage":"pt-BR","@id":"https:\/\/www.gaveanews.com\/#\/schema\/person\/image\/","url":"https:\/\/secure.gravatar.com\/avatar\/4092073255489533afb558984b49b64268c47198af8623cc82a925ae9fb7118a?s=96&d=mm&r=g","contentUrl":"https:\/\/secure.gravatar.com\/avatar\/4092073255489533afb558984b49b64268c47198af8623cc82a925ae9fb7118a?s=96&d=mm&r=g","caption":"Geovanna Thomaz"}}]}},"_links":{"self":[{"href":"https:\/\/www.gaveanews.com\/index.php\/wp-json\/wp\/v2\/posts\/198947","targetHints":{"allow":["GET"]}}],"collection":[{"href":"https:\/\/www.gaveanews.com\/index.php\/wp-json\/wp\/v2\/posts"}],"about":[{"href":"https:\/\/www.gaveanews.com\/index.php\/wp-json\/wp\/v2\/types\/post"}],"author":[{"embeddable":true,"href":"https:\/\/www.gaveanews.com\/index.php\/wp-json\/wp\/v2\/users\/17"}],"replies":[{"embeddable":true,"href":"https:\/\/www.gaveanews.com\/index.php\/wp-json\/wp\/v2\/comments?post=198947"}],"version-history":[{"count":1,"href":"https:\/\/www.gaveanews.com\/index.php\/wp-json\/wp\/v2\/posts\/198947\/revisions"}],"predecessor-version":[{"id":198948,"href":"https:\/\/www.gaveanews.com\/index.php\/wp-json\/wp\/v2\/posts\/198947\/revisions\/198948"}],"wp:featuredmedia":[{"embeddable":true,"href":"https:\/\/www.gaveanews.com\/index.php\/wp-json\/wp\/v2\/media\/197403"}],"wp:attachment":[{"href":"https:\/\/www.gaveanews.com\/index.php\/wp-json\/wp\/v2\/media?parent=198947"}],"wp:term":[{"taxonomy":"category","embeddable":true,"href":"https:\/\/www.gaveanews.com\/index.php\/wp-json\/wp\/v2\/categories?post=198947"},{"taxonomy":"post_tag","embeddable":true,"href":"https:\/\/www.gaveanews.com\/index.php\/wp-json\/wp\/v2\/tags?post=198947"}],"curies":[{"name":"wp","href":"https:\/\/api.w.org\/{rel}","templated":true}]}}