{"id":199123,"date":"2024-12-14T20:30:00","date_gmt":"2024-12-14T23:30:00","guid":{"rendered":"https:\/\/www.gaveanews.com\/?p=199123"},"modified":"2024-12-14T20:14:42","modified_gmt":"2024-12-14T23:14:42","slug":"flamengo-a-declaracao-de-vene-casagrande-direcionada-a-adriano-imperador","status":"publish","type":"post","link":"https:\/\/www.gaveanews.com\/index.php\/2024\/12\/14\/flamengo-a-declaracao-de-vene-casagrande-direcionada-a-adriano-imperador\/","title":{"rendered":"Flamengo: a declara\u00e7\u00e3o de Ven\u00ea Casagrande direcionada a Adriano Imperador"},"content":{"rendered":"\n<h2 class=\"wp-block-heading\" id=\"h-veja-o-que-ele-falou\">Veja o que ele falou <\/h2>\n\n\n\n<p>No domingo (15), \u00e0s 17h, no Maracan\u00e3, no Rio de Janeiro (RJ), Adriano Imperador far\u00e1 sua despedida oficial dos campos de futebol. O jogo ter\u00e1 a participa\u00e7\u00e3o de v\u00e1rios craques que jogaram pelo Flamengo e pela Inter de Mil\u00e3o, clube onde o protagonista da festa jogou na It\u00e1lia. O evento contar\u00e1 com a participa\u00e7\u00e3o de figuras lend\u00e1rias do futebol global.<\/p>\n\n\n\n<ul class=\"wp-block-list\">\n<li><a href=\"https:\/\/www.gaveanews.com\/index.php\/2024\/12\/14\/nova-contratacao-do-flamengo-pede-conselhos-para-jorge-jesus\/\">Nova contrata\u00e7\u00e3o do Flamengo pede conselhos para Jorge Jesus<\/a><\/li>\n\n\n\n<li><a href=\"https:\/\/www.gaveanews.com\/index.php\/2024\/12\/14\/zico-faz-publicacao-direcionada-ao-flamengo-2\/\">Zico faz publica\u00e7\u00e3o direcionada ao Flamengo<br><\/a><\/li>\n<\/ul>\n\n\n\n<p>De fato, Adriano Imperador n\u00e3o joga desde 14 de maio de 2016. Naquele dia, o antigo atleta jogou pelo Miami United (EUA), num jogo contra o Las Vegas City (EUA). Agora, o \u00eddolo rubro-negro ter\u00e1 a chance de dizer adeus aos f\u00e3s do Flamengo.<\/p>\n\n\n\n<p>A partida, conhecida como A \u00daltima Batalha do Imperador, ser\u00e1 transmitida pelo Sportv neste domingo, no est\u00e1dio do Maracan\u00e3.<\/p>\n\n\n\n<p>Adriano jogar\u00e1 por um time em cada intervalo. O lend\u00e1rio Zico, al\u00e9m de jogadores como Petkovic, Athirson, Z\u00e9 Roberto, L\u00e9o Moura, Vagner Love, Ronaldo Angelim, J\u00falio C\u00e9sar, Reinaldo, Tor\u00f3 e Den\u00edlson, j\u00e1 confirmaram presen\u00e7a. Nomes como Emerson Sheik, Alo\u00edsio Chulapa e Beto tamb\u00e9m s\u00e3o mencionados.<\/p>\n\n\n\n<p>A semana traz como destaque a confirma\u00e7\u00e3o da presen\u00e7a de Rom\u00e1rio, o quinto maior artilheiro da hist\u00f3ria do Flamengo, no jogo de despedida de Adriano. O Baixinho vestiu a camisa do Rubro-Negro pela \u00faltima vez em 7 de novembro de 1999.<\/p>\n\n\n\n<p>Adriano Imperador, de fato, nasceu no Flamengo e jogou nas categorias de base do clube entre 1990 e 1999. Posteriormente, no \u00e2mbito profissional, em duas ocasi\u00f5es: em 2000 e 2009. No total, o clube Rubro-Negro disputou 94 jogos e marcou 46 gols na sua equipe profissional. Adicionalmente, ganhou o bicampeonato no Rio de Janeiro, a Copa dos Campe\u00f5es e o Campeonato Brasileiro.<\/p>\n\n\n\n<p>Adriano atuou pela Inter de Mil\u00e3o de 2001 a 2009. Em sua passagem por l\u00e1, disputou 177 partidas, anotou 74 gols e ganhou sete t\u00edtulos: quatro campeonatos italianos, duas Copas da It\u00e1lia e uma Supercopa italiana. Ademais, recebeu o apelido de Imperador, que se transformou no seu sobrenome.<\/p>\n\n\n\n<p>Imperador \u00e9 considerado por muitos torcedores flamenguistas \u00eddolo da Na\u00e7\u00e3o, mas o jornalista Ven\u00ea Casagrande discorda dessa considera\u00e7\u00e3o no programa SBT Sports o mesmo comentou que o Adriano \u00e9 \u00eddolo brasileiro, assista o v\u00eddeo abaixo:<\/p>\n\n\n\n<figure class=\"wp-block-embed is-type-rich is-provider-twitter wp-block-embed-twitter\"><div class=\"wp-block-embed__wrapper\">\n<blockquote class=\"twitter-tweet\" data-width=\"550\" data-dnt=\"true\"><p lang=\"pt\" dir=\"ltr\">&quot;Na boa, quem n\u00e3o considera o Adriano Imperador um \u00eddolo (torcedor do Flamengo), vive em outro mundo. Ele \u00e9 \u00eddolo brasileiro!&quot; &#8211; <a href=\"https:\/\/twitter.com\/venecasagrande?ref_src=twsrc%5Etfw\">@venecasagrande<\/a> <a href=\"https:\/\/twitter.com\/hashtag\/sbtsportsrio?src=hash&amp;ref_src=twsrc%5Etfw\">#sbtsportsrio<\/a> <a href=\"https:\/\/t.co\/IgUjyyiYR0\">pic.twitter.com\/IgUjyyiYR0<\/a><\/p>&mdash; SBT Rio (@sbtrio) <a href=\"https:\/\/twitter.com\/sbtrio\/status\/1867609471268127120?ref_src=twsrc%5Etfw\">December 13, 2024<\/a><\/blockquote><script async src=\"https:\/\/platform.twitter.com\/widgets.js\" charset=\"utf-8\"><\/script>\n<\/div><\/figure>\n","protected":false},"excerpt":{"rendered":"<p>Veja o que ele falou No domingo (15), \u00e0s 17h, no Maracan\u00e3, no Rio de Janeiro (RJ), Adriano Imperador far\u00e1 sua despedida oficial dos campos de futebol. O jogo ter\u00e1 a participa\u00e7\u00e3o de v\u00e1rios craques que jogaram pelo Flamengo e pela Inter de Mil\u00e3o, clube onde o protagonista da festa jogou na It\u00e1lia. O evento [&hellip;]<\/p>\n","protected":false},"author":16,"featured_media":105168,"comment_status":"open","ping_status":"closed","sticky":false,"template":"","format":"standard","meta":{"footnotes":""},"categories":[1,40],"tags":[],"class_list":["post-199123","post","type-post","status-publish","format-standard","has-post-thumbnail","hentry","category-flamengo","category-video"],"yoast_head":"<!-- This site is optimized with the Yoast SEO Premium plugin v24.2 (Yoast SEO v26.9) - https:\/\/yoast.com\/product\/yoast-seo-premium-wordpress\/ -->\n<title>Flamengo: a declara\u00e7\u00e3o de Ven\u00ea Casagrande direcionada a Adriano Imperador<\/title>\n<meta name=\"robots\" content=\"index, follow, max-snippet:-1, max-image-preview:large, max-video-preview:-1\" \/>\n<link rel=\"canonical\" href=\"https:\/\/www.gaveanews.com\/index.php\/2024\/12\/14\/flamengo-a-declaracao-de-vene-casagrande-direcionada-a-adriano-imperador\/\" \/>\n<meta property=\"og:locale\" content=\"pt_BR\" \/>\n<meta property=\"og:type\" content=\"article\" \/>\n<meta property=\"og:title\" content=\"Flamengo: a declara\u00e7\u00e3o de Ven\u00ea Casagrande direcionada a Adriano Imperador\" \/>\n<meta property=\"og:description\" content=\"Veja o que ele falou No domingo (15), \u00e0s 17h, no Maracan\u00e3, no Rio de Janeiro (RJ), Adriano Imperador far\u00e1 sua despedida oficial dos campos de futebol. O jogo ter\u00e1 a participa\u00e7\u00e3o de v\u00e1rios craques que jogaram pelo Flamengo e pela Inter de Mil\u00e3o, clube onde o protagonista da festa jogou na It\u00e1lia. O evento [&hellip;]\" \/>\n<meta property=\"og:url\" content=\"https:\/\/www.gaveanews.com\/index.php\/2024\/12\/14\/flamengo-a-declaracao-de-vene-casagrande-direcionada-a-adriano-imperador\/\" \/>\n<meta property=\"og:site_name\" content=\"G\u00e1vea News\" \/>\n<meta property=\"article:publisher\" content=\"https:\/\/facebook.com\/gaveaNews\/\" \/>\n<meta property=\"article:published_time\" content=\"2024-12-14T23:30:00+00:00\" \/>\n<meta property=\"og:image\" content=\"https:\/\/www.gaveanews.com\/wp-content\/uploads\/Vene-Casagrande-durante-a-programacao-do-SBT.webp\" \/>\n\t<meta property=\"og:image:width\" content=\"1200\" \/>\n\t<meta property=\"og:image:height\" content=\"740\" \/>\n\t<meta property=\"og:image:type\" content=\"image\/jpeg\" \/>\n<meta name=\"author\" content=\"D\u00e9bora Figueiredo\" \/>\n<meta name=\"twitter:card\" content=\"summary_large_image\" \/>\n<meta name=\"twitter:label1\" content=\"Escrito por\" \/>\n\t<meta name=\"twitter:data1\" content=\"D\u00e9bora Figueiredo\" \/>\n\t<meta name=\"twitter:label2\" content=\"Est. tempo de leitura\" \/>\n\t<meta name=\"twitter:data2\" content=\"3 minutos\" \/>\n<script type=\"application\/ld+json\" class=\"yoast-schema-graph\">{\"@context\":\"https:\/\/schema.org\",\"@graph\":[{\"@type\":\"NewsArticle\",\"@id\":\"https:\/\/www.gaveanews.com\/index.php\/2024\/12\/14\/flamengo-a-declaracao-de-vene-casagrande-direcionada-a-adriano-imperador\/#article\",\"isPartOf\":{\"@id\":\"https:\/\/www.gaveanews.com\/index.php\/2024\/12\/14\/flamengo-a-declaracao-de-vene-casagrande-direcionada-a-adriano-imperador\/\"},\"author\":{\"name\":\"D\u00e9bora Figueiredo\",\"@id\":\"https:\/\/www.gaveanews.com\/#\/schema\/person\/37122681a8575a5c8db05a56f099a5e4\"},\"headline\":\"Flamengo: a declara\u00e7\u00e3o de Ven\u00ea Casagrande direcionada a Adriano Imperador\",\"datePublished\":\"2024-12-14T23:30:00+00:00\",\"mainEntityOfPage\":{\"@id\":\"https:\/\/www.gaveanews.com\/index.php\/2024\/12\/14\/flamengo-a-declaracao-de-vene-casagrande-direcionada-a-adriano-imperador\/\"},\"wordCount\":406,\"commentCount\":0,\"image\":{\"@id\":\"https:\/\/www.gaveanews.com\/index.php\/2024\/12\/14\/flamengo-a-declaracao-de-vene-casagrande-direcionada-a-adriano-imperador\/#primaryimage\"},\"thumbnailUrl\":\"https:\/\/www.gaveanews.com\/wp-content\/uploads\/Vene-Casagrande-durante-a-programacao-do-SBT.webp\",\"articleSection\":[\"Flamengo\",\"V\u00eddeos\"],\"inLanguage\":\"pt-BR\",\"potentialAction\":[{\"@type\":\"CommentAction\",\"name\":\"Comment\",\"target\":[\"https:\/\/www.gaveanews.com\/index.php\/2024\/12\/14\/flamengo-a-declaracao-de-vene-casagrande-direcionada-a-adriano-imperador\/#respond\"]}],\"copyrightYear\":\"2024\",\"copyrightHolder\":{\"@id\":\"https:\/\/www.gaveanews.com\/#organization\"}},{\"@type\":\"WebPage\",\"@id\":\"https:\/\/www.gaveanews.com\/index.php\/2024\/12\/14\/flamengo-a-declaracao-de-vene-casagrande-direcionada-a-adriano-imperador\/\",\"url\":\"https:\/\/www.gaveanews.com\/index.php\/2024\/12\/14\/flamengo-a-declaracao-de-vene-casagrande-direcionada-a-adriano-imperador\/\",\"name\":\"Flamengo: a declara\u00e7\u00e3o de Ven\u00ea Casagrande direcionada a Adriano Imperador\",\"isPartOf\":{\"@id\":\"https:\/\/www.gaveanews.com\/#website\"},\"primaryImageOfPage\":{\"@id\":\"https:\/\/www.gaveanews.com\/index.php\/2024\/12\/14\/flamengo-a-declaracao-de-vene-casagrande-direcionada-a-adriano-imperador\/#primaryimage\"},\"image\":{\"@id\":\"https:\/\/www.gaveanews.com\/index.php\/2024\/12\/14\/flamengo-a-declaracao-de-vene-casagrande-direcionada-a-adriano-imperador\/#primaryimage\"},\"thumbnailUrl\":\"https:\/\/www.gaveanews.com\/wp-content\/uploads\/Vene-Casagrande-durante-a-programacao-do-SBT.webp\",\"datePublished\":\"2024-12-14T23:30:00+00:00\",\"author\":{\"@id\":\"https:\/\/www.gaveanews.com\/#\/schema\/person\/37122681a8575a5c8db05a56f099a5e4\"},\"breadcrumb\":{\"@id\":\"https:\/\/www.gaveanews.com\/index.php\/2024\/12\/14\/flamengo-a-declaracao-de-vene-casagrande-direcionada-a-adriano-imperador\/#breadcrumb\"},\"inLanguage\":\"pt-BR\",\"potentialAction\":[{\"@type\":\"ReadAction\",\"target\":[\"https:\/\/www.gaveanews.com\/index.php\/2024\/12\/14\/flamengo-a-declaracao-de-vene-casagrande-direcionada-a-adriano-imperador\/\"]}]},{\"@type\":\"ImageObject\",\"inLanguage\":\"pt-BR\",\"@id\":\"https:\/\/www.gaveanews.com\/index.php\/2024\/12\/14\/flamengo-a-declaracao-de-vene-casagrande-direcionada-a-adriano-imperador\/#primaryimage\",\"url\":\"https:\/\/www.gaveanews.com\/wp-content\/uploads\/Vene-Casagrande-durante-a-programacao-do-SBT.webp\",\"contentUrl\":\"https:\/\/www.gaveanews.com\/wp-content\/uploads\/Vene-Casagrande-durante-a-programacao-do-SBT.webp\",\"width\":1200,\"height\":740,\"caption\":\"Ven\u00ea Casagrande durante a programa\u00e7\u00e3o do SBT (Foto: Reprodu\u00e7\u00e3o)\"},{\"@type\":\"BreadcrumbList\",\"@id\":\"https:\/\/www.gaveanews.com\/index.php\/2024\/12\/14\/flamengo-a-declaracao-de-vene-casagrande-direcionada-a-adriano-imperador\/#breadcrumb\",\"itemListElement\":[{\"@type\":\"ListItem\",\"position\":1,\"name\":\"Home\",\"item\":\"https:\/\/www.gaveanews.com\/\"},{\"@type\":\"ListItem\",\"position\":2,\"name\":\"Flamengo: a declara\u00e7\u00e3o de Ven\u00ea Casagrande direcionada a Adriano Imperador\"}]},{\"@type\":\"WebSite\",\"@id\":\"https:\/\/www.gaveanews.com\/#website\",\"url\":\"https:\/\/www.gaveanews.com\/\",\"name\":\"G\u00e1vea News\",\"description\":\"Veja todas as not\u00edcias sobre o Flamengo: Contrata\u00e7\u00f5es, categorias de base, resultados das partidas, tabela de classifica\u00e7\u00e3o, pr\u00f3ximos jogos!\",\"potentialAction\":[{\"@type\":\"SearchAction\",\"target\":{\"@type\":\"EntryPoint\",\"urlTemplate\":\"https:\/\/www.gaveanews.com\/?s={search_term_string}\"},\"query-input\":{\"@type\":\"PropertyValueSpecification\",\"valueRequired\":true,\"valueName\":\"search_term_string\"}}],\"inLanguage\":\"pt-BR\"},{\"@type\":\"Person\",\"@id\":\"https:\/\/www.gaveanews.com\/#\/schema\/person\/37122681a8575a5c8db05a56f099a5e4\",\"name\":\"D\u00e9bora Figueiredo\",\"image\":{\"@type\":\"ImageObject\",\"inLanguage\":\"pt-BR\",\"@id\":\"https:\/\/www.gaveanews.com\/#\/schema\/person\/image\/\",\"url\":\"https:\/\/secure.gravatar.com\/avatar\/1f44802859351588499d26f52aed1d15796ce17e67602895b72837c08018868d?s=96&d=mm&r=g\",\"contentUrl\":\"https:\/\/secure.gravatar.com\/avatar\/1f44802859351588499d26f52aed1d15796ce17e67602895b72837c08018868d?s=96&d=mm&r=g\",\"caption\":\"D\u00e9bora Figueiredo\"}}]}<\/script>\n<!-- \/ Yoast SEO Premium plugin. -->","yoast_head_json":{"title":"Flamengo: a declara\u00e7\u00e3o de Ven\u00ea Casagrande direcionada a Adriano Imperador","robots":{"index":"index","follow":"follow","max-snippet":"max-snippet:-1","max-image-preview":"max-image-preview:large","max-video-preview":"max-video-preview:-1"},"canonical":"https:\/\/www.gaveanews.com\/index.php\/2024\/12\/14\/flamengo-a-declaracao-de-vene-casagrande-direcionada-a-adriano-imperador\/","og_locale":"pt_BR","og_type":"article","og_title":"Flamengo: a declara\u00e7\u00e3o de Ven\u00ea Casagrande direcionada a Adriano Imperador","og_description":"Veja o que ele falou No domingo (15), \u00e0s 17h, no Maracan\u00e3, no Rio de Janeiro (RJ), Adriano Imperador far\u00e1 sua despedida oficial dos campos de futebol. O jogo ter\u00e1 a participa\u00e7\u00e3o de v\u00e1rios craques que jogaram pelo Flamengo e pela Inter de Mil\u00e3o, clube onde o protagonista da festa jogou na It\u00e1lia. O evento [&hellip;]","og_url":"https:\/\/www.gaveanews.com\/index.php\/2024\/12\/14\/flamengo-a-declaracao-de-vene-casagrande-direcionada-a-adriano-imperador\/","og_site_name":"G\u00e1vea News","article_publisher":"https:\/\/facebook.com\/gaveaNews\/","article_published_time":"2024-12-14T23:30:00+00:00","og_image":[{"width":1200,"height":740,"url":"https:\/\/www.gaveanews.com\/wp-content\/uploads\/Vene-Casagrande-durante-a-programacao-do-SBT.webp","type":"image\/jpeg"}],"author":"D\u00e9bora Figueiredo","twitter_card":"summary_large_image","twitter_misc":{"Escrito por":"D\u00e9bora Figueiredo","Est. tempo de leitura":"3 minutos"},"schema":{"@context":"https:\/\/schema.org","@graph":[{"@type":"NewsArticle","@id":"https:\/\/www.gaveanews.com\/index.php\/2024\/12\/14\/flamengo-a-declaracao-de-vene-casagrande-direcionada-a-adriano-imperador\/#article","isPartOf":{"@id":"https:\/\/www.gaveanews.com\/index.php\/2024\/12\/14\/flamengo-a-declaracao-de-vene-casagrande-direcionada-a-adriano-imperador\/"},"author":{"name":"D\u00e9bora Figueiredo","@id":"https:\/\/www.gaveanews.com\/#\/schema\/person\/37122681a8575a5c8db05a56f099a5e4"},"headline":"Flamengo: a declara\u00e7\u00e3o de Ven\u00ea Casagrande direcionada a Adriano Imperador","datePublished":"2024-12-14T23:30:00+00:00","mainEntityOfPage":{"@id":"https:\/\/www.gaveanews.com\/index.php\/2024\/12\/14\/flamengo-a-declaracao-de-vene-casagrande-direcionada-a-adriano-imperador\/"},"wordCount":406,"commentCount":0,"image":{"@id":"https:\/\/www.gaveanews.com\/index.php\/2024\/12\/14\/flamengo-a-declaracao-de-vene-casagrande-direcionada-a-adriano-imperador\/#primaryimage"},"thumbnailUrl":"https:\/\/www.gaveanews.com\/wp-content\/uploads\/Vene-Casagrande-durante-a-programacao-do-SBT.webp","articleSection":["Flamengo","V\u00eddeos"],"inLanguage":"pt-BR","potentialAction":[{"@type":"CommentAction","name":"Comment","target":["https:\/\/www.gaveanews.com\/index.php\/2024\/12\/14\/flamengo-a-declaracao-de-vene-casagrande-direcionada-a-adriano-imperador\/#respond"]}],"copyrightYear":"2024","copyrightHolder":{"@id":"https:\/\/www.gaveanews.com\/#organization"}},{"@type":"WebPage","@id":"https:\/\/www.gaveanews.com\/index.php\/2024\/12\/14\/flamengo-a-declaracao-de-vene-casagrande-direcionada-a-adriano-imperador\/","url":"https:\/\/www.gaveanews.com\/index.php\/2024\/12\/14\/flamengo-a-declaracao-de-vene-casagrande-direcionada-a-adriano-imperador\/","name":"Flamengo: a declara\u00e7\u00e3o de Ven\u00ea Casagrande direcionada a Adriano Imperador","isPartOf":{"@id":"https:\/\/www.gaveanews.com\/#website"},"primaryImageOfPage":{"@id":"https:\/\/www.gaveanews.com\/index.php\/2024\/12\/14\/flamengo-a-declaracao-de-vene-casagrande-direcionada-a-adriano-imperador\/#primaryimage"},"image":{"@id":"https:\/\/www.gaveanews.com\/index.php\/2024\/12\/14\/flamengo-a-declaracao-de-vene-casagrande-direcionada-a-adriano-imperador\/#primaryimage"},"thumbnailUrl":"https:\/\/www.gaveanews.com\/wp-content\/uploads\/Vene-Casagrande-durante-a-programacao-do-SBT.webp","datePublished":"2024-12-14T23:30:00+00:00","author":{"@id":"https:\/\/www.gaveanews.com\/#\/schema\/person\/37122681a8575a5c8db05a56f099a5e4"},"breadcrumb":{"@id":"https:\/\/www.gaveanews.com\/index.php\/2024\/12\/14\/flamengo-a-declaracao-de-vene-casagrande-direcionada-a-adriano-imperador\/#breadcrumb"},"inLanguage":"pt-BR","potentialAction":[{"@type":"ReadAction","target":["https:\/\/www.gaveanews.com\/index.php\/2024\/12\/14\/flamengo-a-declaracao-de-vene-casagrande-direcionada-a-adriano-imperador\/"]}]},{"@type":"ImageObject","inLanguage":"pt-BR","@id":"https:\/\/www.gaveanews.com\/index.php\/2024\/12\/14\/flamengo-a-declaracao-de-vene-casagrande-direcionada-a-adriano-imperador\/#primaryimage","url":"https:\/\/www.gaveanews.com\/wp-content\/uploads\/Vene-Casagrande-durante-a-programacao-do-SBT.webp","contentUrl":"https:\/\/www.gaveanews.com\/wp-content\/uploads\/Vene-Casagrande-durante-a-programacao-do-SBT.webp","width":1200,"height":740,"caption":"Ven\u00ea Casagrande durante a programa\u00e7\u00e3o do SBT (Foto: Reprodu\u00e7\u00e3o)"},{"@type":"BreadcrumbList","@id":"https:\/\/www.gaveanews.com\/index.php\/2024\/12\/14\/flamengo-a-declaracao-de-vene-casagrande-direcionada-a-adriano-imperador\/#breadcrumb","itemListElement":[{"@type":"ListItem","position":1,"name":"Home","item":"https:\/\/www.gaveanews.com\/"},{"@type":"ListItem","position":2,"name":"Flamengo: a declara\u00e7\u00e3o de Ven\u00ea Casagrande direcionada a Adriano Imperador"}]},{"@type":"WebSite","@id":"https:\/\/www.gaveanews.com\/#website","url":"https:\/\/www.gaveanews.com\/","name":"G\u00e1vea News","description":"Veja todas as not\u00edcias sobre o Flamengo: Contrata\u00e7\u00f5es, categorias de base, resultados das partidas, tabela de classifica\u00e7\u00e3o, pr\u00f3ximos jogos!","potentialAction":[{"@type":"SearchAction","target":{"@type":"EntryPoint","urlTemplate":"https:\/\/www.gaveanews.com\/?s={search_term_string}"},"query-input":{"@type":"PropertyValueSpecification","valueRequired":true,"valueName":"search_term_string"}}],"inLanguage":"pt-BR"},{"@type":"Person","@id":"https:\/\/www.gaveanews.com\/#\/schema\/person\/37122681a8575a5c8db05a56f099a5e4","name":"D\u00e9bora Figueiredo","image":{"@type":"ImageObject","inLanguage":"pt-BR","@id":"https:\/\/www.gaveanews.com\/#\/schema\/person\/image\/","url":"https:\/\/secure.gravatar.com\/avatar\/1f44802859351588499d26f52aed1d15796ce17e67602895b72837c08018868d?s=96&d=mm&r=g","contentUrl":"https:\/\/secure.gravatar.com\/avatar\/1f44802859351588499d26f52aed1d15796ce17e67602895b72837c08018868d?s=96&d=mm&r=g","caption":"D\u00e9bora Figueiredo"}}]}},"_links":{"self":[{"href":"https:\/\/www.gaveanews.com\/index.php\/wp-json\/wp\/v2\/posts\/199123","targetHints":{"allow":["GET"]}}],"collection":[{"href":"https:\/\/www.gaveanews.com\/index.php\/wp-json\/wp\/v2\/posts"}],"about":[{"href":"https:\/\/www.gaveanews.com\/index.php\/wp-json\/wp\/v2\/types\/post"}],"author":[{"embeddable":true,"href":"https:\/\/www.gaveanews.com\/index.php\/wp-json\/wp\/v2\/users\/16"}],"replies":[{"embeddable":true,"href":"https:\/\/www.gaveanews.com\/index.php\/wp-json\/wp\/v2\/comments?post=199123"}],"version-history":[{"count":1,"href":"https:\/\/www.gaveanews.com\/index.php\/wp-json\/wp\/v2\/posts\/199123\/revisions"}],"predecessor-version":[{"id":199128,"href":"https:\/\/www.gaveanews.com\/index.php\/wp-json\/wp\/v2\/posts\/199123\/revisions\/199128"}],"wp:featuredmedia":[{"embeddable":true,"href":"https:\/\/www.gaveanews.com\/index.php\/wp-json\/wp\/v2\/media\/105168"}],"wp:attachment":[{"href":"https:\/\/www.gaveanews.com\/index.php\/wp-json\/wp\/v2\/media?parent=199123"}],"wp:term":[{"taxonomy":"category","embeddable":true,"href":"https:\/\/www.gaveanews.com\/index.php\/wp-json\/wp\/v2\/categories?post=199123"},{"taxonomy":"post_tag","embeddable":true,"href":"https:\/\/www.gaveanews.com\/index.php\/wp-json\/wp\/v2\/tags?post=199123"}],"curies":[{"name":"wp","href":"https:\/\/api.w.org\/{rel}","templated":true}]}}