{"id":199146,"date":"2024-12-14T20:25:00","date_gmt":"2024-12-14T23:25:00","guid":{"rendered":"https:\/\/www.gaveanews.com\/?p=199146"},"modified":"2024-12-14T20:10:59","modified_gmt":"2024-12-14T23:10:59","slug":"vasco-pedrinho-e-sincero-sobre-permanencia-de-philippe-coutinho","status":"publish","type":"post","link":"https:\/\/www.gaveanews.com\/index.php\/2024\/12\/14\/vasco-pedrinho-e-sincero-sobre-permanencia-de-philippe-coutinho\/","title":{"rendered":"Vasco: Pedrinho \u00e9 sincero sobre perman\u00eancia de Philippe Coutinho"},"content":{"rendered":"\n<h2 class=\"wp-block-heading\" id=\"h-presidente-deseja-a-continuacao-do-meia\">Presidente deseja a continua\u00e7\u00e3o do meia <\/h2>\n\n\n\n<p>Philippe Coutinho acertou seu retorno ao Vasco no meio desse ano em um formato de empr\u00e9stimo e foi a principal contrata\u00e7\u00e3o do cruz-maltino na temporada. O presidente Pedrinho deu entrevista para o canal &#8220;Fan\u00e1tico Vasca\u00edno&#8221; e afirmou que deseja que o meia continue na equipe carioca.<\/p>\n\n\n\n<ul class=\"wp-block-list\">\n<li><a href=\"https:\/\/www.gaveanews.com\/index.php\/2024\/12\/13\/vasco-encaminha-acordo-com-gigante-do-futebol-mundial\/\">Vasco encaminha acordo com gigante do futebol mundial<\/a><\/li>\n\n\n\n<li><a href=\"https:\/\/www.gaveanews.com\/index.php\/2024\/12\/14\/vasco-da-passo-importante-visando-reforma-do-estadio\/\">Vasco d\u00e1 passo importante visando reforma do est\u00e1dio<\/a><\/li>\n<\/ul>\n\n\n\n<p>O presidente do clube, Pedrinho, concedeu entrevista para o canal &#8220;Fan\u00e1tico Vasca\u00edno&#8221; e afirmou que sua vontade \u00e9 de que Philippe Coutinho permane\u00e7a por mais tempo no Vasco. Pedrinho disse que tentar\u00e1 a extens\u00e3o do empr\u00e9stimo junto ao Aston Villa-ENG e que talvez tente at\u00e9 a contrata\u00e7\u00e3o em definitivo. <\/p>\n\n\n\n<p>&#8220;Pretendo (tentar um novo empr\u00e9stimo). \u00c9 dif\u00edcil (compr\u00e1-lo do Aston Villa), at\u00e9 l\u00e1 (fim do empr\u00e9stimo) n\u00e3o sei, de repente tem um investidor (risos)&#8221;, iniciou o presidente.<\/p>\n\n\n\n<p>&#8220;O Coutinho \u00e9 um cara excepcional. Ele veio do Mundo \u00c1rabe com um outro tipo de din\u00e2mica, ent\u00e3o a gente sabia que ele poderia levar mais um tempo. E o que ele traz de retorno para o clube, de entretenimento, de paix\u00e3o do torcedor, das crian\u00e7as, do volume dos s\u00f3cios (torcedores). E o que ele entrega em campo, ele \u00e9 muito bom jogador. Com uma pr\u00e9-temporada bem feita a gente espera muito dele&#8221;, finalizou Pedrinho. <\/p>\n\n\n\n<p>Philippe Coutinho foi revelado na base do Vasco, mas saiu cedo para a Europa. Por l\u00e1, o meia jogou por Inter de Mil\u00e3o, da It\u00e1lia, Espanyol e Barcelona, da Espanha, Liverpool e Aston Villa, da Inglaterra, e Al-Duhail SC, do Catar. <\/p>\n\n\n\n<p>Coutinho foi anunciado de volta no Vasco em 10 de julho desse ano, por empr\u00e9stimo de um ano. Ou seja, o meia ficar\u00e1 pelo menos at\u00e9 junho de 2025. Em seu retorno, o jogador marcou tr\u00eas gols e deu uma assist\u00eancia em 18 jogos. No per\u00edodo, ele sofreu com algumas les\u00f5es, que o tiraram de algumas partidas. <\/p>\n","protected":false},"excerpt":{"rendered":"<p>Presidente deseja a continua\u00e7\u00e3o do meia Philippe Coutinho acertou seu retorno ao Vasco no meio desse ano em um formato de empr\u00e9stimo e foi a principal contrata\u00e7\u00e3o do cruz-maltino na temporada. O presidente Pedrinho deu entrevista para o canal &#8220;Fan\u00e1tico Vasca\u00edno&#8221; e afirmou que deseja que o meia continue na equipe carioca. O presidente do [&hellip;]<\/p>\n","protected":false},"author":21,"featured_media":153524,"comment_status":"open","ping_status":"closed","sticky":false,"template":"","format":"standard","meta":{"footnotes":""},"categories":[152],"tags":[],"class_list":["post-199146","post","type-post","status-publish","format-standard","has-post-thumbnail","hentry","category-vasco"],"yoast_head":"<!-- This site is optimized with the Yoast SEO Premium plugin v24.2 (Yoast SEO v26.9) - https:\/\/yoast.com\/product\/yoast-seo-premium-wordpress\/ -->\n<title>Vasco: Pedrinho \u00e9 sincero sobre perman\u00eancia de Philippe Coutinho<\/title>\n<meta name=\"robots\" content=\"index, follow, max-snippet:-1, max-image-preview:large, max-video-preview:-1\" \/>\n<link rel=\"canonical\" href=\"https:\/\/www.gaveanews.com\/index.php\/2024\/12\/14\/vasco-pedrinho-e-sincero-sobre-permanencia-de-philippe-coutinho\/\" \/>\n<meta property=\"og:locale\" content=\"pt_BR\" \/>\n<meta property=\"og:type\" content=\"article\" \/>\n<meta property=\"og:title\" content=\"Vasco: Pedrinho \u00e9 sincero sobre perman\u00eancia de Philippe Coutinho\" \/>\n<meta property=\"og:description\" content=\"Presidente deseja a continua\u00e7\u00e3o do meia Philippe Coutinho acertou seu retorno ao Vasco no meio desse ano em um formato de empr\u00e9stimo e foi a principal contrata\u00e7\u00e3o do cruz-maltino na temporada. O presidente Pedrinho deu entrevista para o canal &#8220;Fan\u00e1tico Vasca\u00edno&#8221; e afirmou que deseja que o meia continue na equipe carioca. O presidente do [&hellip;]\" \/>\n<meta property=\"og:url\" content=\"https:\/\/www.gaveanews.com\/index.php\/2024\/12\/14\/vasco-pedrinho-e-sincero-sobre-permanencia-de-philippe-coutinho\/\" \/>\n<meta property=\"og:site_name\" content=\"G\u00e1vea News\" \/>\n<meta property=\"article:publisher\" content=\"https:\/\/facebook.com\/gaveaNews\/\" \/>\n<meta property=\"article:published_time\" content=\"2024-12-14T23:25:00+00:00\" \/>\n<meta property=\"og:image\" content=\"https:\/\/www.gaveanews.com\/wp-content\/uploads\/Philippe-Coutinho-durante-sua-chegada-a-Arena-MRV-para-o-jogo-entre-Atletico-MG-x-Vasco-pelo-Brasileirao-2024.webp\" \/>\n\t<meta property=\"og:image:width\" content=\"640\" \/>\n\t<meta property=\"og:image:height\" content=\"800\" \/>\n\t<meta property=\"og:image:type\" content=\"image\/jpeg\" \/>\n<meta name=\"author\" content=\"Andr\u00e9 Serra\" \/>\n<meta name=\"twitter:card\" content=\"summary_large_image\" \/>\n<meta name=\"twitter:label1\" content=\"Escrito por\" \/>\n\t<meta name=\"twitter:data1\" content=\"Andr\u00e9 Serra\" \/>\n\t<meta name=\"twitter:label2\" content=\"Est. tempo de leitura\" \/>\n\t<meta name=\"twitter:data2\" content=\"2 minutos\" \/>\n<script type=\"application\/ld+json\" class=\"yoast-schema-graph\">{\"@context\":\"https:\/\/schema.org\",\"@graph\":[{\"@type\":\"NewsArticle\",\"@id\":\"https:\/\/www.gaveanews.com\/index.php\/2024\/12\/14\/vasco-pedrinho-e-sincero-sobre-permanencia-de-philippe-coutinho\/#article\",\"isPartOf\":{\"@id\":\"https:\/\/www.gaveanews.com\/index.php\/2024\/12\/14\/vasco-pedrinho-e-sincero-sobre-permanencia-de-philippe-coutinho\/\"},\"author\":{\"name\":\"Andr\u00e9 Serra\",\"@id\":\"https:\/\/www.gaveanews.com\/#\/schema\/person\/0277a79a1289c451c281ec0411d84f0c\"},\"headline\":\"Vasco: Pedrinho \u00e9 sincero sobre perman\u00eancia de Philippe Coutinho\",\"datePublished\":\"2024-12-14T23:25:00+00:00\",\"mainEntityOfPage\":{\"@id\":\"https:\/\/www.gaveanews.com\/index.php\/2024\/12\/14\/vasco-pedrinho-e-sincero-sobre-permanencia-de-philippe-coutinho\/\"},\"wordCount\":349,\"commentCount\":0,\"image\":{\"@id\":\"https:\/\/www.gaveanews.com\/index.php\/2024\/12\/14\/vasco-pedrinho-e-sincero-sobre-permanencia-de-philippe-coutinho\/#primaryimage\"},\"thumbnailUrl\":\"https:\/\/www.gaveanews.com\/wp-content\/uploads\/Philippe-Coutinho-durante-sua-chegada-a-Arena-MRV-para-o-jogo-entre-Atletico-MG-x-Vasco-pelo-Brasileirao-2024.webp\",\"articleSection\":[\"Vasco\"],\"inLanguage\":\"pt-BR\",\"potentialAction\":[{\"@type\":\"CommentAction\",\"name\":\"Comment\",\"target\":[\"https:\/\/www.gaveanews.com\/index.php\/2024\/12\/14\/vasco-pedrinho-e-sincero-sobre-permanencia-de-philippe-coutinho\/#respond\"]}],\"copyrightYear\":\"2024\",\"copyrightHolder\":{\"@id\":\"https:\/\/www.gaveanews.com\/#organization\"}},{\"@type\":\"WebPage\",\"@id\":\"https:\/\/www.gaveanews.com\/index.php\/2024\/12\/14\/vasco-pedrinho-e-sincero-sobre-permanencia-de-philippe-coutinho\/\",\"url\":\"https:\/\/www.gaveanews.com\/index.php\/2024\/12\/14\/vasco-pedrinho-e-sincero-sobre-permanencia-de-philippe-coutinho\/\",\"name\":\"Vasco: Pedrinho \u00e9 sincero sobre perman\u00eancia de Philippe Coutinho\",\"isPartOf\":{\"@id\":\"https:\/\/www.gaveanews.com\/#website\"},\"primaryImageOfPage\":{\"@id\":\"https:\/\/www.gaveanews.com\/index.php\/2024\/12\/14\/vasco-pedrinho-e-sincero-sobre-permanencia-de-philippe-coutinho\/#primaryimage\"},\"image\":{\"@id\":\"https:\/\/www.gaveanews.com\/index.php\/2024\/12\/14\/vasco-pedrinho-e-sincero-sobre-permanencia-de-philippe-coutinho\/#primaryimage\"},\"thumbnailUrl\":\"https:\/\/www.gaveanews.com\/wp-content\/uploads\/Philippe-Coutinho-durante-sua-chegada-a-Arena-MRV-para-o-jogo-entre-Atletico-MG-x-Vasco-pelo-Brasileirao-2024.webp\",\"datePublished\":\"2024-12-14T23:25:00+00:00\",\"author\":{\"@id\":\"https:\/\/www.gaveanews.com\/#\/schema\/person\/0277a79a1289c451c281ec0411d84f0c\"},\"breadcrumb\":{\"@id\":\"https:\/\/www.gaveanews.com\/index.php\/2024\/12\/14\/vasco-pedrinho-e-sincero-sobre-permanencia-de-philippe-coutinho\/#breadcrumb\"},\"inLanguage\":\"pt-BR\",\"potentialAction\":[{\"@type\":\"ReadAction\",\"target\":[\"https:\/\/www.gaveanews.com\/index.php\/2024\/12\/14\/vasco-pedrinho-e-sincero-sobre-permanencia-de-philippe-coutinho\/\"]}]},{\"@type\":\"ImageObject\",\"inLanguage\":\"pt-BR\",\"@id\":\"https:\/\/www.gaveanews.com\/index.php\/2024\/12\/14\/vasco-pedrinho-e-sincero-sobre-permanencia-de-philippe-coutinho\/#primaryimage\",\"url\":\"https:\/\/www.gaveanews.com\/wp-content\/uploads\/Philippe-Coutinho-durante-sua-chegada-a-Arena-MRV-para-o-jogo-entre-Atletico-MG-x-Vasco-pelo-Brasileirao-2024.webp\",\"contentUrl\":\"https:\/\/www.gaveanews.com\/wp-content\/uploads\/Philippe-Coutinho-durante-sua-chegada-a-Arena-MRV-para-o-jogo-entre-Atletico-MG-x-Vasco-pelo-Brasileirao-2024.webp\",\"width\":640,\"height\":800,\"caption\":\"Philippe Coutinho durante sua chegada a Arena MRV para o jogo entre Atl\u00e9tico-MG x Vasco pelo Brasileir\u00e3o 2024 (Foto: Leandro Amorim\/Vasco)\"},{\"@type\":\"BreadcrumbList\",\"@id\":\"https:\/\/www.gaveanews.com\/index.php\/2024\/12\/14\/vasco-pedrinho-e-sincero-sobre-permanencia-de-philippe-coutinho\/#breadcrumb\",\"itemListElement\":[{\"@type\":\"ListItem\",\"position\":1,\"name\":\"Home\",\"item\":\"https:\/\/www.gaveanews.com\/\"},{\"@type\":\"ListItem\",\"position\":2,\"name\":\"Vasco: Pedrinho \u00e9 sincero sobre perman\u00eancia de Philippe Coutinho\"}]},{\"@type\":\"WebSite\",\"@id\":\"https:\/\/www.gaveanews.com\/#website\",\"url\":\"https:\/\/www.gaveanews.com\/\",\"name\":\"G\u00e1vea News\",\"description\":\"Veja todas as not\u00edcias sobre o Flamengo: Contrata\u00e7\u00f5es, categorias de base, resultados das partidas, tabela de classifica\u00e7\u00e3o, pr\u00f3ximos jogos!\",\"potentialAction\":[{\"@type\":\"SearchAction\",\"target\":{\"@type\":\"EntryPoint\",\"urlTemplate\":\"https:\/\/www.gaveanews.com\/?s={search_term_string}\"},\"query-input\":{\"@type\":\"PropertyValueSpecification\",\"valueRequired\":true,\"valueName\":\"search_term_string\"}}],\"inLanguage\":\"pt-BR\"},{\"@type\":\"Person\",\"@id\":\"https:\/\/www.gaveanews.com\/#\/schema\/person\/0277a79a1289c451c281ec0411d84f0c\",\"name\":\"Andr\u00e9 Serra\",\"image\":{\"@type\":\"ImageObject\",\"inLanguage\":\"pt-BR\",\"@id\":\"https:\/\/www.gaveanews.com\/#\/schema\/person\/image\/\",\"url\":\"https:\/\/secure.gravatar.com\/avatar\/d7231369fe48db93292b3e88eb2162dbd9a34a47a8437d9ef3bcaca2a86a83d7?s=96&d=mm&r=g\",\"contentUrl\":\"https:\/\/secure.gravatar.com\/avatar\/d7231369fe48db93292b3e88eb2162dbd9a34a47a8437d9ef3bcaca2a86a83d7?s=96&d=mm&r=g\",\"caption\":\"Andr\u00e9 Serra\"}}]}<\/script>\n<!-- \/ Yoast SEO Premium plugin. -->","yoast_head_json":{"title":"Vasco: Pedrinho \u00e9 sincero sobre perman\u00eancia de Philippe Coutinho","robots":{"index":"index","follow":"follow","max-snippet":"max-snippet:-1","max-image-preview":"max-image-preview:large","max-video-preview":"max-video-preview:-1"},"canonical":"https:\/\/www.gaveanews.com\/index.php\/2024\/12\/14\/vasco-pedrinho-e-sincero-sobre-permanencia-de-philippe-coutinho\/","og_locale":"pt_BR","og_type":"article","og_title":"Vasco: Pedrinho \u00e9 sincero sobre perman\u00eancia de Philippe Coutinho","og_description":"Presidente deseja a continua\u00e7\u00e3o do meia Philippe Coutinho acertou seu retorno ao Vasco no meio desse ano em um formato de empr\u00e9stimo e foi a principal contrata\u00e7\u00e3o do cruz-maltino na temporada. O presidente Pedrinho deu entrevista para o canal &#8220;Fan\u00e1tico Vasca\u00edno&#8221; e afirmou que deseja que o meia continue na equipe carioca. O presidente do [&hellip;]","og_url":"https:\/\/www.gaveanews.com\/index.php\/2024\/12\/14\/vasco-pedrinho-e-sincero-sobre-permanencia-de-philippe-coutinho\/","og_site_name":"G\u00e1vea News","article_publisher":"https:\/\/facebook.com\/gaveaNews\/","article_published_time":"2024-12-14T23:25:00+00:00","og_image":[{"width":640,"height":800,"url":"https:\/\/www.gaveanews.com\/wp-content\/uploads\/Philippe-Coutinho-durante-sua-chegada-a-Arena-MRV-para-o-jogo-entre-Atletico-MG-x-Vasco-pelo-Brasileirao-2024.webp","type":"image\/jpeg"}],"author":"Andr\u00e9 Serra","twitter_card":"summary_large_image","twitter_misc":{"Escrito por":"Andr\u00e9 Serra","Est. tempo de leitura":"2 minutos"},"schema":{"@context":"https:\/\/schema.org","@graph":[{"@type":"NewsArticle","@id":"https:\/\/www.gaveanews.com\/index.php\/2024\/12\/14\/vasco-pedrinho-e-sincero-sobre-permanencia-de-philippe-coutinho\/#article","isPartOf":{"@id":"https:\/\/www.gaveanews.com\/index.php\/2024\/12\/14\/vasco-pedrinho-e-sincero-sobre-permanencia-de-philippe-coutinho\/"},"author":{"name":"Andr\u00e9 Serra","@id":"https:\/\/www.gaveanews.com\/#\/schema\/person\/0277a79a1289c451c281ec0411d84f0c"},"headline":"Vasco: Pedrinho \u00e9 sincero sobre perman\u00eancia de Philippe Coutinho","datePublished":"2024-12-14T23:25:00+00:00","mainEntityOfPage":{"@id":"https:\/\/www.gaveanews.com\/index.php\/2024\/12\/14\/vasco-pedrinho-e-sincero-sobre-permanencia-de-philippe-coutinho\/"},"wordCount":349,"commentCount":0,"image":{"@id":"https:\/\/www.gaveanews.com\/index.php\/2024\/12\/14\/vasco-pedrinho-e-sincero-sobre-permanencia-de-philippe-coutinho\/#primaryimage"},"thumbnailUrl":"https:\/\/www.gaveanews.com\/wp-content\/uploads\/Philippe-Coutinho-durante-sua-chegada-a-Arena-MRV-para-o-jogo-entre-Atletico-MG-x-Vasco-pelo-Brasileirao-2024.webp","articleSection":["Vasco"],"inLanguage":"pt-BR","potentialAction":[{"@type":"CommentAction","name":"Comment","target":["https:\/\/www.gaveanews.com\/index.php\/2024\/12\/14\/vasco-pedrinho-e-sincero-sobre-permanencia-de-philippe-coutinho\/#respond"]}],"copyrightYear":"2024","copyrightHolder":{"@id":"https:\/\/www.gaveanews.com\/#organization"}},{"@type":"WebPage","@id":"https:\/\/www.gaveanews.com\/index.php\/2024\/12\/14\/vasco-pedrinho-e-sincero-sobre-permanencia-de-philippe-coutinho\/","url":"https:\/\/www.gaveanews.com\/index.php\/2024\/12\/14\/vasco-pedrinho-e-sincero-sobre-permanencia-de-philippe-coutinho\/","name":"Vasco: Pedrinho \u00e9 sincero sobre perman\u00eancia de Philippe Coutinho","isPartOf":{"@id":"https:\/\/www.gaveanews.com\/#website"},"primaryImageOfPage":{"@id":"https:\/\/www.gaveanews.com\/index.php\/2024\/12\/14\/vasco-pedrinho-e-sincero-sobre-permanencia-de-philippe-coutinho\/#primaryimage"},"image":{"@id":"https:\/\/www.gaveanews.com\/index.php\/2024\/12\/14\/vasco-pedrinho-e-sincero-sobre-permanencia-de-philippe-coutinho\/#primaryimage"},"thumbnailUrl":"https:\/\/www.gaveanews.com\/wp-content\/uploads\/Philippe-Coutinho-durante-sua-chegada-a-Arena-MRV-para-o-jogo-entre-Atletico-MG-x-Vasco-pelo-Brasileirao-2024.webp","datePublished":"2024-12-14T23:25:00+00:00","author":{"@id":"https:\/\/www.gaveanews.com\/#\/schema\/person\/0277a79a1289c451c281ec0411d84f0c"},"breadcrumb":{"@id":"https:\/\/www.gaveanews.com\/index.php\/2024\/12\/14\/vasco-pedrinho-e-sincero-sobre-permanencia-de-philippe-coutinho\/#breadcrumb"},"inLanguage":"pt-BR","potentialAction":[{"@type":"ReadAction","target":["https:\/\/www.gaveanews.com\/index.php\/2024\/12\/14\/vasco-pedrinho-e-sincero-sobre-permanencia-de-philippe-coutinho\/"]}]},{"@type":"ImageObject","inLanguage":"pt-BR","@id":"https:\/\/www.gaveanews.com\/index.php\/2024\/12\/14\/vasco-pedrinho-e-sincero-sobre-permanencia-de-philippe-coutinho\/#primaryimage","url":"https:\/\/www.gaveanews.com\/wp-content\/uploads\/Philippe-Coutinho-durante-sua-chegada-a-Arena-MRV-para-o-jogo-entre-Atletico-MG-x-Vasco-pelo-Brasileirao-2024.webp","contentUrl":"https:\/\/www.gaveanews.com\/wp-content\/uploads\/Philippe-Coutinho-durante-sua-chegada-a-Arena-MRV-para-o-jogo-entre-Atletico-MG-x-Vasco-pelo-Brasileirao-2024.webp","width":640,"height":800,"caption":"Philippe Coutinho durante sua chegada a Arena MRV para o jogo entre Atl\u00e9tico-MG x Vasco pelo Brasileir\u00e3o 2024 (Foto: Leandro Amorim\/Vasco)"},{"@type":"BreadcrumbList","@id":"https:\/\/www.gaveanews.com\/index.php\/2024\/12\/14\/vasco-pedrinho-e-sincero-sobre-permanencia-de-philippe-coutinho\/#breadcrumb","itemListElement":[{"@type":"ListItem","position":1,"name":"Home","item":"https:\/\/www.gaveanews.com\/"},{"@type":"ListItem","position":2,"name":"Vasco: Pedrinho \u00e9 sincero sobre perman\u00eancia de Philippe Coutinho"}]},{"@type":"WebSite","@id":"https:\/\/www.gaveanews.com\/#website","url":"https:\/\/www.gaveanews.com\/","name":"G\u00e1vea News","description":"Veja todas as not\u00edcias sobre o Flamengo: Contrata\u00e7\u00f5es, categorias de base, resultados das partidas, tabela de classifica\u00e7\u00e3o, pr\u00f3ximos jogos!","potentialAction":[{"@type":"SearchAction","target":{"@type":"EntryPoint","urlTemplate":"https:\/\/www.gaveanews.com\/?s={search_term_string}"},"query-input":{"@type":"PropertyValueSpecification","valueRequired":true,"valueName":"search_term_string"}}],"inLanguage":"pt-BR"},{"@type":"Person","@id":"https:\/\/www.gaveanews.com\/#\/schema\/person\/0277a79a1289c451c281ec0411d84f0c","name":"Andr\u00e9 Serra","image":{"@type":"ImageObject","inLanguage":"pt-BR","@id":"https:\/\/www.gaveanews.com\/#\/schema\/person\/image\/","url":"https:\/\/secure.gravatar.com\/avatar\/d7231369fe48db93292b3e88eb2162dbd9a34a47a8437d9ef3bcaca2a86a83d7?s=96&d=mm&r=g","contentUrl":"https:\/\/secure.gravatar.com\/avatar\/d7231369fe48db93292b3e88eb2162dbd9a34a47a8437d9ef3bcaca2a86a83d7?s=96&d=mm&r=g","caption":"Andr\u00e9 Serra"}}]}},"_links":{"self":[{"href":"https:\/\/www.gaveanews.com\/index.php\/wp-json\/wp\/v2\/posts\/199146","targetHints":{"allow":["GET"]}}],"collection":[{"href":"https:\/\/www.gaveanews.com\/index.php\/wp-json\/wp\/v2\/posts"}],"about":[{"href":"https:\/\/www.gaveanews.com\/index.php\/wp-json\/wp\/v2\/types\/post"}],"author":[{"embeddable":true,"href":"https:\/\/www.gaveanews.com\/index.php\/wp-json\/wp\/v2\/users\/21"}],"replies":[{"embeddable":true,"href":"https:\/\/www.gaveanews.com\/index.php\/wp-json\/wp\/v2\/comments?post=199146"}],"version-history":[{"count":1,"href":"https:\/\/www.gaveanews.com\/index.php\/wp-json\/wp\/v2\/posts\/199146\/revisions"}],"predecessor-version":[{"id":199154,"href":"https:\/\/www.gaveanews.com\/index.php\/wp-json\/wp\/v2\/posts\/199146\/revisions\/199154"}],"wp:featuredmedia":[{"embeddable":true,"href":"https:\/\/www.gaveanews.com\/index.php\/wp-json\/wp\/v2\/media\/153524"}],"wp:attachment":[{"href":"https:\/\/www.gaveanews.com\/index.php\/wp-json\/wp\/v2\/media?parent=199146"}],"wp:term":[{"taxonomy":"category","embeddable":true,"href":"https:\/\/www.gaveanews.com\/index.php\/wp-json\/wp\/v2\/categories?post=199146"},{"taxonomy":"post_tag","embeddable":true,"href":"https:\/\/www.gaveanews.com\/index.php\/wp-json\/wp\/v2\/tags?post=199146"}],"curies":[{"name":"wp","href":"https:\/\/api.w.org\/{rel}","templated":true}]}}