{"id":199225,"date":"2024-12-14T23:55:00","date_gmt":"2024-12-15T02:55:00","guid":{"rendered":"https:\/\/www.gaveanews.com\/?p=199225"},"modified":"2024-12-14T22:35:46","modified_gmt":"2024-12-15T01:35:46","slug":"corinthians-a-declaracao-de-memphis-depay-sobre-o-futebol-disputado-no-brasil","status":"publish","type":"post","link":"https:\/\/www.gaveanews.com\/index.php\/2024\/12\/14\/corinthians-a-declaracao-de-memphis-depay-sobre-o-futebol-disputado-no-brasil\/","title":{"rendered":"Corinthians: a declara\u00e7\u00e3o de Memphis Depay sobre o futebol disputado no Brasil"},"content":{"rendered":"\n<h2 class=\"wp-block-heading\" id=\"h-atacante-revelou-que-nao-sabia-nada-sobre-o-campeonato-brasileiro\">Atacante revelou que n\u00e3o sabia nada sobre o Campeonato Brasileiro <\/h2>\n\n\n\n<p>Em apenas tr\u00eas meses no Brasil, Memphis Depay j\u00e1 se consolidou como um dos principais nomes do Corinthians e da reta final do futebol brasileiro em 2024. O atacante holand\u00eas, com passagens por gigantes como Manchester United, Barcelona e Atl\u00e9tico de Madrid, n\u00e3o apenas contribuiu tecnicamente, mas tamb\u00e9m se conectou profundamente com a ess\u00eancia do futebol nacional e com a Fiel Torcida.<\/p>\n\n\n\n<ul class=\"wp-block-list\">\n<li><a href=\"https:\/\/www.gaveanews.com\/index.php\/2024\/12\/14\/corinthians-conclui-renovacao-contratual\/\">Corinthians conclui renova\u00e7\u00e3o contratual<\/a><\/li>\n\n\n\n<li><a href=\"https:\/\/www.gaveanews.com\/index.php\/2024\/12\/13\/pogba-no-corinthians-diretoria-toma-atitude\/\">Pogba no Corinthians? Diretoria toma atitude<\/a><\/li>\n<\/ul>\n\n\n\n<p>O Corinthians viveu uma transforma\u00e7\u00e3o impressionante nos \u00faltimos meses do ano, saindo de uma situa\u00e7\u00e3o delicada no Brasileir\u00e3o para uma arrancada hist\u00f3rica de nove vit\u00f3rias consecutivas. Depay, que chegou ao clube no momento mais cr\u00edtico, rapidamente assumiu a responsabilidade de liderar a equipe, ao lado de Yuri Alberto e Garro. O trio ofensivo foi essencial para garantir a vaga na fase preliminar da Libertadores de 2025 e afastar o fantasma do rebaixamento.<\/p>\n\n\n\n<p>Apesar de sua vasta experi\u00eancia no futebol internacional, Depay revelou que sabia pouco sobre o Campeonato Brasileiro antes de sua chegada, mas que sempre admirou o pa\u00eds pelo papel central na hist\u00f3ria do futebol mundial. Em entrevista recente, o atacante afirmou:<\/p>\n\n\n\n<p>\u201cEu n\u00e3o sabia nada sobre o Campeonato Brasileiro. Eu s\u00f3 sabia que o Brasil \u00e9 a Meca do futebol. Todos os talentos est\u00e3o vindo de l\u00e1, eu queria ver isso e eles me convenceram\u201d, disse o holand\u00eas. <\/p>\n\n\n\n<p>Mesmo sem estar em plena forma f\u00edsica ao desembarcar no Brasil, Depay rapidamente mostrou sua qualidade. Foram dois gols de falta em apenas tr\u00eas cobran\u00e7as no Brasileir\u00e3o, um feito que o colocou entre os melhores cobradores da competi\u00e7\u00e3o. Al\u00e9m disso, sua capacidade de desequilibrar jogos e liderar o ataque elevou o n\u00edvel t\u00e9cnico do time em momentos importantes.<\/p>\n\n\n\n<p>Ao elogiar a estrutura do Corinthians e a paix\u00e3o dos torcedores, Depay destacou que se sente em casa no Parque S\u00e3o Jorge.&nbsp;<\/p>\n","protected":false},"excerpt":{"rendered":"<p>Atacante revelou que n\u00e3o sabia nada sobre o Campeonato Brasileiro Em apenas tr\u00eas meses no Brasil, Memphis Depay j\u00e1 se consolidou como um dos principais nomes do Corinthians e da reta final do futebol brasileiro em 2024. O atacante holand\u00eas, com passagens por gigantes como Manchester United, Barcelona e Atl\u00e9tico de Madrid, n\u00e3o apenas contribuiu [&hellip;]<\/p>\n","protected":false},"author":17,"featured_media":199281,"comment_status":"open","ping_status":"closed","sticky":false,"template":"","format":"standard","meta":{"footnotes":""},"categories":[141],"tags":[],"class_list":["post-199225","post","type-post","status-publish","format-standard","has-post-thumbnail","hentry","category-corinthians"],"yoast_head":"<!-- This site is optimized with the Yoast SEO Premium plugin v24.2 (Yoast SEO v26.9) - https:\/\/yoast.com\/product\/yoast-seo-premium-wordpress\/ -->\n<title>Corinthians: a declara\u00e7\u00e3o de Memphis Depay sobre o futebol disputado no Brasil<\/title>\n<meta name=\"robots\" content=\"index, follow, max-snippet:-1, max-image-preview:large, max-video-preview:-1\" \/>\n<link rel=\"canonical\" href=\"https:\/\/www.gaveanews.com\/index.php\/2024\/12\/14\/corinthians-a-declaracao-de-memphis-depay-sobre-o-futebol-disputado-no-brasil\/\" \/>\n<meta property=\"og:locale\" content=\"pt_BR\" \/>\n<meta property=\"og:type\" content=\"article\" \/>\n<meta property=\"og:title\" content=\"Corinthians: a declara\u00e7\u00e3o de Memphis Depay sobre o futebol disputado no Brasil\" \/>\n<meta property=\"og:description\" content=\"Atacante revelou que n\u00e3o sabia nada sobre o Campeonato Brasileiro Em apenas tr\u00eas meses no Brasil, Memphis Depay j\u00e1 se consolidou como um dos principais nomes do Corinthians e da reta final do futebol brasileiro em 2024. O atacante holand\u00eas, com passagens por gigantes como Manchester United, Barcelona e Atl\u00e9tico de Madrid, n\u00e3o apenas contribuiu [&hellip;]\" \/>\n<meta property=\"og:url\" content=\"https:\/\/www.gaveanews.com\/index.php\/2024\/12\/14\/corinthians-a-declaracao-de-memphis-depay-sobre-o-futebol-disputado-no-brasil\/\" \/>\n<meta property=\"og:site_name\" content=\"G\u00e1vea News\" \/>\n<meta property=\"article:publisher\" content=\"https:\/\/facebook.com\/gaveaNews\/\" \/>\n<meta property=\"article:published_time\" content=\"2024-12-15T02:55:00+00:00\" \/>\n<meta property=\"og:image\" content=\"https:\/\/www.gaveanews.com\/wp-content\/uploads\/Depay-em-acao-pelo-Corinthians.webp\" \/>\n\t<meta property=\"og:image:width\" content=\"1170\" \/>\n\t<meta property=\"og:image:height\" content=\"1383\" \/>\n\t<meta property=\"og:image:type\" content=\"image\/jpeg\" \/>\n<meta name=\"author\" content=\"Geovanna Thomaz\" \/>\n<meta name=\"twitter:card\" content=\"summary_large_image\" \/>\n<meta name=\"twitter:label1\" content=\"Escrito por\" \/>\n\t<meta name=\"twitter:data1\" content=\"Geovanna Thomaz\" \/>\n\t<meta name=\"twitter:label2\" content=\"Est. tempo de leitura\" \/>\n\t<meta name=\"twitter:data2\" content=\"2 minutos\" \/>\n<script type=\"application\/ld+json\" class=\"yoast-schema-graph\">{\"@context\":\"https:\/\/schema.org\",\"@graph\":[{\"@type\":\"NewsArticle\",\"@id\":\"https:\/\/www.gaveanews.com\/index.php\/2024\/12\/14\/corinthians-a-declaracao-de-memphis-depay-sobre-o-futebol-disputado-no-brasil\/#article\",\"isPartOf\":{\"@id\":\"https:\/\/www.gaveanews.com\/index.php\/2024\/12\/14\/corinthians-a-declaracao-de-memphis-depay-sobre-o-futebol-disputado-no-brasil\/\"},\"author\":{\"name\":\"Geovanna Thomaz\",\"@id\":\"https:\/\/www.gaveanews.com\/#\/schema\/person\/f42654babcd2b2014a1a65af82b081f1\"},\"headline\":\"Corinthians: a declara\u00e7\u00e3o de Memphis Depay sobre o futebol disputado no Brasil\",\"datePublished\":\"2024-12-15T02:55:00+00:00\",\"mainEntityOfPage\":{\"@id\":\"https:\/\/www.gaveanews.com\/index.php\/2024\/12\/14\/corinthians-a-declaracao-de-memphis-depay-sobre-o-futebol-disputado-no-brasil\/\"},\"wordCount\":353,\"commentCount\":0,\"image\":{\"@id\":\"https:\/\/www.gaveanews.com\/index.php\/2024\/12\/14\/corinthians-a-declaracao-de-memphis-depay-sobre-o-futebol-disputado-no-brasil\/#primaryimage\"},\"thumbnailUrl\":\"https:\/\/www.gaveanews.com\/wp-content\/uploads\/Depay-em-acao-pelo-Corinthians.webp\",\"articleSection\":[\"Corinthians\"],\"inLanguage\":\"pt-BR\",\"potentialAction\":[{\"@type\":\"CommentAction\",\"name\":\"Comment\",\"target\":[\"https:\/\/www.gaveanews.com\/index.php\/2024\/12\/14\/corinthians-a-declaracao-de-memphis-depay-sobre-o-futebol-disputado-no-brasil\/#respond\"]}],\"copyrightYear\":\"2024\",\"copyrightHolder\":{\"@id\":\"https:\/\/www.gaveanews.com\/#organization\"}},{\"@type\":\"WebPage\",\"@id\":\"https:\/\/www.gaveanews.com\/index.php\/2024\/12\/14\/corinthians-a-declaracao-de-memphis-depay-sobre-o-futebol-disputado-no-brasil\/\",\"url\":\"https:\/\/www.gaveanews.com\/index.php\/2024\/12\/14\/corinthians-a-declaracao-de-memphis-depay-sobre-o-futebol-disputado-no-brasil\/\",\"name\":\"Corinthians: a declara\u00e7\u00e3o de Memphis Depay sobre o futebol disputado no Brasil\",\"isPartOf\":{\"@id\":\"https:\/\/www.gaveanews.com\/#website\"},\"primaryImageOfPage\":{\"@id\":\"https:\/\/www.gaveanews.com\/index.php\/2024\/12\/14\/corinthians-a-declaracao-de-memphis-depay-sobre-o-futebol-disputado-no-brasil\/#primaryimage\"},\"image\":{\"@id\":\"https:\/\/www.gaveanews.com\/index.php\/2024\/12\/14\/corinthians-a-declaracao-de-memphis-depay-sobre-o-futebol-disputado-no-brasil\/#primaryimage\"},\"thumbnailUrl\":\"https:\/\/www.gaveanews.com\/wp-content\/uploads\/Depay-em-acao-pelo-Corinthians.webp\",\"datePublished\":\"2024-12-15T02:55:00+00:00\",\"author\":{\"@id\":\"https:\/\/www.gaveanews.com\/#\/schema\/person\/f42654babcd2b2014a1a65af82b081f1\"},\"breadcrumb\":{\"@id\":\"https:\/\/www.gaveanews.com\/index.php\/2024\/12\/14\/corinthians-a-declaracao-de-memphis-depay-sobre-o-futebol-disputado-no-brasil\/#breadcrumb\"},\"inLanguage\":\"pt-BR\",\"potentialAction\":[{\"@type\":\"ReadAction\",\"target\":[\"https:\/\/www.gaveanews.com\/index.php\/2024\/12\/14\/corinthians-a-declaracao-de-memphis-depay-sobre-o-futebol-disputado-no-brasil\/\"]}]},{\"@type\":\"ImageObject\",\"inLanguage\":\"pt-BR\",\"@id\":\"https:\/\/www.gaveanews.com\/index.php\/2024\/12\/14\/corinthians-a-declaracao-de-memphis-depay-sobre-o-futebol-disputado-no-brasil\/#primaryimage\",\"url\":\"https:\/\/www.gaveanews.com\/wp-content\/uploads\/Depay-em-acao-pelo-Corinthians.webp\",\"contentUrl\":\"https:\/\/www.gaveanews.com\/wp-content\/uploads\/Depay-em-acao-pelo-Corinthians.webp\",\"width\":1170,\"height\":1383,\"caption\":\"Depay em a\u00e7\u00e3o pelo Corinthians (Foto: Reprodu\u00e7\u00e3o\/Instagram Depay)\"},{\"@type\":\"BreadcrumbList\",\"@id\":\"https:\/\/www.gaveanews.com\/index.php\/2024\/12\/14\/corinthians-a-declaracao-de-memphis-depay-sobre-o-futebol-disputado-no-brasil\/#breadcrumb\",\"itemListElement\":[{\"@type\":\"ListItem\",\"position\":1,\"name\":\"Home\",\"item\":\"https:\/\/www.gaveanews.com\/\"},{\"@type\":\"ListItem\",\"position\":2,\"name\":\"Corinthians: a declara\u00e7\u00e3o de Memphis Depay sobre o futebol disputado no Brasil\"}]},{\"@type\":\"WebSite\",\"@id\":\"https:\/\/www.gaveanews.com\/#website\",\"url\":\"https:\/\/www.gaveanews.com\/\",\"name\":\"G\u00e1vea News\",\"description\":\"Veja todas as not\u00edcias sobre o Flamengo: Contrata\u00e7\u00f5es, categorias de base, resultados das partidas, tabela de classifica\u00e7\u00e3o, pr\u00f3ximos jogos!\",\"potentialAction\":[{\"@type\":\"SearchAction\",\"target\":{\"@type\":\"EntryPoint\",\"urlTemplate\":\"https:\/\/www.gaveanews.com\/?s={search_term_string}\"},\"query-input\":{\"@type\":\"PropertyValueSpecification\",\"valueRequired\":true,\"valueName\":\"search_term_string\"}}],\"inLanguage\":\"pt-BR\"},{\"@type\":\"Person\",\"@id\":\"https:\/\/www.gaveanews.com\/#\/schema\/person\/f42654babcd2b2014a1a65af82b081f1\",\"name\":\"Geovanna Thomaz\",\"image\":{\"@type\":\"ImageObject\",\"inLanguage\":\"pt-BR\",\"@id\":\"https:\/\/www.gaveanews.com\/#\/schema\/person\/image\/\",\"url\":\"https:\/\/secure.gravatar.com\/avatar\/4092073255489533afb558984b49b64268c47198af8623cc82a925ae9fb7118a?s=96&d=mm&r=g\",\"contentUrl\":\"https:\/\/secure.gravatar.com\/avatar\/4092073255489533afb558984b49b64268c47198af8623cc82a925ae9fb7118a?s=96&d=mm&r=g\",\"caption\":\"Geovanna Thomaz\"}}]}<\/script>\n<!-- \/ Yoast SEO Premium plugin. -->","yoast_head_json":{"title":"Corinthians: a declara\u00e7\u00e3o de Memphis Depay sobre o futebol disputado no Brasil","robots":{"index":"index","follow":"follow","max-snippet":"max-snippet:-1","max-image-preview":"max-image-preview:large","max-video-preview":"max-video-preview:-1"},"canonical":"https:\/\/www.gaveanews.com\/index.php\/2024\/12\/14\/corinthians-a-declaracao-de-memphis-depay-sobre-o-futebol-disputado-no-brasil\/","og_locale":"pt_BR","og_type":"article","og_title":"Corinthians: a declara\u00e7\u00e3o de Memphis Depay sobre o futebol disputado no Brasil","og_description":"Atacante revelou que n\u00e3o sabia nada sobre o Campeonato Brasileiro Em apenas tr\u00eas meses no Brasil, Memphis Depay j\u00e1 se consolidou como um dos principais nomes do Corinthians e da reta final do futebol brasileiro em 2024. O atacante holand\u00eas, com passagens por gigantes como Manchester United, Barcelona e Atl\u00e9tico de Madrid, n\u00e3o apenas contribuiu [&hellip;]","og_url":"https:\/\/www.gaveanews.com\/index.php\/2024\/12\/14\/corinthians-a-declaracao-de-memphis-depay-sobre-o-futebol-disputado-no-brasil\/","og_site_name":"G\u00e1vea News","article_publisher":"https:\/\/facebook.com\/gaveaNews\/","article_published_time":"2024-12-15T02:55:00+00:00","og_image":[{"width":1170,"height":1383,"url":"https:\/\/www.gaveanews.com\/wp-content\/uploads\/Depay-em-acao-pelo-Corinthians.webp","type":"image\/jpeg"}],"author":"Geovanna Thomaz","twitter_card":"summary_large_image","twitter_misc":{"Escrito por":"Geovanna Thomaz","Est. tempo de leitura":"2 minutos"},"schema":{"@context":"https:\/\/schema.org","@graph":[{"@type":"NewsArticle","@id":"https:\/\/www.gaveanews.com\/index.php\/2024\/12\/14\/corinthians-a-declaracao-de-memphis-depay-sobre-o-futebol-disputado-no-brasil\/#article","isPartOf":{"@id":"https:\/\/www.gaveanews.com\/index.php\/2024\/12\/14\/corinthians-a-declaracao-de-memphis-depay-sobre-o-futebol-disputado-no-brasil\/"},"author":{"name":"Geovanna Thomaz","@id":"https:\/\/www.gaveanews.com\/#\/schema\/person\/f42654babcd2b2014a1a65af82b081f1"},"headline":"Corinthians: a declara\u00e7\u00e3o de Memphis Depay sobre o futebol disputado no Brasil","datePublished":"2024-12-15T02:55:00+00:00","mainEntityOfPage":{"@id":"https:\/\/www.gaveanews.com\/index.php\/2024\/12\/14\/corinthians-a-declaracao-de-memphis-depay-sobre-o-futebol-disputado-no-brasil\/"},"wordCount":353,"commentCount":0,"image":{"@id":"https:\/\/www.gaveanews.com\/index.php\/2024\/12\/14\/corinthians-a-declaracao-de-memphis-depay-sobre-o-futebol-disputado-no-brasil\/#primaryimage"},"thumbnailUrl":"https:\/\/www.gaveanews.com\/wp-content\/uploads\/Depay-em-acao-pelo-Corinthians.webp","articleSection":["Corinthians"],"inLanguage":"pt-BR","potentialAction":[{"@type":"CommentAction","name":"Comment","target":["https:\/\/www.gaveanews.com\/index.php\/2024\/12\/14\/corinthians-a-declaracao-de-memphis-depay-sobre-o-futebol-disputado-no-brasil\/#respond"]}],"copyrightYear":"2024","copyrightHolder":{"@id":"https:\/\/www.gaveanews.com\/#organization"}},{"@type":"WebPage","@id":"https:\/\/www.gaveanews.com\/index.php\/2024\/12\/14\/corinthians-a-declaracao-de-memphis-depay-sobre-o-futebol-disputado-no-brasil\/","url":"https:\/\/www.gaveanews.com\/index.php\/2024\/12\/14\/corinthians-a-declaracao-de-memphis-depay-sobre-o-futebol-disputado-no-brasil\/","name":"Corinthians: a declara\u00e7\u00e3o de Memphis Depay sobre o futebol disputado no Brasil","isPartOf":{"@id":"https:\/\/www.gaveanews.com\/#website"},"primaryImageOfPage":{"@id":"https:\/\/www.gaveanews.com\/index.php\/2024\/12\/14\/corinthians-a-declaracao-de-memphis-depay-sobre-o-futebol-disputado-no-brasil\/#primaryimage"},"image":{"@id":"https:\/\/www.gaveanews.com\/index.php\/2024\/12\/14\/corinthians-a-declaracao-de-memphis-depay-sobre-o-futebol-disputado-no-brasil\/#primaryimage"},"thumbnailUrl":"https:\/\/www.gaveanews.com\/wp-content\/uploads\/Depay-em-acao-pelo-Corinthians.webp","datePublished":"2024-12-15T02:55:00+00:00","author":{"@id":"https:\/\/www.gaveanews.com\/#\/schema\/person\/f42654babcd2b2014a1a65af82b081f1"},"breadcrumb":{"@id":"https:\/\/www.gaveanews.com\/index.php\/2024\/12\/14\/corinthians-a-declaracao-de-memphis-depay-sobre-o-futebol-disputado-no-brasil\/#breadcrumb"},"inLanguage":"pt-BR","potentialAction":[{"@type":"ReadAction","target":["https:\/\/www.gaveanews.com\/index.php\/2024\/12\/14\/corinthians-a-declaracao-de-memphis-depay-sobre-o-futebol-disputado-no-brasil\/"]}]},{"@type":"ImageObject","inLanguage":"pt-BR","@id":"https:\/\/www.gaveanews.com\/index.php\/2024\/12\/14\/corinthians-a-declaracao-de-memphis-depay-sobre-o-futebol-disputado-no-brasil\/#primaryimage","url":"https:\/\/www.gaveanews.com\/wp-content\/uploads\/Depay-em-acao-pelo-Corinthians.webp","contentUrl":"https:\/\/www.gaveanews.com\/wp-content\/uploads\/Depay-em-acao-pelo-Corinthians.webp","width":1170,"height":1383,"caption":"Depay em a\u00e7\u00e3o pelo Corinthians (Foto: Reprodu\u00e7\u00e3o\/Instagram Depay)"},{"@type":"BreadcrumbList","@id":"https:\/\/www.gaveanews.com\/index.php\/2024\/12\/14\/corinthians-a-declaracao-de-memphis-depay-sobre-o-futebol-disputado-no-brasil\/#breadcrumb","itemListElement":[{"@type":"ListItem","position":1,"name":"Home","item":"https:\/\/www.gaveanews.com\/"},{"@type":"ListItem","position":2,"name":"Corinthians: a declara\u00e7\u00e3o de Memphis Depay sobre o futebol disputado no Brasil"}]},{"@type":"WebSite","@id":"https:\/\/www.gaveanews.com\/#website","url":"https:\/\/www.gaveanews.com\/","name":"G\u00e1vea News","description":"Veja todas as not\u00edcias sobre o Flamengo: Contrata\u00e7\u00f5es, categorias de base, resultados das partidas, tabela de classifica\u00e7\u00e3o, pr\u00f3ximos jogos!","potentialAction":[{"@type":"SearchAction","target":{"@type":"EntryPoint","urlTemplate":"https:\/\/www.gaveanews.com\/?s={search_term_string}"},"query-input":{"@type":"PropertyValueSpecification","valueRequired":true,"valueName":"search_term_string"}}],"inLanguage":"pt-BR"},{"@type":"Person","@id":"https:\/\/www.gaveanews.com\/#\/schema\/person\/f42654babcd2b2014a1a65af82b081f1","name":"Geovanna Thomaz","image":{"@type":"ImageObject","inLanguage":"pt-BR","@id":"https:\/\/www.gaveanews.com\/#\/schema\/person\/image\/","url":"https:\/\/secure.gravatar.com\/avatar\/4092073255489533afb558984b49b64268c47198af8623cc82a925ae9fb7118a?s=96&d=mm&r=g","contentUrl":"https:\/\/secure.gravatar.com\/avatar\/4092073255489533afb558984b49b64268c47198af8623cc82a925ae9fb7118a?s=96&d=mm&r=g","caption":"Geovanna Thomaz"}}]}},"_links":{"self":[{"href":"https:\/\/www.gaveanews.com\/index.php\/wp-json\/wp\/v2\/posts\/199225","targetHints":{"allow":["GET"]}}],"collection":[{"href":"https:\/\/www.gaveanews.com\/index.php\/wp-json\/wp\/v2\/posts"}],"about":[{"href":"https:\/\/www.gaveanews.com\/index.php\/wp-json\/wp\/v2\/types\/post"}],"author":[{"embeddable":true,"href":"https:\/\/www.gaveanews.com\/index.php\/wp-json\/wp\/v2\/users\/17"}],"replies":[{"embeddable":true,"href":"https:\/\/www.gaveanews.com\/index.php\/wp-json\/wp\/v2\/comments?post=199225"}],"version-history":[{"count":1,"href":"https:\/\/www.gaveanews.com\/index.php\/wp-json\/wp\/v2\/posts\/199225\/revisions"}],"predecessor-version":[{"id":199228,"href":"https:\/\/www.gaveanews.com\/index.php\/wp-json\/wp\/v2\/posts\/199225\/revisions\/199228"}],"wp:featuredmedia":[{"embeddable":true,"href":"https:\/\/www.gaveanews.com\/index.php\/wp-json\/wp\/v2\/media\/199281"}],"wp:attachment":[{"href":"https:\/\/www.gaveanews.com\/index.php\/wp-json\/wp\/v2\/media?parent=199225"}],"wp:term":[{"taxonomy":"category","embeddable":true,"href":"https:\/\/www.gaveanews.com\/index.php\/wp-json\/wp\/v2\/categories?post=199225"},{"taxonomy":"post_tag","embeddable":true,"href":"https:\/\/www.gaveanews.com\/index.php\/wp-json\/wp\/v2\/tags?post=199225"}],"curies":[{"name":"wp","href":"https:\/\/api.w.org\/{rel}","templated":true}]}}