{"id":199227,"date":"2024-12-14T23:50:00","date_gmt":"2024-12-15T02:50:00","guid":{"rendered":"https:\/\/www.gaveanews.com\/?p=199227"},"modified":"2024-12-14T22:33:13","modified_gmt":"2024-12-15T01:33:13","slug":"rony-anibal-moreno-weverton-flaco-lopez-raphael-veiga-marcos-rocha-richard-rios-murilo-gabriel-menino-e-gustavo-gomez-os-jogadores-do-palmeiras-com-mais-jogos-na-temporada","status":"publish","type":"post","link":"https:\/\/www.gaveanews.com\/index.php\/2024\/12\/14\/rony-anibal-moreno-weverton-flaco-lopez-raphael-veiga-marcos-rocha-richard-rios-murilo-gabriel-menino-e-gustavo-gomez-os-jogadores-do-palmeiras-com-mais-jogos-na-temporada\/","title":{"rendered":"Rony, An\u00edbal Moreno, Weverton, Flaco L\u00f3pez, Raphael Veiga, Marcos Rocha, Richard R\u00edos, Murilo, Gabriel Menino e Gustavo G\u00f3mez: os jogadores do Palmeiras com mais jogos na temporada"},"content":{"rendered":"\n<p>Para manter o time vivo nos campeonatos e colher bons frutos ao final das temporadas, os jogadores precisam se empenhar em ter um time equilibrado, ou seja, com bons aproveitamentos defensivos e ofensivos.<\/p>\n\n\n\n<ul class=\"wp-block-list\">\n<li><a href=\"https:\/\/www.gaveanews.com\/index.php\/2024\/12\/14\/a-declaracao-de-deyverson-direcionada-ao-palmeiras\/\">A declara\u00e7\u00e3o de Deyverson direcionada ao Palmeiras<\/a><\/li>\n\n\n\n<li><a href=\"https:\/\/www.gaveanews.com\/index.php\/2024\/12\/14\/a-declaracao-de-hugo-souza-direcionada-ao-flamengo-3\/\">A declara\u00e7\u00e3o de Hugo Souza direcionada ao Flamengo<\/a><\/li>\n<\/ul>\n\n\n\n<p>Um dos pontos que mant\u00e9m as equipes competitivas \u00e9 a capacidade dos atletas de serem regulares e atuarem com frequ\u00eancia. Nesse cen\u00e1rio, o G\u00e1vea News elencou o top-10 atletas com mais jogos na temporada do Palmeiras na temporada. Os dados foram retirados do &#8216;oGol&#8217;.<\/p>\n\n\n\n<h2 class=\"wp-block-heading\" id=\"h-gustavo-gomez\">Gustavo G\u00f3mez<\/h2>\n\n\n\n<figure class=\"wp-block-image size-full\"><img loading=\"lazy\" decoding=\"async\" width=\"768\" height=\"432\" src=\"https:\/\/www.gaveanews.com\/wp-content\/uploads\/Gustavo-Gomez-em-treino-do-Palmeiras.webp\" alt=\"\" class=\"wp-image-59289\" srcset=\"https:\/\/www.gaveanews.com\/wp-content\/uploads\/Gustavo-Gomez-em-treino-do-Palmeiras.webp 768w, https:\/\/www.gaveanews.com\/wp-content\/uploads\/Gustavo-Gomez-em-treino-do-Palmeiras-300x169.webp 300w, https:\/\/www.gaveanews.com\/wp-content\/uploads\/Gustavo-Gomez-em-treino-do-Palmeiras-747x420.webp 747w, https:\/\/www.gaveanews.com\/wp-content\/uploads\/Gustavo-Gomez-em-treino-do-Palmeiras-640x360.webp 640w, https:\/\/www.gaveanews.com\/wp-content\/uploads\/Gustavo-Gomez-em-treino-do-Palmeiras-681x383.webp 681w, https:\/\/www.gaveanews.com\/wp-content\/uploads\/Gustavo-Gomez-em-treino-do-Palmeiras-100x56.webp 100w\" sizes=\"auto, (max-width: 768px) 100vw, 768px\" \/><figcaption class=\"wp-element-caption\">Gustavo G\u00f3mez em treino do Palmeiras (Foto: Cesar Greco\/SEP)<\/figcaption><\/figure>\n\n\n\n<p>Gustavo G\u00f3mez abre a lista de jogadores com mais jogos na temporada do Palmeiras e aparece em d\u00e9cimo lugar, com 46 apari\u00e7\u00f5es. O zagueiro foi titular 45 vezes e tem 3.964 de minutagem.<\/p>\n\n\n\n<h2 class=\"wp-block-heading\" id=\"h-gabriel-menino\">Gabriel Menino<\/h2>\n\n\n\n<figure class=\"wp-block-image size-full\"><img loading=\"lazy\" decoding=\"async\" width=\"1080\" height=\"1346\" src=\"https:\/\/www.gaveanews.com\/wp-content\/uploads\/Gabriel-Menino-em-acao-pelo-Palmeiras-no-Allianz-Parque.webp\" alt=\"\" class=\"wp-image-139704\" srcset=\"https:\/\/www.gaveanews.com\/wp-content\/uploads\/Gabriel-Menino-em-acao-pelo-Palmeiras-no-Allianz-Parque.webp 1080w, https:\/\/www.gaveanews.com\/wp-content\/uploads\/Gabriel-Menino-em-acao-pelo-Palmeiras-no-Allianz-Parque-241x300.webp 241w, https:\/\/www.gaveanews.com\/wp-content\/uploads\/Gabriel-Menino-em-acao-pelo-Palmeiras-no-Allianz-Parque-822x1024.webp 822w, https:\/\/www.gaveanews.com\/wp-content\/uploads\/Gabriel-Menino-em-acao-pelo-Palmeiras-no-Allianz-Parque-768x957.webp 768w, https:\/\/www.gaveanews.com\/wp-content\/uploads\/Gabriel-Menino-em-acao-pelo-Palmeiras-no-Allianz-Parque-337x420.webp 337w, https:\/\/www.gaveanews.com\/wp-content\/uploads\/Gabriel-Menino-em-acao-pelo-Palmeiras-no-Allianz-Parque-674x840.webp 674w, https:\/\/www.gaveanews.com\/wp-content\/uploads\/Gabriel-Menino-em-acao-pelo-Palmeiras-no-Allianz-Parque-640x798.webp 640w, https:\/\/www.gaveanews.com\/wp-content\/uploads\/Gabriel-Menino-em-acao-pelo-Palmeiras-no-Allianz-Parque-681x849.webp 681w, https:\/\/www.gaveanews.com\/wp-content\/uploads\/Gabriel-Menino-em-acao-pelo-Palmeiras-no-Allianz-Parque-100x125.webp 100w\" sizes=\"auto, (max-width: 1080px) 100vw, 1080px\" \/><figcaption class=\"wp-element-caption\">Gabriel Menino em a\u00e7\u00e3o pelo Palmeiras no Allianz Parque (Foto: Reprodu\u00e7\u00e3o\/Instagram)<\/figcaption><\/figure>\n\n\n\n<p>Gabriel Menino vem logo na sequ\u00eancia, com 48 jogos na temporada. O meia disputou 15 partidas como titular e acumula 1.603 minutos em campo.<\/p>\n\n\n\n<h2 class=\"wp-block-heading\" id=\"h-murilo\">Murilo <\/h2>\n\n\n\n<figure class=\"wp-block-image size-full\"><img loading=\"lazy\" decoding=\"async\" width=\"1600\" height=\"1000\" src=\"https:\/\/www.gaveanews.com\/wp-content\/uploads\/Murilo-em-acao-pelo-Palmeiras.webp\" alt=\"\" class=\"wp-image-168188\" srcset=\"https:\/\/www.gaveanews.com\/wp-content\/uploads\/Murilo-em-acao-pelo-Palmeiras.webp 1600w, https:\/\/www.gaveanews.com\/wp-content\/uploads\/Murilo-em-acao-pelo-Palmeiras-300x188.webp 300w, https:\/\/www.gaveanews.com\/wp-content\/uploads\/Murilo-em-acao-pelo-Palmeiras-1024x640.webp 1024w, https:\/\/www.gaveanews.com\/wp-content\/uploads\/Murilo-em-acao-pelo-Palmeiras-768x480.webp 768w, https:\/\/www.gaveanews.com\/wp-content\/uploads\/Murilo-em-acao-pelo-Palmeiras-1536x960.webp 1536w, https:\/\/www.gaveanews.com\/wp-content\/uploads\/Murilo-em-acao-pelo-Palmeiras-672x420.webp 672w, https:\/\/www.gaveanews.com\/wp-content\/uploads\/Murilo-em-acao-pelo-Palmeiras-1344x840.webp 1344w, https:\/\/www.gaveanews.com\/wp-content\/uploads\/Murilo-em-acao-pelo-Palmeiras-640x400.webp 640w, https:\/\/www.gaveanews.com\/wp-content\/uploads\/Murilo-em-acao-pelo-Palmeiras-1280x800.webp 1280w, https:\/\/www.gaveanews.com\/wp-content\/uploads\/Murilo-em-acao-pelo-Palmeiras-681x426.webp 681w, https:\/\/www.gaveanews.com\/wp-content\/uploads\/Murilo-em-acao-pelo-Palmeiras-1362x851.webp 1362w, https:\/\/www.gaveanews.com\/wp-content\/uploads\/Murilo-em-acao-pelo-Palmeiras-100x63.webp 100w\" sizes=\"auto, (max-width: 1600px) 100vw, 1600px\" \/><figcaption class=\"wp-element-caption\">Murilo em a\u00e7\u00e3o pelo Palmeiras (Foto: Cesar Greco\/Palmeiras)<\/figcaption><\/figure>\n\n\n\n<p>Murilo \u00e9 zagueiro e disputou 48 confrontos na temporada. O atleta tem minutagem de 4.167 e foi titular em 47 dos duelos.<\/p>\n\n\n\n<h2 class=\"wp-block-heading\" id=\"h-richard-rios\">Richard R\u00edos<\/h2>\n\n\n\n<figure class=\"wp-block-image size-full\"><img loading=\"lazy\" decoding=\"async\" width=\"785\" height=\"475\" src=\"https:\/\/www.gaveanews.com\/wp-content\/uploads\/richard-rios-palmeiras-flamengo.webp\" alt=\"\" class=\"wp-image-99564\" srcset=\"https:\/\/www.gaveanews.com\/wp-content\/uploads\/richard-rios-palmeiras-flamengo.webp 785w, https:\/\/www.gaveanews.com\/wp-content\/uploads\/richard-rios-palmeiras-flamengo-300x182.webp 300w, https:\/\/www.gaveanews.com\/wp-content\/uploads\/richard-rios-palmeiras-flamengo-768x465.webp 768w, https:\/\/www.gaveanews.com\/wp-content\/uploads\/richard-rios-palmeiras-flamengo-694x420.webp 694w, https:\/\/www.gaveanews.com\/wp-content\/uploads\/richard-rios-palmeiras-flamengo-640x387.webp 640w, https:\/\/www.gaveanews.com\/wp-content\/uploads\/richard-rios-palmeiras-flamengo-681x412.webp 681w, https:\/\/www.gaveanews.com\/wp-content\/uploads\/richard-rios-palmeiras-flamengo-100x61.webp 100w\" sizes=\"auto, (max-width: 785px) 100vw, 785px\" \/><figcaption class=\"wp-element-caption\">Richard R\u00edos em a\u00e7\u00e3o pelo Palmeiras (Foto: Cesar Greco\/Palmeiras)<\/figcaption><\/figure>\n\n\n\n<p>Richard R\u00edos supera a quantidade de jogos de Murilo com 49, ele iniciou 37 dos confrontos que disputou no ano. O volante soma 3.294 minutos.<\/p>\n\n\n\n<h2 class=\"wp-block-heading\" id=\"h-marcos-rocha\">Marcos Rocha<\/h2>\n\n\n\n<figure class=\"wp-block-image size-full\"><img loading=\"lazy\" decoding=\"async\" width=\"1500\" height=\"844\" src=\"https:\/\/www.gaveanews.com\/wp-content\/uploads\/Marcos-Rocha-durante-treinamento-do-Palmeiras-na-Academia-de-Futebol.webp\" alt=\"\" class=\"wp-image-157820\" srcset=\"https:\/\/www.gaveanews.com\/wp-content\/uploads\/Marcos-Rocha-durante-treinamento-do-Palmeiras-na-Academia-de-Futebol.webp 1500w, https:\/\/www.gaveanews.com\/wp-content\/uploads\/Marcos-Rocha-durante-treinamento-do-Palmeiras-na-Academia-de-Futebol-300x169.webp 300w, https:\/\/www.gaveanews.com\/wp-content\/uploads\/Marcos-Rocha-durante-treinamento-do-Palmeiras-na-Academia-de-Futebol-1024x576.webp 1024w, https:\/\/www.gaveanews.com\/wp-content\/uploads\/Marcos-Rocha-durante-treinamento-do-Palmeiras-na-Academia-de-Futebol-768x432.webp 768w, https:\/\/www.gaveanews.com\/wp-content\/uploads\/Marcos-Rocha-durante-treinamento-do-Palmeiras-na-Academia-de-Futebol-746x420.webp 746w, https:\/\/www.gaveanews.com\/wp-content\/uploads\/Marcos-Rocha-durante-treinamento-do-Palmeiras-na-Academia-de-Futebol-1493x840.webp 1493w, https:\/\/www.gaveanews.com\/wp-content\/uploads\/Marcos-Rocha-durante-treinamento-do-Palmeiras-na-Academia-de-Futebol-640x360.webp 640w, https:\/\/www.gaveanews.com\/wp-content\/uploads\/Marcos-Rocha-durante-treinamento-do-Palmeiras-na-Academia-de-Futebol-1280x720.webp 1280w, https:\/\/www.gaveanews.com\/wp-content\/uploads\/Marcos-Rocha-durante-treinamento-do-Palmeiras-na-Academia-de-Futebol-681x383.webp 681w, https:\/\/www.gaveanews.com\/wp-content\/uploads\/Marcos-Rocha-durante-treinamento-do-Palmeiras-na-Academia-de-Futebol-1362x766.webp 1362w, https:\/\/www.gaveanews.com\/wp-content\/uploads\/Marcos-Rocha-durante-treinamento-do-Palmeiras-na-Academia-de-Futebol-100x56.webp 100w\" sizes=\"auto, (max-width: 1500px) 100vw, 1500px\" \/><figcaption class=\"wp-element-caption\">Marcos Rocha durante treinamento do Palmeiras na Academia de Futebol (Foto: Cesar Greco\/Palmeiras)<\/figcaption><\/figure>\n\n\n\n<p>Marcos Rocha tem 51 jogos em toda a temporada. O lateral do Palmeiras foi titular 39 vezes e tem minutagem de 3.665.<\/p>\n\n\n\n<h2 class=\"wp-block-heading\" id=\"h-raphael-veiga\">Raphael Veiga<\/h2>\n\n\n\n<figure class=\"wp-block-image size-full\"><img loading=\"lazy\" decoding=\"async\" width=\"1008\" height=\"567\" src=\"https:\/\/www.gaveanews.com\/wp-content\/uploads\/Raphael-Veiga-comemora-gol-marcado-pelo-Palmeiras.webp\" alt=\"\" class=\"wp-image-70428\" srcset=\"https:\/\/www.gaveanews.com\/wp-content\/uploads\/Raphael-Veiga-comemora-gol-marcado-pelo-Palmeiras.webp 1008w, https:\/\/www.gaveanews.com\/wp-content\/uploads\/Raphael-Veiga-comemora-gol-marcado-pelo-Palmeiras-300x169.webp 300w, https:\/\/www.gaveanews.com\/wp-content\/uploads\/Raphael-Veiga-comemora-gol-marcado-pelo-Palmeiras-768x432.webp 768w, https:\/\/www.gaveanews.com\/wp-content\/uploads\/Raphael-Veiga-comemora-gol-marcado-pelo-Palmeiras-747x420.webp 747w, https:\/\/www.gaveanews.com\/wp-content\/uploads\/Raphael-Veiga-comemora-gol-marcado-pelo-Palmeiras-640x360.webp 640w, https:\/\/www.gaveanews.com\/wp-content\/uploads\/Raphael-Veiga-comemora-gol-marcado-pelo-Palmeiras-681x383.webp 681w, https:\/\/www.gaveanews.com\/wp-content\/uploads\/Raphael-Veiga-comemora-gol-marcado-pelo-Palmeiras-100x56.webp 100w\" sizes=\"auto, (max-width: 1008px) 100vw, 1008px\" \/><figcaption class=\"wp-element-caption\">Alan Patrick pelo Internacional (Foto: Reprodu\u00e7\u00e3o\/Instagram)<\/figcaption><\/figure>\n\n\n\n<p>Raphael Veiga \u00e9 um dos meias do Palmeiras e entrou em campo 58 vezes, sendo titular em 53 delas. Ele tem 4.322 de minutagem.<\/p>\n\n\n\n<h2 class=\"wp-block-heading\" id=\"h-flaco-lopez\">Flaco L\u00f3pez<\/h2>\n\n\n\n<figure class=\"wp-block-image size-full\"><img loading=\"lazy\" decoding=\"async\" width=\"1220\" height=\"674\" src=\"https:\/\/www.gaveanews.com\/wp-content\/uploads\/flaco-lopez-palmeiras.webp\" alt=\"\" class=\"wp-image-142875\" srcset=\"https:\/\/www.gaveanews.com\/wp-content\/uploads\/flaco-lopez-palmeiras.webp 1220w, https:\/\/www.gaveanews.com\/wp-content\/uploads\/flaco-lopez-palmeiras-300x166.webp 300w, https:\/\/www.gaveanews.com\/wp-content\/uploads\/flaco-lopez-palmeiras-1024x566.webp 1024w, https:\/\/www.gaveanews.com\/wp-content\/uploads\/flaco-lopez-palmeiras-768x424.webp 768w, https:\/\/www.gaveanews.com\/wp-content\/uploads\/flaco-lopez-palmeiras-760x420.webp 760w, https:\/\/www.gaveanews.com\/wp-content\/uploads\/flaco-lopez-palmeiras-640x354.webp 640w, https:\/\/www.gaveanews.com\/wp-content\/uploads\/flaco-lopez-palmeiras-681x376.webp 681w, https:\/\/www.gaveanews.com\/wp-content\/uploads\/flaco-lopez-palmeiras-100x55.webp 100w\" sizes=\"auto, (max-width: 1220px) 100vw, 1220px\" \/><figcaption class=\"wp-element-caption\">Flaco L\u00f3pez em a\u00e7\u00e3o pelo Palmeiras (Foto: Cesar Greco\/Palmeiras)<\/figcaption><\/figure>\n\n\n\n<p>Flaco L\u00f3pez aparece na quarta posi\u00e7\u00e3o, com 61 confrontos na temporada. O atacante participou como titular em 43 deles com 3.760 de minutagem.<\/p>\n\n\n\n<h2 class=\"wp-block-heading\" id=\"h-weverton\">Weverton <\/h2>\n\n\n\n<figure class=\"wp-block-image size-full\"><img loading=\"lazy\" decoding=\"async\" width=\"1325\" height=\"1500\" src=\"https:\/\/www.gaveanews.com\/wp-content\/uploads\/Weverton-durante-o-jogo-entre-Botafogo-x-Palmeiras-pelo-Brasileirao-2024.webp\" alt=\"\" class=\"wp-image-153071\" srcset=\"https:\/\/www.gaveanews.com\/wp-content\/uploads\/Weverton-durante-o-jogo-entre-Botafogo-x-Palmeiras-pelo-Brasileirao-2024.webp 1325w, https:\/\/www.gaveanews.com\/wp-content\/uploads\/Weverton-durante-o-jogo-entre-Botafogo-x-Palmeiras-pelo-Brasileirao-2024-265x300.webp 265w, https:\/\/www.gaveanews.com\/wp-content\/uploads\/Weverton-durante-o-jogo-entre-Botafogo-x-Palmeiras-pelo-Brasileirao-2024-905x1024.webp 905w, https:\/\/www.gaveanews.com\/wp-content\/uploads\/Weverton-durante-o-jogo-entre-Botafogo-x-Palmeiras-pelo-Brasileirao-2024-768x869.webp 768w, https:\/\/www.gaveanews.com\/wp-content\/uploads\/Weverton-durante-o-jogo-entre-Botafogo-x-Palmeiras-pelo-Brasileirao-2024-371x420.webp 371w, https:\/\/www.gaveanews.com\/wp-content\/uploads\/Weverton-durante-o-jogo-entre-Botafogo-x-Palmeiras-pelo-Brasileirao-2024-742x840.webp 742w, https:\/\/www.gaveanews.com\/wp-content\/uploads\/Weverton-durante-o-jogo-entre-Botafogo-x-Palmeiras-pelo-Brasileirao-2024-640x725.webp 640w, https:\/\/www.gaveanews.com\/wp-content\/uploads\/Weverton-durante-o-jogo-entre-Botafogo-x-Palmeiras-pelo-Brasileirao-2024-1280x1449.webp 1280w, https:\/\/www.gaveanews.com\/wp-content\/uploads\/Weverton-durante-o-jogo-entre-Botafogo-x-Palmeiras-pelo-Brasileirao-2024-681x771.webp 681w, https:\/\/www.gaveanews.com\/wp-content\/uploads\/Weverton-durante-o-jogo-entre-Botafogo-x-Palmeiras-pelo-Brasileirao-2024-100x113.webp 100w\" sizes=\"auto, (max-width: 1325px) 100vw, 1325px\" \/><figcaption class=\"wp-element-caption\">Weverton durante o jogo entre Botafogo x Palmeiras pelo Brasileir\u00e3o 2024 (Foto: Cesar Greco\/Palmeiras)<\/figcaption><\/figure>\n\n\n\n<p>Weverton abre o \u2018top-3\u2019 do Palmeiras com 61 jogos disputados na temporada. O goleiro foi titular em 61 dos jogos e tem 5.490 minutos em campo.<\/p>\n\n\n\n<h2 class=\"wp-block-heading\" id=\"h-anibal-moreno\">An\u00edbal Moreno<\/h2>\n\n\n\n<figure class=\"wp-block-image size-full\"><img loading=\"lazy\" decoding=\"async\" width=\"696\" height=\"385\" src=\"https:\/\/www.gaveanews.com\/wp-content\/uploads\/Aniba-Moreno-em-acao-pelo-Palmeiras.webp\" alt=\"\" class=\"wp-image-168189\" srcset=\"https:\/\/www.gaveanews.com\/wp-content\/uploads\/Aniba-Moreno-em-acao-pelo-Palmeiras.webp 696w, https:\/\/www.gaveanews.com\/wp-content\/uploads\/Aniba-Moreno-em-acao-pelo-Palmeiras-300x166.webp 300w, https:\/\/www.gaveanews.com\/wp-content\/uploads\/Aniba-Moreno-em-acao-pelo-Palmeiras-640x354.webp 640w, https:\/\/www.gaveanews.com\/wp-content\/uploads\/Aniba-Moreno-em-acao-pelo-Palmeiras-681x377.webp 681w, https:\/\/www.gaveanews.com\/wp-content\/uploads\/Aniba-Moreno-em-acao-pelo-Palmeiras-100x55.webp 100w\" sizes=\"auto, (max-width: 696px) 100vw, 696px\" \/><figcaption class=\"wp-element-caption\">An\u00edbal Moreno em a\u00e7\u00e3o pelo Palmeiras (Foto: Fabio Menotti\/Palmeiras)<\/figcaption><\/figure>\n\n\n\n<p>A segunda posi\u00e7\u00e3o pertence a An\u00edbal Moreno com 62 jogos na temporada. O volante disputou 52 deles como titular e tem uma minutagem de 4.437.<\/p>\n\n\n\n<h2 class=\"wp-block-heading\" id=\"h-rony\">Rony <\/h2>\n\n\n\n<figure class=\"wp-block-image size-full\"><img loading=\"lazy\" decoding=\"async\" width=\"720\" height=\"480\" src=\"https:\/\/www.gaveanews.com\/wp-content\/uploads\/rony7oficial_1706308549610-edited.webp\" alt=\"\" class=\"wp-image-123955\" srcset=\"https:\/\/www.gaveanews.com\/wp-content\/uploads\/rony7oficial_1706308549610-edited.webp 720w, https:\/\/www.gaveanews.com\/wp-content\/uploads\/rony7oficial_1706308549610-edited-300x200.webp 300w, https:\/\/www.gaveanews.com\/wp-content\/uploads\/rony7oficial_1706308549610-edited-630x420.webp 630w, https:\/\/www.gaveanews.com\/wp-content\/uploads\/rony7oficial_1706308549610-edited-640x427.webp 640w, https:\/\/www.gaveanews.com\/wp-content\/uploads\/rony7oficial_1706308549610-edited-681x454.webp 681w, https:\/\/www.gaveanews.com\/wp-content\/uploads\/rony7oficial_1706308549610-edited-100x67.webp 100w\" sizes=\"auto, (max-width: 720px) 100vw, 720px\" \/><figcaption class=\"wp-element-caption\">Rony em a\u00e7\u00e3o pelo Palmeiras (Foto: Reprodu\u00e7\u00e3o\/Instagram)<\/figcaption><\/figure>\n\n\n\n<p>Rony \u00e9 o primeiro da lista do Palmeiras com 63 partidas em campo em toda a temporada. O atacantes foi titular em 27 jogos e tem 2.936 minutos jogados.<\/p>\n","protected":false},"excerpt":{"rendered":"<p>Para manter o time vivo nos campeonatos e colher bons frutos ao final das temporadas, os jogadores precisam se empenhar em ter um time equilibrado, ou seja, com bons aproveitamentos defensivos e ofensivos. Um dos pontos que mant\u00e9m as equipes competitivas \u00e9 a capacidade dos atletas de serem regulares e atuarem com frequ\u00eancia. Nesse cen\u00e1rio, [&hellip;]<\/p>\n","protected":false},"author":29,"featured_media":70428,"comment_status":"open","ping_status":"closed","sticky":false,"template":"","format":"standard","meta":{"footnotes":""},"categories":[150],"tags":[],"class_list":["post-199227","post","type-post","status-publish","format-standard","has-post-thumbnail","hentry","category-palmeiras"],"yoast_head":"<!-- This site is optimized with the Yoast SEO Premium plugin v24.2 (Yoast SEO v26.9) - https:\/\/yoast.com\/product\/yoast-seo-premium-wordpress\/ -->\n<title>Rony, An\u00edbal Moreno, Weverton, Flaco L\u00f3pez, Raphael Veiga, Marcos Rocha, Richard R\u00edos, Murilo, Gabriel Menino e Gustavo G\u00f3mez: os jogadores do Palmeiras com mais jogos na temporada<\/title>\n<meta name=\"robots\" content=\"index, follow, max-snippet:-1, max-image-preview:large, max-video-preview:-1\" \/>\n<link rel=\"canonical\" href=\"https:\/\/www.gaveanews.com\/index.php\/2024\/12\/14\/rony-anibal-moreno-weverton-flaco-lopez-raphael-veiga-marcos-rocha-richard-rios-murilo-gabriel-menino-e-gustavo-gomez-os-jogadores-do-palmeiras-com-mais-jogos-na-temporada\/\" \/>\n<meta property=\"og:locale\" content=\"pt_BR\" \/>\n<meta property=\"og:type\" content=\"article\" \/>\n<meta property=\"og:title\" content=\"Rony, An\u00edbal Moreno, Weverton, Flaco L\u00f3pez, Raphael Veiga, Marcos Rocha, Richard R\u00edos, Murilo, Gabriel Menino e Gustavo G\u00f3mez: os jogadores do Palmeiras com mais jogos na temporada\" \/>\n<meta property=\"og:description\" content=\"Para manter o time vivo nos campeonatos e colher bons frutos ao final das temporadas, os jogadores precisam se empenhar em ter um time equilibrado, ou seja, com bons aproveitamentos defensivos e ofensivos. Um dos pontos que mant\u00e9m as equipes competitivas \u00e9 a capacidade dos atletas de serem regulares e atuarem com frequ\u00eancia. Nesse cen\u00e1rio, [&hellip;]\" \/>\n<meta property=\"og:url\" content=\"https:\/\/www.gaveanews.com\/index.php\/2024\/12\/14\/rony-anibal-moreno-weverton-flaco-lopez-raphael-veiga-marcos-rocha-richard-rios-murilo-gabriel-menino-e-gustavo-gomez-os-jogadores-do-palmeiras-com-mais-jogos-na-temporada\/\" \/>\n<meta property=\"og:site_name\" content=\"G\u00e1vea News\" \/>\n<meta property=\"article:publisher\" content=\"https:\/\/facebook.com\/gaveaNews\/\" \/>\n<meta property=\"article:published_time\" content=\"2024-12-15T02:50:00+00:00\" \/>\n<meta property=\"og:image\" content=\"https:\/\/www.gaveanews.com\/wp-content\/uploads\/Raphael-Veiga-comemora-gol-marcado-pelo-Palmeiras.webp\" \/>\n\t<meta property=\"og:image:width\" content=\"1008\" \/>\n\t<meta property=\"og:image:height\" content=\"567\" \/>\n\t<meta property=\"og:image:type\" content=\"image\/jpeg\" \/>\n<meta name=\"author\" content=\"Marco Menezes\" \/>\n<meta name=\"twitter:card\" content=\"summary_large_image\" \/>\n<meta name=\"twitter:label1\" content=\"Escrito por\" \/>\n\t<meta name=\"twitter:data1\" content=\"Marco Menezes\" \/>\n\t<meta name=\"twitter:label2\" content=\"Est. tempo de leitura\" \/>\n\t<meta name=\"twitter:data2\" content=\"5 minutos\" \/>\n<script type=\"application\/ld+json\" class=\"yoast-schema-graph\">{\"@context\":\"https:\/\/schema.org\",\"@graph\":[{\"@type\":\"NewsArticle\",\"@id\":\"https:\/\/www.gaveanews.com\/index.php\/2024\/12\/14\/rony-anibal-moreno-weverton-flaco-lopez-raphael-veiga-marcos-rocha-richard-rios-murilo-gabriel-menino-e-gustavo-gomez-os-jogadores-do-palmeiras-com-mais-jogos-na-temporada\/#article\",\"isPartOf\":{\"@id\":\"https:\/\/www.gaveanews.com\/index.php\/2024\/12\/14\/rony-anibal-moreno-weverton-flaco-lopez-raphael-veiga-marcos-rocha-richard-rios-murilo-gabriel-menino-e-gustavo-gomez-os-jogadores-do-palmeiras-com-mais-jogos-na-temporada\/\"},\"author\":{\"name\":\"Marco Menezes\",\"@id\":\"https:\/\/www.gaveanews.com\/#\/schema\/person\/a9f62fe75380c6bada1b2fc49bc23d69\"},\"headline\":\"Rony, An\u00edbal Moreno, Weverton, Flaco L\u00f3pez, Raphael Veiga, Marcos Rocha, Richard R\u00edos, Murilo, Gabriel Menino e Gustavo G\u00f3mez: os jogadores do Palmeiras com mais jogos na temporada\",\"datePublished\":\"2024-12-15T02:50:00+00:00\",\"mainEntityOfPage\":{\"@id\":\"https:\/\/www.gaveanews.com\/index.php\/2024\/12\/14\/rony-anibal-moreno-weverton-flaco-lopez-raphael-veiga-marcos-rocha-richard-rios-murilo-gabriel-menino-e-gustavo-gomez-os-jogadores-do-palmeiras-com-mais-jogos-na-temporada\/\"},\"wordCount\":496,\"commentCount\":0,\"image\":{\"@id\":\"https:\/\/www.gaveanews.com\/index.php\/2024\/12\/14\/rony-anibal-moreno-weverton-flaco-lopez-raphael-veiga-marcos-rocha-richard-rios-murilo-gabriel-menino-e-gustavo-gomez-os-jogadores-do-palmeiras-com-mais-jogos-na-temporada\/#primaryimage\"},\"thumbnailUrl\":\"https:\/\/www.gaveanews.com\/wp-content\/uploads\/Raphael-Veiga-comemora-gol-marcado-pelo-Palmeiras.webp\",\"articleSection\":[\"Palmeiras\"],\"inLanguage\":\"pt-BR\",\"potentialAction\":[{\"@type\":\"CommentAction\",\"name\":\"Comment\",\"target\":[\"https:\/\/www.gaveanews.com\/index.php\/2024\/12\/14\/rony-anibal-moreno-weverton-flaco-lopez-raphael-veiga-marcos-rocha-richard-rios-murilo-gabriel-menino-e-gustavo-gomez-os-jogadores-do-palmeiras-com-mais-jogos-na-temporada\/#respond\"]}],\"copyrightYear\":\"2024\",\"copyrightHolder\":{\"@id\":\"https:\/\/www.gaveanews.com\/#organization\"}},{\"@type\":\"WebPage\",\"@id\":\"https:\/\/www.gaveanews.com\/index.php\/2024\/12\/14\/rony-anibal-moreno-weverton-flaco-lopez-raphael-veiga-marcos-rocha-richard-rios-murilo-gabriel-menino-e-gustavo-gomez-os-jogadores-do-palmeiras-com-mais-jogos-na-temporada\/\",\"url\":\"https:\/\/www.gaveanews.com\/index.php\/2024\/12\/14\/rony-anibal-moreno-weverton-flaco-lopez-raphael-veiga-marcos-rocha-richard-rios-murilo-gabriel-menino-e-gustavo-gomez-os-jogadores-do-palmeiras-com-mais-jogos-na-temporada\/\",\"name\":\"Rony, An\u00edbal Moreno, Weverton, Flaco L\u00f3pez, Raphael Veiga, Marcos Rocha, Richard R\u00edos, Murilo, Gabriel Menino e Gustavo G\u00f3mez: os jogadores do Palmeiras com mais jogos na temporada\",\"isPartOf\":{\"@id\":\"https:\/\/www.gaveanews.com\/#website\"},\"primaryImageOfPage\":{\"@id\":\"https:\/\/www.gaveanews.com\/index.php\/2024\/12\/14\/rony-anibal-moreno-weverton-flaco-lopez-raphael-veiga-marcos-rocha-richard-rios-murilo-gabriel-menino-e-gustavo-gomez-os-jogadores-do-palmeiras-com-mais-jogos-na-temporada\/#primaryimage\"},\"image\":{\"@id\":\"https:\/\/www.gaveanews.com\/index.php\/2024\/12\/14\/rony-anibal-moreno-weverton-flaco-lopez-raphael-veiga-marcos-rocha-richard-rios-murilo-gabriel-menino-e-gustavo-gomez-os-jogadores-do-palmeiras-com-mais-jogos-na-temporada\/#primaryimage\"},\"thumbnailUrl\":\"https:\/\/www.gaveanews.com\/wp-content\/uploads\/Raphael-Veiga-comemora-gol-marcado-pelo-Palmeiras.webp\",\"datePublished\":\"2024-12-15T02:50:00+00:00\",\"author\":{\"@id\":\"https:\/\/www.gaveanews.com\/#\/schema\/person\/a9f62fe75380c6bada1b2fc49bc23d69\"},\"breadcrumb\":{\"@id\":\"https:\/\/www.gaveanews.com\/index.php\/2024\/12\/14\/rony-anibal-moreno-weverton-flaco-lopez-raphael-veiga-marcos-rocha-richard-rios-murilo-gabriel-menino-e-gustavo-gomez-os-jogadores-do-palmeiras-com-mais-jogos-na-temporada\/#breadcrumb\"},\"inLanguage\":\"pt-BR\",\"potentialAction\":[{\"@type\":\"ReadAction\",\"target\":[\"https:\/\/www.gaveanews.com\/index.php\/2024\/12\/14\/rony-anibal-moreno-weverton-flaco-lopez-raphael-veiga-marcos-rocha-richard-rios-murilo-gabriel-menino-e-gustavo-gomez-os-jogadores-do-palmeiras-com-mais-jogos-na-temporada\/\"]}]},{\"@type\":\"ImageObject\",\"inLanguage\":\"pt-BR\",\"@id\":\"https:\/\/www.gaveanews.com\/index.php\/2024\/12\/14\/rony-anibal-moreno-weverton-flaco-lopez-raphael-veiga-marcos-rocha-richard-rios-murilo-gabriel-menino-e-gustavo-gomez-os-jogadores-do-palmeiras-com-mais-jogos-na-temporada\/#primaryimage\",\"url\":\"https:\/\/www.gaveanews.com\/wp-content\/uploads\/Raphael-Veiga-comemora-gol-marcado-pelo-Palmeiras.webp\",\"contentUrl\":\"https:\/\/www.gaveanews.com\/wp-content\/uploads\/Raphael-Veiga-comemora-gol-marcado-pelo-Palmeiras.webp\",\"width\":1008,\"height\":567},{\"@type\":\"BreadcrumbList\",\"@id\":\"https:\/\/www.gaveanews.com\/index.php\/2024\/12\/14\/rony-anibal-moreno-weverton-flaco-lopez-raphael-veiga-marcos-rocha-richard-rios-murilo-gabriel-menino-e-gustavo-gomez-os-jogadores-do-palmeiras-com-mais-jogos-na-temporada\/#breadcrumb\",\"itemListElement\":[{\"@type\":\"ListItem\",\"position\":1,\"name\":\"Home\",\"item\":\"https:\/\/www.gaveanews.com\/\"},{\"@type\":\"ListItem\",\"position\":2,\"name\":\"Rony, An\u00edbal Moreno, Weverton, Flaco L\u00f3pez, Raphael Veiga, Marcos Rocha, Richard R\u00edos, Murilo, Gabriel Menino e Gustavo G\u00f3mez: os jogadores do Palmeiras com mais jogos na temporada\"}]},{\"@type\":\"WebSite\",\"@id\":\"https:\/\/www.gaveanews.com\/#website\",\"url\":\"https:\/\/www.gaveanews.com\/\",\"name\":\"G\u00e1vea News\",\"description\":\"Veja todas as not\u00edcias sobre o Flamengo: Contrata\u00e7\u00f5es, categorias de base, resultados das partidas, tabela de classifica\u00e7\u00e3o, pr\u00f3ximos jogos!\",\"potentialAction\":[{\"@type\":\"SearchAction\",\"target\":{\"@type\":\"EntryPoint\",\"urlTemplate\":\"https:\/\/www.gaveanews.com\/?s={search_term_string}\"},\"query-input\":{\"@type\":\"PropertyValueSpecification\",\"valueRequired\":true,\"valueName\":\"search_term_string\"}}],\"inLanguage\":\"pt-BR\"},{\"@type\":\"Person\",\"@id\":\"https:\/\/www.gaveanews.com\/#\/schema\/person\/a9f62fe75380c6bada1b2fc49bc23d69\",\"name\":\"Marco Menezes\",\"image\":{\"@type\":\"ImageObject\",\"inLanguage\":\"pt-BR\",\"@id\":\"https:\/\/www.gaveanews.com\/#\/schema\/person\/image\/\",\"url\":\"https:\/\/secure.gravatar.com\/avatar\/a1d148ae17fc8bfc5dbccffd07979e8bd2c9ba494221779de86ec2c7907b71ec?s=96&d=mm&r=g\",\"contentUrl\":\"https:\/\/secure.gravatar.com\/avatar\/a1d148ae17fc8bfc5dbccffd07979e8bd2c9ba494221779de86ec2c7907b71ec?s=96&d=mm&r=g\",\"caption\":\"Marco Menezes\"}}]}<\/script>\n<!-- \/ Yoast SEO Premium plugin. -->","yoast_head_json":{"title":"Rony, An\u00edbal Moreno, Weverton, Flaco L\u00f3pez, Raphael Veiga, Marcos Rocha, Richard R\u00edos, Murilo, Gabriel Menino e Gustavo G\u00f3mez: os jogadores do Palmeiras com mais jogos na temporada","robots":{"index":"index","follow":"follow","max-snippet":"max-snippet:-1","max-image-preview":"max-image-preview:large","max-video-preview":"max-video-preview:-1"},"canonical":"https:\/\/www.gaveanews.com\/index.php\/2024\/12\/14\/rony-anibal-moreno-weverton-flaco-lopez-raphael-veiga-marcos-rocha-richard-rios-murilo-gabriel-menino-e-gustavo-gomez-os-jogadores-do-palmeiras-com-mais-jogos-na-temporada\/","og_locale":"pt_BR","og_type":"article","og_title":"Rony, An\u00edbal Moreno, Weverton, Flaco L\u00f3pez, Raphael Veiga, Marcos Rocha, Richard R\u00edos, Murilo, Gabriel Menino e Gustavo G\u00f3mez: os jogadores do Palmeiras com mais jogos na temporada","og_description":"Para manter o time vivo nos campeonatos e colher bons frutos ao final das temporadas, os jogadores precisam se empenhar em ter um time equilibrado, ou seja, com bons aproveitamentos defensivos e ofensivos. Um dos pontos que mant\u00e9m as equipes competitivas \u00e9 a capacidade dos atletas de serem regulares e atuarem com frequ\u00eancia. Nesse cen\u00e1rio, [&hellip;]","og_url":"https:\/\/www.gaveanews.com\/index.php\/2024\/12\/14\/rony-anibal-moreno-weverton-flaco-lopez-raphael-veiga-marcos-rocha-richard-rios-murilo-gabriel-menino-e-gustavo-gomez-os-jogadores-do-palmeiras-com-mais-jogos-na-temporada\/","og_site_name":"G\u00e1vea News","article_publisher":"https:\/\/facebook.com\/gaveaNews\/","article_published_time":"2024-12-15T02:50:00+00:00","og_image":[{"width":1008,"height":567,"url":"https:\/\/www.gaveanews.com\/wp-content\/uploads\/Raphael-Veiga-comemora-gol-marcado-pelo-Palmeiras.webp","type":"image\/jpeg"}],"author":"Marco Menezes","twitter_card":"summary_large_image","twitter_misc":{"Escrito por":"Marco Menezes","Est. tempo de leitura":"5 minutos"},"schema":{"@context":"https:\/\/schema.org","@graph":[{"@type":"NewsArticle","@id":"https:\/\/www.gaveanews.com\/index.php\/2024\/12\/14\/rony-anibal-moreno-weverton-flaco-lopez-raphael-veiga-marcos-rocha-richard-rios-murilo-gabriel-menino-e-gustavo-gomez-os-jogadores-do-palmeiras-com-mais-jogos-na-temporada\/#article","isPartOf":{"@id":"https:\/\/www.gaveanews.com\/index.php\/2024\/12\/14\/rony-anibal-moreno-weverton-flaco-lopez-raphael-veiga-marcos-rocha-richard-rios-murilo-gabriel-menino-e-gustavo-gomez-os-jogadores-do-palmeiras-com-mais-jogos-na-temporada\/"},"author":{"name":"Marco Menezes","@id":"https:\/\/www.gaveanews.com\/#\/schema\/person\/a9f62fe75380c6bada1b2fc49bc23d69"},"headline":"Rony, An\u00edbal Moreno, Weverton, Flaco L\u00f3pez, Raphael Veiga, Marcos Rocha, Richard R\u00edos, Murilo, Gabriel Menino e Gustavo G\u00f3mez: os jogadores do Palmeiras com mais jogos na temporada","datePublished":"2024-12-15T02:50:00+00:00","mainEntityOfPage":{"@id":"https:\/\/www.gaveanews.com\/index.php\/2024\/12\/14\/rony-anibal-moreno-weverton-flaco-lopez-raphael-veiga-marcos-rocha-richard-rios-murilo-gabriel-menino-e-gustavo-gomez-os-jogadores-do-palmeiras-com-mais-jogos-na-temporada\/"},"wordCount":496,"commentCount":0,"image":{"@id":"https:\/\/www.gaveanews.com\/index.php\/2024\/12\/14\/rony-anibal-moreno-weverton-flaco-lopez-raphael-veiga-marcos-rocha-richard-rios-murilo-gabriel-menino-e-gustavo-gomez-os-jogadores-do-palmeiras-com-mais-jogos-na-temporada\/#primaryimage"},"thumbnailUrl":"https:\/\/www.gaveanews.com\/wp-content\/uploads\/Raphael-Veiga-comemora-gol-marcado-pelo-Palmeiras.webp","articleSection":["Palmeiras"],"inLanguage":"pt-BR","potentialAction":[{"@type":"CommentAction","name":"Comment","target":["https:\/\/www.gaveanews.com\/index.php\/2024\/12\/14\/rony-anibal-moreno-weverton-flaco-lopez-raphael-veiga-marcos-rocha-richard-rios-murilo-gabriel-menino-e-gustavo-gomez-os-jogadores-do-palmeiras-com-mais-jogos-na-temporada\/#respond"]}],"copyrightYear":"2024","copyrightHolder":{"@id":"https:\/\/www.gaveanews.com\/#organization"}},{"@type":"WebPage","@id":"https:\/\/www.gaveanews.com\/index.php\/2024\/12\/14\/rony-anibal-moreno-weverton-flaco-lopez-raphael-veiga-marcos-rocha-richard-rios-murilo-gabriel-menino-e-gustavo-gomez-os-jogadores-do-palmeiras-com-mais-jogos-na-temporada\/","url":"https:\/\/www.gaveanews.com\/index.php\/2024\/12\/14\/rony-anibal-moreno-weverton-flaco-lopez-raphael-veiga-marcos-rocha-richard-rios-murilo-gabriel-menino-e-gustavo-gomez-os-jogadores-do-palmeiras-com-mais-jogos-na-temporada\/","name":"Rony, An\u00edbal Moreno, Weverton, Flaco L\u00f3pez, Raphael Veiga, Marcos Rocha, Richard R\u00edos, Murilo, Gabriel Menino e Gustavo G\u00f3mez: os jogadores do Palmeiras com mais jogos na temporada","isPartOf":{"@id":"https:\/\/www.gaveanews.com\/#website"},"primaryImageOfPage":{"@id":"https:\/\/www.gaveanews.com\/index.php\/2024\/12\/14\/rony-anibal-moreno-weverton-flaco-lopez-raphael-veiga-marcos-rocha-richard-rios-murilo-gabriel-menino-e-gustavo-gomez-os-jogadores-do-palmeiras-com-mais-jogos-na-temporada\/#primaryimage"},"image":{"@id":"https:\/\/www.gaveanews.com\/index.php\/2024\/12\/14\/rony-anibal-moreno-weverton-flaco-lopez-raphael-veiga-marcos-rocha-richard-rios-murilo-gabriel-menino-e-gustavo-gomez-os-jogadores-do-palmeiras-com-mais-jogos-na-temporada\/#primaryimage"},"thumbnailUrl":"https:\/\/www.gaveanews.com\/wp-content\/uploads\/Raphael-Veiga-comemora-gol-marcado-pelo-Palmeiras.webp","datePublished":"2024-12-15T02:50:00+00:00","author":{"@id":"https:\/\/www.gaveanews.com\/#\/schema\/person\/a9f62fe75380c6bada1b2fc49bc23d69"},"breadcrumb":{"@id":"https:\/\/www.gaveanews.com\/index.php\/2024\/12\/14\/rony-anibal-moreno-weverton-flaco-lopez-raphael-veiga-marcos-rocha-richard-rios-murilo-gabriel-menino-e-gustavo-gomez-os-jogadores-do-palmeiras-com-mais-jogos-na-temporada\/#breadcrumb"},"inLanguage":"pt-BR","potentialAction":[{"@type":"ReadAction","target":["https:\/\/www.gaveanews.com\/index.php\/2024\/12\/14\/rony-anibal-moreno-weverton-flaco-lopez-raphael-veiga-marcos-rocha-richard-rios-murilo-gabriel-menino-e-gustavo-gomez-os-jogadores-do-palmeiras-com-mais-jogos-na-temporada\/"]}]},{"@type":"ImageObject","inLanguage":"pt-BR","@id":"https:\/\/www.gaveanews.com\/index.php\/2024\/12\/14\/rony-anibal-moreno-weverton-flaco-lopez-raphael-veiga-marcos-rocha-richard-rios-murilo-gabriel-menino-e-gustavo-gomez-os-jogadores-do-palmeiras-com-mais-jogos-na-temporada\/#primaryimage","url":"https:\/\/www.gaveanews.com\/wp-content\/uploads\/Raphael-Veiga-comemora-gol-marcado-pelo-Palmeiras.webp","contentUrl":"https:\/\/www.gaveanews.com\/wp-content\/uploads\/Raphael-Veiga-comemora-gol-marcado-pelo-Palmeiras.webp","width":1008,"height":567},{"@type":"BreadcrumbList","@id":"https:\/\/www.gaveanews.com\/index.php\/2024\/12\/14\/rony-anibal-moreno-weverton-flaco-lopez-raphael-veiga-marcos-rocha-richard-rios-murilo-gabriel-menino-e-gustavo-gomez-os-jogadores-do-palmeiras-com-mais-jogos-na-temporada\/#breadcrumb","itemListElement":[{"@type":"ListItem","position":1,"name":"Home","item":"https:\/\/www.gaveanews.com\/"},{"@type":"ListItem","position":2,"name":"Rony, An\u00edbal Moreno, Weverton, Flaco L\u00f3pez, Raphael Veiga, Marcos Rocha, Richard R\u00edos, Murilo, Gabriel Menino e Gustavo G\u00f3mez: os jogadores do Palmeiras com mais jogos na temporada"}]},{"@type":"WebSite","@id":"https:\/\/www.gaveanews.com\/#website","url":"https:\/\/www.gaveanews.com\/","name":"G\u00e1vea News","description":"Veja todas as not\u00edcias sobre o Flamengo: Contrata\u00e7\u00f5es, categorias de base, resultados das partidas, tabela de classifica\u00e7\u00e3o, pr\u00f3ximos jogos!","potentialAction":[{"@type":"SearchAction","target":{"@type":"EntryPoint","urlTemplate":"https:\/\/www.gaveanews.com\/?s={search_term_string}"},"query-input":{"@type":"PropertyValueSpecification","valueRequired":true,"valueName":"search_term_string"}}],"inLanguage":"pt-BR"},{"@type":"Person","@id":"https:\/\/www.gaveanews.com\/#\/schema\/person\/a9f62fe75380c6bada1b2fc49bc23d69","name":"Marco Menezes","image":{"@type":"ImageObject","inLanguage":"pt-BR","@id":"https:\/\/www.gaveanews.com\/#\/schema\/person\/image\/","url":"https:\/\/secure.gravatar.com\/avatar\/a1d148ae17fc8bfc5dbccffd07979e8bd2c9ba494221779de86ec2c7907b71ec?s=96&d=mm&r=g","contentUrl":"https:\/\/secure.gravatar.com\/avatar\/a1d148ae17fc8bfc5dbccffd07979e8bd2c9ba494221779de86ec2c7907b71ec?s=96&d=mm&r=g","caption":"Marco Menezes"}}]}},"_links":{"self":[{"href":"https:\/\/www.gaveanews.com\/index.php\/wp-json\/wp\/v2\/posts\/199227","targetHints":{"allow":["GET"]}}],"collection":[{"href":"https:\/\/www.gaveanews.com\/index.php\/wp-json\/wp\/v2\/posts"}],"about":[{"href":"https:\/\/www.gaveanews.com\/index.php\/wp-json\/wp\/v2\/types\/post"}],"author":[{"embeddable":true,"href":"https:\/\/www.gaveanews.com\/index.php\/wp-json\/wp\/v2\/users\/29"}],"replies":[{"embeddable":true,"href":"https:\/\/www.gaveanews.com\/index.php\/wp-json\/wp\/v2\/comments?post=199227"}],"version-history":[{"count":1,"href":"https:\/\/www.gaveanews.com\/index.php\/wp-json\/wp\/v2\/posts\/199227\/revisions"}],"predecessor-version":[{"id":199229,"href":"https:\/\/www.gaveanews.com\/index.php\/wp-json\/wp\/v2\/posts\/199227\/revisions\/199229"}],"wp:featuredmedia":[{"embeddable":true,"href":"https:\/\/www.gaveanews.com\/index.php\/wp-json\/wp\/v2\/media\/70428"}],"wp:attachment":[{"href":"https:\/\/www.gaveanews.com\/index.php\/wp-json\/wp\/v2\/media?parent=199227"}],"wp:term":[{"taxonomy":"category","embeddable":true,"href":"https:\/\/www.gaveanews.com\/index.php\/wp-json\/wp\/v2\/categories?post=199227"},{"taxonomy":"post_tag","embeddable":true,"href":"https:\/\/www.gaveanews.com\/index.php\/wp-json\/wp\/v2\/tags?post=199227"}],"curies":[{"name":"wp","href":"https:\/\/api.w.org\/{rel}","templated":true}]}}