{"id":199251,"date":"2024-12-15T00:00:00","date_gmt":"2024-12-15T03:00:00","guid":{"rendered":"https:\/\/www.gaveanews.com\/?p=199251"},"modified":"2024-12-14T22:36:58","modified_gmt":"2024-12-15T01:36:58","slug":"sao-paulo-pretende-envolver-jogador-em-negociacao-por-reforco","status":"publish","type":"post","link":"https:\/\/www.gaveanews.com\/index.php\/2024\/12\/15\/sao-paulo-pretende-envolver-jogador-em-negociacao-por-reforco\/","title":{"rendered":"S\u00e3o Paulo pretende envolver jogador em negocia\u00e7\u00e3o por refor\u00e7o"},"content":{"rendered":"\n<h2 class=\"wp-block-heading\" id=\"h-sao-paulo-pode-incluir-joao-moreira-em-negociacao-para-contratar-wendell\">S\u00e3o Paulo pode incluir Jo\u00e3o Moreira em negocia\u00e7\u00e3o para contratar Wendell<\/h2>\n\n\n\n<p>O S\u00e3o Paulo estuda incluir o lateral-direito Jo\u00e3o Moreira nas tratativas com o Porto para conseguir a libera\u00e7\u00e3o imediata do lateral-esquerdo Wendell. O jogador de 31 anos, sem espa\u00e7o na equipe portuguesa, j\u00e1 tem acerto encaminhado com o Tricolor em rela\u00e7\u00e3o a sal\u00e1rios e contrato, mas enfrenta dificuldades para romper seu v\u00ednculo, que ainda tem seis meses de dura\u00e7\u00e3o.<\/p>\n\n\n\n<ul class=\"wp-block-list\">\n<li><a href=\"https:\/\/www.gaveanews.com\/index.php\/2024\/12\/13\/sao-paulo-acerta-renovacao-de-rafinha\/\">S\u00e3o Paulo acerta renova\u00e7\u00e3o de Rafinha<\/a><\/li>\n\n\n\n<li><a href=\"https:\/\/www.gaveanews.com\/index.php\/2024\/12\/14\/carlos-belmonte-vai-deixar-o-sao-paulo\/\">Carlos Belmonte vai deixar o S\u00e3o Paulo?<\/a><\/li>\n<\/ul>\n\n\n\n<p>A possibilidade de envolver Moreira no neg\u00f3cio pode facilitar a negocia\u00e7\u00e3o. Aos 20 anos, o jovem lateral-direito j\u00e1 despertou interesse do Porto anteriormente, mas o S\u00e3o Paulo recusou um empr\u00e9stimo. O clube paulista avalia o atleta como uma pe\u00e7a valiosa, o que significa que ele s\u00f3 ser\u00e1 negociado por um valor significativo. No entanto, uma prefer\u00eancia futura ou at\u00e9 mesmo um abatimento nos valores podem ser alternativas para destravar o acordo por Wendell.<\/p>\n\n\n\n<p>As conversas nesse sentido existem, mas ainda est\u00e3o longe de um desfecho. Mesmo assim, a transfer\u00eancia de Jo\u00e3o Moreira para o Porto pode ser atraente para o jogador. <\/p>\n\n\n\n<p>Com apenas 13 partidas em 2024 e em busca de mais oportunidades ap\u00f3s a aposentadoria de Rafinha, o lateral n\u00e3o deve se opor a uma sa\u00edda para o futebol portugu\u00eas.<\/p>\n\n\n\n<p>Jo\u00e3o Moreira tem dupla nacionalidade e j\u00e1 foi convocado para sele\u00e7\u00f5es de base de Portugal. Ele participou de competi\u00e7\u00f5es sub-18 em 2021 e, no ano seguinte, foi chamado novamente, mas precisou ser cortado devido a problemas de sa\u00fade. Uma transfer\u00eancia para Portugal pode aumentar suas chances de ser observado pela sele\u00e7\u00e3o principal do pa\u00eds.<\/p>\n\n\n\n<p>Cria de Cotia, Jo\u00e3o Moreira disputou 25 jogos e marcou um gol pelo S\u00e3o Paulo. Sua sa\u00edda pode representar uma oportunidade para ambas as partes: o jogador ganha visibilidade no cen\u00e1rio europeu, enquanto o Tricolor avan\u00e7a na contrata\u00e7\u00e3o de Wendell para refor\u00e7ar a lateral esquerda na pr\u00f3xima temporada. As negocia\u00e7\u00f5es, no entanto, seguem em andamento e ainda dependem de ajustes entre os clubes.<\/p>\n","protected":false},"excerpt":{"rendered":"<p>S\u00e3o Paulo pode incluir Jo\u00e3o Moreira em negocia\u00e7\u00e3o para contratar Wendell O S\u00e3o Paulo estuda incluir o lateral-direito Jo\u00e3o Moreira nas tratativas com o Porto para conseguir a libera\u00e7\u00e3o imediata do lateral-esquerdo Wendell. O jogador de 31 anos, sem espa\u00e7o na equipe portuguesa, j\u00e1 tem acerto encaminhado com o Tricolor em rela\u00e7\u00e3o a sal\u00e1rios e [&hellip;]<\/p>\n","protected":false},"author":17,"featured_media":154249,"comment_status":"open","ping_status":"closed","sticky":false,"template":"","format":"standard","meta":{"footnotes":""},"categories":[151],"tags":[],"class_list":["post-199251","post","type-post","status-publish","format-standard","has-post-thumbnail","hentry","category-sao-paulo"],"yoast_head":"<!-- This site is optimized with the Yoast SEO Premium plugin v24.2 (Yoast SEO v26.9) - https:\/\/yoast.com\/product\/yoast-seo-premium-wordpress\/ -->\n<title>S\u00e3o Paulo pretende envolver jogador em negocia\u00e7\u00e3o por refor\u00e7o<\/title>\n<meta name=\"robots\" content=\"index, follow, max-snippet:-1, max-image-preview:large, max-video-preview:-1\" \/>\n<link rel=\"canonical\" href=\"https:\/\/www.gaveanews.com\/index.php\/2024\/12\/15\/sao-paulo-pretende-envolver-jogador-em-negociacao-por-reforco\/\" \/>\n<meta property=\"og:locale\" content=\"pt_BR\" \/>\n<meta property=\"og:type\" content=\"article\" \/>\n<meta property=\"og:title\" content=\"S\u00e3o Paulo pretende envolver jogador em negocia\u00e7\u00e3o por refor\u00e7o\" \/>\n<meta property=\"og:description\" content=\"S\u00e3o Paulo pode incluir Jo\u00e3o Moreira em negocia\u00e7\u00e3o para contratar Wendell O S\u00e3o Paulo estuda incluir o lateral-direito Jo\u00e3o Moreira nas tratativas com o Porto para conseguir a libera\u00e7\u00e3o imediata do lateral-esquerdo Wendell. O jogador de 31 anos, sem espa\u00e7o na equipe portuguesa, j\u00e1 tem acerto encaminhado com o Tricolor em rela\u00e7\u00e3o a sal\u00e1rios e [&hellip;]\" \/>\n<meta property=\"og:url\" content=\"https:\/\/www.gaveanews.com\/index.php\/2024\/12\/15\/sao-paulo-pretende-envolver-jogador-em-negociacao-por-reforco\/\" \/>\n<meta property=\"og:site_name\" content=\"G\u00e1vea News\" \/>\n<meta property=\"article:publisher\" content=\"https:\/\/facebook.com\/gaveaNews\/\" \/>\n<meta property=\"article:published_time\" content=\"2024-12-15T03:00:00+00:00\" \/>\n<meta property=\"og:image\" content=\"https:\/\/www.gaveanews.com\/wp-content\/uploads\/Bandeira-do-Sao-Paulo-no-Morumbis-em-2024.webp\" \/>\n\t<meta property=\"og:image:width\" content=\"1000\" \/>\n\t<meta property=\"og:image:height\" content=\"667\" \/>\n\t<meta property=\"og:image:type\" content=\"image\/webp\" \/>\n<meta name=\"author\" content=\"Geovanna Thomaz\" \/>\n<meta name=\"twitter:card\" content=\"summary_large_image\" \/>\n<meta name=\"twitter:label1\" content=\"Escrito por\" \/>\n\t<meta name=\"twitter:data1\" content=\"Geovanna Thomaz\" \/>\n\t<meta name=\"twitter:label2\" content=\"Est. tempo de leitura\" \/>\n\t<meta name=\"twitter:data2\" content=\"3 minutos\" \/>\n<script type=\"application\/ld+json\" class=\"yoast-schema-graph\">{\"@context\":\"https:\/\/schema.org\",\"@graph\":[{\"@type\":\"NewsArticle\",\"@id\":\"https:\/\/www.gaveanews.com\/index.php\/2024\/12\/15\/sao-paulo-pretende-envolver-jogador-em-negociacao-por-reforco\/#article\",\"isPartOf\":{\"@id\":\"https:\/\/www.gaveanews.com\/index.php\/2024\/12\/15\/sao-paulo-pretende-envolver-jogador-em-negociacao-por-reforco\/\"},\"author\":{\"name\":\"Geovanna Thomaz\",\"@id\":\"https:\/\/www.gaveanews.com\/#\/schema\/person\/f42654babcd2b2014a1a65af82b081f1\"},\"headline\":\"S\u00e3o Paulo pretende envolver jogador em negocia\u00e7\u00e3o por refor\u00e7o\",\"datePublished\":\"2024-12-15T03:00:00+00:00\",\"mainEntityOfPage\":{\"@id\":\"https:\/\/www.gaveanews.com\/index.php\/2024\/12\/15\/sao-paulo-pretende-envolver-jogador-em-negociacao-por-reforco\/\"},\"wordCount\":380,\"commentCount\":0,\"image\":{\"@id\":\"https:\/\/www.gaveanews.com\/index.php\/2024\/12\/15\/sao-paulo-pretende-envolver-jogador-em-negociacao-por-reforco\/#primaryimage\"},\"thumbnailUrl\":\"https:\/\/www.gaveanews.com\/wp-content\/uploads\/Bandeira-do-Sao-Paulo-no-Morumbis-em-2024.webp\",\"articleSection\":[\"S\u00e3o Paulo\"],\"inLanguage\":\"pt-BR\",\"potentialAction\":[{\"@type\":\"CommentAction\",\"name\":\"Comment\",\"target\":[\"https:\/\/www.gaveanews.com\/index.php\/2024\/12\/15\/sao-paulo-pretende-envolver-jogador-em-negociacao-por-reforco\/#respond\"]}],\"copyrightYear\":\"2024\",\"copyrightHolder\":{\"@id\":\"https:\/\/www.gaveanews.com\/#organization\"}},{\"@type\":\"WebPage\",\"@id\":\"https:\/\/www.gaveanews.com\/index.php\/2024\/12\/15\/sao-paulo-pretende-envolver-jogador-em-negociacao-por-reforco\/\",\"url\":\"https:\/\/www.gaveanews.com\/index.php\/2024\/12\/15\/sao-paulo-pretende-envolver-jogador-em-negociacao-por-reforco\/\",\"name\":\"S\u00e3o Paulo pretende envolver jogador em negocia\u00e7\u00e3o por refor\u00e7o\",\"isPartOf\":{\"@id\":\"https:\/\/www.gaveanews.com\/#website\"},\"primaryImageOfPage\":{\"@id\":\"https:\/\/www.gaveanews.com\/index.php\/2024\/12\/15\/sao-paulo-pretende-envolver-jogador-em-negociacao-por-reforco\/#primaryimage\"},\"image\":{\"@id\":\"https:\/\/www.gaveanews.com\/index.php\/2024\/12\/15\/sao-paulo-pretende-envolver-jogador-em-negociacao-por-reforco\/#primaryimage\"},\"thumbnailUrl\":\"https:\/\/www.gaveanews.com\/wp-content\/uploads\/Bandeira-do-Sao-Paulo-no-Morumbis-em-2024.webp\",\"datePublished\":\"2024-12-15T03:00:00+00:00\",\"author\":{\"@id\":\"https:\/\/www.gaveanews.com\/#\/schema\/person\/f42654babcd2b2014a1a65af82b081f1\"},\"breadcrumb\":{\"@id\":\"https:\/\/www.gaveanews.com\/index.php\/2024\/12\/15\/sao-paulo-pretende-envolver-jogador-em-negociacao-por-reforco\/#breadcrumb\"},\"inLanguage\":\"pt-BR\",\"potentialAction\":[{\"@type\":\"ReadAction\",\"target\":[\"https:\/\/www.gaveanews.com\/index.php\/2024\/12\/15\/sao-paulo-pretende-envolver-jogador-em-negociacao-por-reforco\/\"]}]},{\"@type\":\"ImageObject\",\"inLanguage\":\"pt-BR\",\"@id\":\"https:\/\/www.gaveanews.com\/index.php\/2024\/12\/15\/sao-paulo-pretende-envolver-jogador-em-negociacao-por-reforco\/#primaryimage\",\"url\":\"https:\/\/www.gaveanews.com\/wp-content\/uploads\/Bandeira-do-Sao-Paulo-no-Morumbis-em-2024.webp\",\"contentUrl\":\"https:\/\/www.gaveanews.com\/wp-content\/uploads\/Bandeira-do-Sao-Paulo-no-Morumbis-em-2024.webp\",\"width\":1000,\"height\":667,\"caption\":\"Bandeira do S\u00e3o Paulo no Morumbis em 2024 (Foto: Reprodu\u00e7\u00e3o\/S\u00e3o Paulo)\"},{\"@type\":\"BreadcrumbList\",\"@id\":\"https:\/\/www.gaveanews.com\/index.php\/2024\/12\/15\/sao-paulo-pretende-envolver-jogador-em-negociacao-por-reforco\/#breadcrumb\",\"itemListElement\":[{\"@type\":\"ListItem\",\"position\":1,\"name\":\"Home\",\"item\":\"https:\/\/www.gaveanews.com\/\"},{\"@type\":\"ListItem\",\"position\":2,\"name\":\"S\u00e3o Paulo pretende envolver jogador em negocia\u00e7\u00e3o por refor\u00e7o\"}]},{\"@type\":\"WebSite\",\"@id\":\"https:\/\/www.gaveanews.com\/#website\",\"url\":\"https:\/\/www.gaveanews.com\/\",\"name\":\"G\u00e1vea News\",\"description\":\"Veja todas as not\u00edcias sobre o Flamengo: Contrata\u00e7\u00f5es, categorias de base, resultados das partidas, tabela de classifica\u00e7\u00e3o, pr\u00f3ximos jogos!\",\"potentialAction\":[{\"@type\":\"SearchAction\",\"target\":{\"@type\":\"EntryPoint\",\"urlTemplate\":\"https:\/\/www.gaveanews.com\/?s={search_term_string}\"},\"query-input\":{\"@type\":\"PropertyValueSpecification\",\"valueRequired\":true,\"valueName\":\"search_term_string\"}}],\"inLanguage\":\"pt-BR\"},{\"@type\":\"Person\",\"@id\":\"https:\/\/www.gaveanews.com\/#\/schema\/person\/f42654babcd2b2014a1a65af82b081f1\",\"name\":\"Geovanna Thomaz\",\"image\":{\"@type\":\"ImageObject\",\"inLanguage\":\"pt-BR\",\"@id\":\"https:\/\/www.gaveanews.com\/#\/schema\/person\/image\/\",\"url\":\"https:\/\/secure.gravatar.com\/avatar\/4092073255489533afb558984b49b64268c47198af8623cc82a925ae9fb7118a?s=96&d=mm&r=g\",\"contentUrl\":\"https:\/\/secure.gravatar.com\/avatar\/4092073255489533afb558984b49b64268c47198af8623cc82a925ae9fb7118a?s=96&d=mm&r=g\",\"caption\":\"Geovanna Thomaz\"}}]}<\/script>\n<!-- \/ Yoast SEO Premium plugin. -->","yoast_head_json":{"title":"S\u00e3o Paulo pretende envolver jogador em negocia\u00e7\u00e3o por refor\u00e7o","robots":{"index":"index","follow":"follow","max-snippet":"max-snippet:-1","max-image-preview":"max-image-preview:large","max-video-preview":"max-video-preview:-1"},"canonical":"https:\/\/www.gaveanews.com\/index.php\/2024\/12\/15\/sao-paulo-pretende-envolver-jogador-em-negociacao-por-reforco\/","og_locale":"pt_BR","og_type":"article","og_title":"S\u00e3o Paulo pretende envolver jogador em negocia\u00e7\u00e3o por refor\u00e7o","og_description":"S\u00e3o Paulo pode incluir Jo\u00e3o Moreira em negocia\u00e7\u00e3o para contratar Wendell O S\u00e3o Paulo estuda incluir o lateral-direito Jo\u00e3o Moreira nas tratativas com o Porto para conseguir a libera\u00e7\u00e3o imediata do lateral-esquerdo Wendell. O jogador de 31 anos, sem espa\u00e7o na equipe portuguesa, j\u00e1 tem acerto encaminhado com o Tricolor em rela\u00e7\u00e3o a sal\u00e1rios e [&hellip;]","og_url":"https:\/\/www.gaveanews.com\/index.php\/2024\/12\/15\/sao-paulo-pretende-envolver-jogador-em-negociacao-por-reforco\/","og_site_name":"G\u00e1vea News","article_publisher":"https:\/\/facebook.com\/gaveaNews\/","article_published_time":"2024-12-15T03:00:00+00:00","og_image":[{"width":1000,"height":667,"url":"https:\/\/www.gaveanews.com\/wp-content\/uploads\/Bandeira-do-Sao-Paulo-no-Morumbis-em-2024.webp","type":"image\/webp"}],"author":"Geovanna Thomaz","twitter_card":"summary_large_image","twitter_misc":{"Escrito por":"Geovanna Thomaz","Est. tempo de leitura":"3 minutos"},"schema":{"@context":"https:\/\/schema.org","@graph":[{"@type":"NewsArticle","@id":"https:\/\/www.gaveanews.com\/index.php\/2024\/12\/15\/sao-paulo-pretende-envolver-jogador-em-negociacao-por-reforco\/#article","isPartOf":{"@id":"https:\/\/www.gaveanews.com\/index.php\/2024\/12\/15\/sao-paulo-pretende-envolver-jogador-em-negociacao-por-reforco\/"},"author":{"name":"Geovanna Thomaz","@id":"https:\/\/www.gaveanews.com\/#\/schema\/person\/f42654babcd2b2014a1a65af82b081f1"},"headline":"S\u00e3o Paulo pretende envolver jogador em negocia\u00e7\u00e3o por refor\u00e7o","datePublished":"2024-12-15T03:00:00+00:00","mainEntityOfPage":{"@id":"https:\/\/www.gaveanews.com\/index.php\/2024\/12\/15\/sao-paulo-pretende-envolver-jogador-em-negociacao-por-reforco\/"},"wordCount":380,"commentCount":0,"image":{"@id":"https:\/\/www.gaveanews.com\/index.php\/2024\/12\/15\/sao-paulo-pretende-envolver-jogador-em-negociacao-por-reforco\/#primaryimage"},"thumbnailUrl":"https:\/\/www.gaveanews.com\/wp-content\/uploads\/Bandeira-do-Sao-Paulo-no-Morumbis-em-2024.webp","articleSection":["S\u00e3o Paulo"],"inLanguage":"pt-BR","potentialAction":[{"@type":"CommentAction","name":"Comment","target":["https:\/\/www.gaveanews.com\/index.php\/2024\/12\/15\/sao-paulo-pretende-envolver-jogador-em-negociacao-por-reforco\/#respond"]}],"copyrightYear":"2024","copyrightHolder":{"@id":"https:\/\/www.gaveanews.com\/#organization"}},{"@type":"WebPage","@id":"https:\/\/www.gaveanews.com\/index.php\/2024\/12\/15\/sao-paulo-pretende-envolver-jogador-em-negociacao-por-reforco\/","url":"https:\/\/www.gaveanews.com\/index.php\/2024\/12\/15\/sao-paulo-pretende-envolver-jogador-em-negociacao-por-reforco\/","name":"S\u00e3o Paulo pretende envolver jogador em negocia\u00e7\u00e3o por refor\u00e7o","isPartOf":{"@id":"https:\/\/www.gaveanews.com\/#website"},"primaryImageOfPage":{"@id":"https:\/\/www.gaveanews.com\/index.php\/2024\/12\/15\/sao-paulo-pretende-envolver-jogador-em-negociacao-por-reforco\/#primaryimage"},"image":{"@id":"https:\/\/www.gaveanews.com\/index.php\/2024\/12\/15\/sao-paulo-pretende-envolver-jogador-em-negociacao-por-reforco\/#primaryimage"},"thumbnailUrl":"https:\/\/www.gaveanews.com\/wp-content\/uploads\/Bandeira-do-Sao-Paulo-no-Morumbis-em-2024.webp","datePublished":"2024-12-15T03:00:00+00:00","author":{"@id":"https:\/\/www.gaveanews.com\/#\/schema\/person\/f42654babcd2b2014a1a65af82b081f1"},"breadcrumb":{"@id":"https:\/\/www.gaveanews.com\/index.php\/2024\/12\/15\/sao-paulo-pretende-envolver-jogador-em-negociacao-por-reforco\/#breadcrumb"},"inLanguage":"pt-BR","potentialAction":[{"@type":"ReadAction","target":["https:\/\/www.gaveanews.com\/index.php\/2024\/12\/15\/sao-paulo-pretende-envolver-jogador-em-negociacao-por-reforco\/"]}]},{"@type":"ImageObject","inLanguage":"pt-BR","@id":"https:\/\/www.gaveanews.com\/index.php\/2024\/12\/15\/sao-paulo-pretende-envolver-jogador-em-negociacao-por-reforco\/#primaryimage","url":"https:\/\/www.gaveanews.com\/wp-content\/uploads\/Bandeira-do-Sao-Paulo-no-Morumbis-em-2024.webp","contentUrl":"https:\/\/www.gaveanews.com\/wp-content\/uploads\/Bandeira-do-Sao-Paulo-no-Morumbis-em-2024.webp","width":1000,"height":667,"caption":"Bandeira do S\u00e3o Paulo no Morumbis em 2024 (Foto: Reprodu\u00e7\u00e3o\/S\u00e3o Paulo)"},{"@type":"BreadcrumbList","@id":"https:\/\/www.gaveanews.com\/index.php\/2024\/12\/15\/sao-paulo-pretende-envolver-jogador-em-negociacao-por-reforco\/#breadcrumb","itemListElement":[{"@type":"ListItem","position":1,"name":"Home","item":"https:\/\/www.gaveanews.com\/"},{"@type":"ListItem","position":2,"name":"S\u00e3o Paulo pretende envolver jogador em negocia\u00e7\u00e3o por refor\u00e7o"}]},{"@type":"WebSite","@id":"https:\/\/www.gaveanews.com\/#website","url":"https:\/\/www.gaveanews.com\/","name":"G\u00e1vea News","description":"Veja todas as not\u00edcias sobre o Flamengo: Contrata\u00e7\u00f5es, categorias de base, resultados das partidas, tabela de classifica\u00e7\u00e3o, pr\u00f3ximos jogos!","potentialAction":[{"@type":"SearchAction","target":{"@type":"EntryPoint","urlTemplate":"https:\/\/www.gaveanews.com\/?s={search_term_string}"},"query-input":{"@type":"PropertyValueSpecification","valueRequired":true,"valueName":"search_term_string"}}],"inLanguage":"pt-BR"},{"@type":"Person","@id":"https:\/\/www.gaveanews.com\/#\/schema\/person\/f42654babcd2b2014a1a65af82b081f1","name":"Geovanna Thomaz","image":{"@type":"ImageObject","inLanguage":"pt-BR","@id":"https:\/\/www.gaveanews.com\/#\/schema\/person\/image\/","url":"https:\/\/secure.gravatar.com\/avatar\/4092073255489533afb558984b49b64268c47198af8623cc82a925ae9fb7118a?s=96&d=mm&r=g","contentUrl":"https:\/\/secure.gravatar.com\/avatar\/4092073255489533afb558984b49b64268c47198af8623cc82a925ae9fb7118a?s=96&d=mm&r=g","caption":"Geovanna Thomaz"}}]}},"_links":{"self":[{"href":"https:\/\/www.gaveanews.com\/index.php\/wp-json\/wp\/v2\/posts\/199251","targetHints":{"allow":["GET"]}}],"collection":[{"href":"https:\/\/www.gaveanews.com\/index.php\/wp-json\/wp\/v2\/posts"}],"about":[{"href":"https:\/\/www.gaveanews.com\/index.php\/wp-json\/wp\/v2\/types\/post"}],"author":[{"embeddable":true,"href":"https:\/\/www.gaveanews.com\/index.php\/wp-json\/wp\/v2\/users\/17"}],"replies":[{"embeddable":true,"href":"https:\/\/www.gaveanews.com\/index.php\/wp-json\/wp\/v2\/comments?post=199251"}],"version-history":[{"count":2,"href":"https:\/\/www.gaveanews.com\/index.php\/wp-json\/wp\/v2\/posts\/199251\/revisions"}],"predecessor-version":[{"id":199285,"href":"https:\/\/www.gaveanews.com\/index.php\/wp-json\/wp\/v2\/posts\/199251\/revisions\/199285"}],"wp:featuredmedia":[{"embeddable":true,"href":"https:\/\/www.gaveanews.com\/index.php\/wp-json\/wp\/v2\/media\/154249"}],"wp:attachment":[{"href":"https:\/\/www.gaveanews.com\/index.php\/wp-json\/wp\/v2\/media?parent=199251"}],"wp:term":[{"taxonomy":"category","embeddable":true,"href":"https:\/\/www.gaveanews.com\/index.php\/wp-json\/wp\/v2\/categories?post=199251"},{"taxonomy":"post_tag","embeddable":true,"href":"https:\/\/www.gaveanews.com\/index.php\/wp-json\/wp\/v2\/tags?post=199251"}],"curies":[{"name":"wp","href":"https:\/\/api.w.org\/{rel}","templated":true}]}}