{"id":199492,"date":"2024-12-16T20:45:00","date_gmt":"2024-12-16T23:45:00","guid":{"rendered":"https:\/\/www.gaveanews.com\/?p=199492"},"modified":"2024-12-16T18:56:55","modified_gmt":"2024-12-16T21:56:55","slug":"dirigente-do-gremio-e-sincero-sobre-busca-por-tecnico","status":"publish","type":"post","link":"https:\/\/www.gaveanews.com\/index.php\/2024\/12\/16\/dirigente-do-gremio-e-sincero-sobre-busca-por-tecnico\/","title":{"rendered":"Dirigente do Gr\u00eamio \u00e9 sincero sobre busca por t\u00e9cnico"},"content":{"rendered":"\n<h2 class=\"wp-block-heading\" id=\"h-confira-o-que-ele-disse\">Confira o que ele disse<\/h2>\n\n\n\n<p>O principal objetivo do Gr\u00eamio para o final do ano \u00e9 encontrar um novo treinador. Ap\u00f3s a partida de Renato Portaluppi, o Gr\u00eamio est\u00e1 avaliando o mercado e realizando entrevistas com poss\u00edveis candidatos ao posto. Neste cen\u00e1rio, na tentativa de alcan\u00e7ar um resultado, a diretoria especificou algumas prefer\u00eancias.<\/p>\n\n\n\n<ul class=\"wp-block-list\">\n<li><a href=\"https:\/\/www.gaveanews.com\/index.php\/2024\/12\/15\/gremio-recebe-cobranca-de-forma-inesperada\/\">Gr\u00eamio recebe cobran\u00e7a de forma inesperada<\/a><\/li>\n\n\n\n<li><a href=\"https:\/\/www.gaveanews.com\/index.php\/2024\/12\/15\/farid-germano-crava-quem-vai-ser-o-novo-treinador-do-gremio\/\">Farid Germano crava quem vai ser o novo treinador do Gr\u00eamio<br><\/a><\/li>\n<\/ul>\n\n\n\n<p>O novo comandante n\u00e3o possui uma nacionalidade estabelecida previamente. Em outras palavras, pode ser tanto brasileiro quanto estrangeiro. A quest\u00e3o \u00e9 que, mesmo n\u00e3o sendo um treinador nativo do pa\u00eds, \u00e9 crucial que tenha experi\u00eancia no contexto nacional. Trata-se de um elemento crucial no que concerne \u00e0 adapta\u00e7\u00e3o.<\/p>\n\n\n\n<p>No cen\u00e1rio tricolor, alguns nomes s\u00e3o mencionados. Hern\u00e1n Crespo, argentino que trabalhou no S\u00e3o Paulo em 2021 e conquistou o t\u00edtulo paulista, est\u00e1 livre desde que deixou o Al Ain, em novembro. Pedro Caixinha, um luso-brasileiro dispensado do Bragantino em outubro, negou ter sido contatado.<\/p>\n\n\n\n<figure class=\"wp-block-image size-full\"><img loading=\"lazy\" decoding=\"async\" width=\"640\" height=\"427\" src=\"https:\/\/www.gaveanews.com\/wp-content\/uploads\/28695786081_5367b39a1b_z.webp\" alt=\"\" class=\"wp-image-141925\" srcset=\"https:\/\/www.gaveanews.com\/wp-content\/uploads\/28695786081_5367b39a1b_z.webp 640w, https:\/\/www.gaveanews.com\/wp-content\/uploads\/28695786081_5367b39a1b_z-300x200.webp 300w, https:\/\/www.gaveanews.com\/wp-content\/uploads\/28695786081_5367b39a1b_z-630x420.webp 630w, https:\/\/www.gaveanews.com\/wp-content\/uploads\/28695786081_5367b39a1b_z-100x67.webp 100w\" sizes=\"auto, (max-width: 640px) 100vw, 640px\" \/><figcaption class=\"wp-element-caption\">Foto: RODRIGO RODRIGUES \/ GREMIO FBPA\n<\/figcaption><\/figure>\n\n\n\n<p>No Brasil, o Gr\u00eamio demonstrou interesse em Thiago Carpini, por\u00e9m o presidente do Vit\u00f3ria se negou a negociar com o treinador, cujo contrato foi renovado no come\u00e7o desta semana. F\u00e1bio Carille, ex-t\u00e9cnico do Santos, tamb\u00e9m tem seu nome associado ao clube e surge como uma op\u00e7\u00e3o.<\/p>\n\n\n\n<p>&#8220;As conversas est\u00e3o acontecendo. A gente est\u00e1 j\u00e1 est\u00e1 fazendo as entrevistas com alguns treinadores e vai avan\u00e7ar o mais r\u00e1pido poss\u00edvel pra que isso aconte\u00e7a. Alexandre Rossato, vice de futebol do Gr\u00eamio&#8221;<\/p>\n\n\n\n<p>Apesar dos dirigentes rec\u00e9m-eleitos do Gr\u00eamio terem pregado serenidade nas negocia\u00e7\u00f5es por um novo l\u00edder, o clube reconhece a urg\u00eancia de concluir esse procedimento o mais r\u00e1pido poss\u00edvel. A forma\u00e7\u00e3o do time tamb\u00e9m envolve a equipe t\u00e9cnica que assumir\u00e1 o time.<\/p>\n\n\n\n<p>O per\u00edodo entre o an\u00fancio e o come\u00e7o das atividades \u00e9 breve. O calend\u00e1rio apertado indica que o elenco ser\u00e1 apresentado em 25 dias para come\u00e7ar a pr\u00e9-temporada. O Campeonato Ga\u00facho, iniciado no in\u00edcio da temporada e reduzido em 2025, \u00e9 crucial para o planejamento do Gr\u00eamio, pois pode representar um in\u00e9dito octacampeonato.<\/p>\n\n\n\n<p>A caracter\u00edstica do time, de fato, parece ser claramente estabelecida pelo departamento de futebol. O objetivo \u00e9 construir uma equipe mais estruturada, melhorar a parte defensiva, que tem sido um desafio nas \u00faltimas temporadas, e, \u00e9 claro, aumentar o grau de competitividade.<\/p>\n\n\n\n<p>&#8221; A gente pensa num time aguerrido, forte, intenso. Acho que isso hoje j\u00e1 n\u00e3o \u00e9 mais um diferencial, \u00e9 um pr\u00e9-requisito. O futebol hoje est\u00e1 muito no duelo individual em qualquer parte do campo ,destacou Guto Peixoto, novo diretor do clube.&#8221;<\/p>\n\n\n\n<p>Na sexta-feira, Peixoto foi apresentado juntamente com Alexandre Rossato, o novo vice-presidente de futebol. Ambos, juntamente com o presidente Alberto Guerra, lideram a procura pelo treinador do Gr\u00eamio em 2025. Os gostos j\u00e1 s\u00e3o conhecidos, e um nome ser\u00e1 escolhido nos dias que se seguem.<\/p>\n","protected":false},"excerpt":{"rendered":"<p>Confira o que ele disse O principal objetivo do Gr\u00eamio para o final do ano \u00e9 encontrar um novo treinador. Ap\u00f3s a partida de Renato Portaluppi, o Gr\u00eamio est\u00e1 avaliando o mercado e realizando entrevistas com poss\u00edveis candidatos ao posto. Neste cen\u00e1rio, na tentativa de alcan\u00e7ar um resultado, a diretoria especificou algumas prefer\u00eancias. O novo [&hellip;]<\/p>\n","protected":false},"author":16,"featured_media":165925,"comment_status":"open","ping_status":"closed","sticky":false,"template":"","format":"standard","meta":{"footnotes":""},"categories":[147],"tags":[],"class_list":["post-199492","post","type-post","status-publish","format-standard","has-post-thumbnail","hentry","category-gremio"],"yoast_head":"<!-- This site is optimized with the Yoast SEO Premium plugin v24.2 (Yoast SEO v26.9) - https:\/\/yoast.com\/product\/yoast-seo-premium-wordpress\/ -->\n<title>Dirigente do Gr\u00eamio \u00e9 sincero sobre busca por t\u00e9cnico<\/title>\n<meta name=\"robots\" content=\"index, follow, max-snippet:-1, max-image-preview:large, max-video-preview:-1\" \/>\n<link rel=\"canonical\" href=\"https:\/\/www.gaveanews.com\/index.php\/2024\/12\/16\/dirigente-do-gremio-e-sincero-sobre-busca-por-tecnico\/\" \/>\n<meta property=\"og:locale\" content=\"pt_BR\" \/>\n<meta property=\"og:type\" content=\"article\" \/>\n<meta property=\"og:title\" content=\"Dirigente do Gr\u00eamio \u00e9 sincero sobre busca por t\u00e9cnico\" \/>\n<meta property=\"og:description\" content=\"Confira o que ele disse O principal objetivo do Gr\u00eamio para o final do ano \u00e9 encontrar um novo treinador. Ap\u00f3s a partida de Renato Portaluppi, o Gr\u00eamio est\u00e1 avaliando o mercado e realizando entrevistas com poss\u00edveis candidatos ao posto. Neste cen\u00e1rio, na tentativa de alcan\u00e7ar um resultado, a diretoria especificou algumas prefer\u00eancias. O novo [&hellip;]\" \/>\n<meta property=\"og:url\" content=\"https:\/\/www.gaveanews.com\/index.php\/2024\/12\/16\/dirigente-do-gremio-e-sincero-sobre-busca-por-tecnico\/\" \/>\n<meta property=\"og:site_name\" content=\"G\u00e1vea News\" \/>\n<meta property=\"article:publisher\" content=\"https:\/\/facebook.com\/gaveaNews\/\" \/>\n<meta property=\"article:published_time\" content=\"2024-12-16T23:45:00+00:00\" \/>\n<meta property=\"og:image\" content=\"https:\/\/www.gaveanews.com\/wp-content\/uploads\/Bandeira-do-Gremio.webp\" \/>\n\t<meta property=\"og:image:width\" content=\"1043\" \/>\n\t<meta property=\"og:image:height\" content=\"695\" \/>\n\t<meta property=\"og:image:type\" content=\"image\/webp\" \/>\n<meta name=\"author\" content=\"D\u00e9bora Figueiredo\" \/>\n<meta name=\"twitter:card\" content=\"summary_large_image\" \/>\n<meta name=\"twitter:label1\" content=\"Escrito por\" \/>\n\t<meta name=\"twitter:data1\" content=\"D\u00e9bora Figueiredo\" \/>\n\t<meta name=\"twitter:label2\" content=\"Est. tempo de leitura\" \/>\n\t<meta name=\"twitter:data2\" content=\"3 minutos\" \/>\n<script type=\"application\/ld+json\" class=\"yoast-schema-graph\">{\"@context\":\"https:\/\/schema.org\",\"@graph\":[{\"@type\":\"NewsArticle\",\"@id\":\"https:\/\/www.gaveanews.com\/index.php\/2024\/12\/16\/dirigente-do-gremio-e-sincero-sobre-busca-por-tecnico\/#article\",\"isPartOf\":{\"@id\":\"https:\/\/www.gaveanews.com\/index.php\/2024\/12\/16\/dirigente-do-gremio-e-sincero-sobre-busca-por-tecnico\/\"},\"author\":{\"name\":\"D\u00e9bora Figueiredo\",\"@id\":\"https:\/\/www.gaveanews.com\/#\/schema\/person\/37122681a8575a5c8db05a56f099a5e4\"},\"headline\":\"Dirigente do Gr\u00eamio \u00e9 sincero sobre busca por t\u00e9cnico\",\"datePublished\":\"2024-12-16T23:45:00+00:00\",\"mainEntityOfPage\":{\"@id\":\"https:\/\/www.gaveanews.com\/index.php\/2024\/12\/16\/dirigente-do-gremio-e-sincero-sobre-busca-por-tecnico\/\"},\"wordCount\":525,\"commentCount\":0,\"image\":{\"@id\":\"https:\/\/www.gaveanews.com\/index.php\/2024\/12\/16\/dirigente-do-gremio-e-sincero-sobre-busca-por-tecnico\/#primaryimage\"},\"thumbnailUrl\":\"https:\/\/www.gaveanews.com\/wp-content\/uploads\/Bandeira-do-Gremio.webp\",\"articleSection\":[\"Gr\u00eamio\"],\"inLanguage\":\"pt-BR\",\"potentialAction\":[{\"@type\":\"CommentAction\",\"name\":\"Comment\",\"target\":[\"https:\/\/www.gaveanews.com\/index.php\/2024\/12\/16\/dirigente-do-gremio-e-sincero-sobre-busca-por-tecnico\/#respond\"]}],\"copyrightYear\":\"2024\",\"copyrightHolder\":{\"@id\":\"https:\/\/www.gaveanews.com\/#organization\"}},{\"@type\":\"WebPage\",\"@id\":\"https:\/\/www.gaveanews.com\/index.php\/2024\/12\/16\/dirigente-do-gremio-e-sincero-sobre-busca-por-tecnico\/\",\"url\":\"https:\/\/www.gaveanews.com\/index.php\/2024\/12\/16\/dirigente-do-gremio-e-sincero-sobre-busca-por-tecnico\/\",\"name\":\"Dirigente do Gr\u00eamio \u00e9 sincero sobre busca por t\u00e9cnico\",\"isPartOf\":{\"@id\":\"https:\/\/www.gaveanews.com\/#website\"},\"primaryImageOfPage\":{\"@id\":\"https:\/\/www.gaveanews.com\/index.php\/2024\/12\/16\/dirigente-do-gremio-e-sincero-sobre-busca-por-tecnico\/#primaryimage\"},\"image\":{\"@id\":\"https:\/\/www.gaveanews.com\/index.php\/2024\/12\/16\/dirigente-do-gremio-e-sincero-sobre-busca-por-tecnico\/#primaryimage\"},\"thumbnailUrl\":\"https:\/\/www.gaveanews.com\/wp-content\/uploads\/Bandeira-do-Gremio.webp\",\"datePublished\":\"2024-12-16T23:45:00+00:00\",\"author\":{\"@id\":\"https:\/\/www.gaveanews.com\/#\/schema\/person\/37122681a8575a5c8db05a56f099a5e4\"},\"breadcrumb\":{\"@id\":\"https:\/\/www.gaveanews.com\/index.php\/2024\/12\/16\/dirigente-do-gremio-e-sincero-sobre-busca-por-tecnico\/#breadcrumb\"},\"inLanguage\":\"pt-BR\",\"potentialAction\":[{\"@type\":\"ReadAction\",\"target\":[\"https:\/\/www.gaveanews.com\/index.php\/2024\/12\/16\/dirigente-do-gremio-e-sincero-sobre-busca-por-tecnico\/\"]}]},{\"@type\":\"ImageObject\",\"inLanguage\":\"pt-BR\",\"@id\":\"https:\/\/www.gaveanews.com\/index.php\/2024\/12\/16\/dirigente-do-gremio-e-sincero-sobre-busca-por-tecnico\/#primaryimage\",\"url\":\"https:\/\/www.gaveanews.com\/wp-content\/uploads\/Bandeira-do-Gremio.webp\",\"contentUrl\":\"https:\/\/www.gaveanews.com\/wp-content\/uploads\/Bandeira-do-Gremio.webp\",\"width\":1043,\"height\":695,\"caption\":\"Bandeira do Gr\u00eamio (Foto: Reprodu\u00e7\u00e3o\/Gr\u00eamio)\"},{\"@type\":\"BreadcrumbList\",\"@id\":\"https:\/\/www.gaveanews.com\/index.php\/2024\/12\/16\/dirigente-do-gremio-e-sincero-sobre-busca-por-tecnico\/#breadcrumb\",\"itemListElement\":[{\"@type\":\"ListItem\",\"position\":1,\"name\":\"Home\",\"item\":\"https:\/\/www.gaveanews.com\/\"},{\"@type\":\"ListItem\",\"position\":2,\"name\":\"Dirigente do Gr\u00eamio \u00e9 sincero sobre busca por t\u00e9cnico\"}]},{\"@type\":\"WebSite\",\"@id\":\"https:\/\/www.gaveanews.com\/#website\",\"url\":\"https:\/\/www.gaveanews.com\/\",\"name\":\"G\u00e1vea News\",\"description\":\"Veja todas as not\u00edcias sobre o Flamengo: Contrata\u00e7\u00f5es, categorias de base, resultados das partidas, tabela de classifica\u00e7\u00e3o, pr\u00f3ximos jogos!\",\"potentialAction\":[{\"@type\":\"SearchAction\",\"target\":{\"@type\":\"EntryPoint\",\"urlTemplate\":\"https:\/\/www.gaveanews.com\/?s={search_term_string}\"},\"query-input\":{\"@type\":\"PropertyValueSpecification\",\"valueRequired\":true,\"valueName\":\"search_term_string\"}}],\"inLanguage\":\"pt-BR\"},{\"@type\":\"Person\",\"@id\":\"https:\/\/www.gaveanews.com\/#\/schema\/person\/37122681a8575a5c8db05a56f099a5e4\",\"name\":\"D\u00e9bora Figueiredo\",\"image\":{\"@type\":\"ImageObject\",\"inLanguage\":\"pt-BR\",\"@id\":\"https:\/\/www.gaveanews.com\/#\/schema\/person\/image\/\",\"url\":\"https:\/\/secure.gravatar.com\/avatar\/1f44802859351588499d26f52aed1d15796ce17e67602895b72837c08018868d?s=96&d=mm&r=g\",\"contentUrl\":\"https:\/\/secure.gravatar.com\/avatar\/1f44802859351588499d26f52aed1d15796ce17e67602895b72837c08018868d?s=96&d=mm&r=g\",\"caption\":\"D\u00e9bora Figueiredo\"}}]}<\/script>\n<!-- \/ Yoast SEO Premium plugin. -->","yoast_head_json":{"title":"Dirigente do Gr\u00eamio \u00e9 sincero sobre busca por t\u00e9cnico","robots":{"index":"index","follow":"follow","max-snippet":"max-snippet:-1","max-image-preview":"max-image-preview:large","max-video-preview":"max-video-preview:-1"},"canonical":"https:\/\/www.gaveanews.com\/index.php\/2024\/12\/16\/dirigente-do-gremio-e-sincero-sobre-busca-por-tecnico\/","og_locale":"pt_BR","og_type":"article","og_title":"Dirigente do Gr\u00eamio \u00e9 sincero sobre busca por t\u00e9cnico","og_description":"Confira o que ele disse O principal objetivo do Gr\u00eamio para o final do ano \u00e9 encontrar um novo treinador. Ap\u00f3s a partida de Renato Portaluppi, o Gr\u00eamio est\u00e1 avaliando o mercado e realizando entrevistas com poss\u00edveis candidatos ao posto. Neste cen\u00e1rio, na tentativa de alcan\u00e7ar um resultado, a diretoria especificou algumas prefer\u00eancias. O novo [&hellip;]","og_url":"https:\/\/www.gaveanews.com\/index.php\/2024\/12\/16\/dirigente-do-gremio-e-sincero-sobre-busca-por-tecnico\/","og_site_name":"G\u00e1vea News","article_publisher":"https:\/\/facebook.com\/gaveaNews\/","article_published_time":"2024-12-16T23:45:00+00:00","og_image":[{"width":1043,"height":695,"url":"https:\/\/www.gaveanews.com\/wp-content\/uploads\/Bandeira-do-Gremio.webp","type":"image\/webp"}],"author":"D\u00e9bora Figueiredo","twitter_card":"summary_large_image","twitter_misc":{"Escrito por":"D\u00e9bora Figueiredo","Est. tempo de leitura":"3 minutos"},"schema":{"@context":"https:\/\/schema.org","@graph":[{"@type":"NewsArticle","@id":"https:\/\/www.gaveanews.com\/index.php\/2024\/12\/16\/dirigente-do-gremio-e-sincero-sobre-busca-por-tecnico\/#article","isPartOf":{"@id":"https:\/\/www.gaveanews.com\/index.php\/2024\/12\/16\/dirigente-do-gremio-e-sincero-sobre-busca-por-tecnico\/"},"author":{"name":"D\u00e9bora Figueiredo","@id":"https:\/\/www.gaveanews.com\/#\/schema\/person\/37122681a8575a5c8db05a56f099a5e4"},"headline":"Dirigente do Gr\u00eamio \u00e9 sincero sobre busca por t\u00e9cnico","datePublished":"2024-12-16T23:45:00+00:00","mainEntityOfPage":{"@id":"https:\/\/www.gaveanews.com\/index.php\/2024\/12\/16\/dirigente-do-gremio-e-sincero-sobre-busca-por-tecnico\/"},"wordCount":525,"commentCount":0,"image":{"@id":"https:\/\/www.gaveanews.com\/index.php\/2024\/12\/16\/dirigente-do-gremio-e-sincero-sobre-busca-por-tecnico\/#primaryimage"},"thumbnailUrl":"https:\/\/www.gaveanews.com\/wp-content\/uploads\/Bandeira-do-Gremio.webp","articleSection":["Gr\u00eamio"],"inLanguage":"pt-BR","potentialAction":[{"@type":"CommentAction","name":"Comment","target":["https:\/\/www.gaveanews.com\/index.php\/2024\/12\/16\/dirigente-do-gremio-e-sincero-sobre-busca-por-tecnico\/#respond"]}],"copyrightYear":"2024","copyrightHolder":{"@id":"https:\/\/www.gaveanews.com\/#organization"}},{"@type":"WebPage","@id":"https:\/\/www.gaveanews.com\/index.php\/2024\/12\/16\/dirigente-do-gremio-e-sincero-sobre-busca-por-tecnico\/","url":"https:\/\/www.gaveanews.com\/index.php\/2024\/12\/16\/dirigente-do-gremio-e-sincero-sobre-busca-por-tecnico\/","name":"Dirigente do Gr\u00eamio \u00e9 sincero sobre busca por t\u00e9cnico","isPartOf":{"@id":"https:\/\/www.gaveanews.com\/#website"},"primaryImageOfPage":{"@id":"https:\/\/www.gaveanews.com\/index.php\/2024\/12\/16\/dirigente-do-gremio-e-sincero-sobre-busca-por-tecnico\/#primaryimage"},"image":{"@id":"https:\/\/www.gaveanews.com\/index.php\/2024\/12\/16\/dirigente-do-gremio-e-sincero-sobre-busca-por-tecnico\/#primaryimage"},"thumbnailUrl":"https:\/\/www.gaveanews.com\/wp-content\/uploads\/Bandeira-do-Gremio.webp","datePublished":"2024-12-16T23:45:00+00:00","author":{"@id":"https:\/\/www.gaveanews.com\/#\/schema\/person\/37122681a8575a5c8db05a56f099a5e4"},"breadcrumb":{"@id":"https:\/\/www.gaveanews.com\/index.php\/2024\/12\/16\/dirigente-do-gremio-e-sincero-sobre-busca-por-tecnico\/#breadcrumb"},"inLanguage":"pt-BR","potentialAction":[{"@type":"ReadAction","target":["https:\/\/www.gaveanews.com\/index.php\/2024\/12\/16\/dirigente-do-gremio-e-sincero-sobre-busca-por-tecnico\/"]}]},{"@type":"ImageObject","inLanguage":"pt-BR","@id":"https:\/\/www.gaveanews.com\/index.php\/2024\/12\/16\/dirigente-do-gremio-e-sincero-sobre-busca-por-tecnico\/#primaryimage","url":"https:\/\/www.gaveanews.com\/wp-content\/uploads\/Bandeira-do-Gremio.webp","contentUrl":"https:\/\/www.gaveanews.com\/wp-content\/uploads\/Bandeira-do-Gremio.webp","width":1043,"height":695,"caption":"Bandeira do Gr\u00eamio (Foto: Reprodu\u00e7\u00e3o\/Gr\u00eamio)"},{"@type":"BreadcrumbList","@id":"https:\/\/www.gaveanews.com\/index.php\/2024\/12\/16\/dirigente-do-gremio-e-sincero-sobre-busca-por-tecnico\/#breadcrumb","itemListElement":[{"@type":"ListItem","position":1,"name":"Home","item":"https:\/\/www.gaveanews.com\/"},{"@type":"ListItem","position":2,"name":"Dirigente do Gr\u00eamio \u00e9 sincero sobre busca por t\u00e9cnico"}]},{"@type":"WebSite","@id":"https:\/\/www.gaveanews.com\/#website","url":"https:\/\/www.gaveanews.com\/","name":"G\u00e1vea News","description":"Veja todas as not\u00edcias sobre o Flamengo: Contrata\u00e7\u00f5es, categorias de base, resultados das partidas, tabela de classifica\u00e7\u00e3o, pr\u00f3ximos jogos!","potentialAction":[{"@type":"SearchAction","target":{"@type":"EntryPoint","urlTemplate":"https:\/\/www.gaveanews.com\/?s={search_term_string}"},"query-input":{"@type":"PropertyValueSpecification","valueRequired":true,"valueName":"search_term_string"}}],"inLanguage":"pt-BR"},{"@type":"Person","@id":"https:\/\/www.gaveanews.com\/#\/schema\/person\/37122681a8575a5c8db05a56f099a5e4","name":"D\u00e9bora Figueiredo","image":{"@type":"ImageObject","inLanguage":"pt-BR","@id":"https:\/\/www.gaveanews.com\/#\/schema\/person\/image\/","url":"https:\/\/secure.gravatar.com\/avatar\/1f44802859351588499d26f52aed1d15796ce17e67602895b72837c08018868d?s=96&d=mm&r=g","contentUrl":"https:\/\/secure.gravatar.com\/avatar\/1f44802859351588499d26f52aed1d15796ce17e67602895b72837c08018868d?s=96&d=mm&r=g","caption":"D\u00e9bora Figueiredo"}}]}},"_links":{"self":[{"href":"https:\/\/www.gaveanews.com\/index.php\/wp-json\/wp\/v2\/posts\/199492","targetHints":{"allow":["GET"]}}],"collection":[{"href":"https:\/\/www.gaveanews.com\/index.php\/wp-json\/wp\/v2\/posts"}],"about":[{"href":"https:\/\/www.gaveanews.com\/index.php\/wp-json\/wp\/v2\/types\/post"}],"author":[{"embeddable":true,"href":"https:\/\/www.gaveanews.com\/index.php\/wp-json\/wp\/v2\/users\/16"}],"replies":[{"embeddable":true,"href":"https:\/\/www.gaveanews.com\/index.php\/wp-json\/wp\/v2\/comments?post=199492"}],"version-history":[{"count":1,"href":"https:\/\/www.gaveanews.com\/index.php\/wp-json\/wp\/v2\/posts\/199492\/revisions"}],"predecessor-version":[{"id":199497,"href":"https:\/\/www.gaveanews.com\/index.php\/wp-json\/wp\/v2\/posts\/199492\/revisions\/199497"}],"wp:featuredmedia":[{"embeddable":true,"href":"https:\/\/www.gaveanews.com\/index.php\/wp-json\/wp\/v2\/media\/165925"}],"wp:attachment":[{"href":"https:\/\/www.gaveanews.com\/index.php\/wp-json\/wp\/v2\/media?parent=199492"}],"wp:term":[{"taxonomy":"category","embeddable":true,"href":"https:\/\/www.gaveanews.com\/index.php\/wp-json\/wp\/v2\/categories?post=199492"},{"taxonomy":"post_tag","embeddable":true,"href":"https:\/\/www.gaveanews.com\/index.php\/wp-json\/wp\/v2\/tags?post=199492"}],"curies":[{"name":"wp","href":"https:\/\/api.w.org\/{rel}","templated":true}]}}