{"id":199531,"date":"2024-12-16T20:55:00","date_gmt":"2024-12-16T23:55:00","guid":{"rendered":"https:\/\/www.gaveanews.com\/?p=199531"},"modified":"2024-12-16T18:59:50","modified_gmt":"2024-12-16T21:59:50","slug":"vai-fechar-com-o-vasco-a-declaracao-de-bolasie-sobre-o-seu-futuro","status":"publish","type":"post","link":"https:\/\/www.gaveanews.com\/index.php\/2024\/12\/16\/vai-fechar-com-o-vasco-a-declaracao-de-bolasie-sobre-o-seu-futuro\/","title":{"rendered":"Vai fechar com o Vasco? A declara\u00e7\u00e3o de Bolasie sobre o seu futuro"},"content":{"rendered":"\n<h2 class=\"wp-block-heading\" id=\"h-veja-o-que-ele-disse\">Veja o que ele disse<\/h2>\n\n\n\n<p>Yannick Bolasie, artilheiro do Crici\u00fama em sua primeira temporada no futebol brasileiro, encerrou sua carreira no clube no dia 11 de dezembro. Ainda h\u00e1 incertezas sobre o futuro, mas se depender do atacante congol\u00eas, ele permanecer\u00e1 no pa\u00eds.<\/p>\n\n\n\n<ul class=\"wp-block-list\">\n<li><a href=\"https:\/\/www.gaveanews.com\/index.php\/2024\/12\/15\/vasco-lanca-uniforme-retro-vejas-fotos\/\">Vasco lan\u00e7a uniforme retr\u00f4; vejas fotos<\/a><\/li>\n\n\n\n<li><a href=\"https:\/\/www.gaveanews.com\/index.php\/2024\/12\/15\/vasco-recebe-otima-noticia-da-prefeitura-do-rio-de-janeiro\/\">Vasco recebe \u00f3tima not\u00edcia da prefeitura do Rio de Janeiro<br><\/a><\/li>\n<\/ul>\n\n\n\n<p>Na sexta-feira (13), Bolasie respondeu a uma publica\u00e7\u00e3o no X, o antigo Twitter, acerca da possibilidade de permanecer no Brasil:<\/p>\n\n\n\n<p>\u201cAcho que \u00e9 bem prov\u00e1vel que eu v\u00e1, eu amo isso aqui.\u201d, iniciou o jogador africano.<\/p>\n\n\n\n<figure class=\"wp-block-embed is-type-rich is-provider-twitter wp-block-embed-twitter\"><div class=\"wp-block-embed__wrapper\">\n<blockquote class=\"twitter-tweet\" data-width=\"550\" data-dnt=\"true\"><p lang=\"pt\" dir=\"ltr\">Voc\u00ea n\u00e3o vai continuar no Brasil em 2025?<\/p>&mdash; F\u00e9 pra tudo \ud83d\udda4\ud83e\udd0d (@libertados_12) <a href=\"https:\/\/twitter.com\/libertados_12\/status\/1867676256327938536?ref_src=twsrc%5Etfw\">December 13, 2024<\/a><\/blockquote><script async src=\"https:\/\/platform.twitter.com\/widgets.js\" charset=\"utf-8\"><\/script>\n<\/div><\/figure>\n\n\n\n<p>Ele n\u00e3o apenas mencionou a viv\u00eancia no Brasil, mas tamb\u00e9m aproveitou para estender a gratid\u00e3o al\u00e9m do clube que representou em 2024.<\/p>\n\n\n\n<p>\u201cAgradeci meus torcedores pelo meu clube, mas agora s\u00f3 quero agradecer a todos os f\u00e3s ador\u00e1veis no Brasil (incluindo os do Vasco). Esses 9 meses foram incr\u00edveis, vivenciei as diferentes culturas de todas as partes do Brasil e conheci pessoas maravilhosas. \u00c9 exatamente o que eu pensava que seria quando cheguei!\u201d, escreveu.<\/p>\n\n\n\n<p>\u201cO Brasil \u00e9 a casa do futebol, o amor e a paix\u00e3o pelo jogo s\u00e3o diferentes aqui. Encontrei minha verdadeira divers\u00e3o este ano e estou ansioso para 2025. As f\u00e9rias est\u00e3o chegando, desejo a todos o melhor, aproveitem, continuem sorrindo e continuem sendo incr\u00edveis\u201d, concluiu o congol\u00eas.<\/p>\n\n\n\n<h2 class=\"wp-block-heading\" id=\"h-mais-informacoes-sobre-o-atacante\">Mais informa\u00e7\u00f5es sobre o atacante<\/h2>\n\n\n\n<p>Yannick Bolasie foi uma das aquisi\u00e7\u00f5es mais comentadas da temporada no futebol brasileiro. Origin\u00e1rio da Fran\u00e7a, o atleta de 35 anos assinou contrato com o Crici\u00fama para a disputa do Brasileir\u00e3o e possui v\u00ednculo at\u00e9 o t\u00e9rmino da temporada.<\/p>\n\n\n\n<p>At\u00e9 o momento, Bolasie fez seis gols e distribuiu duas assist\u00eancias em 33 partidas com a camisa do Crici\u00fama.<\/p>\n\n\n\n<p>No dia 13 de abril, Bolasie fez sua primeira partida pelo Crici\u00fama, diante do Juventude. Duas semanas mais tarde, no dia 27 de abril, ele marcou um gol e deu duas assist\u00eancias na vit\u00f3ria por 4 a 0 sobre o Vasco.<\/p>\n\n\n\n<p>Os clubes que o iniciaram na carreira foram Hillingdon Borough, Floriana, Plymouth Argyle, Rushden &amp; Diamonds e Barnet.<\/p>\n\n\n\n<p>Em 2011, assinou com o clube que mais se destacou na sua carreira at\u00e9 agora, o Bristol City, que competia na segunda divis\u00e3o inglesa. Ele foi contratado pelo Crystal Palace para a pr\u00f3xima temporada.<\/p>\n\n\n\n<p>Na sua temporada de estreia com os Eagles, conseguiu levar a equipe \u00e0 Premier League. Permaneceu no Crystal Palace at\u00e9 2016, quando foi para o Everton.<\/p>\n\n\n\n<p>Contudo, no clube de Liverpool, teve um desempenho limitado, acumulando empr\u00e9stimos para Aston Villa, Anderlecht, Sporting e Middlesbrough.<\/p>\n\n\n\n<p>Em 2021, atuou no futebol turco, defendendo o \u00c7aykur Rizespor at\u00e9 2023, retornando ao Reino Unido para jogar pelo Swansea City. Foi transferido para o Crici\u00fama em junho de 2024.<\/p>\n\n\n\n<p>Bolasie, al\u00e9m de ser um craque no futebol, conquistou o afeto dos f\u00e3s brasileiros atrav\u00e9s do seu carisma nas redes sociais. O atleta costuma se comunicar com os f\u00e3s em portugu\u00eas, frequentemente se equivocando nas palavras e criando situa\u00e7\u00f5es divertidas.<\/p>\n","protected":false},"excerpt":{"rendered":"<p>Veja o que ele disse Yannick Bolasie, artilheiro do Crici\u00fama em sua primeira temporada no futebol brasileiro, encerrou sua carreira no clube no dia 11 de dezembro. Ainda h\u00e1 incertezas sobre o futuro, mas se depender do atacante congol\u00eas, ele permanecer\u00e1 no pa\u00eds. Na sexta-feira (13), Bolasie respondeu a uma publica\u00e7\u00e3o no X, o antigo [&hellip;]<\/p>\n","protected":false},"author":16,"featured_media":161519,"comment_status":"open","ping_status":"closed","sticky":false,"template":"","format":"standard","meta":{"footnotes":""},"categories":[152],"tags":[],"class_list":["post-199531","post","type-post","status-publish","format-standard","has-post-thumbnail","hentry","category-vasco"],"yoast_head":"<!-- This site is optimized with the Yoast SEO Premium plugin v24.2 (Yoast SEO v26.9) - https:\/\/yoast.com\/product\/yoast-seo-premium-wordpress\/ -->\n<title>Vai fechar com o Vasco? A declara\u00e7\u00e3o de Bolasie sobre o seu futuro<\/title>\n<meta name=\"robots\" content=\"index, follow, max-snippet:-1, max-image-preview:large, max-video-preview:-1\" \/>\n<link rel=\"canonical\" href=\"https:\/\/www.gaveanews.com\/index.php\/2024\/12\/16\/vai-fechar-com-o-vasco-a-declaracao-de-bolasie-sobre-o-seu-futuro\/\" \/>\n<meta property=\"og:locale\" content=\"pt_BR\" \/>\n<meta property=\"og:type\" content=\"article\" \/>\n<meta property=\"og:title\" content=\"Vai fechar com o Vasco? A declara\u00e7\u00e3o de Bolasie sobre o seu futuro\" \/>\n<meta property=\"og:description\" content=\"Veja o que ele disse Yannick Bolasie, artilheiro do Crici\u00fama em sua primeira temporada no futebol brasileiro, encerrou sua carreira no clube no dia 11 de dezembro. Ainda h\u00e1 incertezas sobre o futuro, mas se depender do atacante congol\u00eas, ele permanecer\u00e1 no pa\u00eds. Na sexta-feira (13), Bolasie respondeu a uma publica\u00e7\u00e3o no X, o antigo [&hellip;]\" \/>\n<meta property=\"og:url\" content=\"https:\/\/www.gaveanews.com\/index.php\/2024\/12\/16\/vai-fechar-com-o-vasco-a-declaracao-de-bolasie-sobre-o-seu-futuro\/\" \/>\n<meta property=\"og:site_name\" content=\"G\u00e1vea News\" \/>\n<meta property=\"article:publisher\" content=\"https:\/\/facebook.com\/gaveaNews\/\" \/>\n<meta property=\"article:published_time\" content=\"2024-12-16T23:55:00+00:00\" \/>\n<meta property=\"og:image\" content=\"https:\/\/www.gaveanews.com\/wp-content\/uploads\/Yannick-Bolasie-posa-para-foto-com-o-premio-de-craque-do-jogo.webp\" \/>\n\t<meta property=\"og:image:width\" content=\"1080\" \/>\n\t<meta property=\"og:image:height\" content=\"1185\" \/>\n\t<meta property=\"og:image:type\" content=\"image\/jpeg\" \/>\n<meta name=\"author\" content=\"D\u00e9bora Figueiredo\" \/>\n<meta name=\"twitter:card\" content=\"summary_large_image\" \/>\n<meta name=\"twitter:label1\" content=\"Escrito por\" \/>\n\t<meta name=\"twitter:data1\" content=\"D\u00e9bora Figueiredo\" \/>\n\t<meta name=\"twitter:label2\" content=\"Est. tempo de leitura\" \/>\n\t<meta name=\"twitter:data2\" content=\"3 minutos\" \/>\n<script type=\"application\/ld+json\" class=\"yoast-schema-graph\">{\"@context\":\"https:\/\/schema.org\",\"@graph\":[{\"@type\":\"NewsArticle\",\"@id\":\"https:\/\/www.gaveanews.com\/index.php\/2024\/12\/16\/vai-fechar-com-o-vasco-a-declaracao-de-bolasie-sobre-o-seu-futuro\/#article\",\"isPartOf\":{\"@id\":\"https:\/\/www.gaveanews.com\/index.php\/2024\/12\/16\/vai-fechar-com-o-vasco-a-declaracao-de-bolasie-sobre-o-seu-futuro\/\"},\"author\":{\"name\":\"D\u00e9bora Figueiredo\",\"@id\":\"https:\/\/www.gaveanews.com\/#\/schema\/person\/37122681a8575a5c8db05a56f099a5e4\"},\"headline\":\"Vai fechar com o Vasco? A declara\u00e7\u00e3o de Bolasie sobre o seu futuro\",\"datePublished\":\"2024-12-16T23:55:00+00:00\",\"mainEntityOfPage\":{\"@id\":\"https:\/\/www.gaveanews.com\/index.php\/2024\/12\/16\/vai-fechar-com-o-vasco-a-declaracao-de-bolasie-sobre-o-seu-futuro\/\"},\"wordCount\":563,\"commentCount\":0,\"image\":{\"@id\":\"https:\/\/www.gaveanews.com\/index.php\/2024\/12\/16\/vai-fechar-com-o-vasco-a-declaracao-de-bolasie-sobre-o-seu-futuro\/#primaryimage\"},\"thumbnailUrl\":\"https:\/\/www.gaveanews.com\/wp-content\/uploads\/Yannick-Bolasie-posa-para-foto-com-o-premio-de-craque-do-jogo.webp\",\"articleSection\":[\"Vasco\"],\"inLanguage\":\"pt-BR\",\"potentialAction\":[{\"@type\":\"CommentAction\",\"name\":\"Comment\",\"target\":[\"https:\/\/www.gaveanews.com\/index.php\/2024\/12\/16\/vai-fechar-com-o-vasco-a-declaracao-de-bolasie-sobre-o-seu-futuro\/#respond\"]}],\"copyrightYear\":\"2024\",\"copyrightHolder\":{\"@id\":\"https:\/\/www.gaveanews.com\/#organization\"}},{\"@type\":\"WebPage\",\"@id\":\"https:\/\/www.gaveanews.com\/index.php\/2024\/12\/16\/vai-fechar-com-o-vasco-a-declaracao-de-bolasie-sobre-o-seu-futuro\/\",\"url\":\"https:\/\/www.gaveanews.com\/index.php\/2024\/12\/16\/vai-fechar-com-o-vasco-a-declaracao-de-bolasie-sobre-o-seu-futuro\/\",\"name\":\"Vai fechar com o Vasco? A declara\u00e7\u00e3o de Bolasie sobre o seu futuro\",\"isPartOf\":{\"@id\":\"https:\/\/www.gaveanews.com\/#website\"},\"primaryImageOfPage\":{\"@id\":\"https:\/\/www.gaveanews.com\/index.php\/2024\/12\/16\/vai-fechar-com-o-vasco-a-declaracao-de-bolasie-sobre-o-seu-futuro\/#primaryimage\"},\"image\":{\"@id\":\"https:\/\/www.gaveanews.com\/index.php\/2024\/12\/16\/vai-fechar-com-o-vasco-a-declaracao-de-bolasie-sobre-o-seu-futuro\/#primaryimage\"},\"thumbnailUrl\":\"https:\/\/www.gaveanews.com\/wp-content\/uploads\/Yannick-Bolasie-posa-para-foto-com-o-premio-de-craque-do-jogo.webp\",\"datePublished\":\"2024-12-16T23:55:00+00:00\",\"author\":{\"@id\":\"https:\/\/www.gaveanews.com\/#\/schema\/person\/37122681a8575a5c8db05a56f099a5e4\"},\"breadcrumb\":{\"@id\":\"https:\/\/www.gaveanews.com\/index.php\/2024\/12\/16\/vai-fechar-com-o-vasco-a-declaracao-de-bolasie-sobre-o-seu-futuro\/#breadcrumb\"},\"inLanguage\":\"pt-BR\",\"potentialAction\":[{\"@type\":\"ReadAction\",\"target\":[\"https:\/\/www.gaveanews.com\/index.php\/2024\/12\/16\/vai-fechar-com-o-vasco-a-declaracao-de-bolasie-sobre-o-seu-futuro\/\"]}]},{\"@type\":\"ImageObject\",\"inLanguage\":\"pt-BR\",\"@id\":\"https:\/\/www.gaveanews.com\/index.php\/2024\/12\/16\/vai-fechar-com-o-vasco-a-declaracao-de-bolasie-sobre-o-seu-futuro\/#primaryimage\",\"url\":\"https:\/\/www.gaveanews.com\/wp-content\/uploads\/Yannick-Bolasie-posa-para-foto-com-o-premio-de-craque-do-jogo.webp\",\"contentUrl\":\"https:\/\/www.gaveanews.com\/wp-content\/uploads\/Yannick-Bolasie-posa-para-foto-com-o-premio-de-craque-do-jogo.webp\",\"width\":1080,\"height\":1185,\"caption\":\"Yannick Bolasie posa para foto com o pr\u00eamio de craque do jogo (Foto: Reprodu\u00e7\u00e3o\/Instagram)\"},{\"@type\":\"BreadcrumbList\",\"@id\":\"https:\/\/www.gaveanews.com\/index.php\/2024\/12\/16\/vai-fechar-com-o-vasco-a-declaracao-de-bolasie-sobre-o-seu-futuro\/#breadcrumb\",\"itemListElement\":[{\"@type\":\"ListItem\",\"position\":1,\"name\":\"Home\",\"item\":\"https:\/\/www.gaveanews.com\/\"},{\"@type\":\"ListItem\",\"position\":2,\"name\":\"Vai fechar com o Vasco? A declara\u00e7\u00e3o de Bolasie sobre o seu futuro\"}]},{\"@type\":\"WebSite\",\"@id\":\"https:\/\/www.gaveanews.com\/#website\",\"url\":\"https:\/\/www.gaveanews.com\/\",\"name\":\"G\u00e1vea News\",\"description\":\"Veja todas as not\u00edcias sobre o Flamengo: Contrata\u00e7\u00f5es, categorias de base, resultados das partidas, tabela de classifica\u00e7\u00e3o, pr\u00f3ximos jogos!\",\"potentialAction\":[{\"@type\":\"SearchAction\",\"target\":{\"@type\":\"EntryPoint\",\"urlTemplate\":\"https:\/\/www.gaveanews.com\/?s={search_term_string}\"},\"query-input\":{\"@type\":\"PropertyValueSpecification\",\"valueRequired\":true,\"valueName\":\"search_term_string\"}}],\"inLanguage\":\"pt-BR\"},{\"@type\":\"Person\",\"@id\":\"https:\/\/www.gaveanews.com\/#\/schema\/person\/37122681a8575a5c8db05a56f099a5e4\",\"name\":\"D\u00e9bora Figueiredo\",\"image\":{\"@type\":\"ImageObject\",\"inLanguage\":\"pt-BR\",\"@id\":\"https:\/\/www.gaveanews.com\/#\/schema\/person\/image\/\",\"url\":\"https:\/\/secure.gravatar.com\/avatar\/1f44802859351588499d26f52aed1d15796ce17e67602895b72837c08018868d?s=96&d=mm&r=g\",\"contentUrl\":\"https:\/\/secure.gravatar.com\/avatar\/1f44802859351588499d26f52aed1d15796ce17e67602895b72837c08018868d?s=96&d=mm&r=g\",\"caption\":\"D\u00e9bora Figueiredo\"}}]}<\/script>\n<!-- \/ Yoast SEO Premium plugin. -->","yoast_head_json":{"title":"Vai fechar com o Vasco? A declara\u00e7\u00e3o de Bolasie sobre o seu futuro","robots":{"index":"index","follow":"follow","max-snippet":"max-snippet:-1","max-image-preview":"max-image-preview:large","max-video-preview":"max-video-preview:-1"},"canonical":"https:\/\/www.gaveanews.com\/index.php\/2024\/12\/16\/vai-fechar-com-o-vasco-a-declaracao-de-bolasie-sobre-o-seu-futuro\/","og_locale":"pt_BR","og_type":"article","og_title":"Vai fechar com o Vasco? A declara\u00e7\u00e3o de Bolasie sobre o seu futuro","og_description":"Veja o que ele disse Yannick Bolasie, artilheiro do Crici\u00fama em sua primeira temporada no futebol brasileiro, encerrou sua carreira no clube no dia 11 de dezembro. Ainda h\u00e1 incertezas sobre o futuro, mas se depender do atacante congol\u00eas, ele permanecer\u00e1 no pa\u00eds. Na sexta-feira (13), Bolasie respondeu a uma publica\u00e7\u00e3o no X, o antigo [&hellip;]","og_url":"https:\/\/www.gaveanews.com\/index.php\/2024\/12\/16\/vai-fechar-com-o-vasco-a-declaracao-de-bolasie-sobre-o-seu-futuro\/","og_site_name":"G\u00e1vea News","article_publisher":"https:\/\/facebook.com\/gaveaNews\/","article_published_time":"2024-12-16T23:55:00+00:00","og_image":[{"width":1080,"height":1185,"url":"https:\/\/www.gaveanews.com\/wp-content\/uploads\/Yannick-Bolasie-posa-para-foto-com-o-premio-de-craque-do-jogo.webp","type":"image\/jpeg"}],"author":"D\u00e9bora Figueiredo","twitter_card":"summary_large_image","twitter_misc":{"Escrito por":"D\u00e9bora Figueiredo","Est. tempo de leitura":"3 minutos"},"schema":{"@context":"https:\/\/schema.org","@graph":[{"@type":"NewsArticle","@id":"https:\/\/www.gaveanews.com\/index.php\/2024\/12\/16\/vai-fechar-com-o-vasco-a-declaracao-de-bolasie-sobre-o-seu-futuro\/#article","isPartOf":{"@id":"https:\/\/www.gaveanews.com\/index.php\/2024\/12\/16\/vai-fechar-com-o-vasco-a-declaracao-de-bolasie-sobre-o-seu-futuro\/"},"author":{"name":"D\u00e9bora Figueiredo","@id":"https:\/\/www.gaveanews.com\/#\/schema\/person\/37122681a8575a5c8db05a56f099a5e4"},"headline":"Vai fechar com o Vasco? A declara\u00e7\u00e3o de Bolasie sobre o seu futuro","datePublished":"2024-12-16T23:55:00+00:00","mainEntityOfPage":{"@id":"https:\/\/www.gaveanews.com\/index.php\/2024\/12\/16\/vai-fechar-com-o-vasco-a-declaracao-de-bolasie-sobre-o-seu-futuro\/"},"wordCount":563,"commentCount":0,"image":{"@id":"https:\/\/www.gaveanews.com\/index.php\/2024\/12\/16\/vai-fechar-com-o-vasco-a-declaracao-de-bolasie-sobre-o-seu-futuro\/#primaryimage"},"thumbnailUrl":"https:\/\/www.gaveanews.com\/wp-content\/uploads\/Yannick-Bolasie-posa-para-foto-com-o-premio-de-craque-do-jogo.webp","articleSection":["Vasco"],"inLanguage":"pt-BR","potentialAction":[{"@type":"CommentAction","name":"Comment","target":["https:\/\/www.gaveanews.com\/index.php\/2024\/12\/16\/vai-fechar-com-o-vasco-a-declaracao-de-bolasie-sobre-o-seu-futuro\/#respond"]}],"copyrightYear":"2024","copyrightHolder":{"@id":"https:\/\/www.gaveanews.com\/#organization"}},{"@type":"WebPage","@id":"https:\/\/www.gaveanews.com\/index.php\/2024\/12\/16\/vai-fechar-com-o-vasco-a-declaracao-de-bolasie-sobre-o-seu-futuro\/","url":"https:\/\/www.gaveanews.com\/index.php\/2024\/12\/16\/vai-fechar-com-o-vasco-a-declaracao-de-bolasie-sobre-o-seu-futuro\/","name":"Vai fechar com o Vasco? A declara\u00e7\u00e3o de Bolasie sobre o seu futuro","isPartOf":{"@id":"https:\/\/www.gaveanews.com\/#website"},"primaryImageOfPage":{"@id":"https:\/\/www.gaveanews.com\/index.php\/2024\/12\/16\/vai-fechar-com-o-vasco-a-declaracao-de-bolasie-sobre-o-seu-futuro\/#primaryimage"},"image":{"@id":"https:\/\/www.gaveanews.com\/index.php\/2024\/12\/16\/vai-fechar-com-o-vasco-a-declaracao-de-bolasie-sobre-o-seu-futuro\/#primaryimage"},"thumbnailUrl":"https:\/\/www.gaveanews.com\/wp-content\/uploads\/Yannick-Bolasie-posa-para-foto-com-o-premio-de-craque-do-jogo.webp","datePublished":"2024-12-16T23:55:00+00:00","author":{"@id":"https:\/\/www.gaveanews.com\/#\/schema\/person\/37122681a8575a5c8db05a56f099a5e4"},"breadcrumb":{"@id":"https:\/\/www.gaveanews.com\/index.php\/2024\/12\/16\/vai-fechar-com-o-vasco-a-declaracao-de-bolasie-sobre-o-seu-futuro\/#breadcrumb"},"inLanguage":"pt-BR","potentialAction":[{"@type":"ReadAction","target":["https:\/\/www.gaveanews.com\/index.php\/2024\/12\/16\/vai-fechar-com-o-vasco-a-declaracao-de-bolasie-sobre-o-seu-futuro\/"]}]},{"@type":"ImageObject","inLanguage":"pt-BR","@id":"https:\/\/www.gaveanews.com\/index.php\/2024\/12\/16\/vai-fechar-com-o-vasco-a-declaracao-de-bolasie-sobre-o-seu-futuro\/#primaryimage","url":"https:\/\/www.gaveanews.com\/wp-content\/uploads\/Yannick-Bolasie-posa-para-foto-com-o-premio-de-craque-do-jogo.webp","contentUrl":"https:\/\/www.gaveanews.com\/wp-content\/uploads\/Yannick-Bolasie-posa-para-foto-com-o-premio-de-craque-do-jogo.webp","width":1080,"height":1185,"caption":"Yannick Bolasie posa para foto com o pr\u00eamio de craque do jogo (Foto: Reprodu\u00e7\u00e3o\/Instagram)"},{"@type":"BreadcrumbList","@id":"https:\/\/www.gaveanews.com\/index.php\/2024\/12\/16\/vai-fechar-com-o-vasco-a-declaracao-de-bolasie-sobre-o-seu-futuro\/#breadcrumb","itemListElement":[{"@type":"ListItem","position":1,"name":"Home","item":"https:\/\/www.gaveanews.com\/"},{"@type":"ListItem","position":2,"name":"Vai fechar com o Vasco? A declara\u00e7\u00e3o de Bolasie sobre o seu futuro"}]},{"@type":"WebSite","@id":"https:\/\/www.gaveanews.com\/#website","url":"https:\/\/www.gaveanews.com\/","name":"G\u00e1vea News","description":"Veja todas as not\u00edcias sobre o Flamengo: Contrata\u00e7\u00f5es, categorias de base, resultados das partidas, tabela de classifica\u00e7\u00e3o, pr\u00f3ximos jogos!","potentialAction":[{"@type":"SearchAction","target":{"@type":"EntryPoint","urlTemplate":"https:\/\/www.gaveanews.com\/?s={search_term_string}"},"query-input":{"@type":"PropertyValueSpecification","valueRequired":true,"valueName":"search_term_string"}}],"inLanguage":"pt-BR"},{"@type":"Person","@id":"https:\/\/www.gaveanews.com\/#\/schema\/person\/37122681a8575a5c8db05a56f099a5e4","name":"D\u00e9bora Figueiredo","image":{"@type":"ImageObject","inLanguage":"pt-BR","@id":"https:\/\/www.gaveanews.com\/#\/schema\/person\/image\/","url":"https:\/\/secure.gravatar.com\/avatar\/1f44802859351588499d26f52aed1d15796ce17e67602895b72837c08018868d?s=96&d=mm&r=g","contentUrl":"https:\/\/secure.gravatar.com\/avatar\/1f44802859351588499d26f52aed1d15796ce17e67602895b72837c08018868d?s=96&d=mm&r=g","caption":"D\u00e9bora Figueiredo"}}]}},"_links":{"self":[{"href":"https:\/\/www.gaveanews.com\/index.php\/wp-json\/wp\/v2\/posts\/199531","targetHints":{"allow":["GET"]}}],"collection":[{"href":"https:\/\/www.gaveanews.com\/index.php\/wp-json\/wp\/v2\/posts"}],"about":[{"href":"https:\/\/www.gaveanews.com\/index.php\/wp-json\/wp\/v2\/types\/post"}],"author":[{"embeddable":true,"href":"https:\/\/www.gaveanews.com\/index.php\/wp-json\/wp\/v2\/users\/16"}],"replies":[{"embeddable":true,"href":"https:\/\/www.gaveanews.com\/index.php\/wp-json\/wp\/v2\/comments?post=199531"}],"version-history":[{"count":1,"href":"https:\/\/www.gaveanews.com\/index.php\/wp-json\/wp\/v2\/posts\/199531\/revisions"}],"predecessor-version":[{"id":199536,"href":"https:\/\/www.gaveanews.com\/index.php\/wp-json\/wp\/v2\/posts\/199531\/revisions\/199536"}],"wp:featuredmedia":[{"embeddable":true,"href":"https:\/\/www.gaveanews.com\/index.php\/wp-json\/wp\/v2\/media\/161519"}],"wp:attachment":[{"href":"https:\/\/www.gaveanews.com\/index.php\/wp-json\/wp\/v2\/media?parent=199531"}],"wp:term":[{"taxonomy":"category","embeddable":true,"href":"https:\/\/www.gaveanews.com\/index.php\/wp-json\/wp\/v2\/categories?post=199531"},{"taxonomy":"post_tag","embeddable":true,"href":"https:\/\/www.gaveanews.com\/index.php\/wp-json\/wp\/v2\/tags?post=199531"}],"curies":[{"name":"wp","href":"https:\/\/api.w.org\/{rel}","templated":true}]}}