{"id":199544,"date":"2024-12-16T21:00:00","date_gmt":"2024-12-17T00:00:00","guid":{"rendered":"https:\/\/www.gaveanews.com\/?p=199544"},"modified":"2024-12-16T19:04:48","modified_gmt":"2024-12-16T22:04:48","slug":"atitude-da-diretoria-do-corinthians-vai-ajudar-contratacao-por-parte-do-sao-paulo","status":"publish","type":"post","link":"https:\/\/www.gaveanews.com\/index.php\/2024\/12\/16\/atitude-da-diretoria-do-corinthians-vai-ajudar-contratacao-por-parte-do-sao-paulo\/","title":{"rendered":"Atitude da diretoria do Corinthians vai ajudar contrata\u00e7\u00e3o por parte do S\u00e3o Paulo"},"content":{"rendered":"\n<h2 class=\"wp-block-heading\" id=\"h-corinthians-desiste-de-wendell-e-segue-em-busca-de-reforco-para-a-lateral-esquerda\">Corinthians desiste de Wendell e segue em busca de refor\u00e7o para a lateral esquerda<\/h2>\n\n\n\n<p>O Corinthians decidiu encerrar as negocia\u00e7\u00f5es pela contrata\u00e7\u00e3o do lateral-esquerdo Wendell, do Porto. Apesar do interesse inicial no jogador de 31 anos, o clube alvinegro havia condicionado o avan\u00e7o nas tratativas \u00e0 rescis\u00e3o de contrato do atleta com a equipe portuguesa, algo que n\u00e3o foi concretizado.<\/p>\n\n\n\n<ul class=\"wp-block-list\">\n<li><a href=\"https:\/\/www.gaveanews.com\/index.php\/2024\/11\/27\/luiz-gustavo-alisson-lucas-moura-robert-arboleda-luciano-alan-franco-igor-vinicius-welington-michel-araujo-e-rafael-os-jogadores-do-sao-paulo-com-mais-passes-certos-no-brasileirao\/\">Luiz Gustavo, Alisson, Lucas Moura, Robert Arboleda, Luciano, Alan Franco, Igor Vin\u00edcius, Welington, Michel Ara\u00fajo e Rafael: os jogadores do S\u00e3o Paulo com mais passes certos no Brasileir\u00e3o<\/a><\/li>\n\n\n\n<li><a href=\"https:\/\/www.gaveanews.com\/index.php\/2024\/12\/13\/reforco-para-2025-renovacao-ate-2028-e-jogadores-oferecidos-a-rivais-as-ultimas-noticias-do-sao-paulo\/\">Refor\u00e7o para 2025, renova\u00e7\u00e3o at\u00e9 2028 e jogadores oferecidos a rivais: as \u00faltimas not\u00edcias do S\u00e3o Paulo<\/a><\/li>\n<\/ul>\n\n\n\n<p>Com v\u00ednculo com o Porto at\u00e9 o meio da pr\u00f3xima temporada, Wendell avan\u00e7ou nas negocia\u00e7\u00f5es com o S\u00e3o Paulo, que est\u00e1 disposto a investir financeiramente ou incluir jogadores para antecipar a libera\u00e7\u00e3o do lateral. Diante disso, a diretoria do Corinthians optou por se retirar da disputa e voltar ao mercado em busca de outras op\u00e7\u00f5es para a posi\u00e7\u00e3o.<\/p>\n\n\n\n<p>A lateral esquerda \u00e9 uma das prioridades do Corinthians para 2025, uma vez que a posi\u00e7\u00e3o apresentou problemas ao longo da \u00faltima temporada. O atual elenco conta com tr\u00eas jogadores para o setor: Matheus Bidu, Hugo e Diego Palacios. Este \u00faltimo, entretanto, teve uma participa\u00e7\u00e3o extremamente limitada em 2024, jogando apenas 45 minutos antes de sofrer uma grave les\u00e3o no joelho que o levou \u00e0 cirurgia.<\/p>\n\n\n\n<p>Matheus Bidu, titular em boa parte da temporada, oscilou em desempenho, enquanto Hugo teve poucas oportunidades e n\u00e3o se firmou.<\/p>\n\n\n\n<p> Assim, a comiss\u00e3o t\u00e9cnica e o departamento de futebol identificaram a necessidade de trazer um atleta mais consolidado para a posi\u00e7\u00e3o.<\/p>\n\n\n\n<p>A decis\u00e3o de desistir de Wendell est\u00e1 alinhada \u00e0 pol\u00edtica recente do Corinthians, que busca evitar grandes investimentos na aquisi\u00e7\u00e3o de direitos econ\u00f4micos, preferindo jogadores livres no mercado e com sal\u00e1rios dentro da capacidade or\u00e7ament\u00e1ria do clube.<\/p>\n","protected":false},"excerpt":{"rendered":"<p>Corinthians desiste de Wendell e segue em busca de refor\u00e7o para a lateral esquerda O Corinthians decidiu encerrar as negocia\u00e7\u00f5es pela contrata\u00e7\u00e3o do lateral-esquerdo Wendell, do Porto. Apesar do interesse inicial no jogador de 31 anos, o clube alvinegro havia condicionado o avan\u00e7o nas tratativas \u00e0 rescis\u00e3o de contrato do atleta com a equipe portuguesa, [&hellip;]<\/p>\n","protected":false},"author":17,"featured_media":146952,"comment_status":"open","ping_status":"closed","sticky":false,"template":"","format":"standard","meta":{"footnotes":""},"categories":[151],"tags":[],"class_list":["post-199544","post","type-post","status-publish","format-standard","has-post-thumbnail","hentry","category-sao-paulo"],"yoast_head":"<!-- This site is optimized with the Yoast SEO Premium plugin v24.2 (Yoast SEO v26.9) - https:\/\/yoast.com\/product\/yoast-seo-premium-wordpress\/ -->\n<title>Atitude da diretoria do Corinthians vai ajudar contrata\u00e7\u00e3o por parte do S\u00e3o Paulo<\/title>\n<meta name=\"robots\" content=\"index, follow, max-snippet:-1, max-image-preview:large, max-video-preview:-1\" \/>\n<link rel=\"canonical\" href=\"https:\/\/www.gaveanews.com\/index.php\/2024\/12\/16\/atitude-da-diretoria-do-corinthians-vai-ajudar-contratacao-por-parte-do-sao-paulo\/\" \/>\n<meta property=\"og:locale\" content=\"pt_BR\" \/>\n<meta property=\"og:type\" content=\"article\" \/>\n<meta property=\"og:title\" content=\"Atitude da diretoria do Corinthians vai ajudar contrata\u00e7\u00e3o por parte do S\u00e3o Paulo\" \/>\n<meta property=\"og:description\" content=\"Corinthians desiste de Wendell e segue em busca de refor\u00e7o para a lateral esquerda O Corinthians decidiu encerrar as negocia\u00e7\u00f5es pela contrata\u00e7\u00e3o do lateral-esquerdo Wendell, do Porto. Apesar do interesse inicial no jogador de 31 anos, o clube alvinegro havia condicionado o avan\u00e7o nas tratativas \u00e0 rescis\u00e3o de contrato do atleta com a equipe portuguesa, [&hellip;]\" \/>\n<meta property=\"og:url\" content=\"https:\/\/www.gaveanews.com\/index.php\/2024\/12\/16\/atitude-da-diretoria-do-corinthians-vai-ajudar-contratacao-por-parte-do-sao-paulo\/\" \/>\n<meta property=\"og:site_name\" content=\"G\u00e1vea News\" \/>\n<meta property=\"article:publisher\" content=\"https:\/\/facebook.com\/gaveaNews\/\" \/>\n<meta property=\"article:published_time\" content=\"2024-12-17T00:00:00+00:00\" \/>\n<meta property=\"og:image\" content=\"https:\/\/www.gaveanews.com\/wp-content\/uploads\/Bandeira-do-Corinthians.webp\" \/>\n\t<meta property=\"og:image:width\" content=\"1048\" \/>\n\t<meta property=\"og:image:height\" content=\"699\" \/>\n\t<meta property=\"og:image:type\" content=\"image\/webp\" \/>\n<meta name=\"author\" content=\"Geovanna Thomaz\" \/>\n<meta name=\"twitter:card\" content=\"summary_large_image\" \/>\n<meta name=\"twitter:label1\" content=\"Escrito por\" \/>\n\t<meta name=\"twitter:data1\" content=\"Geovanna Thomaz\" \/>\n\t<meta name=\"twitter:label2\" content=\"Est. tempo de leitura\" \/>\n\t<meta name=\"twitter:data2\" content=\"2 minutos\" \/>\n<script type=\"application\/ld+json\" class=\"yoast-schema-graph\">{\"@context\":\"https:\/\/schema.org\",\"@graph\":[{\"@type\":\"NewsArticle\",\"@id\":\"https:\/\/www.gaveanews.com\/index.php\/2024\/12\/16\/atitude-da-diretoria-do-corinthians-vai-ajudar-contratacao-por-parte-do-sao-paulo\/#article\",\"isPartOf\":{\"@id\":\"https:\/\/www.gaveanews.com\/index.php\/2024\/12\/16\/atitude-da-diretoria-do-corinthians-vai-ajudar-contratacao-por-parte-do-sao-paulo\/\"},\"author\":{\"name\":\"Geovanna Thomaz\",\"@id\":\"https:\/\/www.gaveanews.com\/#\/schema\/person\/f42654babcd2b2014a1a65af82b081f1\"},\"headline\":\"Atitude da diretoria do Corinthians vai ajudar contrata\u00e7\u00e3o por parte do S\u00e3o Paulo\",\"datePublished\":\"2024-12-17T00:00:00+00:00\",\"mainEntityOfPage\":{\"@id\":\"https:\/\/www.gaveanews.com\/index.php\/2024\/12\/16\/atitude-da-diretoria-do-corinthians-vai-ajudar-contratacao-por-parte-do-sao-paulo\/\"},\"wordCount\":349,\"commentCount\":0,\"image\":{\"@id\":\"https:\/\/www.gaveanews.com\/index.php\/2024\/12\/16\/atitude-da-diretoria-do-corinthians-vai-ajudar-contratacao-por-parte-do-sao-paulo\/#primaryimage\"},\"thumbnailUrl\":\"https:\/\/www.gaveanews.com\/wp-content\/uploads\/Bandeira-do-Corinthians.webp\",\"articleSection\":[\"S\u00e3o Paulo\"],\"inLanguage\":\"pt-BR\",\"potentialAction\":[{\"@type\":\"CommentAction\",\"name\":\"Comment\",\"target\":[\"https:\/\/www.gaveanews.com\/index.php\/2024\/12\/16\/atitude-da-diretoria-do-corinthians-vai-ajudar-contratacao-por-parte-do-sao-paulo\/#respond\"]}],\"copyrightYear\":\"2024\",\"copyrightHolder\":{\"@id\":\"https:\/\/www.gaveanews.com\/#organization\"}},{\"@type\":\"WebPage\",\"@id\":\"https:\/\/www.gaveanews.com\/index.php\/2024\/12\/16\/atitude-da-diretoria-do-corinthians-vai-ajudar-contratacao-por-parte-do-sao-paulo\/\",\"url\":\"https:\/\/www.gaveanews.com\/index.php\/2024\/12\/16\/atitude-da-diretoria-do-corinthians-vai-ajudar-contratacao-por-parte-do-sao-paulo\/\",\"name\":\"Atitude da diretoria do Corinthians vai ajudar contrata\u00e7\u00e3o por parte do S\u00e3o Paulo\",\"isPartOf\":{\"@id\":\"https:\/\/www.gaveanews.com\/#website\"},\"primaryImageOfPage\":{\"@id\":\"https:\/\/www.gaveanews.com\/index.php\/2024\/12\/16\/atitude-da-diretoria-do-corinthians-vai-ajudar-contratacao-por-parte-do-sao-paulo\/#primaryimage\"},\"image\":{\"@id\":\"https:\/\/www.gaveanews.com\/index.php\/2024\/12\/16\/atitude-da-diretoria-do-corinthians-vai-ajudar-contratacao-por-parte-do-sao-paulo\/#primaryimage\"},\"thumbnailUrl\":\"https:\/\/www.gaveanews.com\/wp-content\/uploads\/Bandeira-do-Corinthians.webp\",\"datePublished\":\"2024-12-17T00:00:00+00:00\",\"author\":{\"@id\":\"https:\/\/www.gaveanews.com\/#\/schema\/person\/f42654babcd2b2014a1a65af82b081f1\"},\"breadcrumb\":{\"@id\":\"https:\/\/www.gaveanews.com\/index.php\/2024\/12\/16\/atitude-da-diretoria-do-corinthians-vai-ajudar-contratacao-por-parte-do-sao-paulo\/#breadcrumb\"},\"inLanguage\":\"pt-BR\",\"potentialAction\":[{\"@type\":\"ReadAction\",\"target\":[\"https:\/\/www.gaveanews.com\/index.php\/2024\/12\/16\/atitude-da-diretoria-do-corinthians-vai-ajudar-contratacao-por-parte-do-sao-paulo\/\"]}]},{\"@type\":\"ImageObject\",\"inLanguage\":\"pt-BR\",\"@id\":\"https:\/\/www.gaveanews.com\/index.php\/2024\/12\/16\/atitude-da-diretoria-do-corinthians-vai-ajudar-contratacao-por-parte-do-sao-paulo\/#primaryimage\",\"url\":\"https:\/\/www.gaveanews.com\/wp-content\/uploads\/Bandeira-do-Corinthians.webp\",\"contentUrl\":\"https:\/\/www.gaveanews.com\/wp-content\/uploads\/Bandeira-do-Corinthians.webp\",\"width\":1048,\"height\":699,\"caption\":\"Bandeira do Corinthians (Foto Reprodu\u00e7\u00e3o\/Instagram)\"},{\"@type\":\"BreadcrumbList\",\"@id\":\"https:\/\/www.gaveanews.com\/index.php\/2024\/12\/16\/atitude-da-diretoria-do-corinthians-vai-ajudar-contratacao-por-parte-do-sao-paulo\/#breadcrumb\",\"itemListElement\":[{\"@type\":\"ListItem\",\"position\":1,\"name\":\"Home\",\"item\":\"https:\/\/www.gaveanews.com\/\"},{\"@type\":\"ListItem\",\"position\":2,\"name\":\"Atitude da diretoria do Corinthians vai ajudar contrata\u00e7\u00e3o por parte do S\u00e3o Paulo\"}]},{\"@type\":\"WebSite\",\"@id\":\"https:\/\/www.gaveanews.com\/#website\",\"url\":\"https:\/\/www.gaveanews.com\/\",\"name\":\"G\u00e1vea News\",\"description\":\"Veja todas as not\u00edcias sobre o Flamengo: Contrata\u00e7\u00f5es, categorias de base, resultados das partidas, tabela de classifica\u00e7\u00e3o, pr\u00f3ximos jogos!\",\"potentialAction\":[{\"@type\":\"SearchAction\",\"target\":{\"@type\":\"EntryPoint\",\"urlTemplate\":\"https:\/\/www.gaveanews.com\/?s={search_term_string}\"},\"query-input\":{\"@type\":\"PropertyValueSpecification\",\"valueRequired\":true,\"valueName\":\"search_term_string\"}}],\"inLanguage\":\"pt-BR\"},{\"@type\":\"Person\",\"@id\":\"https:\/\/www.gaveanews.com\/#\/schema\/person\/f42654babcd2b2014a1a65af82b081f1\",\"name\":\"Geovanna Thomaz\",\"image\":{\"@type\":\"ImageObject\",\"inLanguage\":\"pt-BR\",\"@id\":\"https:\/\/www.gaveanews.com\/#\/schema\/person\/image\/\",\"url\":\"https:\/\/secure.gravatar.com\/avatar\/4092073255489533afb558984b49b64268c47198af8623cc82a925ae9fb7118a?s=96&d=mm&r=g\",\"contentUrl\":\"https:\/\/secure.gravatar.com\/avatar\/4092073255489533afb558984b49b64268c47198af8623cc82a925ae9fb7118a?s=96&d=mm&r=g\",\"caption\":\"Geovanna Thomaz\"}}]}<\/script>\n<!-- \/ Yoast SEO Premium plugin. -->","yoast_head_json":{"title":"Atitude da diretoria do Corinthians vai ajudar contrata\u00e7\u00e3o por parte do S\u00e3o Paulo","robots":{"index":"index","follow":"follow","max-snippet":"max-snippet:-1","max-image-preview":"max-image-preview:large","max-video-preview":"max-video-preview:-1"},"canonical":"https:\/\/www.gaveanews.com\/index.php\/2024\/12\/16\/atitude-da-diretoria-do-corinthians-vai-ajudar-contratacao-por-parte-do-sao-paulo\/","og_locale":"pt_BR","og_type":"article","og_title":"Atitude da diretoria do Corinthians vai ajudar contrata\u00e7\u00e3o por parte do S\u00e3o Paulo","og_description":"Corinthians desiste de Wendell e segue em busca de refor\u00e7o para a lateral esquerda O Corinthians decidiu encerrar as negocia\u00e7\u00f5es pela contrata\u00e7\u00e3o do lateral-esquerdo Wendell, do Porto. Apesar do interesse inicial no jogador de 31 anos, o clube alvinegro havia condicionado o avan\u00e7o nas tratativas \u00e0 rescis\u00e3o de contrato do atleta com a equipe portuguesa, [&hellip;]","og_url":"https:\/\/www.gaveanews.com\/index.php\/2024\/12\/16\/atitude-da-diretoria-do-corinthians-vai-ajudar-contratacao-por-parte-do-sao-paulo\/","og_site_name":"G\u00e1vea News","article_publisher":"https:\/\/facebook.com\/gaveaNews\/","article_published_time":"2024-12-17T00:00:00+00:00","og_image":[{"width":1048,"height":699,"url":"https:\/\/www.gaveanews.com\/wp-content\/uploads\/Bandeira-do-Corinthians.webp","type":"image\/webp"}],"author":"Geovanna Thomaz","twitter_card":"summary_large_image","twitter_misc":{"Escrito por":"Geovanna Thomaz","Est. tempo de leitura":"2 minutos"},"schema":{"@context":"https:\/\/schema.org","@graph":[{"@type":"NewsArticle","@id":"https:\/\/www.gaveanews.com\/index.php\/2024\/12\/16\/atitude-da-diretoria-do-corinthians-vai-ajudar-contratacao-por-parte-do-sao-paulo\/#article","isPartOf":{"@id":"https:\/\/www.gaveanews.com\/index.php\/2024\/12\/16\/atitude-da-diretoria-do-corinthians-vai-ajudar-contratacao-por-parte-do-sao-paulo\/"},"author":{"name":"Geovanna Thomaz","@id":"https:\/\/www.gaveanews.com\/#\/schema\/person\/f42654babcd2b2014a1a65af82b081f1"},"headline":"Atitude da diretoria do Corinthians vai ajudar contrata\u00e7\u00e3o por parte do S\u00e3o Paulo","datePublished":"2024-12-17T00:00:00+00:00","mainEntityOfPage":{"@id":"https:\/\/www.gaveanews.com\/index.php\/2024\/12\/16\/atitude-da-diretoria-do-corinthians-vai-ajudar-contratacao-por-parte-do-sao-paulo\/"},"wordCount":349,"commentCount":0,"image":{"@id":"https:\/\/www.gaveanews.com\/index.php\/2024\/12\/16\/atitude-da-diretoria-do-corinthians-vai-ajudar-contratacao-por-parte-do-sao-paulo\/#primaryimage"},"thumbnailUrl":"https:\/\/www.gaveanews.com\/wp-content\/uploads\/Bandeira-do-Corinthians.webp","articleSection":["S\u00e3o Paulo"],"inLanguage":"pt-BR","potentialAction":[{"@type":"CommentAction","name":"Comment","target":["https:\/\/www.gaveanews.com\/index.php\/2024\/12\/16\/atitude-da-diretoria-do-corinthians-vai-ajudar-contratacao-por-parte-do-sao-paulo\/#respond"]}],"copyrightYear":"2024","copyrightHolder":{"@id":"https:\/\/www.gaveanews.com\/#organization"}},{"@type":"WebPage","@id":"https:\/\/www.gaveanews.com\/index.php\/2024\/12\/16\/atitude-da-diretoria-do-corinthians-vai-ajudar-contratacao-por-parte-do-sao-paulo\/","url":"https:\/\/www.gaveanews.com\/index.php\/2024\/12\/16\/atitude-da-diretoria-do-corinthians-vai-ajudar-contratacao-por-parte-do-sao-paulo\/","name":"Atitude da diretoria do Corinthians vai ajudar contrata\u00e7\u00e3o por parte do S\u00e3o Paulo","isPartOf":{"@id":"https:\/\/www.gaveanews.com\/#website"},"primaryImageOfPage":{"@id":"https:\/\/www.gaveanews.com\/index.php\/2024\/12\/16\/atitude-da-diretoria-do-corinthians-vai-ajudar-contratacao-por-parte-do-sao-paulo\/#primaryimage"},"image":{"@id":"https:\/\/www.gaveanews.com\/index.php\/2024\/12\/16\/atitude-da-diretoria-do-corinthians-vai-ajudar-contratacao-por-parte-do-sao-paulo\/#primaryimage"},"thumbnailUrl":"https:\/\/www.gaveanews.com\/wp-content\/uploads\/Bandeira-do-Corinthians.webp","datePublished":"2024-12-17T00:00:00+00:00","author":{"@id":"https:\/\/www.gaveanews.com\/#\/schema\/person\/f42654babcd2b2014a1a65af82b081f1"},"breadcrumb":{"@id":"https:\/\/www.gaveanews.com\/index.php\/2024\/12\/16\/atitude-da-diretoria-do-corinthians-vai-ajudar-contratacao-por-parte-do-sao-paulo\/#breadcrumb"},"inLanguage":"pt-BR","potentialAction":[{"@type":"ReadAction","target":["https:\/\/www.gaveanews.com\/index.php\/2024\/12\/16\/atitude-da-diretoria-do-corinthians-vai-ajudar-contratacao-por-parte-do-sao-paulo\/"]}]},{"@type":"ImageObject","inLanguage":"pt-BR","@id":"https:\/\/www.gaveanews.com\/index.php\/2024\/12\/16\/atitude-da-diretoria-do-corinthians-vai-ajudar-contratacao-por-parte-do-sao-paulo\/#primaryimage","url":"https:\/\/www.gaveanews.com\/wp-content\/uploads\/Bandeira-do-Corinthians.webp","contentUrl":"https:\/\/www.gaveanews.com\/wp-content\/uploads\/Bandeira-do-Corinthians.webp","width":1048,"height":699,"caption":"Bandeira do Corinthians (Foto Reprodu\u00e7\u00e3o\/Instagram)"},{"@type":"BreadcrumbList","@id":"https:\/\/www.gaveanews.com\/index.php\/2024\/12\/16\/atitude-da-diretoria-do-corinthians-vai-ajudar-contratacao-por-parte-do-sao-paulo\/#breadcrumb","itemListElement":[{"@type":"ListItem","position":1,"name":"Home","item":"https:\/\/www.gaveanews.com\/"},{"@type":"ListItem","position":2,"name":"Atitude da diretoria do Corinthians vai ajudar contrata\u00e7\u00e3o por parte do S\u00e3o Paulo"}]},{"@type":"WebSite","@id":"https:\/\/www.gaveanews.com\/#website","url":"https:\/\/www.gaveanews.com\/","name":"G\u00e1vea News","description":"Veja todas as not\u00edcias sobre o Flamengo: Contrata\u00e7\u00f5es, categorias de base, resultados das partidas, tabela de classifica\u00e7\u00e3o, pr\u00f3ximos jogos!","potentialAction":[{"@type":"SearchAction","target":{"@type":"EntryPoint","urlTemplate":"https:\/\/www.gaveanews.com\/?s={search_term_string}"},"query-input":{"@type":"PropertyValueSpecification","valueRequired":true,"valueName":"search_term_string"}}],"inLanguage":"pt-BR"},{"@type":"Person","@id":"https:\/\/www.gaveanews.com\/#\/schema\/person\/f42654babcd2b2014a1a65af82b081f1","name":"Geovanna Thomaz","image":{"@type":"ImageObject","inLanguage":"pt-BR","@id":"https:\/\/www.gaveanews.com\/#\/schema\/person\/image\/","url":"https:\/\/secure.gravatar.com\/avatar\/4092073255489533afb558984b49b64268c47198af8623cc82a925ae9fb7118a?s=96&d=mm&r=g","contentUrl":"https:\/\/secure.gravatar.com\/avatar\/4092073255489533afb558984b49b64268c47198af8623cc82a925ae9fb7118a?s=96&d=mm&r=g","caption":"Geovanna Thomaz"}}]}},"_links":{"self":[{"href":"https:\/\/www.gaveanews.com\/index.php\/wp-json\/wp\/v2\/posts\/199544","targetHints":{"allow":["GET"]}}],"collection":[{"href":"https:\/\/www.gaveanews.com\/index.php\/wp-json\/wp\/v2\/posts"}],"about":[{"href":"https:\/\/www.gaveanews.com\/index.php\/wp-json\/wp\/v2\/types\/post"}],"author":[{"embeddable":true,"href":"https:\/\/www.gaveanews.com\/index.php\/wp-json\/wp\/v2\/users\/17"}],"replies":[{"embeddable":true,"href":"https:\/\/www.gaveanews.com\/index.php\/wp-json\/wp\/v2\/comments?post=199544"}],"version-history":[{"count":1,"href":"https:\/\/www.gaveanews.com\/index.php\/wp-json\/wp\/v2\/posts\/199544\/revisions"}],"predecessor-version":[{"id":199549,"href":"https:\/\/www.gaveanews.com\/index.php\/wp-json\/wp\/v2\/posts\/199544\/revisions\/199549"}],"wp:featuredmedia":[{"embeddable":true,"href":"https:\/\/www.gaveanews.com\/index.php\/wp-json\/wp\/v2\/media\/146952"}],"wp:attachment":[{"href":"https:\/\/www.gaveanews.com\/index.php\/wp-json\/wp\/v2\/media?parent=199544"}],"wp:term":[{"taxonomy":"category","embeddable":true,"href":"https:\/\/www.gaveanews.com\/index.php\/wp-json\/wp\/v2\/categories?post=199544"},{"taxonomy":"post_tag","embeddable":true,"href":"https:\/\/www.gaveanews.com\/index.php\/wp-json\/wp\/v2\/tags?post=199544"}],"curies":[{"name":"wp","href":"https:\/\/api.w.org\/{rel}","templated":true}]}}