{"id":199699,"date":"2024-12-16T17:00:00","date_gmt":"2024-12-16T20:00:00","guid":{"rendered":"https:\/\/www.gaveanews.com\/?p=199699"},"modified":"2024-12-16T15:23:43","modified_gmt":"2024-12-16T18:23:43","slug":"retorno-de-cebolinha-declaracao-de-gabigol-e-publicacao-de-wesley-as-ultimas-noticias-do-flamengo","status":"publish","type":"post","link":"https:\/\/www.gaveanews.com\/index.php\/2024\/12\/16\/retorno-de-cebolinha-declaracao-de-gabigol-e-publicacao-de-wesley-as-ultimas-noticias-do-flamengo\/","title":{"rendered":"Retorno de Cebolinha, declara\u00e7\u00e3o de Gabigol e publica\u00e7\u00e3o de Wesley: as \u00faltimas not\u00edcias do Flamengo"},"content":{"rendered":"\n<p>Nas \u00faltimas horas, o foco das not\u00edcias sobre o Flamengo se concentram nos bastidores do clube, com destaques do dia a dia do clube.<\/p>\n\n\n\n<p>Por conta deste contexto, leia abaixo um resumo preparado pela equipe do portal G\u00e1vea News para lhe manter muito bem informado!<\/p>\n\n\n\n<h2 class=\"wp-block-heading\" id=\"h-publicacao-de-wesley\">Publica\u00e7\u00e3o de Wesley<\/h2>\n\n\n\n<p>Wesley, lateral-direito do Flamengo, fez uma publica\u00e7\u00e3o em suas redes sociais direcionada ao companheiro de equipe Gerson, destacando a amizade e a sintonia entre os dois atletas. Em tom descontra\u00eddo, ele compartilhou uma foto ao lado do meio-campista com a legenda: <em>&#8220;Play nas f\u00e9rias com o paiz\u00e3o \u2764\ufe0f&#8221;<\/em>. A postagem rapidamente viralizou entre os torcedores rubro-negros, que celebraram o bom relacionamento fora dos campos, refletido tamb\u00e9m no desempenho da dupla dentro de campo <strong><a href=\"https:\/\/www.gaveanews.com\/index.php\/2024\/12\/13\/flamengo-wesley-faz-publicacao-direcionada-a-gerson\/\">(leia a mat\u00e9ria completa).<\/a><\/strong><\/p>\n\n\n\n<figure class=\"wp-block-image size-full\"><img loading=\"lazy\" decoding=\"async\" width=\"512\" height=\"341\" src=\"https:\/\/www.gaveanews.com\/wp-content\/uploads\/Wesley-durante-jogo-contra-o-Bolivar-pela-Libertadores-no-Maracana.webp\" alt=\"\" class=\"wp-image-158934\" srcset=\"https:\/\/www.gaveanews.com\/wp-content\/uploads\/Wesley-durante-jogo-contra-o-Bolivar-pela-Libertadores-no-Maracana.webp 512w, https:\/\/www.gaveanews.com\/wp-content\/uploads\/Wesley-durante-jogo-contra-o-Bolivar-pela-Libertadores-no-Maracana-300x200.webp 300w, https:\/\/www.gaveanews.com\/wp-content\/uploads\/Wesley-durante-jogo-contra-o-Bolivar-pela-Libertadores-no-Maracana-100x67.webp 100w\" sizes=\"auto, (max-width: 512px) 100vw, 512px\" \/><figcaption class=\"wp-element-caption\">Wesley durante jogo contra o Bol\u00edvar, pela Libertadores, no Maracan\u00e3 (Foto: Gilvan de Souza\/Flamengo)<\/figcaption><\/figure>\n\n\n\n<p>Al\u00e9m do v\u00ednculo profissional, Wesley e Gerson participaram juntos de um jogo beneficente em Florian\u00f3polis, que reuniu grande p\u00fablico e teve um car\u00e1ter solid\u00e1rio. <\/p>\n\n\n\n<p>O evento arrecadou alimentos destinados a institui\u00e7\u00f5es de caridade locais, refor\u00e7ando o compromisso social dos jogadores. A presen\u00e7a dos atletas trouxe entusiasmo \u00e0s crian\u00e7as e adultos presentes, mostrando o impacto positivo da iniciativa na comunidade.<\/p>\n\n\n\n<p>Wesley, que tem uma conex\u00e3o pessoal com Florian\u00f3polis por la\u00e7os familiares, aproveita a cidade durante suas f\u00e9rias. A combina\u00e7\u00e3o entre seu talento em campo e a\u00e7\u00f5es fora dele tem conquistado ainda mais os torcedores flamenguistas, que veem no lateral n\u00e3o apenas um jogador promissor, mas tamb\u00e9m uma figura emp\u00e1tica e comprometida socialmente.<\/p>\n\n\n\n<h2 class=\"wp-block-heading\" id=\"h-declaracao-de-gabigol\">Declara\u00e7\u00e3o de Gabigol<\/h2>\n\n\n\n<p>Durante participa\u00e7\u00e3o no podcast <em>PodPah<\/em>, Gabriel Barbosa, o Gabigol, surpreendeu ao revelar que o colega Gerson, capit\u00e3o do Flamengo, possui talento como compositor de pagode. Gabigol mencionou que Gerson escreveu m\u00fasicas do g\u00eanero, o que gerou surpresa no apresentador, que imediatamente convidou o jogador para participar do programa. Al\u00e9m de falar sobre curiosidades dos colegas, Gabigol destacou seus pr\u00f3prios interesses fora do futebol, como moda e m\u00fasica <strong><a href=\"https:\/\/www.gaveanews.com\/index.php\/2024\/12\/08\/a-declaracao-de-gerson-direcionada-a-gabigol\/\">(leia a mat\u00e9ria completa).<\/a><\/strong><\/p>\n\n\n\n<figure class=\"wp-block-image size-full\"><img loading=\"lazy\" decoding=\"async\" width=\"799\" height=\"532\" src=\"https:\/\/www.gaveanews.com\/wp-content\/uploads\/Gabigol-e-Gerson-comemorando-gol-marcado-pelo-Flamengo-contra-o-Internacional.webp\" alt=\"\" class=\"wp-image-56562\" srcset=\"https:\/\/www.gaveanews.com\/wp-content\/uploads\/Gabigol-e-Gerson-comemorando-gol-marcado-pelo-Flamengo-contra-o-Internacional.webp 799w, https:\/\/www.gaveanews.com\/wp-content\/uploads\/Gabigol-e-Gerson-comemorando-gol-marcado-pelo-Flamengo-contra-o-Internacional-300x200.webp 300w, https:\/\/www.gaveanews.com\/wp-content\/uploads\/Gabigol-e-Gerson-comemorando-gol-marcado-pelo-Flamengo-contra-o-Internacional-768x511.webp 768w, https:\/\/www.gaveanews.com\/wp-content\/uploads\/Gabigol-e-Gerson-comemorando-gol-marcado-pelo-Flamengo-contra-o-Internacional-631x420.webp 631w, https:\/\/www.gaveanews.com\/wp-content\/uploads\/Gabigol-e-Gerson-comemorando-gol-marcado-pelo-Flamengo-contra-o-Internacional-640x426.webp 640w, https:\/\/www.gaveanews.com\/wp-content\/uploads\/Gabigol-e-Gerson-comemorando-gol-marcado-pelo-Flamengo-contra-o-Internacional-681x453.webp 681w, https:\/\/www.gaveanews.com\/wp-content\/uploads\/Gabigol-e-Gerson-comemorando-gol-marcado-pelo-Flamengo-contra-o-Internacional-100x67.webp 100w\" sizes=\"auto, (max-width: 799px) 100vw, 799px\" \/><figcaption class=\"wp-element-caption\">Gabigol e Gerson comemorando gol marcado pelo Flamengo contra o Internacional (Foto: Alexandre Vidal e Marcelo Cortes\/Flamengo)<\/figcaption><\/figure>\n\n\n\n<p>Al\u00e9m disso, o programa tamb\u00e9m trouxe \u00e0 tona rumores sobre uma poss\u00edvel transfer\u00eancia de Gabigol para o Cruzeiro. Especula\u00e7\u00f5es surgiram ap\u00f3s seus pais serem vistos em Belo Horizonte, buscando resid\u00eancia na regi\u00e3o de Lagoa Santa. A presen\u00e7a do casal refor\u00e7ou os rumores de uma negocia\u00e7\u00e3o em andamento, especialmente ap\u00f3s a despedida de Gabigol do Flamengo, ocorrida em novembro, logo ap\u00f3s a conquista da Copa do Brasil contra o Atl\u00e9tico-MG.<\/p>\n\n\n\n<p>A revela\u00e7\u00e3o sobre Gerson e os coment\u00e1rios sobre atividades de outros jogadores, como Tch\u00ea Tch\u00ea, que produz <em>beats<\/em>, e Kaio Jorge, que cuida de um haras, trouxeram uma perspectiva inusitada sobre a vida pessoal dos atletas. Gabigol enfatizou a import\u00e2ncia de diversificar interesses fora das quatro linhas, destacando o papel da marca pessoal para jogadores de futebol.<\/p>\n\n\n\n<h2 class=\"wp-block-heading\" id=\"h-retorno-de-cebolinha\">Retorno de Cebolinha<\/h2>\n\n\n\n<p>Everton Cebolinha, atacante do Flamengo, est\u00e1 pr\u00f3ximo de retornar ao elenco ap\u00f3s se recuperar de uma les\u00e3o. A previs\u00e3o \u00e9 que ele integre a equipe durante a pr\u00e9-temporada nos Estados Unidos, marcada para janeiro de 2025. O jogador encontra-se na fase de transi\u00e7\u00e3o, realizando trabalhos espec\u00edficos com o departamento de prepara\u00e7\u00e3o f\u00edsica do clube para garantir sua plena recupera\u00e7\u00e3o e adapta\u00e7\u00e3o ao ritmo de jogo <strong><a href=\"https:\/\/www.gaveanews.com\/index.php\/2024\/12\/13\/flamengo-retorno-de-everton-cebolinha-ganha-previsao\/\">(leia a mat\u00e9ria completa).<\/a><\/strong><\/p>\n\n\n\n<figure class=\"wp-block-image size-full\"><img loading=\"lazy\" decoding=\"async\" width=\"780\" height=\"470\" src=\"https:\/\/www.gaveanews.com\/wp-content\/uploads\/Everton-Cebolinha-em-acao-pelo-Flamengo.webp\" alt=\"\" class=\"wp-image-157887\" srcset=\"https:\/\/www.gaveanews.com\/wp-content\/uploads\/Everton-Cebolinha-em-acao-pelo-Flamengo.webp 780w, https:\/\/www.gaveanews.com\/wp-content\/uploads\/Everton-Cebolinha-em-acao-pelo-Flamengo-300x181.webp 300w, https:\/\/www.gaveanews.com\/wp-content\/uploads\/Everton-Cebolinha-em-acao-pelo-Flamengo-768x463.webp 768w, https:\/\/www.gaveanews.com\/wp-content\/uploads\/Everton-Cebolinha-em-acao-pelo-Flamengo-697x420.webp 697w, https:\/\/www.gaveanews.com\/wp-content\/uploads\/Everton-Cebolinha-em-acao-pelo-Flamengo-640x386.webp 640w, https:\/\/www.gaveanews.com\/wp-content\/uploads\/Everton-Cebolinha-em-acao-pelo-Flamengo-681x410.webp 681w, https:\/\/www.gaveanews.com\/wp-content\/uploads\/Everton-Cebolinha-em-acao-pelo-Flamengo-100x60.webp 100w\" sizes=\"auto, (max-width: 780px) 100vw, 780px\" \/><figcaption class=\"wp-element-caption\">Everton Cebolinha em a\u00e7\u00e3o pelo Flamengo (Foto: Marcelo Cortes\/CRF)<\/figcaption><\/figure>\n\n\n\n<p>Com o t\u00e9rmino do Brasileir\u00e3o e a conquista da Copa do Brasil, o Flamengo concedeu f\u00e9rias aos jogadores lesionados, como Cebolinha, Pedro e Mat\u00edas Vi\u00f1a. O planejamento \u00e9 para que o retorno ao time aconte\u00e7a de forma gradual. Enquanto isso, Arrascaeta, que passou por uma artroscopia no joelho, tamb\u00e9m foi liberado para f\u00e9rias e est\u00e1 confirmado na delega\u00e7\u00e3o rubro-negra que embarca para os Estados Unidos em 10 de janeiro.<\/p>\n\n\n\n<p>Durante a pr\u00e9-temporada, o Flamengo disputar\u00e1 um amistoso contra o S\u00e3o Paulo no dia 19 de janeiro e busca agendar partidas contra advers\u00e1rios internacionais, como o River Plate e o Inter Miami, de Lionel Messi. Essa prepara\u00e7\u00e3o visa iniciar a temporada de 2025 com o elenco em alto n\u00edvel f\u00edsico e t\u00e9cnico.<\/p>\n","protected":false},"excerpt":{"rendered":"<p>Nas \u00faltimas horas, o foco das not\u00edcias sobre o Flamengo se concentram nos bastidores do clube, com destaques do dia a dia do clube. Por conta deste contexto, leia abaixo um resumo preparado pela equipe do portal G\u00e1vea News para lhe manter muito bem informado! Publica\u00e7\u00e3o de Wesley Wesley, lateral-direito do Flamengo, fez uma publica\u00e7\u00e3o [&hellip;]<\/p>\n","protected":false},"author":27,"featured_media":158159,"comment_status":"open","ping_status":"closed","sticky":false,"template":"","format":"standard","meta":{"footnotes":""},"categories":[1],"tags":[],"class_list":["post-199699","post","type-post","status-publish","format-standard","has-post-thumbnail","hentry","category-flamengo"],"yoast_head":"<!-- This site is optimized with the Yoast SEO Premium plugin v24.2 (Yoast SEO v26.9) - https:\/\/yoast.com\/product\/yoast-seo-premium-wordpress\/ -->\n<title>Retorno de Cebolinha, declara\u00e7\u00e3o de Gabigol e publica\u00e7\u00e3o de Wesley: as \u00faltimas not\u00edcias do Flamengo<\/title>\n<meta name=\"robots\" content=\"index, follow, max-snippet:-1, max-image-preview:large, max-video-preview:-1\" \/>\n<link rel=\"canonical\" href=\"https:\/\/www.gaveanews.com\/index.php\/2024\/12\/16\/retorno-de-cebolinha-declaracao-de-gabigol-e-publicacao-de-wesley-as-ultimas-noticias-do-flamengo\/\" \/>\n<meta property=\"og:locale\" content=\"pt_BR\" \/>\n<meta property=\"og:type\" content=\"article\" \/>\n<meta property=\"og:title\" content=\"Retorno de Cebolinha, declara\u00e7\u00e3o de Gabigol e publica\u00e7\u00e3o de Wesley: as \u00faltimas not\u00edcias do Flamengo\" \/>\n<meta property=\"og:description\" content=\"Nas \u00faltimas horas, o foco das not\u00edcias sobre o Flamengo se concentram nos bastidores do clube, com destaques do dia a dia do clube. Por conta deste contexto, leia abaixo um resumo preparado pela equipe do portal G\u00e1vea News para lhe manter muito bem informado! Publica\u00e7\u00e3o de Wesley Wesley, lateral-direito do Flamengo, fez uma publica\u00e7\u00e3o [&hellip;]\" \/>\n<meta property=\"og:url\" content=\"https:\/\/www.gaveanews.com\/index.php\/2024\/12\/16\/retorno-de-cebolinha-declaracao-de-gabigol-e-publicacao-de-wesley-as-ultimas-noticias-do-flamengo\/\" \/>\n<meta property=\"og:site_name\" content=\"G\u00e1vea News\" \/>\n<meta property=\"article:publisher\" content=\"https:\/\/facebook.com\/gaveaNews\/\" \/>\n<meta property=\"article:published_time\" content=\"2024-12-16T20:00:00+00:00\" \/>\n<meta property=\"og:image\" content=\"https:\/\/www.gaveanews.com\/wp-content\/uploads\/Everton-Cebolinha-durante-jogo-contra-o-Palmeiras-pelo-Brasileirao-no-Maracana.webp\" \/>\n\t<meta property=\"og:image:width\" content=\"774\" \/>\n\t<meta property=\"og:image:height\" content=\"508\" \/>\n\t<meta property=\"og:image:type\" content=\"image\/jpeg\" \/>\n<meta name=\"author\" content=\"Matheus Felipe\" \/>\n<meta name=\"twitter:card\" content=\"summary_large_image\" \/>\n<meta name=\"twitter:label1\" content=\"Escrito por\" \/>\n\t<meta name=\"twitter:data1\" content=\"Matheus Felipe\" \/>\n\t<meta name=\"twitter:label2\" content=\"Est. tempo de leitura\" \/>\n\t<meta name=\"twitter:data2\" content=\"5 minutos\" \/>\n<script type=\"application\/ld+json\" class=\"yoast-schema-graph\">{\"@context\":\"https:\/\/schema.org\",\"@graph\":[{\"@type\":\"NewsArticle\",\"@id\":\"https:\/\/www.gaveanews.com\/index.php\/2024\/12\/16\/retorno-de-cebolinha-declaracao-de-gabigol-e-publicacao-de-wesley-as-ultimas-noticias-do-flamengo\/#article\",\"isPartOf\":{\"@id\":\"https:\/\/www.gaveanews.com\/index.php\/2024\/12\/16\/retorno-de-cebolinha-declaracao-de-gabigol-e-publicacao-de-wesley-as-ultimas-noticias-do-flamengo\/\"},\"author\":{\"name\":\"Matheus Felipe\",\"@id\":\"https:\/\/www.gaveanews.com\/#\/schema\/person\/8207cd4627f56151707418bfc835b2fb\"},\"headline\":\"Retorno de Cebolinha, declara\u00e7\u00e3o de Gabigol e publica\u00e7\u00e3o de Wesley: as \u00faltimas not\u00edcias do Flamengo\",\"datePublished\":\"2024-12-16T20:00:00+00:00\",\"mainEntityOfPage\":{\"@id\":\"https:\/\/www.gaveanews.com\/index.php\/2024\/12\/16\/retorno-de-cebolinha-declaracao-de-gabigol-e-publicacao-de-wesley-as-ultimas-noticias-do-flamengo\/\"},\"wordCount\":766,\"commentCount\":0,\"image\":{\"@id\":\"https:\/\/www.gaveanews.com\/index.php\/2024\/12\/16\/retorno-de-cebolinha-declaracao-de-gabigol-e-publicacao-de-wesley-as-ultimas-noticias-do-flamengo\/#primaryimage\"},\"thumbnailUrl\":\"https:\/\/www.gaveanews.com\/wp-content\/uploads\/Everton-Cebolinha-durante-jogo-contra-o-Palmeiras-pelo-Brasileirao-no-Maracana.webp\",\"articleSection\":[\"Flamengo\"],\"inLanguage\":\"pt-BR\",\"potentialAction\":[{\"@type\":\"CommentAction\",\"name\":\"Comment\",\"target\":[\"https:\/\/www.gaveanews.com\/index.php\/2024\/12\/16\/retorno-de-cebolinha-declaracao-de-gabigol-e-publicacao-de-wesley-as-ultimas-noticias-do-flamengo\/#respond\"]}],\"copyrightYear\":\"2024\",\"copyrightHolder\":{\"@id\":\"https:\/\/www.gaveanews.com\/#organization\"}},{\"@type\":\"WebPage\",\"@id\":\"https:\/\/www.gaveanews.com\/index.php\/2024\/12\/16\/retorno-de-cebolinha-declaracao-de-gabigol-e-publicacao-de-wesley-as-ultimas-noticias-do-flamengo\/\",\"url\":\"https:\/\/www.gaveanews.com\/index.php\/2024\/12\/16\/retorno-de-cebolinha-declaracao-de-gabigol-e-publicacao-de-wesley-as-ultimas-noticias-do-flamengo\/\",\"name\":\"Retorno de Cebolinha, declara\u00e7\u00e3o de Gabigol e publica\u00e7\u00e3o de Wesley: as \u00faltimas not\u00edcias do Flamengo\",\"isPartOf\":{\"@id\":\"https:\/\/www.gaveanews.com\/#website\"},\"primaryImageOfPage\":{\"@id\":\"https:\/\/www.gaveanews.com\/index.php\/2024\/12\/16\/retorno-de-cebolinha-declaracao-de-gabigol-e-publicacao-de-wesley-as-ultimas-noticias-do-flamengo\/#primaryimage\"},\"image\":{\"@id\":\"https:\/\/www.gaveanews.com\/index.php\/2024\/12\/16\/retorno-de-cebolinha-declaracao-de-gabigol-e-publicacao-de-wesley-as-ultimas-noticias-do-flamengo\/#primaryimage\"},\"thumbnailUrl\":\"https:\/\/www.gaveanews.com\/wp-content\/uploads\/Everton-Cebolinha-durante-jogo-contra-o-Palmeiras-pelo-Brasileirao-no-Maracana.webp\",\"datePublished\":\"2024-12-16T20:00:00+00:00\",\"author\":{\"@id\":\"https:\/\/www.gaveanews.com\/#\/schema\/person\/8207cd4627f56151707418bfc835b2fb\"},\"breadcrumb\":{\"@id\":\"https:\/\/www.gaveanews.com\/index.php\/2024\/12\/16\/retorno-de-cebolinha-declaracao-de-gabigol-e-publicacao-de-wesley-as-ultimas-noticias-do-flamengo\/#breadcrumb\"},\"inLanguage\":\"pt-BR\",\"potentialAction\":[{\"@type\":\"ReadAction\",\"target\":[\"https:\/\/www.gaveanews.com\/index.php\/2024\/12\/16\/retorno-de-cebolinha-declaracao-de-gabigol-e-publicacao-de-wesley-as-ultimas-noticias-do-flamengo\/\"]}]},{\"@type\":\"ImageObject\",\"inLanguage\":\"pt-BR\",\"@id\":\"https:\/\/www.gaveanews.com\/index.php\/2024\/12\/16\/retorno-de-cebolinha-declaracao-de-gabigol-e-publicacao-de-wesley-as-ultimas-noticias-do-flamengo\/#primaryimage\",\"url\":\"https:\/\/www.gaveanews.com\/wp-content\/uploads\/Everton-Cebolinha-durante-jogo-contra-o-Palmeiras-pelo-Brasileirao-no-Maracana.webp\",\"contentUrl\":\"https:\/\/www.gaveanews.com\/wp-content\/uploads\/Everton-Cebolinha-durante-jogo-contra-o-Palmeiras-pelo-Brasileirao-no-Maracana.webp\",\"width\":774,\"height\":508,\"caption\":\"Everton Cebolinha durante jogo contra o Palmeiras, pelo Brasileir\u00e3o, no Maracan\u00e3 (Foto: Cesar Greco\/Palmeiras)\"},{\"@type\":\"BreadcrumbList\",\"@id\":\"https:\/\/www.gaveanews.com\/index.php\/2024\/12\/16\/retorno-de-cebolinha-declaracao-de-gabigol-e-publicacao-de-wesley-as-ultimas-noticias-do-flamengo\/#breadcrumb\",\"itemListElement\":[{\"@type\":\"ListItem\",\"position\":1,\"name\":\"Home\",\"item\":\"https:\/\/www.gaveanews.com\/\"},{\"@type\":\"ListItem\",\"position\":2,\"name\":\"Retorno de Cebolinha, declara\u00e7\u00e3o de Gabigol e publica\u00e7\u00e3o de Wesley: as \u00faltimas not\u00edcias do Flamengo\"}]},{\"@type\":\"WebSite\",\"@id\":\"https:\/\/www.gaveanews.com\/#website\",\"url\":\"https:\/\/www.gaveanews.com\/\",\"name\":\"G\u00e1vea News\",\"description\":\"Veja todas as not\u00edcias sobre o Flamengo: Contrata\u00e7\u00f5es, categorias de base, resultados das partidas, tabela de classifica\u00e7\u00e3o, pr\u00f3ximos jogos!\",\"potentialAction\":[{\"@type\":\"SearchAction\",\"target\":{\"@type\":\"EntryPoint\",\"urlTemplate\":\"https:\/\/www.gaveanews.com\/?s={search_term_string}\"},\"query-input\":{\"@type\":\"PropertyValueSpecification\",\"valueRequired\":true,\"valueName\":\"search_term_string\"}}],\"inLanguage\":\"pt-BR\"},{\"@type\":\"Person\",\"@id\":\"https:\/\/www.gaveanews.com\/#\/schema\/person\/8207cd4627f56151707418bfc835b2fb\",\"name\":\"Matheus Felipe\",\"image\":{\"@type\":\"ImageObject\",\"inLanguage\":\"pt-BR\",\"@id\":\"https:\/\/www.gaveanews.com\/#\/schema\/person\/image\/\",\"url\":\"https:\/\/secure.gravatar.com\/avatar\/a452ffbed9130f726358b298bb3a99ce4bd3c5338411f8440e87e14d74c7c087?s=96&d=mm&r=g\",\"contentUrl\":\"https:\/\/secure.gravatar.com\/avatar\/a452ffbed9130f726358b298bb3a99ce4bd3c5338411f8440e87e14d74c7c087?s=96&d=mm&r=g\",\"caption\":\"Matheus Felipe\"}}]}<\/script>\n<!-- \/ Yoast SEO Premium plugin. -->","yoast_head_json":{"title":"Retorno de Cebolinha, declara\u00e7\u00e3o de Gabigol e publica\u00e7\u00e3o de Wesley: as \u00faltimas not\u00edcias do Flamengo","robots":{"index":"index","follow":"follow","max-snippet":"max-snippet:-1","max-image-preview":"max-image-preview:large","max-video-preview":"max-video-preview:-1"},"canonical":"https:\/\/www.gaveanews.com\/index.php\/2024\/12\/16\/retorno-de-cebolinha-declaracao-de-gabigol-e-publicacao-de-wesley-as-ultimas-noticias-do-flamengo\/","og_locale":"pt_BR","og_type":"article","og_title":"Retorno de Cebolinha, declara\u00e7\u00e3o de Gabigol e publica\u00e7\u00e3o de Wesley: as \u00faltimas not\u00edcias do Flamengo","og_description":"Nas \u00faltimas horas, o foco das not\u00edcias sobre o Flamengo se concentram nos bastidores do clube, com destaques do dia a dia do clube. Por conta deste contexto, leia abaixo um resumo preparado pela equipe do portal G\u00e1vea News para lhe manter muito bem informado! Publica\u00e7\u00e3o de Wesley Wesley, lateral-direito do Flamengo, fez uma publica\u00e7\u00e3o [&hellip;]","og_url":"https:\/\/www.gaveanews.com\/index.php\/2024\/12\/16\/retorno-de-cebolinha-declaracao-de-gabigol-e-publicacao-de-wesley-as-ultimas-noticias-do-flamengo\/","og_site_name":"G\u00e1vea News","article_publisher":"https:\/\/facebook.com\/gaveaNews\/","article_published_time":"2024-12-16T20:00:00+00:00","og_image":[{"width":774,"height":508,"url":"https:\/\/www.gaveanews.com\/wp-content\/uploads\/Everton-Cebolinha-durante-jogo-contra-o-Palmeiras-pelo-Brasileirao-no-Maracana.webp","type":"image\/jpeg"}],"author":"Matheus Felipe","twitter_card":"summary_large_image","twitter_misc":{"Escrito por":"Matheus Felipe","Est. tempo de leitura":"5 minutos"},"schema":{"@context":"https:\/\/schema.org","@graph":[{"@type":"NewsArticle","@id":"https:\/\/www.gaveanews.com\/index.php\/2024\/12\/16\/retorno-de-cebolinha-declaracao-de-gabigol-e-publicacao-de-wesley-as-ultimas-noticias-do-flamengo\/#article","isPartOf":{"@id":"https:\/\/www.gaveanews.com\/index.php\/2024\/12\/16\/retorno-de-cebolinha-declaracao-de-gabigol-e-publicacao-de-wesley-as-ultimas-noticias-do-flamengo\/"},"author":{"name":"Matheus Felipe","@id":"https:\/\/www.gaveanews.com\/#\/schema\/person\/8207cd4627f56151707418bfc835b2fb"},"headline":"Retorno de Cebolinha, declara\u00e7\u00e3o de Gabigol e publica\u00e7\u00e3o de Wesley: as \u00faltimas not\u00edcias do Flamengo","datePublished":"2024-12-16T20:00:00+00:00","mainEntityOfPage":{"@id":"https:\/\/www.gaveanews.com\/index.php\/2024\/12\/16\/retorno-de-cebolinha-declaracao-de-gabigol-e-publicacao-de-wesley-as-ultimas-noticias-do-flamengo\/"},"wordCount":766,"commentCount":0,"image":{"@id":"https:\/\/www.gaveanews.com\/index.php\/2024\/12\/16\/retorno-de-cebolinha-declaracao-de-gabigol-e-publicacao-de-wesley-as-ultimas-noticias-do-flamengo\/#primaryimage"},"thumbnailUrl":"https:\/\/www.gaveanews.com\/wp-content\/uploads\/Everton-Cebolinha-durante-jogo-contra-o-Palmeiras-pelo-Brasileirao-no-Maracana.webp","articleSection":["Flamengo"],"inLanguage":"pt-BR","potentialAction":[{"@type":"CommentAction","name":"Comment","target":["https:\/\/www.gaveanews.com\/index.php\/2024\/12\/16\/retorno-de-cebolinha-declaracao-de-gabigol-e-publicacao-de-wesley-as-ultimas-noticias-do-flamengo\/#respond"]}],"copyrightYear":"2024","copyrightHolder":{"@id":"https:\/\/www.gaveanews.com\/#organization"}},{"@type":"WebPage","@id":"https:\/\/www.gaveanews.com\/index.php\/2024\/12\/16\/retorno-de-cebolinha-declaracao-de-gabigol-e-publicacao-de-wesley-as-ultimas-noticias-do-flamengo\/","url":"https:\/\/www.gaveanews.com\/index.php\/2024\/12\/16\/retorno-de-cebolinha-declaracao-de-gabigol-e-publicacao-de-wesley-as-ultimas-noticias-do-flamengo\/","name":"Retorno de Cebolinha, declara\u00e7\u00e3o de Gabigol e publica\u00e7\u00e3o de Wesley: as \u00faltimas not\u00edcias do Flamengo","isPartOf":{"@id":"https:\/\/www.gaveanews.com\/#website"},"primaryImageOfPage":{"@id":"https:\/\/www.gaveanews.com\/index.php\/2024\/12\/16\/retorno-de-cebolinha-declaracao-de-gabigol-e-publicacao-de-wesley-as-ultimas-noticias-do-flamengo\/#primaryimage"},"image":{"@id":"https:\/\/www.gaveanews.com\/index.php\/2024\/12\/16\/retorno-de-cebolinha-declaracao-de-gabigol-e-publicacao-de-wesley-as-ultimas-noticias-do-flamengo\/#primaryimage"},"thumbnailUrl":"https:\/\/www.gaveanews.com\/wp-content\/uploads\/Everton-Cebolinha-durante-jogo-contra-o-Palmeiras-pelo-Brasileirao-no-Maracana.webp","datePublished":"2024-12-16T20:00:00+00:00","author":{"@id":"https:\/\/www.gaveanews.com\/#\/schema\/person\/8207cd4627f56151707418bfc835b2fb"},"breadcrumb":{"@id":"https:\/\/www.gaveanews.com\/index.php\/2024\/12\/16\/retorno-de-cebolinha-declaracao-de-gabigol-e-publicacao-de-wesley-as-ultimas-noticias-do-flamengo\/#breadcrumb"},"inLanguage":"pt-BR","potentialAction":[{"@type":"ReadAction","target":["https:\/\/www.gaveanews.com\/index.php\/2024\/12\/16\/retorno-de-cebolinha-declaracao-de-gabigol-e-publicacao-de-wesley-as-ultimas-noticias-do-flamengo\/"]}]},{"@type":"ImageObject","inLanguage":"pt-BR","@id":"https:\/\/www.gaveanews.com\/index.php\/2024\/12\/16\/retorno-de-cebolinha-declaracao-de-gabigol-e-publicacao-de-wesley-as-ultimas-noticias-do-flamengo\/#primaryimage","url":"https:\/\/www.gaveanews.com\/wp-content\/uploads\/Everton-Cebolinha-durante-jogo-contra-o-Palmeiras-pelo-Brasileirao-no-Maracana.webp","contentUrl":"https:\/\/www.gaveanews.com\/wp-content\/uploads\/Everton-Cebolinha-durante-jogo-contra-o-Palmeiras-pelo-Brasileirao-no-Maracana.webp","width":774,"height":508,"caption":"Everton Cebolinha durante jogo contra o Palmeiras, pelo Brasileir\u00e3o, no Maracan\u00e3 (Foto: Cesar Greco\/Palmeiras)"},{"@type":"BreadcrumbList","@id":"https:\/\/www.gaveanews.com\/index.php\/2024\/12\/16\/retorno-de-cebolinha-declaracao-de-gabigol-e-publicacao-de-wesley-as-ultimas-noticias-do-flamengo\/#breadcrumb","itemListElement":[{"@type":"ListItem","position":1,"name":"Home","item":"https:\/\/www.gaveanews.com\/"},{"@type":"ListItem","position":2,"name":"Retorno de Cebolinha, declara\u00e7\u00e3o de Gabigol e publica\u00e7\u00e3o de Wesley: as \u00faltimas not\u00edcias do Flamengo"}]},{"@type":"WebSite","@id":"https:\/\/www.gaveanews.com\/#website","url":"https:\/\/www.gaveanews.com\/","name":"G\u00e1vea News","description":"Veja todas as not\u00edcias sobre o Flamengo: Contrata\u00e7\u00f5es, categorias de base, resultados das partidas, tabela de classifica\u00e7\u00e3o, pr\u00f3ximos jogos!","potentialAction":[{"@type":"SearchAction","target":{"@type":"EntryPoint","urlTemplate":"https:\/\/www.gaveanews.com\/?s={search_term_string}"},"query-input":{"@type":"PropertyValueSpecification","valueRequired":true,"valueName":"search_term_string"}}],"inLanguage":"pt-BR"},{"@type":"Person","@id":"https:\/\/www.gaveanews.com\/#\/schema\/person\/8207cd4627f56151707418bfc835b2fb","name":"Matheus Felipe","image":{"@type":"ImageObject","inLanguage":"pt-BR","@id":"https:\/\/www.gaveanews.com\/#\/schema\/person\/image\/","url":"https:\/\/secure.gravatar.com\/avatar\/a452ffbed9130f726358b298bb3a99ce4bd3c5338411f8440e87e14d74c7c087?s=96&d=mm&r=g","contentUrl":"https:\/\/secure.gravatar.com\/avatar\/a452ffbed9130f726358b298bb3a99ce4bd3c5338411f8440e87e14d74c7c087?s=96&d=mm&r=g","caption":"Matheus Felipe"}}]}},"_links":{"self":[{"href":"https:\/\/www.gaveanews.com\/index.php\/wp-json\/wp\/v2\/posts\/199699","targetHints":{"allow":["GET"]}}],"collection":[{"href":"https:\/\/www.gaveanews.com\/index.php\/wp-json\/wp\/v2\/posts"}],"about":[{"href":"https:\/\/www.gaveanews.com\/index.php\/wp-json\/wp\/v2\/types\/post"}],"author":[{"embeddable":true,"href":"https:\/\/www.gaveanews.com\/index.php\/wp-json\/wp\/v2\/users\/27"}],"replies":[{"embeddable":true,"href":"https:\/\/www.gaveanews.com\/index.php\/wp-json\/wp\/v2\/comments?post=199699"}],"version-history":[{"count":1,"href":"https:\/\/www.gaveanews.com\/index.php\/wp-json\/wp\/v2\/posts\/199699\/revisions"}],"predecessor-version":[{"id":199704,"href":"https:\/\/www.gaveanews.com\/index.php\/wp-json\/wp\/v2\/posts\/199699\/revisions\/199704"}],"wp:featuredmedia":[{"embeddable":true,"href":"https:\/\/www.gaveanews.com\/index.php\/wp-json\/wp\/v2\/media\/158159"}],"wp:attachment":[{"href":"https:\/\/www.gaveanews.com\/index.php\/wp-json\/wp\/v2\/media?parent=199699"}],"wp:term":[{"taxonomy":"category","embeddable":true,"href":"https:\/\/www.gaveanews.com\/index.php\/wp-json\/wp\/v2\/categories?post=199699"},{"taxonomy":"post_tag","embeddable":true,"href":"https:\/\/www.gaveanews.com\/index.php\/wp-json\/wp\/v2\/tags?post=199699"}],"curies":[{"name":"wp","href":"https:\/\/api.w.org\/{rel}","templated":true}]}}