{"id":199707,"date":"2024-12-16T17:05:00","date_gmt":"2024-12-16T20:05:00","guid":{"rendered":"https:\/\/www.gaveanews.com\/?p=199707"},"modified":"2024-12-16T15:30:41","modified_gmt":"2024-12-16T18:30:41","slug":"futuro-de-coutinho-declaracao-de-pedrosa-e-publicacao-de-bolasie-as-ultimas-noticias-do-vasco","status":"publish","type":"post","link":"https:\/\/www.gaveanews.com\/index.php\/2024\/12\/16\/futuro-de-coutinho-declaracao-de-pedrosa-e-publicacao-de-bolasie-as-ultimas-noticias-do-vasco\/","title":{"rendered":"Futuro de Coutinho, declara\u00e7\u00e3o de Pedrosa e publica\u00e7\u00e3o de Bolasie: as \u00faltimas not\u00edcias do Vasco"},"content":{"rendered":"\n<p>Nas \u00faltimas horas, o foco das not\u00edcias sobre o Vasco se concentram nos bastidores do clube, com destaques do dia a dia do clube.<\/p>\n\n\n\n<p>Por conta deste contexto, leia abaixo um resumo preparado pela equipe do portal G\u00e1vea News para lhe manter muito bem informado!<\/p>\n\n\n\n<h2 class=\"wp-block-heading\" id=\"h-publicacao-de-bolasie\">Publica\u00e7\u00e3o de Bolasie<\/h2>\n\n\n\n<p>O jogador Yannick Bolasie publicou uma mensagem de despedida em suas redes sociais, marcando o fim de sua passagem de nove meses pelo Crici\u00fama. Em um tom emocionado, o atacante agradeceu \u00e0 cidade catarinense e aos torcedores pelo acolhimento, destacando o impacto positivo que o clube teve em sua vida profissional e pessoal. Bolasie descreveu o Crici\u00fama como uma experi\u00eancia renovadora e afirmou que sempre levar\u00e1 o time e seus torcedores em seu cora\u00e7\u00e3o <strong><a href=\"https:\/\/www.gaveanews.com\/index.php\/2024\/12\/14\/publicacao-de-bolasie-agita-torcida-do-vasco\/\">(leia a mat\u00e9ria completa).<\/a><\/strong><\/p>\n\n\n\n<figure class=\"wp-block-image size-large\"><img loading=\"lazy\" decoding=\"async\" width=\"933\" height=\"1024\" src=\"https:\/\/www.gaveanews.com\/wp-content\/uploads\/Yannick-Bolasie-posa-para-foto-com-o-premio-de-craque-do-jogo-933x1024.webp\" alt=\"\" class=\"wp-image-161519\" srcset=\"https:\/\/www.gaveanews.com\/wp-content\/uploads\/Yannick-Bolasie-posa-para-foto-com-o-premio-de-craque-do-jogo-933x1024.webp 933w, https:\/\/www.gaveanews.com\/wp-content\/uploads\/Yannick-Bolasie-posa-para-foto-com-o-premio-de-craque-do-jogo-273x300.webp 273w, https:\/\/www.gaveanews.com\/wp-content\/uploads\/Yannick-Bolasie-posa-para-foto-com-o-premio-de-craque-do-jogo-768x843.webp 768w, https:\/\/www.gaveanews.com\/wp-content\/uploads\/Yannick-Bolasie-posa-para-foto-com-o-premio-de-craque-do-jogo-383x420.webp 383w, https:\/\/www.gaveanews.com\/wp-content\/uploads\/Yannick-Bolasie-posa-para-foto-com-o-premio-de-craque-do-jogo-766x840.webp 766w, https:\/\/www.gaveanews.com\/wp-content\/uploads\/Yannick-Bolasie-posa-para-foto-com-o-premio-de-craque-do-jogo-640x702.webp 640w, https:\/\/www.gaveanews.com\/wp-content\/uploads\/Yannick-Bolasie-posa-para-foto-com-o-premio-de-craque-do-jogo-681x747.webp 681w, https:\/\/www.gaveanews.com\/wp-content\/uploads\/Yannick-Bolasie-posa-para-foto-com-o-premio-de-craque-do-jogo-100x110.webp 100w, https:\/\/www.gaveanews.com\/wp-content\/uploads\/Yannick-Bolasie-posa-para-foto-com-o-premio-de-craque-do-jogo.webp 1080w\" sizes=\"auto, (max-width: 933px) 100vw, 933px\" \/><figcaption class=\"wp-element-caption\">Yannick Bolasie posa para foto com o pr\u00eamio de craque do jogo (Foto: Reprodu\u00e7\u00e3o\/Instagram)<\/figcaption><\/figure>\n\n\n\n<p>Ap\u00f3s a despedida do clube, Bolasie surpreendeu ao fazer uma postagem bem-humorada direcionada aos torcedores brasileiros, especialmente os do Vasco. <\/p>\n\n\n\n<p>O jogador relembrou de forma ir\u00f4nica os dois gols que marcou contra o time carioca no Campeonato Brasileiro. Com emojis de risada, ele mencionou seu carinho por todos os f\u00e3s no Brasil, incluindo os vasca\u00ednos, o que acabou chamando aten\u00e7\u00e3o e agitando as redes sociais.<\/p>\n\n\n\n<p>Os seguidores de Bolasie reagiram com bom humor \u00e0 publica\u00e7\u00e3o, destacando o jeito descontra\u00eddo e espont\u00e2neo do jogador. A postagem trouxe \u00e0 tona momentos marcantes de sua temporada no Brasil, refor\u00e7ando a rela\u00e7\u00e3o pr\u00f3xima que ele estabeleceu com os torcedores. A atitude irreverente de Bolasie reafirmou sua personalidade carism\u00e1tica e deixou uma marca divertida em sua passagem pelo futebol brasileiro .<\/p>\n\n\n\n<h2 class=\"wp-block-heading\" id=\"h-declaracao-de-pedrosa\">Declara\u00e7\u00e3o de Pedrosa<\/h2>\n\n\n\n<p>O comentarista Lucas Pedrosa destacou, durante participa\u00e7\u00e3o no SBT Sports, dois jogadores do Vasco da Gama com potencial para se tornarem \u00eddolos do clube: o goleiro L\u00e9o Jardim e o atacante Vegetti. Segundo Pedrosa, Jardim foi fundamental para o Vasco ao salvar o time em momentos cr\u00edticos, enquanto Vegetti tem se destacado pelos gols decisivos. A fala chamou a aten\u00e7\u00e3o dos torcedores, refor\u00e7ando o papel essencial que ambos desempenham na equipe (leia a mat\u00e9ria completa).<\/p>\n\n\n\n<figure class=\"wp-block-image size-full\"><img loading=\"lazy\" decoding=\"async\" width=\"900\" height=\"600\" src=\"https:\/\/www.gaveanews.com\/wp-content\/uploads\/Pablo-Vegetti-em-acao-pelo-Vasco.avif\" alt=\"\" class=\"wp-image-146070\"\/><figcaption class=\"wp-element-caption\">Pablo Vegetti em a\u00e7\u00e3o pelo Vasco (Foto: Leandro Amorim\/Vasco)<\/figcaption><\/figure>\n\n\n\n<p>L\u00e9o Jardim, de 29 anos, tem se consolidado como um dos pilares do time cruz-maltino desde sua chegada do Lille, acumulando atua\u00e7\u00f5es memor\u00e1veis, como a defesa crucial contra o Am\u00e9rica-MG em 2023. Sua performance tamb\u00e9m foi destaque no Campeonato Carioca e na Copa do Brasil, com defesas que mantiveram o Vasco competitivo. O clube j\u00e1 trabalha na renova\u00e7\u00e3o de seu contrato, prevendo extens\u00e3o caso ele alcance a meta de participa\u00e7\u00e3o em 50% das partidas em sua \u00faltima temporada.<\/p>\n\n\n\n<p>Por outro lado, Vegetti, o atacante argentino, tem conquistado o respeito da torcida com suas atua\u00e7\u00f5es decisivas e gols importantes. A dupla, formada por L\u00e9o Jardim e Vegetti, promete protagonizar momentos hist\u00f3ricos para o Vasco, ganhando cada vez mais relev\u00e2ncia no cen\u00e1rio do futebol brasileiro e refor\u00e7ando as expectativas de que se tornem \u00eddolos do clube nos pr\u00f3ximos anos.<\/p>\n\n\n\n<h2 class=\"wp-block-heading\" id=\"h-futuro-de-coutinho\">Futuro de Coutinho<\/h2>\n\n\n\n<p>Philippe Coutinho, principal contrata\u00e7\u00e3o do Vasco em 2024, retornou ao clube por empr\u00e9stimo junto ao Aston Villa e gerou grande impacto tanto em campo quanto fora dele. Em entrevista ao canal <em>\u201cFan\u00e1tico Vasca\u00edno\u201d<\/em>, o presidente Pedrinho expressou seu desejo de manter o meia no elenco por mais tempo. Ele afirmou que tentar\u00e1 estender o empr\u00e9stimo e, caso surja uma oportunidade, considerar a aquisi\u00e7\u00e3o definitiva do jogador. Pedrinho destacou que Coutinho, mesmo enfrentando um per\u00edodo de adapta\u00e7\u00e3o ap\u00f3s atuar no Mundo \u00c1rabe, trouxe retorno significativo em termos de engajamento da torcida e performance t\u00e9cnica <strong><a href=\"https:\/\/www.gaveanews.com\/index.php\/2024\/12\/14\/vasco-pedrinho-e-sincero-sobre-permanencia-de-philippe-coutinho\/\">(leia a mat\u00e9ria completa).<\/a><\/strong><\/p>\n\n\n\n<figure class=\"wp-block-image size-full\"><img loading=\"lazy\" decoding=\"async\" width=\"799\" height=\"533\" src=\"https:\/\/www.gaveanews.com\/wp-content\/uploads\/Philippe-Coutinho-durante-apresentacao-ao-Vasco-da-Gama-em-Sao-Januario.webp\" alt=\"\" class=\"wp-image-153282\" srcset=\"https:\/\/www.gaveanews.com\/wp-content\/uploads\/Philippe-Coutinho-durante-apresentacao-ao-Vasco-da-Gama-em-Sao-Januario.webp 799w, https:\/\/www.gaveanews.com\/wp-content\/uploads\/Philippe-Coutinho-durante-apresentacao-ao-Vasco-da-Gama-em-Sao-Januario-300x200.webp 300w, https:\/\/www.gaveanews.com\/wp-content\/uploads\/Philippe-Coutinho-durante-apresentacao-ao-Vasco-da-Gama-em-Sao-Januario-768x512.webp 768w, https:\/\/www.gaveanews.com\/wp-content\/uploads\/Philippe-Coutinho-durante-apresentacao-ao-Vasco-da-Gama-em-Sao-Januario-630x420.webp 630w, https:\/\/www.gaveanews.com\/wp-content\/uploads\/Philippe-Coutinho-durante-apresentacao-ao-Vasco-da-Gama-em-Sao-Januario-640x427.webp 640w, https:\/\/www.gaveanews.com\/wp-content\/uploads\/Philippe-Coutinho-durante-apresentacao-ao-Vasco-da-Gama-em-Sao-Januario-681x454.webp 681w, https:\/\/www.gaveanews.com\/wp-content\/uploads\/Philippe-Coutinho-durante-apresentacao-ao-Vasco-da-Gama-em-Sao-Januario-100x67.webp 100w\" sizes=\"auto, (max-width: 799px) 100vw, 799px\" \/><figcaption class=\"wp-element-caption\">Philippe Coutinho durante apresenta\u00e7\u00e3o ao Vasco da Gama em S\u00e3o Janu\u00e1rio (Foto: Reprodu\u00e7\u00e3o\/Vasco)<\/figcaption><\/figure>\n\n\n\n<p>Durante a temporada, Coutinho disputou 18 jogos, marcou tr\u00eas gols e contribuiu com uma assist\u00eancia, apesar de sofrer com algumas les\u00f5es. Pedrinho ressaltou que uma pr\u00e9-temporada adequada poderia potencializar ainda mais o rendimento do meia. O presidente enfatizou a import\u00e2ncia do jogador como figura de inspira\u00e7\u00e3o para os torcedores mais jovens e como ativo estrat\u00e9gico para o clube. Ele tamb\u00e9m mencionou, em tom leve, a possibilidade de investidores ajudarem a concretizar uma eventual compra.<\/p>\n\n\n\n<p>Philippe Coutinho iniciou sua carreira na base do Vasco antes de se transferir para a Europa, onde atuou em clubes como Inter de Mil\u00e3o, Barcelona e Liverpool. Seu retorno ao Vasco, oficializado em julho de 2024, foi celebrado pela torcida, marcando uma fase de expectativa e esperan\u00e7a para o futuro do clube e do jogador no futebol brasileiro.<\/p>\n","protected":false},"excerpt":{"rendered":"<p>Nas \u00faltimas horas, o foco das not\u00edcias sobre o Vasco se concentram nos bastidores do clube, com destaques do dia a dia do clube. Por conta deste contexto, leia abaixo um resumo preparado pela equipe do portal G\u00e1vea News para lhe manter muito bem informado! Publica\u00e7\u00e3o de Bolasie O jogador Yannick Bolasie publicou uma mensagem [&hellip;]<\/p>\n","protected":false},"author":27,"featured_media":151729,"comment_status":"open","ping_status":"closed","sticky":false,"template":"","format":"standard","meta":{"footnotes":""},"categories":[152],"tags":[],"class_list":["post-199707","post","type-post","status-publish","format-standard","has-post-thumbnail","hentry","category-vasco"],"yoast_head":"<!-- This site is optimized with the Yoast SEO Premium plugin v24.2 (Yoast SEO v26.9) - https:\/\/yoast.com\/product\/yoast-seo-premium-wordpress\/ -->\n<title>Futuro de Coutinho, declara\u00e7\u00e3o de Pedrosa e publica\u00e7\u00e3o de Bolasie: as \u00faltimas not\u00edcias do Vasco<\/title>\n<meta name=\"robots\" content=\"index, follow, max-snippet:-1, max-image-preview:large, max-video-preview:-1\" \/>\n<link rel=\"canonical\" href=\"https:\/\/www.gaveanews.com\/index.php\/2024\/12\/16\/futuro-de-coutinho-declaracao-de-pedrosa-e-publicacao-de-bolasie-as-ultimas-noticias-do-vasco\/\" \/>\n<meta property=\"og:locale\" content=\"pt_BR\" \/>\n<meta property=\"og:type\" content=\"article\" \/>\n<meta property=\"og:title\" content=\"Futuro de Coutinho, declara\u00e7\u00e3o de Pedrosa e publica\u00e7\u00e3o de Bolasie: as \u00faltimas not\u00edcias do Vasco\" \/>\n<meta property=\"og:description\" content=\"Nas \u00faltimas horas, o foco das not\u00edcias sobre o Vasco se concentram nos bastidores do clube, com destaques do dia a dia do clube. Por conta deste contexto, leia abaixo um resumo preparado pela equipe do portal G\u00e1vea News para lhe manter muito bem informado! Publica\u00e7\u00e3o de Bolasie O jogador Yannick Bolasie publicou uma mensagem [&hellip;]\" \/>\n<meta property=\"og:url\" content=\"https:\/\/www.gaveanews.com\/index.php\/2024\/12\/16\/futuro-de-coutinho-declaracao-de-pedrosa-e-publicacao-de-bolasie-as-ultimas-noticias-do-vasco\/\" \/>\n<meta property=\"og:site_name\" content=\"G\u00e1vea News\" \/>\n<meta property=\"article:publisher\" content=\"https:\/\/facebook.com\/gaveaNews\/\" \/>\n<meta property=\"article:published_time\" content=\"2024-12-16T20:05:00+00:00\" \/>\n<meta property=\"og:image\" content=\"https:\/\/www.gaveanews.com\/wp-content\/uploads\/Philippe-Coutinho-em-acao-pelo-Vasco.webp\" \/>\n\t<meta property=\"og:image:width\" content=\"1080\" \/>\n\t<meta property=\"og:image:height\" content=\"810\" \/>\n\t<meta property=\"og:image:type\" content=\"image\/webp\" \/>\n<meta name=\"author\" content=\"Matheus Felipe\" \/>\n<meta name=\"twitter:card\" content=\"summary_large_image\" \/>\n<meta name=\"twitter:label1\" content=\"Escrito por\" \/>\n\t<meta name=\"twitter:data1\" content=\"Matheus Felipe\" \/>\n\t<meta name=\"twitter:label2\" content=\"Est. tempo de leitura\" \/>\n\t<meta name=\"twitter:data2\" content=\"5 minutos\" \/>\n<script type=\"application\/ld+json\" class=\"yoast-schema-graph\">{\"@context\":\"https:\/\/schema.org\",\"@graph\":[{\"@type\":\"NewsArticle\",\"@id\":\"https:\/\/www.gaveanews.com\/index.php\/2024\/12\/16\/futuro-de-coutinho-declaracao-de-pedrosa-e-publicacao-de-bolasie-as-ultimas-noticias-do-vasco\/#article\",\"isPartOf\":{\"@id\":\"https:\/\/www.gaveanews.com\/index.php\/2024\/12\/16\/futuro-de-coutinho-declaracao-de-pedrosa-e-publicacao-de-bolasie-as-ultimas-noticias-do-vasco\/\"},\"author\":{\"name\":\"Matheus Felipe\",\"@id\":\"https:\/\/www.gaveanews.com\/#\/schema\/person\/8207cd4627f56151707418bfc835b2fb\"},\"headline\":\"Futuro de Coutinho, declara\u00e7\u00e3o de Pedrosa e publica\u00e7\u00e3o de Bolasie: as \u00faltimas not\u00edcias do Vasco\",\"datePublished\":\"2024-12-16T20:05:00+00:00\",\"mainEntityOfPage\":{\"@id\":\"https:\/\/www.gaveanews.com\/index.php\/2024\/12\/16\/futuro-de-coutinho-declaracao-de-pedrosa-e-publicacao-de-bolasie-as-ultimas-noticias-do-vasco\/\"},\"wordCount\":816,\"commentCount\":0,\"image\":{\"@id\":\"https:\/\/www.gaveanews.com\/index.php\/2024\/12\/16\/futuro-de-coutinho-declaracao-de-pedrosa-e-publicacao-de-bolasie-as-ultimas-noticias-do-vasco\/#primaryimage\"},\"thumbnailUrl\":\"https:\/\/www.gaveanews.com\/wp-content\/uploads\/Philippe-Coutinho-em-acao-pelo-Vasco.webp\",\"articleSection\":[\"Vasco\"],\"inLanguage\":\"pt-BR\",\"potentialAction\":[{\"@type\":\"CommentAction\",\"name\":\"Comment\",\"target\":[\"https:\/\/www.gaveanews.com\/index.php\/2024\/12\/16\/futuro-de-coutinho-declaracao-de-pedrosa-e-publicacao-de-bolasie-as-ultimas-noticias-do-vasco\/#respond\"]}],\"copyrightYear\":\"2024\",\"copyrightHolder\":{\"@id\":\"https:\/\/www.gaveanews.com\/#organization\"}},{\"@type\":\"WebPage\",\"@id\":\"https:\/\/www.gaveanews.com\/index.php\/2024\/12\/16\/futuro-de-coutinho-declaracao-de-pedrosa-e-publicacao-de-bolasie-as-ultimas-noticias-do-vasco\/\",\"url\":\"https:\/\/www.gaveanews.com\/index.php\/2024\/12\/16\/futuro-de-coutinho-declaracao-de-pedrosa-e-publicacao-de-bolasie-as-ultimas-noticias-do-vasco\/\",\"name\":\"Futuro de Coutinho, declara\u00e7\u00e3o de Pedrosa e publica\u00e7\u00e3o de Bolasie: as \u00faltimas not\u00edcias do Vasco\",\"isPartOf\":{\"@id\":\"https:\/\/www.gaveanews.com\/#website\"},\"primaryImageOfPage\":{\"@id\":\"https:\/\/www.gaveanews.com\/index.php\/2024\/12\/16\/futuro-de-coutinho-declaracao-de-pedrosa-e-publicacao-de-bolasie-as-ultimas-noticias-do-vasco\/#primaryimage\"},\"image\":{\"@id\":\"https:\/\/www.gaveanews.com\/index.php\/2024\/12\/16\/futuro-de-coutinho-declaracao-de-pedrosa-e-publicacao-de-bolasie-as-ultimas-noticias-do-vasco\/#primaryimage\"},\"thumbnailUrl\":\"https:\/\/www.gaveanews.com\/wp-content\/uploads\/Philippe-Coutinho-em-acao-pelo-Vasco.webp\",\"datePublished\":\"2024-12-16T20:05:00+00:00\",\"author\":{\"@id\":\"https:\/\/www.gaveanews.com\/#\/schema\/person\/8207cd4627f56151707418bfc835b2fb\"},\"breadcrumb\":{\"@id\":\"https:\/\/www.gaveanews.com\/index.php\/2024\/12\/16\/futuro-de-coutinho-declaracao-de-pedrosa-e-publicacao-de-bolasie-as-ultimas-noticias-do-vasco\/#breadcrumb\"},\"inLanguage\":\"pt-BR\",\"potentialAction\":[{\"@type\":\"ReadAction\",\"target\":[\"https:\/\/www.gaveanews.com\/index.php\/2024\/12\/16\/futuro-de-coutinho-declaracao-de-pedrosa-e-publicacao-de-bolasie-as-ultimas-noticias-do-vasco\/\"]}]},{\"@type\":\"ImageObject\",\"inLanguage\":\"pt-BR\",\"@id\":\"https:\/\/www.gaveanews.com\/index.php\/2024\/12\/16\/futuro-de-coutinho-declaracao-de-pedrosa-e-publicacao-de-bolasie-as-ultimas-noticias-do-vasco\/#primaryimage\",\"url\":\"https:\/\/www.gaveanews.com\/wp-content\/uploads\/Philippe-Coutinho-em-acao-pelo-Vasco.webp\",\"contentUrl\":\"https:\/\/www.gaveanews.com\/wp-content\/uploads\/Philippe-Coutinho-em-acao-pelo-Vasco.webp\",\"width\":1080,\"height\":810,\"caption\":\"Philippe Coutinho em a\u00e7\u00e3o pelo Vasco (Foto: Reprodu\u00e7\u00e3o\/Vasco)\"},{\"@type\":\"BreadcrumbList\",\"@id\":\"https:\/\/www.gaveanews.com\/index.php\/2024\/12\/16\/futuro-de-coutinho-declaracao-de-pedrosa-e-publicacao-de-bolasie-as-ultimas-noticias-do-vasco\/#breadcrumb\",\"itemListElement\":[{\"@type\":\"ListItem\",\"position\":1,\"name\":\"Home\",\"item\":\"https:\/\/www.gaveanews.com\/\"},{\"@type\":\"ListItem\",\"position\":2,\"name\":\"Futuro de Coutinho, declara\u00e7\u00e3o de Pedrosa e publica\u00e7\u00e3o de Bolasie: as \u00faltimas not\u00edcias do Vasco\"}]},{\"@type\":\"WebSite\",\"@id\":\"https:\/\/www.gaveanews.com\/#website\",\"url\":\"https:\/\/www.gaveanews.com\/\",\"name\":\"G\u00e1vea News\",\"description\":\"Veja todas as not\u00edcias sobre o Flamengo: Contrata\u00e7\u00f5es, categorias de base, resultados das partidas, tabela de classifica\u00e7\u00e3o, pr\u00f3ximos jogos!\",\"potentialAction\":[{\"@type\":\"SearchAction\",\"target\":{\"@type\":\"EntryPoint\",\"urlTemplate\":\"https:\/\/www.gaveanews.com\/?s={search_term_string}\"},\"query-input\":{\"@type\":\"PropertyValueSpecification\",\"valueRequired\":true,\"valueName\":\"search_term_string\"}}],\"inLanguage\":\"pt-BR\"},{\"@type\":\"Person\",\"@id\":\"https:\/\/www.gaveanews.com\/#\/schema\/person\/8207cd4627f56151707418bfc835b2fb\",\"name\":\"Matheus Felipe\",\"image\":{\"@type\":\"ImageObject\",\"inLanguage\":\"pt-BR\",\"@id\":\"https:\/\/www.gaveanews.com\/#\/schema\/person\/image\/\",\"url\":\"https:\/\/secure.gravatar.com\/avatar\/a452ffbed9130f726358b298bb3a99ce4bd3c5338411f8440e87e14d74c7c087?s=96&d=mm&r=g\",\"contentUrl\":\"https:\/\/secure.gravatar.com\/avatar\/a452ffbed9130f726358b298bb3a99ce4bd3c5338411f8440e87e14d74c7c087?s=96&d=mm&r=g\",\"caption\":\"Matheus Felipe\"}}]}<\/script>\n<!-- \/ Yoast SEO Premium plugin. -->","yoast_head_json":{"title":"Futuro de Coutinho, declara\u00e7\u00e3o de Pedrosa e publica\u00e7\u00e3o de Bolasie: as \u00faltimas not\u00edcias do Vasco","robots":{"index":"index","follow":"follow","max-snippet":"max-snippet:-1","max-image-preview":"max-image-preview:large","max-video-preview":"max-video-preview:-1"},"canonical":"https:\/\/www.gaveanews.com\/index.php\/2024\/12\/16\/futuro-de-coutinho-declaracao-de-pedrosa-e-publicacao-de-bolasie-as-ultimas-noticias-do-vasco\/","og_locale":"pt_BR","og_type":"article","og_title":"Futuro de Coutinho, declara\u00e7\u00e3o de Pedrosa e publica\u00e7\u00e3o de Bolasie: as \u00faltimas not\u00edcias do Vasco","og_description":"Nas \u00faltimas horas, o foco das not\u00edcias sobre o Vasco se concentram nos bastidores do clube, com destaques do dia a dia do clube. Por conta deste contexto, leia abaixo um resumo preparado pela equipe do portal G\u00e1vea News para lhe manter muito bem informado! Publica\u00e7\u00e3o de Bolasie O jogador Yannick Bolasie publicou uma mensagem [&hellip;]","og_url":"https:\/\/www.gaveanews.com\/index.php\/2024\/12\/16\/futuro-de-coutinho-declaracao-de-pedrosa-e-publicacao-de-bolasie-as-ultimas-noticias-do-vasco\/","og_site_name":"G\u00e1vea News","article_publisher":"https:\/\/facebook.com\/gaveaNews\/","article_published_time":"2024-12-16T20:05:00+00:00","og_image":[{"width":1080,"height":810,"url":"https:\/\/www.gaveanews.com\/wp-content\/uploads\/Philippe-Coutinho-em-acao-pelo-Vasco.webp","type":"image\/webp"}],"author":"Matheus Felipe","twitter_card":"summary_large_image","twitter_misc":{"Escrito por":"Matheus Felipe","Est. tempo de leitura":"5 minutos"},"schema":{"@context":"https:\/\/schema.org","@graph":[{"@type":"NewsArticle","@id":"https:\/\/www.gaveanews.com\/index.php\/2024\/12\/16\/futuro-de-coutinho-declaracao-de-pedrosa-e-publicacao-de-bolasie-as-ultimas-noticias-do-vasco\/#article","isPartOf":{"@id":"https:\/\/www.gaveanews.com\/index.php\/2024\/12\/16\/futuro-de-coutinho-declaracao-de-pedrosa-e-publicacao-de-bolasie-as-ultimas-noticias-do-vasco\/"},"author":{"name":"Matheus Felipe","@id":"https:\/\/www.gaveanews.com\/#\/schema\/person\/8207cd4627f56151707418bfc835b2fb"},"headline":"Futuro de Coutinho, declara\u00e7\u00e3o de Pedrosa e publica\u00e7\u00e3o de Bolasie: as \u00faltimas not\u00edcias do Vasco","datePublished":"2024-12-16T20:05:00+00:00","mainEntityOfPage":{"@id":"https:\/\/www.gaveanews.com\/index.php\/2024\/12\/16\/futuro-de-coutinho-declaracao-de-pedrosa-e-publicacao-de-bolasie-as-ultimas-noticias-do-vasco\/"},"wordCount":816,"commentCount":0,"image":{"@id":"https:\/\/www.gaveanews.com\/index.php\/2024\/12\/16\/futuro-de-coutinho-declaracao-de-pedrosa-e-publicacao-de-bolasie-as-ultimas-noticias-do-vasco\/#primaryimage"},"thumbnailUrl":"https:\/\/www.gaveanews.com\/wp-content\/uploads\/Philippe-Coutinho-em-acao-pelo-Vasco.webp","articleSection":["Vasco"],"inLanguage":"pt-BR","potentialAction":[{"@type":"CommentAction","name":"Comment","target":["https:\/\/www.gaveanews.com\/index.php\/2024\/12\/16\/futuro-de-coutinho-declaracao-de-pedrosa-e-publicacao-de-bolasie-as-ultimas-noticias-do-vasco\/#respond"]}],"copyrightYear":"2024","copyrightHolder":{"@id":"https:\/\/www.gaveanews.com\/#organization"}},{"@type":"WebPage","@id":"https:\/\/www.gaveanews.com\/index.php\/2024\/12\/16\/futuro-de-coutinho-declaracao-de-pedrosa-e-publicacao-de-bolasie-as-ultimas-noticias-do-vasco\/","url":"https:\/\/www.gaveanews.com\/index.php\/2024\/12\/16\/futuro-de-coutinho-declaracao-de-pedrosa-e-publicacao-de-bolasie-as-ultimas-noticias-do-vasco\/","name":"Futuro de Coutinho, declara\u00e7\u00e3o de Pedrosa e publica\u00e7\u00e3o de Bolasie: as \u00faltimas not\u00edcias do Vasco","isPartOf":{"@id":"https:\/\/www.gaveanews.com\/#website"},"primaryImageOfPage":{"@id":"https:\/\/www.gaveanews.com\/index.php\/2024\/12\/16\/futuro-de-coutinho-declaracao-de-pedrosa-e-publicacao-de-bolasie-as-ultimas-noticias-do-vasco\/#primaryimage"},"image":{"@id":"https:\/\/www.gaveanews.com\/index.php\/2024\/12\/16\/futuro-de-coutinho-declaracao-de-pedrosa-e-publicacao-de-bolasie-as-ultimas-noticias-do-vasco\/#primaryimage"},"thumbnailUrl":"https:\/\/www.gaveanews.com\/wp-content\/uploads\/Philippe-Coutinho-em-acao-pelo-Vasco.webp","datePublished":"2024-12-16T20:05:00+00:00","author":{"@id":"https:\/\/www.gaveanews.com\/#\/schema\/person\/8207cd4627f56151707418bfc835b2fb"},"breadcrumb":{"@id":"https:\/\/www.gaveanews.com\/index.php\/2024\/12\/16\/futuro-de-coutinho-declaracao-de-pedrosa-e-publicacao-de-bolasie-as-ultimas-noticias-do-vasco\/#breadcrumb"},"inLanguage":"pt-BR","potentialAction":[{"@type":"ReadAction","target":["https:\/\/www.gaveanews.com\/index.php\/2024\/12\/16\/futuro-de-coutinho-declaracao-de-pedrosa-e-publicacao-de-bolasie-as-ultimas-noticias-do-vasco\/"]}]},{"@type":"ImageObject","inLanguage":"pt-BR","@id":"https:\/\/www.gaveanews.com\/index.php\/2024\/12\/16\/futuro-de-coutinho-declaracao-de-pedrosa-e-publicacao-de-bolasie-as-ultimas-noticias-do-vasco\/#primaryimage","url":"https:\/\/www.gaveanews.com\/wp-content\/uploads\/Philippe-Coutinho-em-acao-pelo-Vasco.webp","contentUrl":"https:\/\/www.gaveanews.com\/wp-content\/uploads\/Philippe-Coutinho-em-acao-pelo-Vasco.webp","width":1080,"height":810,"caption":"Philippe Coutinho em a\u00e7\u00e3o pelo Vasco (Foto: Reprodu\u00e7\u00e3o\/Vasco)"},{"@type":"BreadcrumbList","@id":"https:\/\/www.gaveanews.com\/index.php\/2024\/12\/16\/futuro-de-coutinho-declaracao-de-pedrosa-e-publicacao-de-bolasie-as-ultimas-noticias-do-vasco\/#breadcrumb","itemListElement":[{"@type":"ListItem","position":1,"name":"Home","item":"https:\/\/www.gaveanews.com\/"},{"@type":"ListItem","position":2,"name":"Futuro de Coutinho, declara\u00e7\u00e3o de Pedrosa e publica\u00e7\u00e3o de Bolasie: as \u00faltimas not\u00edcias do Vasco"}]},{"@type":"WebSite","@id":"https:\/\/www.gaveanews.com\/#website","url":"https:\/\/www.gaveanews.com\/","name":"G\u00e1vea News","description":"Veja todas as not\u00edcias sobre o Flamengo: Contrata\u00e7\u00f5es, categorias de base, resultados das partidas, tabela de classifica\u00e7\u00e3o, pr\u00f3ximos jogos!","potentialAction":[{"@type":"SearchAction","target":{"@type":"EntryPoint","urlTemplate":"https:\/\/www.gaveanews.com\/?s={search_term_string}"},"query-input":{"@type":"PropertyValueSpecification","valueRequired":true,"valueName":"search_term_string"}}],"inLanguage":"pt-BR"},{"@type":"Person","@id":"https:\/\/www.gaveanews.com\/#\/schema\/person\/8207cd4627f56151707418bfc835b2fb","name":"Matheus Felipe","image":{"@type":"ImageObject","inLanguage":"pt-BR","@id":"https:\/\/www.gaveanews.com\/#\/schema\/person\/image\/","url":"https:\/\/secure.gravatar.com\/avatar\/a452ffbed9130f726358b298bb3a99ce4bd3c5338411f8440e87e14d74c7c087?s=96&d=mm&r=g","contentUrl":"https:\/\/secure.gravatar.com\/avatar\/a452ffbed9130f726358b298bb3a99ce4bd3c5338411f8440e87e14d74c7c087?s=96&d=mm&r=g","caption":"Matheus Felipe"}}]}},"_links":{"self":[{"href":"https:\/\/www.gaveanews.com\/index.php\/wp-json\/wp\/v2\/posts\/199707","targetHints":{"allow":["GET"]}}],"collection":[{"href":"https:\/\/www.gaveanews.com\/index.php\/wp-json\/wp\/v2\/posts"}],"about":[{"href":"https:\/\/www.gaveanews.com\/index.php\/wp-json\/wp\/v2\/types\/post"}],"author":[{"embeddable":true,"href":"https:\/\/www.gaveanews.com\/index.php\/wp-json\/wp\/v2\/users\/27"}],"replies":[{"embeddable":true,"href":"https:\/\/www.gaveanews.com\/index.php\/wp-json\/wp\/v2\/comments?post=199707"}],"version-history":[{"count":1,"href":"https:\/\/www.gaveanews.com\/index.php\/wp-json\/wp\/v2\/posts\/199707\/revisions"}],"predecessor-version":[{"id":199711,"href":"https:\/\/www.gaveanews.com\/index.php\/wp-json\/wp\/v2\/posts\/199707\/revisions\/199711"}],"wp:featuredmedia":[{"embeddable":true,"href":"https:\/\/www.gaveanews.com\/index.php\/wp-json\/wp\/v2\/media\/151729"}],"wp:attachment":[{"href":"https:\/\/www.gaveanews.com\/index.php\/wp-json\/wp\/v2\/media?parent=199707"}],"wp:term":[{"taxonomy":"category","embeddable":true,"href":"https:\/\/www.gaveanews.com\/index.php\/wp-json\/wp\/v2\/categories?post=199707"},{"taxonomy":"post_tag","embeddable":true,"href":"https:\/\/www.gaveanews.com\/index.php\/wp-json\/wp\/v2\/tags?post=199707"}],"curies":[{"name":"wp","href":"https:\/\/api.w.org\/{rel}","templated":true}]}}