{"id":199739,"date":"2024-12-16T16:50:00","date_gmt":"2024-12-16T19:50:00","guid":{"rendered":"https:\/\/www.gaveanews.com\/?p=199739"},"modified":"2024-12-16T16:35:36","modified_gmt":"2024-12-16T19:35:36","slug":"declaracao-de-carlo-ancelotti-renovacao-de-daniel-yanez-e-recado-direcionado-a-endrick-as-ultimas-noticias-do-real-madrid","status":"publish","type":"post","link":"https:\/\/www.gaveanews.com\/index.php\/2024\/12\/16\/declaracao-de-carlo-ancelotti-renovacao-de-daniel-yanez-e-recado-direcionado-a-endrick-as-ultimas-noticias-do-real-madrid\/","title":{"rendered":"Declara\u00e7\u00e3o de Carlo Ancelotti, renova\u00e7\u00e3o de Daniel Y\u00e1\u00f1ez e recado direcionado a Endrick: as \u00faltimas not\u00edcias do Real Madrid"},"content":{"rendered":"\n<p>Nas \u00faltimas horas, o foco das not\u00edcias sobre o Real Madrid se concentram nos bastidores do clube, com destaques do dia a dia do time.<\/p>\n\n\n\n<p>Por conta deste contexto, leia abaixo um resumo preparado pela equipe do portal G\u00e1vea News para lhe manter muito bem informado!<\/p>\n\n\n\n<h2 class=\"wp-block-heading\" id=\"h-recado-direcionado-a-endrick\">Recado direcionado a Endrick<\/h2>\n\n\n\n<p>Carlo Ancelotti, t\u00e9cnico do Real Madrid, abordou as cr\u00edticas sobre a falta de oportunidades para Endrick, jovem promessa brasileira contratada com grande expectativa. Durante uma coletiva, o treinador destacou que a adapta\u00e7\u00e3o do atacante ao estilo do time \u00e9 um processo em andamento, afirmando que Endrick ainda precisa treinar mais para se alinhar \u00e0s exig\u00eancias da equipe. Apesar de ter marcado um gol em sua estreia na Champions League, o jogador vem entrando esporadicamente nos minutos finais das partidas, o que tem gerado questionamentos sobre sua utiliza\u00e7\u00e3o <strong><a href=\"https:\/\/www.gaveanews.com\/index.php\/2024\/12\/13\/a-declaracao-de-ancelotti-direcionada-a-endrick-2\/\">(leia a mat\u00e9ria completa).<\/a><\/strong><\/p>\n\n\n\n<figure class=\"wp-block-image size-full\"><img loading=\"lazy\" decoding=\"async\" width=\"1440\" height=\"959\" src=\"https:\/\/www.gaveanews.com\/wp-content\/uploads\/Endrick-com-a-camisa-do-Real-Madrid-em-2024.webp\" alt=\"\" class=\"wp-image-159677\" srcset=\"https:\/\/www.gaveanews.com\/wp-content\/uploads\/Endrick-com-a-camisa-do-Real-Madrid-em-2024.webp 1440w, https:\/\/www.gaveanews.com\/wp-content\/uploads\/Endrick-com-a-camisa-do-Real-Madrid-em-2024-300x200.webp 300w, https:\/\/www.gaveanews.com\/wp-content\/uploads\/Endrick-com-a-camisa-do-Real-Madrid-em-2024-1024x682.webp 1024w, https:\/\/www.gaveanews.com\/wp-content\/uploads\/Endrick-com-a-camisa-do-Real-Madrid-em-2024-768x511.webp 768w, https:\/\/www.gaveanews.com\/wp-content\/uploads\/Endrick-com-a-camisa-do-Real-Madrid-em-2024-631x420.webp 631w, https:\/\/www.gaveanews.com\/wp-content\/uploads\/Endrick-com-a-camisa-do-Real-Madrid-em-2024-1261x840.webp 1261w, https:\/\/www.gaveanews.com\/wp-content\/uploads\/Endrick-com-a-camisa-do-Real-Madrid-em-2024-640x426.webp 640w, https:\/\/www.gaveanews.com\/wp-content\/uploads\/Endrick-com-a-camisa-do-Real-Madrid-em-2024-1280x852.webp 1280w, https:\/\/www.gaveanews.com\/wp-content\/uploads\/Endrick-com-a-camisa-do-Real-Madrid-em-2024-681x454.webp 681w, https:\/\/www.gaveanews.com\/wp-content\/uploads\/Endrick-com-a-camisa-do-Real-Madrid-em-2024-1362x907.webp 1362w, https:\/\/www.gaveanews.com\/wp-content\/uploads\/Endrick-com-a-camisa-do-Real-Madrid-em-2024-100x67.webp 100w\" sizes=\"auto, (max-width: 1440px) 100vw, 1440px\" \/><figcaption class=\"wp-element-caption\">Endrick com a camisa do Real Madrid em 2024 (Foto: Reprodu\u00e7\u00e3o\/Instagram)<\/figcaption><\/figure>\n\n\n\n<p>Ancelotti explicou que a dificuldade em rodar o elenco tamb\u00e9m est\u00e1 relacionada ao n\u00famero reduzido de jogadores dispon\u00edveis no plantel principal. Segundo ele, um elenco curto limita a capacidade de promover mais chances para jovens talentos como Endrick. <\/p>\n\n\n\n<p>O t\u00e9cnico refor\u00e7ou que, por ser muito jovem, o jogador ainda est\u00e1 em processo de desenvolvimento e adapta\u00e7\u00e3o, mas acredita que o tempo e o trabalho ser\u00e3o essenciais para o crescimento do atleta.<\/p>\n\n\n\n<p>O Real Madrid enfrenta um final de ano movimentado, com partidas decisivas pelo Campeonato Espanhol e a final da Copa Intercontinental de Clubes da FIFA. Enquanto isso, a expectativa em torno de Endrick segue alta, tanto entre torcedores quanto na imprensa, que aguardam o momento em que o atacante ter\u00e1 mais protagonismo e oportunidades dentro da equipe principal.<\/p>\n\n\n\n<h2 class=\"wp-block-heading\" id=\"h-renovacao-de-daniel-yanez\">Renova\u00e7\u00e3o de Daniel Y\u00e1\u00f1ez<\/h2>\n\n\n\n<p>O Real Madrid oficializou a renova\u00e7\u00e3o de contrato de Daniel Y\u00e1\u00f1ez, atacante de 17 anos e destaque das categorias de base do clube. Sob o comando de Carlo Ancelotti, o jovem j\u00e1 estreou pela equipe principal, durante uma partida contra o Girona em LaLiga, e vem sendo apontado como uma das grandes promessas formadas em La F\u00e1brica, o centro de desenvolvimento de talentos do clube. A extens\u00e3o do v\u00ednculo, de longa dura\u00e7\u00e3o, refor\u00e7a o plano do Real Madrid de manter seus talentos em Valdebebas, projetando o futuro enquanto sustenta o estrelado elenco atual, que conta com Vin\u00edcius J\u00fanior, Mbapp\u00e9 e Rodrygo <strong><a href=\"https:\/\/www.gaveanews.com\/index.php\/2024\/12\/16\/carlo-ancelotti-autoriza-e-atacante-renova-com-o-real-madrid\/\">(leia a mat\u00e9ria completa).<\/a><\/strong><\/p>\n\n\n\n<figure class=\"wp-block-image size-full\"><img loading=\"lazy\" decoding=\"async\" width=\"984\" height=\"678\" src=\"https:\/\/www.gaveanews.com\/wp-content\/uploads\/2023-04-29t184531z-1598421574-up1ej4t1g3tth-rtrmadp-3-soccer-spain-mad-uda-report.webp\" alt=\"\" class=\"wp-image-119629\" srcset=\"https:\/\/www.gaveanews.com\/wp-content\/uploads\/2023-04-29t184531z-1598421574-up1ej4t1g3tth-rtrmadp-3-soccer-spain-mad-uda-report.webp 984w, https:\/\/www.gaveanews.com\/wp-content\/uploads\/2023-04-29t184531z-1598421574-up1ej4t1g3tth-rtrmadp-3-soccer-spain-mad-uda-report-300x207.webp 300w, https:\/\/www.gaveanews.com\/wp-content\/uploads\/2023-04-29t184531z-1598421574-up1ej4t1g3tth-rtrmadp-3-soccer-spain-mad-uda-report-768x529.webp 768w, https:\/\/www.gaveanews.com\/wp-content\/uploads\/2023-04-29t184531z-1598421574-up1ej4t1g3tth-rtrmadp-3-soccer-spain-mad-uda-report-610x420.webp 610w, https:\/\/www.gaveanews.com\/wp-content\/uploads\/2023-04-29t184531z-1598421574-up1ej4t1g3tth-rtrmadp-3-soccer-spain-mad-uda-report-640x441.webp 640w, https:\/\/www.gaveanews.com\/wp-content\/uploads\/2023-04-29t184531z-1598421574-up1ej4t1g3tth-rtrmadp-3-soccer-spain-mad-uda-report-681x469.webp 681w, https:\/\/www.gaveanews.com\/wp-content\/uploads\/2023-04-29t184531z-1598421574-up1ej4t1g3tth-rtrmadp-3-soccer-spain-mad-uda-report-100x69.webp 100w\" sizes=\"auto, (max-width: 984px) 100vw, 984px\" \/><figcaption class=\"wp-element-caption\">Carlo Ancelotti, t\u00e9cnico do Real Madrid (Foto: Reuters)<\/figcaption><\/figure>\n\n\n\n<p>Daniel Y\u00e1\u00f1ez, que tamb\u00e9m atua pelo Castilla, treinado por Ra\u00fal Gonz\u00e1lez, \u00e9 muito valorizado internamente. Apesar de ter tido poucos minutos em campo durante sua estreia pela equipe principal, o atacante impressionou ao mostrar habilidade e disposi\u00e7\u00e3o em apenas uma jogada, vencendo um duelo e sofrendo uma falta. Aos 17 anos, ele j\u00e1 desponta como uma aposta de longo prazo para o clube, que segue comprometido em integrar novos talentos ao elenco principal, enquanto equilibra a experi\u00eancia dos astros consagrados.<\/p>\n\n\n\n<p>A renova\u00e7\u00e3o do contrato de Y\u00e1\u00f1ez ocorre em um momento de grandes desafios para o Real Madrid. Al\u00e9m de se preparar para a final do Mundial de Clubes da FIFA contra o Pachuca, o clube encara duelos importantes contra Sevilla e Valencia em LaLiga. Com essa estrat\u00e9gia de reten\u00e7\u00e3o de jovens talentos, o Real Madrid n\u00e3o apenas garante o futuro do time, mas tamb\u00e9m mant\u00e9m sua posi\u00e7\u00e3o de destaque como um dos maiores desenvolvedores de atletas no futebol mundial.<\/p>\n\n\n\n<h2 class=\"wp-block-heading\" id=\"h-declaracao-de-carlo-ancelotti\">Declara\u00e7\u00e3o de Carlo Ancelotti<\/h2>\n\n\n\n<p>Carlo Ancelotti, t\u00e9cnico do Real Madrid, defendeu Pep Guardiola em meio \u00e0 crise enfrentada pelo Manchester City, que acumula sete derrotas nos \u00faltimos dez jogos, a pior fase desde que Guardiola assumiu o comando dos Citizens. Durante uma coletiva de imprensa, Ancelotti elogiou o espanhol, afirmando que ele \u00e9 &#8220;um dos melhores do mundo&#8221; e um inovador que segue fazendo hist\u00f3ria no futebol, destacando que os resultados ruins n\u00e3o mudam sua opini\u00e3o sobre o trabalho de Pep<strong><a href=\"https:\/\/www.gaveanews.com\/index.php\/2024\/12\/14\/a-declaracao-de-carlo-ancelotti-direcionada-ao-manchester-city\/\"> (leia a mat\u00e9ria completa).<\/a><\/strong><\/p>\n\n\n\n<figure class=\"wp-block-image size-large\"><img loading=\"lazy\" decoding=\"async\" width=\"1024\" height=\"576\" src=\"https:\/\/www.gaveanews.com\/wp-content\/uploads\/madridvcity-flag-1024x576.webp\" alt=\"\" class=\"wp-image-122514\" srcset=\"https:\/\/www.gaveanews.com\/wp-content\/uploads\/madridvcity-flag-1024x576.webp 1024w, https:\/\/www.gaveanews.com\/wp-content\/uploads\/madridvcity-flag-300x169.webp 300w, https:\/\/www.gaveanews.com\/wp-content\/uploads\/madridvcity-flag-768x432.webp 768w, https:\/\/www.gaveanews.com\/wp-content\/uploads\/madridvcity-flag-1536x864.webp 1536w, https:\/\/www.gaveanews.com\/wp-content\/uploads\/madridvcity-flag-747x420.webp 747w, https:\/\/www.gaveanews.com\/wp-content\/uploads\/madridvcity-flag-1493x840.webp 1493w, https:\/\/www.gaveanews.com\/wp-content\/uploads\/madridvcity-flag-640x360.webp 640w, https:\/\/www.gaveanews.com\/wp-content\/uploads\/madridvcity-flag-1280x720.webp 1280w, https:\/\/www.gaveanews.com\/wp-content\/uploads\/madridvcity-flag-681x383.webp 681w, https:\/\/www.gaveanews.com\/wp-content\/uploads\/madridvcity-flag-1362x766.webp 1362w, https:\/\/www.gaveanews.com\/wp-content\/uploads\/madridvcity-flag-100x56.webp 100w, https:\/\/www.gaveanews.com\/wp-content\/uploads\/madridvcity-flag.webp 1920w\" sizes=\"auto, (max-width: 1024px) 100vw, 1024px\" \/><figcaption class=\"wp-element-caption\">Escudos de Real Madrid e Manchester City (Foto: Reprodu\u00e7\u00e3o)<\/figcaption><\/figure>\n\n\n\n<p>O t\u00e9cnico italiano tamb\u00e9m comentou que treinadores podem controlar muitos aspectos, mas n\u00e3o os resultados, algo que afeta at\u00e9 os melhores. Ancelotti n\u00e3o vive uma temporada brilhante no Real Madrid, enfrentando oscila\u00e7\u00f5es e derrotas marcantes, como o 4 a 0 para o Barcelona e a derrota para o Milan na Liga dos Campe\u00f5es. Apesar disso, sua equipe \u00e9 vice-l\u00edder na La Liga e est\u00e1 em zona de repescagem na Champions League, ocupando a 20\u00aa posi\u00e7\u00e3o.<\/p>\n\n\n\n<p>J\u00e1 o Manchester City, al\u00e9m da crise de resultados, ocupa apenas a quinta posi\u00e7\u00e3o na Premier League e est\u00e1 em 22\u00ba lugar na Champions League, tamb\u00e9m classificado para a repescagem. Com ambos os t\u00e9cnicos enfrentando dificuldades, os coment\u00e1rios de Ancelotti destacam o respeito e a solidariedade entre dois dos maiores treinadores da atualidade, reafirmando a import\u00e2ncia de suas contribui\u00e7\u00f5es para o futebol, independentemente dos momentos dif\u00edceis.<\/p>\n","protected":false},"excerpt":{"rendered":"<p>Nas \u00faltimas horas, o foco das not\u00edcias sobre o Real Madrid se concentram nos bastidores do clube, com destaques do dia a dia do time. Por conta deste contexto, leia abaixo um resumo preparado pela equipe do portal G\u00e1vea News para lhe manter muito bem informado! Recado direcionado a Endrick Carlo Ancelotti, t\u00e9cnico do Real [&hellip;]<\/p>\n","protected":false},"author":27,"featured_media":124645,"comment_status":"open","ping_status":"closed","sticky":false,"template":"","format":"standard","meta":{"footnotes":""},"categories":[88],"tags":[],"class_list":["post-199739","post","type-post","status-publish","format-standard","has-post-thumbnail","hentry","category-real-madrid"],"yoast_head":"<!-- This site is optimized with the Yoast SEO Premium plugin v24.2 (Yoast SEO v26.9) - https:\/\/yoast.com\/product\/yoast-seo-premium-wordpress\/ -->\n<title>Declara\u00e7\u00e3o de Carlo Ancelotti, renova\u00e7\u00e3o de Daniel Y\u00e1\u00f1ez e recado direcionado a Endrick: as \u00faltimas not\u00edcias do Real Madrid<\/title>\n<meta name=\"robots\" content=\"index, follow, max-snippet:-1, max-image-preview:large, max-video-preview:-1\" \/>\n<link rel=\"canonical\" href=\"https:\/\/www.gaveanews.com\/index.php\/2024\/12\/16\/declaracao-de-carlo-ancelotti-renovacao-de-daniel-yanez-e-recado-direcionado-a-endrick-as-ultimas-noticias-do-real-madrid\/\" \/>\n<meta property=\"og:locale\" content=\"pt_BR\" \/>\n<meta property=\"og:type\" content=\"article\" \/>\n<meta property=\"og:title\" content=\"Declara\u00e7\u00e3o de Carlo Ancelotti, renova\u00e7\u00e3o de Daniel Y\u00e1\u00f1ez e recado direcionado a Endrick: as \u00faltimas not\u00edcias do Real Madrid\" \/>\n<meta property=\"og:description\" content=\"Nas \u00faltimas horas, o foco das not\u00edcias sobre o Real Madrid se concentram nos bastidores do clube, com destaques do dia a dia do time. Por conta deste contexto, leia abaixo um resumo preparado pela equipe do portal G\u00e1vea News para lhe manter muito bem informado! Recado direcionado a Endrick Carlo Ancelotti, t\u00e9cnico do Real [&hellip;]\" \/>\n<meta property=\"og:url\" content=\"https:\/\/www.gaveanews.com\/index.php\/2024\/12\/16\/declaracao-de-carlo-ancelotti-renovacao-de-daniel-yanez-e-recado-direcionado-a-endrick-as-ultimas-noticias-do-real-madrid\/\" \/>\n<meta property=\"og:site_name\" content=\"G\u00e1vea News\" \/>\n<meta property=\"article:publisher\" content=\"https:\/\/facebook.com\/gaveaNews\/\" \/>\n<meta property=\"article:published_time\" content=\"2024-12-16T19:50:00+00:00\" \/>\n<meta property=\"og:image\" content=\"https:\/\/www.gaveanews.com\/wp-content\/uploads\/realmadrid.webp\" \/>\n\t<meta property=\"og:image:width\" content=\"1200\" \/>\n\t<meta property=\"og:image:height\" content=\"900\" \/>\n\t<meta property=\"og:image:type\" content=\"image\/jpeg\" \/>\n<meta name=\"author\" content=\"Matheus Felipe\" \/>\n<meta name=\"twitter:card\" content=\"summary_large_image\" \/>\n<meta name=\"twitter:label1\" content=\"Escrito por\" \/>\n\t<meta name=\"twitter:data1\" content=\"Matheus Felipe\" \/>\n\t<meta name=\"twitter:label2\" content=\"Est. tempo de leitura\" \/>\n\t<meta name=\"twitter:data2\" content=\"6 minutos\" \/>\n<script type=\"application\/ld+json\" class=\"yoast-schema-graph\">{\"@context\":\"https:\/\/schema.org\",\"@graph\":[{\"@type\":\"NewsArticle\",\"@id\":\"https:\/\/www.gaveanews.com\/index.php\/2024\/12\/16\/declaracao-de-carlo-ancelotti-renovacao-de-daniel-yanez-e-recado-direcionado-a-endrick-as-ultimas-noticias-do-real-madrid\/#article\",\"isPartOf\":{\"@id\":\"https:\/\/www.gaveanews.com\/index.php\/2024\/12\/16\/declaracao-de-carlo-ancelotti-renovacao-de-daniel-yanez-e-recado-direcionado-a-endrick-as-ultimas-noticias-do-real-madrid\/\"},\"author\":{\"name\":\"Matheus Felipe\",\"@id\":\"https:\/\/www.gaveanews.com\/#\/schema\/person\/8207cd4627f56151707418bfc835b2fb\"},\"headline\":\"Declara\u00e7\u00e3o de Carlo Ancelotti, renova\u00e7\u00e3o de Daniel Y\u00e1\u00f1ez e recado direcionado a Endrick: as \u00faltimas not\u00edcias do Real Madrid\",\"datePublished\":\"2024-12-16T19:50:00+00:00\",\"mainEntityOfPage\":{\"@id\":\"https:\/\/www.gaveanews.com\/index.php\/2024\/12\/16\/declaracao-de-carlo-ancelotti-renovacao-de-daniel-yanez-e-recado-direcionado-a-endrick-as-ultimas-noticias-do-real-madrid\/\"},\"wordCount\":871,\"commentCount\":0,\"image\":{\"@id\":\"https:\/\/www.gaveanews.com\/index.php\/2024\/12\/16\/declaracao-de-carlo-ancelotti-renovacao-de-daniel-yanez-e-recado-direcionado-a-endrick-as-ultimas-noticias-do-real-madrid\/#primaryimage\"},\"thumbnailUrl\":\"https:\/\/www.gaveanews.com\/wp-content\/uploads\/realmadrid.webp\",\"articleSection\":[\"Real Madrid\"],\"inLanguage\":\"pt-BR\",\"potentialAction\":[{\"@type\":\"CommentAction\",\"name\":\"Comment\",\"target\":[\"https:\/\/www.gaveanews.com\/index.php\/2024\/12\/16\/declaracao-de-carlo-ancelotti-renovacao-de-daniel-yanez-e-recado-direcionado-a-endrick-as-ultimas-noticias-do-real-madrid\/#respond\"]}],\"copyrightYear\":\"2024\",\"copyrightHolder\":{\"@id\":\"https:\/\/www.gaveanews.com\/#organization\"}},{\"@type\":\"WebPage\",\"@id\":\"https:\/\/www.gaveanews.com\/index.php\/2024\/12\/16\/declaracao-de-carlo-ancelotti-renovacao-de-daniel-yanez-e-recado-direcionado-a-endrick-as-ultimas-noticias-do-real-madrid\/\",\"url\":\"https:\/\/www.gaveanews.com\/index.php\/2024\/12\/16\/declaracao-de-carlo-ancelotti-renovacao-de-daniel-yanez-e-recado-direcionado-a-endrick-as-ultimas-noticias-do-real-madrid\/\",\"name\":\"Declara\u00e7\u00e3o de Carlo Ancelotti, renova\u00e7\u00e3o de Daniel Y\u00e1\u00f1ez e recado direcionado a Endrick: as \u00faltimas not\u00edcias do Real Madrid\",\"isPartOf\":{\"@id\":\"https:\/\/www.gaveanews.com\/#website\"},\"primaryImageOfPage\":{\"@id\":\"https:\/\/www.gaveanews.com\/index.php\/2024\/12\/16\/declaracao-de-carlo-ancelotti-renovacao-de-daniel-yanez-e-recado-direcionado-a-endrick-as-ultimas-noticias-do-real-madrid\/#primaryimage\"},\"image\":{\"@id\":\"https:\/\/www.gaveanews.com\/index.php\/2024\/12\/16\/declaracao-de-carlo-ancelotti-renovacao-de-daniel-yanez-e-recado-direcionado-a-endrick-as-ultimas-noticias-do-real-madrid\/#primaryimage\"},\"thumbnailUrl\":\"https:\/\/www.gaveanews.com\/wp-content\/uploads\/realmadrid.webp\",\"datePublished\":\"2024-12-16T19:50:00+00:00\",\"author\":{\"@id\":\"https:\/\/www.gaveanews.com\/#\/schema\/person\/8207cd4627f56151707418bfc835b2fb\"},\"breadcrumb\":{\"@id\":\"https:\/\/www.gaveanews.com\/index.php\/2024\/12\/16\/declaracao-de-carlo-ancelotti-renovacao-de-daniel-yanez-e-recado-direcionado-a-endrick-as-ultimas-noticias-do-real-madrid\/#breadcrumb\"},\"inLanguage\":\"pt-BR\",\"potentialAction\":[{\"@type\":\"ReadAction\",\"target\":[\"https:\/\/www.gaveanews.com\/index.php\/2024\/12\/16\/declaracao-de-carlo-ancelotti-renovacao-de-daniel-yanez-e-recado-direcionado-a-endrick-as-ultimas-noticias-do-real-madrid\/\"]}]},{\"@type\":\"ImageObject\",\"inLanguage\":\"pt-BR\",\"@id\":\"https:\/\/www.gaveanews.com\/index.php\/2024\/12\/16\/declaracao-de-carlo-ancelotti-renovacao-de-daniel-yanez-e-recado-direcionado-a-endrick-as-ultimas-noticias-do-real-madrid\/#primaryimage\",\"url\":\"https:\/\/www.gaveanews.com\/wp-content\/uploads\/realmadrid.webp\",\"contentUrl\":\"https:\/\/www.gaveanews.com\/wp-content\/uploads\/realmadrid.webp\",\"width\":1200,\"height\":900,\"caption\":\"Escudo do Real Madrid (Foto: Reprodu\u00e7\u00e3o)\"},{\"@type\":\"BreadcrumbList\",\"@id\":\"https:\/\/www.gaveanews.com\/index.php\/2024\/12\/16\/declaracao-de-carlo-ancelotti-renovacao-de-daniel-yanez-e-recado-direcionado-a-endrick-as-ultimas-noticias-do-real-madrid\/#breadcrumb\",\"itemListElement\":[{\"@type\":\"ListItem\",\"position\":1,\"name\":\"Home\",\"item\":\"https:\/\/www.gaveanews.com\/\"},{\"@type\":\"ListItem\",\"position\":2,\"name\":\"Declara\u00e7\u00e3o de Carlo Ancelotti, renova\u00e7\u00e3o de Daniel Y\u00e1\u00f1ez e recado direcionado a Endrick: as \u00faltimas not\u00edcias do Real Madrid\"}]},{\"@type\":\"WebSite\",\"@id\":\"https:\/\/www.gaveanews.com\/#website\",\"url\":\"https:\/\/www.gaveanews.com\/\",\"name\":\"G\u00e1vea News\",\"description\":\"Veja todas as not\u00edcias sobre o Flamengo: Contrata\u00e7\u00f5es, categorias de base, resultados das partidas, tabela de classifica\u00e7\u00e3o, pr\u00f3ximos jogos!\",\"potentialAction\":[{\"@type\":\"SearchAction\",\"target\":{\"@type\":\"EntryPoint\",\"urlTemplate\":\"https:\/\/www.gaveanews.com\/?s={search_term_string}\"},\"query-input\":{\"@type\":\"PropertyValueSpecification\",\"valueRequired\":true,\"valueName\":\"search_term_string\"}}],\"inLanguage\":\"pt-BR\"},{\"@type\":\"Person\",\"@id\":\"https:\/\/www.gaveanews.com\/#\/schema\/person\/8207cd4627f56151707418bfc835b2fb\",\"name\":\"Matheus Felipe\",\"image\":{\"@type\":\"ImageObject\",\"inLanguage\":\"pt-BR\",\"@id\":\"https:\/\/www.gaveanews.com\/#\/schema\/person\/image\/\",\"url\":\"https:\/\/secure.gravatar.com\/avatar\/a452ffbed9130f726358b298bb3a99ce4bd3c5338411f8440e87e14d74c7c087?s=96&d=mm&r=g\",\"contentUrl\":\"https:\/\/secure.gravatar.com\/avatar\/a452ffbed9130f726358b298bb3a99ce4bd3c5338411f8440e87e14d74c7c087?s=96&d=mm&r=g\",\"caption\":\"Matheus Felipe\"}}]}<\/script>\n<!-- \/ Yoast SEO Premium plugin. -->","yoast_head_json":{"title":"Declara\u00e7\u00e3o de Carlo Ancelotti, renova\u00e7\u00e3o de Daniel Y\u00e1\u00f1ez e recado direcionado a Endrick: as \u00faltimas not\u00edcias do Real Madrid","robots":{"index":"index","follow":"follow","max-snippet":"max-snippet:-1","max-image-preview":"max-image-preview:large","max-video-preview":"max-video-preview:-1"},"canonical":"https:\/\/www.gaveanews.com\/index.php\/2024\/12\/16\/declaracao-de-carlo-ancelotti-renovacao-de-daniel-yanez-e-recado-direcionado-a-endrick-as-ultimas-noticias-do-real-madrid\/","og_locale":"pt_BR","og_type":"article","og_title":"Declara\u00e7\u00e3o de Carlo Ancelotti, renova\u00e7\u00e3o de Daniel Y\u00e1\u00f1ez e recado direcionado a Endrick: as \u00faltimas not\u00edcias do Real Madrid","og_description":"Nas \u00faltimas horas, o foco das not\u00edcias sobre o Real Madrid se concentram nos bastidores do clube, com destaques do dia a dia do time. Por conta deste contexto, leia abaixo um resumo preparado pela equipe do portal G\u00e1vea News para lhe manter muito bem informado! Recado direcionado a Endrick Carlo Ancelotti, t\u00e9cnico do Real [&hellip;]","og_url":"https:\/\/www.gaveanews.com\/index.php\/2024\/12\/16\/declaracao-de-carlo-ancelotti-renovacao-de-daniel-yanez-e-recado-direcionado-a-endrick-as-ultimas-noticias-do-real-madrid\/","og_site_name":"G\u00e1vea News","article_publisher":"https:\/\/facebook.com\/gaveaNews\/","article_published_time":"2024-12-16T19:50:00+00:00","og_image":[{"width":1200,"height":900,"url":"https:\/\/www.gaveanews.com\/wp-content\/uploads\/realmadrid.webp","type":"image\/jpeg"}],"author":"Matheus Felipe","twitter_card":"summary_large_image","twitter_misc":{"Escrito por":"Matheus Felipe","Est. tempo de leitura":"6 minutos"},"schema":{"@context":"https:\/\/schema.org","@graph":[{"@type":"NewsArticle","@id":"https:\/\/www.gaveanews.com\/index.php\/2024\/12\/16\/declaracao-de-carlo-ancelotti-renovacao-de-daniel-yanez-e-recado-direcionado-a-endrick-as-ultimas-noticias-do-real-madrid\/#article","isPartOf":{"@id":"https:\/\/www.gaveanews.com\/index.php\/2024\/12\/16\/declaracao-de-carlo-ancelotti-renovacao-de-daniel-yanez-e-recado-direcionado-a-endrick-as-ultimas-noticias-do-real-madrid\/"},"author":{"name":"Matheus Felipe","@id":"https:\/\/www.gaveanews.com\/#\/schema\/person\/8207cd4627f56151707418bfc835b2fb"},"headline":"Declara\u00e7\u00e3o de Carlo Ancelotti, renova\u00e7\u00e3o de Daniel Y\u00e1\u00f1ez e recado direcionado a Endrick: as \u00faltimas not\u00edcias do Real Madrid","datePublished":"2024-12-16T19:50:00+00:00","mainEntityOfPage":{"@id":"https:\/\/www.gaveanews.com\/index.php\/2024\/12\/16\/declaracao-de-carlo-ancelotti-renovacao-de-daniel-yanez-e-recado-direcionado-a-endrick-as-ultimas-noticias-do-real-madrid\/"},"wordCount":871,"commentCount":0,"image":{"@id":"https:\/\/www.gaveanews.com\/index.php\/2024\/12\/16\/declaracao-de-carlo-ancelotti-renovacao-de-daniel-yanez-e-recado-direcionado-a-endrick-as-ultimas-noticias-do-real-madrid\/#primaryimage"},"thumbnailUrl":"https:\/\/www.gaveanews.com\/wp-content\/uploads\/realmadrid.webp","articleSection":["Real Madrid"],"inLanguage":"pt-BR","potentialAction":[{"@type":"CommentAction","name":"Comment","target":["https:\/\/www.gaveanews.com\/index.php\/2024\/12\/16\/declaracao-de-carlo-ancelotti-renovacao-de-daniel-yanez-e-recado-direcionado-a-endrick-as-ultimas-noticias-do-real-madrid\/#respond"]}],"copyrightYear":"2024","copyrightHolder":{"@id":"https:\/\/www.gaveanews.com\/#organization"}},{"@type":"WebPage","@id":"https:\/\/www.gaveanews.com\/index.php\/2024\/12\/16\/declaracao-de-carlo-ancelotti-renovacao-de-daniel-yanez-e-recado-direcionado-a-endrick-as-ultimas-noticias-do-real-madrid\/","url":"https:\/\/www.gaveanews.com\/index.php\/2024\/12\/16\/declaracao-de-carlo-ancelotti-renovacao-de-daniel-yanez-e-recado-direcionado-a-endrick-as-ultimas-noticias-do-real-madrid\/","name":"Declara\u00e7\u00e3o de Carlo Ancelotti, renova\u00e7\u00e3o de Daniel Y\u00e1\u00f1ez e recado direcionado a Endrick: as \u00faltimas not\u00edcias do Real Madrid","isPartOf":{"@id":"https:\/\/www.gaveanews.com\/#website"},"primaryImageOfPage":{"@id":"https:\/\/www.gaveanews.com\/index.php\/2024\/12\/16\/declaracao-de-carlo-ancelotti-renovacao-de-daniel-yanez-e-recado-direcionado-a-endrick-as-ultimas-noticias-do-real-madrid\/#primaryimage"},"image":{"@id":"https:\/\/www.gaveanews.com\/index.php\/2024\/12\/16\/declaracao-de-carlo-ancelotti-renovacao-de-daniel-yanez-e-recado-direcionado-a-endrick-as-ultimas-noticias-do-real-madrid\/#primaryimage"},"thumbnailUrl":"https:\/\/www.gaveanews.com\/wp-content\/uploads\/realmadrid.webp","datePublished":"2024-12-16T19:50:00+00:00","author":{"@id":"https:\/\/www.gaveanews.com\/#\/schema\/person\/8207cd4627f56151707418bfc835b2fb"},"breadcrumb":{"@id":"https:\/\/www.gaveanews.com\/index.php\/2024\/12\/16\/declaracao-de-carlo-ancelotti-renovacao-de-daniel-yanez-e-recado-direcionado-a-endrick-as-ultimas-noticias-do-real-madrid\/#breadcrumb"},"inLanguage":"pt-BR","potentialAction":[{"@type":"ReadAction","target":["https:\/\/www.gaveanews.com\/index.php\/2024\/12\/16\/declaracao-de-carlo-ancelotti-renovacao-de-daniel-yanez-e-recado-direcionado-a-endrick-as-ultimas-noticias-do-real-madrid\/"]}]},{"@type":"ImageObject","inLanguage":"pt-BR","@id":"https:\/\/www.gaveanews.com\/index.php\/2024\/12\/16\/declaracao-de-carlo-ancelotti-renovacao-de-daniel-yanez-e-recado-direcionado-a-endrick-as-ultimas-noticias-do-real-madrid\/#primaryimage","url":"https:\/\/www.gaveanews.com\/wp-content\/uploads\/realmadrid.webp","contentUrl":"https:\/\/www.gaveanews.com\/wp-content\/uploads\/realmadrid.webp","width":1200,"height":900,"caption":"Escudo do Real Madrid (Foto: Reprodu\u00e7\u00e3o)"},{"@type":"BreadcrumbList","@id":"https:\/\/www.gaveanews.com\/index.php\/2024\/12\/16\/declaracao-de-carlo-ancelotti-renovacao-de-daniel-yanez-e-recado-direcionado-a-endrick-as-ultimas-noticias-do-real-madrid\/#breadcrumb","itemListElement":[{"@type":"ListItem","position":1,"name":"Home","item":"https:\/\/www.gaveanews.com\/"},{"@type":"ListItem","position":2,"name":"Declara\u00e7\u00e3o de Carlo Ancelotti, renova\u00e7\u00e3o de Daniel Y\u00e1\u00f1ez e recado direcionado a Endrick: as \u00faltimas not\u00edcias do Real Madrid"}]},{"@type":"WebSite","@id":"https:\/\/www.gaveanews.com\/#website","url":"https:\/\/www.gaveanews.com\/","name":"G\u00e1vea News","description":"Veja todas as not\u00edcias sobre o Flamengo: Contrata\u00e7\u00f5es, categorias de base, resultados das partidas, tabela de classifica\u00e7\u00e3o, pr\u00f3ximos jogos!","potentialAction":[{"@type":"SearchAction","target":{"@type":"EntryPoint","urlTemplate":"https:\/\/www.gaveanews.com\/?s={search_term_string}"},"query-input":{"@type":"PropertyValueSpecification","valueRequired":true,"valueName":"search_term_string"}}],"inLanguage":"pt-BR"},{"@type":"Person","@id":"https:\/\/www.gaveanews.com\/#\/schema\/person\/8207cd4627f56151707418bfc835b2fb","name":"Matheus Felipe","image":{"@type":"ImageObject","inLanguage":"pt-BR","@id":"https:\/\/www.gaveanews.com\/#\/schema\/person\/image\/","url":"https:\/\/secure.gravatar.com\/avatar\/a452ffbed9130f726358b298bb3a99ce4bd3c5338411f8440e87e14d74c7c087?s=96&d=mm&r=g","contentUrl":"https:\/\/secure.gravatar.com\/avatar\/a452ffbed9130f726358b298bb3a99ce4bd3c5338411f8440e87e14d74c7c087?s=96&d=mm&r=g","caption":"Matheus Felipe"}}]}},"_links":{"self":[{"href":"https:\/\/www.gaveanews.com\/index.php\/wp-json\/wp\/v2\/posts\/199739","targetHints":{"allow":["GET"]}}],"collection":[{"href":"https:\/\/www.gaveanews.com\/index.php\/wp-json\/wp\/v2\/posts"}],"about":[{"href":"https:\/\/www.gaveanews.com\/index.php\/wp-json\/wp\/v2\/types\/post"}],"author":[{"embeddable":true,"href":"https:\/\/www.gaveanews.com\/index.php\/wp-json\/wp\/v2\/users\/27"}],"replies":[{"embeddable":true,"href":"https:\/\/www.gaveanews.com\/index.php\/wp-json\/wp\/v2\/comments?post=199739"}],"version-history":[{"count":1,"href":"https:\/\/www.gaveanews.com\/index.php\/wp-json\/wp\/v2\/posts\/199739\/revisions"}],"predecessor-version":[{"id":199768,"href":"https:\/\/www.gaveanews.com\/index.php\/wp-json\/wp\/v2\/posts\/199739\/revisions\/199768"}],"wp:featuredmedia":[{"embeddable":true,"href":"https:\/\/www.gaveanews.com\/index.php\/wp-json\/wp\/v2\/media\/124645"}],"wp:attachment":[{"href":"https:\/\/www.gaveanews.com\/index.php\/wp-json\/wp\/v2\/media?parent=199739"}],"wp:term":[{"taxonomy":"category","embeddable":true,"href":"https:\/\/www.gaveanews.com\/index.php\/wp-json\/wp\/v2\/categories?post=199739"},{"taxonomy":"post_tag","embeddable":true,"href":"https:\/\/www.gaveanews.com\/index.php\/wp-json\/wp\/v2\/tags?post=199739"}],"curies":[{"name":"wp","href":"https:\/\/api.w.org\/{rel}","templated":true}]}}