{"id":199803,"date":"2024-12-16T17:55:00","date_gmt":"2024-12-16T20:55:00","guid":{"rendered":"https:\/\/www.gaveanews.com\/?p=199803"},"modified":"2024-12-16T17:22:41","modified_gmt":"2024-12-16T20:22:41","slug":"final-da-liberta-no-mineirao-matheus-pereira-no-palmeiras-e-declaracao-de-arrascaeta-as-ultimas-noticias-do-cruzeiro","status":"publish","type":"post","link":"https:\/\/www.gaveanews.com\/index.php\/2024\/12\/16\/final-da-liberta-no-mineirao-matheus-pereira-no-palmeiras-e-declaracao-de-arrascaeta-as-ultimas-noticias-do-cruzeiro\/","title":{"rendered":"Final da &#8216;Liberta&#8217; no Mineir\u00e3o, Matheus Pereira no Palmeiras e declara\u00e7\u00e3o de Arrascaeta: as \u00faltimas not\u00edcias do Cruzeiro"},"content":{"rendered":"\n<p>Nas \u00faltimas horas, o foco das not\u00edcias sobre o Cruzeiro se concentram nos bastidores do clube, com destaques do dia a dia do time.<\/p>\n\n\n\n<p>Por conta deste contexto, leia abaixo um resumo preparado pela equipe do portal G\u00e1vea News para lhe manter muito bem informado!<\/p>\n\n\n\n<h2 class=\"wp-block-heading\" id=\"h-declaracao-de-arrascaeta\">Declara\u00e7\u00e3o de Arrascaeta<\/h2>\n\n\n\n<p>Giorgian De Arrascaeta, um dos principais nomes do Flamengo, expressou em entrevista sua vis\u00e3o otimista sobre o futuro do Cruzeiro. O meia uruguaio, que teve passagens marcantes pela equipe mineira, acredita que o clube est\u00e1 preparado para voltar a competir em alto n\u00edvel em 2025. Arrascaeta destacou os investimentos planejados pela diretoria, liderada pelo empres\u00e1rio Pedro Louren\u00e7o, como um fator determinante para o fortalecimento do elenco e a busca por grandes conquistas <strong><a href=\"https:\/\/www.gaveanews.com\/index.php\/2024\/12\/14\/a-declaracao-do-meia-arrascaeta-do-flamengo-direcionada-ao-cruzeiro\/\">(leia a mat\u00e9ria completa).<\/a><\/strong><\/p>\n\n\n\n<figure class=\"wp-block-image size-large\"><img loading=\"lazy\" decoding=\"async\" width=\"1024\" height=\"671\" src=\"https:\/\/www.gaveanews.com\/wp-content\/uploads\/Arrascaeta-em-acao-pelo-Flamengo-1-1024x671.webp\" alt=\"\" class=\"wp-image-169509\" srcset=\"https:\/\/www.gaveanews.com\/wp-content\/uploads\/Arrascaeta-em-acao-pelo-Flamengo-1-1024x671.webp 1024w, https:\/\/www.gaveanews.com\/wp-content\/uploads\/Arrascaeta-em-acao-pelo-Flamengo-1-300x197.webp 300w, https:\/\/www.gaveanews.com\/wp-content\/uploads\/Arrascaeta-em-acao-pelo-Flamengo-1-768x503.webp 768w, https:\/\/www.gaveanews.com\/wp-content\/uploads\/Arrascaeta-em-acao-pelo-Flamengo-1-641x420.webp 641w, https:\/\/www.gaveanews.com\/wp-content\/uploads\/Arrascaeta-em-acao-pelo-Flamengo-1-640x420.webp 640w, https:\/\/www.gaveanews.com\/wp-content\/uploads\/Arrascaeta-em-acao-pelo-Flamengo-1-681x446.webp 681w, https:\/\/www.gaveanews.com\/wp-content\/uploads\/Arrascaeta-em-acao-pelo-Flamengo-1-100x66.webp 100w, https:\/\/www.gaveanews.com\/wp-content\/uploads\/Arrascaeta-em-acao-pelo-Flamengo-1.webp 1170w\" sizes=\"auto, (max-width: 1024px) 100vw, 1024px\" \/><figcaption class=\"wp-element-caption\">Arrascaeta em a\u00e7\u00e3o pelo Flamengo (Foto: Gilvan de Souza\/CRF)<\/figcaption><\/figure>\n\n\n\n<p>Durante a entrevista, Arrascaeta mencionou seu contato com Lucas Romero, jogador do Cruzeiro, refor\u00e7ando sua confian\u00e7a no projeto do clube. <\/p>\n\n\n\n<p>Ele n\u00e3o escondeu o carinho que ainda nutre pelos cruzeirenses, agradecendo o apoio que recebeu ao longo de sua passagem pela equipe. O meia tamb\u00e9m lamentou n\u00e3o ter tido uma despedida oficial, deixando claro seu desejo de ver o Cruzeiro recuperando o protagonismo no futebol brasileiro.<\/p>\n\n\n\n<p>O Cruzeiro, que busca refor\u00e7os de peso no mercado, mira contrata\u00e7\u00f5es ambiciosas como Gabigol, do Flamengo, e Dudu, ex-Palmeiras, para a pr\u00f3xima temporada. Essas movimenta\u00e7\u00f5es refletem a inten\u00e7\u00e3o do clube de retomar sua tradi\u00e7\u00e3o vitoriosa e se posicionar como um dos grandes concorrentes no cen\u00e1rio nacional. Para os torcedores, a expectativa \u00e9 de uma temporada promissora e repleta de grandes desafios.<\/p>\n\n\n\n<h2 class=\"wp-block-heading\" id=\"h-matheus-pereira-no-palmeiras\">Matheus Pereira no Palmeiras<\/h2>\n\n\n\n<p>O Palmeiras est\u00e1 de olho em Matheus Pereira, destaque do Cruzeiro em 2024, como poss\u00edvel refor\u00e7o para a temporada de 2025. O interesse foi divulgado pela R\u00e1dio 98 FM, que destacou o desejo do clube paulista em contar com o meia, visando refor\u00e7ar o setor de cria\u00e7\u00e3o no elenco comandado por Abel Ferreira. Matheus, que j\u00e1 esteve na mira do Palmeiras anteriormente, teve uma temporada produtiva pela Raposa, com 11 gols e 15 assist\u00eancias, apesar do vice-campeonato na Copa Sul-Americana <strong><a href=\"https:\/\/www.gaveanews.com\/index.php\/2024\/12\/14\/palmeiras-pode-contratar-destaque-do-cruzeiro-para-2025\/\">(leia a mat\u00e9ria completa).<\/a><\/strong><\/p>\n\n\n\n<figure class=\"wp-block-image size-large\"><img loading=\"lazy\" decoding=\"async\" width=\"819\" height=\"1024\" src=\"https:\/\/www.gaveanews.com\/wp-content\/uploads\/Matheus-Pereira-em-acao-pelo-Cruzeiro-819x1024.webp\" alt=\"\" class=\"wp-image-158265\" srcset=\"https:\/\/www.gaveanews.com\/wp-content\/uploads\/Matheus-Pereira-em-acao-pelo-Cruzeiro-819x1024.webp 819w, https:\/\/www.gaveanews.com\/wp-content\/uploads\/Matheus-Pereira-em-acao-pelo-Cruzeiro-240x300.webp 240w, https:\/\/www.gaveanews.com\/wp-content\/uploads\/Matheus-Pereira-em-acao-pelo-Cruzeiro-768x960.webp 768w, https:\/\/www.gaveanews.com\/wp-content\/uploads\/Matheus-Pereira-em-acao-pelo-Cruzeiro-336x420.webp 336w, https:\/\/www.gaveanews.com\/wp-content\/uploads\/Matheus-Pereira-em-acao-pelo-Cruzeiro-672x840.webp 672w, https:\/\/www.gaveanews.com\/wp-content\/uploads\/Matheus-Pereira-em-acao-pelo-Cruzeiro-640x800.webp 640w, https:\/\/www.gaveanews.com\/wp-content\/uploads\/Matheus-Pereira-em-acao-pelo-Cruzeiro-681x851.webp 681w, https:\/\/www.gaveanews.com\/wp-content\/uploads\/Matheus-Pereira-em-acao-pelo-Cruzeiro-100x125.webp 100w, https:\/\/www.gaveanews.com\/wp-content\/uploads\/Matheus-Pereira-em-acao-pelo-Cruzeiro.webp 1080w\" sizes=\"auto, (max-width: 819px) 100vw, 819px\" \/><figcaption class=\"wp-element-caption\">Matheus Pereira em a\u00e7\u00e3o pelo Cruzeiro (Foto: Reprodu\u00e7\u00e3o\/Instagram)<\/figcaption><\/figure>\n\n\n\n<p>Apesar da identifica\u00e7\u00e3o do jogador com o Cruzeiro, seu futuro permanece indefinido. Em entrevista, Matheus expressou satisfa\u00e7\u00e3o em atuar pelo clube mineiro, mas deixou em aberto a possibilidade de mudan\u00e7as: <em>\u201cEstou muito feliz, mas n\u00e3o sei como vai acontecer daqui a seis meses ou um ano. N\u00e3o gosto de pensar a longo prazo.\u201d<\/em> Seu contrato com o Cruzeiro vai at\u00e9 junho de 2026, mas a indefini\u00e7\u00e3o abriu espa\u00e7o para especula\u00e7\u00f5es sobre uma poss\u00edvel transfer\u00eancia para o Palmeiras.<\/p>\n\n\n\n<p>Paralelamente, o Cruzeiro tamb\u00e9m busca refor\u00e7os de peso para 2025, com nomes como Dudu, do Palmeiras, e Gabigol, ex-Flamengo, sendo especulados. Essas poss\u00edveis contrata\u00e7\u00f5es refor\u00e7am a ambi\u00e7\u00e3o do clube mineiro em montar um elenco competitivo para a pr\u00f3xima temporada, enquanto a perman\u00eancia de Matheus Pereira segue como um ponto central no planejamento da Raposa.<\/p>\n\n\n\n<h2 class=\"wp-block-heading\" id=\"h-final-da-liberta-no-mineirao\">Final da &#8216;Liberta&#8217; no Mineir\u00e3o<\/h2>\n\n\n\n<p>O Mineir\u00e3o, em Belo Horizonte, ainda busca realizar o sonho de sediar a final \u00fanica da Copa Libertadores, mas para 2025, o est\u00e1dio n\u00e3o ser\u00e1 o palco da decis\u00e3o. A Confedera\u00e7\u00e3o Brasileira de Futebol (CBF) j\u00e1 oficializou a candidatura de Bras\u00edlia, com o Est\u00e1dio Man\u00e9 Garrincha, como principal op\u00e7\u00e3o para receber o evento. Essa escolha foi apoiada pelo presidente da CBF, Ednaldo Rodrigues, que elogiou a infraestrutura da capital federal<strong><a href=\"https:\/\/www.gaveanews.com\/index.php\/2024\/12\/14\/estadio-brasileiro-pode-receber-final-da-copa-libertadores-2025\/\"> (leia a mat\u00e9ria completa).<\/a><\/strong><\/p>\n\n\n\n<figure class=\"wp-block-image size-full\"><img loading=\"lazy\" decoding=\"async\" width=\"900\" height=\"506\" src=\"https:\/\/www.gaveanews.com\/wp-content\/uploads\/Estadio-do-Mineirao-lotado-pela-torcida-do-Cruzeiro.webp\" alt=\"\" class=\"wp-image-147304\" srcset=\"https:\/\/www.gaveanews.com\/wp-content\/uploads\/Estadio-do-Mineirao-lotado-pela-torcida-do-Cruzeiro.webp 900w, https:\/\/www.gaveanews.com\/wp-content\/uploads\/Estadio-do-Mineirao-lotado-pela-torcida-do-Cruzeiro-300x169.webp 300w, https:\/\/www.gaveanews.com\/wp-content\/uploads\/Estadio-do-Mineirao-lotado-pela-torcida-do-Cruzeiro-768x432.webp 768w, https:\/\/www.gaveanews.com\/wp-content\/uploads\/Estadio-do-Mineirao-lotado-pela-torcida-do-Cruzeiro-747x420.webp 747w, https:\/\/www.gaveanews.com\/wp-content\/uploads\/Estadio-do-Mineirao-lotado-pela-torcida-do-Cruzeiro-640x360.webp 640w, https:\/\/www.gaveanews.com\/wp-content\/uploads\/Estadio-do-Mineirao-lotado-pela-torcida-do-Cruzeiro-681x383.webp 681w, https:\/\/www.gaveanews.com\/wp-content\/uploads\/Estadio-do-Mineirao-lotado-pela-torcida-do-Cruzeiro-100x56.webp 100w\" sizes=\"auto, (max-width: 900px) 100vw, 900px\" \/><figcaption class=\"wp-element-caption\">Est\u00e1dio do Mineir\u00e3o lotado pela torcida do Cruzeiro (Foto: Cristiane Mattos\/Light Press\/Cruzeiro)<\/figcaption><\/figure>\n\n\n\n<p>A candidatura do Mineir\u00e3o remonta a 2017, quando representantes do est\u00e1dio apresentaram o projeto \u00e0 Conmebol, tentando sediar a final de 2019. Apesar de n\u00e3o terem sucesso, o interesse em sediar o evento internacional permaneceu. Entre os principais desafios para o est\u00e1dio mineiro est\u00e3o as limita\u00e7\u00f5es na malha a\u00e9rea de Belo Horizonte, que possui menor fluxo de voos internacionais em compara\u00e7\u00e3o a hubs maiores como S\u00e3o Paulo e Rio de Janeiro.<\/p>\n\n\n\n<p>Embora a escolha de Bras\u00edlia reduza as chances para 2025, Belo Horizonte segue confiante em um futuro pr\u00f3ximo. A cidade possui experi\u00eancia na realiza\u00e7\u00e3o de grandes eventos, como a Copa do Mundo de 2014 e a Supercopa do Brasil de 2023, al\u00e9m de contar com uma infraestrutura hoteleira consolidada. Caso consiga superar os obst\u00e1culos log\u00edsticos e pol\u00edticos, o Mineir\u00e3o poder\u00e1, em breve, figurar como sede de uma final continental.<\/p>\n","protected":false},"excerpt":{"rendered":"<p>Nas \u00faltimas horas, o foco das not\u00edcias sobre o Cruzeiro se concentram nos bastidores do clube, com destaques do dia a dia do time. Por conta deste contexto, leia abaixo um resumo preparado pela equipe do portal G\u00e1vea News para lhe manter muito bem informado! Declara\u00e7\u00e3o de Arrascaeta Giorgian De Arrascaeta, um dos principais nomes [&hellip;]<\/p>\n","protected":false},"author":27,"featured_media":165466,"comment_status":"open","ping_status":"closed","sticky":false,"template":"","format":"standard","meta":{"footnotes":""},"categories":[143],"tags":[],"class_list":["post-199803","post","type-post","status-publish","format-standard","has-post-thumbnail","hentry","category-cruzeiro"],"yoast_head":"<!-- This site is optimized with the Yoast SEO Premium plugin v24.2 (Yoast SEO v26.9) - https:\/\/yoast.com\/product\/yoast-seo-premium-wordpress\/ -->\n<title>Final da &#039;Liberta&#039; no Mineir\u00e3o, Matheus Pereira no Palmeiras e declara\u00e7\u00e3o de Arrascaeta: as \u00faltimas not\u00edcias do Cruzeiro<\/title>\n<meta name=\"robots\" content=\"index, follow, max-snippet:-1, max-image-preview:large, max-video-preview:-1\" \/>\n<link rel=\"canonical\" href=\"https:\/\/www.gaveanews.com\/index.php\/2024\/12\/16\/final-da-liberta-no-mineirao-matheus-pereira-no-palmeiras-e-declaracao-de-arrascaeta-as-ultimas-noticias-do-cruzeiro\/\" \/>\n<meta property=\"og:locale\" content=\"pt_BR\" \/>\n<meta property=\"og:type\" content=\"article\" \/>\n<meta property=\"og:title\" content=\"Final da &#039;Liberta&#039; no Mineir\u00e3o, Matheus Pereira no Palmeiras e declara\u00e7\u00e3o de Arrascaeta: as \u00faltimas not\u00edcias do Cruzeiro\" \/>\n<meta property=\"og:description\" content=\"Nas \u00faltimas horas, o foco das not\u00edcias sobre o Cruzeiro se concentram nos bastidores do clube, com destaques do dia a dia do time. Por conta deste contexto, leia abaixo um resumo preparado pela equipe do portal G\u00e1vea News para lhe manter muito bem informado! Declara\u00e7\u00e3o de Arrascaeta Giorgian De Arrascaeta, um dos principais nomes [&hellip;]\" \/>\n<meta property=\"og:url\" content=\"https:\/\/www.gaveanews.com\/index.php\/2024\/12\/16\/final-da-liberta-no-mineirao-matheus-pereira-no-palmeiras-e-declaracao-de-arrascaeta-as-ultimas-noticias-do-cruzeiro\/\" \/>\n<meta property=\"og:site_name\" content=\"G\u00e1vea News\" \/>\n<meta property=\"article:publisher\" content=\"https:\/\/facebook.com\/gaveaNews\/\" \/>\n<meta property=\"article:published_time\" content=\"2024-12-16T20:55:00+00:00\" \/>\n<meta property=\"og:image\" content=\"https:\/\/www.gaveanews.com\/wp-content\/uploads\/Escudo-do-Cruzeiro.webp\" \/>\n\t<meta property=\"og:image:width\" content=\"1387\" \/>\n\t<meta property=\"og:image:height\" content=\"924\" \/>\n\t<meta property=\"og:image:type\" content=\"image\/webp\" \/>\n<meta name=\"author\" content=\"Matheus Felipe\" \/>\n<meta name=\"twitter:card\" content=\"summary_large_image\" \/>\n<meta name=\"twitter:label1\" content=\"Escrito por\" \/>\n\t<meta name=\"twitter:data1\" content=\"Matheus Felipe\" \/>\n\t<meta name=\"twitter:label2\" content=\"Est. tempo de leitura\" \/>\n\t<meta name=\"twitter:data2\" content=\"5 minutos\" \/>\n<script type=\"application\/ld+json\" class=\"yoast-schema-graph\">{\"@context\":\"https:\/\/schema.org\",\"@graph\":[{\"@type\":\"NewsArticle\",\"@id\":\"https:\/\/www.gaveanews.com\/index.php\/2024\/12\/16\/final-da-liberta-no-mineirao-matheus-pereira-no-palmeiras-e-declaracao-de-arrascaeta-as-ultimas-noticias-do-cruzeiro\/#article\",\"isPartOf\":{\"@id\":\"https:\/\/www.gaveanews.com\/index.php\/2024\/12\/16\/final-da-liberta-no-mineirao-matheus-pereira-no-palmeiras-e-declaracao-de-arrascaeta-as-ultimas-noticias-do-cruzeiro\/\"},\"author\":{\"name\":\"Matheus Felipe\",\"@id\":\"https:\/\/www.gaveanews.com\/#\/schema\/person\/8207cd4627f56151707418bfc835b2fb\"},\"headline\":\"Final da &#8216;Liberta&#8217; no Mineir\u00e3o, Matheus Pereira no Palmeiras e declara\u00e7\u00e3o de Arrascaeta: as \u00faltimas not\u00edcias do Cruzeiro\",\"datePublished\":\"2024-12-16T20:55:00+00:00\",\"mainEntityOfPage\":{\"@id\":\"https:\/\/www.gaveanews.com\/index.php\/2024\/12\/16\/final-da-liberta-no-mineirao-matheus-pereira-no-palmeiras-e-declaracao-de-arrascaeta-as-ultimas-noticias-do-cruzeiro\/\"},\"wordCount\":805,\"commentCount\":0,\"image\":{\"@id\":\"https:\/\/www.gaveanews.com\/index.php\/2024\/12\/16\/final-da-liberta-no-mineirao-matheus-pereira-no-palmeiras-e-declaracao-de-arrascaeta-as-ultimas-noticias-do-cruzeiro\/#primaryimage\"},\"thumbnailUrl\":\"https:\/\/www.gaveanews.com\/wp-content\/uploads\/Escudo-do-Cruzeiro.webp\",\"articleSection\":[\"Cruzeiro\"],\"inLanguage\":\"pt-BR\",\"potentialAction\":[{\"@type\":\"CommentAction\",\"name\":\"Comment\",\"target\":[\"https:\/\/www.gaveanews.com\/index.php\/2024\/12\/16\/final-da-liberta-no-mineirao-matheus-pereira-no-palmeiras-e-declaracao-de-arrascaeta-as-ultimas-noticias-do-cruzeiro\/#respond\"]}],\"copyrightYear\":\"2024\",\"copyrightHolder\":{\"@id\":\"https:\/\/www.gaveanews.com\/#organization\"}},{\"@type\":\"WebPage\",\"@id\":\"https:\/\/www.gaveanews.com\/index.php\/2024\/12\/16\/final-da-liberta-no-mineirao-matheus-pereira-no-palmeiras-e-declaracao-de-arrascaeta-as-ultimas-noticias-do-cruzeiro\/\",\"url\":\"https:\/\/www.gaveanews.com\/index.php\/2024\/12\/16\/final-da-liberta-no-mineirao-matheus-pereira-no-palmeiras-e-declaracao-de-arrascaeta-as-ultimas-noticias-do-cruzeiro\/\",\"name\":\"Final da 'Liberta' no Mineir\u00e3o, Matheus Pereira no Palmeiras e declara\u00e7\u00e3o de Arrascaeta: as \u00faltimas not\u00edcias do Cruzeiro\",\"isPartOf\":{\"@id\":\"https:\/\/www.gaveanews.com\/#website\"},\"primaryImageOfPage\":{\"@id\":\"https:\/\/www.gaveanews.com\/index.php\/2024\/12\/16\/final-da-liberta-no-mineirao-matheus-pereira-no-palmeiras-e-declaracao-de-arrascaeta-as-ultimas-noticias-do-cruzeiro\/#primaryimage\"},\"image\":{\"@id\":\"https:\/\/www.gaveanews.com\/index.php\/2024\/12\/16\/final-da-liberta-no-mineirao-matheus-pereira-no-palmeiras-e-declaracao-de-arrascaeta-as-ultimas-noticias-do-cruzeiro\/#primaryimage\"},\"thumbnailUrl\":\"https:\/\/www.gaveanews.com\/wp-content\/uploads\/Escudo-do-Cruzeiro.webp\",\"datePublished\":\"2024-12-16T20:55:00+00:00\",\"author\":{\"@id\":\"https:\/\/www.gaveanews.com\/#\/schema\/person\/8207cd4627f56151707418bfc835b2fb\"},\"breadcrumb\":{\"@id\":\"https:\/\/www.gaveanews.com\/index.php\/2024\/12\/16\/final-da-liberta-no-mineirao-matheus-pereira-no-palmeiras-e-declaracao-de-arrascaeta-as-ultimas-noticias-do-cruzeiro\/#breadcrumb\"},\"inLanguage\":\"pt-BR\",\"potentialAction\":[{\"@type\":\"ReadAction\",\"target\":[\"https:\/\/www.gaveanews.com\/index.php\/2024\/12\/16\/final-da-liberta-no-mineirao-matheus-pereira-no-palmeiras-e-declaracao-de-arrascaeta-as-ultimas-noticias-do-cruzeiro\/\"]}]},{\"@type\":\"ImageObject\",\"inLanguage\":\"pt-BR\",\"@id\":\"https:\/\/www.gaveanews.com\/index.php\/2024\/12\/16\/final-da-liberta-no-mineirao-matheus-pereira-no-palmeiras-e-declaracao-de-arrascaeta-as-ultimas-noticias-do-cruzeiro\/#primaryimage\",\"url\":\"https:\/\/www.gaveanews.com\/wp-content\/uploads\/Escudo-do-Cruzeiro.webp\",\"contentUrl\":\"https:\/\/www.gaveanews.com\/wp-content\/uploads\/Escudo-do-Cruzeiro.webp\",\"width\":1387,\"height\":924,\"caption\":\"Escudo do Cruzeiro (Foto: Reprodu\u00e7\u00e3o\/Cruzeiro)\"},{\"@type\":\"BreadcrumbList\",\"@id\":\"https:\/\/www.gaveanews.com\/index.php\/2024\/12\/16\/final-da-liberta-no-mineirao-matheus-pereira-no-palmeiras-e-declaracao-de-arrascaeta-as-ultimas-noticias-do-cruzeiro\/#breadcrumb\",\"itemListElement\":[{\"@type\":\"ListItem\",\"position\":1,\"name\":\"Home\",\"item\":\"https:\/\/www.gaveanews.com\/\"},{\"@type\":\"ListItem\",\"position\":2,\"name\":\"Final da &#8216;Liberta&#8217; no Mineir\u00e3o, Matheus Pereira no Palmeiras e declara\u00e7\u00e3o de Arrascaeta: as \u00faltimas not\u00edcias do Cruzeiro\"}]},{\"@type\":\"WebSite\",\"@id\":\"https:\/\/www.gaveanews.com\/#website\",\"url\":\"https:\/\/www.gaveanews.com\/\",\"name\":\"G\u00e1vea News\",\"description\":\"Veja todas as not\u00edcias sobre o Flamengo: Contrata\u00e7\u00f5es, categorias de base, resultados das partidas, tabela de classifica\u00e7\u00e3o, pr\u00f3ximos jogos!\",\"potentialAction\":[{\"@type\":\"SearchAction\",\"target\":{\"@type\":\"EntryPoint\",\"urlTemplate\":\"https:\/\/www.gaveanews.com\/?s={search_term_string}\"},\"query-input\":{\"@type\":\"PropertyValueSpecification\",\"valueRequired\":true,\"valueName\":\"search_term_string\"}}],\"inLanguage\":\"pt-BR\"},{\"@type\":\"Person\",\"@id\":\"https:\/\/www.gaveanews.com\/#\/schema\/person\/8207cd4627f56151707418bfc835b2fb\",\"name\":\"Matheus Felipe\",\"image\":{\"@type\":\"ImageObject\",\"inLanguage\":\"pt-BR\",\"@id\":\"https:\/\/www.gaveanews.com\/#\/schema\/person\/image\/\",\"url\":\"https:\/\/secure.gravatar.com\/avatar\/a452ffbed9130f726358b298bb3a99ce4bd3c5338411f8440e87e14d74c7c087?s=96&d=mm&r=g\",\"contentUrl\":\"https:\/\/secure.gravatar.com\/avatar\/a452ffbed9130f726358b298bb3a99ce4bd3c5338411f8440e87e14d74c7c087?s=96&d=mm&r=g\",\"caption\":\"Matheus Felipe\"}}]}<\/script>\n<!-- \/ Yoast SEO Premium plugin. -->","yoast_head_json":{"title":"Final da 'Liberta' no Mineir\u00e3o, Matheus Pereira no Palmeiras e declara\u00e7\u00e3o de Arrascaeta: as \u00faltimas not\u00edcias do Cruzeiro","robots":{"index":"index","follow":"follow","max-snippet":"max-snippet:-1","max-image-preview":"max-image-preview:large","max-video-preview":"max-video-preview:-1"},"canonical":"https:\/\/www.gaveanews.com\/index.php\/2024\/12\/16\/final-da-liberta-no-mineirao-matheus-pereira-no-palmeiras-e-declaracao-de-arrascaeta-as-ultimas-noticias-do-cruzeiro\/","og_locale":"pt_BR","og_type":"article","og_title":"Final da 'Liberta' no Mineir\u00e3o, Matheus Pereira no Palmeiras e declara\u00e7\u00e3o de Arrascaeta: as \u00faltimas not\u00edcias do Cruzeiro","og_description":"Nas \u00faltimas horas, o foco das not\u00edcias sobre o Cruzeiro se concentram nos bastidores do clube, com destaques do dia a dia do time. Por conta deste contexto, leia abaixo um resumo preparado pela equipe do portal G\u00e1vea News para lhe manter muito bem informado! Declara\u00e7\u00e3o de Arrascaeta Giorgian De Arrascaeta, um dos principais nomes [&hellip;]","og_url":"https:\/\/www.gaveanews.com\/index.php\/2024\/12\/16\/final-da-liberta-no-mineirao-matheus-pereira-no-palmeiras-e-declaracao-de-arrascaeta-as-ultimas-noticias-do-cruzeiro\/","og_site_name":"G\u00e1vea News","article_publisher":"https:\/\/facebook.com\/gaveaNews\/","article_published_time":"2024-12-16T20:55:00+00:00","og_image":[{"width":1387,"height":924,"url":"https:\/\/www.gaveanews.com\/wp-content\/uploads\/Escudo-do-Cruzeiro.webp","type":"image\/webp"}],"author":"Matheus Felipe","twitter_card":"summary_large_image","twitter_misc":{"Escrito por":"Matheus Felipe","Est. tempo de leitura":"5 minutos"},"schema":{"@context":"https:\/\/schema.org","@graph":[{"@type":"NewsArticle","@id":"https:\/\/www.gaveanews.com\/index.php\/2024\/12\/16\/final-da-liberta-no-mineirao-matheus-pereira-no-palmeiras-e-declaracao-de-arrascaeta-as-ultimas-noticias-do-cruzeiro\/#article","isPartOf":{"@id":"https:\/\/www.gaveanews.com\/index.php\/2024\/12\/16\/final-da-liberta-no-mineirao-matheus-pereira-no-palmeiras-e-declaracao-de-arrascaeta-as-ultimas-noticias-do-cruzeiro\/"},"author":{"name":"Matheus Felipe","@id":"https:\/\/www.gaveanews.com\/#\/schema\/person\/8207cd4627f56151707418bfc835b2fb"},"headline":"Final da &#8216;Liberta&#8217; no Mineir\u00e3o, Matheus Pereira no Palmeiras e declara\u00e7\u00e3o de Arrascaeta: as \u00faltimas not\u00edcias do Cruzeiro","datePublished":"2024-12-16T20:55:00+00:00","mainEntityOfPage":{"@id":"https:\/\/www.gaveanews.com\/index.php\/2024\/12\/16\/final-da-liberta-no-mineirao-matheus-pereira-no-palmeiras-e-declaracao-de-arrascaeta-as-ultimas-noticias-do-cruzeiro\/"},"wordCount":805,"commentCount":0,"image":{"@id":"https:\/\/www.gaveanews.com\/index.php\/2024\/12\/16\/final-da-liberta-no-mineirao-matheus-pereira-no-palmeiras-e-declaracao-de-arrascaeta-as-ultimas-noticias-do-cruzeiro\/#primaryimage"},"thumbnailUrl":"https:\/\/www.gaveanews.com\/wp-content\/uploads\/Escudo-do-Cruzeiro.webp","articleSection":["Cruzeiro"],"inLanguage":"pt-BR","potentialAction":[{"@type":"CommentAction","name":"Comment","target":["https:\/\/www.gaveanews.com\/index.php\/2024\/12\/16\/final-da-liberta-no-mineirao-matheus-pereira-no-palmeiras-e-declaracao-de-arrascaeta-as-ultimas-noticias-do-cruzeiro\/#respond"]}],"copyrightYear":"2024","copyrightHolder":{"@id":"https:\/\/www.gaveanews.com\/#organization"}},{"@type":"WebPage","@id":"https:\/\/www.gaveanews.com\/index.php\/2024\/12\/16\/final-da-liberta-no-mineirao-matheus-pereira-no-palmeiras-e-declaracao-de-arrascaeta-as-ultimas-noticias-do-cruzeiro\/","url":"https:\/\/www.gaveanews.com\/index.php\/2024\/12\/16\/final-da-liberta-no-mineirao-matheus-pereira-no-palmeiras-e-declaracao-de-arrascaeta-as-ultimas-noticias-do-cruzeiro\/","name":"Final da 'Liberta' no Mineir\u00e3o, Matheus Pereira no Palmeiras e declara\u00e7\u00e3o de Arrascaeta: as \u00faltimas not\u00edcias do Cruzeiro","isPartOf":{"@id":"https:\/\/www.gaveanews.com\/#website"},"primaryImageOfPage":{"@id":"https:\/\/www.gaveanews.com\/index.php\/2024\/12\/16\/final-da-liberta-no-mineirao-matheus-pereira-no-palmeiras-e-declaracao-de-arrascaeta-as-ultimas-noticias-do-cruzeiro\/#primaryimage"},"image":{"@id":"https:\/\/www.gaveanews.com\/index.php\/2024\/12\/16\/final-da-liberta-no-mineirao-matheus-pereira-no-palmeiras-e-declaracao-de-arrascaeta-as-ultimas-noticias-do-cruzeiro\/#primaryimage"},"thumbnailUrl":"https:\/\/www.gaveanews.com\/wp-content\/uploads\/Escudo-do-Cruzeiro.webp","datePublished":"2024-12-16T20:55:00+00:00","author":{"@id":"https:\/\/www.gaveanews.com\/#\/schema\/person\/8207cd4627f56151707418bfc835b2fb"},"breadcrumb":{"@id":"https:\/\/www.gaveanews.com\/index.php\/2024\/12\/16\/final-da-liberta-no-mineirao-matheus-pereira-no-palmeiras-e-declaracao-de-arrascaeta-as-ultimas-noticias-do-cruzeiro\/#breadcrumb"},"inLanguage":"pt-BR","potentialAction":[{"@type":"ReadAction","target":["https:\/\/www.gaveanews.com\/index.php\/2024\/12\/16\/final-da-liberta-no-mineirao-matheus-pereira-no-palmeiras-e-declaracao-de-arrascaeta-as-ultimas-noticias-do-cruzeiro\/"]}]},{"@type":"ImageObject","inLanguage":"pt-BR","@id":"https:\/\/www.gaveanews.com\/index.php\/2024\/12\/16\/final-da-liberta-no-mineirao-matheus-pereira-no-palmeiras-e-declaracao-de-arrascaeta-as-ultimas-noticias-do-cruzeiro\/#primaryimage","url":"https:\/\/www.gaveanews.com\/wp-content\/uploads\/Escudo-do-Cruzeiro.webp","contentUrl":"https:\/\/www.gaveanews.com\/wp-content\/uploads\/Escudo-do-Cruzeiro.webp","width":1387,"height":924,"caption":"Escudo do Cruzeiro (Foto: Reprodu\u00e7\u00e3o\/Cruzeiro)"},{"@type":"BreadcrumbList","@id":"https:\/\/www.gaveanews.com\/index.php\/2024\/12\/16\/final-da-liberta-no-mineirao-matheus-pereira-no-palmeiras-e-declaracao-de-arrascaeta-as-ultimas-noticias-do-cruzeiro\/#breadcrumb","itemListElement":[{"@type":"ListItem","position":1,"name":"Home","item":"https:\/\/www.gaveanews.com\/"},{"@type":"ListItem","position":2,"name":"Final da &#8216;Liberta&#8217; no Mineir\u00e3o, Matheus Pereira no Palmeiras e declara\u00e7\u00e3o de Arrascaeta: as \u00faltimas not\u00edcias do Cruzeiro"}]},{"@type":"WebSite","@id":"https:\/\/www.gaveanews.com\/#website","url":"https:\/\/www.gaveanews.com\/","name":"G\u00e1vea News","description":"Veja todas as not\u00edcias sobre o Flamengo: Contrata\u00e7\u00f5es, categorias de base, resultados das partidas, tabela de classifica\u00e7\u00e3o, pr\u00f3ximos jogos!","potentialAction":[{"@type":"SearchAction","target":{"@type":"EntryPoint","urlTemplate":"https:\/\/www.gaveanews.com\/?s={search_term_string}"},"query-input":{"@type":"PropertyValueSpecification","valueRequired":true,"valueName":"search_term_string"}}],"inLanguage":"pt-BR"},{"@type":"Person","@id":"https:\/\/www.gaveanews.com\/#\/schema\/person\/8207cd4627f56151707418bfc835b2fb","name":"Matheus Felipe","image":{"@type":"ImageObject","inLanguage":"pt-BR","@id":"https:\/\/www.gaveanews.com\/#\/schema\/person\/image\/","url":"https:\/\/secure.gravatar.com\/avatar\/a452ffbed9130f726358b298bb3a99ce4bd3c5338411f8440e87e14d74c7c087?s=96&d=mm&r=g","contentUrl":"https:\/\/secure.gravatar.com\/avatar\/a452ffbed9130f726358b298bb3a99ce4bd3c5338411f8440e87e14d74c7c087?s=96&d=mm&r=g","caption":"Matheus Felipe"}}]}},"_links":{"self":[{"href":"https:\/\/www.gaveanews.com\/index.php\/wp-json\/wp\/v2\/posts\/199803","targetHints":{"allow":["GET"]}}],"collection":[{"href":"https:\/\/www.gaveanews.com\/index.php\/wp-json\/wp\/v2\/posts"}],"about":[{"href":"https:\/\/www.gaveanews.com\/index.php\/wp-json\/wp\/v2\/types\/post"}],"author":[{"embeddable":true,"href":"https:\/\/www.gaveanews.com\/index.php\/wp-json\/wp\/v2\/users\/27"}],"replies":[{"embeddable":true,"href":"https:\/\/www.gaveanews.com\/index.php\/wp-json\/wp\/v2\/comments?post=199803"}],"version-history":[{"count":1,"href":"https:\/\/www.gaveanews.com\/index.php\/wp-json\/wp\/v2\/posts\/199803\/revisions"}],"predecessor-version":[{"id":199805,"href":"https:\/\/www.gaveanews.com\/index.php\/wp-json\/wp\/v2\/posts\/199803\/revisions\/199805"}],"wp:featuredmedia":[{"embeddable":true,"href":"https:\/\/www.gaveanews.com\/index.php\/wp-json\/wp\/v2\/media\/165466"}],"wp:attachment":[{"href":"https:\/\/www.gaveanews.com\/index.php\/wp-json\/wp\/v2\/media?parent=199803"}],"wp:term":[{"taxonomy":"category","embeddable":true,"href":"https:\/\/www.gaveanews.com\/index.php\/wp-json\/wp\/v2\/categories?post=199803"},{"taxonomy":"post_tag","embeddable":true,"href":"https:\/\/www.gaveanews.com\/index.php\/wp-json\/wp\/v2\/tags?post=199803"}],"curies":[{"name":"wp","href":"https:\/\/api.w.org\/{rel}","templated":true}]}}