{"id":199811,"date":"2024-12-16T18:25:00","date_gmt":"2024-12-16T21:25:00","guid":{"rendered":"https:\/\/www.gaveanews.com\/?p=199811"},"modified":"2024-12-16T18:03:04","modified_gmt":"2024-12-16T21:03:04","slug":"situacao-de-arboleda-declaracao-de-zetti-e-contratacao-de-wendell-as-ultimas-noticias-do-sao-paulo","status":"publish","type":"post","link":"https:\/\/www.gaveanews.com\/index.php\/2024\/12\/16\/situacao-de-arboleda-declaracao-de-zetti-e-contratacao-de-wendell-as-ultimas-noticias-do-sao-paulo\/","title":{"rendered":"Situa\u00e7\u00e3o de Arboleda, declara\u00e7\u00e3o de Zetti e contrata\u00e7\u00e3o de Wendell: as \u00faltimas not\u00edcias do S\u00e3o Paulo"},"content":{"rendered":"\n<p>Nas \u00faltimas horas, o foco das not\u00edcias sobre o S\u00e3o Paulo se concentram nos bastidores do clube, com destaques do dia a dia do time.<\/p>\n\n\n\n<p>Por conta deste contexto, leia abaixo um resumo preparado pela equipe do portal G\u00e1vea News para lhe manter muito bem informado!<\/p>\n\n\n\n<h2 class=\"wp-block-heading\" id=\"h-contratacao-de-wendell\">Contrata\u00e7\u00e3o de Wendell<\/h2>\n\n\n\n<p>O S\u00e3o Paulo est\u00e1 avan\u00e7ando nas negocia\u00e7\u00f5es para contratar o lateral-esquerdo Wendell, atualmente no Porto, de Portugal. A posi\u00e7\u00e3o \u00e9 vista como uma das mais carentes no elenco tricolor para a temporada 2025, especialmente ap\u00f3s a sa\u00edda de Welington para o Southampton e o retorno de Jamal Lewis ao Newcastle. Atualmente, o clube conta apenas com o jovem Patryck para a fun\u00e7\u00e3o. Apesar do avan\u00e7o, o Porto exige compensa\u00e7\u00e3o financeira para liberar Wendell j\u00e1 em janeiro, dificultando o fechamento do neg\u00f3cio devido \u00e0 delicada situa\u00e7\u00e3o financeira do clube paulista<strong><a href=\"https:\/\/www.gaveanews.com\/index.php\/2024\/12\/13\/sao-paulo-avanca-por-contratacao-de-lateral\/\"> (leia a mat\u00e9ria completa).<\/a><\/strong><\/p>\n\n\n\n<figure class=\"wp-block-image size-full\"><img loading=\"lazy\" decoding=\"async\" width=\"977\" height=\"651\" src=\"https:\/\/www.gaveanews.com\/wp-content\/uploads\/Escudo-do-Sao-Paulo.webp\" alt=\"\" class=\"wp-image-154451\" srcset=\"https:\/\/www.gaveanews.com\/wp-content\/uploads\/Escudo-do-Sao-Paulo.webp 977w, https:\/\/www.gaveanews.com\/wp-content\/uploads\/Escudo-do-Sao-Paulo-300x200.webp 300w, https:\/\/www.gaveanews.com\/wp-content\/uploads\/Escudo-do-Sao-Paulo-768x512.webp 768w, https:\/\/www.gaveanews.com\/wp-content\/uploads\/Escudo-do-Sao-Paulo-630x420.webp 630w, https:\/\/www.gaveanews.com\/wp-content\/uploads\/Escudo-do-Sao-Paulo-640x426.webp 640w, https:\/\/www.gaveanews.com\/wp-content\/uploads\/Escudo-do-Sao-Paulo-681x454.webp 681w, https:\/\/www.gaveanews.com\/wp-content\/uploads\/Escudo-do-Sao-Paulo-100x67.webp 100w\" sizes=\"auto, (max-width: 977px) 100vw, 977px\" \/><figcaption class=\"wp-element-caption\">Escudo do S\u00e3o Paulo (Foto: Reprodu\u00e7\u00e3o\/S\u00e3o Paulo)<\/figcaption><\/figure>\n\n\n\n<p>A rela\u00e7\u00e3o pr\u00f3xima entre Wendell e o presidente Julio Casares, que se fortaleceram durante a Copa Am\u00e9rica de 2024, \u00e9 vista como um fator positivo nas tratativas. <\/p>\n\n\n\n<p>Contudo, concorrentes como Gr\u00eamio, Cruzeiro e Corinthians tamb\u00e9m demonstraram interesse no jogador, aumentando a competi\u00e7\u00e3o pela sua contrata\u00e7\u00e3o. Ainda assim, o S\u00e3o Paulo mant\u00e9m a expectativa de concluir o neg\u00f3cio em breve, com o objetivo de suprir a lacuna deixada na lateral-esquerda.<\/p>\n\n\n\n<p>Al\u00e9m dessa posi\u00e7\u00e3o, o t\u00e9cnico Luis Zubeld\u00eda solicitou \u00e0 diretoria a chegada de refor\u00e7os para a lateral-direita, o meio-campo e o ataque, priorizando cinco contrata\u00e7\u00f5es para 2025. Com or\u00e7amento reduzido e necessidade de cortar gastos, o S\u00e3o Paulo enfrenta desafios para atender \u00e0s demandas do treinador e ao mesmo tempo garantir a montagem de um elenco competitivo para a pr\u00f3xima temporada.<\/p>\n\n\n\n<h2 class=\"wp-block-heading\" id=\"h-declaracao-de-zetti\">Declara\u00e7\u00e3o de Zetti<\/h2>\n\n\n\n<p>O ex-goleiro Zetti, \u00eddolo do S\u00e3o Paulo, elogiou o trabalho realizado pelo Botafogo na temporada 2024, destacando o clube como exemplo de simplicidade e efici\u00eancia no futebol brasileiro. Em entrevista \u00e0 R\u00e1dio Craque Neto, ele apontou que o S\u00e3o Paulo pode se inspirar no equil\u00edbrio demonstrado pelo time alvinegro, que contou com grandes jogadores e uma gest\u00e3o eficiente. Apesar de o Tricolor n\u00e3o ter conquistado t\u00edtulos relevantes na temporada, Zetti acredita que o clube n\u00e3o decepcionou, especialmente por ter revelado novos talentos da base <strong><a href=\"https:\/\/www.gaveanews.com\/index.php\/2024\/12\/13\/a-declaracao-de-zetti-idolo-do-sao-paulo-sobre-o-botafogo\/\">(leia a mat\u00e9ria completa).<\/a><\/strong><\/p>\n\n\n\n<figure class=\"wp-block-image size-full\"><img loading=\"lazy\" decoding=\"async\" width=\"729\" height=\"400\" src=\"https:\/\/www.gaveanews.com\/wp-content\/uploads\/Zetti-durante-coletiva-de-imprensa-no-CT-so-Sao-Paulo.webp\" alt=\"\" class=\"wp-image-154941\" srcset=\"https:\/\/www.gaveanews.com\/wp-content\/uploads\/Zetti-durante-coletiva-de-imprensa-no-CT-so-Sao-Paulo.webp 729w, https:\/\/www.gaveanews.com\/wp-content\/uploads\/Zetti-durante-coletiva-de-imprensa-no-CT-so-Sao-Paulo-300x165.webp 300w, https:\/\/www.gaveanews.com\/wp-content\/uploads\/Zetti-durante-coletiva-de-imprensa-no-CT-so-Sao-Paulo-640x350.webp 640w, https:\/\/www.gaveanews.com\/wp-content\/uploads\/Zetti-durante-coletiva-de-imprensa-no-CT-so-Sao-Paulo-681x374.webp 681w, https:\/\/www.gaveanews.com\/wp-content\/uploads\/Zetti-durante-coletiva-de-imprensa-no-CT-so-Sao-Paulo-100x55.webp 100w\" sizes=\"auto, (max-width: 729px) 100vw, 729px\" \/><figcaption class=\"wp-element-caption\">Zetti durante coletiva de imprensa no CT so S\u00e3o Paulo (Foto: Reprodu\u00e7\u00e3o\/S\u00e3o Paulo)<\/figcaption><\/figure>\n\n\n\n<p>Zetti tamb\u00e9m defendeu a perman\u00eancia do t\u00e9cnico Luis Zubeld\u00eda no comando do S\u00e3o Paulo em 2025, destacando que a continuidade pode fortalecer o trabalho nas categorias de base, um pilar essencial para o futuro do clube. Ele ressaltou que, mesmo com um or\u00e7amento mais limitado em compara\u00e7\u00e3o a times como Botafogo, Flamengo e Palmeiras, o S\u00e3o Paulo precisa focar em estabilidade financeira e refor\u00e7os pontuais para competir de forma mais equilibrada na pr\u00f3xima temporada.<\/p>\n\n\n\n<p>O \u00eddolo s\u00e3o-paulino elogiou a gest\u00e3o de Julio Casares, afirmando que o presidente tem se esfor\u00e7ado para alcan\u00e7ar o equil\u00edbrio financeiro necess\u00e1rio para um planejamento mais s\u00f3lido. Zetti projeta um 2025 promissor para o Tricolor, acreditando que o trabalho nos bastidores e a busca por refor\u00e7os estrat\u00e9gicos podem ajudar a melhorar o desempenho do time em campo e trazer resultados mais consistentes.<\/p>\n\n\n\n<h2 class=\"wp-block-heading\" id=\"h-situacao-de-arboleda\">Situa\u00e7\u00e3o de Arboleda<\/h2>\n\n\n\n<p>O S\u00e3o Paulo enfrenta um dilema em rela\u00e7\u00e3o ao zagueiro Arboleda, que possui um dos maiores sal\u00e1rios do elenco. Apesar do interesse em reduzir custos, a diretoria n\u00e3o recebeu propostas concretas por ele, mesmo com os agentes do jogador oferecendo seu nome ao Cruzeiro. O t\u00e9cnico Luis Zubeld\u00eda, por\u00e9m, considera Arboleda uma pe\u00e7a indispens\u00e1vel, visto que o defensor disputou 51 jogos em 2024, sendo titular em 49 deles, e planeja contar com ele nos desafios da pr\u00f3xima temporada<strong><a href=\"https:\/\/www.gaveanews.com\/index.php\/2024\/12\/13\/sao-paulo-entenda-a-situacao-de-arboleda\/\"> (leia a mat\u00e9ria completa).<\/a><\/strong><\/p>\n\n\n\n<figure class=\"wp-block-image size-large\"><img loading=\"lazy\" decoding=\"async\" width=\"1024\" height=\"706\" src=\"https:\/\/www.gaveanews.com\/wp-content\/uploads\/Arboleda-pelo-Sao-Paulo-1024x706.webp\" alt=\"\" class=\"wp-image-167635\" srcset=\"https:\/\/www.gaveanews.com\/wp-content\/uploads\/Arboleda-pelo-Sao-Paulo-1024x706.webp 1024w, https:\/\/www.gaveanews.com\/wp-content\/uploads\/Arboleda-pelo-Sao-Paulo-300x207.webp 300w, https:\/\/www.gaveanews.com\/wp-content\/uploads\/Arboleda-pelo-Sao-Paulo-768x529.webp 768w, https:\/\/www.gaveanews.com\/wp-content\/uploads\/Arboleda-pelo-Sao-Paulo-1536x1059.webp 1536w, https:\/\/www.gaveanews.com\/wp-content\/uploads\/Arboleda-pelo-Sao-Paulo-609x420.webp 609w, https:\/\/www.gaveanews.com\/wp-content\/uploads\/Arboleda-pelo-Sao-Paulo-1218x840.webp 1218w, https:\/\/www.gaveanews.com\/wp-content\/uploads\/Arboleda-pelo-Sao-Paulo-640x441.webp 640w, https:\/\/www.gaveanews.com\/wp-content\/uploads\/Arboleda-pelo-Sao-Paulo-1280x882.webp 1280w, https:\/\/www.gaveanews.com\/wp-content\/uploads\/Arboleda-pelo-Sao-Paulo-681x469.webp 681w, https:\/\/www.gaveanews.com\/wp-content\/uploads\/Arboleda-pelo-Sao-Paulo-1362x939.webp 1362w, https:\/\/www.gaveanews.com\/wp-content\/uploads\/Arboleda-pelo-Sao-Paulo-100x69.webp 100w, https:\/\/www.gaveanews.com\/wp-content\/uploads\/Arboleda-pelo-Sao-Paulo.webp 1600w\" sizes=\"auto, (max-width: 1024px) 100vw, 1024px\" \/><figcaption class=\"wp-element-caption\">Arboleda pelo S\u00e3o Paulo (Foto: Rubens Chiri \/ S\u00e3o Paulo)<\/figcaption><\/figure>\n\n\n\n<p>Com a classifica\u00e7\u00e3o direta para a fase de grupos da Libertadores 2025 e a exig\u00eancia de um calend\u00e1rio mais apertado devido \u00e0 Copa do Mundo de Clubes, a perda de um titular pode comprometer as ambi\u00e7\u00f5es do Tricolor. A situa\u00e7\u00e3o \u00e9 agravada pelo processo de recupera\u00e7\u00e3o judicial do clube, que limita investimentos para contratar um substituto de n\u00edvel semelhante, tornando mais dif\u00edcil suprir a eventual sa\u00edda do zagueiro equatoriano.<\/p>\n\n\n\n<p>Enquanto o Cruzeiro busca refor\u00e7ar seu elenco para 2025, com nomes como Gabigol e Dudu especulados, o S\u00e3o Paulo avalia como equilibrar as finan\u00e7as sem perder qualidade t\u00e9cnica. Para o t\u00e9cnico Zubeld\u00eda, a perman\u00eancia de Arboleda \u00e9 fundamental para manter o time competitivo nas competi\u00e7\u00f5es do pr\u00f3ximo ano, especialmente na busca pelo tetracampeonato da Libertadores.<\/p>\n","protected":false},"excerpt":{"rendered":"<p>Nas \u00faltimas horas, o foco das not\u00edcias sobre o S\u00e3o Paulo se concentram nos bastidores do clube, com destaques do dia a dia do time. Por conta deste contexto, leia abaixo um resumo preparado pela equipe do portal G\u00e1vea News para lhe manter muito bem informado! Contrata\u00e7\u00e3o de Wendell O S\u00e3o Paulo est\u00e1 avan\u00e7ando nas [&hellip;]<\/p>\n","protected":false},"author":27,"featured_media":154249,"comment_status":"open","ping_status":"closed","sticky":false,"template":"","format":"standard","meta":{"footnotes":""},"categories":[151],"tags":[],"class_list":["post-199811","post","type-post","status-publish","format-standard","has-post-thumbnail","hentry","category-sao-paulo"],"yoast_head":"<!-- This site is optimized with the Yoast SEO Premium plugin v24.2 (Yoast SEO v26.9) - https:\/\/yoast.com\/product\/yoast-seo-premium-wordpress\/ -->\n<title>Situa\u00e7\u00e3o de Arboleda, declara\u00e7\u00e3o de Zetti e contrata\u00e7\u00e3o de Wendell: as \u00faltimas not\u00edcias do S\u00e3o Paulo<\/title>\n<meta name=\"robots\" content=\"index, follow, max-snippet:-1, max-image-preview:large, max-video-preview:-1\" \/>\n<link rel=\"canonical\" href=\"https:\/\/www.gaveanews.com\/index.php\/2024\/12\/16\/situacao-de-arboleda-declaracao-de-zetti-e-contratacao-de-wendell-as-ultimas-noticias-do-sao-paulo\/\" \/>\n<meta property=\"og:locale\" content=\"pt_BR\" \/>\n<meta property=\"og:type\" content=\"article\" \/>\n<meta property=\"og:title\" content=\"Situa\u00e7\u00e3o de Arboleda, declara\u00e7\u00e3o de Zetti e contrata\u00e7\u00e3o de Wendell: as \u00faltimas not\u00edcias do S\u00e3o Paulo\" \/>\n<meta property=\"og:description\" content=\"Nas \u00faltimas horas, o foco das not\u00edcias sobre o S\u00e3o Paulo se concentram nos bastidores do clube, com destaques do dia a dia do time. Por conta deste contexto, leia abaixo um resumo preparado pela equipe do portal G\u00e1vea News para lhe manter muito bem informado! Contrata\u00e7\u00e3o de Wendell O S\u00e3o Paulo est\u00e1 avan\u00e7ando nas [&hellip;]\" \/>\n<meta property=\"og:url\" content=\"https:\/\/www.gaveanews.com\/index.php\/2024\/12\/16\/situacao-de-arboleda-declaracao-de-zetti-e-contratacao-de-wendell-as-ultimas-noticias-do-sao-paulo\/\" \/>\n<meta property=\"og:site_name\" content=\"G\u00e1vea News\" \/>\n<meta property=\"article:publisher\" content=\"https:\/\/facebook.com\/gaveaNews\/\" \/>\n<meta property=\"article:published_time\" content=\"2024-12-16T21:25:00+00:00\" \/>\n<meta property=\"og:image\" content=\"https:\/\/www.gaveanews.com\/wp-content\/uploads\/Bandeira-do-Sao-Paulo-no-Morumbis-em-2024.webp\" \/>\n\t<meta property=\"og:image:width\" content=\"1000\" \/>\n\t<meta property=\"og:image:height\" content=\"667\" \/>\n\t<meta property=\"og:image:type\" content=\"image\/webp\" \/>\n<meta name=\"author\" content=\"Matheus Felipe\" \/>\n<meta name=\"twitter:card\" content=\"summary_large_image\" \/>\n<meta name=\"twitter:label1\" content=\"Escrito por\" \/>\n\t<meta name=\"twitter:data1\" content=\"Matheus Felipe\" \/>\n\t<meta name=\"twitter:label2\" content=\"Est. tempo de leitura\" \/>\n\t<meta name=\"twitter:data2\" content=\"5 minutos\" \/>\n<script type=\"application\/ld+json\" class=\"yoast-schema-graph\">{\"@context\":\"https:\/\/schema.org\",\"@graph\":[{\"@type\":\"NewsArticle\",\"@id\":\"https:\/\/www.gaveanews.com\/index.php\/2024\/12\/16\/situacao-de-arboleda-declaracao-de-zetti-e-contratacao-de-wendell-as-ultimas-noticias-do-sao-paulo\/#article\",\"isPartOf\":{\"@id\":\"https:\/\/www.gaveanews.com\/index.php\/2024\/12\/16\/situacao-de-arboleda-declaracao-de-zetti-e-contratacao-de-wendell-as-ultimas-noticias-do-sao-paulo\/\"},\"author\":{\"name\":\"Matheus Felipe\",\"@id\":\"https:\/\/www.gaveanews.com\/#\/schema\/person\/8207cd4627f56151707418bfc835b2fb\"},\"headline\":\"Situa\u00e7\u00e3o de Arboleda, declara\u00e7\u00e3o de Zetti e contrata\u00e7\u00e3o de Wendell: as \u00faltimas not\u00edcias do S\u00e3o Paulo\",\"datePublished\":\"2024-12-16T21:25:00+00:00\",\"mainEntityOfPage\":{\"@id\":\"https:\/\/www.gaveanews.com\/index.php\/2024\/12\/16\/situacao-de-arboleda-declaracao-de-zetti-e-contratacao-de-wendell-as-ultimas-noticias-do-sao-paulo\/\"},\"wordCount\":844,\"commentCount\":0,\"image\":{\"@id\":\"https:\/\/www.gaveanews.com\/index.php\/2024\/12\/16\/situacao-de-arboleda-declaracao-de-zetti-e-contratacao-de-wendell-as-ultimas-noticias-do-sao-paulo\/#primaryimage\"},\"thumbnailUrl\":\"https:\/\/www.gaveanews.com\/wp-content\/uploads\/Bandeira-do-Sao-Paulo-no-Morumbis-em-2024.webp\",\"articleSection\":[\"S\u00e3o Paulo\"],\"inLanguage\":\"pt-BR\",\"potentialAction\":[{\"@type\":\"CommentAction\",\"name\":\"Comment\",\"target\":[\"https:\/\/www.gaveanews.com\/index.php\/2024\/12\/16\/situacao-de-arboleda-declaracao-de-zetti-e-contratacao-de-wendell-as-ultimas-noticias-do-sao-paulo\/#respond\"]}],\"copyrightYear\":\"2024\",\"copyrightHolder\":{\"@id\":\"https:\/\/www.gaveanews.com\/#organization\"}},{\"@type\":\"WebPage\",\"@id\":\"https:\/\/www.gaveanews.com\/index.php\/2024\/12\/16\/situacao-de-arboleda-declaracao-de-zetti-e-contratacao-de-wendell-as-ultimas-noticias-do-sao-paulo\/\",\"url\":\"https:\/\/www.gaveanews.com\/index.php\/2024\/12\/16\/situacao-de-arboleda-declaracao-de-zetti-e-contratacao-de-wendell-as-ultimas-noticias-do-sao-paulo\/\",\"name\":\"Situa\u00e7\u00e3o de Arboleda, declara\u00e7\u00e3o de Zetti e contrata\u00e7\u00e3o de Wendell: as \u00faltimas not\u00edcias do S\u00e3o Paulo\",\"isPartOf\":{\"@id\":\"https:\/\/www.gaveanews.com\/#website\"},\"primaryImageOfPage\":{\"@id\":\"https:\/\/www.gaveanews.com\/index.php\/2024\/12\/16\/situacao-de-arboleda-declaracao-de-zetti-e-contratacao-de-wendell-as-ultimas-noticias-do-sao-paulo\/#primaryimage\"},\"image\":{\"@id\":\"https:\/\/www.gaveanews.com\/index.php\/2024\/12\/16\/situacao-de-arboleda-declaracao-de-zetti-e-contratacao-de-wendell-as-ultimas-noticias-do-sao-paulo\/#primaryimage\"},\"thumbnailUrl\":\"https:\/\/www.gaveanews.com\/wp-content\/uploads\/Bandeira-do-Sao-Paulo-no-Morumbis-em-2024.webp\",\"datePublished\":\"2024-12-16T21:25:00+00:00\",\"author\":{\"@id\":\"https:\/\/www.gaveanews.com\/#\/schema\/person\/8207cd4627f56151707418bfc835b2fb\"},\"breadcrumb\":{\"@id\":\"https:\/\/www.gaveanews.com\/index.php\/2024\/12\/16\/situacao-de-arboleda-declaracao-de-zetti-e-contratacao-de-wendell-as-ultimas-noticias-do-sao-paulo\/#breadcrumb\"},\"inLanguage\":\"pt-BR\",\"potentialAction\":[{\"@type\":\"ReadAction\",\"target\":[\"https:\/\/www.gaveanews.com\/index.php\/2024\/12\/16\/situacao-de-arboleda-declaracao-de-zetti-e-contratacao-de-wendell-as-ultimas-noticias-do-sao-paulo\/\"]}]},{\"@type\":\"ImageObject\",\"inLanguage\":\"pt-BR\",\"@id\":\"https:\/\/www.gaveanews.com\/index.php\/2024\/12\/16\/situacao-de-arboleda-declaracao-de-zetti-e-contratacao-de-wendell-as-ultimas-noticias-do-sao-paulo\/#primaryimage\",\"url\":\"https:\/\/www.gaveanews.com\/wp-content\/uploads\/Bandeira-do-Sao-Paulo-no-Morumbis-em-2024.webp\",\"contentUrl\":\"https:\/\/www.gaveanews.com\/wp-content\/uploads\/Bandeira-do-Sao-Paulo-no-Morumbis-em-2024.webp\",\"width\":1000,\"height\":667,\"caption\":\"Bandeira do S\u00e3o Paulo no Morumbis em 2024 (Foto: Reprodu\u00e7\u00e3o\/S\u00e3o Paulo)\"},{\"@type\":\"BreadcrumbList\",\"@id\":\"https:\/\/www.gaveanews.com\/index.php\/2024\/12\/16\/situacao-de-arboleda-declaracao-de-zetti-e-contratacao-de-wendell-as-ultimas-noticias-do-sao-paulo\/#breadcrumb\",\"itemListElement\":[{\"@type\":\"ListItem\",\"position\":1,\"name\":\"Home\",\"item\":\"https:\/\/www.gaveanews.com\/\"},{\"@type\":\"ListItem\",\"position\":2,\"name\":\"Situa\u00e7\u00e3o de Arboleda, declara\u00e7\u00e3o de Zetti e contrata\u00e7\u00e3o de Wendell: as \u00faltimas not\u00edcias do S\u00e3o Paulo\"}]},{\"@type\":\"WebSite\",\"@id\":\"https:\/\/www.gaveanews.com\/#website\",\"url\":\"https:\/\/www.gaveanews.com\/\",\"name\":\"G\u00e1vea News\",\"description\":\"Veja todas as not\u00edcias sobre o Flamengo: Contrata\u00e7\u00f5es, categorias de base, resultados das partidas, tabela de classifica\u00e7\u00e3o, pr\u00f3ximos jogos!\",\"potentialAction\":[{\"@type\":\"SearchAction\",\"target\":{\"@type\":\"EntryPoint\",\"urlTemplate\":\"https:\/\/www.gaveanews.com\/?s={search_term_string}\"},\"query-input\":{\"@type\":\"PropertyValueSpecification\",\"valueRequired\":true,\"valueName\":\"search_term_string\"}}],\"inLanguage\":\"pt-BR\"},{\"@type\":\"Person\",\"@id\":\"https:\/\/www.gaveanews.com\/#\/schema\/person\/8207cd4627f56151707418bfc835b2fb\",\"name\":\"Matheus Felipe\",\"image\":{\"@type\":\"ImageObject\",\"inLanguage\":\"pt-BR\",\"@id\":\"https:\/\/www.gaveanews.com\/#\/schema\/person\/image\/\",\"url\":\"https:\/\/secure.gravatar.com\/avatar\/a452ffbed9130f726358b298bb3a99ce4bd3c5338411f8440e87e14d74c7c087?s=96&d=mm&r=g\",\"contentUrl\":\"https:\/\/secure.gravatar.com\/avatar\/a452ffbed9130f726358b298bb3a99ce4bd3c5338411f8440e87e14d74c7c087?s=96&d=mm&r=g\",\"caption\":\"Matheus Felipe\"}}]}<\/script>\n<!-- \/ Yoast SEO Premium plugin. -->","yoast_head_json":{"title":"Situa\u00e7\u00e3o de Arboleda, declara\u00e7\u00e3o de Zetti e contrata\u00e7\u00e3o de Wendell: as \u00faltimas not\u00edcias do S\u00e3o Paulo","robots":{"index":"index","follow":"follow","max-snippet":"max-snippet:-1","max-image-preview":"max-image-preview:large","max-video-preview":"max-video-preview:-1"},"canonical":"https:\/\/www.gaveanews.com\/index.php\/2024\/12\/16\/situacao-de-arboleda-declaracao-de-zetti-e-contratacao-de-wendell-as-ultimas-noticias-do-sao-paulo\/","og_locale":"pt_BR","og_type":"article","og_title":"Situa\u00e7\u00e3o de Arboleda, declara\u00e7\u00e3o de Zetti e contrata\u00e7\u00e3o de Wendell: as \u00faltimas not\u00edcias do S\u00e3o Paulo","og_description":"Nas \u00faltimas horas, o foco das not\u00edcias sobre o S\u00e3o Paulo se concentram nos bastidores do clube, com destaques do dia a dia do time. Por conta deste contexto, leia abaixo um resumo preparado pela equipe do portal G\u00e1vea News para lhe manter muito bem informado! Contrata\u00e7\u00e3o de Wendell O S\u00e3o Paulo est\u00e1 avan\u00e7ando nas [&hellip;]","og_url":"https:\/\/www.gaveanews.com\/index.php\/2024\/12\/16\/situacao-de-arboleda-declaracao-de-zetti-e-contratacao-de-wendell-as-ultimas-noticias-do-sao-paulo\/","og_site_name":"G\u00e1vea News","article_publisher":"https:\/\/facebook.com\/gaveaNews\/","article_published_time":"2024-12-16T21:25:00+00:00","og_image":[{"width":1000,"height":667,"url":"https:\/\/www.gaveanews.com\/wp-content\/uploads\/Bandeira-do-Sao-Paulo-no-Morumbis-em-2024.webp","type":"image\/webp"}],"author":"Matheus Felipe","twitter_card":"summary_large_image","twitter_misc":{"Escrito por":"Matheus Felipe","Est. tempo de leitura":"5 minutos"},"schema":{"@context":"https:\/\/schema.org","@graph":[{"@type":"NewsArticle","@id":"https:\/\/www.gaveanews.com\/index.php\/2024\/12\/16\/situacao-de-arboleda-declaracao-de-zetti-e-contratacao-de-wendell-as-ultimas-noticias-do-sao-paulo\/#article","isPartOf":{"@id":"https:\/\/www.gaveanews.com\/index.php\/2024\/12\/16\/situacao-de-arboleda-declaracao-de-zetti-e-contratacao-de-wendell-as-ultimas-noticias-do-sao-paulo\/"},"author":{"name":"Matheus Felipe","@id":"https:\/\/www.gaveanews.com\/#\/schema\/person\/8207cd4627f56151707418bfc835b2fb"},"headline":"Situa\u00e7\u00e3o de Arboleda, declara\u00e7\u00e3o de Zetti e contrata\u00e7\u00e3o de Wendell: as \u00faltimas not\u00edcias do S\u00e3o Paulo","datePublished":"2024-12-16T21:25:00+00:00","mainEntityOfPage":{"@id":"https:\/\/www.gaveanews.com\/index.php\/2024\/12\/16\/situacao-de-arboleda-declaracao-de-zetti-e-contratacao-de-wendell-as-ultimas-noticias-do-sao-paulo\/"},"wordCount":844,"commentCount":0,"image":{"@id":"https:\/\/www.gaveanews.com\/index.php\/2024\/12\/16\/situacao-de-arboleda-declaracao-de-zetti-e-contratacao-de-wendell-as-ultimas-noticias-do-sao-paulo\/#primaryimage"},"thumbnailUrl":"https:\/\/www.gaveanews.com\/wp-content\/uploads\/Bandeira-do-Sao-Paulo-no-Morumbis-em-2024.webp","articleSection":["S\u00e3o Paulo"],"inLanguage":"pt-BR","potentialAction":[{"@type":"CommentAction","name":"Comment","target":["https:\/\/www.gaveanews.com\/index.php\/2024\/12\/16\/situacao-de-arboleda-declaracao-de-zetti-e-contratacao-de-wendell-as-ultimas-noticias-do-sao-paulo\/#respond"]}],"copyrightYear":"2024","copyrightHolder":{"@id":"https:\/\/www.gaveanews.com\/#organization"}},{"@type":"WebPage","@id":"https:\/\/www.gaveanews.com\/index.php\/2024\/12\/16\/situacao-de-arboleda-declaracao-de-zetti-e-contratacao-de-wendell-as-ultimas-noticias-do-sao-paulo\/","url":"https:\/\/www.gaveanews.com\/index.php\/2024\/12\/16\/situacao-de-arboleda-declaracao-de-zetti-e-contratacao-de-wendell-as-ultimas-noticias-do-sao-paulo\/","name":"Situa\u00e7\u00e3o de Arboleda, declara\u00e7\u00e3o de Zetti e contrata\u00e7\u00e3o de Wendell: as \u00faltimas not\u00edcias do S\u00e3o Paulo","isPartOf":{"@id":"https:\/\/www.gaveanews.com\/#website"},"primaryImageOfPage":{"@id":"https:\/\/www.gaveanews.com\/index.php\/2024\/12\/16\/situacao-de-arboleda-declaracao-de-zetti-e-contratacao-de-wendell-as-ultimas-noticias-do-sao-paulo\/#primaryimage"},"image":{"@id":"https:\/\/www.gaveanews.com\/index.php\/2024\/12\/16\/situacao-de-arboleda-declaracao-de-zetti-e-contratacao-de-wendell-as-ultimas-noticias-do-sao-paulo\/#primaryimage"},"thumbnailUrl":"https:\/\/www.gaveanews.com\/wp-content\/uploads\/Bandeira-do-Sao-Paulo-no-Morumbis-em-2024.webp","datePublished":"2024-12-16T21:25:00+00:00","author":{"@id":"https:\/\/www.gaveanews.com\/#\/schema\/person\/8207cd4627f56151707418bfc835b2fb"},"breadcrumb":{"@id":"https:\/\/www.gaveanews.com\/index.php\/2024\/12\/16\/situacao-de-arboleda-declaracao-de-zetti-e-contratacao-de-wendell-as-ultimas-noticias-do-sao-paulo\/#breadcrumb"},"inLanguage":"pt-BR","potentialAction":[{"@type":"ReadAction","target":["https:\/\/www.gaveanews.com\/index.php\/2024\/12\/16\/situacao-de-arboleda-declaracao-de-zetti-e-contratacao-de-wendell-as-ultimas-noticias-do-sao-paulo\/"]}]},{"@type":"ImageObject","inLanguage":"pt-BR","@id":"https:\/\/www.gaveanews.com\/index.php\/2024\/12\/16\/situacao-de-arboleda-declaracao-de-zetti-e-contratacao-de-wendell-as-ultimas-noticias-do-sao-paulo\/#primaryimage","url":"https:\/\/www.gaveanews.com\/wp-content\/uploads\/Bandeira-do-Sao-Paulo-no-Morumbis-em-2024.webp","contentUrl":"https:\/\/www.gaveanews.com\/wp-content\/uploads\/Bandeira-do-Sao-Paulo-no-Morumbis-em-2024.webp","width":1000,"height":667,"caption":"Bandeira do S\u00e3o Paulo no Morumbis em 2024 (Foto: Reprodu\u00e7\u00e3o\/S\u00e3o Paulo)"},{"@type":"BreadcrumbList","@id":"https:\/\/www.gaveanews.com\/index.php\/2024\/12\/16\/situacao-de-arboleda-declaracao-de-zetti-e-contratacao-de-wendell-as-ultimas-noticias-do-sao-paulo\/#breadcrumb","itemListElement":[{"@type":"ListItem","position":1,"name":"Home","item":"https:\/\/www.gaveanews.com\/"},{"@type":"ListItem","position":2,"name":"Situa\u00e7\u00e3o de Arboleda, declara\u00e7\u00e3o de Zetti e contrata\u00e7\u00e3o de Wendell: as \u00faltimas not\u00edcias do S\u00e3o Paulo"}]},{"@type":"WebSite","@id":"https:\/\/www.gaveanews.com\/#website","url":"https:\/\/www.gaveanews.com\/","name":"G\u00e1vea News","description":"Veja todas as not\u00edcias sobre o Flamengo: Contrata\u00e7\u00f5es, categorias de base, resultados das partidas, tabela de classifica\u00e7\u00e3o, pr\u00f3ximos jogos!","potentialAction":[{"@type":"SearchAction","target":{"@type":"EntryPoint","urlTemplate":"https:\/\/www.gaveanews.com\/?s={search_term_string}"},"query-input":{"@type":"PropertyValueSpecification","valueRequired":true,"valueName":"search_term_string"}}],"inLanguage":"pt-BR"},{"@type":"Person","@id":"https:\/\/www.gaveanews.com\/#\/schema\/person\/8207cd4627f56151707418bfc835b2fb","name":"Matheus Felipe","image":{"@type":"ImageObject","inLanguage":"pt-BR","@id":"https:\/\/www.gaveanews.com\/#\/schema\/person\/image\/","url":"https:\/\/secure.gravatar.com\/avatar\/a452ffbed9130f726358b298bb3a99ce4bd3c5338411f8440e87e14d74c7c087?s=96&d=mm&r=g","contentUrl":"https:\/\/secure.gravatar.com\/avatar\/a452ffbed9130f726358b298bb3a99ce4bd3c5338411f8440e87e14d74c7c087?s=96&d=mm&r=g","caption":"Matheus Felipe"}}]}},"_links":{"self":[{"href":"https:\/\/www.gaveanews.com\/index.php\/wp-json\/wp\/v2\/posts\/199811","targetHints":{"allow":["GET"]}}],"collection":[{"href":"https:\/\/www.gaveanews.com\/index.php\/wp-json\/wp\/v2\/posts"}],"about":[{"href":"https:\/\/www.gaveanews.com\/index.php\/wp-json\/wp\/v2\/types\/post"}],"author":[{"embeddable":true,"href":"https:\/\/www.gaveanews.com\/index.php\/wp-json\/wp\/v2\/users\/27"}],"replies":[{"embeddable":true,"href":"https:\/\/www.gaveanews.com\/index.php\/wp-json\/wp\/v2\/comments?post=199811"}],"version-history":[{"count":1,"href":"https:\/\/www.gaveanews.com\/index.php\/wp-json\/wp\/v2\/posts\/199811\/revisions"}],"predecessor-version":[{"id":199838,"href":"https:\/\/www.gaveanews.com\/index.php\/wp-json\/wp\/v2\/posts\/199811\/revisions\/199838"}],"wp:featuredmedia":[{"embeddable":true,"href":"https:\/\/www.gaveanews.com\/index.php\/wp-json\/wp\/v2\/media\/154249"}],"wp:attachment":[{"href":"https:\/\/www.gaveanews.com\/index.php\/wp-json\/wp\/v2\/media?parent=199811"}],"wp:term":[{"taxonomy":"category","embeddable":true,"href":"https:\/\/www.gaveanews.com\/index.php\/wp-json\/wp\/v2\/categories?post=199811"},{"taxonomy":"post_tag","embeddable":true,"href":"https:\/\/www.gaveanews.com\/index.php\/wp-json\/wp\/v2\/tags?post=199811"}],"curies":[{"name":"wp","href":"https:\/\/api.w.org\/{rel}","templated":true}]}}