{"id":199852,"date":"2024-12-16T19:35:00","date_gmt":"2024-12-16T22:35:00","guid":{"rendered":"https:\/\/www.gaveanews.com\/?p=199852"},"modified":"2024-12-16T18:21:43","modified_gmt":"2024-12-16T21:21:43","slug":"recado-de-idolo-despedida-de-dudu-e-declaracao-de-veiga-as-ultimas-noticias-do-palmeiras","status":"publish","type":"post","link":"https:\/\/www.gaveanews.com\/index.php\/2024\/12\/16\/recado-de-idolo-despedida-de-dudu-e-declaracao-de-veiga-as-ultimas-noticias-do-palmeiras\/","title":{"rendered":"Recado de \u00eddolo, despedida de Dudu e declara\u00e7\u00e3o de Veiga: as \u00faltimas not\u00edcias do Palmeiras"},"content":{"rendered":"\n<p>Nas \u00faltimas horas, o foco das not\u00edcias sobre o Palmeiras se concentram nos bastidores do clube, com destaques do dia a dia do time.<\/p>\n\n\n\n<p>Por conta deste contexto, leia abaixo um resumo preparado pela equipe do portal G\u00e1vea News para lhe manter muito bem informado!<\/p>\n\n\n\n<h2 class=\"wp-block-heading\" id=\"h-declaracao-de-veiga\">Declara\u00e7\u00e3o de Veiga<\/h2>\n\n\n\n<p>A sa\u00edda de Dudu do Palmeiras teve grande impacto entre os torcedores e jogadores, e Raphael Veiga se manifestou nas redes sociais para homenagear o companheiro. Veiga agradeceu pela parceria e reconheceu a import\u00e2ncia de Dudu em sua trajet\u00f3ria no clube, destacando o papel do atacante em seu desenvolvimento como atleta. \u201cSe hoje consegui alcan\u00e7ar esse n\u00edvel na minha carreira, \u00e9 porque jogar ao seu lado tornou tudo mais f\u00e1cil! Sua hist\u00f3ria aqui jamais ser\u00e1 esquecida!\u201d escreveu Veiga emocionado <strong><a href=\"https:\/\/www.gaveanews.com\/index.php\/2024\/12\/13\/palmeiras-a-declaracao-de-raphael-veiga-direcionada-a-dudu\/\">(leia a mat\u00e9ria completa).<\/a><\/strong><\/p>\n\n\n\n<figure class=\"wp-block-image size-full\"><img loading=\"lazy\" decoding=\"async\" width=\"1008\" height=\"567\" src=\"https:\/\/www.gaveanews.com\/wp-content\/uploads\/Raphael-Veiga-comemora-gol-marcado-pelo-Palmeiras.webp\" alt=\"\" class=\"wp-image-70428\" srcset=\"https:\/\/www.gaveanews.com\/wp-content\/uploads\/Raphael-Veiga-comemora-gol-marcado-pelo-Palmeiras.webp 1008w, https:\/\/www.gaveanews.com\/wp-content\/uploads\/Raphael-Veiga-comemora-gol-marcado-pelo-Palmeiras-300x169.webp 300w, https:\/\/www.gaveanews.com\/wp-content\/uploads\/Raphael-Veiga-comemora-gol-marcado-pelo-Palmeiras-768x432.webp 768w, https:\/\/www.gaveanews.com\/wp-content\/uploads\/Raphael-Veiga-comemora-gol-marcado-pelo-Palmeiras-747x420.webp 747w, https:\/\/www.gaveanews.com\/wp-content\/uploads\/Raphael-Veiga-comemora-gol-marcado-pelo-Palmeiras-640x360.webp 640w, https:\/\/www.gaveanews.com\/wp-content\/uploads\/Raphael-Veiga-comemora-gol-marcado-pelo-Palmeiras-681x383.webp 681w, https:\/\/www.gaveanews.com\/wp-content\/uploads\/Raphael-Veiga-comemora-gol-marcado-pelo-Palmeiras-100x56.webp 100w\" sizes=\"auto, (max-width: 1008px) 100vw, 1008px\" \/><\/figure>\n\n\n\n<p>A declara\u00e7\u00e3o de Veiga refor\u00e7a a amizade e o legado de Dudu no Palmeiras. Durante sua passagem pelo clube, o atacante disputou 462 partidas, marcou 88 gols e conquistou 12 t\u00edtulos importantes, incluindo as Libertadores de 2020 e 2021, quatro Campeonatos Brasileiros e tr\u00eas Paulistas. <\/p>\n\n\n\n<p>Suas atua\u00e7\u00f5es o consolidaram como um dos maiores \u00eddolos da hist\u00f3ria recente do clube.<\/p>\n\n\n\n<p>Mesmo com a rescis\u00e3o do contrato, Dudu deixou uma marca que continuar\u00e1 sendo lembrada, tanto pela torcida quanto pelos jogadores. A mensagem de Raphael Veiga reflete o respeito e a gratid\u00e3o pela parceria vitoriosa que os dois constru\u00edram em campo, ajudando a transformar o Palmeiras em uma equipe de sucesso.<\/p>\n\n\n\n<h2 class=\"wp-block-heading\" id=\"h-despedida-de-dudu\">Despedida de Dudu<\/h2>\n\n\n\n<p>Dudu se despediu do Palmeiras ap\u00f3s uma d\u00e9cada de conquistas e feitos memor\u00e1veis, mas sua sa\u00edda ocorreu sem uma grande celebra\u00e7\u00e3o, surpreendendo torcedores. A decis\u00e3o de n\u00e3o realizar uma despedida festiva veio em meio \u00e0 derrota para o Fluminense na \u00faltima rodada do Brasileir\u00e3o, o que resultou na perda do t\u00edtulo. A diretoria alviverde, considerando o contexto de frustra\u00e7\u00e3o e disputa pelo campeonato, entendeu que o momento n\u00e3o era apropriado para homenagens ao jogador <strong><a href=\"https:\/\/www.gaveanews.com\/index.php\/2024\/12\/13\/palmeiras-entenda-por-que-dudu-nao-teve-despedida\/\">(leia a mat\u00e9ria completa).<\/a><\/strong><\/p>\n\n\n\n<figure class=\"wp-block-image size-full\"><img loading=\"lazy\" decoding=\"async\" width=\"846\" height=\"476\" src=\"https:\/\/www.gaveanews.com\/wp-content\/uploads\/dudu-palmeiras.webp\" alt=\"Dudu em jogo do Palmeiras\" class=\"wp-image-91439\" srcset=\"https:\/\/www.gaveanews.com\/wp-content\/uploads\/dudu-palmeiras.webp 846w, https:\/\/www.gaveanews.com\/wp-content\/uploads\/dudu-palmeiras-300x169.webp 300w, https:\/\/www.gaveanews.com\/wp-content\/uploads\/dudu-palmeiras-768x432.webp 768w, https:\/\/www.gaveanews.com\/wp-content\/uploads\/dudu-palmeiras-746x420.webp 746w, https:\/\/www.gaveanews.com\/wp-content\/uploads\/dudu-palmeiras-640x360.webp 640w, https:\/\/www.gaveanews.com\/wp-content\/uploads\/dudu-palmeiras-681x383.webp 681w, https:\/\/www.gaveanews.com\/wp-content\/uploads\/dudu-palmeiras-100x56.webp 100w\" sizes=\"auto, (max-width: 846px) 100vw, 846px\" \/><figcaption class=\"wp-element-caption\">Dudu em jogo do Palmeiras (Foto: Cesar Greco\/Palmeiras)<\/figcaption><\/figure>\n\n\n\n<p>Outro fator relevante foi o contrato ainda vigente de Dudu com o Palmeiras, que se estende at\u00e9 2026. Como n\u00e3o havia um acordo oficial de rescis\u00e3o ou confirma\u00e7\u00e3o concreta de sua sa\u00edda, a organiza\u00e7\u00e3o n\u00e3o viu motivos para promover um evento de despedida. Posteriormente, Dudu viajou para os Estados Unidos, enquanto especula\u00e7\u00f5es sobre uma poss\u00edvel transfer\u00eancia para o Cruzeiro colocam em d\u00favida uma homenagem futura planejada para janeiro.<\/p>\n\n\n\n<p>Durante sua trajet\u00f3ria no Palmeiras, Dudu acumulou um impressionante n\u00famero de t\u00edtulos e premia\u00e7\u00f5es. Entre os destaques est\u00e3o conquistas coletivas como as Libertadores de 2020 e 2021, o Campeonato Brasileiro em quatro edi\u00e7\u00f5es e a Copa do Brasil de 2015. Individualmente, foi eleito craque do Brasileir\u00e3o em 2018 e integra diversas sele\u00e7\u00f5es de campeonatos importantes, consolidando-se como um dos maiores \u00eddolos recentes da hist\u00f3ria palmeirense.<\/p>\n\n\n\n<h2 class=\"wp-block-heading\" id=\"h-recado-de-idolo\">Recado de \u00eddolo<\/h2>\n\n\n\n<p>Ademir da Guia, um dos maiores \u00eddolos da hist\u00f3ria do Palmeiras, enviou uma mensagem emocionante a Dudu ap\u00f3s a rescis\u00e3o do atacante com o clube. Em postagem nas redes sociais, Ademir exaltou a trajet\u00f3ria de Dudu no Verd\u00e3o, destacando seu comprometimento, paix\u00e3o e os t\u00edtulos conquistados. <em>\u201cUma lenda se despede, mas o legado permanece eterno. Voc\u00ea levou o nome do Palmeiras ao topo e conquistou cora\u00e7\u00f5es\u201d<\/em>, escreveu o ex-jogador <strong><a href=\"https:\/\/www.gaveanews.com\/index.php\/2024\/12\/13\/palmeiras-idolo-palmeirense-manda-recado-a-dudu\/\">(leia a mat\u00e9ria completa).<\/a><\/strong><\/p>\n\n\n\n<figure class=\"wp-block-image size-full\"><img loading=\"lazy\" decoding=\"async\" width=\"734\" height=\"800\" src=\"https:\/\/www.gaveanews.com\/wp-content\/uploads\/dudu-palmeiras.webp\" alt=\"\" class=\"wp-image-91497\" srcset=\"https:\/\/www.gaveanews.com\/wp-content\/uploads\/dudu-palmeiras.webp 734w, https:\/\/www.gaveanews.com\/wp-content\/uploads\/dudu-palmeiras-275x300.webp 275w, https:\/\/www.gaveanews.com\/wp-content\/uploads\/dudu-palmeiras-385x420.webp 385w, https:\/\/www.gaveanews.com\/wp-content\/uploads\/dudu-palmeiras-640x698.webp 640w, https:\/\/www.gaveanews.com\/wp-content\/uploads\/dudu-palmeiras-681x742.webp 681w, https:\/\/www.gaveanews.com\/wp-content\/uploads\/dudu-palmeiras-100x109.webp 100w\" sizes=\"auto, (max-width: 734px) 100vw, 734px\" \/><figcaption class=\"wp-element-caption\">Dudu em partida do Palmeiras (Foto: Cesar Greco\/Palmeiras)<\/figcaption><\/figure>\n\n\n\n<p>Ademir tamb\u00e9m expressou gratid\u00e3o pelo que Dudu fez pelo clube e desejou sucesso nos pr\u00f3ximos desafios do atacante, afirmando que sua hist\u00f3ria no Palmeiras ser\u00e1 lembrada com orgulho pelos torcedores. Em resposta, Dudu agradeceu as palavras e retribuiu os elogios, declarando: <em>\u201cO senhor \u00e9 o maior \u00eddolo do Palmeiras e um dos grandes nomes da hist\u00f3ria do futebol brasileiro. Respeito eterno\u201d<\/em>.<\/p>\n\n\n\n<p>A sa\u00edda de Dudu marca o fim de uma era no Palmeiras, onde ele foi pe\u00e7a fundamental em v\u00e1rias conquistas recentes. Apesar de sua despedida, o reconhecimento por parte de grandes nomes como Ademir da Guia refor\u00e7a o impacto de sua trajet\u00f3ria no clube e a admira\u00e7\u00e3o eterna dos torcedores alviverdes.<\/p>\n","protected":false},"excerpt":{"rendered":"<p>Nas \u00faltimas horas, o foco das not\u00edcias sobre o Palmeiras se concentram nos bastidores do clube, com destaques do dia a dia do time. Por conta deste contexto, leia abaixo um resumo preparado pela equipe do portal G\u00e1vea News para lhe manter muito bem informado! Declara\u00e7\u00e3o de Veiga A sa\u00edda de Dudu do Palmeiras teve [&hellip;]<\/p>\n","protected":false},"author":27,"featured_media":155979,"comment_status":"open","ping_status":"closed","sticky":false,"template":"","format":"standard","meta":{"footnotes":""},"categories":[150],"tags":[],"class_list":["post-199852","post","type-post","status-publish","format-standard","has-post-thumbnail","hentry","category-palmeiras"],"yoast_head":"<!-- This site is optimized with the Yoast SEO Premium plugin v24.2 (Yoast SEO v26.9) - https:\/\/yoast.com\/product\/yoast-seo-premium-wordpress\/ -->\n<title>Recado de \u00eddolo, despedida de Dudu e declara\u00e7\u00e3o de Veiga: as \u00faltimas not\u00edcias do Palmeiras<\/title>\n<meta name=\"robots\" content=\"index, follow, max-snippet:-1, max-image-preview:large, max-video-preview:-1\" \/>\n<link rel=\"canonical\" href=\"https:\/\/www.gaveanews.com\/index.php\/2024\/12\/16\/recado-de-idolo-despedida-de-dudu-e-declaracao-de-veiga-as-ultimas-noticias-do-palmeiras\/\" \/>\n<meta property=\"og:locale\" content=\"pt_BR\" \/>\n<meta property=\"og:type\" content=\"article\" \/>\n<meta property=\"og:title\" content=\"Recado de \u00eddolo, despedida de Dudu e declara\u00e7\u00e3o de Veiga: as \u00faltimas not\u00edcias do Palmeiras\" \/>\n<meta property=\"og:description\" content=\"Nas \u00faltimas horas, o foco das not\u00edcias sobre o Palmeiras se concentram nos bastidores do clube, com destaques do dia a dia do time. Por conta deste contexto, leia abaixo um resumo preparado pela equipe do portal G\u00e1vea News para lhe manter muito bem informado! Declara\u00e7\u00e3o de Veiga A sa\u00edda de Dudu do Palmeiras teve [&hellip;]\" \/>\n<meta property=\"og:url\" content=\"https:\/\/www.gaveanews.com\/index.php\/2024\/12\/16\/recado-de-idolo-despedida-de-dudu-e-declaracao-de-veiga-as-ultimas-noticias-do-palmeiras\/\" \/>\n<meta property=\"og:site_name\" content=\"G\u00e1vea News\" \/>\n<meta property=\"article:publisher\" content=\"https:\/\/facebook.com\/gaveaNews\/\" \/>\n<meta property=\"article:published_time\" content=\"2024-12-16T22:35:00+00:00\" \/>\n<meta property=\"og:image\" content=\"https:\/\/www.gaveanews.com\/wp-content\/uploads\/torcida-do-palmeiras.webp\" \/>\n\t<meta property=\"og:image:width\" content=\"640\" \/>\n\t<meta property=\"og:image:height\" content=\"360\" \/>\n\t<meta property=\"og:image:type\" content=\"image\/jpeg\" \/>\n<meta name=\"author\" content=\"Matheus Felipe\" \/>\n<meta name=\"twitter:card\" content=\"summary_large_image\" \/>\n<meta name=\"twitter:label1\" content=\"Escrito por\" \/>\n\t<meta name=\"twitter:data1\" content=\"Matheus Felipe\" \/>\n\t<meta name=\"twitter:label2\" content=\"Est. tempo de leitura\" \/>\n\t<meta name=\"twitter:data2\" content=\"5 minutos\" \/>\n<script type=\"application\/ld+json\" class=\"yoast-schema-graph\">{\"@context\":\"https:\/\/schema.org\",\"@graph\":[{\"@type\":\"NewsArticle\",\"@id\":\"https:\/\/www.gaveanews.com\/index.php\/2024\/12\/16\/recado-de-idolo-despedida-de-dudu-e-declaracao-de-veiga-as-ultimas-noticias-do-palmeiras\/#article\",\"isPartOf\":{\"@id\":\"https:\/\/www.gaveanews.com\/index.php\/2024\/12\/16\/recado-de-idolo-despedida-de-dudu-e-declaracao-de-veiga-as-ultimas-noticias-do-palmeiras\/\"},\"author\":{\"name\":\"Matheus Felipe\",\"@id\":\"https:\/\/www.gaveanews.com\/#\/schema\/person\/8207cd4627f56151707418bfc835b2fb\"},\"headline\":\"Recado de \u00eddolo, despedida de Dudu e declara\u00e7\u00e3o de Veiga: as \u00faltimas not\u00edcias do Palmeiras\",\"datePublished\":\"2024-12-16T22:35:00+00:00\",\"mainEntityOfPage\":{\"@id\":\"https:\/\/www.gaveanews.com\/index.php\/2024\/12\/16\/recado-de-idolo-despedida-de-dudu-e-declaracao-de-veiga-as-ultimas-noticias-do-palmeiras\/\"},\"wordCount\":735,\"commentCount\":0,\"image\":{\"@id\":\"https:\/\/www.gaveanews.com\/index.php\/2024\/12\/16\/recado-de-idolo-despedida-de-dudu-e-declaracao-de-veiga-as-ultimas-noticias-do-palmeiras\/#primaryimage\"},\"thumbnailUrl\":\"https:\/\/www.gaveanews.com\/wp-content\/uploads\/torcida-do-palmeiras.webp\",\"articleSection\":[\"Palmeiras\"],\"inLanguage\":\"pt-BR\",\"potentialAction\":[{\"@type\":\"CommentAction\",\"name\":\"Comment\",\"target\":[\"https:\/\/www.gaveanews.com\/index.php\/2024\/12\/16\/recado-de-idolo-despedida-de-dudu-e-declaracao-de-veiga-as-ultimas-noticias-do-palmeiras\/#respond\"]}],\"copyrightYear\":\"2024\",\"copyrightHolder\":{\"@id\":\"https:\/\/www.gaveanews.com\/#organization\"}},{\"@type\":\"WebPage\",\"@id\":\"https:\/\/www.gaveanews.com\/index.php\/2024\/12\/16\/recado-de-idolo-despedida-de-dudu-e-declaracao-de-veiga-as-ultimas-noticias-do-palmeiras\/\",\"url\":\"https:\/\/www.gaveanews.com\/index.php\/2024\/12\/16\/recado-de-idolo-despedida-de-dudu-e-declaracao-de-veiga-as-ultimas-noticias-do-palmeiras\/\",\"name\":\"Recado de \u00eddolo, despedida de Dudu e declara\u00e7\u00e3o de Veiga: as \u00faltimas not\u00edcias do Palmeiras\",\"isPartOf\":{\"@id\":\"https:\/\/www.gaveanews.com\/#website\"},\"primaryImageOfPage\":{\"@id\":\"https:\/\/www.gaveanews.com\/index.php\/2024\/12\/16\/recado-de-idolo-despedida-de-dudu-e-declaracao-de-veiga-as-ultimas-noticias-do-palmeiras\/#primaryimage\"},\"image\":{\"@id\":\"https:\/\/www.gaveanews.com\/index.php\/2024\/12\/16\/recado-de-idolo-despedida-de-dudu-e-declaracao-de-veiga-as-ultimas-noticias-do-palmeiras\/#primaryimage\"},\"thumbnailUrl\":\"https:\/\/www.gaveanews.com\/wp-content\/uploads\/torcida-do-palmeiras.webp\",\"datePublished\":\"2024-12-16T22:35:00+00:00\",\"author\":{\"@id\":\"https:\/\/www.gaveanews.com\/#\/schema\/person\/8207cd4627f56151707418bfc835b2fb\"},\"breadcrumb\":{\"@id\":\"https:\/\/www.gaveanews.com\/index.php\/2024\/12\/16\/recado-de-idolo-despedida-de-dudu-e-declaracao-de-veiga-as-ultimas-noticias-do-palmeiras\/#breadcrumb\"},\"inLanguage\":\"pt-BR\",\"potentialAction\":[{\"@type\":\"ReadAction\",\"target\":[\"https:\/\/www.gaveanews.com\/index.php\/2024\/12\/16\/recado-de-idolo-despedida-de-dudu-e-declaracao-de-veiga-as-ultimas-noticias-do-palmeiras\/\"]}]},{\"@type\":\"ImageObject\",\"inLanguage\":\"pt-BR\",\"@id\":\"https:\/\/www.gaveanews.com\/index.php\/2024\/12\/16\/recado-de-idolo-despedida-de-dudu-e-declaracao-de-veiga-as-ultimas-noticias-do-palmeiras\/#primaryimage\",\"url\":\"https:\/\/www.gaveanews.com\/wp-content\/uploads\/torcida-do-palmeiras.webp\",\"contentUrl\":\"https:\/\/www.gaveanews.com\/wp-content\/uploads\/torcida-do-palmeiras.webp\",\"width\":640,\"height\":360,\"caption\":\"torcida do palmeiras (Foto: Cesar Greco\/Palmeiras)\"},{\"@type\":\"BreadcrumbList\",\"@id\":\"https:\/\/www.gaveanews.com\/index.php\/2024\/12\/16\/recado-de-idolo-despedida-de-dudu-e-declaracao-de-veiga-as-ultimas-noticias-do-palmeiras\/#breadcrumb\",\"itemListElement\":[{\"@type\":\"ListItem\",\"position\":1,\"name\":\"Home\",\"item\":\"https:\/\/www.gaveanews.com\/\"},{\"@type\":\"ListItem\",\"position\":2,\"name\":\"Recado de \u00eddolo, despedida de Dudu e declara\u00e7\u00e3o de Veiga: as \u00faltimas not\u00edcias do Palmeiras\"}]},{\"@type\":\"WebSite\",\"@id\":\"https:\/\/www.gaveanews.com\/#website\",\"url\":\"https:\/\/www.gaveanews.com\/\",\"name\":\"G\u00e1vea News\",\"description\":\"Veja todas as not\u00edcias sobre o Flamengo: Contrata\u00e7\u00f5es, categorias de base, resultados das partidas, tabela de classifica\u00e7\u00e3o, pr\u00f3ximos jogos!\",\"potentialAction\":[{\"@type\":\"SearchAction\",\"target\":{\"@type\":\"EntryPoint\",\"urlTemplate\":\"https:\/\/www.gaveanews.com\/?s={search_term_string}\"},\"query-input\":{\"@type\":\"PropertyValueSpecification\",\"valueRequired\":true,\"valueName\":\"search_term_string\"}}],\"inLanguage\":\"pt-BR\"},{\"@type\":\"Person\",\"@id\":\"https:\/\/www.gaveanews.com\/#\/schema\/person\/8207cd4627f56151707418bfc835b2fb\",\"name\":\"Matheus Felipe\",\"image\":{\"@type\":\"ImageObject\",\"inLanguage\":\"pt-BR\",\"@id\":\"https:\/\/www.gaveanews.com\/#\/schema\/person\/image\/\",\"url\":\"https:\/\/secure.gravatar.com\/avatar\/a452ffbed9130f726358b298bb3a99ce4bd3c5338411f8440e87e14d74c7c087?s=96&d=mm&r=g\",\"contentUrl\":\"https:\/\/secure.gravatar.com\/avatar\/a452ffbed9130f726358b298bb3a99ce4bd3c5338411f8440e87e14d74c7c087?s=96&d=mm&r=g\",\"caption\":\"Matheus Felipe\"}}]}<\/script>\n<!-- \/ Yoast SEO Premium plugin. -->","yoast_head_json":{"title":"Recado de \u00eddolo, despedida de Dudu e declara\u00e7\u00e3o de Veiga: as \u00faltimas not\u00edcias do Palmeiras","robots":{"index":"index","follow":"follow","max-snippet":"max-snippet:-1","max-image-preview":"max-image-preview:large","max-video-preview":"max-video-preview:-1"},"canonical":"https:\/\/www.gaveanews.com\/index.php\/2024\/12\/16\/recado-de-idolo-despedida-de-dudu-e-declaracao-de-veiga-as-ultimas-noticias-do-palmeiras\/","og_locale":"pt_BR","og_type":"article","og_title":"Recado de \u00eddolo, despedida de Dudu e declara\u00e7\u00e3o de Veiga: as \u00faltimas not\u00edcias do Palmeiras","og_description":"Nas \u00faltimas horas, o foco das not\u00edcias sobre o Palmeiras se concentram nos bastidores do clube, com destaques do dia a dia do time. Por conta deste contexto, leia abaixo um resumo preparado pela equipe do portal G\u00e1vea News para lhe manter muito bem informado! Declara\u00e7\u00e3o de Veiga A sa\u00edda de Dudu do Palmeiras teve [&hellip;]","og_url":"https:\/\/www.gaveanews.com\/index.php\/2024\/12\/16\/recado-de-idolo-despedida-de-dudu-e-declaracao-de-veiga-as-ultimas-noticias-do-palmeiras\/","og_site_name":"G\u00e1vea News","article_publisher":"https:\/\/facebook.com\/gaveaNews\/","article_published_time":"2024-12-16T22:35:00+00:00","og_image":[{"width":640,"height":360,"url":"https:\/\/www.gaveanews.com\/wp-content\/uploads\/torcida-do-palmeiras.webp","type":"image\/jpeg"}],"author":"Matheus Felipe","twitter_card":"summary_large_image","twitter_misc":{"Escrito por":"Matheus Felipe","Est. tempo de leitura":"5 minutos"},"schema":{"@context":"https:\/\/schema.org","@graph":[{"@type":"NewsArticle","@id":"https:\/\/www.gaveanews.com\/index.php\/2024\/12\/16\/recado-de-idolo-despedida-de-dudu-e-declaracao-de-veiga-as-ultimas-noticias-do-palmeiras\/#article","isPartOf":{"@id":"https:\/\/www.gaveanews.com\/index.php\/2024\/12\/16\/recado-de-idolo-despedida-de-dudu-e-declaracao-de-veiga-as-ultimas-noticias-do-palmeiras\/"},"author":{"name":"Matheus Felipe","@id":"https:\/\/www.gaveanews.com\/#\/schema\/person\/8207cd4627f56151707418bfc835b2fb"},"headline":"Recado de \u00eddolo, despedida de Dudu e declara\u00e7\u00e3o de Veiga: as \u00faltimas not\u00edcias do Palmeiras","datePublished":"2024-12-16T22:35:00+00:00","mainEntityOfPage":{"@id":"https:\/\/www.gaveanews.com\/index.php\/2024\/12\/16\/recado-de-idolo-despedida-de-dudu-e-declaracao-de-veiga-as-ultimas-noticias-do-palmeiras\/"},"wordCount":735,"commentCount":0,"image":{"@id":"https:\/\/www.gaveanews.com\/index.php\/2024\/12\/16\/recado-de-idolo-despedida-de-dudu-e-declaracao-de-veiga-as-ultimas-noticias-do-palmeiras\/#primaryimage"},"thumbnailUrl":"https:\/\/www.gaveanews.com\/wp-content\/uploads\/torcida-do-palmeiras.webp","articleSection":["Palmeiras"],"inLanguage":"pt-BR","potentialAction":[{"@type":"CommentAction","name":"Comment","target":["https:\/\/www.gaveanews.com\/index.php\/2024\/12\/16\/recado-de-idolo-despedida-de-dudu-e-declaracao-de-veiga-as-ultimas-noticias-do-palmeiras\/#respond"]}],"copyrightYear":"2024","copyrightHolder":{"@id":"https:\/\/www.gaveanews.com\/#organization"}},{"@type":"WebPage","@id":"https:\/\/www.gaveanews.com\/index.php\/2024\/12\/16\/recado-de-idolo-despedida-de-dudu-e-declaracao-de-veiga-as-ultimas-noticias-do-palmeiras\/","url":"https:\/\/www.gaveanews.com\/index.php\/2024\/12\/16\/recado-de-idolo-despedida-de-dudu-e-declaracao-de-veiga-as-ultimas-noticias-do-palmeiras\/","name":"Recado de \u00eddolo, despedida de Dudu e declara\u00e7\u00e3o de Veiga: as \u00faltimas not\u00edcias do Palmeiras","isPartOf":{"@id":"https:\/\/www.gaveanews.com\/#website"},"primaryImageOfPage":{"@id":"https:\/\/www.gaveanews.com\/index.php\/2024\/12\/16\/recado-de-idolo-despedida-de-dudu-e-declaracao-de-veiga-as-ultimas-noticias-do-palmeiras\/#primaryimage"},"image":{"@id":"https:\/\/www.gaveanews.com\/index.php\/2024\/12\/16\/recado-de-idolo-despedida-de-dudu-e-declaracao-de-veiga-as-ultimas-noticias-do-palmeiras\/#primaryimage"},"thumbnailUrl":"https:\/\/www.gaveanews.com\/wp-content\/uploads\/torcida-do-palmeiras.webp","datePublished":"2024-12-16T22:35:00+00:00","author":{"@id":"https:\/\/www.gaveanews.com\/#\/schema\/person\/8207cd4627f56151707418bfc835b2fb"},"breadcrumb":{"@id":"https:\/\/www.gaveanews.com\/index.php\/2024\/12\/16\/recado-de-idolo-despedida-de-dudu-e-declaracao-de-veiga-as-ultimas-noticias-do-palmeiras\/#breadcrumb"},"inLanguage":"pt-BR","potentialAction":[{"@type":"ReadAction","target":["https:\/\/www.gaveanews.com\/index.php\/2024\/12\/16\/recado-de-idolo-despedida-de-dudu-e-declaracao-de-veiga-as-ultimas-noticias-do-palmeiras\/"]}]},{"@type":"ImageObject","inLanguage":"pt-BR","@id":"https:\/\/www.gaveanews.com\/index.php\/2024\/12\/16\/recado-de-idolo-despedida-de-dudu-e-declaracao-de-veiga-as-ultimas-noticias-do-palmeiras\/#primaryimage","url":"https:\/\/www.gaveanews.com\/wp-content\/uploads\/torcida-do-palmeiras.webp","contentUrl":"https:\/\/www.gaveanews.com\/wp-content\/uploads\/torcida-do-palmeiras.webp","width":640,"height":360,"caption":"torcida do palmeiras (Foto: Cesar Greco\/Palmeiras)"},{"@type":"BreadcrumbList","@id":"https:\/\/www.gaveanews.com\/index.php\/2024\/12\/16\/recado-de-idolo-despedida-de-dudu-e-declaracao-de-veiga-as-ultimas-noticias-do-palmeiras\/#breadcrumb","itemListElement":[{"@type":"ListItem","position":1,"name":"Home","item":"https:\/\/www.gaveanews.com\/"},{"@type":"ListItem","position":2,"name":"Recado de \u00eddolo, despedida de Dudu e declara\u00e7\u00e3o de Veiga: as \u00faltimas not\u00edcias do Palmeiras"}]},{"@type":"WebSite","@id":"https:\/\/www.gaveanews.com\/#website","url":"https:\/\/www.gaveanews.com\/","name":"G\u00e1vea News","description":"Veja todas as not\u00edcias sobre o Flamengo: Contrata\u00e7\u00f5es, categorias de base, resultados das partidas, tabela de classifica\u00e7\u00e3o, pr\u00f3ximos jogos!","potentialAction":[{"@type":"SearchAction","target":{"@type":"EntryPoint","urlTemplate":"https:\/\/www.gaveanews.com\/?s={search_term_string}"},"query-input":{"@type":"PropertyValueSpecification","valueRequired":true,"valueName":"search_term_string"}}],"inLanguage":"pt-BR"},{"@type":"Person","@id":"https:\/\/www.gaveanews.com\/#\/schema\/person\/8207cd4627f56151707418bfc835b2fb","name":"Matheus Felipe","image":{"@type":"ImageObject","inLanguage":"pt-BR","@id":"https:\/\/www.gaveanews.com\/#\/schema\/person\/image\/","url":"https:\/\/secure.gravatar.com\/avatar\/a452ffbed9130f726358b298bb3a99ce4bd3c5338411f8440e87e14d74c7c087?s=96&d=mm&r=g","contentUrl":"https:\/\/secure.gravatar.com\/avatar\/a452ffbed9130f726358b298bb3a99ce4bd3c5338411f8440e87e14d74c7c087?s=96&d=mm&r=g","caption":"Matheus Felipe"}}]}},"_links":{"self":[{"href":"https:\/\/www.gaveanews.com\/index.php\/wp-json\/wp\/v2\/posts\/199852","targetHints":{"allow":["GET"]}}],"collection":[{"href":"https:\/\/www.gaveanews.com\/index.php\/wp-json\/wp\/v2\/posts"}],"about":[{"href":"https:\/\/www.gaveanews.com\/index.php\/wp-json\/wp\/v2\/types\/post"}],"author":[{"embeddable":true,"href":"https:\/\/www.gaveanews.com\/index.php\/wp-json\/wp\/v2\/users\/27"}],"replies":[{"embeddable":true,"href":"https:\/\/www.gaveanews.com\/index.php\/wp-json\/wp\/v2\/comments?post=199852"}],"version-history":[{"count":1,"href":"https:\/\/www.gaveanews.com\/index.php\/wp-json\/wp\/v2\/posts\/199852\/revisions"}],"predecessor-version":[{"id":199856,"href":"https:\/\/www.gaveanews.com\/index.php\/wp-json\/wp\/v2\/posts\/199852\/revisions\/199856"}],"wp:featuredmedia":[{"embeddable":true,"href":"https:\/\/www.gaveanews.com\/index.php\/wp-json\/wp\/v2\/media\/155979"}],"wp:attachment":[{"href":"https:\/\/www.gaveanews.com\/index.php\/wp-json\/wp\/v2\/media?parent=199852"}],"wp:term":[{"taxonomy":"category","embeddable":true,"href":"https:\/\/www.gaveanews.com\/index.php\/wp-json\/wp\/v2\/categories?post=199852"},{"taxonomy":"post_tag","embeddable":true,"href":"https:\/\/www.gaveanews.com\/index.php\/wp-json\/wp\/v2\/tags?post=199852"}],"curies":[{"name":"wp","href":"https:\/\/api.w.org\/{rel}","templated":true}]}}