{"id":199858,"date":"2024-12-17T05:05:00","date_gmt":"2024-12-17T08:05:00","guid":{"rendered":"https:\/\/www.gaveanews.com\/?p=199858"},"modified":"2024-12-17T01:16:49","modified_gmt":"2024-12-17T04:16:49","slug":"novo-treinador-situacao-com-a-prefeitura-e-publicacao-de-vegetti-as-ultimas-noticias-do-vasco","status":"publish","type":"post","link":"https:\/\/www.gaveanews.com\/index.php\/2024\/12\/17\/novo-treinador-situacao-com-a-prefeitura-e-publicacao-de-vegetti-as-ultimas-noticias-do-vasco\/","title":{"rendered":"Novo treinador, situa\u00e7\u00e3o com a prefeitura e publica\u00e7\u00e3o de Vegetti: as \u00faltimas not\u00edcias do Vasco"},"content":{"rendered":"\n<p>Nas \u00faltimas horas, o foco das not\u00edcias sobre o Vasco se concentram nos bastidores do clube, com destaques do dia a dia do time.<\/p>\n\n\n\n<p>Por conta deste contexto, leia abaixo um resumo preparado pela equipe do portal G\u00e1vea News para lhe manter muito bem informado!<\/p>\n\n\n\n<h2 class=\"wp-block-heading\" id=\"h-publicacao-de-vegetti\">Publica\u00e7\u00e3o de Vegetti<\/h2>\n\n\n\n<p>Pablo Vegetti, atacante argentino de 36 anos e destaque do Vasco em 2024, viu seu nome envolvido em rumores recentes sobre uma poss\u00edvel sa\u00edda do clube. O jogador, que marcou 33 gols e contribuiu com cinco assist\u00eancias em 75 partidas, tornou-se pe\u00e7a fundamental no elenco cruz-maltino desde sua chegada em 2023. Apesar das especula\u00e7\u00f5es sobre propostas de rivais como Fluminense e Internacional, Vegetti usou suas redes sociais para publicar uma mensagem enigm\u00e1tica, minimizando as informa\u00e7\u00f5es e deixando os torcedores vasca\u00ednos intrigados <strong><a href=\"https:\/\/www.gaveanews.com\/index.php\/2024\/12\/15\/publicacao-de-vegetti-repercute-em-meio-a-torcida-do-vasco\/\">(leia a mat\u00e9ria completa).<\/a><\/strong><\/p>\n\n\n\n<figure class=\"wp-block-image size-full\"><img loading=\"lazy\" decoding=\"async\" width=\"900\" height=\"600\" src=\"https:\/\/www.gaveanews.com\/wp-content\/uploads\/Pablo-Vegetti-em-acao-pelo-Vasco.avif\" alt=\"\" class=\"wp-image-146070\"\/><figcaption class=\"wp-element-caption\">Pablo Vegetti em a\u00e7\u00e3o pelo Vasco (Foto: Leandro Amorim\/Vasco)<\/figcaption><\/figure>\n\n\n\n<p>O epis\u00f3dio gerou rea\u00e7\u00f5es diversas entre os torcedores, especialmente ap\u00f3s relatos de que seu empres\u00e1rio teria oferecido o atleta ao Fluminense. <\/p>\n\n\n\n<p>O jornalista Lucas Pedrosa, contudo, afirmou que tais informa\u00e7\u00f5es n\u00e3o procedem, refor\u00e7ando que Vegetti possui contrato com o Vasco at\u00e9 dezembro de 2025. A forte conex\u00e3o do atacante com o clube foi evidenciada durante a elimina\u00e7\u00e3o na Copa do Brasil contra o Atl\u00e9tico-MG, quando Vegetti deixou o est\u00e1dio visivelmente abalado, conquistando ainda mais a torcida pelo comprometimento.<\/p>\n\n\n\n<p>Enquanto os rumores n\u00e3o se transformam em propostas concretas, Vegetti permanece como parte do elenco do Vasco, com reapresenta\u00e7\u00e3o marcada para 6 de janeiro no CT Moacyr Barbosa. O jogador, atualmente de f\u00e9rias, continua sendo pe\u00e7a-chave para a equipe na pr\u00f3xima temporada, com a expectativa de seguir entregando resultados e ajudando o Cruzmaltino a buscar maiores conquistas em 2025.<\/p>\n\n\n\n<h2 class=\"wp-block-heading\" id=\"h-situacao-com-a-prefeitura\">Situa\u00e7\u00e3o com a prefeitura<\/h2>\n\n\n\n<p>O Vasco da Gama recebeu uma excelente not\u00edcia da Prefeitura do Rio de Janeiro, que regulamentou a lei permitindo a venda do potencial construtivo do Est\u00e1dio de S\u00e3o Janu\u00e1rio. A publica\u00e7\u00e3o no Di\u00e1rio Oficial viabiliza que o clube negocie esse potencial com construtoras e realoque-o em outras \u00e1reas, como a Barra da Tijuca. Como contrapartida, a diretoria precisar\u00e1 apresentar um projeto de melhorias para o entorno do est\u00e1dio, al\u00e9m de criar uma Sociedade de Prop\u00f3sito Espec\u00edfico (SPE) para gerenciar a reforma e emitir os certificados de venda <strong><a href=\"https:\/\/www.gaveanews.com\/index.php\/2024\/12\/15\/vasco-recebe-otima-noticia-da-prefeitura-do-rio-de-janeiro\/\">(leia a mat\u00e9ria completa).<\/a><\/strong><\/p>\n\n\n\n<figure class=\"wp-block-image size-full\"><img loading=\"lazy\" decoding=\"async\" width=\"799\" height=\"533\" src=\"https:\/\/www.gaveanews.com\/wp-content\/uploads\/Philippe-Coutinho-durante-apresentacao-ao-Vasco-da-Gama-em-Sao-Januario.webp\" alt=\"\" class=\"wp-image-153282\" srcset=\"https:\/\/www.gaveanews.com\/wp-content\/uploads\/Philippe-Coutinho-durante-apresentacao-ao-Vasco-da-Gama-em-Sao-Januario.webp 799w, https:\/\/www.gaveanews.com\/wp-content\/uploads\/Philippe-Coutinho-durante-apresentacao-ao-Vasco-da-Gama-em-Sao-Januario-300x200.webp 300w, https:\/\/www.gaveanews.com\/wp-content\/uploads\/Philippe-Coutinho-durante-apresentacao-ao-Vasco-da-Gama-em-Sao-Januario-768x512.webp 768w, https:\/\/www.gaveanews.com\/wp-content\/uploads\/Philippe-Coutinho-durante-apresentacao-ao-Vasco-da-Gama-em-Sao-Januario-630x420.webp 630w, https:\/\/www.gaveanews.com\/wp-content\/uploads\/Philippe-Coutinho-durante-apresentacao-ao-Vasco-da-Gama-em-Sao-Januario-640x427.webp 640w, https:\/\/www.gaveanews.com\/wp-content\/uploads\/Philippe-Coutinho-durante-apresentacao-ao-Vasco-da-Gama-em-Sao-Januario-681x454.webp 681w, https:\/\/www.gaveanews.com\/wp-content\/uploads\/Philippe-Coutinho-durante-apresentacao-ao-Vasco-da-Gama-em-Sao-Januario-100x67.webp 100w\" sizes=\"auto, (max-width: 799px) 100vw, 799px\" \/><figcaption class=\"wp-element-caption\">Philippe Coutinho durante apresenta\u00e7\u00e3o ao Vasco da Gama em S\u00e3o Janu\u00e1rio (Foto: Reprodu\u00e7\u00e3o\/Vasco)<\/figcaption><\/figure>\n\n\n\n<p>A reforma de S\u00e3o Janu\u00e1rio, aguardada h\u00e1 anos pela torcida vasca\u00edna, tem como objetivo ampliar a capacidade do est\u00e1dio para entre 40 e 50 mil torcedores, modernizar a infraestrutura e gerar receitas adicionais, como a venda dos naming rights. Apesar da paix\u00e3o do p\u00fablico, o atual est\u00e1dio, com capacidade para pouco mais de 21 mil pessoas, n\u00e3o gera grandes lucros com bilheteria. A amplia\u00e7\u00e3o permitir\u00e1 um maior aproveitamento econ\u00f4mico e atender\u00e1 \u00e0 demanda crescente dos torcedores, que frequentemente esgotam os ingressos.<\/p>\n\n\n\n<p>Al\u00e9m dos avan\u00e7os econ\u00f4micos e estruturais, o projeto preservar\u00e1 os elementos hist\u00f3ricos do est\u00e1dio. A regulamenta\u00e7\u00e3o assegura o tombamento definitivo da fachada de S\u00e3o Janu\u00e1rio, da Capela de Nossa Senhora das Vit\u00f3rias e do Parque Aqu\u00e1tico, garantindo a conserva\u00e7\u00e3o do patrim\u00f4nio cultural do clube. A iniciativa marca um passo importante para o Vasco, unindo moderniza\u00e7\u00e3o com a valoriza\u00e7\u00e3o de sua hist\u00f3ria e tradi\u00e7\u00e3o.<\/p>\n\n\n\n<h2 class=\"wp-block-heading\" id=\"h-novo-treinador\">Novo treinador<\/h2>\n\n\n\n<p>O Vasco da Gama est\u00e1 pr\u00f3ximo de anunciar Renato Ga\u00facho como seu novo treinador, em uma negocia\u00e7\u00e3o que deve avan\u00e7ar na pr\u00f3xima segunda-feira (16\/12). Ap\u00f3s a demiss\u00e3o de Rafael Paiva, o clube busca um profissional experiente no futebol brasileiro, vitorioso e com habilidades no gerenciamento do elenco. O nome de Renato atende a essas exig\u00eancias, principalmente pela sua capacidade de manter bom relacionamento com os jogadores, algo visto como crucial ap\u00f3s o racha interno ocorrido durante a gest\u00e3o de Ram\u00f3n D\u00edaz, que prejudicou o desempenho do time <strong><a href=\"https:\/\/www.gaveanews.com\/index.php\/2024\/12\/15\/renato-gaucho-esta-muito-proximo-de-fechar-com-rival-do-flamengo\/\">(leia a mat\u00e9ria completa).<\/a><\/strong><\/p>\n\n\n\n<figure class=\"wp-block-image size-full\"><img loading=\"lazy\" decoding=\"async\" width=\"1000\" height=\"563\" src=\"https:\/\/www.gaveanews.com\/wp-content\/uploads\/renato-gaucho-gremio.webp\" alt=\"\" class=\"wp-image-144188\" srcset=\"https:\/\/www.gaveanews.com\/wp-content\/uploads\/renato-gaucho-gremio.webp 1000w, https:\/\/www.gaveanews.com\/wp-content\/uploads\/renato-gaucho-gremio-300x169.webp 300w, https:\/\/www.gaveanews.com\/wp-content\/uploads\/renato-gaucho-gremio-768x432.webp 768w, https:\/\/www.gaveanews.com\/wp-content\/uploads\/renato-gaucho-gremio-746x420.webp 746w, https:\/\/www.gaveanews.com\/wp-content\/uploads\/renato-gaucho-gremio-640x360.webp 640w, https:\/\/www.gaveanews.com\/wp-content\/uploads\/renato-gaucho-gremio-681x383.webp 681w, https:\/\/www.gaveanews.com\/wp-content\/uploads\/renato-gaucho-gremio-100x56.webp 100w\" sizes=\"auto, (max-width: 1000px) 100vw, 1000px\" \/><figcaption class=\"wp-element-caption\">Renato Ga\u00facho comanda treino do Gr\u00eamio (Foto: Lucas Uebel\/Gr\u00eamio FBPA)<\/figcaption><\/figure>\n\n\n\n<p>Al\u00e9m de seu curr\u00edculo respeit\u00e1vel, com destaque para o t\u00edtulo da Libertadores conquistado com o Gr\u00eamio, Renato Ga\u00facho \u00e9 considerado um t\u00e9cnico &#8220;copeiro&#8221;, fator importante para o Vasco em 2025. O clube disputar\u00e1 competi\u00e7\u00f5es como a Copa do Brasil e a Copa Sul-Americana, vistas como as melhores oportunidades para a equipe conquistar um t\u00edtulo e garantir uma vaga na Copa Libertadores. O fato de o t\u00e9cnico estar no Rio de Janeiro, onde mant\u00e9m resid\u00eancia, favorece a agilidade nas tratativas, aproximando ainda mais o acordo.<\/p>\n\n\n\n<p>Antes de focar em Renato, o Vasco realizou consultas a nomes estrangeiros, como Lu\u00eds Castro, Pedro Caixinha, Gustavo Quinteros e Hern\u00e1n Crespo, al\u00e9m do brasileiro Cl\u00e9ber Xavier, mas sem formalizar propostas. Com a escolha de Renato Ga\u00facho como prioridade, a diretoria v\u00ea na contrata\u00e7\u00e3o uma pe\u00e7a fundamental para iniciar o planejamento da pr\u00f3xima temporada e estruturar o time visando melhores resultados em 2025.<\/p>\n","protected":false},"excerpt":{"rendered":"<p>Nas \u00faltimas horas, o foco das not\u00edcias sobre o Vasco se concentram nos bastidores do clube, com destaques do dia a dia do time. Por conta deste contexto, leia abaixo um resumo preparado pela equipe do portal G\u00e1vea News para lhe manter muito bem informado! Publica\u00e7\u00e3o de Vegetti Pablo Vegetti, atacante argentino de 36 anos [&hellip;]<\/p>\n","protected":false},"author":27,"featured_media":152090,"comment_status":"open","ping_status":"closed","sticky":false,"template":"","format":"standard","meta":{"footnotes":""},"categories":[152],"tags":[],"class_list":["post-199858","post","type-post","status-publish","format-standard","has-post-thumbnail","hentry","category-vasco"],"yoast_head":"<!-- This site is optimized with the Yoast SEO Premium plugin v24.2 (Yoast SEO v26.9) - https:\/\/yoast.com\/product\/yoast-seo-premium-wordpress\/ -->\n<title>Novo treinador, situa\u00e7\u00e3o com a prefeitura e publica\u00e7\u00e3o de Vegetti: as \u00faltimas not\u00edcias do Vasco<\/title>\n<meta name=\"robots\" content=\"index, follow, max-snippet:-1, max-image-preview:large, max-video-preview:-1\" \/>\n<link rel=\"canonical\" href=\"https:\/\/www.gaveanews.com\/index.php\/2024\/12\/17\/novo-treinador-situacao-com-a-prefeitura-e-publicacao-de-vegetti-as-ultimas-noticias-do-vasco\/\" \/>\n<meta property=\"og:locale\" content=\"pt_BR\" \/>\n<meta property=\"og:type\" content=\"article\" \/>\n<meta property=\"og:title\" content=\"Novo treinador, situa\u00e7\u00e3o com a prefeitura e publica\u00e7\u00e3o de Vegetti: as \u00faltimas not\u00edcias do Vasco\" \/>\n<meta property=\"og:description\" content=\"Nas \u00faltimas horas, o foco das not\u00edcias sobre o Vasco se concentram nos bastidores do clube, com destaques do dia a dia do time. Por conta deste contexto, leia abaixo um resumo preparado pela equipe do portal G\u00e1vea News para lhe manter muito bem informado! Publica\u00e7\u00e3o de Vegetti Pablo Vegetti, atacante argentino de 36 anos [&hellip;]\" \/>\n<meta property=\"og:url\" content=\"https:\/\/www.gaveanews.com\/index.php\/2024\/12\/17\/novo-treinador-situacao-com-a-prefeitura-e-publicacao-de-vegetti-as-ultimas-noticias-do-vasco\/\" \/>\n<meta property=\"og:site_name\" content=\"G\u00e1vea News\" \/>\n<meta property=\"article:publisher\" content=\"https:\/\/facebook.com\/gaveaNews\/\" \/>\n<meta property=\"article:published_time\" content=\"2024-12-17T08:05:00+00:00\" \/>\n<meta property=\"og:image\" content=\"https:\/\/www.gaveanews.com\/wp-content\/uploads\/Bandeira-do-Vasco-da-Gama.webp\" \/>\n\t<meta property=\"og:image:width\" content=\"1159\" \/>\n\t<meta property=\"og:image:height\" content=\"772\" \/>\n\t<meta property=\"og:image:type\" content=\"image\/webp\" \/>\n<meta name=\"author\" content=\"Matheus Felipe\" \/>\n<meta name=\"twitter:card\" content=\"summary_large_image\" \/>\n<meta name=\"twitter:label1\" content=\"Escrito por\" \/>\n\t<meta name=\"twitter:data1\" content=\"Matheus Felipe\" \/>\n\t<meta name=\"twitter:label2\" content=\"Est. tempo de leitura\" \/>\n\t<meta name=\"twitter:data2\" content=\"6 minutos\" \/>\n<script type=\"application\/ld+json\" class=\"yoast-schema-graph\">{\"@context\":\"https:\/\/schema.org\",\"@graph\":[{\"@type\":\"NewsArticle\",\"@id\":\"https:\/\/www.gaveanews.com\/index.php\/2024\/12\/17\/novo-treinador-situacao-com-a-prefeitura-e-publicacao-de-vegetti-as-ultimas-noticias-do-vasco\/#article\",\"isPartOf\":{\"@id\":\"https:\/\/www.gaveanews.com\/index.php\/2024\/12\/17\/novo-treinador-situacao-com-a-prefeitura-e-publicacao-de-vegetti-as-ultimas-noticias-do-vasco\/\"},\"author\":{\"name\":\"Matheus Felipe\",\"@id\":\"https:\/\/www.gaveanews.com\/#\/schema\/person\/8207cd4627f56151707418bfc835b2fb\"},\"headline\":\"Novo treinador, situa\u00e7\u00e3o com a prefeitura e publica\u00e7\u00e3o de Vegetti: as \u00faltimas not\u00edcias do Vasco\",\"datePublished\":\"2024-12-17T08:05:00+00:00\",\"mainEntityOfPage\":{\"@id\":\"https:\/\/www.gaveanews.com\/index.php\/2024\/12\/17\/novo-treinador-situacao-com-a-prefeitura-e-publicacao-de-vegetti-as-ultimas-noticias-do-vasco\/\"},\"wordCount\":893,\"commentCount\":0,\"image\":{\"@id\":\"https:\/\/www.gaveanews.com\/index.php\/2024\/12\/17\/novo-treinador-situacao-com-a-prefeitura-e-publicacao-de-vegetti-as-ultimas-noticias-do-vasco\/#primaryimage\"},\"thumbnailUrl\":\"https:\/\/www.gaveanews.com\/wp-content\/uploads\/Bandeira-do-Vasco-da-Gama.webp\",\"articleSection\":[\"Vasco\"],\"inLanguage\":\"pt-BR\",\"potentialAction\":[{\"@type\":\"CommentAction\",\"name\":\"Comment\",\"target\":[\"https:\/\/www.gaveanews.com\/index.php\/2024\/12\/17\/novo-treinador-situacao-com-a-prefeitura-e-publicacao-de-vegetti-as-ultimas-noticias-do-vasco\/#respond\"]}],\"copyrightYear\":\"2024\",\"copyrightHolder\":{\"@id\":\"https:\/\/www.gaveanews.com\/#organization\"}},{\"@type\":\"WebPage\",\"@id\":\"https:\/\/www.gaveanews.com\/index.php\/2024\/12\/17\/novo-treinador-situacao-com-a-prefeitura-e-publicacao-de-vegetti-as-ultimas-noticias-do-vasco\/\",\"url\":\"https:\/\/www.gaveanews.com\/index.php\/2024\/12\/17\/novo-treinador-situacao-com-a-prefeitura-e-publicacao-de-vegetti-as-ultimas-noticias-do-vasco\/\",\"name\":\"Novo treinador, situa\u00e7\u00e3o com a prefeitura e publica\u00e7\u00e3o de Vegetti: as \u00faltimas not\u00edcias do Vasco\",\"isPartOf\":{\"@id\":\"https:\/\/www.gaveanews.com\/#website\"},\"primaryImageOfPage\":{\"@id\":\"https:\/\/www.gaveanews.com\/index.php\/2024\/12\/17\/novo-treinador-situacao-com-a-prefeitura-e-publicacao-de-vegetti-as-ultimas-noticias-do-vasco\/#primaryimage\"},\"image\":{\"@id\":\"https:\/\/www.gaveanews.com\/index.php\/2024\/12\/17\/novo-treinador-situacao-com-a-prefeitura-e-publicacao-de-vegetti-as-ultimas-noticias-do-vasco\/#primaryimage\"},\"thumbnailUrl\":\"https:\/\/www.gaveanews.com\/wp-content\/uploads\/Bandeira-do-Vasco-da-Gama.webp\",\"datePublished\":\"2024-12-17T08:05:00+00:00\",\"author\":{\"@id\":\"https:\/\/www.gaveanews.com\/#\/schema\/person\/8207cd4627f56151707418bfc835b2fb\"},\"breadcrumb\":{\"@id\":\"https:\/\/www.gaveanews.com\/index.php\/2024\/12\/17\/novo-treinador-situacao-com-a-prefeitura-e-publicacao-de-vegetti-as-ultimas-noticias-do-vasco\/#breadcrumb\"},\"inLanguage\":\"pt-BR\",\"potentialAction\":[{\"@type\":\"ReadAction\",\"target\":[\"https:\/\/www.gaveanews.com\/index.php\/2024\/12\/17\/novo-treinador-situacao-com-a-prefeitura-e-publicacao-de-vegetti-as-ultimas-noticias-do-vasco\/\"]}]},{\"@type\":\"ImageObject\",\"inLanguage\":\"pt-BR\",\"@id\":\"https:\/\/www.gaveanews.com\/index.php\/2024\/12\/17\/novo-treinador-situacao-com-a-prefeitura-e-publicacao-de-vegetti-as-ultimas-noticias-do-vasco\/#primaryimage\",\"url\":\"https:\/\/www.gaveanews.com\/wp-content\/uploads\/Bandeira-do-Vasco-da-Gama.webp\",\"contentUrl\":\"https:\/\/www.gaveanews.com\/wp-content\/uploads\/Bandeira-do-Vasco-da-Gama.webp\",\"width\":1159,\"height\":772,\"caption\":\"Bandeira do Vasco da Gama (Foto: Reprodu\u00e7\u00e3o\/Vasco)\"},{\"@type\":\"BreadcrumbList\",\"@id\":\"https:\/\/www.gaveanews.com\/index.php\/2024\/12\/17\/novo-treinador-situacao-com-a-prefeitura-e-publicacao-de-vegetti-as-ultimas-noticias-do-vasco\/#breadcrumb\",\"itemListElement\":[{\"@type\":\"ListItem\",\"position\":1,\"name\":\"Home\",\"item\":\"https:\/\/www.gaveanews.com\/\"},{\"@type\":\"ListItem\",\"position\":2,\"name\":\"Novo treinador, situa\u00e7\u00e3o com a prefeitura e publica\u00e7\u00e3o de Vegetti: as \u00faltimas not\u00edcias do Vasco\"}]},{\"@type\":\"WebSite\",\"@id\":\"https:\/\/www.gaveanews.com\/#website\",\"url\":\"https:\/\/www.gaveanews.com\/\",\"name\":\"G\u00e1vea News\",\"description\":\"Veja todas as not\u00edcias sobre o Flamengo: Contrata\u00e7\u00f5es, categorias de base, resultados das partidas, tabela de classifica\u00e7\u00e3o, pr\u00f3ximos jogos!\",\"potentialAction\":[{\"@type\":\"SearchAction\",\"target\":{\"@type\":\"EntryPoint\",\"urlTemplate\":\"https:\/\/www.gaveanews.com\/?s={search_term_string}\"},\"query-input\":{\"@type\":\"PropertyValueSpecification\",\"valueRequired\":true,\"valueName\":\"search_term_string\"}}],\"inLanguage\":\"pt-BR\"},{\"@type\":\"Person\",\"@id\":\"https:\/\/www.gaveanews.com\/#\/schema\/person\/8207cd4627f56151707418bfc835b2fb\",\"name\":\"Matheus Felipe\",\"image\":{\"@type\":\"ImageObject\",\"inLanguage\":\"pt-BR\",\"@id\":\"https:\/\/www.gaveanews.com\/#\/schema\/person\/image\/\",\"url\":\"https:\/\/secure.gravatar.com\/avatar\/a452ffbed9130f726358b298bb3a99ce4bd3c5338411f8440e87e14d74c7c087?s=96&d=mm&r=g\",\"contentUrl\":\"https:\/\/secure.gravatar.com\/avatar\/a452ffbed9130f726358b298bb3a99ce4bd3c5338411f8440e87e14d74c7c087?s=96&d=mm&r=g\",\"caption\":\"Matheus Felipe\"}}]}<\/script>\n<!-- \/ Yoast SEO Premium plugin. -->","yoast_head_json":{"title":"Novo treinador, situa\u00e7\u00e3o com a prefeitura e publica\u00e7\u00e3o de Vegetti: as \u00faltimas not\u00edcias do Vasco","robots":{"index":"index","follow":"follow","max-snippet":"max-snippet:-1","max-image-preview":"max-image-preview:large","max-video-preview":"max-video-preview:-1"},"canonical":"https:\/\/www.gaveanews.com\/index.php\/2024\/12\/17\/novo-treinador-situacao-com-a-prefeitura-e-publicacao-de-vegetti-as-ultimas-noticias-do-vasco\/","og_locale":"pt_BR","og_type":"article","og_title":"Novo treinador, situa\u00e7\u00e3o com a prefeitura e publica\u00e7\u00e3o de Vegetti: as \u00faltimas not\u00edcias do Vasco","og_description":"Nas \u00faltimas horas, o foco das not\u00edcias sobre o Vasco se concentram nos bastidores do clube, com destaques do dia a dia do time. Por conta deste contexto, leia abaixo um resumo preparado pela equipe do portal G\u00e1vea News para lhe manter muito bem informado! Publica\u00e7\u00e3o de Vegetti Pablo Vegetti, atacante argentino de 36 anos [&hellip;]","og_url":"https:\/\/www.gaveanews.com\/index.php\/2024\/12\/17\/novo-treinador-situacao-com-a-prefeitura-e-publicacao-de-vegetti-as-ultimas-noticias-do-vasco\/","og_site_name":"G\u00e1vea News","article_publisher":"https:\/\/facebook.com\/gaveaNews\/","article_published_time":"2024-12-17T08:05:00+00:00","og_image":[{"width":1159,"height":772,"url":"https:\/\/www.gaveanews.com\/wp-content\/uploads\/Bandeira-do-Vasco-da-Gama.webp","type":"image\/webp"}],"author":"Matheus Felipe","twitter_card":"summary_large_image","twitter_misc":{"Escrito por":"Matheus Felipe","Est. tempo de leitura":"6 minutos"},"schema":{"@context":"https:\/\/schema.org","@graph":[{"@type":"NewsArticle","@id":"https:\/\/www.gaveanews.com\/index.php\/2024\/12\/17\/novo-treinador-situacao-com-a-prefeitura-e-publicacao-de-vegetti-as-ultimas-noticias-do-vasco\/#article","isPartOf":{"@id":"https:\/\/www.gaveanews.com\/index.php\/2024\/12\/17\/novo-treinador-situacao-com-a-prefeitura-e-publicacao-de-vegetti-as-ultimas-noticias-do-vasco\/"},"author":{"name":"Matheus Felipe","@id":"https:\/\/www.gaveanews.com\/#\/schema\/person\/8207cd4627f56151707418bfc835b2fb"},"headline":"Novo treinador, situa\u00e7\u00e3o com a prefeitura e publica\u00e7\u00e3o de Vegetti: as \u00faltimas not\u00edcias do Vasco","datePublished":"2024-12-17T08:05:00+00:00","mainEntityOfPage":{"@id":"https:\/\/www.gaveanews.com\/index.php\/2024\/12\/17\/novo-treinador-situacao-com-a-prefeitura-e-publicacao-de-vegetti-as-ultimas-noticias-do-vasco\/"},"wordCount":893,"commentCount":0,"image":{"@id":"https:\/\/www.gaveanews.com\/index.php\/2024\/12\/17\/novo-treinador-situacao-com-a-prefeitura-e-publicacao-de-vegetti-as-ultimas-noticias-do-vasco\/#primaryimage"},"thumbnailUrl":"https:\/\/www.gaveanews.com\/wp-content\/uploads\/Bandeira-do-Vasco-da-Gama.webp","articleSection":["Vasco"],"inLanguage":"pt-BR","potentialAction":[{"@type":"CommentAction","name":"Comment","target":["https:\/\/www.gaveanews.com\/index.php\/2024\/12\/17\/novo-treinador-situacao-com-a-prefeitura-e-publicacao-de-vegetti-as-ultimas-noticias-do-vasco\/#respond"]}],"copyrightYear":"2024","copyrightHolder":{"@id":"https:\/\/www.gaveanews.com\/#organization"}},{"@type":"WebPage","@id":"https:\/\/www.gaveanews.com\/index.php\/2024\/12\/17\/novo-treinador-situacao-com-a-prefeitura-e-publicacao-de-vegetti-as-ultimas-noticias-do-vasco\/","url":"https:\/\/www.gaveanews.com\/index.php\/2024\/12\/17\/novo-treinador-situacao-com-a-prefeitura-e-publicacao-de-vegetti-as-ultimas-noticias-do-vasco\/","name":"Novo treinador, situa\u00e7\u00e3o com a prefeitura e publica\u00e7\u00e3o de Vegetti: as \u00faltimas not\u00edcias do Vasco","isPartOf":{"@id":"https:\/\/www.gaveanews.com\/#website"},"primaryImageOfPage":{"@id":"https:\/\/www.gaveanews.com\/index.php\/2024\/12\/17\/novo-treinador-situacao-com-a-prefeitura-e-publicacao-de-vegetti-as-ultimas-noticias-do-vasco\/#primaryimage"},"image":{"@id":"https:\/\/www.gaveanews.com\/index.php\/2024\/12\/17\/novo-treinador-situacao-com-a-prefeitura-e-publicacao-de-vegetti-as-ultimas-noticias-do-vasco\/#primaryimage"},"thumbnailUrl":"https:\/\/www.gaveanews.com\/wp-content\/uploads\/Bandeira-do-Vasco-da-Gama.webp","datePublished":"2024-12-17T08:05:00+00:00","author":{"@id":"https:\/\/www.gaveanews.com\/#\/schema\/person\/8207cd4627f56151707418bfc835b2fb"},"breadcrumb":{"@id":"https:\/\/www.gaveanews.com\/index.php\/2024\/12\/17\/novo-treinador-situacao-com-a-prefeitura-e-publicacao-de-vegetti-as-ultimas-noticias-do-vasco\/#breadcrumb"},"inLanguage":"pt-BR","potentialAction":[{"@type":"ReadAction","target":["https:\/\/www.gaveanews.com\/index.php\/2024\/12\/17\/novo-treinador-situacao-com-a-prefeitura-e-publicacao-de-vegetti-as-ultimas-noticias-do-vasco\/"]}]},{"@type":"ImageObject","inLanguage":"pt-BR","@id":"https:\/\/www.gaveanews.com\/index.php\/2024\/12\/17\/novo-treinador-situacao-com-a-prefeitura-e-publicacao-de-vegetti-as-ultimas-noticias-do-vasco\/#primaryimage","url":"https:\/\/www.gaveanews.com\/wp-content\/uploads\/Bandeira-do-Vasco-da-Gama.webp","contentUrl":"https:\/\/www.gaveanews.com\/wp-content\/uploads\/Bandeira-do-Vasco-da-Gama.webp","width":1159,"height":772,"caption":"Bandeira do Vasco da Gama (Foto: Reprodu\u00e7\u00e3o\/Vasco)"},{"@type":"BreadcrumbList","@id":"https:\/\/www.gaveanews.com\/index.php\/2024\/12\/17\/novo-treinador-situacao-com-a-prefeitura-e-publicacao-de-vegetti-as-ultimas-noticias-do-vasco\/#breadcrumb","itemListElement":[{"@type":"ListItem","position":1,"name":"Home","item":"https:\/\/www.gaveanews.com\/"},{"@type":"ListItem","position":2,"name":"Novo treinador, situa\u00e7\u00e3o com a prefeitura e publica\u00e7\u00e3o de Vegetti: as \u00faltimas not\u00edcias do Vasco"}]},{"@type":"WebSite","@id":"https:\/\/www.gaveanews.com\/#website","url":"https:\/\/www.gaveanews.com\/","name":"G\u00e1vea News","description":"Veja todas as not\u00edcias sobre o Flamengo: Contrata\u00e7\u00f5es, categorias de base, resultados das partidas, tabela de classifica\u00e7\u00e3o, pr\u00f3ximos jogos!","potentialAction":[{"@type":"SearchAction","target":{"@type":"EntryPoint","urlTemplate":"https:\/\/www.gaveanews.com\/?s={search_term_string}"},"query-input":{"@type":"PropertyValueSpecification","valueRequired":true,"valueName":"search_term_string"}}],"inLanguage":"pt-BR"},{"@type":"Person","@id":"https:\/\/www.gaveanews.com\/#\/schema\/person\/8207cd4627f56151707418bfc835b2fb","name":"Matheus Felipe","image":{"@type":"ImageObject","inLanguage":"pt-BR","@id":"https:\/\/www.gaveanews.com\/#\/schema\/person\/image\/","url":"https:\/\/secure.gravatar.com\/avatar\/a452ffbed9130f726358b298bb3a99ce4bd3c5338411f8440e87e14d74c7c087?s=96&d=mm&r=g","contentUrl":"https:\/\/secure.gravatar.com\/avatar\/a452ffbed9130f726358b298bb3a99ce4bd3c5338411f8440e87e14d74c7c087?s=96&d=mm&r=g","caption":"Matheus Felipe"}}]}},"_links":{"self":[{"href":"https:\/\/www.gaveanews.com\/index.php\/wp-json\/wp\/v2\/posts\/199858","targetHints":{"allow":["GET"]}}],"collection":[{"href":"https:\/\/www.gaveanews.com\/index.php\/wp-json\/wp\/v2\/posts"}],"about":[{"href":"https:\/\/www.gaveanews.com\/index.php\/wp-json\/wp\/v2\/types\/post"}],"author":[{"embeddable":true,"href":"https:\/\/www.gaveanews.com\/index.php\/wp-json\/wp\/v2\/users\/27"}],"replies":[{"embeddable":true,"href":"https:\/\/www.gaveanews.com\/index.php\/wp-json\/wp\/v2\/comments?post=199858"}],"version-history":[{"count":1,"href":"https:\/\/www.gaveanews.com\/index.php\/wp-json\/wp\/v2\/posts\/199858\/revisions"}],"predecessor-version":[{"id":200114,"href":"https:\/\/www.gaveanews.com\/index.php\/wp-json\/wp\/v2\/posts\/199858\/revisions\/200114"}],"wp:featuredmedia":[{"embeddable":true,"href":"https:\/\/www.gaveanews.com\/index.php\/wp-json\/wp\/v2\/media\/152090"}],"wp:attachment":[{"href":"https:\/\/www.gaveanews.com\/index.php\/wp-json\/wp\/v2\/media?parent=199858"}],"wp:term":[{"taxonomy":"category","embeddable":true,"href":"https:\/\/www.gaveanews.com\/index.php\/wp-json\/wp\/v2\/categories?post=199858"},{"taxonomy":"post_tag","embeddable":true,"href":"https:\/\/www.gaveanews.com\/index.php\/wp-json\/wp\/v2\/tags?post=199858"}],"curies":[{"name":"wp","href":"https:\/\/api.w.org\/{rel}","templated":true}]}}