{"id":199876,"date":"2024-12-16T19:50:00","date_gmt":"2024-12-16T22:50:00","guid":{"rendered":"https:\/\/www.gaveanews.com\/?p=199876"},"modified":"2024-12-16T18:42:58","modified_gmt":"2024-12-16T21:42:58","slug":"atitude-de-ancelotti-declaracao-de-brahim-e-situacao-de-mbappe-as-ultimas-noticias-do-real-madrid","status":"publish","type":"post","link":"https:\/\/www.gaveanews.com\/index.php\/2024\/12\/16\/atitude-de-ancelotti-declaracao-de-brahim-e-situacao-de-mbappe-as-ultimas-noticias-do-real-madrid\/","title":{"rendered":"Atitude de Ancelotti, declara\u00e7\u00e3o de Brahim e situa\u00e7\u00e3o de Mbapp\u00e9: as \u00faltimas not\u00edcias do Real Madrid"},"content":{"rendered":"\n<p>Nas \u00faltimas horas, o foco das not\u00edcias sobre o Real Madrid se concentram nos bastidores do clube, com destaques do dia a dia do time.<\/p>\n\n\n\n<p>Por conta deste contexto, leia abaixo um resumo preparado pela equipe do portal G\u00e1vea News para lhe manter muito bem informado!<\/p>\n\n\n\n<h2 class=\"wp-block-heading\" id=\"h-situacao-de-mbappe\">Situa\u00e7\u00e3o de Mbapp\u00e9<\/h2>\n\n\n\n<p>O Real Madrid emitiu uma nota oficial confirmando a les\u00e3o muscular de Kylian Mbapp\u00e9, ocorrida durante a partida contra o Atalanta pela Champions League, na qual o time espanhol venceu por 3 a 2. Apesar de marcar um gol no jogo, o atacante franc\u00eas solicitou substitui\u00e7\u00e3o devido a dores na perna esquerda. A les\u00e3o, considerada leve, afastar\u00e1 o jogador dos gramados por cerca de 10 dias, o que o impede de participar da final da Copa Intercontinental de Clubes, marcada para a pr\u00f3xima semana.<\/p>\n\n\n\n<figure class=\"wp-block-image size-large\"><img loading=\"lazy\" decoding=\"async\" width=\"1024\" height=\"769\" src=\"https:\/\/www.gaveanews.com\/wp-content\/uploads\/Kylian-Mbappe-com-a-camisa-do-Real-Madrid-em-2024-1024x769.webp\" alt=\"\" class=\"wp-image-158543\" srcset=\"https:\/\/www.gaveanews.com\/wp-content\/uploads\/Kylian-Mbappe-com-a-camisa-do-Real-Madrid-em-2024-1024x769.webp 1024w, https:\/\/www.gaveanews.com\/wp-content\/uploads\/Kylian-Mbappe-com-a-camisa-do-Real-Madrid-em-2024-300x225.webp 300w, https:\/\/www.gaveanews.com\/wp-content\/uploads\/Kylian-Mbappe-com-a-camisa-do-Real-Madrid-em-2024-768x577.webp 768w, https:\/\/www.gaveanews.com\/wp-content\/uploads\/Kylian-Mbappe-com-a-camisa-do-Real-Madrid-em-2024-559x420.webp 559w, https:\/\/www.gaveanews.com\/wp-content\/uploads\/Kylian-Mbappe-com-a-camisa-do-Real-Madrid-em-2024-1119x840.webp 1119w, https:\/\/www.gaveanews.com\/wp-content\/uploads\/Kylian-Mbappe-com-a-camisa-do-Real-Madrid-em-2024-80x60.webp 80w, https:\/\/www.gaveanews.com\/wp-content\/uploads\/Kylian-Mbappe-com-a-camisa-do-Real-Madrid-em-2024-160x120.webp 160w, https:\/\/www.gaveanews.com\/wp-content\/uploads\/Kylian-Mbappe-com-a-camisa-do-Real-Madrid-em-2024-100x75.webp 100w, https:\/\/www.gaveanews.com\/wp-content\/uploads\/Kylian-Mbappe-com-a-camisa-do-Real-Madrid-em-2024-200x150.webp 200w, https:\/\/www.gaveanews.com\/wp-content\/uploads\/Kylian-Mbappe-com-a-camisa-do-Real-Madrid-em-2024-180x135.webp 180w, https:\/\/www.gaveanews.com\/wp-content\/uploads\/Kylian-Mbappe-com-a-camisa-do-Real-Madrid-em-2024-360x270.webp 360w, https:\/\/www.gaveanews.com\/wp-content\/uploads\/Kylian-Mbappe-com-a-camisa-do-Real-Madrid-em-2024-238x178.webp 238w, https:\/\/www.gaveanews.com\/wp-content\/uploads\/Kylian-Mbappe-com-a-camisa-do-Real-Madrid-em-2024-476x356.webp 476w, https:\/\/www.gaveanews.com\/wp-content\/uploads\/Kylian-Mbappe-com-a-camisa-do-Real-Madrid-em-2024-640x481.webp 640w, https:\/\/www.gaveanews.com\/wp-content\/uploads\/Kylian-Mbappe-com-a-camisa-do-Real-Madrid-em-2024-681x511.webp 681w, https:\/\/www.gaveanews.com\/wp-content\/uploads\/Kylian-Mbappe-com-a-camisa-do-Real-Madrid-em-2024.webp 1208w\" sizes=\"auto, (max-width: 1024px) 100vw, 1024px\" \/><figcaption class=\"wp-element-caption\">Kylian Mbapp\u00e9 com a camisa do Real Madrid em 2024 (Foto: Reprodu\u00e7\u00e3o\/Real Madrid)<\/figcaption><\/figure>\n\n\n\n<p>O Real Madrid enfrentar\u00e1 na decis\u00e3o o vencedor entre Al Ahly, do Egito, e Pachuca, do M\u00e9xico, que avan\u00e7aram ao derrotar Al Ain e Botafogo, respectivamente, pelo placar de 3 a 0. <\/p>\n\n\n\n<p>A equipe espanhola, ap\u00f3s sua participa\u00e7\u00e3o no torneio intercontinental, ter\u00e1 compromissos importantes pelo Campeonato Espanhol. Neste fim de semana, enfrentar\u00e1 o Rayo Vallecano fora de casa, seguido de um confronto contra o Sevilla ap\u00f3s retornar do Catar.<\/p>\n\n\n\n<p>Mbapp\u00e9, embora n\u00e3o esteja em sua melhor fase, \u00e9 uma pe\u00e7a essencial no esquema do Real Madrid. A aus\u00eancia do jogador preocupa o clube em um momento decisivo da temporada, mas a expectativa \u00e9 que ele retorne no in\u00edcio de janeiro, a tempo de refor\u00e7ar o time nos desafios do Campeonato Espanhol e da Champions League.<\/p>\n\n\n\n<h2 class=\"wp-block-heading\" id=\"h-declaracao-de-brahim\">Declara\u00e7\u00e3o de Brahim<\/h2>\n\n\n\n<p>Ap\u00f3s a vit\u00f3ria do Real Madrid por 3 a 2 sobre a Atalanta, pela fase de grupos da Champions League, Brahim D\u00edaz destacou a import\u00e2ncia do resultado e o comprometimento da equipe. O meia foi decisivo ao dar a assist\u00eancia para o gol de Mbapp\u00e9, que abriu o placar. Em entrevista ap\u00f3s a partida, Brahim elogiou a prepara\u00e7\u00e3o minuciosa do time e ressaltou que a vit\u00f3ria servir\u00e1 como impulso para os pr\u00f3ximos desafios. Ele tamb\u00e9m destacou a qualidade do elenco e o desempenho coletivo, afirmando que cada jogador contribuiu de maneira essencial para o resultado <strong><a href=\"https:\/\/www.gaveanews.com\/index.php\/2024\/12\/12\/real-madrid-a-declaracao-de-brahim-diaz-apos-vitoria-na-champions-league\/\">(leia a mat\u00e9ria completa).<\/a><\/strong><\/p>\n\n\n\n<figure class=\"wp-block-image size-large\"><img loading=\"lazy\" decoding=\"async\" width=\"881\" height=\"1024\" src=\"https:\/\/www.gaveanews.com\/wp-content\/uploads\/Brahim-Diaz-em-acao-pelo-Real-Madrid-881x1024.webp\" alt=\"\" class=\"wp-image-114591\" srcset=\"https:\/\/www.gaveanews.com\/wp-content\/uploads\/Brahim-Diaz-em-acao-pelo-Real-Madrid-881x1024.webp 881w, https:\/\/www.gaveanews.com\/wp-content\/uploads\/Brahim-Diaz-em-acao-pelo-Real-Madrid-258x300.webp 258w, https:\/\/www.gaveanews.com\/wp-content\/uploads\/Brahim-Diaz-em-acao-pelo-Real-Madrid-768x893.webp 768w, https:\/\/www.gaveanews.com\/wp-content\/uploads\/Brahim-Diaz-em-acao-pelo-Real-Madrid-361x420.webp 361w, https:\/\/www.gaveanews.com\/wp-content\/uploads\/Brahim-Diaz-em-acao-pelo-Real-Madrid-722x840.webp 722w, https:\/\/www.gaveanews.com\/wp-content\/uploads\/Brahim-Diaz-em-acao-pelo-Real-Madrid-300x350.webp 300w, https:\/\/www.gaveanews.com\/wp-content\/uploads\/Brahim-Diaz-em-acao-pelo-Real-Madrid-640x744.webp 640w, https:\/\/www.gaveanews.com\/wp-content\/uploads\/Brahim-Diaz-em-acao-pelo-Real-Madrid-681x792.webp 681w, https:\/\/www.gaveanews.com\/wp-content\/uploads\/Brahim-Diaz-em-acao-pelo-Real-Madrid-100x116.webp 100w, https:\/\/www.gaveanews.com\/wp-content\/uploads\/Brahim-Diaz-em-acao-pelo-Real-Madrid.webp 1080w\" sizes=\"auto, (max-width: 881px) 100vw, 881px\" \/><figcaption class=\"wp-element-caption\">Brahim Diaz em a\u00e7\u00e3o pelo Real Madrid (Foto: Reprodu\u00e7\u00e3o\/Instagram)<\/figcaption><\/figure>\n\n\n\n<p>Brahim D\u00edaz valorizou a mentalidade vencedora do Real Madrid, afirmando que \u201cestes jogos s\u00e3o feitos para o Real Madrid, e hoje mostramos isso. O p\u00eanalti no \u00faltimo segundo nos incomodou, mas o jogo terminou em vit\u00f3ria. Esta equipe ainda tem muito a dar e agora vamos para mais\u201d. A fala do jogador reflete a confian\u00e7a do grupo e a busca constante pela excel\u00eancia na competi\u00e7\u00e3o.<\/p>\n\n\n\n<p>O Real Madrid, com gols de Mbapp\u00e9, Vin\u00edcius Jr. e Bellingham, alcan\u00e7ou um importante triunfo fora de casa, mantendo vivo o objetivo de somar 15 pontos na fase de grupos. Brahim concluiu destacando o foco e a determina\u00e7\u00e3o do elenco para consolidar sua posi\u00e7\u00e3o no torneio e seguir na luta pelo t\u00edtulo da Liga dos Campe\u00f5es.<\/p>\n\n\n\n<h2 class=\"wp-block-heading\" id=\"h-atitude-de-ancelotti\">Atitude de Ancelotti<\/h2>\n\n\n\n<p>O jornal espanhol <em>AS<\/em> questionou a postura de Carlo Ancelotti em rela\u00e7\u00e3o \u00e0 utiliza\u00e7\u00e3o de Endrick no Real Madrid. O jovem atacante brasileiro, contratado junto ao Palmeiras como uma grande promessa, tem recebido poucas oportunidades na equipe. Desde a goleada sofrida para o Barcelona por 4 a 0 no Santiago Bernab\u00e9u, as cr\u00edticas ao treinador aumentaram, especialmente em um momento de temporada abaixo das expectativas para o clube merengue.<\/p>\n\n\n\n<figure class=\"wp-block-image size-large\"><img loading=\"lazy\" decoding=\"async\" width=\"1024\" height=\"682\" src=\"https:\/\/www.gaveanews.com\/wp-content\/uploads\/Endrick-com-a-camisa-do-Real-Madrid-em-2024-1024x682.webp\" alt=\"\" class=\"wp-image-159677\" srcset=\"https:\/\/www.gaveanews.com\/wp-content\/uploads\/Endrick-com-a-camisa-do-Real-Madrid-em-2024-1024x682.webp 1024w, https:\/\/www.gaveanews.com\/wp-content\/uploads\/Endrick-com-a-camisa-do-Real-Madrid-em-2024-300x200.webp 300w, https:\/\/www.gaveanews.com\/wp-content\/uploads\/Endrick-com-a-camisa-do-Real-Madrid-em-2024-768x511.webp 768w, https:\/\/www.gaveanews.com\/wp-content\/uploads\/Endrick-com-a-camisa-do-Real-Madrid-em-2024-631x420.webp 631w, https:\/\/www.gaveanews.com\/wp-content\/uploads\/Endrick-com-a-camisa-do-Real-Madrid-em-2024-1261x840.webp 1261w, https:\/\/www.gaveanews.com\/wp-content\/uploads\/Endrick-com-a-camisa-do-Real-Madrid-em-2024-640x426.webp 640w, https:\/\/www.gaveanews.com\/wp-content\/uploads\/Endrick-com-a-camisa-do-Real-Madrid-em-2024-1280x852.webp 1280w, https:\/\/www.gaveanews.com\/wp-content\/uploads\/Endrick-com-a-camisa-do-Real-Madrid-em-2024-681x454.webp 681w, https:\/\/www.gaveanews.com\/wp-content\/uploads\/Endrick-com-a-camisa-do-Real-Madrid-em-2024-1362x907.webp 1362w, https:\/\/www.gaveanews.com\/wp-content\/uploads\/Endrick-com-a-camisa-do-Real-Madrid-em-2024-100x67.webp 100w, https:\/\/www.gaveanews.com\/wp-content\/uploads\/Endrick-com-a-camisa-do-Real-Madrid-em-2024.webp 1440w\" sizes=\"auto, (max-width: 1024px) 100vw, 1024px\" \/><figcaption class=\"wp-element-caption\">Endrick com a camisa do Real Madrid em 2024 (Foto: Reprodu\u00e7\u00e3o\/Instagram)<\/figcaption><\/figure>\n\n\n\n<p>Apesar de ter marcado gols em suas estreias na La Liga e na Liga dos Campe\u00f5es, Endrick n\u00e3o tem atuado com regularidade. Sua \u00faltima participa\u00e7\u00e3o ocorreu contra o Girona, quando jogou apenas nove minutos. Ancelotti justificou a aus\u00eancia alegando que n\u00e3o pretende pressionar o atacante de apenas 18 anos em um per\u00edodo complicado para o time. Ainda assim, a decis\u00e3o de n\u00e3o utiliz\u00e1-lo, mesmo em partidas dif\u00edceis como a vit\u00f3ria sobre a Atalanta, tem sido contestada pela imprensa espanhola.<\/p>\n\n\n\n<p>Endrick pode ganhar uma nova chance na Copa do Rei, competi\u00e7\u00e3o na qual o Real Madrid estreia no dia 6 de janeiro contra o Deportiva Minera. A partida, de menor peso em compara\u00e7\u00e3o aos principais torneios, pode ser a oportunidade ideal para o t\u00e9cnico Ancelotti dar mais ritmo de jogo ao jovem brasileiro e permitir seu desenvolvimento em campo.<\/p>\n","protected":false},"excerpt":{"rendered":"<p>Nas \u00faltimas horas, o foco das not\u00edcias sobre o Real Madrid se concentram nos bastidores do clube, com destaques do dia a dia do time. Por conta deste contexto, leia abaixo um resumo preparado pela equipe do portal G\u00e1vea News para lhe manter muito bem informado! Situa\u00e7\u00e3o de Mbapp\u00e9 O Real Madrid emitiu uma nota [&hellip;]<\/p>\n","protected":false},"author":27,"featured_media":120158,"comment_status":"open","ping_status":"closed","sticky":false,"template":"","format":"standard","meta":{"footnotes":""},"categories":[88],"tags":[],"class_list":["post-199876","post","type-post","status-publish","format-standard","has-post-thumbnail","hentry","category-real-madrid"],"yoast_head":"<!-- This site is optimized with the Yoast SEO Premium plugin v24.2 (Yoast SEO v26.9) - https:\/\/yoast.com\/product\/yoast-seo-premium-wordpress\/ -->\n<title>Atitude de Ancelotti, declara\u00e7\u00e3o de Brahim e situa\u00e7\u00e3o de Mbapp\u00e9: as \u00faltimas not\u00edcias do Real Madrid<\/title>\n<meta name=\"robots\" content=\"index, follow, max-snippet:-1, max-image-preview:large, max-video-preview:-1\" \/>\n<link rel=\"canonical\" href=\"https:\/\/www.gaveanews.com\/index.php\/2024\/12\/16\/atitude-de-ancelotti-declaracao-de-brahim-e-situacao-de-mbappe-as-ultimas-noticias-do-real-madrid\/\" \/>\n<meta property=\"og:locale\" content=\"pt_BR\" \/>\n<meta property=\"og:type\" content=\"article\" \/>\n<meta property=\"og:title\" content=\"Atitude de Ancelotti, declara\u00e7\u00e3o de Brahim e situa\u00e7\u00e3o de Mbapp\u00e9: as \u00faltimas not\u00edcias do Real Madrid\" \/>\n<meta property=\"og:description\" content=\"Nas \u00faltimas horas, o foco das not\u00edcias sobre o Real Madrid se concentram nos bastidores do clube, com destaques do dia a dia do time. Por conta deste contexto, leia abaixo um resumo preparado pela equipe do portal G\u00e1vea News para lhe manter muito bem informado! Situa\u00e7\u00e3o de Mbapp\u00e9 O Real Madrid emitiu uma nota [&hellip;]\" \/>\n<meta property=\"og:url\" content=\"https:\/\/www.gaveanews.com\/index.php\/2024\/12\/16\/atitude-de-ancelotti-declaracao-de-brahim-e-situacao-de-mbappe-as-ultimas-noticias-do-real-madrid\/\" \/>\n<meta property=\"og:site_name\" content=\"G\u00e1vea News\" \/>\n<meta property=\"article:publisher\" content=\"https:\/\/facebook.com\/gaveaNews\/\" \/>\n<meta property=\"article:published_time\" content=\"2024-12-16T22:50:00+00:00\" \/>\n<meta property=\"og:image\" content=\"https:\/\/www.gaveanews.com\/wp-content\/uploads\/Estadio-do-Real-Madrid-Santiago-Bernabeu.webp\" \/>\n\t<meta property=\"og:image:width\" content=\"850\" \/>\n\t<meta property=\"og:image:height\" content=\"571\" \/>\n\t<meta property=\"og:image:type\" content=\"image\/jpeg\" \/>\n<meta name=\"author\" content=\"Matheus Felipe\" \/>\n<meta name=\"twitter:card\" content=\"summary_large_image\" \/>\n<meta name=\"twitter:label1\" content=\"Escrito por\" \/>\n\t<meta name=\"twitter:data1\" content=\"Matheus Felipe\" \/>\n\t<meta name=\"twitter:label2\" content=\"Est. tempo de leitura\" \/>\n\t<meta name=\"twitter:data2\" content=\"5 minutos\" \/>\n<script type=\"application\/ld+json\" class=\"yoast-schema-graph\">{\"@context\":\"https:\/\/schema.org\",\"@graph\":[{\"@type\":\"NewsArticle\",\"@id\":\"https:\/\/www.gaveanews.com\/index.php\/2024\/12\/16\/atitude-de-ancelotti-declaracao-de-brahim-e-situacao-de-mbappe-as-ultimas-noticias-do-real-madrid\/#article\",\"isPartOf\":{\"@id\":\"https:\/\/www.gaveanews.com\/index.php\/2024\/12\/16\/atitude-de-ancelotti-declaracao-de-brahim-e-situacao-de-mbappe-as-ultimas-noticias-do-real-madrid\/\"},\"author\":{\"name\":\"Matheus Felipe\",\"@id\":\"https:\/\/www.gaveanews.com\/#\/schema\/person\/8207cd4627f56151707418bfc835b2fb\"},\"headline\":\"Atitude de Ancelotti, declara\u00e7\u00e3o de Brahim e situa\u00e7\u00e3o de Mbapp\u00e9: as \u00faltimas not\u00edcias do Real Madrid\",\"datePublished\":\"2024-12-16T22:50:00+00:00\",\"mainEntityOfPage\":{\"@id\":\"https:\/\/www.gaveanews.com\/index.php\/2024\/12\/16\/atitude-de-ancelotti-declaracao-de-brahim-e-situacao-de-mbappe-as-ultimas-noticias-do-real-madrid\/\"},\"wordCount\":795,\"commentCount\":0,\"image\":{\"@id\":\"https:\/\/www.gaveanews.com\/index.php\/2024\/12\/16\/atitude-de-ancelotti-declaracao-de-brahim-e-situacao-de-mbappe-as-ultimas-noticias-do-real-madrid\/#primaryimage\"},\"thumbnailUrl\":\"https:\/\/www.gaveanews.com\/wp-content\/uploads\/Estadio-do-Real-Madrid-Santiago-Bernabeu.webp\",\"articleSection\":[\"Real Madrid\"],\"inLanguage\":\"pt-BR\",\"potentialAction\":[{\"@type\":\"CommentAction\",\"name\":\"Comment\",\"target\":[\"https:\/\/www.gaveanews.com\/index.php\/2024\/12\/16\/atitude-de-ancelotti-declaracao-de-brahim-e-situacao-de-mbappe-as-ultimas-noticias-do-real-madrid\/#respond\"]}],\"copyrightYear\":\"2024\",\"copyrightHolder\":{\"@id\":\"https:\/\/www.gaveanews.com\/#organization\"}},{\"@type\":\"WebPage\",\"@id\":\"https:\/\/www.gaveanews.com\/index.php\/2024\/12\/16\/atitude-de-ancelotti-declaracao-de-brahim-e-situacao-de-mbappe-as-ultimas-noticias-do-real-madrid\/\",\"url\":\"https:\/\/www.gaveanews.com\/index.php\/2024\/12\/16\/atitude-de-ancelotti-declaracao-de-brahim-e-situacao-de-mbappe-as-ultimas-noticias-do-real-madrid\/\",\"name\":\"Atitude de Ancelotti, declara\u00e7\u00e3o de Brahim e situa\u00e7\u00e3o de Mbapp\u00e9: as \u00faltimas not\u00edcias do Real Madrid\",\"isPartOf\":{\"@id\":\"https:\/\/www.gaveanews.com\/#website\"},\"primaryImageOfPage\":{\"@id\":\"https:\/\/www.gaveanews.com\/index.php\/2024\/12\/16\/atitude-de-ancelotti-declaracao-de-brahim-e-situacao-de-mbappe-as-ultimas-noticias-do-real-madrid\/#primaryimage\"},\"image\":{\"@id\":\"https:\/\/www.gaveanews.com\/index.php\/2024\/12\/16\/atitude-de-ancelotti-declaracao-de-brahim-e-situacao-de-mbappe-as-ultimas-noticias-do-real-madrid\/#primaryimage\"},\"thumbnailUrl\":\"https:\/\/www.gaveanews.com\/wp-content\/uploads\/Estadio-do-Real-Madrid-Santiago-Bernabeu.webp\",\"datePublished\":\"2024-12-16T22:50:00+00:00\",\"author\":{\"@id\":\"https:\/\/www.gaveanews.com\/#\/schema\/person\/8207cd4627f56151707418bfc835b2fb\"},\"breadcrumb\":{\"@id\":\"https:\/\/www.gaveanews.com\/index.php\/2024\/12\/16\/atitude-de-ancelotti-declaracao-de-brahim-e-situacao-de-mbappe-as-ultimas-noticias-do-real-madrid\/#breadcrumb\"},\"inLanguage\":\"pt-BR\",\"potentialAction\":[{\"@type\":\"ReadAction\",\"target\":[\"https:\/\/www.gaveanews.com\/index.php\/2024\/12\/16\/atitude-de-ancelotti-declaracao-de-brahim-e-situacao-de-mbappe-as-ultimas-noticias-do-real-madrid\/\"]}]},{\"@type\":\"ImageObject\",\"inLanguage\":\"pt-BR\",\"@id\":\"https:\/\/www.gaveanews.com\/index.php\/2024\/12\/16\/atitude-de-ancelotti-declaracao-de-brahim-e-situacao-de-mbappe-as-ultimas-noticias-do-real-madrid\/#primaryimage\",\"url\":\"https:\/\/www.gaveanews.com\/wp-content\/uploads\/Estadio-do-Real-Madrid-Santiago-Bernabeu.webp\",\"contentUrl\":\"https:\/\/www.gaveanews.com\/wp-content\/uploads\/Estadio-do-Real-Madrid-Santiago-Bernabeu.webp\",\"width\":850,\"height\":571,\"caption\":\"Estadio do Real Madrid Santiago Bernabeu\"},{\"@type\":\"BreadcrumbList\",\"@id\":\"https:\/\/www.gaveanews.com\/index.php\/2024\/12\/16\/atitude-de-ancelotti-declaracao-de-brahim-e-situacao-de-mbappe-as-ultimas-noticias-do-real-madrid\/#breadcrumb\",\"itemListElement\":[{\"@type\":\"ListItem\",\"position\":1,\"name\":\"Home\",\"item\":\"https:\/\/www.gaveanews.com\/\"},{\"@type\":\"ListItem\",\"position\":2,\"name\":\"Atitude de Ancelotti, declara\u00e7\u00e3o de Brahim e situa\u00e7\u00e3o de Mbapp\u00e9: as \u00faltimas not\u00edcias do Real Madrid\"}]},{\"@type\":\"WebSite\",\"@id\":\"https:\/\/www.gaveanews.com\/#website\",\"url\":\"https:\/\/www.gaveanews.com\/\",\"name\":\"G\u00e1vea News\",\"description\":\"Veja todas as not\u00edcias sobre o Flamengo: Contrata\u00e7\u00f5es, categorias de base, resultados das partidas, tabela de classifica\u00e7\u00e3o, pr\u00f3ximos jogos!\",\"potentialAction\":[{\"@type\":\"SearchAction\",\"target\":{\"@type\":\"EntryPoint\",\"urlTemplate\":\"https:\/\/www.gaveanews.com\/?s={search_term_string}\"},\"query-input\":{\"@type\":\"PropertyValueSpecification\",\"valueRequired\":true,\"valueName\":\"search_term_string\"}}],\"inLanguage\":\"pt-BR\"},{\"@type\":\"Person\",\"@id\":\"https:\/\/www.gaveanews.com\/#\/schema\/person\/8207cd4627f56151707418bfc835b2fb\",\"name\":\"Matheus Felipe\",\"image\":{\"@type\":\"ImageObject\",\"inLanguage\":\"pt-BR\",\"@id\":\"https:\/\/www.gaveanews.com\/#\/schema\/person\/image\/\",\"url\":\"https:\/\/secure.gravatar.com\/avatar\/a452ffbed9130f726358b298bb3a99ce4bd3c5338411f8440e87e14d74c7c087?s=96&d=mm&r=g\",\"contentUrl\":\"https:\/\/secure.gravatar.com\/avatar\/a452ffbed9130f726358b298bb3a99ce4bd3c5338411f8440e87e14d74c7c087?s=96&d=mm&r=g\",\"caption\":\"Matheus Felipe\"}}]}<\/script>\n<!-- \/ Yoast SEO Premium plugin. -->","yoast_head_json":{"title":"Atitude de Ancelotti, declara\u00e7\u00e3o de Brahim e situa\u00e7\u00e3o de Mbapp\u00e9: as \u00faltimas not\u00edcias do Real Madrid","robots":{"index":"index","follow":"follow","max-snippet":"max-snippet:-1","max-image-preview":"max-image-preview:large","max-video-preview":"max-video-preview:-1"},"canonical":"https:\/\/www.gaveanews.com\/index.php\/2024\/12\/16\/atitude-de-ancelotti-declaracao-de-brahim-e-situacao-de-mbappe-as-ultimas-noticias-do-real-madrid\/","og_locale":"pt_BR","og_type":"article","og_title":"Atitude de Ancelotti, declara\u00e7\u00e3o de Brahim e situa\u00e7\u00e3o de Mbapp\u00e9: as \u00faltimas not\u00edcias do Real Madrid","og_description":"Nas \u00faltimas horas, o foco das not\u00edcias sobre o Real Madrid se concentram nos bastidores do clube, com destaques do dia a dia do time. Por conta deste contexto, leia abaixo um resumo preparado pela equipe do portal G\u00e1vea News para lhe manter muito bem informado! Situa\u00e7\u00e3o de Mbapp\u00e9 O Real Madrid emitiu uma nota [&hellip;]","og_url":"https:\/\/www.gaveanews.com\/index.php\/2024\/12\/16\/atitude-de-ancelotti-declaracao-de-brahim-e-situacao-de-mbappe-as-ultimas-noticias-do-real-madrid\/","og_site_name":"G\u00e1vea News","article_publisher":"https:\/\/facebook.com\/gaveaNews\/","article_published_time":"2024-12-16T22:50:00+00:00","og_image":[{"width":850,"height":571,"url":"https:\/\/www.gaveanews.com\/wp-content\/uploads\/Estadio-do-Real-Madrid-Santiago-Bernabeu.webp","type":"image\/jpeg"}],"author":"Matheus Felipe","twitter_card":"summary_large_image","twitter_misc":{"Escrito por":"Matheus Felipe","Est. tempo de leitura":"5 minutos"},"schema":{"@context":"https:\/\/schema.org","@graph":[{"@type":"NewsArticle","@id":"https:\/\/www.gaveanews.com\/index.php\/2024\/12\/16\/atitude-de-ancelotti-declaracao-de-brahim-e-situacao-de-mbappe-as-ultimas-noticias-do-real-madrid\/#article","isPartOf":{"@id":"https:\/\/www.gaveanews.com\/index.php\/2024\/12\/16\/atitude-de-ancelotti-declaracao-de-brahim-e-situacao-de-mbappe-as-ultimas-noticias-do-real-madrid\/"},"author":{"name":"Matheus Felipe","@id":"https:\/\/www.gaveanews.com\/#\/schema\/person\/8207cd4627f56151707418bfc835b2fb"},"headline":"Atitude de Ancelotti, declara\u00e7\u00e3o de Brahim e situa\u00e7\u00e3o de Mbapp\u00e9: as \u00faltimas not\u00edcias do Real Madrid","datePublished":"2024-12-16T22:50:00+00:00","mainEntityOfPage":{"@id":"https:\/\/www.gaveanews.com\/index.php\/2024\/12\/16\/atitude-de-ancelotti-declaracao-de-brahim-e-situacao-de-mbappe-as-ultimas-noticias-do-real-madrid\/"},"wordCount":795,"commentCount":0,"image":{"@id":"https:\/\/www.gaveanews.com\/index.php\/2024\/12\/16\/atitude-de-ancelotti-declaracao-de-brahim-e-situacao-de-mbappe-as-ultimas-noticias-do-real-madrid\/#primaryimage"},"thumbnailUrl":"https:\/\/www.gaveanews.com\/wp-content\/uploads\/Estadio-do-Real-Madrid-Santiago-Bernabeu.webp","articleSection":["Real Madrid"],"inLanguage":"pt-BR","potentialAction":[{"@type":"CommentAction","name":"Comment","target":["https:\/\/www.gaveanews.com\/index.php\/2024\/12\/16\/atitude-de-ancelotti-declaracao-de-brahim-e-situacao-de-mbappe-as-ultimas-noticias-do-real-madrid\/#respond"]}],"copyrightYear":"2024","copyrightHolder":{"@id":"https:\/\/www.gaveanews.com\/#organization"}},{"@type":"WebPage","@id":"https:\/\/www.gaveanews.com\/index.php\/2024\/12\/16\/atitude-de-ancelotti-declaracao-de-brahim-e-situacao-de-mbappe-as-ultimas-noticias-do-real-madrid\/","url":"https:\/\/www.gaveanews.com\/index.php\/2024\/12\/16\/atitude-de-ancelotti-declaracao-de-brahim-e-situacao-de-mbappe-as-ultimas-noticias-do-real-madrid\/","name":"Atitude de Ancelotti, declara\u00e7\u00e3o de Brahim e situa\u00e7\u00e3o de Mbapp\u00e9: as \u00faltimas not\u00edcias do Real Madrid","isPartOf":{"@id":"https:\/\/www.gaveanews.com\/#website"},"primaryImageOfPage":{"@id":"https:\/\/www.gaveanews.com\/index.php\/2024\/12\/16\/atitude-de-ancelotti-declaracao-de-brahim-e-situacao-de-mbappe-as-ultimas-noticias-do-real-madrid\/#primaryimage"},"image":{"@id":"https:\/\/www.gaveanews.com\/index.php\/2024\/12\/16\/atitude-de-ancelotti-declaracao-de-brahim-e-situacao-de-mbappe-as-ultimas-noticias-do-real-madrid\/#primaryimage"},"thumbnailUrl":"https:\/\/www.gaveanews.com\/wp-content\/uploads\/Estadio-do-Real-Madrid-Santiago-Bernabeu.webp","datePublished":"2024-12-16T22:50:00+00:00","author":{"@id":"https:\/\/www.gaveanews.com\/#\/schema\/person\/8207cd4627f56151707418bfc835b2fb"},"breadcrumb":{"@id":"https:\/\/www.gaveanews.com\/index.php\/2024\/12\/16\/atitude-de-ancelotti-declaracao-de-brahim-e-situacao-de-mbappe-as-ultimas-noticias-do-real-madrid\/#breadcrumb"},"inLanguage":"pt-BR","potentialAction":[{"@type":"ReadAction","target":["https:\/\/www.gaveanews.com\/index.php\/2024\/12\/16\/atitude-de-ancelotti-declaracao-de-brahim-e-situacao-de-mbappe-as-ultimas-noticias-do-real-madrid\/"]}]},{"@type":"ImageObject","inLanguage":"pt-BR","@id":"https:\/\/www.gaveanews.com\/index.php\/2024\/12\/16\/atitude-de-ancelotti-declaracao-de-brahim-e-situacao-de-mbappe-as-ultimas-noticias-do-real-madrid\/#primaryimage","url":"https:\/\/www.gaveanews.com\/wp-content\/uploads\/Estadio-do-Real-Madrid-Santiago-Bernabeu.webp","contentUrl":"https:\/\/www.gaveanews.com\/wp-content\/uploads\/Estadio-do-Real-Madrid-Santiago-Bernabeu.webp","width":850,"height":571,"caption":"Estadio do Real Madrid Santiago Bernabeu"},{"@type":"BreadcrumbList","@id":"https:\/\/www.gaveanews.com\/index.php\/2024\/12\/16\/atitude-de-ancelotti-declaracao-de-brahim-e-situacao-de-mbappe-as-ultimas-noticias-do-real-madrid\/#breadcrumb","itemListElement":[{"@type":"ListItem","position":1,"name":"Home","item":"https:\/\/www.gaveanews.com\/"},{"@type":"ListItem","position":2,"name":"Atitude de Ancelotti, declara\u00e7\u00e3o de Brahim e situa\u00e7\u00e3o de Mbapp\u00e9: as \u00faltimas not\u00edcias do Real Madrid"}]},{"@type":"WebSite","@id":"https:\/\/www.gaveanews.com\/#website","url":"https:\/\/www.gaveanews.com\/","name":"G\u00e1vea News","description":"Veja todas as not\u00edcias sobre o Flamengo: Contrata\u00e7\u00f5es, categorias de base, resultados das partidas, tabela de classifica\u00e7\u00e3o, pr\u00f3ximos jogos!","potentialAction":[{"@type":"SearchAction","target":{"@type":"EntryPoint","urlTemplate":"https:\/\/www.gaveanews.com\/?s={search_term_string}"},"query-input":{"@type":"PropertyValueSpecification","valueRequired":true,"valueName":"search_term_string"}}],"inLanguage":"pt-BR"},{"@type":"Person","@id":"https:\/\/www.gaveanews.com\/#\/schema\/person\/8207cd4627f56151707418bfc835b2fb","name":"Matheus Felipe","image":{"@type":"ImageObject","inLanguage":"pt-BR","@id":"https:\/\/www.gaveanews.com\/#\/schema\/person\/image\/","url":"https:\/\/secure.gravatar.com\/avatar\/a452ffbed9130f726358b298bb3a99ce4bd3c5338411f8440e87e14d74c7c087?s=96&d=mm&r=g","contentUrl":"https:\/\/secure.gravatar.com\/avatar\/a452ffbed9130f726358b298bb3a99ce4bd3c5338411f8440e87e14d74c7c087?s=96&d=mm&r=g","caption":"Matheus Felipe"}}]}},"_links":{"self":[{"href":"https:\/\/www.gaveanews.com\/index.php\/wp-json\/wp\/v2\/posts\/199876","targetHints":{"allow":["GET"]}}],"collection":[{"href":"https:\/\/www.gaveanews.com\/index.php\/wp-json\/wp\/v2\/posts"}],"about":[{"href":"https:\/\/www.gaveanews.com\/index.php\/wp-json\/wp\/v2\/types\/post"}],"author":[{"embeddable":true,"href":"https:\/\/www.gaveanews.com\/index.php\/wp-json\/wp\/v2\/users\/27"}],"replies":[{"embeddable":true,"href":"https:\/\/www.gaveanews.com\/index.php\/wp-json\/wp\/v2\/comments?post=199876"}],"version-history":[{"count":1,"href":"https:\/\/www.gaveanews.com\/index.php\/wp-json\/wp\/v2\/posts\/199876\/revisions"}],"predecessor-version":[{"id":199881,"href":"https:\/\/www.gaveanews.com\/index.php\/wp-json\/wp\/v2\/posts\/199876\/revisions\/199881"}],"wp:featuredmedia":[{"embeddable":true,"href":"https:\/\/www.gaveanews.com\/index.php\/wp-json\/wp\/v2\/media\/120158"}],"wp:attachment":[{"href":"https:\/\/www.gaveanews.com\/index.php\/wp-json\/wp\/v2\/media?parent=199876"}],"wp:term":[{"taxonomy":"category","embeddable":true,"href":"https:\/\/www.gaveanews.com\/index.php\/wp-json\/wp\/v2\/categories?post=199876"},{"taxonomy":"post_tag","embeddable":true,"href":"https:\/\/www.gaveanews.com\/index.php\/wp-json\/wp\/v2\/tags?post=199876"}],"curies":[{"name":"wp","href":"https:\/\/api.w.org\/{rel}","templated":true}]}}