{"id":200104,"date":"2024-12-17T05:10:00","date_gmt":"2024-12-17T08:10:00","guid":{"rendered":"https:\/\/www.gaveanews.com\/?p=200104"},"modified":"2024-12-17T00:28:09","modified_gmt":"2024-12-17T03:28:09","slug":"declaracao-de-mario-bittencourt-situacao-de-john-kennedy-e-interesse-de-rival-as-ultimas-noticias-do-fluminense","status":"publish","type":"post","link":"https:\/\/www.gaveanews.com\/index.php\/2024\/12\/17\/declaracao-de-mario-bittencourt-situacao-de-john-kennedy-e-interesse-de-rival-as-ultimas-noticias-do-fluminense\/","title":{"rendered":"Declara\u00e7\u00e3o de M\u00e1rio Bittencourt, situa\u00e7\u00e3o de John Kennedy e interesse de rival: as \u00faltimas not\u00edcias do Fluminense"},"content":{"rendered":"\n<p>Nas \u00faltimas horas, o foco das not\u00edcias sobre o Fluminense se concentram nos bastidores do clube, com destaques do dia a dia do time.<\/p>\n\n\n\n<p>Por conta deste contexto, leia abaixo um resumo preparado pela equipe do portal G\u00e1vea News para lhe manter muito bem informado!<\/p>\n\n\n\n<h2 class=\"wp-block-heading\" id=\"h-interesse-de-rival\">Interesse de rival<\/h2>\n\n\n\n<p>David Terans, meia uruguaio do Fluminense, desperta interesse do Pe\u00f1arol, atual campe\u00e3o uruguaio, que busca refor\u00e7ar seu elenco para a pr\u00f3xima temporada. Com contrato v\u00e1lido at\u00e9 o final de 2026, Terans teve pouco espa\u00e7o no Tricolor desde sua chegada em janeiro, disputando apenas 17 partidas, marcando um gol e dando uma assist\u00eancia. A diretoria do Pe\u00f1arol, liderada pelo presidente Ignacio Ruglio, v\u00ea com bons olhos o retorno do jogador, que j\u00e1 teve uma passagem bem-sucedida pelo clube entre 2020 e 2021.<\/p>\n\n\n\n<figure class=\"wp-block-image size-full\"><img loading=\"lazy\" decoding=\"async\" width=\"984\" height=\"656\" src=\"https:\/\/www.gaveanews.com\/wp-content\/uploads\/David-Terans-pelo-Fluminense.webp\" alt=\"\" class=\"wp-image-169795\" srcset=\"https:\/\/www.gaveanews.com\/wp-content\/uploads\/David-Terans-pelo-Fluminense.webp 984w, https:\/\/www.gaveanews.com\/wp-content\/uploads\/David-Terans-pelo-Fluminense-300x200.webp 300w, https:\/\/www.gaveanews.com\/wp-content\/uploads\/David-Terans-pelo-Fluminense-768x512.webp 768w, https:\/\/www.gaveanews.com\/wp-content\/uploads\/David-Terans-pelo-Fluminense-630x420.webp 630w, https:\/\/www.gaveanews.com\/wp-content\/uploads\/David-Terans-pelo-Fluminense-640x427.webp 640w, https:\/\/www.gaveanews.com\/wp-content\/uploads\/David-Terans-pelo-Fluminense-681x454.webp 681w, https:\/\/www.gaveanews.com\/wp-content\/uploads\/David-Terans-pelo-Fluminense-100x67.webp 100w\" sizes=\"auto, (max-width: 984px) 100vw, 984px\" \/><figcaption class=\"wp-element-caption\">David Terans pelo Fluminense (Foto: Lucas Mer\u00e7on\/Fluminense)<\/figcaption><\/figure>\n\n\n\n<p>A poss\u00edvel transfer\u00eancia, no entanto, envolve desafios financeiros, pois o Fluminense precisa ser compensado pelo empr\u00e9stimo e deve incluir uma op\u00e7\u00e3o de compra ao final do v\u00ednculo. O caso de Leo Fern\u00e1ndez, ex-Fluminense, que foi emprestado ao Pe\u00f1arol e se destacou no time uruguaio, serviu como refer\u00eancia para a negocia\u00e7\u00e3o. <\/p>\n\n\n\n<p>Terans, que iniciou sua carreira no Rentistas e tamb\u00e9m atuou por Danubio e Pe\u00f1arol, v\u00ea essa oportunidade como uma chance de ganhar mais espa\u00e7o, especialmente se Mano Menezes permanecer como t\u00e9cnico do Fluminense.<\/p>\n\n\n\n<p>Apesar de ter sido a segunda maior contrata\u00e7\u00e3o do Fluminense na temporada, o jogador n\u00e3o conseguiu se firmar no time carioca. A decis\u00e3o sobre seu futuro depender\u00e1 das negocia\u00e7\u00f5es entre os clubes e do planejamento do Fluminense para 2025. Para Terans, um retorno ao Uruguai pode representar a retomada de sua carreira em um cen\u00e1rio onde j\u00e1 foi bem-sucedido, enquanto o Pe\u00f1arol espera fortalecer seu elenco com uma pe\u00e7a experiente e adaptada ao futebol local.<\/p>\n\n\n\n<h2 class=\"wp-block-heading\" id=\"h-situacao-de-john-kennedy\">Situa\u00e7\u00e3o de John Kennedy<\/h2>\n\n\n\n<p>O atacante <strong>John Kennedy<\/strong> est\u00e1 pr\u00f3ximo de deixar o <strong>Fluminense<\/strong>, segundo declara\u00e7\u00e3o do presidente M\u00e1rio Bittencourt em entrevista coletiva. O jogador, que viveu uma temporada abaixo das expectativas e enfrentou problemas extracampo, deve ser emprestado ao <strong>Pachuca<\/strong>, do M\u00e9xico. A negocia\u00e7\u00e3o \u00e9 vista como positiva tanto para o clube quanto para o atleta, que ter\u00e1 a oportunidade de buscar novos desafios e revitalizar sua carreira ap\u00f3s meses de desempenho inst\u00e1vel.<\/p>\n\n\n\n<figure class=\"wp-block-image size-large\"><img loading=\"lazy\" decoding=\"async\" width=\"1024\" height=\"683\" src=\"https:\/\/www.gaveanews.com\/wp-content\/uploads\/John-Kennedy-em-acao-pelo-Fluminense-em-2024-1024x683.webp\" alt=\"\" class=\"wp-image-160045\" srcset=\"https:\/\/www.gaveanews.com\/wp-content\/uploads\/John-Kennedy-em-acao-pelo-Fluminense-em-2024-1024x683.webp 1024w, https:\/\/www.gaveanews.com\/wp-content\/uploads\/John-Kennedy-em-acao-pelo-Fluminense-em-2024-300x200.webp 300w, https:\/\/www.gaveanews.com\/wp-content\/uploads\/John-Kennedy-em-acao-pelo-Fluminense-em-2024-768x512.webp 768w, https:\/\/www.gaveanews.com\/wp-content\/uploads\/John-Kennedy-em-acao-pelo-Fluminense-em-2024-630x420.webp 630w, https:\/\/www.gaveanews.com\/wp-content\/uploads\/John-Kennedy-em-acao-pelo-Fluminense-em-2024-1260x840.webp 1260w, https:\/\/www.gaveanews.com\/wp-content\/uploads\/John-Kennedy-em-acao-pelo-Fluminense-em-2024-640x427.webp 640w, https:\/\/www.gaveanews.com\/wp-content\/uploads\/John-Kennedy-em-acao-pelo-Fluminense-em-2024-1280x853.webp 1280w, https:\/\/www.gaveanews.com\/wp-content\/uploads\/John-Kennedy-em-acao-pelo-Fluminense-em-2024-681x454.webp 681w, https:\/\/www.gaveanews.com\/wp-content\/uploads\/John-Kennedy-em-acao-pelo-Fluminense-em-2024-1362x908.webp 1362w, https:\/\/www.gaveanews.com\/wp-content\/uploads\/John-Kennedy-em-acao-pelo-Fluminense-em-2024-100x67.webp 100w, https:\/\/www.gaveanews.com\/wp-content\/uploads\/John-Kennedy-em-acao-pelo-Fluminense-em-2024.webp 1440w\" sizes=\"auto, (max-width: 1024px) 100vw, 1024px\" \/><figcaption class=\"wp-element-caption\">John Kennedy em a\u00e7\u00e3o pelo Fluminense em 2024 (Foto: Reprodu\u00e7\u00e3o\/Instagram)<\/figcaption><\/figure>\n\n\n\n<p>De acordo com Bittencourt, a proposta mexicana \u00e9 interessante e abre espa\u00e7o para que o atacante reencontre sua melhor forma. John Kennedy, que foi pe\u00e7a importante na conquista hist\u00f3rica da <strong>Libertadores<\/strong>, marcou apenas <strong>tr\u00eas gols<\/strong> ao longo de 2024 e n\u00e3o conseguiu se consolidar como uma pe\u00e7a-chave no time. Al\u00e9m disso, o presidente destacou que a mudan\u00e7a permitir\u00e1 ao Fluminense renovar seu elenco e dar espa\u00e7o a novos nomes no setor ofensivo.<\/p>\n\n\n\n<p>Com contrato v\u00e1lido at\u00e9 o final de <strong>2026<\/strong>, o empr\u00e9stimo mant\u00e9m a possibilidade de um retorno futuro ao clube carioca. Para John Kennedy, o <strong>Pachuca<\/strong> representa um novo horizonte e um desafio promissor no futebol mexicano, podendo ser o impulso necess\u00e1rio para sua retomada no cen\u00e1rio esportivo. O Fluminense, por sua vez, segue focado em buscar alternativas no mercado para fortalecer seu ataque na pr\u00f3xima temporada.<\/p>\n\n\n\n<h2 class=\"wp-block-heading\" id=\"h-declaracao-de-mario-bittencourt\">Declara\u00e7\u00e3o de M\u00e1rio Bittencourt<\/h2>\n\n\n\n<p>O presidente do Fluminense, M\u00e1rio Bittencourt, confirmou o interesse na contrata\u00e7\u00e3o de Richarlison, atualmente no Tottenham, durante coletiva de imprensa. Apesar de reconhecer a complexidade da negocia\u00e7\u00e3o, o dirigente destacou que o clube ingl\u00eas se mostrou aberto a ouvir propostas. Segundo M\u00e1rio, a rela\u00e7\u00e3o pr\u00f3xima com o atacante, constru\u00edda desde sua chegada ao Fluminense em 2016, pode ser um trunfo para convencer o jogador a retornar ao Brasil. O presidente acredita que o projeto do clube, aliado \u00e0 oportunidade de Richarlison recuperar seu destaque e se manter pr\u00f3ximo da Sele\u00e7\u00e3o Brasileira, pode favorecer o desfecho positivo da negocia\u00e7\u00e3o.<\/p>\n\n\n\n<figure class=\"wp-block-image size-full\"><img loading=\"lazy\" decoding=\"async\" width=\"800\" height=\"450\" src=\"https:\/\/www.gaveanews.com\/wp-content\/uploads\/Mario-Bittencourt-durante-coletiva-de-imprensa-no-CT-Carlos-Castilho.webp\" alt=\"\" class=\"wp-image-153088\" srcset=\"https:\/\/www.gaveanews.com\/wp-content\/uploads\/Mario-Bittencourt-durante-coletiva-de-imprensa-no-CT-Carlos-Castilho.webp 800w, https:\/\/www.gaveanews.com\/wp-content\/uploads\/Mario-Bittencourt-durante-coletiva-de-imprensa-no-CT-Carlos-Castilho-300x169.webp 300w, https:\/\/www.gaveanews.com\/wp-content\/uploads\/Mario-Bittencourt-durante-coletiva-de-imprensa-no-CT-Carlos-Castilho-768x432.webp 768w, https:\/\/www.gaveanews.com\/wp-content\/uploads\/Mario-Bittencourt-durante-coletiva-de-imprensa-no-CT-Carlos-Castilho-747x420.webp 747w, https:\/\/www.gaveanews.com\/wp-content\/uploads\/Mario-Bittencourt-durante-coletiva-de-imprensa-no-CT-Carlos-Castilho-640x360.webp 640w, https:\/\/www.gaveanews.com\/wp-content\/uploads\/Mario-Bittencourt-durante-coletiva-de-imprensa-no-CT-Carlos-Castilho-681x383.webp 681w, https:\/\/www.gaveanews.com\/wp-content\/uploads\/Mario-Bittencourt-durante-coletiva-de-imprensa-no-CT-Carlos-Castilho-100x56.webp 100w\" sizes=\"auto, (max-width: 800px) 100vw, 800px\" \/><figcaption class=\"wp-element-caption\">M\u00e1rio Bittencourt durante coletiva de imprensa no CT Carlos Castilho (Foto: Reprodu\u00e7\u00e3o\/Fluminense)<\/figcaption><\/figure>\n\n\n\n<p>Bittencourt relembrou o sucesso de contrata\u00e7\u00f5es recentes de grandes \u00eddolos como Fred, Marcelo e Thiago Silva, que retornaram sem custos de transfer\u00eancia, apenas com sal\u00e1rios. Ele ressaltou a possibilidade de incluir jovens talentos do Fluminense em uma eventual opera\u00e7\u00e3o com o Tottenham, destacando o interesse constante dos clubes europeus nas promessas do time carioca. Mesmo em fase inicial, o dirigente mant\u00e9m otimismo, citando que o projeto do Mundial de Clubes pode ser um atrativo adicional para convencer o atacante a vestir novamente a camisa tricolor.<\/p>\n\n\n\n<p>Al\u00e9m de Richarlison, M\u00e1rio Bittencourt n\u00e3o descartou o interesse em outros jogadores de renome, mencionando Neymar como um nome que tamb\u00e9m seria um sonho para o clube no futuro. Richarlison, que atuou no Fluminense entre 2016 e 2017, marcou 19 gols em 67 partidas antes de ser negociado com o Watford. A busca pelo atacante reflete a ambi\u00e7\u00e3o do Fluminense em refor\u00e7ar o elenco para 2025, apostando em nomes de peso para fortalecer o time e competir em alto n\u00edvel.<\/p>\n","protected":false},"excerpt":{"rendered":"<p>Nas \u00faltimas horas, o foco das not\u00edcias sobre o Fluminense se concentram nos bastidores do clube, com destaques do dia a dia do time. Por conta deste contexto, leia abaixo um resumo preparado pela equipe do portal G\u00e1vea News para lhe manter muito bem informado! Interesse de rival David Terans, meia uruguaio do Fluminense, desperta [&hellip;]<\/p>\n","protected":false},"author":27,"featured_media":144992,"comment_status":"open","ping_status":"closed","sticky":false,"template":"","format":"standard","meta":{"footnotes":""},"categories":[145],"tags":[],"class_list":["post-200104","post","type-post","status-publish","format-standard","has-post-thumbnail","hentry","category-fluminense"],"yoast_head":"<!-- This site is optimized with the Yoast SEO Premium plugin v24.2 (Yoast SEO v26.9) - https:\/\/yoast.com\/product\/yoast-seo-premium-wordpress\/ -->\n<title>Declara\u00e7\u00e3o de M\u00e1rio Bittencourt, situa\u00e7\u00e3o de John Kennedy e interesse de rival: as \u00faltimas not\u00edcias do Fluminense<\/title>\n<meta name=\"robots\" content=\"index, follow, max-snippet:-1, max-image-preview:large, max-video-preview:-1\" \/>\n<link rel=\"canonical\" href=\"https:\/\/www.gaveanews.com\/index.php\/2024\/12\/17\/declaracao-de-mario-bittencourt-situacao-de-john-kennedy-e-interesse-de-rival-as-ultimas-noticias-do-fluminense\/\" \/>\n<meta property=\"og:locale\" content=\"pt_BR\" \/>\n<meta property=\"og:type\" content=\"article\" \/>\n<meta property=\"og:title\" content=\"Declara\u00e7\u00e3o de M\u00e1rio Bittencourt, situa\u00e7\u00e3o de John Kennedy e interesse de rival: as \u00faltimas not\u00edcias do Fluminense\" \/>\n<meta property=\"og:description\" content=\"Nas \u00faltimas horas, o foco das not\u00edcias sobre o Fluminense se concentram nos bastidores do clube, com destaques do dia a dia do time. Por conta deste contexto, leia abaixo um resumo preparado pela equipe do portal G\u00e1vea News para lhe manter muito bem informado! Interesse de rival David Terans, meia uruguaio do Fluminense, desperta [&hellip;]\" \/>\n<meta property=\"og:url\" content=\"https:\/\/www.gaveanews.com\/index.php\/2024\/12\/17\/declaracao-de-mario-bittencourt-situacao-de-john-kennedy-e-interesse-de-rival-as-ultimas-noticias-do-fluminense\/\" \/>\n<meta property=\"og:site_name\" content=\"G\u00e1vea News\" \/>\n<meta property=\"article:publisher\" content=\"https:\/\/facebook.com\/gaveaNews\/\" \/>\n<meta property=\"article:published_time\" content=\"2024-12-17T08:10:00+00:00\" \/>\n<meta property=\"og:image\" content=\"https:\/\/www.gaveanews.com\/wp-content\/uploads\/Escudo-do-Fluminense.webp\" \/>\n\t<meta property=\"og:image:width\" content=\"1000\" \/>\n\t<meta property=\"og:image:height\" content=\"667\" \/>\n\t<meta property=\"og:image:type\" content=\"image\/webp\" \/>\n<meta name=\"author\" content=\"Matheus Felipe\" \/>\n<meta name=\"twitter:card\" content=\"summary_large_image\" \/>\n<meta name=\"twitter:label1\" content=\"Escrito por\" \/>\n\t<meta name=\"twitter:data1\" content=\"Matheus Felipe\" \/>\n\t<meta name=\"twitter:label2\" content=\"Est. tempo de leitura\" \/>\n\t<meta name=\"twitter:data2\" content=\"6 minutos\" \/>\n<script type=\"application\/ld+json\" class=\"yoast-schema-graph\">{\"@context\":\"https:\/\/schema.org\",\"@graph\":[{\"@type\":\"NewsArticle\",\"@id\":\"https:\/\/www.gaveanews.com\/index.php\/2024\/12\/17\/declaracao-de-mario-bittencourt-situacao-de-john-kennedy-e-interesse-de-rival-as-ultimas-noticias-do-fluminense\/#article\",\"isPartOf\":{\"@id\":\"https:\/\/www.gaveanews.com\/index.php\/2024\/12\/17\/declaracao-de-mario-bittencourt-situacao-de-john-kennedy-e-interesse-de-rival-as-ultimas-noticias-do-fluminense\/\"},\"author\":{\"name\":\"Matheus Felipe\",\"@id\":\"https:\/\/www.gaveanews.com\/#\/schema\/person\/8207cd4627f56151707418bfc835b2fb\"},\"headline\":\"Declara\u00e7\u00e3o de M\u00e1rio Bittencourt, situa\u00e7\u00e3o de John Kennedy e interesse de rival: as \u00faltimas not\u00edcias do Fluminense\",\"datePublished\":\"2024-12-17T08:10:00+00:00\",\"mainEntityOfPage\":{\"@id\":\"https:\/\/www.gaveanews.com\/index.php\/2024\/12\/17\/declaracao-de-mario-bittencourt-situacao-de-john-kennedy-e-interesse-de-rival-as-ultimas-noticias-do-fluminense\/\"},\"wordCount\":885,\"commentCount\":0,\"image\":{\"@id\":\"https:\/\/www.gaveanews.com\/index.php\/2024\/12\/17\/declaracao-de-mario-bittencourt-situacao-de-john-kennedy-e-interesse-de-rival-as-ultimas-noticias-do-fluminense\/#primaryimage\"},\"thumbnailUrl\":\"https:\/\/www.gaveanews.com\/wp-content\/uploads\/Escudo-do-Fluminense.webp\",\"articleSection\":[\"Fluminense\"],\"inLanguage\":\"pt-BR\",\"potentialAction\":[{\"@type\":\"CommentAction\",\"name\":\"Comment\",\"target\":[\"https:\/\/www.gaveanews.com\/index.php\/2024\/12\/17\/declaracao-de-mario-bittencourt-situacao-de-john-kennedy-e-interesse-de-rival-as-ultimas-noticias-do-fluminense\/#respond\"]}],\"copyrightYear\":\"2024\",\"copyrightHolder\":{\"@id\":\"https:\/\/www.gaveanews.com\/#organization\"}},{\"@type\":\"WebPage\",\"@id\":\"https:\/\/www.gaveanews.com\/index.php\/2024\/12\/17\/declaracao-de-mario-bittencourt-situacao-de-john-kennedy-e-interesse-de-rival-as-ultimas-noticias-do-fluminense\/\",\"url\":\"https:\/\/www.gaveanews.com\/index.php\/2024\/12\/17\/declaracao-de-mario-bittencourt-situacao-de-john-kennedy-e-interesse-de-rival-as-ultimas-noticias-do-fluminense\/\",\"name\":\"Declara\u00e7\u00e3o de M\u00e1rio Bittencourt, situa\u00e7\u00e3o de John Kennedy e interesse de rival: as \u00faltimas not\u00edcias do Fluminense\",\"isPartOf\":{\"@id\":\"https:\/\/www.gaveanews.com\/#website\"},\"primaryImageOfPage\":{\"@id\":\"https:\/\/www.gaveanews.com\/index.php\/2024\/12\/17\/declaracao-de-mario-bittencourt-situacao-de-john-kennedy-e-interesse-de-rival-as-ultimas-noticias-do-fluminense\/#primaryimage\"},\"image\":{\"@id\":\"https:\/\/www.gaveanews.com\/index.php\/2024\/12\/17\/declaracao-de-mario-bittencourt-situacao-de-john-kennedy-e-interesse-de-rival-as-ultimas-noticias-do-fluminense\/#primaryimage\"},\"thumbnailUrl\":\"https:\/\/www.gaveanews.com\/wp-content\/uploads\/Escudo-do-Fluminense.webp\",\"datePublished\":\"2024-12-17T08:10:00+00:00\",\"author\":{\"@id\":\"https:\/\/www.gaveanews.com\/#\/schema\/person\/8207cd4627f56151707418bfc835b2fb\"},\"breadcrumb\":{\"@id\":\"https:\/\/www.gaveanews.com\/index.php\/2024\/12\/17\/declaracao-de-mario-bittencourt-situacao-de-john-kennedy-e-interesse-de-rival-as-ultimas-noticias-do-fluminense\/#breadcrumb\"},\"inLanguage\":\"pt-BR\",\"potentialAction\":[{\"@type\":\"ReadAction\",\"target\":[\"https:\/\/www.gaveanews.com\/index.php\/2024\/12\/17\/declaracao-de-mario-bittencourt-situacao-de-john-kennedy-e-interesse-de-rival-as-ultimas-noticias-do-fluminense\/\"]}]},{\"@type\":\"ImageObject\",\"inLanguage\":\"pt-BR\",\"@id\":\"https:\/\/www.gaveanews.com\/index.php\/2024\/12\/17\/declaracao-de-mario-bittencourt-situacao-de-john-kennedy-e-interesse-de-rival-as-ultimas-noticias-do-fluminense\/#primaryimage\",\"url\":\"https:\/\/www.gaveanews.com\/wp-content\/uploads\/Escudo-do-Fluminense.webp\",\"contentUrl\":\"https:\/\/www.gaveanews.com\/wp-content\/uploads\/Escudo-do-Fluminense.webp\",\"width\":1000,\"height\":667,\"caption\":\"Escudo do Fluminense (Foto Reprodu\u00e7\u00e3o\/Instagram)\"},{\"@type\":\"BreadcrumbList\",\"@id\":\"https:\/\/www.gaveanews.com\/index.php\/2024\/12\/17\/declaracao-de-mario-bittencourt-situacao-de-john-kennedy-e-interesse-de-rival-as-ultimas-noticias-do-fluminense\/#breadcrumb\",\"itemListElement\":[{\"@type\":\"ListItem\",\"position\":1,\"name\":\"Home\",\"item\":\"https:\/\/www.gaveanews.com\/\"},{\"@type\":\"ListItem\",\"position\":2,\"name\":\"Declara\u00e7\u00e3o de M\u00e1rio Bittencourt, situa\u00e7\u00e3o de John Kennedy e interesse de rival: as \u00faltimas not\u00edcias do Fluminense\"}]},{\"@type\":\"WebSite\",\"@id\":\"https:\/\/www.gaveanews.com\/#website\",\"url\":\"https:\/\/www.gaveanews.com\/\",\"name\":\"G\u00e1vea News\",\"description\":\"Veja todas as not\u00edcias sobre o Flamengo: Contrata\u00e7\u00f5es, categorias de base, resultados das partidas, tabela de classifica\u00e7\u00e3o, pr\u00f3ximos jogos!\",\"potentialAction\":[{\"@type\":\"SearchAction\",\"target\":{\"@type\":\"EntryPoint\",\"urlTemplate\":\"https:\/\/www.gaveanews.com\/?s={search_term_string}\"},\"query-input\":{\"@type\":\"PropertyValueSpecification\",\"valueRequired\":true,\"valueName\":\"search_term_string\"}}],\"inLanguage\":\"pt-BR\"},{\"@type\":\"Person\",\"@id\":\"https:\/\/www.gaveanews.com\/#\/schema\/person\/8207cd4627f56151707418bfc835b2fb\",\"name\":\"Matheus Felipe\",\"image\":{\"@type\":\"ImageObject\",\"inLanguage\":\"pt-BR\",\"@id\":\"https:\/\/www.gaveanews.com\/#\/schema\/person\/image\/\",\"url\":\"https:\/\/secure.gravatar.com\/avatar\/a452ffbed9130f726358b298bb3a99ce4bd3c5338411f8440e87e14d74c7c087?s=96&d=mm&r=g\",\"contentUrl\":\"https:\/\/secure.gravatar.com\/avatar\/a452ffbed9130f726358b298bb3a99ce4bd3c5338411f8440e87e14d74c7c087?s=96&d=mm&r=g\",\"caption\":\"Matheus Felipe\"}}]}<\/script>\n<!-- \/ Yoast SEO Premium plugin. -->","yoast_head_json":{"title":"Declara\u00e7\u00e3o de M\u00e1rio Bittencourt, situa\u00e7\u00e3o de John Kennedy e interesse de rival: as \u00faltimas not\u00edcias do Fluminense","robots":{"index":"index","follow":"follow","max-snippet":"max-snippet:-1","max-image-preview":"max-image-preview:large","max-video-preview":"max-video-preview:-1"},"canonical":"https:\/\/www.gaveanews.com\/index.php\/2024\/12\/17\/declaracao-de-mario-bittencourt-situacao-de-john-kennedy-e-interesse-de-rival-as-ultimas-noticias-do-fluminense\/","og_locale":"pt_BR","og_type":"article","og_title":"Declara\u00e7\u00e3o de M\u00e1rio Bittencourt, situa\u00e7\u00e3o de John Kennedy e interesse de rival: as \u00faltimas not\u00edcias do Fluminense","og_description":"Nas \u00faltimas horas, o foco das not\u00edcias sobre o Fluminense se concentram nos bastidores do clube, com destaques do dia a dia do time. Por conta deste contexto, leia abaixo um resumo preparado pela equipe do portal G\u00e1vea News para lhe manter muito bem informado! Interesse de rival David Terans, meia uruguaio do Fluminense, desperta [&hellip;]","og_url":"https:\/\/www.gaveanews.com\/index.php\/2024\/12\/17\/declaracao-de-mario-bittencourt-situacao-de-john-kennedy-e-interesse-de-rival-as-ultimas-noticias-do-fluminense\/","og_site_name":"G\u00e1vea News","article_publisher":"https:\/\/facebook.com\/gaveaNews\/","article_published_time":"2024-12-17T08:10:00+00:00","og_image":[{"width":1000,"height":667,"url":"https:\/\/www.gaveanews.com\/wp-content\/uploads\/Escudo-do-Fluminense.webp","type":"image\/webp"}],"author":"Matheus Felipe","twitter_card":"summary_large_image","twitter_misc":{"Escrito por":"Matheus Felipe","Est. tempo de leitura":"6 minutos"},"schema":{"@context":"https:\/\/schema.org","@graph":[{"@type":"NewsArticle","@id":"https:\/\/www.gaveanews.com\/index.php\/2024\/12\/17\/declaracao-de-mario-bittencourt-situacao-de-john-kennedy-e-interesse-de-rival-as-ultimas-noticias-do-fluminense\/#article","isPartOf":{"@id":"https:\/\/www.gaveanews.com\/index.php\/2024\/12\/17\/declaracao-de-mario-bittencourt-situacao-de-john-kennedy-e-interesse-de-rival-as-ultimas-noticias-do-fluminense\/"},"author":{"name":"Matheus Felipe","@id":"https:\/\/www.gaveanews.com\/#\/schema\/person\/8207cd4627f56151707418bfc835b2fb"},"headline":"Declara\u00e7\u00e3o de M\u00e1rio Bittencourt, situa\u00e7\u00e3o de John Kennedy e interesse de rival: as \u00faltimas not\u00edcias do Fluminense","datePublished":"2024-12-17T08:10:00+00:00","mainEntityOfPage":{"@id":"https:\/\/www.gaveanews.com\/index.php\/2024\/12\/17\/declaracao-de-mario-bittencourt-situacao-de-john-kennedy-e-interesse-de-rival-as-ultimas-noticias-do-fluminense\/"},"wordCount":885,"commentCount":0,"image":{"@id":"https:\/\/www.gaveanews.com\/index.php\/2024\/12\/17\/declaracao-de-mario-bittencourt-situacao-de-john-kennedy-e-interesse-de-rival-as-ultimas-noticias-do-fluminense\/#primaryimage"},"thumbnailUrl":"https:\/\/www.gaveanews.com\/wp-content\/uploads\/Escudo-do-Fluminense.webp","articleSection":["Fluminense"],"inLanguage":"pt-BR","potentialAction":[{"@type":"CommentAction","name":"Comment","target":["https:\/\/www.gaveanews.com\/index.php\/2024\/12\/17\/declaracao-de-mario-bittencourt-situacao-de-john-kennedy-e-interesse-de-rival-as-ultimas-noticias-do-fluminense\/#respond"]}],"copyrightYear":"2024","copyrightHolder":{"@id":"https:\/\/www.gaveanews.com\/#organization"}},{"@type":"WebPage","@id":"https:\/\/www.gaveanews.com\/index.php\/2024\/12\/17\/declaracao-de-mario-bittencourt-situacao-de-john-kennedy-e-interesse-de-rival-as-ultimas-noticias-do-fluminense\/","url":"https:\/\/www.gaveanews.com\/index.php\/2024\/12\/17\/declaracao-de-mario-bittencourt-situacao-de-john-kennedy-e-interesse-de-rival-as-ultimas-noticias-do-fluminense\/","name":"Declara\u00e7\u00e3o de M\u00e1rio Bittencourt, situa\u00e7\u00e3o de John Kennedy e interesse de rival: as \u00faltimas not\u00edcias do Fluminense","isPartOf":{"@id":"https:\/\/www.gaveanews.com\/#website"},"primaryImageOfPage":{"@id":"https:\/\/www.gaveanews.com\/index.php\/2024\/12\/17\/declaracao-de-mario-bittencourt-situacao-de-john-kennedy-e-interesse-de-rival-as-ultimas-noticias-do-fluminense\/#primaryimage"},"image":{"@id":"https:\/\/www.gaveanews.com\/index.php\/2024\/12\/17\/declaracao-de-mario-bittencourt-situacao-de-john-kennedy-e-interesse-de-rival-as-ultimas-noticias-do-fluminense\/#primaryimage"},"thumbnailUrl":"https:\/\/www.gaveanews.com\/wp-content\/uploads\/Escudo-do-Fluminense.webp","datePublished":"2024-12-17T08:10:00+00:00","author":{"@id":"https:\/\/www.gaveanews.com\/#\/schema\/person\/8207cd4627f56151707418bfc835b2fb"},"breadcrumb":{"@id":"https:\/\/www.gaveanews.com\/index.php\/2024\/12\/17\/declaracao-de-mario-bittencourt-situacao-de-john-kennedy-e-interesse-de-rival-as-ultimas-noticias-do-fluminense\/#breadcrumb"},"inLanguage":"pt-BR","potentialAction":[{"@type":"ReadAction","target":["https:\/\/www.gaveanews.com\/index.php\/2024\/12\/17\/declaracao-de-mario-bittencourt-situacao-de-john-kennedy-e-interesse-de-rival-as-ultimas-noticias-do-fluminense\/"]}]},{"@type":"ImageObject","inLanguage":"pt-BR","@id":"https:\/\/www.gaveanews.com\/index.php\/2024\/12\/17\/declaracao-de-mario-bittencourt-situacao-de-john-kennedy-e-interesse-de-rival-as-ultimas-noticias-do-fluminense\/#primaryimage","url":"https:\/\/www.gaveanews.com\/wp-content\/uploads\/Escudo-do-Fluminense.webp","contentUrl":"https:\/\/www.gaveanews.com\/wp-content\/uploads\/Escudo-do-Fluminense.webp","width":1000,"height":667,"caption":"Escudo do Fluminense (Foto Reprodu\u00e7\u00e3o\/Instagram)"},{"@type":"BreadcrumbList","@id":"https:\/\/www.gaveanews.com\/index.php\/2024\/12\/17\/declaracao-de-mario-bittencourt-situacao-de-john-kennedy-e-interesse-de-rival-as-ultimas-noticias-do-fluminense\/#breadcrumb","itemListElement":[{"@type":"ListItem","position":1,"name":"Home","item":"https:\/\/www.gaveanews.com\/"},{"@type":"ListItem","position":2,"name":"Declara\u00e7\u00e3o de M\u00e1rio Bittencourt, situa\u00e7\u00e3o de John Kennedy e interesse de rival: as \u00faltimas not\u00edcias do Fluminense"}]},{"@type":"WebSite","@id":"https:\/\/www.gaveanews.com\/#website","url":"https:\/\/www.gaveanews.com\/","name":"G\u00e1vea News","description":"Veja todas as not\u00edcias sobre o Flamengo: Contrata\u00e7\u00f5es, categorias de base, resultados das partidas, tabela de classifica\u00e7\u00e3o, pr\u00f3ximos jogos!","potentialAction":[{"@type":"SearchAction","target":{"@type":"EntryPoint","urlTemplate":"https:\/\/www.gaveanews.com\/?s={search_term_string}"},"query-input":{"@type":"PropertyValueSpecification","valueRequired":true,"valueName":"search_term_string"}}],"inLanguage":"pt-BR"},{"@type":"Person","@id":"https:\/\/www.gaveanews.com\/#\/schema\/person\/8207cd4627f56151707418bfc835b2fb","name":"Matheus Felipe","image":{"@type":"ImageObject","inLanguage":"pt-BR","@id":"https:\/\/www.gaveanews.com\/#\/schema\/person\/image\/","url":"https:\/\/secure.gravatar.com\/avatar\/a452ffbed9130f726358b298bb3a99ce4bd3c5338411f8440e87e14d74c7c087?s=96&d=mm&r=g","contentUrl":"https:\/\/secure.gravatar.com\/avatar\/a452ffbed9130f726358b298bb3a99ce4bd3c5338411f8440e87e14d74c7c087?s=96&d=mm&r=g","caption":"Matheus Felipe"}}]}},"_links":{"self":[{"href":"https:\/\/www.gaveanews.com\/index.php\/wp-json\/wp\/v2\/posts\/200104","targetHints":{"allow":["GET"]}}],"collection":[{"href":"https:\/\/www.gaveanews.com\/index.php\/wp-json\/wp\/v2\/posts"}],"about":[{"href":"https:\/\/www.gaveanews.com\/index.php\/wp-json\/wp\/v2\/types\/post"}],"author":[{"embeddable":true,"href":"https:\/\/www.gaveanews.com\/index.php\/wp-json\/wp\/v2\/users\/27"}],"replies":[{"embeddable":true,"href":"https:\/\/www.gaveanews.com\/index.php\/wp-json\/wp\/v2\/comments?post=200104"}],"version-history":[{"count":1,"href":"https:\/\/www.gaveanews.com\/index.php\/wp-json\/wp\/v2\/posts\/200104\/revisions"}],"predecessor-version":[{"id":200116,"href":"https:\/\/www.gaveanews.com\/index.php\/wp-json\/wp\/v2\/posts\/200104\/revisions\/200116"}],"wp:featuredmedia":[{"embeddable":true,"href":"https:\/\/www.gaveanews.com\/index.php\/wp-json\/wp\/v2\/media\/144992"}],"wp:attachment":[{"href":"https:\/\/www.gaveanews.com\/index.php\/wp-json\/wp\/v2\/media?parent=200104"}],"wp:term":[{"taxonomy":"category","embeddable":true,"href":"https:\/\/www.gaveanews.com\/index.php\/wp-json\/wp\/v2\/categories?post=200104"},{"taxonomy":"post_tag","embeddable":true,"href":"https:\/\/www.gaveanews.com\/index.php\/wp-json\/wp\/v2\/tags?post=200104"}],"curies":[{"name":"wp","href":"https:\/\/api.w.org\/{rel}","templated":true}]}}