{"id":200222,"date":"2024-12-17T11:50:15","date_gmt":"2024-12-17T14:50:15","guid":{"rendered":"https:\/\/www.gaveanews.com\/?p=200222"},"modified":"2024-12-17T11:43:00","modified_gmt":"2024-12-17T14:43:00","slug":"leo-jardim-vegetti-adson-payet-maicon-piton-joao-victor-david-mateus-carvalho-e-puma-rodriguez-os-jogadores-do-vasco-com-as-maiores-notas-no-brasileirao","status":"publish","type":"post","link":"https:\/\/www.gaveanews.com\/index.php\/2024\/12\/17\/leo-jardim-vegetti-adson-payet-maicon-piton-joao-victor-david-mateus-carvalho-e-puma-rodriguez-os-jogadores-do-vasco-com-as-maiores-notas-no-brasileirao\/","title":{"rendered":"L\u00e9o Jardim, Vegetti, Adson, Payet, Maicon, Piton, Jo\u00e3o Victor, David, Mateus Carvalho e Puma Rodr\u00edguez: os jogadores do Vasco com as maiores notas no Brasileir\u00e3o"},"content":{"rendered":"\n<p>Para manter o time vivo nos campeonatos e colher bons frutos ao final das temporadas, os jogadores precisam se empenhar em ter um time equilibrado, ou seja, com bons aproveitamentos defensivos e ofensivos.<\/p>\n\n\n\n<ul class=\"wp-block-list\">\n<li><a href=\"https:\/\/www.gaveanews.com\/index.php\/2024\/12\/17\/novo-treinador-situacao-com-a-prefeitura-e-publicacao-de-vegetti-as-ultimas-noticias-do-vasco\/\">Novo treinador, situa\u00e7\u00e3o com a prefeitura e publica\u00e7\u00e3o de Vegetti: as \u00faltimas not\u00edcias do Vasco<\/a><\/li>\n\n\n\n<li><a href=\"https:\/\/www.gaveanews.com\/index.php\/2024\/12\/17\/insatisfacao-de-vegetti-exigencias-de-renato-gaucho-e-disputa-por-tecnico-as-ultimas-noticias-do-vasco\/\">Insatisfa\u00e7\u00e3o de Vegetti, exig\u00eancias de Renato Ga\u00facho e disputa por t\u00e9cnico: as \u00faltimas not\u00edcias do Vasco<\/a><\/li>\n<\/ul>\n\n\n\n<p>Um dos pontos que mant\u00e9m as equipes competitivas \u00e9 a capacidade dos atletas de serem regulares com boas atua\u00e7\u00f5es. Nesse cen\u00e1rio, o G\u00e1vea News elencou o top-10 atletas com maiores notas do Vasco no Brasileir\u00e3o. Os dados foram retirados do &#8216;Sofascore&#8217;.<\/p>\n\n\n\n<h2 class=\"wp-block-heading\" id=\"h-puma-rodriguez\">Puma Rodr\u00edguez<\/h2>\n\n\n\n<figure class=\"wp-block-image size-full\"><img loading=\"lazy\" decoding=\"async\" width=\"807\" height=\"592\" src=\"https:\/\/www.gaveanews.com\/wp-content\/uploads\/Pumita-e-apresentado-pelo-Vasco.webp\" alt=\"\" class=\"wp-image-171369\" srcset=\"https:\/\/www.gaveanews.com\/wp-content\/uploads\/Pumita-e-apresentado-pelo-Vasco.webp 807w, https:\/\/www.gaveanews.com\/wp-content\/uploads\/Pumita-e-apresentado-pelo-Vasco-300x220.webp 300w, https:\/\/www.gaveanews.com\/wp-content\/uploads\/Pumita-e-apresentado-pelo-Vasco-768x563.webp 768w, https:\/\/www.gaveanews.com\/wp-content\/uploads\/Pumita-e-apresentado-pelo-Vasco-573x420.webp 573w, https:\/\/www.gaveanews.com\/wp-content\/uploads\/Pumita-e-apresentado-pelo-Vasco-80x60.webp 80w, https:\/\/www.gaveanews.com\/wp-content\/uploads\/Pumita-e-apresentado-pelo-Vasco-640x469.webp 640w, https:\/\/www.gaveanews.com\/wp-content\/uploads\/Pumita-e-apresentado-pelo-Vasco-681x500.webp 681w, https:\/\/www.gaveanews.com\/wp-content\/uploads\/Pumita-e-apresentado-pelo-Vasco-100x73.webp 100w\" sizes=\"auto, (max-width: 807px) 100vw, 807px\" \/><figcaption class=\"wp-element-caption\">Pumita \u00e9 apresentado pelo Vasco (Foto: Daniel Ramalho\/Vasco)<\/figcaption><\/figure>\n\n\n\n<p>Puma Rodr\u00edguez abre a lista de jogadores com maiores notas no Brasileir\u00e3o do Vasco e aparece em d\u00e9cimo lugar, com 6.85 em 22 apari\u00e7\u00f5es. O lateral foi titular 12 vezes e tem 1.133 de minutagem.<\/p>\n\n\n\n<h2 class=\"wp-block-heading\" id=\"h-mateus-carvalho\">Mateus Carvalho<\/h2>\n\n\n\n<figure class=\"wp-block-image size-full\"><img loading=\"lazy\" decoding=\"async\" width=\"685\" height=\"833\" src=\"https:\/\/www.gaveanews.com\/wp-content\/uploads\/Mateus-Carvalho-em-acao-pelo-Vasco.webp\" alt=\"\" class=\"wp-image-170700\" srcset=\"https:\/\/www.gaveanews.com\/wp-content\/uploads\/Mateus-Carvalho-em-acao-pelo-Vasco.webp 685w, https:\/\/www.gaveanews.com\/wp-content\/uploads\/Mateus-Carvalho-em-acao-pelo-Vasco-247x300.webp 247w, https:\/\/www.gaveanews.com\/wp-content\/uploads\/Mateus-Carvalho-em-acao-pelo-Vasco-345x420.webp 345w, https:\/\/www.gaveanews.com\/wp-content\/uploads\/Mateus-Carvalho-em-acao-pelo-Vasco-640x778.webp 640w, https:\/\/www.gaveanews.com\/wp-content\/uploads\/Mateus-Carvalho-em-acao-pelo-Vasco-681x828.webp 681w, https:\/\/www.gaveanews.com\/wp-content\/uploads\/Mateus-Carvalho-em-acao-pelo-Vasco-100x122.webp 100w\" sizes=\"auto, (max-width: 685px) 100vw, 685px\" \/><figcaption class=\"wp-element-caption\">Mateus Carvalho em a\u00e7\u00e3o pelo Vasco (Foto: Daniel Ramalho\/Vasco)<\/figcaption><\/figure>\n\n\n\n<p>Mateus Carvalho vem logo na sequ\u00eancia, com 6.85 de nota na competi\u00e7\u00e3o nacional. O volante disputou 32 partidas e fez 25 como titular, acumulando 2.168 minutos em campo.<\/p>\n\n\n\n<h2 class=\"wp-block-heading\" id=\"h-david\">David <\/h2>\n\n\n\n<figure class=\"wp-block-image size-full\"><img loading=\"lazy\" decoding=\"async\" width=\"885\" height=\"627\" src=\"https:\/\/www.gaveanews.com\/wp-content\/uploads\/David-em-acao-pelo-Vasco.webp\" alt=\"\" class=\"wp-image-170701\" srcset=\"https:\/\/www.gaveanews.com\/wp-content\/uploads\/David-em-acao-pelo-Vasco.webp 885w, https:\/\/www.gaveanews.com\/wp-content\/uploads\/David-em-acao-pelo-Vasco-300x213.webp 300w, https:\/\/www.gaveanews.com\/wp-content\/uploads\/David-em-acao-pelo-Vasco-768x544.webp 768w, https:\/\/www.gaveanews.com\/wp-content\/uploads\/David-em-acao-pelo-Vasco-593x420.webp 593w, https:\/\/www.gaveanews.com\/wp-content\/uploads\/David-em-acao-pelo-Vasco-640x453.webp 640w, https:\/\/www.gaveanews.com\/wp-content\/uploads\/David-em-acao-pelo-Vasco-681x482.webp 681w, https:\/\/www.gaveanews.com\/wp-content\/uploads\/David-em-acao-pelo-Vasco-100x71.webp 100w\" sizes=\"auto, (max-width: 885px) 100vw, 885px\" \/><figcaption class=\"wp-element-caption\">David em a\u00e7\u00e3o pelo Vasco (Foto: Leandro Amorim\/Vasco)<\/figcaption><\/figure>\n\n\n\n<p>David \u00e9 atacante e tem 6.87 de nota no Campeonato Brasileiro. O atleta tem 23 partidas na competi\u00e7\u00e3o com minutagem de 1.604  e foi titular em 20 dos duelos.<\/p>\n\n\n\n<h2 class=\"wp-block-heading\" id=\"h-joao-victor\">Jo\u00e3o Victor<\/h2>\n\n\n\n<figure class=\"wp-block-image size-full\"><img loading=\"lazy\" decoding=\"async\" width=\"984\" height=\"656\" src=\"https:\/\/www.gaveanews.com\/wp-content\/uploads\/Joao-Victor-em-acao-pelo-Vasco.webp\" alt=\"\" class=\"wp-image-169870\" srcset=\"https:\/\/www.gaveanews.com\/wp-content\/uploads\/Joao-Victor-em-acao-pelo-Vasco.webp 984w, https:\/\/www.gaveanews.com\/wp-content\/uploads\/Joao-Victor-em-acao-pelo-Vasco-300x200.webp 300w, https:\/\/www.gaveanews.com\/wp-content\/uploads\/Joao-Victor-em-acao-pelo-Vasco-768x512.webp 768w, https:\/\/www.gaveanews.com\/wp-content\/uploads\/Joao-Victor-em-acao-pelo-Vasco-630x420.webp 630w, https:\/\/www.gaveanews.com\/wp-content\/uploads\/Joao-Victor-em-acao-pelo-Vasco-640x427.webp 640w, https:\/\/www.gaveanews.com\/wp-content\/uploads\/Joao-Victor-em-acao-pelo-Vasco-681x454.webp 681w, https:\/\/www.gaveanews.com\/wp-content\/uploads\/Joao-Victor-em-acao-pelo-Vasco-100x67.webp 100w\" sizes=\"auto, (max-width: 984px) 100vw, 984px\" \/><figcaption class=\"wp-element-caption\">Jo\u00e3o Victor em a\u00e7\u00e3o pelo Vasco (Foto: Leandro Amorim\/Vasco)<\/figcaption><\/figure>\n\n\n\n<p>Jo\u00e3o Victor supera a nota de David com 6.92, ele iniciou 20 dos 23 confrontos que disputou no Brasileir\u00e3o. O zagueiro soma 1.780 minutos.<\/p>\n\n\n\n<h2 class=\"wp-block-heading\" id=\"h-piton\">Piton <\/h2>\n\n\n\n<figure class=\"wp-block-image size-full\"><img loading=\"lazy\" decoding=\"async\" width=\"1600\" height=\"1065\" src=\"https:\/\/www.gaveanews.com\/wp-content\/uploads\/Lucas-Piton-apresentado-pelo-Vasco.webp\" alt=\"\" class=\"wp-image-169866\" srcset=\"https:\/\/www.gaveanews.com\/wp-content\/uploads\/Lucas-Piton-apresentado-pelo-Vasco.webp 1600w, https:\/\/www.gaveanews.com\/wp-content\/uploads\/Lucas-Piton-apresentado-pelo-Vasco-300x200.webp 300w, https:\/\/www.gaveanews.com\/wp-content\/uploads\/Lucas-Piton-apresentado-pelo-Vasco-1024x682.webp 1024w, https:\/\/www.gaveanews.com\/wp-content\/uploads\/Lucas-Piton-apresentado-pelo-Vasco-768x511.webp 768w, https:\/\/www.gaveanews.com\/wp-content\/uploads\/Lucas-Piton-apresentado-pelo-Vasco-1536x1022.webp 1536w, https:\/\/www.gaveanews.com\/wp-content\/uploads\/Lucas-Piton-apresentado-pelo-Vasco-631x420.webp 631w, https:\/\/www.gaveanews.com\/wp-content\/uploads\/Lucas-Piton-apresentado-pelo-Vasco-1262x840.webp 1262w, https:\/\/www.gaveanews.com\/wp-content\/uploads\/Lucas-Piton-apresentado-pelo-Vasco-640x426.webp 640w, https:\/\/www.gaveanews.com\/wp-content\/uploads\/Lucas-Piton-apresentado-pelo-Vasco-1280x852.webp 1280w, https:\/\/www.gaveanews.com\/wp-content\/uploads\/Lucas-Piton-apresentado-pelo-Vasco-681x453.webp 681w, https:\/\/www.gaveanews.com\/wp-content\/uploads\/Lucas-Piton-apresentado-pelo-Vasco-1362x907.webp 1362w, https:\/\/www.gaveanews.com\/wp-content\/uploads\/Lucas-Piton-apresentado-pelo-Vasco-100x67.webp 100w\" sizes=\"auto, (max-width: 1600px) 100vw, 1600px\" \/><figcaption class=\"wp-element-caption\">Lucas Piton apresentado pelo Vasco (Foto: Divulga\u00e7\u00e3o\/Vasco)<\/figcaption><\/figure>\n\n\n\n<p>Piton tem 6.96 de nota Sofascore contabilizando todos os jogos do Brasileir\u00e3o. O lateral do Vasco foi \u00e0 campo em 32 confrontos, iniciando 31 deles e somando 2.708 minutos jogados.<\/p>\n\n\n\n<h2 class=\"wp-block-heading\" id=\"h-maicon\">Maicon <\/h2>\n\n\n\n<figure class=\"wp-block-image size-full\"><img loading=\"lazy\" decoding=\"async\" width=\"984\" height=\"656\" src=\"https:\/\/www.gaveanews.com\/wp-content\/uploads\/Maicon-durante-apresentacao-no-Vasco-da-Gama.webp\" alt=\"\" class=\"wp-image-165760\" srcset=\"https:\/\/www.gaveanews.com\/wp-content\/uploads\/Maicon-durante-apresentacao-no-Vasco-da-Gama.webp 984w, https:\/\/www.gaveanews.com\/wp-content\/uploads\/Maicon-durante-apresentacao-no-Vasco-da-Gama-300x200.webp 300w, https:\/\/www.gaveanews.com\/wp-content\/uploads\/Maicon-durante-apresentacao-no-Vasco-da-Gama-768x512.webp 768w, https:\/\/www.gaveanews.com\/wp-content\/uploads\/Maicon-durante-apresentacao-no-Vasco-da-Gama-630x420.webp 630w, https:\/\/www.gaveanews.com\/wp-content\/uploads\/Maicon-durante-apresentacao-no-Vasco-da-Gama-640x427.webp 640w, https:\/\/www.gaveanews.com\/wp-content\/uploads\/Maicon-durante-apresentacao-no-Vasco-da-Gama-681x454.webp 681w, https:\/\/www.gaveanews.com\/wp-content\/uploads\/Maicon-durante-apresentacao-no-Vasco-da-Gama-100x67.webp 100w\" sizes=\"auto, (max-width: 984px) 100vw, 984px\" \/><figcaption class=\"wp-element-caption\">Maicon durante apresenta\u00e7\u00e3o no Vasco da Gama (Foto: Daniel Ramalho \/ CRVG)<\/figcaption><\/figure>\n\n\n\n<p>Maicon \u00e9 um dos zagueiros do Vasco e somou 6.99 de nota. Ele atuou em 30 jogos, sendo titular em 25 deles e com 2.358 de minutagem.<\/p>\n\n\n\n<h2 class=\"wp-block-heading\" id=\"h-payet\">Payet <\/h2>\n\n\n\n<figure class=\"wp-block-image size-full\"><img loading=\"lazy\" decoding=\"async\" width=\"984\" height=\"656\" src=\"https:\/\/www.gaveanews.com\/wp-content\/uploads\/agif23100200212796-1-.webp\" alt=\"\" class=\"wp-image-124623\" srcset=\"https:\/\/www.gaveanews.com\/wp-content\/uploads\/agif23100200212796-1-.webp 984w, https:\/\/www.gaveanews.com\/wp-content\/uploads\/agif23100200212796-1--300x200.webp 300w, https:\/\/www.gaveanews.com\/wp-content\/uploads\/agif23100200212796-1--768x512.webp 768w, https:\/\/www.gaveanews.com\/wp-content\/uploads\/agif23100200212796-1--630x420.webp 630w, https:\/\/www.gaveanews.com\/wp-content\/uploads\/agif23100200212796-1--640x427.webp 640w, https:\/\/www.gaveanews.com\/wp-content\/uploads\/agif23100200212796-1--681x454.webp 681w, https:\/\/www.gaveanews.com\/wp-content\/uploads\/agif23100200212796-1--100x67.webp 100w\" sizes=\"auto, (max-width: 984px) 100vw, 984px\" \/><figcaption class=\"wp-element-caption\">Payet em a\u00e7\u00e3o pelo Vasco (Foto: Abner Dourado\/AGIF)<\/figcaption><\/figure>\n\n\n\n<p>Payet aparece na quarta posi\u00e7\u00e3o, com uma nota em 7.02. O meia participou de 23 jogos e foi titular em 16 deles. Ao todo, acumulou uma minutagem de 1.236.<\/p>\n\n\n\n<h2 class=\"wp-block-heading\" id=\"h-adson\">Adson <\/h2>\n\n\n\n<figure class=\"wp-block-image size-full\"><img loading=\"lazy\" decoding=\"async\" width=\"774\" height=\"467\" src=\"https:\/\/www.gaveanews.com\/wp-content\/uploads\/Adson-em-acao-pelo-Vasco.webp\" alt=\"\" class=\"wp-image-169871\" srcset=\"https:\/\/www.gaveanews.com\/wp-content\/uploads\/Adson-em-acao-pelo-Vasco.webp 774w, https:\/\/www.gaveanews.com\/wp-content\/uploads\/Adson-em-acao-pelo-Vasco-300x181.webp 300w, https:\/\/www.gaveanews.com\/wp-content\/uploads\/Adson-em-acao-pelo-Vasco-768x463.webp 768w, https:\/\/www.gaveanews.com\/wp-content\/uploads\/Adson-em-acao-pelo-Vasco-696x420.webp 696w, https:\/\/www.gaveanews.com\/wp-content\/uploads\/Adson-em-acao-pelo-Vasco-640x386.webp 640w, https:\/\/www.gaveanews.com\/wp-content\/uploads\/Adson-em-acao-pelo-Vasco-681x411.webp 681w, https:\/\/www.gaveanews.com\/wp-content\/uploads\/Adson-em-acao-pelo-Vasco-100x60.webp 100w\" sizes=\"auto, (max-width: 774px) 100vw, 774px\" \/><figcaption class=\"wp-element-caption\">Adson em a\u00e7\u00e3o pelo Vasco (Foto: Leandro Amorim\/Vasco)<\/figcaption><\/figure>\n\n\n\n<p>Adson abre o \u2018top-3\u2019 do Vasco com 7.00 de nota no Brasileir\u00e3o. O atacante foi titular em 14 das 20 partidas que disputou e acumulou 1.245 minutos em campo.<\/p>\n\n\n\n<h2 class=\"wp-block-heading\" id=\"h-vegetti\">Vegetti <\/h2>\n\n\n\n<figure class=\"wp-block-image size-full\"><img loading=\"lazy\" decoding=\"async\" width=\"900\" height=\"600\" src=\"https:\/\/www.gaveanews.com\/wp-content\/uploads\/Pablo-Vegetti-em-acao-pelo-Vasco.avif\" alt=\"\" class=\"wp-image-146070\"\/><figcaption class=\"wp-element-caption\">Pablo Vegetti em a\u00e7\u00e3o pelo Vasco (Foto: Leandro Amorim\/Vasco)<\/figcaption><\/figure>\n\n\n\n<p>A segunda posi\u00e7\u00e3o pertence a Vegetti com uma nota de 7.10. O atacante disputou 35 jogos, foi titular em 34 deles e tem uma minutagem de 2.990.<\/p>\n\n\n\n<h2 class=\"wp-block-heading\" id=\"h-leo-jardim\">L\u00e9o Jardim<\/h2>\n\n\n\n<figure class=\"wp-block-image size-full\"><img loading=\"lazy\" decoding=\"async\" width=\"1600\" height=\"1000\" src=\"https:\/\/www.gaveanews.com\/wp-content\/uploads\/Leo-Jardim-em-acao-pelo-Vasco.webp\" alt=\"\" class=\"wp-image-169868\" srcset=\"https:\/\/www.gaveanews.com\/wp-content\/uploads\/Leo-Jardim-em-acao-pelo-Vasco.webp 1600w, https:\/\/www.gaveanews.com\/wp-content\/uploads\/Leo-Jardim-em-acao-pelo-Vasco-300x188.webp 300w, https:\/\/www.gaveanews.com\/wp-content\/uploads\/Leo-Jardim-em-acao-pelo-Vasco-1024x640.webp 1024w, https:\/\/www.gaveanews.com\/wp-content\/uploads\/Leo-Jardim-em-acao-pelo-Vasco-768x480.webp 768w, https:\/\/www.gaveanews.com\/wp-content\/uploads\/Leo-Jardim-em-acao-pelo-Vasco-1536x960.webp 1536w, https:\/\/www.gaveanews.com\/wp-content\/uploads\/Leo-Jardim-em-acao-pelo-Vasco-672x420.webp 672w, https:\/\/www.gaveanews.com\/wp-content\/uploads\/Leo-Jardim-em-acao-pelo-Vasco-1344x840.webp 1344w, https:\/\/www.gaveanews.com\/wp-content\/uploads\/Leo-Jardim-em-acao-pelo-Vasco-640x400.webp 640w, https:\/\/www.gaveanews.com\/wp-content\/uploads\/Leo-Jardim-em-acao-pelo-Vasco-1280x800.webp 1280w, https:\/\/www.gaveanews.com\/wp-content\/uploads\/Leo-Jardim-em-acao-pelo-Vasco-681x426.webp 681w, https:\/\/www.gaveanews.com\/wp-content\/uploads\/Leo-Jardim-em-acao-pelo-Vasco-1362x851.webp 1362w, https:\/\/www.gaveanews.com\/wp-content\/uploads\/Leo-Jardim-em-acao-pelo-Vasco-100x63.webp 100w\" sizes=\"auto, (max-width: 1600px) 100vw, 1600px\" \/><figcaption class=\"wp-element-caption\">L\u00e9o Jardim em a\u00e7\u00e3o pelo Vasco (Foto: Leandro Amorim\/Vasco)<\/figcaption><\/figure>\n\n\n\n<p>L\u00e9o Jardim \u00e9 o primeiro da lista do Vasco com nota 7.17. O goleiro foi a campo em 38 jogos, sendo titular em 28 deles e tem uma minutagem de 3.420.<\/p>\n","protected":false},"excerpt":{"rendered":"<p>Para manter o time vivo nos campeonatos e colher bons frutos ao final das temporadas, os jogadores precisam se empenhar em ter um time equilibrado, ou seja, com bons aproveitamentos defensivos e ofensivos. Um dos pontos que mant\u00e9m as equipes competitivas \u00e9 a capacidade dos atletas de serem regulares com boas atua\u00e7\u00f5es. Nesse cen\u00e1rio, o [&hellip;]<\/p>\n","protected":false},"author":29,"featured_media":169868,"comment_status":"open","ping_status":"closed","sticky":false,"template":"","format":"standard","meta":{"footnotes":""},"categories":[152],"tags":[],"class_list":["post-200222","post","type-post","status-publish","format-standard","has-post-thumbnail","hentry","category-vasco"],"yoast_head":"<!-- This site is optimized with the Yoast SEO Premium plugin v24.2 (Yoast SEO v26.9) - https:\/\/yoast.com\/product\/yoast-seo-premium-wordpress\/ -->\n<title>L\u00e9o Jardim, Vegetti, Adson, Payet, Maicon, Piton, Jo\u00e3o Victor, David, Mateus Carvalho e Puma Rodr\u00edguez: os jogadores do Vasco com as maiores notas no Brasileir\u00e3o<\/title>\n<meta name=\"robots\" content=\"index, follow, max-snippet:-1, max-image-preview:large, max-video-preview:-1\" \/>\n<link rel=\"canonical\" href=\"https:\/\/www.gaveanews.com\/index.php\/2024\/12\/17\/leo-jardim-vegetti-adson-payet-maicon-piton-joao-victor-david-mateus-carvalho-e-puma-rodriguez-os-jogadores-do-vasco-com-as-maiores-notas-no-brasileirao\/\" \/>\n<meta property=\"og:locale\" content=\"pt_BR\" \/>\n<meta property=\"og:type\" content=\"article\" \/>\n<meta property=\"og:title\" content=\"L\u00e9o Jardim, Vegetti, Adson, Payet, Maicon, Piton, Jo\u00e3o Victor, David, Mateus Carvalho e Puma Rodr\u00edguez: os jogadores do Vasco com as maiores notas no Brasileir\u00e3o\" \/>\n<meta property=\"og:description\" content=\"Para manter o time vivo nos campeonatos e colher bons frutos ao final das temporadas, os jogadores precisam se empenhar em ter um time equilibrado, ou seja, com bons aproveitamentos defensivos e ofensivos. Um dos pontos que mant\u00e9m as equipes competitivas \u00e9 a capacidade dos atletas de serem regulares com boas atua\u00e7\u00f5es. Nesse cen\u00e1rio, o [&hellip;]\" \/>\n<meta property=\"og:url\" content=\"https:\/\/www.gaveanews.com\/index.php\/2024\/12\/17\/leo-jardim-vegetti-adson-payet-maicon-piton-joao-victor-david-mateus-carvalho-e-puma-rodriguez-os-jogadores-do-vasco-com-as-maiores-notas-no-brasileirao\/\" \/>\n<meta property=\"og:site_name\" content=\"G\u00e1vea News\" \/>\n<meta property=\"article:publisher\" content=\"https:\/\/facebook.com\/gaveaNews\/\" \/>\n<meta property=\"article:published_time\" content=\"2024-12-17T14:50:15+00:00\" \/>\n<meta property=\"og:image\" content=\"https:\/\/www.gaveanews.com\/wp-content\/uploads\/Leo-Jardim-em-acao-pelo-Vasco.webp\" \/>\n\t<meta property=\"og:image:width\" content=\"1600\" \/>\n\t<meta property=\"og:image:height\" content=\"1000\" \/>\n\t<meta property=\"og:image:type\" content=\"image\/jpeg\" \/>\n<meta name=\"author\" content=\"Marco Menezes\" \/>\n<meta name=\"twitter:card\" content=\"summary_large_image\" \/>\n<meta name=\"twitter:label1\" content=\"Escrito por\" \/>\n\t<meta name=\"twitter:data1\" content=\"Marco Menezes\" \/>\n\t<meta name=\"twitter:label2\" content=\"Est. tempo de leitura\" \/>\n\t<meta name=\"twitter:data2\" content=\"5 minutos\" \/>\n<script type=\"application\/ld+json\" class=\"yoast-schema-graph\">{\"@context\":\"https:\/\/schema.org\",\"@graph\":[{\"@type\":\"NewsArticle\",\"@id\":\"https:\/\/www.gaveanews.com\/index.php\/2024\/12\/17\/leo-jardim-vegetti-adson-payet-maicon-piton-joao-victor-david-mateus-carvalho-e-puma-rodriguez-os-jogadores-do-vasco-com-as-maiores-notas-no-brasileirao\/#article\",\"isPartOf\":{\"@id\":\"https:\/\/www.gaveanews.com\/index.php\/2024\/12\/17\/leo-jardim-vegetti-adson-payet-maicon-piton-joao-victor-david-mateus-carvalho-e-puma-rodriguez-os-jogadores-do-vasco-com-as-maiores-notas-no-brasileirao\/\"},\"author\":{\"name\":\"Marco Menezes\",\"@id\":\"https:\/\/www.gaveanews.com\/#\/schema\/person\/a9f62fe75380c6bada1b2fc49bc23d69\"},\"headline\":\"L\u00e9o Jardim, Vegetti, Adson, Payet, Maicon, Piton, Jo\u00e3o Victor, David, Mateus Carvalho e Puma Rodr\u00edguez: os jogadores do Vasco com as maiores notas no Brasileir\u00e3o\",\"datePublished\":\"2024-12-17T14:50:15+00:00\",\"mainEntityOfPage\":{\"@id\":\"https:\/\/www.gaveanews.com\/index.php\/2024\/12\/17\/leo-jardim-vegetti-adson-payet-maicon-piton-joao-victor-david-mateus-carvalho-e-puma-rodriguez-os-jogadores-do-vasco-com-as-maiores-notas-no-brasileirao\/\"},\"wordCount\":527,\"commentCount\":0,\"image\":{\"@id\":\"https:\/\/www.gaveanews.com\/index.php\/2024\/12\/17\/leo-jardim-vegetti-adson-payet-maicon-piton-joao-victor-david-mateus-carvalho-e-puma-rodriguez-os-jogadores-do-vasco-com-as-maiores-notas-no-brasileirao\/#primaryimage\"},\"thumbnailUrl\":\"https:\/\/www.gaveanews.com\/wp-content\/uploads\/Leo-Jardim-em-acao-pelo-Vasco.webp\",\"articleSection\":[\"Vasco\"],\"inLanguage\":\"pt-BR\",\"potentialAction\":[{\"@type\":\"CommentAction\",\"name\":\"Comment\",\"target\":[\"https:\/\/www.gaveanews.com\/index.php\/2024\/12\/17\/leo-jardim-vegetti-adson-payet-maicon-piton-joao-victor-david-mateus-carvalho-e-puma-rodriguez-os-jogadores-do-vasco-com-as-maiores-notas-no-brasileirao\/#respond\"]}],\"copyrightYear\":\"2024\",\"copyrightHolder\":{\"@id\":\"https:\/\/www.gaveanews.com\/#organization\"}},{\"@type\":\"WebPage\",\"@id\":\"https:\/\/www.gaveanews.com\/index.php\/2024\/12\/17\/leo-jardim-vegetti-adson-payet-maicon-piton-joao-victor-david-mateus-carvalho-e-puma-rodriguez-os-jogadores-do-vasco-com-as-maiores-notas-no-brasileirao\/\",\"url\":\"https:\/\/www.gaveanews.com\/index.php\/2024\/12\/17\/leo-jardim-vegetti-adson-payet-maicon-piton-joao-victor-david-mateus-carvalho-e-puma-rodriguez-os-jogadores-do-vasco-com-as-maiores-notas-no-brasileirao\/\",\"name\":\"L\u00e9o Jardim, Vegetti, Adson, Payet, Maicon, Piton, Jo\u00e3o Victor, David, Mateus Carvalho e Puma Rodr\u00edguez: os jogadores do Vasco com as maiores notas no Brasileir\u00e3o\",\"isPartOf\":{\"@id\":\"https:\/\/www.gaveanews.com\/#website\"},\"primaryImageOfPage\":{\"@id\":\"https:\/\/www.gaveanews.com\/index.php\/2024\/12\/17\/leo-jardim-vegetti-adson-payet-maicon-piton-joao-victor-david-mateus-carvalho-e-puma-rodriguez-os-jogadores-do-vasco-com-as-maiores-notas-no-brasileirao\/#primaryimage\"},\"image\":{\"@id\":\"https:\/\/www.gaveanews.com\/index.php\/2024\/12\/17\/leo-jardim-vegetti-adson-payet-maicon-piton-joao-victor-david-mateus-carvalho-e-puma-rodriguez-os-jogadores-do-vasco-com-as-maiores-notas-no-brasileirao\/#primaryimage\"},\"thumbnailUrl\":\"https:\/\/www.gaveanews.com\/wp-content\/uploads\/Leo-Jardim-em-acao-pelo-Vasco.webp\",\"datePublished\":\"2024-12-17T14:50:15+00:00\",\"author\":{\"@id\":\"https:\/\/www.gaveanews.com\/#\/schema\/person\/a9f62fe75380c6bada1b2fc49bc23d69\"},\"breadcrumb\":{\"@id\":\"https:\/\/www.gaveanews.com\/index.php\/2024\/12\/17\/leo-jardim-vegetti-adson-payet-maicon-piton-joao-victor-david-mateus-carvalho-e-puma-rodriguez-os-jogadores-do-vasco-com-as-maiores-notas-no-brasileirao\/#breadcrumb\"},\"inLanguage\":\"pt-BR\",\"potentialAction\":[{\"@type\":\"ReadAction\",\"target\":[\"https:\/\/www.gaveanews.com\/index.php\/2024\/12\/17\/leo-jardim-vegetti-adson-payet-maicon-piton-joao-victor-david-mateus-carvalho-e-puma-rodriguez-os-jogadores-do-vasco-com-as-maiores-notas-no-brasileirao\/\"]}]},{\"@type\":\"ImageObject\",\"inLanguage\":\"pt-BR\",\"@id\":\"https:\/\/www.gaveanews.com\/index.php\/2024\/12\/17\/leo-jardim-vegetti-adson-payet-maicon-piton-joao-victor-david-mateus-carvalho-e-puma-rodriguez-os-jogadores-do-vasco-com-as-maiores-notas-no-brasileirao\/#primaryimage\",\"url\":\"https:\/\/www.gaveanews.com\/wp-content\/uploads\/Leo-Jardim-em-acao-pelo-Vasco.webp\",\"contentUrl\":\"https:\/\/www.gaveanews.com\/wp-content\/uploads\/Leo-Jardim-em-acao-pelo-Vasco.webp\",\"width\":1600,\"height\":1000,\"caption\":\"L\u00e9o Jardim em a\u00e7\u00e3o pelo Vasco (Foto: Leandro Amorim\/Vasco)\"},{\"@type\":\"BreadcrumbList\",\"@id\":\"https:\/\/www.gaveanews.com\/index.php\/2024\/12\/17\/leo-jardim-vegetti-adson-payet-maicon-piton-joao-victor-david-mateus-carvalho-e-puma-rodriguez-os-jogadores-do-vasco-com-as-maiores-notas-no-brasileirao\/#breadcrumb\",\"itemListElement\":[{\"@type\":\"ListItem\",\"position\":1,\"name\":\"Home\",\"item\":\"https:\/\/www.gaveanews.com\/\"},{\"@type\":\"ListItem\",\"position\":2,\"name\":\"L\u00e9o Jardim, Vegetti, Adson, Payet, Maicon, Piton, Jo\u00e3o Victor, David, Mateus Carvalho e Puma Rodr\u00edguez: os jogadores do Vasco com as maiores notas no Brasileir\u00e3o\"}]},{\"@type\":\"WebSite\",\"@id\":\"https:\/\/www.gaveanews.com\/#website\",\"url\":\"https:\/\/www.gaveanews.com\/\",\"name\":\"G\u00e1vea News\",\"description\":\"Veja todas as not\u00edcias sobre o Flamengo: Contrata\u00e7\u00f5es, categorias de base, resultados das partidas, tabela de classifica\u00e7\u00e3o, pr\u00f3ximos jogos!\",\"potentialAction\":[{\"@type\":\"SearchAction\",\"target\":{\"@type\":\"EntryPoint\",\"urlTemplate\":\"https:\/\/www.gaveanews.com\/?s={search_term_string}\"},\"query-input\":{\"@type\":\"PropertyValueSpecification\",\"valueRequired\":true,\"valueName\":\"search_term_string\"}}],\"inLanguage\":\"pt-BR\"},{\"@type\":\"Person\",\"@id\":\"https:\/\/www.gaveanews.com\/#\/schema\/person\/a9f62fe75380c6bada1b2fc49bc23d69\",\"name\":\"Marco Menezes\",\"image\":{\"@type\":\"ImageObject\",\"inLanguage\":\"pt-BR\",\"@id\":\"https:\/\/www.gaveanews.com\/#\/schema\/person\/image\/\",\"url\":\"https:\/\/secure.gravatar.com\/avatar\/a1d148ae17fc8bfc5dbccffd07979e8bd2c9ba494221779de86ec2c7907b71ec?s=96&d=mm&r=g\",\"contentUrl\":\"https:\/\/secure.gravatar.com\/avatar\/a1d148ae17fc8bfc5dbccffd07979e8bd2c9ba494221779de86ec2c7907b71ec?s=96&d=mm&r=g\",\"caption\":\"Marco Menezes\"}}]}<\/script>\n<!-- \/ Yoast SEO Premium plugin. -->","yoast_head_json":{"title":"L\u00e9o Jardim, Vegetti, Adson, Payet, Maicon, Piton, Jo\u00e3o Victor, David, Mateus Carvalho e Puma Rodr\u00edguez: os jogadores do Vasco com as maiores notas no Brasileir\u00e3o","robots":{"index":"index","follow":"follow","max-snippet":"max-snippet:-1","max-image-preview":"max-image-preview:large","max-video-preview":"max-video-preview:-1"},"canonical":"https:\/\/www.gaveanews.com\/index.php\/2024\/12\/17\/leo-jardim-vegetti-adson-payet-maicon-piton-joao-victor-david-mateus-carvalho-e-puma-rodriguez-os-jogadores-do-vasco-com-as-maiores-notas-no-brasileirao\/","og_locale":"pt_BR","og_type":"article","og_title":"L\u00e9o Jardim, Vegetti, Adson, Payet, Maicon, Piton, Jo\u00e3o Victor, David, Mateus Carvalho e Puma Rodr\u00edguez: os jogadores do Vasco com as maiores notas no Brasileir\u00e3o","og_description":"Para manter o time vivo nos campeonatos e colher bons frutos ao final das temporadas, os jogadores precisam se empenhar em ter um time equilibrado, ou seja, com bons aproveitamentos defensivos e ofensivos. Um dos pontos que mant\u00e9m as equipes competitivas \u00e9 a capacidade dos atletas de serem regulares com boas atua\u00e7\u00f5es. Nesse cen\u00e1rio, o [&hellip;]","og_url":"https:\/\/www.gaveanews.com\/index.php\/2024\/12\/17\/leo-jardim-vegetti-adson-payet-maicon-piton-joao-victor-david-mateus-carvalho-e-puma-rodriguez-os-jogadores-do-vasco-com-as-maiores-notas-no-brasileirao\/","og_site_name":"G\u00e1vea News","article_publisher":"https:\/\/facebook.com\/gaveaNews\/","article_published_time":"2024-12-17T14:50:15+00:00","og_image":[{"width":1600,"height":1000,"url":"https:\/\/www.gaveanews.com\/wp-content\/uploads\/Leo-Jardim-em-acao-pelo-Vasco.webp","type":"image\/jpeg"}],"author":"Marco Menezes","twitter_card":"summary_large_image","twitter_misc":{"Escrito por":"Marco Menezes","Est. tempo de leitura":"5 minutos"},"schema":{"@context":"https:\/\/schema.org","@graph":[{"@type":"NewsArticle","@id":"https:\/\/www.gaveanews.com\/index.php\/2024\/12\/17\/leo-jardim-vegetti-adson-payet-maicon-piton-joao-victor-david-mateus-carvalho-e-puma-rodriguez-os-jogadores-do-vasco-com-as-maiores-notas-no-brasileirao\/#article","isPartOf":{"@id":"https:\/\/www.gaveanews.com\/index.php\/2024\/12\/17\/leo-jardim-vegetti-adson-payet-maicon-piton-joao-victor-david-mateus-carvalho-e-puma-rodriguez-os-jogadores-do-vasco-com-as-maiores-notas-no-brasileirao\/"},"author":{"name":"Marco Menezes","@id":"https:\/\/www.gaveanews.com\/#\/schema\/person\/a9f62fe75380c6bada1b2fc49bc23d69"},"headline":"L\u00e9o Jardim, Vegetti, Adson, Payet, Maicon, Piton, Jo\u00e3o Victor, David, Mateus Carvalho e Puma Rodr\u00edguez: os jogadores do Vasco com as maiores notas no Brasileir\u00e3o","datePublished":"2024-12-17T14:50:15+00:00","mainEntityOfPage":{"@id":"https:\/\/www.gaveanews.com\/index.php\/2024\/12\/17\/leo-jardim-vegetti-adson-payet-maicon-piton-joao-victor-david-mateus-carvalho-e-puma-rodriguez-os-jogadores-do-vasco-com-as-maiores-notas-no-brasileirao\/"},"wordCount":527,"commentCount":0,"image":{"@id":"https:\/\/www.gaveanews.com\/index.php\/2024\/12\/17\/leo-jardim-vegetti-adson-payet-maicon-piton-joao-victor-david-mateus-carvalho-e-puma-rodriguez-os-jogadores-do-vasco-com-as-maiores-notas-no-brasileirao\/#primaryimage"},"thumbnailUrl":"https:\/\/www.gaveanews.com\/wp-content\/uploads\/Leo-Jardim-em-acao-pelo-Vasco.webp","articleSection":["Vasco"],"inLanguage":"pt-BR","potentialAction":[{"@type":"CommentAction","name":"Comment","target":["https:\/\/www.gaveanews.com\/index.php\/2024\/12\/17\/leo-jardim-vegetti-adson-payet-maicon-piton-joao-victor-david-mateus-carvalho-e-puma-rodriguez-os-jogadores-do-vasco-com-as-maiores-notas-no-brasileirao\/#respond"]}],"copyrightYear":"2024","copyrightHolder":{"@id":"https:\/\/www.gaveanews.com\/#organization"}},{"@type":"WebPage","@id":"https:\/\/www.gaveanews.com\/index.php\/2024\/12\/17\/leo-jardim-vegetti-adson-payet-maicon-piton-joao-victor-david-mateus-carvalho-e-puma-rodriguez-os-jogadores-do-vasco-com-as-maiores-notas-no-brasileirao\/","url":"https:\/\/www.gaveanews.com\/index.php\/2024\/12\/17\/leo-jardim-vegetti-adson-payet-maicon-piton-joao-victor-david-mateus-carvalho-e-puma-rodriguez-os-jogadores-do-vasco-com-as-maiores-notas-no-brasileirao\/","name":"L\u00e9o Jardim, Vegetti, Adson, Payet, Maicon, Piton, Jo\u00e3o Victor, David, Mateus Carvalho e Puma Rodr\u00edguez: os jogadores do Vasco com as maiores notas no Brasileir\u00e3o","isPartOf":{"@id":"https:\/\/www.gaveanews.com\/#website"},"primaryImageOfPage":{"@id":"https:\/\/www.gaveanews.com\/index.php\/2024\/12\/17\/leo-jardim-vegetti-adson-payet-maicon-piton-joao-victor-david-mateus-carvalho-e-puma-rodriguez-os-jogadores-do-vasco-com-as-maiores-notas-no-brasileirao\/#primaryimage"},"image":{"@id":"https:\/\/www.gaveanews.com\/index.php\/2024\/12\/17\/leo-jardim-vegetti-adson-payet-maicon-piton-joao-victor-david-mateus-carvalho-e-puma-rodriguez-os-jogadores-do-vasco-com-as-maiores-notas-no-brasileirao\/#primaryimage"},"thumbnailUrl":"https:\/\/www.gaveanews.com\/wp-content\/uploads\/Leo-Jardim-em-acao-pelo-Vasco.webp","datePublished":"2024-12-17T14:50:15+00:00","author":{"@id":"https:\/\/www.gaveanews.com\/#\/schema\/person\/a9f62fe75380c6bada1b2fc49bc23d69"},"breadcrumb":{"@id":"https:\/\/www.gaveanews.com\/index.php\/2024\/12\/17\/leo-jardim-vegetti-adson-payet-maicon-piton-joao-victor-david-mateus-carvalho-e-puma-rodriguez-os-jogadores-do-vasco-com-as-maiores-notas-no-brasileirao\/#breadcrumb"},"inLanguage":"pt-BR","potentialAction":[{"@type":"ReadAction","target":["https:\/\/www.gaveanews.com\/index.php\/2024\/12\/17\/leo-jardim-vegetti-adson-payet-maicon-piton-joao-victor-david-mateus-carvalho-e-puma-rodriguez-os-jogadores-do-vasco-com-as-maiores-notas-no-brasileirao\/"]}]},{"@type":"ImageObject","inLanguage":"pt-BR","@id":"https:\/\/www.gaveanews.com\/index.php\/2024\/12\/17\/leo-jardim-vegetti-adson-payet-maicon-piton-joao-victor-david-mateus-carvalho-e-puma-rodriguez-os-jogadores-do-vasco-com-as-maiores-notas-no-brasileirao\/#primaryimage","url":"https:\/\/www.gaveanews.com\/wp-content\/uploads\/Leo-Jardim-em-acao-pelo-Vasco.webp","contentUrl":"https:\/\/www.gaveanews.com\/wp-content\/uploads\/Leo-Jardim-em-acao-pelo-Vasco.webp","width":1600,"height":1000,"caption":"L\u00e9o Jardim em a\u00e7\u00e3o pelo Vasco (Foto: Leandro Amorim\/Vasco)"},{"@type":"BreadcrumbList","@id":"https:\/\/www.gaveanews.com\/index.php\/2024\/12\/17\/leo-jardim-vegetti-adson-payet-maicon-piton-joao-victor-david-mateus-carvalho-e-puma-rodriguez-os-jogadores-do-vasco-com-as-maiores-notas-no-brasileirao\/#breadcrumb","itemListElement":[{"@type":"ListItem","position":1,"name":"Home","item":"https:\/\/www.gaveanews.com\/"},{"@type":"ListItem","position":2,"name":"L\u00e9o Jardim, Vegetti, Adson, Payet, Maicon, Piton, Jo\u00e3o Victor, David, Mateus Carvalho e Puma Rodr\u00edguez: os jogadores do Vasco com as maiores notas no Brasileir\u00e3o"}]},{"@type":"WebSite","@id":"https:\/\/www.gaveanews.com\/#website","url":"https:\/\/www.gaveanews.com\/","name":"G\u00e1vea News","description":"Veja todas as not\u00edcias sobre o Flamengo: Contrata\u00e7\u00f5es, categorias de base, resultados das partidas, tabela de classifica\u00e7\u00e3o, pr\u00f3ximos jogos!","potentialAction":[{"@type":"SearchAction","target":{"@type":"EntryPoint","urlTemplate":"https:\/\/www.gaveanews.com\/?s={search_term_string}"},"query-input":{"@type":"PropertyValueSpecification","valueRequired":true,"valueName":"search_term_string"}}],"inLanguage":"pt-BR"},{"@type":"Person","@id":"https:\/\/www.gaveanews.com\/#\/schema\/person\/a9f62fe75380c6bada1b2fc49bc23d69","name":"Marco Menezes","image":{"@type":"ImageObject","inLanguage":"pt-BR","@id":"https:\/\/www.gaveanews.com\/#\/schema\/person\/image\/","url":"https:\/\/secure.gravatar.com\/avatar\/a1d148ae17fc8bfc5dbccffd07979e8bd2c9ba494221779de86ec2c7907b71ec?s=96&d=mm&r=g","contentUrl":"https:\/\/secure.gravatar.com\/avatar\/a1d148ae17fc8bfc5dbccffd07979e8bd2c9ba494221779de86ec2c7907b71ec?s=96&d=mm&r=g","caption":"Marco Menezes"}}]}},"_links":{"self":[{"href":"https:\/\/www.gaveanews.com\/index.php\/wp-json\/wp\/v2\/posts\/200222","targetHints":{"allow":["GET"]}}],"collection":[{"href":"https:\/\/www.gaveanews.com\/index.php\/wp-json\/wp\/v2\/posts"}],"about":[{"href":"https:\/\/www.gaveanews.com\/index.php\/wp-json\/wp\/v2\/types\/post"}],"author":[{"embeddable":true,"href":"https:\/\/www.gaveanews.com\/index.php\/wp-json\/wp\/v2\/users\/29"}],"replies":[{"embeddable":true,"href":"https:\/\/www.gaveanews.com\/index.php\/wp-json\/wp\/v2\/comments?post=200222"}],"version-history":[{"count":1,"href":"https:\/\/www.gaveanews.com\/index.php\/wp-json\/wp\/v2\/posts\/200222\/revisions"}],"predecessor-version":[{"id":200223,"href":"https:\/\/www.gaveanews.com\/index.php\/wp-json\/wp\/v2\/posts\/200222\/revisions\/200223"}],"wp:featuredmedia":[{"embeddable":true,"href":"https:\/\/www.gaveanews.com\/index.php\/wp-json\/wp\/v2\/media\/169868"}],"wp:attachment":[{"href":"https:\/\/www.gaveanews.com\/index.php\/wp-json\/wp\/v2\/media?parent=200222"}],"wp:term":[{"taxonomy":"category","embeddable":true,"href":"https:\/\/www.gaveanews.com\/index.php\/wp-json\/wp\/v2\/categories?post=200222"},{"taxonomy":"post_tag","embeddable":true,"href":"https:\/\/www.gaveanews.com\/index.php\/wp-json\/wp\/v2\/tags?post=200222"}],"curies":[{"name":"wp","href":"https:\/\/api.w.org\/{rel}","templated":true}]}}