{"id":200226,"date":"2024-12-17T11:55:29","date_gmt":"2024-12-17T14:55:29","guid":{"rendered":"https:\/\/www.gaveanews.com\/?p=200226"},"modified":"2024-12-17T11:43:11","modified_gmt":"2024-12-17T14:43:11","slug":"idolo-do-palmeiras-ze-roberto-e-sincero-ao-falar-sobre-dudu","status":"publish","type":"post","link":"https:\/\/www.gaveanews.com\/index.php\/2024\/12\/17\/idolo-do-palmeiras-ze-roberto-e-sincero-ao-falar-sobre-dudu\/","title":{"rendered":"\u00cddolo do Palmeiras, Z\u00e9 Roberto \u00e9 sincero ao falar sobre Dudu"},"content":{"rendered":"\n<p>Z\u00e9 Roberto expressou insatisfa\u00e7\u00e3o ao comentar a rescis\u00e3o contratual de Dudu com o Palmeiras. A declara\u00e7\u00e3o ocorreu durante uma entrevista ao programa \u201cSportscenter\u201d, da ESPN, ap\u00f3s o amistoso realizado neste \u00faltimo s\u00e1bado (14) entre os \u201cAmigos de Ronaldinho\u201d e os \u201cAmigos de Cafu\u201d. O ex-meio-campista e \u00eddolo do clube n\u00e3o escondeu seu descontentamento com a maneira como o atacante deixou o time.<\/p>\n\n\n\n<ul class=\"wp-block-list\">\n<li><a href=\"https:\/\/www.gaveanews.com\/index.php\/2024\/12\/17\/palmeiras-estevao-elege-goleiro-mais-dificil-de-enfrentar-no-brasil\/\">Palmeiras: Estev\u00e3o elege goleiro mais dif\u00edcil de enfrentar no Brasil<\/a><\/li>\n\n\n\n<li><a href=\"https:\/\/www.gaveanews.com\/index.php\/2024\/12\/17\/ze-rafael-toma-decisao-e-avisa-ao-palmeiras\/\">Z\u00e9 Rafael toma decis\u00e3o e avisa ao Palmeiras<\/a><\/li>\n<\/ul>\n\n\n\n<p>Para Z\u00e9 Roberto, a diretoria alviverde deveria ter oferecido uma despedida digna da relev\u00e2ncia de Dudu. Mesmo com a pol\u00eamica envolvendo o Cruzeiro, ele destacou que o jogador continua sendo um \u00eddolo e merecia um reconhecimento maior por suas conquistas.<\/p>\n\n\n\n<p>Conforme a entrevista, Z\u00e9 Roberto disse que um jogador da import\u00e2ncia de Dudu deveria ter se despedido com o est\u00e1dio cheio e a torcida gritando seu nome. Ademais, ele ainda lembrou que o camisa 7 foi decisivo em momentos importantes da hist\u00f3ria do Palmeiras, tendo constru\u00eddo uma carreira marcada por t\u00edtulos e protagonismo.<\/p>\n\n\n\n<p>O ex-jogador enfatizou que \u00e9 decepcionante ver um atleta do n\u00edvel de Dudu deixar o clube dessa maneira. Para ele, a falta de uma homenagem \u00e0 altura desvaloriza a hist\u00f3ria do atacante com o Palmeiras. Ele ressaltou que jogadores com esse tipo de legado merecem sa\u00eddas especiais, condizentes com suas contribui\u00e7\u00f5es.<\/p>\n\n\n\n<p>\u201c\u00c9 frustrante ver um jogador do n\u00edvel de Dudu deixar o Palmeiras sem uma sa\u00edda \u00e0 altura da hist\u00f3ria que ele construiu l\u00e1. Estamos falando de um dos maiores \u00eddolos recentes do clube, que sempre representou muito dentro e fora de campo\u201d.<\/p>\n\n\n\n<p>Ainda na entrevista, Z\u00e9 Roberto refor\u00e7ou a necessidade de valorizar os jogadores que fizeram hist\u00f3ria nos clubes. Assim sendo, ele explicou que despedidas bem planejadas fortalecem o relacionamento entre diretoria, atletas e torcedores. <\/p>\n\n\n\n<h2 class=\"wp-block-heading\" id=\"h-fim-de-contrato-do-jogador-com-o-palmeiras\">Fim de contrato do jogador com o Palmeiras <\/h2>\n\n\n\n<p>Dudu deixou o Palmeiras ap\u00f3s semanas de negocia\u00e7\u00e3o entre seus representantes e a diretoria. A decis\u00e3o conjunta resultou na rescis\u00e3o de contrato. Desde 2015, o atacante construiu uma trajet\u00f3ria vitoriosa com a camisa alviverde, conquistando 12 t\u00edtulos, incluindo competi\u00e7\u00f5es nacionais e internacionais.<\/p>\n\n\n\n<p>Ao longo de sua passagem, Dudu disputou 452 partidas e marcou 88 gols. Dessa maneira, muitos desses gols foram decisivos, ajudando o Palmeiras a conquistar importantes trof\u00e9us e consolidando sua posi\u00e7\u00e3o como um dos maiores jogadores da hist\u00f3ria recente do clube.<\/p>\n","protected":false},"excerpt":{"rendered":"<p>Z\u00e9 Roberto expressou insatisfa\u00e7\u00e3o ao comentar a rescis\u00e3o contratual de Dudu com o Palmeiras. A declara\u00e7\u00e3o ocorreu durante uma entrevista ao programa \u201cSportscenter\u201d, da ESPN, ap\u00f3s o amistoso realizado neste \u00faltimo s\u00e1bado (14) entre os \u201cAmigos de Ronaldinho\u201d e os \u201cAmigos de Cafu\u201d. O ex-meio-campista e \u00eddolo do clube n\u00e3o escondeu seu descontentamento com a [&hellip;]<\/p>\n","protected":false},"author":28,"featured_media":91439,"comment_status":"open","ping_status":"closed","sticky":false,"template":"","format":"standard","meta":{"footnotes":""},"categories":[150],"tags":[],"class_list":["post-200226","post","type-post","status-publish","format-standard","has-post-thumbnail","hentry","category-palmeiras"],"yoast_head":"<!-- This site is optimized with the Yoast SEO Premium plugin v24.2 (Yoast SEO v26.9) - https:\/\/yoast.com\/product\/yoast-seo-premium-wordpress\/ -->\n<title>\u00cddolo do Palmeiras, Z\u00e9 Roberto \u00e9 sincero ao falar sobre Dudu<\/title>\n<meta name=\"robots\" content=\"index, follow, max-snippet:-1, max-image-preview:large, max-video-preview:-1\" \/>\n<link rel=\"canonical\" href=\"https:\/\/www.gaveanews.com\/index.php\/2024\/12\/17\/idolo-do-palmeiras-ze-roberto-e-sincero-ao-falar-sobre-dudu\/\" \/>\n<meta property=\"og:locale\" content=\"pt_BR\" \/>\n<meta property=\"og:type\" content=\"article\" \/>\n<meta property=\"og:title\" content=\"\u00cddolo do Palmeiras, Z\u00e9 Roberto \u00e9 sincero ao falar sobre Dudu\" \/>\n<meta property=\"og:description\" content=\"Z\u00e9 Roberto expressou insatisfa\u00e7\u00e3o ao comentar a rescis\u00e3o contratual de Dudu com o Palmeiras. A declara\u00e7\u00e3o ocorreu durante uma entrevista ao programa \u201cSportscenter\u201d, da ESPN, ap\u00f3s o amistoso realizado neste \u00faltimo s\u00e1bado (14) entre os \u201cAmigos de Ronaldinho\u201d e os \u201cAmigos de Cafu\u201d. O ex-meio-campista e \u00eddolo do clube n\u00e3o escondeu seu descontentamento com a [&hellip;]\" \/>\n<meta property=\"og:url\" content=\"https:\/\/www.gaveanews.com\/index.php\/2024\/12\/17\/idolo-do-palmeiras-ze-roberto-e-sincero-ao-falar-sobre-dudu\/\" \/>\n<meta property=\"og:site_name\" content=\"G\u00e1vea News\" \/>\n<meta property=\"article:publisher\" content=\"https:\/\/facebook.com\/gaveaNews\/\" \/>\n<meta property=\"article:published_time\" content=\"2024-12-17T14:55:29+00:00\" \/>\n<meta property=\"og:image\" content=\"https:\/\/www.gaveanews.com\/wp-content\/uploads\/dudu-palmeiras.webp\" \/>\n\t<meta property=\"og:image:width\" content=\"846\" \/>\n\t<meta property=\"og:image:height\" content=\"476\" \/>\n\t<meta property=\"og:image:type\" content=\"image\/webp\" \/>\n<meta name=\"author\" content=\"Hudson Pereira\" \/>\n<meta name=\"twitter:card\" content=\"summary_large_image\" \/>\n<meta name=\"twitter:label1\" content=\"Escrito por\" \/>\n\t<meta name=\"twitter:data1\" content=\"Hudson Pereira\" \/>\n\t<meta name=\"twitter:label2\" content=\"Est. tempo de leitura\" \/>\n\t<meta name=\"twitter:data2\" content=\"3 minutos\" \/>\n<script type=\"application\/ld+json\" class=\"yoast-schema-graph\">{\"@context\":\"https:\/\/schema.org\",\"@graph\":[{\"@type\":\"NewsArticle\",\"@id\":\"https:\/\/www.gaveanews.com\/index.php\/2024\/12\/17\/idolo-do-palmeiras-ze-roberto-e-sincero-ao-falar-sobre-dudu\/#article\",\"isPartOf\":{\"@id\":\"https:\/\/www.gaveanews.com\/index.php\/2024\/12\/17\/idolo-do-palmeiras-ze-roberto-e-sincero-ao-falar-sobre-dudu\/\"},\"author\":{\"name\":\"Hudson Pereira\",\"@id\":\"https:\/\/www.gaveanews.com\/#\/schema\/person\/bd08f00534b403119b92741a6d469ef0\"},\"headline\":\"\u00cddolo do Palmeiras, Z\u00e9 Roberto \u00e9 sincero ao falar sobre Dudu\",\"datePublished\":\"2024-12-17T14:55:29+00:00\",\"mainEntityOfPage\":{\"@id\":\"https:\/\/www.gaveanews.com\/index.php\/2024\/12\/17\/idolo-do-palmeiras-ze-roberto-e-sincero-ao-falar-sobre-dudu\/\"},\"wordCount\":425,\"commentCount\":0,\"image\":{\"@id\":\"https:\/\/www.gaveanews.com\/index.php\/2024\/12\/17\/idolo-do-palmeiras-ze-roberto-e-sincero-ao-falar-sobre-dudu\/#primaryimage\"},\"thumbnailUrl\":\"https:\/\/www.gaveanews.com\/wp-content\/uploads\/dudu-palmeiras.webp\",\"articleSection\":[\"Palmeiras\"],\"inLanguage\":\"pt-BR\",\"potentialAction\":[{\"@type\":\"CommentAction\",\"name\":\"Comment\",\"target\":[\"https:\/\/www.gaveanews.com\/index.php\/2024\/12\/17\/idolo-do-palmeiras-ze-roberto-e-sincero-ao-falar-sobre-dudu\/#respond\"]}],\"copyrightYear\":\"2024\",\"copyrightHolder\":{\"@id\":\"https:\/\/www.gaveanews.com\/#organization\"}},{\"@type\":\"WebPage\",\"@id\":\"https:\/\/www.gaveanews.com\/index.php\/2024\/12\/17\/idolo-do-palmeiras-ze-roberto-e-sincero-ao-falar-sobre-dudu\/\",\"url\":\"https:\/\/www.gaveanews.com\/index.php\/2024\/12\/17\/idolo-do-palmeiras-ze-roberto-e-sincero-ao-falar-sobre-dudu\/\",\"name\":\"\u00cddolo do Palmeiras, Z\u00e9 Roberto \u00e9 sincero ao falar sobre Dudu\",\"isPartOf\":{\"@id\":\"https:\/\/www.gaveanews.com\/#website\"},\"primaryImageOfPage\":{\"@id\":\"https:\/\/www.gaveanews.com\/index.php\/2024\/12\/17\/idolo-do-palmeiras-ze-roberto-e-sincero-ao-falar-sobre-dudu\/#primaryimage\"},\"image\":{\"@id\":\"https:\/\/www.gaveanews.com\/index.php\/2024\/12\/17\/idolo-do-palmeiras-ze-roberto-e-sincero-ao-falar-sobre-dudu\/#primaryimage\"},\"thumbnailUrl\":\"https:\/\/www.gaveanews.com\/wp-content\/uploads\/dudu-palmeiras.webp\",\"datePublished\":\"2024-12-17T14:55:29+00:00\",\"author\":{\"@id\":\"https:\/\/www.gaveanews.com\/#\/schema\/person\/bd08f00534b403119b92741a6d469ef0\"},\"breadcrumb\":{\"@id\":\"https:\/\/www.gaveanews.com\/index.php\/2024\/12\/17\/idolo-do-palmeiras-ze-roberto-e-sincero-ao-falar-sobre-dudu\/#breadcrumb\"},\"inLanguage\":\"pt-BR\",\"potentialAction\":[{\"@type\":\"ReadAction\",\"target\":[\"https:\/\/www.gaveanews.com\/index.php\/2024\/12\/17\/idolo-do-palmeiras-ze-roberto-e-sincero-ao-falar-sobre-dudu\/\"]}]},{\"@type\":\"ImageObject\",\"inLanguage\":\"pt-BR\",\"@id\":\"https:\/\/www.gaveanews.com\/index.php\/2024\/12\/17\/idolo-do-palmeiras-ze-roberto-e-sincero-ao-falar-sobre-dudu\/#primaryimage\",\"url\":\"https:\/\/www.gaveanews.com\/wp-content\/uploads\/dudu-palmeiras.webp\",\"contentUrl\":\"https:\/\/www.gaveanews.com\/wp-content\/uploads\/dudu-palmeiras.webp\",\"width\":846,\"height\":476,\"caption\":\"Dudu em jogo do Palmeiras (Foto: Cesar Greco\/Palmeiras)\"},{\"@type\":\"BreadcrumbList\",\"@id\":\"https:\/\/www.gaveanews.com\/index.php\/2024\/12\/17\/idolo-do-palmeiras-ze-roberto-e-sincero-ao-falar-sobre-dudu\/#breadcrumb\",\"itemListElement\":[{\"@type\":\"ListItem\",\"position\":1,\"name\":\"Home\",\"item\":\"https:\/\/www.gaveanews.com\/\"},{\"@type\":\"ListItem\",\"position\":2,\"name\":\"\u00cddolo do Palmeiras, Z\u00e9 Roberto \u00e9 sincero ao falar sobre Dudu\"}]},{\"@type\":\"WebSite\",\"@id\":\"https:\/\/www.gaveanews.com\/#website\",\"url\":\"https:\/\/www.gaveanews.com\/\",\"name\":\"G\u00e1vea News\",\"description\":\"Veja todas as not\u00edcias sobre o Flamengo: Contrata\u00e7\u00f5es, categorias de base, resultados das partidas, tabela de classifica\u00e7\u00e3o, pr\u00f3ximos jogos!\",\"potentialAction\":[{\"@type\":\"SearchAction\",\"target\":{\"@type\":\"EntryPoint\",\"urlTemplate\":\"https:\/\/www.gaveanews.com\/?s={search_term_string}\"},\"query-input\":{\"@type\":\"PropertyValueSpecification\",\"valueRequired\":true,\"valueName\":\"search_term_string\"}}],\"inLanguage\":\"pt-BR\"},{\"@type\":\"Person\",\"@id\":\"https:\/\/www.gaveanews.com\/#\/schema\/person\/bd08f00534b403119b92741a6d469ef0\",\"name\":\"Hudson Pereira\",\"image\":{\"@type\":\"ImageObject\",\"inLanguage\":\"pt-BR\",\"@id\":\"https:\/\/www.gaveanews.com\/#\/schema\/person\/image\/\",\"url\":\"https:\/\/secure.gravatar.com\/avatar\/ecc491b489e454e510efffc9b23c1052ce5fb4f2e05555768ba65819cd55f03e?s=96&d=mm&r=g\",\"contentUrl\":\"https:\/\/secure.gravatar.com\/avatar\/ecc491b489e454e510efffc9b23c1052ce5fb4f2e05555768ba65819cd55f03e?s=96&d=mm&r=g\",\"caption\":\"Hudson Pereira\"}}]}<\/script>\n<!-- \/ Yoast SEO Premium plugin. -->","yoast_head_json":{"title":"\u00cddolo do Palmeiras, Z\u00e9 Roberto \u00e9 sincero ao falar sobre Dudu","robots":{"index":"index","follow":"follow","max-snippet":"max-snippet:-1","max-image-preview":"max-image-preview:large","max-video-preview":"max-video-preview:-1"},"canonical":"https:\/\/www.gaveanews.com\/index.php\/2024\/12\/17\/idolo-do-palmeiras-ze-roberto-e-sincero-ao-falar-sobre-dudu\/","og_locale":"pt_BR","og_type":"article","og_title":"\u00cddolo do Palmeiras, Z\u00e9 Roberto \u00e9 sincero ao falar sobre Dudu","og_description":"Z\u00e9 Roberto expressou insatisfa\u00e7\u00e3o ao comentar a rescis\u00e3o contratual de Dudu com o Palmeiras. A declara\u00e7\u00e3o ocorreu durante uma entrevista ao programa \u201cSportscenter\u201d, da ESPN, ap\u00f3s o amistoso realizado neste \u00faltimo s\u00e1bado (14) entre os \u201cAmigos de Ronaldinho\u201d e os \u201cAmigos de Cafu\u201d. O ex-meio-campista e \u00eddolo do clube n\u00e3o escondeu seu descontentamento com a [&hellip;]","og_url":"https:\/\/www.gaveanews.com\/index.php\/2024\/12\/17\/idolo-do-palmeiras-ze-roberto-e-sincero-ao-falar-sobre-dudu\/","og_site_name":"G\u00e1vea News","article_publisher":"https:\/\/facebook.com\/gaveaNews\/","article_published_time":"2024-12-17T14:55:29+00:00","og_image":[{"width":846,"height":476,"url":"https:\/\/www.gaveanews.com\/wp-content\/uploads\/dudu-palmeiras.webp","type":"image\/webp"}],"author":"Hudson Pereira","twitter_card":"summary_large_image","twitter_misc":{"Escrito por":"Hudson Pereira","Est. tempo de leitura":"3 minutos"},"schema":{"@context":"https:\/\/schema.org","@graph":[{"@type":"NewsArticle","@id":"https:\/\/www.gaveanews.com\/index.php\/2024\/12\/17\/idolo-do-palmeiras-ze-roberto-e-sincero-ao-falar-sobre-dudu\/#article","isPartOf":{"@id":"https:\/\/www.gaveanews.com\/index.php\/2024\/12\/17\/idolo-do-palmeiras-ze-roberto-e-sincero-ao-falar-sobre-dudu\/"},"author":{"name":"Hudson Pereira","@id":"https:\/\/www.gaveanews.com\/#\/schema\/person\/bd08f00534b403119b92741a6d469ef0"},"headline":"\u00cddolo do Palmeiras, Z\u00e9 Roberto \u00e9 sincero ao falar sobre Dudu","datePublished":"2024-12-17T14:55:29+00:00","mainEntityOfPage":{"@id":"https:\/\/www.gaveanews.com\/index.php\/2024\/12\/17\/idolo-do-palmeiras-ze-roberto-e-sincero-ao-falar-sobre-dudu\/"},"wordCount":425,"commentCount":0,"image":{"@id":"https:\/\/www.gaveanews.com\/index.php\/2024\/12\/17\/idolo-do-palmeiras-ze-roberto-e-sincero-ao-falar-sobre-dudu\/#primaryimage"},"thumbnailUrl":"https:\/\/www.gaveanews.com\/wp-content\/uploads\/dudu-palmeiras.webp","articleSection":["Palmeiras"],"inLanguage":"pt-BR","potentialAction":[{"@type":"CommentAction","name":"Comment","target":["https:\/\/www.gaveanews.com\/index.php\/2024\/12\/17\/idolo-do-palmeiras-ze-roberto-e-sincero-ao-falar-sobre-dudu\/#respond"]}],"copyrightYear":"2024","copyrightHolder":{"@id":"https:\/\/www.gaveanews.com\/#organization"}},{"@type":"WebPage","@id":"https:\/\/www.gaveanews.com\/index.php\/2024\/12\/17\/idolo-do-palmeiras-ze-roberto-e-sincero-ao-falar-sobre-dudu\/","url":"https:\/\/www.gaveanews.com\/index.php\/2024\/12\/17\/idolo-do-palmeiras-ze-roberto-e-sincero-ao-falar-sobre-dudu\/","name":"\u00cddolo do Palmeiras, Z\u00e9 Roberto \u00e9 sincero ao falar sobre Dudu","isPartOf":{"@id":"https:\/\/www.gaveanews.com\/#website"},"primaryImageOfPage":{"@id":"https:\/\/www.gaveanews.com\/index.php\/2024\/12\/17\/idolo-do-palmeiras-ze-roberto-e-sincero-ao-falar-sobre-dudu\/#primaryimage"},"image":{"@id":"https:\/\/www.gaveanews.com\/index.php\/2024\/12\/17\/idolo-do-palmeiras-ze-roberto-e-sincero-ao-falar-sobre-dudu\/#primaryimage"},"thumbnailUrl":"https:\/\/www.gaveanews.com\/wp-content\/uploads\/dudu-palmeiras.webp","datePublished":"2024-12-17T14:55:29+00:00","author":{"@id":"https:\/\/www.gaveanews.com\/#\/schema\/person\/bd08f00534b403119b92741a6d469ef0"},"breadcrumb":{"@id":"https:\/\/www.gaveanews.com\/index.php\/2024\/12\/17\/idolo-do-palmeiras-ze-roberto-e-sincero-ao-falar-sobre-dudu\/#breadcrumb"},"inLanguage":"pt-BR","potentialAction":[{"@type":"ReadAction","target":["https:\/\/www.gaveanews.com\/index.php\/2024\/12\/17\/idolo-do-palmeiras-ze-roberto-e-sincero-ao-falar-sobre-dudu\/"]}]},{"@type":"ImageObject","inLanguage":"pt-BR","@id":"https:\/\/www.gaveanews.com\/index.php\/2024\/12\/17\/idolo-do-palmeiras-ze-roberto-e-sincero-ao-falar-sobre-dudu\/#primaryimage","url":"https:\/\/www.gaveanews.com\/wp-content\/uploads\/dudu-palmeiras.webp","contentUrl":"https:\/\/www.gaveanews.com\/wp-content\/uploads\/dudu-palmeiras.webp","width":846,"height":476,"caption":"Dudu em jogo do Palmeiras (Foto: Cesar Greco\/Palmeiras)"},{"@type":"BreadcrumbList","@id":"https:\/\/www.gaveanews.com\/index.php\/2024\/12\/17\/idolo-do-palmeiras-ze-roberto-e-sincero-ao-falar-sobre-dudu\/#breadcrumb","itemListElement":[{"@type":"ListItem","position":1,"name":"Home","item":"https:\/\/www.gaveanews.com\/"},{"@type":"ListItem","position":2,"name":"\u00cddolo do Palmeiras, Z\u00e9 Roberto \u00e9 sincero ao falar sobre Dudu"}]},{"@type":"WebSite","@id":"https:\/\/www.gaveanews.com\/#website","url":"https:\/\/www.gaveanews.com\/","name":"G\u00e1vea News","description":"Veja todas as not\u00edcias sobre o Flamengo: Contrata\u00e7\u00f5es, categorias de base, resultados das partidas, tabela de classifica\u00e7\u00e3o, pr\u00f3ximos jogos!","potentialAction":[{"@type":"SearchAction","target":{"@type":"EntryPoint","urlTemplate":"https:\/\/www.gaveanews.com\/?s={search_term_string}"},"query-input":{"@type":"PropertyValueSpecification","valueRequired":true,"valueName":"search_term_string"}}],"inLanguage":"pt-BR"},{"@type":"Person","@id":"https:\/\/www.gaveanews.com\/#\/schema\/person\/bd08f00534b403119b92741a6d469ef0","name":"Hudson Pereira","image":{"@type":"ImageObject","inLanguage":"pt-BR","@id":"https:\/\/www.gaveanews.com\/#\/schema\/person\/image\/","url":"https:\/\/secure.gravatar.com\/avatar\/ecc491b489e454e510efffc9b23c1052ce5fb4f2e05555768ba65819cd55f03e?s=96&d=mm&r=g","contentUrl":"https:\/\/secure.gravatar.com\/avatar\/ecc491b489e454e510efffc9b23c1052ce5fb4f2e05555768ba65819cd55f03e?s=96&d=mm&r=g","caption":"Hudson Pereira"}}]}},"_links":{"self":[{"href":"https:\/\/www.gaveanews.com\/index.php\/wp-json\/wp\/v2\/posts\/200226","targetHints":{"allow":["GET"]}}],"collection":[{"href":"https:\/\/www.gaveanews.com\/index.php\/wp-json\/wp\/v2\/posts"}],"about":[{"href":"https:\/\/www.gaveanews.com\/index.php\/wp-json\/wp\/v2\/types\/post"}],"author":[{"embeddable":true,"href":"https:\/\/www.gaveanews.com\/index.php\/wp-json\/wp\/v2\/users\/28"}],"replies":[{"embeddable":true,"href":"https:\/\/www.gaveanews.com\/index.php\/wp-json\/wp\/v2\/comments?post=200226"}],"version-history":[{"count":3,"href":"https:\/\/www.gaveanews.com\/index.php\/wp-json\/wp\/v2\/posts\/200226\/revisions"}],"predecessor-version":[{"id":200231,"href":"https:\/\/www.gaveanews.com\/index.php\/wp-json\/wp\/v2\/posts\/200226\/revisions\/200231"}],"wp:featuredmedia":[{"embeddable":true,"href":"https:\/\/www.gaveanews.com\/index.php\/wp-json\/wp\/v2\/media\/91439"}],"wp:attachment":[{"href":"https:\/\/www.gaveanews.com\/index.php\/wp-json\/wp\/v2\/media?parent=200226"}],"wp:term":[{"taxonomy":"category","embeddable":true,"href":"https:\/\/www.gaveanews.com\/index.php\/wp-json\/wp\/v2\/categories?post=200226"},{"taxonomy":"post_tag","embeddable":true,"href":"https:\/\/www.gaveanews.com\/index.php\/wp-json\/wp\/v2\/tags?post=200226"}],"curies":[{"name":"wp","href":"https:\/\/api.w.org\/{rel}","templated":true}]}}