{"id":200399,"date":"2024-12-17T20:50:00","date_gmt":"2024-12-17T23:50:00","guid":{"rendered":"https:\/\/www.gaveanews.com\/?p=200399"},"modified":"2024-12-17T20:25:12","modified_gmt":"2024-12-17T23:25:12","slug":"corinthians-a-declaracao-de-augusto-melo-direcionada-a-fabinho-soldado","status":"publish","type":"post","link":"https:\/\/www.gaveanews.com\/index.php\/2024\/12\/17\/corinthians-a-declaracao-de-augusto-melo-direcionada-a-fabinho-soldado\/","title":{"rendered":"Corinthians: a declara\u00e7\u00e3o de Augusto Melo direcionada a Fabinho Soldado"},"content":{"rendered":"\n<h2 class=\"wp-block-heading\" id=\"h-confira-o-que-o-presidente-disse\">Confira o que o presidente disse<\/h2>\n\n\n\n<p>A efici\u00eancia de Fabinho Soldado como executivo de futebol do Corinthians despertou o interesse de outras equipes, que chegaram a consultar o profissional. Quando questionado sobre isso, Augusto Melo, presidente do clube alvinegro, declarou que j\u00e1 estava ciente do ass\u00e9dio, por\u00e9m, Fabinho garantiu que permaneceria no clube e elogiou sua conduta profissional.<\/p>\n\n\n\n<ul class=\"wp-block-list\">\n<li><a href=\"https:\/\/www.gaveanews.com\/index.php\/2024\/12\/17\/a-declaracao-de-talles-magno-sobre-a-vaquinha-do-corinthians\/\">A declara\u00e7\u00e3o de Talles Magno sobre a vaquinha do Corinthians<\/a><\/li>\n\n\n\n<li><a href=\"https:\/\/www.gaveanews.com\/index.php\/2024\/12\/17\/corinthians-pode-emprestar-zagueiro-para-clube-do-nordeste\/\">Corinthians pode emprestar zagueiro para clube do nordeste<br><\/a><\/li>\n<\/ul>\n\n\n\n<p>\u201cEle chegou a falar para mim que, por mais que chegasse a proposta, ele entrou comigo, ele s\u00f3 sairia conosco, e ele \u00e9 um tremendo profissional. A gente n\u00e3o tinha d\u00favida (que chegariam sondagens), porque o Corinthians \u00e9 isso, o Corinthians \u00e9 vitrine para o mundo inteiro. Quem joga no Corinthians, quem administra o Corinthians, quem gerencia o Corinthians, pode gerenciar qualquer clube do mundo, porque a press\u00e3o aqui n\u00e3o \u00e9 f\u00e1cil\u201d, iniciou Augusto Melo em entrevista \u00e0<em>&nbsp;R\u00e1dio Craque Neto<\/em>.<\/p>\n\n\n\n<p>\u201cEu n\u00e3o tinha d\u00favida que ele ia fazer sucesso aqui, e com isso ele ia despertar interesse em v\u00e1rios clubes, que \u00e9 o que vem acontecendo, hoje s\u00e3o poucos com essas caracter\u00edsticas, e o Fabinho entendeu muito r\u00e1pido as nossas caracter\u00edsticas, o nosso planejamento, tudo que a gente queria para o Corinthians, ele entendeu, se adaptou muito r\u00e1pido, por isso que est\u00e1 a\u00ed hoje sendo vitrine para o mundo\u201d, continuou.<\/p>\n\n\n\n<figure class=\"wp-block-embed is-type-photo is-provider-flickr wp-block-embed-flickr\"><div class=\"wp-block-embed__wrapper\">\n<a href=\"https:\/\/www.flickr.com\/photos\/201636948@N07\/54211091888\/in\/dateposted-public\/\"><img loading=\"lazy\" decoding=\"async\" src=\"https:\/\/live.staticflickr.com\/65535\/54211091888_a342917f5c_z.webp\" alt=\"image (4)\" width=\"640\" height=\"395\" \/><\/a>\n<\/div><\/figure>\n\n\n\n<p>\u201cEle est\u00e1 muito feliz no Corinthians, e ele s\u00f3 falou que s\u00f3 sairia daqui se a gente realmente sa\u00edsse e se o planejamento fosse desmanchado durante esse processo todo, mas gra\u00e7as a Deus est\u00e1 caminhando tudo bem, e o Fabinho fica com a gente at\u00e9 o final do mandado, se Deus quiser\u201d, finalizou.<\/p>\n\n\n\n<p>Fabinho Soldado desempenhou um papel crucial na janela de meio de ano do Corinthians. Hugo Souza, Andr\u00e9 Ramalho, Charles, Alex Santana, Jos\u00e9 Mart\u00ednez, Talles Magno, Andr\u00e9 Carrillo e Memphis Depay foram contratados pelo clube nessa temporada e ajudaram o time na luta pelo rebaixamento e na busca da vaga na pr\u00e9-libertadores.<\/p>\n\n\n\n<p>O executivo deixou o Flamengo, onde atuava desde 2017, para colaborar no Parque S\u00e3o Jorge com Rub\u00e3o, o atual diretor do Corinthians. Na carreira de atleta, F\u00e1bio de Jesus conquistou o t\u00edtulo brasileiro pelo Santos, conquistou a Libertadores e o Mundial pelo Inter, al\u00e9m de conquistar a Copa do Brasil pelo Fluminense.<\/p>\n","protected":false},"excerpt":{"rendered":"<p>Confira o que o presidente disse A efici\u00eancia de Fabinho Soldado como executivo de futebol do Corinthians despertou o interesse de outras equipes, que chegaram a consultar o profissional. Quando questionado sobre isso, Augusto Melo, presidente do clube alvinegro, declarou que j\u00e1 estava ciente do ass\u00e9dio, por\u00e9m, Fabinho garantiu que permaneceria no clube e elogiou [&hellip;]<\/p>\n","protected":false},"author":16,"featured_media":145590,"comment_status":"open","ping_status":"closed","sticky":false,"template":"","format":"standard","meta":{"footnotes":""},"categories":[141],"tags":[],"class_list":["post-200399","post","type-post","status-publish","format-standard","has-post-thumbnail","hentry","category-corinthians"],"yoast_head":"<!-- This site is optimized with the Yoast SEO Premium plugin v24.2 (Yoast SEO v26.9) - https:\/\/yoast.com\/product\/yoast-seo-premium-wordpress\/ -->\n<title>Corinthians: a declara\u00e7\u00e3o de Augusto Melo direcionada a Fabinho Soldado<\/title>\n<meta name=\"robots\" content=\"index, follow, max-snippet:-1, max-image-preview:large, max-video-preview:-1\" \/>\n<link rel=\"canonical\" href=\"https:\/\/www.gaveanews.com\/index.php\/2024\/12\/17\/corinthians-a-declaracao-de-augusto-melo-direcionada-a-fabinho-soldado\/\" \/>\n<meta property=\"og:locale\" content=\"pt_BR\" \/>\n<meta property=\"og:type\" content=\"article\" \/>\n<meta property=\"og:title\" content=\"Corinthians: a declara\u00e7\u00e3o de Augusto Melo direcionada a Fabinho Soldado\" \/>\n<meta property=\"og:description\" content=\"Confira o que o presidente disse A efici\u00eancia de Fabinho Soldado como executivo de futebol do Corinthians despertou o interesse de outras equipes, que chegaram a consultar o profissional. Quando questionado sobre isso, Augusto Melo, presidente do clube alvinegro, declarou que j\u00e1 estava ciente do ass\u00e9dio, por\u00e9m, Fabinho garantiu que permaneceria no clube e elogiou [&hellip;]\" \/>\n<meta property=\"og:url\" content=\"https:\/\/www.gaveanews.com\/index.php\/2024\/12\/17\/corinthians-a-declaracao-de-augusto-melo-direcionada-a-fabinho-soldado\/\" \/>\n<meta property=\"og:site_name\" content=\"G\u00e1vea News\" \/>\n<meta property=\"article:publisher\" content=\"https:\/\/facebook.com\/gaveaNews\/\" \/>\n<meta property=\"article:published_time\" content=\"2024-12-17T23:50:00+00:00\" \/>\n<meta property=\"og:image\" content=\"https:\/\/www.gaveanews.com\/wp-content\/uploads\/Augusto-Melo-durante-coletiva-de-imprensa-do-Corinthians.webp\" \/>\n\t<meta property=\"og:image:width\" content=\"1920\" \/>\n\t<meta property=\"og:image:height\" content=\"1080\" \/>\n\t<meta property=\"og:image:type\" content=\"image\/jpeg\" \/>\n<meta name=\"author\" content=\"D\u00e9bora Figueiredo\" \/>\n<meta name=\"twitter:card\" content=\"summary_large_image\" \/>\n<meta name=\"twitter:label1\" content=\"Escrito por\" \/>\n\t<meta name=\"twitter:data1\" content=\"D\u00e9bora Figueiredo\" \/>\n\t<meta name=\"twitter:label2\" content=\"Est. tempo de leitura\" \/>\n\t<meta name=\"twitter:data2\" content=\"3 minutos\" \/>\n<script type=\"application\/ld+json\" class=\"yoast-schema-graph\">{\"@context\":\"https:\/\/schema.org\",\"@graph\":[{\"@type\":\"NewsArticle\",\"@id\":\"https:\/\/www.gaveanews.com\/index.php\/2024\/12\/17\/corinthians-a-declaracao-de-augusto-melo-direcionada-a-fabinho-soldado\/#article\",\"isPartOf\":{\"@id\":\"https:\/\/www.gaveanews.com\/index.php\/2024\/12\/17\/corinthians-a-declaracao-de-augusto-melo-direcionada-a-fabinho-soldado\/\"},\"author\":{\"name\":\"D\u00e9bora Figueiredo\",\"@id\":\"https:\/\/www.gaveanews.com\/#\/schema\/person\/37122681a8575a5c8db05a56f099a5e4\"},\"headline\":\"Corinthians: a declara\u00e7\u00e3o de Augusto Melo direcionada a Fabinho Soldado\",\"datePublished\":\"2024-12-17T23:50:00+00:00\",\"mainEntityOfPage\":{\"@id\":\"https:\/\/www.gaveanews.com\/index.php\/2024\/12\/17\/corinthians-a-declaracao-de-augusto-melo-direcionada-a-fabinho-soldado\/\"},\"wordCount\":423,\"commentCount\":0,\"image\":{\"@id\":\"https:\/\/www.gaveanews.com\/index.php\/2024\/12\/17\/corinthians-a-declaracao-de-augusto-melo-direcionada-a-fabinho-soldado\/#primaryimage\"},\"thumbnailUrl\":\"https:\/\/www.gaveanews.com\/wp-content\/uploads\/Augusto-Melo-durante-coletiva-de-imprensa-do-Corinthians.webp\",\"articleSection\":[\"Corinthians\"],\"inLanguage\":\"pt-BR\",\"potentialAction\":[{\"@type\":\"CommentAction\",\"name\":\"Comment\",\"target\":[\"https:\/\/www.gaveanews.com\/index.php\/2024\/12\/17\/corinthians-a-declaracao-de-augusto-melo-direcionada-a-fabinho-soldado\/#respond\"]}],\"copyrightYear\":\"2024\",\"copyrightHolder\":{\"@id\":\"https:\/\/www.gaveanews.com\/#organization\"}},{\"@type\":\"WebPage\",\"@id\":\"https:\/\/www.gaveanews.com\/index.php\/2024\/12\/17\/corinthians-a-declaracao-de-augusto-melo-direcionada-a-fabinho-soldado\/\",\"url\":\"https:\/\/www.gaveanews.com\/index.php\/2024\/12\/17\/corinthians-a-declaracao-de-augusto-melo-direcionada-a-fabinho-soldado\/\",\"name\":\"Corinthians: a declara\u00e7\u00e3o de Augusto Melo direcionada a Fabinho Soldado\",\"isPartOf\":{\"@id\":\"https:\/\/www.gaveanews.com\/#website\"},\"primaryImageOfPage\":{\"@id\":\"https:\/\/www.gaveanews.com\/index.php\/2024\/12\/17\/corinthians-a-declaracao-de-augusto-melo-direcionada-a-fabinho-soldado\/#primaryimage\"},\"image\":{\"@id\":\"https:\/\/www.gaveanews.com\/index.php\/2024\/12\/17\/corinthians-a-declaracao-de-augusto-melo-direcionada-a-fabinho-soldado\/#primaryimage\"},\"thumbnailUrl\":\"https:\/\/www.gaveanews.com\/wp-content\/uploads\/Augusto-Melo-durante-coletiva-de-imprensa-do-Corinthians.webp\",\"datePublished\":\"2024-12-17T23:50:00+00:00\",\"author\":{\"@id\":\"https:\/\/www.gaveanews.com\/#\/schema\/person\/37122681a8575a5c8db05a56f099a5e4\"},\"breadcrumb\":{\"@id\":\"https:\/\/www.gaveanews.com\/index.php\/2024\/12\/17\/corinthians-a-declaracao-de-augusto-melo-direcionada-a-fabinho-soldado\/#breadcrumb\"},\"inLanguage\":\"pt-BR\",\"potentialAction\":[{\"@type\":\"ReadAction\",\"target\":[\"https:\/\/www.gaveanews.com\/index.php\/2024\/12\/17\/corinthians-a-declaracao-de-augusto-melo-direcionada-a-fabinho-soldado\/\"]}]},{\"@type\":\"ImageObject\",\"inLanguage\":\"pt-BR\",\"@id\":\"https:\/\/www.gaveanews.com\/index.php\/2024\/12\/17\/corinthians-a-declaracao-de-augusto-melo-direcionada-a-fabinho-soldado\/#primaryimage\",\"url\":\"https:\/\/www.gaveanews.com\/wp-content\/uploads\/Augusto-Melo-durante-coletiva-de-imprensa-do-Corinthians.webp\",\"contentUrl\":\"https:\/\/www.gaveanews.com\/wp-content\/uploads\/Augusto-Melo-durante-coletiva-de-imprensa-do-Corinthians.webp\",\"width\":1920,\"height\":1080,\"caption\":\"Augusto Melo durante coletiva de imprensa do Corinthians (Foto: Rodrigo Coca\/ Corinthians)\"},{\"@type\":\"BreadcrumbList\",\"@id\":\"https:\/\/www.gaveanews.com\/index.php\/2024\/12\/17\/corinthians-a-declaracao-de-augusto-melo-direcionada-a-fabinho-soldado\/#breadcrumb\",\"itemListElement\":[{\"@type\":\"ListItem\",\"position\":1,\"name\":\"Home\",\"item\":\"https:\/\/www.gaveanews.com\/\"},{\"@type\":\"ListItem\",\"position\":2,\"name\":\"Corinthians: a declara\u00e7\u00e3o de Augusto Melo direcionada a Fabinho Soldado\"}]},{\"@type\":\"WebSite\",\"@id\":\"https:\/\/www.gaveanews.com\/#website\",\"url\":\"https:\/\/www.gaveanews.com\/\",\"name\":\"G\u00e1vea News\",\"description\":\"Veja todas as not\u00edcias sobre o Flamengo: Contrata\u00e7\u00f5es, categorias de base, resultados das partidas, tabela de classifica\u00e7\u00e3o, pr\u00f3ximos jogos!\",\"potentialAction\":[{\"@type\":\"SearchAction\",\"target\":{\"@type\":\"EntryPoint\",\"urlTemplate\":\"https:\/\/www.gaveanews.com\/?s={search_term_string}\"},\"query-input\":{\"@type\":\"PropertyValueSpecification\",\"valueRequired\":true,\"valueName\":\"search_term_string\"}}],\"inLanguage\":\"pt-BR\"},{\"@type\":\"Person\",\"@id\":\"https:\/\/www.gaveanews.com\/#\/schema\/person\/37122681a8575a5c8db05a56f099a5e4\",\"name\":\"D\u00e9bora Figueiredo\",\"image\":{\"@type\":\"ImageObject\",\"inLanguage\":\"pt-BR\",\"@id\":\"https:\/\/www.gaveanews.com\/#\/schema\/person\/image\/\",\"url\":\"https:\/\/secure.gravatar.com\/avatar\/1f44802859351588499d26f52aed1d15796ce17e67602895b72837c08018868d?s=96&d=mm&r=g\",\"contentUrl\":\"https:\/\/secure.gravatar.com\/avatar\/1f44802859351588499d26f52aed1d15796ce17e67602895b72837c08018868d?s=96&d=mm&r=g\",\"caption\":\"D\u00e9bora Figueiredo\"}}]}<\/script>\n<!-- \/ Yoast SEO Premium plugin. -->","yoast_head_json":{"title":"Corinthians: a declara\u00e7\u00e3o de Augusto Melo direcionada a Fabinho Soldado","robots":{"index":"index","follow":"follow","max-snippet":"max-snippet:-1","max-image-preview":"max-image-preview:large","max-video-preview":"max-video-preview:-1"},"canonical":"https:\/\/www.gaveanews.com\/index.php\/2024\/12\/17\/corinthians-a-declaracao-de-augusto-melo-direcionada-a-fabinho-soldado\/","og_locale":"pt_BR","og_type":"article","og_title":"Corinthians: a declara\u00e7\u00e3o de Augusto Melo direcionada a Fabinho Soldado","og_description":"Confira o que o presidente disse A efici\u00eancia de Fabinho Soldado como executivo de futebol do Corinthians despertou o interesse de outras equipes, que chegaram a consultar o profissional. Quando questionado sobre isso, Augusto Melo, presidente do clube alvinegro, declarou que j\u00e1 estava ciente do ass\u00e9dio, por\u00e9m, Fabinho garantiu que permaneceria no clube e elogiou [&hellip;]","og_url":"https:\/\/www.gaveanews.com\/index.php\/2024\/12\/17\/corinthians-a-declaracao-de-augusto-melo-direcionada-a-fabinho-soldado\/","og_site_name":"G\u00e1vea News","article_publisher":"https:\/\/facebook.com\/gaveaNews\/","article_published_time":"2024-12-17T23:50:00+00:00","og_image":[{"width":1920,"height":1080,"url":"https:\/\/www.gaveanews.com\/wp-content\/uploads\/Augusto-Melo-durante-coletiva-de-imprensa-do-Corinthians.webp","type":"image\/jpeg"}],"author":"D\u00e9bora Figueiredo","twitter_card":"summary_large_image","twitter_misc":{"Escrito por":"D\u00e9bora Figueiredo","Est. tempo de leitura":"3 minutos"},"schema":{"@context":"https:\/\/schema.org","@graph":[{"@type":"NewsArticle","@id":"https:\/\/www.gaveanews.com\/index.php\/2024\/12\/17\/corinthians-a-declaracao-de-augusto-melo-direcionada-a-fabinho-soldado\/#article","isPartOf":{"@id":"https:\/\/www.gaveanews.com\/index.php\/2024\/12\/17\/corinthians-a-declaracao-de-augusto-melo-direcionada-a-fabinho-soldado\/"},"author":{"name":"D\u00e9bora Figueiredo","@id":"https:\/\/www.gaveanews.com\/#\/schema\/person\/37122681a8575a5c8db05a56f099a5e4"},"headline":"Corinthians: a declara\u00e7\u00e3o de Augusto Melo direcionada a Fabinho Soldado","datePublished":"2024-12-17T23:50:00+00:00","mainEntityOfPage":{"@id":"https:\/\/www.gaveanews.com\/index.php\/2024\/12\/17\/corinthians-a-declaracao-de-augusto-melo-direcionada-a-fabinho-soldado\/"},"wordCount":423,"commentCount":0,"image":{"@id":"https:\/\/www.gaveanews.com\/index.php\/2024\/12\/17\/corinthians-a-declaracao-de-augusto-melo-direcionada-a-fabinho-soldado\/#primaryimage"},"thumbnailUrl":"https:\/\/www.gaveanews.com\/wp-content\/uploads\/Augusto-Melo-durante-coletiva-de-imprensa-do-Corinthians.webp","articleSection":["Corinthians"],"inLanguage":"pt-BR","potentialAction":[{"@type":"CommentAction","name":"Comment","target":["https:\/\/www.gaveanews.com\/index.php\/2024\/12\/17\/corinthians-a-declaracao-de-augusto-melo-direcionada-a-fabinho-soldado\/#respond"]}],"copyrightYear":"2024","copyrightHolder":{"@id":"https:\/\/www.gaveanews.com\/#organization"}},{"@type":"WebPage","@id":"https:\/\/www.gaveanews.com\/index.php\/2024\/12\/17\/corinthians-a-declaracao-de-augusto-melo-direcionada-a-fabinho-soldado\/","url":"https:\/\/www.gaveanews.com\/index.php\/2024\/12\/17\/corinthians-a-declaracao-de-augusto-melo-direcionada-a-fabinho-soldado\/","name":"Corinthians: a declara\u00e7\u00e3o de Augusto Melo direcionada a Fabinho Soldado","isPartOf":{"@id":"https:\/\/www.gaveanews.com\/#website"},"primaryImageOfPage":{"@id":"https:\/\/www.gaveanews.com\/index.php\/2024\/12\/17\/corinthians-a-declaracao-de-augusto-melo-direcionada-a-fabinho-soldado\/#primaryimage"},"image":{"@id":"https:\/\/www.gaveanews.com\/index.php\/2024\/12\/17\/corinthians-a-declaracao-de-augusto-melo-direcionada-a-fabinho-soldado\/#primaryimage"},"thumbnailUrl":"https:\/\/www.gaveanews.com\/wp-content\/uploads\/Augusto-Melo-durante-coletiva-de-imprensa-do-Corinthians.webp","datePublished":"2024-12-17T23:50:00+00:00","author":{"@id":"https:\/\/www.gaveanews.com\/#\/schema\/person\/37122681a8575a5c8db05a56f099a5e4"},"breadcrumb":{"@id":"https:\/\/www.gaveanews.com\/index.php\/2024\/12\/17\/corinthians-a-declaracao-de-augusto-melo-direcionada-a-fabinho-soldado\/#breadcrumb"},"inLanguage":"pt-BR","potentialAction":[{"@type":"ReadAction","target":["https:\/\/www.gaveanews.com\/index.php\/2024\/12\/17\/corinthians-a-declaracao-de-augusto-melo-direcionada-a-fabinho-soldado\/"]}]},{"@type":"ImageObject","inLanguage":"pt-BR","@id":"https:\/\/www.gaveanews.com\/index.php\/2024\/12\/17\/corinthians-a-declaracao-de-augusto-melo-direcionada-a-fabinho-soldado\/#primaryimage","url":"https:\/\/www.gaveanews.com\/wp-content\/uploads\/Augusto-Melo-durante-coletiva-de-imprensa-do-Corinthians.webp","contentUrl":"https:\/\/www.gaveanews.com\/wp-content\/uploads\/Augusto-Melo-durante-coletiva-de-imprensa-do-Corinthians.webp","width":1920,"height":1080,"caption":"Augusto Melo durante coletiva de imprensa do Corinthians (Foto: Rodrigo Coca\/ Corinthians)"},{"@type":"BreadcrumbList","@id":"https:\/\/www.gaveanews.com\/index.php\/2024\/12\/17\/corinthians-a-declaracao-de-augusto-melo-direcionada-a-fabinho-soldado\/#breadcrumb","itemListElement":[{"@type":"ListItem","position":1,"name":"Home","item":"https:\/\/www.gaveanews.com\/"},{"@type":"ListItem","position":2,"name":"Corinthians: a declara\u00e7\u00e3o de Augusto Melo direcionada a Fabinho Soldado"}]},{"@type":"WebSite","@id":"https:\/\/www.gaveanews.com\/#website","url":"https:\/\/www.gaveanews.com\/","name":"G\u00e1vea News","description":"Veja todas as not\u00edcias sobre o Flamengo: Contrata\u00e7\u00f5es, categorias de base, resultados das partidas, tabela de classifica\u00e7\u00e3o, pr\u00f3ximos jogos!","potentialAction":[{"@type":"SearchAction","target":{"@type":"EntryPoint","urlTemplate":"https:\/\/www.gaveanews.com\/?s={search_term_string}"},"query-input":{"@type":"PropertyValueSpecification","valueRequired":true,"valueName":"search_term_string"}}],"inLanguage":"pt-BR"},{"@type":"Person","@id":"https:\/\/www.gaveanews.com\/#\/schema\/person\/37122681a8575a5c8db05a56f099a5e4","name":"D\u00e9bora Figueiredo","image":{"@type":"ImageObject","inLanguage":"pt-BR","@id":"https:\/\/www.gaveanews.com\/#\/schema\/person\/image\/","url":"https:\/\/secure.gravatar.com\/avatar\/1f44802859351588499d26f52aed1d15796ce17e67602895b72837c08018868d?s=96&d=mm&r=g","contentUrl":"https:\/\/secure.gravatar.com\/avatar\/1f44802859351588499d26f52aed1d15796ce17e67602895b72837c08018868d?s=96&d=mm&r=g","caption":"D\u00e9bora Figueiredo"}}]}},"_links":{"self":[{"href":"https:\/\/www.gaveanews.com\/index.php\/wp-json\/wp\/v2\/posts\/200399","targetHints":{"allow":["GET"]}}],"collection":[{"href":"https:\/\/www.gaveanews.com\/index.php\/wp-json\/wp\/v2\/posts"}],"about":[{"href":"https:\/\/www.gaveanews.com\/index.php\/wp-json\/wp\/v2\/types\/post"}],"author":[{"embeddable":true,"href":"https:\/\/www.gaveanews.com\/index.php\/wp-json\/wp\/v2\/users\/16"}],"replies":[{"embeddable":true,"href":"https:\/\/www.gaveanews.com\/index.php\/wp-json\/wp\/v2\/comments?post=200399"}],"version-history":[{"count":2,"href":"https:\/\/www.gaveanews.com\/index.php\/wp-json\/wp\/v2\/posts\/200399\/revisions"}],"predecessor-version":[{"id":200509,"href":"https:\/\/www.gaveanews.com\/index.php\/wp-json\/wp\/v2\/posts\/200399\/revisions\/200509"}],"wp:featuredmedia":[{"embeddable":true,"href":"https:\/\/www.gaveanews.com\/index.php\/wp-json\/wp\/v2\/media\/145590"}],"wp:attachment":[{"href":"https:\/\/www.gaveanews.com\/index.php\/wp-json\/wp\/v2\/media?parent=200399"}],"wp:term":[{"taxonomy":"category","embeddable":true,"href":"https:\/\/www.gaveanews.com\/index.php\/wp-json\/wp\/v2\/categories?post=200399"},{"taxonomy":"post_tag","embeddable":true,"href":"https:\/\/www.gaveanews.com\/index.php\/wp-json\/wp\/v2\/tags?post=200399"}],"curies":[{"name":"wp","href":"https:\/\/api.w.org\/{rel}","templated":true}]}}