{"id":200503,"date":"2024-12-17T23:05:00","date_gmt":"2024-12-18T02:05:00","guid":{"rendered":"https:\/\/www.gaveanews.com\/?p=200503"},"modified":"2024-12-17T23:01:07","modified_gmt":"2024-12-18T02:01:07","slug":"oficial-cruzeiro-anuncia-mais-uma-contratacao-para-2025","status":"publish","type":"post","link":"https:\/\/www.gaveanews.com\/index.php\/2024\/12\/17\/oficial-cruzeiro-anuncia-mais-uma-contratacao-para-2025\/","title":{"rendered":"Oficial! Cruzeiro anuncia mais uma contrata\u00e7\u00e3o para 2025"},"content":{"rendered":"\n<h2 class=\"wp-block-heading\" id=\"h-cruzeiro-anuncia-rodriguinho-como-reforco-ate-2027\">Cruzeiro anuncia Rodriguinho como refor\u00e7o at\u00e9 2027<\/h2>\n\n\n\n<p>O Cruzeiro oficializou nesta ter\u00e7a-feira (17) a contrata\u00e7\u00e3o do meia Rodriguinho, de 21 anos, revelado nas categorias de base do Am\u00e9rica-MG. O jovem jogador, que estava sem contrato com o Coelho, assinou com a Raposa at\u00e9 o fim de 2027 e ser\u00e1 mais uma op\u00e7\u00e3o no elenco comandado por Fernando Diniz. Al\u00e9m dele, o clube tamb\u00e9m confirmou a chegada do volante Christian, refor\u00e7ando o setor de meio-campo para a pr\u00f3xima temporada.<\/p>\n\n\n\n<ul class=\"wp-block-list\">\n<li><a href=\"https:\/\/www.gaveanews.com\/index.php\/2024\/12\/17\/oficial-cruzeiro-anuncia-nova-contratacao\/\">Oficial! Cruzeiro anuncia nova contrata\u00e7\u00e3o<\/a><\/li>\n\n\n\n<li><a href=\"https:\/\/www.gaveanews.com\/index.php\/2024\/12\/17\/cruzeiro-surpreende-e-encaminha-contratacao-de-atacante\/\">Cruzeiro surpreende e encaminha contrata\u00e7\u00e3o de atacante<\/a><\/li>\n<\/ul>\n\n\n\n<p>Na negocia\u00e7\u00e3o, o Cruzeiro adquiriu 70% dos direitos econ\u00f4micos de Rodriguinho, enquanto o Am\u00e9rica-MG manteve 10% e o pr\u00f3prio atleta ficou com 20%. Em 2024, o meia disputou 25 partidas pelo Am\u00e9rica, marcando quatro gols entre jogos do Campeonato Mineiro e da S\u00e9rie B do Brasileiro.<\/p>\n\n\n\n<p>Rodriguinho come\u00e7ou sua forma\u00e7\u00e3o no Sub-15 do Cruzeiro, mas deixou o clube e foi para o Am\u00e9rica-MG, onde completou quatro anos de base. No Coelho, estreou profissionalmente em 2023 sob o comando de Vagner Mancini, ganhando minutos aos poucos. Com a chegada do t\u00e9cnico Fabi\u00e1n Bustos, o jovem ganhou espa\u00e7o e encerrou a temporada como titular.<\/p>\n\n\n\n<p>Em 2024, Rodriguinho viveu um in\u00edcio irregular, sendo pouco aproveitado por Cauan de Almeida. Uma les\u00e3o no joelho direito, com ruptura do ligamento colateral medial, o afastou dos gramados no primeiro semestre. <\/p>\n\n\n\n<p>Apesar de n\u00e3o precisar de cirurgia, o jogador s\u00f3 voltou a ser relacionado em agosto e, no m\u00eas seguinte, conquistou a titularidade na equipe de Lisca. Na reta final do ano, o meia emendou uma sequ\u00eancia de 12 jogos como titular, consolidando sua import\u00e2ncia no elenco.<\/p>\n\n\n\n<p>Sem renova\u00e7\u00e3o com o Am\u00e9rica-MG, Rodriguinho chamou a aten\u00e7\u00e3o do Cruzeiro, que vinha monitorando sua situa\u00e7\u00e3o h\u00e1 meses. O clube mineiro avan\u00e7ou na negocia\u00e7\u00e3o e conseguiu acertar a contrata\u00e7\u00e3o do atleta em definitivo, apostando em seu potencial para agregar qualidade e versatilidade ao elenco.<\/p>\n","protected":false},"excerpt":{"rendered":"<p>Cruzeiro anuncia Rodriguinho como refor\u00e7o at\u00e9 2027 O Cruzeiro oficializou nesta ter\u00e7a-feira (17) a contrata\u00e7\u00e3o do meia Rodriguinho, de 21 anos, revelado nas categorias de base do Am\u00e9rica-MG. O jovem jogador, que estava sem contrato com o Coelho, assinou com a Raposa at\u00e9 o fim de 2027 e ser\u00e1 mais uma op\u00e7\u00e3o no elenco comandado [&hellip;]<\/p>\n","protected":false},"author":17,"featured_media":163709,"comment_status":"open","ping_status":"closed","sticky":false,"template":"","format":"standard","meta":{"footnotes":""},"categories":[143],"tags":[],"class_list":["post-200503","post","type-post","status-publish","format-standard","has-post-thumbnail","hentry","category-cruzeiro"],"yoast_head":"<!-- This site is optimized with the Yoast SEO Premium plugin v24.2 (Yoast SEO v26.9) - https:\/\/yoast.com\/product\/yoast-seo-premium-wordpress\/ -->\n<title>Oficial! Cruzeiro anuncia mais uma contrata\u00e7\u00e3o para 2025<\/title>\n<meta name=\"robots\" content=\"index, follow, max-snippet:-1, max-image-preview:large, max-video-preview:-1\" \/>\n<link rel=\"canonical\" href=\"https:\/\/www.gaveanews.com\/index.php\/2024\/12\/17\/oficial-cruzeiro-anuncia-mais-uma-contratacao-para-2025\/\" \/>\n<meta property=\"og:locale\" content=\"pt_BR\" \/>\n<meta property=\"og:type\" content=\"article\" \/>\n<meta property=\"og:title\" content=\"Oficial! Cruzeiro anuncia mais uma contrata\u00e7\u00e3o para 2025\" \/>\n<meta property=\"og:description\" content=\"Cruzeiro anuncia Rodriguinho como refor\u00e7o at\u00e9 2027 O Cruzeiro oficializou nesta ter\u00e7a-feira (17) a contrata\u00e7\u00e3o do meia Rodriguinho, de 21 anos, revelado nas categorias de base do Am\u00e9rica-MG. O jovem jogador, que estava sem contrato com o Coelho, assinou com a Raposa at\u00e9 o fim de 2027 e ser\u00e1 mais uma op\u00e7\u00e3o no elenco comandado [&hellip;]\" \/>\n<meta property=\"og:url\" content=\"https:\/\/www.gaveanews.com\/index.php\/2024\/12\/17\/oficial-cruzeiro-anuncia-mais-uma-contratacao-para-2025\/\" \/>\n<meta property=\"og:site_name\" content=\"G\u00e1vea News\" \/>\n<meta property=\"article:publisher\" content=\"https:\/\/facebook.com\/gaveaNews\/\" \/>\n<meta property=\"article:published_time\" content=\"2024-12-18T02:05:00+00:00\" \/>\n<meta property=\"og:image\" content=\"https:\/\/www.gaveanews.com\/wp-content\/uploads\/Camisa-do-Cruzeiro-2024.webp\" \/>\n\t<meta property=\"og:image:width\" content=\"1292\" \/>\n\t<meta property=\"og:image:height\" content=\"861\" \/>\n\t<meta property=\"og:image:type\" content=\"image\/webp\" \/>\n<meta name=\"author\" content=\"Geovanna Thomaz\" \/>\n<meta name=\"twitter:card\" content=\"summary_large_image\" \/>\n<meta name=\"twitter:label1\" content=\"Escrito por\" \/>\n\t<meta name=\"twitter:data1\" content=\"Geovanna Thomaz\" \/>\n\t<meta name=\"twitter:label2\" content=\"Est. tempo de leitura\" \/>\n\t<meta name=\"twitter:data2\" content=\"2 minutos\" \/>\n<script type=\"application\/ld+json\" class=\"yoast-schema-graph\">{\"@context\":\"https:\/\/schema.org\",\"@graph\":[{\"@type\":\"NewsArticle\",\"@id\":\"https:\/\/www.gaveanews.com\/index.php\/2024\/12\/17\/oficial-cruzeiro-anuncia-mais-uma-contratacao-para-2025\/#article\",\"isPartOf\":{\"@id\":\"https:\/\/www.gaveanews.com\/index.php\/2024\/12\/17\/oficial-cruzeiro-anuncia-mais-uma-contratacao-para-2025\/\"},\"author\":{\"name\":\"Geovanna Thomaz\",\"@id\":\"https:\/\/www.gaveanews.com\/#\/schema\/person\/f42654babcd2b2014a1a65af82b081f1\"},\"headline\":\"Oficial! Cruzeiro anuncia mais uma contrata\u00e7\u00e3o para 2025\",\"datePublished\":\"2024-12-18T02:05:00+00:00\",\"mainEntityOfPage\":{\"@id\":\"https:\/\/www.gaveanews.com\/index.php\/2024\/12\/17\/oficial-cruzeiro-anuncia-mais-uma-contratacao-para-2025\/\"},\"wordCount\":346,\"commentCount\":0,\"image\":{\"@id\":\"https:\/\/www.gaveanews.com\/index.php\/2024\/12\/17\/oficial-cruzeiro-anuncia-mais-uma-contratacao-para-2025\/#primaryimage\"},\"thumbnailUrl\":\"https:\/\/www.gaveanews.com\/wp-content\/uploads\/Camisa-do-Cruzeiro-2024.webp\",\"articleSection\":[\"Cruzeiro\"],\"inLanguage\":\"pt-BR\",\"potentialAction\":[{\"@type\":\"CommentAction\",\"name\":\"Comment\",\"target\":[\"https:\/\/www.gaveanews.com\/index.php\/2024\/12\/17\/oficial-cruzeiro-anuncia-mais-uma-contratacao-para-2025\/#respond\"]}],\"copyrightYear\":\"2024\",\"copyrightHolder\":{\"@id\":\"https:\/\/www.gaveanews.com\/#organization\"}},{\"@type\":\"WebPage\",\"@id\":\"https:\/\/www.gaveanews.com\/index.php\/2024\/12\/17\/oficial-cruzeiro-anuncia-mais-uma-contratacao-para-2025\/\",\"url\":\"https:\/\/www.gaveanews.com\/index.php\/2024\/12\/17\/oficial-cruzeiro-anuncia-mais-uma-contratacao-para-2025\/\",\"name\":\"Oficial! Cruzeiro anuncia mais uma contrata\u00e7\u00e3o para 2025\",\"isPartOf\":{\"@id\":\"https:\/\/www.gaveanews.com\/#website\"},\"primaryImageOfPage\":{\"@id\":\"https:\/\/www.gaveanews.com\/index.php\/2024\/12\/17\/oficial-cruzeiro-anuncia-mais-uma-contratacao-para-2025\/#primaryimage\"},\"image\":{\"@id\":\"https:\/\/www.gaveanews.com\/index.php\/2024\/12\/17\/oficial-cruzeiro-anuncia-mais-uma-contratacao-para-2025\/#primaryimage\"},\"thumbnailUrl\":\"https:\/\/www.gaveanews.com\/wp-content\/uploads\/Camisa-do-Cruzeiro-2024.webp\",\"datePublished\":\"2024-12-18T02:05:00+00:00\",\"author\":{\"@id\":\"https:\/\/www.gaveanews.com\/#\/schema\/person\/f42654babcd2b2014a1a65af82b081f1\"},\"breadcrumb\":{\"@id\":\"https:\/\/www.gaveanews.com\/index.php\/2024\/12\/17\/oficial-cruzeiro-anuncia-mais-uma-contratacao-para-2025\/#breadcrumb\"},\"inLanguage\":\"pt-BR\",\"potentialAction\":[{\"@type\":\"ReadAction\",\"target\":[\"https:\/\/www.gaveanews.com\/index.php\/2024\/12\/17\/oficial-cruzeiro-anuncia-mais-uma-contratacao-para-2025\/\"]}]},{\"@type\":\"ImageObject\",\"inLanguage\":\"pt-BR\",\"@id\":\"https:\/\/www.gaveanews.com\/index.php\/2024\/12\/17\/oficial-cruzeiro-anuncia-mais-uma-contratacao-para-2025\/#primaryimage\",\"url\":\"https:\/\/www.gaveanews.com\/wp-content\/uploads\/Camisa-do-Cruzeiro-2024.webp\",\"contentUrl\":\"https:\/\/www.gaveanews.com\/wp-content\/uploads\/Camisa-do-Cruzeiro-2024.webp\",\"width\":1292,\"height\":861,\"caption\":\"Camisa do Cruzeiro 2024 (Foto: Reprodu\u00e7\u00e3o\/Instagram)\"},{\"@type\":\"BreadcrumbList\",\"@id\":\"https:\/\/www.gaveanews.com\/index.php\/2024\/12\/17\/oficial-cruzeiro-anuncia-mais-uma-contratacao-para-2025\/#breadcrumb\",\"itemListElement\":[{\"@type\":\"ListItem\",\"position\":1,\"name\":\"Home\",\"item\":\"https:\/\/www.gaveanews.com\/\"},{\"@type\":\"ListItem\",\"position\":2,\"name\":\"Oficial! Cruzeiro anuncia mais uma contrata\u00e7\u00e3o para 2025\"}]},{\"@type\":\"WebSite\",\"@id\":\"https:\/\/www.gaveanews.com\/#website\",\"url\":\"https:\/\/www.gaveanews.com\/\",\"name\":\"G\u00e1vea News\",\"description\":\"Veja todas as not\u00edcias sobre o Flamengo: Contrata\u00e7\u00f5es, categorias de base, resultados das partidas, tabela de classifica\u00e7\u00e3o, pr\u00f3ximos jogos!\",\"potentialAction\":[{\"@type\":\"SearchAction\",\"target\":{\"@type\":\"EntryPoint\",\"urlTemplate\":\"https:\/\/www.gaveanews.com\/?s={search_term_string}\"},\"query-input\":{\"@type\":\"PropertyValueSpecification\",\"valueRequired\":true,\"valueName\":\"search_term_string\"}}],\"inLanguage\":\"pt-BR\"},{\"@type\":\"Person\",\"@id\":\"https:\/\/www.gaveanews.com\/#\/schema\/person\/f42654babcd2b2014a1a65af82b081f1\",\"name\":\"Geovanna Thomaz\",\"image\":{\"@type\":\"ImageObject\",\"inLanguage\":\"pt-BR\",\"@id\":\"https:\/\/www.gaveanews.com\/#\/schema\/person\/image\/\",\"url\":\"https:\/\/secure.gravatar.com\/avatar\/4092073255489533afb558984b49b64268c47198af8623cc82a925ae9fb7118a?s=96&d=mm&r=g\",\"contentUrl\":\"https:\/\/secure.gravatar.com\/avatar\/4092073255489533afb558984b49b64268c47198af8623cc82a925ae9fb7118a?s=96&d=mm&r=g\",\"caption\":\"Geovanna Thomaz\"}}]}<\/script>\n<!-- \/ Yoast SEO Premium plugin. -->","yoast_head_json":{"title":"Oficial! Cruzeiro anuncia mais uma contrata\u00e7\u00e3o para 2025","robots":{"index":"index","follow":"follow","max-snippet":"max-snippet:-1","max-image-preview":"max-image-preview:large","max-video-preview":"max-video-preview:-1"},"canonical":"https:\/\/www.gaveanews.com\/index.php\/2024\/12\/17\/oficial-cruzeiro-anuncia-mais-uma-contratacao-para-2025\/","og_locale":"pt_BR","og_type":"article","og_title":"Oficial! Cruzeiro anuncia mais uma contrata\u00e7\u00e3o para 2025","og_description":"Cruzeiro anuncia Rodriguinho como refor\u00e7o at\u00e9 2027 O Cruzeiro oficializou nesta ter\u00e7a-feira (17) a contrata\u00e7\u00e3o do meia Rodriguinho, de 21 anos, revelado nas categorias de base do Am\u00e9rica-MG. O jovem jogador, que estava sem contrato com o Coelho, assinou com a Raposa at\u00e9 o fim de 2027 e ser\u00e1 mais uma op\u00e7\u00e3o no elenco comandado [&hellip;]","og_url":"https:\/\/www.gaveanews.com\/index.php\/2024\/12\/17\/oficial-cruzeiro-anuncia-mais-uma-contratacao-para-2025\/","og_site_name":"G\u00e1vea News","article_publisher":"https:\/\/facebook.com\/gaveaNews\/","article_published_time":"2024-12-18T02:05:00+00:00","og_image":[{"width":1292,"height":861,"url":"https:\/\/www.gaveanews.com\/wp-content\/uploads\/Camisa-do-Cruzeiro-2024.webp","type":"image\/webp"}],"author":"Geovanna Thomaz","twitter_card":"summary_large_image","twitter_misc":{"Escrito por":"Geovanna Thomaz","Est. tempo de leitura":"2 minutos"},"schema":{"@context":"https:\/\/schema.org","@graph":[{"@type":"NewsArticle","@id":"https:\/\/www.gaveanews.com\/index.php\/2024\/12\/17\/oficial-cruzeiro-anuncia-mais-uma-contratacao-para-2025\/#article","isPartOf":{"@id":"https:\/\/www.gaveanews.com\/index.php\/2024\/12\/17\/oficial-cruzeiro-anuncia-mais-uma-contratacao-para-2025\/"},"author":{"name":"Geovanna Thomaz","@id":"https:\/\/www.gaveanews.com\/#\/schema\/person\/f42654babcd2b2014a1a65af82b081f1"},"headline":"Oficial! Cruzeiro anuncia mais uma contrata\u00e7\u00e3o para 2025","datePublished":"2024-12-18T02:05:00+00:00","mainEntityOfPage":{"@id":"https:\/\/www.gaveanews.com\/index.php\/2024\/12\/17\/oficial-cruzeiro-anuncia-mais-uma-contratacao-para-2025\/"},"wordCount":346,"commentCount":0,"image":{"@id":"https:\/\/www.gaveanews.com\/index.php\/2024\/12\/17\/oficial-cruzeiro-anuncia-mais-uma-contratacao-para-2025\/#primaryimage"},"thumbnailUrl":"https:\/\/www.gaveanews.com\/wp-content\/uploads\/Camisa-do-Cruzeiro-2024.webp","articleSection":["Cruzeiro"],"inLanguage":"pt-BR","potentialAction":[{"@type":"CommentAction","name":"Comment","target":["https:\/\/www.gaveanews.com\/index.php\/2024\/12\/17\/oficial-cruzeiro-anuncia-mais-uma-contratacao-para-2025\/#respond"]}],"copyrightYear":"2024","copyrightHolder":{"@id":"https:\/\/www.gaveanews.com\/#organization"}},{"@type":"WebPage","@id":"https:\/\/www.gaveanews.com\/index.php\/2024\/12\/17\/oficial-cruzeiro-anuncia-mais-uma-contratacao-para-2025\/","url":"https:\/\/www.gaveanews.com\/index.php\/2024\/12\/17\/oficial-cruzeiro-anuncia-mais-uma-contratacao-para-2025\/","name":"Oficial! Cruzeiro anuncia mais uma contrata\u00e7\u00e3o para 2025","isPartOf":{"@id":"https:\/\/www.gaveanews.com\/#website"},"primaryImageOfPage":{"@id":"https:\/\/www.gaveanews.com\/index.php\/2024\/12\/17\/oficial-cruzeiro-anuncia-mais-uma-contratacao-para-2025\/#primaryimage"},"image":{"@id":"https:\/\/www.gaveanews.com\/index.php\/2024\/12\/17\/oficial-cruzeiro-anuncia-mais-uma-contratacao-para-2025\/#primaryimage"},"thumbnailUrl":"https:\/\/www.gaveanews.com\/wp-content\/uploads\/Camisa-do-Cruzeiro-2024.webp","datePublished":"2024-12-18T02:05:00+00:00","author":{"@id":"https:\/\/www.gaveanews.com\/#\/schema\/person\/f42654babcd2b2014a1a65af82b081f1"},"breadcrumb":{"@id":"https:\/\/www.gaveanews.com\/index.php\/2024\/12\/17\/oficial-cruzeiro-anuncia-mais-uma-contratacao-para-2025\/#breadcrumb"},"inLanguage":"pt-BR","potentialAction":[{"@type":"ReadAction","target":["https:\/\/www.gaveanews.com\/index.php\/2024\/12\/17\/oficial-cruzeiro-anuncia-mais-uma-contratacao-para-2025\/"]}]},{"@type":"ImageObject","inLanguage":"pt-BR","@id":"https:\/\/www.gaveanews.com\/index.php\/2024\/12\/17\/oficial-cruzeiro-anuncia-mais-uma-contratacao-para-2025\/#primaryimage","url":"https:\/\/www.gaveanews.com\/wp-content\/uploads\/Camisa-do-Cruzeiro-2024.webp","contentUrl":"https:\/\/www.gaveanews.com\/wp-content\/uploads\/Camisa-do-Cruzeiro-2024.webp","width":1292,"height":861,"caption":"Camisa do Cruzeiro 2024 (Foto: Reprodu\u00e7\u00e3o\/Instagram)"},{"@type":"BreadcrumbList","@id":"https:\/\/www.gaveanews.com\/index.php\/2024\/12\/17\/oficial-cruzeiro-anuncia-mais-uma-contratacao-para-2025\/#breadcrumb","itemListElement":[{"@type":"ListItem","position":1,"name":"Home","item":"https:\/\/www.gaveanews.com\/"},{"@type":"ListItem","position":2,"name":"Oficial! Cruzeiro anuncia mais uma contrata\u00e7\u00e3o para 2025"}]},{"@type":"WebSite","@id":"https:\/\/www.gaveanews.com\/#website","url":"https:\/\/www.gaveanews.com\/","name":"G\u00e1vea News","description":"Veja todas as not\u00edcias sobre o Flamengo: Contrata\u00e7\u00f5es, categorias de base, resultados das partidas, tabela de classifica\u00e7\u00e3o, pr\u00f3ximos jogos!","potentialAction":[{"@type":"SearchAction","target":{"@type":"EntryPoint","urlTemplate":"https:\/\/www.gaveanews.com\/?s={search_term_string}"},"query-input":{"@type":"PropertyValueSpecification","valueRequired":true,"valueName":"search_term_string"}}],"inLanguage":"pt-BR"},{"@type":"Person","@id":"https:\/\/www.gaveanews.com\/#\/schema\/person\/f42654babcd2b2014a1a65af82b081f1","name":"Geovanna Thomaz","image":{"@type":"ImageObject","inLanguage":"pt-BR","@id":"https:\/\/www.gaveanews.com\/#\/schema\/person\/image\/","url":"https:\/\/secure.gravatar.com\/avatar\/4092073255489533afb558984b49b64268c47198af8623cc82a925ae9fb7118a?s=96&d=mm&r=g","contentUrl":"https:\/\/secure.gravatar.com\/avatar\/4092073255489533afb558984b49b64268c47198af8623cc82a925ae9fb7118a?s=96&d=mm&r=g","caption":"Geovanna Thomaz"}}]}},"_links":{"self":[{"href":"https:\/\/www.gaveanews.com\/index.php\/wp-json\/wp\/v2\/posts\/200503","targetHints":{"allow":["GET"]}}],"collection":[{"href":"https:\/\/www.gaveanews.com\/index.php\/wp-json\/wp\/v2\/posts"}],"about":[{"href":"https:\/\/www.gaveanews.com\/index.php\/wp-json\/wp\/v2\/types\/post"}],"author":[{"embeddable":true,"href":"https:\/\/www.gaveanews.com\/index.php\/wp-json\/wp\/v2\/users\/17"}],"replies":[{"embeddable":true,"href":"https:\/\/www.gaveanews.com\/index.php\/wp-json\/wp\/v2\/comments?post=200503"}],"version-history":[{"count":1,"href":"https:\/\/www.gaveanews.com\/index.php\/wp-json\/wp\/v2\/posts\/200503\/revisions"}],"predecessor-version":[{"id":200505,"href":"https:\/\/www.gaveanews.com\/index.php\/wp-json\/wp\/v2\/posts\/200503\/revisions\/200505"}],"wp:featuredmedia":[{"embeddable":true,"href":"https:\/\/www.gaveanews.com\/index.php\/wp-json\/wp\/v2\/media\/163709"}],"wp:attachment":[{"href":"https:\/\/www.gaveanews.com\/index.php\/wp-json\/wp\/v2\/media?parent=200503"}],"wp:term":[{"taxonomy":"category","embeddable":true,"href":"https:\/\/www.gaveanews.com\/index.php\/wp-json\/wp\/v2\/categories?post=200503"},{"taxonomy":"post_tag","embeddable":true,"href":"https:\/\/www.gaveanews.com\/index.php\/wp-json\/wp\/v2\/tags?post=200503"}],"curies":[{"name":"wp","href":"https:\/\/api.w.org\/{rel}","templated":true}]}}