{"id":200507,"date":"2024-12-17T23:10:00","date_gmt":"2024-12-18T02:10:00","guid":{"rendered":"https:\/\/www.gaveanews.com\/?p=200507"},"modified":"2024-12-17T23:03:12","modified_gmt":"2024-12-18T02:03:12","slug":"bom-nome-cria-do-palmeiras-pretende-voltar-ao-brasil","status":"publish","type":"post","link":"https:\/\/www.gaveanews.com\/index.php\/2024\/12\/17\/bom-nome-cria-do-palmeiras-pretende-voltar-ao-brasil\/","title":{"rendered":"Bom nome? Cria do Palmeiras pretende voltar ao Brasil"},"content":{"rendered":"\n<h2 class=\"wp-block-heading\" id=\"h-fellipe-jack-fala-sobre-adaptacao-ao-futebol-italiano-e-sonho-de-voltar-ao-palmeiras\">Fellipe Jack fala sobre adapta\u00e7\u00e3o ao futebol italiano e sonho de voltar ao Palmeiras<\/h2>\n\n\n\n<p>Emprestado pelo Palmeiras ao Como 1907, da It\u00e1lia, o zagueiro Fellipe Jack, de 18 anos, vive um momento especial no in\u00edcio de sua trajet\u00f3ria profissional. O jovem defensor fez sua estreia no futebol profissional pela equipe italiana e destacou em entrevista \u00e0 R\u00e1dio Itatiaia a import\u00e2ncia do clube paulista em sua forma\u00e7\u00e3o, embora tenha deixado claro que, no momento, seu foco est\u00e1 no futebol europeu.<\/p>\n\n\n\n<ul class=\"wp-block-list\">\n<li><a href=\"https:\/\/www.gaveanews.com\/index.php\/2024\/12\/16\/palmeiras-tem-carta-na-manga-para-contratar-reforco\/\">Palmeiras tem \u2018carta na manga\u2019 para contratar refor\u00e7o<\/a><\/li>\n\n\n\n<li><a href=\"https:\/\/www.gaveanews.com\/index.php\/2024\/12\/17\/palmeiras-diretoria-descarta-vender-atacante-questionado-pela-diretoria\/\">Palmeiras: diretoria descarta vender atacante questionado pela diretoria<\/a><\/li>\n<\/ul>\n\n\n\n<p>\u201cUm dia, com certeza, gostaria de voltar [ao Palmeiras], se tivesse a oportunidade. Foi o clube que me acolheu, que me deu tudo, que fez eu ser o que sou hoje. Durante 10 anos foi minha segunda casa, mas agora penso em permanecer aqui no futebol europeu, evoluir meu futebol a cada dia mais. Quem sabe, no futuro, eu possa voltar ao Palmeiras para continuar a linda hist\u00f3ria que tenho nesse clube\u201d, afirmou o zagueiro.<\/p>\n\n\n\n<p>Fellipe Jack, que atua como zagueiro pela esquerda e tem 1,87m de altura, entrou em campo pela primeira vez como profissional na partida contra a Fiorentina, pelo Campeonato Italiano. A estreia foi emocionante para o jovem, que n\u00e3o escondeu a felicidade ao realizar esse sonho.<\/p>\n\n\n\n<p>\u201cFoi uma emo\u00e7\u00e3o muito grande. \u00c9 a realiza\u00e7\u00e3o de um sonho para mim, para minha fam\u00edlia e todos que est\u00e3o comigo. S\u00f3 a gente sabe tudo que passou para chegar nesse momento. Foi indescrit\u00edvel, um momento que guardarei para sempre\u201d, contou.<\/p>\n\n\n\n<p>No Como, Jack trabalha diariamente sob o comando de Cesc F\u00e0bregas, campe\u00e3o mundial pela Espanha. O brasileiro destacou a experi\u00eancia de treinar com o ex-jogador, descrevendo-o como um t\u00e9cnico exigente e t\u00e9cnico.<\/p>\n\n\n\n<p>\u201cOs treinos do F\u00e0bregas s\u00e3o espetaculares. Ele \u00e9 uma pessoa tranquila, teve uma carreira excepcional e destaca bastante a qualidade t\u00e9cnica, mas tamb\u00e9m preza pela intensidade nos treinos. Sou muito feliz por estar aqui e aprender cada dia mais com ele. Nem nos meus melhores sonhos imaginei trabalhar com algu\u00e9m como ele t\u00e3o cedo\u201d, disse Fellipe.<\/p>\n","protected":false},"excerpt":{"rendered":"<p>Fellipe Jack fala sobre adapta\u00e7\u00e3o ao futebol italiano e sonho de voltar ao Palmeiras Emprestado pelo Palmeiras ao Como 1907, da It\u00e1lia, o zagueiro Fellipe Jack, de 18 anos, vive um momento especial no in\u00edcio de sua trajet\u00f3ria profissional. O jovem defensor fez sua estreia no futebol profissional pela equipe italiana e destacou em entrevista [&hellip;]<\/p>\n","protected":false},"author":17,"featured_media":158317,"comment_status":"open","ping_status":"closed","sticky":false,"template":"","format":"standard","meta":{"footnotes":""},"categories":[150],"tags":[],"class_list":["post-200507","post","type-post","status-publish","format-standard","has-post-thumbnail","hentry","category-palmeiras"],"yoast_head":"<!-- This site is optimized with the Yoast SEO Premium plugin v24.2 (Yoast SEO v26.9) - https:\/\/yoast.com\/product\/yoast-seo-premium-wordpress\/ -->\n<title>Bom nome? Cria do Palmeiras pretende voltar ao Brasil<\/title>\n<meta name=\"robots\" content=\"index, follow, max-snippet:-1, max-image-preview:large, max-video-preview:-1\" \/>\n<link rel=\"canonical\" href=\"https:\/\/www.gaveanews.com\/index.php\/2024\/12\/17\/bom-nome-cria-do-palmeiras-pretende-voltar-ao-brasil\/\" \/>\n<meta property=\"og:locale\" content=\"pt_BR\" \/>\n<meta property=\"og:type\" content=\"article\" \/>\n<meta property=\"og:title\" content=\"Bom nome? Cria do Palmeiras pretende voltar ao Brasil\" \/>\n<meta property=\"og:description\" content=\"Fellipe Jack fala sobre adapta\u00e7\u00e3o ao futebol italiano e sonho de voltar ao Palmeiras Emprestado pelo Palmeiras ao Como 1907, da It\u00e1lia, o zagueiro Fellipe Jack, de 18 anos, vive um momento especial no in\u00edcio de sua trajet\u00f3ria profissional. O jovem defensor fez sua estreia no futebol profissional pela equipe italiana e destacou em entrevista [&hellip;]\" \/>\n<meta property=\"og:url\" content=\"https:\/\/www.gaveanews.com\/index.php\/2024\/12\/17\/bom-nome-cria-do-palmeiras-pretende-voltar-ao-brasil\/\" \/>\n<meta property=\"og:site_name\" content=\"G\u00e1vea News\" \/>\n<meta property=\"article:publisher\" content=\"https:\/\/facebook.com\/gaveaNews\/\" \/>\n<meta property=\"article:published_time\" content=\"2024-12-18T02:10:00+00:00\" \/>\n<meta property=\"og:image\" content=\"https:\/\/www.gaveanews.com\/wp-content\/uploads\/Jogadores-do-Palmeiras-reunidos-durante-partida-da-Copa-do-Brasil-2024.webp\" \/>\n\t<meta property=\"og:image:width\" content=\"1187\" \/>\n\t<meta property=\"og:image:height\" content=\"792\" \/>\n\t<meta property=\"og:image:type\" content=\"image\/webp\" \/>\n<meta name=\"author\" content=\"Geovanna Thomaz\" \/>\n<meta name=\"twitter:card\" content=\"summary_large_image\" \/>\n<meta name=\"twitter:label1\" content=\"Escrito por\" \/>\n\t<meta name=\"twitter:data1\" content=\"Geovanna Thomaz\" \/>\n\t<meta name=\"twitter:label2\" content=\"Est. tempo de leitura\" \/>\n\t<meta name=\"twitter:data2\" content=\"3 minutos\" \/>\n<script type=\"application\/ld+json\" class=\"yoast-schema-graph\">{\"@context\":\"https:\/\/schema.org\",\"@graph\":[{\"@type\":\"NewsArticle\",\"@id\":\"https:\/\/www.gaveanews.com\/index.php\/2024\/12\/17\/bom-nome-cria-do-palmeiras-pretende-voltar-ao-brasil\/#article\",\"isPartOf\":{\"@id\":\"https:\/\/www.gaveanews.com\/index.php\/2024\/12\/17\/bom-nome-cria-do-palmeiras-pretende-voltar-ao-brasil\/\"},\"author\":{\"name\":\"Geovanna Thomaz\",\"@id\":\"https:\/\/www.gaveanews.com\/#\/schema\/person\/f42654babcd2b2014a1a65af82b081f1\"},\"headline\":\"Bom nome? Cria do Palmeiras pretende voltar ao Brasil\",\"datePublished\":\"2024-12-18T02:10:00+00:00\",\"mainEntityOfPage\":{\"@id\":\"https:\/\/www.gaveanews.com\/index.php\/2024\/12\/17\/bom-nome-cria-do-palmeiras-pretende-voltar-ao-brasil\/\"},\"wordCount\":373,\"commentCount\":0,\"image\":{\"@id\":\"https:\/\/www.gaveanews.com\/index.php\/2024\/12\/17\/bom-nome-cria-do-palmeiras-pretende-voltar-ao-brasil\/#primaryimage\"},\"thumbnailUrl\":\"https:\/\/www.gaveanews.com\/wp-content\/uploads\/Jogadores-do-Palmeiras-reunidos-durante-partida-da-Copa-do-Brasil-2024.webp\",\"articleSection\":[\"Palmeiras\"],\"inLanguage\":\"pt-BR\",\"potentialAction\":[{\"@type\":\"CommentAction\",\"name\":\"Comment\",\"target\":[\"https:\/\/www.gaveanews.com\/index.php\/2024\/12\/17\/bom-nome-cria-do-palmeiras-pretende-voltar-ao-brasil\/#respond\"]}],\"copyrightYear\":\"2024\",\"copyrightHolder\":{\"@id\":\"https:\/\/www.gaveanews.com\/#organization\"}},{\"@type\":\"WebPage\",\"@id\":\"https:\/\/www.gaveanews.com\/index.php\/2024\/12\/17\/bom-nome-cria-do-palmeiras-pretende-voltar-ao-brasil\/\",\"url\":\"https:\/\/www.gaveanews.com\/index.php\/2024\/12\/17\/bom-nome-cria-do-palmeiras-pretende-voltar-ao-brasil\/\",\"name\":\"Bom nome? Cria do Palmeiras pretende voltar ao Brasil\",\"isPartOf\":{\"@id\":\"https:\/\/www.gaveanews.com\/#website\"},\"primaryImageOfPage\":{\"@id\":\"https:\/\/www.gaveanews.com\/index.php\/2024\/12\/17\/bom-nome-cria-do-palmeiras-pretende-voltar-ao-brasil\/#primaryimage\"},\"image\":{\"@id\":\"https:\/\/www.gaveanews.com\/index.php\/2024\/12\/17\/bom-nome-cria-do-palmeiras-pretende-voltar-ao-brasil\/#primaryimage\"},\"thumbnailUrl\":\"https:\/\/www.gaveanews.com\/wp-content\/uploads\/Jogadores-do-Palmeiras-reunidos-durante-partida-da-Copa-do-Brasil-2024.webp\",\"datePublished\":\"2024-12-18T02:10:00+00:00\",\"author\":{\"@id\":\"https:\/\/www.gaveanews.com\/#\/schema\/person\/f42654babcd2b2014a1a65af82b081f1\"},\"breadcrumb\":{\"@id\":\"https:\/\/www.gaveanews.com\/index.php\/2024\/12\/17\/bom-nome-cria-do-palmeiras-pretende-voltar-ao-brasil\/#breadcrumb\"},\"inLanguage\":\"pt-BR\",\"potentialAction\":[{\"@type\":\"ReadAction\",\"target\":[\"https:\/\/www.gaveanews.com\/index.php\/2024\/12\/17\/bom-nome-cria-do-palmeiras-pretende-voltar-ao-brasil\/\"]}]},{\"@type\":\"ImageObject\",\"inLanguage\":\"pt-BR\",\"@id\":\"https:\/\/www.gaveanews.com\/index.php\/2024\/12\/17\/bom-nome-cria-do-palmeiras-pretende-voltar-ao-brasil\/#primaryimage\",\"url\":\"https:\/\/www.gaveanews.com\/wp-content\/uploads\/Jogadores-do-Palmeiras-reunidos-durante-partida-da-Copa-do-Brasil-2024.webp\",\"contentUrl\":\"https:\/\/www.gaveanews.com\/wp-content\/uploads\/Jogadores-do-Palmeiras-reunidos-durante-partida-da-Copa-do-Brasil-2024.webp\",\"width\":1187,\"height\":792,\"caption\":\"Jogadores do Palmeiras reunidos durante partida da Copa do Brasil 2024 (Foto: Reprodu\u00e7\u00e3o\/Palmeiras)\"},{\"@type\":\"BreadcrumbList\",\"@id\":\"https:\/\/www.gaveanews.com\/index.php\/2024\/12\/17\/bom-nome-cria-do-palmeiras-pretende-voltar-ao-brasil\/#breadcrumb\",\"itemListElement\":[{\"@type\":\"ListItem\",\"position\":1,\"name\":\"Home\",\"item\":\"https:\/\/www.gaveanews.com\/\"},{\"@type\":\"ListItem\",\"position\":2,\"name\":\"Bom nome? Cria do Palmeiras pretende voltar ao Brasil\"}]},{\"@type\":\"WebSite\",\"@id\":\"https:\/\/www.gaveanews.com\/#website\",\"url\":\"https:\/\/www.gaveanews.com\/\",\"name\":\"G\u00e1vea News\",\"description\":\"Veja todas as not\u00edcias sobre o Flamengo: Contrata\u00e7\u00f5es, categorias de base, resultados das partidas, tabela de classifica\u00e7\u00e3o, pr\u00f3ximos jogos!\",\"potentialAction\":[{\"@type\":\"SearchAction\",\"target\":{\"@type\":\"EntryPoint\",\"urlTemplate\":\"https:\/\/www.gaveanews.com\/?s={search_term_string}\"},\"query-input\":{\"@type\":\"PropertyValueSpecification\",\"valueRequired\":true,\"valueName\":\"search_term_string\"}}],\"inLanguage\":\"pt-BR\"},{\"@type\":\"Person\",\"@id\":\"https:\/\/www.gaveanews.com\/#\/schema\/person\/f42654babcd2b2014a1a65af82b081f1\",\"name\":\"Geovanna Thomaz\",\"image\":{\"@type\":\"ImageObject\",\"inLanguage\":\"pt-BR\",\"@id\":\"https:\/\/www.gaveanews.com\/#\/schema\/person\/image\/\",\"url\":\"https:\/\/secure.gravatar.com\/avatar\/4092073255489533afb558984b49b64268c47198af8623cc82a925ae9fb7118a?s=96&d=mm&r=g\",\"contentUrl\":\"https:\/\/secure.gravatar.com\/avatar\/4092073255489533afb558984b49b64268c47198af8623cc82a925ae9fb7118a?s=96&d=mm&r=g\",\"caption\":\"Geovanna Thomaz\"}}]}<\/script>\n<!-- \/ Yoast SEO Premium plugin. -->","yoast_head_json":{"title":"Bom nome? Cria do Palmeiras pretende voltar ao Brasil","robots":{"index":"index","follow":"follow","max-snippet":"max-snippet:-1","max-image-preview":"max-image-preview:large","max-video-preview":"max-video-preview:-1"},"canonical":"https:\/\/www.gaveanews.com\/index.php\/2024\/12\/17\/bom-nome-cria-do-palmeiras-pretende-voltar-ao-brasil\/","og_locale":"pt_BR","og_type":"article","og_title":"Bom nome? Cria do Palmeiras pretende voltar ao Brasil","og_description":"Fellipe Jack fala sobre adapta\u00e7\u00e3o ao futebol italiano e sonho de voltar ao Palmeiras Emprestado pelo Palmeiras ao Como 1907, da It\u00e1lia, o zagueiro Fellipe Jack, de 18 anos, vive um momento especial no in\u00edcio de sua trajet\u00f3ria profissional. O jovem defensor fez sua estreia no futebol profissional pela equipe italiana e destacou em entrevista [&hellip;]","og_url":"https:\/\/www.gaveanews.com\/index.php\/2024\/12\/17\/bom-nome-cria-do-palmeiras-pretende-voltar-ao-brasil\/","og_site_name":"G\u00e1vea News","article_publisher":"https:\/\/facebook.com\/gaveaNews\/","article_published_time":"2024-12-18T02:10:00+00:00","og_image":[{"width":1187,"height":792,"url":"https:\/\/www.gaveanews.com\/wp-content\/uploads\/Jogadores-do-Palmeiras-reunidos-durante-partida-da-Copa-do-Brasil-2024.webp","type":"image\/webp"}],"author":"Geovanna Thomaz","twitter_card":"summary_large_image","twitter_misc":{"Escrito por":"Geovanna Thomaz","Est. tempo de leitura":"3 minutos"},"schema":{"@context":"https:\/\/schema.org","@graph":[{"@type":"NewsArticle","@id":"https:\/\/www.gaveanews.com\/index.php\/2024\/12\/17\/bom-nome-cria-do-palmeiras-pretende-voltar-ao-brasil\/#article","isPartOf":{"@id":"https:\/\/www.gaveanews.com\/index.php\/2024\/12\/17\/bom-nome-cria-do-palmeiras-pretende-voltar-ao-brasil\/"},"author":{"name":"Geovanna Thomaz","@id":"https:\/\/www.gaveanews.com\/#\/schema\/person\/f42654babcd2b2014a1a65af82b081f1"},"headline":"Bom nome? Cria do Palmeiras pretende voltar ao Brasil","datePublished":"2024-12-18T02:10:00+00:00","mainEntityOfPage":{"@id":"https:\/\/www.gaveanews.com\/index.php\/2024\/12\/17\/bom-nome-cria-do-palmeiras-pretende-voltar-ao-brasil\/"},"wordCount":373,"commentCount":0,"image":{"@id":"https:\/\/www.gaveanews.com\/index.php\/2024\/12\/17\/bom-nome-cria-do-palmeiras-pretende-voltar-ao-brasil\/#primaryimage"},"thumbnailUrl":"https:\/\/www.gaveanews.com\/wp-content\/uploads\/Jogadores-do-Palmeiras-reunidos-durante-partida-da-Copa-do-Brasil-2024.webp","articleSection":["Palmeiras"],"inLanguage":"pt-BR","potentialAction":[{"@type":"CommentAction","name":"Comment","target":["https:\/\/www.gaveanews.com\/index.php\/2024\/12\/17\/bom-nome-cria-do-palmeiras-pretende-voltar-ao-brasil\/#respond"]}],"copyrightYear":"2024","copyrightHolder":{"@id":"https:\/\/www.gaveanews.com\/#organization"}},{"@type":"WebPage","@id":"https:\/\/www.gaveanews.com\/index.php\/2024\/12\/17\/bom-nome-cria-do-palmeiras-pretende-voltar-ao-brasil\/","url":"https:\/\/www.gaveanews.com\/index.php\/2024\/12\/17\/bom-nome-cria-do-palmeiras-pretende-voltar-ao-brasil\/","name":"Bom nome? Cria do Palmeiras pretende voltar ao Brasil","isPartOf":{"@id":"https:\/\/www.gaveanews.com\/#website"},"primaryImageOfPage":{"@id":"https:\/\/www.gaveanews.com\/index.php\/2024\/12\/17\/bom-nome-cria-do-palmeiras-pretende-voltar-ao-brasil\/#primaryimage"},"image":{"@id":"https:\/\/www.gaveanews.com\/index.php\/2024\/12\/17\/bom-nome-cria-do-palmeiras-pretende-voltar-ao-brasil\/#primaryimage"},"thumbnailUrl":"https:\/\/www.gaveanews.com\/wp-content\/uploads\/Jogadores-do-Palmeiras-reunidos-durante-partida-da-Copa-do-Brasil-2024.webp","datePublished":"2024-12-18T02:10:00+00:00","author":{"@id":"https:\/\/www.gaveanews.com\/#\/schema\/person\/f42654babcd2b2014a1a65af82b081f1"},"breadcrumb":{"@id":"https:\/\/www.gaveanews.com\/index.php\/2024\/12\/17\/bom-nome-cria-do-palmeiras-pretende-voltar-ao-brasil\/#breadcrumb"},"inLanguage":"pt-BR","potentialAction":[{"@type":"ReadAction","target":["https:\/\/www.gaveanews.com\/index.php\/2024\/12\/17\/bom-nome-cria-do-palmeiras-pretende-voltar-ao-brasil\/"]}]},{"@type":"ImageObject","inLanguage":"pt-BR","@id":"https:\/\/www.gaveanews.com\/index.php\/2024\/12\/17\/bom-nome-cria-do-palmeiras-pretende-voltar-ao-brasil\/#primaryimage","url":"https:\/\/www.gaveanews.com\/wp-content\/uploads\/Jogadores-do-Palmeiras-reunidos-durante-partida-da-Copa-do-Brasil-2024.webp","contentUrl":"https:\/\/www.gaveanews.com\/wp-content\/uploads\/Jogadores-do-Palmeiras-reunidos-durante-partida-da-Copa-do-Brasil-2024.webp","width":1187,"height":792,"caption":"Jogadores do Palmeiras reunidos durante partida da Copa do Brasil 2024 (Foto: Reprodu\u00e7\u00e3o\/Palmeiras)"},{"@type":"BreadcrumbList","@id":"https:\/\/www.gaveanews.com\/index.php\/2024\/12\/17\/bom-nome-cria-do-palmeiras-pretende-voltar-ao-brasil\/#breadcrumb","itemListElement":[{"@type":"ListItem","position":1,"name":"Home","item":"https:\/\/www.gaveanews.com\/"},{"@type":"ListItem","position":2,"name":"Bom nome? Cria do Palmeiras pretende voltar ao Brasil"}]},{"@type":"WebSite","@id":"https:\/\/www.gaveanews.com\/#website","url":"https:\/\/www.gaveanews.com\/","name":"G\u00e1vea News","description":"Veja todas as not\u00edcias sobre o Flamengo: Contrata\u00e7\u00f5es, categorias de base, resultados das partidas, tabela de classifica\u00e7\u00e3o, pr\u00f3ximos jogos!","potentialAction":[{"@type":"SearchAction","target":{"@type":"EntryPoint","urlTemplate":"https:\/\/www.gaveanews.com\/?s={search_term_string}"},"query-input":{"@type":"PropertyValueSpecification","valueRequired":true,"valueName":"search_term_string"}}],"inLanguage":"pt-BR"},{"@type":"Person","@id":"https:\/\/www.gaveanews.com\/#\/schema\/person\/f42654babcd2b2014a1a65af82b081f1","name":"Geovanna Thomaz","image":{"@type":"ImageObject","inLanguage":"pt-BR","@id":"https:\/\/www.gaveanews.com\/#\/schema\/person\/image\/","url":"https:\/\/secure.gravatar.com\/avatar\/4092073255489533afb558984b49b64268c47198af8623cc82a925ae9fb7118a?s=96&d=mm&r=g","contentUrl":"https:\/\/secure.gravatar.com\/avatar\/4092073255489533afb558984b49b64268c47198af8623cc82a925ae9fb7118a?s=96&d=mm&r=g","caption":"Geovanna Thomaz"}}]}},"_links":{"self":[{"href":"https:\/\/www.gaveanews.com\/index.php\/wp-json\/wp\/v2\/posts\/200507","targetHints":{"allow":["GET"]}}],"collection":[{"href":"https:\/\/www.gaveanews.com\/index.php\/wp-json\/wp\/v2\/posts"}],"about":[{"href":"https:\/\/www.gaveanews.com\/index.php\/wp-json\/wp\/v2\/types\/post"}],"author":[{"embeddable":true,"href":"https:\/\/www.gaveanews.com\/index.php\/wp-json\/wp\/v2\/users\/17"}],"replies":[{"embeddable":true,"href":"https:\/\/www.gaveanews.com\/index.php\/wp-json\/wp\/v2\/comments?post=200507"}],"version-history":[{"count":1,"href":"https:\/\/www.gaveanews.com\/index.php\/wp-json\/wp\/v2\/posts\/200507\/revisions"}],"predecessor-version":[{"id":200511,"href":"https:\/\/www.gaveanews.com\/index.php\/wp-json\/wp\/v2\/posts\/200507\/revisions\/200511"}],"wp:featuredmedia":[{"embeddable":true,"href":"https:\/\/www.gaveanews.com\/index.php\/wp-json\/wp\/v2\/media\/158317"}],"wp:attachment":[{"href":"https:\/\/www.gaveanews.com\/index.php\/wp-json\/wp\/v2\/media?parent=200507"}],"wp:term":[{"taxonomy":"category","embeddable":true,"href":"https:\/\/www.gaveanews.com\/index.php\/wp-json\/wp\/v2\/categories?post=200507"},{"taxonomy":"post_tag","embeddable":true,"href":"https:\/\/www.gaveanews.com\/index.php\/wp-json\/wp\/v2\/tags?post=200507"}],"curies":[{"name":"wp","href":"https:\/\/api.w.org\/{rel}","templated":true}]}}