{"id":200727,"date":"2024-12-18T06:55:00","date_gmt":"2024-12-18T09:55:00","guid":{"rendered":"https:\/\/www.gaveanews.com\/?p=200727"},"modified":"2024-12-18T01:54:39","modified_gmt":"2024-12-18T04:54:39","slug":"atacante-suspenso-recado-de-ronaldo-e-declaracao-de-estevao-as-ultimas-noticias-do-chelsea","status":"publish","type":"post","link":"https:\/\/www.gaveanews.com\/index.php\/2024\/12\/18\/atacante-suspenso-recado-de-ronaldo-e-declaracao-de-estevao-as-ultimas-noticias-do-chelsea\/","title":{"rendered":"Atacante suspenso, recado de Ronaldo e declara\u00e7\u00e3o de Est\u00eav\u00e3o: as \u00faltimas not\u00edcias do Chelsea"},"content":{"rendered":"\n<p>Nas \u00faltimas horas, o foco das not\u00edcias sobre o Chelsea se concentram nos bastidores do clube, com destaques do dia a dia do time.<\/p>\n\n\n\n<p>Por conta deste contexto, leia abaixo um resumo preparado pela equipe do portal G\u00e1vea News para lhe manter muito bem informado!<\/p>\n\n\n\n<h2 class=\"wp-block-heading\" id=\"h-declaracao-de-estevao\">Declara\u00e7\u00e3o de Est\u00eav\u00e3o<\/h2>\n\n\n\n<p>Est\u00eav\u00e3o, atacante do Palmeiras, comentou sobre a intera\u00e7\u00e3o que teve com Cole Palmer, destaque do Chelsea, com quem atuar\u00e1 a partir de meados de 2025. O jogador ingl\u00eas elogiou Est\u00eav\u00e3o em entrevista \u00e0 ESPN, mencionando que acompanha suas atua\u00e7\u00f5es e que est\u00e1 ansioso para t\u00ea-lo como companheiro no clube londrino. Palmer afirmou: <em>\u201cFalei com ele algumas vezes no Instagram, estamos ansiosos para v\u00ea-lo no Chelsea\u201d<\/em> .<\/p>\n\n\n\n<figure class=\"wp-block-image size-full\"><img loading=\"lazy\" decoding=\"async\" width=\"1024\" height=\"576\" src=\"https:\/\/www.gaveanews.com\/wp-content\/uploads\/O-jogador-Estevao-da-SE-Palmeiras-comemora-seu-contra-a-equipe-do-Botafogo-FC-durante-partida-valida-pela-terceira-fase-da-Copa-do-Brasil-na-arena-Allianz-Parque-1024x576-1.webp\" alt=\"\" class=\"wp-image-141974\" srcset=\"https:\/\/www.gaveanews.com\/wp-content\/uploads\/O-jogador-Estevao-da-SE-Palmeiras-comemora-seu-contra-a-equipe-do-Botafogo-FC-durante-partida-valida-pela-terceira-fase-da-Copa-do-Brasil-na-arena-Allianz-Parque-1024x576-1.webp 1024w, https:\/\/www.gaveanews.com\/wp-content\/uploads\/O-jogador-Estevao-da-SE-Palmeiras-comemora-seu-contra-a-equipe-do-Botafogo-FC-durante-partida-valida-pela-terceira-fase-da-Copa-do-Brasil-na-arena-Allianz-Parque-1024x576-1-300x169.webp 300w, https:\/\/www.gaveanews.com\/wp-content\/uploads\/O-jogador-Estevao-da-SE-Palmeiras-comemora-seu-contra-a-equipe-do-Botafogo-FC-durante-partida-valida-pela-terceira-fase-da-Copa-do-Brasil-na-arena-Allianz-Parque-1024x576-1-768x432.webp 768w, https:\/\/www.gaveanews.com\/wp-content\/uploads\/O-jogador-Estevao-da-SE-Palmeiras-comemora-seu-contra-a-equipe-do-Botafogo-FC-durante-partida-valida-pela-terceira-fase-da-Copa-do-Brasil-na-arena-Allianz-Parque-1024x576-1-747x420.webp 747w, https:\/\/www.gaveanews.com\/wp-content\/uploads\/O-jogador-Estevao-da-SE-Palmeiras-comemora-seu-contra-a-equipe-do-Botafogo-FC-durante-partida-valida-pela-terceira-fase-da-Copa-do-Brasil-na-arena-Allianz-Parque-1024x576-1-640x360.webp 640w, https:\/\/www.gaveanews.com\/wp-content\/uploads\/O-jogador-Estevao-da-SE-Palmeiras-comemora-seu-contra-a-equipe-do-Botafogo-FC-durante-partida-valida-pela-terceira-fase-da-Copa-do-Brasil-na-arena-Allianz-Parque-1024x576-1-681x383.webp 681w, https:\/\/www.gaveanews.com\/wp-content\/uploads\/O-jogador-Estevao-da-SE-Palmeiras-comemora-seu-contra-a-equipe-do-Botafogo-FC-durante-partida-valida-pela-terceira-fase-da-Copa-do-Brasil-na-arena-Allianz-Parque-1024x576-1-1022x576.webp 1022w, https:\/\/www.gaveanews.com\/wp-content\/uploads\/O-jogador-Estevao-da-SE-Palmeiras-comemora-seu-contra-a-equipe-do-Botafogo-FC-durante-partida-valida-pela-terceira-fase-da-Copa-do-Brasil-na-arena-Allianz-Parque-1024x576-1-100x56.webp 100w\" sizes=\"auto, (max-width: 1024px) 100vw, 1024px\" \/><figcaption class=\"wp-element-caption\">O jogador Est\u00eav\u00e3o &#8211; Foto: Cesar Greco\/Palmeiras\/by Canon<\/figcaption><\/figure>\n\n\n\n<p>Est\u00eav\u00e3o, por sua vez, revelou sua surpresa ao receber uma mensagem de Palmer ap\u00f3s fazer a comemora\u00e7\u00e3o caracter\u00edstica do ingl\u00eas em um jogo. <em>\u201cEu n\u00e3o esperava que ele repostasse, depois a gente trocou mensagens. <\/em><\/p>\n\n\n\n<p><em>Ele falou que me esperava l\u00e1, e eu disse que estava muito ansioso tamb\u00e9m\u201d<\/em>, declarou o jovem do Palmeiras. Perguntado sobre uma visita ao centro de treinamento do Chelsea, Est\u00eav\u00e3o explicou que a ida a Londres ainda est\u00e1 nos planos, mas sem uma data confirmada.<\/p>\n\n\n\n<p>O Chelsea acertou a contrata\u00e7\u00e3o de Est\u00eav\u00e3o por 61,5 milh\u00f5es de euros, sendo 45 milh\u00f5es fixos e 16,5 milh\u00f5es atrelados a metas. O Palmeiras det\u00e9m 70% dos direitos econ\u00f4micos do jogador, enquanto o pr\u00f3prio atleta possui os 30% restantes. A transfer\u00eancia representa uma das maiores vendas da hist\u00f3ria do clube alviverde, consolidando Est\u00eav\u00e3o como uma das promessas mais valorizadas do futebol brasileiro.<\/p>\n\n\n\n<h2 class=\"wp-block-heading\" id=\"h-recado-de-ronaldo\">Recado de Ronaldo<\/h2>\n\n\n\n<p>O ex-jogador <strong>Ronaldo Fen\u00f4meno<\/strong> elogiou o desempenho de <strong>Est\u00eav\u00e3o<\/strong>, do Palmeiras, no Campeonato Brasileiro de 2024. Segundo Ronaldo, o jovem atacante de <strong>17 anos<\/strong> superou as expectativas ao substituir <strong>Endrick<\/strong>, que se transferiu para o Real Madrid. Ronaldo destacou que o Brasileir\u00e3o \u00e9 um torneio f\u00edsico e competitivo, no qual os atacantes t\u00eam poucas oportunidades, mas que Est\u00eav\u00e3o aproveitou suas chances: <em>\u201cPosso afirmar que ele n\u00e3o decepcionou\u201d<\/em>. <\/p>\n\n\n\n<figure class=\"wp-block-image size-full\"><img loading=\"lazy\" decoding=\"async\" width=\"640\" height=\"480\" src=\"https:\/\/www.gaveanews.com\/wp-content\/uploads\/Ronaldo-Fenomeno-durante-premiacao-da-FIFA.webp\" alt=\"\" class=\"wp-image-157476\" srcset=\"https:\/\/www.gaveanews.com\/wp-content\/uploads\/Ronaldo-Fenomeno-durante-premiacao-da-FIFA.webp 640w, https:\/\/www.gaveanews.com\/wp-content\/uploads\/Ronaldo-Fenomeno-durante-premiacao-da-FIFA-300x225.webp 300w, https:\/\/www.gaveanews.com\/wp-content\/uploads\/Ronaldo-Fenomeno-durante-premiacao-da-FIFA-560x420.webp 560w, https:\/\/www.gaveanews.com\/wp-content\/uploads\/Ronaldo-Fenomeno-durante-premiacao-da-FIFA-80x60.webp 80w, https:\/\/www.gaveanews.com\/wp-content\/uploads\/Ronaldo-Fenomeno-durante-premiacao-da-FIFA-160x120.webp 160w, https:\/\/www.gaveanews.com\/wp-content\/uploads\/Ronaldo-Fenomeno-durante-premiacao-da-FIFA-100x75.webp 100w, https:\/\/www.gaveanews.com\/wp-content\/uploads\/Ronaldo-Fenomeno-durante-premiacao-da-FIFA-200x150.webp 200w, https:\/\/www.gaveanews.com\/wp-content\/uploads\/Ronaldo-Fenomeno-durante-premiacao-da-FIFA-180x135.webp 180w, https:\/\/www.gaveanews.com\/wp-content\/uploads\/Ronaldo-Fenomeno-durante-premiacao-da-FIFA-360x270.webp 360w, https:\/\/www.gaveanews.com\/wp-content\/uploads\/Ronaldo-Fenomeno-durante-premiacao-da-FIFA-238x178.webp 238w, https:\/\/www.gaveanews.com\/wp-content\/uploads\/Ronaldo-Fenomeno-durante-premiacao-da-FIFA-476x356.webp 476w\" sizes=\"auto, (max-width: 640px) 100vw, 640px\" \/><figcaption class=\"wp-element-caption\">Ronaldo Fen\u00f4meno durante premia\u00e7\u00e3o da FIFA (Foto: Reprodu\u00e7\u00e3o)<\/figcaption><\/figure>\n\n\n\n<p>Est\u00eav\u00e3o foi respons\u00e1vel direto por <strong>22 gols<\/strong> do Palmeiras na competi\u00e7\u00e3o, com <strong>13 gols e 9 assist\u00eancias<\/strong> em 31 partidas. Suas atua\u00e7\u00f5es tamb\u00e9m o levaram \u00e0 <strong>Sele\u00e7\u00e3o Brasileira<\/strong>, onde foi convocado para quatro jogos sob o comando de Dorival Jr., atuando contra Uruguai, Venezuela, Paraguai e Equador.<\/p>\n\n\n\n<p>Apesar de sua grande fase no Brasil, Est\u00eav\u00e3o deve se transferir para o <strong>Chelsea<\/strong> no meio de <strong>2025<\/strong>, por um valor de <strong>61,5 milh\u00f5es de euros<\/strong> (aproximadamente <strong>R$ 356 milh\u00f5es<\/strong>). O acordo prev\u00ea que o jogador dispute a Copa do Mundo de Clubes da FIFA, marcada para <strong>junho e julho de 2025<\/strong>, antes de seguir para a Inglaterra.<\/p>\n\n\n\n<h2 class=\"wp-block-heading\" id=\"h-atacante-suspenso\">Atacante suspenso<\/h2>\n\n\n\n<p>O atacante Mykhailo Mudryk, do Chelsea, foi suspenso temporariamente ap\u00f3s testar positivo em um exame antidoping realizado em outubro. O jogador ucraniano negou ter utilizado qualquer subst\u00e2ncia proibida de forma intencional e afirmou estar cooperando com as autoridades. <\/p>\n\n\n\n<figure class=\"wp-block-image size-full\"><img loading=\"lazy\" decoding=\"async\" width=\"1000\" height=\"667\" src=\"https:\/\/www.gaveanews.com\/wp-content\/uploads\/Chelsea-1.webp\" alt=\"\" class=\"wp-image-119821\" srcset=\"https:\/\/www.gaveanews.com\/wp-content\/uploads\/Chelsea-1.webp 1000w, https:\/\/www.gaveanews.com\/wp-content\/uploads\/Chelsea-1-300x200.webp 300w, https:\/\/www.gaveanews.com\/wp-content\/uploads\/Chelsea-1-768x512.webp 768w, https:\/\/www.gaveanews.com\/wp-content\/uploads\/Chelsea-1-630x420.webp 630w, https:\/\/www.gaveanews.com\/wp-content\/uploads\/Chelsea-1-640x427.webp 640w, https:\/\/www.gaveanews.com\/wp-content\/uploads\/Chelsea-1-681x454.webp 681w, https:\/\/www.gaveanews.com\/wp-content\/uploads\/Chelsea-1-100x67.webp 100w\" sizes=\"auto, (max-width: 1000px) 100vw, 1000px\" \/><figcaption class=\"wp-element-caption\">Bandeirinha escanteio do Chelsea (Foto: Zuma Press\/Alamy Stock Photo)<\/figcaption><\/figure>\n\n\n\n<p>Em nota oficial, o Chelsea refor\u00e7ou seu apoio ao atleta e ao programa de testes antidoping conduzido pela Federa\u00e7\u00e3o Inglesa (FA), destacando que Mudryk nunca usou conscientemente subst\u00e2ncias il\u00edcitas <\/p>\n\n\n\n<p>O clube e o jogador agora trabalham em conjunto com as autoridades competentes para identificar a causa do resultado adverso. O processo segue confidencial, e os detalhes sobre a subst\u00e2ncia encontrada n\u00e3o foram divulgados. Mudryk, que chegou ao Chelsea em 2023 por 88 milh\u00f5es de libras (aproximadamente R$ 700 milh\u00f5es na cota\u00e7\u00e3o atual), ainda n\u00e3o conseguiu se firmar como esperado. Em 73 partidas pelo clube ingl\u00eas, ele marcou dez gols e deu oito assist\u00eancias.<\/p>\n","protected":false},"excerpt":{"rendered":"<p>Nas \u00faltimas horas, o foco das not\u00edcias sobre o Chelsea se concentram nos bastidores do clube, com destaques do dia a dia do time. Por conta deste contexto, leia abaixo um resumo preparado pela equipe do portal G\u00e1vea News para lhe manter muito bem informado! Declara\u00e7\u00e3o de Est\u00eav\u00e3o Est\u00eav\u00e3o, atacante do Palmeiras, comentou sobre a [&hellip;]<\/p>\n","protected":false},"author":27,"featured_media":120852,"comment_status":"open","ping_status":"closed","sticky":false,"template":"","format":"standard","meta":{"footnotes":""},"categories":[89],"tags":[],"class_list":["post-200727","post","type-post","status-publish","format-standard","has-post-thumbnail","hentry","category-chelsea"],"yoast_head":"<!-- This site is optimized with the Yoast SEO Premium plugin v24.2 (Yoast SEO v26.9) - https:\/\/yoast.com\/product\/yoast-seo-premium-wordpress\/ -->\n<title>Atacante suspenso, recado de Ronaldo e declara\u00e7\u00e3o de Est\u00eav\u00e3o: as \u00faltimas not\u00edcias do Chelsea<\/title>\n<meta name=\"robots\" content=\"index, follow, max-snippet:-1, max-image-preview:large, max-video-preview:-1\" \/>\n<link rel=\"canonical\" href=\"https:\/\/www.gaveanews.com\/index.php\/2024\/12\/18\/atacante-suspenso-recado-de-ronaldo-e-declaracao-de-estevao-as-ultimas-noticias-do-chelsea\/\" \/>\n<meta property=\"og:locale\" content=\"pt_BR\" \/>\n<meta property=\"og:type\" content=\"article\" \/>\n<meta property=\"og:title\" content=\"Atacante suspenso, recado de Ronaldo e declara\u00e7\u00e3o de Est\u00eav\u00e3o: as \u00faltimas not\u00edcias do Chelsea\" \/>\n<meta property=\"og:description\" content=\"Nas \u00faltimas horas, o foco das not\u00edcias sobre o Chelsea se concentram nos bastidores do clube, com destaques do dia a dia do time. Por conta deste contexto, leia abaixo um resumo preparado pela equipe do portal G\u00e1vea News para lhe manter muito bem informado! Declara\u00e7\u00e3o de Est\u00eav\u00e3o Est\u00eav\u00e3o, atacante do Palmeiras, comentou sobre a [&hellip;]\" \/>\n<meta property=\"og:url\" content=\"https:\/\/www.gaveanews.com\/index.php\/2024\/12\/18\/atacante-suspenso-recado-de-ronaldo-e-declaracao-de-estevao-as-ultimas-noticias-do-chelsea\/\" \/>\n<meta property=\"og:site_name\" content=\"G\u00e1vea News\" \/>\n<meta property=\"article:publisher\" content=\"https:\/\/facebook.com\/gaveaNews\/\" \/>\n<meta property=\"article:published_time\" content=\"2024-12-18T09:55:00+00:00\" \/>\n<meta property=\"og:image\" content=\"https:\/\/www.gaveanews.com\/wp-content\/uploads\/chelsea.webp\" \/>\n\t<meta property=\"og:image:width\" content=\"544\" \/>\n\t<meta property=\"og:image:height\" content=\"363\" \/>\n\t<meta property=\"og:image:type\" content=\"image\/webp\" \/>\n<meta name=\"author\" content=\"Matheus Felipe\" \/>\n<meta name=\"twitter:card\" content=\"summary_large_image\" \/>\n<meta name=\"twitter:label1\" content=\"Escrito por\" \/>\n\t<meta name=\"twitter:data1\" content=\"Matheus Felipe\" \/>\n\t<meta name=\"twitter:label2\" content=\"Est. tempo de leitura\" \/>\n\t<meta name=\"twitter:data2\" content=\"5 minutos\" \/>\n<script type=\"application\/ld+json\" class=\"yoast-schema-graph\">{\"@context\":\"https:\/\/schema.org\",\"@graph\":[{\"@type\":\"NewsArticle\",\"@id\":\"https:\/\/www.gaveanews.com\/index.php\/2024\/12\/18\/atacante-suspenso-recado-de-ronaldo-e-declaracao-de-estevao-as-ultimas-noticias-do-chelsea\/#article\",\"isPartOf\":{\"@id\":\"https:\/\/www.gaveanews.com\/index.php\/2024\/12\/18\/atacante-suspenso-recado-de-ronaldo-e-declaracao-de-estevao-as-ultimas-noticias-do-chelsea\/\"},\"author\":{\"name\":\"Matheus Felipe\",\"@id\":\"https:\/\/www.gaveanews.com\/#\/schema\/person\/8207cd4627f56151707418bfc835b2fb\"},\"headline\":\"Atacante suspenso, recado de Ronaldo e declara\u00e7\u00e3o de Est\u00eav\u00e3o: as \u00faltimas not\u00edcias do Chelsea\",\"datePublished\":\"2024-12-18T09:55:00+00:00\",\"mainEntityOfPage\":{\"@id\":\"https:\/\/www.gaveanews.com\/index.php\/2024\/12\/18\/atacante-suspenso-recado-de-ronaldo-e-declaracao-de-estevao-as-ultimas-noticias-do-chelsea\/\"},\"wordCount\":672,\"commentCount\":0,\"image\":{\"@id\":\"https:\/\/www.gaveanews.com\/index.php\/2024\/12\/18\/atacante-suspenso-recado-de-ronaldo-e-declaracao-de-estevao-as-ultimas-noticias-do-chelsea\/#primaryimage\"},\"thumbnailUrl\":\"https:\/\/www.gaveanews.com\/wp-content\/uploads\/chelsea.webp\",\"articleSection\":[\"Chelsea\"],\"inLanguage\":\"pt-BR\",\"potentialAction\":[{\"@type\":\"CommentAction\",\"name\":\"Comment\",\"target\":[\"https:\/\/www.gaveanews.com\/index.php\/2024\/12\/18\/atacante-suspenso-recado-de-ronaldo-e-declaracao-de-estevao-as-ultimas-noticias-do-chelsea\/#respond\"]}],\"copyrightYear\":\"2024\",\"copyrightHolder\":{\"@id\":\"https:\/\/www.gaveanews.com\/#organization\"}},{\"@type\":\"WebPage\",\"@id\":\"https:\/\/www.gaveanews.com\/index.php\/2024\/12\/18\/atacante-suspenso-recado-de-ronaldo-e-declaracao-de-estevao-as-ultimas-noticias-do-chelsea\/\",\"url\":\"https:\/\/www.gaveanews.com\/index.php\/2024\/12\/18\/atacante-suspenso-recado-de-ronaldo-e-declaracao-de-estevao-as-ultimas-noticias-do-chelsea\/\",\"name\":\"Atacante suspenso, recado de Ronaldo e declara\u00e7\u00e3o de Est\u00eav\u00e3o: as \u00faltimas not\u00edcias do Chelsea\",\"isPartOf\":{\"@id\":\"https:\/\/www.gaveanews.com\/#website\"},\"primaryImageOfPage\":{\"@id\":\"https:\/\/www.gaveanews.com\/index.php\/2024\/12\/18\/atacante-suspenso-recado-de-ronaldo-e-declaracao-de-estevao-as-ultimas-noticias-do-chelsea\/#primaryimage\"},\"image\":{\"@id\":\"https:\/\/www.gaveanews.com\/index.php\/2024\/12\/18\/atacante-suspenso-recado-de-ronaldo-e-declaracao-de-estevao-as-ultimas-noticias-do-chelsea\/#primaryimage\"},\"thumbnailUrl\":\"https:\/\/www.gaveanews.com\/wp-content\/uploads\/chelsea.webp\",\"datePublished\":\"2024-12-18T09:55:00+00:00\",\"author\":{\"@id\":\"https:\/\/www.gaveanews.com\/#\/schema\/person\/8207cd4627f56151707418bfc835b2fb\"},\"breadcrumb\":{\"@id\":\"https:\/\/www.gaveanews.com\/index.php\/2024\/12\/18\/atacante-suspenso-recado-de-ronaldo-e-declaracao-de-estevao-as-ultimas-noticias-do-chelsea\/#breadcrumb\"},\"inLanguage\":\"pt-BR\",\"potentialAction\":[{\"@type\":\"ReadAction\",\"target\":[\"https:\/\/www.gaveanews.com\/index.php\/2024\/12\/18\/atacante-suspenso-recado-de-ronaldo-e-declaracao-de-estevao-as-ultimas-noticias-do-chelsea\/\"]}]},{\"@type\":\"ImageObject\",\"inLanguage\":\"pt-BR\",\"@id\":\"https:\/\/www.gaveanews.com\/index.php\/2024\/12\/18\/atacante-suspenso-recado-de-ronaldo-e-declaracao-de-estevao-as-ultimas-noticias-do-chelsea\/#primaryimage\",\"url\":\"https:\/\/www.gaveanews.com\/wp-content\/uploads\/chelsea.webp\",\"contentUrl\":\"https:\/\/www.gaveanews.com\/wp-content\/uploads\/chelsea.webp\",\"width\":544,\"height\":363,\"caption\":\"Escudo do Chelsea (Foto: Reprodu\u00e7\u00e3o)\"},{\"@type\":\"BreadcrumbList\",\"@id\":\"https:\/\/www.gaveanews.com\/index.php\/2024\/12\/18\/atacante-suspenso-recado-de-ronaldo-e-declaracao-de-estevao-as-ultimas-noticias-do-chelsea\/#breadcrumb\",\"itemListElement\":[{\"@type\":\"ListItem\",\"position\":1,\"name\":\"Home\",\"item\":\"https:\/\/www.gaveanews.com\/\"},{\"@type\":\"ListItem\",\"position\":2,\"name\":\"Atacante suspenso, recado de Ronaldo e declara\u00e7\u00e3o de Est\u00eav\u00e3o: as \u00faltimas not\u00edcias do Chelsea\"}]},{\"@type\":\"WebSite\",\"@id\":\"https:\/\/www.gaveanews.com\/#website\",\"url\":\"https:\/\/www.gaveanews.com\/\",\"name\":\"G\u00e1vea News\",\"description\":\"Veja todas as not\u00edcias sobre o Flamengo: Contrata\u00e7\u00f5es, categorias de base, resultados das partidas, tabela de classifica\u00e7\u00e3o, pr\u00f3ximos jogos!\",\"potentialAction\":[{\"@type\":\"SearchAction\",\"target\":{\"@type\":\"EntryPoint\",\"urlTemplate\":\"https:\/\/www.gaveanews.com\/?s={search_term_string}\"},\"query-input\":{\"@type\":\"PropertyValueSpecification\",\"valueRequired\":true,\"valueName\":\"search_term_string\"}}],\"inLanguage\":\"pt-BR\"},{\"@type\":\"Person\",\"@id\":\"https:\/\/www.gaveanews.com\/#\/schema\/person\/8207cd4627f56151707418bfc835b2fb\",\"name\":\"Matheus Felipe\",\"image\":{\"@type\":\"ImageObject\",\"inLanguage\":\"pt-BR\",\"@id\":\"https:\/\/www.gaveanews.com\/#\/schema\/person\/image\/\",\"url\":\"https:\/\/secure.gravatar.com\/avatar\/a452ffbed9130f726358b298bb3a99ce4bd3c5338411f8440e87e14d74c7c087?s=96&d=mm&r=g\",\"contentUrl\":\"https:\/\/secure.gravatar.com\/avatar\/a452ffbed9130f726358b298bb3a99ce4bd3c5338411f8440e87e14d74c7c087?s=96&d=mm&r=g\",\"caption\":\"Matheus Felipe\"}}]}<\/script>\n<!-- \/ Yoast SEO Premium plugin. -->","yoast_head_json":{"title":"Atacante suspenso, recado de Ronaldo e declara\u00e7\u00e3o de Est\u00eav\u00e3o: as \u00faltimas not\u00edcias do Chelsea","robots":{"index":"index","follow":"follow","max-snippet":"max-snippet:-1","max-image-preview":"max-image-preview:large","max-video-preview":"max-video-preview:-1"},"canonical":"https:\/\/www.gaveanews.com\/index.php\/2024\/12\/18\/atacante-suspenso-recado-de-ronaldo-e-declaracao-de-estevao-as-ultimas-noticias-do-chelsea\/","og_locale":"pt_BR","og_type":"article","og_title":"Atacante suspenso, recado de Ronaldo e declara\u00e7\u00e3o de Est\u00eav\u00e3o: as \u00faltimas not\u00edcias do Chelsea","og_description":"Nas \u00faltimas horas, o foco das not\u00edcias sobre o Chelsea se concentram nos bastidores do clube, com destaques do dia a dia do time. Por conta deste contexto, leia abaixo um resumo preparado pela equipe do portal G\u00e1vea News para lhe manter muito bem informado! Declara\u00e7\u00e3o de Est\u00eav\u00e3o Est\u00eav\u00e3o, atacante do Palmeiras, comentou sobre a [&hellip;]","og_url":"https:\/\/www.gaveanews.com\/index.php\/2024\/12\/18\/atacante-suspenso-recado-de-ronaldo-e-declaracao-de-estevao-as-ultimas-noticias-do-chelsea\/","og_site_name":"G\u00e1vea News","article_publisher":"https:\/\/facebook.com\/gaveaNews\/","article_published_time":"2024-12-18T09:55:00+00:00","og_image":[{"width":544,"height":363,"url":"https:\/\/www.gaveanews.com\/wp-content\/uploads\/chelsea.webp","type":"image\/webp"}],"author":"Matheus Felipe","twitter_card":"summary_large_image","twitter_misc":{"Escrito por":"Matheus Felipe","Est. tempo de leitura":"5 minutos"},"schema":{"@context":"https:\/\/schema.org","@graph":[{"@type":"NewsArticle","@id":"https:\/\/www.gaveanews.com\/index.php\/2024\/12\/18\/atacante-suspenso-recado-de-ronaldo-e-declaracao-de-estevao-as-ultimas-noticias-do-chelsea\/#article","isPartOf":{"@id":"https:\/\/www.gaveanews.com\/index.php\/2024\/12\/18\/atacante-suspenso-recado-de-ronaldo-e-declaracao-de-estevao-as-ultimas-noticias-do-chelsea\/"},"author":{"name":"Matheus Felipe","@id":"https:\/\/www.gaveanews.com\/#\/schema\/person\/8207cd4627f56151707418bfc835b2fb"},"headline":"Atacante suspenso, recado de Ronaldo e declara\u00e7\u00e3o de Est\u00eav\u00e3o: as \u00faltimas not\u00edcias do Chelsea","datePublished":"2024-12-18T09:55:00+00:00","mainEntityOfPage":{"@id":"https:\/\/www.gaveanews.com\/index.php\/2024\/12\/18\/atacante-suspenso-recado-de-ronaldo-e-declaracao-de-estevao-as-ultimas-noticias-do-chelsea\/"},"wordCount":672,"commentCount":0,"image":{"@id":"https:\/\/www.gaveanews.com\/index.php\/2024\/12\/18\/atacante-suspenso-recado-de-ronaldo-e-declaracao-de-estevao-as-ultimas-noticias-do-chelsea\/#primaryimage"},"thumbnailUrl":"https:\/\/www.gaveanews.com\/wp-content\/uploads\/chelsea.webp","articleSection":["Chelsea"],"inLanguage":"pt-BR","potentialAction":[{"@type":"CommentAction","name":"Comment","target":["https:\/\/www.gaveanews.com\/index.php\/2024\/12\/18\/atacante-suspenso-recado-de-ronaldo-e-declaracao-de-estevao-as-ultimas-noticias-do-chelsea\/#respond"]}],"copyrightYear":"2024","copyrightHolder":{"@id":"https:\/\/www.gaveanews.com\/#organization"}},{"@type":"WebPage","@id":"https:\/\/www.gaveanews.com\/index.php\/2024\/12\/18\/atacante-suspenso-recado-de-ronaldo-e-declaracao-de-estevao-as-ultimas-noticias-do-chelsea\/","url":"https:\/\/www.gaveanews.com\/index.php\/2024\/12\/18\/atacante-suspenso-recado-de-ronaldo-e-declaracao-de-estevao-as-ultimas-noticias-do-chelsea\/","name":"Atacante suspenso, recado de Ronaldo e declara\u00e7\u00e3o de Est\u00eav\u00e3o: as \u00faltimas not\u00edcias do Chelsea","isPartOf":{"@id":"https:\/\/www.gaveanews.com\/#website"},"primaryImageOfPage":{"@id":"https:\/\/www.gaveanews.com\/index.php\/2024\/12\/18\/atacante-suspenso-recado-de-ronaldo-e-declaracao-de-estevao-as-ultimas-noticias-do-chelsea\/#primaryimage"},"image":{"@id":"https:\/\/www.gaveanews.com\/index.php\/2024\/12\/18\/atacante-suspenso-recado-de-ronaldo-e-declaracao-de-estevao-as-ultimas-noticias-do-chelsea\/#primaryimage"},"thumbnailUrl":"https:\/\/www.gaveanews.com\/wp-content\/uploads\/chelsea.webp","datePublished":"2024-12-18T09:55:00+00:00","author":{"@id":"https:\/\/www.gaveanews.com\/#\/schema\/person\/8207cd4627f56151707418bfc835b2fb"},"breadcrumb":{"@id":"https:\/\/www.gaveanews.com\/index.php\/2024\/12\/18\/atacante-suspenso-recado-de-ronaldo-e-declaracao-de-estevao-as-ultimas-noticias-do-chelsea\/#breadcrumb"},"inLanguage":"pt-BR","potentialAction":[{"@type":"ReadAction","target":["https:\/\/www.gaveanews.com\/index.php\/2024\/12\/18\/atacante-suspenso-recado-de-ronaldo-e-declaracao-de-estevao-as-ultimas-noticias-do-chelsea\/"]}]},{"@type":"ImageObject","inLanguage":"pt-BR","@id":"https:\/\/www.gaveanews.com\/index.php\/2024\/12\/18\/atacante-suspenso-recado-de-ronaldo-e-declaracao-de-estevao-as-ultimas-noticias-do-chelsea\/#primaryimage","url":"https:\/\/www.gaveanews.com\/wp-content\/uploads\/chelsea.webp","contentUrl":"https:\/\/www.gaveanews.com\/wp-content\/uploads\/chelsea.webp","width":544,"height":363,"caption":"Escudo do Chelsea (Foto: Reprodu\u00e7\u00e3o)"},{"@type":"BreadcrumbList","@id":"https:\/\/www.gaveanews.com\/index.php\/2024\/12\/18\/atacante-suspenso-recado-de-ronaldo-e-declaracao-de-estevao-as-ultimas-noticias-do-chelsea\/#breadcrumb","itemListElement":[{"@type":"ListItem","position":1,"name":"Home","item":"https:\/\/www.gaveanews.com\/"},{"@type":"ListItem","position":2,"name":"Atacante suspenso, recado de Ronaldo e declara\u00e7\u00e3o de Est\u00eav\u00e3o: as \u00faltimas not\u00edcias do Chelsea"}]},{"@type":"WebSite","@id":"https:\/\/www.gaveanews.com\/#website","url":"https:\/\/www.gaveanews.com\/","name":"G\u00e1vea News","description":"Veja todas as not\u00edcias sobre o Flamengo: Contrata\u00e7\u00f5es, categorias de base, resultados das partidas, tabela de classifica\u00e7\u00e3o, pr\u00f3ximos jogos!","potentialAction":[{"@type":"SearchAction","target":{"@type":"EntryPoint","urlTemplate":"https:\/\/www.gaveanews.com\/?s={search_term_string}"},"query-input":{"@type":"PropertyValueSpecification","valueRequired":true,"valueName":"search_term_string"}}],"inLanguage":"pt-BR"},{"@type":"Person","@id":"https:\/\/www.gaveanews.com\/#\/schema\/person\/8207cd4627f56151707418bfc835b2fb","name":"Matheus Felipe","image":{"@type":"ImageObject","inLanguage":"pt-BR","@id":"https:\/\/www.gaveanews.com\/#\/schema\/person\/image\/","url":"https:\/\/secure.gravatar.com\/avatar\/a452ffbed9130f726358b298bb3a99ce4bd3c5338411f8440e87e14d74c7c087?s=96&d=mm&r=g","contentUrl":"https:\/\/secure.gravatar.com\/avatar\/a452ffbed9130f726358b298bb3a99ce4bd3c5338411f8440e87e14d74c7c087?s=96&d=mm&r=g","caption":"Matheus Felipe"}}]}},"_links":{"self":[{"href":"https:\/\/www.gaveanews.com\/index.php\/wp-json\/wp\/v2\/posts\/200727","targetHints":{"allow":["GET"]}}],"collection":[{"href":"https:\/\/www.gaveanews.com\/index.php\/wp-json\/wp\/v2\/posts"}],"about":[{"href":"https:\/\/www.gaveanews.com\/index.php\/wp-json\/wp\/v2\/types\/post"}],"author":[{"embeddable":true,"href":"https:\/\/www.gaveanews.com\/index.php\/wp-json\/wp\/v2\/users\/27"}],"replies":[{"embeddable":true,"href":"https:\/\/www.gaveanews.com\/index.php\/wp-json\/wp\/v2\/comments?post=200727"}],"version-history":[{"count":1,"href":"https:\/\/www.gaveanews.com\/index.php\/wp-json\/wp\/v2\/posts\/200727\/revisions"}],"predecessor-version":[{"id":200730,"href":"https:\/\/www.gaveanews.com\/index.php\/wp-json\/wp\/v2\/posts\/200727\/revisions\/200730"}],"wp:featuredmedia":[{"embeddable":true,"href":"https:\/\/www.gaveanews.com\/index.php\/wp-json\/wp\/v2\/media\/120852"}],"wp:attachment":[{"href":"https:\/\/www.gaveanews.com\/index.php\/wp-json\/wp\/v2\/media?parent=200727"}],"wp:term":[{"taxonomy":"category","embeddable":true,"href":"https:\/\/www.gaveanews.com\/index.php\/wp-json\/wp\/v2\/categories?post=200727"},{"taxonomy":"post_tag","embeddable":true,"href":"https:\/\/www.gaveanews.com\/index.php\/wp-json\/wp\/v2\/tags?post=200727"}],"curies":[{"name":"wp","href":"https:\/\/api.w.org\/{rel}","templated":true}]}}