{"id":200731,"date":"2024-12-18T07:55:00","date_gmt":"2024-12-18T10:55:00","guid":{"rendered":"https:\/\/www.gaveanews.com\/?p=200731"},"modified":"2024-12-18T02:00:46","modified_gmt":"2024-12-18T05:00:46","slug":"reforco-milionario-atitude-de-van-dijk-e-declaracao-de-alisson-as-ultimas-noticias-do-liverpool","status":"publish","type":"post","link":"https:\/\/www.gaveanews.com\/index.php\/2024\/12\/18\/reforco-milionario-atitude-de-van-dijk-e-declaracao-de-alisson-as-ultimas-noticias-do-liverpool\/","title":{"rendered":"Refor\u00e7o milion\u00e1rio, atitude de Van Dijk e declara\u00e7\u00e3o de Alisson: as \u00faltimas not\u00edcias do Liverpool"},"content":{"rendered":"\n<p>Nas \u00faltimas horas, o foco das not\u00edcias sobre o Liverpool se concentram nos bastidores do clube, com destaques do dia a dia do time.<\/p>\n\n\n\n<p>Por conta deste contexto, leia abaixo um resumo preparado pela equipe do portal G\u00e1vea News para lhe manter muito bem informado!<\/p>\n\n\n\n<h2 class=\"wp-block-heading\" id=\"h-declaracao-de-alisson\">Declara\u00e7\u00e3o de Alisson <\/h2>\n\n\n\n<p>O goleiro Alisson, do Liverpool, falou sobre sua ansiedade em retornar \u00e0 Sele\u00e7\u00e3o Brasileira ap\u00f3s ficar afastado devido a uma les\u00e3o. Questionado pela jornalista Clara Albuquerque, da <em>TNT Sports<\/em>, Alisson destacou sua vontade de vestir novamente a camisa da Amarelinha e contribuir para os pr\u00f3ximos compromissos do Brasil. O retorno do jogador \u00e9 aguardado especialmente para os jogos contra Col\u00f4mbia e Argentina, marcados para mar\u00e7o de 2025, pelas Eliminat\u00f3rias da Copa do Mundo.<\/p>\n\n\n\n<figure class=\"wp-block-image size-large\"><img loading=\"lazy\" decoding=\"async\" width=\"821\" height=\"1024\" src=\"https:\/\/www.gaveanews.com\/wp-content\/uploads\/Alisson-em-acao-com-a-camisa-numero-1-do-Liverpool-821x1024.webp\" alt=\"\" class=\"wp-image-161482\" srcset=\"https:\/\/www.gaveanews.com\/wp-content\/uploads\/Alisson-em-acao-com-a-camisa-numero-1-do-Liverpool-821x1024.webp 821w, https:\/\/www.gaveanews.com\/wp-content\/uploads\/Alisson-em-acao-com-a-camisa-numero-1-do-Liverpool-241x300.webp 241w, https:\/\/www.gaveanews.com\/wp-content\/uploads\/Alisson-em-acao-com-a-camisa-numero-1-do-Liverpool-768x958.webp 768w, https:\/\/www.gaveanews.com\/wp-content\/uploads\/Alisson-em-acao-com-a-camisa-numero-1-do-Liverpool-1232x1536.webp 1232w, https:\/\/www.gaveanews.com\/wp-content\/uploads\/Alisson-em-acao-com-a-camisa-numero-1-do-Liverpool-337x420.webp 337w, https:\/\/www.gaveanews.com\/wp-content\/uploads\/Alisson-em-acao-com-a-camisa-numero-1-do-Liverpool-674x840.webp 674w, https:\/\/www.gaveanews.com\/wp-content\/uploads\/Alisson-em-acao-com-a-camisa-numero-1-do-Liverpool-640x798.webp 640w, https:\/\/www.gaveanews.com\/wp-content\/uploads\/Alisson-em-acao-com-a-camisa-numero-1-do-Liverpool-681x849.webp 681w, https:\/\/www.gaveanews.com\/wp-content\/uploads\/Alisson-em-acao-com-a-camisa-numero-1-do-Liverpool-100x125.webp 100w, https:\/\/www.gaveanews.com\/wp-content\/uploads\/Alisson-em-acao-com-a-camisa-numero-1-do-Liverpool.webp 1242w\" sizes=\"auto, (max-width: 821px) 100vw, 821px\" \/><figcaption class=\"wp-element-caption\">Alisson em a\u00e7\u00e3o com a camisa n\u00famero 1 do Liverpool (Foto: Reprodu\u00e7\u00e3o\/Instagram)<\/figcaption><\/figure>\n\n\n\n<p>Durante o per\u00edodo fora, Alisson se recuperou de uma les\u00e3o que tamb\u00e9m impactou sua sequ\u00eancia no Liverpool. <\/p>\n\n\n\n<p>Mesmo com o retorno aos gramados, sua participa\u00e7\u00e3o recente n\u00e3o exigiu grande atividade, mas foi um passo importante na recupera\u00e7\u00e3o do goleiro titular da Sele\u00e7\u00e3o. O Brasil ocupa atualmente a quinta coloca\u00e7\u00e3o nas Eliminat\u00f3rias, com 18 pontos, enquanto Argentina, Uruguai, Col\u00f4mbia e Equador seguem \u00e0 frente na disputa.<\/p>\n\n\n\n<p>Al\u00e9m dos desafios imediatos contra Col\u00f4mbia e Argentina, a Sele\u00e7\u00e3o Brasileira ainda ter\u00e1 outros seis compromissos importantes em 2025, tornando o retorno de Alisson fundamental para garantir a solidez defensiva da equipe. O goleiro busca retomar sua posi\u00e7\u00e3o como pe\u00e7a-chave no elenco de Dorival J\u00fanior e ajudar o Brasil a alcan\u00e7ar uma vaga direta no Mundial.<\/p>\n\n\n\n<h2 class=\"wp-block-heading\" id=\"h-atitude-de-van-dijk\">Atitude de Van Dijk<\/h2>\n\n\n\n<p>Durante o cl\u00e1ssico entre <strong>Manchester United<\/strong> e <strong>Liverpool<\/strong>, uma situa\u00e7\u00e3o envolvendo <strong>Virgil van Dijk<\/strong> e o goleiro <strong>Andre Onana<\/strong> chamou a aten\u00e7\u00e3o. Enquanto o Liverpool se preparava para cobrar um escanteio, Van Dijk deu um leve tapinha no bra\u00e7o de Onana, que respondeu inesperadamente com uma <strong>cotovelada no est\u00f4mago<\/strong> do zagueiro. A rea\u00e7\u00e3o de Van Dijk, que segurou o abd\u00f4men e riu da situa\u00e7\u00e3o, gerou ampla repercuss\u00e3o nas redes sociais, onde torcedores questionaram a decis\u00e3o do \u00e1rbitro em n\u00e3o expulsar Onana. <\/p>\n\n\n\n<figure class=\"wp-block-image size-large\"><img loading=\"lazy\" decoding=\"async\" width=\"1024\" height=\"682\" src=\"https:\/\/www.gaveanews.com\/wp-content\/uploads\/virgilvandijk_1706647859637-1024x682.webp\" alt=\"\" class=\"wp-image-124679\" srcset=\"https:\/\/www.gaveanews.com\/wp-content\/uploads\/virgilvandijk_1706647859637-1024x682.webp 1024w, https:\/\/www.gaveanews.com\/wp-content\/uploads\/virgilvandijk_1706647859637-300x200.webp 300w, https:\/\/www.gaveanews.com\/wp-content\/uploads\/virgilvandijk_1706647859637-768x511.webp 768w, https:\/\/www.gaveanews.com\/wp-content\/uploads\/virgilvandijk_1706647859637-631x420.webp 631w, https:\/\/www.gaveanews.com\/wp-content\/uploads\/virgilvandijk_1706647859637-1261x840.webp 1261w, https:\/\/www.gaveanews.com\/wp-content\/uploads\/virgilvandijk_1706647859637-640x426.webp 640w, https:\/\/www.gaveanews.com\/wp-content\/uploads\/virgilvandijk_1706647859637-1280x852.webp 1280w, https:\/\/www.gaveanews.com\/wp-content\/uploads\/virgilvandijk_1706647859637-681x454.webp 681w, https:\/\/www.gaveanews.com\/wp-content\/uploads\/virgilvandijk_1706647859637-1362x907.webp 1362w, https:\/\/www.gaveanews.com\/wp-content\/uploads\/virgilvandijk_1706647859637-100x67.webp 100w, https:\/\/www.gaveanews.com\/wp-content\/uploads\/virgilvandijk_1706647859637.webp 1440w\" sizes=\"auto, (max-width: 1024px) 100vw, 1024px\" \/><figcaption class=\"wp-element-caption\">Virgil van Dijk pela sele\u00e7\u00e3o da Holanda (Foto: Reprodu\u00e7\u00e3o\/Instagram)<\/figcaption><\/figure>\n\n\n\n<p>Alguns internautas ironizaram o lance, sugerindo que, se fosse um jogador do Manchester United, &#8220;ele teria ca\u00eddo e estaria chorando por falta&#8221;. Outros apontaram que Van Dijk poderia ter preferido a perman\u00eancia de Onana em campo para o time advers\u00e1rio n\u00e3o perder um jogador importante.<\/p>\n\n\n\n<p>Apesar do incidente, o Liverpool dominou a partida e venceu por <strong>3 a 0<\/strong>, com dois gols de <strong>Luis Diaz<\/strong> no primeiro tempo e outro de <strong>Mohamed Salah<\/strong> na segunda etapa. A vit\u00f3ria consolidou a excelente fase do time sob o comando de <strong>Arne Slot<\/strong>, destacando sua solidez defensiva e efic\u00e1cia no ataque.<\/p>\n\n\n\n<h2 class=\"wp-block-heading\" id=\"h-reforco-milionario\">Refor\u00e7o milion\u00e1rio<\/h2>\n\n\n\n<p>O Liverpool est\u00e1 de olho no mercado de transfer\u00eancias para refor\u00e7ar seu elenco sob o comando de Arne Slot e tem como principal alvo o volante italiano Samuele Ricci, destaque do Torino. Avaliado em 25 milh\u00f5es de libras (cerca de R$ 159 milh\u00f5es), Ricci \u00e9 visto como pe\u00e7a-chave para fortalecer as transi\u00e7\u00f5es defensivas e ofensivas da equipe inglesa. O jogador, de 23 anos, possui contrato com o clube italiano at\u00e9 junho de 2026, o que pode inflacionar os valores da negocia\u00e7\u00e3o, especialmente porque o Manchester City tamb\u00e9m monitora o atleta como poss\u00edvel substituto de Rodri.<\/p>\n\n\n\n<figure class=\"wp-block-image size-full\"><img loading=\"lazy\" decoding=\"async\" width=\"680\" height=\"450\" src=\"https:\/\/www.gaveanews.com\/wp-content\/uploads\/Dinheiro-no-Futebol.webp\" alt=\"\" class=\"wp-image-101403\" srcset=\"https:\/\/www.gaveanews.com\/wp-content\/uploads\/Dinheiro-no-Futebol.webp 680w, https:\/\/www.gaveanews.com\/wp-content\/uploads\/Dinheiro-no-Futebol-300x199.webp 300w, https:\/\/www.gaveanews.com\/wp-content\/uploads\/Dinheiro-no-Futebol-635x420.webp 635w, https:\/\/www.gaveanews.com\/wp-content\/uploads\/Dinheiro-no-Futebol-640x424.webp 640w, https:\/\/www.gaveanews.com\/wp-content\/uploads\/Dinheiro-no-Futebol-100x66.webp 100w\" sizes=\"auto, (max-width: 680px) 100vw, 680px\" \/><figcaption class=\"wp-element-caption\">Imagem meramente ilustrativa<\/figcaption><\/figure>\n\n\n\n<p>Apesar de ter n\u00fameros modestos nesta temporada, com apenas uma assist\u00eancia em 18 jogos, Ricci \u00e9 reconhecido por sua vis\u00e3o estrat\u00e9gica e habilidade t\u00e9cnica, caracter\u00edsticas que encaixam no perfil desejado pelo t\u00e9cnico Arne Slot. A diretoria do Liverpool busca agir com rapidez, aprendendo com a janela anterior, quando n\u00e3o conseguiu avan\u00e7ar na contrata\u00e7\u00e3o de Mart\u00edn Zubimendi, da Real Sociedad.<\/p>\n\n\n\n<p>O planejamento ambicioso dos Reds sinaliza um esfor\u00e7o para elevar o n\u00edvel competitivo da equipe e disputar t\u00edtulos importantes. A pr\u00f3xima janela de transfer\u00eancias promete ser agitada em Anfield, com o clube focado em garantir refor\u00e7os estrat\u00e9gicos para a continuidade da temporada.<\/p>\n","protected":false},"excerpt":{"rendered":"<p>Nas \u00faltimas horas, o foco das not\u00edcias sobre o Liverpool se concentram nos bastidores do clube, com destaques do dia a dia do time. Por conta deste contexto, leia abaixo um resumo preparado pela equipe do portal G\u00e1vea News para lhe manter muito bem informado! Declara\u00e7\u00e3o de Alisson O goleiro Alisson, do Liverpool, falou sobre [&hellip;]<\/p>\n","protected":false},"author":27,"featured_media":120206,"comment_status":"open","ping_status":"closed","sticky":false,"template":"","format":"standard","meta":{"footnotes":""},"categories":[92],"tags":[],"class_list":["post-200731","post","type-post","status-publish","format-standard","has-post-thumbnail","hentry","category-liverpool"],"yoast_head":"<!-- This site is optimized with the Yoast SEO Premium plugin v24.2 (Yoast SEO v26.9) - https:\/\/yoast.com\/product\/yoast-seo-premium-wordpress\/ -->\n<title>Refor\u00e7o milion\u00e1rio, atitude de Van Dijk e declara\u00e7\u00e3o de Alisson: as \u00faltimas not\u00edcias do Liverpool<\/title>\n<meta name=\"robots\" content=\"index, follow, max-snippet:-1, max-image-preview:large, max-video-preview:-1\" \/>\n<link rel=\"canonical\" href=\"https:\/\/www.gaveanews.com\/index.php\/2024\/12\/18\/reforco-milionario-atitude-de-van-dijk-e-declaracao-de-alisson-as-ultimas-noticias-do-liverpool\/\" \/>\n<meta property=\"og:locale\" content=\"pt_BR\" \/>\n<meta property=\"og:type\" content=\"article\" \/>\n<meta property=\"og:title\" content=\"Refor\u00e7o milion\u00e1rio, atitude de Van Dijk e declara\u00e7\u00e3o de Alisson: as \u00faltimas not\u00edcias do Liverpool\" \/>\n<meta property=\"og:description\" content=\"Nas \u00faltimas horas, o foco das not\u00edcias sobre o Liverpool se concentram nos bastidores do clube, com destaques do dia a dia do time. Por conta deste contexto, leia abaixo um resumo preparado pela equipe do portal G\u00e1vea News para lhe manter muito bem informado! Declara\u00e7\u00e3o de Alisson O goleiro Alisson, do Liverpool, falou sobre [&hellip;]\" \/>\n<meta property=\"og:url\" content=\"https:\/\/www.gaveanews.com\/index.php\/2024\/12\/18\/reforco-milionario-atitude-de-van-dijk-e-declaracao-de-alisson-as-ultimas-noticias-do-liverpool\/\" \/>\n<meta property=\"og:site_name\" content=\"G\u00e1vea News\" \/>\n<meta property=\"article:publisher\" content=\"https:\/\/facebook.com\/gaveaNews\/\" \/>\n<meta property=\"article:published_time\" content=\"2024-12-18T10:55:00+00:00\" \/>\n<meta property=\"og:image\" content=\"https:\/\/www.gaveanews.com\/wp-content\/uploads\/imagem_2024-01-08_183105907.webp\" \/>\n\t<meta property=\"og:image:width\" content=\"800\" \/>\n\t<meta property=\"og:image:height\" content=\"493\" \/>\n\t<meta property=\"og:image:type\" content=\"image\/png\" \/>\n<meta name=\"author\" content=\"Matheus Felipe\" \/>\n<meta name=\"twitter:card\" content=\"summary_large_image\" \/>\n<meta name=\"twitter:label1\" content=\"Escrito por\" \/>\n\t<meta name=\"twitter:data1\" content=\"Matheus Felipe\" \/>\n\t<meta name=\"twitter:label2\" content=\"Est. tempo de leitura\" \/>\n\t<meta name=\"twitter:data2\" content=\"5 minutos\" \/>\n<script type=\"application\/ld+json\" class=\"yoast-schema-graph\">{\"@context\":\"https:\/\/schema.org\",\"@graph\":[{\"@type\":\"NewsArticle\",\"@id\":\"https:\/\/www.gaveanews.com\/index.php\/2024\/12\/18\/reforco-milionario-atitude-de-van-dijk-e-declaracao-de-alisson-as-ultimas-noticias-do-liverpool\/#article\",\"isPartOf\":{\"@id\":\"https:\/\/www.gaveanews.com\/index.php\/2024\/12\/18\/reforco-milionario-atitude-de-van-dijk-e-declaracao-de-alisson-as-ultimas-noticias-do-liverpool\/\"},\"author\":{\"name\":\"Matheus Felipe\",\"@id\":\"https:\/\/www.gaveanews.com\/#\/schema\/person\/8207cd4627f56151707418bfc835b2fb\"},\"headline\":\"Refor\u00e7o milion\u00e1rio, atitude de Van Dijk e declara\u00e7\u00e3o de Alisson: as \u00faltimas not\u00edcias do Liverpool\",\"datePublished\":\"2024-12-18T10:55:00+00:00\",\"mainEntityOfPage\":{\"@id\":\"https:\/\/www.gaveanews.com\/index.php\/2024\/12\/18\/reforco-milionario-atitude-de-van-dijk-e-declaracao-de-alisson-as-ultimas-noticias-do-liverpool\/\"},\"wordCount\":731,\"commentCount\":0,\"image\":{\"@id\":\"https:\/\/www.gaveanews.com\/index.php\/2024\/12\/18\/reforco-milionario-atitude-de-van-dijk-e-declaracao-de-alisson-as-ultimas-noticias-do-liverpool\/#primaryimage\"},\"thumbnailUrl\":\"https:\/\/www.gaveanews.com\/wp-content\/uploads\/imagem_2024-01-08_183105907.webp\",\"articleSection\":[\"Liverpool\"],\"inLanguage\":\"pt-BR\",\"potentialAction\":[{\"@type\":\"CommentAction\",\"name\":\"Comment\",\"target\":[\"https:\/\/www.gaveanews.com\/index.php\/2024\/12\/18\/reforco-milionario-atitude-de-van-dijk-e-declaracao-de-alisson-as-ultimas-noticias-do-liverpool\/#respond\"]}],\"copyrightYear\":\"2024\",\"copyrightHolder\":{\"@id\":\"https:\/\/www.gaveanews.com\/#organization\"}},{\"@type\":\"WebPage\",\"@id\":\"https:\/\/www.gaveanews.com\/index.php\/2024\/12\/18\/reforco-milionario-atitude-de-van-dijk-e-declaracao-de-alisson-as-ultimas-noticias-do-liverpool\/\",\"url\":\"https:\/\/www.gaveanews.com\/index.php\/2024\/12\/18\/reforco-milionario-atitude-de-van-dijk-e-declaracao-de-alisson-as-ultimas-noticias-do-liverpool\/\",\"name\":\"Refor\u00e7o milion\u00e1rio, atitude de Van Dijk e declara\u00e7\u00e3o de Alisson: as \u00faltimas not\u00edcias do Liverpool\",\"isPartOf\":{\"@id\":\"https:\/\/www.gaveanews.com\/#website\"},\"primaryImageOfPage\":{\"@id\":\"https:\/\/www.gaveanews.com\/index.php\/2024\/12\/18\/reforco-milionario-atitude-de-van-dijk-e-declaracao-de-alisson-as-ultimas-noticias-do-liverpool\/#primaryimage\"},\"image\":{\"@id\":\"https:\/\/www.gaveanews.com\/index.php\/2024\/12\/18\/reforco-milionario-atitude-de-van-dijk-e-declaracao-de-alisson-as-ultimas-noticias-do-liverpool\/#primaryimage\"},\"thumbnailUrl\":\"https:\/\/www.gaveanews.com\/wp-content\/uploads\/imagem_2024-01-08_183105907.webp\",\"datePublished\":\"2024-12-18T10:55:00+00:00\",\"author\":{\"@id\":\"https:\/\/www.gaveanews.com\/#\/schema\/person\/8207cd4627f56151707418bfc835b2fb\"},\"breadcrumb\":{\"@id\":\"https:\/\/www.gaveanews.com\/index.php\/2024\/12\/18\/reforco-milionario-atitude-de-van-dijk-e-declaracao-de-alisson-as-ultimas-noticias-do-liverpool\/#breadcrumb\"},\"inLanguage\":\"pt-BR\",\"potentialAction\":[{\"@type\":\"ReadAction\",\"target\":[\"https:\/\/www.gaveanews.com\/index.php\/2024\/12\/18\/reforco-milionario-atitude-de-van-dijk-e-declaracao-de-alisson-as-ultimas-noticias-do-liverpool\/\"]}]},{\"@type\":\"ImageObject\",\"inLanguage\":\"pt-BR\",\"@id\":\"https:\/\/www.gaveanews.com\/index.php\/2024\/12\/18\/reforco-milionario-atitude-de-van-dijk-e-declaracao-de-alisson-as-ultimas-noticias-do-liverpool\/#primaryimage\",\"url\":\"https:\/\/www.gaveanews.com\/wp-content\/uploads\/imagem_2024-01-08_183105907.webp\",\"contentUrl\":\"https:\/\/www.gaveanews.com\/wp-content\/uploads\/imagem_2024-01-08_183105907.webp\",\"width\":800,\"height\":493,\"caption\":\"Escudo do Liverpool (Foto: Reprodu\u00e7\u00e3o)\"},{\"@type\":\"BreadcrumbList\",\"@id\":\"https:\/\/www.gaveanews.com\/index.php\/2024\/12\/18\/reforco-milionario-atitude-de-van-dijk-e-declaracao-de-alisson-as-ultimas-noticias-do-liverpool\/#breadcrumb\",\"itemListElement\":[{\"@type\":\"ListItem\",\"position\":1,\"name\":\"Home\",\"item\":\"https:\/\/www.gaveanews.com\/\"},{\"@type\":\"ListItem\",\"position\":2,\"name\":\"Refor\u00e7o milion\u00e1rio, atitude de Van Dijk e declara\u00e7\u00e3o de Alisson: as \u00faltimas not\u00edcias do Liverpool\"}]},{\"@type\":\"WebSite\",\"@id\":\"https:\/\/www.gaveanews.com\/#website\",\"url\":\"https:\/\/www.gaveanews.com\/\",\"name\":\"G\u00e1vea News\",\"description\":\"Veja todas as not\u00edcias sobre o Flamengo: Contrata\u00e7\u00f5es, categorias de base, resultados das partidas, tabela de classifica\u00e7\u00e3o, pr\u00f3ximos jogos!\",\"potentialAction\":[{\"@type\":\"SearchAction\",\"target\":{\"@type\":\"EntryPoint\",\"urlTemplate\":\"https:\/\/www.gaveanews.com\/?s={search_term_string}\"},\"query-input\":{\"@type\":\"PropertyValueSpecification\",\"valueRequired\":true,\"valueName\":\"search_term_string\"}}],\"inLanguage\":\"pt-BR\"},{\"@type\":\"Person\",\"@id\":\"https:\/\/www.gaveanews.com\/#\/schema\/person\/8207cd4627f56151707418bfc835b2fb\",\"name\":\"Matheus Felipe\",\"image\":{\"@type\":\"ImageObject\",\"inLanguage\":\"pt-BR\",\"@id\":\"https:\/\/www.gaveanews.com\/#\/schema\/person\/image\/\",\"url\":\"https:\/\/secure.gravatar.com\/avatar\/a452ffbed9130f726358b298bb3a99ce4bd3c5338411f8440e87e14d74c7c087?s=96&d=mm&r=g\",\"contentUrl\":\"https:\/\/secure.gravatar.com\/avatar\/a452ffbed9130f726358b298bb3a99ce4bd3c5338411f8440e87e14d74c7c087?s=96&d=mm&r=g\",\"caption\":\"Matheus Felipe\"}}]}<\/script>\n<!-- \/ Yoast SEO Premium plugin. -->","yoast_head_json":{"title":"Refor\u00e7o milion\u00e1rio, atitude de Van Dijk e declara\u00e7\u00e3o de Alisson: as \u00faltimas not\u00edcias do Liverpool","robots":{"index":"index","follow":"follow","max-snippet":"max-snippet:-1","max-image-preview":"max-image-preview:large","max-video-preview":"max-video-preview:-1"},"canonical":"https:\/\/www.gaveanews.com\/index.php\/2024\/12\/18\/reforco-milionario-atitude-de-van-dijk-e-declaracao-de-alisson-as-ultimas-noticias-do-liverpool\/","og_locale":"pt_BR","og_type":"article","og_title":"Refor\u00e7o milion\u00e1rio, atitude de Van Dijk e declara\u00e7\u00e3o de Alisson: as \u00faltimas not\u00edcias do Liverpool","og_description":"Nas \u00faltimas horas, o foco das not\u00edcias sobre o Liverpool se concentram nos bastidores do clube, com destaques do dia a dia do time. Por conta deste contexto, leia abaixo um resumo preparado pela equipe do portal G\u00e1vea News para lhe manter muito bem informado! Declara\u00e7\u00e3o de Alisson O goleiro Alisson, do Liverpool, falou sobre [&hellip;]","og_url":"https:\/\/www.gaveanews.com\/index.php\/2024\/12\/18\/reforco-milionario-atitude-de-van-dijk-e-declaracao-de-alisson-as-ultimas-noticias-do-liverpool\/","og_site_name":"G\u00e1vea News","article_publisher":"https:\/\/facebook.com\/gaveaNews\/","article_published_time":"2024-12-18T10:55:00+00:00","og_image":[{"width":800,"height":493,"url":"https:\/\/www.gaveanews.com\/wp-content\/uploads\/imagem_2024-01-08_183105907.webp","type":"image\/png"}],"author":"Matheus Felipe","twitter_card":"summary_large_image","twitter_misc":{"Escrito por":"Matheus Felipe","Est. tempo de leitura":"5 minutos"},"schema":{"@context":"https:\/\/schema.org","@graph":[{"@type":"NewsArticle","@id":"https:\/\/www.gaveanews.com\/index.php\/2024\/12\/18\/reforco-milionario-atitude-de-van-dijk-e-declaracao-de-alisson-as-ultimas-noticias-do-liverpool\/#article","isPartOf":{"@id":"https:\/\/www.gaveanews.com\/index.php\/2024\/12\/18\/reforco-milionario-atitude-de-van-dijk-e-declaracao-de-alisson-as-ultimas-noticias-do-liverpool\/"},"author":{"name":"Matheus Felipe","@id":"https:\/\/www.gaveanews.com\/#\/schema\/person\/8207cd4627f56151707418bfc835b2fb"},"headline":"Refor\u00e7o milion\u00e1rio, atitude de Van Dijk e declara\u00e7\u00e3o de Alisson: as \u00faltimas not\u00edcias do Liverpool","datePublished":"2024-12-18T10:55:00+00:00","mainEntityOfPage":{"@id":"https:\/\/www.gaveanews.com\/index.php\/2024\/12\/18\/reforco-milionario-atitude-de-van-dijk-e-declaracao-de-alisson-as-ultimas-noticias-do-liverpool\/"},"wordCount":731,"commentCount":0,"image":{"@id":"https:\/\/www.gaveanews.com\/index.php\/2024\/12\/18\/reforco-milionario-atitude-de-van-dijk-e-declaracao-de-alisson-as-ultimas-noticias-do-liverpool\/#primaryimage"},"thumbnailUrl":"https:\/\/www.gaveanews.com\/wp-content\/uploads\/imagem_2024-01-08_183105907.webp","articleSection":["Liverpool"],"inLanguage":"pt-BR","potentialAction":[{"@type":"CommentAction","name":"Comment","target":["https:\/\/www.gaveanews.com\/index.php\/2024\/12\/18\/reforco-milionario-atitude-de-van-dijk-e-declaracao-de-alisson-as-ultimas-noticias-do-liverpool\/#respond"]}],"copyrightYear":"2024","copyrightHolder":{"@id":"https:\/\/www.gaveanews.com\/#organization"}},{"@type":"WebPage","@id":"https:\/\/www.gaveanews.com\/index.php\/2024\/12\/18\/reforco-milionario-atitude-de-van-dijk-e-declaracao-de-alisson-as-ultimas-noticias-do-liverpool\/","url":"https:\/\/www.gaveanews.com\/index.php\/2024\/12\/18\/reforco-milionario-atitude-de-van-dijk-e-declaracao-de-alisson-as-ultimas-noticias-do-liverpool\/","name":"Refor\u00e7o milion\u00e1rio, atitude de Van Dijk e declara\u00e7\u00e3o de Alisson: as \u00faltimas not\u00edcias do Liverpool","isPartOf":{"@id":"https:\/\/www.gaveanews.com\/#website"},"primaryImageOfPage":{"@id":"https:\/\/www.gaveanews.com\/index.php\/2024\/12\/18\/reforco-milionario-atitude-de-van-dijk-e-declaracao-de-alisson-as-ultimas-noticias-do-liverpool\/#primaryimage"},"image":{"@id":"https:\/\/www.gaveanews.com\/index.php\/2024\/12\/18\/reforco-milionario-atitude-de-van-dijk-e-declaracao-de-alisson-as-ultimas-noticias-do-liverpool\/#primaryimage"},"thumbnailUrl":"https:\/\/www.gaveanews.com\/wp-content\/uploads\/imagem_2024-01-08_183105907.webp","datePublished":"2024-12-18T10:55:00+00:00","author":{"@id":"https:\/\/www.gaveanews.com\/#\/schema\/person\/8207cd4627f56151707418bfc835b2fb"},"breadcrumb":{"@id":"https:\/\/www.gaveanews.com\/index.php\/2024\/12\/18\/reforco-milionario-atitude-de-van-dijk-e-declaracao-de-alisson-as-ultimas-noticias-do-liverpool\/#breadcrumb"},"inLanguage":"pt-BR","potentialAction":[{"@type":"ReadAction","target":["https:\/\/www.gaveanews.com\/index.php\/2024\/12\/18\/reforco-milionario-atitude-de-van-dijk-e-declaracao-de-alisson-as-ultimas-noticias-do-liverpool\/"]}]},{"@type":"ImageObject","inLanguage":"pt-BR","@id":"https:\/\/www.gaveanews.com\/index.php\/2024\/12\/18\/reforco-milionario-atitude-de-van-dijk-e-declaracao-de-alisson-as-ultimas-noticias-do-liverpool\/#primaryimage","url":"https:\/\/www.gaveanews.com\/wp-content\/uploads\/imagem_2024-01-08_183105907.webp","contentUrl":"https:\/\/www.gaveanews.com\/wp-content\/uploads\/imagem_2024-01-08_183105907.webp","width":800,"height":493,"caption":"Escudo do Liverpool (Foto: Reprodu\u00e7\u00e3o)"},{"@type":"BreadcrumbList","@id":"https:\/\/www.gaveanews.com\/index.php\/2024\/12\/18\/reforco-milionario-atitude-de-van-dijk-e-declaracao-de-alisson-as-ultimas-noticias-do-liverpool\/#breadcrumb","itemListElement":[{"@type":"ListItem","position":1,"name":"Home","item":"https:\/\/www.gaveanews.com\/"},{"@type":"ListItem","position":2,"name":"Refor\u00e7o milion\u00e1rio, atitude de Van Dijk e declara\u00e7\u00e3o de Alisson: as \u00faltimas not\u00edcias do Liverpool"}]},{"@type":"WebSite","@id":"https:\/\/www.gaveanews.com\/#website","url":"https:\/\/www.gaveanews.com\/","name":"G\u00e1vea News","description":"Veja todas as not\u00edcias sobre o Flamengo: Contrata\u00e7\u00f5es, categorias de base, resultados das partidas, tabela de classifica\u00e7\u00e3o, pr\u00f3ximos jogos!","potentialAction":[{"@type":"SearchAction","target":{"@type":"EntryPoint","urlTemplate":"https:\/\/www.gaveanews.com\/?s={search_term_string}"},"query-input":{"@type":"PropertyValueSpecification","valueRequired":true,"valueName":"search_term_string"}}],"inLanguage":"pt-BR"},{"@type":"Person","@id":"https:\/\/www.gaveanews.com\/#\/schema\/person\/8207cd4627f56151707418bfc835b2fb","name":"Matheus Felipe","image":{"@type":"ImageObject","inLanguage":"pt-BR","@id":"https:\/\/www.gaveanews.com\/#\/schema\/person\/image\/","url":"https:\/\/secure.gravatar.com\/avatar\/a452ffbed9130f726358b298bb3a99ce4bd3c5338411f8440e87e14d74c7c087?s=96&d=mm&r=g","contentUrl":"https:\/\/secure.gravatar.com\/avatar\/a452ffbed9130f726358b298bb3a99ce4bd3c5338411f8440e87e14d74c7c087?s=96&d=mm&r=g","caption":"Matheus Felipe"}}]}},"_links":{"self":[{"href":"https:\/\/www.gaveanews.com\/index.php\/wp-json\/wp\/v2\/posts\/200731","targetHints":{"allow":["GET"]}}],"collection":[{"href":"https:\/\/www.gaveanews.com\/index.php\/wp-json\/wp\/v2\/posts"}],"about":[{"href":"https:\/\/www.gaveanews.com\/index.php\/wp-json\/wp\/v2\/types\/post"}],"author":[{"embeddable":true,"href":"https:\/\/www.gaveanews.com\/index.php\/wp-json\/wp\/v2\/users\/27"}],"replies":[{"embeddable":true,"href":"https:\/\/www.gaveanews.com\/index.php\/wp-json\/wp\/v2\/comments?post=200731"}],"version-history":[{"count":1,"href":"https:\/\/www.gaveanews.com\/index.php\/wp-json\/wp\/v2\/posts\/200731\/revisions"}],"predecessor-version":[{"id":200733,"href":"https:\/\/www.gaveanews.com\/index.php\/wp-json\/wp\/v2\/posts\/200731\/revisions\/200733"}],"wp:featuredmedia":[{"embeddable":true,"href":"https:\/\/www.gaveanews.com\/index.php\/wp-json\/wp\/v2\/media\/120206"}],"wp:attachment":[{"href":"https:\/\/www.gaveanews.com\/index.php\/wp-json\/wp\/v2\/media?parent=200731"}],"wp:term":[{"taxonomy":"category","embeddable":true,"href":"https:\/\/www.gaveanews.com\/index.php\/wp-json\/wp\/v2\/categories?post=200731"},{"taxonomy":"post_tag","embeddable":true,"href":"https:\/\/www.gaveanews.com\/index.php\/wp-json\/wp\/v2\/tags?post=200731"}],"curies":[{"name":"wp","href":"https:\/\/api.w.org\/{rel}","templated":true}]}}